{"id":54336,"date":"2017-08-27T15:35:30","date_gmt":"2017-08-27T18:35:30","guid":{"rendered":"https:\/\/www.jornalja.com.br\/?p=54336"},"modified":"2017-08-27T15:35:30","modified_gmt":"2017-08-27T18:35:30","slug":"cobranca-na-segunda-passagem-de-onibus-ja-esta-valendo-em-porto-alegre","status":"publish","type":"post","link":"https:\/\/www.jornalja.com.br\/arquivo\/cobranca-na-segunda-passagem-de-onibus-ja-esta-valendo-em-porto-alegre\/","title":{"rendered":"Cobran\u00e7a na segunda passagem de \u00f4nibus j\u00e1 est\u00e1 valendo em Porto Alegre"},"content":{"rendered":"<p>Entrou em vigor neste domingo, 27\/08, o decreto 19.803, do prefeito Nelson Marchezan J\u00fanior, que institui as novas regras para a segunda passagem nas integra\u00e7\u00f5es com o cart\u00e3o de bilhetagem eletr\u00f4nica TRI\/SIM em Porto Alegre.<br \/>\nDesde \u00e0s 0h, a gratuidade na segunda passagem vale somente para estudantes. Os demais passageiros passam a pagar o valor de R$ 2,02 na segunda viagem, desde que ela aconte\u00e7a em menos de 30 minutos da primeira; com mais do que 30 minutos a viagem custa o pre\u00e7o normal, de R$ 4,05.<br \/>\nSegundo o Executivo municipal, a medida \u00e9 adotada com o objetivo de buscar um menor impacto nos futuros reajustes da passagem de \u00f4nibus. O <a href=\"http:\/\/dopaonlineupload.procempa.com.br\/dopaonlineupload\/2175_ce_197324_1.pdf\">decreto<\/a> entra em vigor em 30 dias ap\u00f3s a sua publica\u00e7\u00e3o.<br \/>\nA EPTC diz que a isen\u00e7\u00e3o que mais pesa na hora do reajuste \u00e9 a segunda passagem gratuita, que representa R$ 0,51 na tarifa, ou seja, 13%. A Empresa P\u00fablica de Transporte e Circula\u00e7\u00e3o (EPTC) estima que, de cada cem usu\u00e1rios, 13 utilizam a segunda passagem gr\u00e1tis.<br \/>\n<span class=\"intertit\">Fim da gratuidade \u00e9 analisado pelo TCE<\/span><br \/>\nNa \u00faltima semana o Minist\u00e9rio P\u00fablico de Contas (MPC) pediu ao Tribunal de Contas do Estado (TCE) que analise o impacto do decreto. Para o procurador-geral do MPC, Geraldo Da Camino, \u00e9 necess\u00e1rio um exame dos impactos concretos da medida no valor final da tarifa do transporte p\u00fablico.<br \/>\nDesde mar\u00e7o passado j\u00e1 existe uma representa\u00e7\u00e3o no tribunal que tamb\u00e9m analisa poss\u00edveis irregularidades na tarifa de \u00f4nibus na cidade. Segundo o TCE, n\u00e3o h\u00e1 prazo para uma decis\u00e3o sobre as representa\u00e7\u00f5es.<br \/>\nO fim da gratuidade na passagem faz parte de <a href=\"https:\/\/www.jornalja.com.br\/transporte-em-colapso-menos-isencoes-mais-aumento\/\">um pacota\u00e7o de mudan\u00e7as propostas por Marchezan. <\/a>Seis projetos chegaram \u00e0 C\u00e2mara Municipal no final de julho, antes mesmo que terminasse o recesso dos vereadores. Eles cortam benef\u00edcios dos usu\u00e1rios e aliviam custos das empresas, como o aumento da vida \u00fatil dos \u00f4nibus e o fim da obrigatoriedade do cobrador.<br \/>\n<span class=\"intertit\">As novas regras para a segunda passagem<\/span><br \/>\nVale-transporte: 50% de isen\u00e7\u00e3o (R$ 2,02)<br \/>\nPasse antecipado: 50% de isen\u00e7\u00e3o (R$ 2,02)<br \/>\nPassagem escolar: 100% de isen\u00e7\u00e3o (Gratuito)<br \/>\nPara a utiliza\u00e7\u00e3o do benef\u00edcio da isen\u00e7\u00e3o tarif\u00e1ria da segunda viagem dever\u00e3o ser observados:<br \/>\n\u2013 Pagamento de tarifa na primeira linha<br \/>\n\u2013 Passagem pela roleta na segunda linha em at\u00e9 30 minutos, contados do desembarque do primeiro \u00f4nibus<br \/>\n\u2013 Integra\u00e7\u00e3o realizada em linha diferente da utilizada na primeira viagem<br \/>\n\u2013 Integra\u00e7\u00e3o visando, unicamente, \u00e0 complementa\u00e7\u00e3o do deslocamento a um destino final \u00fanico<br \/>\n\u2013 Limita\u00e7\u00e3o do uso do beneficio em tr\u00eas integra\u00e7\u00f5es di\u00e1rias. Caso necessite ultrapassar o descrito, poder\u00e1 solicitar altera\u00e7\u00e3o para o seu caso espec\u00edfico, mediante comprova\u00e7\u00e3o e autoriza\u00e7\u00e3o da EPTC<\/p>\n","protected":false},"excerpt":{"rendered":"<p>Entrou em vigor neste domingo, 27\/08, o decreto 19.803, do prefeito Nelson Marchezan J\u00fanior, que institui as novas regras para a segunda passagem nas integra\u00e7\u00f5es com o cart\u00e3o de bilhetagem eletr\u00f4nica TRI\/SIM em Porto Alegre. Desde \u00e0s 0h, a gratuidade na segunda passagem vale somente para estudantes. Os demais passageiros passam a pagar o valor [&hellip;]<\/p>\n","protected":false},"author":4,"featured_media":53311,"comment_status":"open","ping_status":"closed","sticky":false,"template":"","format":"standard","meta":{"_jetpack_newsletter_access":"","_jetpack_dont_email_post_to_subs":false,"_jetpack_newsletter_tier_id":0,"_jetpack_memberships_contains_paywalled_content":false,"_jetpack_feature_clip_id":0,"_jetpack_memberships_contains_paid_content":false,"footnotes":"","jetpack_post_was_ever_published":false},"categories":[26],"tags":[],"class_list":["post-54336","post","type-post","status-publish","format-standard","has-post-thumbnail","hentry","category-geral"],"aioseo_notices":[],"aioseo_head":"\n\t\t<!-- All in One SEO 5.0.1.1 - aioseo.com -->\n\t<meta name=\"robots\" content=\"max-image-preview:large\" \/>\n\t<meta name=\"author\" content=\"da Reda\u00e7\u00e3o\"\/>\n\t<link rel=\"canonical\" href=\"https:\/\/www.jornalja.com.br\/arquivo\/cobranca-na-segunda-passagem-de-onibus-ja-esta-valendo-em-porto-alegre\/\" \/>\n\t<meta name=\"generator\" content=\"All in One SEO (AIOSEO) 5.0.1.1\" \/>\n\t\t<meta property=\"og:locale\" content=\"pt_BR\" \/>\n\t\t<meta property=\"og:site_name\" content=\"Arquivo | Jornal J\u00c1 | Porto Alegre\" \/>\n\t\t<meta property=\"og:type\" content=\"article\" \/>\n\t\t<meta property=\"og:title\" content=\"Cobran\u00e7a na segunda passagem de \u00f4nibus j\u00e1 est\u00e1 valendo em Porto Alegre | Arquivo\" \/>\n\t\t<meta property=\"og:url\" content=\"https:\/\/www.jornalja.com.br\/arquivo\/cobranca-na-segunda-passagem-de-onibus-ja-esta-valendo-em-porto-alegre\/\" \/>\n\t\t<meta property=\"og:image\" content=\"https:\/\/www.jornalja.com.br\/economics\/wp-content\/uploads\/sites\/11\/2026\/08\/ja-folhaderosto-facebook.jpg\" \/>\n\t\t<meta property=\"og:image:secure_url\" content=\"https:\/\/www.jornalja.com.br\/economics\/wp-content\/uploads\/sites\/11\/2026\/08\/ja-folhaderosto-facebook.jpg\" \/>\n\t\t<meta property=\"article:published_time\" content=\"2017-08-27T18:35:30+00:00\" \/>\n\t\t<meta property=\"article:modified_time\" content=\"2017-08-27T18:35:30+00:00\" \/>\n\t\t<meta name=\"twitter:card\" content=\"summary\" \/>\n\t\t<meta name=\"twitter:title\" content=\"Cobran\u00e7a na segunda passagem de \u00f4nibus j\u00e1 est\u00e1 valendo em Porto Alegre | Arquivo\" \/>\n\t\t<meta name=\"twitter:image\" content=\"https:\/\/www.jornalja.com.br\/economics\/wp-content\/uploads\/sites\/11\/2026\/08\/ja-folhaderosto-facebook.jpg\" \/>\n\t\t<script type=\"application\/ld+json\" class=\"aioseo-schema\">\n\t\t\t{\"@context\":\"https:\\\/\\\/schema.org\",\"@graph\":[{\"@type\":\"BlogPosting\",\"@id\":\"https:\\\/\\\/www.jornalja.com.br\\\/arquivo\\\/cobranca-na-segunda-passagem-de-onibus-ja-esta-valendo-em-porto-alegre\\\/#blogposting\",\"name\":\"Cobran\\u00e7a na segunda passagem de \\u00f4nibus j\\u00e1 est\\u00e1 valendo em Porto Alegre | Arquivo\",\"headline\":\"Cobran\\u00e7a na segunda passagem de \\u00f4nibus j\\u00e1 est\\u00e1 valendo em Porto Alegre\",\"author\":{\"@id\":\"https:\\\/\\\/www.jornalja.com.br\\\/arquivo\\\/author\\\/daredacao\\\/#author\"},\"publisher\":{\"@id\":\"https:\\\/\\\/www.jornalja.com.br\\\/arquivo\\\/#organization\"},\"image\":{\"@type\":\"ImageObject\",\"url\":53311},\"datePublished\":\"2017-08-27T15:35:30-03:00\",\"dateModified\":\"2017-08-27T15:35:30-03:00\",\"inLanguage\":\"pt-BR\",\"commentCount\":1,\"mainEntityOfPage\":{\"@id\":\"https:\\\/\\\/www.jornalja.com.br\\\/arquivo\\\/cobranca-na-segunda-passagem-de-onibus-ja-esta-valendo-em-porto-alegre\\\/#webpage\"},\"isPartOf\":{\"@id\":\"https:\\\/\\\/www.jornalja.com.br\\\/arquivo\\\/cobranca-na-segunda-passagem-de-onibus-ja-esta-valendo-em-porto-alegre\\\/#webpage\"},\"articleSection\":\"Geral\"},{\"@type\":\"BreadcrumbList\",\"@id\":\"https:\\\/\\\/www.jornalja.com.br\\\/arquivo\\\/cobranca-na-segunda-passagem-de-onibus-ja-esta-valendo-em-porto-alegre\\\/#breadcrumblist\",\"itemListElement\":[{\"@type\":\"ListItem\",\"@id\":\"https:\\\/\\\/www.jornalja.com.br\\\/arquivo#listItem\",\"position\":1,\"name\":\"Home\",\"item\":\"https:\\\/\\\/www.jornalja.com.br\\\/arquivo\",\"nextItem\":{\"@type\":\"ListItem\",\"@id\":\"https:\\\/\\\/www.jornalja.com.br\\\/arquivo\\\/category\\\/geral\\\/#listItem\",\"name\":\"Geral\"}},{\"@type\":\"ListItem\",\"@id\":\"https:\\\/\\\/www.jornalja.com.br\\\/arquivo\\\/category\\\/geral\\\/#listItem\",\"position\":2,\"name\":\"Geral\",\"item\":\"https:\\\/\\\/www.jornalja.com.br\\\/arquivo\\\/category\\\/geral\\\/\",\"nextItem\":{\"@type\":\"ListItem\",\"@id\":\"https:\\\/\\\/www.jornalja.com.br\\\/arquivo\\\/cobranca-na-segunda-passagem-de-onibus-ja-esta-valendo-em-porto-alegre\\\/#listItem\",\"name\":\"Cobran\\u00e7a na segunda passagem de \\u00f4nibus j\\u00e1 est\\u00e1 valendo em Porto Alegre\"},\"previousItem\":{\"@type\":\"ListItem\",\"@id\":\"https:\\\/\\\/www.jornalja.com.br\\\/arquivo#listItem\",\"name\":\"Home\"}},{\"@type\":\"ListItem\",\"@id\":\"https:\\\/\\\/www.jornalja.com.br\\\/arquivo\\\/cobranca-na-segunda-passagem-de-onibus-ja-esta-valendo-em-porto-alegre\\\/#listItem\",\"position\":3,\"name\":\"Cobran\\u00e7a na segunda passagem de \\u00f4nibus j\\u00e1 est\\u00e1 valendo em Porto Alegre\",\"previousItem\":{\"@type\":\"ListItem\",\"@id\":\"https:\\\/\\\/www.jornalja.com.br\\\/arquivo\\\/category\\\/geral\\\/#listItem\",\"name\":\"Geral\"}}]},{\"@type\":\"Organization\",\"@id\":\"https:\\\/\\\/www.jornalja.com.br\\\/arquivo\\\/#organization\",\"name\":\"Jornal J\\u00c1\",\"description\":\"Jornal J\\u00c1 | Porto Alegre\",\"url\":\"https:\\\/\\\/www.jornalja.com.br\\\/arquivo\\\/\",\"telephone\":\"+555133307272\",\"logo\":{\"@type\":\"ImageObject\",\"url\":\"https:\\\/\\\/www.jornalja.com.br\\\/wp-content\\\/uploads\\\/cards\\\/JAslogan.png\",\"@id\":\"https:\\\/\\\/www.jornalja.com.br\\\/arquivo\\\/cobranca-na-segunda-passagem-de-onibus-ja-esta-valendo-em-porto-alegre\\\/#organizationLogo\"},\"image\":{\"@id\":\"https:\\\/\\\/www.jornalja.com.br\\\/arquivo\\\/cobranca-na-segunda-passagem-de-onibus-ja-esta-valendo-em-porto-alegre\\\/#organizationLogo\"}},{\"@type\":\"Person\",\"@id\":\"https:\\\/\\\/www.jornalja.com.br\\\/arquivo\\\/author\\\/daredacao\\\/#author\",\"url\":\"https:\\\/\\\/www.jornalja.com.br\\\/arquivo\\\/author\\\/daredacao\\\/\",\"name\":\"da Reda\\u00e7\\u00e3o\",\"image\":{\"@type\":\"ImageObject\",\"@id\":\"https:\\\/\\\/www.jornalja.com.br\\\/arquivo\\\/cobranca-na-segunda-passagem-de-onibus-ja-esta-valendo-em-porto-alegre\\\/#authorImage\",\"url\":\"https:\\\/\\\/secure.gravatar.com\\\/avatar\\\/469fd857d6605ad19919d27ed29d35a968a25f6e8fd9318356bbb7f57aae9c65?s=96&d=mm&r=g\",\"width\":96,\"height\":96,\"caption\":\"da Reda\\u00e7\\u00e3o\"}},{\"@type\":\"WebPage\",\"@id\":\"https:\\\/\\\/www.jornalja.com.br\\\/arquivo\\\/cobranca-na-segunda-passagem-de-onibus-ja-esta-valendo-em-porto-alegre\\\/#webpage\",\"url\":\"https:\\\/\\\/www.jornalja.com.br\\\/arquivo\\\/cobranca-na-segunda-passagem-de-onibus-ja-esta-valendo-em-porto-alegre\\\/\",\"name\":\"Cobran\\u00e7a na segunda passagem de \\u00f4nibus j\\u00e1 est\\u00e1 valendo em Porto Alegre | Arquivo\",\"inLanguage\":\"pt-BR\",\"isPartOf\":{\"@id\":\"https:\\\/\\\/www.jornalja.com.br\\\/arquivo\\\/#website\"},\"breadcrumb\":{\"@id\":\"https:\\\/\\\/www.jornalja.com.br\\\/arquivo\\\/cobranca-na-segunda-passagem-de-onibus-ja-esta-valendo-em-porto-alegre\\\/#breadcrumblist\"},\"author\":{\"@id\":\"https:\\\/\\\/www.jornalja.com.br\\\/arquivo\\\/author\\\/daredacao\\\/#author\"},\"creator\":{\"@id\":\"https:\\\/\\\/www.jornalja.com.br\\\/arquivo\\\/author\\\/daredacao\\\/#author\"},\"image\":{\"@type\":\"ImageObject\",\"url\":53311,\"@id\":\"https:\\\/\\\/www.jornalja.com.br\\\/arquivo\\\/cobranca-na-segunda-passagem-de-onibus-ja-esta-valendo-em-porto-alegre\\\/#mainImage\"},\"primaryImageOfPage\":{\"@id\":\"https:\\\/\\\/www.jornalja.com.br\\\/arquivo\\\/cobranca-na-segunda-passagem-de-onibus-ja-esta-valendo-em-porto-alegre\\\/#mainImage\"},\"datePublished\":\"2017-08-27T15:35:30-03:00\",\"dateModified\":\"2017-08-27T15:35:30-03:00\"},{\"@type\":\"WebSite\",\"@id\":\"https:\\\/\\\/www.jornalja.com.br\\\/arquivo\\\/#website\",\"url\":\"https:\\\/\\\/www.jornalja.com.br\\\/arquivo\\\/\",\"name\":\"Arquivo\",\"description\":\"Jornal J\\u00c1 | Porto Alegre\",\"inLanguage\":\"pt-BR\",\"publisher\":{\"@id\":\"https:\\\/\\\/www.jornalja.com.br\\\/arquivo\\\/#organization\"}}]}\n\t\t<\/script>\n\t\t<!-- All in One SEO -->\n\n","aioseo_head_json":{"title":"Cobran\u00e7a na segunda passagem de \u00f4nibus j\u00e1 est\u00e1 valendo em Porto Alegre | Arquivo","description":"","canonical_url":"https:\/\/www.jornalja.com.br\/arquivo\/cobranca-na-segunda-passagem-de-onibus-ja-esta-valendo-em-porto-alegre\/","robots":"max-image-preview:large","keywords":"","webmasterTools":{"miscellaneous":""},"schema":{"@context":"https:\/\/schema.org","@graph":[{"@type":"BlogPosting","@id":"https:\/\/www.jornalja.com.br\/arquivo\/cobranca-na-segunda-passagem-de-onibus-ja-esta-valendo-em-porto-alegre\/#blogposting","name":"Cobran\u00e7a na segunda passagem de \u00f4nibus j\u00e1 est\u00e1 valendo em Porto Alegre | Arquivo","headline":"Cobran\u00e7a na segunda passagem de \u00f4nibus j\u00e1 est\u00e1 valendo em Porto Alegre","author":{"@id":"https:\/\/www.jornalja.com.br\/arquivo\/author\/daredacao\/#author"},"publisher":{"@id":"https:\/\/www.jornalja.com.br\/arquivo\/#organization"},"image":{"@type":"ImageObject","url":53311},"datePublished":"2017-08-27T15:35:30-03:00","dateModified":"2017-08-27T15:35:30-03:00","inLanguage":"pt-BR","commentCount":1,"mainEntityOfPage":{"@id":"https:\/\/www.jornalja.com.br\/arquivo\/cobranca-na-segunda-passagem-de-onibus-ja-esta-valendo-em-porto-alegre\/#webpage"},"isPartOf":{"@id":"https:\/\/www.jornalja.com.br\/arquivo\/cobranca-na-segunda-passagem-de-onibus-ja-esta-valendo-em-porto-alegre\/#webpage"},"articleSection":"Geral"},{"@type":"BreadcrumbList","@id":"https:\/\/www.jornalja.com.br\/arquivo\/cobranca-na-segunda-passagem-de-onibus-ja-esta-valendo-em-porto-alegre\/#breadcrumblist","itemListElement":[{"@type":"ListItem","@id":"https:\/\/www.jornalja.com.br\/arquivo#listItem","position":1,"name":"Home","item":"https:\/\/www.jornalja.com.br\/arquivo","nextItem":{"@type":"ListItem","@id":"https:\/\/www.jornalja.com.br\/arquivo\/category\/geral\/#listItem","name":"Geral"}},{"@type":"ListItem","@id":"https:\/\/www.jornalja.com.br\/arquivo\/category\/geral\/#listItem","position":2,"name":"Geral","item":"https:\/\/www.jornalja.com.br\/arquivo\/category\/geral\/","nextItem":{"@type":"ListItem","@id":"https:\/\/www.jornalja.com.br\/arquivo\/cobranca-na-segunda-passagem-de-onibus-ja-esta-valendo-em-porto-alegre\/#listItem","name":"Cobran\u00e7a na segunda passagem de \u00f4nibus j\u00e1 est\u00e1 valendo em Porto Alegre"},"previousItem":{"@type":"ListItem","@id":"https:\/\/www.jornalja.com.br\/arquivo#listItem","name":"Home"}},{"@type":"ListItem","@id":"https:\/\/www.jornalja.com.br\/arquivo\/cobranca-na-segunda-passagem-de-onibus-ja-esta-valendo-em-porto-alegre\/#listItem","position":3,"name":"Cobran\u00e7a na segunda passagem de \u00f4nibus j\u00e1 est\u00e1 valendo em Porto Alegre","previousItem":{"@type":"ListItem","@id":"https:\/\/www.jornalja.com.br\/arquivo\/category\/geral\/#listItem","name":"Geral"}}]},{"@type":"Organization","@id":"https:\/\/www.jornalja.com.br\/arquivo\/#organization","name":"Jornal J\u00c1","description":"Jornal J\u00c1 | Porto Alegre","url":"https:\/\/www.jornalja.com.br\/arquivo\/","telephone":"+555133307272","logo":{"@type":"ImageObject","url":"https:\/\/www.jornalja.com.br\/wp-content\/uploads\/cards\/JAslogan.png","@id":"https:\/\/www.jornalja.com.br\/arquivo\/cobranca-na-segunda-passagem-de-onibus-ja-esta-valendo-em-porto-alegre\/#organizationLogo"},"image":{"@id":"https:\/\/www.jornalja.com.br\/arquivo\/cobranca-na-segunda-passagem-de-onibus-ja-esta-valendo-em-porto-alegre\/#organizationLogo"}},{"@type":"Person","@id":"https:\/\/www.jornalja.com.br\/arquivo\/author\/daredacao\/#author","url":"https:\/\/www.jornalja.com.br\/arquivo\/author\/daredacao\/","name":"da Reda\u00e7\u00e3o","image":{"@type":"ImageObject","@id":"https:\/\/www.jornalja.com.br\/arquivo\/cobranca-na-segunda-passagem-de-onibus-ja-esta-valendo-em-porto-alegre\/#authorImage","url":"https:\/\/secure.gravatar.com\/avatar\/469fd857d6605ad19919d27ed29d35a968a25f6e8fd9318356bbb7f57aae9c65?s=96&d=mm&r=g","width":96,"height":96,"caption":"da Reda\u00e7\u00e3o"}},{"@type":"WebPage","@id":"https:\/\/www.jornalja.com.br\/arquivo\/cobranca-na-segunda-passagem-de-onibus-ja-esta-valendo-em-porto-alegre\/#webpage","url":"https:\/\/www.jornalja.com.br\/arquivo\/cobranca-na-segunda-passagem-de-onibus-ja-esta-valendo-em-porto-alegre\/","name":"Cobran\u00e7a na segunda passagem de \u00f4nibus j\u00e1 est\u00e1 valendo em Porto Alegre | Arquivo","inLanguage":"pt-BR","isPartOf":{"@id":"https:\/\/www.jornalja.com.br\/arquivo\/#website"},"breadcrumb":{"@id":"https:\/\/www.jornalja.com.br\/arquivo\/cobranca-na-segunda-passagem-de-onibus-ja-esta-valendo-em-porto-alegre\/#breadcrumblist"},"author":{"@id":"https:\/\/www.jornalja.com.br\/arquivo\/author\/daredacao\/#author"},"creator":{"@id":"https:\/\/www.jornalja.com.br\/arquivo\/author\/daredacao\/#author"},"image":{"@type":"ImageObject","url":53311,"@id":"https:\/\/www.jornalja.com.br\/arquivo\/cobranca-na-segunda-passagem-de-onibus-ja-esta-valendo-em-porto-alegre\/#mainImage"},"primaryImageOfPage":{"@id":"https:\/\/www.jornalja.com.br\/arquivo\/cobranca-na-segunda-passagem-de-onibus-ja-esta-valendo-em-porto-alegre\/#mainImage"},"datePublished":"2017-08-27T15:35:30-03:00","dateModified":"2017-08-27T15:35:30-03:00"},{"@type":"WebSite","@id":"https:\/\/www.jornalja.com.br\/arquivo\/#website","url":"https:\/\/www.jornalja.com.br\/arquivo\/","name":"Arquivo","description":"Jornal J\u00c1 | Porto Alegre","inLanguage":"pt-BR","publisher":{"@id":"https:\/\/www.jornalja.com.br\/arquivo\/#organization"}}]},"og:locale":"pt_BR","og:site_name":"Arquivo | Jornal J\u00c1 | Porto Alegre","og:type":"article","og:title":"Cobran\u00e7a na segunda passagem de \u00f4nibus j\u00e1 est\u00e1 valendo em Porto Alegre | Arquivo","og:url":"https:\/\/www.jornalja.com.br\/arquivo\/cobranca-na-segunda-passagem-de-onibus-ja-esta-valendo-em-porto-alegre\/","og:image":"https:\/\/www.jornalja.com.br\/economics\/wp-content\/uploads\/sites\/11\/2026\/08\/ja-folhaderosto-facebook.jpg","og:image:secure_url":"https:\/\/www.jornalja.com.br\/economics\/wp-content\/uploads\/sites\/11\/2026\/08\/ja-folhaderosto-facebook.jpg","article:published_time":"2017-08-27T18:35:30+00:00","article:modified_time":"2017-08-27T18:35:30+00:00","twitter:card":"summary","twitter:title":"Cobran\u00e7a na segunda passagem de \u00f4nibus j\u00e1 est\u00e1 valendo em Porto Alegre | Arquivo","twitter:image":"https:\/\/www.jornalja.com.br\/economics\/wp-content\/uploads\/sites\/11\/2026\/08\/ja-folhaderosto-facebook.jpg"},"aioseo_meta_data":{"post_id":"54336","title":null,"description":null,"keywords":null,"keyphrases":null,"primary_term":null,"canonical_url":null,"og_title":null,"og_description":null,"og_object_type":"default","og_image_type":"default","og_image_url":null,"og_image_width":null,"og_image_height":null,"og_image_custom_url":null,"og_image_custom_fields":null,"og_video":null,"og_custom_url":null,"og_article_section":null,"og_article_tags":null,"twitter_use_og":false,"twitter_card":"default","twitter_image_type":"default","twitter_image_url":null,"twitter_image_custom_url":null,"twitter_image_custom_fields":null,"twitter_title":null,"twitter_description":null,"schema":{"blockGraphs":[],"customGraphs":[],"default":{"data":{"Article":[],"Course":[],"Dataset":[],"FAQPage":[],"Movie":[],"Person":[],"Product":[],"ProductReview":[],"Car":[],"Recipe":[],"Service":[],"SoftwareApplication":[],"WebPage":[]},"graphName":"","isEnabled":true},"graphs":[],"defaultGraph":"","defaultPostTypeGraph":""},"schema_type":null,"schema_type_options":null,"pillar_content":false,"robots_default":true,"robots_noindex":false,"robots_noarchive":false,"robots_nosnippet":false,"robots_nofollow":false,"robots_noimageindex":false,"robots_noodp":false,"robots_notranslate":false,"robots_max_snippet":null,"robots_max_videopreview":null,"robots_max_imagepreview":"large","priority":null,"frequency":null,"location":null,"local_seo":null,"breadcrumb_settings":null,"limit_modified_date":false,"ai":null,"created":"2020-12-20 20:26:02","updated":"2025-07-20 00:38:24","seo_analyzer_scan_date":null,"focus_keyword":null,"additional_keywords":null,"truseo_locale":null},"jetpack_sharing_enabled":true,"jetpack-related-posts":[{"id":13124,"url":"https:\/\/www.jornalja.com.br\/arquivo\/sangue-latino-no-iecine\/","url_meta":{"origin":54336,"position":0},"title":"Sangue latino no IECINE","author":"da Reda\u00e7\u00e3o","date":"18 de maio de 2014","format":false,"excerpt":"Francisco Ribeiro O Instituto Estadual de Cinema (IECINE) tem a frente, desde abril \u00faltimo, um novo diretor, o cineasta colombiano Juan Zapata, 36, que substitui Luiz Alberto Cassol. Radicado h\u00e1 dez anos em Porto Alegre, Zapata tem diante de si o desafio de conduzir at\u00e9 o final do ano um\u2026","rel":"","context":"Em &quot;Cultura-Geral&quot;","block_context":{"text":"Cultura-Geral","link":"https:\/\/www.jornalja.com.br\/arquivo\/category\/materiasecundaria\/"},"img":{"alt_text":"","src":"","width":0,"height":0},"classes":[]},{"id":13240,"url":"https:\/\/www.jornalja.com.br\/arquivo\/plano-diretor-estamos-construindo-o-caos\/","url_meta":{"origin":54336,"position":1},"title":"Plano diretor: &quot;Estamos construindo o caos&quot;","author":"Patr\u00edcia Marini","date":"26 de maio de 2014","format":false,"excerpt":"Desabafo que arquiteta Eliana Castilhos, delegada da Regi\u00e3o de Planejamento 1, postou nas redes sociais \u00e9 um testemunho do ambiente que se criou no Conselho do Plano Diretor de Porto Alegre, onde a aprova\u00e7\u00e3o de grandes empreendimentos \u00e9 empurrada guela abaixo dos conselheiros. Ao CMDUA Como delegada da Regi\u00e3o de\u2026","rel":"","context":"Em &quot;Geral&quot;","block_context":{"text":"Geral","link":"https:\/\/www.jornalja.com.br\/arquivo\/category\/geral\/"},"img":{"alt_text":"","src":"","width":0,"height":0},"classes":[]},{"id":12960,"url":"https:\/\/www.jornalja.com.br\/arquivo\/populacao-culpa-empresas-pela-greve-dos-rodoviarios\/","url_meta":{"origin":54336,"position":2},"title":"Popula\u00e7\u00e3o culpa empresas pela greve","author":"Patr\u00edcia Marini","date":"14 de fevereiro de 2014","format":false,"excerpt":"Pesquisa divulgada na edi\u00e7\u00e3o do jornal Metro desta sexta-feira,14, comprova o velho ditado: \u00e9 poss\u00edvel enganar muitos por algum tempo, mas n\u00e3o \u00e9 poss\u00edvel enganar a todos o tempo inteiro. A principal revela\u00e7\u00e3o foi que 59,8% dos entrevistados apontaram as empresas como as principais respons\u00e1veis pela grave e 46% culparam\u2026","rel":"","context":"Em &quot;X.Categorias velhas&quot;","block_context":{"text":"X.Categorias velhas","link":"https:\/\/www.jornalja.com.br\/arquivo\/category\/x-categorias-velhas\/"},"img":{"alt_text":"","src":"","width":0,"height":0},"classes":[]},{"id":1280,"url":"https:\/\/www.jornalja.com.br\/arquivo\/o-menino-que-se-tornou-brizola\/","url_meta":{"origin":54336,"position":3},"title":"O Menino que se Tornou Brizola","author":"da Reda\u00e7\u00e3o","date":"28 de julho de 2008","format":false,"excerpt":"Autor: Cleber Dioni A vida de Leonel Brizola, com \u00eanfase para os primeiros anos em Porto Alegre, at\u00e9 o ex\u00edlio no Uruguai e a volta, quinze anos depois. \u00a0\"...\u00c9ramos todos jovens e nos identific\u00e1vamos com aquela massa an\u00f4nima a percorrer as ruas de Porto Alegre, gritando 'Get\u00falio', 'Get\u00falio' e empunhando\u2026","rel":"","context":"Em &quot;Livros&quot;","block_context":{"text":"Livros","link":"https:\/\/www.jornalja.com.br\/arquivo\/category\/livros\/"},"img":{"alt_text":"","src":"https:\/\/i0.wp.com\/www.jornalja.com.br\/wp-content\/uploads\/2008\/07\/brizola.gif?resize=350%2C200&ssl=1","width":350,"height":200},"classes":[]},{"id":5440,"url":"https:\/\/www.jornalja.com.br\/arquivo\/casarao-da-venancio-destino-permanece-incerto\/","url_meta":{"origin":54336,"position":4},"title":"Estado ainda n\u00e3o sabe o que fazer com casar\u00e3o abandonado h\u00e1 20 anos","author":"Elmar Bones","date":"6 de julho de 2009","format":false,"excerpt":"O casar\u00e3o amarelo, numa esquina nobre de Porto Alegre (Ven\u00e2ncio Aires com Jo\u00e3o Pessoa), j\u00e1 abrigou uma escola. H\u00e1 duas d\u00e9cadas, pelo menos, est\u00e1 abandonado, porque seu propriet\u00e1rio, o governo do Estado do Rio Grande do Sul, n\u00e3o consegue achar um destino para ele. Planos n\u00e3o faltaram. O governador Ol\u00edvio\u2026","rel":"","context":"Em &quot;X.Categorias velhas&quot;","block_context":{"text":"X.Categorias velhas","link":"https:\/\/www.jornalja.com.br\/arquivo\/category\/x-categorias-velhas\/"},"img":{"alt_text":"geraldo1","src":"https:\/\/i0.wp.com\/www.jornalja.com.br\/wp-content\/uploads\/2009\/07\/geraldo1.jpg?resize=350%2C200&ssl=1","width":350,"height":200},"classes":[]},{"id":14241,"url":"https:\/\/www.jornalja.com.br\/arquivo\/o-guaiba-nas-imagens-poeticas-de-achutti\/","url_meta":{"origin":54336,"position":5},"title":"O Gua\u00edba nas imagens po\u00e9ticas de Achutti","author":"da Reda\u00e7\u00e3o","date":"18 de junho de 2014","format":false,"excerpt":"Em \u201cO Gua\u00edba por Achutti\u201d \u2013 obra financiada via Minist\u00e9rio da Cultura, produ\u00e7\u00e3o executiva de Pedro Longhi, e Fl\u00e1vio Wild como designer \u2013, o fot\u00f3grafo revela a beleza e as mazelas de um espa\u00e7o aqu\u00e1tico de \u00e1guas sempre renovadas, cheio de hist\u00f3rias e lendas como as das cidades que foram\u2026","rel":"","context":"Em &quot;Cultura-Geral&quot;","block_context":{"text":"Cultura-Geral","link":"https:\/\/www.jornalja.com.br\/arquivo\/category\/materiasecundaria\/"},"img":{"alt_text":"","src":"","width":0,"height":0},"classes":[]}],"jetpack_shortlink":"https:\/\/wp.me\/pbQjBd-e8o","jetpack_featured_media_url":"","_links":{"self":[{"href":"https:\/\/www.jornalja.com.br\/arquivo\/wp-json\/wp\/v2\/posts\/54336","targetHints":{"allow":["GET"]}}],"collection":[{"href":"https:\/\/www.jornalja.com.br\/arquivo\/wp-json\/wp\/v2\/posts"}],"about":[{"href":"https:\/\/www.jornalja.com.br\/arquivo\/wp-json\/wp\/v2\/types\/post"}],"author":[{"embeddable":true,"href":"https:\/\/www.jornalja.com.br\/arquivo\/wp-json\/wp\/v2\/users\/4"}],"replies":[{"embeddable":true,"href":"https:\/\/www.jornalja.com.br\/arquivo\/wp-json\/wp\/v2\/comments?post=54336"}],"version-history":[{"count":0,"href":"https:\/\/www.jornalja.com.br\/arquivo\/wp-json\/wp\/v2\/posts\/54336\/revisions"}],"wp:attachment":[{"href":"https:\/\/www.jornalja.com.br\/arquivo\/wp-json\/wp\/v2\/media?parent=54336"}],"wp:term":[{"taxonomy":"category","embeddable":true,"href":"https:\/\/www.jornalja.com.br\/arquivo\/wp-json\/wp\/v2\/categories?post=54336"},{"taxonomy":"post_tag","embeddable":true,"href":"https:\/\/www.jornalja.com.br\/arquivo\/wp-json\/wp\/v2\/tags?post=54336"}],"curies":[{"name":"wp","href":"https:\/\/api.w.org\/{rel}","templated":true}]}}