{"id":54349,"date":"2017-08-27T18:26:44","date_gmt":"2017-08-27T21:26:44","guid":{"rendered":"https:\/\/www.jornalja.com.br\/?p=54349"},"modified":"2017-08-27T18:26:44","modified_gmt":"2017-08-27T21:26:44","slug":"vinicius-brum-une-a-obra-de-barbosa-lessa-e-a-musica-regionalista-na-universidade-aberta","status":"publish","type":"post","link":"https:\/\/www.jornalja.com.br\/arquivo\/vinicius-brum-une-a-obra-de-barbosa-lessa-e-a-musica-regionalista-na-universidade-aberta\/","title":{"rendered":"Vin\u00edcius Brum une a obra de Barbosa Lessa e a m\u00fasica regionalista na Universidade Aberta"},"content":{"rendered":"<p><span lang=\"pt-BR\">A uni\u00e3o de literatura, as can\u00e7\u00f5es regionais e a m\u00fasica tradicionalista \u00e9 a inspira\u00e7\u00e3o para a pr\u00f3xima temporada de aulas da Universidade Aberta de Porto Alegre (UnA), com in\u00edcio na segunda-feira (28\/<\/span><span lang=\"pt-BR\">08<\/span><span lang=\"pt-BR\">). Acostumado com os palcos, o cantor e compositor Vin\u00edcius Brum \u00e9 que<\/span><span lang=\"pt-BR\">m<\/span><span lang=\"pt-BR\"> vai ministrar o pr\u00f3ximo ciclo de atividades.<\/span><br \/>\n<span lang=\"pt-BR\">Vencedor de diversos festivais nativistas ao longo dos \u00faltimos anos, acumulando tr\u00eas Calif\u00f3rnias da Can\u00e7\u00e3o, entre outros pr\u00eamios, Brum apresentar\u00e1 parte do seu trabalho de doutorado, com alguma intera\u00e7\u00e3o musical ao longo das aulas. As palestras ser\u00e3o realizadas na Sala \u00c1lvaro Moreyra (Centro Municipal de Cultura, Av. Erico Ver\u00edssimo, 307).<\/span><br \/>\n\u201c<span lang=\"pt-BR\">O meu questionamento \u00e9 sobre a can\u00e7\u00e3o regional, com uma abordagem ilustrada e a partir da obra de Barbosa Lessa, desde o final dos anos 40 at\u00e9 os anos 80. Incluindo no estudo o Conjunto Farroupilha e Os Gaud\u00e9rios, entre outros\u201d, explica Brum, que analisa a constru\u00e7\u00e3o do movimento nativista atrav\u00e9s da can\u00e7\u00e3o popular.<\/span><br \/>\n<span lang=\"pt-BR\">Tema do trabalho de doutorado em Literatu<\/span><span lang=\"pt-BR\">ra <\/span><span lang=\"pt-BR\">do compositor, o estudo que ser\u00e1 apresentado ao p\u00fablico contesta as defini\u00e7\u00f5es de que a m\u00fasica regionalista possa ser classificada como tradicionalista, j\u00e1 que teria origem recente e, portanto, n\u00e3o seria tradicional.<\/span><br \/>\n\u201c<span lang=\"pt-BR\">A m\u00fasica regionalista \u00e9 algo razoavelmente moderna, surgida em meados do s\u00e9culo passado, a partir dos anos 50\u201d, pondera Brum, que vai trazer ao publico os elementos que defende em sua pesquisa.<\/span><br \/>\n<span class=\"culturadestaque\"><span lang=\"pt-BR\">S<\/span><span lang=\"pt-BR\">ervi\u00e7o<\/span><\/span><br \/>\nA Can\u00e7\u00e3o Regional Ga\u00facha<br \/>\nDe Barbosa Lessa \u00e0 Calif\u00f3rnia da Can\u00e7\u00e3o Nativa<br \/>\nPalestrante: Vin\u00edcius Brum<br \/>\nQuando: dias 28\/08, 04\/09 e 11\/09, das 18h30min \u00e0s 20h<br \/>\nValor: R$ 40 a R$ 20 (meia entrada e funcion\u00e1rios do munic\u00edpio)<br \/>\nInforma\u00e7\u00f5es: (51) 3289-8050 e 8051<\/p>\n","protected":false},"excerpt":{"rendered":"<p>A uni\u00e3o de literatura, as can\u00e7\u00f5es regionais e a m\u00fasica tradicionalista \u00e9 a inspira\u00e7\u00e3o para a pr\u00f3xima temporada de aulas da Universidade Aberta de Porto Alegre (UnA), com in\u00edcio na segunda-feira (28\/08). Acostumado com os palcos, o cantor e compositor Vin\u00edcius Brum \u00e9 quem vai ministrar o pr\u00f3ximo ciclo de atividades. Vencedor de diversos festivais [&hellip;]<\/p>\n","protected":false},"author":4,"featured_media":0,"comment_status":"open","ping_status":"closed","sticky":false,"template":"","format":"standard","meta":{"_jetpack_newsletter_access":"","_jetpack_dont_email_post_to_subs":false,"_jetpack_newsletter_tier_id":0,"_jetpack_memberships_contains_paywalled_content":false,"_jetpack_feature_clip_id":0,"_jetpack_memberships_contains_paid_content":false,"footnotes":"","jetpack_post_was_ever_published":false},"categories":[2017],"tags":[],"class_list":["post-54349","post","type-post","status-publish","format-standard","hentry","category-culturanotas"],"aioseo_notices":[],"aioseo_head":"\n\t\t<!-- All in One SEO 5.0.1.1 - aioseo.com -->\n\t<meta name=\"robots\" content=\"max-image-preview:large\" \/>\n\t<meta name=\"author\" content=\"da Reda\u00e7\u00e3o\"\/>\n\t<link rel=\"canonical\" href=\"https:\/\/www.jornalja.com.br\/arquivo\/vinicius-brum-une-a-obra-de-barbosa-lessa-e-a-musica-regionalista-na-universidade-aberta\/\" \/>\n\t<meta name=\"generator\" content=\"All in One SEO (AIOSEO) 5.0.1.1\" \/>\n\t\t<meta property=\"og:locale\" content=\"pt_BR\" \/>\n\t\t<meta property=\"og:site_name\" content=\"Arquivo | Jornal J\u00c1 | Porto Alegre\" \/>\n\t\t<meta property=\"og:type\" content=\"article\" \/>\n\t\t<meta property=\"og:title\" content=\"Vin\u00edcius Brum une a obra de Barbosa Lessa e a m\u00fasica regionalista na Universidade Aberta | Arquivo\" \/>\n\t\t<meta property=\"og:url\" content=\"https:\/\/www.jornalja.com.br\/arquivo\/vinicius-brum-une-a-obra-de-barbosa-lessa-e-a-musica-regionalista-na-universidade-aberta\/\" \/>\n\t\t<meta property=\"og:image\" content=\"https:\/\/www.jornalja.com.br\/economics\/wp-content\/uploads\/sites\/11\/2026\/08\/ja-folhaderosto-facebook.jpg\" \/>\n\t\t<meta property=\"og:image:secure_url\" content=\"https:\/\/www.jornalja.com.br\/economics\/wp-content\/uploads\/sites\/11\/2026\/08\/ja-folhaderosto-facebook.jpg\" \/>\n\t\t<meta property=\"article:published_time\" content=\"2017-08-27T21:26:44+00:00\" \/>\n\t\t<meta property=\"article:modified_time\" content=\"2017-08-27T21:26:44+00:00\" \/>\n\t\t<meta name=\"twitter:card\" content=\"summary\" \/>\n\t\t<meta name=\"twitter:title\" content=\"Vin\u00edcius Brum une a obra de Barbosa Lessa e a m\u00fasica regionalista na Universidade Aberta | Arquivo\" \/>\n\t\t<meta name=\"twitter:image\" content=\"https:\/\/www.jornalja.com.br\/economics\/wp-content\/uploads\/sites\/11\/2026\/08\/ja-folhaderosto-facebook.jpg\" \/>\n\t\t<script type=\"application\/ld+json\" class=\"aioseo-schema\">\n\t\t\t{\"@context\":\"https:\\\/\\\/schema.org\",\"@graph\":[{\"@type\":\"BlogPosting\",\"@id\":\"https:\\\/\\\/www.jornalja.com.br\\\/arquivo\\\/vinicius-brum-une-a-obra-de-barbosa-lessa-e-a-musica-regionalista-na-universidade-aberta\\\/#blogposting\",\"name\":\"Vin\\u00edcius Brum une a obra de Barbosa Lessa e a m\\u00fasica regionalista na Universidade Aberta | Arquivo\",\"headline\":\"Vin\\u00edcius Brum une a obra de Barbosa Lessa e a m\\u00fasica regionalista na Universidade Aberta\",\"author\":{\"@id\":\"https:\\\/\\\/www.jornalja.com.br\\\/arquivo\\\/author\\\/daredacao\\\/#author\"},\"publisher\":{\"@id\":\"https:\\\/\\\/www.jornalja.com.br\\\/arquivo\\\/#organization\"},\"image\":{\"@type\":\"ImageObject\",\"url\":\"https:\\\/\\\/www.jornalja.com.br\\\/wp-content\\\/uploads\\\/cards\\\/JAslogan.png\",\"@id\":\"https:\\\/\\\/www.jornalja.com.br\\\/arquivo\\\/#articleImage\"},\"datePublished\":\"2017-08-27T18:26:44-03:00\",\"dateModified\":\"2017-08-27T18:26:44-03:00\",\"inLanguage\":\"pt-BR\",\"mainEntityOfPage\":{\"@id\":\"https:\\\/\\\/www.jornalja.com.br\\\/arquivo\\\/vinicius-brum-une-a-obra-de-barbosa-lessa-e-a-musica-regionalista-na-universidade-aberta\\\/#webpage\"},\"isPartOf\":{\"@id\":\"https:\\\/\\\/www.jornalja.com.br\\\/arquivo\\\/vinicius-brum-une-a-obra-de-barbosa-lessa-e-a-musica-regionalista-na-universidade-aberta\\\/#webpage\"},\"articleSection\":\"Cultura-notas\"},{\"@type\":\"BreadcrumbList\",\"@id\":\"https:\\\/\\\/www.jornalja.com.br\\\/arquivo\\\/vinicius-brum-une-a-obra-de-barbosa-lessa-e-a-musica-regionalista-na-universidade-aberta\\\/#breadcrumblist\",\"itemListElement\":[{\"@type\":\"ListItem\",\"@id\":\"https:\\\/\\\/www.jornalja.com.br\\\/arquivo#listItem\",\"position\":1,\"name\":\"Home\",\"item\":\"https:\\\/\\\/www.jornalja.com.br\\\/arquivo\",\"nextItem\":{\"@type\":\"ListItem\",\"@id\":\"https:\\\/\\\/www.jornalja.com.br\\\/arquivo\\\/category\\\/culturanotas\\\/#listItem\",\"name\":\"Cultura-notas\"}},{\"@type\":\"ListItem\",\"@id\":\"https:\\\/\\\/www.jornalja.com.br\\\/arquivo\\\/category\\\/culturanotas\\\/#listItem\",\"position\":2,\"name\":\"Cultura-notas\",\"item\":\"https:\\\/\\\/www.jornalja.com.br\\\/arquivo\\\/category\\\/culturanotas\\\/\",\"nextItem\":{\"@type\":\"ListItem\",\"@id\":\"https:\\\/\\\/www.jornalja.com.br\\\/arquivo\\\/vinicius-brum-une-a-obra-de-barbosa-lessa-e-a-musica-regionalista-na-universidade-aberta\\\/#listItem\",\"name\":\"Vin\\u00edcius Brum une a obra de Barbosa Lessa e a m\\u00fasica regionalista na Universidade Aberta\"},\"previousItem\":{\"@type\":\"ListItem\",\"@id\":\"https:\\\/\\\/www.jornalja.com.br\\\/arquivo#listItem\",\"name\":\"Home\"}},{\"@type\":\"ListItem\",\"@id\":\"https:\\\/\\\/www.jornalja.com.br\\\/arquivo\\\/vinicius-brum-une-a-obra-de-barbosa-lessa-e-a-musica-regionalista-na-universidade-aberta\\\/#listItem\",\"position\":3,\"name\":\"Vin\\u00edcius Brum une a obra de Barbosa Lessa e a m\\u00fasica regionalista na Universidade Aberta\",\"previousItem\":{\"@type\":\"ListItem\",\"@id\":\"https:\\\/\\\/www.jornalja.com.br\\\/arquivo\\\/category\\\/culturanotas\\\/#listItem\",\"name\":\"Cultura-notas\"}}]},{\"@type\":\"Organization\",\"@id\":\"https:\\\/\\\/www.jornalja.com.br\\\/arquivo\\\/#organization\",\"name\":\"Jornal J\\u00c1\",\"description\":\"Jornal J\\u00c1 | Porto Alegre\",\"url\":\"https:\\\/\\\/www.jornalja.com.br\\\/arquivo\\\/\",\"telephone\":\"+555133307272\",\"logo\":{\"@type\":\"ImageObject\",\"url\":\"https:\\\/\\\/www.jornalja.com.br\\\/wp-content\\\/uploads\\\/cards\\\/JAslogan.png\",\"@id\":\"https:\\\/\\\/www.jornalja.com.br\\\/arquivo\\\/vinicius-brum-une-a-obra-de-barbosa-lessa-e-a-musica-regionalista-na-universidade-aberta\\\/#organizationLogo\"},\"image\":{\"@id\":\"https:\\\/\\\/www.jornalja.com.br\\\/arquivo\\\/vinicius-brum-une-a-obra-de-barbosa-lessa-e-a-musica-regionalista-na-universidade-aberta\\\/#organizationLogo\"}},{\"@type\":\"Person\",\"@id\":\"https:\\\/\\\/www.jornalja.com.br\\\/arquivo\\\/author\\\/daredacao\\\/#author\",\"url\":\"https:\\\/\\\/www.jornalja.com.br\\\/arquivo\\\/author\\\/daredacao\\\/\",\"name\":\"da Reda\\u00e7\\u00e3o\",\"image\":{\"@type\":\"ImageObject\",\"@id\":\"https:\\\/\\\/www.jornalja.com.br\\\/arquivo\\\/vinicius-brum-une-a-obra-de-barbosa-lessa-e-a-musica-regionalista-na-universidade-aberta\\\/#authorImage\",\"url\":\"https:\\\/\\\/secure.gravatar.com\\\/avatar\\\/469fd857d6605ad19919d27ed29d35a968a25f6e8fd9318356bbb7f57aae9c65?s=96&d=mm&r=g\",\"width\":96,\"height\":96,\"caption\":\"da Reda\\u00e7\\u00e3o\"}},{\"@type\":\"WebPage\",\"@id\":\"https:\\\/\\\/www.jornalja.com.br\\\/arquivo\\\/vinicius-brum-une-a-obra-de-barbosa-lessa-e-a-musica-regionalista-na-universidade-aberta\\\/#webpage\",\"url\":\"https:\\\/\\\/www.jornalja.com.br\\\/arquivo\\\/vinicius-brum-une-a-obra-de-barbosa-lessa-e-a-musica-regionalista-na-universidade-aberta\\\/\",\"name\":\"Vin\\u00edcius Brum une a obra de Barbosa Lessa e a m\\u00fasica regionalista na Universidade Aberta | Arquivo\",\"inLanguage\":\"pt-BR\",\"isPartOf\":{\"@id\":\"https:\\\/\\\/www.jornalja.com.br\\\/arquivo\\\/#website\"},\"breadcrumb\":{\"@id\":\"https:\\\/\\\/www.jornalja.com.br\\\/arquivo\\\/vinicius-brum-une-a-obra-de-barbosa-lessa-e-a-musica-regionalista-na-universidade-aberta\\\/#breadcrumblist\"},\"author\":{\"@id\":\"https:\\\/\\\/www.jornalja.com.br\\\/arquivo\\\/author\\\/daredacao\\\/#author\"},\"creator\":{\"@id\":\"https:\\\/\\\/www.jornalja.com.br\\\/arquivo\\\/author\\\/daredacao\\\/#author\"},\"datePublished\":\"2017-08-27T18:26:44-03:00\",\"dateModified\":\"2017-08-27T18:26:44-03:00\"},{\"@type\":\"WebSite\",\"@id\":\"https:\\\/\\\/www.jornalja.com.br\\\/arquivo\\\/#website\",\"url\":\"https:\\\/\\\/www.jornalja.com.br\\\/arquivo\\\/\",\"name\":\"Arquivo\",\"description\":\"Jornal J\\u00c1 | Porto Alegre\",\"inLanguage\":\"pt-BR\",\"publisher\":{\"@id\":\"https:\\\/\\\/www.jornalja.com.br\\\/arquivo\\\/#organization\"}}]}\n\t\t<\/script>\n\t\t<!-- All in One SEO -->\n\n","aioseo_head_json":{"title":"Vin\u00edcius Brum une a obra de Barbosa Lessa e a m\u00fasica regionalista na Universidade Aberta | Arquivo","description":"","canonical_url":"https:\/\/www.jornalja.com.br\/arquivo\/vinicius-brum-une-a-obra-de-barbosa-lessa-e-a-musica-regionalista-na-universidade-aberta\/","robots":"max-image-preview:large","keywords":"","webmasterTools":{"miscellaneous":""},"schema":{"@context":"https:\/\/schema.org","@graph":[{"@type":"BlogPosting","@id":"https:\/\/www.jornalja.com.br\/arquivo\/vinicius-brum-une-a-obra-de-barbosa-lessa-e-a-musica-regionalista-na-universidade-aberta\/#blogposting","name":"Vin\u00edcius Brum une a obra de Barbosa Lessa e a m\u00fasica regionalista na Universidade Aberta | Arquivo","headline":"Vin\u00edcius Brum une a obra de Barbosa Lessa e a m\u00fasica regionalista na Universidade Aberta","author":{"@id":"https:\/\/www.jornalja.com.br\/arquivo\/author\/daredacao\/#author"},"publisher":{"@id":"https:\/\/www.jornalja.com.br\/arquivo\/#organization"},"image":{"@type":"ImageObject","url":"https:\/\/www.jornalja.com.br\/wp-content\/uploads\/cards\/JAslogan.png","@id":"https:\/\/www.jornalja.com.br\/arquivo\/#articleImage"},"datePublished":"2017-08-27T18:26:44-03:00","dateModified":"2017-08-27T18:26:44-03:00","inLanguage":"pt-BR","mainEntityOfPage":{"@id":"https:\/\/www.jornalja.com.br\/arquivo\/vinicius-brum-une-a-obra-de-barbosa-lessa-e-a-musica-regionalista-na-universidade-aberta\/#webpage"},"isPartOf":{"@id":"https:\/\/www.jornalja.com.br\/arquivo\/vinicius-brum-une-a-obra-de-barbosa-lessa-e-a-musica-regionalista-na-universidade-aberta\/#webpage"},"articleSection":"Cultura-notas"},{"@type":"BreadcrumbList","@id":"https:\/\/www.jornalja.com.br\/arquivo\/vinicius-brum-une-a-obra-de-barbosa-lessa-e-a-musica-regionalista-na-universidade-aberta\/#breadcrumblist","itemListElement":[{"@type":"ListItem","@id":"https:\/\/www.jornalja.com.br\/arquivo#listItem","position":1,"name":"Home","item":"https:\/\/www.jornalja.com.br\/arquivo","nextItem":{"@type":"ListItem","@id":"https:\/\/www.jornalja.com.br\/arquivo\/category\/culturanotas\/#listItem","name":"Cultura-notas"}},{"@type":"ListItem","@id":"https:\/\/www.jornalja.com.br\/arquivo\/category\/culturanotas\/#listItem","position":2,"name":"Cultura-notas","item":"https:\/\/www.jornalja.com.br\/arquivo\/category\/culturanotas\/","nextItem":{"@type":"ListItem","@id":"https:\/\/www.jornalja.com.br\/arquivo\/vinicius-brum-une-a-obra-de-barbosa-lessa-e-a-musica-regionalista-na-universidade-aberta\/#listItem","name":"Vin\u00edcius Brum une a obra de Barbosa Lessa e a m\u00fasica regionalista na Universidade Aberta"},"previousItem":{"@type":"ListItem","@id":"https:\/\/www.jornalja.com.br\/arquivo#listItem","name":"Home"}},{"@type":"ListItem","@id":"https:\/\/www.jornalja.com.br\/arquivo\/vinicius-brum-une-a-obra-de-barbosa-lessa-e-a-musica-regionalista-na-universidade-aberta\/#listItem","position":3,"name":"Vin\u00edcius Brum une a obra de Barbosa Lessa e a m\u00fasica regionalista na Universidade Aberta","previousItem":{"@type":"ListItem","@id":"https:\/\/www.jornalja.com.br\/arquivo\/category\/culturanotas\/#listItem","name":"Cultura-notas"}}]},{"@type":"Organization","@id":"https:\/\/www.jornalja.com.br\/arquivo\/#organization","name":"Jornal J\u00c1","description":"Jornal J\u00c1 | Porto Alegre","url":"https:\/\/www.jornalja.com.br\/arquivo\/","telephone":"+555133307272","logo":{"@type":"ImageObject","url":"https:\/\/www.jornalja.com.br\/wp-content\/uploads\/cards\/JAslogan.png","@id":"https:\/\/www.jornalja.com.br\/arquivo\/vinicius-brum-une-a-obra-de-barbosa-lessa-e-a-musica-regionalista-na-universidade-aberta\/#organizationLogo"},"image":{"@id":"https:\/\/www.jornalja.com.br\/arquivo\/vinicius-brum-une-a-obra-de-barbosa-lessa-e-a-musica-regionalista-na-universidade-aberta\/#organizationLogo"}},{"@type":"Person","@id":"https:\/\/www.jornalja.com.br\/arquivo\/author\/daredacao\/#author","url":"https:\/\/www.jornalja.com.br\/arquivo\/author\/daredacao\/","name":"da Reda\u00e7\u00e3o","image":{"@type":"ImageObject","@id":"https:\/\/www.jornalja.com.br\/arquivo\/vinicius-brum-une-a-obra-de-barbosa-lessa-e-a-musica-regionalista-na-universidade-aberta\/#authorImage","url":"https:\/\/secure.gravatar.com\/avatar\/469fd857d6605ad19919d27ed29d35a968a25f6e8fd9318356bbb7f57aae9c65?s=96&d=mm&r=g","width":96,"height":96,"caption":"da Reda\u00e7\u00e3o"}},{"@type":"WebPage","@id":"https:\/\/www.jornalja.com.br\/arquivo\/vinicius-brum-une-a-obra-de-barbosa-lessa-e-a-musica-regionalista-na-universidade-aberta\/#webpage","url":"https:\/\/www.jornalja.com.br\/arquivo\/vinicius-brum-une-a-obra-de-barbosa-lessa-e-a-musica-regionalista-na-universidade-aberta\/","name":"Vin\u00edcius Brum une a obra de Barbosa Lessa e a m\u00fasica regionalista na Universidade Aberta | Arquivo","inLanguage":"pt-BR","isPartOf":{"@id":"https:\/\/www.jornalja.com.br\/arquivo\/#website"},"breadcrumb":{"@id":"https:\/\/www.jornalja.com.br\/arquivo\/vinicius-brum-une-a-obra-de-barbosa-lessa-e-a-musica-regionalista-na-universidade-aberta\/#breadcrumblist"},"author":{"@id":"https:\/\/www.jornalja.com.br\/arquivo\/author\/daredacao\/#author"},"creator":{"@id":"https:\/\/www.jornalja.com.br\/arquivo\/author\/daredacao\/#author"},"datePublished":"2017-08-27T18:26:44-03:00","dateModified":"2017-08-27T18:26:44-03:00"},{"@type":"WebSite","@id":"https:\/\/www.jornalja.com.br\/arquivo\/#website","url":"https:\/\/www.jornalja.com.br\/arquivo\/","name":"Arquivo","description":"Jornal J\u00c1 | Porto Alegre","inLanguage":"pt-BR","publisher":{"@id":"https:\/\/www.jornalja.com.br\/arquivo\/#organization"}}]},"og:locale":"pt_BR","og:site_name":"Arquivo | Jornal J\u00c1 | Porto Alegre","og:type":"article","og:title":"Vin\u00edcius Brum une a obra de Barbosa Lessa e a m\u00fasica regionalista na Universidade Aberta | Arquivo","og:url":"https:\/\/www.jornalja.com.br\/arquivo\/vinicius-brum-une-a-obra-de-barbosa-lessa-e-a-musica-regionalista-na-universidade-aberta\/","og:image":"https:\/\/www.jornalja.com.br\/economics\/wp-content\/uploads\/sites\/11\/2026\/08\/ja-folhaderosto-facebook.jpg","og:image:secure_url":"https:\/\/www.jornalja.com.br\/economics\/wp-content\/uploads\/sites\/11\/2026\/08\/ja-folhaderosto-facebook.jpg","article:published_time":"2017-08-27T21:26:44+00:00","article:modified_time":"2017-08-27T21:26:44+00:00","twitter:card":"summary","twitter:title":"Vin\u00edcius Brum une a obra de Barbosa Lessa e a m\u00fasica regionalista na Universidade Aberta | Arquivo","twitter:image":"https:\/\/www.jornalja.com.br\/economics\/wp-content\/uploads\/sites\/11\/2026\/08\/ja-folhaderosto-facebook.jpg"},"aioseo_meta_data":{"post_id":"54349","title":null,"description":null,"keywords":null,"keyphrases":null,"primary_term":null,"canonical_url":null,"og_title":null,"og_description":null,"og_object_type":"default","og_image_type":"default","og_image_url":null,"og_image_width":null,"og_image_height":null,"og_image_custom_url":null,"og_image_custom_fields":null,"og_video":null,"og_custom_url":null,"og_article_section":null,"og_article_tags":null,"twitter_use_og":false,"twitter_card":"default","twitter_image_type":"default","twitter_image_url":null,"twitter_image_custom_url":null,"twitter_image_custom_fields":null,"twitter_title":null,"twitter_description":null,"schema":{"blockGraphs":[],"customGraphs":[],"default":{"data":{"Article":[],"Course":[],"Dataset":[],"FAQPage":[],"Movie":[],"Person":[],"Product":[],"ProductReview":[],"Car":[],"Recipe":[],"Service":[],"SoftwareApplication":[],"WebPage":[]},"graphName":"","isEnabled":true},"graphs":[]},"schema_type":null,"schema_type_options":null,"pillar_content":false,"robots_default":true,"robots_noindex":false,"robots_noarchive":false,"robots_nosnippet":false,"robots_nofollow":false,"robots_noimageindex":false,"robots_noodp":false,"robots_notranslate":false,"robots_max_snippet":null,"robots_max_videopreview":null,"robots_max_imagepreview":"large","priority":null,"frequency":null,"location":null,"local_seo":null,"breadcrumb_settings":null,"limit_modified_date":false,"ai":null,"created":"2020-12-20 20:26:02","updated":"2025-07-20 00:38:24","seo_analyzer_scan_date":null,"focus_keyword":null,"additional_keywords":null,"truseo_locale":null},"jetpack_sharing_enabled":true,"jetpack-related-posts":[{"id":13124,"url":"https:\/\/www.jornalja.com.br\/arquivo\/sangue-latino-no-iecine\/","url_meta":{"origin":54349,"position":0},"title":"Sangue latino no IECINE","author":"da Reda\u00e7\u00e3o","date":"18 de maio de 2014","format":false,"excerpt":"Francisco Ribeiro O Instituto Estadual de Cinema (IECINE) tem a frente, desde abril \u00faltimo, um novo diretor, o cineasta colombiano Juan Zapata, 36, que substitui Luiz Alberto Cassol. Radicado h\u00e1 dez anos em Porto Alegre, Zapata tem diante de si o desafio de conduzir at\u00e9 o final do ano um\u2026","rel":"","context":"Em &quot;Cultura-Geral&quot;","block_context":{"text":"Cultura-Geral","link":"https:\/\/www.jornalja.com.br\/arquivo\/category\/materiasecundaria\/"},"img":{"alt_text":"","src":"","width":0,"height":0},"classes":[]},{"id":14241,"url":"https:\/\/www.jornalja.com.br\/arquivo\/o-guaiba-nas-imagens-poeticas-de-achutti\/","url_meta":{"origin":54349,"position":1},"title":"O Gua\u00edba nas imagens po\u00e9ticas de Achutti","author":"da Reda\u00e7\u00e3o","date":"18 de junho de 2014","format":false,"excerpt":"Em \u201cO Gua\u00edba por Achutti\u201d \u2013 obra financiada via Minist\u00e9rio da Cultura, produ\u00e7\u00e3o executiva de Pedro Longhi, e Fl\u00e1vio Wild como designer \u2013, o fot\u00f3grafo revela a beleza e as mazelas de um espa\u00e7o aqu\u00e1tico de \u00e1guas sempre renovadas, cheio de hist\u00f3rias e lendas como as das cidades que foram\u2026","rel":"","context":"Em &quot;Cultura-Geral&quot;","block_context":{"text":"Cultura-Geral","link":"https:\/\/www.jornalja.com.br\/arquivo\/category\/materiasecundaria\/"},"img":{"alt_text":"","src":"","width":0,"height":0},"classes":[]},{"id":13101,"url":"https:\/\/www.jornalja.com.br\/arquivo\/morre-um-guerreiro-do-texto\/","url_meta":{"origin":54349,"position":2},"title":"Morre um guerreiro do texto","author":"Patr\u00edcia Marini","date":"14 de maio de 2014","format":false,"excerpt":"Por Ricardo Kotscho Reproduzido do blog do autor, 11\/5\/2014; t\u00edtulo original \u201cE l\u00e1 se foi o nosso Myltainho, guerreiro do texto\u201d. Mi\u00fado e franzino, meu amigo Myltainho era um valente e inconformado guerreiro na luta contra as injusti\u00e7as sociais, a hipocrisia, as maracutaias, o autoritarismo, a intoler\u00e2ncia, a viol\u00eancia, o\u2026","rel":"","context":"Em &quot;Geral&quot;","block_context":{"text":"Geral","link":"https:\/\/www.jornalja.com.br\/arquivo\/category\/geral\/"},"img":{"alt_text":"","src":"","width":0,"height":0},"classes":[]},{"id":5440,"url":"https:\/\/www.jornalja.com.br\/arquivo\/casarao-da-venancio-destino-permanece-incerto\/","url_meta":{"origin":54349,"position":3},"title":"Estado ainda n\u00e3o sabe o que fazer com casar\u00e3o abandonado h\u00e1 20 anos","author":"Elmar Bones","date":"6 de julho de 2009","format":false,"excerpt":"O casar\u00e3o amarelo, numa esquina nobre de Porto Alegre (Ven\u00e2ncio Aires com Jo\u00e3o Pessoa), j\u00e1 abrigou uma escola. H\u00e1 duas d\u00e9cadas, pelo menos, est\u00e1 abandonado, porque seu propriet\u00e1rio, o governo do Estado do Rio Grande do Sul, n\u00e3o consegue achar um destino para ele. Planos n\u00e3o faltaram. O governador Ol\u00edvio\u2026","rel":"","context":"Em &quot;X.Categorias velhas&quot;","block_context":{"text":"X.Categorias velhas","link":"https:\/\/www.jornalja.com.br\/arquivo\/category\/x-categorias-velhas\/"},"img":{"alt_text":"geraldo1","src":"https:\/\/i0.wp.com\/www.jornalja.com.br\/wp-content\/uploads\/2009\/07\/geraldo1.jpg?resize=350%2C200&ssl=1","width":350,"height":200},"classes":[]}],"jetpack_shortlink":"https:\/\/wp.me\/pbQjBd-e8B","jetpack_featured_media_url":"","_links":{"self":[{"href":"https:\/\/www.jornalja.com.br\/arquivo\/wp-json\/wp\/v2\/posts\/54349","targetHints":{"allow":["GET"]}}],"collection":[{"href":"https:\/\/www.jornalja.com.br\/arquivo\/wp-json\/wp\/v2\/posts"}],"about":[{"href":"https:\/\/www.jornalja.com.br\/arquivo\/wp-json\/wp\/v2\/types\/post"}],"author":[{"embeddable":true,"href":"https:\/\/www.jornalja.com.br\/arquivo\/wp-json\/wp\/v2\/users\/4"}],"replies":[{"embeddable":true,"href":"https:\/\/www.jornalja.com.br\/arquivo\/wp-json\/wp\/v2\/comments?post=54349"}],"version-history":[{"count":0,"href":"https:\/\/www.jornalja.com.br\/arquivo\/wp-json\/wp\/v2\/posts\/54349\/revisions"}],"wp:attachment":[{"href":"https:\/\/www.jornalja.com.br\/arquivo\/wp-json\/wp\/v2\/media?parent=54349"}],"wp:term":[{"taxonomy":"category","embeddable":true,"href":"https:\/\/www.jornalja.com.br\/arquivo\/wp-json\/wp\/v2\/categories?post=54349"},{"taxonomy":"post_tag","embeddable":true,"href":"https:\/\/www.jornalja.com.br\/arquivo\/wp-json\/wp\/v2\/tags?post=54349"}],"curies":[{"name":"wp","href":"https:\/\/api.w.org\/{rel}","templated":true}]}}