{"id":54400,"date":"2017-08-29T17:45:15","date_gmt":"2017-08-29T20:45:15","guid":{"rendered":"https:\/\/www.jornalja.com.br\/?p=54400"},"modified":"2017-08-29T17:45:15","modified_gmt":"2017-08-29T20:45:15","slug":"prefeitura-anuncia-comissao-para-reavaliar-inventario-de-imoveis-no-petropolis","status":"publish","type":"post","link":"https:\/\/www.jornalja.com.br\/arquivo\/prefeitura-anuncia-comissao-para-reavaliar-inventario-de-imoveis-no-petropolis\/","title":{"rendered":"Prefeitura cria comiss\u00e3o para reavaliar invent\u00e1rio de im\u00f3veis no Petr\u00f3polis"},"content":{"rendered":"<p><b><\/b>O processo para listagem de im\u00f3veis no bairro Petr\u00f3polis, que ir\u00e3o fazer parte do Invent\u00e1rio do Patrim\u00f4nio Cultural de Porto Alegre est\u00e1 travado h\u00e1 praticamente cinco anos, e n\u00e3o h\u00e1 prazo para uma solu\u00e7\u00e3o final.<br \/>\nEm reuni\u00e3o na C\u00e2mara Municipal, na manh\u00e3 desta ter\u00e7a-feira, 29, representantes da Equipe do Patrim\u00f4nio Hist\u00f3rico, Art\u00edstico e Cultural (Ephac) anunciaram aos cerca de 100 moradores presentes que est\u00e1 sendo criada uma comiss\u00e3o entre tr\u00eas secretarias (da Cultura, Desenvolvimento Econ\u00f4mico, Meio Ambiente e Sustentabilidade) e o gabinete do vice-prefeito para discutir o problema. Ir\u00e3o tentar destravar a listagem.<br \/>\nA arquiteta Ronice Borges, diretora do Ephac, avisou que n\u00e3o h\u00e1 um prazo para que o novo grupo conclua o trabalho.<br \/>\n\u201cVamos tomar uma solu\u00e7\u00e3o, mas n\u00e3o podemos dizer quando. Estou no cargo h\u00e1 oito meses e procuramos resolver todos os aspectos da quest\u00e3o, da melhor maneira, respeitando as posi\u00e7\u00f5es. Vamos conjuntamente rever poss\u00edveis discrep\u00e2ncias, mas n\u00e3o h\u00e1 um prazo\u201d.<br \/>\nA diretora explica que neste ano, por determina\u00e7\u00e3o do Minist\u00e9rio P\u00fablico, os propriet\u00e1rios foram novamente notificados pelo Ephac.<br \/>\nDos 559 locais listados inicialmente em 2012, sem concord\u00e2ncia \u00a0inicial dos seus donos, o que gerou todo o imbr\u00f3glio, atualmente permanecem na lista 350 im\u00f3veis \u201cbloqueados\u201d. Nesse tempo j\u00e1 houve tr\u00eas revis\u00f5es na lista.<br \/>\nUma parte dos moradores concorda com a preserva\u00e7\u00e3o do patrim\u00f4nio arquitet\u00f4nico do bairro. Outra, lamenta a desvaloriza\u00e7\u00e3o dos seus im\u00f3veis, enquanto os terrenos no entorno ficariam muito mais valorizados.<br \/>\n<span class=\"intertit\">Associa\u00e7\u00e3o diz que pode barrar processo na Justi\u00e7a <\/span><\/p>\n<p align=\"justify\">Conforme Fernando Molimos Pires Filho, presidente da Associa\u00e7\u00e3o de Moradores do Bairro Petr\u00f3polis Atingidos pelo Invent\u00e1rio da Prefeitura (Amai), a demora para se chegar a uma solu\u00e7\u00e3o \u00e9 um crime contra a comunidade.<\/p>\n<p align=\"justify\">\u201cVivemos em um supl\u00edcio, h\u00e1 cinco anos. Queremos encaminhamento urgente, precisamos de solu\u00e7\u00f5es. N\u00e3o somos contra a preserva\u00e7\u00e3o do patrim\u00f4nio, mas contra esse modo de se fazer. \u00c9 preciso regras claras. H\u00e1 im\u00f3veis que j\u00e1 entraram e sa\u00edram da listagem, n\u00e3o entendemos o porqu\u00ea? O bairro n\u00e3o pode ficar congelado\u201d, declarou.<\/p>\n<p align=\"justify\">Pires filho informou que, se a nova comiss\u00e3o n\u00e3o apresentar solu\u00e7\u00f5es r\u00e1pidas, a AMAI ir\u00e1 ingressar na Justi\u00e7a para barrar o processo. \u201cN\u00e3o podemos continuar prejudicando as nossas fam\u00edlias. Nos transformamos em zeladores de nossas pr\u00f3prias casas\u201d, disse.<\/p>\n<p><span class=\"intertit\">Vereador prop\u00f5e revogar lei <\/span><br \/>\nAo final das mais de duas horas de reuni\u00e3o, o vereador Dr Thiago prop\u00f4s que a lei 601\/08, que determina os procedimentos para a preserva\u00e7\u00e3o do Patrim\u00f4nio Hist\u00f3rico e Cultural na Capital, e que estaria \u201ctravando o bairro\u201d, fosse revogada. Na pr\u00e1tica, o processo cessaria e voltaria a estaca zero at\u00e9 que uma futura legisla\u00e7\u00e3o seja definida. A proposta para revoga\u00e7\u00e3o ser\u00e1 analisada pelo Legislativo municipal.<br \/>\n<span class=\"intertit\">Duas casas listadas j\u00e1 foram demolidas <\/span><br \/>\nEm julho, dois im\u00f3veis que estavam listados para entrar no invent\u00e1rio do bairro Petr\u00f3polis foram ao ch\u00e3o. Nos terrenos da rua Farias Santos, 220 e 234, s\u00f3 restaram os escombros. A demoli\u00e7\u00e3o das casas para a constru\u00e7\u00e3o de um empreendimento imobili\u00e1rio ocorreu gra\u00e7as a uma liminar concedida pela 22\u00aa C\u00e2mara C\u00edvel do Tribunal de Justi\u00e7a do RS.<br \/>\nH\u00e1 ainda ao menos outros cinco propriet\u00e1rios que possuem a\u00e7\u00f5es semelhantes para libera\u00e7\u00e3o dos im\u00f3veis. A construtora que ganhou a liminar ainda vai entrar com a\u00e7\u00e3o indenizat\u00f3ria contra o munic\u00edpio para cobrir o preju\u00edzo com o atraso do empreendimento.<br \/>\nA Prefeitura tamb\u00e9m entrou na Justi\u00e7a e pede indeniza\u00e7\u00e3o \u00e0 construtora que demoliu os im\u00f3veis. N\u00e3o h\u00e1 decis\u00e3o ainda sobre o assunto.<br \/>\nO advogado da Amei, M\u00e1rcio Divino, avisa que uma a\u00e7\u00e3o conjunta entre os moradores n\u00e3o est\u00e1 descartada se n\u00e3o chegar logo uma solu\u00e7\u00e3o. \u201cOs moradores n\u00e3o podem esperar mais\u201d, declarou.<br \/>\nOutros moradores, por\u00e9m, j\u00e1 manifestaram-se a favor do invent\u00e1rio. Clivia Morato, propriet\u00e1ria de uma das casas na lista do invent\u00e1rio na Rua Dario Pederneiras, apoia a ideia. \u201cTemos interesse em manter a hist\u00f3ria do Bairro, manter sua paisagem. O bairro j\u00e1 foi bem destru\u00eddo. E esse invent\u00e1rio atinge menos de 400 casas, apenas 4% das moradias\u201d, fala.<br \/>\nOito bairros j\u00e1 foram inventariados em Porto Alegre, desde 2011. Quando chegou em Petr\u00f3polis, no final da 2012, o processo travou devido aos propriet\u00e1rios n\u00e3o terem sido informados previamente de que haveria o \u201cbloqueio\u201d dos im\u00f3veis.<br \/>\nBairro essencialmente residencial, de um tempo em que a classe m\u00e9dia ascendente sonhava em viver em casas no centro de amplos terrenos ajardinados, Petr\u00f3polis \u00e9 um dos maiores potenciais construtivos de Porto Alegre.<br \/>\nO Invent\u00e1rio n\u00e3o retira o direito de propriedade de um bem; apenas impede que ele venha a ser destru\u00eddo ou descaracterizado. H\u00e1 dois tipos de im\u00f3veis que entram na lista, os considerados de estrutura\u00e7\u00e3o, que devem ser preservados, sem modifica\u00e7\u00e3o de fachada, e outros de compatibiliza\u00e7\u00e3o, que t\u00eam relev\u00e2ncia pela composi\u00e7\u00e3o do entorno, n\u00e3o podendo sofrer altera\u00e7\u00f5es que descaracterizem a ambi\u00eancia do bairro.<br \/>\nA manuten\u00e7\u00e3o do im\u00f3vel fica sob responsabilidade do propriet\u00e1rio, sendo que a ele n\u00e3o cabe indeniza\u00e7\u00e3o, como ocorre no processo de tombamento.<br \/>\nO bairro Petr\u00f3polis \u00e9 uma das \u00e1reas mais cobi\u00e7adas pela ind\u00fastria imobili\u00e1ria e passa por uma forte transforma\u00e7\u00e3o, com a derrubada de casas ou pequenos pr\u00e9dios para a constru\u00e7\u00e3o de espig\u00f5es.<br \/>\nAntes do invent\u00e1rio, agora parado, haviam somente 11 bens relacionados como de interesse cultural no Petr\u00f3polis:<br \/>\n\u2013 \u00a0Caixa D\u00e1gua da Pra\u00e7a Mafalda Ver\u00edssimo, tombada em 2008 a pedido dos moradores.<br \/>\n\u2013 Oito casas na avenida Felipe de Oliveira, entre elas a casa do escritor \u00c9rico Ver\u00edssimo.<br \/>\n&#8211; \u00a0Restaurante Barranco, antiga sede de uma ch\u00e1cara.<br \/>\n\u2013 \u00a0Casa Estrela, na rua Camerino, 34.<\/p>\n","protected":false},"excerpt":{"rendered":"<p>O processo para listagem de im\u00f3veis no bairro Petr\u00f3polis, que ir\u00e3o fazer parte do Invent\u00e1rio do Patrim\u00f4nio Cultural de Porto Alegre est\u00e1 travado h\u00e1 praticamente cinco anos, e n\u00e3o h\u00e1 prazo para uma solu\u00e7\u00e3o final. Em reuni\u00e3o na C\u00e2mara Municipal, na manh\u00e3 desta ter\u00e7a-feira, 29, representantes da Equipe do Patrim\u00f4nio Hist\u00f3rico, Art\u00edstico e Cultural (Ephac) [&hellip;]<\/p>\n","protected":false},"author":4,"featured_media":54401,"comment_status":"open","ping_status":"closed","sticky":false,"template":"","format":"standard","meta":{"_jetpack_newsletter_access":"","_jetpack_dont_email_post_to_subs":false,"_jetpack_newsletter_tier_id":0,"_jetpack_memberships_contains_paywalled_content":false,"_jetpack_feature_clip_id":0,"_jetpack_memberships_contains_paid_content":false,"footnotes":"","jetpack_post_was_ever_published":false},"categories":[26],"tags":[],"class_list":["post-54400","post","type-post","status-publish","format-standard","has-post-thumbnail","hentry","category-geral"],"aioseo_notices":[],"aioseo_head":"\n\t\t<!-- All in One SEO 5.0.1.1 - aioseo.com -->\n\t<meta name=\"robots\" content=\"max-image-preview:large\" \/>\n\t<meta name=\"author\" content=\"da Reda\u00e7\u00e3o\"\/>\n\t<link rel=\"canonical\" href=\"https:\/\/www.jornalja.com.br\/arquivo\/prefeitura-anuncia-comissao-para-reavaliar-inventario-de-imoveis-no-petropolis\/\" \/>\n\t<meta name=\"generator\" content=\"All in One SEO (AIOSEO) 5.0.1.1\" \/>\n\t\t<meta property=\"og:locale\" content=\"pt_BR\" \/>\n\t\t<meta property=\"og:site_name\" content=\"Arquivo | Jornal J\u00c1 | Porto Alegre\" \/>\n\t\t<meta property=\"og:type\" content=\"article\" \/>\n\t\t<meta property=\"og:title\" content=\"Prefeitura cria comiss\u00e3o para reavaliar invent\u00e1rio de im\u00f3veis no Petr\u00f3polis | Arquivo\" \/>\n\t\t<meta property=\"og:url\" content=\"https:\/\/www.jornalja.com.br\/arquivo\/prefeitura-anuncia-comissao-para-reavaliar-inventario-de-imoveis-no-petropolis\/\" \/>\n\t\t<meta property=\"og:image\" content=\"https:\/\/www.jornalja.com.br\/economics\/wp-content\/uploads\/sites\/11\/2026\/08\/ja-folhaderosto-facebook.jpg\" \/>\n\t\t<meta property=\"og:image:secure_url\" content=\"https:\/\/www.jornalja.com.br\/economics\/wp-content\/uploads\/sites\/11\/2026\/08\/ja-folhaderosto-facebook.jpg\" \/>\n\t\t<meta property=\"article:published_time\" content=\"2017-08-29T20:45:15+00:00\" \/>\n\t\t<meta property=\"article:modified_time\" content=\"2017-08-29T20:45:15+00:00\" \/>\n\t\t<meta name=\"twitter:card\" content=\"summary\" \/>\n\t\t<meta name=\"twitter:title\" content=\"Prefeitura cria comiss\u00e3o para reavaliar invent\u00e1rio de im\u00f3veis no Petr\u00f3polis | Arquivo\" \/>\n\t\t<meta name=\"twitter:image\" content=\"https:\/\/www.jornalja.com.br\/economics\/wp-content\/uploads\/sites\/11\/2026\/08\/ja-folhaderosto-facebook.jpg\" \/>\n\t\t<script type=\"application\/ld+json\" class=\"aioseo-schema\">\n\t\t\t{\"@context\":\"https:\\\/\\\/schema.org\",\"@graph\":[{\"@type\":\"BlogPosting\",\"@id\":\"https:\\\/\\\/www.jornalja.com.br\\\/arquivo\\\/prefeitura-anuncia-comissao-para-reavaliar-inventario-de-imoveis-no-petropolis\\\/#blogposting\",\"name\":\"Prefeitura cria comiss\\u00e3o para reavaliar invent\\u00e1rio de im\\u00f3veis no Petr\\u00f3polis | Arquivo\",\"headline\":\"Prefeitura cria comiss\\u00e3o para reavaliar invent\\u00e1rio de im\\u00f3veis no Petr\\u00f3polis\",\"author\":{\"@id\":\"https:\\\/\\\/www.jornalja.com.br\\\/arquivo\\\/author\\\/daredacao\\\/#author\"},\"publisher\":{\"@id\":\"https:\\\/\\\/www.jornalja.com.br\\\/arquivo\\\/#organization\"},\"image\":{\"@type\":\"ImageObject\",\"url\":54401},\"datePublished\":\"2017-08-29T17:45:15-03:00\",\"dateModified\":\"2017-08-29T17:45:15-03:00\",\"inLanguage\":\"pt-BR\",\"mainEntityOfPage\":{\"@id\":\"https:\\\/\\\/www.jornalja.com.br\\\/arquivo\\\/prefeitura-anuncia-comissao-para-reavaliar-inventario-de-imoveis-no-petropolis\\\/#webpage\"},\"isPartOf\":{\"@id\":\"https:\\\/\\\/www.jornalja.com.br\\\/arquivo\\\/prefeitura-anuncia-comissao-para-reavaliar-inventario-de-imoveis-no-petropolis\\\/#webpage\"},\"articleSection\":\"Geral\"},{\"@type\":\"BreadcrumbList\",\"@id\":\"https:\\\/\\\/www.jornalja.com.br\\\/arquivo\\\/prefeitura-anuncia-comissao-para-reavaliar-inventario-de-imoveis-no-petropolis\\\/#breadcrumblist\",\"itemListElement\":[{\"@type\":\"ListItem\",\"@id\":\"https:\\\/\\\/www.jornalja.com.br\\\/arquivo#listItem\",\"position\":1,\"name\":\"Home\",\"item\":\"https:\\\/\\\/www.jornalja.com.br\\\/arquivo\",\"nextItem\":{\"@type\":\"ListItem\",\"@id\":\"https:\\\/\\\/www.jornalja.com.br\\\/arquivo\\\/category\\\/geral\\\/#listItem\",\"name\":\"Geral\"}},{\"@type\":\"ListItem\",\"@id\":\"https:\\\/\\\/www.jornalja.com.br\\\/arquivo\\\/category\\\/geral\\\/#listItem\",\"position\":2,\"name\":\"Geral\",\"item\":\"https:\\\/\\\/www.jornalja.com.br\\\/arquivo\\\/category\\\/geral\\\/\",\"nextItem\":{\"@type\":\"ListItem\",\"@id\":\"https:\\\/\\\/www.jornalja.com.br\\\/arquivo\\\/prefeitura-anuncia-comissao-para-reavaliar-inventario-de-imoveis-no-petropolis\\\/#listItem\",\"name\":\"Prefeitura cria comiss\\u00e3o para reavaliar invent\\u00e1rio de im\\u00f3veis no Petr\\u00f3polis\"},\"previousItem\":{\"@type\":\"ListItem\",\"@id\":\"https:\\\/\\\/www.jornalja.com.br\\\/arquivo#listItem\",\"name\":\"Home\"}},{\"@type\":\"ListItem\",\"@id\":\"https:\\\/\\\/www.jornalja.com.br\\\/arquivo\\\/prefeitura-anuncia-comissao-para-reavaliar-inventario-de-imoveis-no-petropolis\\\/#listItem\",\"position\":3,\"name\":\"Prefeitura cria comiss\\u00e3o para reavaliar invent\\u00e1rio de im\\u00f3veis no Petr\\u00f3polis\",\"previousItem\":{\"@type\":\"ListItem\",\"@id\":\"https:\\\/\\\/www.jornalja.com.br\\\/arquivo\\\/category\\\/geral\\\/#listItem\",\"name\":\"Geral\"}}]},{\"@type\":\"Organization\",\"@id\":\"https:\\\/\\\/www.jornalja.com.br\\\/arquivo\\\/#organization\",\"name\":\"Jornal J\\u00c1\",\"description\":\"Jornal J\\u00c1 | Porto Alegre\",\"url\":\"https:\\\/\\\/www.jornalja.com.br\\\/arquivo\\\/\",\"telephone\":\"+555133307272\",\"logo\":{\"@type\":\"ImageObject\",\"url\":\"https:\\\/\\\/www.jornalja.com.br\\\/wp-content\\\/uploads\\\/cards\\\/JAslogan.png\",\"@id\":\"https:\\\/\\\/www.jornalja.com.br\\\/arquivo\\\/prefeitura-anuncia-comissao-para-reavaliar-inventario-de-imoveis-no-petropolis\\\/#organizationLogo\"},\"image\":{\"@id\":\"https:\\\/\\\/www.jornalja.com.br\\\/arquivo\\\/prefeitura-anuncia-comissao-para-reavaliar-inventario-de-imoveis-no-petropolis\\\/#organizationLogo\"}},{\"@type\":\"Person\",\"@id\":\"https:\\\/\\\/www.jornalja.com.br\\\/arquivo\\\/author\\\/daredacao\\\/#author\",\"url\":\"https:\\\/\\\/www.jornalja.com.br\\\/arquivo\\\/author\\\/daredacao\\\/\",\"name\":\"da Reda\\u00e7\\u00e3o\",\"image\":{\"@type\":\"ImageObject\",\"@id\":\"https:\\\/\\\/www.jornalja.com.br\\\/arquivo\\\/prefeitura-anuncia-comissao-para-reavaliar-inventario-de-imoveis-no-petropolis\\\/#authorImage\",\"url\":\"https:\\\/\\\/secure.gravatar.com\\\/avatar\\\/469fd857d6605ad19919d27ed29d35a968a25f6e8fd9318356bbb7f57aae9c65?s=96&d=mm&r=g\",\"width\":96,\"height\":96,\"caption\":\"da Reda\\u00e7\\u00e3o\"}},{\"@type\":\"WebPage\",\"@id\":\"https:\\\/\\\/www.jornalja.com.br\\\/arquivo\\\/prefeitura-anuncia-comissao-para-reavaliar-inventario-de-imoveis-no-petropolis\\\/#webpage\",\"url\":\"https:\\\/\\\/www.jornalja.com.br\\\/arquivo\\\/prefeitura-anuncia-comissao-para-reavaliar-inventario-de-imoveis-no-petropolis\\\/\",\"name\":\"Prefeitura cria comiss\\u00e3o para reavaliar invent\\u00e1rio de im\\u00f3veis no Petr\\u00f3polis | Arquivo\",\"inLanguage\":\"pt-BR\",\"isPartOf\":{\"@id\":\"https:\\\/\\\/www.jornalja.com.br\\\/arquivo\\\/#website\"},\"breadcrumb\":{\"@id\":\"https:\\\/\\\/www.jornalja.com.br\\\/arquivo\\\/prefeitura-anuncia-comissao-para-reavaliar-inventario-de-imoveis-no-petropolis\\\/#breadcrumblist\"},\"author\":{\"@id\":\"https:\\\/\\\/www.jornalja.com.br\\\/arquivo\\\/author\\\/daredacao\\\/#author\"},\"creator\":{\"@id\":\"https:\\\/\\\/www.jornalja.com.br\\\/arquivo\\\/author\\\/daredacao\\\/#author\"},\"image\":{\"@type\":\"ImageObject\",\"url\":54401,\"@id\":\"https:\\\/\\\/www.jornalja.com.br\\\/arquivo\\\/prefeitura-anuncia-comissao-para-reavaliar-inventario-de-imoveis-no-petropolis\\\/#mainImage\"},\"primaryImageOfPage\":{\"@id\":\"https:\\\/\\\/www.jornalja.com.br\\\/arquivo\\\/prefeitura-anuncia-comissao-para-reavaliar-inventario-de-imoveis-no-petropolis\\\/#mainImage\"},\"datePublished\":\"2017-08-29T17:45:15-03:00\",\"dateModified\":\"2017-08-29T17:45:15-03:00\"},{\"@type\":\"WebSite\",\"@id\":\"https:\\\/\\\/www.jornalja.com.br\\\/arquivo\\\/#website\",\"url\":\"https:\\\/\\\/www.jornalja.com.br\\\/arquivo\\\/\",\"name\":\"Arquivo\",\"description\":\"Jornal J\\u00c1 | Porto Alegre\",\"inLanguage\":\"pt-BR\",\"publisher\":{\"@id\":\"https:\\\/\\\/www.jornalja.com.br\\\/arquivo\\\/#organization\"}}]}\n\t\t<\/script>\n\t\t<!-- All in One SEO -->\n\n","aioseo_head_json":{"title":"Prefeitura cria comiss\u00e3o para reavaliar invent\u00e1rio de im\u00f3veis no Petr\u00f3polis | Arquivo","description":"","canonical_url":"https:\/\/www.jornalja.com.br\/arquivo\/prefeitura-anuncia-comissao-para-reavaliar-inventario-de-imoveis-no-petropolis\/","robots":"max-image-preview:large","keywords":"","webmasterTools":{"miscellaneous":""},"schema":{"@context":"https:\/\/schema.org","@graph":[{"@type":"BlogPosting","@id":"https:\/\/www.jornalja.com.br\/arquivo\/prefeitura-anuncia-comissao-para-reavaliar-inventario-de-imoveis-no-petropolis\/#blogposting","name":"Prefeitura cria comiss\u00e3o para reavaliar invent\u00e1rio de im\u00f3veis no Petr\u00f3polis | Arquivo","headline":"Prefeitura cria comiss\u00e3o para reavaliar invent\u00e1rio de im\u00f3veis no Petr\u00f3polis","author":{"@id":"https:\/\/www.jornalja.com.br\/arquivo\/author\/daredacao\/#author"},"publisher":{"@id":"https:\/\/www.jornalja.com.br\/arquivo\/#organization"},"image":{"@type":"ImageObject","url":54401},"datePublished":"2017-08-29T17:45:15-03:00","dateModified":"2017-08-29T17:45:15-03:00","inLanguage":"pt-BR","mainEntityOfPage":{"@id":"https:\/\/www.jornalja.com.br\/arquivo\/prefeitura-anuncia-comissao-para-reavaliar-inventario-de-imoveis-no-petropolis\/#webpage"},"isPartOf":{"@id":"https:\/\/www.jornalja.com.br\/arquivo\/prefeitura-anuncia-comissao-para-reavaliar-inventario-de-imoveis-no-petropolis\/#webpage"},"articleSection":"Geral"},{"@type":"BreadcrumbList","@id":"https:\/\/www.jornalja.com.br\/arquivo\/prefeitura-anuncia-comissao-para-reavaliar-inventario-de-imoveis-no-petropolis\/#breadcrumblist","itemListElement":[{"@type":"ListItem","@id":"https:\/\/www.jornalja.com.br\/arquivo#listItem","position":1,"name":"Home","item":"https:\/\/www.jornalja.com.br\/arquivo","nextItem":{"@type":"ListItem","@id":"https:\/\/www.jornalja.com.br\/arquivo\/category\/geral\/#listItem","name":"Geral"}},{"@type":"ListItem","@id":"https:\/\/www.jornalja.com.br\/arquivo\/category\/geral\/#listItem","position":2,"name":"Geral","item":"https:\/\/www.jornalja.com.br\/arquivo\/category\/geral\/","nextItem":{"@type":"ListItem","@id":"https:\/\/www.jornalja.com.br\/arquivo\/prefeitura-anuncia-comissao-para-reavaliar-inventario-de-imoveis-no-petropolis\/#listItem","name":"Prefeitura cria comiss\u00e3o para reavaliar invent\u00e1rio de im\u00f3veis no Petr\u00f3polis"},"previousItem":{"@type":"ListItem","@id":"https:\/\/www.jornalja.com.br\/arquivo#listItem","name":"Home"}},{"@type":"ListItem","@id":"https:\/\/www.jornalja.com.br\/arquivo\/prefeitura-anuncia-comissao-para-reavaliar-inventario-de-imoveis-no-petropolis\/#listItem","position":3,"name":"Prefeitura cria comiss\u00e3o para reavaliar invent\u00e1rio de im\u00f3veis no Petr\u00f3polis","previousItem":{"@type":"ListItem","@id":"https:\/\/www.jornalja.com.br\/arquivo\/category\/geral\/#listItem","name":"Geral"}}]},{"@type":"Organization","@id":"https:\/\/www.jornalja.com.br\/arquivo\/#organization","name":"Jornal J\u00c1","description":"Jornal J\u00c1 | Porto Alegre","url":"https:\/\/www.jornalja.com.br\/arquivo\/","telephone":"+555133307272","logo":{"@type":"ImageObject","url":"https:\/\/www.jornalja.com.br\/wp-content\/uploads\/cards\/JAslogan.png","@id":"https:\/\/www.jornalja.com.br\/arquivo\/prefeitura-anuncia-comissao-para-reavaliar-inventario-de-imoveis-no-petropolis\/#organizationLogo"},"image":{"@id":"https:\/\/www.jornalja.com.br\/arquivo\/prefeitura-anuncia-comissao-para-reavaliar-inventario-de-imoveis-no-petropolis\/#organizationLogo"}},{"@type":"Person","@id":"https:\/\/www.jornalja.com.br\/arquivo\/author\/daredacao\/#author","url":"https:\/\/www.jornalja.com.br\/arquivo\/author\/daredacao\/","name":"da Reda\u00e7\u00e3o","image":{"@type":"ImageObject","@id":"https:\/\/www.jornalja.com.br\/arquivo\/prefeitura-anuncia-comissao-para-reavaliar-inventario-de-imoveis-no-petropolis\/#authorImage","url":"https:\/\/secure.gravatar.com\/avatar\/469fd857d6605ad19919d27ed29d35a968a25f6e8fd9318356bbb7f57aae9c65?s=96&d=mm&r=g","width":96,"height":96,"caption":"da Reda\u00e7\u00e3o"}},{"@type":"WebPage","@id":"https:\/\/www.jornalja.com.br\/arquivo\/prefeitura-anuncia-comissao-para-reavaliar-inventario-de-imoveis-no-petropolis\/#webpage","url":"https:\/\/www.jornalja.com.br\/arquivo\/prefeitura-anuncia-comissao-para-reavaliar-inventario-de-imoveis-no-petropolis\/","name":"Prefeitura cria comiss\u00e3o para reavaliar invent\u00e1rio de im\u00f3veis no Petr\u00f3polis | Arquivo","inLanguage":"pt-BR","isPartOf":{"@id":"https:\/\/www.jornalja.com.br\/arquivo\/#website"},"breadcrumb":{"@id":"https:\/\/www.jornalja.com.br\/arquivo\/prefeitura-anuncia-comissao-para-reavaliar-inventario-de-imoveis-no-petropolis\/#breadcrumblist"},"author":{"@id":"https:\/\/www.jornalja.com.br\/arquivo\/author\/daredacao\/#author"},"creator":{"@id":"https:\/\/www.jornalja.com.br\/arquivo\/author\/daredacao\/#author"},"image":{"@type":"ImageObject","url":54401,"@id":"https:\/\/www.jornalja.com.br\/arquivo\/prefeitura-anuncia-comissao-para-reavaliar-inventario-de-imoveis-no-petropolis\/#mainImage"},"primaryImageOfPage":{"@id":"https:\/\/www.jornalja.com.br\/arquivo\/prefeitura-anuncia-comissao-para-reavaliar-inventario-de-imoveis-no-petropolis\/#mainImage"},"datePublished":"2017-08-29T17:45:15-03:00","dateModified":"2017-08-29T17:45:15-03:00"},{"@type":"WebSite","@id":"https:\/\/www.jornalja.com.br\/arquivo\/#website","url":"https:\/\/www.jornalja.com.br\/arquivo\/","name":"Arquivo","description":"Jornal J\u00c1 | Porto Alegre","inLanguage":"pt-BR","publisher":{"@id":"https:\/\/www.jornalja.com.br\/arquivo\/#organization"}}]},"og:locale":"pt_BR","og:site_name":"Arquivo | Jornal J\u00c1 | Porto Alegre","og:type":"article","og:title":"Prefeitura cria comiss\u00e3o para reavaliar invent\u00e1rio de im\u00f3veis no Petr\u00f3polis | Arquivo","og:url":"https:\/\/www.jornalja.com.br\/arquivo\/prefeitura-anuncia-comissao-para-reavaliar-inventario-de-imoveis-no-petropolis\/","og:image":"https:\/\/www.jornalja.com.br\/economics\/wp-content\/uploads\/sites\/11\/2026\/08\/ja-folhaderosto-facebook.jpg","og:image:secure_url":"https:\/\/www.jornalja.com.br\/economics\/wp-content\/uploads\/sites\/11\/2026\/08\/ja-folhaderosto-facebook.jpg","article:published_time":"2017-08-29T20:45:15+00:00","article:modified_time":"2017-08-29T20:45:15+00:00","twitter:card":"summary","twitter:title":"Prefeitura cria comiss\u00e3o para reavaliar invent\u00e1rio de im\u00f3veis no Petr\u00f3polis | Arquivo","twitter:image":"https:\/\/www.jornalja.com.br\/economics\/wp-content\/uploads\/sites\/11\/2026\/08\/ja-folhaderosto-facebook.jpg"},"aioseo_meta_data":{"post_id":"54400","title":null,"description":null,"keywords":null,"keyphrases":null,"primary_term":null,"canonical_url":null,"og_title":null,"og_description":null,"og_object_type":"default","og_image_type":"default","og_image_url":null,"og_image_width":null,"og_image_height":null,"og_image_custom_url":null,"og_image_custom_fields":null,"og_video":null,"og_custom_url":null,"og_article_section":null,"og_article_tags":null,"twitter_use_og":false,"twitter_card":"default","twitter_image_type":"default","twitter_image_url":null,"twitter_image_custom_url":null,"twitter_image_custom_fields":null,"twitter_title":null,"twitter_description":null,"schema":{"blockGraphs":[],"customGraphs":[],"default":{"data":{"Article":[],"Course":[],"Dataset":[],"FAQPage":[],"Movie":[],"Person":[],"Product":[],"ProductReview":[],"Car":[],"Recipe":[],"Service":[],"SoftwareApplication":[],"WebPage":[]},"graphName":"","isEnabled":true},"graphs":[],"defaultGraph":"","defaultPostTypeGraph":""},"schema_type":null,"schema_type_options":null,"pillar_content":false,"robots_default":true,"robots_noindex":false,"robots_noarchive":false,"robots_nosnippet":false,"robots_nofollow":false,"robots_noimageindex":false,"robots_noodp":false,"robots_notranslate":false,"robots_max_snippet":null,"robots_max_videopreview":null,"robots_max_imagepreview":"large","priority":null,"frequency":null,"location":null,"local_seo":null,"breadcrumb_settings":null,"limit_modified_date":false,"ai":null,"created":"2020-12-20 20:26:02","updated":"2025-07-20 00:41:06","seo_analyzer_scan_date":null,"focus_keyword":null,"additional_keywords":null,"truseo_locale":null},"jetpack_sharing_enabled":true,"jetpack-related-posts":[{"id":5440,"url":"https:\/\/www.jornalja.com.br\/arquivo\/casarao-da-venancio-destino-permanece-incerto\/","url_meta":{"origin":54400,"position":0},"title":"Estado ainda n\u00e3o sabe o que fazer com casar\u00e3o abandonado h\u00e1 20 anos","author":"Elmar Bones","date":"6 de julho de 2009","format":false,"excerpt":"O casar\u00e3o amarelo, numa esquina nobre de Porto Alegre (Ven\u00e2ncio Aires com Jo\u00e3o Pessoa), j\u00e1 abrigou uma escola. H\u00e1 duas d\u00e9cadas, pelo menos, est\u00e1 abandonado, porque seu propriet\u00e1rio, o governo do Estado do Rio Grande do Sul, n\u00e3o consegue achar um destino para ele. Planos n\u00e3o faltaram. O governador Ol\u00edvio\u2026","rel":"","context":"Em &quot;X.Categorias velhas&quot;","block_context":{"text":"X.Categorias velhas","link":"https:\/\/www.jornalja.com.br\/arquivo\/category\/x-categorias-velhas\/"},"img":{"alt_text":"geraldo1","src":"https:\/\/i0.wp.com\/www.jornalja.com.br\/wp-content\/uploads\/2009\/07\/geraldo1.jpg?resize=350%2C200&ssl=1","width":350,"height":200},"classes":[]},{"id":13124,"url":"https:\/\/www.jornalja.com.br\/arquivo\/sangue-latino-no-iecine\/","url_meta":{"origin":54400,"position":1},"title":"Sangue latino no IECINE","author":"da Reda\u00e7\u00e3o","date":"18 de maio de 2014","format":false,"excerpt":"Francisco Ribeiro O Instituto Estadual de Cinema (IECINE) tem a frente, desde abril \u00faltimo, um novo diretor, o cineasta colombiano Juan Zapata, 36, que substitui Luiz Alberto Cassol. Radicado h\u00e1 dez anos em Porto Alegre, Zapata tem diante de si o desafio de conduzir at\u00e9 o final do ano um\u2026","rel":"","context":"Em &quot;Cultura-Geral&quot;","block_context":{"text":"Cultura-Geral","link":"https:\/\/www.jornalja.com.br\/arquivo\/category\/materiasecundaria\/"},"img":{"alt_text":"","src":"","width":0,"height":0},"classes":[]},{"id":13240,"url":"https:\/\/www.jornalja.com.br\/arquivo\/plano-diretor-estamos-construindo-o-caos\/","url_meta":{"origin":54400,"position":2},"title":"Plano diretor: &quot;Estamos construindo o caos&quot;","author":"Patr\u00edcia Marini","date":"26 de maio de 2014","format":false,"excerpt":"Desabafo que arquiteta Eliana Castilhos, delegada da Regi\u00e3o de Planejamento 1, postou nas redes sociais \u00e9 um testemunho do ambiente que se criou no Conselho do Plano Diretor de Porto Alegre, onde a aprova\u00e7\u00e3o de grandes empreendimentos \u00e9 empurrada guela abaixo dos conselheiros. Ao CMDUA Como delegada da Regi\u00e3o de\u2026","rel":"","context":"Em &quot;Geral&quot;","block_context":{"text":"Geral","link":"https:\/\/www.jornalja.com.br\/arquivo\/category\/geral\/"},"img":{"alt_text":"","src":"","width":0,"height":0},"classes":[]},{"id":13101,"url":"https:\/\/www.jornalja.com.br\/arquivo\/morre-um-guerreiro-do-texto\/","url_meta":{"origin":54400,"position":3},"title":"Morre um guerreiro do texto","author":"Patr\u00edcia Marini","date":"14 de maio de 2014","format":false,"excerpt":"Por Ricardo Kotscho Reproduzido do blog do autor, 11\/5\/2014; t\u00edtulo original \u201cE l\u00e1 se foi o nosso Myltainho, guerreiro do texto\u201d. Mi\u00fado e franzino, meu amigo Myltainho era um valente e inconformado guerreiro na luta contra as injusti\u00e7as sociais, a hipocrisia, as maracutaias, o autoritarismo, a intoler\u00e2ncia, a viol\u00eancia, o\u2026","rel":"","context":"Em &quot;Geral&quot;","block_context":{"text":"Geral","link":"https:\/\/www.jornalja.com.br\/arquivo\/category\/geral\/"},"img":{"alt_text":"","src":"","width":0,"height":0},"classes":[]},{"id":13239,"url":"https:\/\/www.jornalja.com.br\/arquivo\/conselho-desdenha-do-plano-diretor\/","url_meta":{"origin":54400,"position":4},"title":"Porto Alegre: Conselho detona Plano Diretor","author":"Patr\u00edcia Marini","date":"25 de maio de 2014","format":false,"excerpt":"Den\u00fancia do arquiteto e \u00a0urbanista Ibir\u00e1 Santos Lucas. Ele diz que os conselheiros est\u00e3o votando com \"enorme irresponsabilidade\". \"Mudam regime com a maior naturalidade,,,regularizam absurdos de constru\u00e7\u00f5es irregulares... \"O CMDUA est\u00e1 flexibilizando a lei do plano diretor, de uma forma impactante na vida da cidade. Mudam regime com a maior\u2026","rel":"","context":"Em &quot;Geral&quot;","block_context":{"text":"Geral","link":"https:\/\/www.jornalja.com.br\/arquivo\/category\/geral\/"},"img":{"alt_text":"","src":"","width":0,"height":0},"classes":[]},{"id":12960,"url":"https:\/\/www.jornalja.com.br\/arquivo\/populacao-culpa-empresas-pela-greve-dos-rodoviarios\/","url_meta":{"origin":54400,"position":5},"title":"Popula\u00e7\u00e3o culpa empresas pela greve","author":"Patr\u00edcia Marini","date":"14 de fevereiro de 2014","format":false,"excerpt":"Pesquisa divulgada na edi\u00e7\u00e3o do jornal Metro desta sexta-feira,14, comprova o velho ditado: \u00e9 poss\u00edvel enganar muitos por algum tempo, mas n\u00e3o \u00e9 poss\u00edvel enganar a todos o tempo inteiro. A principal revela\u00e7\u00e3o foi que 59,8% dos entrevistados apontaram as empresas como as principais respons\u00e1veis pela grave e 46% culparam\u2026","rel":"","context":"Em &quot;X.Categorias velhas&quot;","block_context":{"text":"X.Categorias velhas","link":"https:\/\/www.jornalja.com.br\/arquivo\/category\/x-categorias-velhas\/"},"img":{"alt_text":"","src":"","width":0,"height":0},"classes":[]}],"jetpack_shortlink":"https:\/\/wp.me\/pbQjBd-e9q","jetpack_featured_media_url":"","_links":{"self":[{"href":"https:\/\/www.jornalja.com.br\/arquivo\/wp-json\/wp\/v2\/posts\/54400","targetHints":{"allow":["GET"]}}],"collection":[{"href":"https:\/\/www.jornalja.com.br\/arquivo\/wp-json\/wp\/v2\/posts"}],"about":[{"href":"https:\/\/www.jornalja.com.br\/arquivo\/wp-json\/wp\/v2\/types\/post"}],"author":[{"embeddable":true,"href":"https:\/\/www.jornalja.com.br\/arquivo\/wp-json\/wp\/v2\/users\/4"}],"replies":[{"embeddable":true,"href":"https:\/\/www.jornalja.com.br\/arquivo\/wp-json\/wp\/v2\/comments?post=54400"}],"version-history":[{"count":0,"href":"https:\/\/www.jornalja.com.br\/arquivo\/wp-json\/wp\/v2\/posts\/54400\/revisions"}],"wp:attachment":[{"href":"https:\/\/www.jornalja.com.br\/arquivo\/wp-json\/wp\/v2\/media?parent=54400"}],"wp:term":[{"taxonomy":"category","embeddable":true,"href":"https:\/\/www.jornalja.com.br\/arquivo\/wp-json\/wp\/v2\/categories?post=54400"},{"taxonomy":"post_tag","embeddable":true,"href":"https:\/\/www.jornalja.com.br\/arquivo\/wp-json\/wp\/v2\/tags?post=54400"}],"curies":[{"name":"wp","href":"https:\/\/api.w.org\/{rel}","templated":true}]}}