{"id":54424,"date":"2017-08-30T13:45:47","date_gmt":"2017-08-30T16:45:47","guid":{"rendered":"https:\/\/www.jornalja.com.br\/?p=54424"},"modified":"2017-08-30T13:45:47","modified_gmt":"2017-08-30T16:45:47","slug":"juiz-federal-suspende-qualquer-decreto-sobre-extincao-da-renca-na-amazonia","status":"publish","type":"post","link":"https:\/\/www.jornalja.com.br\/arquivo\/juiz-federal-suspende-qualquer-decreto-sobre-extincao-da-renca-na-amazonia\/","title":{"rendered":"Juiz federal suspende qualquer decreto sobre extin\u00e7\u00e3o da Renca na Amaz\u00f4nia"},"content":{"rendered":"<p>O juiz Rolando Spanholo, da 21\u00aa Vara Federal de Bras\u00edlia, determinou a suspens\u00e3o dos efeitos de \u201ctodo e qualquer ato administrativo tendente a extinguir a Reserva Nacional do Cobre e Associados (Renca)\u201d, localizada na Floresta Amaz\u00f4nica. A <a href=\"http:\/\/agenciabrasil.ebc.com.br\/geral\/noticia\/2017-08\/governo-extingue-reserva-nacional-do-cobre-e-associados\" target=\"_blank\" rel=\"noopener noreferrer\">reserva foi extinta por decreto do governo federal<\/a> no \u00faltimo dia 23 de agosto.<br \/>\nO magistrado atendeu a um pedido feito em a\u00e7\u00e3o popular aberta pelo cidad\u00e3o Ant\u00f4nio Carlos Fernandes, segundo a qual a \u00e1rea de prote\u00e7\u00e3o n\u00e3o poderia ser extinta por meio de decreto, mas somente por projeto de lei, como previsto na legisla\u00e7\u00e3o ambiental.<br \/>\nSpanholo destacou que o Artigo 255 da Constitui\u00e7\u00e3o determina que \u00e1reas de prote\u00e7\u00e3o ambiental, e expressamente as que fiquem na regi\u00e3o da Floresta Amaz\u00f4nica, s\u00f3 podem ser modificadas por projeto de lei aprovado pelo Poder Legislativo.<br \/>\nAp\u00f3s descrever o texto constitucional, o juiz afirma que \u201co nosso Constituinte deixou expresso que, ap\u00f3s outubro de 1988, somente lei em sentido formal poder\u00e1 impor mudan\u00e7as na forma de utiliza\u00e7\u00e3o dos recursos naturais\u201d.<br \/>\nA decis\u00e3o liminar do juiz foi proferida ontem (30), <a href=\"http:\/\/agenciabrasil.ebc.com.br\/politica\/noticia\/2017-08\/governo-vai-revogar-decreto-e-editar-nova-medida-descrevendo-extincao-da\" target=\"_blank\" rel=\"noopener noreferrer\">um dia depois de o governo federal anunciar que vai revogar o decreto da semana passada<\/a>, para substitu\u00ed-lo por um novo, mais detalhado, no qual pretende deixar claro n\u00e3o ser poss\u00edvel a explora\u00e7\u00e3o mineral em \u00e1reas ind\u00edgenas ou outras \u00e1reas de conserva\u00e7\u00e3o abarcadas pela Renca.<br \/>\nPara o juiz, o recuo anunciado \u201cseria apenas pontual (para explicitar garantias contra o desmatamento em massa etc.), isto \u00e9, que estaria mantido o prop\u00f3sito central da medida impugnada pelo autor: a extin\u00e7\u00e3o da Renca por meio de simples ato administrativo, sem a observ\u00e2ncia da garantia constitucional\u201d.<br \/>\nPor meio de comunicado enviado \u00e0 imprensa, a Advocacia-Geral da Uni\u00e3o (AGU) informou que vai recorrer da decis\u00e3o.<br \/>\n<span class=\"intertit\"><strong>Repercuss\u00e3o negativa<\/strong><\/span><br \/>\nA extin\u00e7\u00e3o da Renca por meio de decreto gerou questionamento de ambientalistas, celebridades, da popula\u00e7\u00e3o e da m\u00eddia internacional. &#8220;Vergonha! Est\u00e3o leiloando nossa Amaz\u00f4nia! N\u00e3o podemos destruir nossas \u00e1reas protegidas em prol de interesses privados&#8221;, escreveu no Twitter a modelo brasileira Gisele B\u00fcndchen dias depois da edi\u00e7\u00e3o do decreto. At\u00e9 o momento, a mensagem recebeu 9,2 mil curtidas e 6,6 mil retuites.<br \/>\nA \u00e1rea de prote\u00e7\u00e3o foi criada em 1984 pelo governo de Jo\u00e3o Figueiredo, \u00faltimo presidente do per\u00edodo militar. Na ocasi\u00e3o, foi definida a prote\u00e7\u00e3o da \u00e1rea de 47 mil quil\u00f4metros quadrados (km\u00b2), incrustada em uma regi\u00e3o entre os estados do Par\u00e1 e do Amap\u00e1.<br \/>\nDesde ent\u00e3o, a pesquisa mineral e a atividade econ\u00f4mica na \u00e1rea passaram a ser de responsabilidade da Companhia Brasileira de Recursos Minerais (CPRM \u2013 Servi\u00e7o Geol\u00f3gico Brasileiro) ou de empresas autorizadas pela companhia. Al\u00e9m do cobre, estudos geol\u00f3gicos apontam a exist\u00eancia de ouro, mangan\u00eas, ferro e outros min\u00e9rios na \u00e1rea.<br \/>\n<strong>D<\/strong><strong>a Ag\u00eancia Brasil<\/strong><\/p>\n","protected":false},"excerpt":{"rendered":"<p>O juiz Rolando Spanholo, da 21\u00aa Vara Federal de Bras\u00edlia, determinou a suspens\u00e3o dos efeitos de \u201ctodo e qualquer ato administrativo tendente a extinguir a Reserva Nacional do Cobre e Associados (Renca)\u201d, localizada na Floresta Amaz\u00f4nica. A reserva foi extinta por decreto do governo federal no \u00faltimo dia 23 de agosto. O magistrado atendeu a [&hellip;]<\/p>\n","protected":false},"author":4,"featured_media":0,"comment_status":"open","ping_status":"closed","sticky":false,"template":"","format":"standard","meta":{"_jetpack_newsletter_access":"","_jetpack_dont_email_post_to_subs":false,"_jetpack_newsletter_tier_id":0,"_jetpack_memberships_contains_paywalled_content":false,"_jetpack_feature_clip_id":0,"_jetpack_memberships_contains_paid_content":false,"footnotes":"","jetpack_post_was_ever_published":false},"categories":[2022],"tags":[],"class_list":["post-54424","post","type-post","status-publish","format-standard","hentry","category-notas"],"aioseo_notices":[],"aioseo_head":"\n\t\t<!-- All in One SEO 5.0.1.1 - aioseo.com -->\n\t<meta name=\"robots\" content=\"max-image-preview:large\" \/>\n\t<meta name=\"author\" content=\"da Reda\u00e7\u00e3o\"\/>\n\t<link rel=\"canonical\" href=\"https:\/\/www.jornalja.com.br\/arquivo\/juiz-federal-suspende-qualquer-decreto-sobre-extincao-da-renca-na-amazonia\/\" \/>\n\t<meta name=\"generator\" content=\"All in One SEO (AIOSEO) 5.0.1.1\" \/>\n\t\t<meta property=\"og:locale\" content=\"pt_BR\" \/>\n\t\t<meta property=\"og:site_name\" content=\"Arquivo | Jornal J\u00c1 | Porto Alegre\" \/>\n\t\t<meta property=\"og:type\" content=\"article\" \/>\n\t\t<meta property=\"og:title\" content=\"Juiz federal suspende qualquer decreto sobre extin\u00e7\u00e3o da Renca na Amaz\u00f4nia | Arquivo\" \/>\n\t\t<meta property=\"og:url\" content=\"https:\/\/www.jornalja.com.br\/arquivo\/juiz-federal-suspende-qualquer-decreto-sobre-extincao-da-renca-na-amazonia\/\" \/>\n\t\t<meta property=\"og:image\" content=\"https:\/\/www.jornalja.com.br\/economics\/wp-content\/uploads\/sites\/11\/2026\/08\/ja-folhaderosto-facebook.jpg\" \/>\n\t\t<meta property=\"og:image:secure_url\" content=\"https:\/\/www.jornalja.com.br\/economics\/wp-content\/uploads\/sites\/11\/2026\/08\/ja-folhaderosto-facebook.jpg\" \/>\n\t\t<meta property=\"article:published_time\" content=\"2017-08-30T16:45:47+00:00\" \/>\n\t\t<meta property=\"article:modified_time\" content=\"2017-08-30T16:45:47+00:00\" \/>\n\t\t<meta name=\"twitter:card\" content=\"summary\" \/>\n\t\t<meta name=\"twitter:title\" content=\"Juiz federal suspende qualquer decreto sobre extin\u00e7\u00e3o da Renca na Amaz\u00f4nia | Arquivo\" \/>\n\t\t<meta name=\"twitter:image\" content=\"https:\/\/www.jornalja.com.br\/economics\/wp-content\/uploads\/sites\/11\/2026\/08\/ja-folhaderosto-facebook.jpg\" \/>\n\t\t<script type=\"application\/ld+json\" class=\"aioseo-schema\">\n\t\t\t{\"@context\":\"https:\\\/\\\/schema.org\",\"@graph\":[{\"@type\":\"BlogPosting\",\"@id\":\"https:\\\/\\\/www.jornalja.com.br\\\/arquivo\\\/juiz-federal-suspende-qualquer-decreto-sobre-extincao-da-renca-na-amazonia\\\/#blogposting\",\"name\":\"Juiz federal suspende qualquer decreto sobre extin\\u00e7\\u00e3o da Renca na Amaz\\u00f4nia | Arquivo\",\"headline\":\"Juiz federal suspende qualquer decreto sobre extin\\u00e7\\u00e3o da Renca na Amaz\\u00f4nia\",\"author\":{\"@id\":\"https:\\\/\\\/www.jornalja.com.br\\\/arquivo\\\/author\\\/daredacao\\\/#author\"},\"publisher\":{\"@id\":\"https:\\\/\\\/www.jornalja.com.br\\\/arquivo\\\/#organization\"},\"image\":{\"@type\":\"ImageObject\",\"url\":\"https:\\\/\\\/www.jornalja.com.br\\\/wp-content\\\/uploads\\\/cards\\\/JAslogan.png\",\"@id\":\"https:\\\/\\\/www.jornalja.com.br\\\/arquivo\\\/#articleImage\"},\"datePublished\":\"2017-08-30T13:45:47-03:00\",\"dateModified\":\"2017-08-30T13:45:47-03:00\",\"inLanguage\":\"pt-BR\",\"mainEntityOfPage\":{\"@id\":\"https:\\\/\\\/www.jornalja.com.br\\\/arquivo\\\/juiz-federal-suspende-qualquer-decreto-sobre-extincao-da-renca-na-amazonia\\\/#webpage\"},\"isPartOf\":{\"@id\":\"https:\\\/\\\/www.jornalja.com.br\\\/arquivo\\\/juiz-federal-suspende-qualquer-decreto-sobre-extincao-da-renca-na-amazonia\\\/#webpage\"},\"articleSection\":\"NOTAS\"},{\"@type\":\"BreadcrumbList\",\"@id\":\"https:\\\/\\\/www.jornalja.com.br\\\/arquivo\\\/juiz-federal-suspende-qualquer-decreto-sobre-extincao-da-renca-na-amazonia\\\/#breadcrumblist\",\"itemListElement\":[{\"@type\":\"ListItem\",\"@id\":\"https:\\\/\\\/www.jornalja.com.br\\\/arquivo#listItem\",\"position\":1,\"name\":\"Home\",\"item\":\"https:\\\/\\\/www.jornalja.com.br\\\/arquivo\",\"nextItem\":{\"@type\":\"ListItem\",\"@id\":\"https:\\\/\\\/www.jornalja.com.br\\\/arquivo\\\/category\\\/notas\\\/#listItem\",\"name\":\"NOTAS\"}},{\"@type\":\"ListItem\",\"@id\":\"https:\\\/\\\/www.jornalja.com.br\\\/arquivo\\\/category\\\/notas\\\/#listItem\",\"position\":2,\"name\":\"NOTAS\",\"item\":\"https:\\\/\\\/www.jornalja.com.br\\\/arquivo\\\/category\\\/notas\\\/\",\"nextItem\":{\"@type\":\"ListItem\",\"@id\":\"https:\\\/\\\/www.jornalja.com.br\\\/arquivo\\\/juiz-federal-suspende-qualquer-decreto-sobre-extincao-da-renca-na-amazonia\\\/#listItem\",\"name\":\"Juiz federal suspende qualquer decreto sobre extin\\u00e7\\u00e3o da Renca na Amaz\\u00f4nia\"},\"previousItem\":{\"@type\":\"ListItem\",\"@id\":\"https:\\\/\\\/www.jornalja.com.br\\\/arquivo#listItem\",\"name\":\"Home\"}},{\"@type\":\"ListItem\",\"@id\":\"https:\\\/\\\/www.jornalja.com.br\\\/arquivo\\\/juiz-federal-suspende-qualquer-decreto-sobre-extincao-da-renca-na-amazonia\\\/#listItem\",\"position\":3,\"name\":\"Juiz federal suspende qualquer decreto sobre extin\\u00e7\\u00e3o da Renca na Amaz\\u00f4nia\",\"previousItem\":{\"@type\":\"ListItem\",\"@id\":\"https:\\\/\\\/www.jornalja.com.br\\\/arquivo\\\/category\\\/notas\\\/#listItem\",\"name\":\"NOTAS\"}}]},{\"@type\":\"Organization\",\"@id\":\"https:\\\/\\\/www.jornalja.com.br\\\/arquivo\\\/#organization\",\"name\":\"Jornal J\\u00c1\",\"description\":\"Jornal J\\u00c1 | Porto Alegre\",\"url\":\"https:\\\/\\\/www.jornalja.com.br\\\/arquivo\\\/\",\"telephone\":\"+555133307272\",\"logo\":{\"@type\":\"ImageObject\",\"url\":\"https:\\\/\\\/www.jornalja.com.br\\\/wp-content\\\/uploads\\\/cards\\\/JAslogan.png\",\"@id\":\"https:\\\/\\\/www.jornalja.com.br\\\/arquivo\\\/juiz-federal-suspende-qualquer-decreto-sobre-extincao-da-renca-na-amazonia\\\/#organizationLogo\"},\"image\":{\"@id\":\"https:\\\/\\\/www.jornalja.com.br\\\/arquivo\\\/juiz-federal-suspende-qualquer-decreto-sobre-extincao-da-renca-na-amazonia\\\/#organizationLogo\"}},{\"@type\":\"Person\",\"@id\":\"https:\\\/\\\/www.jornalja.com.br\\\/arquivo\\\/author\\\/daredacao\\\/#author\",\"url\":\"https:\\\/\\\/www.jornalja.com.br\\\/arquivo\\\/author\\\/daredacao\\\/\",\"name\":\"da Reda\\u00e7\\u00e3o\",\"image\":{\"@type\":\"ImageObject\",\"@id\":\"https:\\\/\\\/www.jornalja.com.br\\\/arquivo\\\/juiz-federal-suspende-qualquer-decreto-sobre-extincao-da-renca-na-amazonia\\\/#authorImage\",\"url\":\"https:\\\/\\\/secure.gravatar.com\\\/avatar\\\/469fd857d6605ad19919d27ed29d35a968a25f6e8fd9318356bbb7f57aae9c65?s=96&d=mm&r=g\",\"width\":96,\"height\":96,\"caption\":\"da Reda\\u00e7\\u00e3o\"}},{\"@type\":\"WebPage\",\"@id\":\"https:\\\/\\\/www.jornalja.com.br\\\/arquivo\\\/juiz-federal-suspende-qualquer-decreto-sobre-extincao-da-renca-na-amazonia\\\/#webpage\",\"url\":\"https:\\\/\\\/www.jornalja.com.br\\\/arquivo\\\/juiz-federal-suspende-qualquer-decreto-sobre-extincao-da-renca-na-amazonia\\\/\",\"name\":\"Juiz federal suspende qualquer decreto sobre extin\\u00e7\\u00e3o da Renca na Amaz\\u00f4nia | Arquivo\",\"inLanguage\":\"pt-BR\",\"isPartOf\":{\"@id\":\"https:\\\/\\\/www.jornalja.com.br\\\/arquivo\\\/#website\"},\"breadcrumb\":{\"@id\":\"https:\\\/\\\/www.jornalja.com.br\\\/arquivo\\\/juiz-federal-suspende-qualquer-decreto-sobre-extincao-da-renca-na-amazonia\\\/#breadcrumblist\"},\"author\":{\"@id\":\"https:\\\/\\\/www.jornalja.com.br\\\/arquivo\\\/author\\\/daredacao\\\/#author\"},\"creator\":{\"@id\":\"https:\\\/\\\/www.jornalja.com.br\\\/arquivo\\\/author\\\/daredacao\\\/#author\"},\"datePublished\":\"2017-08-30T13:45:47-03:00\",\"dateModified\":\"2017-08-30T13:45:47-03:00\"},{\"@type\":\"WebSite\",\"@id\":\"https:\\\/\\\/www.jornalja.com.br\\\/arquivo\\\/#website\",\"url\":\"https:\\\/\\\/www.jornalja.com.br\\\/arquivo\\\/\",\"name\":\"Arquivo\",\"description\":\"Jornal J\\u00c1 | Porto Alegre\",\"inLanguage\":\"pt-BR\",\"publisher\":{\"@id\":\"https:\\\/\\\/www.jornalja.com.br\\\/arquivo\\\/#organization\"}}]}\n\t\t<\/script>\n\t\t<!-- All in One SEO -->\n\n","aioseo_head_json":{"title":"Juiz federal suspende qualquer decreto sobre extin\u00e7\u00e3o da Renca na Amaz\u00f4nia | Arquivo","description":"","canonical_url":"https:\/\/www.jornalja.com.br\/arquivo\/juiz-federal-suspende-qualquer-decreto-sobre-extincao-da-renca-na-amazonia\/","robots":"max-image-preview:large","keywords":"","webmasterTools":{"miscellaneous":""},"schema":{"@context":"https:\/\/schema.org","@graph":[{"@type":"BlogPosting","@id":"https:\/\/www.jornalja.com.br\/arquivo\/juiz-federal-suspende-qualquer-decreto-sobre-extincao-da-renca-na-amazonia\/#blogposting","name":"Juiz federal suspende qualquer decreto sobre extin\u00e7\u00e3o da Renca na Amaz\u00f4nia | Arquivo","headline":"Juiz federal suspende qualquer decreto sobre extin\u00e7\u00e3o da Renca na Amaz\u00f4nia","author":{"@id":"https:\/\/www.jornalja.com.br\/arquivo\/author\/daredacao\/#author"},"publisher":{"@id":"https:\/\/www.jornalja.com.br\/arquivo\/#organization"},"image":{"@type":"ImageObject","url":"https:\/\/www.jornalja.com.br\/wp-content\/uploads\/cards\/JAslogan.png","@id":"https:\/\/www.jornalja.com.br\/arquivo\/#articleImage"},"datePublished":"2017-08-30T13:45:47-03:00","dateModified":"2017-08-30T13:45:47-03:00","inLanguage":"pt-BR","mainEntityOfPage":{"@id":"https:\/\/www.jornalja.com.br\/arquivo\/juiz-federal-suspende-qualquer-decreto-sobre-extincao-da-renca-na-amazonia\/#webpage"},"isPartOf":{"@id":"https:\/\/www.jornalja.com.br\/arquivo\/juiz-federal-suspende-qualquer-decreto-sobre-extincao-da-renca-na-amazonia\/#webpage"},"articleSection":"NOTAS"},{"@type":"BreadcrumbList","@id":"https:\/\/www.jornalja.com.br\/arquivo\/juiz-federal-suspende-qualquer-decreto-sobre-extincao-da-renca-na-amazonia\/#breadcrumblist","itemListElement":[{"@type":"ListItem","@id":"https:\/\/www.jornalja.com.br\/arquivo#listItem","position":1,"name":"Home","item":"https:\/\/www.jornalja.com.br\/arquivo","nextItem":{"@type":"ListItem","@id":"https:\/\/www.jornalja.com.br\/arquivo\/category\/notas\/#listItem","name":"NOTAS"}},{"@type":"ListItem","@id":"https:\/\/www.jornalja.com.br\/arquivo\/category\/notas\/#listItem","position":2,"name":"NOTAS","item":"https:\/\/www.jornalja.com.br\/arquivo\/category\/notas\/","nextItem":{"@type":"ListItem","@id":"https:\/\/www.jornalja.com.br\/arquivo\/juiz-federal-suspende-qualquer-decreto-sobre-extincao-da-renca-na-amazonia\/#listItem","name":"Juiz federal suspende qualquer decreto sobre extin\u00e7\u00e3o da Renca na Amaz\u00f4nia"},"previousItem":{"@type":"ListItem","@id":"https:\/\/www.jornalja.com.br\/arquivo#listItem","name":"Home"}},{"@type":"ListItem","@id":"https:\/\/www.jornalja.com.br\/arquivo\/juiz-federal-suspende-qualquer-decreto-sobre-extincao-da-renca-na-amazonia\/#listItem","position":3,"name":"Juiz federal suspende qualquer decreto sobre extin\u00e7\u00e3o da Renca na Amaz\u00f4nia","previousItem":{"@type":"ListItem","@id":"https:\/\/www.jornalja.com.br\/arquivo\/category\/notas\/#listItem","name":"NOTAS"}}]},{"@type":"Organization","@id":"https:\/\/www.jornalja.com.br\/arquivo\/#organization","name":"Jornal J\u00c1","description":"Jornal J\u00c1 | Porto Alegre","url":"https:\/\/www.jornalja.com.br\/arquivo\/","telephone":"+555133307272","logo":{"@type":"ImageObject","url":"https:\/\/www.jornalja.com.br\/wp-content\/uploads\/cards\/JAslogan.png","@id":"https:\/\/www.jornalja.com.br\/arquivo\/juiz-federal-suspende-qualquer-decreto-sobre-extincao-da-renca-na-amazonia\/#organizationLogo"},"image":{"@id":"https:\/\/www.jornalja.com.br\/arquivo\/juiz-federal-suspende-qualquer-decreto-sobre-extincao-da-renca-na-amazonia\/#organizationLogo"}},{"@type":"Person","@id":"https:\/\/www.jornalja.com.br\/arquivo\/author\/daredacao\/#author","url":"https:\/\/www.jornalja.com.br\/arquivo\/author\/daredacao\/","name":"da Reda\u00e7\u00e3o","image":{"@type":"ImageObject","@id":"https:\/\/www.jornalja.com.br\/arquivo\/juiz-federal-suspende-qualquer-decreto-sobre-extincao-da-renca-na-amazonia\/#authorImage","url":"https:\/\/secure.gravatar.com\/avatar\/469fd857d6605ad19919d27ed29d35a968a25f6e8fd9318356bbb7f57aae9c65?s=96&d=mm&r=g","width":96,"height":96,"caption":"da Reda\u00e7\u00e3o"}},{"@type":"WebPage","@id":"https:\/\/www.jornalja.com.br\/arquivo\/juiz-federal-suspende-qualquer-decreto-sobre-extincao-da-renca-na-amazonia\/#webpage","url":"https:\/\/www.jornalja.com.br\/arquivo\/juiz-federal-suspende-qualquer-decreto-sobre-extincao-da-renca-na-amazonia\/","name":"Juiz federal suspende qualquer decreto sobre extin\u00e7\u00e3o da Renca na Amaz\u00f4nia | Arquivo","inLanguage":"pt-BR","isPartOf":{"@id":"https:\/\/www.jornalja.com.br\/arquivo\/#website"},"breadcrumb":{"@id":"https:\/\/www.jornalja.com.br\/arquivo\/juiz-federal-suspende-qualquer-decreto-sobre-extincao-da-renca-na-amazonia\/#breadcrumblist"},"author":{"@id":"https:\/\/www.jornalja.com.br\/arquivo\/author\/daredacao\/#author"},"creator":{"@id":"https:\/\/www.jornalja.com.br\/arquivo\/author\/daredacao\/#author"},"datePublished":"2017-08-30T13:45:47-03:00","dateModified":"2017-08-30T13:45:47-03:00"},{"@type":"WebSite","@id":"https:\/\/www.jornalja.com.br\/arquivo\/#website","url":"https:\/\/www.jornalja.com.br\/arquivo\/","name":"Arquivo","description":"Jornal J\u00c1 | Porto Alegre","inLanguage":"pt-BR","publisher":{"@id":"https:\/\/www.jornalja.com.br\/arquivo\/#organization"}}]},"og:locale":"pt_BR","og:site_name":"Arquivo | Jornal J\u00c1 | Porto Alegre","og:type":"article","og:title":"Juiz federal suspende qualquer decreto sobre extin\u00e7\u00e3o da Renca na Amaz\u00f4nia | Arquivo","og:url":"https:\/\/www.jornalja.com.br\/arquivo\/juiz-federal-suspende-qualquer-decreto-sobre-extincao-da-renca-na-amazonia\/","og:image":"https:\/\/www.jornalja.com.br\/economics\/wp-content\/uploads\/sites\/11\/2026\/08\/ja-folhaderosto-facebook.jpg","og:image:secure_url":"https:\/\/www.jornalja.com.br\/economics\/wp-content\/uploads\/sites\/11\/2026\/08\/ja-folhaderosto-facebook.jpg","article:published_time":"2017-08-30T16:45:47+00:00","article:modified_time":"2017-08-30T16:45:47+00:00","twitter:card":"summary","twitter:title":"Juiz federal suspende qualquer decreto sobre extin\u00e7\u00e3o da Renca na Amaz\u00f4nia | Arquivo","twitter:image":"https:\/\/www.jornalja.com.br\/economics\/wp-content\/uploads\/sites\/11\/2026\/08\/ja-folhaderosto-facebook.jpg"},"aioseo_meta_data":{"post_id":"54424","title":null,"description":null,"keywords":null,"keyphrases":null,"primary_term":null,"canonical_url":null,"og_title":null,"og_description":null,"og_object_type":"default","og_image_type":"default","og_image_url":null,"og_image_width":null,"og_image_height":null,"og_image_custom_url":null,"og_image_custom_fields":null,"og_video":null,"og_custom_url":null,"og_article_section":null,"og_article_tags":null,"twitter_use_og":false,"twitter_card":"default","twitter_image_type":"default","twitter_image_url":null,"twitter_image_custom_url":null,"twitter_image_custom_fields":null,"twitter_title":null,"twitter_description":null,"schema":{"blockGraphs":[],"customGraphs":[],"default":{"data":{"Article":[],"Course":[],"Dataset":[],"FAQPage":[],"Movie":[],"Person":[],"Product":[],"ProductReview":[],"Car":[],"Recipe":[],"Service":[],"SoftwareApplication":[],"WebPage":[]},"graphName":"","isEnabled":true},"graphs":[],"defaultGraph":"","defaultPostTypeGraph":""},"schema_type":null,"schema_type_options":null,"pillar_content":false,"robots_default":true,"robots_noindex":false,"robots_noarchive":false,"robots_nosnippet":false,"robots_nofollow":false,"robots_noimageindex":false,"robots_noodp":false,"robots_notranslate":false,"robots_max_snippet":null,"robots_max_videopreview":null,"robots_max_imagepreview":"large","priority":null,"frequency":null,"location":null,"local_seo":null,"breadcrumb_settings":null,"limit_modified_date":false,"ai":null,"created":"2020-12-20 20:26:01","updated":"2025-07-20 00:41:06","seo_analyzer_scan_date":null,"focus_keyword":null,"additional_keywords":null,"truseo_locale":null},"jetpack_sharing_enabled":true,"jetpack-related-posts":[{"id":13109,"url":"https:\/\/www.jornalja.com.br\/arquivo\/judiciario-reconhece-poluicao-eletromagnetica\/","url_meta":{"origin":54424,"position":0},"title":"Judici\u00e1rio reconhece polui\u00e7\u00e3o eletromagn\u00e9tica","author":"Patr\u00edcia Marini","date":"16 de maio de 2014","format":false,"excerpt":"A\u00e7\u00e3o de duas associa\u00e7\u00f5es de moradores foi acolhida pelo Tribunal de Justi\u00e7a de S\u00e3o Paulo que. em decis\u00e3o in\u00e9dita, determinou a redu\u00e7\u00e3o do campo eletromagn\u00e9tico gerado pelas linhas de transmiss\u00e3o de energia que cortam os bairros City Boa\u00e7ava e Alto de Pinheiros. \u00c9 a primeira vez que um tribunal do\u2026","rel":"","context":"Em &quot;X.Categorias velhas&quot;","block_context":{"text":"X.Categorias velhas","link":"https:\/\/www.jornalja.com.br\/arquivo\/category\/x-categorias-velhas\/"},"img":{"alt_text":"","src":"","width":0,"height":0},"classes":[]},{"id":13128,"url":"https:\/\/www.jornalja.com.br\/arquivo\/maconha-terra-diz-que-uso-medicinal-e-desculpa\/","url_meta":{"origin":54424,"position":1},"title":"Maconha: Terra diz que uso medicinal \u00e9 desculpa","author":"Patr\u00edcia Marini","date":"4 de junho de 2014","format":false,"excerpt":"A condi\u00e7\u00e3o de pol\u00edtico, em \u00e9poca de campanha de campanha eleitoral, tira for\u00e7a do discurso do m\u00e9dico Osmar Terra contra a legaliza\u00e7\u00e3o da maconha. A tese dele de que a libera\u00e7\u00e3o vai ampliar exponencialmente o consumo \u00e9 discutivel, o consumo \u00e9 corrente. Mas seus alertas quanto aos riscos tem que\u2026","rel":"","context":"Em &quot;X.Categorias velhas&quot;","block_context":{"text":"X.Categorias velhas","link":"https:\/\/www.jornalja.com.br\/arquivo\/category\/x-categorias-velhas\/"},"img":{"alt_text":"","src":"","width":0,"height":0},"classes":[]},{"id":13240,"url":"https:\/\/www.jornalja.com.br\/arquivo\/plano-diretor-estamos-construindo-o-caos\/","url_meta":{"origin":54424,"position":2},"title":"Plano diretor: &quot;Estamos construindo o caos&quot;","author":"Patr\u00edcia Marini","date":"26 de maio de 2014","format":false,"excerpt":"Desabafo que arquiteta Eliana Castilhos, delegada da Regi\u00e3o de Planejamento 1, postou nas redes sociais \u00e9 um testemunho do ambiente que se criou no Conselho do Plano Diretor de Porto Alegre, onde a aprova\u00e7\u00e3o de grandes empreendimentos \u00e9 empurrada guela abaixo dos conselheiros. Ao CMDUA Como delegada da Regi\u00e3o de\u2026","rel":"","context":"Em &quot;Geral&quot;","block_context":{"text":"Geral","link":"https:\/\/www.jornalja.com.br\/arquivo\/category\/geral\/"},"img":{"alt_text":"","src":"","width":0,"height":0},"classes":[]},{"id":13124,"url":"https:\/\/www.jornalja.com.br\/arquivo\/sangue-latino-no-iecine\/","url_meta":{"origin":54424,"position":3},"title":"Sangue latino no IECINE","author":"da Reda\u00e7\u00e3o","date":"18 de maio de 2014","format":false,"excerpt":"Francisco Ribeiro O Instituto Estadual de Cinema (IECINE) tem a frente, desde abril \u00faltimo, um novo diretor, o cineasta colombiano Juan Zapata, 36, que substitui Luiz Alberto Cassol. Radicado h\u00e1 dez anos em Porto Alegre, Zapata tem diante de si o desafio de conduzir at\u00e9 o final do ano um\u2026","rel":"","context":"Em &quot;Cultura-Geral&quot;","block_context":{"text":"Cultura-Geral","link":"https:\/\/www.jornalja.com.br\/arquivo\/category\/materiasecundaria\/"},"img":{"alt_text":"","src":"","width":0,"height":0},"classes":[]},{"id":14241,"url":"https:\/\/www.jornalja.com.br\/arquivo\/o-guaiba-nas-imagens-poeticas-de-achutti\/","url_meta":{"origin":54424,"position":4},"title":"O Gua\u00edba nas imagens po\u00e9ticas de Achutti","author":"da Reda\u00e7\u00e3o","date":"18 de junho de 2014","format":false,"excerpt":"Em \u201cO Gua\u00edba por Achutti\u201d \u2013 obra financiada via Minist\u00e9rio da Cultura, produ\u00e7\u00e3o executiva de Pedro Longhi, e Fl\u00e1vio Wild como designer \u2013, o fot\u00f3grafo revela a beleza e as mazelas de um espa\u00e7o aqu\u00e1tico de \u00e1guas sempre renovadas, cheio de hist\u00f3rias e lendas como as das cidades que foram\u2026","rel":"","context":"Em &quot;Cultura-Geral&quot;","block_context":{"text":"Cultura-Geral","link":"https:\/\/www.jornalja.com.br\/arquivo\/category\/materiasecundaria\/"},"img":{"alt_text":"","src":"","width":0,"height":0},"classes":[]},{"id":13239,"url":"https:\/\/www.jornalja.com.br\/arquivo\/conselho-desdenha-do-plano-diretor\/","url_meta":{"origin":54424,"position":5},"title":"Porto Alegre: Conselho detona Plano Diretor","author":"Patr\u00edcia Marini","date":"25 de maio de 2014","format":false,"excerpt":"Den\u00fancia do arquiteto e \u00a0urbanista Ibir\u00e1 Santos Lucas. Ele diz que os conselheiros est\u00e3o votando com \"enorme irresponsabilidade\". \"Mudam regime com a maior naturalidade,,,regularizam absurdos de constru\u00e7\u00f5es irregulares... \"O CMDUA est\u00e1 flexibilizando a lei do plano diretor, de uma forma impactante na vida da cidade. Mudam regime com a maior\u2026","rel":"","context":"Em &quot;Geral&quot;","block_context":{"text":"Geral","link":"https:\/\/www.jornalja.com.br\/arquivo\/category\/geral\/"},"img":{"alt_text":"","src":"","width":0,"height":0},"classes":[]}],"jetpack_shortlink":"https:\/\/wp.me\/pbQjBd-e9O","jetpack_featured_media_url":"","_links":{"self":[{"href":"https:\/\/www.jornalja.com.br\/arquivo\/wp-json\/wp\/v2\/posts\/54424","targetHints":{"allow":["GET"]}}],"collection":[{"href":"https:\/\/www.jornalja.com.br\/arquivo\/wp-json\/wp\/v2\/posts"}],"about":[{"href":"https:\/\/www.jornalja.com.br\/arquivo\/wp-json\/wp\/v2\/types\/post"}],"author":[{"embeddable":true,"href":"https:\/\/www.jornalja.com.br\/arquivo\/wp-json\/wp\/v2\/users\/4"}],"replies":[{"embeddable":true,"href":"https:\/\/www.jornalja.com.br\/arquivo\/wp-json\/wp\/v2\/comments?post=54424"}],"version-history":[{"count":0,"href":"https:\/\/www.jornalja.com.br\/arquivo\/wp-json\/wp\/v2\/posts\/54424\/revisions"}],"wp:attachment":[{"href":"https:\/\/www.jornalja.com.br\/arquivo\/wp-json\/wp\/v2\/media?parent=54424"}],"wp:term":[{"taxonomy":"category","embeddable":true,"href":"https:\/\/www.jornalja.com.br\/arquivo\/wp-json\/wp\/v2\/categories?post=54424"},{"taxonomy":"post_tag","embeddable":true,"href":"https:\/\/www.jornalja.com.br\/arquivo\/wp-json\/wp\/v2\/tags?post=54424"}],"curies":[{"name":"wp","href":"https:\/\/api.w.org\/{rel}","templated":true}]}}