{"id":54441,"date":"2017-08-30T17:49:21","date_gmt":"2017-08-30T20:49:21","guid":{"rendered":"https:\/\/www.jornalja.com.br\/?p=54441"},"modified":"2017-08-30T17:49:21","modified_gmt":"2017-08-30T20:49:21","slug":"rs-registra-114-ataques-a-bancos-e-caixas-eletronicos-em-2017","status":"publish","type":"post","link":"https:\/\/www.jornalja.com.br\/arquivo\/rs-registra-114-ataques-a-bancos-e-caixas-eletronicos-em-2017\/","title":{"rendered":"RS registra 114 ataques a bancos e caixas eletr\u00f4nicos at\u00e9 agosto"},"content":{"rendered":"<p>De janeiro a junho de 2017, foram 99 ataques a bancos e caixas eletr\u00f4nicos no Rio Grande do Sul, segundo a estat\u00edstica da Secret\u00e1ria de Seguran\u00e7a.<br \/>\nJ\u00e1 em julho e agosto, um levantamento do Sindibanc\u00e1rios mostra que ocorreram mais 15 casos de assaltos a bancos e arrombamentos de caixas eletr\u00f4nicos.<br \/>\nOs ataques que mais preocupam s\u00e3o aqueles com uso de explosivos e da modalidade intitulada como \u201cNovo Canga\u00e7o\u201d.<br \/>\nSomente este ano j\u00e1 foram 34 ataques com explosivos e 16 de quadrilhas com t\u00e1ticas \u201ccangaceiras\u201d.<br \/>\nO delegado Joel Wagner, da Delegacia de Roubos do Departamento Estadual de Investiga\u00e7\u00f5es Criminais (DEIC) diz que a pol\u00edcia est\u00e1 trabalhando de maneira incessante no combate a esses crimes. \u201cJ\u00e1 fizemos ao menos tr\u00eas opera\u00e7\u00f5es grandes neste ano visando investigar esses crimes\u201d, diz.<br \/>\n<span class=\"intertit\">O novo canga\u00e7o ataca no interior<\/span><br \/>\nAs a\u00e7\u00f5es criminosas est\u00e3o cada vez mais violentas e mostram a ousadia e a organiza\u00e7\u00e3o das quadrilhas especializadas.<br \/>\nO principal alvo s\u00e3o cidades do interior. Cidades com menos de 30 mil habitantes e que tem um ou dois PMs por turno.<br \/>\nMotorizados, armados de fuzis e pistolas, os \u201ccangaceiros\u201d modernos sitiam esses munic\u00edpios. A a\u00e7\u00e3o acontece quase sempre da mesma forma. Um grupo segue at\u00e9 o destacamento da Pol\u00edcia Militar e criva de balas as paredes do pr\u00e9dio e as viaturas no local. Enquanto isso, outra parte da quadrilha explode a ag\u00eancia banc\u00e1ria.<br \/>\nS\u00e3o necess\u00e1rios menos de 30 minutos. Apenas o tempo suficiente para estourar (geralmente com dinamite) os caixas eletr\u00f4nicos e cofres do banco e partir mata adentro.<br \/>\nA a\u00e7\u00e3o parece ser planejada com semanas de anteced\u00eancia. Caminhos de fuga, hor\u00e1rios da pol\u00edcia e da movimenta\u00e7\u00e3o do dinheiro nos bancos tamb\u00e9m s\u00e3o estudados.<br \/>\nNos ataques acontecem arrombamentos, explos\u00f5es, extors\u00f5es e sequestros.<br \/>\nUma das a\u00e7\u00f5es mais ousadas ocorreu no natal passado. Em S\u00e3o Sep\u00e9, regi\u00e3o central do Estado, na madrugada do dia 24, uma quadrilha arrombou duas ag\u00eancias, uma do Sicredi e outra do Banco do Brasil.<br \/>\nO bando, armados com fuzis, explodiu terminais, fez ref\u00e9ns, usados como escudos humanos, e trocou tiros com a pol\u00edcia, levando duas mulheres, soltas horas depois.<br \/>\nO modus operandi dos \u201cnovos cangaceiros\u201d tem semelhan\u00e7a com o velho canga\u00e7o nordestino. Este, n\u00e3o raro, fazia uso de ref\u00e9ns; o bando tamb\u00e9m era grande, de 10 a 15 membros; e preferia atacar pequenas cidades. Mas, no caso de Lampi\u00e3o, o mais famoso dos cangaceiros, o objetivo era invadir as cidades e fazer justi\u00e7a a seu modo.<br \/>\nO \u2018Novo Canga\u00e7o\u2019 j\u00e1 faz parte de outra conota\u00e7\u00e3o. S\u00e3o grupos criminosos que buscam com grande viol\u00eancia o lucro e buscam e deixam o temor nas v\u00edtimas.<br \/>\nAinda, por motivos estrat\u00e9gicos, os \u201cnovos cangaceiros\u201d n\u00e3o assaltam a Caixa Econ\u00f4mica Federal (CEF), pois nesses casos a investiga\u00e7\u00e3o fica a cargo da Pol\u00edcia Federal (PF), por jurisdi\u00e7\u00e3o.<br \/>\n<span class=\"intertit\">Outras quadrilhas<\/span><br \/>\n<figure id=\"attachment_54445\" aria-describedby=\"caption-attachment-54445\" style=\"width: 400px\" class=\"wp-caption alignleft\"><img loading=\"lazy\" decoding=\"async\" class=\"size-medium wp-image-54445\" src=\"https:\/\/www.jornalja.com.br\/wp-content\/uploads\/2017\/08\/bancos-400x294.jpg\" alt=\"\" width=\"400\" height=\"294\" \/><figcaption id=\"caption-attachment-54445\" class=\"wp-caption-text\">S\u00e3o em m\u00e9dia cinco explos\u00f5es por m\u00eas no Estado. Foto Arquivo PC\/RS<\/figcaption><\/figure><br \/>\nH\u00e1 ainda outros tipo de quadrilha, que usa ma\u00e7aricos para cortar os equipamentos e levar o dinheiro, tem como chefes criminosos da cidade de Joinvile, em Santa Catarina. S\u00e3o os \u201ccaixeiros\u201d. Essas quadrilhas circulam por todo o Pa\u00eds, praticando roubos em v\u00e1rios Estados.<br \/>\nJ\u00e1 os \u201cToupeiras\u201d ingressam em ag\u00eancias furando paredes ou pelos telhados, priorizam a\u00e7\u00f5es noturnas e em cidades com pouco efetivo policial e evitam o confronto violento. Seriam principalmente de Porto Alegre e na Regi\u00e3o metropolitana. E ainda existem grupos especializados em ataques a carros-fortes, que bem armados costumam agir com viol\u00eancia.<br \/>\nPara a pol\u00edcia, outro fator que acaba colaborando para o aumento desse tipo de crime \u00e9 a legisla\u00e7\u00e3o &#8220;fraca&#8221;. O arrombamento a caixas eletr\u00f4nicos \u00e9 crime de furto qualificado, cuja pena \u00e9 de um a oito anos de deten\u00e7\u00e3o. Nesse caso, se o criminoso for r\u00e9u prim\u00e1rio, mesmo se condenado, ele pode at\u00e9 ficar em liberdade.<br \/>\nPara tentar aumentar a puni\u00e7\u00e3o aos envolvidos, a pol\u00edcia pode enquadr\u00e1-los por associa\u00e7\u00e3o criminosa (de um a tr\u00eas anos de pris\u00e3o). Em a\u00e7\u00f5es mais violentas, o bandido pode ser acusado por mais um crime, como porte ilegal de arma de uso restrito.<br \/>\nSomente os cangaceiros e os ataques a carro-forte cometem crimes \u201cmais graves\u201d, roubos com uso de arma de fogo e sequestro.<br \/>\n\u201cEsses n\u00fameros s\u00e3o preocupantes. Temos seis casos de Novo Canga\u00e7o em que os assaltantes praticamente sitiam uma cidade inteira. Tivemos um caso desses no ano passado. O problema \u00e9 que a viol\u00eancia direta aumentou e vemos o governo do Estado repetir um discurso de crise para vender estatais e desmontar o Estado. Os assaltantes escolhem cidades pequenas para sitiarem porque elas s\u00e3o ainda mais vulner\u00e1veis. Muitas disp\u00f5em de um ou dois policiais apenas para enfrentar criminosos fortemente armados\u201d, avalia o presidente do SindBanc\u00e1rios, Everton Gimenis.<\/p>\n","protected":false},"excerpt":{"rendered":"<p>De janeiro a junho de 2017, foram 99 ataques a bancos e caixas eletr\u00f4nicos no Rio Grande do Sul, segundo a estat\u00edstica da Secret\u00e1ria de Seguran\u00e7a. J\u00e1 em julho e agosto, um levantamento do Sindibanc\u00e1rios mostra que ocorreram mais 15 casos de assaltos a bancos e arrombamentos de caixas eletr\u00f4nicos. Os ataques que mais preocupam [&hellip;]<\/p>\n","protected":false},"author":4,"featured_media":54444,"comment_status":"open","ping_status":"closed","sticky":false,"template":"","format":"standard","meta":{"_jetpack_newsletter_access":"","_jetpack_dont_email_post_to_subs":false,"_jetpack_newsletter_tier_id":0,"_jetpack_memberships_contains_paywalled_content":false,"_jetpack_feature_clip_id":0,"_jetpack_memberships_contains_paid_content":false,"footnotes":"","jetpack_post_was_ever_published":false},"categories":[26],"tags":[],"class_list":["post-54441","post","type-post","status-publish","format-standard","has-post-thumbnail","hentry","category-geral"],"aioseo_notices":[],"aioseo_head":"\n\t\t<!-- All in One SEO 5.0.1.1 - aioseo.com -->\n\t<meta name=\"robots\" content=\"max-image-preview:large\" \/>\n\t<meta name=\"author\" content=\"da Reda\u00e7\u00e3o\"\/>\n\t<link rel=\"canonical\" href=\"https:\/\/www.jornalja.com.br\/arquivo\/rs-registra-114-ataques-a-bancos-e-caixas-eletronicos-em-2017\/\" \/>\n\t<meta name=\"generator\" content=\"All in One SEO (AIOSEO) 5.0.1.1\" \/>\n\t\t<meta property=\"og:locale\" content=\"pt_BR\" \/>\n\t\t<meta property=\"og:site_name\" content=\"Arquivo | Jornal J\u00c1 | Porto Alegre\" \/>\n\t\t<meta property=\"og:type\" content=\"article\" \/>\n\t\t<meta property=\"og:title\" content=\"RS registra 114 ataques a bancos e caixas eletr\u00f4nicos at\u00e9 agosto | Arquivo\" \/>\n\t\t<meta property=\"og:url\" content=\"https:\/\/www.jornalja.com.br\/arquivo\/rs-registra-114-ataques-a-bancos-e-caixas-eletronicos-em-2017\/\" \/>\n\t\t<meta property=\"og:image\" content=\"https:\/\/www.jornalja.com.br\/wp-content\/uploads\/2017\/08\/bancos-400x294.jpg\" \/>\n\t\t<meta property=\"og:image:secure_url\" content=\"https:\/\/www.jornalja.com.br\/wp-content\/uploads\/2017\/08\/bancos-400x294.jpg\" \/>\n\t\t<meta property=\"article:published_time\" content=\"2017-08-30T20:49:21+00:00\" \/>\n\t\t<meta property=\"article:modified_time\" content=\"2017-08-30T20:49:21+00:00\" \/>\n\t\t<meta name=\"twitter:card\" content=\"summary\" \/>\n\t\t<meta name=\"twitter:title\" content=\"RS registra 114 ataques a bancos e caixas eletr\u00f4nicos at\u00e9 agosto | Arquivo\" \/>\n\t\t<meta name=\"twitter:image\" content=\"https:\/\/www.jornalja.com.br\/economics\/wp-content\/uploads\/sites\/11\/2026\/08\/ja-folhaderosto-facebook.jpg\" \/>\n\t\t<script type=\"application\/ld+json\" class=\"aioseo-schema\">\n\t\t\t{\"@context\":\"https:\\\/\\\/schema.org\",\"@graph\":[{\"@type\":\"BlogPosting\",\"@id\":\"https:\\\/\\\/www.jornalja.com.br\\\/arquivo\\\/rs-registra-114-ataques-a-bancos-e-caixas-eletronicos-em-2017\\\/#blogposting\",\"name\":\"RS registra 114 ataques a bancos e caixas eletr\\u00f4nicos at\\u00e9 agosto | Arquivo\",\"headline\":\"RS registra 114 ataques a bancos e caixas eletr\\u00f4nicos at\\u00e9 agosto\",\"author\":{\"@id\":\"https:\\\/\\\/www.jornalja.com.br\\\/arquivo\\\/author\\\/daredacao\\\/#author\"},\"publisher\":{\"@id\":\"https:\\\/\\\/www.jornalja.com.br\\\/arquivo\\\/#organization\"},\"image\":{\"@type\":\"ImageObject\",\"url\":54444},\"datePublished\":\"2017-08-30T17:49:21-03:00\",\"dateModified\":\"2017-08-30T17:49:21-03:00\",\"inLanguage\":\"pt-BR\",\"mainEntityOfPage\":{\"@id\":\"https:\\\/\\\/www.jornalja.com.br\\\/arquivo\\\/rs-registra-114-ataques-a-bancos-e-caixas-eletronicos-em-2017\\\/#webpage\"},\"isPartOf\":{\"@id\":\"https:\\\/\\\/www.jornalja.com.br\\\/arquivo\\\/rs-registra-114-ataques-a-bancos-e-caixas-eletronicos-em-2017\\\/#webpage\"},\"articleSection\":\"Geral\"},{\"@type\":\"BreadcrumbList\",\"@id\":\"https:\\\/\\\/www.jornalja.com.br\\\/arquivo\\\/rs-registra-114-ataques-a-bancos-e-caixas-eletronicos-em-2017\\\/#breadcrumblist\",\"itemListElement\":[{\"@type\":\"ListItem\",\"@id\":\"https:\\\/\\\/www.jornalja.com.br\\\/arquivo#listItem\",\"position\":1,\"name\":\"Home\",\"item\":\"https:\\\/\\\/www.jornalja.com.br\\\/arquivo\",\"nextItem\":{\"@type\":\"ListItem\",\"@id\":\"https:\\\/\\\/www.jornalja.com.br\\\/arquivo\\\/category\\\/geral\\\/#listItem\",\"name\":\"Geral\"}},{\"@type\":\"ListItem\",\"@id\":\"https:\\\/\\\/www.jornalja.com.br\\\/arquivo\\\/category\\\/geral\\\/#listItem\",\"position\":2,\"name\":\"Geral\",\"item\":\"https:\\\/\\\/www.jornalja.com.br\\\/arquivo\\\/category\\\/geral\\\/\",\"nextItem\":{\"@type\":\"ListItem\",\"@id\":\"https:\\\/\\\/www.jornalja.com.br\\\/arquivo\\\/rs-registra-114-ataques-a-bancos-e-caixas-eletronicos-em-2017\\\/#listItem\",\"name\":\"RS registra 114 ataques a bancos e caixas eletr\\u00f4nicos at\\u00e9 agosto\"},\"previousItem\":{\"@type\":\"ListItem\",\"@id\":\"https:\\\/\\\/www.jornalja.com.br\\\/arquivo#listItem\",\"name\":\"Home\"}},{\"@type\":\"ListItem\",\"@id\":\"https:\\\/\\\/www.jornalja.com.br\\\/arquivo\\\/rs-registra-114-ataques-a-bancos-e-caixas-eletronicos-em-2017\\\/#listItem\",\"position\":3,\"name\":\"RS registra 114 ataques a bancos e caixas eletr\\u00f4nicos at\\u00e9 agosto\",\"previousItem\":{\"@type\":\"ListItem\",\"@id\":\"https:\\\/\\\/www.jornalja.com.br\\\/arquivo\\\/category\\\/geral\\\/#listItem\",\"name\":\"Geral\"}}]},{\"@type\":\"Organization\",\"@id\":\"https:\\\/\\\/www.jornalja.com.br\\\/arquivo\\\/#organization\",\"name\":\"Jornal J\\u00c1\",\"description\":\"Jornal J\\u00c1 | Porto Alegre\",\"url\":\"https:\\\/\\\/www.jornalja.com.br\\\/arquivo\\\/\",\"telephone\":\"+555133307272\",\"logo\":{\"@type\":\"ImageObject\",\"url\":\"https:\\\/\\\/www.jornalja.com.br\\\/wp-content\\\/uploads\\\/cards\\\/JAslogan.png\",\"@id\":\"https:\\\/\\\/www.jornalja.com.br\\\/arquivo\\\/rs-registra-114-ataques-a-bancos-e-caixas-eletronicos-em-2017\\\/#organizationLogo\"},\"image\":{\"@id\":\"https:\\\/\\\/www.jornalja.com.br\\\/arquivo\\\/rs-registra-114-ataques-a-bancos-e-caixas-eletronicos-em-2017\\\/#organizationLogo\"}},{\"@type\":\"Person\",\"@id\":\"https:\\\/\\\/www.jornalja.com.br\\\/arquivo\\\/author\\\/daredacao\\\/#author\",\"url\":\"https:\\\/\\\/www.jornalja.com.br\\\/arquivo\\\/author\\\/daredacao\\\/\",\"name\":\"da Reda\\u00e7\\u00e3o\",\"image\":{\"@type\":\"ImageObject\",\"@id\":\"https:\\\/\\\/www.jornalja.com.br\\\/arquivo\\\/rs-registra-114-ataques-a-bancos-e-caixas-eletronicos-em-2017\\\/#authorImage\",\"url\":\"https:\\\/\\\/secure.gravatar.com\\\/avatar\\\/469fd857d6605ad19919d27ed29d35a968a25f6e8fd9318356bbb7f57aae9c65?s=96&d=mm&r=g\",\"width\":96,\"height\":96,\"caption\":\"da Reda\\u00e7\\u00e3o\"}},{\"@type\":\"WebPage\",\"@id\":\"https:\\\/\\\/www.jornalja.com.br\\\/arquivo\\\/rs-registra-114-ataques-a-bancos-e-caixas-eletronicos-em-2017\\\/#webpage\",\"url\":\"https:\\\/\\\/www.jornalja.com.br\\\/arquivo\\\/rs-registra-114-ataques-a-bancos-e-caixas-eletronicos-em-2017\\\/\",\"name\":\"RS registra 114 ataques a bancos e caixas eletr\\u00f4nicos at\\u00e9 agosto | Arquivo\",\"inLanguage\":\"pt-BR\",\"isPartOf\":{\"@id\":\"https:\\\/\\\/www.jornalja.com.br\\\/arquivo\\\/#website\"},\"breadcrumb\":{\"@id\":\"https:\\\/\\\/www.jornalja.com.br\\\/arquivo\\\/rs-registra-114-ataques-a-bancos-e-caixas-eletronicos-em-2017\\\/#breadcrumblist\"},\"author\":{\"@id\":\"https:\\\/\\\/www.jornalja.com.br\\\/arquivo\\\/author\\\/daredacao\\\/#author\"},\"creator\":{\"@id\":\"https:\\\/\\\/www.jornalja.com.br\\\/arquivo\\\/author\\\/daredacao\\\/#author\"},\"image\":{\"@type\":\"ImageObject\",\"url\":54444,\"@id\":\"https:\\\/\\\/www.jornalja.com.br\\\/arquivo\\\/rs-registra-114-ataques-a-bancos-e-caixas-eletronicos-em-2017\\\/#mainImage\"},\"primaryImageOfPage\":{\"@id\":\"https:\\\/\\\/www.jornalja.com.br\\\/arquivo\\\/rs-registra-114-ataques-a-bancos-e-caixas-eletronicos-em-2017\\\/#mainImage\"},\"datePublished\":\"2017-08-30T17:49:21-03:00\",\"dateModified\":\"2017-08-30T17:49:21-03:00\"},{\"@type\":\"WebSite\",\"@id\":\"https:\\\/\\\/www.jornalja.com.br\\\/arquivo\\\/#website\",\"url\":\"https:\\\/\\\/www.jornalja.com.br\\\/arquivo\\\/\",\"name\":\"Arquivo\",\"description\":\"Jornal J\\u00c1 | Porto Alegre\",\"inLanguage\":\"pt-BR\",\"publisher\":{\"@id\":\"https:\\\/\\\/www.jornalja.com.br\\\/arquivo\\\/#organization\"}}]}\n\t\t<\/script>\n\t\t<!-- All in One SEO -->\n\n","aioseo_head_json":{"title":"RS registra 114 ataques a bancos e caixas eletr\u00f4nicos at\u00e9 agosto | Arquivo","description":"","canonical_url":"https:\/\/www.jornalja.com.br\/arquivo\/rs-registra-114-ataques-a-bancos-e-caixas-eletronicos-em-2017\/","robots":"max-image-preview:large","keywords":"","webmasterTools":{"miscellaneous":""},"schema":{"@context":"https:\/\/schema.org","@graph":[{"@type":"BlogPosting","@id":"https:\/\/www.jornalja.com.br\/arquivo\/rs-registra-114-ataques-a-bancos-e-caixas-eletronicos-em-2017\/#blogposting","name":"RS registra 114 ataques a bancos e caixas eletr\u00f4nicos at\u00e9 agosto | Arquivo","headline":"RS registra 114 ataques a bancos e caixas eletr\u00f4nicos at\u00e9 agosto","author":{"@id":"https:\/\/www.jornalja.com.br\/arquivo\/author\/daredacao\/#author"},"publisher":{"@id":"https:\/\/www.jornalja.com.br\/arquivo\/#organization"},"image":{"@type":"ImageObject","url":54444},"datePublished":"2017-08-30T17:49:21-03:00","dateModified":"2017-08-30T17:49:21-03:00","inLanguage":"pt-BR","mainEntityOfPage":{"@id":"https:\/\/www.jornalja.com.br\/arquivo\/rs-registra-114-ataques-a-bancos-e-caixas-eletronicos-em-2017\/#webpage"},"isPartOf":{"@id":"https:\/\/www.jornalja.com.br\/arquivo\/rs-registra-114-ataques-a-bancos-e-caixas-eletronicos-em-2017\/#webpage"},"articleSection":"Geral"},{"@type":"BreadcrumbList","@id":"https:\/\/www.jornalja.com.br\/arquivo\/rs-registra-114-ataques-a-bancos-e-caixas-eletronicos-em-2017\/#breadcrumblist","itemListElement":[{"@type":"ListItem","@id":"https:\/\/www.jornalja.com.br\/arquivo#listItem","position":1,"name":"Home","item":"https:\/\/www.jornalja.com.br\/arquivo","nextItem":{"@type":"ListItem","@id":"https:\/\/www.jornalja.com.br\/arquivo\/category\/geral\/#listItem","name":"Geral"}},{"@type":"ListItem","@id":"https:\/\/www.jornalja.com.br\/arquivo\/category\/geral\/#listItem","position":2,"name":"Geral","item":"https:\/\/www.jornalja.com.br\/arquivo\/category\/geral\/","nextItem":{"@type":"ListItem","@id":"https:\/\/www.jornalja.com.br\/arquivo\/rs-registra-114-ataques-a-bancos-e-caixas-eletronicos-em-2017\/#listItem","name":"RS registra 114 ataques a bancos e caixas eletr\u00f4nicos at\u00e9 agosto"},"previousItem":{"@type":"ListItem","@id":"https:\/\/www.jornalja.com.br\/arquivo#listItem","name":"Home"}},{"@type":"ListItem","@id":"https:\/\/www.jornalja.com.br\/arquivo\/rs-registra-114-ataques-a-bancos-e-caixas-eletronicos-em-2017\/#listItem","position":3,"name":"RS registra 114 ataques a bancos e caixas eletr\u00f4nicos at\u00e9 agosto","previousItem":{"@type":"ListItem","@id":"https:\/\/www.jornalja.com.br\/arquivo\/category\/geral\/#listItem","name":"Geral"}}]},{"@type":"Organization","@id":"https:\/\/www.jornalja.com.br\/arquivo\/#organization","name":"Jornal J\u00c1","description":"Jornal J\u00c1 | Porto Alegre","url":"https:\/\/www.jornalja.com.br\/arquivo\/","telephone":"+555133307272","logo":{"@type":"ImageObject","url":"https:\/\/www.jornalja.com.br\/wp-content\/uploads\/cards\/JAslogan.png","@id":"https:\/\/www.jornalja.com.br\/arquivo\/rs-registra-114-ataques-a-bancos-e-caixas-eletronicos-em-2017\/#organizationLogo"},"image":{"@id":"https:\/\/www.jornalja.com.br\/arquivo\/rs-registra-114-ataques-a-bancos-e-caixas-eletronicos-em-2017\/#organizationLogo"}},{"@type":"Person","@id":"https:\/\/www.jornalja.com.br\/arquivo\/author\/daredacao\/#author","url":"https:\/\/www.jornalja.com.br\/arquivo\/author\/daredacao\/","name":"da Reda\u00e7\u00e3o","image":{"@type":"ImageObject","@id":"https:\/\/www.jornalja.com.br\/arquivo\/rs-registra-114-ataques-a-bancos-e-caixas-eletronicos-em-2017\/#authorImage","url":"https:\/\/secure.gravatar.com\/avatar\/469fd857d6605ad19919d27ed29d35a968a25f6e8fd9318356bbb7f57aae9c65?s=96&d=mm&r=g","width":96,"height":96,"caption":"da Reda\u00e7\u00e3o"}},{"@type":"WebPage","@id":"https:\/\/www.jornalja.com.br\/arquivo\/rs-registra-114-ataques-a-bancos-e-caixas-eletronicos-em-2017\/#webpage","url":"https:\/\/www.jornalja.com.br\/arquivo\/rs-registra-114-ataques-a-bancos-e-caixas-eletronicos-em-2017\/","name":"RS registra 114 ataques a bancos e caixas eletr\u00f4nicos at\u00e9 agosto | Arquivo","inLanguage":"pt-BR","isPartOf":{"@id":"https:\/\/www.jornalja.com.br\/arquivo\/#website"},"breadcrumb":{"@id":"https:\/\/www.jornalja.com.br\/arquivo\/rs-registra-114-ataques-a-bancos-e-caixas-eletronicos-em-2017\/#breadcrumblist"},"author":{"@id":"https:\/\/www.jornalja.com.br\/arquivo\/author\/daredacao\/#author"},"creator":{"@id":"https:\/\/www.jornalja.com.br\/arquivo\/author\/daredacao\/#author"},"image":{"@type":"ImageObject","url":54444,"@id":"https:\/\/www.jornalja.com.br\/arquivo\/rs-registra-114-ataques-a-bancos-e-caixas-eletronicos-em-2017\/#mainImage"},"primaryImageOfPage":{"@id":"https:\/\/www.jornalja.com.br\/arquivo\/rs-registra-114-ataques-a-bancos-e-caixas-eletronicos-em-2017\/#mainImage"},"datePublished":"2017-08-30T17:49:21-03:00","dateModified":"2017-08-30T17:49:21-03:00"},{"@type":"WebSite","@id":"https:\/\/www.jornalja.com.br\/arquivo\/#website","url":"https:\/\/www.jornalja.com.br\/arquivo\/","name":"Arquivo","description":"Jornal J\u00c1 | Porto Alegre","inLanguage":"pt-BR","publisher":{"@id":"https:\/\/www.jornalja.com.br\/arquivo\/#organization"}}]},"og:locale":"pt_BR","og:site_name":"Arquivo | Jornal J\u00c1 | Porto Alegre","og:type":"article","og:title":"RS registra 114 ataques a bancos e caixas eletr\u00f4nicos at\u00e9 agosto | Arquivo","og:url":"https:\/\/www.jornalja.com.br\/arquivo\/rs-registra-114-ataques-a-bancos-e-caixas-eletronicos-em-2017\/","og:image":"https:\/\/www.jornalja.com.br\/wp-content\/uploads\/2017\/08\/bancos-400x294.jpg","og:image:secure_url":"https:\/\/www.jornalja.com.br\/wp-content\/uploads\/2017\/08\/bancos-400x294.jpg","article:published_time":"2017-08-30T20:49:21+00:00","article:modified_time":"2017-08-30T20:49:21+00:00","twitter:card":"summary","twitter:title":"RS registra 114 ataques a bancos e caixas eletr\u00f4nicos at\u00e9 agosto | Arquivo","twitter:image":"https:\/\/www.jornalja.com.br\/economics\/wp-content\/uploads\/sites\/11\/2026\/08\/ja-folhaderosto-facebook.jpg"},"aioseo_meta_data":{"post_id":"54441","title":null,"description":null,"keywords":null,"keyphrases":null,"primary_term":null,"canonical_url":null,"og_title":null,"og_description":null,"og_object_type":"default","og_image_type":"default","og_image_url":null,"og_image_width":null,"og_image_height":null,"og_image_custom_url":null,"og_image_custom_fields":null,"og_video":null,"og_custom_url":null,"og_article_section":null,"og_article_tags":null,"twitter_use_og":false,"twitter_card":"default","twitter_image_type":"default","twitter_image_url":null,"twitter_image_custom_url":null,"twitter_image_custom_fields":null,"twitter_title":null,"twitter_description":null,"schema":{"blockGraphs":[],"customGraphs":[],"default":{"data":{"Article":[],"Course":[],"Dataset":[],"FAQPage":[],"Movie":[],"Person":[],"Product":[],"ProductReview":[],"Car":[],"Recipe":[],"Service":[],"SoftwareApplication":[],"WebPage":[]},"graphName":"","isEnabled":true},"graphs":[]},"schema_type":null,"schema_type_options":null,"pillar_content":false,"robots_default":true,"robots_noindex":false,"robots_noarchive":false,"robots_nosnippet":false,"robots_nofollow":false,"robots_noimageindex":false,"robots_noodp":false,"robots_notranslate":false,"robots_max_snippet":null,"robots_max_videopreview":null,"robots_max_imagepreview":"large","priority":null,"frequency":null,"location":null,"local_seo":null,"breadcrumb_settings":null,"limit_modified_date":false,"ai":null,"created":"2020-12-20 20:26:01","updated":"2025-07-20 00:43:20","seo_analyzer_scan_date":null,"focus_keyword":null,"additional_keywords":null,"truseo_locale":null},"jetpack_sharing_enabled":true,"jetpack-related-posts":[{"id":5440,"url":"https:\/\/www.jornalja.com.br\/arquivo\/casarao-da-venancio-destino-permanece-incerto\/","url_meta":{"origin":54441,"position":0},"title":"Estado ainda n\u00e3o sabe o que fazer com casar\u00e3o abandonado h\u00e1 20 anos","author":"Elmar Bones","date":"6 de julho de 2009","format":false,"excerpt":"O casar\u00e3o amarelo, numa esquina nobre de Porto Alegre (Ven\u00e2ncio Aires com Jo\u00e3o Pessoa), j\u00e1 abrigou uma escola. H\u00e1 duas d\u00e9cadas, pelo menos, est\u00e1 abandonado, porque seu propriet\u00e1rio, o governo do Estado do Rio Grande do Sul, n\u00e3o consegue achar um destino para ele. Planos n\u00e3o faltaram. O governador Ol\u00edvio\u2026","rel":"","context":"Em &quot;X.Categorias velhas&quot;","block_context":{"text":"X.Categorias velhas","link":"https:\/\/www.jornalja.com.br\/arquivo\/category\/x-categorias-velhas\/"},"img":{"alt_text":"geraldo1","src":"https:\/\/i0.wp.com\/www.jornalja.com.br\/wp-content\/uploads\/2009\/07\/geraldo1.jpg?resize=350%2C200&ssl=1","width":350,"height":200},"classes":[]},{"id":13109,"url":"https:\/\/www.jornalja.com.br\/arquivo\/judiciario-reconhece-poluicao-eletromagnetica\/","url_meta":{"origin":54441,"position":1},"title":"Judici\u00e1rio reconhece polui\u00e7\u00e3o eletromagn\u00e9tica","author":"Patr\u00edcia Marini","date":"16 de maio de 2014","format":false,"excerpt":"A\u00e7\u00e3o de duas associa\u00e7\u00f5es de moradores foi acolhida pelo Tribunal de Justi\u00e7a de S\u00e3o Paulo que. em decis\u00e3o in\u00e9dita, determinou a redu\u00e7\u00e3o do campo eletromagn\u00e9tico gerado pelas linhas de transmiss\u00e3o de energia que cortam os bairros City Boa\u00e7ava e Alto de Pinheiros. \u00c9 a primeira vez que um tribunal do\u2026","rel":"","context":"Em &quot;X.Categorias velhas&quot;","block_context":{"text":"X.Categorias velhas","link":"https:\/\/www.jornalja.com.br\/arquivo\/category\/x-categorias-velhas\/"},"img":{"alt_text":"","src":"","width":0,"height":0},"classes":[]},{"id":13128,"url":"https:\/\/www.jornalja.com.br\/arquivo\/maconha-terra-diz-que-uso-medicinal-e-desculpa\/","url_meta":{"origin":54441,"position":2},"title":"Maconha: Terra diz que uso medicinal \u00e9 desculpa","author":"Patr\u00edcia Marini","date":"4 de junho de 2014","format":false,"excerpt":"A condi\u00e7\u00e3o de pol\u00edtico, em \u00e9poca de campanha de campanha eleitoral, tira for\u00e7a do discurso do m\u00e9dico Osmar Terra contra a legaliza\u00e7\u00e3o da maconha. A tese dele de que a libera\u00e7\u00e3o vai ampliar exponencialmente o consumo \u00e9 discutivel, o consumo \u00e9 corrente. Mas seus alertas quanto aos riscos tem que\u2026","rel":"","context":"Em &quot;X.Categorias velhas&quot;","block_context":{"text":"X.Categorias velhas","link":"https:\/\/www.jornalja.com.br\/arquivo\/category\/x-categorias-velhas\/"},"img":{"alt_text":"","src":"","width":0,"height":0},"classes":[]},{"id":13240,"url":"https:\/\/www.jornalja.com.br\/arquivo\/plano-diretor-estamos-construindo-o-caos\/","url_meta":{"origin":54441,"position":3},"title":"Plano diretor: &quot;Estamos construindo o caos&quot;","author":"Patr\u00edcia Marini","date":"26 de maio de 2014","format":false,"excerpt":"Desabafo que arquiteta Eliana Castilhos, delegada da Regi\u00e3o de Planejamento 1, postou nas redes sociais \u00e9 um testemunho do ambiente que se criou no Conselho do Plano Diretor de Porto Alegre, onde a aprova\u00e7\u00e3o de grandes empreendimentos \u00e9 empurrada guela abaixo dos conselheiros. Ao CMDUA Como delegada da Regi\u00e3o de\u2026","rel":"","context":"Em &quot;Geral&quot;","block_context":{"text":"Geral","link":"https:\/\/www.jornalja.com.br\/arquivo\/category\/geral\/"},"img":{"alt_text":"","src":"","width":0,"height":0},"classes":[]},{"id":13124,"url":"https:\/\/www.jornalja.com.br\/arquivo\/sangue-latino-no-iecine\/","url_meta":{"origin":54441,"position":4},"title":"Sangue latino no IECINE","author":"da Reda\u00e7\u00e3o","date":"18 de maio de 2014","format":false,"excerpt":"Francisco Ribeiro O Instituto Estadual de Cinema (IECINE) tem a frente, desde abril \u00faltimo, um novo diretor, o cineasta colombiano Juan Zapata, 36, que substitui Luiz Alberto Cassol. Radicado h\u00e1 dez anos em Porto Alegre, Zapata tem diante de si o desafio de conduzir at\u00e9 o final do ano um\u2026","rel":"","context":"Em &quot;Cultura-Geral&quot;","block_context":{"text":"Cultura-Geral","link":"https:\/\/www.jornalja.com.br\/arquivo\/category\/materiasecundaria\/"},"img":{"alt_text":"","src":"","width":0,"height":0},"classes":[]},{"id":13101,"url":"https:\/\/www.jornalja.com.br\/arquivo\/morre-um-guerreiro-do-texto\/","url_meta":{"origin":54441,"position":5},"title":"Morre um guerreiro do texto","author":"Patr\u00edcia Marini","date":"14 de maio de 2014","format":false,"excerpt":"Por Ricardo Kotscho Reproduzido do blog do autor, 11\/5\/2014; t\u00edtulo original \u201cE l\u00e1 se foi o nosso Myltainho, guerreiro do texto\u201d. Mi\u00fado e franzino, meu amigo Myltainho era um valente e inconformado guerreiro na luta contra as injusti\u00e7as sociais, a hipocrisia, as maracutaias, o autoritarismo, a intoler\u00e2ncia, a viol\u00eancia, o\u2026","rel":"","context":"Em &quot;Geral&quot;","block_context":{"text":"Geral","link":"https:\/\/www.jornalja.com.br\/arquivo\/category\/geral\/"},"img":{"alt_text":"","src":"","width":0,"height":0},"classes":[]}],"jetpack_shortlink":"https:\/\/wp.me\/pbQjBd-ea5","jetpack_featured_media_url":"","_links":{"self":[{"href":"https:\/\/www.jornalja.com.br\/arquivo\/wp-json\/wp\/v2\/posts\/54441","targetHints":{"allow":["GET"]}}],"collection":[{"href":"https:\/\/www.jornalja.com.br\/arquivo\/wp-json\/wp\/v2\/posts"}],"about":[{"href":"https:\/\/www.jornalja.com.br\/arquivo\/wp-json\/wp\/v2\/types\/post"}],"author":[{"embeddable":true,"href":"https:\/\/www.jornalja.com.br\/arquivo\/wp-json\/wp\/v2\/users\/4"}],"replies":[{"embeddable":true,"href":"https:\/\/www.jornalja.com.br\/arquivo\/wp-json\/wp\/v2\/comments?post=54441"}],"version-history":[{"count":0,"href":"https:\/\/www.jornalja.com.br\/arquivo\/wp-json\/wp\/v2\/posts\/54441\/revisions"}],"wp:attachment":[{"href":"https:\/\/www.jornalja.com.br\/arquivo\/wp-json\/wp\/v2\/media?parent=54441"}],"wp:term":[{"taxonomy":"category","embeddable":true,"href":"https:\/\/www.jornalja.com.br\/arquivo\/wp-json\/wp\/v2\/categories?post=54441"},{"taxonomy":"post_tag","embeddable":true,"href":"https:\/\/www.jornalja.com.br\/arquivo\/wp-json\/wp\/v2\/tags?post=54441"}],"curies":[{"name":"wp","href":"https:\/\/api.w.org\/{rel}","templated":true}]}}