{"id":54470,"date":"2017-08-30T18:57:17","date_gmt":"2017-08-30T21:57:17","guid":{"rendered":"https:\/\/www.jornalja.com.br\/?p=54470"},"modified":"2017-08-30T18:57:17","modified_gmt":"2017-08-30T21:57:17","slug":"juizes-querem-ampliar-uso-de-aplicativo-usado-contra-violencia-domestica","status":"publish","type":"post","link":"https:\/\/www.jornalja.com.br\/arquivo\/juizes-querem-ampliar-uso-de-aplicativo-usado-contra-violencia-domestica\/","title":{"rendered":"Ju\u00edzes querem ampliar uso de aplicativo usado contra viol\u00eancia dom\u00e9stica"},"content":{"rendered":"<p>A Associa\u00e7\u00e3o dos Ju\u00edzes do Rio Grande do Sul (Ajuris) defende a amplia\u00e7\u00e3o do projeto do aplicativo PLP 2.0, ferramenta usada no combate \u00e0 viol\u00eancia dom\u00e9stica.<br \/>\n\u201cO Estado deu um passo muito importante com a implementa\u00e7\u00e3o desse projeto. \u00c9 preciso, agora, ampliar o escopo de atua\u00e7\u00e3o a fim de garantir um atendimento \u00e1gil e qualificado para outras mulheres que sofrem viol\u00eancia\u201d, diz o presidente da entidade, Gilberto Sch\u00e4fer.<br \/>\nA fim de ver atendido o desejo de continuidade e amplia\u00e7\u00e3o do PLP 2.0, desenvolvido pela ONG Themis e lan\u00e7ado em dezembro de 2015, a dire\u00e7\u00e3o da Ajuris reuniu-se com representantes da Secretaria da Seguran\u00e7a P\u00fablica do Estado.<br \/>\nA associa\u00e7\u00e3o dos ju\u00edzes tamb\u00e9m tem buscado interlocu\u00e7\u00e3o com o Poder Judici\u00e1rio e demais \u00f3rg\u00e3os, em favor do fortalecimento do aplicativo. A ferramenta \u00e9 concedida pelo Judici\u00e1rio \u00e0s mulheres em situa\u00e7\u00e3o de risco. Atualmente, sete v\u00edtimas fazem uso do sistema.<br \/>\nPara o diretor do Departamento de Gest\u00e3o Estrat\u00e9gica da SSP\/RS, coronel Eduardo Biacchi Rodrigues, a meta \u00e9 consolidar o aplicativo como um instrumento de emerg\u00eancia qualificado. \u201cA secretaria apoia a amplia\u00e7\u00e3o do projeto e entende que ela \u00e9 fundamental para o combate \u00e0 viol\u00eancia contra a mulher. N\u00e3o podemos abdicar dessa iniciativa\u201d.<br \/>\nAl\u00e9m da Ajuris e da SSP\/RS, tamb\u00e9m est\u00e3o ao lado da ONG Themis, envolvidas no projeto, a Defensoria P\u00fablica do Estado, o Minist\u00e9rio P\u00fablico e o Poder Judici\u00e1rio.<br \/>\nA reuni\u00e3o de Sch\u00e4fer com o diretor da SSP teve a participa\u00e7\u00e3o do vice-presidente de Patrim\u00f4nio e Finan\u00e7as da Ajuris, Fl\u00e1vio Mendes Rabello, e da diretora adjunta do Departamento de Gest\u00e3o da Estrat\u00e9gia Operacional (DGEO\/SSP), delegada S\u00edlvia Coccaro de Souza.<br \/>\n<span class=\"intertit\">Sobre o PLP 2.0<\/span><br \/>\nO aplicativo PLP 2.0 \u00e9 uma ferramenta no combate \u00e0 viol\u00eancia dom\u00e9stica. O atendimento \u00e9 priorizado \u00e0s mulheres com medida protetiva e iniciou prestando servi\u00e7o a v\u00edtimas em situa\u00e7\u00e3o de risco no bairro Restinga.<br \/>\nO prop\u00f3sito \u00e9 dar agilidade ao atendimento de casos extremos de viol\u00eancia e fortalecer a rede de prote\u00e7\u00e3o \u00e0 mulher por meio da tecnologia social. Desde a concep\u00e7\u00e3o do projeto, a Ajuris est\u00e1 ao lado da Themis \u2013 Assessoria Jur\u00eddica e Estudos de G\u00eanero, respons\u00e1vel pela concep\u00e7\u00e3o e desenvolvimento do aplicativo.<br \/>\nA Themis, conforme a assessora jur\u00eddica Luana Pereira, quer que o aplicativo seja absorvido pelas institui\u00e7\u00f5es p\u00fablicas, que a responsabilidade pelo impulsionamento da implementa\u00e7\u00e3o do projeto em mais regi\u00f5es seja responsabilidade da Secretaria de Seguran\u00e7a P\u00fablica e do TJRS. \u201cTamb\u00e9m imaginamos que as necessidades materiais da tecnologia devessem ser atendidas pelo Estado (pagamento do servidor e equipe para manuten\u00e7\u00e3o).\u201d<\/p>\n","protected":false},"excerpt":{"rendered":"<p>A Associa\u00e7\u00e3o dos Ju\u00edzes do Rio Grande do Sul (Ajuris) defende a amplia\u00e7\u00e3o do projeto do aplicativo PLP 2.0, ferramenta usada no combate \u00e0 viol\u00eancia dom\u00e9stica. \u201cO Estado deu um passo muito importante com a implementa\u00e7\u00e3o desse projeto. \u00c9 preciso, agora, ampliar o escopo de atua\u00e7\u00e3o a fim de garantir um atendimento \u00e1gil e qualificado [&hellip;]<\/p>\n","protected":false},"author":4,"featured_media":52937,"comment_status":"open","ping_status":"closed","sticky":false,"template":"","format":"standard","meta":{"_jetpack_newsletter_access":"","_jetpack_dont_email_post_to_subs":false,"_jetpack_newsletter_tier_id":0,"_jetpack_memberships_contains_paywalled_content":false,"_jetpack_feature_clip_id":0,"_jetpack_memberships_contains_paid_content":false,"footnotes":"","jetpack_post_was_ever_published":false},"categories":[26],"tags":[],"class_list":["post-54470","post","type-post","status-publish","format-standard","has-post-thumbnail","hentry","category-geral"],"aioseo_notices":[],"aioseo_head":"\n\t\t<!-- All in One SEO 5.0.1.1 - aioseo.com -->\n\t<meta name=\"robots\" content=\"max-image-preview:large\" \/>\n\t<meta name=\"author\" content=\"da Reda\u00e7\u00e3o\"\/>\n\t<link rel=\"canonical\" href=\"https:\/\/www.jornalja.com.br\/arquivo\/juizes-querem-ampliar-uso-de-aplicativo-usado-contra-violencia-domestica\/\" \/>\n\t<meta name=\"generator\" content=\"All in One SEO (AIOSEO) 5.0.1.1\" \/>\n\t\t<meta property=\"og:locale\" content=\"pt_BR\" \/>\n\t\t<meta property=\"og:site_name\" content=\"Arquivo | Jornal J\u00c1 | Porto Alegre\" \/>\n\t\t<meta property=\"og:type\" content=\"article\" \/>\n\t\t<meta property=\"og:title\" content=\"Ju\u00edzes querem ampliar uso de aplicativo usado contra viol\u00eancia dom\u00e9stica | Arquivo\" \/>\n\t\t<meta property=\"og:url\" content=\"https:\/\/www.jornalja.com.br\/arquivo\/juizes-querem-ampliar-uso-de-aplicativo-usado-contra-violencia-domestica\/\" \/>\n\t\t<meta property=\"og:image\" content=\"https:\/\/www.jornalja.com.br\/economics\/wp-content\/uploads\/sites\/11\/2026\/08\/ja-folhaderosto-facebook.jpg\" \/>\n\t\t<meta property=\"og:image:secure_url\" content=\"https:\/\/www.jornalja.com.br\/economics\/wp-content\/uploads\/sites\/11\/2026\/08\/ja-folhaderosto-facebook.jpg\" \/>\n\t\t<meta property=\"article:published_time\" content=\"2017-08-30T21:57:17+00:00\" \/>\n\t\t<meta property=\"article:modified_time\" content=\"2017-08-30T21:57:17+00:00\" \/>\n\t\t<meta name=\"twitter:card\" content=\"summary\" \/>\n\t\t<meta name=\"twitter:title\" content=\"Ju\u00edzes querem ampliar uso de aplicativo usado contra viol\u00eancia dom\u00e9stica | Arquivo\" \/>\n\t\t<meta name=\"twitter:image\" content=\"https:\/\/www.jornalja.com.br\/economics\/wp-content\/uploads\/sites\/11\/2026\/08\/ja-folhaderosto-facebook.jpg\" \/>\n\t\t<script type=\"application\/ld+json\" class=\"aioseo-schema\">\n\t\t\t{\"@context\":\"https:\\\/\\\/schema.org\",\"@graph\":[{\"@type\":\"BlogPosting\",\"@id\":\"https:\\\/\\\/www.jornalja.com.br\\\/arquivo\\\/juizes-querem-ampliar-uso-de-aplicativo-usado-contra-violencia-domestica\\\/#blogposting\",\"name\":\"Ju\\u00edzes querem ampliar uso de aplicativo usado contra viol\\u00eancia dom\\u00e9stica | Arquivo\",\"headline\":\"Ju\\u00edzes querem ampliar uso de aplicativo usado contra viol\\u00eancia dom\\u00e9stica\",\"author\":{\"@id\":\"https:\\\/\\\/www.jornalja.com.br\\\/arquivo\\\/author\\\/daredacao\\\/#author\"},\"publisher\":{\"@id\":\"https:\\\/\\\/www.jornalja.com.br\\\/arquivo\\\/#organization\"},\"image\":{\"@type\":\"ImageObject\",\"url\":52937},\"datePublished\":\"2017-08-30T18:57:17-03:00\",\"dateModified\":\"2017-08-30T18:57:17-03:00\",\"inLanguage\":\"pt-BR\",\"mainEntityOfPage\":{\"@id\":\"https:\\\/\\\/www.jornalja.com.br\\\/arquivo\\\/juizes-querem-ampliar-uso-de-aplicativo-usado-contra-violencia-domestica\\\/#webpage\"},\"isPartOf\":{\"@id\":\"https:\\\/\\\/www.jornalja.com.br\\\/arquivo\\\/juizes-querem-ampliar-uso-de-aplicativo-usado-contra-violencia-domestica\\\/#webpage\"},\"articleSection\":\"Geral\"},{\"@type\":\"BreadcrumbList\",\"@id\":\"https:\\\/\\\/www.jornalja.com.br\\\/arquivo\\\/juizes-querem-ampliar-uso-de-aplicativo-usado-contra-violencia-domestica\\\/#breadcrumblist\",\"itemListElement\":[{\"@type\":\"ListItem\",\"@id\":\"https:\\\/\\\/www.jornalja.com.br\\\/arquivo#listItem\",\"position\":1,\"name\":\"Home\",\"item\":\"https:\\\/\\\/www.jornalja.com.br\\\/arquivo\",\"nextItem\":{\"@type\":\"ListItem\",\"@id\":\"https:\\\/\\\/www.jornalja.com.br\\\/arquivo\\\/category\\\/geral\\\/#listItem\",\"name\":\"Geral\"}},{\"@type\":\"ListItem\",\"@id\":\"https:\\\/\\\/www.jornalja.com.br\\\/arquivo\\\/category\\\/geral\\\/#listItem\",\"position\":2,\"name\":\"Geral\",\"item\":\"https:\\\/\\\/www.jornalja.com.br\\\/arquivo\\\/category\\\/geral\\\/\",\"nextItem\":{\"@type\":\"ListItem\",\"@id\":\"https:\\\/\\\/www.jornalja.com.br\\\/arquivo\\\/juizes-querem-ampliar-uso-de-aplicativo-usado-contra-violencia-domestica\\\/#listItem\",\"name\":\"Ju\\u00edzes querem ampliar uso de aplicativo usado contra viol\\u00eancia dom\\u00e9stica\"},\"previousItem\":{\"@type\":\"ListItem\",\"@id\":\"https:\\\/\\\/www.jornalja.com.br\\\/arquivo#listItem\",\"name\":\"Home\"}},{\"@type\":\"ListItem\",\"@id\":\"https:\\\/\\\/www.jornalja.com.br\\\/arquivo\\\/juizes-querem-ampliar-uso-de-aplicativo-usado-contra-violencia-domestica\\\/#listItem\",\"position\":3,\"name\":\"Ju\\u00edzes querem ampliar uso de aplicativo usado contra viol\\u00eancia dom\\u00e9stica\",\"previousItem\":{\"@type\":\"ListItem\",\"@id\":\"https:\\\/\\\/www.jornalja.com.br\\\/arquivo\\\/category\\\/geral\\\/#listItem\",\"name\":\"Geral\"}}]},{\"@type\":\"Organization\",\"@id\":\"https:\\\/\\\/www.jornalja.com.br\\\/arquivo\\\/#organization\",\"name\":\"Jornal J\\u00c1\",\"description\":\"Jornal J\\u00c1 | Porto Alegre\",\"url\":\"https:\\\/\\\/www.jornalja.com.br\\\/arquivo\\\/\",\"telephone\":\"+555133307272\",\"logo\":{\"@type\":\"ImageObject\",\"url\":\"https:\\\/\\\/www.jornalja.com.br\\\/wp-content\\\/uploads\\\/cards\\\/JAslogan.png\",\"@id\":\"https:\\\/\\\/www.jornalja.com.br\\\/arquivo\\\/juizes-querem-ampliar-uso-de-aplicativo-usado-contra-violencia-domestica\\\/#organizationLogo\"},\"image\":{\"@id\":\"https:\\\/\\\/www.jornalja.com.br\\\/arquivo\\\/juizes-querem-ampliar-uso-de-aplicativo-usado-contra-violencia-domestica\\\/#organizationLogo\"}},{\"@type\":\"Person\",\"@id\":\"https:\\\/\\\/www.jornalja.com.br\\\/arquivo\\\/author\\\/daredacao\\\/#author\",\"url\":\"https:\\\/\\\/www.jornalja.com.br\\\/arquivo\\\/author\\\/daredacao\\\/\",\"name\":\"da Reda\\u00e7\\u00e3o\",\"image\":{\"@type\":\"ImageObject\",\"@id\":\"https:\\\/\\\/www.jornalja.com.br\\\/arquivo\\\/juizes-querem-ampliar-uso-de-aplicativo-usado-contra-violencia-domestica\\\/#authorImage\",\"url\":\"https:\\\/\\\/secure.gravatar.com\\\/avatar\\\/469fd857d6605ad19919d27ed29d35a968a25f6e8fd9318356bbb7f57aae9c65?s=96&d=mm&r=g\",\"width\":96,\"height\":96,\"caption\":\"da Reda\\u00e7\\u00e3o\"}},{\"@type\":\"WebPage\",\"@id\":\"https:\\\/\\\/www.jornalja.com.br\\\/arquivo\\\/juizes-querem-ampliar-uso-de-aplicativo-usado-contra-violencia-domestica\\\/#webpage\",\"url\":\"https:\\\/\\\/www.jornalja.com.br\\\/arquivo\\\/juizes-querem-ampliar-uso-de-aplicativo-usado-contra-violencia-domestica\\\/\",\"name\":\"Ju\\u00edzes querem ampliar uso de aplicativo usado contra viol\\u00eancia dom\\u00e9stica | Arquivo\",\"inLanguage\":\"pt-BR\",\"isPartOf\":{\"@id\":\"https:\\\/\\\/www.jornalja.com.br\\\/arquivo\\\/#website\"},\"breadcrumb\":{\"@id\":\"https:\\\/\\\/www.jornalja.com.br\\\/arquivo\\\/juizes-querem-ampliar-uso-de-aplicativo-usado-contra-violencia-domestica\\\/#breadcrumblist\"},\"author\":{\"@id\":\"https:\\\/\\\/www.jornalja.com.br\\\/arquivo\\\/author\\\/daredacao\\\/#author\"},\"creator\":{\"@id\":\"https:\\\/\\\/www.jornalja.com.br\\\/arquivo\\\/author\\\/daredacao\\\/#author\"},\"image\":{\"@type\":\"ImageObject\",\"url\":52937,\"@id\":\"https:\\\/\\\/www.jornalja.com.br\\\/arquivo\\\/juizes-querem-ampliar-uso-de-aplicativo-usado-contra-violencia-domestica\\\/#mainImage\"},\"primaryImageOfPage\":{\"@id\":\"https:\\\/\\\/www.jornalja.com.br\\\/arquivo\\\/juizes-querem-ampliar-uso-de-aplicativo-usado-contra-violencia-domestica\\\/#mainImage\"},\"datePublished\":\"2017-08-30T18:57:17-03:00\",\"dateModified\":\"2017-08-30T18:57:17-03:00\"},{\"@type\":\"WebSite\",\"@id\":\"https:\\\/\\\/www.jornalja.com.br\\\/arquivo\\\/#website\",\"url\":\"https:\\\/\\\/www.jornalja.com.br\\\/arquivo\\\/\",\"name\":\"Arquivo\",\"description\":\"Jornal J\\u00c1 | Porto Alegre\",\"inLanguage\":\"pt-BR\",\"publisher\":{\"@id\":\"https:\\\/\\\/www.jornalja.com.br\\\/arquivo\\\/#organization\"}}]}\n\t\t<\/script>\n\t\t<!-- All in One SEO -->\n\n","aioseo_head_json":{"title":"Ju\u00edzes querem ampliar uso de aplicativo usado contra viol\u00eancia dom\u00e9stica | Arquivo","description":"","canonical_url":"https:\/\/www.jornalja.com.br\/arquivo\/juizes-querem-ampliar-uso-de-aplicativo-usado-contra-violencia-domestica\/","robots":"max-image-preview:large","keywords":"","webmasterTools":{"miscellaneous":""},"schema":{"@context":"https:\/\/schema.org","@graph":[{"@type":"BlogPosting","@id":"https:\/\/www.jornalja.com.br\/arquivo\/juizes-querem-ampliar-uso-de-aplicativo-usado-contra-violencia-domestica\/#blogposting","name":"Ju\u00edzes querem ampliar uso de aplicativo usado contra viol\u00eancia dom\u00e9stica | Arquivo","headline":"Ju\u00edzes querem ampliar uso de aplicativo usado contra viol\u00eancia dom\u00e9stica","author":{"@id":"https:\/\/www.jornalja.com.br\/arquivo\/author\/daredacao\/#author"},"publisher":{"@id":"https:\/\/www.jornalja.com.br\/arquivo\/#organization"},"image":{"@type":"ImageObject","url":52937},"datePublished":"2017-08-30T18:57:17-03:00","dateModified":"2017-08-30T18:57:17-03:00","inLanguage":"pt-BR","mainEntityOfPage":{"@id":"https:\/\/www.jornalja.com.br\/arquivo\/juizes-querem-ampliar-uso-de-aplicativo-usado-contra-violencia-domestica\/#webpage"},"isPartOf":{"@id":"https:\/\/www.jornalja.com.br\/arquivo\/juizes-querem-ampliar-uso-de-aplicativo-usado-contra-violencia-domestica\/#webpage"},"articleSection":"Geral"},{"@type":"BreadcrumbList","@id":"https:\/\/www.jornalja.com.br\/arquivo\/juizes-querem-ampliar-uso-de-aplicativo-usado-contra-violencia-domestica\/#breadcrumblist","itemListElement":[{"@type":"ListItem","@id":"https:\/\/www.jornalja.com.br\/arquivo#listItem","position":1,"name":"Home","item":"https:\/\/www.jornalja.com.br\/arquivo","nextItem":{"@type":"ListItem","@id":"https:\/\/www.jornalja.com.br\/arquivo\/category\/geral\/#listItem","name":"Geral"}},{"@type":"ListItem","@id":"https:\/\/www.jornalja.com.br\/arquivo\/category\/geral\/#listItem","position":2,"name":"Geral","item":"https:\/\/www.jornalja.com.br\/arquivo\/category\/geral\/","nextItem":{"@type":"ListItem","@id":"https:\/\/www.jornalja.com.br\/arquivo\/juizes-querem-ampliar-uso-de-aplicativo-usado-contra-violencia-domestica\/#listItem","name":"Ju\u00edzes querem ampliar uso de aplicativo usado contra viol\u00eancia dom\u00e9stica"},"previousItem":{"@type":"ListItem","@id":"https:\/\/www.jornalja.com.br\/arquivo#listItem","name":"Home"}},{"@type":"ListItem","@id":"https:\/\/www.jornalja.com.br\/arquivo\/juizes-querem-ampliar-uso-de-aplicativo-usado-contra-violencia-domestica\/#listItem","position":3,"name":"Ju\u00edzes querem ampliar uso de aplicativo usado contra viol\u00eancia dom\u00e9stica","previousItem":{"@type":"ListItem","@id":"https:\/\/www.jornalja.com.br\/arquivo\/category\/geral\/#listItem","name":"Geral"}}]},{"@type":"Organization","@id":"https:\/\/www.jornalja.com.br\/arquivo\/#organization","name":"Jornal J\u00c1","description":"Jornal J\u00c1 | Porto Alegre","url":"https:\/\/www.jornalja.com.br\/arquivo\/","telephone":"+555133307272","logo":{"@type":"ImageObject","url":"https:\/\/www.jornalja.com.br\/wp-content\/uploads\/cards\/JAslogan.png","@id":"https:\/\/www.jornalja.com.br\/arquivo\/juizes-querem-ampliar-uso-de-aplicativo-usado-contra-violencia-domestica\/#organizationLogo"},"image":{"@id":"https:\/\/www.jornalja.com.br\/arquivo\/juizes-querem-ampliar-uso-de-aplicativo-usado-contra-violencia-domestica\/#organizationLogo"}},{"@type":"Person","@id":"https:\/\/www.jornalja.com.br\/arquivo\/author\/daredacao\/#author","url":"https:\/\/www.jornalja.com.br\/arquivo\/author\/daredacao\/","name":"da Reda\u00e7\u00e3o","image":{"@type":"ImageObject","@id":"https:\/\/www.jornalja.com.br\/arquivo\/juizes-querem-ampliar-uso-de-aplicativo-usado-contra-violencia-domestica\/#authorImage","url":"https:\/\/secure.gravatar.com\/avatar\/469fd857d6605ad19919d27ed29d35a968a25f6e8fd9318356bbb7f57aae9c65?s=96&d=mm&r=g","width":96,"height":96,"caption":"da Reda\u00e7\u00e3o"}},{"@type":"WebPage","@id":"https:\/\/www.jornalja.com.br\/arquivo\/juizes-querem-ampliar-uso-de-aplicativo-usado-contra-violencia-domestica\/#webpage","url":"https:\/\/www.jornalja.com.br\/arquivo\/juizes-querem-ampliar-uso-de-aplicativo-usado-contra-violencia-domestica\/","name":"Ju\u00edzes querem ampliar uso de aplicativo usado contra viol\u00eancia dom\u00e9stica | Arquivo","inLanguage":"pt-BR","isPartOf":{"@id":"https:\/\/www.jornalja.com.br\/arquivo\/#website"},"breadcrumb":{"@id":"https:\/\/www.jornalja.com.br\/arquivo\/juizes-querem-ampliar-uso-de-aplicativo-usado-contra-violencia-domestica\/#breadcrumblist"},"author":{"@id":"https:\/\/www.jornalja.com.br\/arquivo\/author\/daredacao\/#author"},"creator":{"@id":"https:\/\/www.jornalja.com.br\/arquivo\/author\/daredacao\/#author"},"image":{"@type":"ImageObject","url":52937,"@id":"https:\/\/www.jornalja.com.br\/arquivo\/juizes-querem-ampliar-uso-de-aplicativo-usado-contra-violencia-domestica\/#mainImage"},"primaryImageOfPage":{"@id":"https:\/\/www.jornalja.com.br\/arquivo\/juizes-querem-ampliar-uso-de-aplicativo-usado-contra-violencia-domestica\/#mainImage"},"datePublished":"2017-08-30T18:57:17-03:00","dateModified":"2017-08-30T18:57:17-03:00"},{"@type":"WebSite","@id":"https:\/\/www.jornalja.com.br\/arquivo\/#website","url":"https:\/\/www.jornalja.com.br\/arquivo\/","name":"Arquivo","description":"Jornal J\u00c1 | Porto Alegre","inLanguage":"pt-BR","publisher":{"@id":"https:\/\/www.jornalja.com.br\/arquivo\/#organization"}}]},"og:locale":"pt_BR","og:site_name":"Arquivo | Jornal J\u00c1 | Porto Alegre","og:type":"article","og:title":"Ju\u00edzes querem ampliar uso de aplicativo usado contra viol\u00eancia dom\u00e9stica | Arquivo","og:url":"https:\/\/www.jornalja.com.br\/arquivo\/juizes-querem-ampliar-uso-de-aplicativo-usado-contra-violencia-domestica\/","og:image":"https:\/\/www.jornalja.com.br\/economics\/wp-content\/uploads\/sites\/11\/2026\/08\/ja-folhaderosto-facebook.jpg","og:image:secure_url":"https:\/\/www.jornalja.com.br\/economics\/wp-content\/uploads\/sites\/11\/2026\/08\/ja-folhaderosto-facebook.jpg","article:published_time":"2017-08-30T21:57:17+00:00","article:modified_time":"2017-08-30T21:57:17+00:00","twitter:card":"summary","twitter:title":"Ju\u00edzes querem ampliar uso de aplicativo usado contra viol\u00eancia dom\u00e9stica | Arquivo","twitter:image":"https:\/\/www.jornalja.com.br\/economics\/wp-content\/uploads\/sites\/11\/2026\/08\/ja-folhaderosto-facebook.jpg"},"aioseo_meta_data":{"post_id":"54470","title":null,"description":null,"keywords":null,"keyphrases":null,"primary_term":null,"canonical_url":null,"og_title":null,"og_description":null,"og_object_type":"default","og_image_type":"default","og_image_url":null,"og_image_width":null,"og_image_height":null,"og_image_custom_url":null,"og_image_custom_fields":null,"og_video":null,"og_custom_url":null,"og_article_section":null,"og_article_tags":null,"twitter_use_og":false,"twitter_card":"default","twitter_image_type":"default","twitter_image_url":null,"twitter_image_custom_url":null,"twitter_image_custom_fields":null,"twitter_title":null,"twitter_description":null,"schema":{"blockGraphs":[],"customGraphs":[],"default":{"data":{"Article":[],"Course":[],"Dataset":[],"FAQPage":[],"Movie":[],"Person":[],"Product":[],"ProductReview":[],"Car":[],"Recipe":[],"Service":[],"SoftwareApplication":[],"WebPage":[]},"graphName":"","isEnabled":true},"graphs":[],"defaultGraph":"","defaultPostTypeGraph":""},"schema_type":null,"schema_type_options":null,"pillar_content":false,"robots_default":true,"robots_noindex":false,"robots_noarchive":false,"robots_nosnippet":false,"robots_nofollow":false,"robots_noimageindex":false,"robots_noodp":false,"robots_notranslate":false,"robots_max_snippet":null,"robots_max_videopreview":null,"robots_max_imagepreview":"large","priority":null,"frequency":null,"location":null,"local_seo":null,"breadcrumb_settings":null,"limit_modified_date":false,"ai":null,"created":"2020-12-20 20:26:01","updated":"2025-07-20 00:43:20","seo_analyzer_scan_date":null,"focus_keyword":null,"additional_keywords":null,"truseo_locale":null},"jetpack_sharing_enabled":true,"jetpack-related-posts":[{"id":13240,"url":"https:\/\/www.jornalja.com.br\/arquivo\/plano-diretor-estamos-construindo-o-caos\/","url_meta":{"origin":54470,"position":0},"title":"Plano diretor: &quot;Estamos construindo o caos&quot;","author":"Patr\u00edcia Marini","date":"26 de maio de 2014","format":false,"excerpt":"Desabafo que arquiteta Eliana Castilhos, delegada da Regi\u00e3o de Planejamento 1, postou nas redes sociais \u00e9 um testemunho do ambiente que se criou no Conselho do Plano Diretor de Porto Alegre, onde a aprova\u00e7\u00e3o de grandes empreendimentos \u00e9 empurrada guela abaixo dos conselheiros. Ao CMDUA Como delegada da Regi\u00e3o de\u2026","rel":"","context":"Em &quot;Geral&quot;","block_context":{"text":"Geral","link":"https:\/\/www.jornalja.com.br\/arquivo\/category\/geral\/"},"img":{"alt_text":"","src":"","width":0,"height":0},"classes":[]},{"id":13128,"url":"https:\/\/www.jornalja.com.br\/arquivo\/maconha-terra-diz-que-uso-medicinal-e-desculpa\/","url_meta":{"origin":54470,"position":1},"title":"Maconha: Terra diz que uso medicinal \u00e9 desculpa","author":"Patr\u00edcia Marini","date":"4 de junho de 2014","format":false,"excerpt":"A condi\u00e7\u00e3o de pol\u00edtico, em \u00e9poca de campanha de campanha eleitoral, tira for\u00e7a do discurso do m\u00e9dico Osmar Terra contra a legaliza\u00e7\u00e3o da maconha. A tese dele de que a libera\u00e7\u00e3o vai ampliar exponencialmente o consumo \u00e9 discutivel, o consumo \u00e9 corrente. Mas seus alertas quanto aos riscos tem que\u2026","rel":"","context":"Em &quot;X.Categorias velhas&quot;","block_context":{"text":"X.Categorias velhas","link":"https:\/\/www.jornalja.com.br\/arquivo\/category\/x-categorias-velhas\/"},"img":{"alt_text":"","src":"","width":0,"height":0},"classes":[]},{"id":13124,"url":"https:\/\/www.jornalja.com.br\/arquivo\/sangue-latino-no-iecine\/","url_meta":{"origin":54470,"position":2},"title":"Sangue latino no IECINE","author":"da Reda\u00e7\u00e3o","date":"18 de maio de 2014","format":false,"excerpt":"Francisco Ribeiro O Instituto Estadual de Cinema (IECINE) tem a frente, desde abril \u00faltimo, um novo diretor, o cineasta colombiano Juan Zapata, 36, que substitui Luiz Alberto Cassol. Radicado h\u00e1 dez anos em Porto Alegre, Zapata tem diante de si o desafio de conduzir at\u00e9 o final do ano um\u2026","rel":"","context":"Em &quot;Cultura-Geral&quot;","block_context":{"text":"Cultura-Geral","link":"https:\/\/www.jornalja.com.br\/arquivo\/category\/materiasecundaria\/"},"img":{"alt_text":"","src":"","width":0,"height":0},"classes":[]},{"id":5440,"url":"https:\/\/www.jornalja.com.br\/arquivo\/casarao-da-venancio-destino-permanece-incerto\/","url_meta":{"origin":54470,"position":3},"title":"Estado ainda n\u00e3o sabe o que fazer com casar\u00e3o abandonado h\u00e1 20 anos","author":"Elmar Bones","date":"6 de julho de 2009","format":false,"excerpt":"O casar\u00e3o amarelo, numa esquina nobre de Porto Alegre (Ven\u00e2ncio Aires com Jo\u00e3o Pessoa), j\u00e1 abrigou uma escola. H\u00e1 duas d\u00e9cadas, pelo menos, est\u00e1 abandonado, porque seu propriet\u00e1rio, o governo do Estado do Rio Grande do Sul, n\u00e3o consegue achar um destino para ele. Planos n\u00e3o faltaram. O governador Ol\u00edvio\u2026","rel":"","context":"Em &quot;X.Categorias velhas&quot;","block_context":{"text":"X.Categorias velhas","link":"https:\/\/www.jornalja.com.br\/arquivo\/category\/x-categorias-velhas\/"},"img":{"alt_text":"geraldo1","src":"https:\/\/i0.wp.com\/www.jornalja.com.br\/wp-content\/uploads\/2009\/07\/geraldo1.jpg?resize=350%2C200&ssl=1","width":350,"height":200},"classes":[]}],"jetpack_shortlink":"https:\/\/wp.me\/pbQjBd-eay","jetpack_featured_media_url":"","_links":{"self":[{"href":"https:\/\/www.jornalja.com.br\/arquivo\/wp-json\/wp\/v2\/posts\/54470","targetHints":{"allow":["GET"]}}],"collection":[{"href":"https:\/\/www.jornalja.com.br\/arquivo\/wp-json\/wp\/v2\/posts"}],"about":[{"href":"https:\/\/www.jornalja.com.br\/arquivo\/wp-json\/wp\/v2\/types\/post"}],"author":[{"embeddable":true,"href":"https:\/\/www.jornalja.com.br\/arquivo\/wp-json\/wp\/v2\/users\/4"}],"replies":[{"embeddable":true,"href":"https:\/\/www.jornalja.com.br\/arquivo\/wp-json\/wp\/v2\/comments?post=54470"}],"version-history":[{"count":0,"href":"https:\/\/www.jornalja.com.br\/arquivo\/wp-json\/wp\/v2\/posts\/54470\/revisions"}],"wp:attachment":[{"href":"https:\/\/www.jornalja.com.br\/arquivo\/wp-json\/wp\/v2\/media?parent=54470"}],"wp:term":[{"taxonomy":"category","embeddable":true,"href":"https:\/\/www.jornalja.com.br\/arquivo\/wp-json\/wp\/v2\/categories?post=54470"},{"taxonomy":"post_tag","embeddable":true,"href":"https:\/\/www.jornalja.com.br\/arquivo\/wp-json\/wp\/v2\/tags?post=54470"}],"curies":[{"name":"wp","href":"https:\/\/api.w.org\/{rel}","templated":true}]}}