{"id":54507,"date":"2017-08-31T11:29:22","date_gmt":"2017-08-31T14:29:22","guid":{"rendered":"https:\/\/www.jornalja.com.br\/?p=54507"},"modified":"2017-08-31T11:29:22","modified_gmt":"2017-08-31T14:29:22","slug":"milesima-agroindustria-do-estado-recebe-certificacao-na-expointer","status":"publish","type":"post","link":"https:\/\/www.jornalja.com.br\/arquivo\/milesima-agroindustria-do-estado-recebe-certificacao-na-expointer\/","title":{"rendered":"Mil\u00e9sima agroind\u00fastria do Estado recebe certifica\u00e7\u00e3o na Expointer"},"content":{"rendered":"<div><\/div>\n<div>&#8220;Agora temos renda garantida, n\u00e3o precisamos mais nos esconder na informalidade e podemos expandir nosso mercado&#8221;, comemorou o produtor rural, Carlos Schropfer, ao receber das m\u00e3os do governador Jos\u00e9 Ivo Sartori, nesta tarde (30\/08), o certificado de mil\u00e9sima agroind\u00fastria inclu\u00edda no Programa Estadual da Agroind\u00fastria Familiar (PEAF), da Secretaria de Desenvolvimento Rural, Pesca e Cooperativismo (SDR).<\/div>\n<div><\/div>\n<div>A agroind\u00fastria de melado batido da fam\u00edlia Schropfer, Engenho Velho, localizada no interior de Roque Gonzales, tamb\u00e9m passou a usar, nesta semana, o Selo Sabor Ga\u00facho, que certifica a qualidade do produto e garante sua proveni\u00eancia de estabelecimentos artesanais.<\/div>\n<div><\/div>\n<div>&#8220;Este j\u00e1 n\u00e3o \u00e9 mais um programa de governo, mas sim de Estado&#8221;, garantiu Sartori, ao entregar a mil\u00e9sima certifica\u00e7\u00e3o.<\/div>\n<div><\/div>\n<div>Schropfer contou que trabalhar na legalidade lhe garantiu uma amplia\u00e7\u00e3o de mais de 50% da renda familiar, que varia de R$ 3 mil a R$ 5 mil mensais.<\/div>\n<div><\/div>\n<div>Com a conquista da certifica\u00e7\u00e3o, a ideia \u00e9 aumentar a produ\u00e7\u00e3o de 700 quilos de melado mensais, para mil quilos. &#8220;Tamb\u00e9m queremos diversificar a produ\u00e7\u00e3o com mais dois novos produtos: a\u00e7\u00facar mascavo e rapadura&#8221;, anunciou.<\/div>\n<div>Na propriedade de 15 hectares, Carlos trabalha com a esposa Rosalina e o filho Anderson Felipe, que tamb\u00e9m \u00e9 o respons\u00e1vel t\u00e9cnico pela produ\u00e7\u00e3o.<\/div>\n<div><\/div>\n<div>&#8220;A sucess\u00e3o familiar vai se dar quando a propridade se tornar rent\u00e1vel&#8221;, afirmou Sartori. E foi realmente isso que aconteceu na fam\u00edllia Schropfer. &#8220;Com apoio do governo por meio de pol\u00edticas p\u00fablicas e da assist\u00eancia t\u00e9cnica da Emater, pudemos investir na agroindustrializa\u00e7\u00e3o, agregando valor ao nosso produto e ampliando nossa renda.<\/div>\n<div><\/div>\n<div>Nessa expectativa, e por ser filho \u00fanico, resolvi ficar na propriedade rural e seguir o neg\u00f3cio com meus pais. Hoje tenho uma renda maior que os meus colegas que foram estudar e tentar a vida na cidade&#8221;, avaliou Anderson.<\/div>\n<div><\/div>\n<div>O diretor de Agricultura Familiar da SDR, Jos\u00e9 Alexandre Rodrigues, afirmou que atualmente est\u00e3o cadastradas no programa mais de 3 mil agroind\u00fastrias, sendo que 1.089 j\u00e1 receberam a certifica\u00e7\u00e3o e est\u00e3o legalizadas. &#8220;Nossa meta \u00e9 formalizar 1,2 mil at\u00e9 o final do ano&#8221;. O presidente da Emater\/RS-Ascar, Clair Kuhn, informou que a cada tr\u00eas dias uma nova agroind\u00fastria \u00e9 legalizada no Estado.<\/div>\n<div><\/div>\n<div>Participaram do ato, o secret\u00e1rio da SDR, Tarc\u00edsio Minetto; a secret\u00e1ria do Desenvolvimento Social, Trabalho, Justi\u00e7a e Direitos Humanos, Maria Helena Sartori; o secret\u00e1rio adjunto da SDR, Iber\u00ea Orsi; o presidente da Fetag, Carlos Joel da Silva; o engenheiro agr\u00f4nomo e chefe do Escrit\u00f3rio Municipal da Emater\/RS-Ascar \u00a0de Roque Gonzales, Can\u00edsio Berwaldt; o t\u00e9cncico agr\u00edcola do mesmo munic\u00edpio, Lu\u00eds Miguel Haab; os deputados Elton Weber, Liziane Bayer e Edson Brum.<\/div>\n<div><em>(com informa\u00e7\u00f5es da assessoria de imprensa)<\/em><\/div>\n<div><\/div>\n","protected":false},"excerpt":{"rendered":"<p>&#8220;Agora temos renda garantida, n\u00e3o precisamos mais nos esconder na informalidade e podemos expandir nosso mercado&#8221;, comemorou o produtor rural, Carlos Schropfer, ao receber das m\u00e3os do governador Jos\u00e9 Ivo Sartori, nesta tarde (30\/08), o certificado de mil\u00e9sima agroind\u00fastria inclu\u00edda no Programa Estadual da Agroind\u00fastria Familiar (PEAF), da Secretaria de Desenvolvimento Rural, Pesca e Cooperativismo [&hellip;]<\/p>\n","protected":false},"author":4,"featured_media":54509,"comment_status":"open","ping_status":"closed","sticky":false,"template":"","format":"standard","meta":{"_jetpack_newsletter_access":"","_jetpack_dont_email_post_to_subs":false,"_jetpack_newsletter_tier_id":0,"_jetpack_memberships_contains_paywalled_content":false,"_jetpack_feature_clip_id":0,"_jetpack_memberships_contains_paid_content":false,"footnotes":"","jetpack_post_was_ever_published":false},"categories":[26],"tags":[],"class_list":["post-54507","post","type-post","status-publish","format-standard","has-post-thumbnail","hentry","category-geral"],"aioseo_notices":[],"aioseo_head":"\n\t\t<!-- All in One SEO 5.0.1.1 - aioseo.com -->\n\t<meta name=\"robots\" content=\"max-image-preview:large\" \/>\n\t<meta name=\"author\" content=\"da Reda\u00e7\u00e3o\"\/>\n\t<link rel=\"canonical\" href=\"https:\/\/www.jornalja.com.br\/arquivo\/milesima-agroindustria-do-estado-recebe-certificacao-na-expointer\/\" \/>\n\t<meta name=\"generator\" content=\"All in One SEO (AIOSEO) 5.0.1.1\" \/>\n\t\t<meta property=\"og:locale\" content=\"pt_BR\" \/>\n\t\t<meta property=\"og:site_name\" content=\"Arquivo | Jornal J\u00c1 | Porto Alegre\" \/>\n\t\t<meta property=\"og:type\" content=\"article\" \/>\n\t\t<meta property=\"og:title\" content=\"Mil\u00e9sima agroind\u00fastria do Estado recebe certifica\u00e7\u00e3o na Expointer | Arquivo\" \/>\n\t\t<meta property=\"og:url\" content=\"https:\/\/www.jornalja.com.br\/arquivo\/milesima-agroindustria-do-estado-recebe-certificacao-na-expointer\/\" \/>\n\t\t<meta property=\"og:image\" content=\"https:\/\/www.jornalja.com.br\/economics\/wp-content\/uploads\/sites\/11\/2026\/08\/ja-folhaderosto-facebook.jpg\" \/>\n\t\t<meta property=\"og:image:secure_url\" content=\"https:\/\/www.jornalja.com.br\/economics\/wp-content\/uploads\/sites\/11\/2026\/08\/ja-folhaderosto-facebook.jpg\" \/>\n\t\t<meta property=\"article:published_time\" content=\"2017-08-31T14:29:22+00:00\" \/>\n\t\t<meta property=\"article:modified_time\" content=\"2017-08-31T14:29:22+00:00\" \/>\n\t\t<meta name=\"twitter:card\" content=\"summary\" \/>\n\t\t<meta name=\"twitter:title\" content=\"Mil\u00e9sima agroind\u00fastria do Estado recebe certifica\u00e7\u00e3o na Expointer | Arquivo\" \/>\n\t\t<meta name=\"twitter:image\" content=\"https:\/\/www.jornalja.com.br\/economics\/wp-content\/uploads\/sites\/11\/2026\/08\/ja-folhaderosto-facebook.jpg\" \/>\n\t\t<script type=\"application\/ld+json\" class=\"aioseo-schema\">\n\t\t\t{\"@context\":\"https:\\\/\\\/schema.org\",\"@graph\":[{\"@type\":\"BlogPosting\",\"@id\":\"https:\\\/\\\/www.jornalja.com.br\\\/arquivo\\\/milesima-agroindustria-do-estado-recebe-certificacao-na-expointer\\\/#blogposting\",\"name\":\"Mil\\u00e9sima agroind\\u00fastria do Estado recebe certifica\\u00e7\\u00e3o na Expointer | Arquivo\",\"headline\":\"Mil\\u00e9sima agroind\\u00fastria do Estado recebe certifica\\u00e7\\u00e3o na Expointer\",\"author\":{\"@id\":\"https:\\\/\\\/www.jornalja.com.br\\\/arquivo\\\/author\\\/daredacao\\\/#author\"},\"publisher\":{\"@id\":\"https:\\\/\\\/www.jornalja.com.br\\\/arquivo\\\/#organization\"},\"image\":{\"@type\":\"ImageObject\",\"url\":54509},\"datePublished\":\"2017-08-31T11:29:22-03:00\",\"dateModified\":\"2017-08-31T11:29:22-03:00\",\"inLanguage\":\"pt-BR\",\"mainEntityOfPage\":{\"@id\":\"https:\\\/\\\/www.jornalja.com.br\\\/arquivo\\\/milesima-agroindustria-do-estado-recebe-certificacao-na-expointer\\\/#webpage\"},\"isPartOf\":{\"@id\":\"https:\\\/\\\/www.jornalja.com.br\\\/arquivo\\\/milesima-agroindustria-do-estado-recebe-certificacao-na-expointer\\\/#webpage\"},\"articleSection\":\"Geral\"},{\"@type\":\"BreadcrumbList\",\"@id\":\"https:\\\/\\\/www.jornalja.com.br\\\/arquivo\\\/milesima-agroindustria-do-estado-recebe-certificacao-na-expointer\\\/#breadcrumblist\",\"itemListElement\":[{\"@type\":\"ListItem\",\"@id\":\"https:\\\/\\\/www.jornalja.com.br\\\/arquivo#listItem\",\"position\":1,\"name\":\"Home\",\"item\":\"https:\\\/\\\/www.jornalja.com.br\\\/arquivo\",\"nextItem\":{\"@type\":\"ListItem\",\"@id\":\"https:\\\/\\\/www.jornalja.com.br\\\/arquivo\\\/category\\\/geral\\\/#listItem\",\"name\":\"Geral\"}},{\"@type\":\"ListItem\",\"@id\":\"https:\\\/\\\/www.jornalja.com.br\\\/arquivo\\\/category\\\/geral\\\/#listItem\",\"position\":2,\"name\":\"Geral\",\"item\":\"https:\\\/\\\/www.jornalja.com.br\\\/arquivo\\\/category\\\/geral\\\/\",\"nextItem\":{\"@type\":\"ListItem\",\"@id\":\"https:\\\/\\\/www.jornalja.com.br\\\/arquivo\\\/milesima-agroindustria-do-estado-recebe-certificacao-na-expointer\\\/#listItem\",\"name\":\"Mil\\u00e9sima agroind\\u00fastria do Estado recebe certifica\\u00e7\\u00e3o na Expointer\"},\"previousItem\":{\"@type\":\"ListItem\",\"@id\":\"https:\\\/\\\/www.jornalja.com.br\\\/arquivo#listItem\",\"name\":\"Home\"}},{\"@type\":\"ListItem\",\"@id\":\"https:\\\/\\\/www.jornalja.com.br\\\/arquivo\\\/milesima-agroindustria-do-estado-recebe-certificacao-na-expointer\\\/#listItem\",\"position\":3,\"name\":\"Mil\\u00e9sima agroind\\u00fastria do Estado recebe certifica\\u00e7\\u00e3o na Expointer\",\"previousItem\":{\"@type\":\"ListItem\",\"@id\":\"https:\\\/\\\/www.jornalja.com.br\\\/arquivo\\\/category\\\/geral\\\/#listItem\",\"name\":\"Geral\"}}]},{\"@type\":\"Organization\",\"@id\":\"https:\\\/\\\/www.jornalja.com.br\\\/arquivo\\\/#organization\",\"name\":\"Jornal J\\u00c1\",\"description\":\"Jornal J\\u00c1 | Porto Alegre\",\"url\":\"https:\\\/\\\/www.jornalja.com.br\\\/arquivo\\\/\",\"telephone\":\"+555133307272\",\"logo\":{\"@type\":\"ImageObject\",\"url\":\"https:\\\/\\\/www.jornalja.com.br\\\/wp-content\\\/uploads\\\/cards\\\/JAslogan.png\",\"@id\":\"https:\\\/\\\/www.jornalja.com.br\\\/arquivo\\\/milesima-agroindustria-do-estado-recebe-certificacao-na-expointer\\\/#organizationLogo\"},\"image\":{\"@id\":\"https:\\\/\\\/www.jornalja.com.br\\\/arquivo\\\/milesima-agroindustria-do-estado-recebe-certificacao-na-expointer\\\/#organizationLogo\"}},{\"@type\":\"Person\",\"@id\":\"https:\\\/\\\/www.jornalja.com.br\\\/arquivo\\\/author\\\/daredacao\\\/#author\",\"url\":\"https:\\\/\\\/www.jornalja.com.br\\\/arquivo\\\/author\\\/daredacao\\\/\",\"name\":\"da Reda\\u00e7\\u00e3o\",\"image\":{\"@type\":\"ImageObject\",\"@id\":\"https:\\\/\\\/www.jornalja.com.br\\\/arquivo\\\/milesima-agroindustria-do-estado-recebe-certificacao-na-expointer\\\/#authorImage\",\"url\":\"https:\\\/\\\/secure.gravatar.com\\\/avatar\\\/469fd857d6605ad19919d27ed29d35a968a25f6e8fd9318356bbb7f57aae9c65?s=96&d=mm&r=g\",\"width\":96,\"height\":96,\"caption\":\"da Reda\\u00e7\\u00e3o\"}},{\"@type\":\"WebPage\",\"@id\":\"https:\\\/\\\/www.jornalja.com.br\\\/arquivo\\\/milesima-agroindustria-do-estado-recebe-certificacao-na-expointer\\\/#webpage\",\"url\":\"https:\\\/\\\/www.jornalja.com.br\\\/arquivo\\\/milesima-agroindustria-do-estado-recebe-certificacao-na-expointer\\\/\",\"name\":\"Mil\\u00e9sima agroind\\u00fastria do Estado recebe certifica\\u00e7\\u00e3o na Expointer | Arquivo\",\"inLanguage\":\"pt-BR\",\"isPartOf\":{\"@id\":\"https:\\\/\\\/www.jornalja.com.br\\\/arquivo\\\/#website\"},\"breadcrumb\":{\"@id\":\"https:\\\/\\\/www.jornalja.com.br\\\/arquivo\\\/milesima-agroindustria-do-estado-recebe-certificacao-na-expointer\\\/#breadcrumblist\"},\"author\":{\"@id\":\"https:\\\/\\\/www.jornalja.com.br\\\/arquivo\\\/author\\\/daredacao\\\/#author\"},\"creator\":{\"@id\":\"https:\\\/\\\/www.jornalja.com.br\\\/arquivo\\\/author\\\/daredacao\\\/#author\"},\"image\":{\"@type\":\"ImageObject\",\"url\":54509,\"@id\":\"https:\\\/\\\/www.jornalja.com.br\\\/arquivo\\\/milesima-agroindustria-do-estado-recebe-certificacao-na-expointer\\\/#mainImage\"},\"primaryImageOfPage\":{\"@id\":\"https:\\\/\\\/www.jornalja.com.br\\\/arquivo\\\/milesima-agroindustria-do-estado-recebe-certificacao-na-expointer\\\/#mainImage\"},\"datePublished\":\"2017-08-31T11:29:22-03:00\",\"dateModified\":\"2017-08-31T11:29:22-03:00\"},{\"@type\":\"WebSite\",\"@id\":\"https:\\\/\\\/www.jornalja.com.br\\\/arquivo\\\/#website\",\"url\":\"https:\\\/\\\/www.jornalja.com.br\\\/arquivo\\\/\",\"name\":\"Arquivo\",\"description\":\"Jornal J\\u00c1 | Porto Alegre\",\"inLanguage\":\"pt-BR\",\"publisher\":{\"@id\":\"https:\\\/\\\/www.jornalja.com.br\\\/arquivo\\\/#organization\"}}]}\n\t\t<\/script>\n\t\t<!-- All in One SEO -->\n\n","aioseo_head_json":{"title":"Mil\u00e9sima agroind\u00fastria do Estado recebe certifica\u00e7\u00e3o na Expointer | Arquivo","description":"","canonical_url":"https:\/\/www.jornalja.com.br\/arquivo\/milesima-agroindustria-do-estado-recebe-certificacao-na-expointer\/","robots":"max-image-preview:large","keywords":"","webmasterTools":{"miscellaneous":""},"schema":{"@context":"https:\/\/schema.org","@graph":[{"@type":"BlogPosting","@id":"https:\/\/www.jornalja.com.br\/arquivo\/milesima-agroindustria-do-estado-recebe-certificacao-na-expointer\/#blogposting","name":"Mil\u00e9sima agroind\u00fastria do Estado recebe certifica\u00e7\u00e3o na Expointer | Arquivo","headline":"Mil\u00e9sima agroind\u00fastria do Estado recebe certifica\u00e7\u00e3o na Expointer","author":{"@id":"https:\/\/www.jornalja.com.br\/arquivo\/author\/daredacao\/#author"},"publisher":{"@id":"https:\/\/www.jornalja.com.br\/arquivo\/#organization"},"image":{"@type":"ImageObject","url":54509},"datePublished":"2017-08-31T11:29:22-03:00","dateModified":"2017-08-31T11:29:22-03:00","inLanguage":"pt-BR","mainEntityOfPage":{"@id":"https:\/\/www.jornalja.com.br\/arquivo\/milesima-agroindustria-do-estado-recebe-certificacao-na-expointer\/#webpage"},"isPartOf":{"@id":"https:\/\/www.jornalja.com.br\/arquivo\/milesima-agroindustria-do-estado-recebe-certificacao-na-expointer\/#webpage"},"articleSection":"Geral"},{"@type":"BreadcrumbList","@id":"https:\/\/www.jornalja.com.br\/arquivo\/milesima-agroindustria-do-estado-recebe-certificacao-na-expointer\/#breadcrumblist","itemListElement":[{"@type":"ListItem","@id":"https:\/\/www.jornalja.com.br\/arquivo#listItem","position":1,"name":"Home","item":"https:\/\/www.jornalja.com.br\/arquivo","nextItem":{"@type":"ListItem","@id":"https:\/\/www.jornalja.com.br\/arquivo\/category\/geral\/#listItem","name":"Geral"}},{"@type":"ListItem","@id":"https:\/\/www.jornalja.com.br\/arquivo\/category\/geral\/#listItem","position":2,"name":"Geral","item":"https:\/\/www.jornalja.com.br\/arquivo\/category\/geral\/","nextItem":{"@type":"ListItem","@id":"https:\/\/www.jornalja.com.br\/arquivo\/milesima-agroindustria-do-estado-recebe-certificacao-na-expointer\/#listItem","name":"Mil\u00e9sima agroind\u00fastria do Estado recebe certifica\u00e7\u00e3o na Expointer"},"previousItem":{"@type":"ListItem","@id":"https:\/\/www.jornalja.com.br\/arquivo#listItem","name":"Home"}},{"@type":"ListItem","@id":"https:\/\/www.jornalja.com.br\/arquivo\/milesima-agroindustria-do-estado-recebe-certificacao-na-expointer\/#listItem","position":3,"name":"Mil\u00e9sima agroind\u00fastria do Estado recebe certifica\u00e7\u00e3o na Expointer","previousItem":{"@type":"ListItem","@id":"https:\/\/www.jornalja.com.br\/arquivo\/category\/geral\/#listItem","name":"Geral"}}]},{"@type":"Organization","@id":"https:\/\/www.jornalja.com.br\/arquivo\/#organization","name":"Jornal J\u00c1","description":"Jornal J\u00c1 | Porto Alegre","url":"https:\/\/www.jornalja.com.br\/arquivo\/","telephone":"+555133307272","logo":{"@type":"ImageObject","url":"https:\/\/www.jornalja.com.br\/wp-content\/uploads\/cards\/JAslogan.png","@id":"https:\/\/www.jornalja.com.br\/arquivo\/milesima-agroindustria-do-estado-recebe-certificacao-na-expointer\/#organizationLogo"},"image":{"@id":"https:\/\/www.jornalja.com.br\/arquivo\/milesima-agroindustria-do-estado-recebe-certificacao-na-expointer\/#organizationLogo"}},{"@type":"Person","@id":"https:\/\/www.jornalja.com.br\/arquivo\/author\/daredacao\/#author","url":"https:\/\/www.jornalja.com.br\/arquivo\/author\/daredacao\/","name":"da Reda\u00e7\u00e3o","image":{"@type":"ImageObject","@id":"https:\/\/www.jornalja.com.br\/arquivo\/milesima-agroindustria-do-estado-recebe-certificacao-na-expointer\/#authorImage","url":"https:\/\/secure.gravatar.com\/avatar\/469fd857d6605ad19919d27ed29d35a968a25f6e8fd9318356bbb7f57aae9c65?s=96&d=mm&r=g","width":96,"height":96,"caption":"da Reda\u00e7\u00e3o"}},{"@type":"WebPage","@id":"https:\/\/www.jornalja.com.br\/arquivo\/milesima-agroindustria-do-estado-recebe-certificacao-na-expointer\/#webpage","url":"https:\/\/www.jornalja.com.br\/arquivo\/milesima-agroindustria-do-estado-recebe-certificacao-na-expointer\/","name":"Mil\u00e9sima agroind\u00fastria do Estado recebe certifica\u00e7\u00e3o na Expointer | Arquivo","inLanguage":"pt-BR","isPartOf":{"@id":"https:\/\/www.jornalja.com.br\/arquivo\/#website"},"breadcrumb":{"@id":"https:\/\/www.jornalja.com.br\/arquivo\/milesima-agroindustria-do-estado-recebe-certificacao-na-expointer\/#breadcrumblist"},"author":{"@id":"https:\/\/www.jornalja.com.br\/arquivo\/author\/daredacao\/#author"},"creator":{"@id":"https:\/\/www.jornalja.com.br\/arquivo\/author\/daredacao\/#author"},"image":{"@type":"ImageObject","url":54509,"@id":"https:\/\/www.jornalja.com.br\/arquivo\/milesima-agroindustria-do-estado-recebe-certificacao-na-expointer\/#mainImage"},"primaryImageOfPage":{"@id":"https:\/\/www.jornalja.com.br\/arquivo\/milesima-agroindustria-do-estado-recebe-certificacao-na-expointer\/#mainImage"},"datePublished":"2017-08-31T11:29:22-03:00","dateModified":"2017-08-31T11:29:22-03:00"},{"@type":"WebSite","@id":"https:\/\/www.jornalja.com.br\/arquivo\/#website","url":"https:\/\/www.jornalja.com.br\/arquivo\/","name":"Arquivo","description":"Jornal J\u00c1 | Porto Alegre","inLanguage":"pt-BR","publisher":{"@id":"https:\/\/www.jornalja.com.br\/arquivo\/#organization"}}]},"og:locale":"pt_BR","og:site_name":"Arquivo | Jornal J\u00c1 | Porto Alegre","og:type":"article","og:title":"Mil\u00e9sima agroind\u00fastria do Estado recebe certifica\u00e7\u00e3o na Expointer | Arquivo","og:url":"https:\/\/www.jornalja.com.br\/arquivo\/milesima-agroindustria-do-estado-recebe-certificacao-na-expointer\/","og:image":"https:\/\/www.jornalja.com.br\/economics\/wp-content\/uploads\/sites\/11\/2026\/08\/ja-folhaderosto-facebook.jpg","og:image:secure_url":"https:\/\/www.jornalja.com.br\/economics\/wp-content\/uploads\/sites\/11\/2026\/08\/ja-folhaderosto-facebook.jpg","article:published_time":"2017-08-31T14:29:22+00:00","article:modified_time":"2017-08-31T14:29:22+00:00","twitter:card":"summary","twitter:title":"Mil\u00e9sima agroind\u00fastria do Estado recebe certifica\u00e7\u00e3o na Expointer | Arquivo","twitter:image":"https:\/\/www.jornalja.com.br\/economics\/wp-content\/uploads\/sites\/11\/2026\/08\/ja-folhaderosto-facebook.jpg"},"aioseo_meta_data":{"post_id":"54507","title":null,"description":null,"keywords":null,"keyphrases":null,"primary_term":null,"canonical_url":null,"og_title":null,"og_description":null,"og_object_type":"default","og_image_type":"default","og_image_url":null,"og_image_width":null,"og_image_height":null,"og_image_custom_url":null,"og_image_custom_fields":null,"og_video":null,"og_custom_url":null,"og_article_section":null,"og_article_tags":null,"twitter_use_og":false,"twitter_card":"default","twitter_image_type":"default","twitter_image_url":null,"twitter_image_custom_url":null,"twitter_image_custom_fields":null,"twitter_title":null,"twitter_description":null,"schema":{"blockGraphs":[],"customGraphs":[],"default":{"data":{"Article":[],"Course":[],"Dataset":[],"FAQPage":[],"Movie":[],"Person":[],"Product":[],"ProductReview":[],"Car":[],"Recipe":[],"Service":[],"SoftwareApplication":[],"WebPage":[]},"graphName":"","isEnabled":true},"graphs":[],"defaultGraph":"","defaultPostTypeGraph":""},"schema_type":null,"schema_type_options":null,"pillar_content":false,"robots_default":true,"robots_noindex":false,"robots_noarchive":false,"robots_nosnippet":false,"robots_nofollow":false,"robots_noimageindex":false,"robots_noodp":false,"robots_notranslate":false,"robots_max_snippet":null,"robots_max_videopreview":null,"robots_max_imagepreview":"large","priority":null,"frequency":null,"location":null,"local_seo":null,"breadcrumb_settings":null,"limit_modified_date":false,"ai":null,"created":"2020-12-20 20:26:01","updated":"2025-07-20 00:43:20","seo_analyzer_scan_date":null,"focus_keyword":null,"additional_keywords":null,"truseo_locale":null},"jetpack_sharing_enabled":true,"jetpack-related-posts":[{"id":13124,"url":"https:\/\/www.jornalja.com.br\/arquivo\/sangue-latino-no-iecine\/","url_meta":{"origin":54507,"position":0},"title":"Sangue latino no IECINE","author":"da Reda\u00e7\u00e3o","date":"18 de maio de 2014","format":false,"excerpt":"Francisco Ribeiro O Instituto Estadual de Cinema (IECINE) tem a frente, desde abril \u00faltimo, um novo diretor, o cineasta colombiano Juan Zapata, 36, que substitui Luiz Alberto Cassol. Radicado h\u00e1 dez anos em Porto Alegre, Zapata tem diante de si o desafio de conduzir at\u00e9 o final do ano um\u2026","rel":"","context":"Em &quot;Cultura-Geral&quot;","block_context":{"text":"Cultura-Geral","link":"https:\/\/www.jornalja.com.br\/arquivo\/category\/materiasecundaria\/"},"img":{"alt_text":"","src":"","width":0,"height":0},"classes":[]},{"id":5440,"url":"https:\/\/www.jornalja.com.br\/arquivo\/casarao-da-venancio-destino-permanece-incerto\/","url_meta":{"origin":54507,"position":1},"title":"Estado ainda n\u00e3o sabe o que fazer com casar\u00e3o abandonado h\u00e1 20 anos","author":"Elmar Bones","date":"6 de julho de 2009","format":false,"excerpt":"O casar\u00e3o amarelo, numa esquina nobre de Porto Alegre (Ven\u00e2ncio Aires com Jo\u00e3o Pessoa), j\u00e1 abrigou uma escola. H\u00e1 duas d\u00e9cadas, pelo menos, est\u00e1 abandonado, porque seu propriet\u00e1rio, o governo do Estado do Rio Grande do Sul, n\u00e3o consegue achar um destino para ele. Planos n\u00e3o faltaram. O governador Ol\u00edvio\u2026","rel":"","context":"Em &quot;X.Categorias velhas&quot;","block_context":{"text":"X.Categorias velhas","link":"https:\/\/www.jornalja.com.br\/arquivo\/category\/x-categorias-velhas\/"},"img":{"alt_text":"geraldo1","src":"https:\/\/i0.wp.com\/www.jornalja.com.br\/wp-content\/uploads\/2009\/07\/geraldo1.jpg?resize=350%2C200&ssl=1","width":350,"height":200},"classes":[]},{"id":12960,"url":"https:\/\/www.jornalja.com.br\/arquivo\/populacao-culpa-empresas-pela-greve-dos-rodoviarios\/","url_meta":{"origin":54507,"position":2},"title":"Popula\u00e7\u00e3o culpa empresas pela greve","author":"Patr\u00edcia Marini","date":"14 de fevereiro de 2014","format":false,"excerpt":"Pesquisa divulgada na edi\u00e7\u00e3o do jornal Metro desta sexta-feira,14, comprova o velho ditado: \u00e9 poss\u00edvel enganar muitos por algum tempo, mas n\u00e3o \u00e9 poss\u00edvel enganar a todos o tempo inteiro. A principal revela\u00e7\u00e3o foi que 59,8% dos entrevistados apontaram as empresas como as principais respons\u00e1veis pela grave e 46% culparam\u2026","rel":"","context":"Em &quot;X.Categorias velhas&quot;","block_context":{"text":"X.Categorias velhas","link":"https:\/\/www.jornalja.com.br\/arquivo\/category\/x-categorias-velhas\/"},"img":{"alt_text":"","src":"","width":0,"height":0},"classes":[]},{"id":1280,"url":"https:\/\/www.jornalja.com.br\/arquivo\/o-menino-que-se-tornou-brizola\/","url_meta":{"origin":54507,"position":3},"title":"O Menino que se Tornou Brizola","author":"da Reda\u00e7\u00e3o","date":"28 de julho de 2008","format":false,"excerpt":"Autor: Cleber Dioni A vida de Leonel Brizola, com \u00eanfase para os primeiros anos em Porto Alegre, at\u00e9 o ex\u00edlio no Uruguai e a volta, quinze anos depois. \u00a0\"...\u00c9ramos todos jovens e nos identific\u00e1vamos com aquela massa an\u00f4nima a percorrer as ruas de Porto Alegre, gritando 'Get\u00falio', 'Get\u00falio' e empunhando\u2026","rel":"","context":"Em &quot;Livros&quot;","block_context":{"text":"Livros","link":"https:\/\/www.jornalja.com.br\/arquivo\/category\/livros\/"},"img":{"alt_text":"","src":"https:\/\/i0.wp.com\/www.jornalja.com.br\/wp-content\/uploads\/2008\/07\/brizola.gif?resize=350%2C200&ssl=1","width":350,"height":200},"classes":[]},{"id":13240,"url":"https:\/\/www.jornalja.com.br\/arquivo\/plano-diretor-estamos-construindo-o-caos\/","url_meta":{"origin":54507,"position":4},"title":"Plano diretor: &quot;Estamos construindo o caos&quot;","author":"Patr\u00edcia Marini","date":"26 de maio de 2014","format":false,"excerpt":"Desabafo que arquiteta Eliana Castilhos, delegada da Regi\u00e3o de Planejamento 1, postou nas redes sociais \u00e9 um testemunho do ambiente que se criou no Conselho do Plano Diretor de Porto Alegre, onde a aprova\u00e7\u00e3o de grandes empreendimentos \u00e9 empurrada guela abaixo dos conselheiros. Ao CMDUA Como delegada da Regi\u00e3o de\u2026","rel":"","context":"Em &quot;Geral&quot;","block_context":{"text":"Geral","link":"https:\/\/www.jornalja.com.br\/arquivo\/category\/geral\/"},"img":{"alt_text":"","src":"","width":0,"height":0},"classes":[]},{"id":13128,"url":"https:\/\/www.jornalja.com.br\/arquivo\/maconha-terra-diz-que-uso-medicinal-e-desculpa\/","url_meta":{"origin":54507,"position":5},"title":"Maconha: Terra diz que uso medicinal \u00e9 desculpa","author":"Patr\u00edcia Marini","date":"4 de junho de 2014","format":false,"excerpt":"A condi\u00e7\u00e3o de pol\u00edtico, em \u00e9poca de campanha de campanha eleitoral, tira for\u00e7a do discurso do m\u00e9dico Osmar Terra contra a legaliza\u00e7\u00e3o da maconha. A tese dele de que a libera\u00e7\u00e3o vai ampliar exponencialmente o consumo \u00e9 discutivel, o consumo \u00e9 corrente. Mas seus alertas quanto aos riscos tem que\u2026","rel":"","context":"Em &quot;X.Categorias velhas&quot;","block_context":{"text":"X.Categorias velhas","link":"https:\/\/www.jornalja.com.br\/arquivo\/category\/x-categorias-velhas\/"},"img":{"alt_text":"","src":"","width":0,"height":0},"classes":[]}],"jetpack_shortlink":"https:\/\/wp.me\/pbQjBd-eb9","jetpack_featured_media_url":"","_links":{"self":[{"href":"https:\/\/www.jornalja.com.br\/arquivo\/wp-json\/wp\/v2\/posts\/54507","targetHints":{"allow":["GET"]}}],"collection":[{"href":"https:\/\/www.jornalja.com.br\/arquivo\/wp-json\/wp\/v2\/posts"}],"about":[{"href":"https:\/\/www.jornalja.com.br\/arquivo\/wp-json\/wp\/v2\/types\/post"}],"author":[{"embeddable":true,"href":"https:\/\/www.jornalja.com.br\/arquivo\/wp-json\/wp\/v2\/users\/4"}],"replies":[{"embeddable":true,"href":"https:\/\/www.jornalja.com.br\/arquivo\/wp-json\/wp\/v2\/comments?post=54507"}],"version-history":[{"count":0,"href":"https:\/\/www.jornalja.com.br\/arquivo\/wp-json\/wp\/v2\/posts\/54507\/revisions"}],"wp:attachment":[{"href":"https:\/\/www.jornalja.com.br\/arquivo\/wp-json\/wp\/v2\/media?parent=54507"}],"wp:term":[{"taxonomy":"category","embeddable":true,"href":"https:\/\/www.jornalja.com.br\/arquivo\/wp-json\/wp\/v2\/categories?post=54507"},{"taxonomy":"post_tag","embeddable":true,"href":"https:\/\/www.jornalja.com.br\/arquivo\/wp-json\/wp\/v2\/tags?post=54507"}],"curies":[{"name":"wp","href":"https:\/\/api.w.org\/{rel}","templated":true}]}}