{"id":54518,"date":"2017-08-31T15:16:34","date_gmt":"2017-08-31T18:16:34","guid":{"rendered":"https:\/\/www.jornalja.com.br\/?p=54518"},"modified":"2017-08-31T15:16:34","modified_gmt":"2017-08-31T18:16:34","slug":"prefeitura-de-porto-alegre-rescinde-contrato-com-a-comunitas","status":"publish","type":"post","link":"https:\/\/www.jornalja.com.br\/arquivo\/prefeitura-de-porto-alegre-rescinde-contrato-com-a-comunitas\/","title":{"rendered":"Prefeitura de Porto Alegre rescinde contrato com a Comunitas"},"content":{"rendered":"<p><span class=\"assina\">Matheus Chaparini<\/span><br \/>\nA Prefeitura de Porto Alegre rescindiu o contrato com a Oscip Comunitas, para execu\u00e7\u00e3o do programa Juntos pelo Desenvolvimento Sustent\u00e1vel. O \u201cextrato de termo de den\u00fancia de acordo de coopera\u00e7\u00e3o\u201d \u00e9 uma rescis\u00e3o unilateral e foi <a href=\"http:\/\/dopaonlineupload.procempa.com.br\/dopaonlineupload\/2190_ce_20170831_executivo.pdf\" target=\"_blank\" rel=\"noopener noreferrer\">publicado no Di\u00e1rio oficial de hoje<\/a>, 31\/08.<br \/>\nO <a href=\"https:\/\/www.jornalja.com.br\/justica-suspende-acordo-entre-prefeitura-de-porto-alegre-e-comunitas\/\" target=\"_blank\" rel=\"noopener noreferrer\">contrato havia sido suspenso em maio por uma decis\u00e3o liminar<\/a> da ju\u00edza Andreia Terre do Amaral, da 3\u00aa Vara da Fazenda P\u00fablica, em resposta a uma a\u00e7\u00e3o popular movida por diretores do Sindicato dos Municip\u00e1rios (Simpa) e vereadores de oposi\u00e7\u00e3o. A Prefeitura e a Comunitas recorreram atrav\u00e9s de agravo de instrumento, que ainda n\u00e3o foi julgado. Ainda n\u00e3o h\u00e1 uma decis\u00e3o judicial definitiva sobre o caso.<br \/>\nO advogado Leonardo Kauer, do escrit\u00f3rio Kauer, Villar e advogados associados, respons\u00e1vel pela a\u00e7\u00e3o popular, afirmou que a decis\u00e3o da Prefeitura n\u00e3o interrompe a a\u00e7\u00e3o judicial. \u201cA a\u00e7\u00e3o segue e queremos que o prefeito seja responsabilizado pelos preju\u00edzos que esta contrata\u00e7\u00e3o causou\u201d, afirmou Kauer.<br \/>\nA Prefeitura de Porto alegre se manifestou atrav\u00e9s de nota. O texto afirma que &#8220;foi dada uma conota\u00e7\u00e3o pol\u00edtica e ideol\u00f3gica&#8221; ao termo de parceria e que por isso foi cancelado o contrato. A Prefeitura afirmou ainda que vai buscar uma nova forma de parceria com a Comunitas (a \u00edntegra da nota est\u00e1 no final desta mat\u00e9ria).<br \/>\n<span class=\"intertit\">Comunitas e Falconi eram respons\u00e1veis por projetos importantes da gest\u00e3o Marchezan<\/span><br \/>\nO contrato foi publicado no Di\u00e1rio Oficial do Munic\u00edpio de Porto Alegre em 07\/03\/2017. Entretanto, as atividades j\u00e1 vinham sendo desenvolvidas anteriormente. O Banco de Talentos, projeto de responsabilidade da Comunitas, foi anunciado logo nos primeiros dias de janeiro. Na ocasi\u00e3o, a Prefeitura afirmou que os trabalhos j\u00e1 vinham sendo realizados antes mesmo da posse do prefeito Nelson Marchezan J\u00fanior.<br \/>\nAtrav\u00e9s deste acordo, <a href=\"https:\/\/www.jornalja.com.br\/prefeito-fala-sobre-atuacao-da-falconi-no-seu-governo\/\" target=\"_blank\" rel=\"noopener noreferrer\">a Falconi Consultores de Resultado<\/a>\u00a0passou a atuar como parceira t\u00e9cnica da organiza\u00e7\u00e3o Comunitas <a href=\"https:\/\/www.jornalja.com.br\/consultoria-privada-e-responsavel-pelos-principais-projetos-de-marchezan\/\" target=\"_blank\" rel=\"noopener noreferrer\">em tr\u00eas projetos importantes da gest\u00e3o Marchezan<\/a>: redu\u00e7\u00e3o do d\u00e9ficit, programa de metas e reforma administrativa, conforme revelou reportagem do J\u00c1.<br \/>\nEntre as irregularidades apontadas na A\u00e7\u00e3o, est\u00e1 a aus\u00eancia de chamamento p\u00fablico. O artigo 29 da Lei Federal n.13.019\/14 prev\u00ea a obrigatoriedade do devido chamamento p\u00fablico em acordos que envolvam \u201ca celebra\u00e7\u00e3o de comodato, doa\u00e7\u00e3o de bens ou outra forma de compartilhamento de recurso patrimonial\u201d.<br \/>\nNo contrato firmado, o Munic\u00edpio se compromete a disponibilizar \u201cservidores, computadores, cadeiras e mesas com condi\u00e7\u00f5es adequadas de ergonomia, postos de acesso \u00e0 internet para uso de e-mail e ramais telef\u00f4nicos para contato\u201d.<br \/>\nS\u00e3o apontadas outras tr\u00eas irregularidades do contrato em rela\u00e7\u00e3o \u00e0 Lei Federal 13.019\/14, que rege as parcerias entre poder p\u00fablico e entidades da sociedade civil. Uma delas \u00e9 que o acordo de coopera\u00e7\u00e3o entrou em vigor antes da publica\u00e7\u00e3o do seu extrato. O artigo 38 da mesma lei prev\u00ea que o acordo de coopera\u00e7\u00e3o somente produzir\u00e1 efeitos jur\u00eddicos \u201cap\u00f3s a publica\u00e7\u00e3o dos respectivos extratos no meio oficial de publicidade da administra\u00e7\u00e3o p\u00fablica\u201d.<br \/>\n<strong>Nota da Prefeitura:<\/strong><br \/>\n<em>A Comunitas \u00e9 uma das v\u00e1rias entidades que apoiam a Prefeitura de Porto Alegre, como a Endeavor e a Funda\u00e7\u00e3o Rockefeller, entre outras. Como no caso da Comunitas foi dada uma conota\u00e7\u00e3o pol\u00edtica e ideol\u00f3gica a um termo firmado, a prefeitura est\u00e1 cancelando o acordo de coopera\u00e7\u00e3o e ir\u00e1 elaborar nova forma de parceria para que possa continuar tendo o valoroso apoio da Comunitas e de todas as entidades que desejarem contribuir para o desenvolvimento da cidade e para a melhoria da qualidade de vida dos cidad\u00e3os.<\/em><\/p>\n","protected":false},"excerpt":{"rendered":"<p>Matheus Chaparini A Prefeitura de Porto Alegre rescindiu o contrato com a Oscip Comunitas, para execu\u00e7\u00e3o do programa Juntos pelo Desenvolvimento Sustent\u00e1vel. O \u201cextrato de termo de den\u00fancia de acordo de coopera\u00e7\u00e3o\u201d \u00e9 uma rescis\u00e3o unilateral e foi publicado no Di\u00e1rio oficial de hoje, 31\/08. O contrato havia sido suspenso em maio por uma decis\u00e3o [&hellip;]<\/p>\n","protected":false},"author":4,"featured_media":46808,"comment_status":"open","ping_status":"closed","sticky":false,"template":"","format":"standard","meta":{"_jetpack_newsletter_access":"","_jetpack_dont_email_post_to_subs":false,"_jetpack_newsletter_tier_id":0,"_jetpack_memberships_contains_paywalled_content":false,"_jetpack_feature_clip_id":0,"_jetpack_memberships_contains_paid_content":false,"footnotes":"","jetpack_post_was_ever_published":false},"categories":[26],"tags":[],"class_list":["post-54518","post","type-post","status-publish","format-standard","has-post-thumbnail","hentry","category-geral"],"aioseo_notices":[],"aioseo_head":"\n\t\t<!-- All in One SEO 5.0.1.1 - aioseo.com -->\n\t<meta name=\"robots\" content=\"max-image-preview:large\" \/>\n\t<meta name=\"author\" content=\"da Reda\u00e7\u00e3o\"\/>\n\t<link rel=\"canonical\" href=\"https:\/\/www.jornalja.com.br\/arquivo\/prefeitura-de-porto-alegre-rescinde-contrato-com-a-comunitas\/\" \/>\n\t<meta name=\"generator\" content=\"All in One SEO (AIOSEO) 5.0.1.1\" \/>\n\t\t<meta property=\"og:locale\" content=\"pt_BR\" \/>\n\t\t<meta property=\"og:site_name\" content=\"Arquivo | Jornal J\u00c1 | Porto Alegre\" \/>\n\t\t<meta property=\"og:type\" content=\"article\" \/>\n\t\t<meta property=\"og:title\" content=\"Prefeitura de Porto Alegre rescinde contrato com a Comunitas | Arquivo\" \/>\n\t\t<meta property=\"og:url\" content=\"https:\/\/www.jornalja.com.br\/arquivo\/prefeitura-de-porto-alegre-rescinde-contrato-com-a-comunitas\/\" \/>\n\t\t<meta property=\"og:image\" content=\"https:\/\/www.jornalja.com.br\/economics\/wp-content\/uploads\/sites\/11\/2026\/08\/ja-folhaderosto-facebook.jpg\" \/>\n\t\t<meta property=\"og:image:secure_url\" content=\"https:\/\/www.jornalja.com.br\/economics\/wp-content\/uploads\/sites\/11\/2026\/08\/ja-folhaderosto-facebook.jpg\" \/>\n\t\t<meta property=\"article:published_time\" content=\"2017-08-31T18:16:34+00:00\" \/>\n\t\t<meta property=\"article:modified_time\" content=\"2017-08-31T18:16:34+00:00\" \/>\n\t\t<meta name=\"twitter:card\" content=\"summary\" \/>\n\t\t<meta name=\"twitter:title\" content=\"Prefeitura de Porto Alegre rescinde contrato com a Comunitas | Arquivo\" \/>\n\t\t<meta name=\"twitter:image\" content=\"https:\/\/www.jornalja.com.br\/economics\/wp-content\/uploads\/sites\/11\/2026\/08\/ja-folhaderosto-facebook.jpg\" \/>\n\t\t<script type=\"application\/ld+json\" class=\"aioseo-schema\">\n\t\t\t{\"@context\":\"https:\\\/\\\/schema.org\",\"@graph\":[{\"@type\":\"BlogPosting\",\"@id\":\"https:\\\/\\\/www.jornalja.com.br\\\/arquivo\\\/prefeitura-de-porto-alegre-rescinde-contrato-com-a-comunitas\\\/#blogposting\",\"name\":\"Prefeitura de Porto Alegre rescinde contrato com a Comunitas | Arquivo\",\"headline\":\"Prefeitura de Porto Alegre rescinde contrato com a Comunitas\",\"author\":{\"@id\":\"https:\\\/\\\/www.jornalja.com.br\\\/arquivo\\\/author\\\/daredacao\\\/#author\"},\"publisher\":{\"@id\":\"https:\\\/\\\/www.jornalja.com.br\\\/arquivo\\\/#organization\"},\"image\":{\"@type\":\"ImageObject\",\"url\":46808},\"datePublished\":\"2017-08-31T15:16:34-03:00\",\"dateModified\":\"2017-08-31T15:16:34-03:00\",\"inLanguage\":\"pt-BR\",\"mainEntityOfPage\":{\"@id\":\"https:\\\/\\\/www.jornalja.com.br\\\/arquivo\\\/prefeitura-de-porto-alegre-rescinde-contrato-com-a-comunitas\\\/#webpage\"},\"isPartOf\":{\"@id\":\"https:\\\/\\\/www.jornalja.com.br\\\/arquivo\\\/prefeitura-de-porto-alegre-rescinde-contrato-com-a-comunitas\\\/#webpage\"},\"articleSection\":\"Geral\"},{\"@type\":\"BreadcrumbList\",\"@id\":\"https:\\\/\\\/www.jornalja.com.br\\\/arquivo\\\/prefeitura-de-porto-alegre-rescinde-contrato-com-a-comunitas\\\/#breadcrumblist\",\"itemListElement\":[{\"@type\":\"ListItem\",\"@id\":\"https:\\\/\\\/www.jornalja.com.br\\\/arquivo#listItem\",\"position\":1,\"name\":\"Home\",\"item\":\"https:\\\/\\\/www.jornalja.com.br\\\/arquivo\",\"nextItem\":{\"@type\":\"ListItem\",\"@id\":\"https:\\\/\\\/www.jornalja.com.br\\\/arquivo\\\/category\\\/geral\\\/#listItem\",\"name\":\"Geral\"}},{\"@type\":\"ListItem\",\"@id\":\"https:\\\/\\\/www.jornalja.com.br\\\/arquivo\\\/category\\\/geral\\\/#listItem\",\"position\":2,\"name\":\"Geral\",\"item\":\"https:\\\/\\\/www.jornalja.com.br\\\/arquivo\\\/category\\\/geral\\\/\",\"nextItem\":{\"@type\":\"ListItem\",\"@id\":\"https:\\\/\\\/www.jornalja.com.br\\\/arquivo\\\/prefeitura-de-porto-alegre-rescinde-contrato-com-a-comunitas\\\/#listItem\",\"name\":\"Prefeitura de Porto Alegre rescinde contrato com a Comunitas\"},\"previousItem\":{\"@type\":\"ListItem\",\"@id\":\"https:\\\/\\\/www.jornalja.com.br\\\/arquivo#listItem\",\"name\":\"Home\"}},{\"@type\":\"ListItem\",\"@id\":\"https:\\\/\\\/www.jornalja.com.br\\\/arquivo\\\/prefeitura-de-porto-alegre-rescinde-contrato-com-a-comunitas\\\/#listItem\",\"position\":3,\"name\":\"Prefeitura de Porto Alegre rescinde contrato com a Comunitas\",\"previousItem\":{\"@type\":\"ListItem\",\"@id\":\"https:\\\/\\\/www.jornalja.com.br\\\/arquivo\\\/category\\\/geral\\\/#listItem\",\"name\":\"Geral\"}}]},{\"@type\":\"Organization\",\"@id\":\"https:\\\/\\\/www.jornalja.com.br\\\/arquivo\\\/#organization\",\"name\":\"Jornal J\\u00c1\",\"description\":\"Jornal J\\u00c1 | Porto Alegre\",\"url\":\"https:\\\/\\\/www.jornalja.com.br\\\/arquivo\\\/\",\"telephone\":\"+555133307272\",\"logo\":{\"@type\":\"ImageObject\",\"url\":\"https:\\\/\\\/www.jornalja.com.br\\\/wp-content\\\/uploads\\\/cards\\\/JAslogan.png\",\"@id\":\"https:\\\/\\\/www.jornalja.com.br\\\/arquivo\\\/prefeitura-de-porto-alegre-rescinde-contrato-com-a-comunitas\\\/#organizationLogo\"},\"image\":{\"@id\":\"https:\\\/\\\/www.jornalja.com.br\\\/arquivo\\\/prefeitura-de-porto-alegre-rescinde-contrato-com-a-comunitas\\\/#organizationLogo\"}},{\"@type\":\"Person\",\"@id\":\"https:\\\/\\\/www.jornalja.com.br\\\/arquivo\\\/author\\\/daredacao\\\/#author\",\"url\":\"https:\\\/\\\/www.jornalja.com.br\\\/arquivo\\\/author\\\/daredacao\\\/\",\"name\":\"da Reda\\u00e7\\u00e3o\",\"image\":{\"@type\":\"ImageObject\",\"@id\":\"https:\\\/\\\/www.jornalja.com.br\\\/arquivo\\\/prefeitura-de-porto-alegre-rescinde-contrato-com-a-comunitas\\\/#authorImage\",\"url\":\"https:\\\/\\\/secure.gravatar.com\\\/avatar\\\/469fd857d6605ad19919d27ed29d35a968a25f6e8fd9318356bbb7f57aae9c65?s=96&d=mm&r=g\",\"width\":96,\"height\":96,\"caption\":\"da Reda\\u00e7\\u00e3o\"}},{\"@type\":\"WebPage\",\"@id\":\"https:\\\/\\\/www.jornalja.com.br\\\/arquivo\\\/prefeitura-de-porto-alegre-rescinde-contrato-com-a-comunitas\\\/#webpage\",\"url\":\"https:\\\/\\\/www.jornalja.com.br\\\/arquivo\\\/prefeitura-de-porto-alegre-rescinde-contrato-com-a-comunitas\\\/\",\"name\":\"Prefeitura de Porto Alegre rescinde contrato com a Comunitas | Arquivo\",\"inLanguage\":\"pt-BR\",\"isPartOf\":{\"@id\":\"https:\\\/\\\/www.jornalja.com.br\\\/arquivo\\\/#website\"},\"breadcrumb\":{\"@id\":\"https:\\\/\\\/www.jornalja.com.br\\\/arquivo\\\/prefeitura-de-porto-alegre-rescinde-contrato-com-a-comunitas\\\/#breadcrumblist\"},\"author\":{\"@id\":\"https:\\\/\\\/www.jornalja.com.br\\\/arquivo\\\/author\\\/daredacao\\\/#author\"},\"creator\":{\"@id\":\"https:\\\/\\\/www.jornalja.com.br\\\/arquivo\\\/author\\\/daredacao\\\/#author\"},\"image\":{\"@type\":\"ImageObject\",\"url\":46808,\"@id\":\"https:\\\/\\\/www.jornalja.com.br\\\/arquivo\\\/prefeitura-de-porto-alegre-rescinde-contrato-com-a-comunitas\\\/#mainImage\"},\"primaryImageOfPage\":{\"@id\":\"https:\\\/\\\/www.jornalja.com.br\\\/arquivo\\\/prefeitura-de-porto-alegre-rescinde-contrato-com-a-comunitas\\\/#mainImage\"},\"datePublished\":\"2017-08-31T15:16:34-03:00\",\"dateModified\":\"2017-08-31T15:16:34-03:00\"},{\"@type\":\"WebSite\",\"@id\":\"https:\\\/\\\/www.jornalja.com.br\\\/arquivo\\\/#website\",\"url\":\"https:\\\/\\\/www.jornalja.com.br\\\/arquivo\\\/\",\"name\":\"Arquivo\",\"description\":\"Jornal J\\u00c1 | Porto Alegre\",\"inLanguage\":\"pt-BR\",\"publisher\":{\"@id\":\"https:\\\/\\\/www.jornalja.com.br\\\/arquivo\\\/#organization\"}}]}\n\t\t<\/script>\n\t\t<!-- All in One SEO -->\n\n","aioseo_head_json":{"title":"Prefeitura de Porto Alegre rescinde contrato com a Comunitas | Arquivo","description":"","canonical_url":"https:\/\/www.jornalja.com.br\/arquivo\/prefeitura-de-porto-alegre-rescinde-contrato-com-a-comunitas\/","robots":"max-image-preview:large","keywords":"","webmasterTools":{"miscellaneous":""},"schema":{"@context":"https:\/\/schema.org","@graph":[{"@type":"BlogPosting","@id":"https:\/\/www.jornalja.com.br\/arquivo\/prefeitura-de-porto-alegre-rescinde-contrato-com-a-comunitas\/#blogposting","name":"Prefeitura de Porto Alegre rescinde contrato com a Comunitas | Arquivo","headline":"Prefeitura de Porto Alegre rescinde contrato com a Comunitas","author":{"@id":"https:\/\/www.jornalja.com.br\/arquivo\/author\/daredacao\/#author"},"publisher":{"@id":"https:\/\/www.jornalja.com.br\/arquivo\/#organization"},"image":{"@type":"ImageObject","url":46808},"datePublished":"2017-08-31T15:16:34-03:00","dateModified":"2017-08-31T15:16:34-03:00","inLanguage":"pt-BR","mainEntityOfPage":{"@id":"https:\/\/www.jornalja.com.br\/arquivo\/prefeitura-de-porto-alegre-rescinde-contrato-com-a-comunitas\/#webpage"},"isPartOf":{"@id":"https:\/\/www.jornalja.com.br\/arquivo\/prefeitura-de-porto-alegre-rescinde-contrato-com-a-comunitas\/#webpage"},"articleSection":"Geral"},{"@type":"BreadcrumbList","@id":"https:\/\/www.jornalja.com.br\/arquivo\/prefeitura-de-porto-alegre-rescinde-contrato-com-a-comunitas\/#breadcrumblist","itemListElement":[{"@type":"ListItem","@id":"https:\/\/www.jornalja.com.br\/arquivo#listItem","position":1,"name":"Home","item":"https:\/\/www.jornalja.com.br\/arquivo","nextItem":{"@type":"ListItem","@id":"https:\/\/www.jornalja.com.br\/arquivo\/category\/geral\/#listItem","name":"Geral"}},{"@type":"ListItem","@id":"https:\/\/www.jornalja.com.br\/arquivo\/category\/geral\/#listItem","position":2,"name":"Geral","item":"https:\/\/www.jornalja.com.br\/arquivo\/category\/geral\/","nextItem":{"@type":"ListItem","@id":"https:\/\/www.jornalja.com.br\/arquivo\/prefeitura-de-porto-alegre-rescinde-contrato-com-a-comunitas\/#listItem","name":"Prefeitura de Porto Alegre rescinde contrato com a Comunitas"},"previousItem":{"@type":"ListItem","@id":"https:\/\/www.jornalja.com.br\/arquivo#listItem","name":"Home"}},{"@type":"ListItem","@id":"https:\/\/www.jornalja.com.br\/arquivo\/prefeitura-de-porto-alegre-rescinde-contrato-com-a-comunitas\/#listItem","position":3,"name":"Prefeitura de Porto Alegre rescinde contrato com a Comunitas","previousItem":{"@type":"ListItem","@id":"https:\/\/www.jornalja.com.br\/arquivo\/category\/geral\/#listItem","name":"Geral"}}]},{"@type":"Organization","@id":"https:\/\/www.jornalja.com.br\/arquivo\/#organization","name":"Jornal J\u00c1","description":"Jornal J\u00c1 | Porto Alegre","url":"https:\/\/www.jornalja.com.br\/arquivo\/","telephone":"+555133307272","logo":{"@type":"ImageObject","url":"https:\/\/www.jornalja.com.br\/wp-content\/uploads\/cards\/JAslogan.png","@id":"https:\/\/www.jornalja.com.br\/arquivo\/prefeitura-de-porto-alegre-rescinde-contrato-com-a-comunitas\/#organizationLogo"},"image":{"@id":"https:\/\/www.jornalja.com.br\/arquivo\/prefeitura-de-porto-alegre-rescinde-contrato-com-a-comunitas\/#organizationLogo"}},{"@type":"Person","@id":"https:\/\/www.jornalja.com.br\/arquivo\/author\/daredacao\/#author","url":"https:\/\/www.jornalja.com.br\/arquivo\/author\/daredacao\/","name":"da Reda\u00e7\u00e3o","image":{"@type":"ImageObject","@id":"https:\/\/www.jornalja.com.br\/arquivo\/prefeitura-de-porto-alegre-rescinde-contrato-com-a-comunitas\/#authorImage","url":"https:\/\/secure.gravatar.com\/avatar\/469fd857d6605ad19919d27ed29d35a968a25f6e8fd9318356bbb7f57aae9c65?s=96&d=mm&r=g","width":96,"height":96,"caption":"da Reda\u00e7\u00e3o"}},{"@type":"WebPage","@id":"https:\/\/www.jornalja.com.br\/arquivo\/prefeitura-de-porto-alegre-rescinde-contrato-com-a-comunitas\/#webpage","url":"https:\/\/www.jornalja.com.br\/arquivo\/prefeitura-de-porto-alegre-rescinde-contrato-com-a-comunitas\/","name":"Prefeitura de Porto Alegre rescinde contrato com a Comunitas | Arquivo","inLanguage":"pt-BR","isPartOf":{"@id":"https:\/\/www.jornalja.com.br\/arquivo\/#website"},"breadcrumb":{"@id":"https:\/\/www.jornalja.com.br\/arquivo\/prefeitura-de-porto-alegre-rescinde-contrato-com-a-comunitas\/#breadcrumblist"},"author":{"@id":"https:\/\/www.jornalja.com.br\/arquivo\/author\/daredacao\/#author"},"creator":{"@id":"https:\/\/www.jornalja.com.br\/arquivo\/author\/daredacao\/#author"},"image":{"@type":"ImageObject","url":46808,"@id":"https:\/\/www.jornalja.com.br\/arquivo\/prefeitura-de-porto-alegre-rescinde-contrato-com-a-comunitas\/#mainImage"},"primaryImageOfPage":{"@id":"https:\/\/www.jornalja.com.br\/arquivo\/prefeitura-de-porto-alegre-rescinde-contrato-com-a-comunitas\/#mainImage"},"datePublished":"2017-08-31T15:16:34-03:00","dateModified":"2017-08-31T15:16:34-03:00"},{"@type":"WebSite","@id":"https:\/\/www.jornalja.com.br\/arquivo\/#website","url":"https:\/\/www.jornalja.com.br\/arquivo\/","name":"Arquivo","description":"Jornal J\u00c1 | Porto Alegre","inLanguage":"pt-BR","publisher":{"@id":"https:\/\/www.jornalja.com.br\/arquivo\/#organization"}}]},"og:locale":"pt_BR","og:site_name":"Arquivo | Jornal J\u00c1 | Porto Alegre","og:type":"article","og:title":"Prefeitura de Porto Alegre rescinde contrato com a Comunitas | Arquivo","og:url":"https:\/\/www.jornalja.com.br\/arquivo\/prefeitura-de-porto-alegre-rescinde-contrato-com-a-comunitas\/","og:image":"https:\/\/www.jornalja.com.br\/economics\/wp-content\/uploads\/sites\/11\/2026\/08\/ja-folhaderosto-facebook.jpg","og:image:secure_url":"https:\/\/www.jornalja.com.br\/economics\/wp-content\/uploads\/sites\/11\/2026\/08\/ja-folhaderosto-facebook.jpg","article:published_time":"2017-08-31T18:16:34+00:00","article:modified_time":"2017-08-31T18:16:34+00:00","twitter:card":"summary","twitter:title":"Prefeitura de Porto Alegre rescinde contrato com a Comunitas | Arquivo","twitter:image":"https:\/\/www.jornalja.com.br\/economics\/wp-content\/uploads\/sites\/11\/2026\/08\/ja-folhaderosto-facebook.jpg"},"aioseo_meta_data":{"post_id":"54518","title":null,"description":null,"keywords":null,"keyphrases":null,"primary_term":null,"canonical_url":null,"og_title":null,"og_description":null,"og_object_type":"default","og_image_type":"default","og_image_url":null,"og_image_width":null,"og_image_height":null,"og_image_custom_url":null,"og_image_custom_fields":null,"og_video":null,"og_custom_url":null,"og_article_section":null,"og_article_tags":null,"twitter_use_og":false,"twitter_card":"default","twitter_image_type":"default","twitter_image_url":null,"twitter_image_custom_url":null,"twitter_image_custom_fields":null,"twitter_title":null,"twitter_description":null,"schema":{"blockGraphs":[],"customGraphs":[],"default":{"data":{"Article":[],"Course":[],"Dataset":[],"FAQPage":[],"Movie":[],"Person":[],"Product":[],"ProductReview":[],"Car":[],"Recipe":[],"Service":[],"SoftwareApplication":[],"WebPage":[]},"graphName":"","isEnabled":true},"graphs":[]},"schema_type":null,"schema_type_options":null,"pillar_content":false,"robots_default":true,"robots_noindex":false,"robots_noarchive":false,"robots_nosnippet":false,"robots_nofollow":false,"robots_noimageindex":false,"robots_noodp":false,"robots_notranslate":false,"robots_max_snippet":null,"robots_max_videopreview":null,"robots_max_imagepreview":"large","priority":null,"frequency":null,"location":null,"local_seo":null,"breadcrumb_settings":null,"limit_modified_date":false,"ai":null,"created":"2020-12-20 20:26:01","updated":"2025-07-20 00:47:31","seo_analyzer_scan_date":null,"focus_keyword":null,"additional_keywords":null,"truseo_locale":null},"jetpack_sharing_enabled":true,"jetpack-related-posts":[{"id":12960,"url":"https:\/\/www.jornalja.com.br\/arquivo\/populacao-culpa-empresas-pela-greve-dos-rodoviarios\/","url_meta":{"origin":54518,"position":0},"title":"Popula\u00e7\u00e3o culpa empresas pela greve","author":"Patr\u00edcia Marini","date":"14 de fevereiro de 2014","format":false,"excerpt":"Pesquisa divulgada na edi\u00e7\u00e3o do jornal Metro desta sexta-feira,14, comprova o velho ditado: \u00e9 poss\u00edvel enganar muitos por algum tempo, mas n\u00e3o \u00e9 poss\u00edvel enganar a todos o tempo inteiro. A principal revela\u00e7\u00e3o foi que 59,8% dos entrevistados apontaram as empresas como as principais respons\u00e1veis pela grave e 46% culparam\u2026","rel":"","context":"Em &quot;X.Categorias velhas&quot;","block_context":{"text":"X.Categorias velhas","link":"https:\/\/www.jornalja.com.br\/arquivo\/category\/x-categorias-velhas\/"},"img":{"alt_text":"","src":"","width":0,"height":0},"classes":[]},{"id":5440,"url":"https:\/\/www.jornalja.com.br\/arquivo\/casarao-da-venancio-destino-permanece-incerto\/","url_meta":{"origin":54518,"position":1},"title":"Estado ainda n\u00e3o sabe o que fazer com casar\u00e3o abandonado h\u00e1 20 anos","author":"Elmar Bones","date":"6 de julho de 2009","format":false,"excerpt":"O casar\u00e3o amarelo, numa esquina nobre de Porto Alegre (Ven\u00e2ncio Aires com Jo\u00e3o Pessoa), j\u00e1 abrigou uma escola. H\u00e1 duas d\u00e9cadas, pelo menos, est\u00e1 abandonado, porque seu propriet\u00e1rio, o governo do Estado do Rio Grande do Sul, n\u00e3o consegue achar um destino para ele. Planos n\u00e3o faltaram. O governador Ol\u00edvio\u2026","rel":"","context":"Em &quot;X.Categorias velhas&quot;","block_context":{"text":"X.Categorias velhas","link":"https:\/\/www.jornalja.com.br\/arquivo\/category\/x-categorias-velhas\/"},"img":{"alt_text":"geraldo1","src":"https:\/\/i0.wp.com\/www.jornalja.com.br\/wp-content\/uploads\/2009\/07\/geraldo1.jpg?resize=350%2C200&ssl=1","width":350,"height":200},"classes":[]},{"id":13124,"url":"https:\/\/www.jornalja.com.br\/arquivo\/sangue-latino-no-iecine\/","url_meta":{"origin":54518,"position":2},"title":"Sangue latino no IECINE","author":"da Reda\u00e7\u00e3o","date":"18 de maio de 2014","format":false,"excerpt":"Francisco Ribeiro O Instituto Estadual de Cinema (IECINE) tem a frente, desde abril \u00faltimo, um novo diretor, o cineasta colombiano Juan Zapata, 36, que substitui Luiz Alberto Cassol. Radicado h\u00e1 dez anos em Porto Alegre, Zapata tem diante de si o desafio de conduzir at\u00e9 o final do ano um\u2026","rel":"","context":"Em &quot;Cultura-Geral&quot;","block_context":{"text":"Cultura-Geral","link":"https:\/\/www.jornalja.com.br\/arquivo\/category\/materiasecundaria\/"},"img":{"alt_text":"","src":"","width":0,"height":0},"classes":[]},{"id":1280,"url":"https:\/\/www.jornalja.com.br\/arquivo\/o-menino-que-se-tornou-brizola\/","url_meta":{"origin":54518,"position":3},"title":"O Menino que se Tornou Brizola","author":"da Reda\u00e7\u00e3o","date":"28 de julho de 2008","format":false,"excerpt":"Autor: Cleber Dioni A vida de Leonel Brizola, com \u00eanfase para os primeiros anos em Porto Alegre, at\u00e9 o ex\u00edlio no Uruguai e a volta, quinze anos depois. \u00a0\"...\u00c9ramos todos jovens e nos identific\u00e1vamos com aquela massa an\u00f4nima a percorrer as ruas de Porto Alegre, gritando 'Get\u00falio', 'Get\u00falio' e empunhando\u2026","rel":"","context":"Em &quot;Livros&quot;","block_context":{"text":"Livros","link":"https:\/\/www.jornalja.com.br\/arquivo\/category\/livros\/"},"img":{"alt_text":"","src":"https:\/\/i0.wp.com\/www.jornalja.com.br\/wp-content\/uploads\/2008\/07\/brizola.gif?resize=350%2C200&ssl=1","width":350,"height":200},"classes":[]},{"id":14241,"url":"https:\/\/www.jornalja.com.br\/arquivo\/o-guaiba-nas-imagens-poeticas-de-achutti\/","url_meta":{"origin":54518,"position":4},"title":"O Gua\u00edba nas imagens po\u00e9ticas de Achutti","author":"da Reda\u00e7\u00e3o","date":"18 de junho de 2014","format":false,"excerpt":"Em \u201cO Gua\u00edba por Achutti\u201d \u2013 obra financiada via Minist\u00e9rio da Cultura, produ\u00e7\u00e3o executiva de Pedro Longhi, e Fl\u00e1vio Wild como designer \u2013, o fot\u00f3grafo revela a beleza e as mazelas de um espa\u00e7o aqu\u00e1tico de \u00e1guas sempre renovadas, cheio de hist\u00f3rias e lendas como as das cidades que foram\u2026","rel":"","context":"Em &quot;Cultura-Geral&quot;","block_context":{"text":"Cultura-Geral","link":"https:\/\/www.jornalja.com.br\/arquivo\/category\/materiasecundaria\/"},"img":{"alt_text":"","src":"","width":0,"height":0},"classes":[]},{"id":13240,"url":"https:\/\/www.jornalja.com.br\/arquivo\/plano-diretor-estamos-construindo-o-caos\/","url_meta":{"origin":54518,"position":5},"title":"Plano diretor: &quot;Estamos construindo o caos&quot;","author":"Patr\u00edcia Marini","date":"26 de maio de 2014","format":false,"excerpt":"Desabafo que arquiteta Eliana Castilhos, delegada da Regi\u00e3o de Planejamento 1, postou nas redes sociais \u00e9 um testemunho do ambiente que se criou no Conselho do Plano Diretor de Porto Alegre, onde a aprova\u00e7\u00e3o de grandes empreendimentos \u00e9 empurrada guela abaixo dos conselheiros. Ao CMDUA Como delegada da Regi\u00e3o de\u2026","rel":"","context":"Em &quot;Geral&quot;","block_context":{"text":"Geral","link":"https:\/\/www.jornalja.com.br\/arquivo\/category\/geral\/"},"img":{"alt_text":"","src":"","width":0,"height":0},"classes":[]}],"jetpack_shortlink":"https:\/\/wp.me\/pbQjBd-ebk","jetpack_featured_media_url":"","_links":{"self":[{"href":"https:\/\/www.jornalja.com.br\/arquivo\/wp-json\/wp\/v2\/posts\/54518","targetHints":{"allow":["GET"]}}],"collection":[{"href":"https:\/\/www.jornalja.com.br\/arquivo\/wp-json\/wp\/v2\/posts"}],"about":[{"href":"https:\/\/www.jornalja.com.br\/arquivo\/wp-json\/wp\/v2\/types\/post"}],"author":[{"embeddable":true,"href":"https:\/\/www.jornalja.com.br\/arquivo\/wp-json\/wp\/v2\/users\/4"}],"replies":[{"embeddable":true,"href":"https:\/\/www.jornalja.com.br\/arquivo\/wp-json\/wp\/v2\/comments?post=54518"}],"version-history":[{"count":0,"href":"https:\/\/www.jornalja.com.br\/arquivo\/wp-json\/wp\/v2\/posts\/54518\/revisions"}],"wp:attachment":[{"href":"https:\/\/www.jornalja.com.br\/arquivo\/wp-json\/wp\/v2\/media?parent=54518"}],"wp:term":[{"taxonomy":"category","embeddable":true,"href":"https:\/\/www.jornalja.com.br\/arquivo\/wp-json\/wp\/v2\/categories?post=54518"},{"taxonomy":"post_tag","embeddable":true,"href":"https:\/\/www.jornalja.com.br\/arquivo\/wp-json\/wp\/v2\/tags?post=54518"}],"curies":[{"name":"wp","href":"https:\/\/api.w.org\/{rel}","templated":true}]}}