{"id":54522,"date":"2017-08-31T16:53:36","date_gmt":"2017-08-31T19:53:36","guid":{"rendered":"https:\/\/www.jornalja.com.br\/?p=54522"},"modified":"2017-08-31T16:53:36","modified_gmt":"2017-08-31T19:53:36","slug":"prefeitura-vai-quitar-r-2-milhoes-de-dividas-do-fumproarte-em-2018","status":"publish","type":"post","link":"https:\/\/www.jornalja.com.br\/arquivo\/prefeitura-vai-quitar-r-2-milhoes-de-dividas-do-fumproarte-em-2018\/","title":{"rendered":"Prefeitura vai quitar R$ 2 milh\u00f5es de d\u00edvidas do Fumproarte em 2018"},"content":{"rendered":"<p><span class=\"assina\">Matheus Chaparini<\/span><br \/>\nAs d\u00edvidas da Prefeitura de Porto Alegre com a classe art\u00edstica passam dos R$ 2 milh\u00f5es e geram protestos. No Festival de Cinema de Gramado, o diretor Emiliano Cunha discursou: \u201cPrefeitura, pague a cultura\u201d. Seu curta premiado &#8220;Sob \u00c1guas Claras e Inocentes&#8221; foi contemplado pelo Fumproarte em 2014, mas, o valor ainda n\u00e3o foi quitado.<br \/>\nDois dias ap\u00f3s o discurso em Gramado, Emiliano recebeu uma liga\u00e7\u00e3o: a Prefeitura tem agora um calend\u00e1rio de pagamento.<br \/>\nAinda esta semana, a Secretaria da Fazenda deve depositar R$ 60 mil na conta do Fumproarte. A partir de setembro, ser\u00e3o pagas as d\u00edvidas at\u00e9 R$ 15 mil. Desta forma, R$ 60 mil por m\u00eas. Ao longo de 2018, ser\u00e3o pagos os de maior valor. S\u00e3o projetos contemplados em editais do fundo desde de 2013 e que ainda n\u00e3o receberam.<br \/>\nO gerente do Fumproarte (Fundo Municipal de Apoio \u00e0 Produ\u00e7\u00e3o Art\u00edstica e Cultural), Miguel Sisto J\u00fanior, estima que at\u00e9 o final do ano que vem todas as d\u00edvidas estejam quitadas. Segundo Sisto, a d\u00edvida era de R$ 2.130.000 no in\u00edcio do ano e j\u00e1 foram pagos R$ 48 mil.<br \/>\nPor\u00e9m, para isso, os editais de 2017 e 2018 ficar\u00e3o reduzidos a pequenos pr\u00eamios a estudantes. \u201cMeu plano \u00e9 lan\u00e7ar editais de resist\u00eancia, que sejam discutidos e apoiados pela classe art\u00edstica para contemplar estudantes de arte, que est\u00e3o na academia\u201d, afirmou. Sisto solicitou \u00e0 Fazenda um valor de R$ 7 mil para este pr\u00eamio e mais um valor, n\u00e3o informado, para um pr\u00eamio de descentraliza\u00e7\u00e3o. A normaliza\u00e7\u00e3o do Fumproarte deve acontecer somente em 2019.<br \/>\nNa \u00faltima ter\u00e7a-feira foi realizada uma audi\u00eancia p\u00fablica na Comiss\u00e3o de Educa\u00e7\u00e3o, Cultura, Esporte e Juventude (Cece) da C\u00e2mara Municipal para tratar do assunto. O encontro foi um pedido do Sindicato dos Artistas e T\u00e9cnicos em Espet\u00e1culos e Divers\u00f5es (Sated-RS) ao gabinete da vereadora Fernanda Melchionna (PSOL).<br \/>\n<figure id=\"attachment_54524\" aria-describedby=\"caption-attachment-54524\" style=\"width: 1150px\" class=\"wp-caption alignnone\"><img loading=\"lazy\" decoding=\"async\" class=\"wp-image-54524 size-full\" src=\"https:\/\/www.jornalja.com.br\/wp-content\/uploads\/2017\/08\/LBD3087.jpg\" alt=\"\" width=\"1150\" height=\"712\" \/><figcaption id=\"caption-attachment-54524\" class=\"wp-caption-text\">Vereadores decidiram convocar secret\u00e1rio da Fazenda, Leonardo Busatto, para prestar esclarecimentos \/ Luiza Dorneles \/ CMPA<\/figcaption><\/figure><br \/>\nOs artistas sa\u00edram insatisfeitos do encontro. A principal alega\u00e7\u00e3o \u00e9 de que o Fumproarte deveria receber R$ 7,5 milh\u00f5es de repasse do Governo Federal, como prev\u00ea a Lei Or\u00e7ament\u00e1ria Anual (LOA). \u201cN\u00f3s n\u00e3o queremos falar s\u00f3 da d\u00edvida, queremos falar do ano de 2017. Tem que ter R$ 7,5 milh\u00f5es de repasse, cad\u00ea esse dinheiro?\u201d, questionou o presidente do Sated-RS, F\u00e1bio Cunha.<br \/>\nOs vereadores da Cece decidiram convocar o secret\u00e1rio municipal da Fazenda, Leonardo Busatto, para prestar esclarecimentos \u00e0 comiss\u00e3o.<br \/>\n<span class=\"intertit\">Casos mais delicados s\u00e3o os de 2016<\/span><br \/>\nAs d\u00edvidas mais complicadas s\u00e3o as dos editais de 2016. Segundo Sisto, \u201cnem um real foi pago nem empenhado em 2016 \u201d. No ano passado, o edital foi divido por categorias. Na categoria de cinema foi feita uma parceria entre Prefeitura e a Ancine, no total de R$ 1 milh\u00e3o. Foram contemplados dois longa metragens &#8211; ao menos um teria de ser um projeto de uma cineasta mulher &#8211; com um valor de R$ 500 mil cada. O Fumproarte repassaria R$ 200 mil a cada filme e a Ancine enviaria uma contrapartida de R$ 300 mil, completando o or\u00e7amento dos projetos.<br \/>\nForam selecionados os filmes Cora\u00e7\u00e3o Reverso, de Cris Reque, da Modus produtora e Bar\u00f5es de tr\u00e1s do Morro, de Germano Oliveira, da Casa de Cinema. Sem os recursos, os projetos est\u00e3o parados. \u201cA gente est\u00e1 aprimorando o projeto na medida do poss\u00edvel, mas n\u00e3o posso iniciar nenhuma contrata\u00e7\u00e3o sem recurso em conta e sem previs\u00e3o. Esta situa\u00e7\u00e3o Prejudica toda a expectativa das pessoas que est\u00e3o envolvidas\u201d, afirma a diretora Cris Reque.<\/p>\n","protected":false},"excerpt":{"rendered":"<p>Matheus Chaparini As d\u00edvidas da Prefeitura de Porto Alegre com a classe art\u00edstica passam dos R$ 2 milh\u00f5es e geram protestos. No Festival de Cinema de Gramado, o diretor Emiliano Cunha discursou: \u201cPrefeitura, pague a cultura\u201d. Seu curta premiado &#8220;Sob \u00c1guas Claras e Inocentes&#8221; foi contemplado pelo Fumproarte em 2014, mas, o valor ainda n\u00e3o [&hellip;]<\/p>\n","protected":false},"author":4,"featured_media":54523,"comment_status":"open","ping_status":"closed","sticky":false,"template":"","format":"standard","meta":{"_jetpack_newsletter_access":"","_jetpack_dont_email_post_to_subs":false,"_jetpack_newsletter_tier_id":0,"_jetpack_memberships_contains_paywalled_content":false,"_jetpack_feature_clip_id":0,"_jetpack_memberships_contains_paid_content":false,"footnotes":"","jetpack_post_was_ever_published":false},"categories":[26],"tags":[],"class_list":["post-54522","post","type-post","status-publish","format-standard","has-post-thumbnail","hentry","category-geral"],"aioseo_notices":[],"aioseo_head":"\n\t\t<!-- All in One SEO 5.0.1.1 - aioseo.com -->\n\t<meta name=\"robots\" content=\"max-image-preview:large\" \/>\n\t<meta name=\"author\" content=\"da Reda\u00e7\u00e3o\"\/>\n\t<link rel=\"canonical\" href=\"https:\/\/www.jornalja.com.br\/arquivo\/prefeitura-vai-quitar-r-2-milhoes-de-dividas-do-fumproarte-em-2018\/\" \/>\n\t<meta name=\"generator\" content=\"All in One SEO (AIOSEO) 5.0.1.1\" \/>\n\t\t<meta property=\"og:locale\" content=\"pt_BR\" \/>\n\t\t<meta property=\"og:site_name\" content=\"Arquivo | Jornal J\u00c1 | Porto Alegre\" \/>\n\t\t<meta property=\"og:type\" content=\"article\" \/>\n\t\t<meta property=\"og:title\" content=\"Prefeitura vai quitar R$ 2 milh\u00f5es de d\u00edvidas do Fumproarte em 2018 | Arquivo\" \/>\n\t\t<meta property=\"og:url\" content=\"https:\/\/www.jornalja.com.br\/arquivo\/prefeitura-vai-quitar-r-2-milhoes-de-dividas-do-fumproarte-em-2018\/\" \/>\n\t\t<meta property=\"og:image\" content=\"https:\/\/www.jornalja.com.br\/wp-content\/uploads\/2017\/08\/LBD3087.jpg\" \/>\n\t\t<meta property=\"og:image:secure_url\" content=\"https:\/\/www.jornalja.com.br\/wp-content\/uploads\/2017\/08\/LBD3087.jpg\" \/>\n\t\t<meta property=\"article:published_time\" content=\"2017-08-31T19:53:36+00:00\" \/>\n\t\t<meta property=\"article:modified_time\" content=\"2017-08-31T19:53:36+00:00\" \/>\n\t\t<meta name=\"twitter:card\" content=\"summary\" \/>\n\t\t<meta name=\"twitter:title\" content=\"Prefeitura vai quitar R$ 2 milh\u00f5es de d\u00edvidas do Fumproarte em 2018 | Arquivo\" \/>\n\t\t<meta name=\"twitter:image\" content=\"https:\/\/www.jornalja.com.br\/economics\/wp-content\/uploads\/sites\/11\/2026\/08\/ja-folhaderosto-facebook.jpg\" \/>\n\t\t<script type=\"application\/ld+json\" class=\"aioseo-schema\">\n\t\t\t{\"@context\":\"https:\\\/\\\/schema.org\",\"@graph\":[{\"@type\":\"BlogPosting\",\"@id\":\"https:\\\/\\\/www.jornalja.com.br\\\/arquivo\\\/prefeitura-vai-quitar-r-2-milhoes-de-dividas-do-fumproarte-em-2018\\\/#blogposting\",\"name\":\"Prefeitura vai quitar R$ 2 milh\\u00f5es de d\\u00edvidas do Fumproarte em 2018 | Arquivo\",\"headline\":\"Prefeitura vai quitar R$ 2 milh\\u00f5es de d\\u00edvidas do Fumproarte em 2018\",\"author\":{\"@id\":\"https:\\\/\\\/www.jornalja.com.br\\\/arquivo\\\/author\\\/daredacao\\\/#author\"},\"publisher\":{\"@id\":\"https:\\\/\\\/www.jornalja.com.br\\\/arquivo\\\/#organization\"},\"image\":{\"@type\":\"ImageObject\",\"url\":54523},\"datePublished\":\"2017-08-31T16:53:36-03:00\",\"dateModified\":\"2017-08-31T16:53:36-03:00\",\"inLanguage\":\"pt-BR\",\"mainEntityOfPage\":{\"@id\":\"https:\\\/\\\/www.jornalja.com.br\\\/arquivo\\\/prefeitura-vai-quitar-r-2-milhoes-de-dividas-do-fumproarte-em-2018\\\/#webpage\"},\"isPartOf\":{\"@id\":\"https:\\\/\\\/www.jornalja.com.br\\\/arquivo\\\/prefeitura-vai-quitar-r-2-milhoes-de-dividas-do-fumproarte-em-2018\\\/#webpage\"},\"articleSection\":\"Geral\"},{\"@type\":\"BreadcrumbList\",\"@id\":\"https:\\\/\\\/www.jornalja.com.br\\\/arquivo\\\/prefeitura-vai-quitar-r-2-milhoes-de-dividas-do-fumproarte-em-2018\\\/#breadcrumblist\",\"itemListElement\":[{\"@type\":\"ListItem\",\"@id\":\"https:\\\/\\\/www.jornalja.com.br\\\/arquivo#listItem\",\"position\":1,\"name\":\"Home\",\"item\":\"https:\\\/\\\/www.jornalja.com.br\\\/arquivo\",\"nextItem\":{\"@type\":\"ListItem\",\"@id\":\"https:\\\/\\\/www.jornalja.com.br\\\/arquivo\\\/category\\\/geral\\\/#listItem\",\"name\":\"Geral\"}},{\"@type\":\"ListItem\",\"@id\":\"https:\\\/\\\/www.jornalja.com.br\\\/arquivo\\\/category\\\/geral\\\/#listItem\",\"position\":2,\"name\":\"Geral\",\"item\":\"https:\\\/\\\/www.jornalja.com.br\\\/arquivo\\\/category\\\/geral\\\/\",\"nextItem\":{\"@type\":\"ListItem\",\"@id\":\"https:\\\/\\\/www.jornalja.com.br\\\/arquivo\\\/prefeitura-vai-quitar-r-2-milhoes-de-dividas-do-fumproarte-em-2018\\\/#listItem\",\"name\":\"Prefeitura vai quitar R$ 2 milh\\u00f5es de d\\u00edvidas do Fumproarte em 2018\"},\"previousItem\":{\"@type\":\"ListItem\",\"@id\":\"https:\\\/\\\/www.jornalja.com.br\\\/arquivo#listItem\",\"name\":\"Home\"}},{\"@type\":\"ListItem\",\"@id\":\"https:\\\/\\\/www.jornalja.com.br\\\/arquivo\\\/prefeitura-vai-quitar-r-2-milhoes-de-dividas-do-fumproarte-em-2018\\\/#listItem\",\"position\":3,\"name\":\"Prefeitura vai quitar R$ 2 milh\\u00f5es de d\\u00edvidas do Fumproarte em 2018\",\"previousItem\":{\"@type\":\"ListItem\",\"@id\":\"https:\\\/\\\/www.jornalja.com.br\\\/arquivo\\\/category\\\/geral\\\/#listItem\",\"name\":\"Geral\"}}]},{\"@type\":\"Organization\",\"@id\":\"https:\\\/\\\/www.jornalja.com.br\\\/arquivo\\\/#organization\",\"name\":\"Jornal J\\u00c1\",\"description\":\"Jornal J\\u00c1 | Porto Alegre\",\"url\":\"https:\\\/\\\/www.jornalja.com.br\\\/arquivo\\\/\",\"telephone\":\"+555133307272\",\"logo\":{\"@type\":\"ImageObject\",\"url\":\"https:\\\/\\\/www.jornalja.com.br\\\/wp-content\\\/uploads\\\/cards\\\/JAslogan.png\",\"@id\":\"https:\\\/\\\/www.jornalja.com.br\\\/arquivo\\\/prefeitura-vai-quitar-r-2-milhoes-de-dividas-do-fumproarte-em-2018\\\/#organizationLogo\"},\"image\":{\"@id\":\"https:\\\/\\\/www.jornalja.com.br\\\/arquivo\\\/prefeitura-vai-quitar-r-2-milhoes-de-dividas-do-fumproarte-em-2018\\\/#organizationLogo\"}},{\"@type\":\"Person\",\"@id\":\"https:\\\/\\\/www.jornalja.com.br\\\/arquivo\\\/author\\\/daredacao\\\/#author\",\"url\":\"https:\\\/\\\/www.jornalja.com.br\\\/arquivo\\\/author\\\/daredacao\\\/\",\"name\":\"da Reda\\u00e7\\u00e3o\",\"image\":{\"@type\":\"ImageObject\",\"@id\":\"https:\\\/\\\/www.jornalja.com.br\\\/arquivo\\\/prefeitura-vai-quitar-r-2-milhoes-de-dividas-do-fumproarte-em-2018\\\/#authorImage\",\"url\":\"https:\\\/\\\/secure.gravatar.com\\\/avatar\\\/469fd857d6605ad19919d27ed29d35a968a25f6e8fd9318356bbb7f57aae9c65?s=96&d=mm&r=g\",\"width\":96,\"height\":96,\"caption\":\"da Reda\\u00e7\\u00e3o\"}},{\"@type\":\"WebPage\",\"@id\":\"https:\\\/\\\/www.jornalja.com.br\\\/arquivo\\\/prefeitura-vai-quitar-r-2-milhoes-de-dividas-do-fumproarte-em-2018\\\/#webpage\",\"url\":\"https:\\\/\\\/www.jornalja.com.br\\\/arquivo\\\/prefeitura-vai-quitar-r-2-milhoes-de-dividas-do-fumproarte-em-2018\\\/\",\"name\":\"Prefeitura vai quitar R$ 2 milh\\u00f5es de d\\u00edvidas do Fumproarte em 2018 | Arquivo\",\"inLanguage\":\"pt-BR\",\"isPartOf\":{\"@id\":\"https:\\\/\\\/www.jornalja.com.br\\\/arquivo\\\/#website\"},\"breadcrumb\":{\"@id\":\"https:\\\/\\\/www.jornalja.com.br\\\/arquivo\\\/prefeitura-vai-quitar-r-2-milhoes-de-dividas-do-fumproarte-em-2018\\\/#breadcrumblist\"},\"author\":{\"@id\":\"https:\\\/\\\/www.jornalja.com.br\\\/arquivo\\\/author\\\/daredacao\\\/#author\"},\"creator\":{\"@id\":\"https:\\\/\\\/www.jornalja.com.br\\\/arquivo\\\/author\\\/daredacao\\\/#author\"},\"image\":{\"@type\":\"ImageObject\",\"url\":54523,\"@id\":\"https:\\\/\\\/www.jornalja.com.br\\\/arquivo\\\/prefeitura-vai-quitar-r-2-milhoes-de-dividas-do-fumproarte-em-2018\\\/#mainImage\"},\"primaryImageOfPage\":{\"@id\":\"https:\\\/\\\/www.jornalja.com.br\\\/arquivo\\\/prefeitura-vai-quitar-r-2-milhoes-de-dividas-do-fumproarte-em-2018\\\/#mainImage\"},\"datePublished\":\"2017-08-31T16:53:36-03:00\",\"dateModified\":\"2017-08-31T16:53:36-03:00\"},{\"@type\":\"WebSite\",\"@id\":\"https:\\\/\\\/www.jornalja.com.br\\\/arquivo\\\/#website\",\"url\":\"https:\\\/\\\/www.jornalja.com.br\\\/arquivo\\\/\",\"name\":\"Arquivo\",\"description\":\"Jornal J\\u00c1 | Porto Alegre\",\"inLanguage\":\"pt-BR\",\"publisher\":{\"@id\":\"https:\\\/\\\/www.jornalja.com.br\\\/arquivo\\\/#organization\"}}]}\n\t\t<\/script>\n\t\t<!-- All in One SEO -->\n\n","aioseo_head_json":{"title":"Prefeitura vai quitar R$ 2 milh\u00f5es de d\u00edvidas do Fumproarte em 2018 | Arquivo","description":"","canonical_url":"https:\/\/www.jornalja.com.br\/arquivo\/prefeitura-vai-quitar-r-2-milhoes-de-dividas-do-fumproarte-em-2018\/","robots":"max-image-preview:large","keywords":"","webmasterTools":{"miscellaneous":""},"schema":{"@context":"https:\/\/schema.org","@graph":[{"@type":"BlogPosting","@id":"https:\/\/www.jornalja.com.br\/arquivo\/prefeitura-vai-quitar-r-2-milhoes-de-dividas-do-fumproarte-em-2018\/#blogposting","name":"Prefeitura vai quitar R$ 2 milh\u00f5es de d\u00edvidas do Fumproarte em 2018 | Arquivo","headline":"Prefeitura vai quitar R$ 2 milh\u00f5es de d\u00edvidas do Fumproarte em 2018","author":{"@id":"https:\/\/www.jornalja.com.br\/arquivo\/author\/daredacao\/#author"},"publisher":{"@id":"https:\/\/www.jornalja.com.br\/arquivo\/#organization"},"image":{"@type":"ImageObject","url":54523},"datePublished":"2017-08-31T16:53:36-03:00","dateModified":"2017-08-31T16:53:36-03:00","inLanguage":"pt-BR","mainEntityOfPage":{"@id":"https:\/\/www.jornalja.com.br\/arquivo\/prefeitura-vai-quitar-r-2-milhoes-de-dividas-do-fumproarte-em-2018\/#webpage"},"isPartOf":{"@id":"https:\/\/www.jornalja.com.br\/arquivo\/prefeitura-vai-quitar-r-2-milhoes-de-dividas-do-fumproarte-em-2018\/#webpage"},"articleSection":"Geral"},{"@type":"BreadcrumbList","@id":"https:\/\/www.jornalja.com.br\/arquivo\/prefeitura-vai-quitar-r-2-milhoes-de-dividas-do-fumproarte-em-2018\/#breadcrumblist","itemListElement":[{"@type":"ListItem","@id":"https:\/\/www.jornalja.com.br\/arquivo#listItem","position":1,"name":"Home","item":"https:\/\/www.jornalja.com.br\/arquivo","nextItem":{"@type":"ListItem","@id":"https:\/\/www.jornalja.com.br\/arquivo\/category\/geral\/#listItem","name":"Geral"}},{"@type":"ListItem","@id":"https:\/\/www.jornalja.com.br\/arquivo\/category\/geral\/#listItem","position":2,"name":"Geral","item":"https:\/\/www.jornalja.com.br\/arquivo\/category\/geral\/","nextItem":{"@type":"ListItem","@id":"https:\/\/www.jornalja.com.br\/arquivo\/prefeitura-vai-quitar-r-2-milhoes-de-dividas-do-fumproarte-em-2018\/#listItem","name":"Prefeitura vai quitar R$ 2 milh\u00f5es de d\u00edvidas do Fumproarte em 2018"},"previousItem":{"@type":"ListItem","@id":"https:\/\/www.jornalja.com.br\/arquivo#listItem","name":"Home"}},{"@type":"ListItem","@id":"https:\/\/www.jornalja.com.br\/arquivo\/prefeitura-vai-quitar-r-2-milhoes-de-dividas-do-fumproarte-em-2018\/#listItem","position":3,"name":"Prefeitura vai quitar R$ 2 milh\u00f5es de d\u00edvidas do Fumproarte em 2018","previousItem":{"@type":"ListItem","@id":"https:\/\/www.jornalja.com.br\/arquivo\/category\/geral\/#listItem","name":"Geral"}}]},{"@type":"Organization","@id":"https:\/\/www.jornalja.com.br\/arquivo\/#organization","name":"Jornal J\u00c1","description":"Jornal J\u00c1 | Porto Alegre","url":"https:\/\/www.jornalja.com.br\/arquivo\/","telephone":"+555133307272","logo":{"@type":"ImageObject","url":"https:\/\/www.jornalja.com.br\/wp-content\/uploads\/cards\/JAslogan.png","@id":"https:\/\/www.jornalja.com.br\/arquivo\/prefeitura-vai-quitar-r-2-milhoes-de-dividas-do-fumproarte-em-2018\/#organizationLogo"},"image":{"@id":"https:\/\/www.jornalja.com.br\/arquivo\/prefeitura-vai-quitar-r-2-milhoes-de-dividas-do-fumproarte-em-2018\/#organizationLogo"}},{"@type":"Person","@id":"https:\/\/www.jornalja.com.br\/arquivo\/author\/daredacao\/#author","url":"https:\/\/www.jornalja.com.br\/arquivo\/author\/daredacao\/","name":"da Reda\u00e7\u00e3o","image":{"@type":"ImageObject","@id":"https:\/\/www.jornalja.com.br\/arquivo\/prefeitura-vai-quitar-r-2-milhoes-de-dividas-do-fumproarte-em-2018\/#authorImage","url":"https:\/\/secure.gravatar.com\/avatar\/469fd857d6605ad19919d27ed29d35a968a25f6e8fd9318356bbb7f57aae9c65?s=96&d=mm&r=g","width":96,"height":96,"caption":"da Reda\u00e7\u00e3o"}},{"@type":"WebPage","@id":"https:\/\/www.jornalja.com.br\/arquivo\/prefeitura-vai-quitar-r-2-milhoes-de-dividas-do-fumproarte-em-2018\/#webpage","url":"https:\/\/www.jornalja.com.br\/arquivo\/prefeitura-vai-quitar-r-2-milhoes-de-dividas-do-fumproarte-em-2018\/","name":"Prefeitura vai quitar R$ 2 milh\u00f5es de d\u00edvidas do Fumproarte em 2018 | Arquivo","inLanguage":"pt-BR","isPartOf":{"@id":"https:\/\/www.jornalja.com.br\/arquivo\/#website"},"breadcrumb":{"@id":"https:\/\/www.jornalja.com.br\/arquivo\/prefeitura-vai-quitar-r-2-milhoes-de-dividas-do-fumproarte-em-2018\/#breadcrumblist"},"author":{"@id":"https:\/\/www.jornalja.com.br\/arquivo\/author\/daredacao\/#author"},"creator":{"@id":"https:\/\/www.jornalja.com.br\/arquivo\/author\/daredacao\/#author"},"image":{"@type":"ImageObject","url":54523,"@id":"https:\/\/www.jornalja.com.br\/arquivo\/prefeitura-vai-quitar-r-2-milhoes-de-dividas-do-fumproarte-em-2018\/#mainImage"},"primaryImageOfPage":{"@id":"https:\/\/www.jornalja.com.br\/arquivo\/prefeitura-vai-quitar-r-2-milhoes-de-dividas-do-fumproarte-em-2018\/#mainImage"},"datePublished":"2017-08-31T16:53:36-03:00","dateModified":"2017-08-31T16:53:36-03:00"},{"@type":"WebSite","@id":"https:\/\/www.jornalja.com.br\/arquivo\/#website","url":"https:\/\/www.jornalja.com.br\/arquivo\/","name":"Arquivo","description":"Jornal J\u00c1 | Porto Alegre","inLanguage":"pt-BR","publisher":{"@id":"https:\/\/www.jornalja.com.br\/arquivo\/#organization"}}]},"og:locale":"pt_BR","og:site_name":"Arquivo | Jornal J\u00c1 | Porto Alegre","og:type":"article","og:title":"Prefeitura vai quitar R$ 2 milh\u00f5es de d\u00edvidas do Fumproarte em 2018 | Arquivo","og:url":"https:\/\/www.jornalja.com.br\/arquivo\/prefeitura-vai-quitar-r-2-milhoes-de-dividas-do-fumproarte-em-2018\/","og:image":"https:\/\/www.jornalja.com.br\/wp-content\/uploads\/2017\/08\/LBD3087.jpg","og:image:secure_url":"https:\/\/www.jornalja.com.br\/wp-content\/uploads\/2017\/08\/LBD3087.jpg","article:published_time":"2017-08-31T19:53:36+00:00","article:modified_time":"2017-08-31T19:53:36+00:00","twitter:card":"summary","twitter:title":"Prefeitura vai quitar R$ 2 milh\u00f5es de d\u00edvidas do Fumproarte em 2018 | Arquivo","twitter:image":"https:\/\/www.jornalja.com.br\/economics\/wp-content\/uploads\/sites\/11\/2026\/08\/ja-folhaderosto-facebook.jpg"},"aioseo_meta_data":{"post_id":"54522","title":null,"description":null,"keywords":null,"keyphrases":null,"primary_term":null,"canonical_url":null,"og_title":null,"og_description":null,"og_object_type":"default","og_image_type":"default","og_image_url":null,"og_image_width":null,"og_image_height":null,"og_image_custom_url":null,"og_image_custom_fields":null,"og_video":null,"og_custom_url":null,"og_article_section":null,"og_article_tags":null,"twitter_use_og":false,"twitter_card":"default","twitter_image_type":"default","twitter_image_url":null,"twitter_image_custom_url":null,"twitter_image_custom_fields":null,"twitter_title":null,"twitter_description":null,"schema":{"blockGraphs":[],"customGraphs":[],"default":{"data":{"Article":[],"Course":[],"Dataset":[],"FAQPage":[],"Movie":[],"Person":[],"Product":[],"ProductReview":[],"Car":[],"Recipe":[],"Service":[],"SoftwareApplication":[],"WebPage":[]},"graphName":"","isEnabled":true},"graphs":[],"defaultGraph":"","defaultPostTypeGraph":""},"schema_type":null,"schema_type_options":null,"pillar_content":false,"robots_default":true,"robots_noindex":false,"robots_noarchive":false,"robots_nosnippet":false,"robots_nofollow":false,"robots_noimageindex":false,"robots_noodp":false,"robots_notranslate":false,"robots_max_snippet":null,"robots_max_videopreview":null,"robots_max_imagepreview":"large","priority":null,"frequency":null,"location":null,"local_seo":null,"breadcrumb_settings":null,"limit_modified_date":false,"ai":null,"created":"2020-12-20 20:26:01","updated":"2025-07-20 00:47:31","seo_analyzer_scan_date":null,"focus_keyword":null,"additional_keywords":null,"truseo_locale":null},"jetpack_sharing_enabled":true,"jetpack-related-posts":[{"id":5440,"url":"https:\/\/www.jornalja.com.br\/arquivo\/casarao-da-venancio-destino-permanece-incerto\/","url_meta":{"origin":54522,"position":0},"title":"Estado ainda n\u00e3o sabe o que fazer com casar\u00e3o abandonado h\u00e1 20 anos","author":"Elmar Bones","date":"6 de julho de 2009","format":false,"excerpt":"O casar\u00e3o amarelo, numa esquina nobre de Porto Alegre (Ven\u00e2ncio Aires com Jo\u00e3o Pessoa), j\u00e1 abrigou uma escola. H\u00e1 duas d\u00e9cadas, pelo menos, est\u00e1 abandonado, porque seu propriet\u00e1rio, o governo do Estado do Rio Grande do Sul, n\u00e3o consegue achar um destino para ele. Planos n\u00e3o faltaram. O governador Ol\u00edvio\u2026","rel":"","context":"Em &quot;X.Categorias velhas&quot;","block_context":{"text":"X.Categorias velhas","link":"https:\/\/www.jornalja.com.br\/arquivo\/category\/x-categorias-velhas\/"},"img":{"alt_text":"geraldo1","src":"https:\/\/i0.wp.com\/www.jornalja.com.br\/wp-content\/uploads\/2009\/07\/geraldo1.jpg?resize=350%2C200&ssl=1","width":350,"height":200},"classes":[]},{"id":12960,"url":"https:\/\/www.jornalja.com.br\/arquivo\/populacao-culpa-empresas-pela-greve-dos-rodoviarios\/","url_meta":{"origin":54522,"position":1},"title":"Popula\u00e7\u00e3o culpa empresas pela greve","author":"Patr\u00edcia Marini","date":"14 de fevereiro de 2014","format":false,"excerpt":"Pesquisa divulgada na edi\u00e7\u00e3o do jornal Metro desta sexta-feira,14, comprova o velho ditado: \u00e9 poss\u00edvel enganar muitos por algum tempo, mas n\u00e3o \u00e9 poss\u00edvel enganar a todos o tempo inteiro. A principal revela\u00e7\u00e3o foi que 59,8% dos entrevistados apontaram as empresas como as principais respons\u00e1veis pela grave e 46% culparam\u2026","rel":"","context":"Em &quot;X.Categorias velhas&quot;","block_context":{"text":"X.Categorias velhas","link":"https:\/\/www.jornalja.com.br\/arquivo\/category\/x-categorias-velhas\/"},"img":{"alt_text":"","src":"","width":0,"height":0},"classes":[]},{"id":13240,"url":"https:\/\/www.jornalja.com.br\/arquivo\/plano-diretor-estamos-construindo-o-caos\/","url_meta":{"origin":54522,"position":2},"title":"Plano diretor: &quot;Estamos construindo o caos&quot;","author":"Patr\u00edcia Marini","date":"26 de maio de 2014","format":false,"excerpt":"Desabafo que arquiteta Eliana Castilhos, delegada da Regi\u00e3o de Planejamento 1, postou nas redes sociais \u00e9 um testemunho do ambiente que se criou no Conselho do Plano Diretor de Porto Alegre, onde a aprova\u00e7\u00e3o de grandes empreendimentos \u00e9 empurrada guela abaixo dos conselheiros. Ao CMDUA Como delegada da Regi\u00e3o de\u2026","rel":"","context":"Em &quot;Geral&quot;","block_context":{"text":"Geral","link":"https:\/\/www.jornalja.com.br\/arquivo\/category\/geral\/"},"img":{"alt_text":"","src":"","width":0,"height":0},"classes":[]},{"id":14241,"url":"https:\/\/www.jornalja.com.br\/arquivo\/o-guaiba-nas-imagens-poeticas-de-achutti\/","url_meta":{"origin":54522,"position":3},"title":"O Gua\u00edba nas imagens po\u00e9ticas de Achutti","author":"da Reda\u00e7\u00e3o","date":"18 de junho de 2014","format":false,"excerpt":"Em \u201cO Gua\u00edba por Achutti\u201d \u2013 obra financiada via Minist\u00e9rio da Cultura, produ\u00e7\u00e3o executiva de Pedro Longhi, e Fl\u00e1vio Wild como designer \u2013, o fot\u00f3grafo revela a beleza e as mazelas de um espa\u00e7o aqu\u00e1tico de \u00e1guas sempre renovadas, cheio de hist\u00f3rias e lendas como as das cidades que foram\u2026","rel":"","context":"Em &quot;Cultura-Geral&quot;","block_context":{"text":"Cultura-Geral","link":"https:\/\/www.jornalja.com.br\/arquivo\/category\/materiasecundaria\/"},"img":{"alt_text":"","src":"","width":0,"height":0},"classes":[]},{"id":13101,"url":"https:\/\/www.jornalja.com.br\/arquivo\/morre-um-guerreiro-do-texto\/","url_meta":{"origin":54522,"position":4},"title":"Morre um guerreiro do texto","author":"Patr\u00edcia Marini","date":"14 de maio de 2014","format":false,"excerpt":"Por Ricardo Kotscho Reproduzido do blog do autor, 11\/5\/2014; t\u00edtulo original \u201cE l\u00e1 se foi o nosso Myltainho, guerreiro do texto\u201d. Mi\u00fado e franzino, meu amigo Myltainho era um valente e inconformado guerreiro na luta contra as injusti\u00e7as sociais, a hipocrisia, as maracutaias, o autoritarismo, a intoler\u00e2ncia, a viol\u00eancia, o\u2026","rel":"","context":"Em &quot;Geral&quot;","block_context":{"text":"Geral","link":"https:\/\/www.jornalja.com.br\/arquivo\/category\/geral\/"},"img":{"alt_text":"","src":"","width":0,"height":0},"classes":[]},{"id":13124,"url":"https:\/\/www.jornalja.com.br\/arquivo\/sangue-latino-no-iecine\/","url_meta":{"origin":54522,"position":5},"title":"Sangue latino no IECINE","author":"da Reda\u00e7\u00e3o","date":"18 de maio de 2014","format":false,"excerpt":"Francisco Ribeiro O Instituto Estadual de Cinema (IECINE) tem a frente, desde abril \u00faltimo, um novo diretor, o cineasta colombiano Juan Zapata, 36, que substitui Luiz Alberto Cassol. Radicado h\u00e1 dez anos em Porto Alegre, Zapata tem diante de si o desafio de conduzir at\u00e9 o final do ano um\u2026","rel":"","context":"Em &quot;Cultura-Geral&quot;","block_context":{"text":"Cultura-Geral","link":"https:\/\/www.jornalja.com.br\/arquivo\/category\/materiasecundaria\/"},"img":{"alt_text":"","src":"","width":0,"height":0},"classes":[]}],"jetpack_shortlink":"https:\/\/wp.me\/pbQjBd-ebo","jetpack_featured_media_url":"","_links":{"self":[{"href":"https:\/\/www.jornalja.com.br\/arquivo\/wp-json\/wp\/v2\/posts\/54522","targetHints":{"allow":["GET"]}}],"collection":[{"href":"https:\/\/www.jornalja.com.br\/arquivo\/wp-json\/wp\/v2\/posts"}],"about":[{"href":"https:\/\/www.jornalja.com.br\/arquivo\/wp-json\/wp\/v2\/types\/post"}],"author":[{"embeddable":true,"href":"https:\/\/www.jornalja.com.br\/arquivo\/wp-json\/wp\/v2\/users\/4"}],"replies":[{"embeddable":true,"href":"https:\/\/www.jornalja.com.br\/arquivo\/wp-json\/wp\/v2\/comments?post=54522"}],"version-history":[{"count":0,"href":"https:\/\/www.jornalja.com.br\/arquivo\/wp-json\/wp\/v2\/posts\/54522\/revisions"}],"wp:attachment":[{"href":"https:\/\/www.jornalja.com.br\/arquivo\/wp-json\/wp\/v2\/media?parent=54522"}],"wp:term":[{"taxonomy":"category","embeddable":true,"href":"https:\/\/www.jornalja.com.br\/arquivo\/wp-json\/wp\/v2\/categories?post=54522"},{"taxonomy":"post_tag","embeddable":true,"href":"https:\/\/www.jornalja.com.br\/arquivo\/wp-json\/wp\/v2\/tags?post=54522"}],"curies":[{"name":"wp","href":"https:\/\/api.w.org\/{rel}","templated":true}]}}