{"id":54554,"date":"2017-09-01T00:09:43","date_gmt":"2017-09-01T03:09:43","guid":{"rendered":"https:\/\/www.jornalja.com.br\/?p=54554"},"modified":"2017-09-01T00:09:43","modified_gmt":"2017-09-01T03:09:43","slug":"sindicato-dos-municiparios-vai-recorrer-ao-mp-de-contas-contra-parcelamentos-de-salarios","status":"publish","type":"post","link":"https:\/\/www.jornalja.com.br\/arquivo\/sindicato-dos-municiparios-vai-recorrer-ao-mp-de-contas-contra-parcelamentos-de-salarios\/","title":{"rendered":"Sindicato dos Municip\u00e1rios vai recorrer ao MP contra parcelamentos de sal\u00e1rios"},"content":{"rendered":"<p>O Sindicato dos Municip\u00e1rios de Porto Alegre (Simpa) prometeu, para os pr\u00f3ximos dias, acionar o Minist\u00e9rio P\u00fablico de Contas devido ao parcelamento de sal\u00e1rios praticado pelo terceiro m\u00eas seguido pelo governo do prefeito Nelson Marchezan J\u00fanior.<br \/>\nO Sindicato alega que nos cofres do Executivo h\u00e1 recursos suficientes para pagar todo o funcionalismo e ainda sobrariam cerca de R$ 80 milh\u00f5es. &#8220;Est\u00e1 tudo no Portal da Transpar\u00eancia&#8221;, diz um dos coordenadores do Simpa, Jonas Reis.<br \/>\nSegundo ele, mesmo que o governo pagasse todas as contas, restariam cerca de R$ 280 milh\u00f5es para quitar a folha de R$ 150 milh\u00f5es, entre servidores ativos e inativos. O Sindicato espera que o MPC notifique Marchezan Junior e a Prefeitura. &#8220;Ele est\u00e1 fora da lei, n\u00e3o conseguiu provar no papel o que est\u00e1 dizendo&#8221;, protesta Reis.<br \/>\n<span class=\"intertit\"><strong>Ato contra pacote e parcelamento lotou o Pa\u00e7o Municipal<\/strong><\/span><br \/>\nCentenas de servidores, organizados pelo Simpa, se reuniram no final da tarde desta quinta-feira em frente a Prefeitura contra o governo Marchezan. Com o apoio de movimentos estudantis como a UBES e UJS, os manifestantes pediram a retirada dos projetos que o prefeito enviou recentemente \u00e0 C\u00e2mara de Vereadores. O pacote da Prefeitura mexe nos sal\u00e1rios e gratifica\u00e7\u00f5es dos servidores.<br \/>\nA decis\u00e3o judicial que anulou o decreto do prefeito que retira a gratuidade na segunda passagem tamb\u00e9m foi comemorado durante o protesto.<br \/>\nQuem saiu da Prefeitura pela porta principal, como o novo l\u00edder do governo, o vereador Mois\u00e9s Barboza (PSDB), recebeu uma forte vaia pelos manifestantes. Ap\u00f3s alguns discursos e palavras de ordem, foi realizada uma marcha at\u00e9 o Largo Zumbi dos Palmares, encerrando o ato.<br \/>\n&nbsp;<\/p>\n","protected":false},"excerpt":{"rendered":"<p>O Sindicato dos Municip\u00e1rios de Porto Alegre (Simpa) prometeu, para os pr\u00f3ximos dias, acionar o Minist\u00e9rio P\u00fablico de Contas devido ao parcelamento de sal\u00e1rios praticado pelo terceiro m\u00eas seguido pelo governo do prefeito Nelson Marchezan J\u00fanior. O Sindicato alega que nos cofres do Executivo h\u00e1 recursos suficientes para pagar todo o funcionalismo e ainda sobrariam [&hellip;]<\/p>\n","protected":false},"author":4,"featured_media":54561,"comment_status":"open","ping_status":"closed","sticky":false,"template":"","format":"standard","meta":{"_jetpack_newsletter_access":"","_jetpack_dont_email_post_to_subs":false,"_jetpack_newsletter_tier_id":0,"_jetpack_memberships_contains_paywalled_content":false,"_jetpack_feature_clip_id":0,"_jetpack_memberships_contains_paid_content":false,"footnotes":"","jetpack_post_was_ever_published":false},"categories":[26],"tags":[],"class_list":["post-54554","post","type-post","status-publish","format-standard","has-post-thumbnail","hentry","category-geral"],"aioseo_notices":[],"aioseo_head":"\n\t\t<!-- All in One SEO 5.0.1.1 - aioseo.com -->\n\t<meta name=\"robots\" content=\"max-image-preview:large\" \/>\n\t<meta name=\"author\" content=\"da Reda\u00e7\u00e3o\"\/>\n\t<link rel=\"canonical\" href=\"https:\/\/www.jornalja.com.br\/arquivo\/sindicato-dos-municiparios-vai-recorrer-ao-mp-de-contas-contra-parcelamentos-de-salarios\/\" \/>\n\t<meta name=\"generator\" content=\"All in One SEO (AIOSEO) 5.0.1.1\" \/>\n\t\t<meta property=\"og:locale\" content=\"pt_BR\" \/>\n\t\t<meta property=\"og:site_name\" content=\"Arquivo | Jornal J\u00c1 | Porto Alegre\" \/>\n\t\t<meta property=\"og:type\" content=\"article\" \/>\n\t\t<meta property=\"og:title\" content=\"Sindicato dos Municip\u00e1rios vai recorrer ao MP contra parcelamentos de sal\u00e1rios | Arquivo\" \/>\n\t\t<meta property=\"og:url\" content=\"https:\/\/www.jornalja.com.br\/arquivo\/sindicato-dos-municiparios-vai-recorrer-ao-mp-de-contas-contra-parcelamentos-de-salarios\/\" \/>\n\t\t<meta property=\"og:image\" content=\"https:\/\/www.jornalja.com.br\/economics\/wp-content\/uploads\/sites\/11\/2026\/08\/ja-folhaderosto-facebook.jpg\" \/>\n\t\t<meta property=\"og:image:secure_url\" content=\"https:\/\/www.jornalja.com.br\/economics\/wp-content\/uploads\/sites\/11\/2026\/08\/ja-folhaderosto-facebook.jpg\" \/>\n\t\t<meta property=\"article:published_time\" content=\"2017-09-01T03:09:43+00:00\" \/>\n\t\t<meta property=\"article:modified_time\" content=\"2017-09-01T03:09:43+00:00\" \/>\n\t\t<meta name=\"twitter:card\" content=\"summary\" \/>\n\t\t<meta name=\"twitter:title\" content=\"Sindicato dos Municip\u00e1rios vai recorrer ao MP contra parcelamentos de sal\u00e1rios | Arquivo\" \/>\n\t\t<meta name=\"twitter:image\" content=\"https:\/\/www.jornalja.com.br\/economics\/wp-content\/uploads\/sites\/11\/2026\/08\/ja-folhaderosto-facebook.jpg\" \/>\n\t\t<script type=\"application\/ld+json\" class=\"aioseo-schema\">\n\t\t\t{\"@context\":\"https:\\\/\\\/schema.org\",\"@graph\":[{\"@type\":\"BlogPosting\",\"@id\":\"https:\\\/\\\/www.jornalja.com.br\\\/arquivo\\\/sindicato-dos-municiparios-vai-recorrer-ao-mp-de-contas-contra-parcelamentos-de-salarios\\\/#blogposting\",\"name\":\"Sindicato dos Municip\\u00e1rios vai recorrer ao MP contra parcelamentos de sal\\u00e1rios | Arquivo\",\"headline\":\"Sindicato dos Municip\\u00e1rios vai recorrer ao MP contra parcelamentos de sal\\u00e1rios\",\"author\":{\"@id\":\"https:\\\/\\\/www.jornalja.com.br\\\/arquivo\\\/author\\\/daredacao\\\/#author\"},\"publisher\":{\"@id\":\"https:\\\/\\\/www.jornalja.com.br\\\/arquivo\\\/#organization\"},\"image\":{\"@type\":\"ImageObject\",\"url\":54561},\"datePublished\":\"2017-09-01T00:09:43-03:00\",\"dateModified\":\"2017-09-01T00:09:43-03:00\",\"inLanguage\":\"pt-BR\",\"commentCount\":1,\"mainEntityOfPage\":{\"@id\":\"https:\\\/\\\/www.jornalja.com.br\\\/arquivo\\\/sindicato-dos-municiparios-vai-recorrer-ao-mp-de-contas-contra-parcelamentos-de-salarios\\\/#webpage\"},\"isPartOf\":{\"@id\":\"https:\\\/\\\/www.jornalja.com.br\\\/arquivo\\\/sindicato-dos-municiparios-vai-recorrer-ao-mp-de-contas-contra-parcelamentos-de-salarios\\\/#webpage\"},\"articleSection\":\"Geral\"},{\"@type\":\"BreadcrumbList\",\"@id\":\"https:\\\/\\\/www.jornalja.com.br\\\/arquivo\\\/sindicato-dos-municiparios-vai-recorrer-ao-mp-de-contas-contra-parcelamentos-de-salarios\\\/#breadcrumblist\",\"itemListElement\":[{\"@type\":\"ListItem\",\"@id\":\"https:\\\/\\\/www.jornalja.com.br\\\/arquivo#listItem\",\"position\":1,\"name\":\"Home\",\"item\":\"https:\\\/\\\/www.jornalja.com.br\\\/arquivo\",\"nextItem\":{\"@type\":\"ListItem\",\"@id\":\"https:\\\/\\\/www.jornalja.com.br\\\/arquivo\\\/category\\\/geral\\\/#listItem\",\"name\":\"Geral\"}},{\"@type\":\"ListItem\",\"@id\":\"https:\\\/\\\/www.jornalja.com.br\\\/arquivo\\\/category\\\/geral\\\/#listItem\",\"position\":2,\"name\":\"Geral\",\"item\":\"https:\\\/\\\/www.jornalja.com.br\\\/arquivo\\\/category\\\/geral\\\/\",\"nextItem\":{\"@type\":\"ListItem\",\"@id\":\"https:\\\/\\\/www.jornalja.com.br\\\/arquivo\\\/sindicato-dos-municiparios-vai-recorrer-ao-mp-de-contas-contra-parcelamentos-de-salarios\\\/#listItem\",\"name\":\"Sindicato dos Municip\\u00e1rios vai recorrer ao MP contra parcelamentos de sal\\u00e1rios\"},\"previousItem\":{\"@type\":\"ListItem\",\"@id\":\"https:\\\/\\\/www.jornalja.com.br\\\/arquivo#listItem\",\"name\":\"Home\"}},{\"@type\":\"ListItem\",\"@id\":\"https:\\\/\\\/www.jornalja.com.br\\\/arquivo\\\/sindicato-dos-municiparios-vai-recorrer-ao-mp-de-contas-contra-parcelamentos-de-salarios\\\/#listItem\",\"position\":3,\"name\":\"Sindicato dos Municip\\u00e1rios vai recorrer ao MP contra parcelamentos de sal\\u00e1rios\",\"previousItem\":{\"@type\":\"ListItem\",\"@id\":\"https:\\\/\\\/www.jornalja.com.br\\\/arquivo\\\/category\\\/geral\\\/#listItem\",\"name\":\"Geral\"}}]},{\"@type\":\"Organization\",\"@id\":\"https:\\\/\\\/www.jornalja.com.br\\\/arquivo\\\/#organization\",\"name\":\"Jornal J\\u00c1\",\"description\":\"Jornal J\\u00c1 | Porto Alegre\",\"url\":\"https:\\\/\\\/www.jornalja.com.br\\\/arquivo\\\/\",\"telephone\":\"+555133307272\",\"logo\":{\"@type\":\"ImageObject\",\"url\":\"https:\\\/\\\/www.jornalja.com.br\\\/wp-content\\\/uploads\\\/cards\\\/JAslogan.png\",\"@id\":\"https:\\\/\\\/www.jornalja.com.br\\\/arquivo\\\/sindicato-dos-municiparios-vai-recorrer-ao-mp-de-contas-contra-parcelamentos-de-salarios\\\/#organizationLogo\"},\"image\":{\"@id\":\"https:\\\/\\\/www.jornalja.com.br\\\/arquivo\\\/sindicato-dos-municiparios-vai-recorrer-ao-mp-de-contas-contra-parcelamentos-de-salarios\\\/#organizationLogo\"}},{\"@type\":\"Person\",\"@id\":\"https:\\\/\\\/www.jornalja.com.br\\\/arquivo\\\/author\\\/daredacao\\\/#author\",\"url\":\"https:\\\/\\\/www.jornalja.com.br\\\/arquivo\\\/author\\\/daredacao\\\/\",\"name\":\"da Reda\\u00e7\\u00e3o\",\"image\":{\"@type\":\"ImageObject\",\"@id\":\"https:\\\/\\\/www.jornalja.com.br\\\/arquivo\\\/sindicato-dos-municiparios-vai-recorrer-ao-mp-de-contas-contra-parcelamentos-de-salarios\\\/#authorImage\",\"url\":\"https:\\\/\\\/secure.gravatar.com\\\/avatar\\\/469fd857d6605ad19919d27ed29d35a968a25f6e8fd9318356bbb7f57aae9c65?s=96&d=mm&r=g\",\"width\":96,\"height\":96,\"caption\":\"da Reda\\u00e7\\u00e3o\"}},{\"@type\":\"WebPage\",\"@id\":\"https:\\\/\\\/www.jornalja.com.br\\\/arquivo\\\/sindicato-dos-municiparios-vai-recorrer-ao-mp-de-contas-contra-parcelamentos-de-salarios\\\/#webpage\",\"url\":\"https:\\\/\\\/www.jornalja.com.br\\\/arquivo\\\/sindicato-dos-municiparios-vai-recorrer-ao-mp-de-contas-contra-parcelamentos-de-salarios\\\/\",\"name\":\"Sindicato dos Municip\\u00e1rios vai recorrer ao MP contra parcelamentos de sal\\u00e1rios | Arquivo\",\"inLanguage\":\"pt-BR\",\"isPartOf\":{\"@id\":\"https:\\\/\\\/www.jornalja.com.br\\\/arquivo\\\/#website\"},\"breadcrumb\":{\"@id\":\"https:\\\/\\\/www.jornalja.com.br\\\/arquivo\\\/sindicato-dos-municiparios-vai-recorrer-ao-mp-de-contas-contra-parcelamentos-de-salarios\\\/#breadcrumblist\"},\"author\":{\"@id\":\"https:\\\/\\\/www.jornalja.com.br\\\/arquivo\\\/author\\\/daredacao\\\/#author\"},\"creator\":{\"@id\":\"https:\\\/\\\/www.jornalja.com.br\\\/arquivo\\\/author\\\/daredacao\\\/#author\"},\"image\":{\"@type\":\"ImageObject\",\"url\":54561,\"@id\":\"https:\\\/\\\/www.jornalja.com.br\\\/arquivo\\\/sindicato-dos-municiparios-vai-recorrer-ao-mp-de-contas-contra-parcelamentos-de-salarios\\\/#mainImage\"},\"primaryImageOfPage\":{\"@id\":\"https:\\\/\\\/www.jornalja.com.br\\\/arquivo\\\/sindicato-dos-municiparios-vai-recorrer-ao-mp-de-contas-contra-parcelamentos-de-salarios\\\/#mainImage\"},\"datePublished\":\"2017-09-01T00:09:43-03:00\",\"dateModified\":\"2017-09-01T00:09:43-03:00\"},{\"@type\":\"WebSite\",\"@id\":\"https:\\\/\\\/www.jornalja.com.br\\\/arquivo\\\/#website\",\"url\":\"https:\\\/\\\/www.jornalja.com.br\\\/arquivo\\\/\",\"name\":\"Arquivo\",\"description\":\"Jornal J\\u00c1 | Porto Alegre\",\"inLanguage\":\"pt-BR\",\"publisher\":{\"@id\":\"https:\\\/\\\/www.jornalja.com.br\\\/arquivo\\\/#organization\"}}]}\n\t\t<\/script>\n\t\t<!-- All in One SEO -->\n\n","aioseo_head_json":{"title":"Sindicato dos Municip\u00e1rios vai recorrer ao MP contra parcelamentos de sal\u00e1rios | Arquivo","description":"","canonical_url":"https:\/\/www.jornalja.com.br\/arquivo\/sindicato-dos-municiparios-vai-recorrer-ao-mp-de-contas-contra-parcelamentos-de-salarios\/","robots":"max-image-preview:large","keywords":"","webmasterTools":{"miscellaneous":""},"schema":{"@context":"https:\/\/schema.org","@graph":[{"@type":"BlogPosting","@id":"https:\/\/www.jornalja.com.br\/arquivo\/sindicato-dos-municiparios-vai-recorrer-ao-mp-de-contas-contra-parcelamentos-de-salarios\/#blogposting","name":"Sindicato dos Municip\u00e1rios vai recorrer ao MP contra parcelamentos de sal\u00e1rios | Arquivo","headline":"Sindicato dos Municip\u00e1rios vai recorrer ao MP contra parcelamentos de sal\u00e1rios","author":{"@id":"https:\/\/www.jornalja.com.br\/arquivo\/author\/daredacao\/#author"},"publisher":{"@id":"https:\/\/www.jornalja.com.br\/arquivo\/#organization"},"image":{"@type":"ImageObject","url":54561},"datePublished":"2017-09-01T00:09:43-03:00","dateModified":"2017-09-01T00:09:43-03:00","inLanguage":"pt-BR","commentCount":1,"mainEntityOfPage":{"@id":"https:\/\/www.jornalja.com.br\/arquivo\/sindicato-dos-municiparios-vai-recorrer-ao-mp-de-contas-contra-parcelamentos-de-salarios\/#webpage"},"isPartOf":{"@id":"https:\/\/www.jornalja.com.br\/arquivo\/sindicato-dos-municiparios-vai-recorrer-ao-mp-de-contas-contra-parcelamentos-de-salarios\/#webpage"},"articleSection":"Geral"},{"@type":"BreadcrumbList","@id":"https:\/\/www.jornalja.com.br\/arquivo\/sindicato-dos-municiparios-vai-recorrer-ao-mp-de-contas-contra-parcelamentos-de-salarios\/#breadcrumblist","itemListElement":[{"@type":"ListItem","@id":"https:\/\/www.jornalja.com.br\/arquivo#listItem","position":1,"name":"Home","item":"https:\/\/www.jornalja.com.br\/arquivo","nextItem":{"@type":"ListItem","@id":"https:\/\/www.jornalja.com.br\/arquivo\/category\/geral\/#listItem","name":"Geral"}},{"@type":"ListItem","@id":"https:\/\/www.jornalja.com.br\/arquivo\/category\/geral\/#listItem","position":2,"name":"Geral","item":"https:\/\/www.jornalja.com.br\/arquivo\/category\/geral\/","nextItem":{"@type":"ListItem","@id":"https:\/\/www.jornalja.com.br\/arquivo\/sindicato-dos-municiparios-vai-recorrer-ao-mp-de-contas-contra-parcelamentos-de-salarios\/#listItem","name":"Sindicato dos Municip\u00e1rios vai recorrer ao MP contra parcelamentos de sal\u00e1rios"},"previousItem":{"@type":"ListItem","@id":"https:\/\/www.jornalja.com.br\/arquivo#listItem","name":"Home"}},{"@type":"ListItem","@id":"https:\/\/www.jornalja.com.br\/arquivo\/sindicato-dos-municiparios-vai-recorrer-ao-mp-de-contas-contra-parcelamentos-de-salarios\/#listItem","position":3,"name":"Sindicato dos Municip\u00e1rios vai recorrer ao MP contra parcelamentos de sal\u00e1rios","previousItem":{"@type":"ListItem","@id":"https:\/\/www.jornalja.com.br\/arquivo\/category\/geral\/#listItem","name":"Geral"}}]},{"@type":"Organization","@id":"https:\/\/www.jornalja.com.br\/arquivo\/#organization","name":"Jornal J\u00c1","description":"Jornal J\u00c1 | Porto Alegre","url":"https:\/\/www.jornalja.com.br\/arquivo\/","telephone":"+555133307272","logo":{"@type":"ImageObject","url":"https:\/\/www.jornalja.com.br\/wp-content\/uploads\/cards\/JAslogan.png","@id":"https:\/\/www.jornalja.com.br\/arquivo\/sindicato-dos-municiparios-vai-recorrer-ao-mp-de-contas-contra-parcelamentos-de-salarios\/#organizationLogo"},"image":{"@id":"https:\/\/www.jornalja.com.br\/arquivo\/sindicato-dos-municiparios-vai-recorrer-ao-mp-de-contas-contra-parcelamentos-de-salarios\/#organizationLogo"}},{"@type":"Person","@id":"https:\/\/www.jornalja.com.br\/arquivo\/author\/daredacao\/#author","url":"https:\/\/www.jornalja.com.br\/arquivo\/author\/daredacao\/","name":"da Reda\u00e7\u00e3o","image":{"@type":"ImageObject","@id":"https:\/\/www.jornalja.com.br\/arquivo\/sindicato-dos-municiparios-vai-recorrer-ao-mp-de-contas-contra-parcelamentos-de-salarios\/#authorImage","url":"https:\/\/secure.gravatar.com\/avatar\/469fd857d6605ad19919d27ed29d35a968a25f6e8fd9318356bbb7f57aae9c65?s=96&d=mm&r=g","width":96,"height":96,"caption":"da Reda\u00e7\u00e3o"}},{"@type":"WebPage","@id":"https:\/\/www.jornalja.com.br\/arquivo\/sindicato-dos-municiparios-vai-recorrer-ao-mp-de-contas-contra-parcelamentos-de-salarios\/#webpage","url":"https:\/\/www.jornalja.com.br\/arquivo\/sindicato-dos-municiparios-vai-recorrer-ao-mp-de-contas-contra-parcelamentos-de-salarios\/","name":"Sindicato dos Municip\u00e1rios vai recorrer ao MP contra parcelamentos de sal\u00e1rios | Arquivo","inLanguage":"pt-BR","isPartOf":{"@id":"https:\/\/www.jornalja.com.br\/arquivo\/#website"},"breadcrumb":{"@id":"https:\/\/www.jornalja.com.br\/arquivo\/sindicato-dos-municiparios-vai-recorrer-ao-mp-de-contas-contra-parcelamentos-de-salarios\/#breadcrumblist"},"author":{"@id":"https:\/\/www.jornalja.com.br\/arquivo\/author\/daredacao\/#author"},"creator":{"@id":"https:\/\/www.jornalja.com.br\/arquivo\/author\/daredacao\/#author"},"image":{"@type":"ImageObject","url":54561,"@id":"https:\/\/www.jornalja.com.br\/arquivo\/sindicato-dos-municiparios-vai-recorrer-ao-mp-de-contas-contra-parcelamentos-de-salarios\/#mainImage"},"primaryImageOfPage":{"@id":"https:\/\/www.jornalja.com.br\/arquivo\/sindicato-dos-municiparios-vai-recorrer-ao-mp-de-contas-contra-parcelamentos-de-salarios\/#mainImage"},"datePublished":"2017-09-01T00:09:43-03:00","dateModified":"2017-09-01T00:09:43-03:00"},{"@type":"WebSite","@id":"https:\/\/www.jornalja.com.br\/arquivo\/#website","url":"https:\/\/www.jornalja.com.br\/arquivo\/","name":"Arquivo","description":"Jornal J\u00c1 | Porto Alegre","inLanguage":"pt-BR","publisher":{"@id":"https:\/\/www.jornalja.com.br\/arquivo\/#organization"}}]},"og:locale":"pt_BR","og:site_name":"Arquivo | Jornal J\u00c1 | Porto Alegre","og:type":"article","og:title":"Sindicato dos Municip\u00e1rios vai recorrer ao MP contra parcelamentos de sal\u00e1rios | Arquivo","og:url":"https:\/\/www.jornalja.com.br\/arquivo\/sindicato-dos-municiparios-vai-recorrer-ao-mp-de-contas-contra-parcelamentos-de-salarios\/","og:image":"https:\/\/www.jornalja.com.br\/economics\/wp-content\/uploads\/sites\/11\/2026\/08\/ja-folhaderosto-facebook.jpg","og:image:secure_url":"https:\/\/www.jornalja.com.br\/economics\/wp-content\/uploads\/sites\/11\/2026\/08\/ja-folhaderosto-facebook.jpg","article:published_time":"2017-09-01T03:09:43+00:00","article:modified_time":"2017-09-01T03:09:43+00:00","twitter:card":"summary","twitter:title":"Sindicato dos Municip\u00e1rios vai recorrer ao MP contra parcelamentos de sal\u00e1rios | Arquivo","twitter:image":"https:\/\/www.jornalja.com.br\/economics\/wp-content\/uploads\/sites\/11\/2026\/08\/ja-folhaderosto-facebook.jpg"},"aioseo_meta_data":{"post_id":"54554","title":null,"description":null,"keywords":null,"keyphrases":null,"primary_term":null,"canonical_url":null,"og_title":null,"og_description":null,"og_object_type":"default","og_image_type":"default","og_image_url":null,"og_image_width":null,"og_image_height":null,"og_image_custom_url":null,"og_image_custom_fields":null,"og_video":null,"og_custom_url":null,"og_article_section":null,"og_article_tags":null,"twitter_use_og":false,"twitter_card":"default","twitter_image_type":"default","twitter_image_url":null,"twitter_image_custom_url":null,"twitter_image_custom_fields":null,"twitter_title":null,"twitter_description":null,"schema":{"blockGraphs":[],"customGraphs":[],"default":{"data":{"Article":[],"Course":[],"Dataset":[],"FAQPage":[],"Movie":[],"Person":[],"Product":[],"ProductReview":[],"Car":[],"Recipe":[],"Service":[],"SoftwareApplication":[],"WebPage":[]},"graphName":"","isEnabled":true},"graphs":[]},"schema_type":null,"schema_type_options":null,"pillar_content":false,"robots_default":true,"robots_noindex":false,"robots_noarchive":false,"robots_nosnippet":false,"robots_nofollow":false,"robots_noimageindex":false,"robots_noodp":false,"robots_notranslate":false,"robots_max_snippet":null,"robots_max_videopreview":null,"robots_max_imagepreview":"large","priority":null,"frequency":null,"location":null,"local_seo":null,"breadcrumb_settings":null,"limit_modified_date":false,"ai":null,"created":"2020-12-20 20:26:01","updated":"2025-07-20 00:47:31","seo_analyzer_scan_date":null,"focus_keyword":null,"additional_keywords":null,"truseo_locale":null},"jetpack_sharing_enabled":true,"jetpack-related-posts":[{"id":1280,"url":"https:\/\/www.jornalja.com.br\/arquivo\/o-menino-que-se-tornou-brizola\/","url_meta":{"origin":54554,"position":0},"title":"O Menino que se Tornou Brizola","author":"da Reda\u00e7\u00e3o","date":"28 de julho de 2008","format":false,"excerpt":"Autor: Cleber Dioni A vida de Leonel Brizola, com \u00eanfase para os primeiros anos em Porto Alegre, at\u00e9 o ex\u00edlio no Uruguai e a volta, quinze anos depois. \u00a0\"...\u00c9ramos todos jovens e nos identific\u00e1vamos com aquela massa an\u00f4nima a percorrer as ruas de Porto Alegre, gritando 'Get\u00falio', 'Get\u00falio' e empunhando\u2026","rel":"","context":"Em &quot;Livros&quot;","block_context":{"text":"Livros","link":"https:\/\/www.jornalja.com.br\/arquivo\/category\/livros\/"},"img":{"alt_text":"","src":"https:\/\/i0.wp.com\/www.jornalja.com.br\/wp-content\/uploads\/2008\/07\/brizola.gif?resize=350%2C200&ssl=1","width":350,"height":200},"classes":[]},{"id":13128,"url":"https:\/\/www.jornalja.com.br\/arquivo\/maconha-terra-diz-que-uso-medicinal-e-desculpa\/","url_meta":{"origin":54554,"position":1},"title":"Maconha: Terra diz que uso medicinal \u00e9 desculpa","author":"Patr\u00edcia Marini","date":"4 de junho de 2014","format":false,"excerpt":"A condi\u00e7\u00e3o de pol\u00edtico, em \u00e9poca de campanha de campanha eleitoral, tira for\u00e7a do discurso do m\u00e9dico Osmar Terra contra a legaliza\u00e7\u00e3o da maconha. A tese dele de que a libera\u00e7\u00e3o vai ampliar exponencialmente o consumo \u00e9 discutivel, o consumo \u00e9 corrente. Mas seus alertas quanto aos riscos tem que\u2026","rel":"","context":"Em &quot;X.Categorias velhas&quot;","block_context":{"text":"X.Categorias velhas","link":"https:\/\/www.jornalja.com.br\/arquivo\/category\/x-categorias-velhas\/"},"img":{"alt_text":"","src":"","width":0,"height":0},"classes":[]},{"id":5440,"url":"https:\/\/www.jornalja.com.br\/arquivo\/casarao-da-venancio-destino-permanece-incerto\/","url_meta":{"origin":54554,"position":2},"title":"Estado ainda n\u00e3o sabe o que fazer com casar\u00e3o abandonado h\u00e1 20 anos","author":"Elmar Bones","date":"6 de julho de 2009","format":false,"excerpt":"O casar\u00e3o amarelo, numa esquina nobre de Porto Alegre (Ven\u00e2ncio Aires com Jo\u00e3o Pessoa), j\u00e1 abrigou uma escola. H\u00e1 duas d\u00e9cadas, pelo menos, est\u00e1 abandonado, porque seu propriet\u00e1rio, o governo do Estado do Rio Grande do Sul, n\u00e3o consegue achar um destino para ele. Planos n\u00e3o faltaram. O governador Ol\u00edvio\u2026","rel":"","context":"Em &quot;X.Categorias velhas&quot;","block_context":{"text":"X.Categorias velhas","link":"https:\/\/www.jornalja.com.br\/arquivo\/category\/x-categorias-velhas\/"},"img":{"alt_text":"geraldo1","src":"https:\/\/i0.wp.com\/www.jornalja.com.br\/wp-content\/uploads\/2009\/07\/geraldo1.jpg?resize=350%2C200&ssl=1","width":350,"height":200},"classes":[]},{"id":13101,"url":"https:\/\/www.jornalja.com.br\/arquivo\/morre-um-guerreiro-do-texto\/","url_meta":{"origin":54554,"position":3},"title":"Morre um guerreiro do texto","author":"Patr\u00edcia Marini","date":"14 de maio de 2014","format":false,"excerpt":"Por Ricardo Kotscho Reproduzido do blog do autor, 11\/5\/2014; t\u00edtulo original \u201cE l\u00e1 se foi o nosso Myltainho, guerreiro do texto\u201d. Mi\u00fado e franzino, meu amigo Myltainho era um valente e inconformado guerreiro na luta contra as injusti\u00e7as sociais, a hipocrisia, as maracutaias, o autoritarismo, a intoler\u00e2ncia, a viol\u00eancia, o\u2026","rel":"","context":"Em &quot;Geral&quot;","block_context":{"text":"Geral","link":"https:\/\/www.jornalja.com.br\/arquivo\/category\/geral\/"},"img":{"alt_text":"","src":"","width":0,"height":0},"classes":[]},{"id":13240,"url":"https:\/\/www.jornalja.com.br\/arquivo\/plano-diretor-estamos-construindo-o-caos\/","url_meta":{"origin":54554,"position":4},"title":"Plano diretor: &quot;Estamos construindo o caos&quot;","author":"Patr\u00edcia Marini","date":"26 de maio de 2014","format":false,"excerpt":"Desabafo que arquiteta Eliana Castilhos, delegada da Regi\u00e3o de Planejamento 1, postou nas redes sociais \u00e9 um testemunho do ambiente que se criou no Conselho do Plano Diretor de Porto Alegre, onde a aprova\u00e7\u00e3o de grandes empreendimentos \u00e9 empurrada guela abaixo dos conselheiros. Ao CMDUA Como delegada da Regi\u00e3o de\u2026","rel":"","context":"Em &quot;Geral&quot;","block_context":{"text":"Geral","link":"https:\/\/www.jornalja.com.br\/arquivo\/category\/geral\/"},"img":{"alt_text":"","src":"","width":0,"height":0},"classes":[]},{"id":13239,"url":"https:\/\/www.jornalja.com.br\/arquivo\/conselho-desdenha-do-plano-diretor\/","url_meta":{"origin":54554,"position":5},"title":"Porto Alegre: Conselho detona Plano Diretor","author":"Patr\u00edcia Marini","date":"25 de maio de 2014","format":false,"excerpt":"Den\u00fancia do arquiteto e \u00a0urbanista Ibir\u00e1 Santos Lucas. Ele diz que os conselheiros est\u00e3o votando com \"enorme irresponsabilidade\". \"Mudam regime com a maior naturalidade,,,regularizam absurdos de constru\u00e7\u00f5es irregulares... \"O CMDUA est\u00e1 flexibilizando a lei do plano diretor, de uma forma impactante na vida da cidade. Mudam regime com a maior\u2026","rel":"","context":"Em &quot;Geral&quot;","block_context":{"text":"Geral","link":"https:\/\/www.jornalja.com.br\/arquivo\/category\/geral\/"},"img":{"alt_text":"","src":"","width":0,"height":0},"classes":[]}],"jetpack_shortlink":"https:\/\/wp.me\/pbQjBd-ebU","jetpack_featured_media_url":"","_links":{"self":[{"href":"https:\/\/www.jornalja.com.br\/arquivo\/wp-json\/wp\/v2\/posts\/54554","targetHints":{"allow":["GET"]}}],"collection":[{"href":"https:\/\/www.jornalja.com.br\/arquivo\/wp-json\/wp\/v2\/posts"}],"about":[{"href":"https:\/\/www.jornalja.com.br\/arquivo\/wp-json\/wp\/v2\/types\/post"}],"author":[{"embeddable":true,"href":"https:\/\/www.jornalja.com.br\/arquivo\/wp-json\/wp\/v2\/users\/4"}],"replies":[{"embeddable":true,"href":"https:\/\/www.jornalja.com.br\/arquivo\/wp-json\/wp\/v2\/comments?post=54554"}],"version-history":[{"count":0,"href":"https:\/\/www.jornalja.com.br\/arquivo\/wp-json\/wp\/v2\/posts\/54554\/revisions"}],"wp:attachment":[{"href":"https:\/\/www.jornalja.com.br\/arquivo\/wp-json\/wp\/v2\/media?parent=54554"}],"wp:term":[{"taxonomy":"category","embeddable":true,"href":"https:\/\/www.jornalja.com.br\/arquivo\/wp-json\/wp\/v2\/categories?post=54554"},{"taxonomy":"post_tag","embeddable":true,"href":"https:\/\/www.jornalja.com.br\/arquivo\/wp-json\/wp\/v2\/tags?post=54554"}],"curies":[{"name":"wp","href":"https:\/\/api.w.org\/{rel}","templated":true}]}}