{"id":54563,"date":"2017-09-01T00:06:23","date_gmt":"2017-09-01T03:06:23","guid":{"rendered":"https:\/\/www.jornalja.com.br\/?p=54563"},"modified":"2017-09-01T00:06:23","modified_gmt":"2017-09-01T03:06:23","slug":"secretaria-da-saude-proibe-venda-de-fatiados-da-marca-zaffari-apos-identificacao-de-bacteria","status":"publish","type":"post","link":"https:\/\/www.jornalja.com.br\/arquivo\/secretaria-da-saude-proibe-venda-de-fatiados-da-marca-zaffari-apos-identificacao-de-bacteria\/","title":{"rendered":"Secretaria da Sa\u00fade pro\u00edbe venda de fatiados da marca Zaffari ap\u00f3s identifica\u00e7\u00e3o de bact\u00e9ria"},"content":{"rendered":"<p>O que surgiu como um poss\u00edvel boato com \u00e1udios de Whatsapp se confirmou com a interdi\u00e7\u00e3o de venda nos balc\u00f5es de frios dos supermercados Zaffari e Bourbon. Uma bact\u00e9ria foi encontrada ap\u00f3s uma coleta de amostras dos produtos realizada na unidade de fatiamentos do Hipermercado Bourbon Assis Brasil e Bourbon Ipiranga.<br \/>\nA Prefeitura e o Governo do Estado lan\u00e7aram a seguinte nota:<br \/>\n<em>A Secretaria Municipal de Sa\u00fade de Porto Alegre e a Secretaria Estadual de Sa\u00fade do Rio Grande do Sul alertam toda a popula\u00e7\u00e3o, em especial gestantes e imunodeprimidos, para n\u00e3o consumir produtos j\u00e1 adquiridos de fiambreria fatiados da marca Zaffari. Foi encontrada bact\u00e9ria Listeria monocytogenes que pode causar danos \u00e0 sa\u00fade individual e coletiva. <\/em><br \/>\n<em> Os produtos j\u00e1 foram retirados de comercializa\u00e7\u00e3o e os Centros de Fatiamento e Distribui\u00e7\u00e3o da Marca envolvidos foram interditados pela pr\u00f3pria empresa at\u00e9 que se resolva a situa\u00e7\u00e3o. Nossas equipes de Vigil\u00e2ncia em Sa\u00fade seguem alertas acompanhando o caso e adotando as medidas necess\u00e1rias. Nesta sexta-feira,1,\u00e0s 10h, na Secretaria Estadual de Sa\u00fade, em coletiva, ambos secret\u00e1rios dar\u00e3o esclarecimentos adicionais.\u00a0 <\/em><br \/>\nJ\u00e1 o Grupo Zaffari se manifestou da seguinte forma:<br \/>\n<em>A empresa informa que, no dia 17 de agosto, foram feitas coletas de amostras de produtos na unidade de fatiamento localizada no hipermercado Bourbon Assis Brasil, e no hipermercado Bourbon Ipiranga, cujos resultados de an\u00e1lise ainda n\u00e3o foram comunicados \u00e0 empresa. <\/em><br \/>\n<em>Desde ent\u00e3o, preventivamente, foram intensificados os processos de higieniza\u00e7\u00e3o das \u00e1reas de produ\u00e7\u00e3o daquelas unidades, mediante ind\u00edcios de prov\u00e1vel presen\u00e7a de bact\u00e9ria.<\/em><br \/>\n<em>No dia de hoje (31), o Servi\u00e7o de Inspe\u00e7\u00e3o Municipal, por motivo de cautela, determinou a descontinuidade da produ\u00e7\u00e3o da unidade de fatiamento do Bourbon Assis Brasil. A empresa retirou os produtos que estavam dispon\u00edveis nas lojas abastecidas por ela (hipermercado Bourbon Assis Brasil e as lojas de pequeno porte de Porto Alegre), que a partir de amanh\u00e3 passar\u00e3o a atender os clientes com produtos fornecidos diretamente das ind\u00fastrias.<\/em><br \/>\n<em>Por iniciativa da empresa, a \u00e1rea de produ\u00e7\u00e3o de fatiados do hipermercado Bourbon Ipiranga teve sua produ\u00e7\u00e3o descontinuada como medida preventiva, enquanto aguarda o laudo oficial dos produtos coletados pela Vigil\u00e2ncia Sanit\u00e1ria.<\/em><\/p>\n","protected":false},"excerpt":{"rendered":"<p>O que surgiu como um poss\u00edvel boato com \u00e1udios de Whatsapp se confirmou com a interdi\u00e7\u00e3o de venda nos balc\u00f5es de frios dos supermercados Zaffari e Bourbon. Uma bact\u00e9ria foi encontrada ap\u00f3s uma coleta de amostras dos produtos realizada na unidade de fatiamentos do Hipermercado Bourbon Assis Brasil e Bourbon Ipiranga. A Prefeitura e o [&hellip;]<\/p>\n","protected":false},"author":4,"featured_media":54566,"comment_status":"open","ping_status":"closed","sticky":false,"template":"","format":"standard","meta":{"_jetpack_newsletter_access":"","_jetpack_dont_email_post_to_subs":false,"_jetpack_newsletter_tier_id":0,"_jetpack_memberships_contains_paywalled_content":false,"_jetpack_feature_clip_id":0,"_jetpack_memberships_contains_paid_content":false,"footnotes":"","jetpack_post_was_ever_published":false},"categories":[26],"tags":[],"class_list":["post-54563","post","type-post","status-publish","format-standard","has-post-thumbnail","hentry","category-geral"],"aioseo_notices":[],"aioseo_head":"\n\t\t<!-- All in One SEO 5.0.1.1 - aioseo.com -->\n\t<meta name=\"robots\" content=\"max-image-preview:large\" \/>\n\t<meta name=\"author\" content=\"da Reda\u00e7\u00e3o\"\/>\n\t<link rel=\"canonical\" href=\"https:\/\/www.jornalja.com.br\/arquivo\/secretaria-da-saude-proibe-venda-de-fatiados-da-marca-zaffari-apos-identificacao-de-bacteria\/\" \/>\n\t<meta name=\"generator\" content=\"All in One SEO (AIOSEO) 5.0.1.1\" \/>\n\t\t<meta property=\"og:locale\" content=\"pt_BR\" \/>\n\t\t<meta property=\"og:site_name\" content=\"Arquivo | Jornal J\u00c1 | Porto Alegre\" \/>\n\t\t<meta property=\"og:type\" content=\"article\" \/>\n\t\t<meta property=\"og:title\" content=\"Secretaria da Sa\u00fade pro\u00edbe venda de fatiados da marca Zaffari ap\u00f3s identifica\u00e7\u00e3o de bact\u00e9ria | Arquivo\" \/>\n\t\t<meta property=\"og:url\" content=\"https:\/\/www.jornalja.com.br\/arquivo\/secretaria-da-saude-proibe-venda-de-fatiados-da-marca-zaffari-apos-identificacao-de-bacteria\/\" \/>\n\t\t<meta property=\"og:image\" content=\"https:\/\/www.jornalja.com.br\/economics\/wp-content\/uploads\/sites\/11\/2026\/08\/ja-folhaderosto-facebook.jpg\" \/>\n\t\t<meta property=\"og:image:secure_url\" content=\"https:\/\/www.jornalja.com.br\/economics\/wp-content\/uploads\/sites\/11\/2026\/08\/ja-folhaderosto-facebook.jpg\" \/>\n\t\t<meta property=\"article:published_time\" content=\"2017-09-01T03:06:23+00:00\" \/>\n\t\t<meta property=\"article:modified_time\" content=\"2017-09-01T03:06:23+00:00\" \/>\n\t\t<meta name=\"twitter:card\" content=\"summary\" \/>\n\t\t<meta name=\"twitter:title\" content=\"Secretaria da Sa\u00fade pro\u00edbe venda de fatiados da marca Zaffari ap\u00f3s identifica\u00e7\u00e3o de bact\u00e9ria | Arquivo\" \/>\n\t\t<meta name=\"twitter:image\" content=\"https:\/\/www.jornalja.com.br\/economics\/wp-content\/uploads\/sites\/11\/2026\/08\/ja-folhaderosto-facebook.jpg\" \/>\n\t\t<script type=\"application\/ld+json\" class=\"aioseo-schema\">\n\t\t\t{\"@context\":\"https:\\\/\\\/schema.org\",\"@graph\":[{\"@type\":\"BlogPosting\",\"@id\":\"https:\\\/\\\/www.jornalja.com.br\\\/arquivo\\\/secretaria-da-saude-proibe-venda-de-fatiados-da-marca-zaffari-apos-identificacao-de-bacteria\\\/#blogposting\",\"name\":\"Secretaria da Sa\\u00fade pro\\u00edbe venda de fatiados da marca Zaffari ap\\u00f3s identifica\\u00e7\\u00e3o de bact\\u00e9ria | Arquivo\",\"headline\":\"Secretaria da Sa\\u00fade pro\\u00edbe venda de fatiados da marca Zaffari ap\\u00f3s identifica\\u00e7\\u00e3o de bact\\u00e9ria\",\"author\":{\"@id\":\"https:\\\/\\\/www.jornalja.com.br\\\/arquivo\\\/author\\\/daredacao\\\/#author\"},\"publisher\":{\"@id\":\"https:\\\/\\\/www.jornalja.com.br\\\/arquivo\\\/#organization\"},\"image\":{\"@type\":\"ImageObject\",\"url\":54566},\"datePublished\":\"2017-09-01T00:06:23-03:00\",\"dateModified\":\"2017-09-01T00:06:23-03:00\",\"inLanguage\":\"pt-BR\",\"mainEntityOfPage\":{\"@id\":\"https:\\\/\\\/www.jornalja.com.br\\\/arquivo\\\/secretaria-da-saude-proibe-venda-de-fatiados-da-marca-zaffari-apos-identificacao-de-bacteria\\\/#webpage\"},\"isPartOf\":{\"@id\":\"https:\\\/\\\/www.jornalja.com.br\\\/arquivo\\\/secretaria-da-saude-proibe-venda-de-fatiados-da-marca-zaffari-apos-identificacao-de-bacteria\\\/#webpage\"},\"articleSection\":\"Geral\"},{\"@type\":\"BreadcrumbList\",\"@id\":\"https:\\\/\\\/www.jornalja.com.br\\\/arquivo\\\/secretaria-da-saude-proibe-venda-de-fatiados-da-marca-zaffari-apos-identificacao-de-bacteria\\\/#breadcrumblist\",\"itemListElement\":[{\"@type\":\"ListItem\",\"@id\":\"https:\\\/\\\/www.jornalja.com.br\\\/arquivo#listItem\",\"position\":1,\"name\":\"Home\",\"item\":\"https:\\\/\\\/www.jornalja.com.br\\\/arquivo\",\"nextItem\":{\"@type\":\"ListItem\",\"@id\":\"https:\\\/\\\/www.jornalja.com.br\\\/arquivo\\\/category\\\/geral\\\/#listItem\",\"name\":\"Geral\"}},{\"@type\":\"ListItem\",\"@id\":\"https:\\\/\\\/www.jornalja.com.br\\\/arquivo\\\/category\\\/geral\\\/#listItem\",\"position\":2,\"name\":\"Geral\",\"item\":\"https:\\\/\\\/www.jornalja.com.br\\\/arquivo\\\/category\\\/geral\\\/\",\"nextItem\":{\"@type\":\"ListItem\",\"@id\":\"https:\\\/\\\/www.jornalja.com.br\\\/arquivo\\\/secretaria-da-saude-proibe-venda-de-fatiados-da-marca-zaffari-apos-identificacao-de-bacteria\\\/#listItem\",\"name\":\"Secretaria da Sa\\u00fade pro\\u00edbe venda de fatiados da marca Zaffari ap\\u00f3s identifica\\u00e7\\u00e3o de bact\\u00e9ria\"},\"previousItem\":{\"@type\":\"ListItem\",\"@id\":\"https:\\\/\\\/www.jornalja.com.br\\\/arquivo#listItem\",\"name\":\"Home\"}},{\"@type\":\"ListItem\",\"@id\":\"https:\\\/\\\/www.jornalja.com.br\\\/arquivo\\\/secretaria-da-saude-proibe-venda-de-fatiados-da-marca-zaffari-apos-identificacao-de-bacteria\\\/#listItem\",\"position\":3,\"name\":\"Secretaria da Sa\\u00fade pro\\u00edbe venda de fatiados da marca Zaffari ap\\u00f3s identifica\\u00e7\\u00e3o de bact\\u00e9ria\",\"previousItem\":{\"@type\":\"ListItem\",\"@id\":\"https:\\\/\\\/www.jornalja.com.br\\\/arquivo\\\/category\\\/geral\\\/#listItem\",\"name\":\"Geral\"}}]},{\"@type\":\"Organization\",\"@id\":\"https:\\\/\\\/www.jornalja.com.br\\\/arquivo\\\/#organization\",\"name\":\"Jornal J\\u00c1\",\"description\":\"Jornal J\\u00c1 | Porto Alegre\",\"url\":\"https:\\\/\\\/www.jornalja.com.br\\\/arquivo\\\/\",\"telephone\":\"+555133307272\",\"logo\":{\"@type\":\"ImageObject\",\"url\":\"https:\\\/\\\/www.jornalja.com.br\\\/wp-content\\\/uploads\\\/cards\\\/JAslogan.png\",\"@id\":\"https:\\\/\\\/www.jornalja.com.br\\\/arquivo\\\/secretaria-da-saude-proibe-venda-de-fatiados-da-marca-zaffari-apos-identificacao-de-bacteria\\\/#organizationLogo\"},\"image\":{\"@id\":\"https:\\\/\\\/www.jornalja.com.br\\\/arquivo\\\/secretaria-da-saude-proibe-venda-de-fatiados-da-marca-zaffari-apos-identificacao-de-bacteria\\\/#organizationLogo\"}},{\"@type\":\"Person\",\"@id\":\"https:\\\/\\\/www.jornalja.com.br\\\/arquivo\\\/author\\\/daredacao\\\/#author\",\"url\":\"https:\\\/\\\/www.jornalja.com.br\\\/arquivo\\\/author\\\/daredacao\\\/\",\"name\":\"da Reda\\u00e7\\u00e3o\",\"image\":{\"@type\":\"ImageObject\",\"@id\":\"https:\\\/\\\/www.jornalja.com.br\\\/arquivo\\\/secretaria-da-saude-proibe-venda-de-fatiados-da-marca-zaffari-apos-identificacao-de-bacteria\\\/#authorImage\",\"url\":\"https:\\\/\\\/secure.gravatar.com\\\/avatar\\\/469fd857d6605ad19919d27ed29d35a968a25f6e8fd9318356bbb7f57aae9c65?s=96&d=mm&r=g\",\"width\":96,\"height\":96,\"caption\":\"da Reda\\u00e7\\u00e3o\"}},{\"@type\":\"WebPage\",\"@id\":\"https:\\\/\\\/www.jornalja.com.br\\\/arquivo\\\/secretaria-da-saude-proibe-venda-de-fatiados-da-marca-zaffari-apos-identificacao-de-bacteria\\\/#webpage\",\"url\":\"https:\\\/\\\/www.jornalja.com.br\\\/arquivo\\\/secretaria-da-saude-proibe-venda-de-fatiados-da-marca-zaffari-apos-identificacao-de-bacteria\\\/\",\"name\":\"Secretaria da Sa\\u00fade pro\\u00edbe venda de fatiados da marca Zaffari ap\\u00f3s identifica\\u00e7\\u00e3o de bact\\u00e9ria | Arquivo\",\"inLanguage\":\"pt-BR\",\"isPartOf\":{\"@id\":\"https:\\\/\\\/www.jornalja.com.br\\\/arquivo\\\/#website\"},\"breadcrumb\":{\"@id\":\"https:\\\/\\\/www.jornalja.com.br\\\/arquivo\\\/secretaria-da-saude-proibe-venda-de-fatiados-da-marca-zaffari-apos-identificacao-de-bacteria\\\/#breadcrumblist\"},\"author\":{\"@id\":\"https:\\\/\\\/www.jornalja.com.br\\\/arquivo\\\/author\\\/daredacao\\\/#author\"},\"creator\":{\"@id\":\"https:\\\/\\\/www.jornalja.com.br\\\/arquivo\\\/author\\\/daredacao\\\/#author\"},\"image\":{\"@type\":\"ImageObject\",\"url\":54566,\"@id\":\"https:\\\/\\\/www.jornalja.com.br\\\/arquivo\\\/secretaria-da-saude-proibe-venda-de-fatiados-da-marca-zaffari-apos-identificacao-de-bacteria\\\/#mainImage\"},\"primaryImageOfPage\":{\"@id\":\"https:\\\/\\\/www.jornalja.com.br\\\/arquivo\\\/secretaria-da-saude-proibe-venda-de-fatiados-da-marca-zaffari-apos-identificacao-de-bacteria\\\/#mainImage\"},\"datePublished\":\"2017-09-01T00:06:23-03:00\",\"dateModified\":\"2017-09-01T00:06:23-03:00\"},{\"@type\":\"WebSite\",\"@id\":\"https:\\\/\\\/www.jornalja.com.br\\\/arquivo\\\/#website\",\"url\":\"https:\\\/\\\/www.jornalja.com.br\\\/arquivo\\\/\",\"name\":\"Arquivo\",\"description\":\"Jornal J\\u00c1 | Porto Alegre\",\"inLanguage\":\"pt-BR\",\"publisher\":{\"@id\":\"https:\\\/\\\/www.jornalja.com.br\\\/arquivo\\\/#organization\"}}]}\n\t\t<\/script>\n\t\t<!-- All in One SEO -->\n\n","aioseo_head_json":{"title":"Secretaria da Sa\u00fade pro\u00edbe venda de fatiados da marca Zaffari ap\u00f3s identifica\u00e7\u00e3o de bact\u00e9ria | Arquivo","description":"","canonical_url":"https:\/\/www.jornalja.com.br\/arquivo\/secretaria-da-saude-proibe-venda-de-fatiados-da-marca-zaffari-apos-identificacao-de-bacteria\/","robots":"max-image-preview:large","keywords":"","webmasterTools":{"miscellaneous":""},"schema":{"@context":"https:\/\/schema.org","@graph":[{"@type":"BlogPosting","@id":"https:\/\/www.jornalja.com.br\/arquivo\/secretaria-da-saude-proibe-venda-de-fatiados-da-marca-zaffari-apos-identificacao-de-bacteria\/#blogposting","name":"Secretaria da Sa\u00fade pro\u00edbe venda de fatiados da marca Zaffari ap\u00f3s identifica\u00e7\u00e3o de bact\u00e9ria | Arquivo","headline":"Secretaria da Sa\u00fade pro\u00edbe venda de fatiados da marca Zaffari ap\u00f3s identifica\u00e7\u00e3o de bact\u00e9ria","author":{"@id":"https:\/\/www.jornalja.com.br\/arquivo\/author\/daredacao\/#author"},"publisher":{"@id":"https:\/\/www.jornalja.com.br\/arquivo\/#organization"},"image":{"@type":"ImageObject","url":54566},"datePublished":"2017-09-01T00:06:23-03:00","dateModified":"2017-09-01T00:06:23-03:00","inLanguage":"pt-BR","mainEntityOfPage":{"@id":"https:\/\/www.jornalja.com.br\/arquivo\/secretaria-da-saude-proibe-venda-de-fatiados-da-marca-zaffari-apos-identificacao-de-bacteria\/#webpage"},"isPartOf":{"@id":"https:\/\/www.jornalja.com.br\/arquivo\/secretaria-da-saude-proibe-venda-de-fatiados-da-marca-zaffari-apos-identificacao-de-bacteria\/#webpage"},"articleSection":"Geral"},{"@type":"BreadcrumbList","@id":"https:\/\/www.jornalja.com.br\/arquivo\/secretaria-da-saude-proibe-venda-de-fatiados-da-marca-zaffari-apos-identificacao-de-bacteria\/#breadcrumblist","itemListElement":[{"@type":"ListItem","@id":"https:\/\/www.jornalja.com.br\/arquivo#listItem","position":1,"name":"Home","item":"https:\/\/www.jornalja.com.br\/arquivo","nextItem":{"@type":"ListItem","@id":"https:\/\/www.jornalja.com.br\/arquivo\/category\/geral\/#listItem","name":"Geral"}},{"@type":"ListItem","@id":"https:\/\/www.jornalja.com.br\/arquivo\/category\/geral\/#listItem","position":2,"name":"Geral","item":"https:\/\/www.jornalja.com.br\/arquivo\/category\/geral\/","nextItem":{"@type":"ListItem","@id":"https:\/\/www.jornalja.com.br\/arquivo\/secretaria-da-saude-proibe-venda-de-fatiados-da-marca-zaffari-apos-identificacao-de-bacteria\/#listItem","name":"Secretaria da Sa\u00fade pro\u00edbe venda de fatiados da marca Zaffari ap\u00f3s identifica\u00e7\u00e3o de bact\u00e9ria"},"previousItem":{"@type":"ListItem","@id":"https:\/\/www.jornalja.com.br\/arquivo#listItem","name":"Home"}},{"@type":"ListItem","@id":"https:\/\/www.jornalja.com.br\/arquivo\/secretaria-da-saude-proibe-venda-de-fatiados-da-marca-zaffari-apos-identificacao-de-bacteria\/#listItem","position":3,"name":"Secretaria da Sa\u00fade pro\u00edbe venda de fatiados da marca Zaffari ap\u00f3s identifica\u00e7\u00e3o de bact\u00e9ria","previousItem":{"@type":"ListItem","@id":"https:\/\/www.jornalja.com.br\/arquivo\/category\/geral\/#listItem","name":"Geral"}}]},{"@type":"Organization","@id":"https:\/\/www.jornalja.com.br\/arquivo\/#organization","name":"Jornal J\u00c1","description":"Jornal J\u00c1 | Porto Alegre","url":"https:\/\/www.jornalja.com.br\/arquivo\/","telephone":"+555133307272","logo":{"@type":"ImageObject","url":"https:\/\/www.jornalja.com.br\/wp-content\/uploads\/cards\/JAslogan.png","@id":"https:\/\/www.jornalja.com.br\/arquivo\/secretaria-da-saude-proibe-venda-de-fatiados-da-marca-zaffari-apos-identificacao-de-bacteria\/#organizationLogo"},"image":{"@id":"https:\/\/www.jornalja.com.br\/arquivo\/secretaria-da-saude-proibe-venda-de-fatiados-da-marca-zaffari-apos-identificacao-de-bacteria\/#organizationLogo"}},{"@type":"Person","@id":"https:\/\/www.jornalja.com.br\/arquivo\/author\/daredacao\/#author","url":"https:\/\/www.jornalja.com.br\/arquivo\/author\/daredacao\/","name":"da Reda\u00e7\u00e3o","image":{"@type":"ImageObject","@id":"https:\/\/www.jornalja.com.br\/arquivo\/secretaria-da-saude-proibe-venda-de-fatiados-da-marca-zaffari-apos-identificacao-de-bacteria\/#authorImage","url":"https:\/\/secure.gravatar.com\/avatar\/469fd857d6605ad19919d27ed29d35a968a25f6e8fd9318356bbb7f57aae9c65?s=96&d=mm&r=g","width":96,"height":96,"caption":"da Reda\u00e7\u00e3o"}},{"@type":"WebPage","@id":"https:\/\/www.jornalja.com.br\/arquivo\/secretaria-da-saude-proibe-venda-de-fatiados-da-marca-zaffari-apos-identificacao-de-bacteria\/#webpage","url":"https:\/\/www.jornalja.com.br\/arquivo\/secretaria-da-saude-proibe-venda-de-fatiados-da-marca-zaffari-apos-identificacao-de-bacteria\/","name":"Secretaria da Sa\u00fade pro\u00edbe venda de fatiados da marca Zaffari ap\u00f3s identifica\u00e7\u00e3o de bact\u00e9ria | Arquivo","inLanguage":"pt-BR","isPartOf":{"@id":"https:\/\/www.jornalja.com.br\/arquivo\/#website"},"breadcrumb":{"@id":"https:\/\/www.jornalja.com.br\/arquivo\/secretaria-da-saude-proibe-venda-de-fatiados-da-marca-zaffari-apos-identificacao-de-bacteria\/#breadcrumblist"},"author":{"@id":"https:\/\/www.jornalja.com.br\/arquivo\/author\/daredacao\/#author"},"creator":{"@id":"https:\/\/www.jornalja.com.br\/arquivo\/author\/daredacao\/#author"},"image":{"@type":"ImageObject","url":54566,"@id":"https:\/\/www.jornalja.com.br\/arquivo\/secretaria-da-saude-proibe-venda-de-fatiados-da-marca-zaffari-apos-identificacao-de-bacteria\/#mainImage"},"primaryImageOfPage":{"@id":"https:\/\/www.jornalja.com.br\/arquivo\/secretaria-da-saude-proibe-venda-de-fatiados-da-marca-zaffari-apos-identificacao-de-bacteria\/#mainImage"},"datePublished":"2017-09-01T00:06:23-03:00","dateModified":"2017-09-01T00:06:23-03:00"},{"@type":"WebSite","@id":"https:\/\/www.jornalja.com.br\/arquivo\/#website","url":"https:\/\/www.jornalja.com.br\/arquivo\/","name":"Arquivo","description":"Jornal J\u00c1 | Porto Alegre","inLanguage":"pt-BR","publisher":{"@id":"https:\/\/www.jornalja.com.br\/arquivo\/#organization"}}]},"og:locale":"pt_BR","og:site_name":"Arquivo | Jornal J\u00c1 | Porto Alegre","og:type":"article","og:title":"Secretaria da Sa\u00fade pro\u00edbe venda de fatiados da marca Zaffari ap\u00f3s identifica\u00e7\u00e3o de bact\u00e9ria | Arquivo","og:url":"https:\/\/www.jornalja.com.br\/arquivo\/secretaria-da-saude-proibe-venda-de-fatiados-da-marca-zaffari-apos-identificacao-de-bacteria\/","og:image":"https:\/\/www.jornalja.com.br\/economics\/wp-content\/uploads\/sites\/11\/2026\/08\/ja-folhaderosto-facebook.jpg","og:image:secure_url":"https:\/\/www.jornalja.com.br\/economics\/wp-content\/uploads\/sites\/11\/2026\/08\/ja-folhaderosto-facebook.jpg","article:published_time":"2017-09-01T03:06:23+00:00","article:modified_time":"2017-09-01T03:06:23+00:00","twitter:card":"summary","twitter:title":"Secretaria da Sa\u00fade pro\u00edbe venda de fatiados da marca Zaffari ap\u00f3s identifica\u00e7\u00e3o de bact\u00e9ria | Arquivo","twitter:image":"https:\/\/www.jornalja.com.br\/economics\/wp-content\/uploads\/sites\/11\/2026\/08\/ja-folhaderosto-facebook.jpg"},"aioseo_meta_data":{"post_id":"54563","title":null,"description":null,"keywords":null,"keyphrases":null,"primary_term":null,"canonical_url":null,"og_title":null,"og_description":null,"og_object_type":"default","og_image_type":"default","og_image_url":null,"og_image_width":null,"og_image_height":null,"og_image_custom_url":null,"og_image_custom_fields":null,"og_video":null,"og_custom_url":null,"og_article_section":null,"og_article_tags":null,"twitter_use_og":false,"twitter_card":"default","twitter_image_type":"default","twitter_image_url":null,"twitter_image_custom_url":null,"twitter_image_custom_fields":null,"twitter_title":null,"twitter_description":null,"schema":{"blockGraphs":[],"customGraphs":[],"default":{"data":{"Article":[],"Course":[],"Dataset":[],"FAQPage":[],"Movie":[],"Person":[],"Product":[],"ProductReview":[],"Car":[],"Recipe":[],"Service":[],"SoftwareApplication":[],"WebPage":[]},"graphName":"","isEnabled":true},"graphs":[]},"schema_type":null,"schema_type_options":null,"pillar_content":false,"robots_default":true,"robots_noindex":false,"robots_noarchive":false,"robots_nosnippet":false,"robots_nofollow":false,"robots_noimageindex":false,"robots_noodp":false,"robots_notranslate":false,"robots_max_snippet":null,"robots_max_videopreview":null,"robots_max_imagepreview":"large","priority":null,"frequency":null,"location":null,"local_seo":null,"breadcrumb_settings":null,"limit_modified_date":false,"ai":null,"created":"2020-12-20 20:26:01","updated":"2025-07-20 00:47:31","seo_analyzer_scan_date":null,"focus_keyword":null,"additional_keywords":null,"truseo_locale":null},"jetpack_sharing_enabled":true,"jetpack-related-posts":[{"id":13124,"url":"https:\/\/www.jornalja.com.br\/arquivo\/sangue-latino-no-iecine\/","url_meta":{"origin":54563,"position":0},"title":"Sangue latino no IECINE","author":"da Reda\u00e7\u00e3o","date":"18 de maio de 2014","format":false,"excerpt":"Francisco Ribeiro O Instituto Estadual de Cinema (IECINE) tem a frente, desde abril \u00faltimo, um novo diretor, o cineasta colombiano Juan Zapata, 36, que substitui Luiz Alberto Cassol. Radicado h\u00e1 dez anos em Porto Alegre, Zapata tem diante de si o desafio de conduzir at\u00e9 o final do ano um\u2026","rel":"","context":"Em &quot;Cultura-Geral&quot;","block_context":{"text":"Cultura-Geral","link":"https:\/\/www.jornalja.com.br\/arquivo\/category\/materiasecundaria\/"},"img":{"alt_text":"","src":"","width":0,"height":0},"classes":[]},{"id":13101,"url":"https:\/\/www.jornalja.com.br\/arquivo\/morre-um-guerreiro-do-texto\/","url_meta":{"origin":54563,"position":1},"title":"Morre um guerreiro do texto","author":"Patr\u00edcia Marini","date":"14 de maio de 2014","format":false,"excerpt":"Por Ricardo Kotscho Reproduzido do blog do autor, 11\/5\/2014; t\u00edtulo original \u201cE l\u00e1 se foi o nosso Myltainho, guerreiro do texto\u201d. Mi\u00fado e franzino, meu amigo Myltainho era um valente e inconformado guerreiro na luta contra as injusti\u00e7as sociais, a hipocrisia, as maracutaias, o autoritarismo, a intoler\u00e2ncia, a viol\u00eancia, o\u2026","rel":"","context":"Em &quot;Geral&quot;","block_context":{"text":"Geral","link":"https:\/\/www.jornalja.com.br\/arquivo\/category\/geral\/"},"img":{"alt_text":"","src":"","width":0,"height":0},"classes":[]},{"id":13240,"url":"https:\/\/www.jornalja.com.br\/arquivo\/plano-diretor-estamos-construindo-o-caos\/","url_meta":{"origin":54563,"position":2},"title":"Plano diretor: &quot;Estamos construindo o caos&quot;","author":"Patr\u00edcia Marini","date":"26 de maio de 2014","format":false,"excerpt":"Desabafo que arquiteta Eliana Castilhos, delegada da Regi\u00e3o de Planejamento 1, postou nas redes sociais \u00e9 um testemunho do ambiente que se criou no Conselho do Plano Diretor de Porto Alegre, onde a aprova\u00e7\u00e3o de grandes empreendimentos \u00e9 empurrada guela abaixo dos conselheiros. Ao CMDUA Como delegada da Regi\u00e3o de\u2026","rel":"","context":"Em &quot;Geral&quot;","block_context":{"text":"Geral","link":"https:\/\/www.jornalja.com.br\/arquivo\/category\/geral\/"},"img":{"alt_text":"","src":"","width":0,"height":0},"classes":[]},{"id":13109,"url":"https:\/\/www.jornalja.com.br\/arquivo\/judiciario-reconhece-poluicao-eletromagnetica\/","url_meta":{"origin":54563,"position":3},"title":"Judici\u00e1rio reconhece polui\u00e7\u00e3o eletromagn\u00e9tica","author":"Patr\u00edcia Marini","date":"16 de maio de 2014","format":false,"excerpt":"A\u00e7\u00e3o de duas associa\u00e7\u00f5es de moradores foi acolhida pelo Tribunal de Justi\u00e7a de S\u00e3o Paulo que. em decis\u00e3o in\u00e9dita, determinou a redu\u00e7\u00e3o do campo eletromagn\u00e9tico gerado pelas linhas de transmiss\u00e3o de energia que cortam os bairros City Boa\u00e7ava e Alto de Pinheiros. \u00c9 a primeira vez que um tribunal do\u2026","rel":"","context":"Em &quot;X.Categorias velhas&quot;","block_context":{"text":"X.Categorias velhas","link":"https:\/\/www.jornalja.com.br\/arquivo\/category\/x-categorias-velhas\/"},"img":{"alt_text":"","src":"","width":0,"height":0},"classes":[]},{"id":13128,"url":"https:\/\/www.jornalja.com.br\/arquivo\/maconha-terra-diz-que-uso-medicinal-e-desculpa\/","url_meta":{"origin":54563,"position":4},"title":"Maconha: Terra diz que uso medicinal \u00e9 desculpa","author":"Patr\u00edcia Marini","date":"4 de junho de 2014","format":false,"excerpt":"A condi\u00e7\u00e3o de pol\u00edtico, em \u00e9poca de campanha de campanha eleitoral, tira for\u00e7a do discurso do m\u00e9dico Osmar Terra contra a legaliza\u00e7\u00e3o da maconha. A tese dele de que a libera\u00e7\u00e3o vai ampliar exponencialmente o consumo \u00e9 discutivel, o consumo \u00e9 corrente. Mas seus alertas quanto aos riscos tem que\u2026","rel":"","context":"Em &quot;X.Categorias velhas&quot;","block_context":{"text":"X.Categorias velhas","link":"https:\/\/www.jornalja.com.br\/arquivo\/category\/x-categorias-velhas\/"},"img":{"alt_text":"","src":"","width":0,"height":0},"classes":[]},{"id":5440,"url":"https:\/\/www.jornalja.com.br\/arquivo\/casarao-da-venancio-destino-permanece-incerto\/","url_meta":{"origin":54563,"position":5},"title":"Estado ainda n\u00e3o sabe o que fazer com casar\u00e3o abandonado h\u00e1 20 anos","author":"Elmar Bones","date":"6 de julho de 2009","format":false,"excerpt":"O casar\u00e3o amarelo, numa esquina nobre de Porto Alegre (Ven\u00e2ncio Aires com Jo\u00e3o Pessoa), j\u00e1 abrigou uma escola. H\u00e1 duas d\u00e9cadas, pelo menos, est\u00e1 abandonado, porque seu propriet\u00e1rio, o governo do Estado do Rio Grande do Sul, n\u00e3o consegue achar um destino para ele. Planos n\u00e3o faltaram. O governador Ol\u00edvio\u2026","rel":"","context":"Em &quot;X.Categorias velhas&quot;","block_context":{"text":"X.Categorias velhas","link":"https:\/\/www.jornalja.com.br\/arquivo\/category\/x-categorias-velhas\/"},"img":{"alt_text":"geraldo1","src":"https:\/\/i0.wp.com\/www.jornalja.com.br\/wp-content\/uploads\/2009\/07\/geraldo1.jpg?resize=350%2C200&ssl=1","width":350,"height":200},"classes":[]}],"jetpack_shortlink":"https:\/\/wp.me\/pbQjBd-ec3","jetpack_featured_media_url":"","_links":{"self":[{"href":"https:\/\/www.jornalja.com.br\/arquivo\/wp-json\/wp\/v2\/posts\/54563","targetHints":{"allow":["GET"]}}],"collection":[{"href":"https:\/\/www.jornalja.com.br\/arquivo\/wp-json\/wp\/v2\/posts"}],"about":[{"href":"https:\/\/www.jornalja.com.br\/arquivo\/wp-json\/wp\/v2\/types\/post"}],"author":[{"embeddable":true,"href":"https:\/\/www.jornalja.com.br\/arquivo\/wp-json\/wp\/v2\/users\/4"}],"replies":[{"embeddable":true,"href":"https:\/\/www.jornalja.com.br\/arquivo\/wp-json\/wp\/v2\/comments?post=54563"}],"version-history":[{"count":0,"href":"https:\/\/www.jornalja.com.br\/arquivo\/wp-json\/wp\/v2\/posts\/54563\/revisions"}],"wp:attachment":[{"href":"https:\/\/www.jornalja.com.br\/arquivo\/wp-json\/wp\/v2\/media?parent=54563"}],"wp:term":[{"taxonomy":"category","embeddable":true,"href":"https:\/\/www.jornalja.com.br\/arquivo\/wp-json\/wp\/v2\/categories?post=54563"},{"taxonomy":"post_tag","embeddable":true,"href":"https:\/\/www.jornalja.com.br\/arquivo\/wp-json\/wp\/v2\/tags?post=54563"}],"curies":[{"name":"wp","href":"https:\/\/api.w.org\/{rel}","templated":true}]}}