{"id":54580,"date":"2017-09-01T15:46:48","date_gmt":"2017-09-01T18:46:48","guid":{"rendered":"https:\/\/www.jornalja.com.br\/?p=54580"},"modified":"2017-09-01T15:46:48","modified_gmt":"2017-09-01T18:46:48","slug":"triste-realidade","status":"publish","type":"post","link":"https:\/\/www.jornalja.com.br\/arquivo\/triste-realidade\/","title":{"rendered":"Triste realidade"},"content":{"rendered":"<p><span class=\"assina\"><em>Yeda Crusius*<\/em><\/span><br \/>\nEntra ano, sai ano, e a realidade n\u00e3o muda para a mulher brasileira nas estat\u00edsticas da viol\u00eancia. Ali\u00e1s, piora. Fiz quest\u00e3o de escrever este artigo no dia 31, porque \u00e9 nele que se encerra a campanha \u201c<a href=\"http:\/\/g1.globo.com\/se\/sergipe\/bom-dia-sergipe\/videos\/v\/agosto-lilas-e-tema-de-acao-de-violencia-contra-a-mulher\/6068785\/\" data-saferedirecturl=\"http:\/\/www.google.com\/url?hl=pt-BR&amp;q=http:\/\/g1.globo.com\/se\/sergipe\/bom-dia-sergipe\/videos\/v\/agosto-lilas-e-tema-de-acao-de-violencia-contra-a-mulher\/6068785\/&amp;source=gmail&amp;ust=1504355623427000&amp;usg=AFQjCNEmE-Y2BS9fVTpo9kJdDEOLA-GItQ\">Agosto Lil\u00e1s<\/a>\u201d, de conscientiza\u00e7\u00e3o e combate \u00e0 viol\u00eancia de g\u00eanero, j\u00e1 em 12\u00aa edi\u00e7\u00e3o.<br \/>\nAs campanhas est\u00e3o na rua, temos uma legisla\u00e7\u00e3o celebrada no mundo inteiro, a Lei Maria da Penha, e no calend\u00e1rio existem sete dias dedicados nacional e\/ou internacionalmente \u00e0 luta contra a viol\u00eancia e a explora\u00e7\u00e3o e abuso sexual da mulher. E, no entanto, nunca morremos tanto.<br \/>\nSempre digo, e reitero: o Brasil da viol\u00eancia trata muito mal seu povo, em especial seus jovens e suas mulheres. Em 2016 houve no pa\u00eds um estupro coletivo a cada <a href=\"http:\/\/g1.globo.com\/distrito-federal\/noticia\/brasil-teve-um-estupro-coletivo-a-cada-2-horas-e-meia-em-2016-numero-cresceu-124-em-5-anos.ghtml\" data-saferedirecturl=\"http:\/\/www.google.com\/url?hl=pt-BR&amp;q=http:\/\/g1.globo.com\/distrito-federal\/noticia\/brasil-teve-um-estupro-coletivo-a-cada-2-horas-e-meia-em-2016-numero-cresceu-124-em-5-anos.ghtml&amp;source=gmail&amp;ust=1504355623427000&amp;usg=AFQjCNHAUJlAzxr5vZdX3hHBf82FLUqzIA\">2 horas e meia<\/a> &#8211; um aumento de 124% nos \u00faltimos 5 anos \u2013 , com Acre, Tocantins e Distrito Federal liderando o ranking. Por aqui se mata uma mulher a cada 90 minutos, <a href=\"http:\/\/www.unifesp.br\/edicao-atual-entrementes\/item\/2266-brasil-e-o-5-pais-que-mais-mata-mulheres\" data-saferedirecturl=\"http:\/\/www.google.com\/url?hl=pt-BR&amp;q=http:\/\/www.unifesp.br\/edicao-atual-entrementes\/item\/2266-brasil-e-o-5-pais-que-mais-mata-mulheres&amp;source=gmail&amp;ust=1504355623428000&amp;usg=AFQjCNHX_2kWKA6fRIdPnHXZiLnVDxBjpQ\">somos o 5\u00ba pa\u00eds que mais assassina mulheres no mundo<\/a>, e nesse quesito os campe\u00f5es s\u00e3o Esp\u00edrito Santo e Bahia.<br \/>\nSe a legisla\u00e7\u00e3o existe, \u00e9 efetiva, e os n\u00fameros da viol\u00eancia n\u00e3o param de crescer \u00e9 porque alguma coisa est\u00e1 faltando e a meu ver, faltam duas, no que deveria ser um trip\u00e9 no combate para redu\u00e7\u00e3o do feminic\u00eddio e demais crimes de g\u00eanero. As puni\u00e7\u00f5es previstas na lei precisam ser mais severas, hoje um crime de latroc\u00ednio recebe pena maior do que o assassinato em fun\u00e7\u00e3o de g\u00eanero, o que \u00e9 inaceit\u00e1vel. Nenhum bem material vale mais do que a vida. O acolhimento \u00e0s v\u00edtimas de viol\u00eancia dom\u00e9stica deve ser mais eficiente, porque s\u00e3o elas que morrem normalmente pelas m\u00e3os de seus parceiros, ou ex companheiros. N\u00e3o basta registrar a agress\u00e3o se elas voltam para casa, no mesmo ambiente da agress\u00e3o.<br \/>\nPor \u00faltimo, o mais importante: \u00e9 preciso investir na forma\u00e7\u00e3o dos homens e mulheres do futuro. Incluir na grade escolar das redes municipal, estadual e federal de ensino a disciplina de igualdade de g\u00eanero e combate \u00e0 viol\u00eancia contra a mulher. Transformar a maneira como os homens enxergam as mulheres \u00e9 essencial, e isso s\u00f3 vai mudar se for trabalhada a cultura da viol\u00eancia desde a inf\u00e2ncia, ensinando-se o que \u00e9 a cultura da paz.<br \/>\nH\u00e1 outras viol\u00eancias que sofremos no cotidiano, tais como: sal\u00e1rios 30% menores para mulheres que exercem o mesmo cargo que um homem. Todas sabemos que as b<a href=\"http:\/\/www.brasil.gov.br\/cidadania-e-justica\/2017\/03\/brasileiras-estudam-mais-ganham-menos-e-aumentam-atuacao-como-chefe-da-familia\" data-saferedirecturl=\"http:\/\/www.google.com\/url?hl=pt-BR&amp;q=http:\/\/www.brasil.gov.br\/cidadania-e-justica\/2017\/03\/brasileiras-estudam-mais-ganham-menos-e-aumentam-atuacao-como-chefe-da-familia&amp;source=gmail&amp;ust=1504355623428000&amp;usg=AFQjCNH-eMZvzxS9a7h8p5kfGFCbUl2HWQ\">rasileiras estudam mais e ganham menos<\/a>, mesmo havendo aumentado a atua\u00e7\u00e3o como chefes de fam\u00edlia. Tamb\u00e9m n\u00e3o vou desistir de destacar que, no Brasil, metade das <a href=\"http:\/\/www.brasil.gov.br\/cidadania-e-justica\/2017\/03\/brasileiras-estudam-mais-ganham-menos-e-aumentam-atuacao-como-chefe-da-familia\" data-saferedirecturl=\"http:\/\/www.google.com\/url?hl=pt-BR&amp;q=http:\/\/www.brasil.gov.br\/cidadania-e-justica\/2017\/03\/brasileiras-estudam-mais-ganham-menos-e-aumentam-atuacao-como-chefe-da-familia&amp;source=gmail&amp;ust=1504355623428000&amp;usg=AFQjCNH-eMZvzxS9a7h8p5kfGFCbUl2HWQ\">mulheres que engravidam perdem o emprego<\/a> at\u00e9 dois anos ap\u00f3s a licen\u00e7a-maternidade. Justamente quando mais precisam de estabilidade.<br \/>\nVou focar na quest\u00e3o econ\u00f4mica, porque <a href=\"http:\/\/www.diariodolitoral.com.br\/brasil\/violencia-contra-a-mulher-gera-prejuizo-de-r-1-bilhao-para-economia\/103074\/\" data-saferedirecturl=\"http:\/\/www.google.com\/url?hl=pt-BR&amp;q=http:\/\/www.diariodolitoral.com.br\/brasil\/violencia-contra-a-mulher-gera-prejuizo-de-r-1-bilhao-para-economia\/103074\/&amp;source=gmail&amp;ust=1504355623428000&amp;usg=AFQjCNG08L5FJQHDWQIk3nZbBp_pd3bImw\">pesquisa<\/a> realizada pela Universidade Federal do Cear\u00e1 divulgou que a viol\u00eancia contra a mulher gera preju\u00edzo de cerca de R$ 1 bilh\u00e3o ao pa\u00eds. Dizem que o bolso \u00e9 a parte mais sens\u00edvel, quem sabe a mais razo\u00e1vel do corpo humano, ent\u00e3o mostrar o quanto custa essa viol\u00eancia pode despertar consci\u00eancias.<br \/>\n\u00c9 hora de mudar de uma vez por todas, sem contempla\u00e7\u00e3o, a forma como o Brasil enxerga e trata suas mulheres, para que no futuro n\u00e3o sejam necess\u00e1rios tantos dias no calend\u00e1rio, nem um m\u00eas inteiro dedicado a combater a viol\u00eancia contra elas. A igualdade, quando existe, n\u00e3o precisa de datas comemorativas. Apenas \u00e9.<br \/>\n<em>\u00a0* Yeda Crusius \u00e9 economista e deputada federal pelo PSDB\/RS em seu quarto mandato. J\u00e1 ocupou os cargos de Ministra do Planejamento e Governadora do RS.<\/em><\/p>\n","protected":false},"excerpt":{"rendered":"<p>Yeda Crusius* Entra ano, sai ano, e a realidade n\u00e3o muda para a mulher brasileira nas estat\u00edsticas da viol\u00eancia. Ali\u00e1s, piora. Fiz quest\u00e3o de escrever este artigo no dia 31, porque \u00e9 nele que se encerra a campanha \u201cAgosto Lil\u00e1s\u201d, de conscientiza\u00e7\u00e3o e combate \u00e0 viol\u00eancia de g\u00eanero, j\u00e1 em 12\u00aa edi\u00e7\u00e3o. As campanhas est\u00e3o [&hellip;]<\/p>\n","protected":false},"author":4,"featured_media":0,"comment_status":"open","ping_status":"closed","sticky":false,"template":"","format":"standard","meta":{"_jetpack_newsletter_access":"","_jetpack_dont_email_post_to_subs":false,"_jetpack_newsletter_tier_id":0,"_jetpack_memberships_contains_paywalled_content":false,"_jetpack_feature_clip_id":0,"_jetpack_memberships_contains_paid_content":false,"footnotes":"","jetpack_post_was_ever_published":false},"categories":[10],"tags":[],"class_list":["post-54580","post","type-post","status-publish","format-standard","hentry","category-analiseopiniao"],"aioseo_notices":[],"aioseo_head":"\n\t\t<!-- All in One SEO 5.0.1.1 - aioseo.com -->\n\t<meta name=\"robots\" content=\"max-image-preview:large\" \/>\n\t<meta name=\"author\" content=\"da Reda\u00e7\u00e3o\"\/>\n\t<link rel=\"canonical\" href=\"https:\/\/www.jornalja.com.br\/arquivo\/triste-realidade\/\" \/>\n\t<meta name=\"generator\" content=\"All in One SEO (AIOSEO) 5.0.1.1\" \/>\n\t\t<meta property=\"og:locale\" content=\"pt_BR\" \/>\n\t\t<meta property=\"og:site_name\" content=\"Arquivo | Jornal J\u00c1 | Porto Alegre\" \/>\n\t\t<meta property=\"og:type\" content=\"article\" \/>\n\t\t<meta property=\"og:title\" content=\"Triste realidade | Arquivo\" \/>\n\t\t<meta property=\"og:url\" content=\"https:\/\/www.jornalja.com.br\/arquivo\/triste-realidade\/\" \/>\n\t\t<meta property=\"og:image\" content=\"https:\/\/www.jornalja.com.br\/economics\/wp-content\/uploads\/sites\/11\/2026\/08\/ja-folhaderosto-facebook.jpg\" \/>\n\t\t<meta property=\"og:image:secure_url\" content=\"https:\/\/www.jornalja.com.br\/economics\/wp-content\/uploads\/sites\/11\/2026\/08\/ja-folhaderosto-facebook.jpg\" \/>\n\t\t<meta property=\"article:published_time\" content=\"2017-09-01T18:46:48+00:00\" \/>\n\t\t<meta property=\"article:modified_time\" content=\"2017-09-01T18:46:48+00:00\" \/>\n\t\t<meta name=\"twitter:card\" content=\"summary\" \/>\n\t\t<meta name=\"twitter:title\" content=\"Triste realidade | Arquivo\" \/>\n\t\t<meta name=\"twitter:image\" content=\"https:\/\/www.jornalja.com.br\/economics\/wp-content\/uploads\/sites\/11\/2026\/08\/ja-folhaderosto-facebook.jpg\" \/>\n\t\t<script type=\"application\/ld+json\" class=\"aioseo-schema\">\n\t\t\t{\"@context\":\"https:\\\/\\\/schema.org\",\"@graph\":[{\"@type\":\"BlogPosting\",\"@id\":\"https:\\\/\\\/www.jornalja.com.br\\\/arquivo\\\/triste-realidade\\\/#blogposting\",\"name\":\"Triste realidade | Arquivo\",\"headline\":\"Triste realidade\",\"author\":{\"@id\":\"https:\\\/\\\/www.jornalja.com.br\\\/arquivo\\\/author\\\/daredacao\\\/#author\"},\"publisher\":{\"@id\":\"https:\\\/\\\/www.jornalja.com.br\\\/arquivo\\\/#organization\"},\"image\":{\"@type\":\"ImageObject\",\"url\":\"https:\\\/\\\/www.jornalja.com.br\\\/wp-content\\\/uploads\\\/cards\\\/JAslogan.png\",\"@id\":\"https:\\\/\\\/www.jornalja.com.br\\\/arquivo\\\/#articleImage\"},\"datePublished\":\"2017-09-01T15:46:48-03:00\",\"dateModified\":\"2017-09-01T15:46:48-03:00\",\"inLanguage\":\"pt-BR\",\"mainEntityOfPage\":{\"@id\":\"https:\\\/\\\/www.jornalja.com.br\\\/arquivo\\\/triste-realidade\\\/#webpage\"},\"isPartOf\":{\"@id\":\"https:\\\/\\\/www.jornalja.com.br\\\/arquivo\\\/triste-realidade\\\/#webpage\"},\"articleSection\":\"AN\\u00c1LISE&amp;OPINI\\u00c3O\"},{\"@type\":\"BreadcrumbList\",\"@id\":\"https:\\\/\\\/www.jornalja.com.br\\\/arquivo\\\/triste-realidade\\\/#breadcrumblist\",\"itemListElement\":[{\"@type\":\"ListItem\",\"@id\":\"https:\\\/\\\/www.jornalja.com.br\\\/arquivo#listItem\",\"position\":1,\"name\":\"Home\",\"item\":\"https:\\\/\\\/www.jornalja.com.br\\\/arquivo\",\"nextItem\":{\"@type\":\"ListItem\",\"@id\":\"https:\\\/\\\/www.jornalja.com.br\\\/arquivo\\\/category\\\/analiseopiniao\\\/#listItem\",\"name\":\"AN\\u00c1LISE&amp;OPINI\\u00c3O\"}},{\"@type\":\"ListItem\",\"@id\":\"https:\\\/\\\/www.jornalja.com.br\\\/arquivo\\\/category\\\/analiseopiniao\\\/#listItem\",\"position\":2,\"name\":\"AN\\u00c1LISE&amp;OPINI\\u00c3O\",\"item\":\"https:\\\/\\\/www.jornalja.com.br\\\/arquivo\\\/category\\\/analiseopiniao\\\/\",\"nextItem\":{\"@type\":\"ListItem\",\"@id\":\"https:\\\/\\\/www.jornalja.com.br\\\/arquivo\\\/triste-realidade\\\/#listItem\",\"name\":\"Triste realidade\"},\"previousItem\":{\"@type\":\"ListItem\",\"@id\":\"https:\\\/\\\/www.jornalja.com.br\\\/arquivo#listItem\",\"name\":\"Home\"}},{\"@type\":\"ListItem\",\"@id\":\"https:\\\/\\\/www.jornalja.com.br\\\/arquivo\\\/triste-realidade\\\/#listItem\",\"position\":3,\"name\":\"Triste realidade\",\"previousItem\":{\"@type\":\"ListItem\",\"@id\":\"https:\\\/\\\/www.jornalja.com.br\\\/arquivo\\\/category\\\/analiseopiniao\\\/#listItem\",\"name\":\"AN\\u00c1LISE&amp;OPINI\\u00c3O\"}}]},{\"@type\":\"Organization\",\"@id\":\"https:\\\/\\\/www.jornalja.com.br\\\/arquivo\\\/#organization\",\"name\":\"Jornal J\\u00c1\",\"description\":\"Jornal J\\u00c1 | Porto Alegre\",\"url\":\"https:\\\/\\\/www.jornalja.com.br\\\/arquivo\\\/\",\"telephone\":\"+555133307272\",\"logo\":{\"@type\":\"ImageObject\",\"url\":\"https:\\\/\\\/www.jornalja.com.br\\\/wp-content\\\/uploads\\\/cards\\\/JAslogan.png\",\"@id\":\"https:\\\/\\\/www.jornalja.com.br\\\/arquivo\\\/triste-realidade\\\/#organizationLogo\"},\"image\":{\"@id\":\"https:\\\/\\\/www.jornalja.com.br\\\/arquivo\\\/triste-realidade\\\/#organizationLogo\"}},{\"@type\":\"Person\",\"@id\":\"https:\\\/\\\/www.jornalja.com.br\\\/arquivo\\\/author\\\/daredacao\\\/#author\",\"url\":\"https:\\\/\\\/www.jornalja.com.br\\\/arquivo\\\/author\\\/daredacao\\\/\",\"name\":\"da Reda\\u00e7\\u00e3o\",\"image\":{\"@type\":\"ImageObject\",\"@id\":\"https:\\\/\\\/www.jornalja.com.br\\\/arquivo\\\/triste-realidade\\\/#authorImage\",\"url\":\"https:\\\/\\\/secure.gravatar.com\\\/avatar\\\/469fd857d6605ad19919d27ed29d35a968a25f6e8fd9318356bbb7f57aae9c65?s=96&d=mm&r=g\",\"width\":96,\"height\":96,\"caption\":\"da Reda\\u00e7\\u00e3o\"}},{\"@type\":\"WebPage\",\"@id\":\"https:\\\/\\\/www.jornalja.com.br\\\/arquivo\\\/triste-realidade\\\/#webpage\",\"url\":\"https:\\\/\\\/www.jornalja.com.br\\\/arquivo\\\/triste-realidade\\\/\",\"name\":\"Triste realidade | Arquivo\",\"inLanguage\":\"pt-BR\",\"isPartOf\":{\"@id\":\"https:\\\/\\\/www.jornalja.com.br\\\/arquivo\\\/#website\"},\"breadcrumb\":{\"@id\":\"https:\\\/\\\/www.jornalja.com.br\\\/arquivo\\\/triste-realidade\\\/#breadcrumblist\"},\"author\":{\"@id\":\"https:\\\/\\\/www.jornalja.com.br\\\/arquivo\\\/author\\\/daredacao\\\/#author\"},\"creator\":{\"@id\":\"https:\\\/\\\/www.jornalja.com.br\\\/arquivo\\\/author\\\/daredacao\\\/#author\"},\"datePublished\":\"2017-09-01T15:46:48-03:00\",\"dateModified\":\"2017-09-01T15:46:48-03:00\"},{\"@type\":\"WebSite\",\"@id\":\"https:\\\/\\\/www.jornalja.com.br\\\/arquivo\\\/#website\",\"url\":\"https:\\\/\\\/www.jornalja.com.br\\\/arquivo\\\/\",\"name\":\"Arquivo\",\"description\":\"Jornal J\\u00c1 | Porto Alegre\",\"inLanguage\":\"pt-BR\",\"publisher\":{\"@id\":\"https:\\\/\\\/www.jornalja.com.br\\\/arquivo\\\/#organization\"}}]}\n\t\t<\/script>\n\t\t<!-- All in One SEO -->\n\n","aioseo_head_json":{"title":"Triste realidade | Arquivo","description":"","canonical_url":"https:\/\/www.jornalja.com.br\/arquivo\/triste-realidade\/","robots":"max-image-preview:large","keywords":"","webmasterTools":{"miscellaneous":""},"schema":{"@context":"https:\/\/schema.org","@graph":[{"@type":"BlogPosting","@id":"https:\/\/www.jornalja.com.br\/arquivo\/triste-realidade\/#blogposting","name":"Triste realidade | Arquivo","headline":"Triste realidade","author":{"@id":"https:\/\/www.jornalja.com.br\/arquivo\/author\/daredacao\/#author"},"publisher":{"@id":"https:\/\/www.jornalja.com.br\/arquivo\/#organization"},"image":{"@type":"ImageObject","url":"https:\/\/www.jornalja.com.br\/wp-content\/uploads\/cards\/JAslogan.png","@id":"https:\/\/www.jornalja.com.br\/arquivo\/#articleImage"},"datePublished":"2017-09-01T15:46:48-03:00","dateModified":"2017-09-01T15:46:48-03:00","inLanguage":"pt-BR","mainEntityOfPage":{"@id":"https:\/\/www.jornalja.com.br\/arquivo\/triste-realidade\/#webpage"},"isPartOf":{"@id":"https:\/\/www.jornalja.com.br\/arquivo\/triste-realidade\/#webpage"},"articleSection":"AN\u00c1LISE&amp;OPINI\u00c3O"},{"@type":"BreadcrumbList","@id":"https:\/\/www.jornalja.com.br\/arquivo\/triste-realidade\/#breadcrumblist","itemListElement":[{"@type":"ListItem","@id":"https:\/\/www.jornalja.com.br\/arquivo#listItem","position":1,"name":"Home","item":"https:\/\/www.jornalja.com.br\/arquivo","nextItem":{"@type":"ListItem","@id":"https:\/\/www.jornalja.com.br\/arquivo\/category\/analiseopiniao\/#listItem","name":"AN\u00c1LISE&amp;OPINI\u00c3O"}},{"@type":"ListItem","@id":"https:\/\/www.jornalja.com.br\/arquivo\/category\/analiseopiniao\/#listItem","position":2,"name":"AN\u00c1LISE&amp;OPINI\u00c3O","item":"https:\/\/www.jornalja.com.br\/arquivo\/category\/analiseopiniao\/","nextItem":{"@type":"ListItem","@id":"https:\/\/www.jornalja.com.br\/arquivo\/triste-realidade\/#listItem","name":"Triste realidade"},"previousItem":{"@type":"ListItem","@id":"https:\/\/www.jornalja.com.br\/arquivo#listItem","name":"Home"}},{"@type":"ListItem","@id":"https:\/\/www.jornalja.com.br\/arquivo\/triste-realidade\/#listItem","position":3,"name":"Triste realidade","previousItem":{"@type":"ListItem","@id":"https:\/\/www.jornalja.com.br\/arquivo\/category\/analiseopiniao\/#listItem","name":"AN\u00c1LISE&amp;OPINI\u00c3O"}}]},{"@type":"Organization","@id":"https:\/\/www.jornalja.com.br\/arquivo\/#organization","name":"Jornal J\u00c1","description":"Jornal J\u00c1 | Porto Alegre","url":"https:\/\/www.jornalja.com.br\/arquivo\/","telephone":"+555133307272","logo":{"@type":"ImageObject","url":"https:\/\/www.jornalja.com.br\/wp-content\/uploads\/cards\/JAslogan.png","@id":"https:\/\/www.jornalja.com.br\/arquivo\/triste-realidade\/#organizationLogo"},"image":{"@id":"https:\/\/www.jornalja.com.br\/arquivo\/triste-realidade\/#organizationLogo"}},{"@type":"Person","@id":"https:\/\/www.jornalja.com.br\/arquivo\/author\/daredacao\/#author","url":"https:\/\/www.jornalja.com.br\/arquivo\/author\/daredacao\/","name":"da Reda\u00e7\u00e3o","image":{"@type":"ImageObject","@id":"https:\/\/www.jornalja.com.br\/arquivo\/triste-realidade\/#authorImage","url":"https:\/\/secure.gravatar.com\/avatar\/469fd857d6605ad19919d27ed29d35a968a25f6e8fd9318356bbb7f57aae9c65?s=96&d=mm&r=g","width":96,"height":96,"caption":"da Reda\u00e7\u00e3o"}},{"@type":"WebPage","@id":"https:\/\/www.jornalja.com.br\/arquivo\/triste-realidade\/#webpage","url":"https:\/\/www.jornalja.com.br\/arquivo\/triste-realidade\/","name":"Triste realidade | Arquivo","inLanguage":"pt-BR","isPartOf":{"@id":"https:\/\/www.jornalja.com.br\/arquivo\/#website"},"breadcrumb":{"@id":"https:\/\/www.jornalja.com.br\/arquivo\/triste-realidade\/#breadcrumblist"},"author":{"@id":"https:\/\/www.jornalja.com.br\/arquivo\/author\/daredacao\/#author"},"creator":{"@id":"https:\/\/www.jornalja.com.br\/arquivo\/author\/daredacao\/#author"},"datePublished":"2017-09-01T15:46:48-03:00","dateModified":"2017-09-01T15:46:48-03:00"},{"@type":"WebSite","@id":"https:\/\/www.jornalja.com.br\/arquivo\/#website","url":"https:\/\/www.jornalja.com.br\/arquivo\/","name":"Arquivo","description":"Jornal J\u00c1 | Porto Alegre","inLanguage":"pt-BR","publisher":{"@id":"https:\/\/www.jornalja.com.br\/arquivo\/#organization"}}]},"og:locale":"pt_BR","og:site_name":"Arquivo | Jornal J\u00c1 | Porto Alegre","og:type":"article","og:title":"Triste realidade | Arquivo","og:url":"https:\/\/www.jornalja.com.br\/arquivo\/triste-realidade\/","og:image":"https:\/\/www.jornalja.com.br\/economics\/wp-content\/uploads\/sites\/11\/2026\/08\/ja-folhaderosto-facebook.jpg","og:image:secure_url":"https:\/\/www.jornalja.com.br\/economics\/wp-content\/uploads\/sites\/11\/2026\/08\/ja-folhaderosto-facebook.jpg","article:published_time":"2017-09-01T18:46:48+00:00","article:modified_time":"2017-09-01T18:46:48+00:00","twitter:card":"summary","twitter:title":"Triste realidade | Arquivo","twitter:image":"https:\/\/www.jornalja.com.br\/economics\/wp-content\/uploads\/sites\/11\/2026\/08\/ja-folhaderosto-facebook.jpg"},"aioseo_meta_data":{"post_id":"54580","title":null,"description":null,"keywords":null,"keyphrases":null,"primary_term":null,"canonical_url":null,"og_title":null,"og_description":null,"og_object_type":"default","og_image_type":"default","og_image_url":null,"og_image_width":null,"og_image_height":null,"og_image_custom_url":null,"og_image_custom_fields":null,"og_video":null,"og_custom_url":null,"og_article_section":null,"og_article_tags":null,"twitter_use_og":false,"twitter_card":"default","twitter_image_type":"default","twitter_image_url":null,"twitter_image_custom_url":null,"twitter_image_custom_fields":null,"twitter_title":null,"twitter_description":null,"schema":{"blockGraphs":[],"customGraphs":[],"default":{"data":{"Article":[],"Course":[],"Dataset":[],"FAQPage":[],"Movie":[],"Person":[],"Product":[],"ProductReview":[],"Car":[],"Recipe":[],"Service":[],"SoftwareApplication":[],"WebPage":[]},"graphName":"","isEnabled":true},"graphs":[],"defaultGraph":"","defaultPostTypeGraph":""},"schema_type":null,"schema_type_options":null,"pillar_content":false,"robots_default":true,"robots_noindex":false,"robots_noarchive":false,"robots_nosnippet":false,"robots_nofollow":false,"robots_noimageindex":false,"robots_noodp":false,"robots_notranslate":false,"robots_max_snippet":null,"robots_max_videopreview":null,"robots_max_imagepreview":"large","priority":null,"frequency":null,"location":null,"local_seo":null,"breadcrumb_settings":null,"limit_modified_date":false,"ai":null,"created":"2020-12-20 20:26:01","updated":"2025-07-20 00:47:32","seo_analyzer_scan_date":null,"focus_keyword":null,"additional_keywords":null,"truseo_locale":null},"jetpack_sharing_enabled":true,"jetpack-related-posts":[{"id":13101,"url":"https:\/\/www.jornalja.com.br\/arquivo\/morre-um-guerreiro-do-texto\/","url_meta":{"origin":54580,"position":0},"title":"Morre um guerreiro do texto","author":"Patr\u00edcia Marini","date":"14 de maio de 2014","format":false,"excerpt":"Por Ricardo Kotscho Reproduzido do blog do autor, 11\/5\/2014; t\u00edtulo original \u201cE l\u00e1 se foi o nosso Myltainho, guerreiro do texto\u201d. Mi\u00fado e franzino, meu amigo Myltainho era um valente e inconformado guerreiro na luta contra as injusti\u00e7as sociais, a hipocrisia, as maracutaias, o autoritarismo, a intoler\u00e2ncia, a viol\u00eancia, o\u2026","rel":"","context":"Em &quot;Geral&quot;","block_context":{"text":"Geral","link":"https:\/\/www.jornalja.com.br\/arquivo\/category\/geral\/"},"img":{"alt_text":"","src":"","width":0,"height":0},"classes":[]},{"id":13240,"url":"https:\/\/www.jornalja.com.br\/arquivo\/plano-diretor-estamos-construindo-o-caos\/","url_meta":{"origin":54580,"position":1},"title":"Plano diretor: &quot;Estamos construindo o caos&quot;","author":"Patr\u00edcia Marini","date":"26 de maio de 2014","format":false,"excerpt":"Desabafo que arquiteta Eliana Castilhos, delegada da Regi\u00e3o de Planejamento 1, postou nas redes sociais \u00e9 um testemunho do ambiente que se criou no Conselho do Plano Diretor de Porto Alegre, onde a aprova\u00e7\u00e3o de grandes empreendimentos \u00e9 empurrada guela abaixo dos conselheiros. Ao CMDUA Como delegada da Regi\u00e3o de\u2026","rel":"","context":"Em &quot;Geral&quot;","block_context":{"text":"Geral","link":"https:\/\/www.jornalja.com.br\/arquivo\/category\/geral\/"},"img":{"alt_text":"","src":"","width":0,"height":0},"classes":[]},{"id":13128,"url":"https:\/\/www.jornalja.com.br\/arquivo\/maconha-terra-diz-que-uso-medicinal-e-desculpa\/","url_meta":{"origin":54580,"position":2},"title":"Maconha: Terra diz que uso medicinal \u00e9 desculpa","author":"Patr\u00edcia Marini","date":"4 de junho de 2014","format":false,"excerpt":"A condi\u00e7\u00e3o de pol\u00edtico, em \u00e9poca de campanha de campanha eleitoral, tira for\u00e7a do discurso do m\u00e9dico Osmar Terra contra a legaliza\u00e7\u00e3o da maconha. A tese dele de que a libera\u00e7\u00e3o vai ampliar exponencialmente o consumo \u00e9 discutivel, o consumo \u00e9 corrente. Mas seus alertas quanto aos riscos tem que\u2026","rel":"","context":"Em &quot;X.Categorias velhas&quot;","block_context":{"text":"X.Categorias velhas","link":"https:\/\/www.jornalja.com.br\/arquivo\/category\/x-categorias-velhas\/"},"img":{"alt_text":"","src":"","width":0,"height":0},"classes":[]},{"id":13124,"url":"https:\/\/www.jornalja.com.br\/arquivo\/sangue-latino-no-iecine\/","url_meta":{"origin":54580,"position":3},"title":"Sangue latino no IECINE","author":"da Reda\u00e7\u00e3o","date":"18 de maio de 2014","format":false,"excerpt":"Francisco Ribeiro O Instituto Estadual de Cinema (IECINE) tem a frente, desde abril \u00faltimo, um novo diretor, o cineasta colombiano Juan Zapata, 36, que substitui Luiz Alberto Cassol. Radicado h\u00e1 dez anos em Porto Alegre, Zapata tem diante de si o desafio de conduzir at\u00e9 o final do ano um\u2026","rel":"","context":"Em &quot;Cultura-Geral&quot;","block_context":{"text":"Cultura-Geral","link":"https:\/\/www.jornalja.com.br\/arquivo\/category\/materiasecundaria\/"},"img":{"alt_text":"","src":"","width":0,"height":0},"classes":[]},{"id":14241,"url":"https:\/\/www.jornalja.com.br\/arquivo\/o-guaiba-nas-imagens-poeticas-de-achutti\/","url_meta":{"origin":54580,"position":4},"title":"O Gua\u00edba nas imagens po\u00e9ticas de Achutti","author":"da Reda\u00e7\u00e3o","date":"18 de junho de 2014","format":false,"excerpt":"Em \u201cO Gua\u00edba por Achutti\u201d \u2013 obra financiada via Minist\u00e9rio da Cultura, produ\u00e7\u00e3o executiva de Pedro Longhi, e Fl\u00e1vio Wild como designer \u2013, o fot\u00f3grafo revela a beleza e as mazelas de um espa\u00e7o aqu\u00e1tico de \u00e1guas sempre renovadas, cheio de hist\u00f3rias e lendas como as das cidades que foram\u2026","rel":"","context":"Em &quot;Cultura-Geral&quot;","block_context":{"text":"Cultura-Geral","link":"https:\/\/www.jornalja.com.br\/arquivo\/category\/materiasecundaria\/"},"img":{"alt_text":"","src":"","width":0,"height":0},"classes":[]}],"jetpack_shortlink":"https:\/\/wp.me\/pbQjBd-eck","jetpack_featured_media_url":"","_links":{"self":[{"href":"https:\/\/www.jornalja.com.br\/arquivo\/wp-json\/wp\/v2\/posts\/54580","targetHints":{"allow":["GET"]}}],"collection":[{"href":"https:\/\/www.jornalja.com.br\/arquivo\/wp-json\/wp\/v2\/posts"}],"about":[{"href":"https:\/\/www.jornalja.com.br\/arquivo\/wp-json\/wp\/v2\/types\/post"}],"author":[{"embeddable":true,"href":"https:\/\/www.jornalja.com.br\/arquivo\/wp-json\/wp\/v2\/users\/4"}],"replies":[{"embeddable":true,"href":"https:\/\/www.jornalja.com.br\/arquivo\/wp-json\/wp\/v2\/comments?post=54580"}],"version-history":[{"count":0,"href":"https:\/\/www.jornalja.com.br\/arquivo\/wp-json\/wp\/v2\/posts\/54580\/revisions"}],"wp:attachment":[{"href":"https:\/\/www.jornalja.com.br\/arquivo\/wp-json\/wp\/v2\/media?parent=54580"}],"wp:term":[{"taxonomy":"category","embeddable":true,"href":"https:\/\/www.jornalja.com.br\/arquivo\/wp-json\/wp\/v2\/categories?post=54580"},{"taxonomy":"post_tag","embeddable":true,"href":"https:\/\/www.jornalja.com.br\/arquivo\/wp-json\/wp\/v2\/tags?post=54580"}],"curies":[{"name":"wp","href":"https:\/\/api.w.org\/{rel}","templated":true}]}}