{"id":54585,"date":"2017-09-01T13:08:06","date_gmt":"2017-09-01T16:08:06","guid":{"rendered":"https:\/\/www.jornalja.com.br\/?p=54585"},"modified":"2017-09-01T13:08:06","modified_gmt":"2017-09-01T16:08:06","slug":"bacteria-no-zaffari-barulho-e-maior-que-risco","status":"publish","type":"post","link":"https:\/\/www.jornalja.com.br\/arquivo\/bacteria-no-zaffari-barulho-e-maior-que-risco\/","title":{"rendered":"Bact\u00e9ria no Zaffari: barulho \u00e9 maior que risco"},"content":{"rendered":"<p><span class=\"assina\">Matheus Chaparini<\/span><br \/>\n\u201cGurias, minha cunhada trabalha no administrativo do Zaffari e ela acabou de me avisar que n\u00e3o \u00e9 para a gente comprar frios do Zaffari e o que tiver em casa \u00e9 para jogar fora.\u201d Parecia s\u00f3 mais um boato de whatsapp o \u00e1udio que circulou ao longo da tarde desta quinta-feira. O \u00e1udio, de proced\u00eancia desconhecida, foi divulgado horas antes de a Secretaria Estadual da Sa\u00fade ter acesso aos resultados da an\u00e1lise e gerou grande repercuss\u00e3o. A grava\u00e7\u00e3o indicava que uma bact\u00e9ria havia sido localizada em uma das unidades da rede e que ofereceria riscos sobretudo a gestantes e pessoas com a sa\u00fade vulner\u00e1vel.<br \/>\nPor\u00e9m, \u00e0 noite, o caso se confirmou atrav\u00e9s de duas notas. A <a href=\"http:\/\/www.grupozaffari.com.br\/2017\/08\/31\/nota-de-esclarecimento-7\/\" target=\"_blank\" rel=\"noopener noreferrer\">primeira foi da rede Zaffari<\/a>, onde a empresa afirmava ter retirado os produtos fatiados de algumas lojas de Porto Alegre e intensificado os processos de higieniza\u00e7\u00e3o. No texto, a rede afirmava ainda n\u00e3o ter sido informada sobre os resultado da coleta realizada no dia 17 de agosto.<br \/>\nEm seguida, a Secretaria Estadual de Sa\u00fade<a href=\"http:\/\/www.saude.rs.gov.br\/comunicado-importante\" target=\"_blank\" rel=\"noopener noreferrer\"> lan\u00e7ou um alerta <\/a>para que a popula\u00e7\u00e3o n\u00e3o consumisse produtos fatiados da marca Zaffari. \u201cFoi encontrada a bact\u00e9ria Listeria monocytogenes que pode causar danos \u00e0 sa\u00fade individual e coletiva\u201d, dizia a nota. A nota convocava a imprensa para uma coletiva, na manh\u00e3 desta sexta-feira.<br \/>\nApesar de toda a repercuss\u00e3o que surgiu em torno do assunto, os secret\u00e1rios de Sa\u00fade do Estado, Jo\u00e3o Gabbardo dos Reis, e do Munic\u00edpio, Erno Harzheim, asseguraram que n\u00e3o h\u00e1 raz\u00e3o para p\u00e2nico e que n\u00e3o h\u00e1 risco de uma epidemia. Gabbardo garantiu que o risco \u00e0 sa\u00fade \u201cn\u00e3o \u00e9 elevado\u201d<br \/>\nDezenas de jornalistas de diversos ve\u00edculos estiveram presentes para os esclarecimentos dos secret\u00e1rios \u00a0e de t\u00e9cnicos das secretarias e da vigil\u00e2ncia sanit\u00e1ria.<br \/>\nO secret\u00e1rio Gabbardo afirmou que a coletiva j\u00e1 estava prevista para tratar da semana de vacina\u00e7\u00e3o contra o HPV e aproveitou a primeira meia hora para fazer um balan\u00e7o. A meningite teve este ano um pequeno aumento no n\u00famero de \u00f3bitos no Estado, o que n\u00e3o representa surto, segundo o secret\u00e1rio Gabbardo. Em rela\u00e7\u00e3o \u00e0 influenza, foram 421 casos, com 42 \u00f3bitos, sendo 38 de pacientes com fator de risco.<br \/>\nMas o que todos queriam eram informa\u00e7\u00f5es sobre a bact\u00e9ria Listeria monocytogeneses, encontrada no Centro de Fatiamento e Distribui\u00e7\u00e3o da marca Zaffari, no Bourbon da avenida Ipiranga e sua gravidade.<br \/>\nN\u00e3o h\u00e1 uma orienta\u00e7\u00e3o nacional em rela\u00e7\u00e3o \u00e0 Listeria, a verifica\u00e7\u00e3o desta bact\u00e9ria \u00e9 uma novidade implantada este ano pela SES atrav\u00e9s de uma parceria com a UFRGS. As primeiras coletas foram realizada em julho e j\u00e1 foi detectada a presen\u00e7a de Listeria, mas n\u00e3o da esp\u00e9cie monocytogenese, que \u00e9 a prejudicial. Esta coleta, realizada pela universidade, motivou uma inspe\u00e7\u00e3o da Secretaria, realizada no dia 17 de agosto. O secret\u00e1rio Gabbardo afirmou que os resultado sa\u00edram ontem, entre 19h e 20h.<br \/>\nFoi encontrada a bact\u00e9ria Listeria monocytogenese em uma amostra de queijo de 250g em apenas uma loja, mas h\u00e1 a possibilidade de que a bact\u00e9ria tenha se espalhado. O procedimento foi realizado tamb\u00e9m em outras lojas de diversas redes de supermercados da capital e n\u00e3o foi constatada a presen\u00e7a da bact\u00e9ria.<br \/>\nO secret\u00e1rio municipal da Sa\u00fade, Erno Harzheim, afirmou que ainda n\u00e3o \u00e9 poss\u00edvel identificar a origem da bact\u00e9ria, que ainda est\u00e1 sendo analisada. \u201cPode vir da vaca, do produto, da manipula\u00e7\u00e3o ou at\u00e9 de algum funcion\u00e1rio que teve contato com o produto.&#8221;<br \/>\n<span class=\"intertit\">N\u00e3o h\u00e1 risco de epidemia, garantem secret\u00e1rios<\/span><br \/>\nOs secret\u00e1rios esclareceram que n\u00e3o h\u00e1 risco de epidemia pela bact\u00e9ria<br \/>\nA orienta\u00e7\u00e3o \u00e9 que os alimentos fracionados adquiridos neste per\u00edodo nas lojas da rede Zaffari em Porto Alegre sejam jogados fora, tanto os produtos marca Zaffari, quanto os de outras marcas mas que s\u00e3o manipulados dentro das unidades. \u201cOs produtos que j\u00e1 vem fatiados\u201d<br \/>\nA rede foi notificado para suspender a comercializa\u00e7\u00e3o destes produtos, que s\u00f3 ser\u00e1 liberada ap\u00f3s as lojas realizarem an\u00e1lises que comprovem que n\u00e3o h\u00e1 a bact\u00e9ria. O Zaffari informou que vai ressarcir os clientes que adquiriram os produtos que devem ser descartados.<br \/>\nOs sintomas podem aparecer em poucos dias ou at\u00e9 algumas semanas. Em pessoas saud\u00e1veis, a bact\u00e9ria pode causar diarr\u00e9ia e febre. Em gr\u00e1vidas, no primeiro trimestres de gesta\u00e7\u00e3o, h\u00e1 o risco de prematuridade e at\u00e9 aborto.<br \/>\nSegundo uma das t\u00e9cnicas presentes na coletiva, cerca de 10% da popula\u00e7\u00e3o \u00e9 portadora da bact\u00e9ria, que s\u00f3 \u00e9 patog\u00eanica em algumas condi\u00e7\u00f5es espec\u00edficas.<\/p>\n","protected":false},"excerpt":{"rendered":"<p>Matheus Chaparini \u201cGurias, minha cunhada trabalha no administrativo do Zaffari e ela acabou de me avisar que n\u00e3o \u00e9 para a gente comprar frios do Zaffari e o que tiver em casa \u00e9 para jogar fora.\u201d Parecia s\u00f3 mais um boato de whatsapp o \u00e1udio que circulou ao longo da tarde desta quinta-feira. O \u00e1udio, [&hellip;]<\/p>\n","protected":false},"author":4,"featured_media":54587,"comment_status":"open","ping_status":"closed","sticky":false,"template":"","format":"standard","meta":{"_jetpack_newsletter_access":"","_jetpack_dont_email_post_to_subs":false,"_jetpack_newsletter_tier_id":0,"_jetpack_memberships_contains_paywalled_content":false,"_jetpack_feature_clip_id":0,"_jetpack_memberships_contains_paid_content":false,"footnotes":"","jetpack_post_was_ever_published":false},"categories":[26],"tags":[],"class_list":["post-54585","post","type-post","status-publish","format-standard","has-post-thumbnail","hentry","category-geral"],"aioseo_notices":[],"aioseo_head":"\n\t\t<!-- All in One SEO 5.0.1.1 - aioseo.com -->\n\t<meta name=\"robots\" content=\"max-image-preview:large\" \/>\n\t<meta name=\"author\" content=\"da Reda\u00e7\u00e3o\"\/>\n\t<link rel=\"canonical\" href=\"https:\/\/www.jornalja.com.br\/arquivo\/bacteria-no-zaffari-barulho-e-maior-que-risco\/\" \/>\n\t<meta name=\"generator\" content=\"All in One SEO (AIOSEO) 5.0.1.1\" \/>\n\t\t<meta property=\"og:locale\" content=\"pt_BR\" \/>\n\t\t<meta property=\"og:site_name\" content=\"Arquivo | Jornal J\u00c1 | Porto Alegre\" \/>\n\t\t<meta property=\"og:type\" content=\"article\" \/>\n\t\t<meta property=\"og:title\" content=\"Bact\u00e9ria no Zaffari: barulho \u00e9 maior que risco | Arquivo\" \/>\n\t\t<meta property=\"og:url\" content=\"https:\/\/www.jornalja.com.br\/arquivo\/bacteria-no-zaffari-barulho-e-maior-que-risco\/\" \/>\n\t\t<meta property=\"og:image\" content=\"https:\/\/www.jornalja.com.br\/economics\/wp-content\/uploads\/sites\/11\/2026\/08\/ja-folhaderosto-facebook.jpg\" \/>\n\t\t<meta property=\"og:image:secure_url\" content=\"https:\/\/www.jornalja.com.br\/economics\/wp-content\/uploads\/sites\/11\/2026\/08\/ja-folhaderosto-facebook.jpg\" \/>\n\t\t<meta property=\"article:published_time\" content=\"2017-09-01T16:08:06+00:00\" \/>\n\t\t<meta property=\"article:modified_time\" content=\"2017-09-01T16:08:06+00:00\" \/>\n\t\t<meta name=\"twitter:card\" content=\"summary\" \/>\n\t\t<meta name=\"twitter:title\" content=\"Bact\u00e9ria no Zaffari: barulho \u00e9 maior que risco | Arquivo\" \/>\n\t\t<meta name=\"twitter:image\" content=\"https:\/\/www.jornalja.com.br\/economics\/wp-content\/uploads\/sites\/11\/2026\/08\/ja-folhaderosto-facebook.jpg\" \/>\n\t\t<script type=\"application\/ld+json\" class=\"aioseo-schema\">\n\t\t\t{\"@context\":\"https:\\\/\\\/schema.org\",\"@graph\":[{\"@type\":\"BlogPosting\",\"@id\":\"https:\\\/\\\/www.jornalja.com.br\\\/arquivo\\\/bacteria-no-zaffari-barulho-e-maior-que-risco\\\/#blogposting\",\"name\":\"Bact\\u00e9ria no Zaffari: barulho \\u00e9 maior que risco | Arquivo\",\"headline\":\"Bact\\u00e9ria no Zaffari: barulho \\u00e9 maior que risco\",\"author\":{\"@id\":\"https:\\\/\\\/www.jornalja.com.br\\\/arquivo\\\/author\\\/daredacao\\\/#author\"},\"publisher\":{\"@id\":\"https:\\\/\\\/www.jornalja.com.br\\\/arquivo\\\/#organization\"},\"image\":{\"@type\":\"ImageObject\",\"url\":54587},\"datePublished\":\"2017-09-01T13:08:06-03:00\",\"dateModified\":\"2017-09-01T13:08:06-03:00\",\"inLanguage\":\"pt-BR\",\"mainEntityOfPage\":{\"@id\":\"https:\\\/\\\/www.jornalja.com.br\\\/arquivo\\\/bacteria-no-zaffari-barulho-e-maior-que-risco\\\/#webpage\"},\"isPartOf\":{\"@id\":\"https:\\\/\\\/www.jornalja.com.br\\\/arquivo\\\/bacteria-no-zaffari-barulho-e-maior-que-risco\\\/#webpage\"},\"articleSection\":\"Geral\"},{\"@type\":\"BreadcrumbList\",\"@id\":\"https:\\\/\\\/www.jornalja.com.br\\\/arquivo\\\/bacteria-no-zaffari-barulho-e-maior-que-risco\\\/#breadcrumblist\",\"itemListElement\":[{\"@type\":\"ListItem\",\"@id\":\"https:\\\/\\\/www.jornalja.com.br\\\/arquivo#listItem\",\"position\":1,\"name\":\"Home\",\"item\":\"https:\\\/\\\/www.jornalja.com.br\\\/arquivo\",\"nextItem\":{\"@type\":\"ListItem\",\"@id\":\"https:\\\/\\\/www.jornalja.com.br\\\/arquivo\\\/category\\\/geral\\\/#listItem\",\"name\":\"Geral\"}},{\"@type\":\"ListItem\",\"@id\":\"https:\\\/\\\/www.jornalja.com.br\\\/arquivo\\\/category\\\/geral\\\/#listItem\",\"position\":2,\"name\":\"Geral\",\"item\":\"https:\\\/\\\/www.jornalja.com.br\\\/arquivo\\\/category\\\/geral\\\/\",\"nextItem\":{\"@type\":\"ListItem\",\"@id\":\"https:\\\/\\\/www.jornalja.com.br\\\/arquivo\\\/bacteria-no-zaffari-barulho-e-maior-que-risco\\\/#listItem\",\"name\":\"Bact\\u00e9ria no Zaffari: barulho \\u00e9 maior que risco\"},\"previousItem\":{\"@type\":\"ListItem\",\"@id\":\"https:\\\/\\\/www.jornalja.com.br\\\/arquivo#listItem\",\"name\":\"Home\"}},{\"@type\":\"ListItem\",\"@id\":\"https:\\\/\\\/www.jornalja.com.br\\\/arquivo\\\/bacteria-no-zaffari-barulho-e-maior-que-risco\\\/#listItem\",\"position\":3,\"name\":\"Bact\\u00e9ria no Zaffari: barulho \\u00e9 maior que risco\",\"previousItem\":{\"@type\":\"ListItem\",\"@id\":\"https:\\\/\\\/www.jornalja.com.br\\\/arquivo\\\/category\\\/geral\\\/#listItem\",\"name\":\"Geral\"}}]},{\"@type\":\"Organization\",\"@id\":\"https:\\\/\\\/www.jornalja.com.br\\\/arquivo\\\/#organization\",\"name\":\"Jornal J\\u00c1\",\"description\":\"Jornal J\\u00c1 | Porto Alegre\",\"url\":\"https:\\\/\\\/www.jornalja.com.br\\\/arquivo\\\/\",\"telephone\":\"+555133307272\",\"logo\":{\"@type\":\"ImageObject\",\"url\":\"https:\\\/\\\/www.jornalja.com.br\\\/wp-content\\\/uploads\\\/cards\\\/JAslogan.png\",\"@id\":\"https:\\\/\\\/www.jornalja.com.br\\\/arquivo\\\/bacteria-no-zaffari-barulho-e-maior-que-risco\\\/#organizationLogo\"},\"image\":{\"@id\":\"https:\\\/\\\/www.jornalja.com.br\\\/arquivo\\\/bacteria-no-zaffari-barulho-e-maior-que-risco\\\/#organizationLogo\"}},{\"@type\":\"Person\",\"@id\":\"https:\\\/\\\/www.jornalja.com.br\\\/arquivo\\\/author\\\/daredacao\\\/#author\",\"url\":\"https:\\\/\\\/www.jornalja.com.br\\\/arquivo\\\/author\\\/daredacao\\\/\",\"name\":\"da Reda\\u00e7\\u00e3o\",\"image\":{\"@type\":\"ImageObject\",\"@id\":\"https:\\\/\\\/www.jornalja.com.br\\\/arquivo\\\/bacteria-no-zaffari-barulho-e-maior-que-risco\\\/#authorImage\",\"url\":\"https:\\\/\\\/secure.gravatar.com\\\/avatar\\\/469fd857d6605ad19919d27ed29d35a968a25f6e8fd9318356bbb7f57aae9c65?s=96&d=mm&r=g\",\"width\":96,\"height\":96,\"caption\":\"da Reda\\u00e7\\u00e3o\"}},{\"@type\":\"WebPage\",\"@id\":\"https:\\\/\\\/www.jornalja.com.br\\\/arquivo\\\/bacteria-no-zaffari-barulho-e-maior-que-risco\\\/#webpage\",\"url\":\"https:\\\/\\\/www.jornalja.com.br\\\/arquivo\\\/bacteria-no-zaffari-barulho-e-maior-que-risco\\\/\",\"name\":\"Bact\\u00e9ria no Zaffari: barulho \\u00e9 maior que risco | Arquivo\",\"inLanguage\":\"pt-BR\",\"isPartOf\":{\"@id\":\"https:\\\/\\\/www.jornalja.com.br\\\/arquivo\\\/#website\"},\"breadcrumb\":{\"@id\":\"https:\\\/\\\/www.jornalja.com.br\\\/arquivo\\\/bacteria-no-zaffari-barulho-e-maior-que-risco\\\/#breadcrumblist\"},\"author\":{\"@id\":\"https:\\\/\\\/www.jornalja.com.br\\\/arquivo\\\/author\\\/daredacao\\\/#author\"},\"creator\":{\"@id\":\"https:\\\/\\\/www.jornalja.com.br\\\/arquivo\\\/author\\\/daredacao\\\/#author\"},\"image\":{\"@type\":\"ImageObject\",\"url\":54587,\"@id\":\"https:\\\/\\\/www.jornalja.com.br\\\/arquivo\\\/bacteria-no-zaffari-barulho-e-maior-que-risco\\\/#mainImage\"},\"primaryImageOfPage\":{\"@id\":\"https:\\\/\\\/www.jornalja.com.br\\\/arquivo\\\/bacteria-no-zaffari-barulho-e-maior-que-risco\\\/#mainImage\"},\"datePublished\":\"2017-09-01T13:08:06-03:00\",\"dateModified\":\"2017-09-01T13:08:06-03:00\"},{\"@type\":\"WebSite\",\"@id\":\"https:\\\/\\\/www.jornalja.com.br\\\/arquivo\\\/#website\",\"url\":\"https:\\\/\\\/www.jornalja.com.br\\\/arquivo\\\/\",\"name\":\"Arquivo\",\"description\":\"Jornal J\\u00c1 | Porto Alegre\",\"inLanguage\":\"pt-BR\",\"publisher\":{\"@id\":\"https:\\\/\\\/www.jornalja.com.br\\\/arquivo\\\/#organization\"}}]}\n\t\t<\/script>\n\t\t<!-- All in One SEO -->\n\n","aioseo_head_json":{"title":"Bact\u00e9ria no Zaffari: barulho \u00e9 maior que risco | Arquivo","description":"","canonical_url":"https:\/\/www.jornalja.com.br\/arquivo\/bacteria-no-zaffari-barulho-e-maior-que-risco\/","robots":"max-image-preview:large","keywords":"","webmasterTools":{"miscellaneous":""},"schema":{"@context":"https:\/\/schema.org","@graph":[{"@type":"BlogPosting","@id":"https:\/\/www.jornalja.com.br\/arquivo\/bacteria-no-zaffari-barulho-e-maior-que-risco\/#blogposting","name":"Bact\u00e9ria no Zaffari: barulho \u00e9 maior que risco | Arquivo","headline":"Bact\u00e9ria no Zaffari: barulho \u00e9 maior que risco","author":{"@id":"https:\/\/www.jornalja.com.br\/arquivo\/author\/daredacao\/#author"},"publisher":{"@id":"https:\/\/www.jornalja.com.br\/arquivo\/#organization"},"image":{"@type":"ImageObject","url":54587},"datePublished":"2017-09-01T13:08:06-03:00","dateModified":"2017-09-01T13:08:06-03:00","inLanguage":"pt-BR","mainEntityOfPage":{"@id":"https:\/\/www.jornalja.com.br\/arquivo\/bacteria-no-zaffari-barulho-e-maior-que-risco\/#webpage"},"isPartOf":{"@id":"https:\/\/www.jornalja.com.br\/arquivo\/bacteria-no-zaffari-barulho-e-maior-que-risco\/#webpage"},"articleSection":"Geral"},{"@type":"BreadcrumbList","@id":"https:\/\/www.jornalja.com.br\/arquivo\/bacteria-no-zaffari-barulho-e-maior-que-risco\/#breadcrumblist","itemListElement":[{"@type":"ListItem","@id":"https:\/\/www.jornalja.com.br\/arquivo#listItem","position":1,"name":"Home","item":"https:\/\/www.jornalja.com.br\/arquivo","nextItem":{"@type":"ListItem","@id":"https:\/\/www.jornalja.com.br\/arquivo\/category\/geral\/#listItem","name":"Geral"}},{"@type":"ListItem","@id":"https:\/\/www.jornalja.com.br\/arquivo\/category\/geral\/#listItem","position":2,"name":"Geral","item":"https:\/\/www.jornalja.com.br\/arquivo\/category\/geral\/","nextItem":{"@type":"ListItem","@id":"https:\/\/www.jornalja.com.br\/arquivo\/bacteria-no-zaffari-barulho-e-maior-que-risco\/#listItem","name":"Bact\u00e9ria no Zaffari: barulho \u00e9 maior que risco"},"previousItem":{"@type":"ListItem","@id":"https:\/\/www.jornalja.com.br\/arquivo#listItem","name":"Home"}},{"@type":"ListItem","@id":"https:\/\/www.jornalja.com.br\/arquivo\/bacteria-no-zaffari-barulho-e-maior-que-risco\/#listItem","position":3,"name":"Bact\u00e9ria no Zaffari: barulho \u00e9 maior que risco","previousItem":{"@type":"ListItem","@id":"https:\/\/www.jornalja.com.br\/arquivo\/category\/geral\/#listItem","name":"Geral"}}]},{"@type":"Organization","@id":"https:\/\/www.jornalja.com.br\/arquivo\/#organization","name":"Jornal J\u00c1","description":"Jornal J\u00c1 | Porto Alegre","url":"https:\/\/www.jornalja.com.br\/arquivo\/","telephone":"+555133307272","logo":{"@type":"ImageObject","url":"https:\/\/www.jornalja.com.br\/wp-content\/uploads\/cards\/JAslogan.png","@id":"https:\/\/www.jornalja.com.br\/arquivo\/bacteria-no-zaffari-barulho-e-maior-que-risco\/#organizationLogo"},"image":{"@id":"https:\/\/www.jornalja.com.br\/arquivo\/bacteria-no-zaffari-barulho-e-maior-que-risco\/#organizationLogo"}},{"@type":"Person","@id":"https:\/\/www.jornalja.com.br\/arquivo\/author\/daredacao\/#author","url":"https:\/\/www.jornalja.com.br\/arquivo\/author\/daredacao\/","name":"da Reda\u00e7\u00e3o","image":{"@type":"ImageObject","@id":"https:\/\/www.jornalja.com.br\/arquivo\/bacteria-no-zaffari-barulho-e-maior-que-risco\/#authorImage","url":"https:\/\/secure.gravatar.com\/avatar\/469fd857d6605ad19919d27ed29d35a968a25f6e8fd9318356bbb7f57aae9c65?s=96&d=mm&r=g","width":96,"height":96,"caption":"da Reda\u00e7\u00e3o"}},{"@type":"WebPage","@id":"https:\/\/www.jornalja.com.br\/arquivo\/bacteria-no-zaffari-barulho-e-maior-que-risco\/#webpage","url":"https:\/\/www.jornalja.com.br\/arquivo\/bacteria-no-zaffari-barulho-e-maior-que-risco\/","name":"Bact\u00e9ria no Zaffari: barulho \u00e9 maior que risco | Arquivo","inLanguage":"pt-BR","isPartOf":{"@id":"https:\/\/www.jornalja.com.br\/arquivo\/#website"},"breadcrumb":{"@id":"https:\/\/www.jornalja.com.br\/arquivo\/bacteria-no-zaffari-barulho-e-maior-que-risco\/#breadcrumblist"},"author":{"@id":"https:\/\/www.jornalja.com.br\/arquivo\/author\/daredacao\/#author"},"creator":{"@id":"https:\/\/www.jornalja.com.br\/arquivo\/author\/daredacao\/#author"},"image":{"@type":"ImageObject","url":54587,"@id":"https:\/\/www.jornalja.com.br\/arquivo\/bacteria-no-zaffari-barulho-e-maior-que-risco\/#mainImage"},"primaryImageOfPage":{"@id":"https:\/\/www.jornalja.com.br\/arquivo\/bacteria-no-zaffari-barulho-e-maior-que-risco\/#mainImage"},"datePublished":"2017-09-01T13:08:06-03:00","dateModified":"2017-09-01T13:08:06-03:00"},{"@type":"WebSite","@id":"https:\/\/www.jornalja.com.br\/arquivo\/#website","url":"https:\/\/www.jornalja.com.br\/arquivo\/","name":"Arquivo","description":"Jornal J\u00c1 | Porto Alegre","inLanguage":"pt-BR","publisher":{"@id":"https:\/\/www.jornalja.com.br\/arquivo\/#organization"}}]},"og:locale":"pt_BR","og:site_name":"Arquivo | Jornal J\u00c1 | Porto Alegre","og:type":"article","og:title":"Bact\u00e9ria no Zaffari: barulho \u00e9 maior que risco | Arquivo","og:url":"https:\/\/www.jornalja.com.br\/arquivo\/bacteria-no-zaffari-barulho-e-maior-que-risco\/","og:image":"https:\/\/www.jornalja.com.br\/economics\/wp-content\/uploads\/sites\/11\/2026\/08\/ja-folhaderosto-facebook.jpg","og:image:secure_url":"https:\/\/www.jornalja.com.br\/economics\/wp-content\/uploads\/sites\/11\/2026\/08\/ja-folhaderosto-facebook.jpg","article:published_time":"2017-09-01T16:08:06+00:00","article:modified_time":"2017-09-01T16:08:06+00:00","twitter:card":"summary","twitter:title":"Bact\u00e9ria no Zaffari: barulho \u00e9 maior que risco | Arquivo","twitter:image":"https:\/\/www.jornalja.com.br\/economics\/wp-content\/uploads\/sites\/11\/2026\/08\/ja-folhaderosto-facebook.jpg"},"aioseo_meta_data":{"post_id":"54585","title":null,"description":null,"keywords":null,"keyphrases":null,"primary_term":null,"canonical_url":null,"og_title":null,"og_description":null,"og_object_type":"default","og_image_type":"default","og_image_url":null,"og_image_width":null,"og_image_height":null,"og_image_custom_url":null,"og_image_custom_fields":null,"og_video":null,"og_custom_url":null,"og_article_section":null,"og_article_tags":null,"twitter_use_og":false,"twitter_card":"default","twitter_image_type":"default","twitter_image_url":null,"twitter_image_custom_url":null,"twitter_image_custom_fields":null,"twitter_title":null,"twitter_description":null,"schema":{"blockGraphs":[],"customGraphs":[],"default":{"data":{"Article":[],"Course":[],"Dataset":[],"FAQPage":[],"Movie":[],"Person":[],"Product":[],"ProductReview":[],"Car":[],"Recipe":[],"Service":[],"SoftwareApplication":[],"WebPage":[]},"graphName":"","isEnabled":true},"graphs":[]},"schema_type":null,"schema_type_options":null,"pillar_content":false,"robots_default":true,"robots_noindex":false,"robots_noarchive":false,"robots_nosnippet":false,"robots_nofollow":false,"robots_noimageindex":false,"robots_noodp":false,"robots_notranslate":false,"robots_max_snippet":null,"robots_max_videopreview":null,"robots_max_imagepreview":"large","priority":null,"frequency":null,"location":null,"local_seo":null,"breadcrumb_settings":null,"limit_modified_date":false,"ai":null,"created":"2020-12-20 20:26:01","updated":"2025-07-20 00:47:32","seo_analyzer_scan_date":null,"focus_keyword":null,"additional_keywords":null,"truseo_locale":null},"jetpack_sharing_enabled":true,"jetpack-related-posts":[{"id":5440,"url":"https:\/\/www.jornalja.com.br\/arquivo\/casarao-da-venancio-destino-permanece-incerto\/","url_meta":{"origin":54585,"position":0},"title":"Estado ainda n\u00e3o sabe o que fazer com casar\u00e3o abandonado h\u00e1 20 anos","author":"Elmar Bones","date":"6 de julho de 2009","format":false,"excerpt":"O casar\u00e3o amarelo, numa esquina nobre de Porto Alegre (Ven\u00e2ncio Aires com Jo\u00e3o Pessoa), j\u00e1 abrigou uma escola. H\u00e1 duas d\u00e9cadas, pelo menos, est\u00e1 abandonado, porque seu propriet\u00e1rio, o governo do Estado do Rio Grande do Sul, n\u00e3o consegue achar um destino para ele. Planos n\u00e3o faltaram. O governador Ol\u00edvio\u2026","rel":"","context":"Em &quot;X.Categorias velhas&quot;","block_context":{"text":"X.Categorias velhas","link":"https:\/\/www.jornalja.com.br\/arquivo\/category\/x-categorias-velhas\/"},"img":{"alt_text":"geraldo1","src":"https:\/\/i0.wp.com\/www.jornalja.com.br\/wp-content\/uploads\/2009\/07\/geraldo1.jpg?resize=350%2C200&ssl=1","width":350,"height":200},"classes":[]},{"id":13128,"url":"https:\/\/www.jornalja.com.br\/arquivo\/maconha-terra-diz-que-uso-medicinal-e-desculpa\/","url_meta":{"origin":54585,"position":1},"title":"Maconha: Terra diz que uso medicinal \u00e9 desculpa","author":"Patr\u00edcia Marini","date":"4 de junho de 2014","format":false,"excerpt":"A condi\u00e7\u00e3o de pol\u00edtico, em \u00e9poca de campanha de campanha eleitoral, tira for\u00e7a do discurso do m\u00e9dico Osmar Terra contra a legaliza\u00e7\u00e3o da maconha. A tese dele de que a libera\u00e7\u00e3o vai ampliar exponencialmente o consumo \u00e9 discutivel, o consumo \u00e9 corrente. Mas seus alertas quanto aos riscos tem que\u2026","rel":"","context":"Em &quot;X.Categorias velhas&quot;","block_context":{"text":"X.Categorias velhas","link":"https:\/\/www.jornalja.com.br\/arquivo\/category\/x-categorias-velhas\/"},"img":{"alt_text":"","src":"","width":0,"height":0},"classes":[]},{"id":13109,"url":"https:\/\/www.jornalja.com.br\/arquivo\/judiciario-reconhece-poluicao-eletromagnetica\/","url_meta":{"origin":54585,"position":2},"title":"Judici\u00e1rio reconhece polui\u00e7\u00e3o eletromagn\u00e9tica","author":"Patr\u00edcia Marini","date":"16 de maio de 2014","format":false,"excerpt":"A\u00e7\u00e3o de duas associa\u00e7\u00f5es de moradores foi acolhida pelo Tribunal de Justi\u00e7a de S\u00e3o Paulo que. em decis\u00e3o in\u00e9dita, determinou a redu\u00e7\u00e3o do campo eletromagn\u00e9tico gerado pelas linhas de transmiss\u00e3o de energia que cortam os bairros City Boa\u00e7ava e Alto de Pinheiros. \u00c9 a primeira vez que um tribunal do\u2026","rel":"","context":"Em &quot;X.Categorias velhas&quot;","block_context":{"text":"X.Categorias velhas","link":"https:\/\/www.jornalja.com.br\/arquivo\/category\/x-categorias-velhas\/"},"img":{"alt_text":"","src":"","width":0,"height":0},"classes":[]},{"id":13240,"url":"https:\/\/www.jornalja.com.br\/arquivo\/plano-diretor-estamos-construindo-o-caos\/","url_meta":{"origin":54585,"position":3},"title":"Plano diretor: &quot;Estamos construindo o caos&quot;","author":"Patr\u00edcia Marini","date":"26 de maio de 2014","format":false,"excerpt":"Desabafo que arquiteta Eliana Castilhos, delegada da Regi\u00e3o de Planejamento 1, postou nas redes sociais \u00e9 um testemunho do ambiente que se criou no Conselho do Plano Diretor de Porto Alegre, onde a aprova\u00e7\u00e3o de grandes empreendimentos \u00e9 empurrada guela abaixo dos conselheiros. Ao CMDUA Como delegada da Regi\u00e3o de\u2026","rel":"","context":"Em &quot;Geral&quot;","block_context":{"text":"Geral","link":"https:\/\/www.jornalja.com.br\/arquivo\/category\/geral\/"},"img":{"alt_text":"","src":"","width":0,"height":0},"classes":[]},{"id":13124,"url":"https:\/\/www.jornalja.com.br\/arquivo\/sangue-latino-no-iecine\/","url_meta":{"origin":54585,"position":4},"title":"Sangue latino no IECINE","author":"da Reda\u00e7\u00e3o","date":"18 de maio de 2014","format":false,"excerpt":"Francisco Ribeiro O Instituto Estadual de Cinema (IECINE) tem a frente, desde abril \u00faltimo, um novo diretor, o cineasta colombiano Juan Zapata, 36, que substitui Luiz Alberto Cassol. Radicado h\u00e1 dez anos em Porto Alegre, Zapata tem diante de si o desafio de conduzir at\u00e9 o final do ano um\u2026","rel":"","context":"Em &quot;Cultura-Geral&quot;","block_context":{"text":"Cultura-Geral","link":"https:\/\/www.jornalja.com.br\/arquivo\/category\/materiasecundaria\/"},"img":{"alt_text":"","src":"","width":0,"height":0},"classes":[]},{"id":12960,"url":"https:\/\/www.jornalja.com.br\/arquivo\/populacao-culpa-empresas-pela-greve-dos-rodoviarios\/","url_meta":{"origin":54585,"position":5},"title":"Popula\u00e7\u00e3o culpa empresas pela greve","author":"Patr\u00edcia Marini","date":"14 de fevereiro de 2014","format":false,"excerpt":"Pesquisa divulgada na edi\u00e7\u00e3o do jornal Metro desta sexta-feira,14, comprova o velho ditado: \u00e9 poss\u00edvel enganar muitos por algum tempo, mas n\u00e3o \u00e9 poss\u00edvel enganar a todos o tempo inteiro. A principal revela\u00e7\u00e3o foi que 59,8% dos entrevistados apontaram as empresas como as principais respons\u00e1veis pela grave e 46% culparam\u2026","rel":"","context":"Em &quot;X.Categorias velhas&quot;","block_context":{"text":"X.Categorias velhas","link":"https:\/\/www.jornalja.com.br\/arquivo\/category\/x-categorias-velhas\/"},"img":{"alt_text":"","src":"","width":0,"height":0},"classes":[]}],"jetpack_shortlink":"https:\/\/wp.me\/pbQjBd-ecp","jetpack_featured_media_url":"","_links":{"self":[{"href":"https:\/\/www.jornalja.com.br\/arquivo\/wp-json\/wp\/v2\/posts\/54585","targetHints":{"allow":["GET"]}}],"collection":[{"href":"https:\/\/www.jornalja.com.br\/arquivo\/wp-json\/wp\/v2\/posts"}],"about":[{"href":"https:\/\/www.jornalja.com.br\/arquivo\/wp-json\/wp\/v2\/types\/post"}],"author":[{"embeddable":true,"href":"https:\/\/www.jornalja.com.br\/arquivo\/wp-json\/wp\/v2\/users\/4"}],"replies":[{"embeddable":true,"href":"https:\/\/www.jornalja.com.br\/arquivo\/wp-json\/wp\/v2\/comments?post=54585"}],"version-history":[{"count":0,"href":"https:\/\/www.jornalja.com.br\/arquivo\/wp-json\/wp\/v2\/posts\/54585\/revisions"}],"wp:attachment":[{"href":"https:\/\/www.jornalja.com.br\/arquivo\/wp-json\/wp\/v2\/media?parent=54585"}],"wp:term":[{"taxonomy":"category","embeddable":true,"href":"https:\/\/www.jornalja.com.br\/arquivo\/wp-json\/wp\/v2\/categories?post=54585"},{"taxonomy":"post_tag","embeddable":true,"href":"https:\/\/www.jornalja.com.br\/arquivo\/wp-json\/wp\/v2\/tags?post=54585"}],"curies":[{"name":"wp","href":"https:\/\/api.w.org\/{rel}","templated":true}]}}