{"id":54591,"date":"2017-09-01T13:18:22","date_gmt":"2017-09-01T16:18:22","guid":{"rendered":"https:\/\/www.jornalja.com.br\/?p=54591"},"modified":"2017-09-01T13:18:22","modified_gmt":"2017-09-01T16:18:22","slug":"mp-de-santa-catarina-requer-ao-tce-ampla-auditoria-no-sistema-estadual-de-saude","status":"publish","type":"post","link":"https:\/\/www.jornalja.com.br\/arquivo\/mp-de-santa-catarina-requer-ao-tce-ampla-auditoria-no-sistema-estadual-de-saude\/","title":{"rendered":"MP de Santa Catarina requer ao TCE ampla auditoria no sistema estadual de sa\u00fade"},"content":{"rendered":"<p>O Procurador-Geral de Justi\u00e7a, Sandro Jos\u00e9 Neis, quer saber se entre os cerca de 8 mil inqu\u00e9ritos em tramita\u00e7\u00e3o no Estado h\u00e1 ind\u00edcios de improbidade administrativa cometida pelo Governador do Estado.<br \/>\nO Procurador-Geral de Justi\u00e7a, Sandro Jos\u00e9 Neis, anunciou, na manh\u00e3 desta sexta-feira (1\/9), uma s\u00e9rie de medidas para apurar a situa\u00e7\u00e3o financeira da \u00e1rea da sa\u00fade no Estado. Depois de avaliar procedimentos que investigam os mais diversos problemas na \u00e1rea j\u00e1 em curso no Minist\u00e9rio P\u00fablico de Santa Catarina (MPSC), o PGJ decidiu solicitar ao Tribunal de Contas do Estado (TCE) uma auditoria em todo o sistema de sa\u00fade e \u00e0 Assembleia Legislativa o resultado dos julgamentos das contas do Governo dos \u00faltimos cinco anos.<br \/>\nO PGJ instaurou uma not\u00edcia de fato, procedimento interno que significa uma apura\u00e7\u00e3o pr\u00e9via, e vai verificar se h\u00e1 ind\u00edcios de responsabilidade do Governador do Estado por ato de improbidade administrativa nas contas da sa\u00fade. Para isso, vai requisitar informa\u00e7\u00f5es a todos os Promotores de Justi\u00e7a que investigam quest\u00f5es envolvendo a sa\u00fade no Estado.<br \/>\nAo todo, entre 2014 e julho de 2017, foram instaurados no MPSC mais de 8 mil inqu\u00e9ritos civis e procedimentos preparat\u00f3rios pelas Promotorias de Justi\u00e7a. Os Promotores de Justi\u00e7a tamb\u00e9m j\u00e1 ajuizaram pelo menos 4 mil e 800 a\u00e7\u00f5es civis p\u00fablicas. Tudo com o objetivo de adequar o fornecimento de insumos, servi\u00e7os ou medicamentos para o atendimento \u00e0 popula\u00e7\u00e3o catarinense.<br \/>\nO Chefe do MPSC criou, ainda, um grupo de trabalho, formado por Promotores de Justi\u00e7a, para atuar na 33\u00aa Promotoria de Justi\u00e7a da Capital, que possui atribui\u00e7\u00e3o exclusiva na defesa da sa\u00fade em \u00e2mbito estadual, a fim de dar agilidade a todos os procedimentos que ali tramitam. A 33\u00aa Promotoria de Justi\u00e7a da Capital apura, por exemplo, a indisponibilidade do SAMU em raz\u00e3o da falta de combust\u00edvel e de repasse financeiro e a poss\u00edvel paralisa\u00e7\u00e3o e suspens\u00e3o dos servi\u00e7os prestados pela FAHECE no HEMOSC e CEPON tamb\u00e9m por atraso de repasse de recursos p\u00fablicos.<br \/>\n&#8220;O Minist\u00e9rio P\u00fablico de Santa Catarina reconhece a gravidade do momento na presta\u00e7\u00e3o do servi\u00e7o de sa\u00fade. \u00c9 uma preocupa\u00e7\u00e3o de todo o Minist\u00e9rio P\u00fablico. A d\u00edvida do Estado com a sa\u00fade \u00e9 extremamente preocupante, s\u00e3o mais de 500 milh\u00f5es reconhecidos pela Secretaria Estadual da Sa\u00fade. \u00c9 importante o conhecimento o sistema de gest\u00e3o. Por isso, a import\u00e2ncia da autoria. Precisamos verificar se os servi\u00e7os foram efetivamente prestados, como os recursos est\u00e3o sendo aplicados e se o Governo do Estado vem atendendo os limites legais com o gasto na sa\u00fade &#8220;, afirmou o PGJ, em entrevista coletiva \u00e0 imprensa.<br \/>\nTamb\u00e9m participaram da entrevista os Promotores de Justi\u00e7a que integram o grupo de trabalho formado para atua\u00e7\u00e3o especial na \u00e1rea da sa\u00fade: as Coordenadoras do Centro de Apoio Operacional dos Direitos Humanos, Caroline Cabral Zonta e Ariadne Clarisssa Klein; o Coordenador do Centro de Apoio Operacional da Inf\u00e2ncia e Juventude, Jo\u00e3o Luiz Botega; os Promotores da 33\u00aa Promotoria de Justi\u00e7a da Capital, Thiago Carri\u00e7o de Oliveira e Bartira Soldera Dias; e o Promotor de Justi\u00e7a da Inf\u00e2ncia e Juventude Benhur Poti Betiolo.<br \/>\n<span class=\"intertit\">ATUA\u00c7\u00c3O DO MPSC NA \u00c1REA DA SA\u00daDE<\/span><br \/>\nInqu\u00e9rito Civil P\u00fablico n. 06.2016.002933-8, que apura poss\u00edvel paralisa\u00e7\u00e3o e suspens\u00e3o dos servi\u00e7os prestados pela FAHECE no HEMOSC e CEPON por atraso de repasse dos recursos p\u00fablicos da Secretaria de Estado da Sa\u00fade \u00e0quela funda\u00e7\u00e3o (33\u00aa PJ da Capital).<br \/>\nInqu\u00e9rito Civil P\u00fablico n. 06.2017.003651-0, que apura a indisponibilidade do SAMU em raz\u00e3o da falta de combust\u00edvel e de repasse de valores (33\u00aa PJ da Capital).<br \/>\nA\u00e7\u00e3o Civil P\u00fablica n. 08.2016.00401535-0, proposta em face do Estado de Santa Catarina para obrig\u00e1-lo a efetuar o pagamento de 16.149.960,00 (dezesseis milh\u00f5es, cento e quarenta e nove mil, novecentos e sessenta reais) \u00e0 Organiza\u00e7\u00e3o Social que executa o contrato do Hospital Infantil Dr. Jeser Amarante Faria de Joinville, que amea\u00e7ava paralisar todos os servi\u00e7os eletivos e de emerg\u00eancia em raz\u00e3o da falta de insumos e equipamentos.<br \/>\nInqu\u00e9rito Civil P\u00fablico n. 06.2017.00004242-3, que apura a adequa\u00e7\u00e3o do procedimento de transfer\u00eancia para Organiza\u00e7\u00f5es Sociais dos servi\u00e7os de sa\u00fade no Estado de Santa Catarina (33\u00aa PJ da Capital).<br \/>\nInqu\u00e9rito Civil P\u00fablico n. 06.2016.004442-2, que apura o n\u00e3o pagamento dos incentivos estabelecidos na Lei n. 16.159\/2013 e destinados a consultas e exames de m\u00e9dia e alta complexidade.<br \/>\nInqu\u00e9rito Civil P\u00fablico n. 06.2016.004050-0, que apura o atraso no repasse pelo Estado de valores destinados \u00e0 Aten\u00e7\u00e3o B\u00e1sica e \u00e0 Assist\u00eancia Farmac\u00eautica, colocando em risco a continuidade dos servi\u00e7os de sa\u00fade prestados pelos 295 munic\u00edpios catarinenses.<br \/>\nInqu\u00e9rito Civil P\u00fablico n. 06.2015.00009944-2 \u00bf que apura a not\u00edcia da aus\u00eancia de prestador no Estado para exames de alto custo de angiotomografia, angiorresson\u00e2ncia, resson\u00e2ncia com e sem seda\u00e7\u00e3o, cintilografia pulmonar e linfocintilografia.<br \/>\nInqu\u00e9rito Civil P\u00fablico n. 06.2016.00008931-5, que apura a falta de recursos humanos, medicamentos e manuten\u00e7\u00e3o de equipamentos no Hospital Governador Celso Ramos.<br \/>\nInqu\u00e9rito Civil P\u00fablico n. 06.2016.00005442-6 , que apura a not\u00edcia da falta de materiais e manuten\u00e7\u00e3o de equipamentos no Setor de Emerg\u00eancia do Hospital Governador Celso Ramos.<br \/>\nInqu\u00e9rito Civil P\u00fablico n. 06.2016.00004710-3, que apura a not\u00edcia de falta de materiais b\u00e1sicos e de irregularidades na unidade semi-intensiva (UTI neurocir\u00fargica) do Hospital Governador Celso Ramos.<br \/>\nInqu\u00e9rito Civil P\u00fablico n. 06.2016.003881-5, que apura a escassez de leitos p\u00fablicos de UTI no Estado e o descumprimento das regras da Pol\u00edtica Nacional de Regula\u00e7\u00e3o pelas unidades hospitalares p\u00fablicas e conveniadas.<br \/>\nInqu\u00e9rito Civil P\u00fablico n. 06.2013.00003237-5 &#8211; Apurar not\u00edcia de fechamento de 04 leitos de UTI Neonatal, suspens\u00e3o de tratamento cl\u00ednico para pacientes oncol\u00f3gicos, suspens\u00e3o de cirurgias eletivas e suspens\u00e3o das atividades do Posto 3 da MCD e para suprir t\u00e9cnicos de enfermagem nos Postos 1 e 2.<br \/>\nInqu\u00e9rito Civil P\u00fablico n. 06.2017.005291-0, que apura a suspens\u00e3o das cirurgias eletivas no Hospital Infantil Joana de Gusm\u00e3o por falta de materiais cir\u00fargicos, medicamentos e de higiene.<br \/>\nA\u00e7\u00e3o civil p\u00fablica n. 023.08.014424-4, que tem por objeto obrigar o Estado de Santa Catarina a contratar recursos humanos para adequa\u00e7\u00e3o do atendimento nos Hospitais Florian\u00f3polis, Governador Celso Ramos, Infantil Joana de Gusm\u00e3o, Nereu Ramos, Regional de S\u00e3o Jos\u00e9 e Maternidade Carmela Dutra.<br \/>\n<span class=\"intertit\">D\u00edvidas da Secretaria de Estado da Sa\u00fade \u00a0<\/span><br \/>\nTotal reconhecido pela Secretaria de Estado da Sa\u00fade = R$508.370.197,85 (at\u00e9 31 de julho de 2017)<br \/>\nD\u00edvidas com organiza\u00e7\u00f5es sociais &#8211; total R$141.659.375,88<br \/>\nHEMOSC = R$30.368.505,52<br \/>\nCEPON = 47.099.448,96<br \/>\nHospital Infantil Jeser Amarante = R$13.891.270,00<br \/>\nHospital Regional de S\u00e3o Miguel do Oeste = R$10.465,508,93<br \/>\nHospital Regional de Ararangu\u00e1 = R$4.278.015,91<br \/>\nHospital Florian\u00f3polis = R$8.032.886,36<br \/>\nSAMU = R$27.523.740,20<br \/>\nD\u00edvidas referentes a incentivos hospitalares, rede de urg\u00eancia e emerg\u00eancia e incentivo maternidade &#8211; total = R$20.538.544,39<br \/>\nD\u00edvidas referentes a conv\u00eanios com hospitais terceirizados &#8211; total = R$21.529.508,28<br \/>\nD\u00edvidas com fornecedores:\u00a0R$266.046.862,92<br \/>\nD\u00edvidas com munic\u00edpios: R$51.353.961,24<\/p>\n","protected":false},"excerpt":{"rendered":"<p>O Procurador-Geral de Justi\u00e7a, Sandro Jos\u00e9 Neis, quer saber se entre os cerca de 8 mil inqu\u00e9ritos em tramita\u00e7\u00e3o no Estado h\u00e1 ind\u00edcios de improbidade administrativa cometida pelo Governador do Estado. O Procurador-Geral de Justi\u00e7a, Sandro Jos\u00e9 Neis, anunciou, na manh\u00e3 desta sexta-feira (1\/9), uma s\u00e9rie de medidas para apurar a situa\u00e7\u00e3o financeira da \u00e1rea [&hellip;]<\/p>\n","protected":false},"author":4,"featured_media":0,"comment_status":"open","ping_status":"closed","sticky":false,"template":"","format":"standard","meta":{"_jetpack_newsletter_access":"","_jetpack_dont_email_post_to_subs":false,"_jetpack_newsletter_tier_id":0,"_jetpack_memberships_contains_paywalled_content":false,"_jetpack_feature_clip_id":0,"_jetpack_memberships_contains_paid_content":false,"footnotes":"","jetpack_post_was_ever_published":false},"categories":[2022],"tags":[],"class_list":["post-54591","post","type-post","status-publish","format-standard","hentry","category-notas"],"aioseo_notices":[],"aioseo_head":"\n\t\t<!-- All in One SEO 5.0.1.1 - aioseo.com -->\n\t<meta name=\"robots\" content=\"max-image-preview:large\" \/>\n\t<meta name=\"author\" content=\"da Reda\u00e7\u00e3o\"\/>\n\t<link rel=\"canonical\" href=\"https:\/\/www.jornalja.com.br\/arquivo\/mp-de-santa-catarina-requer-ao-tce-ampla-auditoria-no-sistema-estadual-de-saude\/\" \/>\n\t<meta name=\"generator\" content=\"All in One SEO (AIOSEO) 5.0.1.1\" \/>\n\t\t<meta property=\"og:locale\" content=\"pt_BR\" \/>\n\t\t<meta property=\"og:site_name\" content=\"Arquivo | Jornal J\u00c1 | Porto Alegre\" \/>\n\t\t<meta property=\"og:type\" content=\"article\" \/>\n\t\t<meta property=\"og:title\" content=\"MP de Santa Catarina requer ao TCE ampla auditoria no sistema estadual de sa\u00fade | Arquivo\" \/>\n\t\t<meta property=\"og:url\" content=\"https:\/\/www.jornalja.com.br\/arquivo\/mp-de-santa-catarina-requer-ao-tce-ampla-auditoria-no-sistema-estadual-de-saude\/\" \/>\n\t\t<meta property=\"og:image\" content=\"https:\/\/www.jornalja.com.br\/economics\/wp-content\/uploads\/sites\/11\/2026\/08\/ja-folhaderosto-facebook.jpg\" \/>\n\t\t<meta property=\"og:image:secure_url\" content=\"https:\/\/www.jornalja.com.br\/economics\/wp-content\/uploads\/sites\/11\/2026\/08\/ja-folhaderosto-facebook.jpg\" \/>\n\t\t<meta property=\"article:published_time\" content=\"2017-09-01T16:18:22+00:00\" \/>\n\t\t<meta property=\"article:modified_time\" content=\"2017-09-01T16:18:22+00:00\" \/>\n\t\t<meta name=\"twitter:card\" content=\"summary\" \/>\n\t\t<meta name=\"twitter:title\" content=\"MP de Santa Catarina requer ao TCE ampla auditoria no sistema estadual de sa\u00fade | Arquivo\" \/>\n\t\t<meta name=\"twitter:image\" content=\"https:\/\/www.jornalja.com.br\/economics\/wp-content\/uploads\/sites\/11\/2026\/08\/ja-folhaderosto-facebook.jpg\" \/>\n\t\t<script type=\"application\/ld+json\" class=\"aioseo-schema\">\n\t\t\t{\"@context\":\"https:\\\/\\\/schema.org\",\"@graph\":[{\"@type\":\"BlogPosting\",\"@id\":\"https:\\\/\\\/www.jornalja.com.br\\\/arquivo\\\/mp-de-santa-catarina-requer-ao-tce-ampla-auditoria-no-sistema-estadual-de-saude\\\/#blogposting\",\"name\":\"MP de Santa Catarina requer ao TCE ampla auditoria no sistema estadual de sa\\u00fade | Arquivo\",\"headline\":\"MP de Santa Catarina requer ao TCE ampla auditoria no sistema estadual de sa\\u00fade\",\"author\":{\"@id\":\"https:\\\/\\\/www.jornalja.com.br\\\/arquivo\\\/author\\\/daredacao\\\/#author\"},\"publisher\":{\"@id\":\"https:\\\/\\\/www.jornalja.com.br\\\/arquivo\\\/#organization\"},\"image\":{\"@type\":\"ImageObject\",\"url\":\"https:\\\/\\\/www.jornalja.com.br\\\/wp-content\\\/uploads\\\/cards\\\/JAslogan.png\",\"@id\":\"https:\\\/\\\/www.jornalja.com.br\\\/arquivo\\\/#articleImage\"},\"datePublished\":\"2017-09-01T13:18:22-03:00\",\"dateModified\":\"2017-09-01T13:18:22-03:00\",\"inLanguage\":\"pt-BR\",\"mainEntityOfPage\":{\"@id\":\"https:\\\/\\\/www.jornalja.com.br\\\/arquivo\\\/mp-de-santa-catarina-requer-ao-tce-ampla-auditoria-no-sistema-estadual-de-saude\\\/#webpage\"},\"isPartOf\":{\"@id\":\"https:\\\/\\\/www.jornalja.com.br\\\/arquivo\\\/mp-de-santa-catarina-requer-ao-tce-ampla-auditoria-no-sistema-estadual-de-saude\\\/#webpage\"},\"articleSection\":\"NOTAS\"},{\"@type\":\"BreadcrumbList\",\"@id\":\"https:\\\/\\\/www.jornalja.com.br\\\/arquivo\\\/mp-de-santa-catarina-requer-ao-tce-ampla-auditoria-no-sistema-estadual-de-saude\\\/#breadcrumblist\",\"itemListElement\":[{\"@type\":\"ListItem\",\"@id\":\"https:\\\/\\\/www.jornalja.com.br\\\/arquivo#listItem\",\"position\":1,\"name\":\"Home\",\"item\":\"https:\\\/\\\/www.jornalja.com.br\\\/arquivo\",\"nextItem\":{\"@type\":\"ListItem\",\"@id\":\"https:\\\/\\\/www.jornalja.com.br\\\/arquivo\\\/category\\\/notas\\\/#listItem\",\"name\":\"NOTAS\"}},{\"@type\":\"ListItem\",\"@id\":\"https:\\\/\\\/www.jornalja.com.br\\\/arquivo\\\/category\\\/notas\\\/#listItem\",\"position\":2,\"name\":\"NOTAS\",\"item\":\"https:\\\/\\\/www.jornalja.com.br\\\/arquivo\\\/category\\\/notas\\\/\",\"nextItem\":{\"@type\":\"ListItem\",\"@id\":\"https:\\\/\\\/www.jornalja.com.br\\\/arquivo\\\/mp-de-santa-catarina-requer-ao-tce-ampla-auditoria-no-sistema-estadual-de-saude\\\/#listItem\",\"name\":\"MP de Santa Catarina requer ao TCE ampla auditoria no sistema estadual de sa\\u00fade\"},\"previousItem\":{\"@type\":\"ListItem\",\"@id\":\"https:\\\/\\\/www.jornalja.com.br\\\/arquivo#listItem\",\"name\":\"Home\"}},{\"@type\":\"ListItem\",\"@id\":\"https:\\\/\\\/www.jornalja.com.br\\\/arquivo\\\/mp-de-santa-catarina-requer-ao-tce-ampla-auditoria-no-sistema-estadual-de-saude\\\/#listItem\",\"position\":3,\"name\":\"MP de Santa Catarina requer ao TCE ampla auditoria no sistema estadual de sa\\u00fade\",\"previousItem\":{\"@type\":\"ListItem\",\"@id\":\"https:\\\/\\\/www.jornalja.com.br\\\/arquivo\\\/category\\\/notas\\\/#listItem\",\"name\":\"NOTAS\"}}]},{\"@type\":\"Organization\",\"@id\":\"https:\\\/\\\/www.jornalja.com.br\\\/arquivo\\\/#organization\",\"name\":\"Jornal J\\u00c1\",\"description\":\"Jornal J\\u00c1 | Porto Alegre\",\"url\":\"https:\\\/\\\/www.jornalja.com.br\\\/arquivo\\\/\",\"telephone\":\"+555133307272\",\"logo\":{\"@type\":\"ImageObject\",\"url\":\"https:\\\/\\\/www.jornalja.com.br\\\/wp-content\\\/uploads\\\/cards\\\/JAslogan.png\",\"@id\":\"https:\\\/\\\/www.jornalja.com.br\\\/arquivo\\\/mp-de-santa-catarina-requer-ao-tce-ampla-auditoria-no-sistema-estadual-de-saude\\\/#organizationLogo\"},\"image\":{\"@id\":\"https:\\\/\\\/www.jornalja.com.br\\\/arquivo\\\/mp-de-santa-catarina-requer-ao-tce-ampla-auditoria-no-sistema-estadual-de-saude\\\/#organizationLogo\"}},{\"@type\":\"Person\",\"@id\":\"https:\\\/\\\/www.jornalja.com.br\\\/arquivo\\\/author\\\/daredacao\\\/#author\",\"url\":\"https:\\\/\\\/www.jornalja.com.br\\\/arquivo\\\/author\\\/daredacao\\\/\",\"name\":\"da Reda\\u00e7\\u00e3o\",\"image\":{\"@type\":\"ImageObject\",\"@id\":\"https:\\\/\\\/www.jornalja.com.br\\\/arquivo\\\/mp-de-santa-catarina-requer-ao-tce-ampla-auditoria-no-sistema-estadual-de-saude\\\/#authorImage\",\"url\":\"https:\\\/\\\/secure.gravatar.com\\\/avatar\\\/469fd857d6605ad19919d27ed29d35a968a25f6e8fd9318356bbb7f57aae9c65?s=96&d=mm&r=g\",\"width\":96,\"height\":96,\"caption\":\"da Reda\\u00e7\\u00e3o\"}},{\"@type\":\"WebPage\",\"@id\":\"https:\\\/\\\/www.jornalja.com.br\\\/arquivo\\\/mp-de-santa-catarina-requer-ao-tce-ampla-auditoria-no-sistema-estadual-de-saude\\\/#webpage\",\"url\":\"https:\\\/\\\/www.jornalja.com.br\\\/arquivo\\\/mp-de-santa-catarina-requer-ao-tce-ampla-auditoria-no-sistema-estadual-de-saude\\\/\",\"name\":\"MP de Santa Catarina requer ao TCE ampla auditoria no sistema estadual de sa\\u00fade | Arquivo\",\"inLanguage\":\"pt-BR\",\"isPartOf\":{\"@id\":\"https:\\\/\\\/www.jornalja.com.br\\\/arquivo\\\/#website\"},\"breadcrumb\":{\"@id\":\"https:\\\/\\\/www.jornalja.com.br\\\/arquivo\\\/mp-de-santa-catarina-requer-ao-tce-ampla-auditoria-no-sistema-estadual-de-saude\\\/#breadcrumblist\"},\"author\":{\"@id\":\"https:\\\/\\\/www.jornalja.com.br\\\/arquivo\\\/author\\\/daredacao\\\/#author\"},\"creator\":{\"@id\":\"https:\\\/\\\/www.jornalja.com.br\\\/arquivo\\\/author\\\/daredacao\\\/#author\"},\"datePublished\":\"2017-09-01T13:18:22-03:00\",\"dateModified\":\"2017-09-01T13:18:22-03:00\"},{\"@type\":\"WebSite\",\"@id\":\"https:\\\/\\\/www.jornalja.com.br\\\/arquivo\\\/#website\",\"url\":\"https:\\\/\\\/www.jornalja.com.br\\\/arquivo\\\/\",\"name\":\"Arquivo\",\"description\":\"Jornal J\\u00c1 | Porto Alegre\",\"inLanguage\":\"pt-BR\",\"publisher\":{\"@id\":\"https:\\\/\\\/www.jornalja.com.br\\\/arquivo\\\/#organization\"}}]}\n\t\t<\/script>\n\t\t<!-- All in One SEO -->\n\n","aioseo_head_json":{"title":"MP de Santa Catarina requer ao TCE ampla auditoria no sistema estadual de sa\u00fade | Arquivo","description":"","canonical_url":"https:\/\/www.jornalja.com.br\/arquivo\/mp-de-santa-catarina-requer-ao-tce-ampla-auditoria-no-sistema-estadual-de-saude\/","robots":"max-image-preview:large","keywords":"","webmasterTools":{"miscellaneous":""},"schema":{"@context":"https:\/\/schema.org","@graph":[{"@type":"BlogPosting","@id":"https:\/\/www.jornalja.com.br\/arquivo\/mp-de-santa-catarina-requer-ao-tce-ampla-auditoria-no-sistema-estadual-de-saude\/#blogposting","name":"MP de Santa Catarina requer ao TCE ampla auditoria no sistema estadual de sa\u00fade | Arquivo","headline":"MP de Santa Catarina requer ao TCE ampla auditoria no sistema estadual de sa\u00fade","author":{"@id":"https:\/\/www.jornalja.com.br\/arquivo\/author\/daredacao\/#author"},"publisher":{"@id":"https:\/\/www.jornalja.com.br\/arquivo\/#organization"},"image":{"@type":"ImageObject","url":"https:\/\/www.jornalja.com.br\/wp-content\/uploads\/cards\/JAslogan.png","@id":"https:\/\/www.jornalja.com.br\/arquivo\/#articleImage"},"datePublished":"2017-09-01T13:18:22-03:00","dateModified":"2017-09-01T13:18:22-03:00","inLanguage":"pt-BR","mainEntityOfPage":{"@id":"https:\/\/www.jornalja.com.br\/arquivo\/mp-de-santa-catarina-requer-ao-tce-ampla-auditoria-no-sistema-estadual-de-saude\/#webpage"},"isPartOf":{"@id":"https:\/\/www.jornalja.com.br\/arquivo\/mp-de-santa-catarina-requer-ao-tce-ampla-auditoria-no-sistema-estadual-de-saude\/#webpage"},"articleSection":"NOTAS"},{"@type":"BreadcrumbList","@id":"https:\/\/www.jornalja.com.br\/arquivo\/mp-de-santa-catarina-requer-ao-tce-ampla-auditoria-no-sistema-estadual-de-saude\/#breadcrumblist","itemListElement":[{"@type":"ListItem","@id":"https:\/\/www.jornalja.com.br\/arquivo#listItem","position":1,"name":"Home","item":"https:\/\/www.jornalja.com.br\/arquivo","nextItem":{"@type":"ListItem","@id":"https:\/\/www.jornalja.com.br\/arquivo\/category\/notas\/#listItem","name":"NOTAS"}},{"@type":"ListItem","@id":"https:\/\/www.jornalja.com.br\/arquivo\/category\/notas\/#listItem","position":2,"name":"NOTAS","item":"https:\/\/www.jornalja.com.br\/arquivo\/category\/notas\/","nextItem":{"@type":"ListItem","@id":"https:\/\/www.jornalja.com.br\/arquivo\/mp-de-santa-catarina-requer-ao-tce-ampla-auditoria-no-sistema-estadual-de-saude\/#listItem","name":"MP de Santa Catarina requer ao TCE ampla auditoria no sistema estadual de sa\u00fade"},"previousItem":{"@type":"ListItem","@id":"https:\/\/www.jornalja.com.br\/arquivo#listItem","name":"Home"}},{"@type":"ListItem","@id":"https:\/\/www.jornalja.com.br\/arquivo\/mp-de-santa-catarina-requer-ao-tce-ampla-auditoria-no-sistema-estadual-de-saude\/#listItem","position":3,"name":"MP de Santa Catarina requer ao TCE ampla auditoria no sistema estadual de sa\u00fade","previousItem":{"@type":"ListItem","@id":"https:\/\/www.jornalja.com.br\/arquivo\/category\/notas\/#listItem","name":"NOTAS"}}]},{"@type":"Organization","@id":"https:\/\/www.jornalja.com.br\/arquivo\/#organization","name":"Jornal J\u00c1","description":"Jornal J\u00c1 | Porto Alegre","url":"https:\/\/www.jornalja.com.br\/arquivo\/","telephone":"+555133307272","logo":{"@type":"ImageObject","url":"https:\/\/www.jornalja.com.br\/wp-content\/uploads\/cards\/JAslogan.png","@id":"https:\/\/www.jornalja.com.br\/arquivo\/mp-de-santa-catarina-requer-ao-tce-ampla-auditoria-no-sistema-estadual-de-saude\/#organizationLogo"},"image":{"@id":"https:\/\/www.jornalja.com.br\/arquivo\/mp-de-santa-catarina-requer-ao-tce-ampla-auditoria-no-sistema-estadual-de-saude\/#organizationLogo"}},{"@type":"Person","@id":"https:\/\/www.jornalja.com.br\/arquivo\/author\/daredacao\/#author","url":"https:\/\/www.jornalja.com.br\/arquivo\/author\/daredacao\/","name":"da Reda\u00e7\u00e3o","image":{"@type":"ImageObject","@id":"https:\/\/www.jornalja.com.br\/arquivo\/mp-de-santa-catarina-requer-ao-tce-ampla-auditoria-no-sistema-estadual-de-saude\/#authorImage","url":"https:\/\/secure.gravatar.com\/avatar\/469fd857d6605ad19919d27ed29d35a968a25f6e8fd9318356bbb7f57aae9c65?s=96&d=mm&r=g","width":96,"height":96,"caption":"da Reda\u00e7\u00e3o"}},{"@type":"WebPage","@id":"https:\/\/www.jornalja.com.br\/arquivo\/mp-de-santa-catarina-requer-ao-tce-ampla-auditoria-no-sistema-estadual-de-saude\/#webpage","url":"https:\/\/www.jornalja.com.br\/arquivo\/mp-de-santa-catarina-requer-ao-tce-ampla-auditoria-no-sistema-estadual-de-saude\/","name":"MP de Santa Catarina requer ao TCE ampla auditoria no sistema estadual de sa\u00fade | Arquivo","inLanguage":"pt-BR","isPartOf":{"@id":"https:\/\/www.jornalja.com.br\/arquivo\/#website"},"breadcrumb":{"@id":"https:\/\/www.jornalja.com.br\/arquivo\/mp-de-santa-catarina-requer-ao-tce-ampla-auditoria-no-sistema-estadual-de-saude\/#breadcrumblist"},"author":{"@id":"https:\/\/www.jornalja.com.br\/arquivo\/author\/daredacao\/#author"},"creator":{"@id":"https:\/\/www.jornalja.com.br\/arquivo\/author\/daredacao\/#author"},"datePublished":"2017-09-01T13:18:22-03:00","dateModified":"2017-09-01T13:18:22-03:00"},{"@type":"WebSite","@id":"https:\/\/www.jornalja.com.br\/arquivo\/#website","url":"https:\/\/www.jornalja.com.br\/arquivo\/","name":"Arquivo","description":"Jornal J\u00c1 | Porto Alegre","inLanguage":"pt-BR","publisher":{"@id":"https:\/\/www.jornalja.com.br\/arquivo\/#organization"}}]},"og:locale":"pt_BR","og:site_name":"Arquivo | Jornal J\u00c1 | Porto Alegre","og:type":"article","og:title":"MP de Santa Catarina requer ao TCE ampla auditoria no sistema estadual de sa\u00fade | Arquivo","og:url":"https:\/\/www.jornalja.com.br\/arquivo\/mp-de-santa-catarina-requer-ao-tce-ampla-auditoria-no-sistema-estadual-de-saude\/","og:image":"https:\/\/www.jornalja.com.br\/economics\/wp-content\/uploads\/sites\/11\/2026\/08\/ja-folhaderosto-facebook.jpg","og:image:secure_url":"https:\/\/www.jornalja.com.br\/economics\/wp-content\/uploads\/sites\/11\/2026\/08\/ja-folhaderosto-facebook.jpg","article:published_time":"2017-09-01T16:18:22+00:00","article:modified_time":"2017-09-01T16:18:22+00:00","twitter:card":"summary","twitter:title":"MP de Santa Catarina requer ao TCE ampla auditoria no sistema estadual de sa\u00fade | Arquivo","twitter:image":"https:\/\/www.jornalja.com.br\/economics\/wp-content\/uploads\/sites\/11\/2026\/08\/ja-folhaderosto-facebook.jpg"},"aioseo_meta_data":{"post_id":"54591","title":null,"description":null,"keywords":null,"keyphrases":null,"primary_term":null,"canonical_url":null,"og_title":null,"og_description":null,"og_object_type":"default","og_image_type":"default","og_image_url":null,"og_image_width":null,"og_image_height":null,"og_image_custom_url":null,"og_image_custom_fields":null,"og_video":null,"og_custom_url":null,"og_article_section":null,"og_article_tags":null,"twitter_use_og":false,"twitter_card":"default","twitter_image_type":"default","twitter_image_url":null,"twitter_image_custom_url":null,"twitter_image_custom_fields":null,"twitter_title":null,"twitter_description":null,"schema":{"blockGraphs":[],"customGraphs":[],"default":{"data":{"Article":[],"Course":[],"Dataset":[],"FAQPage":[],"Movie":[],"Person":[],"Product":[],"ProductReview":[],"Car":[],"Recipe":[],"Service":[],"SoftwareApplication":[],"WebPage":[]},"graphName":"","isEnabled":true},"graphs":[]},"schema_type":null,"schema_type_options":null,"pillar_content":false,"robots_default":true,"robots_noindex":false,"robots_noarchive":false,"robots_nosnippet":false,"robots_nofollow":false,"robots_noimageindex":false,"robots_noodp":false,"robots_notranslate":false,"robots_max_snippet":null,"robots_max_videopreview":null,"robots_max_imagepreview":"large","priority":null,"frequency":null,"location":null,"local_seo":null,"breadcrumb_settings":null,"limit_modified_date":false,"ai":null,"created":"2020-12-20 20:26:01","updated":"2025-07-20 00:47:32","seo_analyzer_scan_date":null,"focus_keyword":null,"additional_keywords":null,"truseo_locale":null},"jetpack_sharing_enabled":true,"jetpack-related-posts":[{"id":13128,"url":"https:\/\/www.jornalja.com.br\/arquivo\/maconha-terra-diz-que-uso-medicinal-e-desculpa\/","url_meta":{"origin":54591,"position":0},"title":"Maconha: Terra diz que uso medicinal \u00e9 desculpa","author":"Patr\u00edcia Marini","date":"4 de junho de 2014","format":false,"excerpt":"A condi\u00e7\u00e3o de pol\u00edtico, em \u00e9poca de campanha de campanha eleitoral, tira for\u00e7a do discurso do m\u00e9dico Osmar Terra contra a legaliza\u00e7\u00e3o da maconha. A tese dele de que a libera\u00e7\u00e3o vai ampliar exponencialmente o consumo \u00e9 discutivel, o consumo \u00e9 corrente. Mas seus alertas quanto aos riscos tem que\u2026","rel":"","context":"Em &quot;X.Categorias velhas&quot;","block_context":{"text":"X.Categorias velhas","link":"https:\/\/www.jornalja.com.br\/arquivo\/category\/x-categorias-velhas\/"},"img":{"alt_text":"","src":"","width":0,"height":0},"classes":[]},{"id":13109,"url":"https:\/\/www.jornalja.com.br\/arquivo\/judiciario-reconhece-poluicao-eletromagnetica\/","url_meta":{"origin":54591,"position":1},"title":"Judici\u00e1rio reconhece polui\u00e7\u00e3o eletromagn\u00e9tica","author":"Patr\u00edcia Marini","date":"16 de maio de 2014","format":false,"excerpt":"A\u00e7\u00e3o de duas associa\u00e7\u00f5es de moradores foi acolhida pelo Tribunal de Justi\u00e7a de S\u00e3o Paulo que. em decis\u00e3o in\u00e9dita, determinou a redu\u00e7\u00e3o do campo eletromagn\u00e9tico gerado pelas linhas de transmiss\u00e3o de energia que cortam os bairros City Boa\u00e7ava e Alto de Pinheiros. \u00c9 a primeira vez que um tribunal do\u2026","rel":"","context":"Em &quot;X.Categorias velhas&quot;","block_context":{"text":"X.Categorias velhas","link":"https:\/\/www.jornalja.com.br\/arquivo\/category\/x-categorias-velhas\/"},"img":{"alt_text":"","src":"","width":0,"height":0},"classes":[]},{"id":5440,"url":"https:\/\/www.jornalja.com.br\/arquivo\/casarao-da-venancio-destino-permanece-incerto\/","url_meta":{"origin":54591,"position":2},"title":"Estado ainda n\u00e3o sabe o que fazer com casar\u00e3o abandonado h\u00e1 20 anos","author":"Elmar Bones","date":"6 de julho de 2009","format":false,"excerpt":"O casar\u00e3o amarelo, numa esquina nobre de Porto Alegre (Ven\u00e2ncio Aires com Jo\u00e3o Pessoa), j\u00e1 abrigou uma escola. H\u00e1 duas d\u00e9cadas, pelo menos, est\u00e1 abandonado, porque seu propriet\u00e1rio, o governo do Estado do Rio Grande do Sul, n\u00e3o consegue achar um destino para ele. Planos n\u00e3o faltaram. O governador Ol\u00edvio\u2026","rel":"","context":"Em &quot;X.Categorias velhas&quot;","block_context":{"text":"X.Categorias velhas","link":"https:\/\/www.jornalja.com.br\/arquivo\/category\/x-categorias-velhas\/"},"img":{"alt_text":"geraldo1","src":"https:\/\/i0.wp.com\/www.jornalja.com.br\/wp-content\/uploads\/2009\/07\/geraldo1.jpg?resize=350%2C200&ssl=1","width":350,"height":200},"classes":[]},{"id":13124,"url":"https:\/\/www.jornalja.com.br\/arquivo\/sangue-latino-no-iecine\/","url_meta":{"origin":54591,"position":3},"title":"Sangue latino no IECINE","author":"da Reda\u00e7\u00e3o","date":"18 de maio de 2014","format":false,"excerpt":"Francisco Ribeiro O Instituto Estadual de Cinema (IECINE) tem a frente, desde abril \u00faltimo, um novo diretor, o cineasta colombiano Juan Zapata, 36, que substitui Luiz Alberto Cassol. Radicado h\u00e1 dez anos em Porto Alegre, Zapata tem diante de si o desafio de conduzir at\u00e9 o final do ano um\u2026","rel":"","context":"Em &quot;Cultura-Geral&quot;","block_context":{"text":"Cultura-Geral","link":"https:\/\/www.jornalja.com.br\/arquivo\/category\/materiasecundaria\/"},"img":{"alt_text":"","src":"","width":0,"height":0},"classes":[]},{"id":12960,"url":"https:\/\/www.jornalja.com.br\/arquivo\/populacao-culpa-empresas-pela-greve-dos-rodoviarios\/","url_meta":{"origin":54591,"position":4},"title":"Popula\u00e7\u00e3o culpa empresas pela greve","author":"Patr\u00edcia Marini","date":"14 de fevereiro de 2014","format":false,"excerpt":"Pesquisa divulgada na edi\u00e7\u00e3o do jornal Metro desta sexta-feira,14, comprova o velho ditado: \u00e9 poss\u00edvel enganar muitos por algum tempo, mas n\u00e3o \u00e9 poss\u00edvel enganar a todos o tempo inteiro. A principal revela\u00e7\u00e3o foi que 59,8% dos entrevistados apontaram as empresas como as principais respons\u00e1veis pela grave e 46% culparam\u2026","rel":"","context":"Em &quot;X.Categorias velhas&quot;","block_context":{"text":"X.Categorias velhas","link":"https:\/\/www.jornalja.com.br\/arquivo\/category\/x-categorias-velhas\/"},"img":{"alt_text":"","src":"","width":0,"height":0},"classes":[]},{"id":13240,"url":"https:\/\/www.jornalja.com.br\/arquivo\/plano-diretor-estamos-construindo-o-caos\/","url_meta":{"origin":54591,"position":5},"title":"Plano diretor: &quot;Estamos construindo o caos&quot;","author":"Patr\u00edcia Marini","date":"26 de maio de 2014","format":false,"excerpt":"Desabafo que arquiteta Eliana Castilhos, delegada da Regi\u00e3o de Planejamento 1, postou nas redes sociais \u00e9 um testemunho do ambiente que se criou no Conselho do Plano Diretor de Porto Alegre, onde a aprova\u00e7\u00e3o de grandes empreendimentos \u00e9 empurrada guela abaixo dos conselheiros. Ao CMDUA Como delegada da Regi\u00e3o de\u2026","rel":"","context":"Em &quot;Geral&quot;","block_context":{"text":"Geral","link":"https:\/\/www.jornalja.com.br\/arquivo\/category\/geral\/"},"img":{"alt_text":"","src":"","width":0,"height":0},"classes":[]}],"jetpack_shortlink":"https:\/\/wp.me\/pbQjBd-ecv","jetpack_featured_media_url":"","_links":{"self":[{"href":"https:\/\/www.jornalja.com.br\/arquivo\/wp-json\/wp\/v2\/posts\/54591","targetHints":{"allow":["GET"]}}],"collection":[{"href":"https:\/\/www.jornalja.com.br\/arquivo\/wp-json\/wp\/v2\/posts"}],"about":[{"href":"https:\/\/www.jornalja.com.br\/arquivo\/wp-json\/wp\/v2\/types\/post"}],"author":[{"embeddable":true,"href":"https:\/\/www.jornalja.com.br\/arquivo\/wp-json\/wp\/v2\/users\/4"}],"replies":[{"embeddable":true,"href":"https:\/\/www.jornalja.com.br\/arquivo\/wp-json\/wp\/v2\/comments?post=54591"}],"version-history":[{"count":0,"href":"https:\/\/www.jornalja.com.br\/arquivo\/wp-json\/wp\/v2\/posts\/54591\/revisions"}],"wp:attachment":[{"href":"https:\/\/www.jornalja.com.br\/arquivo\/wp-json\/wp\/v2\/media?parent=54591"}],"wp:term":[{"taxonomy":"category","embeddable":true,"href":"https:\/\/www.jornalja.com.br\/arquivo\/wp-json\/wp\/v2\/categories?post=54591"},{"taxonomy":"post_tag","embeddable":true,"href":"https:\/\/www.jornalja.com.br\/arquivo\/wp-json\/wp\/v2\/tags?post=54591"}],"curies":[{"name":"wp","href":"https:\/\/api.w.org\/{rel}","templated":true}]}}