{"id":54593,"date":"2017-09-01T18:59:15","date_gmt":"2017-09-01T21:59:15","guid":{"rendered":"https:\/\/www.jornalja.com.br\/?p=54593"},"modified":"2017-09-01T18:59:15","modified_gmt":"2017-09-01T21:59:15","slug":"grande-ausente-da-40a-expointer-gerdau-suspende-melhores-da-terra","status":"publish","type":"post","link":"https:\/\/www.jornalja.com.br\/arquivo\/grande-ausente-da-40a-expointer-gerdau-suspende-melhores-da-terra\/","title":{"rendered":"Gerdau suspende &quot;Melhores da Terra&quot; e \u00e9 grande ausente da 40\u00aa Expointer"},"content":{"rendered":"<p>A maior aus\u00eancia da 40\u00aa Expointer \u00e9 a Gerdau, que dispensou a casa que alugava no parque de exposi\u00e7\u00f5es de Esteio e desativou o pr\u00eamio Melhores da Terra, uma das grandes atra\u00e7\u00f5es do maior evento rural do Rio Grande do Sul.<br \/>\nEm mais de trinta edi\u00e7\u00f5es da Expointer nas \u00faltimas d\u00e9cadas, a casa da Gerdau foi ponto de recep\u00e7\u00e3o de amigos e clientes convidados para almo\u00e7os e jantares com shows e entrega de Pr\u00eamios a projetos inovadores no agroneg\u00f3cio.<br \/>\nAli era feito o marketing institucional junto aos fabricantes de m\u00e1quinas agr\u00edcolas e consumidores de artigos como arame.<br \/>\nO motivo da aus\u00eancia na Expointer pode ser encontrado na leitura do balan\u00e7o financeiro de 2016, ano em que o grupo Gerdau amargou um novo preju\u00edzo de R$ 2,9 bilh\u00f5es (R$ 4,6 bilh\u00f5es em 2015) em consequ\u00eancia da persistente crise econ\u00f4mica, que vem afetando o consumo de a\u00e7o.<br \/>\nNo ano passado o grupo vendeu 15,6 milh\u00f5es de toneladas de a\u00e7o, contra 17 milh\u00f5es de toneladas em 2015. A receita l\u00edquida caiu para R$ 37,7 bilh\u00f5es, 13,6% menor do que a de 2015. Foi a primeira vez na d\u00e9cada em que a receita do grupo Gerdau ficou abaixo de R$ 40 bilh\u00f5es.<br \/>\nUsu\u00e1rio habitual de um marketing agressivo, o grupo Gerdau refluiu para um modus operandi bastante defensivo, principalmente depois que a Policia Federal visitou seu escrit\u00f3rio central em fevereiro do ano passado, levando documentos e convidando o presidente Andr\u00e9 Joahannpeter a dar um depoimento \u00e0 Opera\u00e7\u00e3o Zelotes sobre fatos relacionados ao Conselho Administrativo da Receita Federal (CARF), onde reinava um polpudo tr\u00e1fico de propinas.<br \/>\nNum esclarecimento p\u00fablico, a empresa afirmou sobre seu envolvimento na Opera\u00e7\u00e3o Zelotes: \u201cAo contr\u00e1rio do que tem sido cogitado no notici\u00e1rio, n\u00e3o se trata de sonega\u00e7\u00e3o \u2013 declara\u00e7\u00e3o falsa ou omiss\u00e3o com a inten\u00e7\u00e3o de eximir-se de tributos eventualmente devidos \u2013 e sim do exerc\u00edcio leg\u00edtimo de direito pelas empresas da Gerdau, respaldado expressamente nas leis e na jurisprud\u00eancia\u201d.<br \/>\nComo reflexo da publicidade em torno do assunto, o grupo decidiu dias atr\u00e1s pela sa\u00edda da fam\u00edlia Gerdau Johannpeter de cargos de dire\u00e7\u00e3o, uma forma s\u00f3bria de abrir cancha para uma gest\u00e3o que restabele\u00e7a a confian\u00e7a do mercado no futuro do grupo, especialmente na Am\u00e9rica do Norte, onde grupos de acionistas iniciaram processos por supostas perdas decorrentes de administra\u00e7\u00e3o inid\u00f4nea.<br \/>\nS\u00e3o a\u00e7\u00f5es especulativas que parecem fazer parte da ofensiva liberal norte-americana para tirar vantagem de grandes ativos brasileiros. Cauteloso, o grupo Gerdau n\u00e3o fez provis\u00f5es para esse caso incipiente, mas registra R$ 2,2 bilh\u00f5es como provis\u00e3o para \u201ccausas trabalhistas, tribut\u00e1rias e c\u00edveis\u201d.<br \/>\nDe 2014 ao final de 2016, como parte de sua estrat\u00e9gia de enxugamento de custos e capta\u00e7\u00e3o de recursos, o grupo Gerdau se desfez de 13 ativos em outros pa\u00edses, nos quais se concentra a maior parte de suas opera\u00e7\u00f5es.<br \/>\nEssas aliena\u00e7\u00f5es envolviam ativos \u201cde pouco futuro\u201d e resultaram em R$ 309 milh\u00f5es, mas ajudaram a reduzir o endividamento geral em R$ 291 milh\u00f5es. Em dezembro passado, a d\u00edvida bruta do grupo era de R$ 20,5 bilh\u00f5es, seis bilh\u00f5es a menos do que no final de 2015.<br \/>\nNesse ritmo de queima de gorduras, com ou sem zelotes, podem-se iniciar as apostas para acertar em quantos anos (de um a cinco) a Gerdau estar\u00e1 de volta \u00e0 Expointer.<br \/>\nExtremamente transparente, o balan\u00e7o tem 86 p\u00e1ginas na internet e pode ser acessado no site <a href=\"http:\/\/www.ri.gerdau.com\" data-saferedirecturl=\"http:\/\/www.google.com\/url?hl=pt-BR&amp;q=http:\/\/www.ri.gerdau.com&amp;source=gmail&amp;ust=1504367940333000&amp;usg=AFQjCNHKKvHjazF_qcKECsalpLPm-zH4KA\">www.ri.gerdau.com<\/a>.<\/p>\n","protected":false},"excerpt":{"rendered":"<p>A maior aus\u00eancia da 40\u00aa Expointer \u00e9 a Gerdau, que dispensou a casa que alugava no parque de exposi\u00e7\u00f5es de Esteio e desativou o pr\u00eamio Melhores da Terra, uma das grandes atra\u00e7\u00f5es do maior evento rural do Rio Grande do Sul. Em mais de trinta edi\u00e7\u00f5es da Expointer nas \u00faltimas d\u00e9cadas, a casa da Gerdau [&hellip;]<\/p>\n","protected":false},"author":4,"featured_media":54619,"comment_status":"open","ping_status":"closed","sticky":false,"template":"","format":"standard","meta":{"_jetpack_newsletter_access":"","_jetpack_dont_email_post_to_subs":false,"_jetpack_newsletter_tier_id":0,"_jetpack_memberships_contains_paywalled_content":false,"_jetpack_feature_clip_id":0,"_jetpack_memberships_contains_paid_content":false,"footnotes":"","jetpack_post_was_ever_published":false},"categories":[26],"tags":[],"class_list":["post-54593","post","type-post","status-publish","format-standard","has-post-thumbnail","hentry","category-geral"],"aioseo_notices":[],"aioseo_head":"\n\t\t<!-- All in One SEO 5.0.1.1 - aioseo.com -->\n\t<meta name=\"robots\" content=\"max-image-preview:large\" \/>\n\t<meta name=\"author\" content=\"da Reda\u00e7\u00e3o\"\/>\n\t<link rel=\"canonical\" href=\"https:\/\/www.jornalja.com.br\/arquivo\/grande-ausente-da-40a-expointer-gerdau-suspende-melhores-da-terra\/\" \/>\n\t<meta name=\"generator\" content=\"All in One SEO (AIOSEO) 5.0.1.1\" \/>\n\t\t<meta property=\"og:locale\" content=\"pt_BR\" \/>\n\t\t<meta property=\"og:site_name\" content=\"Arquivo | Jornal J\u00c1 | Porto Alegre\" \/>\n\t\t<meta property=\"og:type\" content=\"article\" \/>\n\t\t<meta property=\"og:title\" content=\"Gerdau suspende &quot;Melhores da Terra&quot; e \u00e9 grande ausente da 40\u00aa Expointer | Arquivo\" \/>\n\t\t<meta property=\"og:url\" content=\"https:\/\/www.jornalja.com.br\/arquivo\/grande-ausente-da-40a-expointer-gerdau-suspende-melhores-da-terra\/\" \/>\n\t\t<meta property=\"og:image\" content=\"https:\/\/www.jornalja.com.br\/economics\/wp-content\/uploads\/sites\/11\/2026\/08\/ja-folhaderosto-facebook.jpg\" \/>\n\t\t<meta property=\"og:image:secure_url\" content=\"https:\/\/www.jornalja.com.br\/economics\/wp-content\/uploads\/sites\/11\/2026\/08\/ja-folhaderosto-facebook.jpg\" \/>\n\t\t<meta property=\"article:published_time\" content=\"2017-09-01T21:59:15+00:00\" \/>\n\t\t<meta property=\"article:modified_time\" content=\"2017-09-01T21:59:15+00:00\" \/>\n\t\t<meta name=\"twitter:card\" content=\"summary\" \/>\n\t\t<meta name=\"twitter:title\" content=\"Gerdau suspende &quot;Melhores da Terra&quot; e \u00e9 grande ausente da 40\u00aa Expointer | Arquivo\" \/>\n\t\t<meta name=\"twitter:image\" content=\"https:\/\/www.jornalja.com.br\/economics\/wp-content\/uploads\/sites\/11\/2026\/08\/ja-folhaderosto-facebook.jpg\" \/>\n\t\t<script type=\"application\/ld+json\" class=\"aioseo-schema\">\n\t\t\t{\"@context\":\"https:\\\/\\\/schema.org\",\"@graph\":[{\"@type\":\"BlogPosting\",\"@id\":\"https:\\\/\\\/www.jornalja.com.br\\\/arquivo\\\/grande-ausente-da-40a-expointer-gerdau-suspende-melhores-da-terra\\\/#blogposting\",\"name\":\"Gerdau suspende \\\"Melhores da Terra\\\" e \\u00e9 grande ausente da 40\\u00aa Expointer | Arquivo\",\"headline\":\"Gerdau suspende &quot;Melhores da Terra&quot; e \\u00e9 grande ausente da 40\\u00aa Expointer\",\"author\":{\"@id\":\"https:\\\/\\\/www.jornalja.com.br\\\/arquivo\\\/author\\\/daredacao\\\/#author\"},\"publisher\":{\"@id\":\"https:\\\/\\\/www.jornalja.com.br\\\/arquivo\\\/#organization\"},\"image\":{\"@type\":\"ImageObject\",\"url\":54619},\"datePublished\":\"2017-09-01T18:59:15-03:00\",\"dateModified\":\"2017-09-01T18:59:15-03:00\",\"inLanguage\":\"pt-BR\",\"mainEntityOfPage\":{\"@id\":\"https:\\\/\\\/www.jornalja.com.br\\\/arquivo\\\/grande-ausente-da-40a-expointer-gerdau-suspende-melhores-da-terra\\\/#webpage\"},\"isPartOf\":{\"@id\":\"https:\\\/\\\/www.jornalja.com.br\\\/arquivo\\\/grande-ausente-da-40a-expointer-gerdau-suspende-melhores-da-terra\\\/#webpage\"},\"articleSection\":\"Geral\"},{\"@type\":\"BreadcrumbList\",\"@id\":\"https:\\\/\\\/www.jornalja.com.br\\\/arquivo\\\/grande-ausente-da-40a-expointer-gerdau-suspende-melhores-da-terra\\\/#breadcrumblist\",\"itemListElement\":[{\"@type\":\"ListItem\",\"@id\":\"https:\\\/\\\/www.jornalja.com.br\\\/arquivo#listItem\",\"position\":1,\"name\":\"Home\",\"item\":\"https:\\\/\\\/www.jornalja.com.br\\\/arquivo\",\"nextItem\":{\"@type\":\"ListItem\",\"@id\":\"https:\\\/\\\/www.jornalja.com.br\\\/arquivo\\\/category\\\/geral\\\/#listItem\",\"name\":\"Geral\"}},{\"@type\":\"ListItem\",\"@id\":\"https:\\\/\\\/www.jornalja.com.br\\\/arquivo\\\/category\\\/geral\\\/#listItem\",\"position\":2,\"name\":\"Geral\",\"item\":\"https:\\\/\\\/www.jornalja.com.br\\\/arquivo\\\/category\\\/geral\\\/\",\"nextItem\":{\"@type\":\"ListItem\",\"@id\":\"https:\\\/\\\/www.jornalja.com.br\\\/arquivo\\\/grande-ausente-da-40a-expointer-gerdau-suspende-melhores-da-terra\\\/#listItem\",\"name\":\"Gerdau suspende &quot;Melhores da Terra&quot; e \\u00e9 grande ausente da 40\\u00aa Expointer\"},\"previousItem\":{\"@type\":\"ListItem\",\"@id\":\"https:\\\/\\\/www.jornalja.com.br\\\/arquivo#listItem\",\"name\":\"Home\"}},{\"@type\":\"ListItem\",\"@id\":\"https:\\\/\\\/www.jornalja.com.br\\\/arquivo\\\/grande-ausente-da-40a-expointer-gerdau-suspende-melhores-da-terra\\\/#listItem\",\"position\":3,\"name\":\"Gerdau suspende &quot;Melhores da Terra&quot; e \\u00e9 grande ausente da 40\\u00aa Expointer\",\"previousItem\":{\"@type\":\"ListItem\",\"@id\":\"https:\\\/\\\/www.jornalja.com.br\\\/arquivo\\\/category\\\/geral\\\/#listItem\",\"name\":\"Geral\"}}]},{\"@type\":\"Organization\",\"@id\":\"https:\\\/\\\/www.jornalja.com.br\\\/arquivo\\\/#organization\",\"name\":\"Jornal J\\u00c1\",\"description\":\"Jornal J\\u00c1 | Porto Alegre\",\"url\":\"https:\\\/\\\/www.jornalja.com.br\\\/arquivo\\\/\",\"telephone\":\"+555133307272\",\"logo\":{\"@type\":\"ImageObject\",\"url\":\"https:\\\/\\\/www.jornalja.com.br\\\/wp-content\\\/uploads\\\/cards\\\/JAslogan.png\",\"@id\":\"https:\\\/\\\/www.jornalja.com.br\\\/arquivo\\\/grande-ausente-da-40a-expointer-gerdau-suspende-melhores-da-terra\\\/#organizationLogo\"},\"image\":{\"@id\":\"https:\\\/\\\/www.jornalja.com.br\\\/arquivo\\\/grande-ausente-da-40a-expointer-gerdau-suspende-melhores-da-terra\\\/#organizationLogo\"}},{\"@type\":\"Person\",\"@id\":\"https:\\\/\\\/www.jornalja.com.br\\\/arquivo\\\/author\\\/daredacao\\\/#author\",\"url\":\"https:\\\/\\\/www.jornalja.com.br\\\/arquivo\\\/author\\\/daredacao\\\/\",\"name\":\"da Reda\\u00e7\\u00e3o\",\"image\":{\"@type\":\"ImageObject\",\"@id\":\"https:\\\/\\\/www.jornalja.com.br\\\/arquivo\\\/grande-ausente-da-40a-expointer-gerdau-suspende-melhores-da-terra\\\/#authorImage\",\"url\":\"https:\\\/\\\/secure.gravatar.com\\\/avatar\\\/469fd857d6605ad19919d27ed29d35a968a25f6e8fd9318356bbb7f57aae9c65?s=96&d=mm&r=g\",\"width\":96,\"height\":96,\"caption\":\"da Reda\\u00e7\\u00e3o\"}},{\"@type\":\"WebPage\",\"@id\":\"https:\\\/\\\/www.jornalja.com.br\\\/arquivo\\\/grande-ausente-da-40a-expointer-gerdau-suspende-melhores-da-terra\\\/#webpage\",\"url\":\"https:\\\/\\\/www.jornalja.com.br\\\/arquivo\\\/grande-ausente-da-40a-expointer-gerdau-suspende-melhores-da-terra\\\/\",\"name\":\"Gerdau suspende \\\"Melhores da Terra\\\" e \\u00e9 grande ausente da 40\\u00aa Expointer | Arquivo\",\"inLanguage\":\"pt-BR\",\"isPartOf\":{\"@id\":\"https:\\\/\\\/www.jornalja.com.br\\\/arquivo\\\/#website\"},\"breadcrumb\":{\"@id\":\"https:\\\/\\\/www.jornalja.com.br\\\/arquivo\\\/grande-ausente-da-40a-expointer-gerdau-suspende-melhores-da-terra\\\/#breadcrumblist\"},\"author\":{\"@id\":\"https:\\\/\\\/www.jornalja.com.br\\\/arquivo\\\/author\\\/daredacao\\\/#author\"},\"creator\":{\"@id\":\"https:\\\/\\\/www.jornalja.com.br\\\/arquivo\\\/author\\\/daredacao\\\/#author\"},\"image\":{\"@type\":\"ImageObject\",\"url\":54619,\"@id\":\"https:\\\/\\\/www.jornalja.com.br\\\/arquivo\\\/grande-ausente-da-40a-expointer-gerdau-suspende-melhores-da-terra\\\/#mainImage\"},\"primaryImageOfPage\":{\"@id\":\"https:\\\/\\\/www.jornalja.com.br\\\/arquivo\\\/grande-ausente-da-40a-expointer-gerdau-suspende-melhores-da-terra\\\/#mainImage\"},\"datePublished\":\"2017-09-01T18:59:15-03:00\",\"dateModified\":\"2017-09-01T18:59:15-03:00\"},{\"@type\":\"WebSite\",\"@id\":\"https:\\\/\\\/www.jornalja.com.br\\\/arquivo\\\/#website\",\"url\":\"https:\\\/\\\/www.jornalja.com.br\\\/arquivo\\\/\",\"name\":\"Arquivo\",\"description\":\"Jornal J\\u00c1 | Porto Alegre\",\"inLanguage\":\"pt-BR\",\"publisher\":{\"@id\":\"https:\\\/\\\/www.jornalja.com.br\\\/arquivo\\\/#organization\"}}]}\n\t\t<\/script>\n\t\t<!-- All in One SEO -->\n\n","aioseo_head_json":{"title":"Gerdau suspende \"Melhores da Terra\" e \u00e9 grande ausente da 40\u00aa Expointer | Arquivo","description":"","canonical_url":"https:\/\/www.jornalja.com.br\/arquivo\/grande-ausente-da-40a-expointer-gerdau-suspende-melhores-da-terra\/","robots":"max-image-preview:large","keywords":"","webmasterTools":{"miscellaneous":""},"schema":{"@context":"https:\/\/schema.org","@graph":[{"@type":"BlogPosting","@id":"https:\/\/www.jornalja.com.br\/arquivo\/grande-ausente-da-40a-expointer-gerdau-suspende-melhores-da-terra\/#blogposting","name":"Gerdau suspende \"Melhores da Terra\" e \u00e9 grande ausente da 40\u00aa Expointer | Arquivo","headline":"Gerdau suspende &quot;Melhores da Terra&quot; e \u00e9 grande ausente da 40\u00aa Expointer","author":{"@id":"https:\/\/www.jornalja.com.br\/arquivo\/author\/daredacao\/#author"},"publisher":{"@id":"https:\/\/www.jornalja.com.br\/arquivo\/#organization"},"image":{"@type":"ImageObject","url":54619},"datePublished":"2017-09-01T18:59:15-03:00","dateModified":"2017-09-01T18:59:15-03:00","inLanguage":"pt-BR","mainEntityOfPage":{"@id":"https:\/\/www.jornalja.com.br\/arquivo\/grande-ausente-da-40a-expointer-gerdau-suspende-melhores-da-terra\/#webpage"},"isPartOf":{"@id":"https:\/\/www.jornalja.com.br\/arquivo\/grande-ausente-da-40a-expointer-gerdau-suspende-melhores-da-terra\/#webpage"},"articleSection":"Geral"},{"@type":"BreadcrumbList","@id":"https:\/\/www.jornalja.com.br\/arquivo\/grande-ausente-da-40a-expointer-gerdau-suspende-melhores-da-terra\/#breadcrumblist","itemListElement":[{"@type":"ListItem","@id":"https:\/\/www.jornalja.com.br\/arquivo#listItem","position":1,"name":"Home","item":"https:\/\/www.jornalja.com.br\/arquivo","nextItem":{"@type":"ListItem","@id":"https:\/\/www.jornalja.com.br\/arquivo\/category\/geral\/#listItem","name":"Geral"}},{"@type":"ListItem","@id":"https:\/\/www.jornalja.com.br\/arquivo\/category\/geral\/#listItem","position":2,"name":"Geral","item":"https:\/\/www.jornalja.com.br\/arquivo\/category\/geral\/","nextItem":{"@type":"ListItem","@id":"https:\/\/www.jornalja.com.br\/arquivo\/grande-ausente-da-40a-expointer-gerdau-suspende-melhores-da-terra\/#listItem","name":"Gerdau suspende &quot;Melhores da Terra&quot; e \u00e9 grande ausente da 40\u00aa Expointer"},"previousItem":{"@type":"ListItem","@id":"https:\/\/www.jornalja.com.br\/arquivo#listItem","name":"Home"}},{"@type":"ListItem","@id":"https:\/\/www.jornalja.com.br\/arquivo\/grande-ausente-da-40a-expointer-gerdau-suspende-melhores-da-terra\/#listItem","position":3,"name":"Gerdau suspende &quot;Melhores da Terra&quot; e \u00e9 grande ausente da 40\u00aa Expointer","previousItem":{"@type":"ListItem","@id":"https:\/\/www.jornalja.com.br\/arquivo\/category\/geral\/#listItem","name":"Geral"}}]},{"@type":"Organization","@id":"https:\/\/www.jornalja.com.br\/arquivo\/#organization","name":"Jornal J\u00c1","description":"Jornal J\u00c1 | Porto Alegre","url":"https:\/\/www.jornalja.com.br\/arquivo\/","telephone":"+555133307272","logo":{"@type":"ImageObject","url":"https:\/\/www.jornalja.com.br\/wp-content\/uploads\/cards\/JAslogan.png","@id":"https:\/\/www.jornalja.com.br\/arquivo\/grande-ausente-da-40a-expointer-gerdau-suspende-melhores-da-terra\/#organizationLogo"},"image":{"@id":"https:\/\/www.jornalja.com.br\/arquivo\/grande-ausente-da-40a-expointer-gerdau-suspende-melhores-da-terra\/#organizationLogo"}},{"@type":"Person","@id":"https:\/\/www.jornalja.com.br\/arquivo\/author\/daredacao\/#author","url":"https:\/\/www.jornalja.com.br\/arquivo\/author\/daredacao\/","name":"da Reda\u00e7\u00e3o","image":{"@type":"ImageObject","@id":"https:\/\/www.jornalja.com.br\/arquivo\/grande-ausente-da-40a-expointer-gerdau-suspende-melhores-da-terra\/#authorImage","url":"https:\/\/secure.gravatar.com\/avatar\/469fd857d6605ad19919d27ed29d35a968a25f6e8fd9318356bbb7f57aae9c65?s=96&d=mm&r=g","width":96,"height":96,"caption":"da Reda\u00e7\u00e3o"}},{"@type":"WebPage","@id":"https:\/\/www.jornalja.com.br\/arquivo\/grande-ausente-da-40a-expointer-gerdau-suspende-melhores-da-terra\/#webpage","url":"https:\/\/www.jornalja.com.br\/arquivo\/grande-ausente-da-40a-expointer-gerdau-suspende-melhores-da-terra\/","name":"Gerdau suspende \"Melhores da Terra\" e \u00e9 grande ausente da 40\u00aa Expointer | Arquivo","inLanguage":"pt-BR","isPartOf":{"@id":"https:\/\/www.jornalja.com.br\/arquivo\/#website"},"breadcrumb":{"@id":"https:\/\/www.jornalja.com.br\/arquivo\/grande-ausente-da-40a-expointer-gerdau-suspende-melhores-da-terra\/#breadcrumblist"},"author":{"@id":"https:\/\/www.jornalja.com.br\/arquivo\/author\/daredacao\/#author"},"creator":{"@id":"https:\/\/www.jornalja.com.br\/arquivo\/author\/daredacao\/#author"},"image":{"@type":"ImageObject","url":54619,"@id":"https:\/\/www.jornalja.com.br\/arquivo\/grande-ausente-da-40a-expointer-gerdau-suspende-melhores-da-terra\/#mainImage"},"primaryImageOfPage":{"@id":"https:\/\/www.jornalja.com.br\/arquivo\/grande-ausente-da-40a-expointer-gerdau-suspende-melhores-da-terra\/#mainImage"},"datePublished":"2017-09-01T18:59:15-03:00","dateModified":"2017-09-01T18:59:15-03:00"},{"@type":"WebSite","@id":"https:\/\/www.jornalja.com.br\/arquivo\/#website","url":"https:\/\/www.jornalja.com.br\/arquivo\/","name":"Arquivo","description":"Jornal J\u00c1 | Porto Alegre","inLanguage":"pt-BR","publisher":{"@id":"https:\/\/www.jornalja.com.br\/arquivo\/#organization"}}]},"og:locale":"pt_BR","og:site_name":"Arquivo | Jornal J\u00c1 | Porto Alegre","og:type":"article","og:title":"Gerdau suspende &quot;Melhores da Terra&quot; e \u00e9 grande ausente da 40\u00aa Expointer | Arquivo","og:url":"https:\/\/www.jornalja.com.br\/arquivo\/grande-ausente-da-40a-expointer-gerdau-suspende-melhores-da-terra\/","og:image":"https:\/\/www.jornalja.com.br\/economics\/wp-content\/uploads\/sites\/11\/2026\/08\/ja-folhaderosto-facebook.jpg","og:image:secure_url":"https:\/\/www.jornalja.com.br\/economics\/wp-content\/uploads\/sites\/11\/2026\/08\/ja-folhaderosto-facebook.jpg","article:published_time":"2017-09-01T21:59:15+00:00","article:modified_time":"2017-09-01T21:59:15+00:00","twitter:card":"summary","twitter:title":"Gerdau suspende &quot;Melhores da Terra&quot; e \u00e9 grande ausente da 40\u00aa Expointer | Arquivo","twitter:image":"https:\/\/www.jornalja.com.br\/economics\/wp-content\/uploads\/sites\/11\/2026\/08\/ja-folhaderosto-facebook.jpg"},"aioseo_meta_data":{"post_id":"54593","title":null,"description":null,"keywords":null,"keyphrases":null,"primary_term":null,"canonical_url":null,"og_title":null,"og_description":null,"og_object_type":"default","og_image_type":"default","og_image_url":null,"og_image_width":null,"og_image_height":null,"og_image_custom_url":null,"og_image_custom_fields":null,"og_video":null,"og_custom_url":null,"og_article_section":null,"og_article_tags":null,"twitter_use_og":false,"twitter_card":"default","twitter_image_type":"default","twitter_image_url":null,"twitter_image_custom_url":null,"twitter_image_custom_fields":null,"twitter_title":null,"twitter_description":null,"schema":{"blockGraphs":[],"customGraphs":[],"default":{"data":{"Article":[],"Course":[],"Dataset":[],"FAQPage":[],"Movie":[],"Person":[],"Product":[],"ProductReview":[],"Car":[],"Recipe":[],"Service":[],"SoftwareApplication":[],"WebPage":[]},"graphName":"","isEnabled":true},"graphs":[],"defaultGraph":"","defaultPostTypeGraph":""},"schema_type":null,"schema_type_options":null,"pillar_content":false,"robots_default":true,"robots_noindex":false,"robots_noarchive":false,"robots_nosnippet":false,"robots_nofollow":false,"robots_noimageindex":false,"robots_noodp":false,"robots_notranslate":false,"robots_max_snippet":null,"robots_max_videopreview":null,"robots_max_imagepreview":"large","priority":null,"frequency":null,"location":null,"local_seo":null,"breadcrumb_settings":null,"limit_modified_date":false,"ai":null,"created":"2020-12-20 20:26:01","updated":"2025-07-20 00:51:11","seo_analyzer_scan_date":null,"focus_keyword":null,"additional_keywords":null,"truseo_locale":null},"jetpack_sharing_enabled":true,"jetpack-related-posts":[{"id":13128,"url":"https:\/\/www.jornalja.com.br\/arquivo\/maconha-terra-diz-que-uso-medicinal-e-desculpa\/","url_meta":{"origin":54593,"position":0},"title":"Maconha: Terra diz que uso medicinal \u00e9 desculpa","author":"Patr\u00edcia Marini","date":"4 de junho de 2014","format":false,"excerpt":"A condi\u00e7\u00e3o de pol\u00edtico, em \u00e9poca de campanha de campanha eleitoral, tira for\u00e7a do discurso do m\u00e9dico Osmar Terra contra a legaliza\u00e7\u00e3o da maconha. A tese dele de que a libera\u00e7\u00e3o vai ampliar exponencialmente o consumo \u00e9 discutivel, o consumo \u00e9 corrente. Mas seus alertas quanto aos riscos tem que\u2026","rel":"","context":"Em &quot;X.Categorias velhas&quot;","block_context":{"text":"X.Categorias velhas","link":"https:\/\/www.jornalja.com.br\/arquivo\/category\/x-categorias-velhas\/"},"img":{"alt_text":"","src":"","width":0,"height":0},"classes":[]},{"id":13101,"url":"https:\/\/www.jornalja.com.br\/arquivo\/morre-um-guerreiro-do-texto\/","url_meta":{"origin":54593,"position":1},"title":"Morre um guerreiro do texto","author":"Patr\u00edcia Marini","date":"14 de maio de 2014","format":false,"excerpt":"Por Ricardo Kotscho Reproduzido do blog do autor, 11\/5\/2014; t\u00edtulo original \u201cE l\u00e1 se foi o nosso Myltainho, guerreiro do texto\u201d. Mi\u00fado e franzino, meu amigo Myltainho era um valente e inconformado guerreiro na luta contra as injusti\u00e7as sociais, a hipocrisia, as maracutaias, o autoritarismo, a intoler\u00e2ncia, a viol\u00eancia, o\u2026","rel":"","context":"Em &quot;Geral&quot;","block_context":{"text":"Geral","link":"https:\/\/www.jornalja.com.br\/arquivo\/category\/geral\/"},"img":{"alt_text":"","src":"","width":0,"height":0},"classes":[]},{"id":5440,"url":"https:\/\/www.jornalja.com.br\/arquivo\/casarao-da-venancio-destino-permanece-incerto\/","url_meta":{"origin":54593,"position":2},"title":"Estado ainda n\u00e3o sabe o que fazer com casar\u00e3o abandonado h\u00e1 20 anos","author":"Elmar Bones","date":"6 de julho de 2009","format":false,"excerpt":"O casar\u00e3o amarelo, numa esquina nobre de Porto Alegre (Ven\u00e2ncio Aires com Jo\u00e3o Pessoa), j\u00e1 abrigou uma escola. H\u00e1 duas d\u00e9cadas, pelo menos, est\u00e1 abandonado, porque seu propriet\u00e1rio, o governo do Estado do Rio Grande do Sul, n\u00e3o consegue achar um destino para ele. Planos n\u00e3o faltaram. O governador Ol\u00edvio\u2026","rel":"","context":"Em &quot;X.Categorias velhas&quot;","block_context":{"text":"X.Categorias velhas","link":"https:\/\/www.jornalja.com.br\/arquivo\/category\/x-categorias-velhas\/"},"img":{"alt_text":"geraldo1","src":"https:\/\/i0.wp.com\/www.jornalja.com.br\/wp-content\/uploads\/2009\/07\/geraldo1.jpg?resize=350%2C200&ssl=1","width":350,"height":200},"classes":[]},{"id":13124,"url":"https:\/\/www.jornalja.com.br\/arquivo\/sangue-latino-no-iecine\/","url_meta":{"origin":54593,"position":3},"title":"Sangue latino no IECINE","author":"da Reda\u00e7\u00e3o","date":"18 de maio de 2014","format":false,"excerpt":"Francisco Ribeiro O Instituto Estadual de Cinema (IECINE) tem a frente, desde abril \u00faltimo, um novo diretor, o cineasta colombiano Juan Zapata, 36, que substitui Luiz Alberto Cassol. Radicado h\u00e1 dez anos em Porto Alegre, Zapata tem diante de si o desafio de conduzir at\u00e9 o final do ano um\u2026","rel":"","context":"Em &quot;Cultura-Geral&quot;","block_context":{"text":"Cultura-Geral","link":"https:\/\/www.jornalja.com.br\/arquivo\/category\/materiasecundaria\/"},"img":{"alt_text":"","src":"","width":0,"height":0},"classes":[]},{"id":13240,"url":"https:\/\/www.jornalja.com.br\/arquivo\/plano-diretor-estamos-construindo-o-caos\/","url_meta":{"origin":54593,"position":4},"title":"Plano diretor: &quot;Estamos construindo o caos&quot;","author":"Patr\u00edcia Marini","date":"26 de maio de 2014","format":false,"excerpt":"Desabafo que arquiteta Eliana Castilhos, delegada da Regi\u00e3o de Planejamento 1, postou nas redes sociais \u00e9 um testemunho do ambiente que se criou no Conselho do Plano Diretor de Porto Alegre, onde a aprova\u00e7\u00e3o de grandes empreendimentos \u00e9 empurrada guela abaixo dos conselheiros. Ao CMDUA Como delegada da Regi\u00e3o de\u2026","rel":"","context":"Em &quot;Geral&quot;","block_context":{"text":"Geral","link":"https:\/\/www.jornalja.com.br\/arquivo\/category\/geral\/"},"img":{"alt_text":"","src":"","width":0,"height":0},"classes":[]},{"id":14241,"url":"https:\/\/www.jornalja.com.br\/arquivo\/o-guaiba-nas-imagens-poeticas-de-achutti\/","url_meta":{"origin":54593,"position":5},"title":"O Gua\u00edba nas imagens po\u00e9ticas de Achutti","author":"da Reda\u00e7\u00e3o","date":"18 de junho de 2014","format":false,"excerpt":"Em \u201cO Gua\u00edba por Achutti\u201d \u2013 obra financiada via Minist\u00e9rio da Cultura, produ\u00e7\u00e3o executiva de Pedro Longhi, e Fl\u00e1vio Wild como designer \u2013, o fot\u00f3grafo revela a beleza e as mazelas de um espa\u00e7o aqu\u00e1tico de \u00e1guas sempre renovadas, cheio de hist\u00f3rias e lendas como as das cidades que foram\u2026","rel":"","context":"Em &quot;Cultura-Geral&quot;","block_context":{"text":"Cultura-Geral","link":"https:\/\/www.jornalja.com.br\/arquivo\/category\/materiasecundaria\/"},"img":{"alt_text":"","src":"","width":0,"height":0},"classes":[]}],"jetpack_shortlink":"https:\/\/wp.me\/pbQjBd-ecx","jetpack_featured_media_url":"","_links":{"self":[{"href":"https:\/\/www.jornalja.com.br\/arquivo\/wp-json\/wp\/v2\/posts\/54593","targetHints":{"allow":["GET"]}}],"collection":[{"href":"https:\/\/www.jornalja.com.br\/arquivo\/wp-json\/wp\/v2\/posts"}],"about":[{"href":"https:\/\/www.jornalja.com.br\/arquivo\/wp-json\/wp\/v2\/types\/post"}],"author":[{"embeddable":true,"href":"https:\/\/www.jornalja.com.br\/arquivo\/wp-json\/wp\/v2\/users\/4"}],"replies":[{"embeddable":true,"href":"https:\/\/www.jornalja.com.br\/arquivo\/wp-json\/wp\/v2\/comments?post=54593"}],"version-history":[{"count":0,"href":"https:\/\/www.jornalja.com.br\/arquivo\/wp-json\/wp\/v2\/posts\/54593\/revisions"}],"wp:attachment":[{"href":"https:\/\/www.jornalja.com.br\/arquivo\/wp-json\/wp\/v2\/media?parent=54593"}],"wp:term":[{"taxonomy":"category","embeddable":true,"href":"https:\/\/www.jornalja.com.br\/arquivo\/wp-json\/wp\/v2\/categories?post=54593"},{"taxonomy":"post_tag","embeddable":true,"href":"https:\/\/www.jornalja.com.br\/arquivo\/wp-json\/wp\/v2\/tags?post=54593"}],"curies":[{"name":"wp","href":"https:\/\/api.w.org\/{rel}","templated":true}]}}