{"id":54644,"date":"2017-09-03T13:09:27","date_gmt":"2017-09-03T16:09:27","guid":{"rendered":"https:\/\/www.jornalja.com.br\/?p=54644"},"modified":"2017-09-03T13:09:27","modified_gmt":"2017-09-03T16:09:27","slug":"agricultura-familiar-atrai-grande-publico-da-expointer","status":"publish","type":"post","link":"https:\/\/www.jornalja.com.br\/arquivo\/agricultura-familiar-atrai-grande-publico-da-expointer\/","title":{"rendered":"Agricultura Familiar atrai grande p\u00fablico da Expointer"},"content":{"rendered":"<p>O Pavilh\u00e3o da Agricultura Familiar, um dos espa\u00e7os mais visitados durante a 40\u00aa Expointer, que encerra neste\u00a0domingo, dia 3, no Parque de Exposi\u00e7\u00f5es Assis Brasil, em Esteio, oferece qualidade e diversidade de produtos. Queijos, salames e copas, geleias e mel, bolachas, artesanato, plantas e flores, sucos, vinhos e cacha\u00e7as s\u00e3o alguns dos produtos que os visitantes encontram desde a primeira edi\u00e7\u00e3o da feira, mas, a cada ano, novas op\u00e7\u00f5es chamam a aten\u00e7\u00e3o do p\u00fablico.<br \/>\nDesta vez, tr\u00eas novidades despontam no mercado ga\u00facho, trazidas por empreendimentos familiares assessorados pela Emater\/RS-Ascar: o Rancho das Cabras, de Taquara; o Sabores do Rancho, de Est\u00e2ncia Velha; e a Cervejaria Stein Haus, de Picada Caf\u00e9.<br \/>\n<span class=\"intertit\">Produtos do leite de cabras<\/span><br \/>\nH\u00e1 13 anos, Cl\u00e1udia e Eduardo Almeida, pais da ent\u00e3o beb\u00ea Vit\u00f3ria, hoje com 14 anos, moradores de Canoas, decidiram morar no interior e, em Taquara, conheceram criadores de cabras e passaram a adquirir o leite, revendido para amigos e conhecidos na regi\u00e3o. As vendas foram aumentando e o casal, h\u00e1 dois anos e meio e com um plantel de quase 120 cabras, buscou assessoramento da Emater\/RS-Ascar para abrir o latic\u00ednio, liberado pela vigil\u00e2ncia h\u00e1 um m\u00eas.<br \/>\n\u201cNossa primeira leva fabricada \u00e9 a que est\u00e1 na Expointer\u201d, comemora Cl\u00e1udia, ao citar que a Rancho das Cabras produz leite pasteurizado, iogurtes n\u00e3o ado\u00e7ados e com polpa de frutas, e queijos variados e finos, como o boursin (cremoso e temperado com ervas), o feta (grego, na vers\u00e3o com apenas leite de cabra, ao contr\u00e1rio do tradicional, que \u00e9 com leite de cabra e de ovelha) e o curado fresco e meia-cura. \u201cTudo sem conservantes nem corantes ou ess\u00eancias\u201d, destaca Cl\u00e1udia.<br \/>\nNa Expointer, o empreendimento, muito visitado, teve os produtos saboreados por tr\u00eas alunos do Col\u00e9gio Tiradentes de Porto Alegre, que degustaram o iogurte de cabra. \u201c\u00c9 muito bom\u201d, avaliou Victor Calcanhotto, 16 anos. \u201c\u00c9 diferente e est\u00e1 aprovado\u201d, disse Felipe Aprato, 17 anos. J\u00e1 para Angelo Dambroz, tamb\u00e9m de 17 anos, que frequenta o Pavilh\u00e3o da Agricultura Familiar h\u00e1 quatro anos, esse \u00e9 o espa\u00e7o preferido na feira. \u201cOs produtos s\u00e3o muito bons\u201d, elogia.<br \/>\n<figure id=\"attachment_54646\" aria-describedby=\"caption-attachment-54646\" style=\"width: 1150px\" class=\"wp-caption alignnone\"><img loading=\"lazy\" decoding=\"async\" class=\"wp-image-54646 size-full\" src=\"https:\/\/www.jornalja.com.br\/wp-content\/uploads\/2017\/09\/upload-20170902125308sww_0433.jpg\" alt=\"\" width=\"1150\" height=\"767\" \/><figcaption id=\"caption-attachment-54646\" class=\"wp-caption-text\">Expositores apostam na diversidade de produtos e na apresenta\u00e7\u00e3o de novidades aos visitantes Foto: Sofia Wolff\/ Especial Pal\u00e1cio Piratini<\/figcaption><\/figure><br \/>\n<span class=\"intertit\">Picol\u00e9s artesanais<\/span><br \/>\nA Sabores do Rancho Latic\u00ednios Artesanais traz como novidades picol\u00e9s artesanais, elaborados a partir do leite produzido pelas vacas Jersey da propriedade situada na localidade de Morro Agudo, em Est\u00e2ncia Velha. Chama a aten\u00e7\u00e3o a variedade de sabores: morango e melancia, \u00e0 base de \u00e1gua, e os cremosos, com o leite do s\u00edtio, nos sabores morango, banana caramelizada com canela, nata e o de chocolate 50% cacau, al\u00e9m de sorvetes de milho e mirtilo.<br \/>\nPara a sobrinha da propriet\u00e1ria, J\u00falia Blauth, que auxilia nas vendas, os picol\u00e9s est\u00e3o fazendo sucesso, \u201cpois as pessoas t\u00eam curiosidade em experimentar esses sabores diferenciados\u201d. Al\u00e9m dos picol\u00e9s, a propriet\u00e1ria Rafaela Jacobs, com aux\u00edlio do marido, o veterin\u00e1rio Eduardo Blauth, produz iogurtes, como o grego nos sabores morango e mel com nozes, e queijos coloniais.<br \/>\nRafaela conta que, apesar de viver na cidade, sempre foi apaixonada pelo meio rural. \u201cTanto que vim morar no interior e aqui tenho meu trabalho\u201d, explica a produtora, que, apesar de ser t\u00e9cnica de enfermagem, deixou o emprego para elaborar queijos e iogurtes e legalizar, com o apoio da Emater\/RS-Ascar, a agroind\u00fastria Sabores do Rancho, atrav\u00e9s do Programa Estadual de Agroind\u00fastria Familiar.<br \/>\nHoje, com quase sete anos, a agroind\u00fastria est\u00e1 cadastrada no Programa Sabor Ga\u00facho e no Sistema Unificado de Aten\u00e7\u00e3o \u00e0 Sanidade Agroindustrial (Susaf), comercializando seus produtos na Feira do Produtor, realizada aos s\u00e1bados, das 7h \u00e0s 11h, e nas quartas-feiras, das 14h \u00e0s 19h, no Centro de Est\u00e2ncia Velha e em exposi\u00e7\u00f5es e feiras no Estado, como a Expointer.<br \/>\nPara at\u00e9 o final do ano, Rafaela projeta expandir a produ\u00e7\u00e3o de picol\u00e9s e lan\u00e7ar sorvetes naturais, com 100% frutas e, claro, produzidos a partir do leite das vacas de sua propriedade, onde hoje 21 est\u00e3o em lacta\u00e7\u00e3o, de um rebanho de 48 animais.<br \/>\n<span class=\"intertit\">Espuma org\u00e2nica<\/span><br \/>\nO mercado das cervejas artesanais est\u00e1 em expans\u00e3o e n\u00e3o poderia ser diferente no RS, terra de imigrantes alem\u00e3es e tamb\u00e9m de apreciadores de cervejas e chopes. \u00c9 um tipo de bebida emergente nesse mercado diferenciado, pelos produtos utilizados na elabora\u00e7\u00e3o.<br \/>\nNo caso da Cervejaria Stein Haus, de Picada Caf\u00e9, o casal empres\u00e1rio Loiva Jung Fritsch e Ricardo Fritsch est\u00e3o desde 2014 investindo em um produto cada vez mais procurado por seus atributos artesanal e org\u00e2nico. Hoje, para fabricar as seis cervejas da marca, s\u00e3o utilizados gr\u00e3os de trigo e cevada estritamente da agricultura familiar, cultivados por agricultores org\u00e2nicos de Santo Ant\u00f4nio do Palma e de Vacaria, assim como a aveia e o centeio.<br \/>\n\u201cProduzimos cerveja com sabor daqui, incluindo, nessa cadeia produtiva, os agricultores familiares org\u00e2nicos de nossa confian\u00e7a\u201d, ressalta o empres\u00e1rio, ao comparar que 90% dos cervejeiros artesanais brasileiros fazem a bebida com malte importando da B\u00e9lgica e da Alemanha. \u201cFazemos o mesmo sabor das bebidas de l\u00e1\u201d, diz Fritsch, ao reafirmar que a Stein Haus se diferencia no sabor e na proposta de utilizar gr\u00e3os org\u00e2nicos cultivados no RS.<br \/>\nAt\u00e9 o in\u00edcio da primavera, em meados de setembro, novas cervejas ser\u00e3o lan\u00e7adas pela fam\u00edlia, que tamb\u00e9m produz suco e vinho. \u201cVamos ter mais tr\u00eas tipos de cerveja\u201d, diz Fritsch, ao destacar que o registro foi liberado h\u00e1 pouco mais de 20 dias.<br \/>\nSer\u00e3o lan\u00e7adas uma cerveja Helles Mangaba, \u00e0 base de malte pilsen, com frutas do norte da Bahia e de Sergipe (inclu\u00eddas na bebida no terceiro dia de fermenta\u00e7\u00e3o); a Rauchbier, cerveja de trigo defumado \u00e0 base de lenha de laranjeira velha; e a Blonder, servida h\u00e1 dois anos em chope, mas que ser\u00e1 engarrafada pela Stein Haus pela primeira vez.<br \/>\nOs 600 litros de cerveja produzidos incialmente pela cervejaria artesanal de Picada Caf\u00e9 passaram para 2.600 litros por m\u00eas, e a previs\u00e3o para novembro \u00e9 de 5.600 litros de cerveja org\u00e2nica por m\u00eas. \u201cEstamos ampliando para atender \u00e0 demanda \u00a0crescente\u201d, avalia Fritsch.<br \/>\nNa Expointer, as cervejas artesanais da Stein Haus s\u00e3o comercializadas no Pavilh\u00e3o da Agricultura Familiar com aux\u00edlio de Dionei Brum, que trabalha h\u00e1 pouco mais de um ano com o casal empreendedor e participa de feiras divulgando o produto.<br \/>\n<a href=\"http:\/\/www.rs.gov.br\/conteudo\/265447\/qualidade-de-produtos-atrai-grande-publico-ao-pavilhao-da-agricultura-familiar\">Adriane Bertoglio Rodrigues\/Governo do Estado\u00a0<\/a><\/p>\n","protected":false},"excerpt":{"rendered":"<p>O Pavilh\u00e3o da Agricultura Familiar, um dos espa\u00e7os mais visitados durante a 40\u00aa Expointer, que encerra neste\u00a0domingo, dia 3, no Parque de Exposi\u00e7\u00f5es Assis Brasil, em Esteio, oferece qualidade e diversidade de produtos. Queijos, salames e copas, geleias e mel, bolachas, artesanato, plantas e flores, sucos, vinhos e cacha\u00e7as s\u00e3o alguns dos produtos que os [&hellip;]<\/p>\n","protected":false},"author":4,"featured_media":54645,"comment_status":"open","ping_status":"closed","sticky":false,"template":"","format":"standard","meta":{"_jetpack_newsletter_access":"","_jetpack_dont_email_post_to_subs":false,"_jetpack_newsletter_tier_id":0,"_jetpack_memberships_contains_paywalled_content":false,"_jetpack_feature_clip_id":0,"_jetpack_memberships_contains_paid_content":false,"footnotes":"","jetpack_post_was_ever_published":false},"categories":[26],"tags":[],"class_list":["post-54644","post","type-post","status-publish","format-standard","has-post-thumbnail","hentry","category-geral"],"aioseo_notices":[],"aioseo_head":"\n\t\t<!-- All in One SEO 5.0.1.1 - aioseo.com -->\n\t<meta name=\"robots\" content=\"max-image-preview:large\" \/>\n\t<meta name=\"author\" content=\"da Reda\u00e7\u00e3o\"\/>\n\t<link rel=\"canonical\" href=\"https:\/\/www.jornalja.com.br\/arquivo\/agricultura-familiar-atrai-grande-publico-da-expointer\/\" \/>\n\t<meta name=\"generator\" content=\"All in One SEO (AIOSEO) 5.0.1.1\" \/>\n\t\t<meta property=\"og:locale\" content=\"pt_BR\" \/>\n\t\t<meta property=\"og:site_name\" content=\"Arquivo | Jornal J\u00c1 | Porto Alegre\" \/>\n\t\t<meta property=\"og:type\" content=\"article\" \/>\n\t\t<meta property=\"og:title\" content=\"Agricultura Familiar atrai grande p\u00fablico da Expointer | Arquivo\" \/>\n\t\t<meta property=\"og:url\" content=\"https:\/\/www.jornalja.com.br\/arquivo\/agricultura-familiar-atrai-grande-publico-da-expointer\/\" \/>\n\t\t<meta property=\"og:image\" content=\"https:\/\/www.jornalja.com.br\/wp-content\/uploads\/2017\/09\/upload-20170902125308sww_0433.jpg\" \/>\n\t\t<meta property=\"og:image:secure_url\" content=\"https:\/\/www.jornalja.com.br\/wp-content\/uploads\/2017\/09\/upload-20170902125308sww_0433.jpg\" \/>\n\t\t<meta property=\"article:published_time\" content=\"2017-09-03T16:09:27+00:00\" \/>\n\t\t<meta property=\"article:modified_time\" content=\"2017-09-03T16:09:27+00:00\" \/>\n\t\t<meta name=\"twitter:card\" content=\"summary\" \/>\n\t\t<meta name=\"twitter:title\" content=\"Agricultura Familiar atrai grande p\u00fablico da Expointer | Arquivo\" \/>\n\t\t<meta name=\"twitter:image\" content=\"https:\/\/www.jornalja.com.br\/economics\/wp-content\/uploads\/sites\/11\/2026\/08\/ja-folhaderosto-facebook.jpg\" \/>\n\t\t<script type=\"application\/ld+json\" class=\"aioseo-schema\">\n\t\t\t{\"@context\":\"https:\\\/\\\/schema.org\",\"@graph\":[{\"@type\":\"BlogPosting\",\"@id\":\"https:\\\/\\\/www.jornalja.com.br\\\/arquivo\\\/agricultura-familiar-atrai-grande-publico-da-expointer\\\/#blogposting\",\"name\":\"Agricultura Familiar atrai grande p\\u00fablico da Expointer | Arquivo\",\"headline\":\"Agricultura Familiar atrai grande p\\u00fablico da Expointer\",\"author\":{\"@id\":\"https:\\\/\\\/www.jornalja.com.br\\\/arquivo\\\/author\\\/daredacao\\\/#author\"},\"publisher\":{\"@id\":\"https:\\\/\\\/www.jornalja.com.br\\\/arquivo\\\/#organization\"},\"image\":{\"@type\":\"ImageObject\",\"url\":54645},\"datePublished\":\"2017-09-03T13:09:27-03:00\",\"dateModified\":\"2017-09-03T13:09:27-03:00\",\"inLanguage\":\"pt-BR\",\"mainEntityOfPage\":{\"@id\":\"https:\\\/\\\/www.jornalja.com.br\\\/arquivo\\\/agricultura-familiar-atrai-grande-publico-da-expointer\\\/#webpage\"},\"isPartOf\":{\"@id\":\"https:\\\/\\\/www.jornalja.com.br\\\/arquivo\\\/agricultura-familiar-atrai-grande-publico-da-expointer\\\/#webpage\"},\"articleSection\":\"Geral\"},{\"@type\":\"BreadcrumbList\",\"@id\":\"https:\\\/\\\/www.jornalja.com.br\\\/arquivo\\\/agricultura-familiar-atrai-grande-publico-da-expointer\\\/#breadcrumblist\",\"itemListElement\":[{\"@type\":\"ListItem\",\"@id\":\"https:\\\/\\\/www.jornalja.com.br\\\/arquivo#listItem\",\"position\":1,\"name\":\"Home\",\"item\":\"https:\\\/\\\/www.jornalja.com.br\\\/arquivo\",\"nextItem\":{\"@type\":\"ListItem\",\"@id\":\"https:\\\/\\\/www.jornalja.com.br\\\/arquivo\\\/category\\\/geral\\\/#listItem\",\"name\":\"Geral\"}},{\"@type\":\"ListItem\",\"@id\":\"https:\\\/\\\/www.jornalja.com.br\\\/arquivo\\\/category\\\/geral\\\/#listItem\",\"position\":2,\"name\":\"Geral\",\"item\":\"https:\\\/\\\/www.jornalja.com.br\\\/arquivo\\\/category\\\/geral\\\/\",\"nextItem\":{\"@type\":\"ListItem\",\"@id\":\"https:\\\/\\\/www.jornalja.com.br\\\/arquivo\\\/agricultura-familiar-atrai-grande-publico-da-expointer\\\/#listItem\",\"name\":\"Agricultura Familiar atrai grande p\\u00fablico da Expointer\"},\"previousItem\":{\"@type\":\"ListItem\",\"@id\":\"https:\\\/\\\/www.jornalja.com.br\\\/arquivo#listItem\",\"name\":\"Home\"}},{\"@type\":\"ListItem\",\"@id\":\"https:\\\/\\\/www.jornalja.com.br\\\/arquivo\\\/agricultura-familiar-atrai-grande-publico-da-expointer\\\/#listItem\",\"position\":3,\"name\":\"Agricultura Familiar atrai grande p\\u00fablico da Expointer\",\"previousItem\":{\"@type\":\"ListItem\",\"@id\":\"https:\\\/\\\/www.jornalja.com.br\\\/arquivo\\\/category\\\/geral\\\/#listItem\",\"name\":\"Geral\"}}]},{\"@type\":\"Organization\",\"@id\":\"https:\\\/\\\/www.jornalja.com.br\\\/arquivo\\\/#organization\",\"name\":\"Jornal J\\u00c1\",\"description\":\"Jornal J\\u00c1 | Porto Alegre\",\"url\":\"https:\\\/\\\/www.jornalja.com.br\\\/arquivo\\\/\",\"telephone\":\"+555133307272\",\"logo\":{\"@type\":\"ImageObject\",\"url\":\"https:\\\/\\\/www.jornalja.com.br\\\/wp-content\\\/uploads\\\/cards\\\/JAslogan.png\",\"@id\":\"https:\\\/\\\/www.jornalja.com.br\\\/arquivo\\\/agricultura-familiar-atrai-grande-publico-da-expointer\\\/#organizationLogo\"},\"image\":{\"@id\":\"https:\\\/\\\/www.jornalja.com.br\\\/arquivo\\\/agricultura-familiar-atrai-grande-publico-da-expointer\\\/#organizationLogo\"}},{\"@type\":\"Person\",\"@id\":\"https:\\\/\\\/www.jornalja.com.br\\\/arquivo\\\/author\\\/daredacao\\\/#author\",\"url\":\"https:\\\/\\\/www.jornalja.com.br\\\/arquivo\\\/author\\\/daredacao\\\/\",\"name\":\"da Reda\\u00e7\\u00e3o\",\"image\":{\"@type\":\"ImageObject\",\"@id\":\"https:\\\/\\\/www.jornalja.com.br\\\/arquivo\\\/agricultura-familiar-atrai-grande-publico-da-expointer\\\/#authorImage\",\"url\":\"https:\\\/\\\/secure.gravatar.com\\\/avatar\\\/469fd857d6605ad19919d27ed29d35a968a25f6e8fd9318356bbb7f57aae9c65?s=96&d=mm&r=g\",\"width\":96,\"height\":96,\"caption\":\"da Reda\\u00e7\\u00e3o\"}},{\"@type\":\"WebPage\",\"@id\":\"https:\\\/\\\/www.jornalja.com.br\\\/arquivo\\\/agricultura-familiar-atrai-grande-publico-da-expointer\\\/#webpage\",\"url\":\"https:\\\/\\\/www.jornalja.com.br\\\/arquivo\\\/agricultura-familiar-atrai-grande-publico-da-expointer\\\/\",\"name\":\"Agricultura Familiar atrai grande p\\u00fablico da Expointer | Arquivo\",\"inLanguage\":\"pt-BR\",\"isPartOf\":{\"@id\":\"https:\\\/\\\/www.jornalja.com.br\\\/arquivo\\\/#website\"},\"breadcrumb\":{\"@id\":\"https:\\\/\\\/www.jornalja.com.br\\\/arquivo\\\/agricultura-familiar-atrai-grande-publico-da-expointer\\\/#breadcrumblist\"},\"author\":{\"@id\":\"https:\\\/\\\/www.jornalja.com.br\\\/arquivo\\\/author\\\/daredacao\\\/#author\"},\"creator\":{\"@id\":\"https:\\\/\\\/www.jornalja.com.br\\\/arquivo\\\/author\\\/daredacao\\\/#author\"},\"image\":{\"@type\":\"ImageObject\",\"url\":54645,\"@id\":\"https:\\\/\\\/www.jornalja.com.br\\\/arquivo\\\/agricultura-familiar-atrai-grande-publico-da-expointer\\\/#mainImage\"},\"primaryImageOfPage\":{\"@id\":\"https:\\\/\\\/www.jornalja.com.br\\\/arquivo\\\/agricultura-familiar-atrai-grande-publico-da-expointer\\\/#mainImage\"},\"datePublished\":\"2017-09-03T13:09:27-03:00\",\"dateModified\":\"2017-09-03T13:09:27-03:00\"},{\"@type\":\"WebSite\",\"@id\":\"https:\\\/\\\/www.jornalja.com.br\\\/arquivo\\\/#website\",\"url\":\"https:\\\/\\\/www.jornalja.com.br\\\/arquivo\\\/\",\"name\":\"Arquivo\",\"description\":\"Jornal J\\u00c1 | Porto Alegre\",\"inLanguage\":\"pt-BR\",\"publisher\":{\"@id\":\"https:\\\/\\\/www.jornalja.com.br\\\/arquivo\\\/#organization\"}}]}\n\t\t<\/script>\n\t\t<!-- All in One SEO -->\n\n","aioseo_head_json":{"title":"Agricultura Familiar atrai grande p\u00fablico da Expointer | Arquivo","description":"","canonical_url":"https:\/\/www.jornalja.com.br\/arquivo\/agricultura-familiar-atrai-grande-publico-da-expointer\/","robots":"max-image-preview:large","keywords":"","webmasterTools":{"miscellaneous":""},"schema":{"@context":"https:\/\/schema.org","@graph":[{"@type":"BlogPosting","@id":"https:\/\/www.jornalja.com.br\/arquivo\/agricultura-familiar-atrai-grande-publico-da-expointer\/#blogposting","name":"Agricultura Familiar atrai grande p\u00fablico da Expointer | Arquivo","headline":"Agricultura Familiar atrai grande p\u00fablico da Expointer","author":{"@id":"https:\/\/www.jornalja.com.br\/arquivo\/author\/daredacao\/#author"},"publisher":{"@id":"https:\/\/www.jornalja.com.br\/arquivo\/#organization"},"image":{"@type":"ImageObject","url":54645},"datePublished":"2017-09-03T13:09:27-03:00","dateModified":"2017-09-03T13:09:27-03:00","inLanguage":"pt-BR","mainEntityOfPage":{"@id":"https:\/\/www.jornalja.com.br\/arquivo\/agricultura-familiar-atrai-grande-publico-da-expointer\/#webpage"},"isPartOf":{"@id":"https:\/\/www.jornalja.com.br\/arquivo\/agricultura-familiar-atrai-grande-publico-da-expointer\/#webpage"},"articleSection":"Geral"},{"@type":"BreadcrumbList","@id":"https:\/\/www.jornalja.com.br\/arquivo\/agricultura-familiar-atrai-grande-publico-da-expointer\/#breadcrumblist","itemListElement":[{"@type":"ListItem","@id":"https:\/\/www.jornalja.com.br\/arquivo#listItem","position":1,"name":"Home","item":"https:\/\/www.jornalja.com.br\/arquivo","nextItem":{"@type":"ListItem","@id":"https:\/\/www.jornalja.com.br\/arquivo\/category\/geral\/#listItem","name":"Geral"}},{"@type":"ListItem","@id":"https:\/\/www.jornalja.com.br\/arquivo\/category\/geral\/#listItem","position":2,"name":"Geral","item":"https:\/\/www.jornalja.com.br\/arquivo\/category\/geral\/","nextItem":{"@type":"ListItem","@id":"https:\/\/www.jornalja.com.br\/arquivo\/agricultura-familiar-atrai-grande-publico-da-expointer\/#listItem","name":"Agricultura Familiar atrai grande p\u00fablico da Expointer"},"previousItem":{"@type":"ListItem","@id":"https:\/\/www.jornalja.com.br\/arquivo#listItem","name":"Home"}},{"@type":"ListItem","@id":"https:\/\/www.jornalja.com.br\/arquivo\/agricultura-familiar-atrai-grande-publico-da-expointer\/#listItem","position":3,"name":"Agricultura Familiar atrai grande p\u00fablico da Expointer","previousItem":{"@type":"ListItem","@id":"https:\/\/www.jornalja.com.br\/arquivo\/category\/geral\/#listItem","name":"Geral"}}]},{"@type":"Organization","@id":"https:\/\/www.jornalja.com.br\/arquivo\/#organization","name":"Jornal J\u00c1","description":"Jornal J\u00c1 | Porto Alegre","url":"https:\/\/www.jornalja.com.br\/arquivo\/","telephone":"+555133307272","logo":{"@type":"ImageObject","url":"https:\/\/www.jornalja.com.br\/wp-content\/uploads\/cards\/JAslogan.png","@id":"https:\/\/www.jornalja.com.br\/arquivo\/agricultura-familiar-atrai-grande-publico-da-expointer\/#organizationLogo"},"image":{"@id":"https:\/\/www.jornalja.com.br\/arquivo\/agricultura-familiar-atrai-grande-publico-da-expointer\/#organizationLogo"}},{"@type":"Person","@id":"https:\/\/www.jornalja.com.br\/arquivo\/author\/daredacao\/#author","url":"https:\/\/www.jornalja.com.br\/arquivo\/author\/daredacao\/","name":"da Reda\u00e7\u00e3o","image":{"@type":"ImageObject","@id":"https:\/\/www.jornalja.com.br\/arquivo\/agricultura-familiar-atrai-grande-publico-da-expointer\/#authorImage","url":"https:\/\/secure.gravatar.com\/avatar\/469fd857d6605ad19919d27ed29d35a968a25f6e8fd9318356bbb7f57aae9c65?s=96&d=mm&r=g","width":96,"height":96,"caption":"da Reda\u00e7\u00e3o"}},{"@type":"WebPage","@id":"https:\/\/www.jornalja.com.br\/arquivo\/agricultura-familiar-atrai-grande-publico-da-expointer\/#webpage","url":"https:\/\/www.jornalja.com.br\/arquivo\/agricultura-familiar-atrai-grande-publico-da-expointer\/","name":"Agricultura Familiar atrai grande p\u00fablico da Expointer | Arquivo","inLanguage":"pt-BR","isPartOf":{"@id":"https:\/\/www.jornalja.com.br\/arquivo\/#website"},"breadcrumb":{"@id":"https:\/\/www.jornalja.com.br\/arquivo\/agricultura-familiar-atrai-grande-publico-da-expointer\/#breadcrumblist"},"author":{"@id":"https:\/\/www.jornalja.com.br\/arquivo\/author\/daredacao\/#author"},"creator":{"@id":"https:\/\/www.jornalja.com.br\/arquivo\/author\/daredacao\/#author"},"image":{"@type":"ImageObject","url":54645,"@id":"https:\/\/www.jornalja.com.br\/arquivo\/agricultura-familiar-atrai-grande-publico-da-expointer\/#mainImage"},"primaryImageOfPage":{"@id":"https:\/\/www.jornalja.com.br\/arquivo\/agricultura-familiar-atrai-grande-publico-da-expointer\/#mainImage"},"datePublished":"2017-09-03T13:09:27-03:00","dateModified":"2017-09-03T13:09:27-03:00"},{"@type":"WebSite","@id":"https:\/\/www.jornalja.com.br\/arquivo\/#website","url":"https:\/\/www.jornalja.com.br\/arquivo\/","name":"Arquivo","description":"Jornal J\u00c1 | Porto Alegre","inLanguage":"pt-BR","publisher":{"@id":"https:\/\/www.jornalja.com.br\/arquivo\/#organization"}}]},"og:locale":"pt_BR","og:site_name":"Arquivo | Jornal J\u00c1 | Porto Alegre","og:type":"article","og:title":"Agricultura Familiar atrai grande p\u00fablico da Expointer | Arquivo","og:url":"https:\/\/www.jornalja.com.br\/arquivo\/agricultura-familiar-atrai-grande-publico-da-expointer\/","og:image":"https:\/\/www.jornalja.com.br\/wp-content\/uploads\/2017\/09\/upload-20170902125308sww_0433.jpg","og:image:secure_url":"https:\/\/www.jornalja.com.br\/wp-content\/uploads\/2017\/09\/upload-20170902125308sww_0433.jpg","article:published_time":"2017-09-03T16:09:27+00:00","article:modified_time":"2017-09-03T16:09:27+00:00","twitter:card":"summary","twitter:title":"Agricultura Familiar atrai grande p\u00fablico da Expointer | Arquivo","twitter:image":"https:\/\/www.jornalja.com.br\/economics\/wp-content\/uploads\/sites\/11\/2026\/08\/ja-folhaderosto-facebook.jpg"},"aioseo_meta_data":{"post_id":"54644","title":null,"description":null,"keywords":null,"keyphrases":null,"primary_term":null,"canonical_url":null,"og_title":null,"og_description":null,"og_object_type":"default","og_image_type":"default","og_image_url":null,"og_image_width":null,"og_image_height":null,"og_image_custom_url":null,"og_image_custom_fields":null,"og_video":null,"og_custom_url":null,"og_article_section":null,"og_article_tags":null,"twitter_use_og":false,"twitter_card":"default","twitter_image_type":"default","twitter_image_url":null,"twitter_image_custom_url":null,"twitter_image_custom_fields":null,"twitter_title":null,"twitter_description":null,"schema":{"blockGraphs":[],"customGraphs":[],"default":{"data":{"Article":[],"Course":[],"Dataset":[],"FAQPage":[],"Movie":[],"Person":[],"Product":[],"ProductReview":[],"Car":[],"Recipe":[],"Service":[],"SoftwareApplication":[],"WebPage":[]},"graphName":"","isEnabled":true},"graphs":[],"defaultGraph":"","defaultPostTypeGraph":""},"schema_type":null,"schema_type_options":null,"pillar_content":false,"robots_default":true,"robots_noindex":false,"robots_noarchive":false,"robots_nosnippet":false,"robots_nofollow":false,"robots_noimageindex":false,"robots_noodp":false,"robots_notranslate":false,"robots_max_snippet":null,"robots_max_videopreview":null,"robots_max_imagepreview":"large","priority":null,"frequency":null,"location":null,"local_seo":null,"breadcrumb_settings":null,"limit_modified_date":false,"ai":null,"created":"2020-12-20 20:25:01","updated":"2025-07-20 00:52:24","seo_analyzer_scan_date":null,"focus_keyword":null,"additional_keywords":null,"truseo_locale":null},"jetpack_sharing_enabled":true,"jetpack-related-posts":[{"id":13101,"url":"https:\/\/www.jornalja.com.br\/arquivo\/morre-um-guerreiro-do-texto\/","url_meta":{"origin":54644,"position":0},"title":"Morre um guerreiro do texto","author":"Patr\u00edcia Marini","date":"14 de maio de 2014","format":false,"excerpt":"Por Ricardo Kotscho Reproduzido do blog do autor, 11\/5\/2014; t\u00edtulo original \u201cE l\u00e1 se foi o nosso Myltainho, guerreiro do texto\u201d. Mi\u00fado e franzino, meu amigo Myltainho era um valente e inconformado guerreiro na luta contra as injusti\u00e7as sociais, a hipocrisia, as maracutaias, o autoritarismo, a intoler\u00e2ncia, a viol\u00eancia, o\u2026","rel":"","context":"Em &quot;Geral&quot;","block_context":{"text":"Geral","link":"https:\/\/www.jornalja.com.br\/arquivo\/category\/geral\/"},"img":{"alt_text":"","src":"","width":0,"height":0},"classes":[]},{"id":1280,"url":"https:\/\/www.jornalja.com.br\/arquivo\/o-menino-que-se-tornou-brizola\/","url_meta":{"origin":54644,"position":1},"title":"O Menino que se Tornou Brizola","author":"da Reda\u00e7\u00e3o","date":"28 de julho de 2008","format":false,"excerpt":"Autor: Cleber Dioni A vida de Leonel Brizola, com \u00eanfase para os primeiros anos em Porto Alegre, at\u00e9 o ex\u00edlio no Uruguai e a volta, quinze anos depois. \u00a0\"...\u00c9ramos todos jovens e nos identific\u00e1vamos com aquela massa an\u00f4nima a percorrer as ruas de Porto Alegre, gritando 'Get\u00falio', 'Get\u00falio' e empunhando\u2026","rel":"","context":"Em &quot;Livros&quot;","block_context":{"text":"Livros","link":"https:\/\/www.jornalja.com.br\/arquivo\/category\/livros\/"},"img":{"alt_text":"","src":"https:\/\/i0.wp.com\/www.jornalja.com.br\/wp-content\/uploads\/2008\/07\/brizola.gif?resize=350%2C200&ssl=1","width":350,"height":200},"classes":[]},{"id":5440,"url":"https:\/\/www.jornalja.com.br\/arquivo\/casarao-da-venancio-destino-permanece-incerto\/","url_meta":{"origin":54644,"position":2},"title":"Estado ainda n\u00e3o sabe o que fazer com casar\u00e3o abandonado h\u00e1 20 anos","author":"Elmar Bones","date":"6 de julho de 2009","format":false,"excerpt":"O casar\u00e3o amarelo, numa esquina nobre de Porto Alegre (Ven\u00e2ncio Aires com Jo\u00e3o Pessoa), j\u00e1 abrigou uma escola. H\u00e1 duas d\u00e9cadas, pelo menos, est\u00e1 abandonado, porque seu propriet\u00e1rio, o governo do Estado do Rio Grande do Sul, n\u00e3o consegue achar um destino para ele. Planos n\u00e3o faltaram. O governador Ol\u00edvio\u2026","rel":"","context":"Em &quot;X.Categorias velhas&quot;","block_context":{"text":"X.Categorias velhas","link":"https:\/\/www.jornalja.com.br\/arquivo\/category\/x-categorias-velhas\/"},"img":{"alt_text":"geraldo1","src":"https:\/\/i0.wp.com\/www.jornalja.com.br\/wp-content\/uploads\/2009\/07\/geraldo1.jpg?resize=350%2C200&ssl=1","width":350,"height":200},"classes":[]},{"id":14241,"url":"https:\/\/www.jornalja.com.br\/arquivo\/o-guaiba-nas-imagens-poeticas-de-achutti\/","url_meta":{"origin":54644,"position":3},"title":"O Gua\u00edba nas imagens po\u00e9ticas de Achutti","author":"da Reda\u00e7\u00e3o","date":"18 de junho de 2014","format":false,"excerpt":"Em \u201cO Gua\u00edba por Achutti\u201d \u2013 obra financiada via Minist\u00e9rio da Cultura, produ\u00e7\u00e3o executiva de Pedro Longhi, e Fl\u00e1vio Wild como designer \u2013, o fot\u00f3grafo revela a beleza e as mazelas de um espa\u00e7o aqu\u00e1tico de \u00e1guas sempre renovadas, cheio de hist\u00f3rias e lendas como as das cidades que foram\u2026","rel":"","context":"Em &quot;Cultura-Geral&quot;","block_context":{"text":"Cultura-Geral","link":"https:\/\/www.jornalja.com.br\/arquivo\/category\/materiasecundaria\/"},"img":{"alt_text":"","src":"","width":0,"height":0},"classes":[]},{"id":12960,"url":"https:\/\/www.jornalja.com.br\/arquivo\/populacao-culpa-empresas-pela-greve-dos-rodoviarios\/","url_meta":{"origin":54644,"position":4},"title":"Popula\u00e7\u00e3o culpa empresas pela greve","author":"Patr\u00edcia Marini","date":"14 de fevereiro de 2014","format":false,"excerpt":"Pesquisa divulgada na edi\u00e7\u00e3o do jornal Metro desta sexta-feira,14, comprova o velho ditado: \u00e9 poss\u00edvel enganar muitos por algum tempo, mas n\u00e3o \u00e9 poss\u00edvel enganar a todos o tempo inteiro. A principal revela\u00e7\u00e3o foi que 59,8% dos entrevistados apontaram as empresas como as principais respons\u00e1veis pela grave e 46% culparam\u2026","rel":"","context":"Em &quot;X.Categorias velhas&quot;","block_context":{"text":"X.Categorias velhas","link":"https:\/\/www.jornalja.com.br\/arquivo\/category\/x-categorias-velhas\/"},"img":{"alt_text":"","src":"","width":0,"height":0},"classes":[]},{"id":13124,"url":"https:\/\/www.jornalja.com.br\/arquivo\/sangue-latino-no-iecine\/","url_meta":{"origin":54644,"position":5},"title":"Sangue latino no IECINE","author":"da Reda\u00e7\u00e3o","date":"18 de maio de 2014","format":false,"excerpt":"Francisco Ribeiro O Instituto Estadual de Cinema (IECINE) tem a frente, desde abril \u00faltimo, um novo diretor, o cineasta colombiano Juan Zapata, 36, que substitui Luiz Alberto Cassol. Radicado h\u00e1 dez anos em Porto Alegre, Zapata tem diante de si o desafio de conduzir at\u00e9 o final do ano um\u2026","rel":"","context":"Em &quot;Cultura-Geral&quot;","block_context":{"text":"Cultura-Geral","link":"https:\/\/www.jornalja.com.br\/arquivo\/category\/materiasecundaria\/"},"img":{"alt_text":"","src":"","width":0,"height":0},"classes":[]}],"jetpack_shortlink":"https:\/\/wp.me\/pbQjBd-edm","jetpack_featured_media_url":"","_links":{"self":[{"href":"https:\/\/www.jornalja.com.br\/arquivo\/wp-json\/wp\/v2\/posts\/54644","targetHints":{"allow":["GET"]}}],"collection":[{"href":"https:\/\/www.jornalja.com.br\/arquivo\/wp-json\/wp\/v2\/posts"}],"about":[{"href":"https:\/\/www.jornalja.com.br\/arquivo\/wp-json\/wp\/v2\/types\/post"}],"author":[{"embeddable":true,"href":"https:\/\/www.jornalja.com.br\/arquivo\/wp-json\/wp\/v2\/users\/4"}],"replies":[{"embeddable":true,"href":"https:\/\/www.jornalja.com.br\/arquivo\/wp-json\/wp\/v2\/comments?post=54644"}],"version-history":[{"count":0,"href":"https:\/\/www.jornalja.com.br\/arquivo\/wp-json\/wp\/v2\/posts\/54644\/revisions"}],"wp:attachment":[{"href":"https:\/\/www.jornalja.com.br\/arquivo\/wp-json\/wp\/v2\/media?parent=54644"}],"wp:term":[{"taxonomy":"category","embeddable":true,"href":"https:\/\/www.jornalja.com.br\/arquivo\/wp-json\/wp\/v2\/categories?post=54644"},{"taxonomy":"post_tag","embeddable":true,"href":"https:\/\/www.jornalja.com.br\/arquivo\/wp-json\/wp\/v2\/tags?post=54644"}],"curies":[{"name":"wp","href":"https:\/\/api.w.org\/{rel}","templated":true}]}}