{"id":54650,"date":"2017-09-03T13:43:14","date_gmt":"2017-09-03T16:43:14","guid":{"rendered":"https:\/\/www.jornalja.com.br\/?p=54650"},"modified":"2017-09-03T13:43:14","modified_gmt":"2017-09-03T16:43:14","slug":"a-base-governista-aumentara-a-chantagem-sobre-temer-diz-cientista-politico","status":"publish","type":"post","link":"https:\/\/www.jornalja.com.br\/arquivo\/a-base-governista-aumentara-a-chantagem-sobre-temer-diz-cientista-politico\/","title":{"rendered":"\u201cA base governista aumentar\u00e1 a chantagem sobre Temer\u201d, diz cientista pol\u00edtico"},"content":{"rendered":"<p>Para o cientista pol\u00edtico Benedito Tadeu C\u00e9sar, a vota\u00e7\u00e3o da madrugada da quinta-feira, dia 31, na qual o governo Michel Temer n\u00e3o conseguiu aprovar a amplia\u00e7\u00e3o do d\u00e9ficit fiscal para R$ 159 bilh\u00f5es em 2018, decorreu mais de um vacilo da base governista e do empenho da oposi\u00e7\u00e3o do que de uma fadiga no apoio a Temer. \u201cA base de Temer \u00e9 fisiol\u00f3gica e oportunista. Com o desgaste crescente do governo, que n\u00e3o consegue entregar o que prometeu, ou seja, com a manuten\u00e7\u00e3o da estagna\u00e7\u00e3o econ\u00f4mica e, ainda, com a emin\u00eancia da apresenta\u00e7\u00e3o de uma nova den\u00fancia contra Temer por parte de Janot, a base governista aumentar\u00e1 a chantagem, aumentando o pre\u00e7o do apoio. Penso que a base est\u00e1 sinalizando neste sentido\u201d.<br \/>\nBenedito \u00e9 mestre em antropologia social e doutor em ci\u00eancias sociais. Professor aposentado e especialista em an\u00e1lise pol\u00edtica, comportamento eleitoral e partidos pol\u00edticos. Atualmente integra as coordena\u00e7\u00f5es do Comit\u00ea em Defesa da Democracia e do Estado Democr\u00e1tico de Direito e do Comit\u00ea Ga\u00facho do Projeto Brasil-Na\u00e7\u00e3o.<br \/>\n<span class=\"entreperg\">F\u00f3rum \u2013 O governo atual n\u00e3o conseguiu aprovar a amplia\u00e7\u00e3o do d\u00e9ficit fiscal para 2018. Na sua avalia\u00e7\u00e3o, esse fato \u00e9 um sinal de que a base de Michel Temer no Congresso Nacional est\u00e1 dando sinais de fadiga?<\/span><br \/>\n<strong>Benedito Tadeu C\u00e9sar<\/strong> \u2013\u00a0Acredito que a vota\u00e7\u00e3o da madrugada de quinta-feira (31) decorreu mais de um vacilo da base governista e do empenho da oposi\u00e7\u00e3o do que de uma fadiga no apoio a Temer. A base de Temer \u00e9 fisiol\u00f3gica e oportunista. Com o desgaste crescente do governo, que n\u00e3o consegue entregar o que prometeu, ou seja, com a manuten\u00e7\u00e3o da estagna\u00e7\u00e3o econ\u00f4mica e, ainda, com a emin\u00eancia da apresenta\u00e7\u00e3o de uma nova den\u00fancia contra Temer por parte de Janot, a base governista aumentar\u00e1 a chantagem, aumentando o pre\u00e7o do apoio. Penso que a base est\u00e1 sinalizando neste sentido, indicando que o pre\u00e7o do apoio aumentou.<br \/>\n<span class=\"entreperg\">Quais as raz\u00f5es para essa suposta fraqueza, uma vez que Temer distribuiu emendas parlamentares para escapar do processo de impeachment e, aparentemente, cooptou grande n\u00famero de parlamentares?<\/span><br \/>\nAcrescento ao aumento do pre\u00e7o da chantagem tamb\u00e9m o fato de que a base governista est\u00e1 preocupada com sua pr\u00f3pria reelei\u00e7\u00e3o. Com a proximidade das elei\u00e7\u00f5es de 2018, os deputados e senadores governistas ficam cada vez mais preocupados com a sua pr\u00f3pria reelei\u00e7\u00e3o do que com a sustenta\u00e7\u00e3o de um governo impopular como o de Temer. Isso, ali\u00e1s, faz com que o pre\u00e7o do apoio se eleve ainda mais.<br \/>\n<span class=\"entreperg\">Analisando sob uma perspectiva mais ampla, o senhor acredita que o governo Temer, apesar de ter evitado o impedimento, mostra desgastes que ainda podem lev\u00e1-lo a n\u00e3o finalizar o mandato, em uma nova den\u00fancia da Procuradoria-Geral da Rep\u00fablica?<\/span><br \/>\nAcredito que a n\u00e3o autoriza\u00e7\u00e3o de investiga\u00e7\u00e3o de Temer em decorr\u00eancia de uma nova den\u00fancia de Janot depende, mais uma vez, da quantidade e do valor das emendas que ele liberar\u00e1 aos parlamentares da sua base. Dificilmente Temer n\u00e3o terminar\u00e1 o mandato, pois o tal do \u201cmercado\u201d n\u00e3o tem ningu\u00e9m com mais cacife do que ele para colocar no seu lugar. Meirelles, que \u00e9 o presidente de fato e que representa os interesses do mercado financeiro, n\u00e3o tem traquejo para o trato com a base e n\u00e3o saberia conduzir as negociatas com a maestria que Temer e sua\u00a0troupe\u00a0det\u00eam. A deposi\u00e7\u00e3o de Temer traria, portanto, mais instabilidade econ\u00f4mica e atrapalharia os neg\u00f3cios do mercado financeiro.<br \/>\nAl\u00e9m disso, nada garante que o STF, dominado por Gilmar Mendes e seus ac\u00f3litos, v\u00e1 fundo na investiga\u00e7\u00e3o de Temer, caso a autoriza\u00e7\u00e3o acabe passando no Congresso Nacional. As pr\u00f3prias ruas n\u00e3o t\u00eam dado sinais de rea\u00e7\u00e3o efetiva. Sem uma imensa press\u00e3o popular, n\u00e3o acredito que seja poss\u00edvel haver qualquer abalo significativo no atual governo.<br \/>\nO trabalho da grande m\u00eddia corporativa no sentido de construir o descr\u00e9dito com a pol\u00edtica e, principalmente, com os pol\u00edticos e os partidos pol\u00edticos de esquerda foi muito grande e eficiente. As pessoas est\u00e3o at\u00f4nitas e ap\u00e1ticas, pois lhes falta uma bandeira, uma lideran\u00e7a e uma estrutura pol\u00edtico partid\u00e1ria e social capaz de organizar e dar dire\u00e7\u00e3o a uma forte rea\u00e7\u00e3o popular. Foram estes os motivos que fizeram com que n\u00e3o tenha vingado, at\u00e9 aqui pelo menos, a campanha das Diretas J\u00e1 e da antecipa\u00e7\u00e3o das elei\u00e7\u00f5es. Por meio das institui\u00e7\u00f5es da Rep\u00fablica, todas mancomunadas de alguma forma e em algum n\u00edvel com o golpe, n\u00e3o me parece que seja poss\u00edvel ocorrer a interrup\u00e7\u00e3o do mandato de Temer.<br \/>\n<span class=\"entreperg\">O senhor acredita que o governo ainda encontrar\u00e1 for\u00e7a para conseguir aprovar a reforma da Previd\u00eancia?<\/span><br \/>\nParece-me que h\u00e1 uma grande chance de a reforma da Previd\u00eancia n\u00e3o ser aprovada, pois ela \u00e9 muito impopular. As pessoas comuns entenderam mais rapidamente os efeito nefastos da reforma da Previd\u00eancia, atualmente proposta, do que os que advir\u00e3o com a reforma trabalhista e, por esse motivo, reagiram. A base parlamentar est\u00e1 preocupada antes de tudo com sua reelei\u00e7\u00e3o, como j\u00e1 afirmei. Assim, quanto mais se aproxima o final do atual mandato e mais pr\u00f3ximo fica o momento em que os parlamentares ter\u00e3o que buscar o voto dos seus eleitores, mais dif\u00edcil fica a aprova\u00e7\u00e3o da reforma da Previd\u00eancia. Todo cuidado \u00e9 pouco, no entanto, pois a ame\u00e7a n\u00e3o est\u00e1 afastada.<br \/>\n<span class=\"entreperg\">Em face desse cen\u00e1rio no Congresso, como projeta os pr\u00f3ximos passos do governo Temer?<\/span><br \/>\nPenso que Temer tentar\u00e1 acelerar as privatiza\u00e7\u00f5es e a entrega das reservas naturais do pa\u00eds \u00e0s grandes corpora\u00e7\u00f5es internacionais, quase todas controladas por grandes financeiras. Talvez seja mais f\u00e1cil conseguir a aprova\u00e7\u00e3o das privatiza\u00e7\u00f5es e da modifica\u00e7\u00e3o nas leis de terras e de explora\u00e7\u00e3o mineral do que aprovar a reforma da Previd\u00eancia. Isso se deve ao fato de que o cidad\u00e3o comum n\u00e3o se sente atingido prejudicialmente com essas medidas. Pelo contr\u00e1rio, a grande m\u00eddia corporativa consegue faz\u00ea-los crer que as empresas p\u00fablicas s\u00e3o cabides de empregos e nefastas ao pa\u00eds. Temer e sua base pol\u00edtica, tanto parlamentar quanto aqueles setores financeiros que os colocaram no poder, tentar\u00e3o impedir que Lula ou algu\u00e9m indicado por ele, no caso do seu impedimento em decorr\u00eancia da condena\u00e7\u00e3o em 2\u00aa Inst\u00e2ncia, seja eleito presidente da Rep\u00fablica.<br \/>\nDepois de tudo o que fizeram e do desmonte que est\u00e3o promovendo, n\u00e3o correr\u00e3o o risco de deixar o poder, decorridos apenas dois anos, e ver tudo come\u00e7ar a ser revertido. Por esse motivo, n\u00e3o hesitar\u00e3o um instante em aprofundar o golpe, seja aprovando a toque de caixa o sistema parlamentarista, seja encontrando algum meio para suspender ou adiar a elei\u00e7\u00e3o presidencial de 2018. Esta, parece-me, \u00e9 a maior prioridade de Temer e de todos os que, de alguma forma, se envolveram com o golpe, sejam parlamentares, empres\u00e1rios, grandes investidores, da grande m\u00eddia corporativa ou de parcela significativa dos integrantes do Minist\u00e9rio P\u00fablico e do Judici\u00e1rio.<br \/>\nO cen\u00e1rio que vivemos hoje me lembra o de 1965, quando muitos ainda acreditavam nas inten\u00e7\u00f5es democr\u00e1ticas dos militares que haviam dado o golpe e tomado o poder e pensavam que as elei\u00e7\u00f5es presidenciais daquele ano seriam realizadas. O que ocorreu foi a edi\u00e7\u00e3o do Ato Institucional n\u00ba 2, que prorrogou o mandato de Castelo Branco at\u00e9 1966, extinguiu os partidos pol\u00edticos e imp\u00f4s a elei\u00e7\u00f5es indireta do seu sucessor. Cabe, portanto, ao campo democr\u00e1tico popular se organizar e se mobilizar, desde j\u00e1, em torno de uma grande alian\u00e7a democr\u00e1tica para resistir e impedir que novas etapas do golpe sejam desfechadas.<br \/>\n<a href=\"http:\/\/www.revistaforum.com.br\/2017\/09\/01\/base-governista-aumentara-chantagem-sobre-temer-diz-cientista-politico\/\">Lucas Vasques\/Revista Forum<\/a><\/p>\n","protected":false},"excerpt":{"rendered":"<p>Para o cientista pol\u00edtico Benedito Tadeu C\u00e9sar, a vota\u00e7\u00e3o da madrugada da quinta-feira, dia 31, na qual o governo Michel Temer n\u00e3o conseguiu aprovar a amplia\u00e7\u00e3o do d\u00e9ficit fiscal para R$ 159 bilh\u00f5es em 2018, decorreu mais de um vacilo da base governista e do empenho da oposi\u00e7\u00e3o do que de uma fadiga no apoio [&hellip;]<\/p>\n","protected":false},"author":4,"featured_media":54651,"comment_status":"open","ping_status":"closed","sticky":false,"template":"","format":"standard","meta":{"_jetpack_newsletter_access":"","_jetpack_dont_email_post_to_subs":false,"_jetpack_newsletter_tier_id":0,"_jetpack_memberships_contains_paywalled_content":false,"_jetpack_feature_clip_id":0,"_jetpack_memberships_contains_paid_content":false,"footnotes":"","jetpack_post_was_ever_published":false},"categories":[26],"tags":[],"class_list":["post-54650","post","type-post","status-publish","format-standard","has-post-thumbnail","hentry","category-geral"],"aioseo_notices":[],"aioseo_head":"\n\t\t<!-- All in One SEO 5.0.1.1 - aioseo.com -->\n\t<meta name=\"robots\" content=\"max-image-preview:large\" \/>\n\t<meta name=\"author\" content=\"da Reda\u00e7\u00e3o\"\/>\n\t<link rel=\"canonical\" href=\"https:\/\/www.jornalja.com.br\/arquivo\/a-base-governista-aumentara-a-chantagem-sobre-temer-diz-cientista-politico\/\" \/>\n\t<meta name=\"generator\" content=\"All in One SEO (AIOSEO) 5.0.1.1\" \/>\n\t\t<meta property=\"og:locale\" content=\"pt_BR\" \/>\n\t\t<meta property=\"og:site_name\" content=\"Arquivo | Jornal J\u00c1 | Porto Alegre\" \/>\n\t\t<meta property=\"og:type\" content=\"article\" \/>\n\t\t<meta property=\"og:title\" content=\"\u201cA base governista aumentar\u00e1 a chantagem sobre Temer\u201d, diz cientista pol\u00edtico | Arquivo\" \/>\n\t\t<meta property=\"og:url\" content=\"https:\/\/www.jornalja.com.br\/arquivo\/a-base-governista-aumentara-a-chantagem-sobre-temer-diz-cientista-politico\/\" \/>\n\t\t<meta property=\"og:image\" content=\"https:\/\/www.jornalja.com.br\/economics\/wp-content\/uploads\/sites\/11\/2026\/08\/ja-folhaderosto-facebook.jpg\" \/>\n\t\t<meta property=\"og:image:secure_url\" content=\"https:\/\/www.jornalja.com.br\/economics\/wp-content\/uploads\/sites\/11\/2026\/08\/ja-folhaderosto-facebook.jpg\" \/>\n\t\t<meta property=\"article:published_time\" content=\"2017-09-03T16:43:14+00:00\" \/>\n\t\t<meta property=\"article:modified_time\" content=\"2017-09-03T16:43:14+00:00\" \/>\n\t\t<meta name=\"twitter:card\" content=\"summary\" \/>\n\t\t<meta name=\"twitter:title\" content=\"\u201cA base governista aumentar\u00e1 a chantagem sobre Temer\u201d, diz cientista pol\u00edtico | Arquivo\" \/>\n\t\t<meta name=\"twitter:image\" content=\"https:\/\/www.jornalja.com.br\/economics\/wp-content\/uploads\/sites\/11\/2026\/08\/ja-folhaderosto-facebook.jpg\" \/>\n\t\t<script type=\"application\/ld+json\" class=\"aioseo-schema\">\n\t\t\t{\"@context\":\"https:\\\/\\\/schema.org\",\"@graph\":[{\"@type\":\"BlogPosting\",\"@id\":\"https:\\\/\\\/www.jornalja.com.br\\\/arquivo\\\/a-base-governista-aumentara-a-chantagem-sobre-temer-diz-cientista-politico\\\/#blogposting\",\"name\":\"\\u201cA base governista aumentar\\u00e1 a chantagem sobre Temer\\u201d, diz cientista pol\\u00edtico | Arquivo\",\"headline\":\"\\u201cA base governista aumentar\\u00e1 a chantagem sobre Temer\\u201d, diz cientista pol\\u00edtico\",\"author\":{\"@id\":\"https:\\\/\\\/www.jornalja.com.br\\\/arquivo\\\/author\\\/daredacao\\\/#author\"},\"publisher\":{\"@id\":\"https:\\\/\\\/www.jornalja.com.br\\\/arquivo\\\/#organization\"},\"image\":{\"@type\":\"ImageObject\",\"url\":54651},\"datePublished\":\"2017-09-03T13:43:14-03:00\",\"dateModified\":\"2017-09-03T13:43:14-03:00\",\"inLanguage\":\"pt-BR\",\"mainEntityOfPage\":{\"@id\":\"https:\\\/\\\/www.jornalja.com.br\\\/arquivo\\\/a-base-governista-aumentara-a-chantagem-sobre-temer-diz-cientista-politico\\\/#webpage\"},\"isPartOf\":{\"@id\":\"https:\\\/\\\/www.jornalja.com.br\\\/arquivo\\\/a-base-governista-aumentara-a-chantagem-sobre-temer-diz-cientista-politico\\\/#webpage\"},\"articleSection\":\"Geral\"},{\"@type\":\"BreadcrumbList\",\"@id\":\"https:\\\/\\\/www.jornalja.com.br\\\/arquivo\\\/a-base-governista-aumentara-a-chantagem-sobre-temer-diz-cientista-politico\\\/#breadcrumblist\",\"itemListElement\":[{\"@type\":\"ListItem\",\"@id\":\"https:\\\/\\\/www.jornalja.com.br\\\/arquivo#listItem\",\"position\":1,\"name\":\"Home\",\"item\":\"https:\\\/\\\/www.jornalja.com.br\\\/arquivo\",\"nextItem\":{\"@type\":\"ListItem\",\"@id\":\"https:\\\/\\\/www.jornalja.com.br\\\/arquivo\\\/category\\\/geral\\\/#listItem\",\"name\":\"Geral\"}},{\"@type\":\"ListItem\",\"@id\":\"https:\\\/\\\/www.jornalja.com.br\\\/arquivo\\\/category\\\/geral\\\/#listItem\",\"position\":2,\"name\":\"Geral\",\"item\":\"https:\\\/\\\/www.jornalja.com.br\\\/arquivo\\\/category\\\/geral\\\/\",\"nextItem\":{\"@type\":\"ListItem\",\"@id\":\"https:\\\/\\\/www.jornalja.com.br\\\/arquivo\\\/a-base-governista-aumentara-a-chantagem-sobre-temer-diz-cientista-politico\\\/#listItem\",\"name\":\"\\u201cA base governista aumentar\\u00e1 a chantagem sobre Temer\\u201d, diz cientista pol\\u00edtico\"},\"previousItem\":{\"@type\":\"ListItem\",\"@id\":\"https:\\\/\\\/www.jornalja.com.br\\\/arquivo#listItem\",\"name\":\"Home\"}},{\"@type\":\"ListItem\",\"@id\":\"https:\\\/\\\/www.jornalja.com.br\\\/arquivo\\\/a-base-governista-aumentara-a-chantagem-sobre-temer-diz-cientista-politico\\\/#listItem\",\"position\":3,\"name\":\"\\u201cA base governista aumentar\\u00e1 a chantagem sobre Temer\\u201d, diz cientista pol\\u00edtico\",\"previousItem\":{\"@type\":\"ListItem\",\"@id\":\"https:\\\/\\\/www.jornalja.com.br\\\/arquivo\\\/category\\\/geral\\\/#listItem\",\"name\":\"Geral\"}}]},{\"@type\":\"Organization\",\"@id\":\"https:\\\/\\\/www.jornalja.com.br\\\/arquivo\\\/#organization\",\"name\":\"Jornal J\\u00c1\",\"description\":\"Jornal J\\u00c1 | Porto Alegre\",\"url\":\"https:\\\/\\\/www.jornalja.com.br\\\/arquivo\\\/\",\"telephone\":\"+555133307272\",\"logo\":{\"@type\":\"ImageObject\",\"url\":\"https:\\\/\\\/www.jornalja.com.br\\\/wp-content\\\/uploads\\\/cards\\\/JAslogan.png\",\"@id\":\"https:\\\/\\\/www.jornalja.com.br\\\/arquivo\\\/a-base-governista-aumentara-a-chantagem-sobre-temer-diz-cientista-politico\\\/#organizationLogo\"},\"image\":{\"@id\":\"https:\\\/\\\/www.jornalja.com.br\\\/arquivo\\\/a-base-governista-aumentara-a-chantagem-sobre-temer-diz-cientista-politico\\\/#organizationLogo\"}},{\"@type\":\"Person\",\"@id\":\"https:\\\/\\\/www.jornalja.com.br\\\/arquivo\\\/author\\\/daredacao\\\/#author\",\"url\":\"https:\\\/\\\/www.jornalja.com.br\\\/arquivo\\\/author\\\/daredacao\\\/\",\"name\":\"da Reda\\u00e7\\u00e3o\",\"image\":{\"@type\":\"ImageObject\",\"@id\":\"https:\\\/\\\/www.jornalja.com.br\\\/arquivo\\\/a-base-governista-aumentara-a-chantagem-sobre-temer-diz-cientista-politico\\\/#authorImage\",\"url\":\"https:\\\/\\\/secure.gravatar.com\\\/avatar\\\/469fd857d6605ad19919d27ed29d35a968a25f6e8fd9318356bbb7f57aae9c65?s=96&d=mm&r=g\",\"width\":96,\"height\":96,\"caption\":\"da Reda\\u00e7\\u00e3o\"}},{\"@type\":\"WebPage\",\"@id\":\"https:\\\/\\\/www.jornalja.com.br\\\/arquivo\\\/a-base-governista-aumentara-a-chantagem-sobre-temer-diz-cientista-politico\\\/#webpage\",\"url\":\"https:\\\/\\\/www.jornalja.com.br\\\/arquivo\\\/a-base-governista-aumentara-a-chantagem-sobre-temer-diz-cientista-politico\\\/\",\"name\":\"\\u201cA base governista aumentar\\u00e1 a chantagem sobre Temer\\u201d, diz cientista pol\\u00edtico | Arquivo\",\"inLanguage\":\"pt-BR\",\"isPartOf\":{\"@id\":\"https:\\\/\\\/www.jornalja.com.br\\\/arquivo\\\/#website\"},\"breadcrumb\":{\"@id\":\"https:\\\/\\\/www.jornalja.com.br\\\/arquivo\\\/a-base-governista-aumentara-a-chantagem-sobre-temer-diz-cientista-politico\\\/#breadcrumblist\"},\"author\":{\"@id\":\"https:\\\/\\\/www.jornalja.com.br\\\/arquivo\\\/author\\\/daredacao\\\/#author\"},\"creator\":{\"@id\":\"https:\\\/\\\/www.jornalja.com.br\\\/arquivo\\\/author\\\/daredacao\\\/#author\"},\"image\":{\"@type\":\"ImageObject\",\"url\":54651,\"@id\":\"https:\\\/\\\/www.jornalja.com.br\\\/arquivo\\\/a-base-governista-aumentara-a-chantagem-sobre-temer-diz-cientista-politico\\\/#mainImage\"},\"primaryImageOfPage\":{\"@id\":\"https:\\\/\\\/www.jornalja.com.br\\\/arquivo\\\/a-base-governista-aumentara-a-chantagem-sobre-temer-diz-cientista-politico\\\/#mainImage\"},\"datePublished\":\"2017-09-03T13:43:14-03:00\",\"dateModified\":\"2017-09-03T13:43:14-03:00\"},{\"@type\":\"WebSite\",\"@id\":\"https:\\\/\\\/www.jornalja.com.br\\\/arquivo\\\/#website\",\"url\":\"https:\\\/\\\/www.jornalja.com.br\\\/arquivo\\\/\",\"name\":\"Arquivo\",\"description\":\"Jornal J\\u00c1 | Porto Alegre\",\"inLanguage\":\"pt-BR\",\"publisher\":{\"@id\":\"https:\\\/\\\/www.jornalja.com.br\\\/arquivo\\\/#organization\"}}]}\n\t\t<\/script>\n\t\t<!-- All in One SEO -->\n\n","aioseo_head_json":{"title":"\u201cA base governista aumentar\u00e1 a chantagem sobre Temer\u201d, diz cientista pol\u00edtico | Arquivo","description":"","canonical_url":"https:\/\/www.jornalja.com.br\/arquivo\/a-base-governista-aumentara-a-chantagem-sobre-temer-diz-cientista-politico\/","robots":"max-image-preview:large","keywords":"","webmasterTools":{"miscellaneous":""},"schema":{"@context":"https:\/\/schema.org","@graph":[{"@type":"BlogPosting","@id":"https:\/\/www.jornalja.com.br\/arquivo\/a-base-governista-aumentara-a-chantagem-sobre-temer-diz-cientista-politico\/#blogposting","name":"\u201cA base governista aumentar\u00e1 a chantagem sobre Temer\u201d, diz cientista pol\u00edtico | Arquivo","headline":"\u201cA base governista aumentar\u00e1 a chantagem sobre Temer\u201d, diz cientista pol\u00edtico","author":{"@id":"https:\/\/www.jornalja.com.br\/arquivo\/author\/daredacao\/#author"},"publisher":{"@id":"https:\/\/www.jornalja.com.br\/arquivo\/#organization"},"image":{"@type":"ImageObject","url":54651},"datePublished":"2017-09-03T13:43:14-03:00","dateModified":"2017-09-03T13:43:14-03:00","inLanguage":"pt-BR","mainEntityOfPage":{"@id":"https:\/\/www.jornalja.com.br\/arquivo\/a-base-governista-aumentara-a-chantagem-sobre-temer-diz-cientista-politico\/#webpage"},"isPartOf":{"@id":"https:\/\/www.jornalja.com.br\/arquivo\/a-base-governista-aumentara-a-chantagem-sobre-temer-diz-cientista-politico\/#webpage"},"articleSection":"Geral"},{"@type":"BreadcrumbList","@id":"https:\/\/www.jornalja.com.br\/arquivo\/a-base-governista-aumentara-a-chantagem-sobre-temer-diz-cientista-politico\/#breadcrumblist","itemListElement":[{"@type":"ListItem","@id":"https:\/\/www.jornalja.com.br\/arquivo#listItem","position":1,"name":"Home","item":"https:\/\/www.jornalja.com.br\/arquivo","nextItem":{"@type":"ListItem","@id":"https:\/\/www.jornalja.com.br\/arquivo\/category\/geral\/#listItem","name":"Geral"}},{"@type":"ListItem","@id":"https:\/\/www.jornalja.com.br\/arquivo\/category\/geral\/#listItem","position":2,"name":"Geral","item":"https:\/\/www.jornalja.com.br\/arquivo\/category\/geral\/","nextItem":{"@type":"ListItem","@id":"https:\/\/www.jornalja.com.br\/arquivo\/a-base-governista-aumentara-a-chantagem-sobre-temer-diz-cientista-politico\/#listItem","name":"\u201cA base governista aumentar\u00e1 a chantagem sobre Temer\u201d, diz cientista pol\u00edtico"},"previousItem":{"@type":"ListItem","@id":"https:\/\/www.jornalja.com.br\/arquivo#listItem","name":"Home"}},{"@type":"ListItem","@id":"https:\/\/www.jornalja.com.br\/arquivo\/a-base-governista-aumentara-a-chantagem-sobre-temer-diz-cientista-politico\/#listItem","position":3,"name":"\u201cA base governista aumentar\u00e1 a chantagem sobre Temer\u201d, diz cientista pol\u00edtico","previousItem":{"@type":"ListItem","@id":"https:\/\/www.jornalja.com.br\/arquivo\/category\/geral\/#listItem","name":"Geral"}}]},{"@type":"Organization","@id":"https:\/\/www.jornalja.com.br\/arquivo\/#organization","name":"Jornal J\u00c1","description":"Jornal J\u00c1 | Porto Alegre","url":"https:\/\/www.jornalja.com.br\/arquivo\/","telephone":"+555133307272","logo":{"@type":"ImageObject","url":"https:\/\/www.jornalja.com.br\/wp-content\/uploads\/cards\/JAslogan.png","@id":"https:\/\/www.jornalja.com.br\/arquivo\/a-base-governista-aumentara-a-chantagem-sobre-temer-diz-cientista-politico\/#organizationLogo"},"image":{"@id":"https:\/\/www.jornalja.com.br\/arquivo\/a-base-governista-aumentara-a-chantagem-sobre-temer-diz-cientista-politico\/#organizationLogo"}},{"@type":"Person","@id":"https:\/\/www.jornalja.com.br\/arquivo\/author\/daredacao\/#author","url":"https:\/\/www.jornalja.com.br\/arquivo\/author\/daredacao\/","name":"da Reda\u00e7\u00e3o","image":{"@type":"ImageObject","@id":"https:\/\/www.jornalja.com.br\/arquivo\/a-base-governista-aumentara-a-chantagem-sobre-temer-diz-cientista-politico\/#authorImage","url":"https:\/\/secure.gravatar.com\/avatar\/469fd857d6605ad19919d27ed29d35a968a25f6e8fd9318356bbb7f57aae9c65?s=96&d=mm&r=g","width":96,"height":96,"caption":"da Reda\u00e7\u00e3o"}},{"@type":"WebPage","@id":"https:\/\/www.jornalja.com.br\/arquivo\/a-base-governista-aumentara-a-chantagem-sobre-temer-diz-cientista-politico\/#webpage","url":"https:\/\/www.jornalja.com.br\/arquivo\/a-base-governista-aumentara-a-chantagem-sobre-temer-diz-cientista-politico\/","name":"\u201cA base governista aumentar\u00e1 a chantagem sobre Temer\u201d, diz cientista pol\u00edtico | Arquivo","inLanguage":"pt-BR","isPartOf":{"@id":"https:\/\/www.jornalja.com.br\/arquivo\/#website"},"breadcrumb":{"@id":"https:\/\/www.jornalja.com.br\/arquivo\/a-base-governista-aumentara-a-chantagem-sobre-temer-diz-cientista-politico\/#breadcrumblist"},"author":{"@id":"https:\/\/www.jornalja.com.br\/arquivo\/author\/daredacao\/#author"},"creator":{"@id":"https:\/\/www.jornalja.com.br\/arquivo\/author\/daredacao\/#author"},"image":{"@type":"ImageObject","url":54651,"@id":"https:\/\/www.jornalja.com.br\/arquivo\/a-base-governista-aumentara-a-chantagem-sobre-temer-diz-cientista-politico\/#mainImage"},"primaryImageOfPage":{"@id":"https:\/\/www.jornalja.com.br\/arquivo\/a-base-governista-aumentara-a-chantagem-sobre-temer-diz-cientista-politico\/#mainImage"},"datePublished":"2017-09-03T13:43:14-03:00","dateModified":"2017-09-03T13:43:14-03:00"},{"@type":"WebSite","@id":"https:\/\/www.jornalja.com.br\/arquivo\/#website","url":"https:\/\/www.jornalja.com.br\/arquivo\/","name":"Arquivo","description":"Jornal J\u00c1 | Porto Alegre","inLanguage":"pt-BR","publisher":{"@id":"https:\/\/www.jornalja.com.br\/arquivo\/#organization"}}]},"og:locale":"pt_BR","og:site_name":"Arquivo | Jornal J\u00c1 | Porto Alegre","og:type":"article","og:title":"\u201cA base governista aumentar\u00e1 a chantagem sobre Temer\u201d, diz cientista pol\u00edtico | Arquivo","og:url":"https:\/\/www.jornalja.com.br\/arquivo\/a-base-governista-aumentara-a-chantagem-sobre-temer-diz-cientista-politico\/","og:image":"https:\/\/www.jornalja.com.br\/economics\/wp-content\/uploads\/sites\/11\/2026\/08\/ja-folhaderosto-facebook.jpg","og:image:secure_url":"https:\/\/www.jornalja.com.br\/economics\/wp-content\/uploads\/sites\/11\/2026\/08\/ja-folhaderosto-facebook.jpg","article:published_time":"2017-09-03T16:43:14+00:00","article:modified_time":"2017-09-03T16:43:14+00:00","twitter:card":"summary","twitter:title":"\u201cA base governista aumentar\u00e1 a chantagem sobre Temer\u201d, diz cientista pol\u00edtico | Arquivo","twitter:image":"https:\/\/www.jornalja.com.br\/economics\/wp-content\/uploads\/sites\/11\/2026\/08\/ja-folhaderosto-facebook.jpg"},"aioseo_meta_data":{"post_id":"54650","title":null,"description":null,"keywords":null,"keyphrases":null,"primary_term":null,"canonical_url":null,"og_title":null,"og_description":null,"og_object_type":"default","og_image_type":"default","og_image_url":null,"og_image_width":null,"og_image_height":null,"og_image_custom_url":null,"og_image_custom_fields":null,"og_video":null,"og_custom_url":null,"og_article_section":null,"og_article_tags":null,"twitter_use_og":false,"twitter_card":"default","twitter_image_type":"default","twitter_image_url":null,"twitter_image_custom_url":null,"twitter_image_custom_fields":null,"twitter_title":null,"twitter_description":null,"schema":{"blockGraphs":[],"customGraphs":[],"default":{"data":{"Article":[],"Course":[],"Dataset":[],"FAQPage":[],"Movie":[],"Person":[],"Product":[],"ProductReview":[],"Car":[],"Recipe":[],"Service":[],"SoftwareApplication":[],"WebPage":[]},"graphName":"","isEnabled":true},"graphs":[],"defaultGraph":"","defaultPostTypeGraph":""},"schema_type":null,"schema_type_options":null,"pillar_content":false,"robots_default":true,"robots_noindex":false,"robots_noarchive":false,"robots_nosnippet":false,"robots_nofollow":false,"robots_noimageindex":false,"robots_noodp":false,"robots_notranslate":false,"robots_max_snippet":null,"robots_max_videopreview":null,"robots_max_imagepreview":"large","priority":null,"frequency":null,"location":null,"local_seo":null,"breadcrumb_settings":null,"limit_modified_date":false,"ai":null,"created":"2020-12-20 20:25:01","updated":"2025-07-20 00:52:24","seo_analyzer_scan_date":null,"focus_keyword":null,"additional_keywords":null,"truseo_locale":null},"jetpack_sharing_enabled":true,"jetpack-related-posts":[{"id":13128,"url":"https:\/\/www.jornalja.com.br\/arquivo\/maconha-terra-diz-que-uso-medicinal-e-desculpa\/","url_meta":{"origin":54650,"position":0},"title":"Maconha: Terra diz que uso medicinal \u00e9 desculpa","author":"Patr\u00edcia Marini","date":"4 de junho de 2014","format":false,"excerpt":"A condi\u00e7\u00e3o de pol\u00edtico, em \u00e9poca de campanha de campanha eleitoral, tira for\u00e7a do discurso do m\u00e9dico Osmar Terra contra a legaliza\u00e7\u00e3o da maconha. A tese dele de que a libera\u00e7\u00e3o vai ampliar exponencialmente o consumo \u00e9 discutivel, o consumo \u00e9 corrente. Mas seus alertas quanto aos riscos tem que\u2026","rel":"","context":"Em &quot;X.Categorias velhas&quot;","block_context":{"text":"X.Categorias velhas","link":"https:\/\/www.jornalja.com.br\/arquivo\/category\/x-categorias-velhas\/"},"img":{"alt_text":"","src":"","width":0,"height":0},"classes":[]},{"id":13124,"url":"https:\/\/www.jornalja.com.br\/arquivo\/sangue-latino-no-iecine\/","url_meta":{"origin":54650,"position":1},"title":"Sangue latino no IECINE","author":"da Reda\u00e7\u00e3o","date":"18 de maio de 2014","format":false,"excerpt":"Francisco Ribeiro O Instituto Estadual de Cinema (IECINE) tem a frente, desde abril \u00faltimo, um novo diretor, o cineasta colombiano Juan Zapata, 36, que substitui Luiz Alberto Cassol. Radicado h\u00e1 dez anos em Porto Alegre, Zapata tem diante de si o desafio de conduzir at\u00e9 o final do ano um\u2026","rel":"","context":"Em &quot;Cultura-Geral&quot;","block_context":{"text":"Cultura-Geral","link":"https:\/\/www.jornalja.com.br\/arquivo\/category\/materiasecundaria\/"},"img":{"alt_text":"","src":"","width":0,"height":0},"classes":[]},{"id":14241,"url":"https:\/\/www.jornalja.com.br\/arquivo\/o-guaiba-nas-imagens-poeticas-de-achutti\/","url_meta":{"origin":54650,"position":2},"title":"O Gua\u00edba nas imagens po\u00e9ticas de Achutti","author":"da Reda\u00e7\u00e3o","date":"18 de junho de 2014","format":false,"excerpt":"Em \u201cO Gua\u00edba por Achutti\u201d \u2013 obra financiada via Minist\u00e9rio da Cultura, produ\u00e7\u00e3o executiva de Pedro Longhi, e Fl\u00e1vio Wild como designer \u2013, o fot\u00f3grafo revela a beleza e as mazelas de um espa\u00e7o aqu\u00e1tico de \u00e1guas sempre renovadas, cheio de hist\u00f3rias e lendas como as das cidades que foram\u2026","rel":"","context":"Em &quot;Cultura-Geral&quot;","block_context":{"text":"Cultura-Geral","link":"https:\/\/www.jornalja.com.br\/arquivo\/category\/materiasecundaria\/"},"img":{"alt_text":"","src":"","width":0,"height":0},"classes":[]},{"id":13109,"url":"https:\/\/www.jornalja.com.br\/arquivo\/judiciario-reconhece-poluicao-eletromagnetica\/","url_meta":{"origin":54650,"position":3},"title":"Judici\u00e1rio reconhece polui\u00e7\u00e3o eletromagn\u00e9tica","author":"Patr\u00edcia Marini","date":"16 de maio de 2014","format":false,"excerpt":"A\u00e7\u00e3o de duas associa\u00e7\u00f5es de moradores foi acolhida pelo Tribunal de Justi\u00e7a de S\u00e3o Paulo que. em decis\u00e3o in\u00e9dita, determinou a redu\u00e7\u00e3o do campo eletromagn\u00e9tico gerado pelas linhas de transmiss\u00e3o de energia que cortam os bairros City Boa\u00e7ava e Alto de Pinheiros. \u00c9 a primeira vez que um tribunal do\u2026","rel":"","context":"Em &quot;X.Categorias velhas&quot;","block_context":{"text":"X.Categorias velhas","link":"https:\/\/www.jornalja.com.br\/arquivo\/category\/x-categorias-velhas\/"},"img":{"alt_text":"","src":"","width":0,"height":0},"classes":[]},{"id":12960,"url":"https:\/\/www.jornalja.com.br\/arquivo\/populacao-culpa-empresas-pela-greve-dos-rodoviarios\/","url_meta":{"origin":54650,"position":4},"title":"Popula\u00e7\u00e3o culpa empresas pela greve","author":"Patr\u00edcia Marini","date":"14 de fevereiro de 2014","format":false,"excerpt":"Pesquisa divulgada na edi\u00e7\u00e3o do jornal Metro desta sexta-feira,14, comprova o velho ditado: \u00e9 poss\u00edvel enganar muitos por algum tempo, mas n\u00e3o \u00e9 poss\u00edvel enganar a todos o tempo inteiro. A principal revela\u00e7\u00e3o foi que 59,8% dos entrevistados apontaram as empresas como as principais respons\u00e1veis pela grave e 46% culparam\u2026","rel":"","context":"Em &quot;X.Categorias velhas&quot;","block_context":{"text":"X.Categorias velhas","link":"https:\/\/www.jornalja.com.br\/arquivo\/category\/x-categorias-velhas\/"},"img":{"alt_text":"","src":"","width":0,"height":0},"classes":[]},{"id":13240,"url":"https:\/\/www.jornalja.com.br\/arquivo\/plano-diretor-estamos-construindo-o-caos\/","url_meta":{"origin":54650,"position":5},"title":"Plano diretor: &quot;Estamos construindo o caos&quot;","author":"Patr\u00edcia Marini","date":"26 de maio de 2014","format":false,"excerpt":"Desabafo que arquiteta Eliana Castilhos, delegada da Regi\u00e3o de Planejamento 1, postou nas redes sociais \u00e9 um testemunho do ambiente que se criou no Conselho do Plano Diretor de Porto Alegre, onde a aprova\u00e7\u00e3o de grandes empreendimentos \u00e9 empurrada guela abaixo dos conselheiros. Ao CMDUA Como delegada da Regi\u00e3o de\u2026","rel":"","context":"Em &quot;Geral&quot;","block_context":{"text":"Geral","link":"https:\/\/www.jornalja.com.br\/arquivo\/category\/geral\/"},"img":{"alt_text":"","src":"","width":0,"height":0},"classes":[]}],"jetpack_shortlink":"https:\/\/wp.me\/pbQjBd-eds","jetpack_featured_media_url":"","_links":{"self":[{"href":"https:\/\/www.jornalja.com.br\/arquivo\/wp-json\/wp\/v2\/posts\/54650","targetHints":{"allow":["GET"]}}],"collection":[{"href":"https:\/\/www.jornalja.com.br\/arquivo\/wp-json\/wp\/v2\/posts"}],"about":[{"href":"https:\/\/www.jornalja.com.br\/arquivo\/wp-json\/wp\/v2\/types\/post"}],"author":[{"embeddable":true,"href":"https:\/\/www.jornalja.com.br\/arquivo\/wp-json\/wp\/v2\/users\/4"}],"replies":[{"embeddable":true,"href":"https:\/\/www.jornalja.com.br\/arquivo\/wp-json\/wp\/v2\/comments?post=54650"}],"version-history":[{"count":0,"href":"https:\/\/www.jornalja.com.br\/arquivo\/wp-json\/wp\/v2\/posts\/54650\/revisions"}],"wp:attachment":[{"href":"https:\/\/www.jornalja.com.br\/arquivo\/wp-json\/wp\/v2\/media?parent=54650"}],"wp:term":[{"taxonomy":"category","embeddable":true,"href":"https:\/\/www.jornalja.com.br\/arquivo\/wp-json\/wp\/v2\/categories?post=54650"},{"taxonomy":"post_tag","embeddable":true,"href":"https:\/\/www.jornalja.com.br\/arquivo\/wp-json\/wp\/v2\/tags?post=54650"}],"curies":[{"name":"wp","href":"https:\/\/api.w.org\/{rel}","templated":true}]}}