{"id":54688,"date":"2017-09-04T18:04:34","date_gmt":"2017-09-04T21:04:34","guid":{"rendered":"https:\/\/www.jornalja.com.br\/?p=54688"},"modified":"2017-09-04T18:04:34","modified_gmt":"2017-09-04T21:04:34","slug":"producao-de-gas-natural-tem-recorde-de-115-milhoes-de-metros-cubicos-por-dia","status":"publish","type":"post","link":"https:\/\/www.jornalja.com.br\/arquivo\/producao-de-gas-natural-tem-recorde-de-115-milhoes-de-metros-cubicos-por-dia\/","title":{"rendered":"Produ\u00e7\u00e3o de g\u00e1s natural tem recorde de 115 milh\u00f5es de metros c\u00fabicos por dia"},"content":{"rendered":"<p>A produ\u00e7\u00e3o nacional de g\u00e1s natural atingiu, em julho, o volume recorde de 115 milh\u00f5es de metros c\u00fabicos por dia (m3\/d). O recorde anterior havia sido de 111,8 milh\u00f5es de m3\/d, registrados em dezembro do ano passado.<br \/>\nO dado foi divulgado nesta segunda-feira, 4, no Rio de Janeiro, pela Ag\u00eancia Nacional de Petr\u00f3leo, G\u00e1s Natural e Biocombust\u00edveis (ANP). O volume \u00e9 3,5% maior que o observado no m\u00eas anterior e 7,3% superior ao de julho de 2016.<br \/>\n<span class=\"intertit\">Produ\u00e7\u00e3o de petr\u00f3leo cai 1,9%<\/span><br \/>\nA produ\u00e7\u00e3o de petr\u00f3leo chegou a 2,62 milh\u00f5es de barris por dia, uma redu\u00e7\u00e3o de 1,9% em rela\u00e7\u00e3o a junho. Apesar da queda mensal, a produ\u00e7\u00e3o teve um aumento de 1,5% na compara\u00e7\u00e3o com julho do ano passado.<br \/>\nConsiderando-se a soma da produ\u00e7\u00e3o de g\u00e1s e de petr\u00f3leo, a produ\u00e7\u00e3o nacional ficou em 3,346 milh\u00f5es de barris de \u00f3leo equivalente (unidade de medida que transforma o volume de g\u00e1s em barris e que se soma aos barris de petr\u00f3leo) por dia.<br \/>\nA produ\u00e7\u00e3o do pr\u00e9-sal em julho atingiu 1,61 milh\u00e3o de barris de \u00f3leo equivalente por dia, uma redu\u00e7\u00e3o de 4,3% em rela\u00e7\u00e3o a junho.<br \/>\n<a href=\"http:\/\/agenciabrasil.ebc.com.br\/economia\/noticia\/2017-09\/producao-de-gas-atinge-recorde-de-115-milhoes-de-metros-cubicos-por-dia\">Vitor Abdala &#8211; Rep\u00f3rter da Ag\u00eancia Brasil<\/a><\/p>\n","protected":false},"excerpt":{"rendered":"<p>A produ\u00e7\u00e3o nacional de g\u00e1s natural atingiu, em julho, o volume recorde de 115 milh\u00f5es de metros c\u00fabicos por dia (m3\/d). O recorde anterior havia sido de 111,8 milh\u00f5es de m3\/d, registrados em dezembro do ano passado. O dado foi divulgado nesta segunda-feira, 4, no Rio de Janeiro, pela Ag\u00eancia Nacional de Petr\u00f3leo, G\u00e1s Natural [&hellip;]<\/p>\n","protected":false},"author":4,"featured_media":54689,"comment_status":"open","ping_status":"closed","sticky":false,"template":"","format":"standard","meta":{"_jetpack_newsletter_access":"","_jetpack_dont_email_post_to_subs":false,"_jetpack_newsletter_tier_id":0,"_jetpack_memberships_contains_paywalled_content":false,"_jetpack_feature_clip_id":0,"_jetpack_memberships_contains_paid_content":false,"footnotes":"","jetpack_post_was_ever_published":false},"categories":[26],"tags":[],"class_list":["post-54688","post","type-post","status-publish","format-standard","has-post-thumbnail","hentry","category-geral"],"aioseo_notices":[],"aioseo_head":"\n\t\t<!-- All in One SEO 5.0.1.1 - aioseo.com -->\n\t<meta name=\"robots\" content=\"max-image-preview:large\" \/>\n\t<meta name=\"author\" content=\"da Reda\u00e7\u00e3o\"\/>\n\t<link rel=\"canonical\" href=\"https:\/\/www.jornalja.com.br\/arquivo\/producao-de-gas-natural-tem-recorde-de-115-milhoes-de-metros-cubicos-por-dia\/\" \/>\n\t<meta name=\"generator\" content=\"All in One SEO (AIOSEO) 5.0.1.1\" \/>\n\t\t<meta property=\"og:locale\" content=\"pt_BR\" \/>\n\t\t<meta property=\"og:site_name\" content=\"Arquivo | Jornal J\u00c1 | Porto Alegre\" \/>\n\t\t<meta property=\"og:type\" content=\"article\" \/>\n\t\t<meta property=\"og:title\" content=\"Produ\u00e7\u00e3o de g\u00e1s natural tem recorde de 115 milh\u00f5es de metros c\u00fabicos por dia | Arquivo\" \/>\n\t\t<meta property=\"og:url\" content=\"https:\/\/www.jornalja.com.br\/arquivo\/producao-de-gas-natural-tem-recorde-de-115-milhoes-de-metros-cubicos-por-dia\/\" \/>\n\t\t<meta property=\"og:image\" content=\"https:\/\/www.jornalja.com.br\/economics\/wp-content\/uploads\/sites\/11\/2026\/08\/ja-folhaderosto-facebook.jpg\" \/>\n\t\t<meta property=\"og:image:secure_url\" content=\"https:\/\/www.jornalja.com.br\/economics\/wp-content\/uploads\/sites\/11\/2026\/08\/ja-folhaderosto-facebook.jpg\" \/>\n\t\t<meta property=\"article:published_time\" content=\"2017-09-04T21:04:34+00:00\" \/>\n\t\t<meta property=\"article:modified_time\" content=\"2017-09-04T21:04:34+00:00\" \/>\n\t\t<meta name=\"twitter:card\" content=\"summary\" \/>\n\t\t<meta name=\"twitter:title\" content=\"Produ\u00e7\u00e3o de g\u00e1s natural tem recorde de 115 milh\u00f5es de metros c\u00fabicos por dia | Arquivo\" \/>\n\t\t<meta name=\"twitter:image\" content=\"https:\/\/www.jornalja.com.br\/economics\/wp-content\/uploads\/sites\/11\/2026\/08\/ja-folhaderosto-facebook.jpg\" \/>\n\t\t<script type=\"application\/ld+json\" class=\"aioseo-schema\">\n\t\t\t{\"@context\":\"https:\\\/\\\/schema.org\",\"@graph\":[{\"@type\":\"BlogPosting\",\"@id\":\"https:\\\/\\\/www.jornalja.com.br\\\/arquivo\\\/producao-de-gas-natural-tem-recorde-de-115-milhoes-de-metros-cubicos-por-dia\\\/#blogposting\",\"name\":\"Produ\\u00e7\\u00e3o de g\\u00e1s natural tem recorde de 115 milh\\u00f5es de metros c\\u00fabicos por dia | Arquivo\",\"headline\":\"Produ\\u00e7\\u00e3o de g\\u00e1s natural tem recorde de 115 milh\\u00f5es de metros c\\u00fabicos por dia\",\"author\":{\"@id\":\"https:\\\/\\\/www.jornalja.com.br\\\/arquivo\\\/author\\\/daredacao\\\/#author\"},\"publisher\":{\"@id\":\"https:\\\/\\\/www.jornalja.com.br\\\/arquivo\\\/#organization\"},\"image\":{\"@type\":\"ImageObject\",\"url\":54689},\"datePublished\":\"2017-09-04T18:04:34-03:00\",\"dateModified\":\"2017-09-04T18:04:34-03:00\",\"inLanguage\":\"pt-BR\",\"mainEntityOfPage\":{\"@id\":\"https:\\\/\\\/www.jornalja.com.br\\\/arquivo\\\/producao-de-gas-natural-tem-recorde-de-115-milhoes-de-metros-cubicos-por-dia\\\/#webpage\"},\"isPartOf\":{\"@id\":\"https:\\\/\\\/www.jornalja.com.br\\\/arquivo\\\/producao-de-gas-natural-tem-recorde-de-115-milhoes-de-metros-cubicos-por-dia\\\/#webpage\"},\"articleSection\":\"Geral\"},{\"@type\":\"BreadcrumbList\",\"@id\":\"https:\\\/\\\/www.jornalja.com.br\\\/arquivo\\\/producao-de-gas-natural-tem-recorde-de-115-milhoes-de-metros-cubicos-por-dia\\\/#breadcrumblist\",\"itemListElement\":[{\"@type\":\"ListItem\",\"@id\":\"https:\\\/\\\/www.jornalja.com.br\\\/arquivo#listItem\",\"position\":1,\"name\":\"Home\",\"item\":\"https:\\\/\\\/www.jornalja.com.br\\\/arquivo\",\"nextItem\":{\"@type\":\"ListItem\",\"@id\":\"https:\\\/\\\/www.jornalja.com.br\\\/arquivo\\\/category\\\/geral\\\/#listItem\",\"name\":\"Geral\"}},{\"@type\":\"ListItem\",\"@id\":\"https:\\\/\\\/www.jornalja.com.br\\\/arquivo\\\/category\\\/geral\\\/#listItem\",\"position\":2,\"name\":\"Geral\",\"item\":\"https:\\\/\\\/www.jornalja.com.br\\\/arquivo\\\/category\\\/geral\\\/\",\"nextItem\":{\"@type\":\"ListItem\",\"@id\":\"https:\\\/\\\/www.jornalja.com.br\\\/arquivo\\\/producao-de-gas-natural-tem-recorde-de-115-milhoes-de-metros-cubicos-por-dia\\\/#listItem\",\"name\":\"Produ\\u00e7\\u00e3o de g\\u00e1s natural tem recorde de 115 milh\\u00f5es de metros c\\u00fabicos por dia\"},\"previousItem\":{\"@type\":\"ListItem\",\"@id\":\"https:\\\/\\\/www.jornalja.com.br\\\/arquivo#listItem\",\"name\":\"Home\"}},{\"@type\":\"ListItem\",\"@id\":\"https:\\\/\\\/www.jornalja.com.br\\\/arquivo\\\/producao-de-gas-natural-tem-recorde-de-115-milhoes-de-metros-cubicos-por-dia\\\/#listItem\",\"position\":3,\"name\":\"Produ\\u00e7\\u00e3o de g\\u00e1s natural tem recorde de 115 milh\\u00f5es de metros c\\u00fabicos por dia\",\"previousItem\":{\"@type\":\"ListItem\",\"@id\":\"https:\\\/\\\/www.jornalja.com.br\\\/arquivo\\\/category\\\/geral\\\/#listItem\",\"name\":\"Geral\"}}]},{\"@type\":\"Organization\",\"@id\":\"https:\\\/\\\/www.jornalja.com.br\\\/arquivo\\\/#organization\",\"name\":\"Jornal J\\u00c1\",\"description\":\"Jornal J\\u00c1 | Porto Alegre\",\"url\":\"https:\\\/\\\/www.jornalja.com.br\\\/arquivo\\\/\",\"telephone\":\"+555133307272\",\"logo\":{\"@type\":\"ImageObject\",\"url\":\"https:\\\/\\\/www.jornalja.com.br\\\/wp-content\\\/uploads\\\/cards\\\/JAslogan.png\",\"@id\":\"https:\\\/\\\/www.jornalja.com.br\\\/arquivo\\\/producao-de-gas-natural-tem-recorde-de-115-milhoes-de-metros-cubicos-por-dia\\\/#organizationLogo\"},\"image\":{\"@id\":\"https:\\\/\\\/www.jornalja.com.br\\\/arquivo\\\/producao-de-gas-natural-tem-recorde-de-115-milhoes-de-metros-cubicos-por-dia\\\/#organizationLogo\"}},{\"@type\":\"Person\",\"@id\":\"https:\\\/\\\/www.jornalja.com.br\\\/arquivo\\\/author\\\/daredacao\\\/#author\",\"url\":\"https:\\\/\\\/www.jornalja.com.br\\\/arquivo\\\/author\\\/daredacao\\\/\",\"name\":\"da Reda\\u00e7\\u00e3o\",\"image\":{\"@type\":\"ImageObject\",\"@id\":\"https:\\\/\\\/www.jornalja.com.br\\\/arquivo\\\/producao-de-gas-natural-tem-recorde-de-115-milhoes-de-metros-cubicos-por-dia\\\/#authorImage\",\"url\":\"https:\\\/\\\/secure.gravatar.com\\\/avatar\\\/469fd857d6605ad19919d27ed29d35a968a25f6e8fd9318356bbb7f57aae9c65?s=96&d=mm&r=g\",\"width\":96,\"height\":96,\"caption\":\"da Reda\\u00e7\\u00e3o\"}},{\"@type\":\"WebPage\",\"@id\":\"https:\\\/\\\/www.jornalja.com.br\\\/arquivo\\\/producao-de-gas-natural-tem-recorde-de-115-milhoes-de-metros-cubicos-por-dia\\\/#webpage\",\"url\":\"https:\\\/\\\/www.jornalja.com.br\\\/arquivo\\\/producao-de-gas-natural-tem-recorde-de-115-milhoes-de-metros-cubicos-por-dia\\\/\",\"name\":\"Produ\\u00e7\\u00e3o de g\\u00e1s natural tem recorde de 115 milh\\u00f5es de metros c\\u00fabicos por dia | Arquivo\",\"inLanguage\":\"pt-BR\",\"isPartOf\":{\"@id\":\"https:\\\/\\\/www.jornalja.com.br\\\/arquivo\\\/#website\"},\"breadcrumb\":{\"@id\":\"https:\\\/\\\/www.jornalja.com.br\\\/arquivo\\\/producao-de-gas-natural-tem-recorde-de-115-milhoes-de-metros-cubicos-por-dia\\\/#breadcrumblist\"},\"author\":{\"@id\":\"https:\\\/\\\/www.jornalja.com.br\\\/arquivo\\\/author\\\/daredacao\\\/#author\"},\"creator\":{\"@id\":\"https:\\\/\\\/www.jornalja.com.br\\\/arquivo\\\/author\\\/daredacao\\\/#author\"},\"image\":{\"@type\":\"ImageObject\",\"url\":54689,\"@id\":\"https:\\\/\\\/www.jornalja.com.br\\\/arquivo\\\/producao-de-gas-natural-tem-recorde-de-115-milhoes-de-metros-cubicos-por-dia\\\/#mainImage\"},\"primaryImageOfPage\":{\"@id\":\"https:\\\/\\\/www.jornalja.com.br\\\/arquivo\\\/producao-de-gas-natural-tem-recorde-de-115-milhoes-de-metros-cubicos-por-dia\\\/#mainImage\"},\"datePublished\":\"2017-09-04T18:04:34-03:00\",\"dateModified\":\"2017-09-04T18:04:34-03:00\"},{\"@type\":\"WebSite\",\"@id\":\"https:\\\/\\\/www.jornalja.com.br\\\/arquivo\\\/#website\",\"url\":\"https:\\\/\\\/www.jornalja.com.br\\\/arquivo\\\/\",\"name\":\"Arquivo\",\"description\":\"Jornal J\\u00c1 | Porto Alegre\",\"inLanguage\":\"pt-BR\",\"publisher\":{\"@id\":\"https:\\\/\\\/www.jornalja.com.br\\\/arquivo\\\/#organization\"}}]}\n\t\t<\/script>\n\t\t<!-- All in One SEO -->\n\n","aioseo_head_json":{"title":"Produ\u00e7\u00e3o de g\u00e1s natural tem recorde de 115 milh\u00f5es de metros c\u00fabicos por dia | Arquivo","description":"","canonical_url":"https:\/\/www.jornalja.com.br\/arquivo\/producao-de-gas-natural-tem-recorde-de-115-milhoes-de-metros-cubicos-por-dia\/","robots":"max-image-preview:large","keywords":"","webmasterTools":{"miscellaneous":""},"schema":{"@context":"https:\/\/schema.org","@graph":[{"@type":"BlogPosting","@id":"https:\/\/www.jornalja.com.br\/arquivo\/producao-de-gas-natural-tem-recorde-de-115-milhoes-de-metros-cubicos-por-dia\/#blogposting","name":"Produ\u00e7\u00e3o de g\u00e1s natural tem recorde de 115 milh\u00f5es de metros c\u00fabicos por dia | Arquivo","headline":"Produ\u00e7\u00e3o de g\u00e1s natural tem recorde de 115 milh\u00f5es de metros c\u00fabicos por dia","author":{"@id":"https:\/\/www.jornalja.com.br\/arquivo\/author\/daredacao\/#author"},"publisher":{"@id":"https:\/\/www.jornalja.com.br\/arquivo\/#organization"},"image":{"@type":"ImageObject","url":54689},"datePublished":"2017-09-04T18:04:34-03:00","dateModified":"2017-09-04T18:04:34-03:00","inLanguage":"pt-BR","mainEntityOfPage":{"@id":"https:\/\/www.jornalja.com.br\/arquivo\/producao-de-gas-natural-tem-recorde-de-115-milhoes-de-metros-cubicos-por-dia\/#webpage"},"isPartOf":{"@id":"https:\/\/www.jornalja.com.br\/arquivo\/producao-de-gas-natural-tem-recorde-de-115-milhoes-de-metros-cubicos-por-dia\/#webpage"},"articleSection":"Geral"},{"@type":"BreadcrumbList","@id":"https:\/\/www.jornalja.com.br\/arquivo\/producao-de-gas-natural-tem-recorde-de-115-milhoes-de-metros-cubicos-por-dia\/#breadcrumblist","itemListElement":[{"@type":"ListItem","@id":"https:\/\/www.jornalja.com.br\/arquivo#listItem","position":1,"name":"Home","item":"https:\/\/www.jornalja.com.br\/arquivo","nextItem":{"@type":"ListItem","@id":"https:\/\/www.jornalja.com.br\/arquivo\/category\/geral\/#listItem","name":"Geral"}},{"@type":"ListItem","@id":"https:\/\/www.jornalja.com.br\/arquivo\/category\/geral\/#listItem","position":2,"name":"Geral","item":"https:\/\/www.jornalja.com.br\/arquivo\/category\/geral\/","nextItem":{"@type":"ListItem","@id":"https:\/\/www.jornalja.com.br\/arquivo\/producao-de-gas-natural-tem-recorde-de-115-milhoes-de-metros-cubicos-por-dia\/#listItem","name":"Produ\u00e7\u00e3o de g\u00e1s natural tem recorde de 115 milh\u00f5es de metros c\u00fabicos por dia"},"previousItem":{"@type":"ListItem","@id":"https:\/\/www.jornalja.com.br\/arquivo#listItem","name":"Home"}},{"@type":"ListItem","@id":"https:\/\/www.jornalja.com.br\/arquivo\/producao-de-gas-natural-tem-recorde-de-115-milhoes-de-metros-cubicos-por-dia\/#listItem","position":3,"name":"Produ\u00e7\u00e3o de g\u00e1s natural tem recorde de 115 milh\u00f5es de metros c\u00fabicos por dia","previousItem":{"@type":"ListItem","@id":"https:\/\/www.jornalja.com.br\/arquivo\/category\/geral\/#listItem","name":"Geral"}}]},{"@type":"Organization","@id":"https:\/\/www.jornalja.com.br\/arquivo\/#organization","name":"Jornal J\u00c1","description":"Jornal J\u00c1 | Porto Alegre","url":"https:\/\/www.jornalja.com.br\/arquivo\/","telephone":"+555133307272","logo":{"@type":"ImageObject","url":"https:\/\/www.jornalja.com.br\/wp-content\/uploads\/cards\/JAslogan.png","@id":"https:\/\/www.jornalja.com.br\/arquivo\/producao-de-gas-natural-tem-recorde-de-115-milhoes-de-metros-cubicos-por-dia\/#organizationLogo"},"image":{"@id":"https:\/\/www.jornalja.com.br\/arquivo\/producao-de-gas-natural-tem-recorde-de-115-milhoes-de-metros-cubicos-por-dia\/#organizationLogo"}},{"@type":"Person","@id":"https:\/\/www.jornalja.com.br\/arquivo\/author\/daredacao\/#author","url":"https:\/\/www.jornalja.com.br\/arquivo\/author\/daredacao\/","name":"da Reda\u00e7\u00e3o","image":{"@type":"ImageObject","@id":"https:\/\/www.jornalja.com.br\/arquivo\/producao-de-gas-natural-tem-recorde-de-115-milhoes-de-metros-cubicos-por-dia\/#authorImage","url":"https:\/\/secure.gravatar.com\/avatar\/469fd857d6605ad19919d27ed29d35a968a25f6e8fd9318356bbb7f57aae9c65?s=96&d=mm&r=g","width":96,"height":96,"caption":"da Reda\u00e7\u00e3o"}},{"@type":"WebPage","@id":"https:\/\/www.jornalja.com.br\/arquivo\/producao-de-gas-natural-tem-recorde-de-115-milhoes-de-metros-cubicos-por-dia\/#webpage","url":"https:\/\/www.jornalja.com.br\/arquivo\/producao-de-gas-natural-tem-recorde-de-115-milhoes-de-metros-cubicos-por-dia\/","name":"Produ\u00e7\u00e3o de g\u00e1s natural tem recorde de 115 milh\u00f5es de metros c\u00fabicos por dia | Arquivo","inLanguage":"pt-BR","isPartOf":{"@id":"https:\/\/www.jornalja.com.br\/arquivo\/#website"},"breadcrumb":{"@id":"https:\/\/www.jornalja.com.br\/arquivo\/producao-de-gas-natural-tem-recorde-de-115-milhoes-de-metros-cubicos-por-dia\/#breadcrumblist"},"author":{"@id":"https:\/\/www.jornalja.com.br\/arquivo\/author\/daredacao\/#author"},"creator":{"@id":"https:\/\/www.jornalja.com.br\/arquivo\/author\/daredacao\/#author"},"image":{"@type":"ImageObject","url":54689,"@id":"https:\/\/www.jornalja.com.br\/arquivo\/producao-de-gas-natural-tem-recorde-de-115-milhoes-de-metros-cubicos-por-dia\/#mainImage"},"primaryImageOfPage":{"@id":"https:\/\/www.jornalja.com.br\/arquivo\/producao-de-gas-natural-tem-recorde-de-115-milhoes-de-metros-cubicos-por-dia\/#mainImage"},"datePublished":"2017-09-04T18:04:34-03:00","dateModified":"2017-09-04T18:04:34-03:00"},{"@type":"WebSite","@id":"https:\/\/www.jornalja.com.br\/arquivo\/#website","url":"https:\/\/www.jornalja.com.br\/arquivo\/","name":"Arquivo","description":"Jornal J\u00c1 | Porto Alegre","inLanguage":"pt-BR","publisher":{"@id":"https:\/\/www.jornalja.com.br\/arquivo\/#organization"}}]},"og:locale":"pt_BR","og:site_name":"Arquivo | Jornal J\u00c1 | Porto Alegre","og:type":"article","og:title":"Produ\u00e7\u00e3o de g\u00e1s natural tem recorde de 115 milh\u00f5es de metros c\u00fabicos por dia | Arquivo","og:url":"https:\/\/www.jornalja.com.br\/arquivo\/producao-de-gas-natural-tem-recorde-de-115-milhoes-de-metros-cubicos-por-dia\/","og:image":"https:\/\/www.jornalja.com.br\/economics\/wp-content\/uploads\/sites\/11\/2026\/08\/ja-folhaderosto-facebook.jpg","og:image:secure_url":"https:\/\/www.jornalja.com.br\/economics\/wp-content\/uploads\/sites\/11\/2026\/08\/ja-folhaderosto-facebook.jpg","article:published_time":"2017-09-04T21:04:34+00:00","article:modified_time":"2017-09-04T21:04:34+00:00","twitter:card":"summary","twitter:title":"Produ\u00e7\u00e3o de g\u00e1s natural tem recorde de 115 milh\u00f5es de metros c\u00fabicos por dia | Arquivo","twitter:image":"https:\/\/www.jornalja.com.br\/economics\/wp-content\/uploads\/sites\/11\/2026\/08\/ja-folhaderosto-facebook.jpg"},"aioseo_meta_data":{"post_id":"54688","title":null,"description":null,"keywords":null,"keyphrases":null,"primary_term":null,"canonical_url":null,"og_title":null,"og_description":null,"og_object_type":"default","og_image_type":"default","og_image_url":null,"og_image_width":null,"og_image_height":null,"og_image_custom_url":null,"og_image_custom_fields":null,"og_video":null,"og_custom_url":null,"og_article_section":null,"og_article_tags":null,"twitter_use_og":false,"twitter_card":"default","twitter_image_type":"default","twitter_image_url":null,"twitter_image_custom_url":null,"twitter_image_custom_fields":null,"twitter_title":null,"twitter_description":null,"schema":{"blockGraphs":[],"customGraphs":[],"default":{"data":{"Article":[],"Course":[],"Dataset":[],"FAQPage":[],"Movie":[],"Person":[],"Product":[],"ProductReview":[],"Car":[],"Recipe":[],"Service":[],"SoftwareApplication":[],"WebPage":[]},"graphName":"","isEnabled":true},"graphs":[]},"schema_type":null,"schema_type_options":null,"pillar_content":false,"robots_default":true,"robots_noindex":false,"robots_noarchive":false,"robots_nosnippet":false,"robots_nofollow":false,"robots_noimageindex":false,"robots_noodp":false,"robots_notranslate":false,"robots_max_snippet":null,"robots_max_videopreview":null,"robots_max_imagepreview":"large","priority":null,"frequency":null,"location":null,"local_seo":null,"breadcrumb_settings":null,"limit_modified_date":false,"ai":null,"created":"2020-12-20 20:25:01","updated":"2025-07-20 00:53:46","seo_analyzer_scan_date":null,"focus_keyword":null,"additional_keywords":null,"truseo_locale":null},"jetpack_sharing_enabled":true,"jetpack-related-posts":[{"id":13124,"url":"https:\/\/www.jornalja.com.br\/arquivo\/sangue-latino-no-iecine\/","url_meta":{"origin":54688,"position":0},"title":"Sangue latino no IECINE","author":"da Reda\u00e7\u00e3o","date":"18 de maio de 2014","format":false,"excerpt":"Francisco Ribeiro O Instituto Estadual de Cinema (IECINE) tem a frente, desde abril \u00faltimo, um novo diretor, o cineasta colombiano Juan Zapata, 36, que substitui Luiz Alberto Cassol. Radicado h\u00e1 dez anos em Porto Alegre, Zapata tem diante de si o desafio de conduzir at\u00e9 o final do ano um\u2026","rel":"","context":"Em &quot;Cultura-Geral&quot;","block_context":{"text":"Cultura-Geral","link":"https:\/\/www.jornalja.com.br\/arquivo\/category\/materiasecundaria\/"},"img":{"alt_text":"","src":"","width":0,"height":0},"classes":[]},{"id":14241,"url":"https:\/\/www.jornalja.com.br\/arquivo\/o-guaiba-nas-imagens-poeticas-de-achutti\/","url_meta":{"origin":54688,"position":1},"title":"O Gua\u00edba nas imagens po\u00e9ticas de Achutti","author":"da Reda\u00e7\u00e3o","date":"18 de junho de 2014","format":false,"excerpt":"Em \u201cO Gua\u00edba por Achutti\u201d \u2013 obra financiada via Minist\u00e9rio da Cultura, produ\u00e7\u00e3o executiva de Pedro Longhi, e Fl\u00e1vio Wild como designer \u2013, o fot\u00f3grafo revela a beleza e as mazelas de um espa\u00e7o aqu\u00e1tico de \u00e1guas sempre renovadas, cheio de hist\u00f3rias e lendas como as das cidades que foram\u2026","rel":"","context":"Em &quot;Cultura-Geral&quot;","block_context":{"text":"Cultura-Geral","link":"https:\/\/www.jornalja.com.br\/arquivo\/category\/materiasecundaria\/"},"img":{"alt_text":"","src":"","width":0,"height":0},"classes":[]},{"id":13240,"url":"https:\/\/www.jornalja.com.br\/arquivo\/plano-diretor-estamos-construindo-o-caos\/","url_meta":{"origin":54688,"position":2},"title":"Plano diretor: &quot;Estamos construindo o caos&quot;","author":"Patr\u00edcia Marini","date":"26 de maio de 2014","format":false,"excerpt":"Desabafo que arquiteta Eliana Castilhos, delegada da Regi\u00e3o de Planejamento 1, postou nas redes sociais \u00e9 um testemunho do ambiente que se criou no Conselho do Plano Diretor de Porto Alegre, onde a aprova\u00e7\u00e3o de grandes empreendimentos \u00e9 empurrada guela abaixo dos conselheiros. Ao CMDUA Como delegada da Regi\u00e3o de\u2026","rel":"","context":"Em &quot;Geral&quot;","block_context":{"text":"Geral","link":"https:\/\/www.jornalja.com.br\/arquivo\/category\/geral\/"},"img":{"alt_text":"","src":"","width":0,"height":0},"classes":[]}],"jetpack_shortlink":"https:\/\/wp.me\/pbQjBd-ee4","jetpack_featured_media_url":"","_links":{"self":[{"href":"https:\/\/www.jornalja.com.br\/arquivo\/wp-json\/wp\/v2\/posts\/54688","targetHints":{"allow":["GET"]}}],"collection":[{"href":"https:\/\/www.jornalja.com.br\/arquivo\/wp-json\/wp\/v2\/posts"}],"about":[{"href":"https:\/\/www.jornalja.com.br\/arquivo\/wp-json\/wp\/v2\/types\/post"}],"author":[{"embeddable":true,"href":"https:\/\/www.jornalja.com.br\/arquivo\/wp-json\/wp\/v2\/users\/4"}],"replies":[{"embeddable":true,"href":"https:\/\/www.jornalja.com.br\/arquivo\/wp-json\/wp\/v2\/comments?post=54688"}],"version-history":[{"count":0,"href":"https:\/\/www.jornalja.com.br\/arquivo\/wp-json\/wp\/v2\/posts\/54688\/revisions"}],"wp:attachment":[{"href":"https:\/\/www.jornalja.com.br\/arquivo\/wp-json\/wp\/v2\/media?parent=54688"}],"wp:term":[{"taxonomy":"category","embeddable":true,"href":"https:\/\/www.jornalja.com.br\/arquivo\/wp-json\/wp\/v2\/categories?post=54688"},{"taxonomy":"post_tag","embeddable":true,"href":"https:\/\/www.jornalja.com.br\/arquivo\/wp-json\/wp\/v2\/tags?post=54688"}],"curies":[{"name":"wp","href":"https:\/\/api.w.org\/{rel}","templated":true}]}}