{"id":54691,"date":"2017-09-04T18:34:48","date_gmt":"2017-09-04T21:34:48","guid":{"rendered":"https:\/\/www.jornalja.com.br\/?p=54691"},"modified":"2017-09-04T18:34:48","modified_gmt":"2017-09-04T21:34:48","slug":"pf-prende-80-pessoas-por-trafico-de-drogas-no-rs-df-e-outros-estados","status":"publish","type":"post","link":"https:\/\/www.jornalja.com.br\/arquivo\/pf-prende-80-pessoas-por-trafico-de-drogas-no-rs-df-e-outros-estados\/","title":{"rendered":"PF prende 80 pessoas por tr\u00e1fico de drogas no RS, DF e outros estados"},"content":{"rendered":"<h1 class=\"title\"><\/h1>\n<p>Pelo menos 80 pessoas foram presas pela Pol\u00edcia Federal (PF) durante a Opera\u00e7\u00e3o Brabo, deflagrada nesta segunda-feira, dia 4, para desarticular um esquema de tr\u00e1fico internacional de coca\u00edna. Desse total, 28 foram detidas no Porto de Santos, que funcionava como principal local de envio da droga para a Europa.<br \/>\nOs 127 mandados de pris\u00e3o e 190 de busca e apreens\u00e3o foram cumpridos por cerca de 800 policiais nos estados do Paran\u00e1, de S\u00e3o Paulo, de Minas Gerais, do Rio Grande do Sul e do Distrito Federal.<br \/>\nSegundo os delegados respons\u00e1veis pela opera\u00e7\u00e3o, o objetivo era desmontar diversas c\u00e9lulas criminosas, sem que houvesse uma principal, que atuavam em cons\u00f3rcio para o envio da droga para pa\u00edses europeus.<br \/>\n\u201cAlgumas estrat\u00e9gias efetivadas pelo grupo contavam com a participa\u00e7\u00e3o de grupos criminosos aqui no Brasil, seja no tocante \u00e0 log\u00edstica, seja na aquisi\u00e7\u00e3o\u201d, explicou Rodrigo Costa, delegado regional de combate e investiga\u00e7\u00e3o do crime organizado. Em S\u00e3o Paulo, o esquema contava com integrantes da organiza\u00e7\u00e3o criminosa Primeiro Comando da Capital (PCC).<br \/>\nDurante a investiga\u00e7\u00e3o, que teve in\u00edcio em agosto de 2016, foram apreendidas 6 toneladas de coca\u00edna. A apura\u00e7\u00e3o come\u00e7ou a partir de informa\u00e7\u00f5es fornecidas pelo DEA (ag\u00eancia norte-americana de combate ao tr\u00e1fico de drogas). Foram apreendidos hoje 3 quilos (kg) de coca\u00edna e uma pistola com um dos investigados. As drogas iam para portos da It\u00e1lia, Espanha, Inglaterra e Fran\u00e7a. Dois presos s\u00e3o s\u00e9rvios e viviam no Brasil como intermediadores para a venda na Europa. Segundo a PF, a coca\u00edna chegava na Europa por cerca de R$ 25 a 30 mil, o quilo. Estima-se que at\u00e9 50% desse valor ficava no Brasil.<br \/>\nO delegado federal Aguinaldo Mendon\u00e7a Alves explica que h\u00e1 casos em que a droga pode ser enviada nos navios sem a coniv\u00eancia de funcion\u00e1rios terceirizados do Porto de Santos. \u201cPode ser introduzida, por exemplo, atrav\u00e9s do i\u00e7amento. Dessa forma, quando ele \u00e9 feito diretamente do mar para o cont\u00eainer do navio, n\u00e3o tem nenhuma pessoa do porto que faz esse tipo de atua\u00e7\u00e3o\u201d, explicou o delegado. A PF destaca que, apesar de 28 pessoas terem sido presas no Porto de Santos, isso n\u00e3o significa que h\u00e1 envolvimento do \u00f3rg\u00e3o. \u201cHouve uma participa\u00e7\u00e3o pontual dos servidores do Porto de Santos\u201d, destacou.<br \/>\nA maior parte da droga chega ao Brasil por pa\u00edses fronteiri\u00e7os, como Peru, Col\u00f4mbia e Bol\u00edvia. \u201cEventualmente pode vir de caminh\u00f5es ou aeronaves. Normalmente ela \u00e9 estocada na cidade de S\u00e3o Paulo e depois, a crit\u00e9rio da organiza\u00e7\u00e3o criminosa, ela era remetida para o Porto de Santos. H\u00e1 v\u00e1rias possibilidades para introdu\u00e7\u00e3o diretamente no porto\u201d, disse Mendon\u00e7a. Entre essas possibilidades est\u00e1 o i\u00e7amento do cont\u00eainer que contaria com a coniv\u00eancia da tripula\u00e7\u00e3o. \u201cMas esses n\u00e3o s\u00e3o funcion\u00e1rios do porto\u201d, destacou o delegado.<br \/>\nO nome da opera\u00e7\u00e3o (Brabo) faz refer\u00eancia a um dos destinos da droga, o Porto de Antu\u00e9rpia, na B\u00e9lgica. \u201cBrabo seria um soldado romano que teria libertado os habitantes da regi\u00e3o do Rio Escalda, onde se localiza Antu\u00e9rpia, do jugo de um gigante e jogado sua m\u00e3o no rio. Essa lenda deu origem ao nome da cidade.\u201d<br \/>\n<a href=\"http:\/\/agenciabrasil.ebc.com.br\/geral\/noticia\/2017-09\/pf-prende-80-pessoas-em-operacao-para-desarticular-trafico-de-drogas\"><strong>Camila Maciel \u2013 Ag\u00eancia Brasil<\/strong><\/a><\/p>\n","protected":false},"excerpt":{"rendered":"<p>Pelo menos 80 pessoas foram presas pela Pol\u00edcia Federal (PF) durante a Opera\u00e7\u00e3o Brabo, deflagrada nesta segunda-feira, dia 4, para desarticular um esquema de tr\u00e1fico internacional de coca\u00edna. Desse total, 28 foram detidas no Porto de Santos, que funcionava como principal local de envio da droga para a Europa. Os 127 mandados de pris\u00e3o e [&hellip;]<\/p>\n","protected":false},"author":4,"featured_media":54694,"comment_status":"open","ping_status":"closed","sticky":false,"template":"","format":"standard","meta":{"_jetpack_newsletter_access":"","_jetpack_dont_email_post_to_subs":false,"_jetpack_newsletter_tier_id":0,"_jetpack_memberships_contains_paywalled_content":false,"_jetpack_feature_clip_id":0,"_jetpack_memberships_contains_paid_content":false,"footnotes":"","jetpack_post_was_ever_published":false},"categories":[26],"tags":[],"class_list":["post-54691","post","type-post","status-publish","format-standard","has-post-thumbnail","hentry","category-geral"],"aioseo_notices":[],"aioseo_head":"\n\t\t<!-- All in One SEO 5.0.1.1 - aioseo.com -->\n\t<meta name=\"robots\" content=\"max-image-preview:large\" \/>\n\t<meta name=\"author\" content=\"da Reda\u00e7\u00e3o\"\/>\n\t<link rel=\"canonical\" href=\"https:\/\/www.jornalja.com.br\/arquivo\/pf-prende-80-pessoas-por-trafico-de-drogas-no-rs-df-e-outros-estados\/\" \/>\n\t<meta name=\"generator\" content=\"All in One SEO (AIOSEO) 5.0.1.1\" \/>\n\t\t<meta property=\"og:locale\" content=\"pt_BR\" \/>\n\t\t<meta property=\"og:site_name\" content=\"Arquivo | Jornal J\u00c1 | Porto Alegre\" \/>\n\t\t<meta property=\"og:type\" content=\"article\" \/>\n\t\t<meta property=\"og:title\" content=\"PF prende 80 pessoas por tr\u00e1fico de drogas no RS, DF e outros estados | Arquivo\" \/>\n\t\t<meta property=\"og:url\" content=\"https:\/\/www.jornalja.com.br\/arquivo\/pf-prende-80-pessoas-por-trafico-de-drogas-no-rs-df-e-outros-estados\/\" \/>\n\t\t<meta property=\"og:image\" content=\"https:\/\/www.jornalja.com.br\/economics\/wp-content\/uploads\/sites\/11\/2026\/08\/ja-folhaderosto-facebook.jpg\" \/>\n\t\t<meta property=\"og:image:secure_url\" content=\"https:\/\/www.jornalja.com.br\/economics\/wp-content\/uploads\/sites\/11\/2026\/08\/ja-folhaderosto-facebook.jpg\" \/>\n\t\t<meta property=\"article:published_time\" content=\"2017-09-04T21:34:48+00:00\" \/>\n\t\t<meta property=\"article:modified_time\" content=\"2017-09-04T21:34:48+00:00\" \/>\n\t\t<meta name=\"twitter:card\" content=\"summary\" \/>\n\t\t<meta name=\"twitter:title\" content=\"PF prende 80 pessoas por tr\u00e1fico de drogas no RS, DF e outros estados | Arquivo\" \/>\n\t\t<meta name=\"twitter:image\" content=\"https:\/\/www.jornalja.com.br\/economics\/wp-content\/uploads\/sites\/11\/2026\/08\/ja-folhaderosto-facebook.jpg\" \/>\n\t\t<script type=\"application\/ld+json\" class=\"aioseo-schema\">\n\t\t\t{\"@context\":\"https:\\\/\\\/schema.org\",\"@graph\":[{\"@type\":\"BlogPosting\",\"@id\":\"https:\\\/\\\/www.jornalja.com.br\\\/arquivo\\\/pf-prende-80-pessoas-por-trafico-de-drogas-no-rs-df-e-outros-estados\\\/#blogposting\",\"name\":\"PF prende 80 pessoas por tr\\u00e1fico de drogas no RS, DF e outros estados | Arquivo\",\"headline\":\"PF prende 80 pessoas por tr\\u00e1fico de drogas no RS, DF e outros estados\",\"author\":{\"@id\":\"https:\\\/\\\/www.jornalja.com.br\\\/arquivo\\\/author\\\/daredacao\\\/#author\"},\"publisher\":{\"@id\":\"https:\\\/\\\/www.jornalja.com.br\\\/arquivo\\\/#organization\"},\"image\":{\"@type\":\"ImageObject\",\"url\":54694},\"datePublished\":\"2017-09-04T18:34:48-03:00\",\"dateModified\":\"2017-09-04T18:34:48-03:00\",\"inLanguage\":\"pt-BR\",\"mainEntityOfPage\":{\"@id\":\"https:\\\/\\\/www.jornalja.com.br\\\/arquivo\\\/pf-prende-80-pessoas-por-trafico-de-drogas-no-rs-df-e-outros-estados\\\/#webpage\"},\"isPartOf\":{\"@id\":\"https:\\\/\\\/www.jornalja.com.br\\\/arquivo\\\/pf-prende-80-pessoas-por-trafico-de-drogas-no-rs-df-e-outros-estados\\\/#webpage\"},\"articleSection\":\"Geral\"},{\"@type\":\"BreadcrumbList\",\"@id\":\"https:\\\/\\\/www.jornalja.com.br\\\/arquivo\\\/pf-prende-80-pessoas-por-trafico-de-drogas-no-rs-df-e-outros-estados\\\/#breadcrumblist\",\"itemListElement\":[{\"@type\":\"ListItem\",\"@id\":\"https:\\\/\\\/www.jornalja.com.br\\\/arquivo#listItem\",\"position\":1,\"name\":\"Home\",\"item\":\"https:\\\/\\\/www.jornalja.com.br\\\/arquivo\",\"nextItem\":{\"@type\":\"ListItem\",\"@id\":\"https:\\\/\\\/www.jornalja.com.br\\\/arquivo\\\/category\\\/geral\\\/#listItem\",\"name\":\"Geral\"}},{\"@type\":\"ListItem\",\"@id\":\"https:\\\/\\\/www.jornalja.com.br\\\/arquivo\\\/category\\\/geral\\\/#listItem\",\"position\":2,\"name\":\"Geral\",\"item\":\"https:\\\/\\\/www.jornalja.com.br\\\/arquivo\\\/category\\\/geral\\\/\",\"nextItem\":{\"@type\":\"ListItem\",\"@id\":\"https:\\\/\\\/www.jornalja.com.br\\\/arquivo\\\/pf-prende-80-pessoas-por-trafico-de-drogas-no-rs-df-e-outros-estados\\\/#listItem\",\"name\":\"PF prende 80 pessoas por tr\\u00e1fico de drogas no RS, DF e outros estados\"},\"previousItem\":{\"@type\":\"ListItem\",\"@id\":\"https:\\\/\\\/www.jornalja.com.br\\\/arquivo#listItem\",\"name\":\"Home\"}},{\"@type\":\"ListItem\",\"@id\":\"https:\\\/\\\/www.jornalja.com.br\\\/arquivo\\\/pf-prende-80-pessoas-por-trafico-de-drogas-no-rs-df-e-outros-estados\\\/#listItem\",\"position\":3,\"name\":\"PF prende 80 pessoas por tr\\u00e1fico de drogas no RS, DF e outros estados\",\"previousItem\":{\"@type\":\"ListItem\",\"@id\":\"https:\\\/\\\/www.jornalja.com.br\\\/arquivo\\\/category\\\/geral\\\/#listItem\",\"name\":\"Geral\"}}]},{\"@type\":\"Organization\",\"@id\":\"https:\\\/\\\/www.jornalja.com.br\\\/arquivo\\\/#organization\",\"name\":\"Jornal J\\u00c1\",\"description\":\"Jornal J\\u00c1 | Porto Alegre\",\"url\":\"https:\\\/\\\/www.jornalja.com.br\\\/arquivo\\\/\",\"telephone\":\"+555133307272\",\"logo\":{\"@type\":\"ImageObject\",\"url\":\"https:\\\/\\\/www.jornalja.com.br\\\/wp-content\\\/uploads\\\/cards\\\/JAslogan.png\",\"@id\":\"https:\\\/\\\/www.jornalja.com.br\\\/arquivo\\\/pf-prende-80-pessoas-por-trafico-de-drogas-no-rs-df-e-outros-estados\\\/#organizationLogo\"},\"image\":{\"@id\":\"https:\\\/\\\/www.jornalja.com.br\\\/arquivo\\\/pf-prende-80-pessoas-por-trafico-de-drogas-no-rs-df-e-outros-estados\\\/#organizationLogo\"}},{\"@type\":\"Person\",\"@id\":\"https:\\\/\\\/www.jornalja.com.br\\\/arquivo\\\/author\\\/daredacao\\\/#author\",\"url\":\"https:\\\/\\\/www.jornalja.com.br\\\/arquivo\\\/author\\\/daredacao\\\/\",\"name\":\"da Reda\\u00e7\\u00e3o\",\"image\":{\"@type\":\"ImageObject\",\"@id\":\"https:\\\/\\\/www.jornalja.com.br\\\/arquivo\\\/pf-prende-80-pessoas-por-trafico-de-drogas-no-rs-df-e-outros-estados\\\/#authorImage\",\"url\":\"https:\\\/\\\/secure.gravatar.com\\\/avatar\\\/469fd857d6605ad19919d27ed29d35a968a25f6e8fd9318356bbb7f57aae9c65?s=96&d=mm&r=g\",\"width\":96,\"height\":96,\"caption\":\"da Reda\\u00e7\\u00e3o\"}},{\"@type\":\"WebPage\",\"@id\":\"https:\\\/\\\/www.jornalja.com.br\\\/arquivo\\\/pf-prende-80-pessoas-por-trafico-de-drogas-no-rs-df-e-outros-estados\\\/#webpage\",\"url\":\"https:\\\/\\\/www.jornalja.com.br\\\/arquivo\\\/pf-prende-80-pessoas-por-trafico-de-drogas-no-rs-df-e-outros-estados\\\/\",\"name\":\"PF prende 80 pessoas por tr\\u00e1fico de drogas no RS, DF e outros estados | Arquivo\",\"inLanguage\":\"pt-BR\",\"isPartOf\":{\"@id\":\"https:\\\/\\\/www.jornalja.com.br\\\/arquivo\\\/#website\"},\"breadcrumb\":{\"@id\":\"https:\\\/\\\/www.jornalja.com.br\\\/arquivo\\\/pf-prende-80-pessoas-por-trafico-de-drogas-no-rs-df-e-outros-estados\\\/#breadcrumblist\"},\"author\":{\"@id\":\"https:\\\/\\\/www.jornalja.com.br\\\/arquivo\\\/author\\\/daredacao\\\/#author\"},\"creator\":{\"@id\":\"https:\\\/\\\/www.jornalja.com.br\\\/arquivo\\\/author\\\/daredacao\\\/#author\"},\"image\":{\"@type\":\"ImageObject\",\"url\":54694,\"@id\":\"https:\\\/\\\/www.jornalja.com.br\\\/arquivo\\\/pf-prende-80-pessoas-por-trafico-de-drogas-no-rs-df-e-outros-estados\\\/#mainImage\"},\"primaryImageOfPage\":{\"@id\":\"https:\\\/\\\/www.jornalja.com.br\\\/arquivo\\\/pf-prende-80-pessoas-por-trafico-de-drogas-no-rs-df-e-outros-estados\\\/#mainImage\"},\"datePublished\":\"2017-09-04T18:34:48-03:00\",\"dateModified\":\"2017-09-04T18:34:48-03:00\"},{\"@type\":\"WebSite\",\"@id\":\"https:\\\/\\\/www.jornalja.com.br\\\/arquivo\\\/#website\",\"url\":\"https:\\\/\\\/www.jornalja.com.br\\\/arquivo\\\/\",\"name\":\"Arquivo\",\"description\":\"Jornal J\\u00c1 | Porto Alegre\",\"inLanguage\":\"pt-BR\",\"publisher\":{\"@id\":\"https:\\\/\\\/www.jornalja.com.br\\\/arquivo\\\/#organization\"}}]}\n\t\t<\/script>\n\t\t<!-- All in One SEO -->\n\n","aioseo_head_json":{"title":"PF prende 80 pessoas por tr\u00e1fico de drogas no RS, DF e outros estados | Arquivo","description":"","canonical_url":"https:\/\/www.jornalja.com.br\/arquivo\/pf-prende-80-pessoas-por-trafico-de-drogas-no-rs-df-e-outros-estados\/","robots":"max-image-preview:large","keywords":"","webmasterTools":{"miscellaneous":""},"schema":{"@context":"https:\/\/schema.org","@graph":[{"@type":"BlogPosting","@id":"https:\/\/www.jornalja.com.br\/arquivo\/pf-prende-80-pessoas-por-trafico-de-drogas-no-rs-df-e-outros-estados\/#blogposting","name":"PF prende 80 pessoas por tr\u00e1fico de drogas no RS, DF e outros estados | Arquivo","headline":"PF prende 80 pessoas por tr\u00e1fico de drogas no RS, DF e outros estados","author":{"@id":"https:\/\/www.jornalja.com.br\/arquivo\/author\/daredacao\/#author"},"publisher":{"@id":"https:\/\/www.jornalja.com.br\/arquivo\/#organization"},"image":{"@type":"ImageObject","url":54694},"datePublished":"2017-09-04T18:34:48-03:00","dateModified":"2017-09-04T18:34:48-03:00","inLanguage":"pt-BR","mainEntityOfPage":{"@id":"https:\/\/www.jornalja.com.br\/arquivo\/pf-prende-80-pessoas-por-trafico-de-drogas-no-rs-df-e-outros-estados\/#webpage"},"isPartOf":{"@id":"https:\/\/www.jornalja.com.br\/arquivo\/pf-prende-80-pessoas-por-trafico-de-drogas-no-rs-df-e-outros-estados\/#webpage"},"articleSection":"Geral"},{"@type":"BreadcrumbList","@id":"https:\/\/www.jornalja.com.br\/arquivo\/pf-prende-80-pessoas-por-trafico-de-drogas-no-rs-df-e-outros-estados\/#breadcrumblist","itemListElement":[{"@type":"ListItem","@id":"https:\/\/www.jornalja.com.br\/arquivo#listItem","position":1,"name":"Home","item":"https:\/\/www.jornalja.com.br\/arquivo","nextItem":{"@type":"ListItem","@id":"https:\/\/www.jornalja.com.br\/arquivo\/category\/geral\/#listItem","name":"Geral"}},{"@type":"ListItem","@id":"https:\/\/www.jornalja.com.br\/arquivo\/category\/geral\/#listItem","position":2,"name":"Geral","item":"https:\/\/www.jornalja.com.br\/arquivo\/category\/geral\/","nextItem":{"@type":"ListItem","@id":"https:\/\/www.jornalja.com.br\/arquivo\/pf-prende-80-pessoas-por-trafico-de-drogas-no-rs-df-e-outros-estados\/#listItem","name":"PF prende 80 pessoas por tr\u00e1fico de drogas no RS, DF e outros estados"},"previousItem":{"@type":"ListItem","@id":"https:\/\/www.jornalja.com.br\/arquivo#listItem","name":"Home"}},{"@type":"ListItem","@id":"https:\/\/www.jornalja.com.br\/arquivo\/pf-prende-80-pessoas-por-trafico-de-drogas-no-rs-df-e-outros-estados\/#listItem","position":3,"name":"PF prende 80 pessoas por tr\u00e1fico de drogas no RS, DF e outros estados","previousItem":{"@type":"ListItem","@id":"https:\/\/www.jornalja.com.br\/arquivo\/category\/geral\/#listItem","name":"Geral"}}]},{"@type":"Organization","@id":"https:\/\/www.jornalja.com.br\/arquivo\/#organization","name":"Jornal J\u00c1","description":"Jornal J\u00c1 | Porto Alegre","url":"https:\/\/www.jornalja.com.br\/arquivo\/","telephone":"+555133307272","logo":{"@type":"ImageObject","url":"https:\/\/www.jornalja.com.br\/wp-content\/uploads\/cards\/JAslogan.png","@id":"https:\/\/www.jornalja.com.br\/arquivo\/pf-prende-80-pessoas-por-trafico-de-drogas-no-rs-df-e-outros-estados\/#organizationLogo"},"image":{"@id":"https:\/\/www.jornalja.com.br\/arquivo\/pf-prende-80-pessoas-por-trafico-de-drogas-no-rs-df-e-outros-estados\/#organizationLogo"}},{"@type":"Person","@id":"https:\/\/www.jornalja.com.br\/arquivo\/author\/daredacao\/#author","url":"https:\/\/www.jornalja.com.br\/arquivo\/author\/daredacao\/","name":"da Reda\u00e7\u00e3o","image":{"@type":"ImageObject","@id":"https:\/\/www.jornalja.com.br\/arquivo\/pf-prende-80-pessoas-por-trafico-de-drogas-no-rs-df-e-outros-estados\/#authorImage","url":"https:\/\/secure.gravatar.com\/avatar\/469fd857d6605ad19919d27ed29d35a968a25f6e8fd9318356bbb7f57aae9c65?s=96&d=mm&r=g","width":96,"height":96,"caption":"da Reda\u00e7\u00e3o"}},{"@type":"WebPage","@id":"https:\/\/www.jornalja.com.br\/arquivo\/pf-prende-80-pessoas-por-trafico-de-drogas-no-rs-df-e-outros-estados\/#webpage","url":"https:\/\/www.jornalja.com.br\/arquivo\/pf-prende-80-pessoas-por-trafico-de-drogas-no-rs-df-e-outros-estados\/","name":"PF prende 80 pessoas por tr\u00e1fico de drogas no RS, DF e outros estados | Arquivo","inLanguage":"pt-BR","isPartOf":{"@id":"https:\/\/www.jornalja.com.br\/arquivo\/#website"},"breadcrumb":{"@id":"https:\/\/www.jornalja.com.br\/arquivo\/pf-prende-80-pessoas-por-trafico-de-drogas-no-rs-df-e-outros-estados\/#breadcrumblist"},"author":{"@id":"https:\/\/www.jornalja.com.br\/arquivo\/author\/daredacao\/#author"},"creator":{"@id":"https:\/\/www.jornalja.com.br\/arquivo\/author\/daredacao\/#author"},"image":{"@type":"ImageObject","url":54694,"@id":"https:\/\/www.jornalja.com.br\/arquivo\/pf-prende-80-pessoas-por-trafico-de-drogas-no-rs-df-e-outros-estados\/#mainImage"},"primaryImageOfPage":{"@id":"https:\/\/www.jornalja.com.br\/arquivo\/pf-prende-80-pessoas-por-trafico-de-drogas-no-rs-df-e-outros-estados\/#mainImage"},"datePublished":"2017-09-04T18:34:48-03:00","dateModified":"2017-09-04T18:34:48-03:00"},{"@type":"WebSite","@id":"https:\/\/www.jornalja.com.br\/arquivo\/#website","url":"https:\/\/www.jornalja.com.br\/arquivo\/","name":"Arquivo","description":"Jornal J\u00c1 | Porto Alegre","inLanguage":"pt-BR","publisher":{"@id":"https:\/\/www.jornalja.com.br\/arquivo\/#organization"}}]},"og:locale":"pt_BR","og:site_name":"Arquivo | Jornal J\u00c1 | Porto Alegre","og:type":"article","og:title":"PF prende 80 pessoas por tr\u00e1fico de drogas no RS, DF e outros estados | Arquivo","og:url":"https:\/\/www.jornalja.com.br\/arquivo\/pf-prende-80-pessoas-por-trafico-de-drogas-no-rs-df-e-outros-estados\/","og:image":"https:\/\/www.jornalja.com.br\/economics\/wp-content\/uploads\/sites\/11\/2026\/08\/ja-folhaderosto-facebook.jpg","og:image:secure_url":"https:\/\/www.jornalja.com.br\/economics\/wp-content\/uploads\/sites\/11\/2026\/08\/ja-folhaderosto-facebook.jpg","article:published_time":"2017-09-04T21:34:48+00:00","article:modified_time":"2017-09-04T21:34:48+00:00","twitter:card":"summary","twitter:title":"PF prende 80 pessoas por tr\u00e1fico de drogas no RS, DF e outros estados | Arquivo","twitter:image":"https:\/\/www.jornalja.com.br\/economics\/wp-content\/uploads\/sites\/11\/2026\/08\/ja-folhaderosto-facebook.jpg"},"aioseo_meta_data":{"post_id":"54691","title":null,"description":null,"keywords":null,"keyphrases":null,"primary_term":null,"canonical_url":null,"og_title":null,"og_description":null,"og_object_type":"default","og_image_type":"default","og_image_url":null,"og_image_width":null,"og_image_height":null,"og_image_custom_url":null,"og_image_custom_fields":null,"og_video":null,"og_custom_url":null,"og_article_section":null,"og_article_tags":null,"twitter_use_og":false,"twitter_card":"default","twitter_image_type":"default","twitter_image_url":null,"twitter_image_custom_url":null,"twitter_image_custom_fields":null,"twitter_title":null,"twitter_description":null,"schema":{"blockGraphs":[],"customGraphs":[],"default":{"data":{"Article":[],"Course":[],"Dataset":[],"FAQPage":[],"Movie":[],"Person":[],"Product":[],"ProductReview":[],"Car":[],"Recipe":[],"Service":[],"SoftwareApplication":[],"WebPage":[]},"graphName":"","isEnabled":true},"graphs":[],"defaultGraph":"","defaultPostTypeGraph":""},"schema_type":null,"schema_type_options":null,"pillar_content":false,"robots_default":true,"robots_noindex":false,"robots_noarchive":false,"robots_nosnippet":false,"robots_nofollow":false,"robots_noimageindex":false,"robots_noodp":false,"robots_notranslate":false,"robots_max_snippet":null,"robots_max_videopreview":null,"robots_max_imagepreview":"large","priority":null,"frequency":null,"location":null,"local_seo":null,"breadcrumb_settings":null,"limit_modified_date":false,"ai":null,"created":"2020-12-20 20:25:01","updated":"2025-07-20 00:53:46","seo_analyzer_scan_date":null,"focus_keyword":null,"additional_keywords":null,"truseo_locale":null},"jetpack_sharing_enabled":true,"jetpack-related-posts":[{"id":5440,"url":"https:\/\/www.jornalja.com.br\/arquivo\/casarao-da-venancio-destino-permanece-incerto\/","url_meta":{"origin":54691,"position":0},"title":"Estado ainda n\u00e3o sabe o que fazer com casar\u00e3o abandonado h\u00e1 20 anos","author":"Elmar Bones","date":"6 de julho de 2009","format":false,"excerpt":"O casar\u00e3o amarelo, numa esquina nobre de Porto Alegre (Ven\u00e2ncio Aires com Jo\u00e3o Pessoa), j\u00e1 abrigou uma escola. H\u00e1 duas d\u00e9cadas, pelo menos, est\u00e1 abandonado, porque seu propriet\u00e1rio, o governo do Estado do Rio Grande do Sul, n\u00e3o consegue achar um destino para ele. Planos n\u00e3o faltaram. O governador Ol\u00edvio\u2026","rel":"","context":"Em &quot;X.Categorias velhas&quot;","block_context":{"text":"X.Categorias velhas","link":"https:\/\/www.jornalja.com.br\/arquivo\/category\/x-categorias-velhas\/"},"img":{"alt_text":"geraldo1","src":"https:\/\/i0.wp.com\/www.jornalja.com.br\/wp-content\/uploads\/2009\/07\/geraldo1.jpg?resize=350%2C200&ssl=1","width":350,"height":200},"classes":[]},{"id":12960,"url":"https:\/\/www.jornalja.com.br\/arquivo\/populacao-culpa-empresas-pela-greve-dos-rodoviarios\/","url_meta":{"origin":54691,"position":1},"title":"Popula\u00e7\u00e3o culpa empresas pela greve","author":"Patr\u00edcia Marini","date":"14 de fevereiro de 2014","format":false,"excerpt":"Pesquisa divulgada na edi\u00e7\u00e3o do jornal Metro desta sexta-feira,14, comprova o velho ditado: \u00e9 poss\u00edvel enganar muitos por algum tempo, mas n\u00e3o \u00e9 poss\u00edvel enganar a todos o tempo inteiro. A principal revela\u00e7\u00e3o foi que 59,8% dos entrevistados apontaram as empresas como as principais respons\u00e1veis pela grave e 46% culparam\u2026","rel":"","context":"Em &quot;X.Categorias velhas&quot;","block_context":{"text":"X.Categorias velhas","link":"https:\/\/www.jornalja.com.br\/arquivo\/category\/x-categorias-velhas\/"},"img":{"alt_text":"","src":"","width":0,"height":0},"classes":[]},{"id":14241,"url":"https:\/\/www.jornalja.com.br\/arquivo\/o-guaiba-nas-imagens-poeticas-de-achutti\/","url_meta":{"origin":54691,"position":2},"title":"O Gua\u00edba nas imagens po\u00e9ticas de Achutti","author":"da Reda\u00e7\u00e3o","date":"18 de junho de 2014","format":false,"excerpt":"Em \u201cO Gua\u00edba por Achutti\u201d \u2013 obra financiada via Minist\u00e9rio da Cultura, produ\u00e7\u00e3o executiva de Pedro Longhi, e Fl\u00e1vio Wild como designer \u2013, o fot\u00f3grafo revela a beleza e as mazelas de um espa\u00e7o aqu\u00e1tico de \u00e1guas sempre renovadas, cheio de hist\u00f3rias e lendas como as das cidades que foram\u2026","rel":"","context":"Em &quot;Cultura-Geral&quot;","block_context":{"text":"Cultura-Geral","link":"https:\/\/www.jornalja.com.br\/arquivo\/category\/materiasecundaria\/"},"img":{"alt_text":"","src":"","width":0,"height":0},"classes":[]},{"id":13124,"url":"https:\/\/www.jornalja.com.br\/arquivo\/sangue-latino-no-iecine\/","url_meta":{"origin":54691,"position":3},"title":"Sangue latino no IECINE","author":"da Reda\u00e7\u00e3o","date":"18 de maio de 2014","format":false,"excerpt":"Francisco Ribeiro O Instituto Estadual de Cinema (IECINE) tem a frente, desde abril \u00faltimo, um novo diretor, o cineasta colombiano Juan Zapata, 36, que substitui Luiz Alberto Cassol. Radicado h\u00e1 dez anos em Porto Alegre, Zapata tem diante de si o desafio de conduzir at\u00e9 o final do ano um\u2026","rel":"","context":"Em &quot;Cultura-Geral&quot;","block_context":{"text":"Cultura-Geral","link":"https:\/\/www.jornalja.com.br\/arquivo\/category\/materiasecundaria\/"},"img":{"alt_text":"","src":"","width":0,"height":0},"classes":[]},{"id":13240,"url":"https:\/\/www.jornalja.com.br\/arquivo\/plano-diretor-estamos-construindo-o-caos\/","url_meta":{"origin":54691,"position":4},"title":"Plano diretor: &quot;Estamos construindo o caos&quot;","author":"Patr\u00edcia Marini","date":"26 de maio de 2014","format":false,"excerpt":"Desabafo que arquiteta Eliana Castilhos, delegada da Regi\u00e3o de Planejamento 1, postou nas redes sociais \u00e9 um testemunho do ambiente que se criou no Conselho do Plano Diretor de Porto Alegre, onde a aprova\u00e7\u00e3o de grandes empreendimentos \u00e9 empurrada guela abaixo dos conselheiros. Ao CMDUA Como delegada da Regi\u00e3o de\u2026","rel":"","context":"Em &quot;Geral&quot;","block_context":{"text":"Geral","link":"https:\/\/www.jornalja.com.br\/arquivo\/category\/geral\/"},"img":{"alt_text":"","src":"","width":0,"height":0},"classes":[]},{"id":13128,"url":"https:\/\/www.jornalja.com.br\/arquivo\/maconha-terra-diz-que-uso-medicinal-e-desculpa\/","url_meta":{"origin":54691,"position":5},"title":"Maconha: Terra diz que uso medicinal \u00e9 desculpa","author":"Patr\u00edcia Marini","date":"4 de junho de 2014","format":false,"excerpt":"A condi\u00e7\u00e3o de pol\u00edtico, em \u00e9poca de campanha de campanha eleitoral, tira for\u00e7a do discurso do m\u00e9dico Osmar Terra contra a legaliza\u00e7\u00e3o da maconha. A tese dele de que a libera\u00e7\u00e3o vai ampliar exponencialmente o consumo \u00e9 discutivel, o consumo \u00e9 corrente. Mas seus alertas quanto aos riscos tem que\u2026","rel":"","context":"Em &quot;X.Categorias velhas&quot;","block_context":{"text":"X.Categorias velhas","link":"https:\/\/www.jornalja.com.br\/arquivo\/category\/x-categorias-velhas\/"},"img":{"alt_text":"","src":"","width":0,"height":0},"classes":[]}],"jetpack_shortlink":"https:\/\/wp.me\/pbQjBd-ee7","jetpack_featured_media_url":"","_links":{"self":[{"href":"https:\/\/www.jornalja.com.br\/arquivo\/wp-json\/wp\/v2\/posts\/54691","targetHints":{"allow":["GET"]}}],"collection":[{"href":"https:\/\/www.jornalja.com.br\/arquivo\/wp-json\/wp\/v2\/posts"}],"about":[{"href":"https:\/\/www.jornalja.com.br\/arquivo\/wp-json\/wp\/v2\/types\/post"}],"author":[{"embeddable":true,"href":"https:\/\/www.jornalja.com.br\/arquivo\/wp-json\/wp\/v2\/users\/4"}],"replies":[{"embeddable":true,"href":"https:\/\/www.jornalja.com.br\/arquivo\/wp-json\/wp\/v2\/comments?post=54691"}],"version-history":[{"count":0,"href":"https:\/\/www.jornalja.com.br\/arquivo\/wp-json\/wp\/v2\/posts\/54691\/revisions"}],"wp:attachment":[{"href":"https:\/\/www.jornalja.com.br\/arquivo\/wp-json\/wp\/v2\/media?parent=54691"}],"wp:term":[{"taxonomy":"category","embeddable":true,"href":"https:\/\/www.jornalja.com.br\/arquivo\/wp-json\/wp\/v2\/categories?post=54691"},{"taxonomy":"post_tag","embeddable":true,"href":"https:\/\/www.jornalja.com.br\/arquivo\/wp-json\/wp\/v2\/tags?post=54691"}],"curies":[{"name":"wp","href":"https:\/\/api.w.org\/{rel}","templated":true}]}}