{"id":54746,"date":"2017-09-06T11:28:17","date_gmt":"2017-09-06T14:28:17","guid":{"rendered":"https:\/\/www.jornalja.com.br\/?p=54746"},"modified":"2017-09-06T11:28:17","modified_gmt":"2017-09-06T14:28:17","slug":"vereadores-discutem-projeto-que-permite-cidadao-contratar-servico-de-poda-em-porto-alegre","status":"publish","type":"post","link":"https:\/\/www.jornalja.com.br\/arquivo\/vereadores-discutem-projeto-que-permite-cidadao-contratar-servico-de-poda-em-porto-alegre\/","title":{"rendered":"Vereadores discutem projeto que permite cidad\u00e3o contratar servi\u00e7o de poda em Porto Alegre"},"content":{"rendered":"<p><span class=\"assina\">Felipe Uhr<\/span><br \/>\nO projeto\u00a0que altera a Lei Complementar n\u00ba 757, de 14 de janeiro de 2015, que trata sobre supress\u00e3o e poda de \u00e1rvores e vegetais em Porto Alegre\u00a0 est\u00e1 em tramita\u00e7\u00e3o na C\u00e2mara de Vereadores.<br \/>\nA proposta do vereador Mois\u00e9s Barboza (PSDB), visa reduzir o tempo de espera entre o pedido de poda e a execu\u00e7\u00e3o do servi\u00e7o e permitir que o cidad\u00e3o contrate um servi\u00e7o privado para a realiza\u00e7\u00e3o da supress\u00e3o ou retirada dos vegetais.<br \/>\nO tema foi discutido na ter\u00e7a-feira \u00e0 noite em uma reuni\u00e3o aberta ao p\u00fablico, realizada pela Frente Parlamentar de Empreendedorismo e Desburocratiza\u00e7\u00e3o. O vereador Felipe Camozzato (Novo) proponente e presidente da Frente, elogiou o projeto: &#8216;\u00c9 bom porque desburocratiza esse servi\u00e7o essencial e precisa ser discutido nessa casa. queremos ajustar algumas d\u00favidas parar mandarmos ele ao plen\u00e1rio&#8221;.<br \/>\nParticiparam da audi\u00eancia os secret\u00e1rios Ramiro Ros\u00e1rio, de Servi\u00e7os Urbanos(SMSURB) e Maur\u00edcio Fernandes, do Meio Ambiente e Sustentabilidade.(Smams) As duas pastas s\u00e3o respons\u00e1veis pelo servi\u00e7o de poda, supress\u00e3o de \u00e1rvores, galhos e vegetais no munic\u00edpio. Moradores e demais interessados tamb\u00e9m estiveram presentes.<br \/>\nMois\u00e9s fez uma breve apresenta\u00e7\u00e3o do projeto. Prop\u00f5e que a prefeitura resolva em at\u00e9 90 dias os pedidos de poda e, se n\u00e3o atender ao prazo, o cidad\u00e3o fica autorizado a\u00a0contratar o servi\u00e7o particular com a autoriza\u00e7\u00e3o pr\u00e9via do \u00f3rg\u00e3o respons\u00e1vel.<br \/>\n&#8220;Muitas pessoas t\u00eam vontade e recursos de fazer isso quando necess\u00e1rio, mas s\u00e3o impedidos legalmente&#8221;, justificou o parlamentar, conhecido como o Maluco do Bem.<br \/>\nHoje, compensa\u00e7\u00f5es ambientais, verbas de licen\u00e7as ou infra\u00e7\u00f5es ambientais v\u00e3o para o Fumpr\u00f3amb. Conforme a lei 757, \u00e9 poss\u00edvel usar at\u00e9 15% para a manuten\u00e7\u00e3o de parques e pra\u00e7as. A proposta de Barboza quer alterar para 30%.<br \/>\n<figure id=\"attachment_54777\" aria-describedby=\"caption-attachment-54777\" style=\"width: 1150px\" class=\"wp-caption alignnone\"><img loading=\"lazy\" decoding=\"async\" class=\"wp-image-54777 size-full\" src=\"https:\/\/www.jornalja.com.br\/wp-content\/uploads\/2017\/09\/IMG-20170906-WA0044.jpg\" alt=\"\" width=\"1150\" height=\"646\" \/><figcaption id=\"caption-attachment-54777\" class=\"wp-caption-text\">Mois\u00e9s Barboza explicou o projeto para p\u00fablico, vereadores e secret\u00e1rios<\/figcaption><\/figure><br \/>\nRamiro Ros\u00e1rio foi o primeiro a falar. Lembrou que desde 2017 a secretaria de servi\u00e7os urbanos realiza o servi\u00e7o de podas dos vegetais, com o auxilio e supervis\u00e3o de um engenheiro agr\u00f4nomo, da secretaria do Meio Ambiente junto \u00e0 equipe.<br \/>\nDisse que que existem hoje quase 11 mil pedidos de podas e remo\u00e7\u00e3o de \u00e1rvores em aberto na Prefeitura de Porto Alegre. N\u00e3o h\u00e1 hoje contrato com empresas terceirizadas para a realiza\u00e7\u00e3o desse servi\u00e7o. Enquanto isso a Secretaria vem atuando em casos emerg\u00eancias.<br \/>\nSegundo ele um novo servi\u00e7o terceirizado est\u00e1 sendo analisado junto a pasta do Meio Ambiente. &#8220;Uma iniciativa como essa vem ao encontro com o sentimento de que cada cidad\u00e3o possa fazer mais por si e pela sua cidade. \u00c9 fundamental que o contribuinte possa realizar por si uma poda de \u00e1rvore ou supress\u00e3o de \u00e1rvore que oferece risco \u00e0 sua vida ou ao seu patrim\u00f4nio, evidentemente respaldado por t\u00e9cnicos para n\u00e3o isso n\u00e3o se inserir crime ambiental&#8221;, destacou Ros\u00e1rio, ressaltando que h\u00e1 uma interesse de empres\u00e1rios e comerciantes em contratar o servi\u00e7o por conta pr\u00f3pria.<br \/>\nO secret\u00e1rio Maur\u00edcio Fernandes disse que na zona urbana a poda \u00e9 realizada para evitar conflito. Relatou que est\u00e1 sendo realizado h\u00e1 dois meses um trabalho de poda no Parque da Reden\u00e7\u00e3o e que vem sendo alvo de cr\u00edticas por isso. &#8220;Estamos fazendo um levantamento de copa, que \u00e9 errado se a \u00e1rvore estivesse no campo, mas n\u00e3o, em ambiente urbano.&#8221;<br \/>\nFernandes tamb\u00e9m lembrou que muitas \u00e1rvores no passado foram plantadas de forma irregular. &#8220;Isso \u00e9 plantar um problema, se a esp\u00e9cie errada for plantada no lugar errado&#8221;. Citou que desde 2005 Porto Alegre tem um Plano Diretor de Arboriza\u00e7\u00e3o que orienta como realizar o plantio de \u00e1rvores na cidade. &#8220;Este projeto de lei n\u00e3o embarca no processo destrutivo que \u00e1rvore atrapalha&#8221;, destacou o titular do Meio Ambiente.<br \/>\n<strong>Tempo de resposta foi ponto mais discutido<\/strong><br \/>\nAinda n\u00e3o h\u00e1 um consenso geral do tempo para que a Prefeitura responda a solicita\u00e7\u00e3o e que o cidad\u00e3o possa contratar o servi\u00e7o de poda. O projeto original fala em 30 dias. A secretaria do Meio Ambiente n\u00e3o concorda. &#8220;O tempo ideal seria o mesmo da licen\u00e7a ambiental de 180 dias&#8221; argumenta o secret\u00e1rio Fernandes.<br \/>\nPara o vereador Camozzato, o ideal seria que de 15 a 20 dias a Prefeitura respondesse os pedidos e que, em alguns casos de emerg\u00eancia, o problema fosse resolvido em at\u00e9 dois dias. Por enquanto, o prazo est\u00e1 em 90 dias. &#8220;N\u00e3o pode haver licen\u00e7a presumida&#8221;, destacou Fernandes que defende a pode mediante a autoriza\u00e7\u00e3o da pasta.<br \/>\n<strong>Empres\u00e1ria reclamou da demora<\/strong><br \/>\nGabriely Munhoz, empres\u00e1ria e representante da Associa\u00e7\u00e3o de Moradores e Empres\u00e1rios do bairro Moinhos de Ventos, a AME) , queixou-se que, em novembro, ela avisou a Prefeitura de uma \u00e1rvore que estava na emin\u00eancia de cair sobre o seu estabelecimento, um bar na rua Padre Chagas, bairro Moinhos de Vento. Durante dois meses a empres\u00e1ria reclamou diversas vezes e n\u00e3o teve seu pedido atendido. Em fevereiro a \u00e1rvore caiu sobre o teto do estabelecimento, causando um preju\u00edzo de aproximadamente cem mil reais. &#8220;Ainda bem que a \u00e1rvore resolveu cair em um domingo e n\u00e3o feriu ningu\u00e9m&#8221;.<br \/>\n<figure id=\"attachment_54776\" aria-describedby=\"caption-attachment-54776\" style=\"width: 724px\" class=\"wp-caption alignnone\"><img loading=\"lazy\" decoding=\"async\" class=\"wp-image-54776 size-full\" src=\"https:\/\/www.jornalja.com.br\/wp-content\/uploads\/2017\/09\/\u00e1rvorecaida.jpg\" alt=\"\" width=\"724\" height=\"772\" \/><figcaption id=\"caption-attachment-54776\" class=\"wp-caption-text\">\u00c1rvore caiu sobre estabelecimento na Pe. Chagas<\/figcaption><\/figure><br \/>\nGabriely disse que teria contratado o servi\u00e7o de poda,\u00a0se fosse permitido. &#8220;H\u00e1 diversas \u00e1rvores visivelmente prejudicadas na rua Fernando Gomes e que podem cair&#8221;, alertou.<br \/>\nOs secret\u00e1rios admitiram que o Poder P\u00fablico falhou na ocasi\u00e3o e que as duas secretarias est\u00e3o trabalhando muito para que o fato n\u00e3o ocorra novamente.<br \/>\n<strong>&#8220;Projeto n\u00e3o resolve problemas&#8221;, alerta bi\u00f3logo<\/strong><br \/>\nBi\u00f3logo e especialista em arboriza\u00e7\u00e3o, Fl\u00e1vio Barcellos, contesta a opini\u00e3o de que o projeto visa reduzir a atual demanda de podas acumuladas na cidade.<br \/>\nBarcellos n\u00e3o estava na reuni\u00e3o mas conhece muito bem o assunto por ter trabalhado na Secretaria do Meio Ambiente de Porto Alegre durante 42 anos. Ele n\u00e3o \u00e9 contra a terceiriza\u00e7\u00e3o do servi\u00e7o, mas defende que o servi\u00e7o seja coordenado pela Smams.<br \/>\n&#8220;\u00c9 preciso um planejamento em arboriza\u00e7\u00e3o que mapeie as ruas e bairros de Porto Alegre&#8221;, argumenta Barcellos.<br \/>\nSegundo ele, a contrata\u00e7\u00e3o de t\u00e9cnicos e jardineiros \u00e9 uma demanda urgente.\u00a0&#8220;O projeto soluciona problemas pontuais, mas n\u00e3o resolve o problema j\u00e1 que muitas pessoas n\u00e3o tem condi\u00e7\u00f5es de contratar o servi\u00e7o de poda ou remo\u00e7\u00e3o.&#8221;<\/p>\n","protected":false},"excerpt":{"rendered":"<p>Felipe Uhr O projeto\u00a0que altera a Lei Complementar n\u00ba 757, de 14 de janeiro de 2015, que trata sobre supress\u00e3o e poda de \u00e1rvores e vegetais em Porto Alegre\u00a0 est\u00e1 em tramita\u00e7\u00e3o na C\u00e2mara de Vereadores. A proposta do vereador Mois\u00e9s Barboza (PSDB), visa reduzir o tempo de espera entre o pedido de poda e [&hellip;]<\/p>\n","protected":false},"author":4,"featured_media":54755,"comment_status":"open","ping_status":"closed","sticky":false,"template":"","format":"standard","meta":{"_jetpack_newsletter_access":"","_jetpack_dont_email_post_to_subs":false,"_jetpack_newsletter_tier_id":0,"_jetpack_memberships_contains_paywalled_content":false,"_jetpack_feature_clip_id":0,"_jetpack_memberships_contains_paid_content":false,"footnotes":"","jetpack_post_was_ever_published":false},"categories":[26],"tags":[],"class_list":["post-54746","post","type-post","status-publish","format-standard","has-post-thumbnail","hentry","category-geral"],"aioseo_notices":[],"aioseo_head":"\n\t\t<!-- All in One SEO 5.0.1.1 - aioseo.com -->\n\t<meta name=\"robots\" content=\"max-image-preview:large\" \/>\n\t<meta name=\"author\" content=\"da Reda\u00e7\u00e3o\"\/>\n\t<link rel=\"canonical\" href=\"https:\/\/www.jornalja.com.br\/arquivo\/vereadores-discutem-projeto-que-permite-cidadao-contratar-servico-de-poda-em-porto-alegre\/\" \/>\n\t<meta name=\"generator\" content=\"All in One SEO (AIOSEO) 5.0.1.1\" \/>\n\t\t<meta property=\"og:locale\" content=\"pt_BR\" \/>\n\t\t<meta property=\"og:site_name\" content=\"Arquivo | Jornal J\u00c1 | Porto Alegre\" \/>\n\t\t<meta property=\"og:type\" content=\"article\" \/>\n\t\t<meta property=\"og:title\" content=\"Vereadores discutem projeto que permite cidad\u00e3o contratar servi\u00e7o de poda em Porto Alegre | Arquivo\" \/>\n\t\t<meta property=\"og:url\" content=\"https:\/\/www.jornalja.com.br\/arquivo\/vereadores-discutem-projeto-que-permite-cidadao-contratar-servico-de-poda-em-porto-alegre\/\" \/>\n\t\t<meta property=\"og:image\" content=\"https:\/\/www.jornalja.com.br\/wp-content\/uploads\/2017\/09\/IMG-20170906-WA0044.jpg\" \/>\n\t\t<meta property=\"og:image:secure_url\" content=\"https:\/\/www.jornalja.com.br\/wp-content\/uploads\/2017\/09\/IMG-20170906-WA0044.jpg\" \/>\n\t\t<meta property=\"article:published_time\" content=\"2017-09-06T14:28:17+00:00\" \/>\n\t\t<meta property=\"article:modified_time\" content=\"2017-09-06T14:28:17+00:00\" \/>\n\t\t<meta name=\"twitter:card\" content=\"summary\" \/>\n\t\t<meta name=\"twitter:title\" content=\"Vereadores discutem projeto que permite cidad\u00e3o contratar servi\u00e7o de poda em Porto Alegre | Arquivo\" \/>\n\t\t<meta name=\"twitter:image\" content=\"https:\/\/www.jornalja.com.br\/economics\/wp-content\/uploads\/sites\/11\/2026\/08\/ja-folhaderosto-facebook.jpg\" \/>\n\t\t<script type=\"application\/ld+json\" class=\"aioseo-schema\">\n\t\t\t{\"@context\":\"https:\\\/\\\/schema.org\",\"@graph\":[{\"@type\":\"BlogPosting\",\"@id\":\"https:\\\/\\\/www.jornalja.com.br\\\/arquivo\\\/vereadores-discutem-projeto-que-permite-cidadao-contratar-servico-de-poda-em-porto-alegre\\\/#blogposting\",\"name\":\"Vereadores discutem projeto que permite cidad\\u00e3o contratar servi\\u00e7o de poda em Porto Alegre | Arquivo\",\"headline\":\"Vereadores discutem projeto que permite cidad\\u00e3o contratar servi\\u00e7o de poda em Porto Alegre\",\"author\":{\"@id\":\"https:\\\/\\\/www.jornalja.com.br\\\/arquivo\\\/author\\\/daredacao\\\/#author\"},\"publisher\":{\"@id\":\"https:\\\/\\\/www.jornalja.com.br\\\/arquivo\\\/#organization\"},\"image\":{\"@type\":\"ImageObject\",\"url\":54755},\"datePublished\":\"2017-09-06T11:28:17-03:00\",\"dateModified\":\"2017-09-06T11:28:17-03:00\",\"inLanguage\":\"pt-BR\",\"commentCount\":1,\"mainEntityOfPage\":{\"@id\":\"https:\\\/\\\/www.jornalja.com.br\\\/arquivo\\\/vereadores-discutem-projeto-que-permite-cidadao-contratar-servico-de-poda-em-porto-alegre\\\/#webpage\"},\"isPartOf\":{\"@id\":\"https:\\\/\\\/www.jornalja.com.br\\\/arquivo\\\/vereadores-discutem-projeto-que-permite-cidadao-contratar-servico-de-poda-em-porto-alegre\\\/#webpage\"},\"articleSection\":\"Geral\"},{\"@type\":\"BreadcrumbList\",\"@id\":\"https:\\\/\\\/www.jornalja.com.br\\\/arquivo\\\/vereadores-discutem-projeto-que-permite-cidadao-contratar-servico-de-poda-em-porto-alegre\\\/#breadcrumblist\",\"itemListElement\":[{\"@type\":\"ListItem\",\"@id\":\"https:\\\/\\\/www.jornalja.com.br\\\/arquivo#listItem\",\"position\":1,\"name\":\"Home\",\"item\":\"https:\\\/\\\/www.jornalja.com.br\\\/arquivo\",\"nextItem\":{\"@type\":\"ListItem\",\"@id\":\"https:\\\/\\\/www.jornalja.com.br\\\/arquivo\\\/category\\\/geral\\\/#listItem\",\"name\":\"Geral\"}},{\"@type\":\"ListItem\",\"@id\":\"https:\\\/\\\/www.jornalja.com.br\\\/arquivo\\\/category\\\/geral\\\/#listItem\",\"position\":2,\"name\":\"Geral\",\"item\":\"https:\\\/\\\/www.jornalja.com.br\\\/arquivo\\\/category\\\/geral\\\/\",\"nextItem\":{\"@type\":\"ListItem\",\"@id\":\"https:\\\/\\\/www.jornalja.com.br\\\/arquivo\\\/vereadores-discutem-projeto-que-permite-cidadao-contratar-servico-de-poda-em-porto-alegre\\\/#listItem\",\"name\":\"Vereadores discutem projeto que permite cidad\\u00e3o contratar servi\\u00e7o de poda em Porto Alegre\"},\"previousItem\":{\"@type\":\"ListItem\",\"@id\":\"https:\\\/\\\/www.jornalja.com.br\\\/arquivo#listItem\",\"name\":\"Home\"}},{\"@type\":\"ListItem\",\"@id\":\"https:\\\/\\\/www.jornalja.com.br\\\/arquivo\\\/vereadores-discutem-projeto-que-permite-cidadao-contratar-servico-de-poda-em-porto-alegre\\\/#listItem\",\"position\":3,\"name\":\"Vereadores discutem projeto que permite cidad\\u00e3o contratar servi\\u00e7o de poda em Porto Alegre\",\"previousItem\":{\"@type\":\"ListItem\",\"@id\":\"https:\\\/\\\/www.jornalja.com.br\\\/arquivo\\\/category\\\/geral\\\/#listItem\",\"name\":\"Geral\"}}]},{\"@type\":\"Organization\",\"@id\":\"https:\\\/\\\/www.jornalja.com.br\\\/arquivo\\\/#organization\",\"name\":\"Jornal J\\u00c1\",\"description\":\"Jornal J\\u00c1 | Porto Alegre\",\"url\":\"https:\\\/\\\/www.jornalja.com.br\\\/arquivo\\\/\",\"telephone\":\"+555133307272\",\"logo\":{\"@type\":\"ImageObject\",\"url\":\"https:\\\/\\\/www.jornalja.com.br\\\/wp-content\\\/uploads\\\/cards\\\/JAslogan.png\",\"@id\":\"https:\\\/\\\/www.jornalja.com.br\\\/arquivo\\\/vereadores-discutem-projeto-que-permite-cidadao-contratar-servico-de-poda-em-porto-alegre\\\/#organizationLogo\"},\"image\":{\"@id\":\"https:\\\/\\\/www.jornalja.com.br\\\/arquivo\\\/vereadores-discutem-projeto-que-permite-cidadao-contratar-servico-de-poda-em-porto-alegre\\\/#organizationLogo\"}},{\"@type\":\"Person\",\"@id\":\"https:\\\/\\\/www.jornalja.com.br\\\/arquivo\\\/author\\\/daredacao\\\/#author\",\"url\":\"https:\\\/\\\/www.jornalja.com.br\\\/arquivo\\\/author\\\/daredacao\\\/\",\"name\":\"da Reda\\u00e7\\u00e3o\",\"image\":{\"@type\":\"ImageObject\",\"@id\":\"https:\\\/\\\/www.jornalja.com.br\\\/arquivo\\\/vereadores-discutem-projeto-que-permite-cidadao-contratar-servico-de-poda-em-porto-alegre\\\/#authorImage\",\"url\":\"https:\\\/\\\/secure.gravatar.com\\\/avatar\\\/469fd857d6605ad19919d27ed29d35a968a25f6e8fd9318356bbb7f57aae9c65?s=96&d=mm&r=g\",\"width\":96,\"height\":96,\"caption\":\"da Reda\\u00e7\\u00e3o\"}},{\"@type\":\"WebPage\",\"@id\":\"https:\\\/\\\/www.jornalja.com.br\\\/arquivo\\\/vereadores-discutem-projeto-que-permite-cidadao-contratar-servico-de-poda-em-porto-alegre\\\/#webpage\",\"url\":\"https:\\\/\\\/www.jornalja.com.br\\\/arquivo\\\/vereadores-discutem-projeto-que-permite-cidadao-contratar-servico-de-poda-em-porto-alegre\\\/\",\"name\":\"Vereadores discutem projeto que permite cidad\\u00e3o contratar servi\\u00e7o de poda em Porto Alegre | Arquivo\",\"inLanguage\":\"pt-BR\",\"isPartOf\":{\"@id\":\"https:\\\/\\\/www.jornalja.com.br\\\/arquivo\\\/#website\"},\"breadcrumb\":{\"@id\":\"https:\\\/\\\/www.jornalja.com.br\\\/arquivo\\\/vereadores-discutem-projeto-que-permite-cidadao-contratar-servico-de-poda-em-porto-alegre\\\/#breadcrumblist\"},\"author\":{\"@id\":\"https:\\\/\\\/www.jornalja.com.br\\\/arquivo\\\/author\\\/daredacao\\\/#author\"},\"creator\":{\"@id\":\"https:\\\/\\\/www.jornalja.com.br\\\/arquivo\\\/author\\\/daredacao\\\/#author\"},\"image\":{\"@type\":\"ImageObject\",\"url\":54755,\"@id\":\"https:\\\/\\\/www.jornalja.com.br\\\/arquivo\\\/vereadores-discutem-projeto-que-permite-cidadao-contratar-servico-de-poda-em-porto-alegre\\\/#mainImage\"},\"primaryImageOfPage\":{\"@id\":\"https:\\\/\\\/www.jornalja.com.br\\\/arquivo\\\/vereadores-discutem-projeto-que-permite-cidadao-contratar-servico-de-poda-em-porto-alegre\\\/#mainImage\"},\"datePublished\":\"2017-09-06T11:28:17-03:00\",\"dateModified\":\"2017-09-06T11:28:17-03:00\"},{\"@type\":\"WebSite\",\"@id\":\"https:\\\/\\\/www.jornalja.com.br\\\/arquivo\\\/#website\",\"url\":\"https:\\\/\\\/www.jornalja.com.br\\\/arquivo\\\/\",\"name\":\"Arquivo\",\"description\":\"Jornal J\\u00c1 | Porto Alegre\",\"inLanguage\":\"pt-BR\",\"publisher\":{\"@id\":\"https:\\\/\\\/www.jornalja.com.br\\\/arquivo\\\/#organization\"}}]}\n\t\t<\/script>\n\t\t<!-- All in One SEO -->\n\n","aioseo_head_json":{"title":"Vereadores discutem projeto que permite cidad\u00e3o contratar servi\u00e7o de poda em Porto Alegre | Arquivo","description":"","canonical_url":"https:\/\/www.jornalja.com.br\/arquivo\/vereadores-discutem-projeto-que-permite-cidadao-contratar-servico-de-poda-em-porto-alegre\/","robots":"max-image-preview:large","keywords":"","webmasterTools":{"miscellaneous":""},"schema":{"@context":"https:\/\/schema.org","@graph":[{"@type":"BlogPosting","@id":"https:\/\/www.jornalja.com.br\/arquivo\/vereadores-discutem-projeto-que-permite-cidadao-contratar-servico-de-poda-em-porto-alegre\/#blogposting","name":"Vereadores discutem projeto que permite cidad\u00e3o contratar servi\u00e7o de poda em Porto Alegre | Arquivo","headline":"Vereadores discutem projeto que permite cidad\u00e3o contratar servi\u00e7o de poda em Porto Alegre","author":{"@id":"https:\/\/www.jornalja.com.br\/arquivo\/author\/daredacao\/#author"},"publisher":{"@id":"https:\/\/www.jornalja.com.br\/arquivo\/#organization"},"image":{"@type":"ImageObject","url":54755},"datePublished":"2017-09-06T11:28:17-03:00","dateModified":"2017-09-06T11:28:17-03:00","inLanguage":"pt-BR","commentCount":1,"mainEntityOfPage":{"@id":"https:\/\/www.jornalja.com.br\/arquivo\/vereadores-discutem-projeto-que-permite-cidadao-contratar-servico-de-poda-em-porto-alegre\/#webpage"},"isPartOf":{"@id":"https:\/\/www.jornalja.com.br\/arquivo\/vereadores-discutem-projeto-que-permite-cidadao-contratar-servico-de-poda-em-porto-alegre\/#webpage"},"articleSection":"Geral"},{"@type":"BreadcrumbList","@id":"https:\/\/www.jornalja.com.br\/arquivo\/vereadores-discutem-projeto-que-permite-cidadao-contratar-servico-de-poda-em-porto-alegre\/#breadcrumblist","itemListElement":[{"@type":"ListItem","@id":"https:\/\/www.jornalja.com.br\/arquivo#listItem","position":1,"name":"Home","item":"https:\/\/www.jornalja.com.br\/arquivo","nextItem":{"@type":"ListItem","@id":"https:\/\/www.jornalja.com.br\/arquivo\/category\/geral\/#listItem","name":"Geral"}},{"@type":"ListItem","@id":"https:\/\/www.jornalja.com.br\/arquivo\/category\/geral\/#listItem","position":2,"name":"Geral","item":"https:\/\/www.jornalja.com.br\/arquivo\/category\/geral\/","nextItem":{"@type":"ListItem","@id":"https:\/\/www.jornalja.com.br\/arquivo\/vereadores-discutem-projeto-que-permite-cidadao-contratar-servico-de-poda-em-porto-alegre\/#listItem","name":"Vereadores discutem projeto que permite cidad\u00e3o contratar servi\u00e7o de poda em Porto Alegre"},"previousItem":{"@type":"ListItem","@id":"https:\/\/www.jornalja.com.br\/arquivo#listItem","name":"Home"}},{"@type":"ListItem","@id":"https:\/\/www.jornalja.com.br\/arquivo\/vereadores-discutem-projeto-que-permite-cidadao-contratar-servico-de-poda-em-porto-alegre\/#listItem","position":3,"name":"Vereadores discutem projeto que permite cidad\u00e3o contratar servi\u00e7o de poda em Porto Alegre","previousItem":{"@type":"ListItem","@id":"https:\/\/www.jornalja.com.br\/arquivo\/category\/geral\/#listItem","name":"Geral"}}]},{"@type":"Organization","@id":"https:\/\/www.jornalja.com.br\/arquivo\/#organization","name":"Jornal J\u00c1","description":"Jornal J\u00c1 | Porto Alegre","url":"https:\/\/www.jornalja.com.br\/arquivo\/","telephone":"+555133307272","logo":{"@type":"ImageObject","url":"https:\/\/www.jornalja.com.br\/wp-content\/uploads\/cards\/JAslogan.png","@id":"https:\/\/www.jornalja.com.br\/arquivo\/vereadores-discutem-projeto-que-permite-cidadao-contratar-servico-de-poda-em-porto-alegre\/#organizationLogo"},"image":{"@id":"https:\/\/www.jornalja.com.br\/arquivo\/vereadores-discutem-projeto-que-permite-cidadao-contratar-servico-de-poda-em-porto-alegre\/#organizationLogo"}},{"@type":"Person","@id":"https:\/\/www.jornalja.com.br\/arquivo\/author\/daredacao\/#author","url":"https:\/\/www.jornalja.com.br\/arquivo\/author\/daredacao\/","name":"da Reda\u00e7\u00e3o","image":{"@type":"ImageObject","@id":"https:\/\/www.jornalja.com.br\/arquivo\/vereadores-discutem-projeto-que-permite-cidadao-contratar-servico-de-poda-em-porto-alegre\/#authorImage","url":"https:\/\/secure.gravatar.com\/avatar\/469fd857d6605ad19919d27ed29d35a968a25f6e8fd9318356bbb7f57aae9c65?s=96&d=mm&r=g","width":96,"height":96,"caption":"da Reda\u00e7\u00e3o"}},{"@type":"WebPage","@id":"https:\/\/www.jornalja.com.br\/arquivo\/vereadores-discutem-projeto-que-permite-cidadao-contratar-servico-de-poda-em-porto-alegre\/#webpage","url":"https:\/\/www.jornalja.com.br\/arquivo\/vereadores-discutem-projeto-que-permite-cidadao-contratar-servico-de-poda-em-porto-alegre\/","name":"Vereadores discutem projeto que permite cidad\u00e3o contratar servi\u00e7o de poda em Porto Alegre | Arquivo","inLanguage":"pt-BR","isPartOf":{"@id":"https:\/\/www.jornalja.com.br\/arquivo\/#website"},"breadcrumb":{"@id":"https:\/\/www.jornalja.com.br\/arquivo\/vereadores-discutem-projeto-que-permite-cidadao-contratar-servico-de-poda-em-porto-alegre\/#breadcrumblist"},"author":{"@id":"https:\/\/www.jornalja.com.br\/arquivo\/author\/daredacao\/#author"},"creator":{"@id":"https:\/\/www.jornalja.com.br\/arquivo\/author\/daredacao\/#author"},"image":{"@type":"ImageObject","url":54755,"@id":"https:\/\/www.jornalja.com.br\/arquivo\/vereadores-discutem-projeto-que-permite-cidadao-contratar-servico-de-poda-em-porto-alegre\/#mainImage"},"primaryImageOfPage":{"@id":"https:\/\/www.jornalja.com.br\/arquivo\/vereadores-discutem-projeto-que-permite-cidadao-contratar-servico-de-poda-em-porto-alegre\/#mainImage"},"datePublished":"2017-09-06T11:28:17-03:00","dateModified":"2017-09-06T11:28:17-03:00"},{"@type":"WebSite","@id":"https:\/\/www.jornalja.com.br\/arquivo\/#website","url":"https:\/\/www.jornalja.com.br\/arquivo\/","name":"Arquivo","description":"Jornal J\u00c1 | Porto Alegre","inLanguage":"pt-BR","publisher":{"@id":"https:\/\/www.jornalja.com.br\/arquivo\/#organization"}}]},"og:locale":"pt_BR","og:site_name":"Arquivo | Jornal J\u00c1 | Porto Alegre","og:type":"article","og:title":"Vereadores discutem projeto que permite cidad\u00e3o contratar servi\u00e7o de poda em Porto Alegre | Arquivo","og:url":"https:\/\/www.jornalja.com.br\/arquivo\/vereadores-discutem-projeto-que-permite-cidadao-contratar-servico-de-poda-em-porto-alegre\/","og:image":"https:\/\/www.jornalja.com.br\/wp-content\/uploads\/2017\/09\/IMG-20170906-WA0044.jpg","og:image:secure_url":"https:\/\/www.jornalja.com.br\/wp-content\/uploads\/2017\/09\/IMG-20170906-WA0044.jpg","article:published_time":"2017-09-06T14:28:17+00:00","article:modified_time":"2017-09-06T14:28:17+00:00","twitter:card":"summary","twitter:title":"Vereadores discutem projeto que permite cidad\u00e3o contratar servi\u00e7o de poda em Porto Alegre | Arquivo","twitter:image":"https:\/\/www.jornalja.com.br\/economics\/wp-content\/uploads\/sites\/11\/2026\/08\/ja-folhaderosto-facebook.jpg"},"aioseo_meta_data":{"post_id":"54746","title":null,"description":null,"keywords":null,"keyphrases":null,"primary_term":null,"canonical_url":null,"og_title":null,"og_description":null,"og_object_type":"default","og_image_type":"default","og_image_url":null,"og_image_width":null,"og_image_height":null,"og_image_custom_url":null,"og_image_custom_fields":null,"og_video":null,"og_custom_url":null,"og_article_section":null,"og_article_tags":null,"twitter_use_og":false,"twitter_card":"default","twitter_image_type":"default","twitter_image_url":null,"twitter_image_custom_url":null,"twitter_image_custom_fields":null,"twitter_title":null,"twitter_description":null,"schema":{"blockGraphs":[],"customGraphs":[],"default":{"data":{"Article":[],"Course":[],"Dataset":[],"FAQPage":[],"Movie":[],"Person":[],"Product":[],"ProductReview":[],"Car":[],"Recipe":[],"Service":[],"SoftwareApplication":[],"WebPage":[]},"graphName":"","isEnabled":true},"graphs":[]},"schema_type":null,"schema_type_options":null,"pillar_content":false,"robots_default":true,"robots_noindex":false,"robots_noarchive":false,"robots_nosnippet":false,"robots_nofollow":false,"robots_noimageindex":false,"robots_noodp":false,"robots_notranslate":false,"robots_max_snippet":null,"robots_max_videopreview":null,"robots_max_imagepreview":"large","priority":null,"frequency":null,"location":null,"local_seo":null,"breadcrumb_settings":null,"limit_modified_date":false,"ai":null,"created":"2020-12-20 20:25:01","updated":"2025-07-20 00:56:37","seo_analyzer_scan_date":null,"focus_keyword":null,"additional_keywords":null,"truseo_locale":null},"jetpack_sharing_enabled":true,"jetpack-related-posts":[{"id":14241,"url":"https:\/\/www.jornalja.com.br\/arquivo\/o-guaiba-nas-imagens-poeticas-de-achutti\/","url_meta":{"origin":54746,"position":0},"title":"O Gua\u00edba nas imagens po\u00e9ticas de Achutti","author":"da Reda\u00e7\u00e3o","date":"18 de junho de 2014","format":false,"excerpt":"Em \u201cO Gua\u00edba por Achutti\u201d \u2013 obra financiada via Minist\u00e9rio da Cultura, produ\u00e7\u00e3o executiva de Pedro Longhi, e Fl\u00e1vio Wild como designer \u2013, o fot\u00f3grafo revela a beleza e as mazelas de um espa\u00e7o aqu\u00e1tico de \u00e1guas sempre renovadas, cheio de hist\u00f3rias e lendas como as das cidades que foram\u2026","rel":"","context":"Em &quot;Cultura-Geral&quot;","block_context":{"text":"Cultura-Geral","link":"https:\/\/www.jornalja.com.br\/arquivo\/category\/materiasecundaria\/"},"img":{"alt_text":"","src":"","width":0,"height":0},"classes":[]},{"id":13124,"url":"https:\/\/www.jornalja.com.br\/arquivo\/sangue-latino-no-iecine\/","url_meta":{"origin":54746,"position":1},"title":"Sangue latino no IECINE","author":"da Reda\u00e7\u00e3o","date":"18 de maio de 2014","format":false,"excerpt":"Francisco Ribeiro O Instituto Estadual de Cinema (IECINE) tem a frente, desde abril \u00faltimo, um novo diretor, o cineasta colombiano Juan Zapata, 36, que substitui Luiz Alberto Cassol. Radicado h\u00e1 dez anos em Porto Alegre, Zapata tem diante de si o desafio de conduzir at\u00e9 o final do ano um\u2026","rel":"","context":"Em &quot;Cultura-Geral&quot;","block_context":{"text":"Cultura-Geral","link":"https:\/\/www.jornalja.com.br\/arquivo\/category\/materiasecundaria\/"},"img":{"alt_text":"","src":"","width":0,"height":0},"classes":[]},{"id":13240,"url":"https:\/\/www.jornalja.com.br\/arquivo\/plano-diretor-estamos-construindo-o-caos\/","url_meta":{"origin":54746,"position":2},"title":"Plano diretor: &quot;Estamos construindo o caos&quot;","author":"Patr\u00edcia Marini","date":"26 de maio de 2014","format":false,"excerpt":"Desabafo que arquiteta Eliana Castilhos, delegada da Regi\u00e3o de Planejamento 1, postou nas redes sociais \u00e9 um testemunho do ambiente que se criou no Conselho do Plano Diretor de Porto Alegre, onde a aprova\u00e7\u00e3o de grandes empreendimentos \u00e9 empurrada guela abaixo dos conselheiros. Ao CMDUA Como delegada da Regi\u00e3o de\u2026","rel":"","context":"Em &quot;Geral&quot;","block_context":{"text":"Geral","link":"https:\/\/www.jornalja.com.br\/arquivo\/category\/geral\/"},"img":{"alt_text":"","src":"","width":0,"height":0},"classes":[]},{"id":5440,"url":"https:\/\/www.jornalja.com.br\/arquivo\/casarao-da-venancio-destino-permanece-incerto\/","url_meta":{"origin":54746,"position":3},"title":"Estado ainda n\u00e3o sabe o que fazer com casar\u00e3o abandonado h\u00e1 20 anos","author":"Elmar Bones","date":"6 de julho de 2009","format":false,"excerpt":"O casar\u00e3o amarelo, numa esquina nobre de Porto Alegre (Ven\u00e2ncio Aires com Jo\u00e3o Pessoa), j\u00e1 abrigou uma escola. H\u00e1 duas d\u00e9cadas, pelo menos, est\u00e1 abandonado, porque seu propriet\u00e1rio, o governo do Estado do Rio Grande do Sul, n\u00e3o consegue achar um destino para ele. Planos n\u00e3o faltaram. O governador Ol\u00edvio\u2026","rel":"","context":"Em &quot;X.Categorias velhas&quot;","block_context":{"text":"X.Categorias velhas","link":"https:\/\/www.jornalja.com.br\/arquivo\/category\/x-categorias-velhas\/"},"img":{"alt_text":"geraldo1","src":"https:\/\/i0.wp.com\/www.jornalja.com.br\/wp-content\/uploads\/2009\/07\/geraldo1.jpg?resize=350%2C200&ssl=1","width":350,"height":200},"classes":[]},{"id":1280,"url":"https:\/\/www.jornalja.com.br\/arquivo\/o-menino-que-se-tornou-brizola\/","url_meta":{"origin":54746,"position":4},"title":"O Menino que se Tornou Brizola","author":"da Reda\u00e7\u00e3o","date":"28 de julho de 2008","format":false,"excerpt":"Autor: Cleber Dioni A vida de Leonel Brizola, com \u00eanfase para os primeiros anos em Porto Alegre, at\u00e9 o ex\u00edlio no Uruguai e a volta, quinze anos depois. \u00a0\"...\u00c9ramos todos jovens e nos identific\u00e1vamos com aquela massa an\u00f4nima a percorrer as ruas de Porto Alegre, gritando 'Get\u00falio', 'Get\u00falio' e empunhando\u2026","rel":"","context":"Em &quot;Livros&quot;","block_context":{"text":"Livros","link":"https:\/\/www.jornalja.com.br\/arquivo\/category\/livros\/"},"img":{"alt_text":"","src":"https:\/\/i0.wp.com\/www.jornalja.com.br\/wp-content\/uploads\/2008\/07\/brizola.gif?resize=350%2C200&ssl=1","width":350,"height":200},"classes":[]},{"id":13128,"url":"https:\/\/www.jornalja.com.br\/arquivo\/maconha-terra-diz-que-uso-medicinal-e-desculpa\/","url_meta":{"origin":54746,"position":5},"title":"Maconha: Terra diz que uso medicinal \u00e9 desculpa","author":"Patr\u00edcia Marini","date":"4 de junho de 2014","format":false,"excerpt":"A condi\u00e7\u00e3o de pol\u00edtico, em \u00e9poca de campanha de campanha eleitoral, tira for\u00e7a do discurso do m\u00e9dico Osmar Terra contra a legaliza\u00e7\u00e3o da maconha. A tese dele de que a libera\u00e7\u00e3o vai ampliar exponencialmente o consumo \u00e9 discutivel, o consumo \u00e9 corrente. Mas seus alertas quanto aos riscos tem que\u2026","rel":"","context":"Em &quot;X.Categorias velhas&quot;","block_context":{"text":"X.Categorias velhas","link":"https:\/\/www.jornalja.com.br\/arquivo\/category\/x-categorias-velhas\/"},"img":{"alt_text":"","src":"","width":0,"height":0},"classes":[]}],"jetpack_shortlink":"https:\/\/wp.me\/pbQjBd-ef0","jetpack_featured_media_url":"","_links":{"self":[{"href":"https:\/\/www.jornalja.com.br\/arquivo\/wp-json\/wp\/v2\/posts\/54746","targetHints":{"allow":["GET"]}}],"collection":[{"href":"https:\/\/www.jornalja.com.br\/arquivo\/wp-json\/wp\/v2\/posts"}],"about":[{"href":"https:\/\/www.jornalja.com.br\/arquivo\/wp-json\/wp\/v2\/types\/post"}],"author":[{"embeddable":true,"href":"https:\/\/www.jornalja.com.br\/arquivo\/wp-json\/wp\/v2\/users\/4"}],"replies":[{"embeddable":true,"href":"https:\/\/www.jornalja.com.br\/arquivo\/wp-json\/wp\/v2\/comments?post=54746"}],"version-history":[{"count":0,"href":"https:\/\/www.jornalja.com.br\/arquivo\/wp-json\/wp\/v2\/posts\/54746\/revisions"}],"wp:attachment":[{"href":"https:\/\/www.jornalja.com.br\/arquivo\/wp-json\/wp\/v2\/media?parent=54746"}],"wp:term":[{"taxonomy":"category","embeddable":true,"href":"https:\/\/www.jornalja.com.br\/arquivo\/wp-json\/wp\/v2\/categories?post=54746"},{"taxonomy":"post_tag","embeddable":true,"href":"https:\/\/www.jornalja.com.br\/arquivo\/wp-json\/wp\/v2\/tags?post=54746"}],"curies":[{"name":"wp","href":"https:\/\/api.w.org\/{rel}","templated":true}]}}