{"id":54779,"date":"2017-09-06T10:11:50","date_gmt":"2017-09-06T13:11:50","guid":{"rendered":"https:\/\/www.jornalja.com.br\/?p=54779"},"modified":"2017-09-06T10:11:50","modified_gmt":"2017-09-06T13:11:50","slug":"dinheiro-achado-em-imovel-que-seria-usado-por-geddel-soma-mais-de-r-51-milhoes","status":"publish","type":"post","link":"https:\/\/www.jornalja.com.br\/arquivo\/dinheiro-achado-em-imovel-que-seria-usado-por-geddel-soma-mais-de-r-51-milhoes\/","title":{"rendered":"Dinheiro achado em im\u00f3vel que seria usado por Geddel soma mais de R$ 51 milh\u00f5es"},"content":{"rendered":"<p>A Pol\u00edcia Federal (PF) concluiu no fim da noite dessa ter\u00e7a-feira (5) a contagem do dinheiro apreendido em um apartamento na Rua Bar\u00e3o de Loreto, no bairro da Gra\u00e7a em Salvador, que, segundo a PF, \u201cseria supostamente, utilizado por Geddel Vieira Lima [ex-ministro] como\u00a0bunkerpara armazenagem de dinheiro em esp\u00e9cie\u201d. Foram contabilizados R$ 42.643.500 e US$ 2.688 milh\u00f5es, totalizando, em reais, R$ 51.030.866,40.<br \/>\nO dinheiro foi encontrado pelos policiais ao cumprir mandado judicial de busca e apreens\u00e3o, emitido pela 10\u00aa Vara Federal de Bras\u00edlia, dentro da Opera\u00e7\u00e3o Tesouro Perdido, desdobramento da Opera\u00e7\u00e3o Cui Bono, cuja primeira fase foi deflagrada pela PF em 13 de janeiro deste ano. Os valores apreendidos ser\u00e3o depositados em conta judicial.<br \/>\nO apartamento pertence, segundo a Justi\u00e7a, a Silvio Silveira, que teria cedido o im\u00f3vel ao ex-ministro, para que guardasse, \u201csupostamente, pertences do pai, falecido em janeiro de 2016&#8243;. Uma den\u00fancia an\u00f4nima, feita por telefone, alertou a pol\u00edcia de que Geddel estaria utilizando o apartamento no bairro da Gra\u00e7a para \u201cguardar caixas com documentos\u201d, o que foi constatado ap\u00f3s consultas realizadas aos moradores do edif\u00edcio.<br \/>\nNo documento autorizando a opera\u00e7\u00e3o, o juiz Vallisney de Souza Oliveira considerou que as pr\u00e1ticas precisam ser investigadas \u201ccom urg\u00eancia\u201d, devido aos fatos relacionados a \u201cvultosos valores, delitos de lavagem de dinheiro, corrup\u00e7\u00e3o, organiza\u00e7\u00e3o criminosa e participa\u00e7\u00e3o de agentes p\u00fablicos influentes e poderosos\u201d. A decis\u00e3o do juiz, autorizando a opera\u00e7\u00e3o, foi assinada na \u00faltima quarta-feira (30).<br \/>\nOpera\u00e7\u00e3o Cui Bono<br \/>\nA Opera\u00e7\u00e3o Cui Bono investigou esquema de fraude na libera\u00e7\u00e3o de cr\u00e9ditos da Caixa Econ\u00f4mica Federal no per\u00edodo entre 2011 e 2013. De acordo com a investiga\u00e7\u00e3o, entre mar\u00e7o de 2011 e dezembro de 2013, a vice-presid\u00eancia de Pessoa Jur\u00eddica da institui\u00e7\u00e3o era ocupada por Geddel Vieira Lima.<br \/>\nA investiga\u00e7\u00e3o da\u00a0 Cui Bono \u2013 express\u00e3o latina que em portugu\u00eas significa \u201ca quem beneficia?\u201d \u2013 \u00e9 um desdobramento da Opera\u00e7\u00e3o Catilin\u00e1rias, deflagrada em dezembro de 2015, no \u00e2mbito da Opera\u00e7\u00e3o Lava Jato, quando policiais federais encontraram um telefone celular na resid\u00eancia do ent\u00e3o presidente da C\u00e2mara dos Deputados, o ex-deputado federal Eduardo Cunha, que revelou intensa troca de mensagens eletr\u00f4nicas entre Cunha e Geddel. A opera\u00e7\u00e3o tinha a finalidade de evitar que provas importantes fossem destru\u00eddas por investigados da Lava Jato.<br \/>\nAtualmente, o ex-ministro Geddel Vieira Lima cumpre pris\u00e3o domiciliar em Salvador.<br \/>\nA\u00e9cio Amado &#8211; Rep\u00f3rter da Ag\u00eancia Brasil<\/p>\n","protected":false},"excerpt":{"rendered":"<p>A Pol\u00edcia Federal (PF) concluiu no fim da noite dessa ter\u00e7a-feira (5) a contagem do dinheiro apreendido em um apartamento na Rua Bar\u00e3o de Loreto, no bairro da Gra\u00e7a em Salvador, que, segundo a PF, \u201cseria supostamente, utilizado por Geddel Vieira Lima [ex-ministro] como\u00a0bunkerpara armazenagem de dinheiro em esp\u00e9cie\u201d. Foram contabilizados R$ 42.643.500 e US$ [&hellip;]<\/p>\n","protected":false},"author":4,"featured_media":54780,"comment_status":"open","ping_status":"closed","sticky":false,"template":"","format":"standard","meta":{"_jetpack_newsletter_access":"","_jetpack_dont_email_post_to_subs":false,"_jetpack_newsletter_tier_id":0,"_jetpack_memberships_contains_paywalled_content":false,"_jetpack_feature_clip_id":0,"_jetpack_memberships_contains_paid_content":false,"footnotes":"","jetpack_post_was_ever_published":false},"categories":[26],"tags":[],"class_list":["post-54779","post","type-post","status-publish","format-standard","has-post-thumbnail","hentry","category-geral"],"aioseo_notices":[],"aioseo_head":"\n\t\t<!-- All in One SEO 5.0.1.1 - aioseo.com -->\n\t<meta name=\"robots\" content=\"max-image-preview:large\" \/>\n\t<meta name=\"author\" content=\"da Reda\u00e7\u00e3o\"\/>\n\t<link rel=\"canonical\" href=\"https:\/\/www.jornalja.com.br\/arquivo\/dinheiro-achado-em-imovel-que-seria-usado-por-geddel-soma-mais-de-r-51-milhoes\/\" \/>\n\t<meta name=\"generator\" content=\"All in One SEO (AIOSEO) 5.0.1.1\" \/>\n\t\t<meta property=\"og:locale\" content=\"pt_BR\" \/>\n\t\t<meta property=\"og:site_name\" content=\"Arquivo | Jornal J\u00c1 | Porto Alegre\" \/>\n\t\t<meta property=\"og:type\" content=\"article\" \/>\n\t\t<meta property=\"og:title\" content=\"Dinheiro achado em im\u00f3vel que seria usado por Geddel soma mais de R$ 51 milh\u00f5es | Arquivo\" \/>\n\t\t<meta property=\"og:url\" content=\"https:\/\/www.jornalja.com.br\/arquivo\/dinheiro-achado-em-imovel-que-seria-usado-por-geddel-soma-mais-de-r-51-milhoes\/\" \/>\n\t\t<meta property=\"og:image\" content=\"https:\/\/www.jornalja.com.br\/economics\/wp-content\/uploads\/sites\/11\/2026\/08\/ja-folhaderosto-facebook.jpg\" \/>\n\t\t<meta property=\"og:image:secure_url\" content=\"https:\/\/www.jornalja.com.br\/economics\/wp-content\/uploads\/sites\/11\/2026\/08\/ja-folhaderosto-facebook.jpg\" \/>\n\t\t<meta property=\"article:published_time\" content=\"2017-09-06T13:11:50+00:00\" \/>\n\t\t<meta property=\"article:modified_time\" content=\"2017-09-06T13:11:50+00:00\" \/>\n\t\t<meta name=\"twitter:card\" content=\"summary\" \/>\n\t\t<meta name=\"twitter:title\" content=\"Dinheiro achado em im\u00f3vel que seria usado por Geddel soma mais de R$ 51 milh\u00f5es | Arquivo\" \/>\n\t\t<meta name=\"twitter:image\" content=\"https:\/\/www.jornalja.com.br\/economics\/wp-content\/uploads\/sites\/11\/2026\/08\/ja-folhaderosto-facebook.jpg\" \/>\n\t\t<script type=\"application\/ld+json\" class=\"aioseo-schema\">\n\t\t\t{\"@context\":\"https:\\\/\\\/schema.org\",\"@graph\":[{\"@type\":\"BlogPosting\",\"@id\":\"https:\\\/\\\/www.jornalja.com.br\\\/arquivo\\\/dinheiro-achado-em-imovel-que-seria-usado-por-geddel-soma-mais-de-r-51-milhoes\\\/#blogposting\",\"name\":\"Dinheiro achado em im\\u00f3vel que seria usado por Geddel soma mais de R$ 51 milh\\u00f5es | Arquivo\",\"headline\":\"Dinheiro achado em im\\u00f3vel que seria usado por Geddel soma mais de R$ 51 milh\\u00f5es\",\"author\":{\"@id\":\"https:\\\/\\\/www.jornalja.com.br\\\/arquivo\\\/author\\\/daredacao\\\/#author\"},\"publisher\":{\"@id\":\"https:\\\/\\\/www.jornalja.com.br\\\/arquivo\\\/#organization\"},\"image\":{\"@type\":\"ImageObject\",\"url\":54780},\"datePublished\":\"2017-09-06T10:11:50-03:00\",\"dateModified\":\"2017-09-06T10:11:50-03:00\",\"inLanguage\":\"pt-BR\",\"mainEntityOfPage\":{\"@id\":\"https:\\\/\\\/www.jornalja.com.br\\\/arquivo\\\/dinheiro-achado-em-imovel-que-seria-usado-por-geddel-soma-mais-de-r-51-milhoes\\\/#webpage\"},\"isPartOf\":{\"@id\":\"https:\\\/\\\/www.jornalja.com.br\\\/arquivo\\\/dinheiro-achado-em-imovel-que-seria-usado-por-geddel-soma-mais-de-r-51-milhoes\\\/#webpage\"},\"articleSection\":\"Geral\"},{\"@type\":\"BreadcrumbList\",\"@id\":\"https:\\\/\\\/www.jornalja.com.br\\\/arquivo\\\/dinheiro-achado-em-imovel-que-seria-usado-por-geddel-soma-mais-de-r-51-milhoes\\\/#breadcrumblist\",\"itemListElement\":[{\"@type\":\"ListItem\",\"@id\":\"https:\\\/\\\/www.jornalja.com.br\\\/arquivo#listItem\",\"position\":1,\"name\":\"Home\",\"item\":\"https:\\\/\\\/www.jornalja.com.br\\\/arquivo\",\"nextItem\":{\"@type\":\"ListItem\",\"@id\":\"https:\\\/\\\/www.jornalja.com.br\\\/arquivo\\\/category\\\/geral\\\/#listItem\",\"name\":\"Geral\"}},{\"@type\":\"ListItem\",\"@id\":\"https:\\\/\\\/www.jornalja.com.br\\\/arquivo\\\/category\\\/geral\\\/#listItem\",\"position\":2,\"name\":\"Geral\",\"item\":\"https:\\\/\\\/www.jornalja.com.br\\\/arquivo\\\/category\\\/geral\\\/\",\"nextItem\":{\"@type\":\"ListItem\",\"@id\":\"https:\\\/\\\/www.jornalja.com.br\\\/arquivo\\\/dinheiro-achado-em-imovel-que-seria-usado-por-geddel-soma-mais-de-r-51-milhoes\\\/#listItem\",\"name\":\"Dinheiro achado em im\\u00f3vel que seria usado por Geddel soma mais de R$ 51 milh\\u00f5es\"},\"previousItem\":{\"@type\":\"ListItem\",\"@id\":\"https:\\\/\\\/www.jornalja.com.br\\\/arquivo#listItem\",\"name\":\"Home\"}},{\"@type\":\"ListItem\",\"@id\":\"https:\\\/\\\/www.jornalja.com.br\\\/arquivo\\\/dinheiro-achado-em-imovel-que-seria-usado-por-geddel-soma-mais-de-r-51-milhoes\\\/#listItem\",\"position\":3,\"name\":\"Dinheiro achado em im\\u00f3vel que seria usado por Geddel soma mais de R$ 51 milh\\u00f5es\",\"previousItem\":{\"@type\":\"ListItem\",\"@id\":\"https:\\\/\\\/www.jornalja.com.br\\\/arquivo\\\/category\\\/geral\\\/#listItem\",\"name\":\"Geral\"}}]},{\"@type\":\"Organization\",\"@id\":\"https:\\\/\\\/www.jornalja.com.br\\\/arquivo\\\/#organization\",\"name\":\"Jornal J\\u00c1\",\"description\":\"Jornal J\\u00c1 | Porto Alegre\",\"url\":\"https:\\\/\\\/www.jornalja.com.br\\\/arquivo\\\/\",\"telephone\":\"+555133307272\",\"logo\":{\"@type\":\"ImageObject\",\"url\":\"https:\\\/\\\/www.jornalja.com.br\\\/wp-content\\\/uploads\\\/cards\\\/JAslogan.png\",\"@id\":\"https:\\\/\\\/www.jornalja.com.br\\\/arquivo\\\/dinheiro-achado-em-imovel-que-seria-usado-por-geddel-soma-mais-de-r-51-milhoes\\\/#organizationLogo\"},\"image\":{\"@id\":\"https:\\\/\\\/www.jornalja.com.br\\\/arquivo\\\/dinheiro-achado-em-imovel-que-seria-usado-por-geddel-soma-mais-de-r-51-milhoes\\\/#organizationLogo\"}},{\"@type\":\"Person\",\"@id\":\"https:\\\/\\\/www.jornalja.com.br\\\/arquivo\\\/author\\\/daredacao\\\/#author\",\"url\":\"https:\\\/\\\/www.jornalja.com.br\\\/arquivo\\\/author\\\/daredacao\\\/\",\"name\":\"da Reda\\u00e7\\u00e3o\",\"image\":{\"@type\":\"ImageObject\",\"@id\":\"https:\\\/\\\/www.jornalja.com.br\\\/arquivo\\\/dinheiro-achado-em-imovel-que-seria-usado-por-geddel-soma-mais-de-r-51-milhoes\\\/#authorImage\",\"url\":\"https:\\\/\\\/secure.gravatar.com\\\/avatar\\\/469fd857d6605ad19919d27ed29d35a968a25f6e8fd9318356bbb7f57aae9c65?s=96&d=mm&r=g\",\"width\":96,\"height\":96,\"caption\":\"da Reda\\u00e7\\u00e3o\"}},{\"@type\":\"WebPage\",\"@id\":\"https:\\\/\\\/www.jornalja.com.br\\\/arquivo\\\/dinheiro-achado-em-imovel-que-seria-usado-por-geddel-soma-mais-de-r-51-milhoes\\\/#webpage\",\"url\":\"https:\\\/\\\/www.jornalja.com.br\\\/arquivo\\\/dinheiro-achado-em-imovel-que-seria-usado-por-geddel-soma-mais-de-r-51-milhoes\\\/\",\"name\":\"Dinheiro achado em im\\u00f3vel que seria usado por Geddel soma mais de R$ 51 milh\\u00f5es | Arquivo\",\"inLanguage\":\"pt-BR\",\"isPartOf\":{\"@id\":\"https:\\\/\\\/www.jornalja.com.br\\\/arquivo\\\/#website\"},\"breadcrumb\":{\"@id\":\"https:\\\/\\\/www.jornalja.com.br\\\/arquivo\\\/dinheiro-achado-em-imovel-que-seria-usado-por-geddel-soma-mais-de-r-51-milhoes\\\/#breadcrumblist\"},\"author\":{\"@id\":\"https:\\\/\\\/www.jornalja.com.br\\\/arquivo\\\/author\\\/daredacao\\\/#author\"},\"creator\":{\"@id\":\"https:\\\/\\\/www.jornalja.com.br\\\/arquivo\\\/author\\\/daredacao\\\/#author\"},\"image\":{\"@type\":\"ImageObject\",\"url\":54780,\"@id\":\"https:\\\/\\\/www.jornalja.com.br\\\/arquivo\\\/dinheiro-achado-em-imovel-que-seria-usado-por-geddel-soma-mais-de-r-51-milhoes\\\/#mainImage\"},\"primaryImageOfPage\":{\"@id\":\"https:\\\/\\\/www.jornalja.com.br\\\/arquivo\\\/dinheiro-achado-em-imovel-que-seria-usado-por-geddel-soma-mais-de-r-51-milhoes\\\/#mainImage\"},\"datePublished\":\"2017-09-06T10:11:50-03:00\",\"dateModified\":\"2017-09-06T10:11:50-03:00\"},{\"@type\":\"WebSite\",\"@id\":\"https:\\\/\\\/www.jornalja.com.br\\\/arquivo\\\/#website\",\"url\":\"https:\\\/\\\/www.jornalja.com.br\\\/arquivo\\\/\",\"name\":\"Arquivo\",\"description\":\"Jornal J\\u00c1 | Porto Alegre\",\"inLanguage\":\"pt-BR\",\"publisher\":{\"@id\":\"https:\\\/\\\/www.jornalja.com.br\\\/arquivo\\\/#organization\"}}]}\n\t\t<\/script>\n\t\t<!-- All in One SEO -->\n\n","aioseo_head_json":{"title":"Dinheiro achado em im\u00f3vel que seria usado por Geddel soma mais de R$ 51 milh\u00f5es | Arquivo","description":"","canonical_url":"https:\/\/www.jornalja.com.br\/arquivo\/dinheiro-achado-em-imovel-que-seria-usado-por-geddel-soma-mais-de-r-51-milhoes\/","robots":"max-image-preview:large","keywords":"","webmasterTools":{"miscellaneous":""},"schema":{"@context":"https:\/\/schema.org","@graph":[{"@type":"BlogPosting","@id":"https:\/\/www.jornalja.com.br\/arquivo\/dinheiro-achado-em-imovel-que-seria-usado-por-geddel-soma-mais-de-r-51-milhoes\/#blogposting","name":"Dinheiro achado em im\u00f3vel que seria usado por Geddel soma mais de R$ 51 milh\u00f5es | Arquivo","headline":"Dinheiro achado em im\u00f3vel que seria usado por Geddel soma mais de R$ 51 milh\u00f5es","author":{"@id":"https:\/\/www.jornalja.com.br\/arquivo\/author\/daredacao\/#author"},"publisher":{"@id":"https:\/\/www.jornalja.com.br\/arquivo\/#organization"},"image":{"@type":"ImageObject","url":54780},"datePublished":"2017-09-06T10:11:50-03:00","dateModified":"2017-09-06T10:11:50-03:00","inLanguage":"pt-BR","mainEntityOfPage":{"@id":"https:\/\/www.jornalja.com.br\/arquivo\/dinheiro-achado-em-imovel-que-seria-usado-por-geddel-soma-mais-de-r-51-milhoes\/#webpage"},"isPartOf":{"@id":"https:\/\/www.jornalja.com.br\/arquivo\/dinheiro-achado-em-imovel-que-seria-usado-por-geddel-soma-mais-de-r-51-milhoes\/#webpage"},"articleSection":"Geral"},{"@type":"BreadcrumbList","@id":"https:\/\/www.jornalja.com.br\/arquivo\/dinheiro-achado-em-imovel-que-seria-usado-por-geddel-soma-mais-de-r-51-milhoes\/#breadcrumblist","itemListElement":[{"@type":"ListItem","@id":"https:\/\/www.jornalja.com.br\/arquivo#listItem","position":1,"name":"Home","item":"https:\/\/www.jornalja.com.br\/arquivo","nextItem":{"@type":"ListItem","@id":"https:\/\/www.jornalja.com.br\/arquivo\/category\/geral\/#listItem","name":"Geral"}},{"@type":"ListItem","@id":"https:\/\/www.jornalja.com.br\/arquivo\/category\/geral\/#listItem","position":2,"name":"Geral","item":"https:\/\/www.jornalja.com.br\/arquivo\/category\/geral\/","nextItem":{"@type":"ListItem","@id":"https:\/\/www.jornalja.com.br\/arquivo\/dinheiro-achado-em-imovel-que-seria-usado-por-geddel-soma-mais-de-r-51-milhoes\/#listItem","name":"Dinheiro achado em im\u00f3vel que seria usado por Geddel soma mais de R$ 51 milh\u00f5es"},"previousItem":{"@type":"ListItem","@id":"https:\/\/www.jornalja.com.br\/arquivo#listItem","name":"Home"}},{"@type":"ListItem","@id":"https:\/\/www.jornalja.com.br\/arquivo\/dinheiro-achado-em-imovel-que-seria-usado-por-geddel-soma-mais-de-r-51-milhoes\/#listItem","position":3,"name":"Dinheiro achado em im\u00f3vel que seria usado por Geddel soma mais de R$ 51 milh\u00f5es","previousItem":{"@type":"ListItem","@id":"https:\/\/www.jornalja.com.br\/arquivo\/category\/geral\/#listItem","name":"Geral"}}]},{"@type":"Organization","@id":"https:\/\/www.jornalja.com.br\/arquivo\/#organization","name":"Jornal J\u00c1","description":"Jornal J\u00c1 | Porto Alegre","url":"https:\/\/www.jornalja.com.br\/arquivo\/","telephone":"+555133307272","logo":{"@type":"ImageObject","url":"https:\/\/www.jornalja.com.br\/wp-content\/uploads\/cards\/JAslogan.png","@id":"https:\/\/www.jornalja.com.br\/arquivo\/dinheiro-achado-em-imovel-que-seria-usado-por-geddel-soma-mais-de-r-51-milhoes\/#organizationLogo"},"image":{"@id":"https:\/\/www.jornalja.com.br\/arquivo\/dinheiro-achado-em-imovel-que-seria-usado-por-geddel-soma-mais-de-r-51-milhoes\/#organizationLogo"}},{"@type":"Person","@id":"https:\/\/www.jornalja.com.br\/arquivo\/author\/daredacao\/#author","url":"https:\/\/www.jornalja.com.br\/arquivo\/author\/daredacao\/","name":"da Reda\u00e7\u00e3o","image":{"@type":"ImageObject","@id":"https:\/\/www.jornalja.com.br\/arquivo\/dinheiro-achado-em-imovel-que-seria-usado-por-geddel-soma-mais-de-r-51-milhoes\/#authorImage","url":"https:\/\/secure.gravatar.com\/avatar\/469fd857d6605ad19919d27ed29d35a968a25f6e8fd9318356bbb7f57aae9c65?s=96&d=mm&r=g","width":96,"height":96,"caption":"da Reda\u00e7\u00e3o"}},{"@type":"WebPage","@id":"https:\/\/www.jornalja.com.br\/arquivo\/dinheiro-achado-em-imovel-que-seria-usado-por-geddel-soma-mais-de-r-51-milhoes\/#webpage","url":"https:\/\/www.jornalja.com.br\/arquivo\/dinheiro-achado-em-imovel-que-seria-usado-por-geddel-soma-mais-de-r-51-milhoes\/","name":"Dinheiro achado em im\u00f3vel que seria usado por Geddel soma mais de R$ 51 milh\u00f5es | Arquivo","inLanguage":"pt-BR","isPartOf":{"@id":"https:\/\/www.jornalja.com.br\/arquivo\/#website"},"breadcrumb":{"@id":"https:\/\/www.jornalja.com.br\/arquivo\/dinheiro-achado-em-imovel-que-seria-usado-por-geddel-soma-mais-de-r-51-milhoes\/#breadcrumblist"},"author":{"@id":"https:\/\/www.jornalja.com.br\/arquivo\/author\/daredacao\/#author"},"creator":{"@id":"https:\/\/www.jornalja.com.br\/arquivo\/author\/daredacao\/#author"},"image":{"@type":"ImageObject","url":54780,"@id":"https:\/\/www.jornalja.com.br\/arquivo\/dinheiro-achado-em-imovel-que-seria-usado-por-geddel-soma-mais-de-r-51-milhoes\/#mainImage"},"primaryImageOfPage":{"@id":"https:\/\/www.jornalja.com.br\/arquivo\/dinheiro-achado-em-imovel-que-seria-usado-por-geddel-soma-mais-de-r-51-milhoes\/#mainImage"},"datePublished":"2017-09-06T10:11:50-03:00","dateModified":"2017-09-06T10:11:50-03:00"},{"@type":"WebSite","@id":"https:\/\/www.jornalja.com.br\/arquivo\/#website","url":"https:\/\/www.jornalja.com.br\/arquivo\/","name":"Arquivo","description":"Jornal J\u00c1 | Porto Alegre","inLanguage":"pt-BR","publisher":{"@id":"https:\/\/www.jornalja.com.br\/arquivo\/#organization"}}]},"og:locale":"pt_BR","og:site_name":"Arquivo | Jornal J\u00c1 | Porto Alegre","og:type":"article","og:title":"Dinheiro achado em im\u00f3vel que seria usado por Geddel soma mais de R$ 51 milh\u00f5es | Arquivo","og:url":"https:\/\/www.jornalja.com.br\/arquivo\/dinheiro-achado-em-imovel-que-seria-usado-por-geddel-soma-mais-de-r-51-milhoes\/","og:image":"https:\/\/www.jornalja.com.br\/economics\/wp-content\/uploads\/sites\/11\/2026\/08\/ja-folhaderosto-facebook.jpg","og:image:secure_url":"https:\/\/www.jornalja.com.br\/economics\/wp-content\/uploads\/sites\/11\/2026\/08\/ja-folhaderosto-facebook.jpg","article:published_time":"2017-09-06T13:11:50+00:00","article:modified_time":"2017-09-06T13:11:50+00:00","twitter:card":"summary","twitter:title":"Dinheiro achado em im\u00f3vel que seria usado por Geddel soma mais de R$ 51 milh\u00f5es | Arquivo","twitter:image":"https:\/\/www.jornalja.com.br\/economics\/wp-content\/uploads\/sites\/11\/2026\/08\/ja-folhaderosto-facebook.jpg"},"aioseo_meta_data":{"post_id":"54779","title":null,"description":null,"keywords":null,"keyphrases":null,"primary_term":null,"canonical_url":null,"og_title":null,"og_description":null,"og_object_type":"default","og_image_type":"default","og_image_url":null,"og_image_width":null,"og_image_height":null,"og_image_custom_url":null,"og_image_custom_fields":null,"og_video":null,"og_custom_url":null,"og_article_section":null,"og_article_tags":null,"twitter_use_og":false,"twitter_card":"default","twitter_image_type":"default","twitter_image_url":null,"twitter_image_custom_url":null,"twitter_image_custom_fields":null,"twitter_title":null,"twitter_description":null,"schema":{"blockGraphs":[],"customGraphs":[],"default":{"data":{"Article":[],"Course":[],"Dataset":[],"FAQPage":[],"Movie":[],"Person":[],"Product":[],"ProductReview":[],"Car":[],"Recipe":[],"Service":[],"SoftwareApplication":[],"WebPage":[]},"graphName":"","isEnabled":true},"graphs":[],"defaultGraph":"","defaultPostTypeGraph":""},"schema_type":null,"schema_type_options":null,"pillar_content":false,"robots_default":true,"robots_noindex":false,"robots_noarchive":false,"robots_nosnippet":false,"robots_nofollow":false,"robots_noimageindex":false,"robots_noodp":false,"robots_notranslate":false,"robots_max_snippet":null,"robots_max_videopreview":null,"robots_max_imagepreview":"large","priority":null,"frequency":null,"location":null,"local_seo":null,"breadcrumb_settings":null,"limit_modified_date":false,"ai":null,"created":"2020-12-20 20:25:01","updated":"2025-07-20 00:56:37","seo_analyzer_scan_date":null,"focus_keyword":null,"additional_keywords":null,"truseo_locale":null},"jetpack_sharing_enabled":true,"jetpack-related-posts":[{"id":5440,"url":"https:\/\/www.jornalja.com.br\/arquivo\/casarao-da-venancio-destino-permanece-incerto\/","url_meta":{"origin":54779,"position":0},"title":"Estado ainda n\u00e3o sabe o que fazer com casar\u00e3o abandonado h\u00e1 20 anos","author":"Elmar Bones","date":"6 de julho de 2009","format":false,"excerpt":"O casar\u00e3o amarelo, numa esquina nobre de Porto Alegre (Ven\u00e2ncio Aires com Jo\u00e3o Pessoa), j\u00e1 abrigou uma escola. H\u00e1 duas d\u00e9cadas, pelo menos, est\u00e1 abandonado, porque seu propriet\u00e1rio, o governo do Estado do Rio Grande do Sul, n\u00e3o consegue achar um destino para ele. Planos n\u00e3o faltaram. O governador Ol\u00edvio\u2026","rel":"","context":"Em &quot;X.Categorias velhas&quot;","block_context":{"text":"X.Categorias velhas","link":"https:\/\/www.jornalja.com.br\/arquivo\/category\/x-categorias-velhas\/"},"img":{"alt_text":"geraldo1","src":"https:\/\/i0.wp.com\/www.jornalja.com.br\/wp-content\/uploads\/2009\/07\/geraldo1.jpg?resize=350%2C200&ssl=1","width":350,"height":200},"classes":[]},{"id":13128,"url":"https:\/\/www.jornalja.com.br\/arquivo\/maconha-terra-diz-que-uso-medicinal-e-desculpa\/","url_meta":{"origin":54779,"position":1},"title":"Maconha: Terra diz que uso medicinal \u00e9 desculpa","author":"Patr\u00edcia Marini","date":"4 de junho de 2014","format":false,"excerpt":"A condi\u00e7\u00e3o de pol\u00edtico, em \u00e9poca de campanha de campanha eleitoral, tira for\u00e7a do discurso do m\u00e9dico Osmar Terra contra a legaliza\u00e7\u00e3o da maconha. A tese dele de que a libera\u00e7\u00e3o vai ampliar exponencialmente o consumo \u00e9 discutivel, o consumo \u00e9 corrente. Mas seus alertas quanto aos riscos tem que\u2026","rel":"","context":"Em &quot;X.Categorias velhas&quot;","block_context":{"text":"X.Categorias velhas","link":"https:\/\/www.jornalja.com.br\/arquivo\/category\/x-categorias-velhas\/"},"img":{"alt_text":"","src":"","width":0,"height":0},"classes":[]},{"id":13109,"url":"https:\/\/www.jornalja.com.br\/arquivo\/judiciario-reconhece-poluicao-eletromagnetica\/","url_meta":{"origin":54779,"position":2},"title":"Judici\u00e1rio reconhece polui\u00e7\u00e3o eletromagn\u00e9tica","author":"Patr\u00edcia Marini","date":"16 de maio de 2014","format":false,"excerpt":"A\u00e7\u00e3o de duas associa\u00e7\u00f5es de moradores foi acolhida pelo Tribunal de Justi\u00e7a de S\u00e3o Paulo que. em decis\u00e3o in\u00e9dita, determinou a redu\u00e7\u00e3o do campo eletromagn\u00e9tico gerado pelas linhas de transmiss\u00e3o de energia que cortam os bairros City Boa\u00e7ava e Alto de Pinheiros. \u00c9 a primeira vez que um tribunal do\u2026","rel":"","context":"Em &quot;X.Categorias velhas&quot;","block_context":{"text":"X.Categorias velhas","link":"https:\/\/www.jornalja.com.br\/arquivo\/category\/x-categorias-velhas\/"},"img":{"alt_text":"","src":"","width":0,"height":0},"classes":[]},{"id":12960,"url":"https:\/\/www.jornalja.com.br\/arquivo\/populacao-culpa-empresas-pela-greve-dos-rodoviarios\/","url_meta":{"origin":54779,"position":3},"title":"Popula\u00e7\u00e3o culpa empresas pela greve","author":"Patr\u00edcia Marini","date":"14 de fevereiro de 2014","format":false,"excerpt":"Pesquisa divulgada na edi\u00e7\u00e3o do jornal Metro desta sexta-feira,14, comprova o velho ditado: \u00e9 poss\u00edvel enganar muitos por algum tempo, mas n\u00e3o \u00e9 poss\u00edvel enganar a todos o tempo inteiro. A principal revela\u00e7\u00e3o foi que 59,8% dos entrevistados apontaram as empresas como as principais respons\u00e1veis pela grave e 46% culparam\u2026","rel":"","context":"Em &quot;X.Categorias velhas&quot;","block_context":{"text":"X.Categorias velhas","link":"https:\/\/www.jornalja.com.br\/arquivo\/category\/x-categorias-velhas\/"},"img":{"alt_text":"","src":"","width":0,"height":0},"classes":[]},{"id":14241,"url":"https:\/\/www.jornalja.com.br\/arquivo\/o-guaiba-nas-imagens-poeticas-de-achutti\/","url_meta":{"origin":54779,"position":4},"title":"O Gua\u00edba nas imagens po\u00e9ticas de Achutti","author":"da Reda\u00e7\u00e3o","date":"18 de junho de 2014","format":false,"excerpt":"Em \u201cO Gua\u00edba por Achutti\u201d \u2013 obra financiada via Minist\u00e9rio da Cultura, produ\u00e7\u00e3o executiva de Pedro Longhi, e Fl\u00e1vio Wild como designer \u2013, o fot\u00f3grafo revela a beleza e as mazelas de um espa\u00e7o aqu\u00e1tico de \u00e1guas sempre renovadas, cheio de hist\u00f3rias e lendas como as das cidades que foram\u2026","rel":"","context":"Em &quot;Cultura-Geral&quot;","block_context":{"text":"Cultura-Geral","link":"https:\/\/www.jornalja.com.br\/arquivo\/category\/materiasecundaria\/"},"img":{"alt_text":"","src":"","width":0,"height":0},"classes":[]},{"id":13124,"url":"https:\/\/www.jornalja.com.br\/arquivo\/sangue-latino-no-iecine\/","url_meta":{"origin":54779,"position":5},"title":"Sangue latino no IECINE","author":"da Reda\u00e7\u00e3o","date":"18 de maio de 2014","format":false,"excerpt":"Francisco Ribeiro O Instituto Estadual de Cinema (IECINE) tem a frente, desde abril \u00faltimo, um novo diretor, o cineasta colombiano Juan Zapata, 36, que substitui Luiz Alberto Cassol. Radicado h\u00e1 dez anos em Porto Alegre, Zapata tem diante de si o desafio de conduzir at\u00e9 o final do ano um\u2026","rel":"","context":"Em &quot;Cultura-Geral&quot;","block_context":{"text":"Cultura-Geral","link":"https:\/\/www.jornalja.com.br\/arquivo\/category\/materiasecundaria\/"},"img":{"alt_text":"","src":"","width":0,"height":0},"classes":[]}],"jetpack_shortlink":"https:\/\/wp.me\/pbQjBd-efx","jetpack_featured_media_url":"","_links":{"self":[{"href":"https:\/\/www.jornalja.com.br\/arquivo\/wp-json\/wp\/v2\/posts\/54779","targetHints":{"allow":["GET"]}}],"collection":[{"href":"https:\/\/www.jornalja.com.br\/arquivo\/wp-json\/wp\/v2\/posts"}],"about":[{"href":"https:\/\/www.jornalja.com.br\/arquivo\/wp-json\/wp\/v2\/types\/post"}],"author":[{"embeddable":true,"href":"https:\/\/www.jornalja.com.br\/arquivo\/wp-json\/wp\/v2\/users\/4"}],"replies":[{"embeddable":true,"href":"https:\/\/www.jornalja.com.br\/arquivo\/wp-json\/wp\/v2\/comments?post=54779"}],"version-history":[{"count":0,"href":"https:\/\/www.jornalja.com.br\/arquivo\/wp-json\/wp\/v2\/posts\/54779\/revisions"}],"wp:attachment":[{"href":"https:\/\/www.jornalja.com.br\/arquivo\/wp-json\/wp\/v2\/media?parent=54779"}],"wp:term":[{"taxonomy":"category","embeddable":true,"href":"https:\/\/www.jornalja.com.br\/arquivo\/wp-json\/wp\/v2\/categories?post=54779"},{"taxonomy":"post_tag","embeddable":true,"href":"https:\/\/www.jornalja.com.br\/arquivo\/wp-json\/wp\/v2\/tags?post=54779"}],"curies":[{"name":"wp","href":"https:\/\/api.w.org\/{rel}","templated":true}]}}