{"id":54798,"date":"2017-09-06T16:58:19","date_gmt":"2017-09-06T19:58:19","guid":{"rendered":"https:\/\/www.jornalja.com.br\/?p=54798"},"modified":"2017-09-06T16:58:19","modified_gmt":"2017-09-06T19:58:19","slug":"projetos-de-sartori-preparam-adesao-do-rs-ao-regime-de-recuperacao-fiscal","status":"publish","type":"post","link":"https:\/\/www.jornalja.com.br\/arquivo\/projetos-de-sartori-preparam-adesao-do-rs-ao-regime-de-recuperacao-fiscal\/","title":{"rendered":"Projetos de Sartori preparam ades\u00e3o do RS ao Regime de Recupera\u00e7\u00e3o Fiscal"},"content":{"rendered":"<p>O l\u00edder do governo Sartori na Assembleia Legislativa, deputado Gabriel Souza (PMDB) concedeu coletiva de imprensa na tarde desta quarta-feira para esclarecer dois projetos enviados recentemente pelo governador Jos\u00e9 Ivo Sartori ao legislativo ga\u00facho. Eles devem servir de term\u00f4metro de uma leva de projetos que ser\u00e3o apreciados pela AL\/RS e que preparam o ingresso do Estado ao\u00a0Regime de Recupera\u00e7\u00e3o Fiscal (RRF) proposto pelo Governo Federal.<br \/>\nAinda sem detalhes, Souza adiantou que as privatiza\u00e7\u00f5es devem ser o principal elemento no pacote. &#8220;Me parece claro que n\u00e3o h\u00e1 condi\u00e7\u00e3o de atingir o equil\u00edbrio fiscal sem a privatiza\u00e7\u00e3o de alguma estatal&#8221;, afirmou o l\u00edder do Governo.<br \/>\nA\u00a0Lei Complementar 159, aprovada em maio Congresso Nacional, vale para os estados que est\u00e3o com grave situa\u00e7\u00e3o fiscal, d\u00edvida maior que a receita e caixa dispon\u00edvel menor que as despesas ou com mais de 70% do or\u00e7amento comprometidos com gasto de pessoal e servi\u00e7o da d\u00edvida. O Rio foi o primeiro a assinar o Regime de Recupera\u00e7\u00e3o nesta semana.<br \/>\nO Estado que quiser aderir ao Plano, caso do Rio Grande do Sul, deve apresentar medidas como\u00a0eleva\u00e7\u00e3o de contribui\u00e7\u00e3o \u00e0 Previd\u00eancia, redu\u00e7\u00e3o de incentivos tribut\u00e1rios e privatiza\u00e7\u00f5es.<br \/>\nO deputado ainda ressaltou que o ingresso no plano de recupera\u00e7\u00e3o foi a solu\u00e7\u00e3o encontrada pelo governo para equilibrar suas contas e voltar a pagar sua folha de pagamento em dia.<br \/>\nNesta semana o governo enviou ao legislativo dois projetos, referentes a renegocia\u00e7\u00e3o de opera\u00e7\u00f5es de cr\u00e9ditos firmados com o Banco Nacional de Desenvolvimento Econ\u00f4mico e Social (BNDES) e contratos de refinanciamento de d\u00edvidas com a Uni\u00e3o.<br \/>\nO PL 174\/2017 prev\u00ea a renegocia\u00e7\u00e3o das opera\u00e7\u00f5es de cr\u00e9dito do governo junto ao BNDES. Os valores referentes ao Programa Especial de Financiamento \u2013 PEF I, PEF II e Proinveste, com saldo atual de R$ 44 milh\u00f5es, R$ 74 mi e R$ 702 milh\u00f5es, respectivamente, ter\u00e3o prazo de pagamento de mais dez anos, dos quais quatro de car\u00eancia total.<br \/>\nE o O PL 175\/2017 estende em mais 20 anos, at\u00e9 2048, o prazo de pagamento da d\u00edvida do Estado com a Uni\u00e3o.<br \/>\n&nbsp;<\/p>\n","protected":false},"excerpt":{"rendered":"<p>O l\u00edder do governo Sartori na Assembleia Legislativa, deputado Gabriel Souza (PMDB) concedeu coletiva de imprensa na tarde desta quarta-feira para esclarecer dois projetos enviados recentemente pelo governador Jos\u00e9 Ivo Sartori ao legislativo ga\u00facho. Eles devem servir de term\u00f4metro de uma leva de projetos que ser\u00e3o apreciados pela AL\/RS e que preparam o ingresso do [&hellip;]<\/p>\n","protected":false},"author":4,"featured_media":54801,"comment_status":"open","ping_status":"closed","sticky":false,"template":"","format":"standard","meta":{"_jetpack_newsletter_access":"","_jetpack_dont_email_post_to_subs":false,"_jetpack_newsletter_tier_id":0,"_jetpack_memberships_contains_paywalled_content":false,"_jetpack_feature_clip_id":0,"_jetpack_memberships_contains_paid_content":false,"footnotes":"","jetpack_post_was_ever_published":false},"categories":[26],"tags":[],"class_list":["post-54798","post","type-post","status-publish","format-standard","has-post-thumbnail","hentry","category-geral"],"aioseo_notices":[],"aioseo_head":"\n\t\t<!-- All in One SEO 5.0.1.1 - aioseo.com -->\n\t<meta name=\"robots\" content=\"max-image-preview:large\" \/>\n\t<meta name=\"author\" content=\"da Reda\u00e7\u00e3o\"\/>\n\t<link rel=\"canonical\" href=\"https:\/\/www.jornalja.com.br\/arquivo\/projetos-de-sartori-preparam-adesao-do-rs-ao-regime-de-recuperacao-fiscal\/\" \/>\n\t<meta name=\"generator\" content=\"All in One SEO (AIOSEO) 5.0.1.1\" \/>\n\t\t<meta property=\"og:locale\" content=\"pt_BR\" \/>\n\t\t<meta property=\"og:site_name\" content=\"Arquivo | Jornal J\u00c1 | Porto Alegre\" \/>\n\t\t<meta property=\"og:type\" content=\"article\" \/>\n\t\t<meta property=\"og:title\" content=\"Projetos de Sartori preparam ades\u00e3o do RS ao Regime de Recupera\u00e7\u00e3o Fiscal | Arquivo\" \/>\n\t\t<meta property=\"og:url\" content=\"https:\/\/www.jornalja.com.br\/arquivo\/projetos-de-sartori-preparam-adesao-do-rs-ao-regime-de-recuperacao-fiscal\/\" \/>\n\t\t<meta property=\"og:image\" content=\"https:\/\/www.jornalja.com.br\/economics\/wp-content\/uploads\/sites\/11\/2026\/08\/ja-folhaderosto-facebook.jpg\" \/>\n\t\t<meta property=\"og:image:secure_url\" content=\"https:\/\/www.jornalja.com.br\/economics\/wp-content\/uploads\/sites\/11\/2026\/08\/ja-folhaderosto-facebook.jpg\" \/>\n\t\t<meta property=\"article:published_time\" content=\"2017-09-06T19:58:19+00:00\" \/>\n\t\t<meta property=\"article:modified_time\" content=\"2017-09-06T19:58:19+00:00\" \/>\n\t\t<meta name=\"twitter:card\" content=\"summary\" \/>\n\t\t<meta name=\"twitter:title\" content=\"Projetos de Sartori preparam ades\u00e3o do RS ao Regime de Recupera\u00e7\u00e3o Fiscal | Arquivo\" \/>\n\t\t<meta name=\"twitter:image\" content=\"https:\/\/www.jornalja.com.br\/economics\/wp-content\/uploads\/sites\/11\/2026\/08\/ja-folhaderosto-facebook.jpg\" \/>\n\t\t<script type=\"application\/ld+json\" class=\"aioseo-schema\">\n\t\t\t{\"@context\":\"https:\\\/\\\/schema.org\",\"@graph\":[{\"@type\":\"BlogPosting\",\"@id\":\"https:\\\/\\\/www.jornalja.com.br\\\/arquivo\\\/projetos-de-sartori-preparam-adesao-do-rs-ao-regime-de-recuperacao-fiscal\\\/#blogposting\",\"name\":\"Projetos de Sartori preparam ades\\u00e3o do RS ao Regime de Recupera\\u00e7\\u00e3o Fiscal | Arquivo\",\"headline\":\"Projetos de Sartori preparam ades\\u00e3o do RS ao Regime de Recupera\\u00e7\\u00e3o Fiscal\",\"author\":{\"@id\":\"https:\\\/\\\/www.jornalja.com.br\\\/arquivo\\\/author\\\/daredacao\\\/#author\"},\"publisher\":{\"@id\":\"https:\\\/\\\/www.jornalja.com.br\\\/arquivo\\\/#organization\"},\"image\":{\"@type\":\"ImageObject\",\"url\":54801},\"datePublished\":\"2017-09-06T16:58:19-03:00\",\"dateModified\":\"2017-09-06T16:58:19-03:00\",\"inLanguage\":\"pt-BR\",\"mainEntityOfPage\":{\"@id\":\"https:\\\/\\\/www.jornalja.com.br\\\/arquivo\\\/projetos-de-sartori-preparam-adesao-do-rs-ao-regime-de-recuperacao-fiscal\\\/#webpage\"},\"isPartOf\":{\"@id\":\"https:\\\/\\\/www.jornalja.com.br\\\/arquivo\\\/projetos-de-sartori-preparam-adesao-do-rs-ao-regime-de-recuperacao-fiscal\\\/#webpage\"},\"articleSection\":\"Geral\"},{\"@type\":\"BreadcrumbList\",\"@id\":\"https:\\\/\\\/www.jornalja.com.br\\\/arquivo\\\/projetos-de-sartori-preparam-adesao-do-rs-ao-regime-de-recuperacao-fiscal\\\/#breadcrumblist\",\"itemListElement\":[{\"@type\":\"ListItem\",\"@id\":\"https:\\\/\\\/www.jornalja.com.br\\\/arquivo#listItem\",\"position\":1,\"name\":\"Home\",\"item\":\"https:\\\/\\\/www.jornalja.com.br\\\/arquivo\",\"nextItem\":{\"@type\":\"ListItem\",\"@id\":\"https:\\\/\\\/www.jornalja.com.br\\\/arquivo\\\/category\\\/geral\\\/#listItem\",\"name\":\"Geral\"}},{\"@type\":\"ListItem\",\"@id\":\"https:\\\/\\\/www.jornalja.com.br\\\/arquivo\\\/category\\\/geral\\\/#listItem\",\"position\":2,\"name\":\"Geral\",\"item\":\"https:\\\/\\\/www.jornalja.com.br\\\/arquivo\\\/category\\\/geral\\\/\",\"nextItem\":{\"@type\":\"ListItem\",\"@id\":\"https:\\\/\\\/www.jornalja.com.br\\\/arquivo\\\/projetos-de-sartori-preparam-adesao-do-rs-ao-regime-de-recuperacao-fiscal\\\/#listItem\",\"name\":\"Projetos de Sartori preparam ades\\u00e3o do RS ao Regime de Recupera\\u00e7\\u00e3o Fiscal\"},\"previousItem\":{\"@type\":\"ListItem\",\"@id\":\"https:\\\/\\\/www.jornalja.com.br\\\/arquivo#listItem\",\"name\":\"Home\"}},{\"@type\":\"ListItem\",\"@id\":\"https:\\\/\\\/www.jornalja.com.br\\\/arquivo\\\/projetos-de-sartori-preparam-adesao-do-rs-ao-regime-de-recuperacao-fiscal\\\/#listItem\",\"position\":3,\"name\":\"Projetos de Sartori preparam ades\\u00e3o do RS ao Regime de Recupera\\u00e7\\u00e3o Fiscal\",\"previousItem\":{\"@type\":\"ListItem\",\"@id\":\"https:\\\/\\\/www.jornalja.com.br\\\/arquivo\\\/category\\\/geral\\\/#listItem\",\"name\":\"Geral\"}}]},{\"@type\":\"Organization\",\"@id\":\"https:\\\/\\\/www.jornalja.com.br\\\/arquivo\\\/#organization\",\"name\":\"Jornal J\\u00c1\",\"description\":\"Jornal J\\u00c1 | Porto Alegre\",\"url\":\"https:\\\/\\\/www.jornalja.com.br\\\/arquivo\\\/\",\"telephone\":\"+555133307272\",\"logo\":{\"@type\":\"ImageObject\",\"url\":\"https:\\\/\\\/www.jornalja.com.br\\\/wp-content\\\/uploads\\\/cards\\\/JAslogan.png\",\"@id\":\"https:\\\/\\\/www.jornalja.com.br\\\/arquivo\\\/projetos-de-sartori-preparam-adesao-do-rs-ao-regime-de-recuperacao-fiscal\\\/#organizationLogo\"},\"image\":{\"@id\":\"https:\\\/\\\/www.jornalja.com.br\\\/arquivo\\\/projetos-de-sartori-preparam-adesao-do-rs-ao-regime-de-recuperacao-fiscal\\\/#organizationLogo\"}},{\"@type\":\"Person\",\"@id\":\"https:\\\/\\\/www.jornalja.com.br\\\/arquivo\\\/author\\\/daredacao\\\/#author\",\"url\":\"https:\\\/\\\/www.jornalja.com.br\\\/arquivo\\\/author\\\/daredacao\\\/\",\"name\":\"da Reda\\u00e7\\u00e3o\",\"image\":{\"@type\":\"ImageObject\",\"@id\":\"https:\\\/\\\/www.jornalja.com.br\\\/arquivo\\\/projetos-de-sartori-preparam-adesao-do-rs-ao-regime-de-recuperacao-fiscal\\\/#authorImage\",\"url\":\"https:\\\/\\\/secure.gravatar.com\\\/avatar\\\/469fd857d6605ad19919d27ed29d35a968a25f6e8fd9318356bbb7f57aae9c65?s=96&d=mm&r=g\",\"width\":96,\"height\":96,\"caption\":\"da Reda\\u00e7\\u00e3o\"}},{\"@type\":\"WebPage\",\"@id\":\"https:\\\/\\\/www.jornalja.com.br\\\/arquivo\\\/projetos-de-sartori-preparam-adesao-do-rs-ao-regime-de-recuperacao-fiscal\\\/#webpage\",\"url\":\"https:\\\/\\\/www.jornalja.com.br\\\/arquivo\\\/projetos-de-sartori-preparam-adesao-do-rs-ao-regime-de-recuperacao-fiscal\\\/\",\"name\":\"Projetos de Sartori preparam ades\\u00e3o do RS ao Regime de Recupera\\u00e7\\u00e3o Fiscal | Arquivo\",\"inLanguage\":\"pt-BR\",\"isPartOf\":{\"@id\":\"https:\\\/\\\/www.jornalja.com.br\\\/arquivo\\\/#website\"},\"breadcrumb\":{\"@id\":\"https:\\\/\\\/www.jornalja.com.br\\\/arquivo\\\/projetos-de-sartori-preparam-adesao-do-rs-ao-regime-de-recuperacao-fiscal\\\/#breadcrumblist\"},\"author\":{\"@id\":\"https:\\\/\\\/www.jornalja.com.br\\\/arquivo\\\/author\\\/daredacao\\\/#author\"},\"creator\":{\"@id\":\"https:\\\/\\\/www.jornalja.com.br\\\/arquivo\\\/author\\\/daredacao\\\/#author\"},\"image\":{\"@type\":\"ImageObject\",\"url\":54801,\"@id\":\"https:\\\/\\\/www.jornalja.com.br\\\/arquivo\\\/projetos-de-sartori-preparam-adesao-do-rs-ao-regime-de-recuperacao-fiscal\\\/#mainImage\"},\"primaryImageOfPage\":{\"@id\":\"https:\\\/\\\/www.jornalja.com.br\\\/arquivo\\\/projetos-de-sartori-preparam-adesao-do-rs-ao-regime-de-recuperacao-fiscal\\\/#mainImage\"},\"datePublished\":\"2017-09-06T16:58:19-03:00\",\"dateModified\":\"2017-09-06T16:58:19-03:00\"},{\"@type\":\"WebSite\",\"@id\":\"https:\\\/\\\/www.jornalja.com.br\\\/arquivo\\\/#website\",\"url\":\"https:\\\/\\\/www.jornalja.com.br\\\/arquivo\\\/\",\"name\":\"Arquivo\",\"description\":\"Jornal J\\u00c1 | Porto Alegre\",\"inLanguage\":\"pt-BR\",\"publisher\":{\"@id\":\"https:\\\/\\\/www.jornalja.com.br\\\/arquivo\\\/#organization\"}}]}\n\t\t<\/script>\n\t\t<!-- All in One SEO -->\n\n","aioseo_head_json":{"title":"Projetos de Sartori preparam ades\u00e3o do RS ao Regime de Recupera\u00e7\u00e3o Fiscal | Arquivo","description":"","canonical_url":"https:\/\/www.jornalja.com.br\/arquivo\/projetos-de-sartori-preparam-adesao-do-rs-ao-regime-de-recuperacao-fiscal\/","robots":"max-image-preview:large","keywords":"","webmasterTools":{"miscellaneous":""},"schema":{"@context":"https:\/\/schema.org","@graph":[{"@type":"BlogPosting","@id":"https:\/\/www.jornalja.com.br\/arquivo\/projetos-de-sartori-preparam-adesao-do-rs-ao-regime-de-recuperacao-fiscal\/#blogposting","name":"Projetos de Sartori preparam ades\u00e3o do RS ao Regime de Recupera\u00e7\u00e3o Fiscal | Arquivo","headline":"Projetos de Sartori preparam ades\u00e3o do RS ao Regime de Recupera\u00e7\u00e3o Fiscal","author":{"@id":"https:\/\/www.jornalja.com.br\/arquivo\/author\/daredacao\/#author"},"publisher":{"@id":"https:\/\/www.jornalja.com.br\/arquivo\/#organization"},"image":{"@type":"ImageObject","url":54801},"datePublished":"2017-09-06T16:58:19-03:00","dateModified":"2017-09-06T16:58:19-03:00","inLanguage":"pt-BR","mainEntityOfPage":{"@id":"https:\/\/www.jornalja.com.br\/arquivo\/projetos-de-sartori-preparam-adesao-do-rs-ao-regime-de-recuperacao-fiscal\/#webpage"},"isPartOf":{"@id":"https:\/\/www.jornalja.com.br\/arquivo\/projetos-de-sartori-preparam-adesao-do-rs-ao-regime-de-recuperacao-fiscal\/#webpage"},"articleSection":"Geral"},{"@type":"BreadcrumbList","@id":"https:\/\/www.jornalja.com.br\/arquivo\/projetos-de-sartori-preparam-adesao-do-rs-ao-regime-de-recuperacao-fiscal\/#breadcrumblist","itemListElement":[{"@type":"ListItem","@id":"https:\/\/www.jornalja.com.br\/arquivo#listItem","position":1,"name":"Home","item":"https:\/\/www.jornalja.com.br\/arquivo","nextItem":{"@type":"ListItem","@id":"https:\/\/www.jornalja.com.br\/arquivo\/category\/geral\/#listItem","name":"Geral"}},{"@type":"ListItem","@id":"https:\/\/www.jornalja.com.br\/arquivo\/category\/geral\/#listItem","position":2,"name":"Geral","item":"https:\/\/www.jornalja.com.br\/arquivo\/category\/geral\/","nextItem":{"@type":"ListItem","@id":"https:\/\/www.jornalja.com.br\/arquivo\/projetos-de-sartori-preparam-adesao-do-rs-ao-regime-de-recuperacao-fiscal\/#listItem","name":"Projetos de Sartori preparam ades\u00e3o do RS ao Regime de Recupera\u00e7\u00e3o Fiscal"},"previousItem":{"@type":"ListItem","@id":"https:\/\/www.jornalja.com.br\/arquivo#listItem","name":"Home"}},{"@type":"ListItem","@id":"https:\/\/www.jornalja.com.br\/arquivo\/projetos-de-sartori-preparam-adesao-do-rs-ao-regime-de-recuperacao-fiscal\/#listItem","position":3,"name":"Projetos de Sartori preparam ades\u00e3o do RS ao Regime de Recupera\u00e7\u00e3o Fiscal","previousItem":{"@type":"ListItem","@id":"https:\/\/www.jornalja.com.br\/arquivo\/category\/geral\/#listItem","name":"Geral"}}]},{"@type":"Organization","@id":"https:\/\/www.jornalja.com.br\/arquivo\/#organization","name":"Jornal J\u00c1","description":"Jornal J\u00c1 | Porto Alegre","url":"https:\/\/www.jornalja.com.br\/arquivo\/","telephone":"+555133307272","logo":{"@type":"ImageObject","url":"https:\/\/www.jornalja.com.br\/wp-content\/uploads\/cards\/JAslogan.png","@id":"https:\/\/www.jornalja.com.br\/arquivo\/projetos-de-sartori-preparam-adesao-do-rs-ao-regime-de-recuperacao-fiscal\/#organizationLogo"},"image":{"@id":"https:\/\/www.jornalja.com.br\/arquivo\/projetos-de-sartori-preparam-adesao-do-rs-ao-regime-de-recuperacao-fiscal\/#organizationLogo"}},{"@type":"Person","@id":"https:\/\/www.jornalja.com.br\/arquivo\/author\/daredacao\/#author","url":"https:\/\/www.jornalja.com.br\/arquivo\/author\/daredacao\/","name":"da Reda\u00e7\u00e3o","image":{"@type":"ImageObject","@id":"https:\/\/www.jornalja.com.br\/arquivo\/projetos-de-sartori-preparam-adesao-do-rs-ao-regime-de-recuperacao-fiscal\/#authorImage","url":"https:\/\/secure.gravatar.com\/avatar\/469fd857d6605ad19919d27ed29d35a968a25f6e8fd9318356bbb7f57aae9c65?s=96&d=mm&r=g","width":96,"height":96,"caption":"da Reda\u00e7\u00e3o"}},{"@type":"WebPage","@id":"https:\/\/www.jornalja.com.br\/arquivo\/projetos-de-sartori-preparam-adesao-do-rs-ao-regime-de-recuperacao-fiscal\/#webpage","url":"https:\/\/www.jornalja.com.br\/arquivo\/projetos-de-sartori-preparam-adesao-do-rs-ao-regime-de-recuperacao-fiscal\/","name":"Projetos de Sartori preparam ades\u00e3o do RS ao Regime de Recupera\u00e7\u00e3o Fiscal | Arquivo","inLanguage":"pt-BR","isPartOf":{"@id":"https:\/\/www.jornalja.com.br\/arquivo\/#website"},"breadcrumb":{"@id":"https:\/\/www.jornalja.com.br\/arquivo\/projetos-de-sartori-preparam-adesao-do-rs-ao-regime-de-recuperacao-fiscal\/#breadcrumblist"},"author":{"@id":"https:\/\/www.jornalja.com.br\/arquivo\/author\/daredacao\/#author"},"creator":{"@id":"https:\/\/www.jornalja.com.br\/arquivo\/author\/daredacao\/#author"},"image":{"@type":"ImageObject","url":54801,"@id":"https:\/\/www.jornalja.com.br\/arquivo\/projetos-de-sartori-preparam-adesao-do-rs-ao-regime-de-recuperacao-fiscal\/#mainImage"},"primaryImageOfPage":{"@id":"https:\/\/www.jornalja.com.br\/arquivo\/projetos-de-sartori-preparam-adesao-do-rs-ao-regime-de-recuperacao-fiscal\/#mainImage"},"datePublished":"2017-09-06T16:58:19-03:00","dateModified":"2017-09-06T16:58:19-03:00"},{"@type":"WebSite","@id":"https:\/\/www.jornalja.com.br\/arquivo\/#website","url":"https:\/\/www.jornalja.com.br\/arquivo\/","name":"Arquivo","description":"Jornal J\u00c1 | Porto Alegre","inLanguage":"pt-BR","publisher":{"@id":"https:\/\/www.jornalja.com.br\/arquivo\/#organization"}}]},"og:locale":"pt_BR","og:site_name":"Arquivo | Jornal J\u00c1 | Porto Alegre","og:type":"article","og:title":"Projetos de Sartori preparam ades\u00e3o do RS ao Regime de Recupera\u00e7\u00e3o Fiscal | Arquivo","og:url":"https:\/\/www.jornalja.com.br\/arquivo\/projetos-de-sartori-preparam-adesao-do-rs-ao-regime-de-recuperacao-fiscal\/","og:image":"https:\/\/www.jornalja.com.br\/economics\/wp-content\/uploads\/sites\/11\/2026\/08\/ja-folhaderosto-facebook.jpg","og:image:secure_url":"https:\/\/www.jornalja.com.br\/economics\/wp-content\/uploads\/sites\/11\/2026\/08\/ja-folhaderosto-facebook.jpg","article:published_time":"2017-09-06T19:58:19+00:00","article:modified_time":"2017-09-06T19:58:19+00:00","twitter:card":"summary","twitter:title":"Projetos de Sartori preparam ades\u00e3o do RS ao Regime de Recupera\u00e7\u00e3o Fiscal | Arquivo","twitter:image":"https:\/\/www.jornalja.com.br\/economics\/wp-content\/uploads\/sites\/11\/2026\/08\/ja-folhaderosto-facebook.jpg"},"aioseo_meta_data":{"post_id":"54798","title":null,"description":null,"keywords":null,"keyphrases":null,"primary_term":null,"canonical_url":null,"og_title":null,"og_description":null,"og_object_type":"default","og_image_type":"default","og_image_url":null,"og_image_width":null,"og_image_height":null,"og_image_custom_url":null,"og_image_custom_fields":null,"og_video":null,"og_custom_url":null,"og_article_section":null,"og_article_tags":null,"twitter_use_og":false,"twitter_card":"default","twitter_image_type":"default","twitter_image_url":null,"twitter_image_custom_url":null,"twitter_image_custom_fields":null,"twitter_title":null,"twitter_description":null,"schema":{"blockGraphs":[],"customGraphs":[],"default":{"data":{"Article":[],"Course":[],"Dataset":[],"FAQPage":[],"Movie":[],"Person":[],"Product":[],"ProductReview":[],"Car":[],"Recipe":[],"Service":[],"SoftwareApplication":[],"WebPage":[]},"graphName":"","isEnabled":true},"graphs":[],"defaultGraph":"","defaultPostTypeGraph":""},"schema_type":null,"schema_type_options":null,"pillar_content":false,"robots_default":true,"robots_noindex":false,"robots_noarchive":false,"robots_nosnippet":false,"robots_nofollow":false,"robots_noimageindex":false,"robots_noodp":false,"robots_notranslate":false,"robots_max_snippet":null,"robots_max_videopreview":null,"robots_max_imagepreview":"large","priority":null,"frequency":null,"location":null,"local_seo":null,"breadcrumb_settings":null,"limit_modified_date":false,"ai":null,"created":"2020-12-20 20:25:01","updated":"2025-07-20 00:56:37","seo_analyzer_scan_date":null,"focus_keyword":null,"additional_keywords":null,"truseo_locale":null},"jetpack_sharing_enabled":true,"jetpack-related-posts":[{"id":13128,"url":"https:\/\/www.jornalja.com.br\/arquivo\/maconha-terra-diz-que-uso-medicinal-e-desculpa\/","url_meta":{"origin":54798,"position":0},"title":"Maconha: Terra diz que uso medicinal \u00e9 desculpa","author":"Patr\u00edcia Marini","date":"4 de junho de 2014","format":false,"excerpt":"A condi\u00e7\u00e3o de pol\u00edtico, em \u00e9poca de campanha de campanha eleitoral, tira for\u00e7a do discurso do m\u00e9dico Osmar Terra contra a legaliza\u00e7\u00e3o da maconha. A tese dele de que a libera\u00e7\u00e3o vai ampliar exponencialmente o consumo \u00e9 discutivel, o consumo \u00e9 corrente. Mas seus alertas quanto aos riscos tem que\u2026","rel":"","context":"Em &quot;X.Categorias velhas&quot;","block_context":{"text":"X.Categorias velhas","link":"https:\/\/www.jornalja.com.br\/arquivo\/category\/x-categorias-velhas\/"},"img":{"alt_text":"","src":"","width":0,"height":0},"classes":[]},{"id":13240,"url":"https:\/\/www.jornalja.com.br\/arquivo\/plano-diretor-estamos-construindo-o-caos\/","url_meta":{"origin":54798,"position":1},"title":"Plano diretor: &quot;Estamos construindo o caos&quot;","author":"Patr\u00edcia Marini","date":"26 de maio de 2014","format":false,"excerpt":"Desabafo que arquiteta Eliana Castilhos, delegada da Regi\u00e3o de Planejamento 1, postou nas redes sociais \u00e9 um testemunho do ambiente que se criou no Conselho do Plano Diretor de Porto Alegre, onde a aprova\u00e7\u00e3o de grandes empreendimentos \u00e9 empurrada guela abaixo dos conselheiros. Ao CMDUA Como delegada da Regi\u00e3o de\u2026","rel":"","context":"Em &quot;Geral&quot;","block_context":{"text":"Geral","link":"https:\/\/www.jornalja.com.br\/arquivo\/category\/geral\/"},"img":{"alt_text":"","src":"","width":0,"height":0},"classes":[]},{"id":13124,"url":"https:\/\/www.jornalja.com.br\/arquivo\/sangue-latino-no-iecine\/","url_meta":{"origin":54798,"position":2},"title":"Sangue latino no IECINE","author":"da Reda\u00e7\u00e3o","date":"18 de maio de 2014","format":false,"excerpt":"Francisco Ribeiro O Instituto Estadual de Cinema (IECINE) tem a frente, desde abril \u00faltimo, um novo diretor, o cineasta colombiano Juan Zapata, 36, que substitui Luiz Alberto Cassol. Radicado h\u00e1 dez anos em Porto Alegre, Zapata tem diante de si o desafio de conduzir at\u00e9 o final do ano um\u2026","rel":"","context":"Em &quot;Cultura-Geral&quot;","block_context":{"text":"Cultura-Geral","link":"https:\/\/www.jornalja.com.br\/arquivo\/category\/materiasecundaria\/"},"img":{"alt_text":"","src":"","width":0,"height":0},"classes":[]},{"id":13239,"url":"https:\/\/www.jornalja.com.br\/arquivo\/conselho-desdenha-do-plano-diretor\/","url_meta":{"origin":54798,"position":3},"title":"Porto Alegre: Conselho detona Plano Diretor","author":"Patr\u00edcia Marini","date":"25 de maio de 2014","format":false,"excerpt":"Den\u00fancia do arquiteto e \u00a0urbanista Ibir\u00e1 Santos Lucas. Ele diz que os conselheiros est\u00e3o votando com \"enorme irresponsabilidade\". \"Mudam regime com a maior naturalidade,,,regularizam absurdos de constru\u00e7\u00f5es irregulares... \"O CMDUA est\u00e1 flexibilizando a lei do plano diretor, de uma forma impactante na vida da cidade. Mudam regime com a maior\u2026","rel":"","context":"Em &quot;Geral&quot;","block_context":{"text":"Geral","link":"https:\/\/www.jornalja.com.br\/arquivo\/category\/geral\/"},"img":{"alt_text":"","src":"","width":0,"height":0},"classes":[]},{"id":5440,"url":"https:\/\/www.jornalja.com.br\/arquivo\/casarao-da-venancio-destino-permanece-incerto\/","url_meta":{"origin":54798,"position":4},"title":"Estado ainda n\u00e3o sabe o que fazer com casar\u00e3o abandonado h\u00e1 20 anos","author":"Elmar Bones","date":"6 de julho de 2009","format":false,"excerpt":"O casar\u00e3o amarelo, numa esquina nobre de Porto Alegre (Ven\u00e2ncio Aires com Jo\u00e3o Pessoa), j\u00e1 abrigou uma escola. H\u00e1 duas d\u00e9cadas, pelo menos, est\u00e1 abandonado, porque seu propriet\u00e1rio, o governo do Estado do Rio Grande do Sul, n\u00e3o consegue achar um destino para ele. Planos n\u00e3o faltaram. O governador Ol\u00edvio\u2026","rel":"","context":"Em &quot;X.Categorias velhas&quot;","block_context":{"text":"X.Categorias velhas","link":"https:\/\/www.jornalja.com.br\/arquivo\/category\/x-categorias-velhas\/"},"img":{"alt_text":"geraldo1","src":"https:\/\/i0.wp.com\/www.jornalja.com.br\/wp-content\/uploads\/2009\/07\/geraldo1.jpg?resize=350%2C200&ssl=1","width":350,"height":200},"classes":[]},{"id":12960,"url":"https:\/\/www.jornalja.com.br\/arquivo\/populacao-culpa-empresas-pela-greve-dos-rodoviarios\/","url_meta":{"origin":54798,"position":5},"title":"Popula\u00e7\u00e3o culpa empresas pela greve","author":"Patr\u00edcia Marini","date":"14 de fevereiro de 2014","format":false,"excerpt":"Pesquisa divulgada na edi\u00e7\u00e3o do jornal Metro desta sexta-feira,14, comprova o velho ditado: \u00e9 poss\u00edvel enganar muitos por algum tempo, mas n\u00e3o \u00e9 poss\u00edvel enganar a todos o tempo inteiro. A principal revela\u00e7\u00e3o foi que 59,8% dos entrevistados apontaram as empresas como as principais respons\u00e1veis pela grave e 46% culparam\u2026","rel":"","context":"Em &quot;X.Categorias velhas&quot;","block_context":{"text":"X.Categorias velhas","link":"https:\/\/www.jornalja.com.br\/arquivo\/category\/x-categorias-velhas\/"},"img":{"alt_text":"","src":"","width":0,"height":0},"classes":[]}],"jetpack_shortlink":"https:\/\/wp.me\/pbQjBd-efQ","jetpack_featured_media_url":"","_links":{"self":[{"href":"https:\/\/www.jornalja.com.br\/arquivo\/wp-json\/wp\/v2\/posts\/54798","targetHints":{"allow":["GET"]}}],"collection":[{"href":"https:\/\/www.jornalja.com.br\/arquivo\/wp-json\/wp\/v2\/posts"}],"about":[{"href":"https:\/\/www.jornalja.com.br\/arquivo\/wp-json\/wp\/v2\/types\/post"}],"author":[{"embeddable":true,"href":"https:\/\/www.jornalja.com.br\/arquivo\/wp-json\/wp\/v2\/users\/4"}],"replies":[{"embeddable":true,"href":"https:\/\/www.jornalja.com.br\/arquivo\/wp-json\/wp\/v2\/comments?post=54798"}],"version-history":[{"count":0,"href":"https:\/\/www.jornalja.com.br\/arquivo\/wp-json\/wp\/v2\/posts\/54798\/revisions"}],"wp:attachment":[{"href":"https:\/\/www.jornalja.com.br\/arquivo\/wp-json\/wp\/v2\/media?parent=54798"}],"wp:term":[{"taxonomy":"category","embeddable":true,"href":"https:\/\/www.jornalja.com.br\/arquivo\/wp-json\/wp\/v2\/categories?post=54798"},{"taxonomy":"post_tag","embeddable":true,"href":"https:\/\/www.jornalja.com.br\/arquivo\/wp-json\/wp\/v2\/tags?post=54798"}],"curies":[{"name":"wp","href":"https:\/\/api.w.org\/{rel}","templated":true}]}}