{"id":54809,"date":"2017-09-06T19:29:14","date_gmt":"2017-09-06T22:29:14","guid":{"rendered":"https:\/\/www.jornalja.com.br\/?p=54809"},"modified":"2017-09-06T19:29:14","modified_gmt":"2017-09-06T22:29:14","slug":"conselheiros-do-tce-adiam-julgamento-apos-relator-votar-contra-extincao-das-fundacoes","status":"publish","type":"post","link":"https:\/\/www.jornalja.com.br\/arquivo\/conselheiros-do-tce-adiam-julgamento-apos-relator-votar-contra-extincao-das-fundacoes\/","title":{"rendered":"Conselheiros do TCE adiam julgamento ap\u00f3s relator votar contra extin\u00e7\u00e3o das funda\u00e7\u00f5es"},"content":{"rendered":"<p>Dois conselheiros do Tribunal de Contas do Estado, Pedro Henrique Figueiredo e Estilac Xavier, pediram vistas do processo que trata da extin\u00e7\u00e3o das funda\u00e7\u00f5es estaduais, durante sess\u00e3o plen\u00e1ria desta quarta-feira, 06. O julgamento foi suspenso e a an\u00e1lise desse tema pelo outros membros do TCE\/RS, adiada. N\u00e3o h\u00e1 um prazo para a retomada do julgamento.<br \/>\nA representa\u00e7\u00e3o do procurador-geral do Minist\u00e9rio P\u00fablico de Contas (MPC), Geraldo Da Camino, questiona a lei que autoriza as extin\u00e7\u00f5es e solicita que os processos sejam suspensos.<\/p>\n<div class=\"gmail_default\">A sess\u00e3o come\u00e7ou minutos antes das tr\u00eas da tarde. O presidente do TCE, Marco Peixoto, logo avisou que havia 130 pessoas acompanhando a sess\u00e3o em um tel\u00e3o instalado no audit\u00f3rio.<\/div>\n<div class=\"gmail_default\"><\/div>\n<div class=\"gmail_default\">\nO procurador-geral do MPC, Geraldo Da Camino, falou por 7 minutos. Retomou trecho de sua representa\u00e7\u00e3o, afirmando que as justificativas do governo chamavam a aten\u00e7\u00e3o pela singeleza.<br \/>\nO procurador do Estado Eduardo Cunha da Costa falou por 8 minutos. Disse que a aprova\u00e7\u00e3o da lei pelos deputados deveria encerrar a quest\u00e3o. E que as funda\u00e7\u00f5es s\u00e3o deficit\u00e1rias, n\u00e3o s\u00e3o autossuficientes, e que era preciso modernizar a estrutura do Estado.\n<\/div>\n<p>O conselheiro Cezar Miola, relator do processo, votou pela aceita\u00e7\u00e3o da medida cautelar pedida por Da Camino, sustentando a necessidade de instaura\u00e7\u00e3o de uma inspe\u00e7\u00e3o operacional junto \u00e0 Secretaria Estadual de Planejamento, Governan\u00e7a e Gest\u00e3o.<br \/>\n&#8220;N\u00e3o est\u00e1 clara a continuidade dos servi\u00e7os prestados pelas funda\u00e7\u00f5es, h\u00e1 aus\u00eancia de esclarecimentos pelo Estado, pouco ou quase nada revelam de que forma cada uma das extin\u00e7\u00f5es representar\u00e1 redu\u00e7\u00e3o das despesas e, por isso, acato a liminar para resguardar o acervo material e imaterial e sugiro instaurar imediata auditoria junto \u00e0 secretaria do Planejamento&#8221;, declarou ao ler seu parecer por mais de 20 minutos.<br \/>\nMiola entende que o Estado deve se abster de qualquer ato de demiss\u00e3o de pessoal e de desmobiliza\u00e7\u00e3o das estruturas administrativas e operacionais das Funda\u00e7\u00f5es, que tiveram suas extin\u00e7\u00f5es autorizadas pela Lei n\u00ba 14.982\/2017 , at\u00e9 que se demonstre, em auditoria operacional, que as atribui\u00e7\u00f5es das Funda\u00e7\u00f5es est\u00e3o devidamente asseguradas.<br \/>\n\u201cA Secretaria deve acompanhar as medidas voltadas ao cumprimento dos contratos em andamento firmados pelas institui\u00e7\u00f5es e \u00e0 manuten\u00e7\u00e3o de servi\u00e7os p\u00fablicos essenciais\u201d, relatou.<br \/>\n<figure id=\"attachment_54812\" aria-describedby=\"caption-attachment-54812\" style=\"width: 1150px\" class=\"wp-caption alignnone\"><img loading=\"lazy\" decoding=\"async\" class=\"wp-image-54812 size-full\" src=\"https:\/\/www.jornalja.com.br\/wp-content\/uploads\/2017\/09\/Fotos-Claudir-Tigre-TCE-2.jpg\" alt=\"\" width=\"1150\" height=\"768\" \/><figcaption id=\"caption-attachment-54812\" class=\"wp-caption-text\">Servidores das funda\u00e7\u00f5es acompanharam sess\u00e3o atrav\u00e9s de um tel\u00e3o no audit\u00f3rio do TCE<\/figcaption><\/figure><br \/>\nO conselheiro Pedro Figueiredo pediu vistas e argumentou que o tema era muito complexo por envolver institui\u00e7\u00f5es com atividades em v\u00e1rias \u00e1reas e n\u00e3o estava devidamente esclarecido sobre a compet\u00eancia das secretarias estaduais para absorver as atividades das funda\u00e7\u00f5es. O conselheiro Estilac Xavier pediu vistas consecutivas.<br \/>\nA Lei autoriza a extin\u00e7\u00e3o das funda\u00e7\u00f5es Zoobot\u00e2nica (FZB), de Ci\u00eancia e Tecnologia (Cientec), de Economia e Estat\u00edstica (FEE), Piratini, de Desenvolvimento de Recursos Humanos (FDRH) e de Planejamento Metropolitano e Regional (Metroplan).<br \/>\n&nbsp;<\/p>\n","protected":false},"excerpt":{"rendered":"<p>Dois conselheiros do Tribunal de Contas do Estado, Pedro Henrique Figueiredo e Estilac Xavier, pediram vistas do processo que trata da extin\u00e7\u00e3o das funda\u00e7\u00f5es estaduais, durante sess\u00e3o plen\u00e1ria desta quarta-feira, 06. O julgamento foi suspenso e a an\u00e1lise desse tema pelo outros membros do TCE\/RS, adiada. N\u00e3o h\u00e1 um prazo para a retomada do julgamento. [&hellip;]<\/p>\n","protected":false},"author":4,"featured_media":54810,"comment_status":"open","ping_status":"closed","sticky":false,"template":"","format":"standard","meta":{"_jetpack_newsletter_access":"","_jetpack_dont_email_post_to_subs":false,"_jetpack_newsletter_tier_id":0,"_jetpack_memberships_contains_paywalled_content":false,"_jetpack_feature_clip_id":0,"_jetpack_memberships_contains_paid_content":false,"footnotes":"","jetpack_post_was_ever_published":false},"categories":[26],"tags":[],"class_list":["post-54809","post","type-post","status-publish","format-standard","has-post-thumbnail","hentry","category-geral"],"aioseo_notices":[],"aioseo_head":"\n\t\t<!-- All in One SEO 5.0.1.1 - aioseo.com -->\n\t<meta name=\"robots\" content=\"max-image-preview:large\" \/>\n\t<meta name=\"author\" content=\"da Reda\u00e7\u00e3o\"\/>\n\t<link rel=\"canonical\" href=\"https:\/\/www.jornalja.com.br\/arquivo\/conselheiros-do-tce-adiam-julgamento-apos-relator-votar-contra-extincao-das-fundacoes\/\" \/>\n\t<meta name=\"generator\" content=\"All in One SEO (AIOSEO) 5.0.1.1\" \/>\n\t\t<meta property=\"og:locale\" content=\"pt_BR\" \/>\n\t\t<meta property=\"og:site_name\" content=\"Arquivo | Jornal J\u00c1 | Porto Alegre\" \/>\n\t\t<meta property=\"og:type\" content=\"article\" \/>\n\t\t<meta property=\"og:title\" content=\"Conselheiros do TCE adiam julgamento ap\u00f3s relator votar contra extin\u00e7\u00e3o das funda\u00e7\u00f5es | Arquivo\" \/>\n\t\t<meta property=\"og:url\" content=\"https:\/\/www.jornalja.com.br\/arquivo\/conselheiros-do-tce-adiam-julgamento-apos-relator-votar-contra-extincao-das-fundacoes\/\" \/>\n\t\t<meta property=\"og:image\" content=\"https:\/\/www.jornalja.com.br\/wp-content\/uploads\/2017\/09\/Fotos-Claudir-Tigre-TCE-2.jpg\" \/>\n\t\t<meta property=\"og:image:secure_url\" content=\"https:\/\/www.jornalja.com.br\/wp-content\/uploads\/2017\/09\/Fotos-Claudir-Tigre-TCE-2.jpg\" \/>\n\t\t<meta property=\"article:published_time\" content=\"2017-09-06T22:29:14+00:00\" \/>\n\t\t<meta property=\"article:modified_time\" content=\"2017-09-06T22:29:14+00:00\" \/>\n\t\t<meta name=\"twitter:card\" content=\"summary\" \/>\n\t\t<meta name=\"twitter:title\" content=\"Conselheiros do TCE adiam julgamento ap\u00f3s relator votar contra extin\u00e7\u00e3o das funda\u00e7\u00f5es | Arquivo\" \/>\n\t\t<meta name=\"twitter:image\" content=\"https:\/\/www.jornalja.com.br\/economics\/wp-content\/uploads\/sites\/11\/2026\/08\/ja-folhaderosto-facebook.jpg\" \/>\n\t\t<script type=\"application\/ld+json\" class=\"aioseo-schema\">\n\t\t\t{\"@context\":\"https:\\\/\\\/schema.org\",\"@graph\":[{\"@type\":\"BlogPosting\",\"@id\":\"https:\\\/\\\/www.jornalja.com.br\\\/arquivo\\\/conselheiros-do-tce-adiam-julgamento-apos-relator-votar-contra-extincao-das-fundacoes\\\/#blogposting\",\"name\":\"Conselheiros do TCE adiam julgamento ap\\u00f3s relator votar contra extin\\u00e7\\u00e3o das funda\\u00e7\\u00f5es | Arquivo\",\"headline\":\"Conselheiros do TCE adiam julgamento ap\\u00f3s relator votar contra extin\\u00e7\\u00e3o das funda\\u00e7\\u00f5es\",\"author\":{\"@id\":\"https:\\\/\\\/www.jornalja.com.br\\\/arquivo\\\/author\\\/daredacao\\\/#author\"},\"publisher\":{\"@id\":\"https:\\\/\\\/www.jornalja.com.br\\\/arquivo\\\/#organization\"},\"image\":{\"@type\":\"ImageObject\",\"url\":54810},\"datePublished\":\"2017-09-06T19:29:14-03:00\",\"dateModified\":\"2017-09-06T19:29:14-03:00\",\"inLanguage\":\"pt-BR\",\"mainEntityOfPage\":{\"@id\":\"https:\\\/\\\/www.jornalja.com.br\\\/arquivo\\\/conselheiros-do-tce-adiam-julgamento-apos-relator-votar-contra-extincao-das-fundacoes\\\/#webpage\"},\"isPartOf\":{\"@id\":\"https:\\\/\\\/www.jornalja.com.br\\\/arquivo\\\/conselheiros-do-tce-adiam-julgamento-apos-relator-votar-contra-extincao-das-fundacoes\\\/#webpage\"},\"articleSection\":\"Geral\"},{\"@type\":\"BreadcrumbList\",\"@id\":\"https:\\\/\\\/www.jornalja.com.br\\\/arquivo\\\/conselheiros-do-tce-adiam-julgamento-apos-relator-votar-contra-extincao-das-fundacoes\\\/#breadcrumblist\",\"itemListElement\":[{\"@type\":\"ListItem\",\"@id\":\"https:\\\/\\\/www.jornalja.com.br\\\/arquivo#listItem\",\"position\":1,\"name\":\"Home\",\"item\":\"https:\\\/\\\/www.jornalja.com.br\\\/arquivo\",\"nextItem\":{\"@type\":\"ListItem\",\"@id\":\"https:\\\/\\\/www.jornalja.com.br\\\/arquivo\\\/category\\\/geral\\\/#listItem\",\"name\":\"Geral\"}},{\"@type\":\"ListItem\",\"@id\":\"https:\\\/\\\/www.jornalja.com.br\\\/arquivo\\\/category\\\/geral\\\/#listItem\",\"position\":2,\"name\":\"Geral\",\"item\":\"https:\\\/\\\/www.jornalja.com.br\\\/arquivo\\\/category\\\/geral\\\/\",\"nextItem\":{\"@type\":\"ListItem\",\"@id\":\"https:\\\/\\\/www.jornalja.com.br\\\/arquivo\\\/conselheiros-do-tce-adiam-julgamento-apos-relator-votar-contra-extincao-das-fundacoes\\\/#listItem\",\"name\":\"Conselheiros do TCE adiam julgamento ap\\u00f3s relator votar contra extin\\u00e7\\u00e3o das funda\\u00e7\\u00f5es\"},\"previousItem\":{\"@type\":\"ListItem\",\"@id\":\"https:\\\/\\\/www.jornalja.com.br\\\/arquivo#listItem\",\"name\":\"Home\"}},{\"@type\":\"ListItem\",\"@id\":\"https:\\\/\\\/www.jornalja.com.br\\\/arquivo\\\/conselheiros-do-tce-adiam-julgamento-apos-relator-votar-contra-extincao-das-fundacoes\\\/#listItem\",\"position\":3,\"name\":\"Conselheiros do TCE adiam julgamento ap\\u00f3s relator votar contra extin\\u00e7\\u00e3o das funda\\u00e7\\u00f5es\",\"previousItem\":{\"@type\":\"ListItem\",\"@id\":\"https:\\\/\\\/www.jornalja.com.br\\\/arquivo\\\/category\\\/geral\\\/#listItem\",\"name\":\"Geral\"}}]},{\"@type\":\"Organization\",\"@id\":\"https:\\\/\\\/www.jornalja.com.br\\\/arquivo\\\/#organization\",\"name\":\"Jornal J\\u00c1\",\"description\":\"Jornal J\\u00c1 | Porto Alegre\",\"url\":\"https:\\\/\\\/www.jornalja.com.br\\\/arquivo\\\/\",\"telephone\":\"+555133307272\",\"logo\":{\"@type\":\"ImageObject\",\"url\":\"https:\\\/\\\/www.jornalja.com.br\\\/wp-content\\\/uploads\\\/cards\\\/JAslogan.png\",\"@id\":\"https:\\\/\\\/www.jornalja.com.br\\\/arquivo\\\/conselheiros-do-tce-adiam-julgamento-apos-relator-votar-contra-extincao-das-fundacoes\\\/#organizationLogo\"},\"image\":{\"@id\":\"https:\\\/\\\/www.jornalja.com.br\\\/arquivo\\\/conselheiros-do-tce-adiam-julgamento-apos-relator-votar-contra-extincao-das-fundacoes\\\/#organizationLogo\"}},{\"@type\":\"Person\",\"@id\":\"https:\\\/\\\/www.jornalja.com.br\\\/arquivo\\\/author\\\/daredacao\\\/#author\",\"url\":\"https:\\\/\\\/www.jornalja.com.br\\\/arquivo\\\/author\\\/daredacao\\\/\",\"name\":\"da Reda\\u00e7\\u00e3o\",\"image\":{\"@type\":\"ImageObject\",\"@id\":\"https:\\\/\\\/www.jornalja.com.br\\\/arquivo\\\/conselheiros-do-tce-adiam-julgamento-apos-relator-votar-contra-extincao-das-fundacoes\\\/#authorImage\",\"url\":\"https:\\\/\\\/secure.gravatar.com\\\/avatar\\\/469fd857d6605ad19919d27ed29d35a968a25f6e8fd9318356bbb7f57aae9c65?s=96&d=mm&r=g\",\"width\":96,\"height\":96,\"caption\":\"da Reda\\u00e7\\u00e3o\"}},{\"@type\":\"WebPage\",\"@id\":\"https:\\\/\\\/www.jornalja.com.br\\\/arquivo\\\/conselheiros-do-tce-adiam-julgamento-apos-relator-votar-contra-extincao-das-fundacoes\\\/#webpage\",\"url\":\"https:\\\/\\\/www.jornalja.com.br\\\/arquivo\\\/conselheiros-do-tce-adiam-julgamento-apos-relator-votar-contra-extincao-das-fundacoes\\\/\",\"name\":\"Conselheiros do TCE adiam julgamento ap\\u00f3s relator votar contra extin\\u00e7\\u00e3o das funda\\u00e7\\u00f5es | Arquivo\",\"inLanguage\":\"pt-BR\",\"isPartOf\":{\"@id\":\"https:\\\/\\\/www.jornalja.com.br\\\/arquivo\\\/#website\"},\"breadcrumb\":{\"@id\":\"https:\\\/\\\/www.jornalja.com.br\\\/arquivo\\\/conselheiros-do-tce-adiam-julgamento-apos-relator-votar-contra-extincao-das-fundacoes\\\/#breadcrumblist\"},\"author\":{\"@id\":\"https:\\\/\\\/www.jornalja.com.br\\\/arquivo\\\/author\\\/daredacao\\\/#author\"},\"creator\":{\"@id\":\"https:\\\/\\\/www.jornalja.com.br\\\/arquivo\\\/author\\\/daredacao\\\/#author\"},\"image\":{\"@type\":\"ImageObject\",\"url\":54810,\"@id\":\"https:\\\/\\\/www.jornalja.com.br\\\/arquivo\\\/conselheiros-do-tce-adiam-julgamento-apos-relator-votar-contra-extincao-das-fundacoes\\\/#mainImage\"},\"primaryImageOfPage\":{\"@id\":\"https:\\\/\\\/www.jornalja.com.br\\\/arquivo\\\/conselheiros-do-tce-adiam-julgamento-apos-relator-votar-contra-extincao-das-fundacoes\\\/#mainImage\"},\"datePublished\":\"2017-09-06T19:29:14-03:00\",\"dateModified\":\"2017-09-06T19:29:14-03:00\"},{\"@type\":\"WebSite\",\"@id\":\"https:\\\/\\\/www.jornalja.com.br\\\/arquivo\\\/#website\",\"url\":\"https:\\\/\\\/www.jornalja.com.br\\\/arquivo\\\/\",\"name\":\"Arquivo\",\"description\":\"Jornal J\\u00c1 | Porto Alegre\",\"inLanguage\":\"pt-BR\",\"publisher\":{\"@id\":\"https:\\\/\\\/www.jornalja.com.br\\\/arquivo\\\/#organization\"}}]}\n\t\t<\/script>\n\t\t<!-- All in One SEO -->\n\n","aioseo_head_json":{"title":"Conselheiros do TCE adiam julgamento ap\u00f3s relator votar contra extin\u00e7\u00e3o das funda\u00e7\u00f5es | Arquivo","description":"","canonical_url":"https:\/\/www.jornalja.com.br\/arquivo\/conselheiros-do-tce-adiam-julgamento-apos-relator-votar-contra-extincao-das-fundacoes\/","robots":"max-image-preview:large","keywords":"","webmasterTools":{"miscellaneous":""},"schema":{"@context":"https:\/\/schema.org","@graph":[{"@type":"BlogPosting","@id":"https:\/\/www.jornalja.com.br\/arquivo\/conselheiros-do-tce-adiam-julgamento-apos-relator-votar-contra-extincao-das-fundacoes\/#blogposting","name":"Conselheiros do TCE adiam julgamento ap\u00f3s relator votar contra extin\u00e7\u00e3o das funda\u00e7\u00f5es | Arquivo","headline":"Conselheiros do TCE adiam julgamento ap\u00f3s relator votar contra extin\u00e7\u00e3o das funda\u00e7\u00f5es","author":{"@id":"https:\/\/www.jornalja.com.br\/arquivo\/author\/daredacao\/#author"},"publisher":{"@id":"https:\/\/www.jornalja.com.br\/arquivo\/#organization"},"image":{"@type":"ImageObject","url":54810},"datePublished":"2017-09-06T19:29:14-03:00","dateModified":"2017-09-06T19:29:14-03:00","inLanguage":"pt-BR","mainEntityOfPage":{"@id":"https:\/\/www.jornalja.com.br\/arquivo\/conselheiros-do-tce-adiam-julgamento-apos-relator-votar-contra-extincao-das-fundacoes\/#webpage"},"isPartOf":{"@id":"https:\/\/www.jornalja.com.br\/arquivo\/conselheiros-do-tce-adiam-julgamento-apos-relator-votar-contra-extincao-das-fundacoes\/#webpage"},"articleSection":"Geral"},{"@type":"BreadcrumbList","@id":"https:\/\/www.jornalja.com.br\/arquivo\/conselheiros-do-tce-adiam-julgamento-apos-relator-votar-contra-extincao-das-fundacoes\/#breadcrumblist","itemListElement":[{"@type":"ListItem","@id":"https:\/\/www.jornalja.com.br\/arquivo#listItem","position":1,"name":"Home","item":"https:\/\/www.jornalja.com.br\/arquivo","nextItem":{"@type":"ListItem","@id":"https:\/\/www.jornalja.com.br\/arquivo\/category\/geral\/#listItem","name":"Geral"}},{"@type":"ListItem","@id":"https:\/\/www.jornalja.com.br\/arquivo\/category\/geral\/#listItem","position":2,"name":"Geral","item":"https:\/\/www.jornalja.com.br\/arquivo\/category\/geral\/","nextItem":{"@type":"ListItem","@id":"https:\/\/www.jornalja.com.br\/arquivo\/conselheiros-do-tce-adiam-julgamento-apos-relator-votar-contra-extincao-das-fundacoes\/#listItem","name":"Conselheiros do TCE adiam julgamento ap\u00f3s relator votar contra extin\u00e7\u00e3o das funda\u00e7\u00f5es"},"previousItem":{"@type":"ListItem","@id":"https:\/\/www.jornalja.com.br\/arquivo#listItem","name":"Home"}},{"@type":"ListItem","@id":"https:\/\/www.jornalja.com.br\/arquivo\/conselheiros-do-tce-adiam-julgamento-apos-relator-votar-contra-extincao-das-fundacoes\/#listItem","position":3,"name":"Conselheiros do TCE adiam julgamento ap\u00f3s relator votar contra extin\u00e7\u00e3o das funda\u00e7\u00f5es","previousItem":{"@type":"ListItem","@id":"https:\/\/www.jornalja.com.br\/arquivo\/category\/geral\/#listItem","name":"Geral"}}]},{"@type":"Organization","@id":"https:\/\/www.jornalja.com.br\/arquivo\/#organization","name":"Jornal J\u00c1","description":"Jornal J\u00c1 | Porto Alegre","url":"https:\/\/www.jornalja.com.br\/arquivo\/","telephone":"+555133307272","logo":{"@type":"ImageObject","url":"https:\/\/www.jornalja.com.br\/wp-content\/uploads\/cards\/JAslogan.png","@id":"https:\/\/www.jornalja.com.br\/arquivo\/conselheiros-do-tce-adiam-julgamento-apos-relator-votar-contra-extincao-das-fundacoes\/#organizationLogo"},"image":{"@id":"https:\/\/www.jornalja.com.br\/arquivo\/conselheiros-do-tce-adiam-julgamento-apos-relator-votar-contra-extincao-das-fundacoes\/#organizationLogo"}},{"@type":"Person","@id":"https:\/\/www.jornalja.com.br\/arquivo\/author\/daredacao\/#author","url":"https:\/\/www.jornalja.com.br\/arquivo\/author\/daredacao\/","name":"da Reda\u00e7\u00e3o","image":{"@type":"ImageObject","@id":"https:\/\/www.jornalja.com.br\/arquivo\/conselheiros-do-tce-adiam-julgamento-apos-relator-votar-contra-extincao-das-fundacoes\/#authorImage","url":"https:\/\/secure.gravatar.com\/avatar\/469fd857d6605ad19919d27ed29d35a968a25f6e8fd9318356bbb7f57aae9c65?s=96&d=mm&r=g","width":96,"height":96,"caption":"da Reda\u00e7\u00e3o"}},{"@type":"WebPage","@id":"https:\/\/www.jornalja.com.br\/arquivo\/conselheiros-do-tce-adiam-julgamento-apos-relator-votar-contra-extincao-das-fundacoes\/#webpage","url":"https:\/\/www.jornalja.com.br\/arquivo\/conselheiros-do-tce-adiam-julgamento-apos-relator-votar-contra-extincao-das-fundacoes\/","name":"Conselheiros do TCE adiam julgamento ap\u00f3s relator votar contra extin\u00e7\u00e3o das funda\u00e7\u00f5es | Arquivo","inLanguage":"pt-BR","isPartOf":{"@id":"https:\/\/www.jornalja.com.br\/arquivo\/#website"},"breadcrumb":{"@id":"https:\/\/www.jornalja.com.br\/arquivo\/conselheiros-do-tce-adiam-julgamento-apos-relator-votar-contra-extincao-das-fundacoes\/#breadcrumblist"},"author":{"@id":"https:\/\/www.jornalja.com.br\/arquivo\/author\/daredacao\/#author"},"creator":{"@id":"https:\/\/www.jornalja.com.br\/arquivo\/author\/daredacao\/#author"},"image":{"@type":"ImageObject","url":54810,"@id":"https:\/\/www.jornalja.com.br\/arquivo\/conselheiros-do-tce-adiam-julgamento-apos-relator-votar-contra-extincao-das-fundacoes\/#mainImage"},"primaryImageOfPage":{"@id":"https:\/\/www.jornalja.com.br\/arquivo\/conselheiros-do-tce-adiam-julgamento-apos-relator-votar-contra-extincao-das-fundacoes\/#mainImage"},"datePublished":"2017-09-06T19:29:14-03:00","dateModified":"2017-09-06T19:29:14-03:00"},{"@type":"WebSite","@id":"https:\/\/www.jornalja.com.br\/arquivo\/#website","url":"https:\/\/www.jornalja.com.br\/arquivo\/","name":"Arquivo","description":"Jornal J\u00c1 | Porto Alegre","inLanguage":"pt-BR","publisher":{"@id":"https:\/\/www.jornalja.com.br\/arquivo\/#organization"}}]},"og:locale":"pt_BR","og:site_name":"Arquivo | Jornal J\u00c1 | Porto Alegre","og:type":"article","og:title":"Conselheiros do TCE adiam julgamento ap\u00f3s relator votar contra extin\u00e7\u00e3o das funda\u00e7\u00f5es | Arquivo","og:url":"https:\/\/www.jornalja.com.br\/arquivo\/conselheiros-do-tce-adiam-julgamento-apos-relator-votar-contra-extincao-das-fundacoes\/","og:image":"https:\/\/www.jornalja.com.br\/wp-content\/uploads\/2017\/09\/Fotos-Claudir-Tigre-TCE-2.jpg","og:image:secure_url":"https:\/\/www.jornalja.com.br\/wp-content\/uploads\/2017\/09\/Fotos-Claudir-Tigre-TCE-2.jpg","article:published_time":"2017-09-06T22:29:14+00:00","article:modified_time":"2017-09-06T22:29:14+00:00","twitter:card":"summary","twitter:title":"Conselheiros do TCE adiam julgamento ap\u00f3s relator votar contra extin\u00e7\u00e3o das funda\u00e7\u00f5es | Arquivo","twitter:image":"https:\/\/www.jornalja.com.br\/economics\/wp-content\/uploads\/sites\/11\/2026\/08\/ja-folhaderosto-facebook.jpg"},"aioseo_meta_data":{"post_id":"54809","title":null,"description":null,"keywords":null,"keyphrases":null,"primary_term":null,"canonical_url":null,"og_title":null,"og_description":null,"og_object_type":"default","og_image_type":"default","og_image_url":null,"og_image_width":null,"og_image_height":null,"og_image_custom_url":null,"og_image_custom_fields":null,"og_video":null,"og_custom_url":null,"og_article_section":null,"og_article_tags":null,"twitter_use_og":false,"twitter_card":"default","twitter_image_type":"default","twitter_image_url":null,"twitter_image_custom_url":null,"twitter_image_custom_fields":null,"twitter_title":null,"twitter_description":null,"schema":{"blockGraphs":[],"customGraphs":[],"default":{"data":{"Article":[],"Course":[],"Dataset":[],"FAQPage":[],"Movie":[],"Person":[],"Product":[],"ProductReview":[],"Car":[],"Recipe":[],"Service":[],"SoftwareApplication":[],"WebPage":[]},"graphName":"","isEnabled":true},"graphs":[],"defaultGraph":"","defaultPostTypeGraph":""},"schema_type":null,"schema_type_options":null,"pillar_content":false,"robots_default":true,"robots_noindex":false,"robots_noarchive":false,"robots_nosnippet":false,"robots_nofollow":false,"robots_noimageindex":false,"robots_noodp":false,"robots_notranslate":false,"robots_max_snippet":null,"robots_max_videopreview":null,"robots_max_imagepreview":"large","priority":null,"frequency":null,"location":null,"local_seo":null,"breadcrumb_settings":null,"limit_modified_date":false,"ai":null,"created":"2020-12-20 20:25:01","updated":"2025-07-20 00:57:33","seo_analyzer_scan_date":null,"focus_keyword":null,"additional_keywords":null,"truseo_locale":null},"jetpack_sharing_enabled":true,"jetpack-related-posts":[{"id":13239,"url":"https:\/\/www.jornalja.com.br\/arquivo\/conselho-desdenha-do-plano-diretor\/","url_meta":{"origin":54809,"position":0},"title":"Porto Alegre: Conselho detona Plano Diretor","author":"Patr\u00edcia Marini","date":"25 de maio de 2014","format":false,"excerpt":"Den\u00fancia do arquiteto e \u00a0urbanista Ibir\u00e1 Santos Lucas. Ele diz que os conselheiros est\u00e3o votando com \"enorme irresponsabilidade\". \"Mudam regime com a maior naturalidade,,,regularizam absurdos de constru\u00e7\u00f5es irregulares... \"O CMDUA est\u00e1 flexibilizando a lei do plano diretor, de uma forma impactante na vida da cidade. Mudam regime com a maior\u2026","rel":"","context":"Em &quot;Geral&quot;","block_context":{"text":"Geral","link":"https:\/\/www.jornalja.com.br\/arquivo\/category\/geral\/"},"img":{"alt_text":"","src":"","width":0,"height":0},"classes":[]},{"id":13240,"url":"https:\/\/www.jornalja.com.br\/arquivo\/plano-diretor-estamos-construindo-o-caos\/","url_meta":{"origin":54809,"position":1},"title":"Plano diretor: &quot;Estamos construindo o caos&quot;","author":"Patr\u00edcia Marini","date":"26 de maio de 2014","format":false,"excerpt":"Desabafo que arquiteta Eliana Castilhos, delegada da Regi\u00e3o de Planejamento 1, postou nas redes sociais \u00e9 um testemunho do ambiente que se criou no Conselho do Plano Diretor de Porto Alegre, onde a aprova\u00e7\u00e3o de grandes empreendimentos \u00e9 empurrada guela abaixo dos conselheiros. Ao CMDUA Como delegada da Regi\u00e3o de\u2026","rel":"","context":"Em &quot;Geral&quot;","block_context":{"text":"Geral","link":"https:\/\/www.jornalja.com.br\/arquivo\/category\/geral\/"},"img":{"alt_text":"","src":"","width":0,"height":0},"classes":[]},{"id":5440,"url":"https:\/\/www.jornalja.com.br\/arquivo\/casarao-da-venancio-destino-permanece-incerto\/","url_meta":{"origin":54809,"position":2},"title":"Estado ainda n\u00e3o sabe o que fazer com casar\u00e3o abandonado h\u00e1 20 anos","author":"Elmar Bones","date":"6 de julho de 2009","format":false,"excerpt":"O casar\u00e3o amarelo, numa esquina nobre de Porto Alegre (Ven\u00e2ncio Aires com Jo\u00e3o Pessoa), j\u00e1 abrigou uma escola. H\u00e1 duas d\u00e9cadas, pelo menos, est\u00e1 abandonado, porque seu propriet\u00e1rio, o governo do Estado do Rio Grande do Sul, n\u00e3o consegue achar um destino para ele. Planos n\u00e3o faltaram. O governador Ol\u00edvio\u2026","rel":"","context":"Em &quot;X.Categorias velhas&quot;","block_context":{"text":"X.Categorias velhas","link":"https:\/\/www.jornalja.com.br\/arquivo\/category\/x-categorias-velhas\/"},"img":{"alt_text":"geraldo1","src":"https:\/\/i0.wp.com\/www.jornalja.com.br\/wp-content\/uploads\/2009\/07\/geraldo1.jpg?resize=350%2C200&ssl=1","width":350,"height":200},"classes":[]},{"id":13124,"url":"https:\/\/www.jornalja.com.br\/arquivo\/sangue-latino-no-iecine\/","url_meta":{"origin":54809,"position":3},"title":"Sangue latino no IECINE","author":"da Reda\u00e7\u00e3o","date":"18 de maio de 2014","format":false,"excerpt":"Francisco Ribeiro O Instituto Estadual de Cinema (IECINE) tem a frente, desde abril \u00faltimo, um novo diretor, o cineasta colombiano Juan Zapata, 36, que substitui Luiz Alberto Cassol. Radicado h\u00e1 dez anos em Porto Alegre, Zapata tem diante de si o desafio de conduzir at\u00e9 o final do ano um\u2026","rel":"","context":"Em &quot;Cultura-Geral&quot;","block_context":{"text":"Cultura-Geral","link":"https:\/\/www.jornalja.com.br\/arquivo\/category\/materiasecundaria\/"},"img":{"alt_text":"","src":"","width":0,"height":0},"classes":[]},{"id":13128,"url":"https:\/\/www.jornalja.com.br\/arquivo\/maconha-terra-diz-que-uso-medicinal-e-desculpa\/","url_meta":{"origin":54809,"position":4},"title":"Maconha: Terra diz que uso medicinal \u00e9 desculpa","author":"Patr\u00edcia Marini","date":"4 de junho de 2014","format":false,"excerpt":"A condi\u00e7\u00e3o de pol\u00edtico, em \u00e9poca de campanha de campanha eleitoral, tira for\u00e7a do discurso do m\u00e9dico Osmar Terra contra a legaliza\u00e7\u00e3o da maconha. A tese dele de que a libera\u00e7\u00e3o vai ampliar exponencialmente o consumo \u00e9 discutivel, o consumo \u00e9 corrente. Mas seus alertas quanto aos riscos tem que\u2026","rel":"","context":"Em &quot;X.Categorias velhas&quot;","block_context":{"text":"X.Categorias velhas","link":"https:\/\/www.jornalja.com.br\/arquivo\/category\/x-categorias-velhas\/"},"img":{"alt_text":"","src":"","width":0,"height":0},"classes":[]},{"id":13101,"url":"https:\/\/www.jornalja.com.br\/arquivo\/morre-um-guerreiro-do-texto\/","url_meta":{"origin":54809,"position":5},"title":"Morre um guerreiro do texto","author":"Patr\u00edcia Marini","date":"14 de maio de 2014","format":false,"excerpt":"Por Ricardo Kotscho Reproduzido do blog do autor, 11\/5\/2014; t\u00edtulo original \u201cE l\u00e1 se foi o nosso Myltainho, guerreiro do texto\u201d. Mi\u00fado e franzino, meu amigo Myltainho era um valente e inconformado guerreiro na luta contra as injusti\u00e7as sociais, a hipocrisia, as maracutaias, o autoritarismo, a intoler\u00e2ncia, a viol\u00eancia, o\u2026","rel":"","context":"Em &quot;Geral&quot;","block_context":{"text":"Geral","link":"https:\/\/www.jornalja.com.br\/arquivo\/category\/geral\/"},"img":{"alt_text":"","src":"","width":0,"height":0},"classes":[]}],"jetpack_shortlink":"https:\/\/wp.me\/pbQjBd-eg1","jetpack_featured_media_url":"","_links":{"self":[{"href":"https:\/\/www.jornalja.com.br\/arquivo\/wp-json\/wp\/v2\/posts\/54809","targetHints":{"allow":["GET"]}}],"collection":[{"href":"https:\/\/www.jornalja.com.br\/arquivo\/wp-json\/wp\/v2\/posts"}],"about":[{"href":"https:\/\/www.jornalja.com.br\/arquivo\/wp-json\/wp\/v2\/types\/post"}],"author":[{"embeddable":true,"href":"https:\/\/www.jornalja.com.br\/arquivo\/wp-json\/wp\/v2\/users\/4"}],"replies":[{"embeddable":true,"href":"https:\/\/www.jornalja.com.br\/arquivo\/wp-json\/wp\/v2\/comments?post=54809"}],"version-history":[{"count":0,"href":"https:\/\/www.jornalja.com.br\/arquivo\/wp-json\/wp\/v2\/posts\/54809\/revisions"}],"wp:attachment":[{"href":"https:\/\/www.jornalja.com.br\/arquivo\/wp-json\/wp\/v2\/media?parent=54809"}],"wp:term":[{"taxonomy":"category","embeddable":true,"href":"https:\/\/www.jornalja.com.br\/arquivo\/wp-json\/wp\/v2\/categories?post=54809"},{"taxonomy":"post_tag","embeddable":true,"href":"https:\/\/www.jornalja.com.br\/arquivo\/wp-json\/wp\/v2\/tags?post=54809"}],"curies":[{"name":"wp","href":"https:\/\/api.w.org\/{rel}","templated":true}]}}