{"id":54815,"date":"2017-09-06T19:28:30","date_gmt":"2017-09-06T22:28:30","guid":{"rendered":"https:\/\/www.jornalja.com.br\/?p=54815"},"modified":"2017-09-06T19:28:30","modified_gmt":"2017-09-06T22:28:30","slug":"ex-governador-antonio-britto-e-servidores-do-daer-condenados-por-improbidade","status":"publish","type":"post","link":"https:\/\/www.jornalja.com.br\/arquivo\/ex-governador-antonio-britto-e-servidores-do-daer-condenados-por-improbidade\/","title":{"rendered":"Ex-governador Ant\u00f4nio Britto e servidores do DAER\u00a0condenados por improbidade"},"content":{"rendered":"<p>Uma decis\u00e3o da 7\u00aa Vara da Fazenda P\u00fablica de Porto Alegre, proferida nesta tarde (6\/9) pela Ju\u00edza de Direito Marilei Lacerda Menna, condenou por improbidade administrativa o ex-governador do Estado Ant\u00f4nio Britto Filho, Jos\u00e9 Luiz Rocha Paiva, Ant\u00f4nio Carlos Pereira, Fl\u00e1vio Luiz Vaz Netto, Andr\u00e9 Porto dos Reis, Luiz Ant\u00f4nio Fraga e Rotorbr\u00e1s Com\u00e9rcio e Ind\u00fastria de Helic\u00f3pteros Ltda., por irregularidades na licita\u00e7\u00e3o para compra de um helic\u00f3ptero em 1998.<br \/>\nA aeronave deveria ter sido destinada ao Batalh\u00e3o de Pol\u00edcia Rodovi\u00e1ria da Unidade de Socorro Aerom\u00e9dico para aux\u00edlio nas opera\u00e7\u00f5es de policiamento rodovi\u00e1rio, mas acabou sendo utilizada para o transporte de autoridades.<br \/>\n<span class=\"intertit\">Caso<\/span><br \/>\nEm 1997, foi realizada licita\u00e7\u00e3o para a compra de um helic\u00f3ptero a ser utilizado pelo Batalh\u00e3o da Pol\u00edcia Rodovi\u00e1ria Estadual. Na ocasi\u00e3o, o certame foi revogado pois a decis\u00e3o da compra ocorreu sem estudo t\u00e9cnico. Foi elaborado novo edital e apenas uma concorrente, a empresa r\u00e9 Rotorbr\u00e1s, foi declarada vencedora.<br \/>\nSegundo o DAER, o Minist\u00e9rio da Aeron\u00e1utica inspecionou a aeronave e concluiu que em v\u00e1rios aspectos n\u00e3o atendia aos requisitos do edital. Apesar do relat\u00f3rio t\u00e9cnico desfavor\u00e1vel, o helic\u00f3ptero foi adquirido pelo valor de R$ 4.134.000,00, sendo que o uso da aeronave se ateve ao transporte de agentes pol\u00edticos do primeiro escal\u00e3o do Estado.<br \/>\nNa Justi\u00e7a, o DAER ingressou com pedido integral de ressarcimento do preju\u00edzo \u00e0 autarquia, pagamento de multa, suspens\u00e3o dos direitos pol\u00edticos dos envolvidos, entre outros.<br \/>\n<span class=\"intertit\">Decis\u00e3o<\/span><br \/>\nA Ju\u00edza Marilei Lacerda Menna afirmou que os documentos, a per\u00edcia e as testemunhas ouvidas comprovam as irregularidades denunciadas na compra da aeronave.<br \/>\n&#8220;A alegada necessidade de aquisi\u00e7\u00e3o do helic\u00f3ptero para o incremento e qualifica\u00e7\u00e3o dos servi\u00e7os de seguran\u00e7a vi\u00e1ria prestados pelo Batalh\u00e3o de Pol\u00edcia Rodovi\u00e1rio veio eivada de qualquer Resolu\u00e7\u00e3o ou Ato do Conselho do DAER indicando a necessidade da aquisi\u00e7\u00e3o da aeronave, assim como n\u00e3o restou demonstrada a exist\u00eancia de estimativas de pre\u00e7os para quando da sua aquisi\u00e7\u00e3o. Gize-se que se trata de dinheiro p\u00fablico, cujos recursos devem ser devidamente calculados a fim de atender a necessidade existente da melhor forma poss\u00edvel&#8221;, ressaltou a Ju\u00edza.<br \/>\nNa decis\u00e3o, a magistrada destaca o conte\u00fado do Di\u00e1rio de Bordo da aeronave, onde \u00e9 poss\u00edvel verificar que a mesma foi utilizada a servi\u00e7o do: Pal\u00e1cio, Secretarias de Turismo, Agricultura, Cultura, Educa\u00e7\u00e3o, entre outros. \u00bfIsto significa dizer que pouco foi utilizada para a sua real destina\u00e7\u00e3o: para opera\u00e7\u00f5es da Brigada Militar\u00bf, afirmou.<br \/>\nTamb\u00e9m, conforme a senten\u00e7a, foi poss\u00edvel constatar que v\u00e1rios voos est\u00e3o descritos como &#8220;transporte do Sr. Governandor do Estado e Comitiva para evento Expoagra, em Rio Pardo&#8221;, &#8220;transporte da comitiva do Governador e Presidente da Assembleia a evento na localidade de Tupanciret\u00e3&#8221;, &#8220;transporte do Governador e comitiva para Passo Fundo&#8221;, entre outros.<br \/>\nO SubComandante do Batalh\u00e3o de Pol\u00edcia Rodovi\u00e1ria do RS \u00e0 \u00e9poca testemunhou que o helic\u00f3ptero adquirido nunca chegou at\u00e9 o Batalh\u00e3o da Pol\u00edcia Rodovi\u00e1ria Estadual, apesar de ter sido adquirido com verbas destinadas ao referido batalh\u00e3o.<br \/>\nPor fim, a Ju\u00edza destacou que n\u00e3o houve qualquer demonstra\u00e7\u00e3o de estudo t\u00e9cnico a fim de embasar a compra da aeronave com as especifica\u00e7\u00f5es contidas no Edital.<br \/>\nA denunciada Eleonora Pessil Santos foi absolvida pois n\u00e3o tinha compet\u00eancia funcional para determinar a destina\u00e7\u00e3o da aeronave objeto da licita\u00e7\u00e3o.<br \/>\nO r\u00e9u Ant\u00f4nio Carlos Pereira de Souza faleceu durante a tramita\u00e7\u00e3o do processo.<br \/>\n<span class=\"intertit\">Condena\u00e7\u00e3o<\/span><br \/>\nOs r\u00e9us Jos\u00e9 Luiz Rocha Paiva, Ant\u00f4nio Carlos Pereira, Ant\u00f4nio Britto Filho, Fl\u00e1vio Luiz Vaz Netto, Andr\u00e9 Porto dos Reis, Luiz Ant\u00f4nio Fraga e Rotorbr\u00e1s Com\u00e9rcio e Ind\u00fastria de Helic\u00f3pteros Ltda. foram condenados, solidariamente a:<br \/>\n* Ressarcir integralmente o dano<br \/>\n* Pagar multa civil no valor de duas vezes o montante do dano, tudo a ser apurado em sede de liquida\u00e7\u00e3o de senten\u00e7a<br \/>\n* Proibi\u00e7\u00e3o de contratarem com o Poder P\u00fablico ou de receberem benef\u00edcios\/incentivos fiscais ou credit\u00edcios pelo prazo de tr\u00eas anos<br \/>\n* Suspens\u00e3o dos direitos pol\u00edticos, com exce\u00e7\u00e3o da r\u00e9 Rotorbr\u00e1s, pelo prazo de cinco anos.<br \/>\n&nbsp;<\/p>\n","protected":false},"excerpt":{"rendered":"<p>Uma decis\u00e3o da 7\u00aa Vara da Fazenda P\u00fablica de Porto Alegre, proferida nesta tarde (6\/9) pela Ju\u00edza de Direito Marilei Lacerda Menna, condenou por improbidade administrativa o ex-governador do Estado Ant\u00f4nio Britto Filho, Jos\u00e9 Luiz Rocha Paiva, Ant\u00f4nio Carlos Pereira, Fl\u00e1vio Luiz Vaz Netto, Andr\u00e9 Porto dos Reis, Luiz Ant\u00f4nio Fraga e Rotorbr\u00e1s Com\u00e9rcio e [&hellip;]<\/p>\n","protected":false},"author":4,"featured_media":0,"comment_status":"open","ping_status":"closed","sticky":false,"template":"","format":"standard","meta":{"_jetpack_newsletter_access":"","_jetpack_dont_email_post_to_subs":false,"_jetpack_newsletter_tier_id":0,"_jetpack_memberships_contains_paywalled_content":false,"_jetpack_feature_clip_id":0,"_jetpack_memberships_contains_paid_content":false,"footnotes":"","jetpack_post_was_ever_published":false},"categories":[2022],"tags":[],"class_list":["post-54815","post","type-post","status-publish","format-standard","hentry","category-notas"],"aioseo_notices":[],"aioseo_head":"\n\t\t<!-- All in One SEO 5.0.1.1 - aioseo.com -->\n\t<meta name=\"robots\" content=\"max-image-preview:large\" \/>\n\t<meta name=\"author\" content=\"da Reda\u00e7\u00e3o\"\/>\n\t<link rel=\"canonical\" href=\"https:\/\/www.jornalja.com.br\/arquivo\/ex-governador-antonio-britto-e-servidores-do-daer-condenados-por-improbidade\/\" \/>\n\t<meta name=\"generator\" content=\"All in One SEO (AIOSEO) 5.0.1.1\" \/>\n\t\t<meta property=\"og:locale\" content=\"pt_BR\" \/>\n\t\t<meta property=\"og:site_name\" content=\"Arquivo | Jornal J\u00c1 | Porto Alegre\" \/>\n\t\t<meta property=\"og:type\" content=\"article\" \/>\n\t\t<meta property=\"og:title\" content=\"Ex-governador Ant\u00f4nio Britto e servidores do DAER condenados por improbidade | Arquivo\" \/>\n\t\t<meta property=\"og:url\" content=\"https:\/\/www.jornalja.com.br\/arquivo\/ex-governador-antonio-britto-e-servidores-do-daer-condenados-por-improbidade\/\" \/>\n\t\t<meta property=\"og:image\" content=\"https:\/\/www.jornalja.com.br\/economics\/wp-content\/uploads\/sites\/11\/2026\/08\/ja-folhaderosto-facebook.jpg\" \/>\n\t\t<meta property=\"og:image:secure_url\" content=\"https:\/\/www.jornalja.com.br\/economics\/wp-content\/uploads\/sites\/11\/2026\/08\/ja-folhaderosto-facebook.jpg\" \/>\n\t\t<meta property=\"article:published_time\" content=\"2017-09-06T22:28:30+00:00\" \/>\n\t\t<meta property=\"article:modified_time\" content=\"2017-09-06T22:28:30+00:00\" \/>\n\t\t<meta name=\"twitter:card\" content=\"summary\" \/>\n\t\t<meta name=\"twitter:title\" content=\"Ex-governador Ant\u00f4nio Britto e servidores do DAER condenados por improbidade | Arquivo\" \/>\n\t\t<meta name=\"twitter:image\" content=\"https:\/\/www.jornalja.com.br\/economics\/wp-content\/uploads\/sites\/11\/2026\/08\/ja-folhaderosto-facebook.jpg\" \/>\n\t\t<script type=\"application\/ld+json\" class=\"aioseo-schema\">\n\t\t\t{\"@context\":\"https:\\\/\\\/schema.org\",\"@graph\":[{\"@type\":\"BlogPosting\",\"@id\":\"https:\\\/\\\/www.jornalja.com.br\\\/arquivo\\\/ex-governador-antonio-britto-e-servidores-do-daer-condenados-por-improbidade\\\/#blogposting\",\"name\":\"Ex-governador Ant\\u00f4nio Britto e servidores do DAER condenados por improbidade | Arquivo\",\"headline\":\"Ex-governador Ant\\u00f4nio Britto e servidores do DAER\\u00a0condenados por improbidade\",\"author\":{\"@id\":\"https:\\\/\\\/www.jornalja.com.br\\\/arquivo\\\/author\\\/daredacao\\\/#author\"},\"publisher\":{\"@id\":\"https:\\\/\\\/www.jornalja.com.br\\\/arquivo\\\/#organization\"},\"image\":{\"@type\":\"ImageObject\",\"url\":\"https:\\\/\\\/www.jornalja.com.br\\\/wp-content\\\/uploads\\\/cards\\\/JAslogan.png\",\"@id\":\"https:\\\/\\\/www.jornalja.com.br\\\/arquivo\\\/#articleImage\"},\"datePublished\":\"2017-09-06T19:28:30-03:00\",\"dateModified\":\"2017-09-06T19:28:30-03:00\",\"inLanguage\":\"pt-BR\",\"mainEntityOfPage\":{\"@id\":\"https:\\\/\\\/www.jornalja.com.br\\\/arquivo\\\/ex-governador-antonio-britto-e-servidores-do-daer-condenados-por-improbidade\\\/#webpage\"},\"isPartOf\":{\"@id\":\"https:\\\/\\\/www.jornalja.com.br\\\/arquivo\\\/ex-governador-antonio-britto-e-servidores-do-daer-condenados-por-improbidade\\\/#webpage\"},\"articleSection\":\"NOTAS\"},{\"@type\":\"BreadcrumbList\",\"@id\":\"https:\\\/\\\/www.jornalja.com.br\\\/arquivo\\\/ex-governador-antonio-britto-e-servidores-do-daer-condenados-por-improbidade\\\/#breadcrumblist\",\"itemListElement\":[{\"@type\":\"ListItem\",\"@id\":\"https:\\\/\\\/www.jornalja.com.br\\\/arquivo#listItem\",\"position\":1,\"name\":\"Home\",\"item\":\"https:\\\/\\\/www.jornalja.com.br\\\/arquivo\",\"nextItem\":{\"@type\":\"ListItem\",\"@id\":\"https:\\\/\\\/www.jornalja.com.br\\\/arquivo\\\/category\\\/notas\\\/#listItem\",\"name\":\"NOTAS\"}},{\"@type\":\"ListItem\",\"@id\":\"https:\\\/\\\/www.jornalja.com.br\\\/arquivo\\\/category\\\/notas\\\/#listItem\",\"position\":2,\"name\":\"NOTAS\",\"item\":\"https:\\\/\\\/www.jornalja.com.br\\\/arquivo\\\/category\\\/notas\\\/\",\"nextItem\":{\"@type\":\"ListItem\",\"@id\":\"https:\\\/\\\/www.jornalja.com.br\\\/arquivo\\\/ex-governador-antonio-britto-e-servidores-do-daer-condenados-por-improbidade\\\/#listItem\",\"name\":\"Ex-governador Ant\\u00f4nio Britto e servidores do DAER\\u00a0condenados por improbidade\"},\"previousItem\":{\"@type\":\"ListItem\",\"@id\":\"https:\\\/\\\/www.jornalja.com.br\\\/arquivo#listItem\",\"name\":\"Home\"}},{\"@type\":\"ListItem\",\"@id\":\"https:\\\/\\\/www.jornalja.com.br\\\/arquivo\\\/ex-governador-antonio-britto-e-servidores-do-daer-condenados-por-improbidade\\\/#listItem\",\"position\":3,\"name\":\"Ex-governador Ant\\u00f4nio Britto e servidores do DAER\\u00a0condenados por improbidade\",\"previousItem\":{\"@type\":\"ListItem\",\"@id\":\"https:\\\/\\\/www.jornalja.com.br\\\/arquivo\\\/category\\\/notas\\\/#listItem\",\"name\":\"NOTAS\"}}]},{\"@type\":\"Organization\",\"@id\":\"https:\\\/\\\/www.jornalja.com.br\\\/arquivo\\\/#organization\",\"name\":\"Jornal J\\u00c1\",\"description\":\"Jornal J\\u00c1 | Porto Alegre\",\"url\":\"https:\\\/\\\/www.jornalja.com.br\\\/arquivo\\\/\",\"telephone\":\"+555133307272\",\"logo\":{\"@type\":\"ImageObject\",\"url\":\"https:\\\/\\\/www.jornalja.com.br\\\/wp-content\\\/uploads\\\/cards\\\/JAslogan.png\",\"@id\":\"https:\\\/\\\/www.jornalja.com.br\\\/arquivo\\\/ex-governador-antonio-britto-e-servidores-do-daer-condenados-por-improbidade\\\/#organizationLogo\"},\"image\":{\"@id\":\"https:\\\/\\\/www.jornalja.com.br\\\/arquivo\\\/ex-governador-antonio-britto-e-servidores-do-daer-condenados-por-improbidade\\\/#organizationLogo\"}},{\"@type\":\"Person\",\"@id\":\"https:\\\/\\\/www.jornalja.com.br\\\/arquivo\\\/author\\\/daredacao\\\/#author\",\"url\":\"https:\\\/\\\/www.jornalja.com.br\\\/arquivo\\\/author\\\/daredacao\\\/\",\"name\":\"da Reda\\u00e7\\u00e3o\",\"image\":{\"@type\":\"ImageObject\",\"@id\":\"https:\\\/\\\/www.jornalja.com.br\\\/arquivo\\\/ex-governador-antonio-britto-e-servidores-do-daer-condenados-por-improbidade\\\/#authorImage\",\"url\":\"https:\\\/\\\/secure.gravatar.com\\\/avatar\\\/469fd857d6605ad19919d27ed29d35a968a25f6e8fd9318356bbb7f57aae9c65?s=96&d=mm&r=g\",\"width\":96,\"height\":96,\"caption\":\"da Reda\\u00e7\\u00e3o\"}},{\"@type\":\"WebPage\",\"@id\":\"https:\\\/\\\/www.jornalja.com.br\\\/arquivo\\\/ex-governador-antonio-britto-e-servidores-do-daer-condenados-por-improbidade\\\/#webpage\",\"url\":\"https:\\\/\\\/www.jornalja.com.br\\\/arquivo\\\/ex-governador-antonio-britto-e-servidores-do-daer-condenados-por-improbidade\\\/\",\"name\":\"Ex-governador Ant\\u00f4nio Britto e servidores do DAER condenados por improbidade | Arquivo\",\"inLanguage\":\"pt-BR\",\"isPartOf\":{\"@id\":\"https:\\\/\\\/www.jornalja.com.br\\\/arquivo\\\/#website\"},\"breadcrumb\":{\"@id\":\"https:\\\/\\\/www.jornalja.com.br\\\/arquivo\\\/ex-governador-antonio-britto-e-servidores-do-daer-condenados-por-improbidade\\\/#breadcrumblist\"},\"author\":{\"@id\":\"https:\\\/\\\/www.jornalja.com.br\\\/arquivo\\\/author\\\/daredacao\\\/#author\"},\"creator\":{\"@id\":\"https:\\\/\\\/www.jornalja.com.br\\\/arquivo\\\/author\\\/daredacao\\\/#author\"},\"datePublished\":\"2017-09-06T19:28:30-03:00\",\"dateModified\":\"2017-09-06T19:28:30-03:00\"},{\"@type\":\"WebSite\",\"@id\":\"https:\\\/\\\/www.jornalja.com.br\\\/arquivo\\\/#website\",\"url\":\"https:\\\/\\\/www.jornalja.com.br\\\/arquivo\\\/\",\"name\":\"Arquivo\",\"description\":\"Jornal J\\u00c1 | Porto Alegre\",\"inLanguage\":\"pt-BR\",\"publisher\":{\"@id\":\"https:\\\/\\\/www.jornalja.com.br\\\/arquivo\\\/#organization\"}}]}\n\t\t<\/script>\n\t\t<!-- All in One SEO -->\n\n","aioseo_head_json":{"title":"Ex-governador Ant\u00f4nio Britto e servidores do DAER condenados por improbidade | Arquivo","description":"","canonical_url":"https:\/\/www.jornalja.com.br\/arquivo\/ex-governador-antonio-britto-e-servidores-do-daer-condenados-por-improbidade\/","robots":"max-image-preview:large","keywords":"","webmasterTools":{"miscellaneous":""},"schema":{"@context":"https:\/\/schema.org","@graph":[{"@type":"BlogPosting","@id":"https:\/\/www.jornalja.com.br\/arquivo\/ex-governador-antonio-britto-e-servidores-do-daer-condenados-por-improbidade\/#blogposting","name":"Ex-governador Ant\u00f4nio Britto e servidores do DAER condenados por improbidade | Arquivo","headline":"Ex-governador Ant\u00f4nio Britto e servidores do DAER\u00a0condenados por improbidade","author":{"@id":"https:\/\/www.jornalja.com.br\/arquivo\/author\/daredacao\/#author"},"publisher":{"@id":"https:\/\/www.jornalja.com.br\/arquivo\/#organization"},"image":{"@type":"ImageObject","url":"https:\/\/www.jornalja.com.br\/wp-content\/uploads\/cards\/JAslogan.png","@id":"https:\/\/www.jornalja.com.br\/arquivo\/#articleImage"},"datePublished":"2017-09-06T19:28:30-03:00","dateModified":"2017-09-06T19:28:30-03:00","inLanguage":"pt-BR","mainEntityOfPage":{"@id":"https:\/\/www.jornalja.com.br\/arquivo\/ex-governador-antonio-britto-e-servidores-do-daer-condenados-por-improbidade\/#webpage"},"isPartOf":{"@id":"https:\/\/www.jornalja.com.br\/arquivo\/ex-governador-antonio-britto-e-servidores-do-daer-condenados-por-improbidade\/#webpage"},"articleSection":"NOTAS"},{"@type":"BreadcrumbList","@id":"https:\/\/www.jornalja.com.br\/arquivo\/ex-governador-antonio-britto-e-servidores-do-daer-condenados-por-improbidade\/#breadcrumblist","itemListElement":[{"@type":"ListItem","@id":"https:\/\/www.jornalja.com.br\/arquivo#listItem","position":1,"name":"Home","item":"https:\/\/www.jornalja.com.br\/arquivo","nextItem":{"@type":"ListItem","@id":"https:\/\/www.jornalja.com.br\/arquivo\/category\/notas\/#listItem","name":"NOTAS"}},{"@type":"ListItem","@id":"https:\/\/www.jornalja.com.br\/arquivo\/category\/notas\/#listItem","position":2,"name":"NOTAS","item":"https:\/\/www.jornalja.com.br\/arquivo\/category\/notas\/","nextItem":{"@type":"ListItem","@id":"https:\/\/www.jornalja.com.br\/arquivo\/ex-governador-antonio-britto-e-servidores-do-daer-condenados-por-improbidade\/#listItem","name":"Ex-governador Ant\u00f4nio Britto e servidores do DAER\u00a0condenados por improbidade"},"previousItem":{"@type":"ListItem","@id":"https:\/\/www.jornalja.com.br\/arquivo#listItem","name":"Home"}},{"@type":"ListItem","@id":"https:\/\/www.jornalja.com.br\/arquivo\/ex-governador-antonio-britto-e-servidores-do-daer-condenados-por-improbidade\/#listItem","position":3,"name":"Ex-governador Ant\u00f4nio Britto e servidores do DAER\u00a0condenados por improbidade","previousItem":{"@type":"ListItem","@id":"https:\/\/www.jornalja.com.br\/arquivo\/category\/notas\/#listItem","name":"NOTAS"}}]},{"@type":"Organization","@id":"https:\/\/www.jornalja.com.br\/arquivo\/#organization","name":"Jornal J\u00c1","description":"Jornal J\u00c1 | Porto Alegre","url":"https:\/\/www.jornalja.com.br\/arquivo\/","telephone":"+555133307272","logo":{"@type":"ImageObject","url":"https:\/\/www.jornalja.com.br\/wp-content\/uploads\/cards\/JAslogan.png","@id":"https:\/\/www.jornalja.com.br\/arquivo\/ex-governador-antonio-britto-e-servidores-do-daer-condenados-por-improbidade\/#organizationLogo"},"image":{"@id":"https:\/\/www.jornalja.com.br\/arquivo\/ex-governador-antonio-britto-e-servidores-do-daer-condenados-por-improbidade\/#organizationLogo"}},{"@type":"Person","@id":"https:\/\/www.jornalja.com.br\/arquivo\/author\/daredacao\/#author","url":"https:\/\/www.jornalja.com.br\/arquivo\/author\/daredacao\/","name":"da Reda\u00e7\u00e3o","image":{"@type":"ImageObject","@id":"https:\/\/www.jornalja.com.br\/arquivo\/ex-governador-antonio-britto-e-servidores-do-daer-condenados-por-improbidade\/#authorImage","url":"https:\/\/secure.gravatar.com\/avatar\/469fd857d6605ad19919d27ed29d35a968a25f6e8fd9318356bbb7f57aae9c65?s=96&d=mm&r=g","width":96,"height":96,"caption":"da Reda\u00e7\u00e3o"}},{"@type":"WebPage","@id":"https:\/\/www.jornalja.com.br\/arquivo\/ex-governador-antonio-britto-e-servidores-do-daer-condenados-por-improbidade\/#webpage","url":"https:\/\/www.jornalja.com.br\/arquivo\/ex-governador-antonio-britto-e-servidores-do-daer-condenados-por-improbidade\/","name":"Ex-governador Ant\u00f4nio Britto e servidores do DAER condenados por improbidade | Arquivo","inLanguage":"pt-BR","isPartOf":{"@id":"https:\/\/www.jornalja.com.br\/arquivo\/#website"},"breadcrumb":{"@id":"https:\/\/www.jornalja.com.br\/arquivo\/ex-governador-antonio-britto-e-servidores-do-daer-condenados-por-improbidade\/#breadcrumblist"},"author":{"@id":"https:\/\/www.jornalja.com.br\/arquivo\/author\/daredacao\/#author"},"creator":{"@id":"https:\/\/www.jornalja.com.br\/arquivo\/author\/daredacao\/#author"},"datePublished":"2017-09-06T19:28:30-03:00","dateModified":"2017-09-06T19:28:30-03:00"},{"@type":"WebSite","@id":"https:\/\/www.jornalja.com.br\/arquivo\/#website","url":"https:\/\/www.jornalja.com.br\/arquivo\/","name":"Arquivo","description":"Jornal J\u00c1 | Porto Alegre","inLanguage":"pt-BR","publisher":{"@id":"https:\/\/www.jornalja.com.br\/arquivo\/#organization"}}]},"og:locale":"pt_BR","og:site_name":"Arquivo | Jornal J\u00c1 | Porto Alegre","og:type":"article","og:title":"Ex-governador Ant\u00f4nio Britto e servidores do DAER condenados por improbidade | Arquivo","og:url":"https:\/\/www.jornalja.com.br\/arquivo\/ex-governador-antonio-britto-e-servidores-do-daer-condenados-por-improbidade\/","og:image":"https:\/\/www.jornalja.com.br\/economics\/wp-content\/uploads\/sites\/11\/2026\/08\/ja-folhaderosto-facebook.jpg","og:image:secure_url":"https:\/\/www.jornalja.com.br\/economics\/wp-content\/uploads\/sites\/11\/2026\/08\/ja-folhaderosto-facebook.jpg","article:published_time":"2017-09-06T22:28:30+00:00","article:modified_time":"2017-09-06T22:28:30+00:00","twitter:card":"summary","twitter:title":"Ex-governador Ant\u00f4nio Britto e servidores do DAER condenados por improbidade | Arquivo","twitter:image":"https:\/\/www.jornalja.com.br\/economics\/wp-content\/uploads\/sites\/11\/2026\/08\/ja-folhaderosto-facebook.jpg"},"aioseo_meta_data":{"post_id":"54815","title":null,"description":null,"keywords":null,"keyphrases":null,"primary_term":null,"canonical_url":null,"og_title":null,"og_description":null,"og_object_type":"default","og_image_type":"default","og_image_url":null,"og_image_width":null,"og_image_height":null,"og_image_custom_url":null,"og_image_custom_fields":null,"og_video":null,"og_custom_url":null,"og_article_section":null,"og_article_tags":null,"twitter_use_og":false,"twitter_card":"default","twitter_image_type":"default","twitter_image_url":null,"twitter_image_custom_url":null,"twitter_image_custom_fields":null,"twitter_title":null,"twitter_description":null,"schema":{"blockGraphs":[],"customGraphs":[],"default":{"data":{"Article":[],"Course":[],"Dataset":[],"FAQPage":[],"Movie":[],"Person":[],"Product":[],"ProductReview":[],"Car":[],"Recipe":[],"Service":[],"SoftwareApplication":[],"WebPage":[]},"graphName":"","isEnabled":true},"graphs":[]},"schema_type":null,"schema_type_options":null,"pillar_content":false,"robots_default":true,"robots_noindex":false,"robots_noarchive":false,"robots_nosnippet":false,"robots_nofollow":false,"robots_noimageindex":false,"robots_noodp":false,"robots_notranslate":false,"robots_max_snippet":null,"robots_max_videopreview":null,"robots_max_imagepreview":"large","priority":null,"frequency":null,"location":null,"local_seo":null,"breadcrumb_settings":null,"limit_modified_date":false,"ai":null,"created":"2020-12-20 20:25:01","updated":"2025-07-20 00:56:37","seo_analyzer_scan_date":null,"focus_keyword":null,"additional_keywords":null,"truseo_locale":null},"jetpack_sharing_enabled":true,"jetpack-related-posts":[{"id":14241,"url":"https:\/\/www.jornalja.com.br\/arquivo\/o-guaiba-nas-imagens-poeticas-de-achutti\/","url_meta":{"origin":54815,"position":0},"title":"O Gua\u00edba nas imagens po\u00e9ticas de Achutti","author":"da Reda\u00e7\u00e3o","date":"18 de junho de 2014","format":false,"excerpt":"Em \u201cO Gua\u00edba por Achutti\u201d \u2013 obra financiada via Minist\u00e9rio da Cultura, produ\u00e7\u00e3o executiva de Pedro Longhi, e Fl\u00e1vio Wild como designer \u2013, o fot\u00f3grafo revela a beleza e as mazelas de um espa\u00e7o aqu\u00e1tico de \u00e1guas sempre renovadas, cheio de hist\u00f3rias e lendas como as das cidades que foram\u2026","rel":"","context":"Em &quot;Cultura-Geral&quot;","block_context":{"text":"Cultura-Geral","link":"https:\/\/www.jornalja.com.br\/arquivo\/category\/materiasecundaria\/"},"img":{"alt_text":"","src":"","width":0,"height":0},"classes":[]},{"id":13124,"url":"https:\/\/www.jornalja.com.br\/arquivo\/sangue-latino-no-iecine\/","url_meta":{"origin":54815,"position":1},"title":"Sangue latino no IECINE","author":"da Reda\u00e7\u00e3o","date":"18 de maio de 2014","format":false,"excerpt":"Francisco Ribeiro O Instituto Estadual de Cinema (IECINE) tem a frente, desde abril \u00faltimo, um novo diretor, o cineasta colombiano Juan Zapata, 36, que substitui Luiz Alberto Cassol. Radicado h\u00e1 dez anos em Porto Alegre, Zapata tem diante de si o desafio de conduzir at\u00e9 o final do ano um\u2026","rel":"","context":"Em &quot;Cultura-Geral&quot;","block_context":{"text":"Cultura-Geral","link":"https:\/\/www.jornalja.com.br\/arquivo\/category\/materiasecundaria\/"},"img":{"alt_text":"","src":"","width":0,"height":0},"classes":[]},{"id":5440,"url":"https:\/\/www.jornalja.com.br\/arquivo\/casarao-da-venancio-destino-permanece-incerto\/","url_meta":{"origin":54815,"position":2},"title":"Estado ainda n\u00e3o sabe o que fazer com casar\u00e3o abandonado h\u00e1 20 anos","author":"Elmar Bones","date":"6 de julho de 2009","format":false,"excerpt":"O casar\u00e3o amarelo, numa esquina nobre de Porto Alegre (Ven\u00e2ncio Aires com Jo\u00e3o Pessoa), j\u00e1 abrigou uma escola. H\u00e1 duas d\u00e9cadas, pelo menos, est\u00e1 abandonado, porque seu propriet\u00e1rio, o governo do Estado do Rio Grande do Sul, n\u00e3o consegue achar um destino para ele. Planos n\u00e3o faltaram. O governador Ol\u00edvio\u2026","rel":"","context":"Em &quot;X.Categorias velhas&quot;","block_context":{"text":"X.Categorias velhas","link":"https:\/\/www.jornalja.com.br\/arquivo\/category\/x-categorias-velhas\/"},"img":{"alt_text":"geraldo1","src":"https:\/\/i0.wp.com\/www.jornalja.com.br\/wp-content\/uploads\/2009\/07\/geraldo1.jpg?resize=350%2C200&ssl=1","width":350,"height":200},"classes":[]},{"id":13128,"url":"https:\/\/www.jornalja.com.br\/arquivo\/maconha-terra-diz-que-uso-medicinal-e-desculpa\/","url_meta":{"origin":54815,"position":3},"title":"Maconha: Terra diz que uso medicinal \u00e9 desculpa","author":"Patr\u00edcia Marini","date":"4 de junho de 2014","format":false,"excerpt":"A condi\u00e7\u00e3o de pol\u00edtico, em \u00e9poca de campanha de campanha eleitoral, tira for\u00e7a do discurso do m\u00e9dico Osmar Terra contra a legaliza\u00e7\u00e3o da maconha. A tese dele de que a libera\u00e7\u00e3o vai ampliar exponencialmente o consumo \u00e9 discutivel, o consumo \u00e9 corrente. Mas seus alertas quanto aos riscos tem que\u2026","rel":"","context":"Em &quot;X.Categorias velhas&quot;","block_context":{"text":"X.Categorias velhas","link":"https:\/\/www.jornalja.com.br\/arquivo\/category\/x-categorias-velhas\/"},"img":{"alt_text":"","src":"","width":0,"height":0},"classes":[]},{"id":12960,"url":"https:\/\/www.jornalja.com.br\/arquivo\/populacao-culpa-empresas-pela-greve-dos-rodoviarios\/","url_meta":{"origin":54815,"position":4},"title":"Popula\u00e7\u00e3o culpa empresas pela greve","author":"Patr\u00edcia Marini","date":"14 de fevereiro de 2014","format":false,"excerpt":"Pesquisa divulgada na edi\u00e7\u00e3o do jornal Metro desta sexta-feira,14, comprova o velho ditado: \u00e9 poss\u00edvel enganar muitos por algum tempo, mas n\u00e3o \u00e9 poss\u00edvel enganar a todos o tempo inteiro. A principal revela\u00e7\u00e3o foi que 59,8% dos entrevistados apontaram as empresas como as principais respons\u00e1veis pela grave e 46% culparam\u2026","rel":"","context":"Em &quot;X.Categorias velhas&quot;","block_context":{"text":"X.Categorias velhas","link":"https:\/\/www.jornalja.com.br\/arquivo\/category\/x-categorias-velhas\/"},"img":{"alt_text":"","src":"","width":0,"height":0},"classes":[]}],"jetpack_shortlink":"https:\/\/wp.me\/pbQjBd-eg7","jetpack_featured_media_url":"","_links":{"self":[{"href":"https:\/\/www.jornalja.com.br\/arquivo\/wp-json\/wp\/v2\/posts\/54815","targetHints":{"allow":["GET"]}}],"collection":[{"href":"https:\/\/www.jornalja.com.br\/arquivo\/wp-json\/wp\/v2\/posts"}],"about":[{"href":"https:\/\/www.jornalja.com.br\/arquivo\/wp-json\/wp\/v2\/types\/post"}],"author":[{"embeddable":true,"href":"https:\/\/www.jornalja.com.br\/arquivo\/wp-json\/wp\/v2\/users\/4"}],"replies":[{"embeddable":true,"href":"https:\/\/www.jornalja.com.br\/arquivo\/wp-json\/wp\/v2\/comments?post=54815"}],"version-history":[{"count":0,"href":"https:\/\/www.jornalja.com.br\/arquivo\/wp-json\/wp\/v2\/posts\/54815\/revisions"}],"wp:attachment":[{"href":"https:\/\/www.jornalja.com.br\/arquivo\/wp-json\/wp\/v2\/media?parent=54815"}],"wp:term":[{"taxonomy":"category","embeddable":true,"href":"https:\/\/www.jornalja.com.br\/arquivo\/wp-json\/wp\/v2\/categories?post=54815"},{"taxonomy":"post_tag","embeddable":true,"href":"https:\/\/www.jornalja.com.br\/arquivo\/wp-json\/wp\/v2\/tags?post=54815"}],"curies":[{"name":"wp","href":"https:\/\/api.w.org\/{rel}","templated":true}]}}