{"id":54824,"date":"2017-09-06T20:29:16","date_gmt":"2017-09-06T23:29:16","guid":{"rendered":"https:\/\/www.jornalja.com.br\/?p=54824"},"modified":"2017-09-06T20:29:16","modified_gmt":"2017-09-06T23:29:16","slug":"operacao-lava-jato-palocci-diz-que-odebrecht-pagou-vantagens-a-lula","status":"publish","type":"post","link":"https:\/\/www.jornalja.com.br\/arquivo\/operacao-lava-jato-palocci-diz-que-odebrecht-pagou-vantagens-a-lula\/","title":{"rendered":"Opera\u00e7\u00e3o Lava Jato: Palocci diz que Odebrecht pagou vantagens a Lula"},"content":{"rendered":"<p>O ex-ministro Ant\u00f4nio Palocci disse hoje (6) que a Odebrecht adquiriu um apartamento em S\u00e3o Bernardo do Campo para o ex-presidente Luiz In\u00e1cio Lula da Silva e um terreno para a constru\u00e7\u00e3o do Instituto Lula, como compensa\u00e7\u00e3o pelas vantagens que a empresa recebeu durante o governo do petista. Ele dep\u00f4s diante do juiz federal S\u00e9rgio Moro, em Curitiba, na condi\u00e7\u00e3o de r\u00e9u da a\u00e7\u00e3o penal da Opere\u00e7\u00e3o Lava Jato que apura estes fatos, apresentados em den\u00fancia do Minist\u00e9rio P\u00fablico Federal (MPF).<br \/>\n\u201cEu queria dizer, a princ\u00edpio, que a den\u00fancia procede. Os fatos narrados nela s\u00e3o verdadeiros. Eu diria apenas que os fatos narrados nessa den\u00fancia dizem respeito a um cap\u00edtulo de um livro ainda maior de um relacionamento da Odebrecht com o governo do ex-presidente Lula e da ex-presidente Dilma, que foi uma rela\u00e7\u00e3o bastante intensa, bastante movida a vantagens dirigidas \u00e0 empresa, a propinas pagas pela Odebrecht para agentes p\u00fablicos em forma de doa\u00e7\u00e3o de campanha, em forma de benef\u00edcios pessoais, em forma de caixa 1 e caixa 2\u201d, disse Palocci ao iniciar o depoimento. \u201cE eu tenho conhecimento porque participei de boa parte desses entendimentos na qualidade de ministro da Fazenda do presidente Lula e ministro da Casa Civil da presidente Dilma\u201d.<br \/>\nO ex-ministro detalhou, ainda, como as diretorias da Petrobras foram divididas entre os tr\u00eas principais partidos que compunham o governo durante as administra\u00e7\u00f5es petistas. \u201cNa Diretoria de Servi\u00e7os, [ficou] o PT, na Diretoria Internacional, o PMDB, e na Diretoria de Abastecimento, o PP. Desenvolveu-se uma rela\u00e7\u00e3o de intenso financiamento partid\u00e1rio de pol\u00edticos, pessoas, empresas. Esse foi um il\u00edcito crescente na Petrobras, at\u00e9 porque as obras cresceram muito e, com elas, os il\u00edcitos\u201d, disse.<br \/>\nPalocci tamb\u00e9m disse a Moro que conversava com Lula sobre essas rela\u00e7\u00f5es. Ele narrou como foi questionado pelo ex-presidente em 2007 se estaria havendo \u201cmuita corrup\u00e7\u00e3o\u201d nas diretorias de Servi\u00e7os e de Abastecimento.<br \/>\nSegundo o ex-ministro, a Odebrecht repassou R$ 4 milh\u00f5es em esp\u00e9cie ao Instituto Lula como propina. Palocci disse ainda que a empreiteira havia disponibilizado uma reserva de R$ 300 milh\u00f5es em propina ao PT, e que o ex-presidente sabia se tratar de \u201cdinheiro sujo\u201d.<br \/>\n<strong>Dilma<\/strong><br \/>\nAnt\u00f4nio Palocci contou que havia uma desconfian\u00e7a da Odebrecht quanto \u00e0 elei\u00e7\u00e3o da ex-presidente Dilma Rousseff. Ele narrou uma reuni\u00e3o que teria ocorrido no dia 30 de dezembro de 2010 entre Lula e Em\u00edlio Odebrecht, dono da empreiteira.<br \/>\n\u201cNessa reuni\u00e3o, o presidente Lula leva Dilma, presidente eleita, para que ele diga a ela das rela\u00e7\u00f5es que ele tinha com a Odebrecht e que ele queria que ela preservasse o conjunto daquelas rela\u00e7\u00f5es em todos os seus aspectos, l\u00edcitos e il\u00edcitos\u201d, contou o ex-ministro. Ele disse que n\u00e3o estava na reuni\u00e3o, mas que ficou sabendo dela atrav\u00e9s de Lula.<br \/>\nEm seguida, Palocci disse que a Odebrecht foi beneficiada durante o governo Dilma em algumas situa\u00e7\u00f5es. A pedido do juiz S\u00e9rgio Moro, o ex-ministro citou como exemplo que a empreiteira desejava assumir a administra\u00e7\u00e3o de um aeroporto de grande porte e havia perdido as licita\u00e7\u00f5es para concess\u00e3o dos aeroportos de Guarulhos, Campinas e Bras\u00edlia. Segundo ele, a licita\u00e7\u00e3o do aeroporto do Gale\u00e3o, no Rio de Janeiro, foi direcionada para que a empreiteira vencesse o certame. \u201cHavia uma cl\u00e1usula que impedia o vencedor da licita\u00e7\u00e3o de Cumbica de participar da licita\u00e7\u00e3o do Gale\u00e3o em condi\u00e7\u00f5es livres. Isso foi colocado por solicita\u00e7\u00e3o da Odebrecht\u201d, contou.<br \/>\n<strong>Detido em Curitiba<\/strong><br \/>\nO ex-ministro est\u00e1 detido na carceragem da Pol\u00edcia Federal (PF) de Curitiba. Ele j\u00e1 foi condenado em outra a\u00e7\u00e3o penal da Lava Jato a 12 anos de pris\u00e3o por corrup\u00e7\u00e3o passiva e lavagem de dinheiro.<br \/>\nNeste processo, o Minist\u00e9rio P\u00fablico Federal (MPF) afirma que o Grupo Odebrecht comprou um terreno no valor de R$ 12,4 milh\u00f5es para a constru\u00e7\u00e3o do Instituto Lula \u2014 obra que n\u00e3o chegou a ser executada. Ainda segundo a den\u00fancia, o ex-presidente tamb\u00e9m recebeu como vantagem indevida da empreiteira uma cobertura vizinha ao apartamento onde mora, em S\u00e3o Bernardo do Campo.<br \/>\nO depoimento do ex-presidente Lula nesta a\u00e7\u00e3o penal est\u00e1 marcado para o dia 13 de setembro.<br \/>\n<strong>Outro lado<\/strong><br \/>\nO Instituto Lula, em sua p\u00e1gina no Facebook, divulgou uma nota em que diz que o depoimento de Antonio Palloci \u00e9 contradit\u00f3ria \u201c com outros depoimentos de testemunhas, r\u00e9us, delatores da Odebrecht e provas e que s\u00f3 se compreende dentro da situa\u00e7\u00e3o de um homem preso e condenado em outros processos\u201d e que busca negociar com o MPF e com o juiz S\u00e9rgio Moro um acordo de dela\u00e7\u00e3o premiada \u201cque exige que se justifique acusa\u00e7\u00f5es falsas e sem provas contra o ex-presidente Lula\u201d.<br \/>\n\u201cPalocci repete o papel de r\u00e9u que n\u00e3o s\u00f3 desiste de\u00a0se defender como, sem o compromisso de dizer a verdade, valida as acusa\u00e7\u00f5es do Minist\u00e9rio P\u00fablico para obter redu\u00e7\u00e3o de pena e que no processo do tr\u00edplex foi de L\u00e9o Pinheiro\u201d, diz a nota.<br \/>\nA nota tamb\u00e9m diz que a acusa\u00e7\u00e3o do Minist\u00e9rio P\u00fablico usa o argumento de que o terreno teria sido comprado com \u201ccom recursos desviados de contratos da Petrobr\u00e1s\u201d s\u00f3 para poder ser julgado dentro do \u00e2mbito da Opera\u00e7\u00e3o Lava Jato pelo juiz S\u00e9rgio Moro e que \u201cn\u00e3o h\u00e1 nada no processo ou no depoimento de Palocci que confirme isso\u201d. Tamb\u00e9m cita que Palocci falou de uma s\u00e9rie de reuni\u00f5es onde \u201cn\u00e3o estava e de outras onde n\u00e3o haveriam testemunhas de suas conversas. Todas falas sem provas.\u201d<br \/>\nO Instituto Lula reafirma, na nota, que jamais solicitou ou recebeu qualquer terreno da Odebrecht e que nunca teve outra sede al\u00e9m daquela em que instituto funciona atualmente. Lula reafirmou que \u201cjamais cometeu qualquer il\u00edcito nem antes, nem durante, nem depois de exercer dois mandatos de presidente da Rep\u00fablica eleito pela popula\u00e7\u00e3o brasileira.\u201d<br \/>\n<em>Da Ag\u00eancia Brasil<\/em><\/p>\n","protected":false},"excerpt":{"rendered":"<p>O ex-ministro Ant\u00f4nio Palocci disse hoje (6) que a Odebrecht adquiriu um apartamento em S\u00e3o Bernardo do Campo para o ex-presidente Luiz In\u00e1cio Lula da Silva e um terreno para a constru\u00e7\u00e3o do Instituto Lula, como compensa\u00e7\u00e3o pelas vantagens que a empresa recebeu durante o governo do petista. Ele dep\u00f4s diante do juiz federal S\u00e9rgio [&hellip;]<\/p>\n","protected":false},"author":4,"featured_media":0,"comment_status":"open","ping_status":"closed","sticky":false,"template":"","format":"standard","meta":{"_jetpack_newsletter_access":"","_jetpack_dont_email_post_to_subs":false,"_jetpack_newsletter_tier_id":0,"_jetpack_memberships_contains_paywalled_content":false,"_jetpack_feature_clip_id":0,"_jetpack_memberships_contains_paid_content":false,"footnotes":"","jetpack_post_was_ever_published":false},"categories":[2022],"tags":[],"class_list":["post-54824","post","type-post","status-publish","format-standard","hentry","category-notas"],"aioseo_notices":[],"aioseo_head":"\n\t\t<!-- All in One SEO 5.0.1.1 - aioseo.com -->\n\t<meta name=\"robots\" content=\"max-image-preview:large\" \/>\n\t<meta name=\"author\" content=\"da Reda\u00e7\u00e3o\"\/>\n\t<link rel=\"canonical\" href=\"https:\/\/www.jornalja.com.br\/arquivo\/operacao-lava-jato-palocci-diz-que-odebrecht-pagou-vantagens-a-lula\/\" \/>\n\t<meta name=\"generator\" content=\"All in One SEO (AIOSEO) 5.0.1.1\" \/>\n\t\t<meta property=\"og:locale\" content=\"pt_BR\" \/>\n\t\t<meta property=\"og:site_name\" content=\"Arquivo | Jornal J\u00c1 | Porto Alegre\" \/>\n\t\t<meta property=\"og:type\" content=\"article\" \/>\n\t\t<meta property=\"og:title\" content=\"Opera\u00e7\u00e3o Lava Jato: Palocci diz que Odebrecht pagou vantagens a Lula | Arquivo\" \/>\n\t\t<meta property=\"og:url\" content=\"https:\/\/www.jornalja.com.br\/arquivo\/operacao-lava-jato-palocci-diz-que-odebrecht-pagou-vantagens-a-lula\/\" \/>\n\t\t<meta property=\"og:image\" content=\"https:\/\/www.jornalja.com.br\/economics\/wp-content\/uploads\/sites\/11\/2026\/08\/ja-folhaderosto-facebook.jpg\" \/>\n\t\t<meta property=\"og:image:secure_url\" content=\"https:\/\/www.jornalja.com.br\/economics\/wp-content\/uploads\/sites\/11\/2026\/08\/ja-folhaderosto-facebook.jpg\" \/>\n\t\t<meta property=\"article:published_time\" content=\"2017-09-06T23:29:16+00:00\" \/>\n\t\t<meta property=\"article:modified_time\" content=\"2017-09-06T23:29:16+00:00\" \/>\n\t\t<meta name=\"twitter:card\" content=\"summary\" \/>\n\t\t<meta name=\"twitter:title\" content=\"Opera\u00e7\u00e3o Lava Jato: Palocci diz que Odebrecht pagou vantagens a Lula | Arquivo\" \/>\n\t\t<meta name=\"twitter:image\" content=\"https:\/\/www.jornalja.com.br\/economics\/wp-content\/uploads\/sites\/11\/2026\/08\/ja-folhaderosto-facebook.jpg\" \/>\n\t\t<script type=\"application\/ld+json\" class=\"aioseo-schema\">\n\t\t\t{\"@context\":\"https:\\\/\\\/schema.org\",\"@graph\":[{\"@type\":\"BlogPosting\",\"@id\":\"https:\\\/\\\/www.jornalja.com.br\\\/arquivo\\\/operacao-lava-jato-palocci-diz-que-odebrecht-pagou-vantagens-a-lula\\\/#blogposting\",\"name\":\"Opera\\u00e7\\u00e3o Lava Jato: Palocci diz que Odebrecht pagou vantagens a Lula | Arquivo\",\"headline\":\"Opera\\u00e7\\u00e3o Lava Jato: Palocci diz que Odebrecht pagou vantagens a Lula\",\"author\":{\"@id\":\"https:\\\/\\\/www.jornalja.com.br\\\/arquivo\\\/author\\\/daredacao\\\/#author\"},\"publisher\":{\"@id\":\"https:\\\/\\\/www.jornalja.com.br\\\/arquivo\\\/#organization\"},\"image\":{\"@type\":\"ImageObject\",\"url\":\"https:\\\/\\\/www.jornalja.com.br\\\/wp-content\\\/uploads\\\/cards\\\/JAslogan.png\",\"@id\":\"https:\\\/\\\/www.jornalja.com.br\\\/arquivo\\\/#articleImage\"},\"datePublished\":\"2017-09-06T20:29:16-03:00\",\"dateModified\":\"2017-09-06T20:29:16-03:00\",\"inLanguage\":\"pt-BR\",\"mainEntityOfPage\":{\"@id\":\"https:\\\/\\\/www.jornalja.com.br\\\/arquivo\\\/operacao-lava-jato-palocci-diz-que-odebrecht-pagou-vantagens-a-lula\\\/#webpage\"},\"isPartOf\":{\"@id\":\"https:\\\/\\\/www.jornalja.com.br\\\/arquivo\\\/operacao-lava-jato-palocci-diz-que-odebrecht-pagou-vantagens-a-lula\\\/#webpage\"},\"articleSection\":\"NOTAS\"},{\"@type\":\"BreadcrumbList\",\"@id\":\"https:\\\/\\\/www.jornalja.com.br\\\/arquivo\\\/operacao-lava-jato-palocci-diz-que-odebrecht-pagou-vantagens-a-lula\\\/#breadcrumblist\",\"itemListElement\":[{\"@type\":\"ListItem\",\"@id\":\"https:\\\/\\\/www.jornalja.com.br\\\/arquivo#listItem\",\"position\":1,\"name\":\"Home\",\"item\":\"https:\\\/\\\/www.jornalja.com.br\\\/arquivo\",\"nextItem\":{\"@type\":\"ListItem\",\"@id\":\"https:\\\/\\\/www.jornalja.com.br\\\/arquivo\\\/category\\\/notas\\\/#listItem\",\"name\":\"NOTAS\"}},{\"@type\":\"ListItem\",\"@id\":\"https:\\\/\\\/www.jornalja.com.br\\\/arquivo\\\/category\\\/notas\\\/#listItem\",\"position\":2,\"name\":\"NOTAS\",\"item\":\"https:\\\/\\\/www.jornalja.com.br\\\/arquivo\\\/category\\\/notas\\\/\",\"nextItem\":{\"@type\":\"ListItem\",\"@id\":\"https:\\\/\\\/www.jornalja.com.br\\\/arquivo\\\/operacao-lava-jato-palocci-diz-que-odebrecht-pagou-vantagens-a-lula\\\/#listItem\",\"name\":\"Opera\\u00e7\\u00e3o Lava Jato: Palocci diz que Odebrecht pagou vantagens a Lula\"},\"previousItem\":{\"@type\":\"ListItem\",\"@id\":\"https:\\\/\\\/www.jornalja.com.br\\\/arquivo#listItem\",\"name\":\"Home\"}},{\"@type\":\"ListItem\",\"@id\":\"https:\\\/\\\/www.jornalja.com.br\\\/arquivo\\\/operacao-lava-jato-palocci-diz-que-odebrecht-pagou-vantagens-a-lula\\\/#listItem\",\"position\":3,\"name\":\"Opera\\u00e7\\u00e3o Lava Jato: Palocci diz que Odebrecht pagou vantagens a Lula\",\"previousItem\":{\"@type\":\"ListItem\",\"@id\":\"https:\\\/\\\/www.jornalja.com.br\\\/arquivo\\\/category\\\/notas\\\/#listItem\",\"name\":\"NOTAS\"}}]},{\"@type\":\"Organization\",\"@id\":\"https:\\\/\\\/www.jornalja.com.br\\\/arquivo\\\/#organization\",\"name\":\"Jornal J\\u00c1\",\"description\":\"Jornal J\\u00c1 | Porto Alegre\",\"url\":\"https:\\\/\\\/www.jornalja.com.br\\\/arquivo\\\/\",\"telephone\":\"+555133307272\",\"logo\":{\"@type\":\"ImageObject\",\"url\":\"https:\\\/\\\/www.jornalja.com.br\\\/wp-content\\\/uploads\\\/cards\\\/JAslogan.png\",\"@id\":\"https:\\\/\\\/www.jornalja.com.br\\\/arquivo\\\/operacao-lava-jato-palocci-diz-que-odebrecht-pagou-vantagens-a-lula\\\/#organizationLogo\"},\"image\":{\"@id\":\"https:\\\/\\\/www.jornalja.com.br\\\/arquivo\\\/operacao-lava-jato-palocci-diz-que-odebrecht-pagou-vantagens-a-lula\\\/#organizationLogo\"}},{\"@type\":\"Person\",\"@id\":\"https:\\\/\\\/www.jornalja.com.br\\\/arquivo\\\/author\\\/daredacao\\\/#author\",\"url\":\"https:\\\/\\\/www.jornalja.com.br\\\/arquivo\\\/author\\\/daredacao\\\/\",\"name\":\"da Reda\\u00e7\\u00e3o\",\"image\":{\"@type\":\"ImageObject\",\"@id\":\"https:\\\/\\\/www.jornalja.com.br\\\/arquivo\\\/operacao-lava-jato-palocci-diz-que-odebrecht-pagou-vantagens-a-lula\\\/#authorImage\",\"url\":\"https:\\\/\\\/secure.gravatar.com\\\/avatar\\\/469fd857d6605ad19919d27ed29d35a968a25f6e8fd9318356bbb7f57aae9c65?s=96&d=mm&r=g\",\"width\":96,\"height\":96,\"caption\":\"da Reda\\u00e7\\u00e3o\"}},{\"@type\":\"WebPage\",\"@id\":\"https:\\\/\\\/www.jornalja.com.br\\\/arquivo\\\/operacao-lava-jato-palocci-diz-que-odebrecht-pagou-vantagens-a-lula\\\/#webpage\",\"url\":\"https:\\\/\\\/www.jornalja.com.br\\\/arquivo\\\/operacao-lava-jato-palocci-diz-que-odebrecht-pagou-vantagens-a-lula\\\/\",\"name\":\"Opera\\u00e7\\u00e3o Lava Jato: Palocci diz que Odebrecht pagou vantagens a Lula | Arquivo\",\"inLanguage\":\"pt-BR\",\"isPartOf\":{\"@id\":\"https:\\\/\\\/www.jornalja.com.br\\\/arquivo\\\/#website\"},\"breadcrumb\":{\"@id\":\"https:\\\/\\\/www.jornalja.com.br\\\/arquivo\\\/operacao-lava-jato-palocci-diz-que-odebrecht-pagou-vantagens-a-lula\\\/#breadcrumblist\"},\"author\":{\"@id\":\"https:\\\/\\\/www.jornalja.com.br\\\/arquivo\\\/author\\\/daredacao\\\/#author\"},\"creator\":{\"@id\":\"https:\\\/\\\/www.jornalja.com.br\\\/arquivo\\\/author\\\/daredacao\\\/#author\"},\"datePublished\":\"2017-09-06T20:29:16-03:00\",\"dateModified\":\"2017-09-06T20:29:16-03:00\"},{\"@type\":\"WebSite\",\"@id\":\"https:\\\/\\\/www.jornalja.com.br\\\/arquivo\\\/#website\",\"url\":\"https:\\\/\\\/www.jornalja.com.br\\\/arquivo\\\/\",\"name\":\"Arquivo\",\"description\":\"Jornal J\\u00c1 | Porto Alegre\",\"inLanguage\":\"pt-BR\",\"publisher\":{\"@id\":\"https:\\\/\\\/www.jornalja.com.br\\\/arquivo\\\/#organization\"}}]}\n\t\t<\/script>\n\t\t<!-- All in One SEO -->\n\n","aioseo_head_json":{"title":"Opera\u00e7\u00e3o Lava Jato: Palocci diz que Odebrecht pagou vantagens a Lula | Arquivo","description":"","canonical_url":"https:\/\/www.jornalja.com.br\/arquivo\/operacao-lava-jato-palocci-diz-que-odebrecht-pagou-vantagens-a-lula\/","robots":"max-image-preview:large","keywords":"","webmasterTools":{"miscellaneous":""},"schema":{"@context":"https:\/\/schema.org","@graph":[{"@type":"BlogPosting","@id":"https:\/\/www.jornalja.com.br\/arquivo\/operacao-lava-jato-palocci-diz-que-odebrecht-pagou-vantagens-a-lula\/#blogposting","name":"Opera\u00e7\u00e3o Lava Jato: Palocci diz que Odebrecht pagou vantagens a Lula | Arquivo","headline":"Opera\u00e7\u00e3o Lava Jato: Palocci diz que Odebrecht pagou vantagens a Lula","author":{"@id":"https:\/\/www.jornalja.com.br\/arquivo\/author\/daredacao\/#author"},"publisher":{"@id":"https:\/\/www.jornalja.com.br\/arquivo\/#organization"},"image":{"@type":"ImageObject","url":"https:\/\/www.jornalja.com.br\/wp-content\/uploads\/cards\/JAslogan.png","@id":"https:\/\/www.jornalja.com.br\/arquivo\/#articleImage"},"datePublished":"2017-09-06T20:29:16-03:00","dateModified":"2017-09-06T20:29:16-03:00","inLanguage":"pt-BR","mainEntityOfPage":{"@id":"https:\/\/www.jornalja.com.br\/arquivo\/operacao-lava-jato-palocci-diz-que-odebrecht-pagou-vantagens-a-lula\/#webpage"},"isPartOf":{"@id":"https:\/\/www.jornalja.com.br\/arquivo\/operacao-lava-jato-palocci-diz-que-odebrecht-pagou-vantagens-a-lula\/#webpage"},"articleSection":"NOTAS"},{"@type":"BreadcrumbList","@id":"https:\/\/www.jornalja.com.br\/arquivo\/operacao-lava-jato-palocci-diz-que-odebrecht-pagou-vantagens-a-lula\/#breadcrumblist","itemListElement":[{"@type":"ListItem","@id":"https:\/\/www.jornalja.com.br\/arquivo#listItem","position":1,"name":"Home","item":"https:\/\/www.jornalja.com.br\/arquivo","nextItem":{"@type":"ListItem","@id":"https:\/\/www.jornalja.com.br\/arquivo\/category\/notas\/#listItem","name":"NOTAS"}},{"@type":"ListItem","@id":"https:\/\/www.jornalja.com.br\/arquivo\/category\/notas\/#listItem","position":2,"name":"NOTAS","item":"https:\/\/www.jornalja.com.br\/arquivo\/category\/notas\/","nextItem":{"@type":"ListItem","@id":"https:\/\/www.jornalja.com.br\/arquivo\/operacao-lava-jato-palocci-diz-que-odebrecht-pagou-vantagens-a-lula\/#listItem","name":"Opera\u00e7\u00e3o Lava Jato: Palocci diz que Odebrecht pagou vantagens a Lula"},"previousItem":{"@type":"ListItem","@id":"https:\/\/www.jornalja.com.br\/arquivo#listItem","name":"Home"}},{"@type":"ListItem","@id":"https:\/\/www.jornalja.com.br\/arquivo\/operacao-lava-jato-palocci-diz-que-odebrecht-pagou-vantagens-a-lula\/#listItem","position":3,"name":"Opera\u00e7\u00e3o Lava Jato: Palocci diz que Odebrecht pagou vantagens a Lula","previousItem":{"@type":"ListItem","@id":"https:\/\/www.jornalja.com.br\/arquivo\/category\/notas\/#listItem","name":"NOTAS"}}]},{"@type":"Organization","@id":"https:\/\/www.jornalja.com.br\/arquivo\/#organization","name":"Jornal J\u00c1","description":"Jornal J\u00c1 | Porto Alegre","url":"https:\/\/www.jornalja.com.br\/arquivo\/","telephone":"+555133307272","logo":{"@type":"ImageObject","url":"https:\/\/www.jornalja.com.br\/wp-content\/uploads\/cards\/JAslogan.png","@id":"https:\/\/www.jornalja.com.br\/arquivo\/operacao-lava-jato-palocci-diz-que-odebrecht-pagou-vantagens-a-lula\/#organizationLogo"},"image":{"@id":"https:\/\/www.jornalja.com.br\/arquivo\/operacao-lava-jato-palocci-diz-que-odebrecht-pagou-vantagens-a-lula\/#organizationLogo"}},{"@type":"Person","@id":"https:\/\/www.jornalja.com.br\/arquivo\/author\/daredacao\/#author","url":"https:\/\/www.jornalja.com.br\/arquivo\/author\/daredacao\/","name":"da Reda\u00e7\u00e3o","image":{"@type":"ImageObject","@id":"https:\/\/www.jornalja.com.br\/arquivo\/operacao-lava-jato-palocci-diz-que-odebrecht-pagou-vantagens-a-lula\/#authorImage","url":"https:\/\/secure.gravatar.com\/avatar\/469fd857d6605ad19919d27ed29d35a968a25f6e8fd9318356bbb7f57aae9c65?s=96&d=mm&r=g","width":96,"height":96,"caption":"da Reda\u00e7\u00e3o"}},{"@type":"WebPage","@id":"https:\/\/www.jornalja.com.br\/arquivo\/operacao-lava-jato-palocci-diz-que-odebrecht-pagou-vantagens-a-lula\/#webpage","url":"https:\/\/www.jornalja.com.br\/arquivo\/operacao-lava-jato-palocci-diz-que-odebrecht-pagou-vantagens-a-lula\/","name":"Opera\u00e7\u00e3o Lava Jato: Palocci diz que Odebrecht pagou vantagens a Lula | Arquivo","inLanguage":"pt-BR","isPartOf":{"@id":"https:\/\/www.jornalja.com.br\/arquivo\/#website"},"breadcrumb":{"@id":"https:\/\/www.jornalja.com.br\/arquivo\/operacao-lava-jato-palocci-diz-que-odebrecht-pagou-vantagens-a-lula\/#breadcrumblist"},"author":{"@id":"https:\/\/www.jornalja.com.br\/arquivo\/author\/daredacao\/#author"},"creator":{"@id":"https:\/\/www.jornalja.com.br\/arquivo\/author\/daredacao\/#author"},"datePublished":"2017-09-06T20:29:16-03:00","dateModified":"2017-09-06T20:29:16-03:00"},{"@type":"WebSite","@id":"https:\/\/www.jornalja.com.br\/arquivo\/#website","url":"https:\/\/www.jornalja.com.br\/arquivo\/","name":"Arquivo","description":"Jornal J\u00c1 | Porto Alegre","inLanguage":"pt-BR","publisher":{"@id":"https:\/\/www.jornalja.com.br\/arquivo\/#organization"}}]},"og:locale":"pt_BR","og:site_name":"Arquivo | Jornal J\u00c1 | Porto Alegre","og:type":"article","og:title":"Opera\u00e7\u00e3o Lava Jato: Palocci diz que Odebrecht pagou vantagens a Lula | Arquivo","og:url":"https:\/\/www.jornalja.com.br\/arquivo\/operacao-lava-jato-palocci-diz-que-odebrecht-pagou-vantagens-a-lula\/","og:image":"https:\/\/www.jornalja.com.br\/economics\/wp-content\/uploads\/sites\/11\/2026\/08\/ja-folhaderosto-facebook.jpg","og:image:secure_url":"https:\/\/www.jornalja.com.br\/economics\/wp-content\/uploads\/sites\/11\/2026\/08\/ja-folhaderosto-facebook.jpg","article:published_time":"2017-09-06T23:29:16+00:00","article:modified_time":"2017-09-06T23:29:16+00:00","twitter:card":"summary","twitter:title":"Opera\u00e7\u00e3o Lava Jato: Palocci diz que Odebrecht pagou vantagens a Lula | Arquivo","twitter:image":"https:\/\/www.jornalja.com.br\/economics\/wp-content\/uploads\/sites\/11\/2026\/08\/ja-folhaderosto-facebook.jpg"},"aioseo_meta_data":{"post_id":"54824","title":null,"description":null,"keywords":null,"keyphrases":null,"primary_term":null,"canonical_url":null,"og_title":null,"og_description":null,"og_object_type":"default","og_image_type":"default","og_image_url":null,"og_image_width":null,"og_image_height":null,"og_image_custom_url":null,"og_image_custom_fields":null,"og_video":null,"og_custom_url":null,"og_article_section":null,"og_article_tags":null,"twitter_use_og":false,"twitter_card":"default","twitter_image_type":"default","twitter_image_url":null,"twitter_image_custom_url":null,"twitter_image_custom_fields":null,"twitter_title":null,"twitter_description":null,"schema":{"blockGraphs":[],"customGraphs":[],"default":{"data":{"Article":[],"Course":[],"Dataset":[],"FAQPage":[],"Movie":[],"Person":[],"Product":[],"ProductReview":[],"Car":[],"Recipe":[],"Service":[],"SoftwareApplication":[],"WebPage":[]},"graphName":"","isEnabled":true},"graphs":[]},"schema_type":null,"schema_type_options":null,"pillar_content":false,"robots_default":true,"robots_noindex":false,"robots_noarchive":false,"robots_nosnippet":false,"robots_nofollow":false,"robots_noimageindex":false,"robots_noodp":false,"robots_notranslate":false,"robots_max_snippet":null,"robots_max_videopreview":null,"robots_max_imagepreview":"large","priority":null,"frequency":null,"location":null,"local_seo":null,"breadcrumb_settings":null,"limit_modified_date":false,"ai":null,"created":"2020-12-20 20:25:01","updated":"2025-07-20 00:57:33","seo_analyzer_scan_date":null,"focus_keyword":null,"additional_keywords":null,"truseo_locale":null},"jetpack_sharing_enabled":true,"jetpack-related-posts":[{"id":13128,"url":"https:\/\/www.jornalja.com.br\/arquivo\/maconha-terra-diz-que-uso-medicinal-e-desculpa\/","url_meta":{"origin":54824,"position":0},"title":"Maconha: Terra diz que uso medicinal \u00e9 desculpa","author":"Patr\u00edcia Marini","date":"4 de junho de 2014","format":false,"excerpt":"A condi\u00e7\u00e3o de pol\u00edtico, em \u00e9poca de campanha de campanha eleitoral, tira for\u00e7a do discurso do m\u00e9dico Osmar Terra contra a legaliza\u00e7\u00e3o da maconha. A tese dele de que a libera\u00e7\u00e3o vai ampliar exponencialmente o consumo \u00e9 discutivel, o consumo \u00e9 corrente. Mas seus alertas quanto aos riscos tem que\u2026","rel":"","context":"Em &quot;X.Categorias velhas&quot;","block_context":{"text":"X.Categorias velhas","link":"https:\/\/www.jornalja.com.br\/arquivo\/category\/x-categorias-velhas\/"},"img":{"alt_text":"","src":"","width":0,"height":0},"classes":[]},{"id":14241,"url":"https:\/\/www.jornalja.com.br\/arquivo\/o-guaiba-nas-imagens-poeticas-de-achutti\/","url_meta":{"origin":54824,"position":1},"title":"O Gua\u00edba nas imagens po\u00e9ticas de Achutti","author":"da Reda\u00e7\u00e3o","date":"18 de junho de 2014","format":false,"excerpt":"Em \u201cO Gua\u00edba por Achutti\u201d \u2013 obra financiada via Minist\u00e9rio da Cultura, produ\u00e7\u00e3o executiva de Pedro Longhi, e Fl\u00e1vio Wild como designer \u2013, o fot\u00f3grafo revela a beleza e as mazelas de um espa\u00e7o aqu\u00e1tico de \u00e1guas sempre renovadas, cheio de hist\u00f3rias e lendas como as das cidades que foram\u2026","rel":"","context":"Em &quot;Cultura-Geral&quot;","block_context":{"text":"Cultura-Geral","link":"https:\/\/www.jornalja.com.br\/arquivo\/category\/materiasecundaria\/"},"img":{"alt_text":"","src":"","width":0,"height":0},"classes":[]},{"id":13239,"url":"https:\/\/www.jornalja.com.br\/arquivo\/conselho-desdenha-do-plano-diretor\/","url_meta":{"origin":54824,"position":2},"title":"Porto Alegre: Conselho detona Plano Diretor","author":"Patr\u00edcia Marini","date":"25 de maio de 2014","format":false,"excerpt":"Den\u00fancia do arquiteto e \u00a0urbanista Ibir\u00e1 Santos Lucas. Ele diz que os conselheiros est\u00e3o votando com \"enorme irresponsabilidade\". \"Mudam regime com a maior naturalidade,,,regularizam absurdos de constru\u00e7\u00f5es irregulares... \"O CMDUA est\u00e1 flexibilizando a lei do plano diretor, de uma forma impactante na vida da cidade. Mudam regime com a maior\u2026","rel":"","context":"Em &quot;Geral&quot;","block_context":{"text":"Geral","link":"https:\/\/www.jornalja.com.br\/arquivo\/category\/geral\/"},"img":{"alt_text":"","src":"","width":0,"height":0},"classes":[]},{"id":5440,"url":"https:\/\/www.jornalja.com.br\/arquivo\/casarao-da-venancio-destino-permanece-incerto\/","url_meta":{"origin":54824,"position":3},"title":"Estado ainda n\u00e3o sabe o que fazer com casar\u00e3o abandonado h\u00e1 20 anos","author":"Elmar Bones","date":"6 de julho de 2009","format":false,"excerpt":"O casar\u00e3o amarelo, numa esquina nobre de Porto Alegre (Ven\u00e2ncio Aires com Jo\u00e3o Pessoa), j\u00e1 abrigou uma escola. H\u00e1 duas d\u00e9cadas, pelo menos, est\u00e1 abandonado, porque seu propriet\u00e1rio, o governo do Estado do Rio Grande do Sul, n\u00e3o consegue achar um destino para ele. Planos n\u00e3o faltaram. O governador Ol\u00edvio\u2026","rel":"","context":"Em &quot;X.Categorias velhas&quot;","block_context":{"text":"X.Categorias velhas","link":"https:\/\/www.jornalja.com.br\/arquivo\/category\/x-categorias-velhas\/"},"img":{"alt_text":"geraldo1","src":"https:\/\/i0.wp.com\/www.jornalja.com.br\/wp-content\/uploads\/2009\/07\/geraldo1.jpg?resize=350%2C200&ssl=1","width":350,"height":200},"classes":[]},{"id":13240,"url":"https:\/\/www.jornalja.com.br\/arquivo\/plano-diretor-estamos-construindo-o-caos\/","url_meta":{"origin":54824,"position":4},"title":"Plano diretor: &quot;Estamos construindo o caos&quot;","author":"Patr\u00edcia Marini","date":"26 de maio de 2014","format":false,"excerpt":"Desabafo que arquiteta Eliana Castilhos, delegada da Regi\u00e3o de Planejamento 1, postou nas redes sociais \u00e9 um testemunho do ambiente que se criou no Conselho do Plano Diretor de Porto Alegre, onde a aprova\u00e7\u00e3o de grandes empreendimentos \u00e9 empurrada guela abaixo dos conselheiros. Ao CMDUA Como delegada da Regi\u00e3o de\u2026","rel":"","context":"Em &quot;Geral&quot;","block_context":{"text":"Geral","link":"https:\/\/www.jornalja.com.br\/arquivo\/category\/geral\/"},"img":{"alt_text":"","src":"","width":0,"height":0},"classes":[]},{"id":13101,"url":"https:\/\/www.jornalja.com.br\/arquivo\/morre-um-guerreiro-do-texto\/","url_meta":{"origin":54824,"position":5},"title":"Morre um guerreiro do texto","author":"Patr\u00edcia Marini","date":"14 de maio de 2014","format":false,"excerpt":"Por Ricardo Kotscho Reproduzido do blog do autor, 11\/5\/2014; t\u00edtulo original \u201cE l\u00e1 se foi o nosso Myltainho, guerreiro do texto\u201d. Mi\u00fado e franzino, meu amigo Myltainho era um valente e inconformado guerreiro na luta contra as injusti\u00e7as sociais, a hipocrisia, as maracutaias, o autoritarismo, a intoler\u00e2ncia, a viol\u00eancia, o\u2026","rel":"","context":"Em &quot;Geral&quot;","block_context":{"text":"Geral","link":"https:\/\/www.jornalja.com.br\/arquivo\/category\/geral\/"},"img":{"alt_text":"","src":"","width":0,"height":0},"classes":[]}],"jetpack_shortlink":"https:\/\/wp.me\/pbQjBd-egg","jetpack_featured_media_url":"","_links":{"self":[{"href":"https:\/\/www.jornalja.com.br\/arquivo\/wp-json\/wp\/v2\/posts\/54824","targetHints":{"allow":["GET"]}}],"collection":[{"href":"https:\/\/www.jornalja.com.br\/arquivo\/wp-json\/wp\/v2\/posts"}],"about":[{"href":"https:\/\/www.jornalja.com.br\/arquivo\/wp-json\/wp\/v2\/types\/post"}],"author":[{"embeddable":true,"href":"https:\/\/www.jornalja.com.br\/arquivo\/wp-json\/wp\/v2\/users\/4"}],"replies":[{"embeddable":true,"href":"https:\/\/www.jornalja.com.br\/arquivo\/wp-json\/wp\/v2\/comments?post=54824"}],"version-history":[{"count":0,"href":"https:\/\/www.jornalja.com.br\/arquivo\/wp-json\/wp\/v2\/posts\/54824\/revisions"}],"wp:attachment":[{"href":"https:\/\/www.jornalja.com.br\/arquivo\/wp-json\/wp\/v2\/media?parent=54824"}],"wp:term":[{"taxonomy":"category","embeddable":true,"href":"https:\/\/www.jornalja.com.br\/arquivo\/wp-json\/wp\/v2\/categories?post=54824"},{"taxonomy":"post_tag","embeddable":true,"href":"https:\/\/www.jornalja.com.br\/arquivo\/wp-json\/wp\/v2\/tags?post=54824"}],"curies":[{"name":"wp","href":"https:\/\/api.w.org\/{rel}","templated":true}]}}