{"id":54831,"date":"2017-09-07T15:45:15","date_gmt":"2017-09-07T18:45:15","guid":{"rendered":"https:\/\/www.jornalja.com.br\/?p=54831"},"modified":"2017-09-07T15:45:15","modified_gmt":"2017-09-07T18:45:15","slug":"plano-de-uso-publico-do-parque-de-itapeva-esta-quase-concluido","status":"publish","type":"post","link":"https:\/\/www.jornalja.com.br\/arquivo\/plano-de-uso-publico-do-parque-de-itapeva-esta-quase-concluido\/","title":{"rendered":"Plano de Uso P\u00fablico do Parque de Itapeva est\u00e1 quase conclu\u00eddo\u00a0"},"content":{"rendered":"<p>Ap\u00f3s um longo processo de diagn\u00f3stico e planejamento, efetuado em conjunto com t\u00e9cnicos e a comunidade torrense atrav\u00e9s de <a href=\"http:\/\/ong.portoweb.com.br\/curicaca\/default.php?reg=353&amp;p_secao=62&amp;PHPSESSID=6ce6db9559a2344617c096da5fca95be\">oficinas<\/a>, o Plano de Uso P\u00fablico (PUP) do Parque Estadual do Itapeva, em Torres, est\u00e1 na reta final.<br \/>\nEstruturado em uma base t\u00e9cnica s\u00f3lida, amparada na an\u00e1lise do parque e da regi\u00e3o, o planejamento foi centrado na viabilidade ambiental, operacional e econ\u00f4mica. O foco foi construir a identidade do Parque voltada para o ecoturismo.<br \/>\nO objetivo do PUP \u00e9 transformar a unidade de conserva\u00e7\u00e3o em um ambiente integrado \u00e0 comunidade atrav\u00e9s de atividades ligadas \u00e0 visita\u00e7\u00e3o de atrativos naturais e culturais, \u00e0 educa\u00e7\u00e3o ambiental e patrimonial e ao com\u00e9rcio de artesanato tradicional t\u00edpico. Dessa forma, a UC se torna mais do que um n\u00facleo de conserva\u00e7\u00e3o da biodiversidade, proporcionando um retorno \u00e0 economia local e \u00e0 sociedade.<br \/>\nAs atividades projetadas para o parque envolvem o contato com a natureza e a educa\u00e7\u00e3o ambiental, atrav\u00e9s de trilhas na mata e nas dunas, caiaque na Lagoa do Sim\u00e3o e ciclismo, observa\u00e7\u00e3o de aves e anf\u00edbios, um centro de visitantes equipado com material educativo, mirantes \u2013 de onde \u00e9 poss\u00edvel ter uma vis\u00e3o do sistema costeiro local e da cidade de Torres, ao fundo \u2013 e estabelecimentos comerciais.<br \/>\n\u00c9 v\u00e1lido destacar que o plano foi planejado de maneira que parte dos servi\u00e7os sejam concessionados de uma forma que permita a participa\u00e7\u00e3o e o beneficio do empresariado local e associa\u00e7\u00f5es. Pequenos empres\u00e1rios poder\u00e3o concorrer pela concess\u00e3o dos espa\u00e7os do parque, como trilhas e pontos comerciais, diferente do modelo convencional adotado em muitas Unidades de Conserva\u00e7\u00e3o, em que a ocupa\u00e7\u00e3o dessas atividades fica a cargo de grandes empresas de alcance nacional ou multinacional, de modo que s\u00e3o efetivamente poucos os beneficio gerados para a comunidade.<br \/>\nPara o coordenador t\u00e9cnico do Instituto Curicaca, Alexandre Krob, a implanta\u00e7\u00e3o do Plano de Uso P\u00fablico do parque vai ser um divisor de \u00e1guas para a Unidade de Conserva\u00e7\u00e3o, uma vez que ser\u00e1 a resposta para uma antiga pergunta sobre os benef\u00edcios para al\u00e9m da preserva\u00e7\u00e3o da biodiversidade.<br \/>\n\u201cAs unidades de conserva\u00e7\u00e3o geralmente s\u00e3o criadas em uma situa\u00e7\u00e3o de muito conflito com os interesses locais, e quando isso pode ser minimizado com retorno tamb\u00e9m para a socioeconomia, isso ajuda muito a ampliar os interesses na exist\u00eancia de uma \u00e1rea protegida\u201d, conclui Krob.<br \/>\n<strong>Confira abaixo o desenho final das atividades projetadas pelo PUP:<\/strong><br \/>\n<img loading=\"lazy\" decoding=\"async\" class=\"alignnone wp-image-54834 size-full\" src=\"https:\/\/www.jornalja.com.br\/wp-content\/uploads\/2017\/09\/mapa2.png\" alt=\"\" width=\"470\" height=\"298\" \/><br \/>\n<img loading=\"lazy\" decoding=\"async\" class=\"alignnone wp-image-54833 size-full\" src=\"https:\/\/www.jornalja.com.br\/wp-content\/uploads\/2017\/09\/mapa_legenda.png\" alt=\"\" width=\"470\" height=\"310\" \/><br \/>\n<a href=\"http:\/\/www.curicaca.org.br\">Instituto Curicaca<\/a><br \/>\nO Instituto Curicaca \u00e9 uma organiza\u00e7\u00e3o n\u00e3o-governamental ga\u00facha, sem fins lucrativos, prioritariamente voltada para atuar pol\u00edtica e tecnicamente\u00a0pela conserva\u00e7\u00e3o do meio ambiente, pela valoriza\u00e7\u00e3o da cultura e pela promo\u00e7\u00e3o do desenvolvimento sustent\u00e1vel na Mata Atl\u00e2ntica, no Pampa e na Zona Costeira. A atua\u00e7\u00e3o tem car\u00e1ter ambientalista, social, educacional, cultural e cient\u00edfico.<br \/>\nO trabalho iniciou\u00a0em Cambar\u00e1 do Sul, no Rio Grande do Sul, onde foi constitu\u00eddo em 12 de junho de 1997. Para melhor atender \u00e0s demandas de atua\u00e7\u00e3o estadual e nacional, atualmente a base administrativa est\u00e1 em Porto Alegre.<br \/>\nAtua atrav\u00e9s do trabalho volunt\u00e1rio de t\u00e9cnicos de n\u00edvel m\u00e9dio e superior, acad\u00eamicos, professores, agentes comunit\u00e1rios e estudantes, bem como por meio de projetos, coopera\u00e7\u00f5es t\u00e9cnicas e conv\u00eanios com outras institui\u00e7\u00f5es.<\/p>\n","protected":false},"excerpt":{"rendered":"<p>Ap\u00f3s um longo processo de diagn\u00f3stico e planejamento, efetuado em conjunto com t\u00e9cnicos e a comunidade torrense atrav\u00e9s de oficinas, o Plano de Uso P\u00fablico (PUP) do Parque Estadual do Itapeva, em Torres, est\u00e1 na reta final. Estruturado em uma base t\u00e9cnica s\u00f3lida, amparada na an\u00e1lise do parque e da regi\u00e3o, o planejamento foi centrado [&hellip;]<\/p>\n","protected":false},"author":4,"featured_media":54835,"comment_status":"open","ping_status":"closed","sticky":false,"template":"","format":"standard","meta":{"_jetpack_newsletter_access":"","_jetpack_dont_email_post_to_subs":false,"_jetpack_newsletter_tier_id":0,"_jetpack_memberships_contains_paywalled_content":false,"_jetpack_feature_clip_id":0,"_jetpack_memberships_contains_paid_content":false,"footnotes":"","jetpack_post_was_ever_published":false},"categories":[26],"tags":[],"class_list":["post-54831","post","type-post","status-publish","format-standard","has-post-thumbnail","hentry","category-geral"],"aioseo_notices":[],"aioseo_head":"\n\t\t<!-- All in One SEO 5.0.1.1 - aioseo.com -->\n\t<meta name=\"robots\" content=\"max-image-preview:large\" \/>\n\t<meta name=\"author\" content=\"da Reda\u00e7\u00e3o\"\/>\n\t<link rel=\"canonical\" href=\"https:\/\/www.jornalja.com.br\/arquivo\/plano-de-uso-publico-do-parque-de-itapeva-esta-quase-concluido\/\" \/>\n\t<meta name=\"generator\" content=\"All in One SEO (AIOSEO) 5.0.1.1\" \/>\n\t\t<meta property=\"og:locale\" content=\"pt_BR\" \/>\n\t\t<meta property=\"og:site_name\" content=\"Arquivo | Jornal J\u00c1 | Porto Alegre\" \/>\n\t\t<meta property=\"og:type\" content=\"article\" \/>\n\t\t<meta property=\"og:title\" content=\"Plano de Uso P\u00fablico do Parque de Itapeva est\u00e1 quase conclu\u00eddo | Arquivo\" \/>\n\t\t<meta property=\"og:url\" content=\"https:\/\/www.jornalja.com.br\/arquivo\/plano-de-uso-publico-do-parque-de-itapeva-esta-quase-concluido\/\" \/>\n\t\t<meta property=\"og:image\" content=\"https:\/\/www.jornalja.com.br\/wp-content\/uploads\/2017\/09\/mapa2.png\" \/>\n\t\t<meta property=\"og:image:secure_url\" content=\"https:\/\/www.jornalja.com.br\/wp-content\/uploads\/2017\/09\/mapa2.png\" \/>\n\t\t<meta property=\"article:published_time\" content=\"2017-09-07T18:45:15+00:00\" \/>\n\t\t<meta property=\"article:modified_time\" content=\"2017-09-07T18:45:15+00:00\" \/>\n\t\t<meta name=\"twitter:card\" content=\"summary\" \/>\n\t\t<meta name=\"twitter:title\" content=\"Plano de Uso P\u00fablico do Parque de Itapeva est\u00e1 quase conclu\u00eddo | Arquivo\" \/>\n\t\t<meta name=\"twitter:image\" content=\"https:\/\/www.jornalja.com.br\/economics\/wp-content\/uploads\/sites\/11\/2026\/08\/ja-folhaderosto-facebook.jpg\" \/>\n\t\t<script type=\"application\/ld+json\" class=\"aioseo-schema\">\n\t\t\t{\"@context\":\"https:\\\/\\\/schema.org\",\"@graph\":[{\"@type\":\"BlogPosting\",\"@id\":\"https:\\\/\\\/www.jornalja.com.br\\\/arquivo\\\/plano-de-uso-publico-do-parque-de-itapeva-esta-quase-concluido\\\/#blogposting\",\"name\":\"Plano de Uso P\\u00fablico do Parque de Itapeva est\\u00e1 quase conclu\\u00eddo | Arquivo\",\"headline\":\"Plano de Uso P\\u00fablico do Parque de Itapeva est\\u00e1 quase conclu\\u00eddo\\u00a0\",\"author\":{\"@id\":\"https:\\\/\\\/www.jornalja.com.br\\\/arquivo\\\/author\\\/daredacao\\\/#author\"},\"publisher\":{\"@id\":\"https:\\\/\\\/www.jornalja.com.br\\\/arquivo\\\/#organization\"},\"image\":{\"@type\":\"ImageObject\",\"url\":54835},\"datePublished\":\"2017-09-07T15:45:15-03:00\",\"dateModified\":\"2017-09-07T15:45:15-03:00\",\"inLanguage\":\"pt-BR\",\"mainEntityOfPage\":{\"@id\":\"https:\\\/\\\/www.jornalja.com.br\\\/arquivo\\\/plano-de-uso-publico-do-parque-de-itapeva-esta-quase-concluido\\\/#webpage\"},\"isPartOf\":{\"@id\":\"https:\\\/\\\/www.jornalja.com.br\\\/arquivo\\\/plano-de-uso-publico-do-parque-de-itapeva-esta-quase-concluido\\\/#webpage\"},\"articleSection\":\"Geral\"},{\"@type\":\"BreadcrumbList\",\"@id\":\"https:\\\/\\\/www.jornalja.com.br\\\/arquivo\\\/plano-de-uso-publico-do-parque-de-itapeva-esta-quase-concluido\\\/#breadcrumblist\",\"itemListElement\":[{\"@type\":\"ListItem\",\"@id\":\"https:\\\/\\\/www.jornalja.com.br\\\/arquivo#listItem\",\"position\":1,\"name\":\"Home\",\"item\":\"https:\\\/\\\/www.jornalja.com.br\\\/arquivo\",\"nextItem\":{\"@type\":\"ListItem\",\"@id\":\"https:\\\/\\\/www.jornalja.com.br\\\/arquivo\\\/category\\\/geral\\\/#listItem\",\"name\":\"Geral\"}},{\"@type\":\"ListItem\",\"@id\":\"https:\\\/\\\/www.jornalja.com.br\\\/arquivo\\\/category\\\/geral\\\/#listItem\",\"position\":2,\"name\":\"Geral\",\"item\":\"https:\\\/\\\/www.jornalja.com.br\\\/arquivo\\\/category\\\/geral\\\/\",\"nextItem\":{\"@type\":\"ListItem\",\"@id\":\"https:\\\/\\\/www.jornalja.com.br\\\/arquivo\\\/plano-de-uso-publico-do-parque-de-itapeva-esta-quase-concluido\\\/#listItem\",\"name\":\"Plano de Uso P\\u00fablico do Parque de Itapeva est\\u00e1 quase conclu\\u00eddo\\u00a0\"},\"previousItem\":{\"@type\":\"ListItem\",\"@id\":\"https:\\\/\\\/www.jornalja.com.br\\\/arquivo#listItem\",\"name\":\"Home\"}},{\"@type\":\"ListItem\",\"@id\":\"https:\\\/\\\/www.jornalja.com.br\\\/arquivo\\\/plano-de-uso-publico-do-parque-de-itapeva-esta-quase-concluido\\\/#listItem\",\"position\":3,\"name\":\"Plano de Uso P\\u00fablico do Parque de Itapeva est\\u00e1 quase conclu\\u00eddo\\u00a0\",\"previousItem\":{\"@type\":\"ListItem\",\"@id\":\"https:\\\/\\\/www.jornalja.com.br\\\/arquivo\\\/category\\\/geral\\\/#listItem\",\"name\":\"Geral\"}}]},{\"@type\":\"Organization\",\"@id\":\"https:\\\/\\\/www.jornalja.com.br\\\/arquivo\\\/#organization\",\"name\":\"Jornal J\\u00c1\",\"description\":\"Jornal J\\u00c1 | Porto Alegre\",\"url\":\"https:\\\/\\\/www.jornalja.com.br\\\/arquivo\\\/\",\"telephone\":\"+555133307272\",\"logo\":{\"@type\":\"ImageObject\",\"url\":\"https:\\\/\\\/www.jornalja.com.br\\\/wp-content\\\/uploads\\\/cards\\\/JAslogan.png\",\"@id\":\"https:\\\/\\\/www.jornalja.com.br\\\/arquivo\\\/plano-de-uso-publico-do-parque-de-itapeva-esta-quase-concluido\\\/#organizationLogo\"},\"image\":{\"@id\":\"https:\\\/\\\/www.jornalja.com.br\\\/arquivo\\\/plano-de-uso-publico-do-parque-de-itapeva-esta-quase-concluido\\\/#organizationLogo\"}},{\"@type\":\"Person\",\"@id\":\"https:\\\/\\\/www.jornalja.com.br\\\/arquivo\\\/author\\\/daredacao\\\/#author\",\"url\":\"https:\\\/\\\/www.jornalja.com.br\\\/arquivo\\\/author\\\/daredacao\\\/\",\"name\":\"da Reda\\u00e7\\u00e3o\",\"image\":{\"@type\":\"ImageObject\",\"@id\":\"https:\\\/\\\/www.jornalja.com.br\\\/arquivo\\\/plano-de-uso-publico-do-parque-de-itapeva-esta-quase-concluido\\\/#authorImage\",\"url\":\"https:\\\/\\\/secure.gravatar.com\\\/avatar\\\/469fd857d6605ad19919d27ed29d35a968a25f6e8fd9318356bbb7f57aae9c65?s=96&d=mm&r=g\",\"width\":96,\"height\":96,\"caption\":\"da Reda\\u00e7\\u00e3o\"}},{\"@type\":\"WebPage\",\"@id\":\"https:\\\/\\\/www.jornalja.com.br\\\/arquivo\\\/plano-de-uso-publico-do-parque-de-itapeva-esta-quase-concluido\\\/#webpage\",\"url\":\"https:\\\/\\\/www.jornalja.com.br\\\/arquivo\\\/plano-de-uso-publico-do-parque-de-itapeva-esta-quase-concluido\\\/\",\"name\":\"Plano de Uso P\\u00fablico do Parque de Itapeva est\\u00e1 quase conclu\\u00eddo | Arquivo\",\"inLanguage\":\"pt-BR\",\"isPartOf\":{\"@id\":\"https:\\\/\\\/www.jornalja.com.br\\\/arquivo\\\/#website\"},\"breadcrumb\":{\"@id\":\"https:\\\/\\\/www.jornalja.com.br\\\/arquivo\\\/plano-de-uso-publico-do-parque-de-itapeva-esta-quase-concluido\\\/#breadcrumblist\"},\"author\":{\"@id\":\"https:\\\/\\\/www.jornalja.com.br\\\/arquivo\\\/author\\\/daredacao\\\/#author\"},\"creator\":{\"@id\":\"https:\\\/\\\/www.jornalja.com.br\\\/arquivo\\\/author\\\/daredacao\\\/#author\"},\"image\":{\"@type\":\"ImageObject\",\"url\":54835,\"@id\":\"https:\\\/\\\/www.jornalja.com.br\\\/arquivo\\\/plano-de-uso-publico-do-parque-de-itapeva-esta-quase-concluido\\\/#mainImage\"},\"primaryImageOfPage\":{\"@id\":\"https:\\\/\\\/www.jornalja.com.br\\\/arquivo\\\/plano-de-uso-publico-do-parque-de-itapeva-esta-quase-concluido\\\/#mainImage\"},\"datePublished\":\"2017-09-07T15:45:15-03:00\",\"dateModified\":\"2017-09-07T15:45:15-03:00\"},{\"@type\":\"WebSite\",\"@id\":\"https:\\\/\\\/www.jornalja.com.br\\\/arquivo\\\/#website\",\"url\":\"https:\\\/\\\/www.jornalja.com.br\\\/arquivo\\\/\",\"name\":\"Arquivo\",\"description\":\"Jornal J\\u00c1 | Porto Alegre\",\"inLanguage\":\"pt-BR\",\"publisher\":{\"@id\":\"https:\\\/\\\/www.jornalja.com.br\\\/arquivo\\\/#organization\"}}]}\n\t\t<\/script>\n\t\t<!-- All in One SEO -->\n\n","aioseo_head_json":{"title":"Plano de Uso P\u00fablico do Parque de Itapeva est\u00e1 quase conclu\u00eddo | Arquivo","description":"","canonical_url":"https:\/\/www.jornalja.com.br\/arquivo\/plano-de-uso-publico-do-parque-de-itapeva-esta-quase-concluido\/","robots":"max-image-preview:large","keywords":"","webmasterTools":{"miscellaneous":""},"schema":{"@context":"https:\/\/schema.org","@graph":[{"@type":"BlogPosting","@id":"https:\/\/www.jornalja.com.br\/arquivo\/plano-de-uso-publico-do-parque-de-itapeva-esta-quase-concluido\/#blogposting","name":"Plano de Uso P\u00fablico do Parque de Itapeva est\u00e1 quase conclu\u00eddo | Arquivo","headline":"Plano de Uso P\u00fablico do Parque de Itapeva est\u00e1 quase conclu\u00eddo\u00a0","author":{"@id":"https:\/\/www.jornalja.com.br\/arquivo\/author\/daredacao\/#author"},"publisher":{"@id":"https:\/\/www.jornalja.com.br\/arquivo\/#organization"},"image":{"@type":"ImageObject","url":54835},"datePublished":"2017-09-07T15:45:15-03:00","dateModified":"2017-09-07T15:45:15-03:00","inLanguage":"pt-BR","mainEntityOfPage":{"@id":"https:\/\/www.jornalja.com.br\/arquivo\/plano-de-uso-publico-do-parque-de-itapeva-esta-quase-concluido\/#webpage"},"isPartOf":{"@id":"https:\/\/www.jornalja.com.br\/arquivo\/plano-de-uso-publico-do-parque-de-itapeva-esta-quase-concluido\/#webpage"},"articleSection":"Geral"},{"@type":"BreadcrumbList","@id":"https:\/\/www.jornalja.com.br\/arquivo\/plano-de-uso-publico-do-parque-de-itapeva-esta-quase-concluido\/#breadcrumblist","itemListElement":[{"@type":"ListItem","@id":"https:\/\/www.jornalja.com.br\/arquivo#listItem","position":1,"name":"Home","item":"https:\/\/www.jornalja.com.br\/arquivo","nextItem":{"@type":"ListItem","@id":"https:\/\/www.jornalja.com.br\/arquivo\/category\/geral\/#listItem","name":"Geral"}},{"@type":"ListItem","@id":"https:\/\/www.jornalja.com.br\/arquivo\/category\/geral\/#listItem","position":2,"name":"Geral","item":"https:\/\/www.jornalja.com.br\/arquivo\/category\/geral\/","nextItem":{"@type":"ListItem","@id":"https:\/\/www.jornalja.com.br\/arquivo\/plano-de-uso-publico-do-parque-de-itapeva-esta-quase-concluido\/#listItem","name":"Plano de Uso P\u00fablico do Parque de Itapeva est\u00e1 quase conclu\u00eddo\u00a0"},"previousItem":{"@type":"ListItem","@id":"https:\/\/www.jornalja.com.br\/arquivo#listItem","name":"Home"}},{"@type":"ListItem","@id":"https:\/\/www.jornalja.com.br\/arquivo\/plano-de-uso-publico-do-parque-de-itapeva-esta-quase-concluido\/#listItem","position":3,"name":"Plano de Uso P\u00fablico do Parque de Itapeva est\u00e1 quase conclu\u00eddo\u00a0","previousItem":{"@type":"ListItem","@id":"https:\/\/www.jornalja.com.br\/arquivo\/category\/geral\/#listItem","name":"Geral"}}]},{"@type":"Organization","@id":"https:\/\/www.jornalja.com.br\/arquivo\/#organization","name":"Jornal J\u00c1","description":"Jornal J\u00c1 | Porto Alegre","url":"https:\/\/www.jornalja.com.br\/arquivo\/","telephone":"+555133307272","logo":{"@type":"ImageObject","url":"https:\/\/www.jornalja.com.br\/wp-content\/uploads\/cards\/JAslogan.png","@id":"https:\/\/www.jornalja.com.br\/arquivo\/plano-de-uso-publico-do-parque-de-itapeva-esta-quase-concluido\/#organizationLogo"},"image":{"@id":"https:\/\/www.jornalja.com.br\/arquivo\/plano-de-uso-publico-do-parque-de-itapeva-esta-quase-concluido\/#organizationLogo"}},{"@type":"Person","@id":"https:\/\/www.jornalja.com.br\/arquivo\/author\/daredacao\/#author","url":"https:\/\/www.jornalja.com.br\/arquivo\/author\/daredacao\/","name":"da Reda\u00e7\u00e3o","image":{"@type":"ImageObject","@id":"https:\/\/www.jornalja.com.br\/arquivo\/plano-de-uso-publico-do-parque-de-itapeva-esta-quase-concluido\/#authorImage","url":"https:\/\/secure.gravatar.com\/avatar\/469fd857d6605ad19919d27ed29d35a968a25f6e8fd9318356bbb7f57aae9c65?s=96&d=mm&r=g","width":96,"height":96,"caption":"da Reda\u00e7\u00e3o"}},{"@type":"WebPage","@id":"https:\/\/www.jornalja.com.br\/arquivo\/plano-de-uso-publico-do-parque-de-itapeva-esta-quase-concluido\/#webpage","url":"https:\/\/www.jornalja.com.br\/arquivo\/plano-de-uso-publico-do-parque-de-itapeva-esta-quase-concluido\/","name":"Plano de Uso P\u00fablico do Parque de Itapeva est\u00e1 quase conclu\u00eddo | Arquivo","inLanguage":"pt-BR","isPartOf":{"@id":"https:\/\/www.jornalja.com.br\/arquivo\/#website"},"breadcrumb":{"@id":"https:\/\/www.jornalja.com.br\/arquivo\/plano-de-uso-publico-do-parque-de-itapeva-esta-quase-concluido\/#breadcrumblist"},"author":{"@id":"https:\/\/www.jornalja.com.br\/arquivo\/author\/daredacao\/#author"},"creator":{"@id":"https:\/\/www.jornalja.com.br\/arquivo\/author\/daredacao\/#author"},"image":{"@type":"ImageObject","url":54835,"@id":"https:\/\/www.jornalja.com.br\/arquivo\/plano-de-uso-publico-do-parque-de-itapeva-esta-quase-concluido\/#mainImage"},"primaryImageOfPage":{"@id":"https:\/\/www.jornalja.com.br\/arquivo\/plano-de-uso-publico-do-parque-de-itapeva-esta-quase-concluido\/#mainImage"},"datePublished":"2017-09-07T15:45:15-03:00","dateModified":"2017-09-07T15:45:15-03:00"},{"@type":"WebSite","@id":"https:\/\/www.jornalja.com.br\/arquivo\/#website","url":"https:\/\/www.jornalja.com.br\/arquivo\/","name":"Arquivo","description":"Jornal J\u00c1 | Porto Alegre","inLanguage":"pt-BR","publisher":{"@id":"https:\/\/www.jornalja.com.br\/arquivo\/#organization"}}]},"og:locale":"pt_BR","og:site_name":"Arquivo | Jornal J\u00c1 | Porto Alegre","og:type":"article","og:title":"Plano de Uso P\u00fablico do Parque de Itapeva est\u00e1 quase conclu\u00eddo | Arquivo","og:url":"https:\/\/www.jornalja.com.br\/arquivo\/plano-de-uso-publico-do-parque-de-itapeva-esta-quase-concluido\/","og:image":"https:\/\/www.jornalja.com.br\/wp-content\/uploads\/2017\/09\/mapa2.png","og:image:secure_url":"https:\/\/www.jornalja.com.br\/wp-content\/uploads\/2017\/09\/mapa2.png","article:published_time":"2017-09-07T18:45:15+00:00","article:modified_time":"2017-09-07T18:45:15+00:00","twitter:card":"summary","twitter:title":"Plano de Uso P\u00fablico do Parque de Itapeva est\u00e1 quase conclu\u00eddo | Arquivo","twitter:image":"https:\/\/www.jornalja.com.br\/economics\/wp-content\/uploads\/sites\/11\/2026\/08\/ja-folhaderosto-facebook.jpg"},"aioseo_meta_data":{"post_id":"54831","title":null,"description":null,"keywords":null,"keyphrases":null,"primary_term":null,"canonical_url":null,"og_title":null,"og_description":null,"og_object_type":"default","og_image_type":"default","og_image_url":null,"og_image_width":null,"og_image_height":null,"og_image_custom_url":null,"og_image_custom_fields":null,"og_video":null,"og_custom_url":null,"og_article_section":null,"og_article_tags":null,"twitter_use_og":false,"twitter_card":"default","twitter_image_type":"default","twitter_image_url":null,"twitter_image_custom_url":null,"twitter_image_custom_fields":null,"twitter_title":null,"twitter_description":null,"schema":{"blockGraphs":[],"customGraphs":[],"default":{"data":{"Article":[],"Course":[],"Dataset":[],"FAQPage":[],"Movie":[],"Person":[],"Product":[],"ProductReview":[],"Car":[],"Recipe":[],"Service":[],"SoftwareApplication":[],"WebPage":[]},"graphName":"","isEnabled":true},"graphs":[]},"schema_type":null,"schema_type_options":null,"pillar_content":false,"robots_default":true,"robots_noindex":false,"robots_noarchive":false,"robots_nosnippet":false,"robots_nofollow":false,"robots_noimageindex":false,"robots_noodp":false,"robots_notranslate":false,"robots_max_snippet":null,"robots_max_videopreview":null,"robots_max_imagepreview":"large","priority":null,"frequency":null,"location":null,"local_seo":null,"breadcrumb_settings":null,"limit_modified_date":false,"ai":null,"created":"2020-12-20 20:25:01","updated":"2025-07-20 00:57:33","seo_analyzer_scan_date":null,"focus_keyword":null,"additional_keywords":null,"truseo_locale":null},"jetpack_sharing_enabled":true,"jetpack-related-posts":[{"id":13240,"url":"https:\/\/www.jornalja.com.br\/arquivo\/plano-diretor-estamos-construindo-o-caos\/","url_meta":{"origin":54831,"position":0},"title":"Plano diretor: &quot;Estamos construindo o caos&quot;","author":"Patr\u00edcia Marini","date":"26 de maio de 2014","format":false,"excerpt":"Desabafo que arquiteta Eliana Castilhos, delegada da Regi\u00e3o de Planejamento 1, postou nas redes sociais \u00e9 um testemunho do ambiente que se criou no Conselho do Plano Diretor de Porto Alegre, onde a aprova\u00e7\u00e3o de grandes empreendimentos \u00e9 empurrada guela abaixo dos conselheiros. Ao CMDUA Como delegada da Regi\u00e3o de\u2026","rel":"","context":"Em &quot;Geral&quot;","block_context":{"text":"Geral","link":"https:\/\/www.jornalja.com.br\/arquivo\/category\/geral\/"},"img":{"alt_text":"","src":"","width":0,"height":0},"classes":[]},{"id":13239,"url":"https:\/\/www.jornalja.com.br\/arquivo\/conselho-desdenha-do-plano-diretor\/","url_meta":{"origin":54831,"position":1},"title":"Porto Alegre: Conselho detona Plano Diretor","author":"Patr\u00edcia Marini","date":"25 de maio de 2014","format":false,"excerpt":"Den\u00fancia do arquiteto e \u00a0urbanista Ibir\u00e1 Santos Lucas. Ele diz que os conselheiros est\u00e3o votando com \"enorme irresponsabilidade\". \"Mudam regime com a maior naturalidade,,,regularizam absurdos de constru\u00e7\u00f5es irregulares... \"O CMDUA est\u00e1 flexibilizando a lei do plano diretor, de uma forma impactante na vida da cidade. Mudam regime com a maior\u2026","rel":"","context":"Em &quot;Geral&quot;","block_context":{"text":"Geral","link":"https:\/\/www.jornalja.com.br\/arquivo\/category\/geral\/"},"img":{"alt_text":"","src":"","width":0,"height":0},"classes":[]},{"id":13128,"url":"https:\/\/www.jornalja.com.br\/arquivo\/maconha-terra-diz-que-uso-medicinal-e-desculpa\/","url_meta":{"origin":54831,"position":2},"title":"Maconha: Terra diz que uso medicinal \u00e9 desculpa","author":"Patr\u00edcia Marini","date":"4 de junho de 2014","format":false,"excerpt":"A condi\u00e7\u00e3o de pol\u00edtico, em \u00e9poca de campanha de campanha eleitoral, tira for\u00e7a do discurso do m\u00e9dico Osmar Terra contra a legaliza\u00e7\u00e3o da maconha. A tese dele de que a libera\u00e7\u00e3o vai ampliar exponencialmente o consumo \u00e9 discutivel, o consumo \u00e9 corrente. Mas seus alertas quanto aos riscos tem que\u2026","rel":"","context":"Em &quot;X.Categorias velhas&quot;","block_context":{"text":"X.Categorias velhas","link":"https:\/\/www.jornalja.com.br\/arquivo\/category\/x-categorias-velhas\/"},"img":{"alt_text":"","src":"","width":0,"height":0},"classes":[]},{"id":13124,"url":"https:\/\/www.jornalja.com.br\/arquivo\/sangue-latino-no-iecine\/","url_meta":{"origin":54831,"position":3},"title":"Sangue latino no IECINE","author":"da Reda\u00e7\u00e3o","date":"18 de maio de 2014","format":false,"excerpt":"Francisco Ribeiro O Instituto Estadual de Cinema (IECINE) tem a frente, desde abril \u00faltimo, um novo diretor, o cineasta colombiano Juan Zapata, 36, que substitui Luiz Alberto Cassol. Radicado h\u00e1 dez anos em Porto Alegre, Zapata tem diante de si o desafio de conduzir at\u00e9 o final do ano um\u2026","rel":"","context":"Em &quot;Cultura-Geral&quot;","block_context":{"text":"Cultura-Geral","link":"https:\/\/www.jornalja.com.br\/arquivo\/category\/materiasecundaria\/"},"img":{"alt_text":"","src":"","width":0,"height":0},"classes":[]},{"id":5440,"url":"https:\/\/www.jornalja.com.br\/arquivo\/casarao-da-venancio-destino-permanece-incerto\/","url_meta":{"origin":54831,"position":4},"title":"Estado ainda n\u00e3o sabe o que fazer com casar\u00e3o abandonado h\u00e1 20 anos","author":"Elmar Bones","date":"6 de julho de 2009","format":false,"excerpt":"O casar\u00e3o amarelo, numa esquina nobre de Porto Alegre (Ven\u00e2ncio Aires com Jo\u00e3o Pessoa), j\u00e1 abrigou uma escola. H\u00e1 duas d\u00e9cadas, pelo menos, est\u00e1 abandonado, porque seu propriet\u00e1rio, o governo do Estado do Rio Grande do Sul, n\u00e3o consegue achar um destino para ele. Planos n\u00e3o faltaram. O governador Ol\u00edvio\u2026","rel":"","context":"Em &quot;X.Categorias velhas&quot;","block_context":{"text":"X.Categorias velhas","link":"https:\/\/www.jornalja.com.br\/arquivo\/category\/x-categorias-velhas\/"},"img":{"alt_text":"geraldo1","src":"https:\/\/i0.wp.com\/www.jornalja.com.br\/wp-content\/uploads\/2009\/07\/geraldo1.jpg?resize=350%2C200&ssl=1","width":350,"height":200},"classes":[]},{"id":14241,"url":"https:\/\/www.jornalja.com.br\/arquivo\/o-guaiba-nas-imagens-poeticas-de-achutti\/","url_meta":{"origin":54831,"position":5},"title":"O Gua\u00edba nas imagens po\u00e9ticas de Achutti","author":"da Reda\u00e7\u00e3o","date":"18 de junho de 2014","format":false,"excerpt":"Em \u201cO Gua\u00edba por Achutti\u201d \u2013 obra financiada via Minist\u00e9rio da Cultura, produ\u00e7\u00e3o executiva de Pedro Longhi, e Fl\u00e1vio Wild como designer \u2013, o fot\u00f3grafo revela a beleza e as mazelas de um espa\u00e7o aqu\u00e1tico de \u00e1guas sempre renovadas, cheio de hist\u00f3rias e lendas como as das cidades que foram\u2026","rel":"","context":"Em &quot;Cultura-Geral&quot;","block_context":{"text":"Cultura-Geral","link":"https:\/\/www.jornalja.com.br\/arquivo\/category\/materiasecundaria\/"},"img":{"alt_text":"","src":"","width":0,"height":0},"classes":[]}],"jetpack_shortlink":"https:\/\/wp.me\/pbQjBd-egn","jetpack_featured_media_url":"","_links":{"self":[{"href":"https:\/\/www.jornalja.com.br\/arquivo\/wp-json\/wp\/v2\/posts\/54831","targetHints":{"allow":["GET"]}}],"collection":[{"href":"https:\/\/www.jornalja.com.br\/arquivo\/wp-json\/wp\/v2\/posts"}],"about":[{"href":"https:\/\/www.jornalja.com.br\/arquivo\/wp-json\/wp\/v2\/types\/post"}],"author":[{"embeddable":true,"href":"https:\/\/www.jornalja.com.br\/arquivo\/wp-json\/wp\/v2\/users\/4"}],"replies":[{"embeddable":true,"href":"https:\/\/www.jornalja.com.br\/arquivo\/wp-json\/wp\/v2\/comments?post=54831"}],"version-history":[{"count":0,"href":"https:\/\/www.jornalja.com.br\/arquivo\/wp-json\/wp\/v2\/posts\/54831\/revisions"}],"wp:attachment":[{"href":"https:\/\/www.jornalja.com.br\/arquivo\/wp-json\/wp\/v2\/media?parent=54831"}],"wp:term":[{"taxonomy":"category","embeddable":true,"href":"https:\/\/www.jornalja.com.br\/arquivo\/wp-json\/wp\/v2\/categories?post=54831"},{"taxonomy":"post_tag","embeddable":true,"href":"https:\/\/www.jornalja.com.br\/arquivo\/wp-json\/wp\/v2\/tags?post=54831"}],"curies":[{"name":"wp","href":"https:\/\/api.w.org\/{rel}","templated":true}]}}