{"id":54838,"date":"2017-09-07T15:43:56","date_gmt":"2017-09-07T18:43:56","guid":{"rendered":"https:\/\/www.jornalja.com.br\/?p=54838"},"modified":"2017-09-07T15:43:56","modified_gmt":"2017-09-07T18:43:56","slug":"caravana-internacional-investigara-violacoes-de-direitos-humanos-na-matopiba","status":"publish","type":"post","link":"https:\/\/www.jornalja.com.br\/arquivo\/caravana-internacional-investigara-violacoes-de-direitos-humanos-na-matopiba\/","title":{"rendered":"Caravana internacional investigar\u00e1 viola\u00e7\u00f5es de direitos humanos na Matopiba"},"content":{"rendered":"<p>Uma delega\u00e7\u00e3o internacional est\u00e1 no Brasil desde o domingo( 03\/09) para realizar uma Caravana at\u00e9 o dia 15\u00a0de setembro com o intuito de investigar as den\u00fancias de viola\u00e7\u00f5es de direitos humanos e impactos ambientais como resultado da financeiriza\u00e7\u00e3o do mercado de terras agricult\u00e1veis na regi\u00e3o conhecida como Matopiba, que compreende \u00e1reas dos estados do Maranh\u00e3o, Tocantins, Piau\u00ed e Bahia.<br \/>\nNeste per\u00edodo, a Caravana concentrar\u00e1 as atividades na regi\u00e3o sul do estado do Piau\u00ed e tem como objetivos\u00a0verificar\u00a0in loco\u00a0os ind\u00edcios de grilagem de terras por empresas nacionais e estrangeiras verificados em pesquisas pr\u00e9vias e as consequentes viola\u00e7\u00f5es de direitos humanos decorrentes\u00a0dessas grilagens.<br \/>\nA Caravana analisar\u00e1\u00a0as viola\u00e7\u00f5es de obriga\u00e7\u00f5es do Estado brasileiro relativas a direitos humanos, tamb\u00e9m identificando viola\u00e7\u00f5es a obriga\u00e7\u00f5es extraterritoriais de direitos humanos, isto \u00e9 a responsabilidade de governos de outros pa\u00edses pelas viola\u00e7\u00f5es de direitos, nesta regi\u00e3o, provocadas por empresas estrangeiras e\u00a0que fazem parte da maior rede de neg\u00f3cios de terras. Entre as comunidades afetadas pelas atividades empresariais em Matopiba encontram-se agricultores\/as familiares, povos ind\u00edgenas e quilombolas, al\u00e9m dos impactos ambientais.<br \/>\nA Caravana Internacional de Investiga\u00e7\u00e3o sobre grilagem de terras e viola\u00e7\u00f5es de direitos humanos na regi\u00e3o do Matopiba \u00e9 formada por um grupo de\u00a034\u00a0especialistas em direitos humanos e desenvolvimento econ\u00f4mico e rural e, \u00e9\u00a0parte de uma\u00a0campanha internacional contra investimentos destinados \u00e0 compra de grandes extens\u00f5es de terra, essencialmente para fins especulativos, utilizando recursos de Fundos de Pens\u00e3o e outros fundos de investimento.<br \/>\n<span class=\"intertit\">Audi\u00eancias P\u00fablicas<\/span><br \/>\nComo parte da programa\u00e7\u00e3o da Caravana est\u00e1 a realiza\u00e7\u00e3o de tr\u00eas audi\u00eancias p\u00fablicas, que acontecem nos dias 11, 13 e 14 de setembro, respectivamente em Bom Jesus (PI), Teresina (PI) e Bras\u00edlia (DF). As audi\u00eancias s\u00e3o realizadas em parceria com o Minist\u00e9rio P\u00fablico Federal e tem como objetivo apresentar as principais conclus\u00f5es e recomenda\u00e7\u00f5es da Caravana,\u00a0bem como subsidiar elabora\u00e7\u00e3o de relat\u00f3rio da caravana.<br \/>\n<span class=\"intertit\">Caravana<\/span><br \/>\nA Caravana \u00e9 coordenada pela FIAN Internacional e organizada pela FIAN Internacional, Rede Social de Justi\u00e7a e Direitos Humanos, FIAN Brasil e CPT Piau\u00ed, e conta com o apoio de diversas organiza\u00e7\u00f5es nacionais e internacionais, entre estas: Comiss\u00e3o Pastoral da Terra (CPT), CLOC \u2013 La Via Campesina, Via Campesina Brasil, GRAIN, ActionAid USA, Friends of the Earth International, WhyHunger, InterPares, Development and Peace, FIAN Su\u00e9cia, FIAN Alemanha, FIAN Holanda, Solidaridad Suecia \u2013 Am\u00e9rica Latina, Grassroots International, National Family Farm Coalition, Family Farm Defenders, Student\/Farmworker Alliance, Maryknoll Office for Global Concerns, Presbyterian Hunger Program, SumOfUs, Campanha Nacional em Defesa do Cerrado,\u00a0 FASE, FIOCRUZ,\u00a0 HEKS\/EPER, ActionAid Brasil, C\u00e1ritas Regional do Piau\u00ed, Federa\u00e7\u00e3o dos Agricultores Familiares (FAF), Federa\u00e7\u00e3o dos Trabalhadores Rurais na Agricultura (FETAG-PI), Escola de Forma\u00e7\u00e3o Paulo de Tarso (EFPT \u2013 PI), Vara e Procuradoria Agr\u00e1ria \u2013 PI, PROGEIA (Santa Filomena), Sindicato dos Trabalhadores Rurais de Santa Filomena, Par\u00f3quia de Santa Filomena, Instituto Comradio do Brasil.<br \/>\n<strong>Programa\u00e7\u00e3o das Audi\u00eancia P\u00fablicas<\/strong><br \/>\n\u2013 Audi\u00eancia P\u00fablica em Bom Jesus (PI)<br \/>\nData: 11 de setembro<br \/>\nHor\u00e1rio: 14h<br \/>\nLocal: Audit\u00f3rio do Minist\u00e9rio P\u00fablico do Trabalho em Bom Jesus (R. Vereador Airan Miranda, 231 \u2013 Bairro Judite Paulino, Bom Jesus\/PI)<br \/>\n\u2013 Audi\u00eancia P\u00fablica, seguida de coletiva de imprensa, em Teresina (PI)<br \/>\nData: 13 de setembro<br \/>\nHor\u00e1rio: 09h<br \/>\nLocal: Assembleia Legislativa do Estado do Piau\u00ed (Av. Mal. Castelo Branco, 201 \u2013 Cabral, Teresina\/PI)<br \/>\n\u2013 Audi\u00eancia P\u00fablica, seguida de coletiva de imprensa, em Bras\u00edlia (DF)<br \/>\nData: 14 de setembro<br \/>\nHor\u00e1rio: 14h30<br \/>\nLocal: Memorial da Procuradoria Geral da Rep\u00fablica (St. de Administra\u00e7\u00e3o Federal Sul \u2013 Zona C\u00edvico-Administrativa, Bras\u00edlia\/DF)<br \/>\n<em><strong>Fonte: Assessoria de Comunica\u00e7\u00e3o FIAN Brasil<\/strong><\/em><\/p>\n","protected":false},"excerpt":{"rendered":"<p>Uma delega\u00e7\u00e3o internacional est\u00e1 no Brasil desde o domingo( 03\/09) para realizar uma Caravana at\u00e9 o dia 15\u00a0de setembro com o intuito de investigar as den\u00fancias de viola\u00e7\u00f5es de direitos humanos e impactos ambientais como resultado da financeiriza\u00e7\u00e3o do mercado de terras agricult\u00e1veis na regi\u00e3o conhecida como Matopiba, que compreende \u00e1reas dos estados do Maranh\u00e3o, [&hellip;]<\/p>\n","protected":false},"author":4,"featured_media":54839,"comment_status":"open","ping_status":"closed","sticky":false,"template":"","format":"standard","meta":{"_jetpack_newsletter_access":"","_jetpack_dont_email_post_to_subs":false,"_jetpack_newsletter_tier_id":0,"_jetpack_memberships_contains_paywalled_content":false,"_jetpack_feature_clip_id":0,"_jetpack_memberships_contains_paid_content":false,"footnotes":"","jetpack_post_was_ever_published":false},"categories":[26],"tags":[],"class_list":["post-54838","post","type-post","status-publish","format-standard","has-post-thumbnail","hentry","category-geral"],"aioseo_notices":[],"aioseo_head":"\n\t\t<!-- All in One SEO 5.0.1.1 - aioseo.com -->\n\t<meta name=\"robots\" content=\"max-image-preview:large\" \/>\n\t<meta name=\"author\" content=\"da Reda\u00e7\u00e3o\"\/>\n\t<link rel=\"canonical\" href=\"https:\/\/www.jornalja.com.br\/arquivo\/caravana-internacional-investigara-violacoes-de-direitos-humanos-na-matopiba\/\" \/>\n\t<meta name=\"generator\" content=\"All in One SEO (AIOSEO) 5.0.1.1\" \/>\n\t\t<meta property=\"og:locale\" content=\"pt_BR\" \/>\n\t\t<meta property=\"og:site_name\" content=\"Arquivo | Jornal J\u00c1 | Porto Alegre\" \/>\n\t\t<meta property=\"og:type\" content=\"article\" \/>\n\t\t<meta property=\"og:title\" content=\"Caravana internacional investigar\u00e1 viola\u00e7\u00f5es de direitos humanos na Matopiba | Arquivo\" \/>\n\t\t<meta property=\"og:url\" content=\"https:\/\/www.jornalja.com.br\/arquivo\/caravana-internacional-investigara-violacoes-de-direitos-humanos-na-matopiba\/\" \/>\n\t\t<meta property=\"og:image\" content=\"https:\/\/www.jornalja.com.br\/economics\/wp-content\/uploads\/sites\/11\/2026\/08\/ja-folhaderosto-facebook.jpg\" \/>\n\t\t<meta property=\"og:image:secure_url\" content=\"https:\/\/www.jornalja.com.br\/economics\/wp-content\/uploads\/sites\/11\/2026\/08\/ja-folhaderosto-facebook.jpg\" \/>\n\t\t<meta property=\"article:published_time\" content=\"2017-09-07T18:43:56+00:00\" \/>\n\t\t<meta property=\"article:modified_time\" content=\"2017-09-07T18:43:56+00:00\" \/>\n\t\t<meta name=\"twitter:card\" content=\"summary\" \/>\n\t\t<meta name=\"twitter:title\" content=\"Caravana internacional investigar\u00e1 viola\u00e7\u00f5es de direitos humanos na Matopiba | Arquivo\" \/>\n\t\t<meta name=\"twitter:image\" content=\"https:\/\/www.jornalja.com.br\/economics\/wp-content\/uploads\/sites\/11\/2026\/08\/ja-folhaderosto-facebook.jpg\" \/>\n\t\t<script type=\"application\/ld+json\" class=\"aioseo-schema\">\n\t\t\t{\"@context\":\"https:\\\/\\\/schema.org\",\"@graph\":[{\"@type\":\"BlogPosting\",\"@id\":\"https:\\\/\\\/www.jornalja.com.br\\\/arquivo\\\/caravana-internacional-investigara-violacoes-de-direitos-humanos-na-matopiba\\\/#blogposting\",\"name\":\"Caravana internacional investigar\\u00e1 viola\\u00e7\\u00f5es de direitos humanos na Matopiba | Arquivo\",\"headline\":\"Caravana internacional investigar\\u00e1 viola\\u00e7\\u00f5es de direitos humanos na Matopiba\",\"author\":{\"@id\":\"https:\\\/\\\/www.jornalja.com.br\\\/arquivo\\\/author\\\/daredacao\\\/#author\"},\"publisher\":{\"@id\":\"https:\\\/\\\/www.jornalja.com.br\\\/arquivo\\\/#organization\"},\"image\":{\"@type\":\"ImageObject\",\"url\":54839},\"datePublished\":\"2017-09-07T15:43:56-03:00\",\"dateModified\":\"2017-09-07T15:43:56-03:00\",\"inLanguage\":\"pt-BR\",\"mainEntityOfPage\":{\"@id\":\"https:\\\/\\\/www.jornalja.com.br\\\/arquivo\\\/caravana-internacional-investigara-violacoes-de-direitos-humanos-na-matopiba\\\/#webpage\"},\"isPartOf\":{\"@id\":\"https:\\\/\\\/www.jornalja.com.br\\\/arquivo\\\/caravana-internacional-investigara-violacoes-de-direitos-humanos-na-matopiba\\\/#webpage\"},\"articleSection\":\"Geral\"},{\"@type\":\"BreadcrumbList\",\"@id\":\"https:\\\/\\\/www.jornalja.com.br\\\/arquivo\\\/caravana-internacional-investigara-violacoes-de-direitos-humanos-na-matopiba\\\/#breadcrumblist\",\"itemListElement\":[{\"@type\":\"ListItem\",\"@id\":\"https:\\\/\\\/www.jornalja.com.br\\\/arquivo#listItem\",\"position\":1,\"name\":\"Home\",\"item\":\"https:\\\/\\\/www.jornalja.com.br\\\/arquivo\",\"nextItem\":{\"@type\":\"ListItem\",\"@id\":\"https:\\\/\\\/www.jornalja.com.br\\\/arquivo\\\/category\\\/geral\\\/#listItem\",\"name\":\"Geral\"}},{\"@type\":\"ListItem\",\"@id\":\"https:\\\/\\\/www.jornalja.com.br\\\/arquivo\\\/category\\\/geral\\\/#listItem\",\"position\":2,\"name\":\"Geral\",\"item\":\"https:\\\/\\\/www.jornalja.com.br\\\/arquivo\\\/category\\\/geral\\\/\",\"nextItem\":{\"@type\":\"ListItem\",\"@id\":\"https:\\\/\\\/www.jornalja.com.br\\\/arquivo\\\/caravana-internacional-investigara-violacoes-de-direitos-humanos-na-matopiba\\\/#listItem\",\"name\":\"Caravana internacional investigar\\u00e1 viola\\u00e7\\u00f5es de direitos humanos na Matopiba\"},\"previousItem\":{\"@type\":\"ListItem\",\"@id\":\"https:\\\/\\\/www.jornalja.com.br\\\/arquivo#listItem\",\"name\":\"Home\"}},{\"@type\":\"ListItem\",\"@id\":\"https:\\\/\\\/www.jornalja.com.br\\\/arquivo\\\/caravana-internacional-investigara-violacoes-de-direitos-humanos-na-matopiba\\\/#listItem\",\"position\":3,\"name\":\"Caravana internacional investigar\\u00e1 viola\\u00e7\\u00f5es de direitos humanos na Matopiba\",\"previousItem\":{\"@type\":\"ListItem\",\"@id\":\"https:\\\/\\\/www.jornalja.com.br\\\/arquivo\\\/category\\\/geral\\\/#listItem\",\"name\":\"Geral\"}}]},{\"@type\":\"Organization\",\"@id\":\"https:\\\/\\\/www.jornalja.com.br\\\/arquivo\\\/#organization\",\"name\":\"Jornal J\\u00c1\",\"description\":\"Jornal J\\u00c1 | Porto Alegre\",\"url\":\"https:\\\/\\\/www.jornalja.com.br\\\/arquivo\\\/\",\"telephone\":\"+555133307272\",\"logo\":{\"@type\":\"ImageObject\",\"url\":\"https:\\\/\\\/www.jornalja.com.br\\\/wp-content\\\/uploads\\\/cards\\\/JAslogan.png\",\"@id\":\"https:\\\/\\\/www.jornalja.com.br\\\/arquivo\\\/caravana-internacional-investigara-violacoes-de-direitos-humanos-na-matopiba\\\/#organizationLogo\"},\"image\":{\"@id\":\"https:\\\/\\\/www.jornalja.com.br\\\/arquivo\\\/caravana-internacional-investigara-violacoes-de-direitos-humanos-na-matopiba\\\/#organizationLogo\"}},{\"@type\":\"Person\",\"@id\":\"https:\\\/\\\/www.jornalja.com.br\\\/arquivo\\\/author\\\/daredacao\\\/#author\",\"url\":\"https:\\\/\\\/www.jornalja.com.br\\\/arquivo\\\/author\\\/daredacao\\\/\",\"name\":\"da Reda\\u00e7\\u00e3o\",\"image\":{\"@type\":\"ImageObject\",\"@id\":\"https:\\\/\\\/www.jornalja.com.br\\\/arquivo\\\/caravana-internacional-investigara-violacoes-de-direitos-humanos-na-matopiba\\\/#authorImage\",\"url\":\"https:\\\/\\\/secure.gravatar.com\\\/avatar\\\/469fd857d6605ad19919d27ed29d35a968a25f6e8fd9318356bbb7f57aae9c65?s=96&d=mm&r=g\",\"width\":96,\"height\":96,\"caption\":\"da Reda\\u00e7\\u00e3o\"}},{\"@type\":\"WebPage\",\"@id\":\"https:\\\/\\\/www.jornalja.com.br\\\/arquivo\\\/caravana-internacional-investigara-violacoes-de-direitos-humanos-na-matopiba\\\/#webpage\",\"url\":\"https:\\\/\\\/www.jornalja.com.br\\\/arquivo\\\/caravana-internacional-investigara-violacoes-de-direitos-humanos-na-matopiba\\\/\",\"name\":\"Caravana internacional investigar\\u00e1 viola\\u00e7\\u00f5es de direitos humanos na Matopiba | Arquivo\",\"inLanguage\":\"pt-BR\",\"isPartOf\":{\"@id\":\"https:\\\/\\\/www.jornalja.com.br\\\/arquivo\\\/#website\"},\"breadcrumb\":{\"@id\":\"https:\\\/\\\/www.jornalja.com.br\\\/arquivo\\\/caravana-internacional-investigara-violacoes-de-direitos-humanos-na-matopiba\\\/#breadcrumblist\"},\"author\":{\"@id\":\"https:\\\/\\\/www.jornalja.com.br\\\/arquivo\\\/author\\\/daredacao\\\/#author\"},\"creator\":{\"@id\":\"https:\\\/\\\/www.jornalja.com.br\\\/arquivo\\\/author\\\/daredacao\\\/#author\"},\"image\":{\"@type\":\"ImageObject\",\"url\":54839,\"@id\":\"https:\\\/\\\/www.jornalja.com.br\\\/arquivo\\\/caravana-internacional-investigara-violacoes-de-direitos-humanos-na-matopiba\\\/#mainImage\"},\"primaryImageOfPage\":{\"@id\":\"https:\\\/\\\/www.jornalja.com.br\\\/arquivo\\\/caravana-internacional-investigara-violacoes-de-direitos-humanos-na-matopiba\\\/#mainImage\"},\"datePublished\":\"2017-09-07T15:43:56-03:00\",\"dateModified\":\"2017-09-07T15:43:56-03:00\"},{\"@type\":\"WebSite\",\"@id\":\"https:\\\/\\\/www.jornalja.com.br\\\/arquivo\\\/#website\",\"url\":\"https:\\\/\\\/www.jornalja.com.br\\\/arquivo\\\/\",\"name\":\"Arquivo\",\"description\":\"Jornal J\\u00c1 | Porto Alegre\",\"inLanguage\":\"pt-BR\",\"publisher\":{\"@id\":\"https:\\\/\\\/www.jornalja.com.br\\\/arquivo\\\/#organization\"}}]}\n\t\t<\/script>\n\t\t<!-- All in One SEO -->\n\n","aioseo_head_json":{"title":"Caravana internacional investigar\u00e1 viola\u00e7\u00f5es de direitos humanos na Matopiba | Arquivo","description":"","canonical_url":"https:\/\/www.jornalja.com.br\/arquivo\/caravana-internacional-investigara-violacoes-de-direitos-humanos-na-matopiba\/","robots":"max-image-preview:large","keywords":"","webmasterTools":{"miscellaneous":""},"schema":{"@context":"https:\/\/schema.org","@graph":[{"@type":"BlogPosting","@id":"https:\/\/www.jornalja.com.br\/arquivo\/caravana-internacional-investigara-violacoes-de-direitos-humanos-na-matopiba\/#blogposting","name":"Caravana internacional investigar\u00e1 viola\u00e7\u00f5es de direitos humanos na Matopiba | Arquivo","headline":"Caravana internacional investigar\u00e1 viola\u00e7\u00f5es de direitos humanos na Matopiba","author":{"@id":"https:\/\/www.jornalja.com.br\/arquivo\/author\/daredacao\/#author"},"publisher":{"@id":"https:\/\/www.jornalja.com.br\/arquivo\/#organization"},"image":{"@type":"ImageObject","url":54839},"datePublished":"2017-09-07T15:43:56-03:00","dateModified":"2017-09-07T15:43:56-03:00","inLanguage":"pt-BR","mainEntityOfPage":{"@id":"https:\/\/www.jornalja.com.br\/arquivo\/caravana-internacional-investigara-violacoes-de-direitos-humanos-na-matopiba\/#webpage"},"isPartOf":{"@id":"https:\/\/www.jornalja.com.br\/arquivo\/caravana-internacional-investigara-violacoes-de-direitos-humanos-na-matopiba\/#webpage"},"articleSection":"Geral"},{"@type":"BreadcrumbList","@id":"https:\/\/www.jornalja.com.br\/arquivo\/caravana-internacional-investigara-violacoes-de-direitos-humanos-na-matopiba\/#breadcrumblist","itemListElement":[{"@type":"ListItem","@id":"https:\/\/www.jornalja.com.br\/arquivo#listItem","position":1,"name":"Home","item":"https:\/\/www.jornalja.com.br\/arquivo","nextItem":{"@type":"ListItem","@id":"https:\/\/www.jornalja.com.br\/arquivo\/category\/geral\/#listItem","name":"Geral"}},{"@type":"ListItem","@id":"https:\/\/www.jornalja.com.br\/arquivo\/category\/geral\/#listItem","position":2,"name":"Geral","item":"https:\/\/www.jornalja.com.br\/arquivo\/category\/geral\/","nextItem":{"@type":"ListItem","@id":"https:\/\/www.jornalja.com.br\/arquivo\/caravana-internacional-investigara-violacoes-de-direitos-humanos-na-matopiba\/#listItem","name":"Caravana internacional investigar\u00e1 viola\u00e7\u00f5es de direitos humanos na Matopiba"},"previousItem":{"@type":"ListItem","@id":"https:\/\/www.jornalja.com.br\/arquivo#listItem","name":"Home"}},{"@type":"ListItem","@id":"https:\/\/www.jornalja.com.br\/arquivo\/caravana-internacional-investigara-violacoes-de-direitos-humanos-na-matopiba\/#listItem","position":3,"name":"Caravana internacional investigar\u00e1 viola\u00e7\u00f5es de direitos humanos na Matopiba","previousItem":{"@type":"ListItem","@id":"https:\/\/www.jornalja.com.br\/arquivo\/category\/geral\/#listItem","name":"Geral"}}]},{"@type":"Organization","@id":"https:\/\/www.jornalja.com.br\/arquivo\/#organization","name":"Jornal J\u00c1","description":"Jornal J\u00c1 | Porto Alegre","url":"https:\/\/www.jornalja.com.br\/arquivo\/","telephone":"+555133307272","logo":{"@type":"ImageObject","url":"https:\/\/www.jornalja.com.br\/wp-content\/uploads\/cards\/JAslogan.png","@id":"https:\/\/www.jornalja.com.br\/arquivo\/caravana-internacional-investigara-violacoes-de-direitos-humanos-na-matopiba\/#organizationLogo"},"image":{"@id":"https:\/\/www.jornalja.com.br\/arquivo\/caravana-internacional-investigara-violacoes-de-direitos-humanos-na-matopiba\/#organizationLogo"}},{"@type":"Person","@id":"https:\/\/www.jornalja.com.br\/arquivo\/author\/daredacao\/#author","url":"https:\/\/www.jornalja.com.br\/arquivo\/author\/daredacao\/","name":"da Reda\u00e7\u00e3o","image":{"@type":"ImageObject","@id":"https:\/\/www.jornalja.com.br\/arquivo\/caravana-internacional-investigara-violacoes-de-direitos-humanos-na-matopiba\/#authorImage","url":"https:\/\/secure.gravatar.com\/avatar\/469fd857d6605ad19919d27ed29d35a968a25f6e8fd9318356bbb7f57aae9c65?s=96&d=mm&r=g","width":96,"height":96,"caption":"da Reda\u00e7\u00e3o"}},{"@type":"WebPage","@id":"https:\/\/www.jornalja.com.br\/arquivo\/caravana-internacional-investigara-violacoes-de-direitos-humanos-na-matopiba\/#webpage","url":"https:\/\/www.jornalja.com.br\/arquivo\/caravana-internacional-investigara-violacoes-de-direitos-humanos-na-matopiba\/","name":"Caravana internacional investigar\u00e1 viola\u00e7\u00f5es de direitos humanos na Matopiba | Arquivo","inLanguage":"pt-BR","isPartOf":{"@id":"https:\/\/www.jornalja.com.br\/arquivo\/#website"},"breadcrumb":{"@id":"https:\/\/www.jornalja.com.br\/arquivo\/caravana-internacional-investigara-violacoes-de-direitos-humanos-na-matopiba\/#breadcrumblist"},"author":{"@id":"https:\/\/www.jornalja.com.br\/arquivo\/author\/daredacao\/#author"},"creator":{"@id":"https:\/\/www.jornalja.com.br\/arquivo\/author\/daredacao\/#author"},"image":{"@type":"ImageObject","url":54839,"@id":"https:\/\/www.jornalja.com.br\/arquivo\/caravana-internacional-investigara-violacoes-de-direitos-humanos-na-matopiba\/#mainImage"},"primaryImageOfPage":{"@id":"https:\/\/www.jornalja.com.br\/arquivo\/caravana-internacional-investigara-violacoes-de-direitos-humanos-na-matopiba\/#mainImage"},"datePublished":"2017-09-07T15:43:56-03:00","dateModified":"2017-09-07T15:43:56-03:00"},{"@type":"WebSite","@id":"https:\/\/www.jornalja.com.br\/arquivo\/#website","url":"https:\/\/www.jornalja.com.br\/arquivo\/","name":"Arquivo","description":"Jornal J\u00c1 | Porto Alegre","inLanguage":"pt-BR","publisher":{"@id":"https:\/\/www.jornalja.com.br\/arquivo\/#organization"}}]},"og:locale":"pt_BR","og:site_name":"Arquivo | Jornal J\u00c1 | Porto Alegre","og:type":"article","og:title":"Caravana internacional investigar\u00e1 viola\u00e7\u00f5es de direitos humanos na Matopiba | Arquivo","og:url":"https:\/\/www.jornalja.com.br\/arquivo\/caravana-internacional-investigara-violacoes-de-direitos-humanos-na-matopiba\/","og:image":"https:\/\/www.jornalja.com.br\/economics\/wp-content\/uploads\/sites\/11\/2026\/08\/ja-folhaderosto-facebook.jpg","og:image:secure_url":"https:\/\/www.jornalja.com.br\/economics\/wp-content\/uploads\/sites\/11\/2026\/08\/ja-folhaderosto-facebook.jpg","article:published_time":"2017-09-07T18:43:56+00:00","article:modified_time":"2017-09-07T18:43:56+00:00","twitter:card":"summary","twitter:title":"Caravana internacional investigar\u00e1 viola\u00e7\u00f5es de direitos humanos na Matopiba | Arquivo","twitter:image":"https:\/\/www.jornalja.com.br\/economics\/wp-content\/uploads\/sites\/11\/2026\/08\/ja-folhaderosto-facebook.jpg"},"aioseo_meta_data":{"post_id":"54838","title":null,"description":null,"keywords":null,"keyphrases":null,"primary_term":null,"canonical_url":null,"og_title":null,"og_description":null,"og_object_type":"default","og_image_type":"default","og_image_url":null,"og_image_width":null,"og_image_height":null,"og_image_custom_url":null,"og_image_custom_fields":null,"og_video":null,"og_custom_url":null,"og_article_section":null,"og_article_tags":null,"twitter_use_og":false,"twitter_card":"default","twitter_image_type":"default","twitter_image_url":null,"twitter_image_custom_url":null,"twitter_image_custom_fields":null,"twitter_title":null,"twitter_description":null,"schema":{"blockGraphs":[],"customGraphs":[],"default":{"data":{"Article":[],"Course":[],"Dataset":[],"FAQPage":[],"Movie":[],"Person":[],"Product":[],"ProductReview":[],"Car":[],"Recipe":[],"Service":[],"SoftwareApplication":[],"WebPage":[]},"graphName":"","isEnabled":true},"graphs":[],"defaultGraph":"","defaultPostTypeGraph":""},"schema_type":null,"schema_type_options":null,"pillar_content":false,"robots_default":true,"robots_noindex":false,"robots_noarchive":false,"robots_nosnippet":false,"robots_nofollow":false,"robots_noimageindex":false,"robots_noodp":false,"robots_notranslate":false,"robots_max_snippet":null,"robots_max_videopreview":null,"robots_max_imagepreview":"large","priority":null,"frequency":null,"location":null,"local_seo":null,"breadcrumb_settings":null,"limit_modified_date":false,"ai":null,"created":"2020-12-20 20:25:01","updated":"2025-07-20 00:57:33","seo_analyzer_scan_date":null,"focus_keyword":null,"additional_keywords":null,"truseo_locale":null},"jetpack_sharing_enabled":true,"jetpack-related-posts":[{"id":13109,"url":"https:\/\/www.jornalja.com.br\/arquivo\/judiciario-reconhece-poluicao-eletromagnetica\/","url_meta":{"origin":54838,"position":0},"title":"Judici\u00e1rio reconhece polui\u00e7\u00e3o eletromagn\u00e9tica","author":"Patr\u00edcia Marini","date":"16 de maio de 2014","format":false,"excerpt":"A\u00e7\u00e3o de duas associa\u00e7\u00f5es de moradores foi acolhida pelo Tribunal de Justi\u00e7a de S\u00e3o Paulo que. em decis\u00e3o in\u00e9dita, determinou a redu\u00e7\u00e3o do campo eletromagn\u00e9tico gerado pelas linhas de transmiss\u00e3o de energia que cortam os bairros City Boa\u00e7ava e Alto de Pinheiros. \u00c9 a primeira vez que um tribunal do\u2026","rel":"","context":"Em &quot;X.Categorias velhas&quot;","block_context":{"text":"X.Categorias velhas","link":"https:\/\/www.jornalja.com.br\/arquivo\/category\/x-categorias-velhas\/"},"img":{"alt_text":"","src":"","width":0,"height":0},"classes":[]},{"id":13128,"url":"https:\/\/www.jornalja.com.br\/arquivo\/maconha-terra-diz-que-uso-medicinal-e-desculpa\/","url_meta":{"origin":54838,"position":1},"title":"Maconha: Terra diz que uso medicinal \u00e9 desculpa","author":"Patr\u00edcia Marini","date":"4 de junho de 2014","format":false,"excerpt":"A condi\u00e7\u00e3o de pol\u00edtico, em \u00e9poca de campanha de campanha eleitoral, tira for\u00e7a do discurso do m\u00e9dico Osmar Terra contra a legaliza\u00e7\u00e3o da maconha. A tese dele de que a libera\u00e7\u00e3o vai ampliar exponencialmente o consumo \u00e9 discutivel, o consumo \u00e9 corrente. Mas seus alertas quanto aos riscos tem que\u2026","rel":"","context":"Em &quot;X.Categorias velhas&quot;","block_context":{"text":"X.Categorias velhas","link":"https:\/\/www.jornalja.com.br\/arquivo\/category\/x-categorias-velhas\/"},"img":{"alt_text":"","src":"","width":0,"height":0},"classes":[]},{"id":13240,"url":"https:\/\/www.jornalja.com.br\/arquivo\/plano-diretor-estamos-construindo-o-caos\/","url_meta":{"origin":54838,"position":2},"title":"Plano diretor: &quot;Estamos construindo o caos&quot;","author":"Patr\u00edcia Marini","date":"26 de maio de 2014","format":false,"excerpt":"Desabafo que arquiteta Eliana Castilhos, delegada da Regi\u00e3o de Planejamento 1, postou nas redes sociais \u00e9 um testemunho do ambiente que se criou no Conselho do Plano Diretor de Porto Alegre, onde a aprova\u00e7\u00e3o de grandes empreendimentos \u00e9 empurrada guela abaixo dos conselheiros. Ao CMDUA Como delegada da Regi\u00e3o de\u2026","rel":"","context":"Em &quot;Geral&quot;","block_context":{"text":"Geral","link":"https:\/\/www.jornalja.com.br\/arquivo\/category\/geral\/"},"img":{"alt_text":"","src":"","width":0,"height":0},"classes":[]},{"id":13124,"url":"https:\/\/www.jornalja.com.br\/arquivo\/sangue-latino-no-iecine\/","url_meta":{"origin":54838,"position":3},"title":"Sangue latino no IECINE","author":"da Reda\u00e7\u00e3o","date":"18 de maio de 2014","format":false,"excerpt":"Francisco Ribeiro O Instituto Estadual de Cinema (IECINE) tem a frente, desde abril \u00faltimo, um novo diretor, o cineasta colombiano Juan Zapata, 36, que substitui Luiz Alberto Cassol. Radicado h\u00e1 dez anos em Porto Alegre, Zapata tem diante de si o desafio de conduzir at\u00e9 o final do ano um\u2026","rel":"","context":"Em &quot;Cultura-Geral&quot;","block_context":{"text":"Cultura-Geral","link":"https:\/\/www.jornalja.com.br\/arquivo\/category\/materiasecundaria\/"},"img":{"alt_text":"","src":"","width":0,"height":0},"classes":[]},{"id":5440,"url":"https:\/\/www.jornalja.com.br\/arquivo\/casarao-da-venancio-destino-permanece-incerto\/","url_meta":{"origin":54838,"position":4},"title":"Estado ainda n\u00e3o sabe o que fazer com casar\u00e3o abandonado h\u00e1 20 anos","author":"Elmar Bones","date":"6 de julho de 2009","format":false,"excerpt":"O casar\u00e3o amarelo, numa esquina nobre de Porto Alegre (Ven\u00e2ncio Aires com Jo\u00e3o Pessoa), j\u00e1 abrigou uma escola. H\u00e1 duas d\u00e9cadas, pelo menos, est\u00e1 abandonado, porque seu propriet\u00e1rio, o governo do Estado do Rio Grande do Sul, n\u00e3o consegue achar um destino para ele. Planos n\u00e3o faltaram. O governador Ol\u00edvio\u2026","rel":"","context":"Em &quot;X.Categorias velhas&quot;","block_context":{"text":"X.Categorias velhas","link":"https:\/\/www.jornalja.com.br\/arquivo\/category\/x-categorias-velhas\/"},"img":{"alt_text":"geraldo1","src":"https:\/\/i0.wp.com\/www.jornalja.com.br\/wp-content\/uploads\/2009\/07\/geraldo1.jpg?resize=350%2C200&ssl=1","width":350,"height":200},"classes":[]},{"id":13239,"url":"https:\/\/www.jornalja.com.br\/arquivo\/conselho-desdenha-do-plano-diretor\/","url_meta":{"origin":54838,"position":5},"title":"Porto Alegre: Conselho detona Plano Diretor","author":"Patr\u00edcia Marini","date":"25 de maio de 2014","format":false,"excerpt":"Den\u00fancia do arquiteto e \u00a0urbanista Ibir\u00e1 Santos Lucas. Ele diz que os conselheiros est\u00e3o votando com \"enorme irresponsabilidade\". \"Mudam regime com a maior naturalidade,,,regularizam absurdos de constru\u00e7\u00f5es irregulares... \"O CMDUA est\u00e1 flexibilizando a lei do plano diretor, de uma forma impactante na vida da cidade. Mudam regime com a maior\u2026","rel":"","context":"Em &quot;Geral&quot;","block_context":{"text":"Geral","link":"https:\/\/www.jornalja.com.br\/arquivo\/category\/geral\/"},"img":{"alt_text":"","src":"","width":0,"height":0},"classes":[]}],"jetpack_shortlink":"https:\/\/wp.me\/pbQjBd-egu","jetpack_featured_media_url":"","_links":{"self":[{"href":"https:\/\/www.jornalja.com.br\/arquivo\/wp-json\/wp\/v2\/posts\/54838","targetHints":{"allow":["GET"]}}],"collection":[{"href":"https:\/\/www.jornalja.com.br\/arquivo\/wp-json\/wp\/v2\/posts"}],"about":[{"href":"https:\/\/www.jornalja.com.br\/arquivo\/wp-json\/wp\/v2\/types\/post"}],"author":[{"embeddable":true,"href":"https:\/\/www.jornalja.com.br\/arquivo\/wp-json\/wp\/v2\/users\/4"}],"replies":[{"embeddable":true,"href":"https:\/\/www.jornalja.com.br\/arquivo\/wp-json\/wp\/v2\/comments?post=54838"}],"version-history":[{"count":0,"href":"https:\/\/www.jornalja.com.br\/arquivo\/wp-json\/wp\/v2\/posts\/54838\/revisions"}],"wp:attachment":[{"href":"https:\/\/www.jornalja.com.br\/arquivo\/wp-json\/wp\/v2\/media?parent=54838"}],"wp:term":[{"taxonomy":"category","embeddable":true,"href":"https:\/\/www.jornalja.com.br\/arquivo\/wp-json\/wp\/v2\/categories?post=54838"},{"taxonomy":"post_tag","embeddable":true,"href":"https:\/\/www.jornalja.com.br\/arquivo\/wp-json\/wp\/v2\/tags?post=54838"}],"curies":[{"name":"wp","href":"https:\/\/api.w.org\/{rel}","templated":true}]}}