{"id":54859,"date":"2017-09-08T10:46:01","date_gmt":"2017-09-08T13:46:01","guid":{"rendered":"https:\/\/www.jornalja.com.br\/?p=54859"},"modified":"2017-09-08T10:46:01","modified_gmt":"2017-09-08T13:46:01","slug":"apos-apreensao-de-r-51-milhoes-geddel-e-preso-em-salvador","status":"publish","type":"post","link":"https:\/\/www.jornalja.com.br\/arquivo\/apos-apreensao-de-r-51-milhoes-geddel-e-preso-em-salvador\/","title":{"rendered":"Ap\u00f3s apreens\u00e3o de R$ 51 milh\u00f5es, Geddel \u00e9 preso em Salvador"},"content":{"rendered":"<p><span style=\"color: #333333\"><span style=\"font-family: 'Open Sans', sans-serif\">O ex-ministro Geddel Vieira Lima voltou a ser preso, na manh\u00e3 desta sexta-feira, 8\/<\/span><\/span><span style=\"color: #333333\"><span style=\"font-family: 'Open Sans', sans-serif\">9,<\/span><\/span><span style=\"color: #333333\"><span style=\"font-family: 'Open Sans', sans-serif\"> em Salvador, tr\u00eas dias ap\u00f3s a Pol\u00edcia Federal <\/span><\/span><a href=\"http:\/\/agenciabrasil.ebc.com.br\/politica\/noticia\/2017-09\/dinheiro-achado-em-imovel-que-seria-usado-por-geddel-soma-mais-de-r-51\" target=\"_blank\" rel=\"noopener noreferrer\"><span style=\"color: #0c88d8\"><span style=\"font-family: 'Open Sans', sans-serif\">encontrar mais de R$ 51 milh\u00f5es<\/span><\/span><\/a><span style=\"color: #333333\"><span style=\"font-family: 'Open Sans', sans-serif\">, atribu\u00eddos a ele, em um apartamento. <\/span><\/span><br \/>\n<span style=\"color: #333333\"><span style=\"font-family: 'Open Sans', sans-serif\">Duas viaturas da PF estiveram no condom\u00ednio residencial onde Geddel cumpria pris\u00e3o domiciliar, no Bairro da Barra, regi\u00e3o nobre da capital baiana. A pris\u00e3o ocorreu pouco antes das 7h.<\/span><\/span><br \/>\n<span style=\"color: #333333\"><span style=\"font-family: 'Open Sans', sans-serif\">O ex-ministro Geddel Vieira Lima foi encaminhado para o Aeroporto de Salvador, de onde viaja a Bras\u00edlia e ficar\u00e1 \u00e0 disposi\u00e7\u00e3o da Justi\u00e7a.<\/span><\/span><br \/>\nO Minist\u00e9rio P\u00fablico Federal (MPF) faz parte da for\u00e7a-tarefa denominada Greenfield, que cumpre dois mandados de pris\u00e3o preventiva e tr\u00eas de busca e apreens\u00e3o. Todos ocorrem em Salvador e fazem parte de mais uma fase da Opera\u00e7\u00e3o Cui Bono, que investiga desvios de recursos em vice-presid\u00eancias na Caixa Econ\u00f4mica Federal. O MPF n\u00e3o detalhou os nomes e endere\u00e7os dos mandados.<br \/>\nNa \u00faltima ter\u00e7a-feira (5), a Pol\u00edcia Federal apreendeu malas e caixas de dinheiro, em um apartamento na Gra\u00e7a, em Salvador. O propriet\u00e1rio, S\u00edlvio Silveira, confirmou em depoimento, que <a href=\"http:\/\/agenciabrasil.ebc.com.br\/geral\/noticia\/2017-09\/proprietario-de-apartamento-confirma-que-emprestou-imovel-geddel\" target=\"_blank\" rel=\"noopener noreferrer\">emprestou o im\u00f3vel a Geddel<\/a>, que teria pedido para guardar pertences do pai, que morreu no ano passado. At\u00e9 a manh\u00e3 de hoje, Geddel cumpria pris\u00e3o domiciliar.<br \/>\n<em>Da Ag\u00eancia Brasil<\/em><\/p>\n","protected":false},"excerpt":{"rendered":"<p>O ex-ministro Geddel Vieira Lima voltou a ser preso, na manh\u00e3 desta sexta-feira, 8\/9, em Salvador, tr\u00eas dias ap\u00f3s a Pol\u00edcia Federal encontrar mais de R$ 51 milh\u00f5es, atribu\u00eddos a ele, em um apartamento. Duas viaturas da PF estiveram no condom\u00ednio residencial onde Geddel cumpria pris\u00e3o domiciliar, no Bairro da Barra, regi\u00e3o nobre da capital [&hellip;]<\/p>\n","protected":false},"author":4,"featured_media":54860,"comment_status":"open","ping_status":"closed","sticky":false,"template":"","format":"standard","meta":{"_jetpack_newsletter_access":"","_jetpack_dont_email_post_to_subs":false,"_jetpack_newsletter_tier_id":0,"_jetpack_memberships_contains_paywalled_content":false,"_jetpack_feature_clip_id":0,"_jetpack_memberships_contains_paid_content":false,"footnotes":"","jetpack_post_was_ever_published":false},"categories":[26],"tags":[],"class_list":["post-54859","post","type-post","status-publish","format-standard","has-post-thumbnail","hentry","category-geral"],"aioseo_notices":[],"aioseo_head":"\n\t\t<!-- All in One SEO 5.0.1.1 - aioseo.com -->\n\t<meta name=\"robots\" content=\"max-image-preview:large\" \/>\n\t<meta name=\"author\" content=\"da Reda\u00e7\u00e3o\"\/>\n\t<link rel=\"canonical\" href=\"https:\/\/www.jornalja.com.br\/arquivo\/apos-apreensao-de-r-51-milhoes-geddel-e-preso-em-salvador\/\" \/>\n\t<meta name=\"generator\" content=\"All in One SEO (AIOSEO) 5.0.1.1\" \/>\n\t\t<meta property=\"og:locale\" content=\"pt_BR\" \/>\n\t\t<meta property=\"og:site_name\" content=\"Arquivo | Jornal J\u00c1 | Porto Alegre\" \/>\n\t\t<meta property=\"og:type\" content=\"article\" \/>\n\t\t<meta property=\"og:title\" content=\"Ap\u00f3s apreens\u00e3o de R$ 51 milh\u00f5es, Geddel \u00e9 preso em Salvador | Arquivo\" \/>\n\t\t<meta property=\"og:url\" content=\"https:\/\/www.jornalja.com.br\/arquivo\/apos-apreensao-de-r-51-milhoes-geddel-e-preso-em-salvador\/\" \/>\n\t\t<meta property=\"og:image\" content=\"https:\/\/www.jornalja.com.br\/economics\/wp-content\/uploads\/sites\/11\/2026\/08\/ja-folhaderosto-facebook.jpg\" \/>\n\t\t<meta property=\"og:image:secure_url\" content=\"https:\/\/www.jornalja.com.br\/economics\/wp-content\/uploads\/sites\/11\/2026\/08\/ja-folhaderosto-facebook.jpg\" \/>\n\t\t<meta property=\"article:published_time\" content=\"2017-09-08T13:46:01+00:00\" \/>\n\t\t<meta property=\"article:modified_time\" content=\"2017-09-08T13:46:01+00:00\" \/>\n\t\t<meta name=\"twitter:card\" content=\"summary\" \/>\n\t\t<meta name=\"twitter:title\" content=\"Ap\u00f3s apreens\u00e3o de R$ 51 milh\u00f5es, Geddel \u00e9 preso em Salvador | Arquivo\" \/>\n\t\t<meta name=\"twitter:image\" content=\"https:\/\/www.jornalja.com.br\/economics\/wp-content\/uploads\/sites\/11\/2026\/08\/ja-folhaderosto-facebook.jpg\" \/>\n\t\t<script type=\"application\/ld+json\" class=\"aioseo-schema\">\n\t\t\t{\"@context\":\"https:\\\/\\\/schema.org\",\"@graph\":[{\"@type\":\"BlogPosting\",\"@id\":\"https:\\\/\\\/www.jornalja.com.br\\\/arquivo\\\/apos-apreensao-de-r-51-milhoes-geddel-e-preso-em-salvador\\\/#blogposting\",\"name\":\"Ap\\u00f3s apreens\\u00e3o de R$ 51 milh\\u00f5es, Geddel \\u00e9 preso em Salvador | Arquivo\",\"headline\":\"Ap\\u00f3s apreens\\u00e3o de R$ 51 milh\\u00f5es, Geddel \\u00e9 preso em Salvador\",\"author\":{\"@id\":\"https:\\\/\\\/www.jornalja.com.br\\\/arquivo\\\/author\\\/daredacao\\\/#author\"},\"publisher\":{\"@id\":\"https:\\\/\\\/www.jornalja.com.br\\\/arquivo\\\/#organization\"},\"image\":{\"@type\":\"ImageObject\",\"url\":54860},\"datePublished\":\"2017-09-08T10:46:01-03:00\",\"dateModified\":\"2017-09-08T10:46:01-03:00\",\"inLanguage\":\"pt-BR\",\"mainEntityOfPage\":{\"@id\":\"https:\\\/\\\/www.jornalja.com.br\\\/arquivo\\\/apos-apreensao-de-r-51-milhoes-geddel-e-preso-em-salvador\\\/#webpage\"},\"isPartOf\":{\"@id\":\"https:\\\/\\\/www.jornalja.com.br\\\/arquivo\\\/apos-apreensao-de-r-51-milhoes-geddel-e-preso-em-salvador\\\/#webpage\"},\"articleSection\":\"Geral\"},{\"@type\":\"BreadcrumbList\",\"@id\":\"https:\\\/\\\/www.jornalja.com.br\\\/arquivo\\\/apos-apreensao-de-r-51-milhoes-geddel-e-preso-em-salvador\\\/#breadcrumblist\",\"itemListElement\":[{\"@type\":\"ListItem\",\"@id\":\"https:\\\/\\\/www.jornalja.com.br\\\/arquivo#listItem\",\"position\":1,\"name\":\"Home\",\"item\":\"https:\\\/\\\/www.jornalja.com.br\\\/arquivo\",\"nextItem\":{\"@type\":\"ListItem\",\"@id\":\"https:\\\/\\\/www.jornalja.com.br\\\/arquivo\\\/category\\\/geral\\\/#listItem\",\"name\":\"Geral\"}},{\"@type\":\"ListItem\",\"@id\":\"https:\\\/\\\/www.jornalja.com.br\\\/arquivo\\\/category\\\/geral\\\/#listItem\",\"position\":2,\"name\":\"Geral\",\"item\":\"https:\\\/\\\/www.jornalja.com.br\\\/arquivo\\\/category\\\/geral\\\/\",\"nextItem\":{\"@type\":\"ListItem\",\"@id\":\"https:\\\/\\\/www.jornalja.com.br\\\/arquivo\\\/apos-apreensao-de-r-51-milhoes-geddel-e-preso-em-salvador\\\/#listItem\",\"name\":\"Ap\\u00f3s apreens\\u00e3o de R$ 51 milh\\u00f5es, Geddel \\u00e9 preso em Salvador\"},\"previousItem\":{\"@type\":\"ListItem\",\"@id\":\"https:\\\/\\\/www.jornalja.com.br\\\/arquivo#listItem\",\"name\":\"Home\"}},{\"@type\":\"ListItem\",\"@id\":\"https:\\\/\\\/www.jornalja.com.br\\\/arquivo\\\/apos-apreensao-de-r-51-milhoes-geddel-e-preso-em-salvador\\\/#listItem\",\"position\":3,\"name\":\"Ap\\u00f3s apreens\\u00e3o de R$ 51 milh\\u00f5es, Geddel \\u00e9 preso em Salvador\",\"previousItem\":{\"@type\":\"ListItem\",\"@id\":\"https:\\\/\\\/www.jornalja.com.br\\\/arquivo\\\/category\\\/geral\\\/#listItem\",\"name\":\"Geral\"}}]},{\"@type\":\"Organization\",\"@id\":\"https:\\\/\\\/www.jornalja.com.br\\\/arquivo\\\/#organization\",\"name\":\"Jornal J\\u00c1\",\"description\":\"Jornal J\\u00c1 | Porto Alegre\",\"url\":\"https:\\\/\\\/www.jornalja.com.br\\\/arquivo\\\/\",\"telephone\":\"+555133307272\",\"logo\":{\"@type\":\"ImageObject\",\"url\":\"https:\\\/\\\/www.jornalja.com.br\\\/wp-content\\\/uploads\\\/cards\\\/JAslogan.png\",\"@id\":\"https:\\\/\\\/www.jornalja.com.br\\\/arquivo\\\/apos-apreensao-de-r-51-milhoes-geddel-e-preso-em-salvador\\\/#organizationLogo\"},\"image\":{\"@id\":\"https:\\\/\\\/www.jornalja.com.br\\\/arquivo\\\/apos-apreensao-de-r-51-milhoes-geddel-e-preso-em-salvador\\\/#organizationLogo\"}},{\"@type\":\"Person\",\"@id\":\"https:\\\/\\\/www.jornalja.com.br\\\/arquivo\\\/author\\\/daredacao\\\/#author\",\"url\":\"https:\\\/\\\/www.jornalja.com.br\\\/arquivo\\\/author\\\/daredacao\\\/\",\"name\":\"da Reda\\u00e7\\u00e3o\",\"image\":{\"@type\":\"ImageObject\",\"@id\":\"https:\\\/\\\/www.jornalja.com.br\\\/arquivo\\\/apos-apreensao-de-r-51-milhoes-geddel-e-preso-em-salvador\\\/#authorImage\",\"url\":\"https:\\\/\\\/secure.gravatar.com\\\/avatar\\\/469fd857d6605ad19919d27ed29d35a968a25f6e8fd9318356bbb7f57aae9c65?s=96&d=mm&r=g\",\"width\":96,\"height\":96,\"caption\":\"da Reda\\u00e7\\u00e3o\"}},{\"@type\":\"WebPage\",\"@id\":\"https:\\\/\\\/www.jornalja.com.br\\\/arquivo\\\/apos-apreensao-de-r-51-milhoes-geddel-e-preso-em-salvador\\\/#webpage\",\"url\":\"https:\\\/\\\/www.jornalja.com.br\\\/arquivo\\\/apos-apreensao-de-r-51-milhoes-geddel-e-preso-em-salvador\\\/\",\"name\":\"Ap\\u00f3s apreens\\u00e3o de R$ 51 milh\\u00f5es, Geddel \\u00e9 preso em Salvador | Arquivo\",\"inLanguage\":\"pt-BR\",\"isPartOf\":{\"@id\":\"https:\\\/\\\/www.jornalja.com.br\\\/arquivo\\\/#website\"},\"breadcrumb\":{\"@id\":\"https:\\\/\\\/www.jornalja.com.br\\\/arquivo\\\/apos-apreensao-de-r-51-milhoes-geddel-e-preso-em-salvador\\\/#breadcrumblist\"},\"author\":{\"@id\":\"https:\\\/\\\/www.jornalja.com.br\\\/arquivo\\\/author\\\/daredacao\\\/#author\"},\"creator\":{\"@id\":\"https:\\\/\\\/www.jornalja.com.br\\\/arquivo\\\/author\\\/daredacao\\\/#author\"},\"image\":{\"@type\":\"ImageObject\",\"url\":54860,\"@id\":\"https:\\\/\\\/www.jornalja.com.br\\\/arquivo\\\/apos-apreensao-de-r-51-milhoes-geddel-e-preso-em-salvador\\\/#mainImage\"},\"primaryImageOfPage\":{\"@id\":\"https:\\\/\\\/www.jornalja.com.br\\\/arquivo\\\/apos-apreensao-de-r-51-milhoes-geddel-e-preso-em-salvador\\\/#mainImage\"},\"datePublished\":\"2017-09-08T10:46:01-03:00\",\"dateModified\":\"2017-09-08T10:46:01-03:00\"},{\"@type\":\"WebSite\",\"@id\":\"https:\\\/\\\/www.jornalja.com.br\\\/arquivo\\\/#website\",\"url\":\"https:\\\/\\\/www.jornalja.com.br\\\/arquivo\\\/\",\"name\":\"Arquivo\",\"description\":\"Jornal J\\u00c1 | Porto Alegre\",\"inLanguage\":\"pt-BR\",\"publisher\":{\"@id\":\"https:\\\/\\\/www.jornalja.com.br\\\/arquivo\\\/#organization\"}}]}\n\t\t<\/script>\n\t\t<!-- All in One SEO -->\n\n","aioseo_head_json":{"title":"Ap\u00f3s apreens\u00e3o de R$ 51 milh\u00f5es, Geddel \u00e9 preso em Salvador | Arquivo","description":"","canonical_url":"https:\/\/www.jornalja.com.br\/arquivo\/apos-apreensao-de-r-51-milhoes-geddel-e-preso-em-salvador\/","robots":"max-image-preview:large","keywords":"","webmasterTools":{"miscellaneous":""},"schema":{"@context":"https:\/\/schema.org","@graph":[{"@type":"BlogPosting","@id":"https:\/\/www.jornalja.com.br\/arquivo\/apos-apreensao-de-r-51-milhoes-geddel-e-preso-em-salvador\/#blogposting","name":"Ap\u00f3s apreens\u00e3o de R$ 51 milh\u00f5es, Geddel \u00e9 preso em Salvador | Arquivo","headline":"Ap\u00f3s apreens\u00e3o de R$ 51 milh\u00f5es, Geddel \u00e9 preso em Salvador","author":{"@id":"https:\/\/www.jornalja.com.br\/arquivo\/author\/daredacao\/#author"},"publisher":{"@id":"https:\/\/www.jornalja.com.br\/arquivo\/#organization"},"image":{"@type":"ImageObject","url":54860},"datePublished":"2017-09-08T10:46:01-03:00","dateModified":"2017-09-08T10:46:01-03:00","inLanguage":"pt-BR","mainEntityOfPage":{"@id":"https:\/\/www.jornalja.com.br\/arquivo\/apos-apreensao-de-r-51-milhoes-geddel-e-preso-em-salvador\/#webpage"},"isPartOf":{"@id":"https:\/\/www.jornalja.com.br\/arquivo\/apos-apreensao-de-r-51-milhoes-geddel-e-preso-em-salvador\/#webpage"},"articleSection":"Geral"},{"@type":"BreadcrumbList","@id":"https:\/\/www.jornalja.com.br\/arquivo\/apos-apreensao-de-r-51-milhoes-geddel-e-preso-em-salvador\/#breadcrumblist","itemListElement":[{"@type":"ListItem","@id":"https:\/\/www.jornalja.com.br\/arquivo#listItem","position":1,"name":"Home","item":"https:\/\/www.jornalja.com.br\/arquivo","nextItem":{"@type":"ListItem","@id":"https:\/\/www.jornalja.com.br\/arquivo\/category\/geral\/#listItem","name":"Geral"}},{"@type":"ListItem","@id":"https:\/\/www.jornalja.com.br\/arquivo\/category\/geral\/#listItem","position":2,"name":"Geral","item":"https:\/\/www.jornalja.com.br\/arquivo\/category\/geral\/","nextItem":{"@type":"ListItem","@id":"https:\/\/www.jornalja.com.br\/arquivo\/apos-apreensao-de-r-51-milhoes-geddel-e-preso-em-salvador\/#listItem","name":"Ap\u00f3s apreens\u00e3o de R$ 51 milh\u00f5es, Geddel \u00e9 preso em Salvador"},"previousItem":{"@type":"ListItem","@id":"https:\/\/www.jornalja.com.br\/arquivo#listItem","name":"Home"}},{"@type":"ListItem","@id":"https:\/\/www.jornalja.com.br\/arquivo\/apos-apreensao-de-r-51-milhoes-geddel-e-preso-em-salvador\/#listItem","position":3,"name":"Ap\u00f3s apreens\u00e3o de R$ 51 milh\u00f5es, Geddel \u00e9 preso em Salvador","previousItem":{"@type":"ListItem","@id":"https:\/\/www.jornalja.com.br\/arquivo\/category\/geral\/#listItem","name":"Geral"}}]},{"@type":"Organization","@id":"https:\/\/www.jornalja.com.br\/arquivo\/#organization","name":"Jornal J\u00c1","description":"Jornal J\u00c1 | Porto Alegre","url":"https:\/\/www.jornalja.com.br\/arquivo\/","telephone":"+555133307272","logo":{"@type":"ImageObject","url":"https:\/\/www.jornalja.com.br\/wp-content\/uploads\/cards\/JAslogan.png","@id":"https:\/\/www.jornalja.com.br\/arquivo\/apos-apreensao-de-r-51-milhoes-geddel-e-preso-em-salvador\/#organizationLogo"},"image":{"@id":"https:\/\/www.jornalja.com.br\/arquivo\/apos-apreensao-de-r-51-milhoes-geddel-e-preso-em-salvador\/#organizationLogo"}},{"@type":"Person","@id":"https:\/\/www.jornalja.com.br\/arquivo\/author\/daredacao\/#author","url":"https:\/\/www.jornalja.com.br\/arquivo\/author\/daredacao\/","name":"da Reda\u00e7\u00e3o","image":{"@type":"ImageObject","@id":"https:\/\/www.jornalja.com.br\/arquivo\/apos-apreensao-de-r-51-milhoes-geddel-e-preso-em-salvador\/#authorImage","url":"https:\/\/secure.gravatar.com\/avatar\/469fd857d6605ad19919d27ed29d35a968a25f6e8fd9318356bbb7f57aae9c65?s=96&d=mm&r=g","width":96,"height":96,"caption":"da Reda\u00e7\u00e3o"}},{"@type":"WebPage","@id":"https:\/\/www.jornalja.com.br\/arquivo\/apos-apreensao-de-r-51-milhoes-geddel-e-preso-em-salvador\/#webpage","url":"https:\/\/www.jornalja.com.br\/arquivo\/apos-apreensao-de-r-51-milhoes-geddel-e-preso-em-salvador\/","name":"Ap\u00f3s apreens\u00e3o de R$ 51 milh\u00f5es, Geddel \u00e9 preso em Salvador | Arquivo","inLanguage":"pt-BR","isPartOf":{"@id":"https:\/\/www.jornalja.com.br\/arquivo\/#website"},"breadcrumb":{"@id":"https:\/\/www.jornalja.com.br\/arquivo\/apos-apreensao-de-r-51-milhoes-geddel-e-preso-em-salvador\/#breadcrumblist"},"author":{"@id":"https:\/\/www.jornalja.com.br\/arquivo\/author\/daredacao\/#author"},"creator":{"@id":"https:\/\/www.jornalja.com.br\/arquivo\/author\/daredacao\/#author"},"image":{"@type":"ImageObject","url":54860,"@id":"https:\/\/www.jornalja.com.br\/arquivo\/apos-apreensao-de-r-51-milhoes-geddel-e-preso-em-salvador\/#mainImage"},"primaryImageOfPage":{"@id":"https:\/\/www.jornalja.com.br\/arquivo\/apos-apreensao-de-r-51-milhoes-geddel-e-preso-em-salvador\/#mainImage"},"datePublished":"2017-09-08T10:46:01-03:00","dateModified":"2017-09-08T10:46:01-03:00"},{"@type":"WebSite","@id":"https:\/\/www.jornalja.com.br\/arquivo\/#website","url":"https:\/\/www.jornalja.com.br\/arquivo\/","name":"Arquivo","description":"Jornal J\u00c1 | Porto Alegre","inLanguage":"pt-BR","publisher":{"@id":"https:\/\/www.jornalja.com.br\/arquivo\/#organization"}}]},"og:locale":"pt_BR","og:site_name":"Arquivo | Jornal J\u00c1 | Porto Alegre","og:type":"article","og:title":"Ap\u00f3s apreens\u00e3o de R$ 51 milh\u00f5es, Geddel \u00e9 preso em Salvador | Arquivo","og:url":"https:\/\/www.jornalja.com.br\/arquivo\/apos-apreensao-de-r-51-milhoes-geddel-e-preso-em-salvador\/","og:image":"https:\/\/www.jornalja.com.br\/economics\/wp-content\/uploads\/sites\/11\/2026\/08\/ja-folhaderosto-facebook.jpg","og:image:secure_url":"https:\/\/www.jornalja.com.br\/economics\/wp-content\/uploads\/sites\/11\/2026\/08\/ja-folhaderosto-facebook.jpg","article:published_time":"2017-09-08T13:46:01+00:00","article:modified_time":"2017-09-08T13:46:01+00:00","twitter:card":"summary","twitter:title":"Ap\u00f3s apreens\u00e3o de R$ 51 milh\u00f5es, Geddel \u00e9 preso em Salvador | Arquivo","twitter:image":"https:\/\/www.jornalja.com.br\/economics\/wp-content\/uploads\/sites\/11\/2026\/08\/ja-folhaderosto-facebook.jpg"},"aioseo_meta_data":{"post_id":"54859","title":null,"description":null,"keywords":null,"keyphrases":null,"primary_term":null,"canonical_url":null,"og_title":null,"og_description":null,"og_object_type":"default","og_image_type":"default","og_image_url":null,"og_image_width":null,"og_image_height":null,"og_image_custom_url":null,"og_image_custom_fields":null,"og_video":null,"og_custom_url":null,"og_article_section":null,"og_article_tags":null,"twitter_use_og":false,"twitter_card":"default","twitter_image_type":"default","twitter_image_url":null,"twitter_image_custom_url":null,"twitter_image_custom_fields":null,"twitter_title":null,"twitter_description":null,"schema":{"blockGraphs":[],"customGraphs":[],"default":{"data":{"Article":[],"Course":[],"Dataset":[],"FAQPage":[],"Movie":[],"Person":[],"Product":[],"ProductReview":[],"Car":[],"Recipe":[],"Service":[],"SoftwareApplication":[],"WebPage":[]},"graphName":"","isEnabled":true},"graphs":[],"defaultGraph":"","defaultPostTypeGraph":""},"schema_type":null,"schema_type_options":null,"pillar_content":false,"robots_default":true,"robots_noindex":false,"robots_noarchive":false,"robots_nosnippet":false,"robots_nofollow":false,"robots_noimageindex":false,"robots_noodp":false,"robots_notranslate":false,"robots_max_snippet":null,"robots_max_videopreview":null,"robots_max_imagepreview":"large","priority":null,"frequency":null,"location":null,"local_seo":null,"breadcrumb_settings":null,"limit_modified_date":false,"ai":null,"created":"2020-12-20 20:25:01","updated":"2025-07-20 00:57:33","seo_analyzer_scan_date":null,"focus_keyword":null,"additional_keywords":null,"truseo_locale":null},"jetpack_sharing_enabled":true,"jetpack-related-posts":[{"id":14241,"url":"https:\/\/www.jornalja.com.br\/arquivo\/o-guaiba-nas-imagens-poeticas-de-achutti\/","url_meta":{"origin":54859,"position":0},"title":"O Gua\u00edba nas imagens po\u00e9ticas de Achutti","author":"da Reda\u00e7\u00e3o","date":"18 de junho de 2014","format":false,"excerpt":"Em \u201cO Gua\u00edba por Achutti\u201d \u2013 obra financiada via Minist\u00e9rio da Cultura, produ\u00e7\u00e3o executiva de Pedro Longhi, e Fl\u00e1vio Wild como designer \u2013, o fot\u00f3grafo revela a beleza e as mazelas de um espa\u00e7o aqu\u00e1tico de \u00e1guas sempre renovadas, cheio de hist\u00f3rias e lendas como as das cidades que foram\u2026","rel":"","context":"Em &quot;Cultura-Geral&quot;","block_context":{"text":"Cultura-Geral","link":"https:\/\/www.jornalja.com.br\/arquivo\/category\/materiasecundaria\/"},"img":{"alt_text":"","src":"","width":0,"height":0},"classes":[]},{"id":13124,"url":"https:\/\/www.jornalja.com.br\/arquivo\/sangue-latino-no-iecine\/","url_meta":{"origin":54859,"position":1},"title":"Sangue latino no IECINE","author":"da Reda\u00e7\u00e3o","date":"18 de maio de 2014","format":false,"excerpt":"Francisco Ribeiro O Instituto Estadual de Cinema (IECINE) tem a frente, desde abril \u00faltimo, um novo diretor, o cineasta colombiano Juan Zapata, 36, que substitui Luiz Alberto Cassol. Radicado h\u00e1 dez anos em Porto Alegre, Zapata tem diante de si o desafio de conduzir at\u00e9 o final do ano um\u2026","rel":"","context":"Em &quot;Cultura-Geral&quot;","block_context":{"text":"Cultura-Geral","link":"https:\/\/www.jornalja.com.br\/arquivo\/category\/materiasecundaria\/"},"img":{"alt_text":"","src":"","width":0,"height":0},"classes":[]},{"id":13240,"url":"https:\/\/www.jornalja.com.br\/arquivo\/plano-diretor-estamos-construindo-o-caos\/","url_meta":{"origin":54859,"position":2},"title":"Plano diretor: &quot;Estamos construindo o caos&quot;","author":"Patr\u00edcia Marini","date":"26 de maio de 2014","format":false,"excerpt":"Desabafo que arquiteta Eliana Castilhos, delegada da Regi\u00e3o de Planejamento 1, postou nas redes sociais \u00e9 um testemunho do ambiente que se criou no Conselho do Plano Diretor de Porto Alegre, onde a aprova\u00e7\u00e3o de grandes empreendimentos \u00e9 empurrada guela abaixo dos conselheiros. Ao CMDUA Como delegada da Regi\u00e3o de\u2026","rel":"","context":"Em &quot;Geral&quot;","block_context":{"text":"Geral","link":"https:\/\/www.jornalja.com.br\/arquivo\/category\/geral\/"},"img":{"alt_text":"","src":"","width":0,"height":0},"classes":[]}],"jetpack_shortlink":"https:\/\/wp.me\/pbQjBd-egP","jetpack_featured_media_url":"","_links":{"self":[{"href":"https:\/\/www.jornalja.com.br\/arquivo\/wp-json\/wp\/v2\/posts\/54859","targetHints":{"allow":["GET"]}}],"collection":[{"href":"https:\/\/www.jornalja.com.br\/arquivo\/wp-json\/wp\/v2\/posts"}],"about":[{"href":"https:\/\/www.jornalja.com.br\/arquivo\/wp-json\/wp\/v2\/types\/post"}],"author":[{"embeddable":true,"href":"https:\/\/www.jornalja.com.br\/arquivo\/wp-json\/wp\/v2\/users\/4"}],"replies":[{"embeddable":true,"href":"https:\/\/www.jornalja.com.br\/arquivo\/wp-json\/wp\/v2\/comments?post=54859"}],"version-history":[{"count":0,"href":"https:\/\/www.jornalja.com.br\/arquivo\/wp-json\/wp\/v2\/posts\/54859\/revisions"}],"wp:attachment":[{"href":"https:\/\/www.jornalja.com.br\/arquivo\/wp-json\/wp\/v2\/media?parent=54859"}],"wp:term":[{"taxonomy":"category","embeddable":true,"href":"https:\/\/www.jornalja.com.br\/arquivo\/wp-json\/wp\/v2\/categories?post=54859"},{"taxonomy":"post_tag","embeddable":true,"href":"https:\/\/www.jornalja.com.br\/arquivo\/wp-json\/wp\/v2\/tags?post=54859"}],"curies":[{"name":"wp","href":"https:\/\/api.w.org\/{rel}","templated":true}]}}