{"id":54866,"date":"2017-09-08T13:58:02","date_gmt":"2017-09-08T16:58:02","guid":{"rendered":"https:\/\/www.jornalja.com.br\/?p=54866"},"modified":"2017-09-08T13:58:02","modified_gmt":"2017-09-08T16:58:02","slug":"vereadora-mais-votada-de-santo-antonio-do-palma-tem-mandato-cassado-por-compra-de-votos","status":"publish","type":"post","link":"https:\/\/www.jornalja.com.br\/arquivo\/vereadora-mais-votada-de-santo-antonio-do-palma-tem-mandato-cassado-por-compra-de-votos\/","title":{"rendered":"Vereadora mais votada de Santo Ant\u00f4nio do Palma tem mandato cassado por compra de votos"},"content":{"rendered":"<p>Por decis\u00e3o do ju\u00edzo da 138\u00aa Zona Eleitoral, foi cassado o mandato da vereadora mais votada de Santo Ant\u00f4nio do Palma, Larissa Bianchi, por corrup\u00e7\u00e3o eleitoral, caixa dois e compra de votos. Fernando Spolti, candidato a prefeito nas elei\u00e7\u00f5es de 2016, Gerson Luiz Richato e Luiz Cesar Rinaldi (prefeito e vice-prefeito \u00e0 \u00e9poca dos fatos), Gilvan Luiz Fidler (respons\u00e1vel pelo setor de compras da Prefeitura) e Clademar Pedroti (Secret\u00e1rio Municipal de Or\u00e7amento Participativo), al\u00e9m Lucas Pavlak, Cristian Cobelinski, Rodrigo Rasador e Rudimar Jos\u00e9 Bianchi, foram condenados ao pagamento de multas que chegam a R$ 20 mil. Eles foram condenados pelas pr\u00e1ticas de compra de votos, corrup\u00e7\u00e3o eleitoral e caixa dois. A vereadora e os demais envolvidos est\u00e3o ineleg\u00edveis por oito anos a contar das elei\u00e7\u00f5es de 2016.<br \/>\nConforme as investiga\u00e7\u00f5es do Minist\u00e9rio P\u00fablico Eleitoral, o caixa dois para a campanha de Larissa Bianchi e dos ent\u00e3o candidatos a prefeito e vice-prefeito foi montado a partir da cobran\u00e7a de 4% dos sal\u00e1rios de cargos de confian\u00e7a, o que gerou R$ 180 mil, al\u00e9m do pagamento de R$ 94,5 mil de propina paga por empresas que mantinham contratos com a prefeitura.<br \/>\nA compra de votos ocorreu mediante oferecimento de valores em torno de R$ 4 mil, promessa de terrenos e cargos p\u00fablicos, gasolina, distribui\u00e7\u00e3o de materiais como tubos e pneus, uso de m\u00e1quinas da prefeitura para obras particulares. Em um dos casos, mesmo ap\u00f3s diversos apontamentos do Tribunal de Contas, foi determinada a abertura do concurso p\u00fablico n\u00ba 01\/2016, com provas marcadas para o dia 09 de outubro, em pleno per\u00edodo eleitoral, com a finalidade de capta\u00e7\u00e3o il\u00edcita de votos. Tamb\u00e9m foi comprovada a pr\u00e1tica de atos de viol\u00eancia e amea\u00e7as para obten\u00e7\u00e3o de votos.<br \/>\nConforme o promotor de Justi\u00e7a Eleitoral Dam\u00e1sio Sobesiak, \u201ca opera\u00e7\u00e3o de busca e apreens\u00e3o realizada ao final da investiga\u00e7\u00e3o robusteceu significativamente a prova e facilitou a condena\u00e7\u00e3o dos envolvidos. As buscas foram realizadas pelo Grupo de Atua\u00e7\u00e3o Especial de Combate ao Crime Organizado na prefeitura e em gabinetes, no Centro de Refer\u00eancia de Assist\u00eancia Social, em resid\u00eancias, autom\u00f3veis e investigados\u201d<\/p>\n","protected":false},"excerpt":{"rendered":"<p>Por decis\u00e3o do ju\u00edzo da 138\u00aa Zona Eleitoral, foi cassado o mandato da vereadora mais votada de Santo Ant\u00f4nio do Palma, Larissa Bianchi, por corrup\u00e7\u00e3o eleitoral, caixa dois e compra de votos. Fernando Spolti, candidato a prefeito nas elei\u00e7\u00f5es de 2016, Gerson Luiz Richato e Luiz Cesar Rinaldi (prefeito e vice-prefeito \u00e0 \u00e9poca dos fatos), [&hellip;]<\/p>\n","protected":false},"author":4,"featured_media":0,"comment_status":"open","ping_status":"closed","sticky":false,"template":"","format":"standard","meta":{"_jetpack_newsletter_access":"","_jetpack_dont_email_post_to_subs":false,"_jetpack_newsletter_tier_id":0,"_jetpack_memberships_contains_paywalled_content":false,"_jetpack_feature_clip_id":0,"_jetpack_memberships_contains_paid_content":false,"footnotes":"","jetpack_post_was_ever_published":false},"categories":[2022],"tags":[],"class_list":["post-54866","post","type-post","status-publish","format-standard","hentry","category-notas"],"aioseo_notices":[],"aioseo_head":"\n\t\t<!-- All in One SEO 5.0.1.1 - aioseo.com -->\n\t<meta name=\"robots\" content=\"max-image-preview:large\" \/>\n\t<meta name=\"author\" content=\"da Reda\u00e7\u00e3o\"\/>\n\t<link rel=\"canonical\" href=\"https:\/\/www.jornalja.com.br\/arquivo\/vereadora-mais-votada-de-santo-antonio-do-palma-tem-mandato-cassado-por-compra-de-votos\/\" \/>\n\t<meta name=\"generator\" content=\"All in One SEO (AIOSEO) 5.0.1.1\" \/>\n\t\t<meta property=\"og:locale\" content=\"pt_BR\" \/>\n\t\t<meta property=\"og:site_name\" content=\"Arquivo | Jornal J\u00c1 | Porto Alegre\" \/>\n\t\t<meta property=\"og:type\" content=\"article\" \/>\n\t\t<meta property=\"og:title\" content=\"Vereadora mais votada de Santo Ant\u00f4nio do Palma tem mandato cassado por compra de votos | Arquivo\" \/>\n\t\t<meta property=\"og:url\" content=\"https:\/\/www.jornalja.com.br\/arquivo\/vereadora-mais-votada-de-santo-antonio-do-palma-tem-mandato-cassado-por-compra-de-votos\/\" \/>\n\t\t<meta property=\"og:image\" content=\"https:\/\/www.jornalja.com.br\/economics\/wp-content\/uploads\/sites\/11\/2026\/08\/ja-folhaderosto-facebook.jpg\" \/>\n\t\t<meta property=\"og:image:secure_url\" content=\"https:\/\/www.jornalja.com.br\/economics\/wp-content\/uploads\/sites\/11\/2026\/08\/ja-folhaderosto-facebook.jpg\" \/>\n\t\t<meta property=\"article:published_time\" content=\"2017-09-08T16:58:02+00:00\" \/>\n\t\t<meta property=\"article:modified_time\" content=\"2017-09-08T16:58:02+00:00\" \/>\n\t\t<meta name=\"twitter:card\" content=\"summary\" \/>\n\t\t<meta name=\"twitter:title\" content=\"Vereadora mais votada de Santo Ant\u00f4nio do Palma tem mandato cassado por compra de votos | Arquivo\" \/>\n\t\t<meta name=\"twitter:image\" content=\"https:\/\/www.jornalja.com.br\/economics\/wp-content\/uploads\/sites\/11\/2026\/08\/ja-folhaderosto-facebook.jpg\" \/>\n\t\t<script type=\"application\/ld+json\" class=\"aioseo-schema\">\n\t\t\t{\"@context\":\"https:\\\/\\\/schema.org\",\"@graph\":[{\"@type\":\"BlogPosting\",\"@id\":\"https:\\\/\\\/www.jornalja.com.br\\\/arquivo\\\/vereadora-mais-votada-de-santo-antonio-do-palma-tem-mandato-cassado-por-compra-de-votos\\\/#blogposting\",\"name\":\"Vereadora mais votada de Santo Ant\\u00f4nio do Palma tem mandato cassado por compra de votos | Arquivo\",\"headline\":\"Vereadora mais votada de Santo Ant\\u00f4nio do Palma tem mandato cassado por compra de votos\",\"author\":{\"@id\":\"https:\\\/\\\/www.jornalja.com.br\\\/arquivo\\\/author\\\/daredacao\\\/#author\"},\"publisher\":{\"@id\":\"https:\\\/\\\/www.jornalja.com.br\\\/arquivo\\\/#organization\"},\"image\":{\"@type\":\"ImageObject\",\"url\":\"https:\\\/\\\/www.jornalja.com.br\\\/wp-content\\\/uploads\\\/cards\\\/JAslogan.png\",\"@id\":\"https:\\\/\\\/www.jornalja.com.br\\\/arquivo\\\/#articleImage\"},\"datePublished\":\"2017-09-08T13:58:02-03:00\",\"dateModified\":\"2017-09-08T13:58:02-03:00\",\"inLanguage\":\"pt-BR\",\"mainEntityOfPage\":{\"@id\":\"https:\\\/\\\/www.jornalja.com.br\\\/arquivo\\\/vereadora-mais-votada-de-santo-antonio-do-palma-tem-mandato-cassado-por-compra-de-votos\\\/#webpage\"},\"isPartOf\":{\"@id\":\"https:\\\/\\\/www.jornalja.com.br\\\/arquivo\\\/vereadora-mais-votada-de-santo-antonio-do-palma-tem-mandato-cassado-por-compra-de-votos\\\/#webpage\"},\"articleSection\":\"NOTAS\"},{\"@type\":\"BreadcrumbList\",\"@id\":\"https:\\\/\\\/www.jornalja.com.br\\\/arquivo\\\/vereadora-mais-votada-de-santo-antonio-do-palma-tem-mandato-cassado-por-compra-de-votos\\\/#breadcrumblist\",\"itemListElement\":[{\"@type\":\"ListItem\",\"@id\":\"https:\\\/\\\/www.jornalja.com.br\\\/arquivo#listItem\",\"position\":1,\"name\":\"Home\",\"item\":\"https:\\\/\\\/www.jornalja.com.br\\\/arquivo\",\"nextItem\":{\"@type\":\"ListItem\",\"@id\":\"https:\\\/\\\/www.jornalja.com.br\\\/arquivo\\\/category\\\/notas\\\/#listItem\",\"name\":\"NOTAS\"}},{\"@type\":\"ListItem\",\"@id\":\"https:\\\/\\\/www.jornalja.com.br\\\/arquivo\\\/category\\\/notas\\\/#listItem\",\"position\":2,\"name\":\"NOTAS\",\"item\":\"https:\\\/\\\/www.jornalja.com.br\\\/arquivo\\\/category\\\/notas\\\/\",\"nextItem\":{\"@type\":\"ListItem\",\"@id\":\"https:\\\/\\\/www.jornalja.com.br\\\/arquivo\\\/vereadora-mais-votada-de-santo-antonio-do-palma-tem-mandato-cassado-por-compra-de-votos\\\/#listItem\",\"name\":\"Vereadora mais votada de Santo Ant\\u00f4nio do Palma tem mandato cassado por compra de votos\"},\"previousItem\":{\"@type\":\"ListItem\",\"@id\":\"https:\\\/\\\/www.jornalja.com.br\\\/arquivo#listItem\",\"name\":\"Home\"}},{\"@type\":\"ListItem\",\"@id\":\"https:\\\/\\\/www.jornalja.com.br\\\/arquivo\\\/vereadora-mais-votada-de-santo-antonio-do-palma-tem-mandato-cassado-por-compra-de-votos\\\/#listItem\",\"position\":3,\"name\":\"Vereadora mais votada de Santo Ant\\u00f4nio do Palma tem mandato cassado por compra de votos\",\"previousItem\":{\"@type\":\"ListItem\",\"@id\":\"https:\\\/\\\/www.jornalja.com.br\\\/arquivo\\\/category\\\/notas\\\/#listItem\",\"name\":\"NOTAS\"}}]},{\"@type\":\"Organization\",\"@id\":\"https:\\\/\\\/www.jornalja.com.br\\\/arquivo\\\/#organization\",\"name\":\"Jornal J\\u00c1\",\"description\":\"Jornal J\\u00c1 | Porto Alegre\",\"url\":\"https:\\\/\\\/www.jornalja.com.br\\\/arquivo\\\/\",\"telephone\":\"+555133307272\",\"logo\":{\"@type\":\"ImageObject\",\"url\":\"https:\\\/\\\/www.jornalja.com.br\\\/wp-content\\\/uploads\\\/cards\\\/JAslogan.png\",\"@id\":\"https:\\\/\\\/www.jornalja.com.br\\\/arquivo\\\/vereadora-mais-votada-de-santo-antonio-do-palma-tem-mandato-cassado-por-compra-de-votos\\\/#organizationLogo\"},\"image\":{\"@id\":\"https:\\\/\\\/www.jornalja.com.br\\\/arquivo\\\/vereadora-mais-votada-de-santo-antonio-do-palma-tem-mandato-cassado-por-compra-de-votos\\\/#organizationLogo\"}},{\"@type\":\"Person\",\"@id\":\"https:\\\/\\\/www.jornalja.com.br\\\/arquivo\\\/author\\\/daredacao\\\/#author\",\"url\":\"https:\\\/\\\/www.jornalja.com.br\\\/arquivo\\\/author\\\/daredacao\\\/\",\"name\":\"da Reda\\u00e7\\u00e3o\",\"image\":{\"@type\":\"ImageObject\",\"@id\":\"https:\\\/\\\/www.jornalja.com.br\\\/arquivo\\\/vereadora-mais-votada-de-santo-antonio-do-palma-tem-mandato-cassado-por-compra-de-votos\\\/#authorImage\",\"url\":\"https:\\\/\\\/secure.gravatar.com\\\/avatar\\\/469fd857d6605ad19919d27ed29d35a968a25f6e8fd9318356bbb7f57aae9c65?s=96&d=mm&r=g\",\"width\":96,\"height\":96,\"caption\":\"da Reda\\u00e7\\u00e3o\"}},{\"@type\":\"WebPage\",\"@id\":\"https:\\\/\\\/www.jornalja.com.br\\\/arquivo\\\/vereadora-mais-votada-de-santo-antonio-do-palma-tem-mandato-cassado-por-compra-de-votos\\\/#webpage\",\"url\":\"https:\\\/\\\/www.jornalja.com.br\\\/arquivo\\\/vereadora-mais-votada-de-santo-antonio-do-palma-tem-mandato-cassado-por-compra-de-votos\\\/\",\"name\":\"Vereadora mais votada de Santo Ant\\u00f4nio do Palma tem mandato cassado por compra de votos | Arquivo\",\"inLanguage\":\"pt-BR\",\"isPartOf\":{\"@id\":\"https:\\\/\\\/www.jornalja.com.br\\\/arquivo\\\/#website\"},\"breadcrumb\":{\"@id\":\"https:\\\/\\\/www.jornalja.com.br\\\/arquivo\\\/vereadora-mais-votada-de-santo-antonio-do-palma-tem-mandato-cassado-por-compra-de-votos\\\/#breadcrumblist\"},\"author\":{\"@id\":\"https:\\\/\\\/www.jornalja.com.br\\\/arquivo\\\/author\\\/daredacao\\\/#author\"},\"creator\":{\"@id\":\"https:\\\/\\\/www.jornalja.com.br\\\/arquivo\\\/author\\\/daredacao\\\/#author\"},\"datePublished\":\"2017-09-08T13:58:02-03:00\",\"dateModified\":\"2017-09-08T13:58:02-03:00\"},{\"@type\":\"WebSite\",\"@id\":\"https:\\\/\\\/www.jornalja.com.br\\\/arquivo\\\/#website\",\"url\":\"https:\\\/\\\/www.jornalja.com.br\\\/arquivo\\\/\",\"name\":\"Arquivo\",\"description\":\"Jornal J\\u00c1 | Porto Alegre\",\"inLanguage\":\"pt-BR\",\"publisher\":{\"@id\":\"https:\\\/\\\/www.jornalja.com.br\\\/arquivo\\\/#organization\"}}]}\n\t\t<\/script>\n\t\t<!-- All in One SEO -->\n\n","aioseo_head_json":{"title":"Vereadora mais votada de Santo Ant\u00f4nio do Palma tem mandato cassado por compra de votos | Arquivo","description":"","canonical_url":"https:\/\/www.jornalja.com.br\/arquivo\/vereadora-mais-votada-de-santo-antonio-do-palma-tem-mandato-cassado-por-compra-de-votos\/","robots":"max-image-preview:large","keywords":"","webmasterTools":{"miscellaneous":""},"schema":{"@context":"https:\/\/schema.org","@graph":[{"@type":"BlogPosting","@id":"https:\/\/www.jornalja.com.br\/arquivo\/vereadora-mais-votada-de-santo-antonio-do-palma-tem-mandato-cassado-por-compra-de-votos\/#blogposting","name":"Vereadora mais votada de Santo Ant\u00f4nio do Palma tem mandato cassado por compra de votos | Arquivo","headline":"Vereadora mais votada de Santo Ant\u00f4nio do Palma tem mandato cassado por compra de votos","author":{"@id":"https:\/\/www.jornalja.com.br\/arquivo\/author\/daredacao\/#author"},"publisher":{"@id":"https:\/\/www.jornalja.com.br\/arquivo\/#organization"},"image":{"@type":"ImageObject","url":"https:\/\/www.jornalja.com.br\/wp-content\/uploads\/cards\/JAslogan.png","@id":"https:\/\/www.jornalja.com.br\/arquivo\/#articleImage"},"datePublished":"2017-09-08T13:58:02-03:00","dateModified":"2017-09-08T13:58:02-03:00","inLanguage":"pt-BR","mainEntityOfPage":{"@id":"https:\/\/www.jornalja.com.br\/arquivo\/vereadora-mais-votada-de-santo-antonio-do-palma-tem-mandato-cassado-por-compra-de-votos\/#webpage"},"isPartOf":{"@id":"https:\/\/www.jornalja.com.br\/arquivo\/vereadora-mais-votada-de-santo-antonio-do-palma-tem-mandato-cassado-por-compra-de-votos\/#webpage"},"articleSection":"NOTAS"},{"@type":"BreadcrumbList","@id":"https:\/\/www.jornalja.com.br\/arquivo\/vereadora-mais-votada-de-santo-antonio-do-palma-tem-mandato-cassado-por-compra-de-votos\/#breadcrumblist","itemListElement":[{"@type":"ListItem","@id":"https:\/\/www.jornalja.com.br\/arquivo#listItem","position":1,"name":"Home","item":"https:\/\/www.jornalja.com.br\/arquivo","nextItem":{"@type":"ListItem","@id":"https:\/\/www.jornalja.com.br\/arquivo\/category\/notas\/#listItem","name":"NOTAS"}},{"@type":"ListItem","@id":"https:\/\/www.jornalja.com.br\/arquivo\/category\/notas\/#listItem","position":2,"name":"NOTAS","item":"https:\/\/www.jornalja.com.br\/arquivo\/category\/notas\/","nextItem":{"@type":"ListItem","@id":"https:\/\/www.jornalja.com.br\/arquivo\/vereadora-mais-votada-de-santo-antonio-do-palma-tem-mandato-cassado-por-compra-de-votos\/#listItem","name":"Vereadora mais votada de Santo Ant\u00f4nio do Palma tem mandato cassado por compra de votos"},"previousItem":{"@type":"ListItem","@id":"https:\/\/www.jornalja.com.br\/arquivo#listItem","name":"Home"}},{"@type":"ListItem","@id":"https:\/\/www.jornalja.com.br\/arquivo\/vereadora-mais-votada-de-santo-antonio-do-palma-tem-mandato-cassado-por-compra-de-votos\/#listItem","position":3,"name":"Vereadora mais votada de Santo Ant\u00f4nio do Palma tem mandato cassado por compra de votos","previousItem":{"@type":"ListItem","@id":"https:\/\/www.jornalja.com.br\/arquivo\/category\/notas\/#listItem","name":"NOTAS"}}]},{"@type":"Organization","@id":"https:\/\/www.jornalja.com.br\/arquivo\/#organization","name":"Jornal J\u00c1","description":"Jornal J\u00c1 | Porto Alegre","url":"https:\/\/www.jornalja.com.br\/arquivo\/","telephone":"+555133307272","logo":{"@type":"ImageObject","url":"https:\/\/www.jornalja.com.br\/wp-content\/uploads\/cards\/JAslogan.png","@id":"https:\/\/www.jornalja.com.br\/arquivo\/vereadora-mais-votada-de-santo-antonio-do-palma-tem-mandato-cassado-por-compra-de-votos\/#organizationLogo"},"image":{"@id":"https:\/\/www.jornalja.com.br\/arquivo\/vereadora-mais-votada-de-santo-antonio-do-palma-tem-mandato-cassado-por-compra-de-votos\/#organizationLogo"}},{"@type":"Person","@id":"https:\/\/www.jornalja.com.br\/arquivo\/author\/daredacao\/#author","url":"https:\/\/www.jornalja.com.br\/arquivo\/author\/daredacao\/","name":"da Reda\u00e7\u00e3o","image":{"@type":"ImageObject","@id":"https:\/\/www.jornalja.com.br\/arquivo\/vereadora-mais-votada-de-santo-antonio-do-palma-tem-mandato-cassado-por-compra-de-votos\/#authorImage","url":"https:\/\/secure.gravatar.com\/avatar\/469fd857d6605ad19919d27ed29d35a968a25f6e8fd9318356bbb7f57aae9c65?s=96&d=mm&r=g","width":96,"height":96,"caption":"da Reda\u00e7\u00e3o"}},{"@type":"WebPage","@id":"https:\/\/www.jornalja.com.br\/arquivo\/vereadora-mais-votada-de-santo-antonio-do-palma-tem-mandato-cassado-por-compra-de-votos\/#webpage","url":"https:\/\/www.jornalja.com.br\/arquivo\/vereadora-mais-votada-de-santo-antonio-do-palma-tem-mandato-cassado-por-compra-de-votos\/","name":"Vereadora mais votada de Santo Ant\u00f4nio do Palma tem mandato cassado por compra de votos | Arquivo","inLanguage":"pt-BR","isPartOf":{"@id":"https:\/\/www.jornalja.com.br\/arquivo\/#website"},"breadcrumb":{"@id":"https:\/\/www.jornalja.com.br\/arquivo\/vereadora-mais-votada-de-santo-antonio-do-palma-tem-mandato-cassado-por-compra-de-votos\/#breadcrumblist"},"author":{"@id":"https:\/\/www.jornalja.com.br\/arquivo\/author\/daredacao\/#author"},"creator":{"@id":"https:\/\/www.jornalja.com.br\/arquivo\/author\/daredacao\/#author"},"datePublished":"2017-09-08T13:58:02-03:00","dateModified":"2017-09-08T13:58:02-03:00"},{"@type":"WebSite","@id":"https:\/\/www.jornalja.com.br\/arquivo\/#website","url":"https:\/\/www.jornalja.com.br\/arquivo\/","name":"Arquivo","description":"Jornal J\u00c1 | Porto Alegre","inLanguage":"pt-BR","publisher":{"@id":"https:\/\/www.jornalja.com.br\/arquivo\/#organization"}}]},"og:locale":"pt_BR","og:site_name":"Arquivo | Jornal J\u00c1 | Porto Alegre","og:type":"article","og:title":"Vereadora mais votada de Santo Ant\u00f4nio do Palma tem mandato cassado por compra de votos | Arquivo","og:url":"https:\/\/www.jornalja.com.br\/arquivo\/vereadora-mais-votada-de-santo-antonio-do-palma-tem-mandato-cassado-por-compra-de-votos\/","og:image":"https:\/\/www.jornalja.com.br\/economics\/wp-content\/uploads\/sites\/11\/2026\/08\/ja-folhaderosto-facebook.jpg","og:image:secure_url":"https:\/\/www.jornalja.com.br\/economics\/wp-content\/uploads\/sites\/11\/2026\/08\/ja-folhaderosto-facebook.jpg","article:published_time":"2017-09-08T16:58:02+00:00","article:modified_time":"2017-09-08T16:58:02+00:00","twitter:card":"summary","twitter:title":"Vereadora mais votada de Santo Ant\u00f4nio do Palma tem mandato cassado por compra de votos | Arquivo","twitter:image":"https:\/\/www.jornalja.com.br\/economics\/wp-content\/uploads\/sites\/11\/2026\/08\/ja-folhaderosto-facebook.jpg"},"aioseo_meta_data":{"post_id":"54866","title":null,"description":null,"keywords":null,"keyphrases":null,"primary_term":null,"canonical_url":null,"og_title":null,"og_description":null,"og_object_type":"default","og_image_type":"default","og_image_url":null,"og_image_width":null,"og_image_height":null,"og_image_custom_url":null,"og_image_custom_fields":null,"og_video":null,"og_custom_url":null,"og_article_section":null,"og_article_tags":null,"twitter_use_og":false,"twitter_card":"default","twitter_image_type":"default","twitter_image_url":null,"twitter_image_custom_url":null,"twitter_image_custom_fields":null,"twitter_title":null,"twitter_description":null,"schema":{"blockGraphs":[],"customGraphs":[],"default":{"data":{"Article":[],"Course":[],"Dataset":[],"FAQPage":[],"Movie":[],"Person":[],"Product":[],"ProductReview":[],"Car":[],"Recipe":[],"Service":[],"SoftwareApplication":[],"WebPage":[]},"graphName":"","isEnabled":true},"graphs":[],"defaultGraph":"","defaultPostTypeGraph":""},"schema_type":null,"schema_type_options":null,"pillar_content":false,"robots_default":true,"robots_noindex":false,"robots_noarchive":false,"robots_nosnippet":false,"robots_nofollow":false,"robots_noimageindex":false,"robots_noodp":false,"robots_notranslate":false,"robots_max_snippet":null,"robots_max_videopreview":null,"robots_max_imagepreview":"large","priority":null,"frequency":null,"location":null,"local_seo":null,"breadcrumb_settings":null,"limit_modified_date":false,"ai":null,"created":"2020-12-20 20:25:01","updated":"2025-07-20 01:02:13","seo_analyzer_scan_date":null,"focus_keyword":null,"additional_keywords":null,"truseo_locale":null},"jetpack_sharing_enabled":true,"jetpack-related-posts":[{"id":13239,"url":"https:\/\/www.jornalja.com.br\/arquivo\/conselho-desdenha-do-plano-diretor\/","url_meta":{"origin":54866,"position":0},"title":"Porto Alegre: Conselho detona Plano Diretor","author":"Patr\u00edcia Marini","date":"25 de maio de 2014","format":false,"excerpt":"Den\u00fancia do arquiteto e \u00a0urbanista Ibir\u00e1 Santos Lucas. Ele diz que os conselheiros est\u00e3o votando com \"enorme irresponsabilidade\". \"Mudam regime com a maior naturalidade,,,regularizam absurdos de constru\u00e7\u00f5es irregulares... \"O CMDUA est\u00e1 flexibilizando a lei do plano diretor, de uma forma impactante na vida da cidade. Mudam regime com a maior\u2026","rel":"","context":"Em &quot;Geral&quot;","block_context":{"text":"Geral","link":"https:\/\/www.jornalja.com.br\/arquivo\/category\/geral\/"},"img":{"alt_text":"","src":"","width":0,"height":0},"classes":[]},{"id":13109,"url":"https:\/\/www.jornalja.com.br\/arquivo\/judiciario-reconhece-poluicao-eletromagnetica\/","url_meta":{"origin":54866,"position":1},"title":"Judici\u00e1rio reconhece polui\u00e7\u00e3o eletromagn\u00e9tica","author":"Patr\u00edcia Marini","date":"16 de maio de 2014","format":false,"excerpt":"A\u00e7\u00e3o de duas associa\u00e7\u00f5es de moradores foi acolhida pelo Tribunal de Justi\u00e7a de S\u00e3o Paulo que. em decis\u00e3o in\u00e9dita, determinou a redu\u00e7\u00e3o do campo eletromagn\u00e9tico gerado pelas linhas de transmiss\u00e3o de energia que cortam os bairros City Boa\u00e7ava e Alto de Pinheiros. \u00c9 a primeira vez que um tribunal do\u2026","rel":"","context":"Em &quot;X.Categorias velhas&quot;","block_context":{"text":"X.Categorias velhas","link":"https:\/\/www.jornalja.com.br\/arquivo\/category\/x-categorias-velhas\/"},"img":{"alt_text":"","src":"","width":0,"height":0},"classes":[]},{"id":14241,"url":"https:\/\/www.jornalja.com.br\/arquivo\/o-guaiba-nas-imagens-poeticas-de-achutti\/","url_meta":{"origin":54866,"position":2},"title":"O Gua\u00edba nas imagens po\u00e9ticas de Achutti","author":"da Reda\u00e7\u00e3o","date":"18 de junho de 2014","format":false,"excerpt":"Em \u201cO Gua\u00edba por Achutti\u201d \u2013 obra financiada via Minist\u00e9rio da Cultura, produ\u00e7\u00e3o executiva de Pedro Longhi, e Fl\u00e1vio Wild como designer \u2013, o fot\u00f3grafo revela a beleza e as mazelas de um espa\u00e7o aqu\u00e1tico de \u00e1guas sempre renovadas, cheio de hist\u00f3rias e lendas como as das cidades que foram\u2026","rel":"","context":"Em &quot;Cultura-Geral&quot;","block_context":{"text":"Cultura-Geral","link":"https:\/\/www.jornalja.com.br\/arquivo\/category\/materiasecundaria\/"},"img":{"alt_text":"","src":"","width":0,"height":0},"classes":[]},{"id":13124,"url":"https:\/\/www.jornalja.com.br\/arquivo\/sangue-latino-no-iecine\/","url_meta":{"origin":54866,"position":3},"title":"Sangue latino no IECINE","author":"da Reda\u00e7\u00e3o","date":"18 de maio de 2014","format":false,"excerpt":"Francisco Ribeiro O Instituto Estadual de Cinema (IECINE) tem a frente, desde abril \u00faltimo, um novo diretor, o cineasta colombiano Juan Zapata, 36, que substitui Luiz Alberto Cassol. Radicado h\u00e1 dez anos em Porto Alegre, Zapata tem diante de si o desafio de conduzir at\u00e9 o final do ano um\u2026","rel":"","context":"Em &quot;Cultura-Geral&quot;","block_context":{"text":"Cultura-Geral","link":"https:\/\/www.jornalja.com.br\/arquivo\/category\/materiasecundaria\/"},"img":{"alt_text":"","src":"","width":0,"height":0},"classes":[]}],"jetpack_shortlink":"https:\/\/wp.me\/pbQjBd-egW","jetpack_featured_media_url":"","_links":{"self":[{"href":"https:\/\/www.jornalja.com.br\/arquivo\/wp-json\/wp\/v2\/posts\/54866","targetHints":{"allow":["GET"]}}],"collection":[{"href":"https:\/\/www.jornalja.com.br\/arquivo\/wp-json\/wp\/v2\/posts"}],"about":[{"href":"https:\/\/www.jornalja.com.br\/arquivo\/wp-json\/wp\/v2\/types\/post"}],"author":[{"embeddable":true,"href":"https:\/\/www.jornalja.com.br\/arquivo\/wp-json\/wp\/v2\/users\/4"}],"replies":[{"embeddable":true,"href":"https:\/\/www.jornalja.com.br\/arquivo\/wp-json\/wp\/v2\/comments?post=54866"}],"version-history":[{"count":0,"href":"https:\/\/www.jornalja.com.br\/arquivo\/wp-json\/wp\/v2\/posts\/54866\/revisions"}],"wp:attachment":[{"href":"https:\/\/www.jornalja.com.br\/arquivo\/wp-json\/wp\/v2\/media?parent=54866"}],"wp:term":[{"taxonomy":"category","embeddable":true,"href":"https:\/\/www.jornalja.com.br\/arquivo\/wp-json\/wp\/v2\/categories?post=54866"},{"taxonomy":"post_tag","embeddable":true,"href":"https:\/\/www.jornalja.com.br\/arquivo\/wp-json\/wp\/v2\/tags?post=54866"}],"curies":[{"name":"wp","href":"https:\/\/api.w.org\/{rel}","templated":true}]}}