{"id":54876,"date":"2017-09-08T14:08:44","date_gmt":"2017-09-08T17:08:44","guid":{"rendered":"https:\/\/www.jornalja.com.br\/?p=54876"},"modified":"2017-09-08T14:08:44","modified_gmt":"2017-09-08T17:08:44","slug":"agapan-debate-historia-e-perspectivas-do-movimento-ecologico-gaucho","status":"publish","type":"post","link":"https:\/\/www.jornalja.com.br\/arquivo\/agapan-debate-historia-e-perspectivas-do-movimento-ecologico-gaucho\/","title":{"rendered":"Agapan\u00a0debate hist\u00f3ria e perspectivas do movimento ecol\u00f3gico ga\u00facho"},"content":{"rendered":"<p>\u200bComo avan\u00e7ar diante de um cen\u00e1rio pol\u00edtico-econ\u00f4mico de ataque ao ambiente natural?\u00a0As constantes e crescentes investidas contra o patrim\u00f4nio ambiental brasileiro e mundial demandam maior aten\u00e7\u00e3o e empenho de entidades ambientalistas e demais integrantes da luta em defesa do ambiente natural, que, em sua grande maioria, trabalham de forma volunt\u00e1ria e economicamente dispendiosa.<br \/>\nCasos como a criminosa a\u00e7\u00e3o contra o rio Doce, que at\u00e9 hoje n\u00e3o puniu os culpados pela maior cat\u00e1strofe ambiental provocada pela a\u00e7\u00e3o humana no Brasil, o desmatamento e o envenenamento do solo e da \u00e1gua provocados pela cultura agroindustrial brasileira, entre outros, nos apontam para a necessidade refletir sobre o atual est\u00e1gio do ambientalismo praticado, em especial, aqui no Rio Grande do Sul e no Brasil.<br \/>\nRever a hist\u00f3ria do ambientalismo, que conta com o importante protagonismo da Agapan, desde 1971, e entender os desafios que v\u00eam pela frente s\u00e3o fundamentais para qualificar e ampliar a mobiliza\u00e7\u00e3o em torno da luta ecol\u00f3gica.<br \/>\n\u00c9 com base nessa premissa, percebendo a urg\u00eancia ainda maior de organiza\u00e7\u00e3o da defesa ambiental na atualidade, que convidamos importantes especialistas da hist\u00f3ria, da comunica\u00e7\u00e3o e do ativismo ecol\u00f3gico para conduzirem o pr\u00f3ximo Agapan Debate, a terceira edi\u00e7\u00e3o de 2017, que ser\u00e1 realizada no dia 11 de setembro no audit\u00f3rio da Faculdade de Arquitetura da Universidade Federal do Rio Grande do Sul, \u00e0s 17h.<br \/>\nA professora Elenita Malta Pereira, doutora em Hist\u00f3ria, pesquisadora e autora de importantes estudos sobre hist\u00f3ria ambiental e social, e o professor de Jornalismo ambiental Roberto Villar Belmonte, mestre e doutourando pela Ufrgs, ser\u00e3o os palestrantes desta edi\u00e7\u00e3o, que contar\u00e1 com a medi\u00e7\u00e3o do presidente da Agapan, Francisco Milanez.<br \/>\nConfira, abaixo, mais detalhes sobre os integrantes da mesa e reserve essa data na agenda. A sua participa\u00e7\u00e3o \u00e9 muito importante nesse debate. Te esperamos l\u00e1.<br \/>\n<span class=\"intertit\">Palestrantes:<\/span><br \/>\n<strong>Profa. Historiadora Elenita Malta Pereira<\/strong><br \/>\n<strong>A Agapan e suas lutas hist\u00f3ricas durante o regime militar<\/strong><br \/>\nElenita \u00e9 doutora em Hist\u00f3ria pela Ufrgs. Atualmente, \u00e9 professora no Departamento de Hist\u00f3ria da Ufsc. Tem pesquisas na \u00e1rea de biografia, hist\u00f3ria ambiental e movimentos sociais. \u00c9 autora de \u201cRoessler: O homem que amava a natureza\u201d (2013) e \u201cA conquista da cidadania: Movimentos sociais na hist\u00f3ria do Brasil\u201d (2015); organizadora de Hist\u00f3ria Ambiental no Rio Grande do Sul (2014). Foi coordenadora do GT Hist\u00f3ria Ambiental da Anpuh-RS entre 2012-2016. Mant\u00e9m o blog A Voz da Primavera, dedicado a discuss\u00f5es sobre Hist\u00f3ria, Natureza, Pol\u00edtica, Cultura e Educa\u00e7\u00e3o.<br \/>\n<strong>Prof. Jornalista Roberto Villar Belmonte<\/strong><br \/>\n<strong>Os desafios do movimento ambientalista ga\u00facho<\/strong><br \/>\nRoberto Villar Belmonte, professor de Jornalismo Ambiental do Centro Universit\u00e1rio Ritter dos Reis \u2013 UniRitter, doutorando no Programa de P\u00f3s-Gradua\u00e7\u00e3o em Comunica\u00e7\u00e3o e Informa\u00e7\u00e3o da UFRGS e integrante do Grupo de Pesquisa Jornalismo Ambiental (CNPq \/ UFRGS).<br \/>\nMedia\u00e7\u00e3o de\u00a0Francisco Milanez , Presidente da Agapan, bi\u00f3logo, arquiteto, especialista em an\u00e1lise de impactos ambientais, mestre e doutorando em Ci\u00eancias: Qu\u00edmica da Vida e Sa\u00fade<br \/>\n<strong>Servi\u00e7o<\/strong><br \/>\nRealiza\u00e7\u00e3o:\u00a0Associa\u00e7\u00e3o Ga\u00facha de Prote\u00e7\u00e3o ao Ambiente Natural (Agapan)<br \/>\nEvento: Agapan Debate<br \/>\nTema:\u00a0Hist\u00f3ria e Perspectivas do Movimento Ecol\u00f3gico Ga\u00facho<br \/>\nDia: 11 de setembro de 2017<br \/>\nHora: 19 horas<br \/>\nLocal: Faculdade de Arquitetura da Universidade Federal do RS (Ufrgs)<br \/>\nEndere\u00e7o:\u00a0Rua Sarmento Leite, 320 \u2013 Centro, Porto Alegre \u2013 RS\u200b<\/p>\n","protected":false},"excerpt":{"rendered":"<p>\u200bComo avan\u00e7ar diante de um cen\u00e1rio pol\u00edtico-econ\u00f4mico de ataque ao ambiente natural?\u00a0As constantes e crescentes investidas contra o patrim\u00f4nio ambiental brasileiro e mundial demandam maior aten\u00e7\u00e3o e empenho de entidades ambientalistas e demais integrantes da luta em defesa do ambiente natural, que, em sua grande maioria, trabalham de forma volunt\u00e1ria e economicamente dispendiosa. Casos como [&hellip;]<\/p>\n","protected":false},"author":4,"featured_media":0,"comment_status":"open","ping_status":"closed","sticky":false,"template":"","format":"standard","meta":{"_jetpack_newsletter_access":"","_jetpack_dont_email_post_to_subs":false,"_jetpack_newsletter_tier_id":0,"_jetpack_memberships_contains_paywalled_content":false,"_jetpack_feature_clip_id":0,"_jetpack_memberships_contains_paid_content":false,"footnotes":"","jetpack_post_was_ever_published":false},"categories":[2022],"tags":[],"class_list":["post-54876","post","type-post","status-publish","format-standard","hentry","category-notas"],"aioseo_notices":[],"aioseo_head":"\n\t\t<!-- All in One SEO 5.0.1.1 - aioseo.com -->\n\t<meta name=\"robots\" content=\"max-image-preview:large\" \/>\n\t<meta name=\"author\" content=\"da Reda\u00e7\u00e3o\"\/>\n\t<link rel=\"canonical\" href=\"https:\/\/www.jornalja.com.br\/arquivo\/agapan-debate-historia-e-perspectivas-do-movimento-ecologico-gaucho\/\" \/>\n\t<meta name=\"generator\" content=\"All in One SEO (AIOSEO) 5.0.1.1\" \/>\n\t\t<meta property=\"og:locale\" content=\"pt_BR\" \/>\n\t\t<meta property=\"og:site_name\" content=\"Arquivo | Jornal J\u00c1 | Porto Alegre\" \/>\n\t\t<meta property=\"og:type\" content=\"article\" \/>\n\t\t<meta property=\"og:title\" content=\"Agapan debate hist\u00f3ria e perspectivas do movimento ecol\u00f3gico ga\u00facho | Arquivo\" \/>\n\t\t<meta property=\"og:url\" content=\"https:\/\/www.jornalja.com.br\/arquivo\/agapan-debate-historia-e-perspectivas-do-movimento-ecologico-gaucho\/\" \/>\n\t\t<meta property=\"og:image\" content=\"https:\/\/www.jornalja.com.br\/economics\/wp-content\/uploads\/sites\/11\/2026\/08\/ja-folhaderosto-facebook.jpg\" \/>\n\t\t<meta property=\"og:image:secure_url\" content=\"https:\/\/www.jornalja.com.br\/economics\/wp-content\/uploads\/sites\/11\/2026\/08\/ja-folhaderosto-facebook.jpg\" \/>\n\t\t<meta property=\"article:published_time\" content=\"2017-09-08T17:08:44+00:00\" \/>\n\t\t<meta property=\"article:modified_time\" content=\"2017-09-08T17:08:44+00:00\" \/>\n\t\t<meta name=\"twitter:card\" content=\"summary\" \/>\n\t\t<meta name=\"twitter:title\" content=\"Agapan debate hist\u00f3ria e perspectivas do movimento ecol\u00f3gico ga\u00facho | Arquivo\" \/>\n\t\t<meta name=\"twitter:image\" content=\"https:\/\/www.jornalja.com.br\/economics\/wp-content\/uploads\/sites\/11\/2026\/08\/ja-folhaderosto-facebook.jpg\" \/>\n\t\t<script type=\"application\/ld+json\" class=\"aioseo-schema\">\n\t\t\t{\"@context\":\"https:\\\/\\\/schema.org\",\"@graph\":[{\"@type\":\"BlogPosting\",\"@id\":\"https:\\\/\\\/www.jornalja.com.br\\\/arquivo\\\/agapan-debate-historia-e-perspectivas-do-movimento-ecologico-gaucho\\\/#blogposting\",\"name\":\"Agapan debate hist\\u00f3ria e perspectivas do movimento ecol\\u00f3gico ga\\u00facho | Arquivo\",\"headline\":\"Agapan\\u00a0debate hist\\u00f3ria e perspectivas do movimento ecol\\u00f3gico ga\\u00facho\",\"author\":{\"@id\":\"https:\\\/\\\/www.jornalja.com.br\\\/arquivo\\\/author\\\/daredacao\\\/#author\"},\"publisher\":{\"@id\":\"https:\\\/\\\/www.jornalja.com.br\\\/arquivo\\\/#organization\"},\"image\":{\"@type\":\"ImageObject\",\"url\":\"https:\\\/\\\/www.jornalja.com.br\\\/wp-content\\\/uploads\\\/cards\\\/JAslogan.png\",\"@id\":\"https:\\\/\\\/www.jornalja.com.br\\\/arquivo\\\/#articleImage\"},\"datePublished\":\"2017-09-08T14:08:44-03:00\",\"dateModified\":\"2017-09-08T14:08:44-03:00\",\"inLanguage\":\"pt-BR\",\"mainEntityOfPage\":{\"@id\":\"https:\\\/\\\/www.jornalja.com.br\\\/arquivo\\\/agapan-debate-historia-e-perspectivas-do-movimento-ecologico-gaucho\\\/#webpage\"},\"isPartOf\":{\"@id\":\"https:\\\/\\\/www.jornalja.com.br\\\/arquivo\\\/agapan-debate-historia-e-perspectivas-do-movimento-ecologico-gaucho\\\/#webpage\"},\"articleSection\":\"NOTAS\"},{\"@type\":\"BreadcrumbList\",\"@id\":\"https:\\\/\\\/www.jornalja.com.br\\\/arquivo\\\/agapan-debate-historia-e-perspectivas-do-movimento-ecologico-gaucho\\\/#breadcrumblist\",\"itemListElement\":[{\"@type\":\"ListItem\",\"@id\":\"https:\\\/\\\/www.jornalja.com.br\\\/arquivo#listItem\",\"position\":1,\"name\":\"Home\",\"item\":\"https:\\\/\\\/www.jornalja.com.br\\\/arquivo\",\"nextItem\":{\"@type\":\"ListItem\",\"@id\":\"https:\\\/\\\/www.jornalja.com.br\\\/arquivo\\\/category\\\/notas\\\/#listItem\",\"name\":\"NOTAS\"}},{\"@type\":\"ListItem\",\"@id\":\"https:\\\/\\\/www.jornalja.com.br\\\/arquivo\\\/category\\\/notas\\\/#listItem\",\"position\":2,\"name\":\"NOTAS\",\"item\":\"https:\\\/\\\/www.jornalja.com.br\\\/arquivo\\\/category\\\/notas\\\/\",\"nextItem\":{\"@type\":\"ListItem\",\"@id\":\"https:\\\/\\\/www.jornalja.com.br\\\/arquivo\\\/agapan-debate-historia-e-perspectivas-do-movimento-ecologico-gaucho\\\/#listItem\",\"name\":\"Agapan\\u00a0debate hist\\u00f3ria e perspectivas do movimento ecol\\u00f3gico ga\\u00facho\"},\"previousItem\":{\"@type\":\"ListItem\",\"@id\":\"https:\\\/\\\/www.jornalja.com.br\\\/arquivo#listItem\",\"name\":\"Home\"}},{\"@type\":\"ListItem\",\"@id\":\"https:\\\/\\\/www.jornalja.com.br\\\/arquivo\\\/agapan-debate-historia-e-perspectivas-do-movimento-ecologico-gaucho\\\/#listItem\",\"position\":3,\"name\":\"Agapan\\u00a0debate hist\\u00f3ria e perspectivas do movimento ecol\\u00f3gico ga\\u00facho\",\"previousItem\":{\"@type\":\"ListItem\",\"@id\":\"https:\\\/\\\/www.jornalja.com.br\\\/arquivo\\\/category\\\/notas\\\/#listItem\",\"name\":\"NOTAS\"}}]},{\"@type\":\"Organization\",\"@id\":\"https:\\\/\\\/www.jornalja.com.br\\\/arquivo\\\/#organization\",\"name\":\"Jornal J\\u00c1\",\"description\":\"Jornal J\\u00c1 | Porto Alegre\",\"url\":\"https:\\\/\\\/www.jornalja.com.br\\\/arquivo\\\/\",\"telephone\":\"+555133307272\",\"logo\":{\"@type\":\"ImageObject\",\"url\":\"https:\\\/\\\/www.jornalja.com.br\\\/wp-content\\\/uploads\\\/cards\\\/JAslogan.png\",\"@id\":\"https:\\\/\\\/www.jornalja.com.br\\\/arquivo\\\/agapan-debate-historia-e-perspectivas-do-movimento-ecologico-gaucho\\\/#organizationLogo\"},\"image\":{\"@id\":\"https:\\\/\\\/www.jornalja.com.br\\\/arquivo\\\/agapan-debate-historia-e-perspectivas-do-movimento-ecologico-gaucho\\\/#organizationLogo\"}},{\"@type\":\"Person\",\"@id\":\"https:\\\/\\\/www.jornalja.com.br\\\/arquivo\\\/author\\\/daredacao\\\/#author\",\"url\":\"https:\\\/\\\/www.jornalja.com.br\\\/arquivo\\\/author\\\/daredacao\\\/\",\"name\":\"da Reda\\u00e7\\u00e3o\",\"image\":{\"@type\":\"ImageObject\",\"@id\":\"https:\\\/\\\/www.jornalja.com.br\\\/arquivo\\\/agapan-debate-historia-e-perspectivas-do-movimento-ecologico-gaucho\\\/#authorImage\",\"url\":\"https:\\\/\\\/secure.gravatar.com\\\/avatar\\\/469fd857d6605ad19919d27ed29d35a968a25f6e8fd9318356bbb7f57aae9c65?s=96&d=mm&r=g\",\"width\":96,\"height\":96,\"caption\":\"da Reda\\u00e7\\u00e3o\"}},{\"@type\":\"WebPage\",\"@id\":\"https:\\\/\\\/www.jornalja.com.br\\\/arquivo\\\/agapan-debate-historia-e-perspectivas-do-movimento-ecologico-gaucho\\\/#webpage\",\"url\":\"https:\\\/\\\/www.jornalja.com.br\\\/arquivo\\\/agapan-debate-historia-e-perspectivas-do-movimento-ecologico-gaucho\\\/\",\"name\":\"Agapan debate hist\\u00f3ria e perspectivas do movimento ecol\\u00f3gico ga\\u00facho | Arquivo\",\"inLanguage\":\"pt-BR\",\"isPartOf\":{\"@id\":\"https:\\\/\\\/www.jornalja.com.br\\\/arquivo\\\/#website\"},\"breadcrumb\":{\"@id\":\"https:\\\/\\\/www.jornalja.com.br\\\/arquivo\\\/agapan-debate-historia-e-perspectivas-do-movimento-ecologico-gaucho\\\/#breadcrumblist\"},\"author\":{\"@id\":\"https:\\\/\\\/www.jornalja.com.br\\\/arquivo\\\/author\\\/daredacao\\\/#author\"},\"creator\":{\"@id\":\"https:\\\/\\\/www.jornalja.com.br\\\/arquivo\\\/author\\\/daredacao\\\/#author\"},\"datePublished\":\"2017-09-08T14:08:44-03:00\",\"dateModified\":\"2017-09-08T14:08:44-03:00\"},{\"@type\":\"WebSite\",\"@id\":\"https:\\\/\\\/www.jornalja.com.br\\\/arquivo\\\/#website\",\"url\":\"https:\\\/\\\/www.jornalja.com.br\\\/arquivo\\\/\",\"name\":\"Arquivo\",\"description\":\"Jornal J\\u00c1 | Porto Alegre\",\"inLanguage\":\"pt-BR\",\"publisher\":{\"@id\":\"https:\\\/\\\/www.jornalja.com.br\\\/arquivo\\\/#organization\"}}]}\n\t\t<\/script>\n\t\t<!-- All in One SEO -->\n\n","aioseo_head_json":{"title":"Agapan debate hist\u00f3ria e perspectivas do movimento ecol\u00f3gico ga\u00facho | Arquivo","description":"","canonical_url":"https:\/\/www.jornalja.com.br\/arquivo\/agapan-debate-historia-e-perspectivas-do-movimento-ecologico-gaucho\/","robots":"max-image-preview:large","keywords":"","webmasterTools":{"miscellaneous":""},"schema":{"@context":"https:\/\/schema.org","@graph":[{"@type":"BlogPosting","@id":"https:\/\/www.jornalja.com.br\/arquivo\/agapan-debate-historia-e-perspectivas-do-movimento-ecologico-gaucho\/#blogposting","name":"Agapan debate hist\u00f3ria e perspectivas do movimento ecol\u00f3gico ga\u00facho | Arquivo","headline":"Agapan\u00a0debate hist\u00f3ria e perspectivas do movimento ecol\u00f3gico ga\u00facho","author":{"@id":"https:\/\/www.jornalja.com.br\/arquivo\/author\/daredacao\/#author"},"publisher":{"@id":"https:\/\/www.jornalja.com.br\/arquivo\/#organization"},"image":{"@type":"ImageObject","url":"https:\/\/www.jornalja.com.br\/wp-content\/uploads\/cards\/JAslogan.png","@id":"https:\/\/www.jornalja.com.br\/arquivo\/#articleImage"},"datePublished":"2017-09-08T14:08:44-03:00","dateModified":"2017-09-08T14:08:44-03:00","inLanguage":"pt-BR","mainEntityOfPage":{"@id":"https:\/\/www.jornalja.com.br\/arquivo\/agapan-debate-historia-e-perspectivas-do-movimento-ecologico-gaucho\/#webpage"},"isPartOf":{"@id":"https:\/\/www.jornalja.com.br\/arquivo\/agapan-debate-historia-e-perspectivas-do-movimento-ecologico-gaucho\/#webpage"},"articleSection":"NOTAS"},{"@type":"BreadcrumbList","@id":"https:\/\/www.jornalja.com.br\/arquivo\/agapan-debate-historia-e-perspectivas-do-movimento-ecologico-gaucho\/#breadcrumblist","itemListElement":[{"@type":"ListItem","@id":"https:\/\/www.jornalja.com.br\/arquivo#listItem","position":1,"name":"Home","item":"https:\/\/www.jornalja.com.br\/arquivo","nextItem":{"@type":"ListItem","@id":"https:\/\/www.jornalja.com.br\/arquivo\/category\/notas\/#listItem","name":"NOTAS"}},{"@type":"ListItem","@id":"https:\/\/www.jornalja.com.br\/arquivo\/category\/notas\/#listItem","position":2,"name":"NOTAS","item":"https:\/\/www.jornalja.com.br\/arquivo\/category\/notas\/","nextItem":{"@type":"ListItem","@id":"https:\/\/www.jornalja.com.br\/arquivo\/agapan-debate-historia-e-perspectivas-do-movimento-ecologico-gaucho\/#listItem","name":"Agapan\u00a0debate hist\u00f3ria e perspectivas do movimento ecol\u00f3gico ga\u00facho"},"previousItem":{"@type":"ListItem","@id":"https:\/\/www.jornalja.com.br\/arquivo#listItem","name":"Home"}},{"@type":"ListItem","@id":"https:\/\/www.jornalja.com.br\/arquivo\/agapan-debate-historia-e-perspectivas-do-movimento-ecologico-gaucho\/#listItem","position":3,"name":"Agapan\u00a0debate hist\u00f3ria e perspectivas do movimento ecol\u00f3gico ga\u00facho","previousItem":{"@type":"ListItem","@id":"https:\/\/www.jornalja.com.br\/arquivo\/category\/notas\/#listItem","name":"NOTAS"}}]},{"@type":"Organization","@id":"https:\/\/www.jornalja.com.br\/arquivo\/#organization","name":"Jornal J\u00c1","description":"Jornal J\u00c1 | Porto Alegre","url":"https:\/\/www.jornalja.com.br\/arquivo\/","telephone":"+555133307272","logo":{"@type":"ImageObject","url":"https:\/\/www.jornalja.com.br\/wp-content\/uploads\/cards\/JAslogan.png","@id":"https:\/\/www.jornalja.com.br\/arquivo\/agapan-debate-historia-e-perspectivas-do-movimento-ecologico-gaucho\/#organizationLogo"},"image":{"@id":"https:\/\/www.jornalja.com.br\/arquivo\/agapan-debate-historia-e-perspectivas-do-movimento-ecologico-gaucho\/#organizationLogo"}},{"@type":"Person","@id":"https:\/\/www.jornalja.com.br\/arquivo\/author\/daredacao\/#author","url":"https:\/\/www.jornalja.com.br\/arquivo\/author\/daredacao\/","name":"da Reda\u00e7\u00e3o","image":{"@type":"ImageObject","@id":"https:\/\/www.jornalja.com.br\/arquivo\/agapan-debate-historia-e-perspectivas-do-movimento-ecologico-gaucho\/#authorImage","url":"https:\/\/secure.gravatar.com\/avatar\/469fd857d6605ad19919d27ed29d35a968a25f6e8fd9318356bbb7f57aae9c65?s=96&d=mm&r=g","width":96,"height":96,"caption":"da Reda\u00e7\u00e3o"}},{"@type":"WebPage","@id":"https:\/\/www.jornalja.com.br\/arquivo\/agapan-debate-historia-e-perspectivas-do-movimento-ecologico-gaucho\/#webpage","url":"https:\/\/www.jornalja.com.br\/arquivo\/agapan-debate-historia-e-perspectivas-do-movimento-ecologico-gaucho\/","name":"Agapan debate hist\u00f3ria e perspectivas do movimento ecol\u00f3gico ga\u00facho | Arquivo","inLanguage":"pt-BR","isPartOf":{"@id":"https:\/\/www.jornalja.com.br\/arquivo\/#website"},"breadcrumb":{"@id":"https:\/\/www.jornalja.com.br\/arquivo\/agapan-debate-historia-e-perspectivas-do-movimento-ecologico-gaucho\/#breadcrumblist"},"author":{"@id":"https:\/\/www.jornalja.com.br\/arquivo\/author\/daredacao\/#author"},"creator":{"@id":"https:\/\/www.jornalja.com.br\/arquivo\/author\/daredacao\/#author"},"datePublished":"2017-09-08T14:08:44-03:00","dateModified":"2017-09-08T14:08:44-03:00"},{"@type":"WebSite","@id":"https:\/\/www.jornalja.com.br\/arquivo\/#website","url":"https:\/\/www.jornalja.com.br\/arquivo\/","name":"Arquivo","description":"Jornal J\u00c1 | Porto Alegre","inLanguage":"pt-BR","publisher":{"@id":"https:\/\/www.jornalja.com.br\/arquivo\/#organization"}}]},"og:locale":"pt_BR","og:site_name":"Arquivo | Jornal J\u00c1 | Porto Alegre","og:type":"article","og:title":"Agapan debate hist\u00f3ria e perspectivas do movimento ecol\u00f3gico ga\u00facho | Arquivo","og:url":"https:\/\/www.jornalja.com.br\/arquivo\/agapan-debate-historia-e-perspectivas-do-movimento-ecologico-gaucho\/","og:image":"https:\/\/www.jornalja.com.br\/economics\/wp-content\/uploads\/sites\/11\/2026\/08\/ja-folhaderosto-facebook.jpg","og:image:secure_url":"https:\/\/www.jornalja.com.br\/economics\/wp-content\/uploads\/sites\/11\/2026\/08\/ja-folhaderosto-facebook.jpg","article:published_time":"2017-09-08T17:08:44+00:00","article:modified_time":"2017-09-08T17:08:44+00:00","twitter:card":"summary","twitter:title":"Agapan debate hist\u00f3ria e perspectivas do movimento ecol\u00f3gico ga\u00facho | Arquivo","twitter:image":"https:\/\/www.jornalja.com.br\/economics\/wp-content\/uploads\/sites\/11\/2026\/08\/ja-folhaderosto-facebook.jpg"},"aioseo_meta_data":{"post_id":"54876","title":null,"description":null,"keywords":null,"keyphrases":null,"primary_term":null,"canonical_url":null,"og_title":null,"og_description":null,"og_object_type":"default","og_image_type":"default","og_image_url":null,"og_image_width":null,"og_image_height":null,"og_image_custom_url":null,"og_image_custom_fields":null,"og_video":null,"og_custom_url":null,"og_article_section":null,"og_article_tags":null,"twitter_use_og":false,"twitter_card":"default","twitter_image_type":"default","twitter_image_url":null,"twitter_image_custom_url":null,"twitter_image_custom_fields":null,"twitter_title":null,"twitter_description":null,"schema":{"blockGraphs":[],"customGraphs":[],"default":{"data":{"Article":[],"Course":[],"Dataset":[],"FAQPage":[],"Movie":[],"Person":[],"Product":[],"ProductReview":[],"Car":[],"Recipe":[],"Service":[],"SoftwareApplication":[],"WebPage":[]},"graphName":"","isEnabled":true},"graphs":[]},"schema_type":null,"schema_type_options":null,"pillar_content":false,"robots_default":true,"robots_noindex":false,"robots_noarchive":false,"robots_nosnippet":false,"robots_nofollow":false,"robots_noimageindex":false,"robots_noodp":false,"robots_notranslate":false,"robots_max_snippet":null,"robots_max_videopreview":null,"robots_max_imagepreview":"large","priority":null,"frequency":null,"location":null,"local_seo":null,"breadcrumb_settings":null,"limit_modified_date":false,"ai":null,"created":"2020-12-20 20:25:01","updated":"2025-07-20 01:02:13","seo_analyzer_scan_date":null,"focus_keyword":null,"additional_keywords":null,"truseo_locale":null},"jetpack_sharing_enabled":true,"jetpack-related-posts":[{"id":13109,"url":"https:\/\/www.jornalja.com.br\/arquivo\/judiciario-reconhece-poluicao-eletromagnetica\/","url_meta":{"origin":54876,"position":0},"title":"Judici\u00e1rio reconhece polui\u00e7\u00e3o eletromagn\u00e9tica","author":"Patr\u00edcia Marini","date":"16 de maio de 2014","format":false,"excerpt":"A\u00e7\u00e3o de duas associa\u00e7\u00f5es de moradores foi acolhida pelo Tribunal de Justi\u00e7a de S\u00e3o Paulo que. em decis\u00e3o in\u00e9dita, determinou a redu\u00e7\u00e3o do campo eletromagn\u00e9tico gerado pelas linhas de transmiss\u00e3o de energia que cortam os bairros City Boa\u00e7ava e Alto de Pinheiros. \u00c9 a primeira vez que um tribunal do\u2026","rel":"","context":"Em &quot;X.Categorias velhas&quot;","block_context":{"text":"X.Categorias velhas","link":"https:\/\/www.jornalja.com.br\/arquivo\/category\/x-categorias-velhas\/"},"img":{"alt_text":"","src":"","width":0,"height":0},"classes":[]},{"id":14241,"url":"https:\/\/www.jornalja.com.br\/arquivo\/o-guaiba-nas-imagens-poeticas-de-achutti\/","url_meta":{"origin":54876,"position":1},"title":"O Gua\u00edba nas imagens po\u00e9ticas de Achutti","author":"da Reda\u00e7\u00e3o","date":"18 de junho de 2014","format":false,"excerpt":"Em \u201cO Gua\u00edba por Achutti\u201d \u2013 obra financiada via Minist\u00e9rio da Cultura, produ\u00e7\u00e3o executiva de Pedro Longhi, e Fl\u00e1vio Wild como designer \u2013, o fot\u00f3grafo revela a beleza e as mazelas de um espa\u00e7o aqu\u00e1tico de \u00e1guas sempre renovadas, cheio de hist\u00f3rias e lendas como as das cidades que foram\u2026","rel":"","context":"Em &quot;Cultura-Geral&quot;","block_context":{"text":"Cultura-Geral","link":"https:\/\/www.jornalja.com.br\/arquivo\/category\/materiasecundaria\/"},"img":{"alt_text":"","src":"","width":0,"height":0},"classes":[]},{"id":13128,"url":"https:\/\/www.jornalja.com.br\/arquivo\/maconha-terra-diz-que-uso-medicinal-e-desculpa\/","url_meta":{"origin":54876,"position":2},"title":"Maconha: Terra diz que uso medicinal \u00e9 desculpa","author":"Patr\u00edcia Marini","date":"4 de junho de 2014","format":false,"excerpt":"A condi\u00e7\u00e3o de pol\u00edtico, em \u00e9poca de campanha de campanha eleitoral, tira for\u00e7a do discurso do m\u00e9dico Osmar Terra contra a legaliza\u00e7\u00e3o da maconha. A tese dele de que a libera\u00e7\u00e3o vai ampliar exponencialmente o consumo \u00e9 discutivel, o consumo \u00e9 corrente. Mas seus alertas quanto aos riscos tem que\u2026","rel":"","context":"Em &quot;X.Categorias velhas&quot;","block_context":{"text":"X.Categorias velhas","link":"https:\/\/www.jornalja.com.br\/arquivo\/category\/x-categorias-velhas\/"},"img":{"alt_text":"","src":"","width":0,"height":0},"classes":[]},{"id":13101,"url":"https:\/\/www.jornalja.com.br\/arquivo\/morre-um-guerreiro-do-texto\/","url_meta":{"origin":54876,"position":3},"title":"Morre um guerreiro do texto","author":"Patr\u00edcia Marini","date":"14 de maio de 2014","format":false,"excerpt":"Por Ricardo Kotscho Reproduzido do blog do autor, 11\/5\/2014; t\u00edtulo original \u201cE l\u00e1 se foi o nosso Myltainho, guerreiro do texto\u201d. Mi\u00fado e franzino, meu amigo Myltainho era um valente e inconformado guerreiro na luta contra as injusti\u00e7as sociais, a hipocrisia, as maracutaias, o autoritarismo, a intoler\u00e2ncia, a viol\u00eancia, o\u2026","rel":"","context":"Em &quot;Geral&quot;","block_context":{"text":"Geral","link":"https:\/\/www.jornalja.com.br\/arquivo\/category\/geral\/"},"img":{"alt_text":"","src":"","width":0,"height":0},"classes":[]},{"id":13239,"url":"https:\/\/www.jornalja.com.br\/arquivo\/conselho-desdenha-do-plano-diretor\/","url_meta":{"origin":54876,"position":4},"title":"Porto Alegre: Conselho detona Plano Diretor","author":"Patr\u00edcia Marini","date":"25 de maio de 2014","format":false,"excerpt":"Den\u00fancia do arquiteto e \u00a0urbanista Ibir\u00e1 Santos Lucas. Ele diz que os conselheiros est\u00e3o votando com \"enorme irresponsabilidade\". \"Mudam regime com a maior naturalidade,,,regularizam absurdos de constru\u00e7\u00f5es irregulares... \"O CMDUA est\u00e1 flexibilizando a lei do plano diretor, de uma forma impactante na vida da cidade. Mudam regime com a maior\u2026","rel":"","context":"Em &quot;Geral&quot;","block_context":{"text":"Geral","link":"https:\/\/www.jornalja.com.br\/arquivo\/category\/geral\/"},"img":{"alt_text":"","src":"","width":0,"height":0},"classes":[]},{"id":13124,"url":"https:\/\/www.jornalja.com.br\/arquivo\/sangue-latino-no-iecine\/","url_meta":{"origin":54876,"position":5},"title":"Sangue latino no IECINE","author":"da Reda\u00e7\u00e3o","date":"18 de maio de 2014","format":false,"excerpt":"Francisco Ribeiro O Instituto Estadual de Cinema (IECINE) tem a frente, desde abril \u00faltimo, um novo diretor, o cineasta colombiano Juan Zapata, 36, que substitui Luiz Alberto Cassol. Radicado h\u00e1 dez anos em Porto Alegre, Zapata tem diante de si o desafio de conduzir at\u00e9 o final do ano um\u2026","rel":"","context":"Em &quot;Cultura-Geral&quot;","block_context":{"text":"Cultura-Geral","link":"https:\/\/www.jornalja.com.br\/arquivo\/category\/materiasecundaria\/"},"img":{"alt_text":"","src":"","width":0,"height":0},"classes":[]}],"jetpack_shortlink":"https:\/\/wp.me\/pbQjBd-eh6","jetpack_featured_media_url":"","_links":{"self":[{"href":"https:\/\/www.jornalja.com.br\/arquivo\/wp-json\/wp\/v2\/posts\/54876","targetHints":{"allow":["GET"]}}],"collection":[{"href":"https:\/\/www.jornalja.com.br\/arquivo\/wp-json\/wp\/v2\/posts"}],"about":[{"href":"https:\/\/www.jornalja.com.br\/arquivo\/wp-json\/wp\/v2\/types\/post"}],"author":[{"embeddable":true,"href":"https:\/\/www.jornalja.com.br\/arquivo\/wp-json\/wp\/v2\/users\/4"}],"replies":[{"embeddable":true,"href":"https:\/\/www.jornalja.com.br\/arquivo\/wp-json\/wp\/v2\/comments?post=54876"}],"version-history":[{"count":0,"href":"https:\/\/www.jornalja.com.br\/arquivo\/wp-json\/wp\/v2\/posts\/54876\/revisions"}],"wp:attachment":[{"href":"https:\/\/www.jornalja.com.br\/arquivo\/wp-json\/wp\/v2\/media?parent=54876"}],"wp:term":[{"taxonomy":"category","embeddable":true,"href":"https:\/\/www.jornalja.com.br\/arquivo\/wp-json\/wp\/v2\/categories?post=54876"},{"taxonomy":"post_tag","embeddable":true,"href":"https:\/\/www.jornalja.com.br\/arquivo\/wp-json\/wp\/v2\/tags?post=54876"}],"curies":[{"name":"wp","href":"https:\/\/api.w.org\/{rel}","templated":true}]}}