{"id":54915,"date":"2017-09-10T23:15:32","date_gmt":"2017-09-11T02:15:32","guid":{"rendered":"https:\/\/www.jornalja.com.br\/?p=54915"},"modified":"2017-09-10T23:15:32","modified_gmt":"2017-09-11T02:15:32","slug":"apos-cancelamento-de-exposicao-no-santander-cultural-entidades-lgbt-organizam-protesto","status":"publish","type":"post","link":"https:\/\/www.jornalja.com.br\/arquivo\/apos-cancelamento-de-exposicao-no-santander-cultural-entidades-lgbt-organizam-protesto\/","title":{"rendered":"Ap\u00f3s cancelamento de exposi\u00e7\u00e3o no Santander Cultural, entidades LGBT organizam protesto"},"content":{"rendered":"<p>O cancelamento da exposi\u00e7\u00e3o QueerMuseu- Cartografias da diferen\u00e7a na Arte Brasileira, realizada no Museu Santander Cultural, neste domingo, 10\/09, repercutiu negativamente na comunidade LGBT. Diversas entidades e movimentos sociais anunciaram um ato para a pr\u00f3xima ter\u00e7a-feira contra a decis\u00e3o.<br \/>\nEm nota, o Santander Cultural justificou o cancelamento alegando que a entidade recebeu diversas manifesta\u00e7\u00f5es cr\u00edticas sobre a exposi\u00e7\u00e3o. As manifesta\u00e7\u00f5es contr\u00e1rias cresceram gra\u00e7as a v\u00eddeos e notas publicadas pelo Movimento Brasil Livre, que nos \u00faltimos dias fez duras cr\u00edticas \u00e0 exposi\u00e7\u00e3o, atrav\u00e9s das redes sociais.\u00a0 Dissemina\u00e7\u00e3o de pedofilia e zoofilia em alguns dos trabalhos expostos s\u00e3o as principais acusa\u00e7\u00f5es.<br \/>\n<figure id=\"attachment_54935\" aria-describedby=\"caption-attachment-54935\" style=\"width: 400px\" class=\"wp-caption alignnone\"><img loading=\"lazy\" decoding=\"async\" class=\"size-medium wp-image-54935\" src=\"https:\/\/www.jornalja.com.br\/wp-content\/uploads\/2017\/09\/x5-3.jpg.pagespeed.ic_.q7NwtQFGDT-400x240.jpg\" alt=\"\" width=\"400\" height=\"240\" \/><figcaption id=\"caption-attachment-54935\" class=\"wp-caption-text\">Uma das obras controversas \/ Reprodu\u00e7\u00e3o Facebook<\/figcaption><\/figure><br \/>\nO <a href=\"http:\/\/www.facebook.com\/events\/905454412938548\/?acontext=%7B%22ref%22%3A%223%22%2C%22ref_newsfeed_story_type%22%3A%22regular%22%2C%22feed_story_type%22%3A%22117%22%2C%22action_history%22%3A%22null%22%7D\">grupo Nuances<\/a>, um dos organizadores do manifesto contra o fechamento, publicou a seguinte nota pelo Facebook:<br \/>\n<em>Diante dos ataques sofridos pela Exposi\u00e7\u00e3o QueerMuseu sediada no Museu Santater Cultural, em pleno centro hist\u00f3rico de Porto Alegre, convocamos um ATO P\u00daBLICO em defesa da liberdade de express\u00e3o art\u00edstica, das liberdades democr\u00e1ticas e contra os retrocessos pol\u00edticos que limitam o exerc\u00edcio de cidadania da popula\u00e7\u00e3o LGBTT. <\/em><br \/>\n<em> Repudiamos os ataques conservadores e fundamentalistas e suas acusa\u00e7\u00f5es falsas e infundadas. Repudiamos tamb\u00e9m a decis\u00e3o do Santander Cultural de encerrar<span class=\"text_exposed_show\"> prematuramente a exposi\u00e7\u00e3o, recuando diante das manifesta\u00e7\u00f5es fascistas de \u00f3dio e preconceito.<br \/>\nTod@s l\u00e1! Nenhum direito a menos!<br \/>\n<\/span><\/em><br \/>\nAbaixo a \u00edntegra do Santander Cultural:<br \/>\nNOTA SOBRE A EXPOSI\u00c7\u00c3O QUEERMUSEU<br \/>\nNos \u00faltimos dias, recebemos diversas manifesta\u00e7\u00f5es cr\u00edticas sobre a exposi\u00e7\u00e3o Queermuseu &#8211; Cartografias da diferen\u00e7a na Arte Brasileira. Pedimos sinceras desculpas a todos os que se sentiram ofendidos por alguma obra que fazia parte da mostra.<br \/>\nO objetivo do <span class=\"highlightNode\">Santander Cultural<\/span> \u00e9 incentivar as artes e promover o debate sobre as grandes quest\u00f5es do mundo contempor\u00e2neo, e n\u00e3o gerar qualquer tipo de desrespeito e disc\u00f3rdia. Nosso papel, como um e<span class=\"text_exposed_show\">spa\u00e7o <span class=\"highlightNode\">cultural<\/span>, \u00e9 dar luz ao trabalho de curadores e artistas brasileiros para gerar reflex\u00e3o. Sempre fazemos isso sem interferir no conte\u00fado para preservar a independ\u00eancia dos autores, e essa tem sido a maneira mais eficaz de levar ao p\u00fablico um trabalho inovador e de qualidade. <\/span><\/p>\n<div class=\"text_exposed_show\">\nDesta vez, no entanto, ouvimos as manifesta\u00e7\u00f5es e entendemos que algumas das obras da exposi\u00e7\u00e3o Queermuseu desrespeitavam s\u00edmbolos, cren\u00e7as e pessoas, o que n\u00e3o est\u00e1 em linha com a nossa vis\u00e3o de mundo. Quando a arte n\u00e3o \u00e9 capaz de gerar inclus\u00e3o e reflex\u00e3o positiva, perde seu prop\u00f3sito maior, que \u00e9 elevar a condi\u00e7\u00e3o humana.<br \/>\nO <span class=\"highlightNode\">Santander Cultural<\/span> n\u00e3o chancela um tipo de arte, mas sim a arte na sua pluralidade, alicer\u00e7ada no profundo respeito que temos por cada indiv\u00edduo. Por essa raz\u00e3o, decidimos encerrar a mostra neste domingo, 10\/09. Garantimos, no entanto, que seguimos comprometidos com a promo\u00e7\u00e3o do debate sobre diversidade e outros grandes temas contempor\u00e2neos.\n<\/div>\n","protected":false},"excerpt":{"rendered":"<p>O cancelamento da exposi\u00e7\u00e3o QueerMuseu- Cartografias da diferen\u00e7a na Arte Brasileira, realizada no Museu Santander Cultural, neste domingo, 10\/09, repercutiu negativamente na comunidade LGBT. Diversas entidades e movimentos sociais anunciaram um ato para a pr\u00f3xima ter\u00e7a-feira contra a decis\u00e3o. Em nota, o Santander Cultural justificou o cancelamento alegando que a entidade recebeu diversas manifesta\u00e7\u00f5es cr\u00edticas [&hellip;]<\/p>\n","protected":false},"author":4,"featured_media":54936,"comment_status":"open","ping_status":"closed","sticky":false,"template":"","format":"standard","meta":{"_jetpack_newsletter_access":"","_jetpack_dont_email_post_to_subs":false,"_jetpack_newsletter_tier_id":0,"_jetpack_memberships_contains_paywalled_content":false,"_jetpack_feature_clip_id":0,"_jetpack_memberships_contains_paid_content":false,"footnotes":"","jetpack_post_was_ever_published":false},"categories":[26],"tags":[],"class_list":["post-54915","post","type-post","status-publish","format-standard","has-post-thumbnail","hentry","category-geral"],"aioseo_notices":[],"aioseo_head":"\n\t\t<!-- All in One SEO 5.0.1.1 - aioseo.com -->\n\t<meta name=\"robots\" content=\"max-image-preview:large\" \/>\n\t<meta name=\"author\" content=\"da Reda\u00e7\u00e3o\"\/>\n\t<link rel=\"canonical\" href=\"https:\/\/www.jornalja.com.br\/arquivo\/apos-cancelamento-de-exposicao-no-santander-cultural-entidades-lgbt-organizam-protesto\/\" \/>\n\t<meta name=\"generator\" content=\"All in One SEO (AIOSEO) 5.0.1.1\" \/>\n\t\t<meta property=\"og:locale\" content=\"pt_BR\" \/>\n\t\t<meta property=\"og:site_name\" content=\"Arquivo | Jornal J\u00c1 | Porto Alegre\" \/>\n\t\t<meta property=\"og:type\" content=\"article\" \/>\n\t\t<meta property=\"og:title\" content=\"Ap\u00f3s cancelamento de exposi\u00e7\u00e3o no Santander Cultural, entidades LGBT organizam protesto | Arquivo\" \/>\n\t\t<meta property=\"og:url\" content=\"https:\/\/www.jornalja.com.br\/arquivo\/apos-cancelamento-de-exposicao-no-santander-cultural-entidades-lgbt-organizam-protesto\/\" \/>\n\t\t<meta property=\"og:image\" content=\"https:\/\/www.jornalja.com.br\/wp-content\/uploads\/2017\/09\/x5-3.jpg.pagespeed.ic_.q7NwtQFGDT-400x240.jpg\" \/>\n\t\t<meta property=\"og:image:secure_url\" content=\"https:\/\/www.jornalja.com.br\/wp-content\/uploads\/2017\/09\/x5-3.jpg.pagespeed.ic_.q7NwtQFGDT-400x240.jpg\" \/>\n\t\t<meta property=\"article:published_time\" content=\"2017-09-11T02:15:32+00:00\" \/>\n\t\t<meta property=\"article:modified_time\" content=\"2017-09-11T02:15:32+00:00\" \/>\n\t\t<meta name=\"twitter:card\" content=\"summary\" \/>\n\t\t<meta name=\"twitter:title\" content=\"Ap\u00f3s cancelamento de exposi\u00e7\u00e3o no Santander Cultural, entidades LGBT organizam protesto | Arquivo\" \/>\n\t\t<meta name=\"twitter:image\" content=\"https:\/\/www.jornalja.com.br\/economics\/wp-content\/uploads\/sites\/11\/2026\/08\/ja-folhaderosto-facebook.jpg\" \/>\n\t\t<script type=\"application\/ld+json\" class=\"aioseo-schema\">\n\t\t\t{\"@context\":\"https:\\\/\\\/schema.org\",\"@graph\":[{\"@type\":\"BlogPosting\",\"@id\":\"https:\\\/\\\/www.jornalja.com.br\\\/arquivo\\\/apos-cancelamento-de-exposicao-no-santander-cultural-entidades-lgbt-organizam-protesto\\\/#blogposting\",\"name\":\"Ap\\u00f3s cancelamento de exposi\\u00e7\\u00e3o no Santander Cultural, entidades LGBT organizam protesto | Arquivo\",\"headline\":\"Ap\\u00f3s cancelamento de exposi\\u00e7\\u00e3o no Santander Cultural, entidades LGBT organizam protesto\",\"author\":{\"@id\":\"https:\\\/\\\/www.jornalja.com.br\\\/arquivo\\\/author\\\/daredacao\\\/#author\"},\"publisher\":{\"@id\":\"https:\\\/\\\/www.jornalja.com.br\\\/arquivo\\\/#organization\"},\"image\":{\"@type\":\"ImageObject\",\"url\":54936},\"datePublished\":\"2017-09-10T23:15:32-03:00\",\"dateModified\":\"2017-09-10T23:15:32-03:00\",\"inLanguage\":\"pt-BR\",\"mainEntityOfPage\":{\"@id\":\"https:\\\/\\\/www.jornalja.com.br\\\/arquivo\\\/apos-cancelamento-de-exposicao-no-santander-cultural-entidades-lgbt-organizam-protesto\\\/#webpage\"},\"isPartOf\":{\"@id\":\"https:\\\/\\\/www.jornalja.com.br\\\/arquivo\\\/apos-cancelamento-de-exposicao-no-santander-cultural-entidades-lgbt-organizam-protesto\\\/#webpage\"},\"articleSection\":\"Geral\"},{\"@type\":\"BreadcrumbList\",\"@id\":\"https:\\\/\\\/www.jornalja.com.br\\\/arquivo\\\/apos-cancelamento-de-exposicao-no-santander-cultural-entidades-lgbt-organizam-protesto\\\/#breadcrumblist\",\"itemListElement\":[{\"@type\":\"ListItem\",\"@id\":\"https:\\\/\\\/www.jornalja.com.br\\\/arquivo#listItem\",\"position\":1,\"name\":\"Home\",\"item\":\"https:\\\/\\\/www.jornalja.com.br\\\/arquivo\",\"nextItem\":{\"@type\":\"ListItem\",\"@id\":\"https:\\\/\\\/www.jornalja.com.br\\\/arquivo\\\/category\\\/geral\\\/#listItem\",\"name\":\"Geral\"}},{\"@type\":\"ListItem\",\"@id\":\"https:\\\/\\\/www.jornalja.com.br\\\/arquivo\\\/category\\\/geral\\\/#listItem\",\"position\":2,\"name\":\"Geral\",\"item\":\"https:\\\/\\\/www.jornalja.com.br\\\/arquivo\\\/category\\\/geral\\\/\",\"nextItem\":{\"@type\":\"ListItem\",\"@id\":\"https:\\\/\\\/www.jornalja.com.br\\\/arquivo\\\/apos-cancelamento-de-exposicao-no-santander-cultural-entidades-lgbt-organizam-protesto\\\/#listItem\",\"name\":\"Ap\\u00f3s cancelamento de exposi\\u00e7\\u00e3o no Santander Cultural, entidades LGBT organizam protesto\"},\"previousItem\":{\"@type\":\"ListItem\",\"@id\":\"https:\\\/\\\/www.jornalja.com.br\\\/arquivo#listItem\",\"name\":\"Home\"}},{\"@type\":\"ListItem\",\"@id\":\"https:\\\/\\\/www.jornalja.com.br\\\/arquivo\\\/apos-cancelamento-de-exposicao-no-santander-cultural-entidades-lgbt-organizam-protesto\\\/#listItem\",\"position\":3,\"name\":\"Ap\\u00f3s cancelamento de exposi\\u00e7\\u00e3o no Santander Cultural, entidades LGBT organizam protesto\",\"previousItem\":{\"@type\":\"ListItem\",\"@id\":\"https:\\\/\\\/www.jornalja.com.br\\\/arquivo\\\/category\\\/geral\\\/#listItem\",\"name\":\"Geral\"}}]},{\"@type\":\"Organization\",\"@id\":\"https:\\\/\\\/www.jornalja.com.br\\\/arquivo\\\/#organization\",\"name\":\"Jornal J\\u00c1\",\"description\":\"Jornal J\\u00c1 | Porto Alegre\",\"url\":\"https:\\\/\\\/www.jornalja.com.br\\\/arquivo\\\/\",\"telephone\":\"+555133307272\",\"logo\":{\"@type\":\"ImageObject\",\"url\":\"https:\\\/\\\/www.jornalja.com.br\\\/wp-content\\\/uploads\\\/cards\\\/JAslogan.png\",\"@id\":\"https:\\\/\\\/www.jornalja.com.br\\\/arquivo\\\/apos-cancelamento-de-exposicao-no-santander-cultural-entidades-lgbt-organizam-protesto\\\/#organizationLogo\"},\"image\":{\"@id\":\"https:\\\/\\\/www.jornalja.com.br\\\/arquivo\\\/apos-cancelamento-de-exposicao-no-santander-cultural-entidades-lgbt-organizam-protesto\\\/#organizationLogo\"}},{\"@type\":\"Person\",\"@id\":\"https:\\\/\\\/www.jornalja.com.br\\\/arquivo\\\/author\\\/daredacao\\\/#author\",\"url\":\"https:\\\/\\\/www.jornalja.com.br\\\/arquivo\\\/author\\\/daredacao\\\/\",\"name\":\"da Reda\\u00e7\\u00e3o\",\"image\":{\"@type\":\"ImageObject\",\"@id\":\"https:\\\/\\\/www.jornalja.com.br\\\/arquivo\\\/apos-cancelamento-de-exposicao-no-santander-cultural-entidades-lgbt-organizam-protesto\\\/#authorImage\",\"url\":\"https:\\\/\\\/secure.gravatar.com\\\/avatar\\\/469fd857d6605ad19919d27ed29d35a968a25f6e8fd9318356bbb7f57aae9c65?s=96&d=mm&r=g\",\"width\":96,\"height\":96,\"caption\":\"da Reda\\u00e7\\u00e3o\"}},{\"@type\":\"WebPage\",\"@id\":\"https:\\\/\\\/www.jornalja.com.br\\\/arquivo\\\/apos-cancelamento-de-exposicao-no-santander-cultural-entidades-lgbt-organizam-protesto\\\/#webpage\",\"url\":\"https:\\\/\\\/www.jornalja.com.br\\\/arquivo\\\/apos-cancelamento-de-exposicao-no-santander-cultural-entidades-lgbt-organizam-protesto\\\/\",\"name\":\"Ap\\u00f3s cancelamento de exposi\\u00e7\\u00e3o no Santander Cultural, entidades LGBT organizam protesto | Arquivo\",\"inLanguage\":\"pt-BR\",\"isPartOf\":{\"@id\":\"https:\\\/\\\/www.jornalja.com.br\\\/arquivo\\\/#website\"},\"breadcrumb\":{\"@id\":\"https:\\\/\\\/www.jornalja.com.br\\\/arquivo\\\/apos-cancelamento-de-exposicao-no-santander-cultural-entidades-lgbt-organizam-protesto\\\/#breadcrumblist\"},\"author\":{\"@id\":\"https:\\\/\\\/www.jornalja.com.br\\\/arquivo\\\/author\\\/daredacao\\\/#author\"},\"creator\":{\"@id\":\"https:\\\/\\\/www.jornalja.com.br\\\/arquivo\\\/author\\\/daredacao\\\/#author\"},\"image\":{\"@type\":\"ImageObject\",\"url\":54936,\"@id\":\"https:\\\/\\\/www.jornalja.com.br\\\/arquivo\\\/apos-cancelamento-de-exposicao-no-santander-cultural-entidades-lgbt-organizam-protesto\\\/#mainImage\"},\"primaryImageOfPage\":{\"@id\":\"https:\\\/\\\/www.jornalja.com.br\\\/arquivo\\\/apos-cancelamento-de-exposicao-no-santander-cultural-entidades-lgbt-organizam-protesto\\\/#mainImage\"},\"datePublished\":\"2017-09-10T23:15:32-03:00\",\"dateModified\":\"2017-09-10T23:15:32-03:00\"},{\"@type\":\"WebSite\",\"@id\":\"https:\\\/\\\/www.jornalja.com.br\\\/arquivo\\\/#website\",\"url\":\"https:\\\/\\\/www.jornalja.com.br\\\/arquivo\\\/\",\"name\":\"Arquivo\",\"description\":\"Jornal J\\u00c1 | Porto Alegre\",\"inLanguage\":\"pt-BR\",\"publisher\":{\"@id\":\"https:\\\/\\\/www.jornalja.com.br\\\/arquivo\\\/#organization\"}}]}\n\t\t<\/script>\n\t\t<!-- All in One SEO -->\n\n","aioseo_head_json":{"title":"Ap\u00f3s cancelamento de exposi\u00e7\u00e3o no Santander Cultural, entidades LGBT organizam protesto | Arquivo","description":"","canonical_url":"https:\/\/www.jornalja.com.br\/arquivo\/apos-cancelamento-de-exposicao-no-santander-cultural-entidades-lgbt-organizam-protesto\/","robots":"max-image-preview:large","keywords":"","webmasterTools":{"miscellaneous":""},"schema":{"@context":"https:\/\/schema.org","@graph":[{"@type":"BlogPosting","@id":"https:\/\/www.jornalja.com.br\/arquivo\/apos-cancelamento-de-exposicao-no-santander-cultural-entidades-lgbt-organizam-protesto\/#blogposting","name":"Ap\u00f3s cancelamento de exposi\u00e7\u00e3o no Santander Cultural, entidades LGBT organizam protesto | Arquivo","headline":"Ap\u00f3s cancelamento de exposi\u00e7\u00e3o no Santander Cultural, entidades LGBT organizam protesto","author":{"@id":"https:\/\/www.jornalja.com.br\/arquivo\/author\/daredacao\/#author"},"publisher":{"@id":"https:\/\/www.jornalja.com.br\/arquivo\/#organization"},"image":{"@type":"ImageObject","url":54936},"datePublished":"2017-09-10T23:15:32-03:00","dateModified":"2017-09-10T23:15:32-03:00","inLanguage":"pt-BR","mainEntityOfPage":{"@id":"https:\/\/www.jornalja.com.br\/arquivo\/apos-cancelamento-de-exposicao-no-santander-cultural-entidades-lgbt-organizam-protesto\/#webpage"},"isPartOf":{"@id":"https:\/\/www.jornalja.com.br\/arquivo\/apos-cancelamento-de-exposicao-no-santander-cultural-entidades-lgbt-organizam-protesto\/#webpage"},"articleSection":"Geral"},{"@type":"BreadcrumbList","@id":"https:\/\/www.jornalja.com.br\/arquivo\/apos-cancelamento-de-exposicao-no-santander-cultural-entidades-lgbt-organizam-protesto\/#breadcrumblist","itemListElement":[{"@type":"ListItem","@id":"https:\/\/www.jornalja.com.br\/arquivo#listItem","position":1,"name":"Home","item":"https:\/\/www.jornalja.com.br\/arquivo","nextItem":{"@type":"ListItem","@id":"https:\/\/www.jornalja.com.br\/arquivo\/category\/geral\/#listItem","name":"Geral"}},{"@type":"ListItem","@id":"https:\/\/www.jornalja.com.br\/arquivo\/category\/geral\/#listItem","position":2,"name":"Geral","item":"https:\/\/www.jornalja.com.br\/arquivo\/category\/geral\/","nextItem":{"@type":"ListItem","@id":"https:\/\/www.jornalja.com.br\/arquivo\/apos-cancelamento-de-exposicao-no-santander-cultural-entidades-lgbt-organizam-protesto\/#listItem","name":"Ap\u00f3s cancelamento de exposi\u00e7\u00e3o no Santander Cultural, entidades LGBT organizam protesto"},"previousItem":{"@type":"ListItem","@id":"https:\/\/www.jornalja.com.br\/arquivo#listItem","name":"Home"}},{"@type":"ListItem","@id":"https:\/\/www.jornalja.com.br\/arquivo\/apos-cancelamento-de-exposicao-no-santander-cultural-entidades-lgbt-organizam-protesto\/#listItem","position":3,"name":"Ap\u00f3s cancelamento de exposi\u00e7\u00e3o no Santander Cultural, entidades LGBT organizam protesto","previousItem":{"@type":"ListItem","@id":"https:\/\/www.jornalja.com.br\/arquivo\/category\/geral\/#listItem","name":"Geral"}}]},{"@type":"Organization","@id":"https:\/\/www.jornalja.com.br\/arquivo\/#organization","name":"Jornal J\u00c1","description":"Jornal J\u00c1 | Porto Alegre","url":"https:\/\/www.jornalja.com.br\/arquivo\/","telephone":"+555133307272","logo":{"@type":"ImageObject","url":"https:\/\/www.jornalja.com.br\/wp-content\/uploads\/cards\/JAslogan.png","@id":"https:\/\/www.jornalja.com.br\/arquivo\/apos-cancelamento-de-exposicao-no-santander-cultural-entidades-lgbt-organizam-protesto\/#organizationLogo"},"image":{"@id":"https:\/\/www.jornalja.com.br\/arquivo\/apos-cancelamento-de-exposicao-no-santander-cultural-entidades-lgbt-organizam-protesto\/#organizationLogo"}},{"@type":"Person","@id":"https:\/\/www.jornalja.com.br\/arquivo\/author\/daredacao\/#author","url":"https:\/\/www.jornalja.com.br\/arquivo\/author\/daredacao\/","name":"da Reda\u00e7\u00e3o","image":{"@type":"ImageObject","@id":"https:\/\/www.jornalja.com.br\/arquivo\/apos-cancelamento-de-exposicao-no-santander-cultural-entidades-lgbt-organizam-protesto\/#authorImage","url":"https:\/\/secure.gravatar.com\/avatar\/469fd857d6605ad19919d27ed29d35a968a25f6e8fd9318356bbb7f57aae9c65?s=96&d=mm&r=g","width":96,"height":96,"caption":"da Reda\u00e7\u00e3o"}},{"@type":"WebPage","@id":"https:\/\/www.jornalja.com.br\/arquivo\/apos-cancelamento-de-exposicao-no-santander-cultural-entidades-lgbt-organizam-protesto\/#webpage","url":"https:\/\/www.jornalja.com.br\/arquivo\/apos-cancelamento-de-exposicao-no-santander-cultural-entidades-lgbt-organizam-protesto\/","name":"Ap\u00f3s cancelamento de exposi\u00e7\u00e3o no Santander Cultural, entidades LGBT organizam protesto | Arquivo","inLanguage":"pt-BR","isPartOf":{"@id":"https:\/\/www.jornalja.com.br\/arquivo\/#website"},"breadcrumb":{"@id":"https:\/\/www.jornalja.com.br\/arquivo\/apos-cancelamento-de-exposicao-no-santander-cultural-entidades-lgbt-organizam-protesto\/#breadcrumblist"},"author":{"@id":"https:\/\/www.jornalja.com.br\/arquivo\/author\/daredacao\/#author"},"creator":{"@id":"https:\/\/www.jornalja.com.br\/arquivo\/author\/daredacao\/#author"},"image":{"@type":"ImageObject","url":54936,"@id":"https:\/\/www.jornalja.com.br\/arquivo\/apos-cancelamento-de-exposicao-no-santander-cultural-entidades-lgbt-organizam-protesto\/#mainImage"},"primaryImageOfPage":{"@id":"https:\/\/www.jornalja.com.br\/arquivo\/apos-cancelamento-de-exposicao-no-santander-cultural-entidades-lgbt-organizam-protesto\/#mainImage"},"datePublished":"2017-09-10T23:15:32-03:00","dateModified":"2017-09-10T23:15:32-03:00"},{"@type":"WebSite","@id":"https:\/\/www.jornalja.com.br\/arquivo\/#website","url":"https:\/\/www.jornalja.com.br\/arquivo\/","name":"Arquivo","description":"Jornal J\u00c1 | Porto Alegre","inLanguage":"pt-BR","publisher":{"@id":"https:\/\/www.jornalja.com.br\/arquivo\/#organization"}}]},"og:locale":"pt_BR","og:site_name":"Arquivo | Jornal J\u00c1 | Porto Alegre","og:type":"article","og:title":"Ap\u00f3s cancelamento de exposi\u00e7\u00e3o no Santander Cultural, entidades LGBT organizam protesto | Arquivo","og:url":"https:\/\/www.jornalja.com.br\/arquivo\/apos-cancelamento-de-exposicao-no-santander-cultural-entidades-lgbt-organizam-protesto\/","og:image":"https:\/\/www.jornalja.com.br\/wp-content\/uploads\/2017\/09\/x5-3.jpg.pagespeed.ic_.q7NwtQFGDT-400x240.jpg","og:image:secure_url":"https:\/\/www.jornalja.com.br\/wp-content\/uploads\/2017\/09\/x5-3.jpg.pagespeed.ic_.q7NwtQFGDT-400x240.jpg","article:published_time":"2017-09-11T02:15:32+00:00","article:modified_time":"2017-09-11T02:15:32+00:00","twitter:card":"summary","twitter:title":"Ap\u00f3s cancelamento de exposi\u00e7\u00e3o no Santander Cultural, entidades LGBT organizam protesto | Arquivo","twitter:image":"https:\/\/www.jornalja.com.br\/economics\/wp-content\/uploads\/sites\/11\/2026\/08\/ja-folhaderosto-facebook.jpg"},"aioseo_meta_data":{"post_id":"54915","title":null,"description":null,"keywords":null,"keyphrases":null,"primary_term":null,"canonical_url":null,"og_title":null,"og_description":null,"og_object_type":"default","og_image_type":"default","og_image_url":null,"og_image_width":null,"og_image_height":null,"og_image_custom_url":null,"og_image_custom_fields":null,"og_video":null,"og_custom_url":null,"og_article_section":null,"og_article_tags":null,"twitter_use_og":false,"twitter_card":"default","twitter_image_type":"default","twitter_image_url":null,"twitter_image_custom_url":null,"twitter_image_custom_fields":null,"twitter_title":null,"twitter_description":null,"schema":{"blockGraphs":[],"customGraphs":[],"default":{"data":{"Article":[],"Course":[],"Dataset":[],"FAQPage":[],"Movie":[],"Person":[],"Product":[],"ProductReview":[],"Car":[],"Recipe":[],"Service":[],"SoftwareApplication":[],"WebPage":[]},"graphName":"","isEnabled":true},"graphs":[]},"schema_type":null,"schema_type_options":null,"pillar_content":false,"robots_default":true,"robots_noindex":false,"robots_noarchive":false,"robots_nosnippet":false,"robots_nofollow":false,"robots_noimageindex":false,"robots_noodp":false,"robots_notranslate":false,"robots_max_snippet":null,"robots_max_videopreview":null,"robots_max_imagepreview":"large","priority":null,"frequency":null,"location":null,"local_seo":null,"breadcrumb_settings":null,"limit_modified_date":false,"ai":null,"created":"2020-12-20 20:25:01","updated":"2025-07-20 01:03:31","seo_analyzer_scan_date":null,"focus_keyword":null,"additional_keywords":null,"truseo_locale":null},"jetpack_sharing_enabled":true,"jetpack-related-posts":[{"id":13109,"url":"https:\/\/www.jornalja.com.br\/arquivo\/judiciario-reconhece-poluicao-eletromagnetica\/","url_meta":{"origin":54915,"position":0},"title":"Judici\u00e1rio reconhece polui\u00e7\u00e3o eletromagn\u00e9tica","author":"Patr\u00edcia Marini","date":"16 de maio de 2014","format":false,"excerpt":"A\u00e7\u00e3o de duas associa\u00e7\u00f5es de moradores foi acolhida pelo Tribunal de Justi\u00e7a de S\u00e3o Paulo que. em decis\u00e3o in\u00e9dita, determinou a redu\u00e7\u00e3o do campo eletromagn\u00e9tico gerado pelas linhas de transmiss\u00e3o de energia que cortam os bairros City Boa\u00e7ava e Alto de Pinheiros. \u00c9 a primeira vez que um tribunal do\u2026","rel":"","context":"Em &quot;X.Categorias velhas&quot;","block_context":{"text":"X.Categorias velhas","link":"https:\/\/www.jornalja.com.br\/arquivo\/category\/x-categorias-velhas\/"},"img":{"alt_text":"","src":"","width":0,"height":0},"classes":[]},{"id":13240,"url":"https:\/\/www.jornalja.com.br\/arquivo\/plano-diretor-estamos-construindo-o-caos\/","url_meta":{"origin":54915,"position":1},"title":"Plano diretor: &quot;Estamos construindo o caos&quot;","author":"Patr\u00edcia Marini","date":"26 de maio de 2014","format":false,"excerpt":"Desabafo que arquiteta Eliana Castilhos, delegada da Regi\u00e3o de Planejamento 1, postou nas redes sociais \u00e9 um testemunho do ambiente que se criou no Conselho do Plano Diretor de Porto Alegre, onde a aprova\u00e7\u00e3o de grandes empreendimentos \u00e9 empurrada guela abaixo dos conselheiros. Ao CMDUA Como delegada da Regi\u00e3o de\u2026","rel":"","context":"Em &quot;Geral&quot;","block_context":{"text":"Geral","link":"https:\/\/www.jornalja.com.br\/arquivo\/category\/geral\/"},"img":{"alt_text":"","src":"","width":0,"height":0},"classes":[]},{"id":13124,"url":"https:\/\/www.jornalja.com.br\/arquivo\/sangue-latino-no-iecine\/","url_meta":{"origin":54915,"position":2},"title":"Sangue latino no IECINE","author":"da Reda\u00e7\u00e3o","date":"18 de maio de 2014","format":false,"excerpt":"Francisco Ribeiro O Instituto Estadual de Cinema (IECINE) tem a frente, desde abril \u00faltimo, um novo diretor, o cineasta colombiano Juan Zapata, 36, que substitui Luiz Alberto Cassol. Radicado h\u00e1 dez anos em Porto Alegre, Zapata tem diante de si o desafio de conduzir at\u00e9 o final do ano um\u2026","rel":"","context":"Em &quot;Cultura-Geral&quot;","block_context":{"text":"Cultura-Geral","link":"https:\/\/www.jornalja.com.br\/arquivo\/category\/materiasecundaria\/"},"img":{"alt_text":"","src":"","width":0,"height":0},"classes":[]},{"id":5440,"url":"https:\/\/www.jornalja.com.br\/arquivo\/casarao-da-venancio-destino-permanece-incerto\/","url_meta":{"origin":54915,"position":3},"title":"Estado ainda n\u00e3o sabe o que fazer com casar\u00e3o abandonado h\u00e1 20 anos","author":"Elmar Bones","date":"6 de julho de 2009","format":false,"excerpt":"O casar\u00e3o amarelo, numa esquina nobre de Porto Alegre (Ven\u00e2ncio Aires com Jo\u00e3o Pessoa), j\u00e1 abrigou uma escola. H\u00e1 duas d\u00e9cadas, pelo menos, est\u00e1 abandonado, porque seu propriet\u00e1rio, o governo do Estado do Rio Grande do Sul, n\u00e3o consegue achar um destino para ele. Planos n\u00e3o faltaram. O governador Ol\u00edvio\u2026","rel":"","context":"Em &quot;X.Categorias velhas&quot;","block_context":{"text":"X.Categorias velhas","link":"https:\/\/www.jornalja.com.br\/arquivo\/category\/x-categorias-velhas\/"},"img":{"alt_text":"geraldo1","src":"https:\/\/i0.wp.com\/www.jornalja.com.br\/wp-content\/uploads\/2009\/07\/geraldo1.jpg?resize=350%2C200&ssl=1","width":350,"height":200},"classes":[]},{"id":13128,"url":"https:\/\/www.jornalja.com.br\/arquivo\/maconha-terra-diz-que-uso-medicinal-e-desculpa\/","url_meta":{"origin":54915,"position":4},"title":"Maconha: Terra diz que uso medicinal \u00e9 desculpa","author":"Patr\u00edcia Marini","date":"4 de junho de 2014","format":false,"excerpt":"A condi\u00e7\u00e3o de pol\u00edtico, em \u00e9poca de campanha de campanha eleitoral, tira for\u00e7a do discurso do m\u00e9dico Osmar Terra contra a legaliza\u00e7\u00e3o da maconha. A tese dele de que a libera\u00e7\u00e3o vai ampliar exponencialmente o consumo \u00e9 discutivel, o consumo \u00e9 corrente. Mas seus alertas quanto aos riscos tem que\u2026","rel":"","context":"Em &quot;X.Categorias velhas&quot;","block_context":{"text":"X.Categorias velhas","link":"https:\/\/www.jornalja.com.br\/arquivo\/category\/x-categorias-velhas\/"},"img":{"alt_text":"","src":"","width":0,"height":0},"classes":[]},{"id":13239,"url":"https:\/\/www.jornalja.com.br\/arquivo\/conselho-desdenha-do-plano-diretor\/","url_meta":{"origin":54915,"position":5},"title":"Porto Alegre: Conselho detona Plano Diretor","author":"Patr\u00edcia Marini","date":"25 de maio de 2014","format":false,"excerpt":"Den\u00fancia do arquiteto e \u00a0urbanista Ibir\u00e1 Santos Lucas. Ele diz que os conselheiros est\u00e3o votando com \"enorme irresponsabilidade\". \"Mudam regime com a maior naturalidade,,,regularizam absurdos de constru\u00e7\u00f5es irregulares... \"O CMDUA est\u00e1 flexibilizando a lei do plano diretor, de uma forma impactante na vida da cidade. Mudam regime com a maior\u2026","rel":"","context":"Em &quot;Geral&quot;","block_context":{"text":"Geral","link":"https:\/\/www.jornalja.com.br\/arquivo\/category\/geral\/"},"img":{"alt_text":"","src":"","width":0,"height":0},"classes":[]}],"jetpack_shortlink":"https:\/\/wp.me\/pbQjBd-ehJ","jetpack_featured_media_url":"","_links":{"self":[{"href":"https:\/\/www.jornalja.com.br\/arquivo\/wp-json\/wp\/v2\/posts\/54915","targetHints":{"allow":["GET"]}}],"collection":[{"href":"https:\/\/www.jornalja.com.br\/arquivo\/wp-json\/wp\/v2\/posts"}],"about":[{"href":"https:\/\/www.jornalja.com.br\/arquivo\/wp-json\/wp\/v2\/types\/post"}],"author":[{"embeddable":true,"href":"https:\/\/www.jornalja.com.br\/arquivo\/wp-json\/wp\/v2\/users\/4"}],"replies":[{"embeddable":true,"href":"https:\/\/www.jornalja.com.br\/arquivo\/wp-json\/wp\/v2\/comments?post=54915"}],"version-history":[{"count":0,"href":"https:\/\/www.jornalja.com.br\/arquivo\/wp-json\/wp\/v2\/posts\/54915\/revisions"}],"wp:attachment":[{"href":"https:\/\/www.jornalja.com.br\/arquivo\/wp-json\/wp\/v2\/media?parent=54915"}],"wp:term":[{"taxonomy":"category","embeddable":true,"href":"https:\/\/www.jornalja.com.br\/arquivo\/wp-json\/wp\/v2\/categories?post=54915"},{"taxonomy":"post_tag","embeddable":true,"href":"https:\/\/www.jornalja.com.br\/arquivo\/wp-json\/wp\/v2\/tags?post=54915"}],"curies":[{"name":"wp","href":"https:\/\/api.w.org\/{rel}","templated":true}]}}