{"id":54949,"date":"2017-09-11T12:23:30","date_gmt":"2017-09-11T15:23:30","guid":{"rendered":"https:\/\/www.jornalja.com.br\/?p=54949"},"modified":"2017-09-11T12:23:30","modified_gmt":"2017-09-11T15:23:30","slug":"300-familias-apoiadas-pelo-mtst-ocupam-terreno-na-zona-norte-de-porto-alegre","status":"publish","type":"post","link":"https:\/\/www.jornalja.com.br\/arquivo\/300-familias-apoiadas-pelo-mtst-ocupam-terreno-na-zona-norte-de-porto-alegre\/","title":{"rendered":"300 fam\u00edlias apoiadas pelo MTST ocupam terreno na Zona Norte de Porto Alegre"},"content":{"rendered":"<p>Desde a madrugada de s\u00e1bado, 09\/09, cerca de 300 fam\u00edlias ocupam uma \u00e1rea ociosa na Zona Norte de Porto Alegre, em a\u00e7\u00e3o coordenada pelo Movimento dos Trabalhadores Sem Teto (MTST\/RS).<br \/>\nSegundo a movimento, o ato marca o in\u00edcio do Setembro de Lutas por Moradia e Direitos em Porto Alegre. A \u00e1rea fica pr\u00f3xima ao Hipermercado Big da Avenida Sert\u00f3rio, entre a Rua S\u00e9rgio Jungblut Dieterich e a Avenida Severo Dullius, no Bairro Sarandi.<br \/>\nAs fam\u00edlias de sem teto ocupantes vem em sua maioria de comunidades da Zona Norte, como as Vilas Dique e Nazar\u00e9. \u201cA ocupa\u00e7\u00e3o luta por moradia digna, por uma pol\u00edtica habitacional com participa\u00e7\u00e3o popular, a regulariza\u00e7\u00e3o fundi\u00e1ria e urbaniza\u00e7\u00e3o para as fam\u00edlias da regi\u00e3o\u201d, diz um texto publicado no <a href=\"http:\/\/www.facebook.com\/rssemteto\/\">Facebook do movimento<\/a>.<br \/>\n<figure id=\"attachment_54951\" aria-describedby=\"caption-attachment-54951\" style=\"width: 400px\" class=\"wp-caption alignnone\"><img loading=\"lazy\" decoding=\"async\" class=\"wp-image-54951 size-medium\" src=\"https:\/\/www.jornalja.com.br\/wp-content\/uploads\/2017\/09\/21463117_973255372832608_2328610369871704235_n-400x267.jpg\" alt=\"\" width=\"400\" height=\"267\" \/><figcaption id=\"caption-attachment-54951\" class=\"wp-caption-text\">Fam\u00edlias est\u00e3o em barracas colocadas no terreno<\/figcaption><\/figure><br \/>\nIntegrante do MTST\/RS, Eduardo Os\u00f3rio, declarou que: \u201cFrente \u00e0 viola\u00e7\u00e3o de seus direitos b\u00e1sicos, esses trabalhadores se organizaram junto com o MTST para resistir ao abandono p\u00fablico e \u00e0 amea\u00e7a cotidiana a suas condi\u00e7\u00f5es de vida, al\u00e9m de garantir o seu direito \u00e0 moradia com dignidade. A regi\u00e3o Norte da cidade reflete a din\u00e2mica do aumento da moradia prec\u00e1ria na cidade de Porto Alegre. Hoje existem mais de 4 mil moradias em situa\u00e7\u00e3o prec\u00e1ria, com mais de 14 mil pessoas residindo em favelas e que h\u00e1 anos enfrentam uma realidade grave de viola\u00e7\u00e3o de direitos humanos pela prefeitura\u201d, completa.<br \/>\nDados do Departamento Municipal de Habita\u00e7\u00e3o (Demhab) indicam que o d\u00e9ficit habitacional em Porto Alegre est\u00e1 estimado em 50 mil unidades. A ocupa\u00e7\u00e3o do MTST RS integra o Setembro de Lutas por Moradia e Direitos. O movimento j\u00e1 organizou uma na cidade de S\u00e3o Bernardo do Campo, que conta com tr\u00eas mil fam\u00edlias acampadas.<br \/>\n<em>Da Reda\u00e7\u00e3o com informa\u00e7\u00f5es do Jornal Extra Classe<\/em><\/p>\n","protected":false},"excerpt":{"rendered":"<p>Desde a madrugada de s\u00e1bado, 09\/09, cerca de 300 fam\u00edlias ocupam uma \u00e1rea ociosa na Zona Norte de Porto Alegre, em a\u00e7\u00e3o coordenada pelo Movimento dos Trabalhadores Sem Teto (MTST\/RS). Segundo a movimento, o ato marca o in\u00edcio do Setembro de Lutas por Moradia e Direitos em Porto Alegre. A \u00e1rea fica pr\u00f3xima ao Hipermercado [&hellip;]<\/p>\n","protected":false},"author":4,"featured_media":54950,"comment_status":"open","ping_status":"closed","sticky":false,"template":"","format":"standard","meta":{"_jetpack_newsletter_access":"","_jetpack_dont_email_post_to_subs":false,"_jetpack_newsletter_tier_id":0,"_jetpack_memberships_contains_paywalled_content":false,"_jetpack_feature_clip_id":0,"_jetpack_memberships_contains_paid_content":false,"footnotes":"","jetpack_post_was_ever_published":false},"categories":[26],"tags":[],"class_list":["post-54949","post","type-post","status-publish","format-standard","has-post-thumbnail","hentry","category-geral"],"aioseo_notices":[],"aioseo_head":"\n\t\t<!-- All in One SEO 5.0.1.1 - aioseo.com -->\n\t<meta name=\"robots\" content=\"max-image-preview:large\" \/>\n\t<meta name=\"author\" content=\"da Reda\u00e7\u00e3o\"\/>\n\t<link rel=\"canonical\" href=\"https:\/\/www.jornalja.com.br\/arquivo\/300-familias-apoiadas-pelo-mtst-ocupam-terreno-na-zona-norte-de-porto-alegre\/\" \/>\n\t<meta name=\"generator\" content=\"All in One SEO (AIOSEO) 5.0.1.1\" \/>\n\t\t<meta property=\"og:locale\" content=\"pt_BR\" \/>\n\t\t<meta property=\"og:site_name\" content=\"Arquivo | Jornal J\u00c1 | Porto Alegre\" \/>\n\t\t<meta property=\"og:type\" content=\"article\" \/>\n\t\t<meta property=\"og:title\" content=\"300 fam\u00edlias apoiadas pelo MTST ocupam terreno na Zona Norte de Porto Alegre | Arquivo\" \/>\n\t\t<meta property=\"og:url\" content=\"https:\/\/www.jornalja.com.br\/arquivo\/300-familias-apoiadas-pelo-mtst-ocupam-terreno-na-zona-norte-de-porto-alegre\/\" \/>\n\t\t<meta property=\"og:image\" content=\"https:\/\/www.jornalja.com.br\/wp-content\/uploads\/2017\/09\/21463117_973255372832608_2328610369871704235_n-400x267.jpg\" \/>\n\t\t<meta property=\"og:image:secure_url\" content=\"https:\/\/www.jornalja.com.br\/wp-content\/uploads\/2017\/09\/21463117_973255372832608_2328610369871704235_n-400x267.jpg\" \/>\n\t\t<meta property=\"article:published_time\" content=\"2017-09-11T15:23:30+00:00\" \/>\n\t\t<meta property=\"article:modified_time\" content=\"2017-09-11T15:23:30+00:00\" \/>\n\t\t<meta name=\"twitter:card\" content=\"summary\" \/>\n\t\t<meta name=\"twitter:title\" content=\"300 fam\u00edlias apoiadas pelo MTST ocupam terreno na Zona Norte de Porto Alegre | Arquivo\" \/>\n\t\t<meta name=\"twitter:image\" content=\"https:\/\/www.jornalja.com.br\/economics\/wp-content\/uploads\/sites\/11\/2026\/08\/ja-folhaderosto-facebook.jpg\" \/>\n\t\t<script type=\"application\/ld+json\" class=\"aioseo-schema\">\n\t\t\t{\"@context\":\"https:\\\/\\\/schema.org\",\"@graph\":[{\"@type\":\"BlogPosting\",\"@id\":\"https:\\\/\\\/www.jornalja.com.br\\\/arquivo\\\/300-familias-apoiadas-pelo-mtst-ocupam-terreno-na-zona-norte-de-porto-alegre\\\/#blogposting\",\"name\":\"300 fam\\u00edlias apoiadas pelo MTST ocupam terreno na Zona Norte de Porto Alegre | Arquivo\",\"headline\":\"300 fam\\u00edlias apoiadas pelo MTST ocupam terreno na Zona Norte de Porto Alegre\",\"author\":{\"@id\":\"https:\\\/\\\/www.jornalja.com.br\\\/arquivo\\\/author\\\/daredacao\\\/#author\"},\"publisher\":{\"@id\":\"https:\\\/\\\/www.jornalja.com.br\\\/arquivo\\\/#organization\"},\"image\":{\"@type\":\"ImageObject\",\"url\":54950},\"datePublished\":\"2017-09-11T12:23:30-03:00\",\"dateModified\":\"2017-09-11T12:23:30-03:00\",\"inLanguage\":\"pt-BR\",\"mainEntityOfPage\":{\"@id\":\"https:\\\/\\\/www.jornalja.com.br\\\/arquivo\\\/300-familias-apoiadas-pelo-mtst-ocupam-terreno-na-zona-norte-de-porto-alegre\\\/#webpage\"},\"isPartOf\":{\"@id\":\"https:\\\/\\\/www.jornalja.com.br\\\/arquivo\\\/300-familias-apoiadas-pelo-mtst-ocupam-terreno-na-zona-norte-de-porto-alegre\\\/#webpage\"},\"articleSection\":\"Geral\"},{\"@type\":\"BreadcrumbList\",\"@id\":\"https:\\\/\\\/www.jornalja.com.br\\\/arquivo\\\/300-familias-apoiadas-pelo-mtst-ocupam-terreno-na-zona-norte-de-porto-alegre\\\/#breadcrumblist\",\"itemListElement\":[{\"@type\":\"ListItem\",\"@id\":\"https:\\\/\\\/www.jornalja.com.br\\\/arquivo#listItem\",\"position\":1,\"name\":\"Home\",\"item\":\"https:\\\/\\\/www.jornalja.com.br\\\/arquivo\",\"nextItem\":{\"@type\":\"ListItem\",\"@id\":\"https:\\\/\\\/www.jornalja.com.br\\\/arquivo\\\/category\\\/geral\\\/#listItem\",\"name\":\"Geral\"}},{\"@type\":\"ListItem\",\"@id\":\"https:\\\/\\\/www.jornalja.com.br\\\/arquivo\\\/category\\\/geral\\\/#listItem\",\"position\":2,\"name\":\"Geral\",\"item\":\"https:\\\/\\\/www.jornalja.com.br\\\/arquivo\\\/category\\\/geral\\\/\",\"nextItem\":{\"@type\":\"ListItem\",\"@id\":\"https:\\\/\\\/www.jornalja.com.br\\\/arquivo\\\/300-familias-apoiadas-pelo-mtst-ocupam-terreno-na-zona-norte-de-porto-alegre\\\/#listItem\",\"name\":\"300 fam\\u00edlias apoiadas pelo MTST ocupam terreno na Zona Norte de Porto Alegre\"},\"previousItem\":{\"@type\":\"ListItem\",\"@id\":\"https:\\\/\\\/www.jornalja.com.br\\\/arquivo#listItem\",\"name\":\"Home\"}},{\"@type\":\"ListItem\",\"@id\":\"https:\\\/\\\/www.jornalja.com.br\\\/arquivo\\\/300-familias-apoiadas-pelo-mtst-ocupam-terreno-na-zona-norte-de-porto-alegre\\\/#listItem\",\"position\":3,\"name\":\"300 fam\\u00edlias apoiadas pelo MTST ocupam terreno na Zona Norte de Porto Alegre\",\"previousItem\":{\"@type\":\"ListItem\",\"@id\":\"https:\\\/\\\/www.jornalja.com.br\\\/arquivo\\\/category\\\/geral\\\/#listItem\",\"name\":\"Geral\"}}]},{\"@type\":\"Organization\",\"@id\":\"https:\\\/\\\/www.jornalja.com.br\\\/arquivo\\\/#organization\",\"name\":\"Jornal J\\u00c1\",\"description\":\"Jornal J\\u00c1 | Porto Alegre\",\"url\":\"https:\\\/\\\/www.jornalja.com.br\\\/arquivo\\\/\",\"telephone\":\"+555133307272\",\"logo\":{\"@type\":\"ImageObject\",\"url\":\"https:\\\/\\\/www.jornalja.com.br\\\/wp-content\\\/uploads\\\/cards\\\/JAslogan.png\",\"@id\":\"https:\\\/\\\/www.jornalja.com.br\\\/arquivo\\\/300-familias-apoiadas-pelo-mtst-ocupam-terreno-na-zona-norte-de-porto-alegre\\\/#organizationLogo\"},\"image\":{\"@id\":\"https:\\\/\\\/www.jornalja.com.br\\\/arquivo\\\/300-familias-apoiadas-pelo-mtst-ocupam-terreno-na-zona-norte-de-porto-alegre\\\/#organizationLogo\"}},{\"@type\":\"Person\",\"@id\":\"https:\\\/\\\/www.jornalja.com.br\\\/arquivo\\\/author\\\/daredacao\\\/#author\",\"url\":\"https:\\\/\\\/www.jornalja.com.br\\\/arquivo\\\/author\\\/daredacao\\\/\",\"name\":\"da Reda\\u00e7\\u00e3o\",\"image\":{\"@type\":\"ImageObject\",\"@id\":\"https:\\\/\\\/www.jornalja.com.br\\\/arquivo\\\/300-familias-apoiadas-pelo-mtst-ocupam-terreno-na-zona-norte-de-porto-alegre\\\/#authorImage\",\"url\":\"https:\\\/\\\/secure.gravatar.com\\\/avatar\\\/469fd857d6605ad19919d27ed29d35a968a25f6e8fd9318356bbb7f57aae9c65?s=96&d=mm&r=g\",\"width\":96,\"height\":96,\"caption\":\"da Reda\\u00e7\\u00e3o\"}},{\"@type\":\"WebPage\",\"@id\":\"https:\\\/\\\/www.jornalja.com.br\\\/arquivo\\\/300-familias-apoiadas-pelo-mtst-ocupam-terreno-na-zona-norte-de-porto-alegre\\\/#webpage\",\"url\":\"https:\\\/\\\/www.jornalja.com.br\\\/arquivo\\\/300-familias-apoiadas-pelo-mtst-ocupam-terreno-na-zona-norte-de-porto-alegre\\\/\",\"name\":\"300 fam\\u00edlias apoiadas pelo MTST ocupam terreno na Zona Norte de Porto Alegre | Arquivo\",\"inLanguage\":\"pt-BR\",\"isPartOf\":{\"@id\":\"https:\\\/\\\/www.jornalja.com.br\\\/arquivo\\\/#website\"},\"breadcrumb\":{\"@id\":\"https:\\\/\\\/www.jornalja.com.br\\\/arquivo\\\/300-familias-apoiadas-pelo-mtst-ocupam-terreno-na-zona-norte-de-porto-alegre\\\/#breadcrumblist\"},\"author\":{\"@id\":\"https:\\\/\\\/www.jornalja.com.br\\\/arquivo\\\/author\\\/daredacao\\\/#author\"},\"creator\":{\"@id\":\"https:\\\/\\\/www.jornalja.com.br\\\/arquivo\\\/author\\\/daredacao\\\/#author\"},\"image\":{\"@type\":\"ImageObject\",\"url\":54950,\"@id\":\"https:\\\/\\\/www.jornalja.com.br\\\/arquivo\\\/300-familias-apoiadas-pelo-mtst-ocupam-terreno-na-zona-norte-de-porto-alegre\\\/#mainImage\"},\"primaryImageOfPage\":{\"@id\":\"https:\\\/\\\/www.jornalja.com.br\\\/arquivo\\\/300-familias-apoiadas-pelo-mtst-ocupam-terreno-na-zona-norte-de-porto-alegre\\\/#mainImage\"},\"datePublished\":\"2017-09-11T12:23:30-03:00\",\"dateModified\":\"2017-09-11T12:23:30-03:00\"},{\"@type\":\"WebSite\",\"@id\":\"https:\\\/\\\/www.jornalja.com.br\\\/arquivo\\\/#website\",\"url\":\"https:\\\/\\\/www.jornalja.com.br\\\/arquivo\\\/\",\"name\":\"Arquivo\",\"description\":\"Jornal J\\u00c1 | Porto Alegre\",\"inLanguage\":\"pt-BR\",\"publisher\":{\"@id\":\"https:\\\/\\\/www.jornalja.com.br\\\/arquivo\\\/#organization\"}}]}\n\t\t<\/script>\n\t\t<!-- All in One SEO -->\n\n","aioseo_head_json":{"title":"300 fam\u00edlias apoiadas pelo MTST ocupam terreno na Zona Norte de Porto Alegre | Arquivo","description":"","canonical_url":"https:\/\/www.jornalja.com.br\/arquivo\/300-familias-apoiadas-pelo-mtst-ocupam-terreno-na-zona-norte-de-porto-alegre\/","robots":"max-image-preview:large","keywords":"","webmasterTools":{"miscellaneous":""},"schema":{"@context":"https:\/\/schema.org","@graph":[{"@type":"BlogPosting","@id":"https:\/\/www.jornalja.com.br\/arquivo\/300-familias-apoiadas-pelo-mtst-ocupam-terreno-na-zona-norte-de-porto-alegre\/#blogposting","name":"300 fam\u00edlias apoiadas pelo MTST ocupam terreno na Zona Norte de Porto Alegre | Arquivo","headline":"300 fam\u00edlias apoiadas pelo MTST ocupam terreno na Zona Norte de Porto Alegre","author":{"@id":"https:\/\/www.jornalja.com.br\/arquivo\/author\/daredacao\/#author"},"publisher":{"@id":"https:\/\/www.jornalja.com.br\/arquivo\/#organization"},"image":{"@type":"ImageObject","url":54950},"datePublished":"2017-09-11T12:23:30-03:00","dateModified":"2017-09-11T12:23:30-03:00","inLanguage":"pt-BR","mainEntityOfPage":{"@id":"https:\/\/www.jornalja.com.br\/arquivo\/300-familias-apoiadas-pelo-mtst-ocupam-terreno-na-zona-norte-de-porto-alegre\/#webpage"},"isPartOf":{"@id":"https:\/\/www.jornalja.com.br\/arquivo\/300-familias-apoiadas-pelo-mtst-ocupam-terreno-na-zona-norte-de-porto-alegre\/#webpage"},"articleSection":"Geral"},{"@type":"BreadcrumbList","@id":"https:\/\/www.jornalja.com.br\/arquivo\/300-familias-apoiadas-pelo-mtst-ocupam-terreno-na-zona-norte-de-porto-alegre\/#breadcrumblist","itemListElement":[{"@type":"ListItem","@id":"https:\/\/www.jornalja.com.br\/arquivo#listItem","position":1,"name":"Home","item":"https:\/\/www.jornalja.com.br\/arquivo","nextItem":{"@type":"ListItem","@id":"https:\/\/www.jornalja.com.br\/arquivo\/category\/geral\/#listItem","name":"Geral"}},{"@type":"ListItem","@id":"https:\/\/www.jornalja.com.br\/arquivo\/category\/geral\/#listItem","position":2,"name":"Geral","item":"https:\/\/www.jornalja.com.br\/arquivo\/category\/geral\/","nextItem":{"@type":"ListItem","@id":"https:\/\/www.jornalja.com.br\/arquivo\/300-familias-apoiadas-pelo-mtst-ocupam-terreno-na-zona-norte-de-porto-alegre\/#listItem","name":"300 fam\u00edlias apoiadas pelo MTST ocupam terreno na Zona Norte de Porto Alegre"},"previousItem":{"@type":"ListItem","@id":"https:\/\/www.jornalja.com.br\/arquivo#listItem","name":"Home"}},{"@type":"ListItem","@id":"https:\/\/www.jornalja.com.br\/arquivo\/300-familias-apoiadas-pelo-mtst-ocupam-terreno-na-zona-norte-de-porto-alegre\/#listItem","position":3,"name":"300 fam\u00edlias apoiadas pelo MTST ocupam terreno na Zona Norte de Porto Alegre","previousItem":{"@type":"ListItem","@id":"https:\/\/www.jornalja.com.br\/arquivo\/category\/geral\/#listItem","name":"Geral"}}]},{"@type":"Organization","@id":"https:\/\/www.jornalja.com.br\/arquivo\/#organization","name":"Jornal J\u00c1","description":"Jornal J\u00c1 | Porto Alegre","url":"https:\/\/www.jornalja.com.br\/arquivo\/","telephone":"+555133307272","logo":{"@type":"ImageObject","url":"https:\/\/www.jornalja.com.br\/wp-content\/uploads\/cards\/JAslogan.png","@id":"https:\/\/www.jornalja.com.br\/arquivo\/300-familias-apoiadas-pelo-mtst-ocupam-terreno-na-zona-norte-de-porto-alegre\/#organizationLogo"},"image":{"@id":"https:\/\/www.jornalja.com.br\/arquivo\/300-familias-apoiadas-pelo-mtst-ocupam-terreno-na-zona-norte-de-porto-alegre\/#organizationLogo"}},{"@type":"Person","@id":"https:\/\/www.jornalja.com.br\/arquivo\/author\/daredacao\/#author","url":"https:\/\/www.jornalja.com.br\/arquivo\/author\/daredacao\/","name":"da Reda\u00e7\u00e3o","image":{"@type":"ImageObject","@id":"https:\/\/www.jornalja.com.br\/arquivo\/300-familias-apoiadas-pelo-mtst-ocupam-terreno-na-zona-norte-de-porto-alegre\/#authorImage","url":"https:\/\/secure.gravatar.com\/avatar\/469fd857d6605ad19919d27ed29d35a968a25f6e8fd9318356bbb7f57aae9c65?s=96&d=mm&r=g","width":96,"height":96,"caption":"da Reda\u00e7\u00e3o"}},{"@type":"WebPage","@id":"https:\/\/www.jornalja.com.br\/arquivo\/300-familias-apoiadas-pelo-mtst-ocupam-terreno-na-zona-norte-de-porto-alegre\/#webpage","url":"https:\/\/www.jornalja.com.br\/arquivo\/300-familias-apoiadas-pelo-mtst-ocupam-terreno-na-zona-norte-de-porto-alegre\/","name":"300 fam\u00edlias apoiadas pelo MTST ocupam terreno na Zona Norte de Porto Alegre | Arquivo","inLanguage":"pt-BR","isPartOf":{"@id":"https:\/\/www.jornalja.com.br\/arquivo\/#website"},"breadcrumb":{"@id":"https:\/\/www.jornalja.com.br\/arquivo\/300-familias-apoiadas-pelo-mtst-ocupam-terreno-na-zona-norte-de-porto-alegre\/#breadcrumblist"},"author":{"@id":"https:\/\/www.jornalja.com.br\/arquivo\/author\/daredacao\/#author"},"creator":{"@id":"https:\/\/www.jornalja.com.br\/arquivo\/author\/daredacao\/#author"},"image":{"@type":"ImageObject","url":54950,"@id":"https:\/\/www.jornalja.com.br\/arquivo\/300-familias-apoiadas-pelo-mtst-ocupam-terreno-na-zona-norte-de-porto-alegre\/#mainImage"},"primaryImageOfPage":{"@id":"https:\/\/www.jornalja.com.br\/arquivo\/300-familias-apoiadas-pelo-mtst-ocupam-terreno-na-zona-norte-de-porto-alegre\/#mainImage"},"datePublished":"2017-09-11T12:23:30-03:00","dateModified":"2017-09-11T12:23:30-03:00"},{"@type":"WebSite","@id":"https:\/\/www.jornalja.com.br\/arquivo\/#website","url":"https:\/\/www.jornalja.com.br\/arquivo\/","name":"Arquivo","description":"Jornal J\u00c1 | Porto Alegre","inLanguage":"pt-BR","publisher":{"@id":"https:\/\/www.jornalja.com.br\/arquivo\/#organization"}}]},"og:locale":"pt_BR","og:site_name":"Arquivo | Jornal J\u00c1 | Porto Alegre","og:type":"article","og:title":"300 fam\u00edlias apoiadas pelo MTST ocupam terreno na Zona Norte de Porto Alegre | Arquivo","og:url":"https:\/\/www.jornalja.com.br\/arquivo\/300-familias-apoiadas-pelo-mtst-ocupam-terreno-na-zona-norte-de-porto-alegre\/","og:image":"https:\/\/www.jornalja.com.br\/wp-content\/uploads\/2017\/09\/21463117_973255372832608_2328610369871704235_n-400x267.jpg","og:image:secure_url":"https:\/\/www.jornalja.com.br\/wp-content\/uploads\/2017\/09\/21463117_973255372832608_2328610369871704235_n-400x267.jpg","article:published_time":"2017-09-11T15:23:30+00:00","article:modified_time":"2017-09-11T15:23:30+00:00","twitter:card":"summary","twitter:title":"300 fam\u00edlias apoiadas pelo MTST ocupam terreno na Zona Norte de Porto Alegre | Arquivo","twitter:image":"https:\/\/www.jornalja.com.br\/economics\/wp-content\/uploads\/sites\/11\/2026\/08\/ja-folhaderosto-facebook.jpg"},"aioseo_meta_data":{"post_id":"54949","title":null,"description":null,"keywords":null,"keyphrases":null,"primary_term":null,"canonical_url":null,"og_title":null,"og_description":null,"og_object_type":"default","og_image_type":"default","og_image_url":null,"og_image_width":null,"og_image_height":null,"og_image_custom_url":null,"og_image_custom_fields":null,"og_video":null,"og_custom_url":null,"og_article_section":null,"og_article_tags":null,"twitter_use_og":false,"twitter_card":"default","twitter_image_type":"default","twitter_image_url":null,"twitter_image_custom_url":null,"twitter_image_custom_fields":null,"twitter_title":null,"twitter_description":null,"schema":{"blockGraphs":[],"customGraphs":[],"default":{"data":{"Article":[],"Course":[],"Dataset":[],"FAQPage":[],"Movie":[],"Person":[],"Product":[],"ProductReview":[],"Car":[],"Recipe":[],"Service":[],"SoftwareApplication":[],"WebPage":[]},"graphName":"","isEnabled":true},"graphs":[],"defaultGraph":"","defaultPostTypeGraph":""},"schema_type":null,"schema_type_options":null,"pillar_content":false,"robots_default":true,"robots_noindex":false,"robots_noarchive":false,"robots_nosnippet":false,"robots_nofollow":false,"robots_noimageindex":false,"robots_noodp":false,"robots_notranslate":false,"robots_max_snippet":null,"robots_max_videopreview":null,"robots_max_imagepreview":"large","priority":null,"frequency":null,"location":null,"local_seo":null,"breadcrumb_settings":null,"limit_modified_date":false,"ai":null,"created":"2020-12-20 20:25:01","updated":"2025-07-20 01:03:32","seo_analyzer_scan_date":null,"focus_keyword":null,"additional_keywords":null,"truseo_locale":null},"jetpack_sharing_enabled":true,"jetpack-related-posts":[{"id":5440,"url":"https:\/\/www.jornalja.com.br\/arquivo\/casarao-da-venancio-destino-permanece-incerto\/","url_meta":{"origin":54949,"position":0},"title":"Estado ainda n\u00e3o sabe o que fazer com casar\u00e3o abandonado h\u00e1 20 anos","author":"Elmar Bones","date":"6 de julho de 2009","format":false,"excerpt":"O casar\u00e3o amarelo, numa esquina nobre de Porto Alegre (Ven\u00e2ncio Aires com Jo\u00e3o Pessoa), j\u00e1 abrigou uma escola. H\u00e1 duas d\u00e9cadas, pelo menos, est\u00e1 abandonado, porque seu propriet\u00e1rio, o governo do Estado do Rio Grande do Sul, n\u00e3o consegue achar um destino para ele. Planos n\u00e3o faltaram. O governador Ol\u00edvio\u2026","rel":"","context":"Em &quot;X.Categorias velhas&quot;","block_context":{"text":"X.Categorias velhas","link":"https:\/\/www.jornalja.com.br\/arquivo\/category\/x-categorias-velhas\/"},"img":{"alt_text":"geraldo1","src":"https:\/\/i0.wp.com\/www.jornalja.com.br\/wp-content\/uploads\/2009\/07\/geraldo1.jpg?resize=350%2C200&ssl=1","width":350,"height":200},"classes":[]},{"id":1280,"url":"https:\/\/www.jornalja.com.br\/arquivo\/o-menino-que-se-tornou-brizola\/","url_meta":{"origin":54949,"position":1},"title":"O Menino que se Tornou Brizola","author":"da Reda\u00e7\u00e3o","date":"28 de julho de 2008","format":false,"excerpt":"Autor: Cleber Dioni A vida de Leonel Brizola, com \u00eanfase para os primeiros anos em Porto Alegre, at\u00e9 o ex\u00edlio no Uruguai e a volta, quinze anos depois. \u00a0\"...\u00c9ramos todos jovens e nos identific\u00e1vamos com aquela massa an\u00f4nima a percorrer as ruas de Porto Alegre, gritando 'Get\u00falio', 'Get\u00falio' e empunhando\u2026","rel":"","context":"Em &quot;Livros&quot;","block_context":{"text":"Livros","link":"https:\/\/www.jornalja.com.br\/arquivo\/category\/livros\/"},"img":{"alt_text":"","src":"https:\/\/i0.wp.com\/www.jornalja.com.br\/wp-content\/uploads\/2008\/07\/brizola.gif?resize=350%2C200&ssl=1","width":350,"height":200},"classes":[]},{"id":13240,"url":"https:\/\/www.jornalja.com.br\/arquivo\/plano-diretor-estamos-construindo-o-caos\/","url_meta":{"origin":54949,"position":2},"title":"Plano diretor: &quot;Estamos construindo o caos&quot;","author":"Patr\u00edcia Marini","date":"26 de maio de 2014","format":false,"excerpt":"Desabafo que arquiteta Eliana Castilhos, delegada da Regi\u00e3o de Planejamento 1, postou nas redes sociais \u00e9 um testemunho do ambiente que se criou no Conselho do Plano Diretor de Porto Alegre, onde a aprova\u00e7\u00e3o de grandes empreendimentos \u00e9 empurrada guela abaixo dos conselheiros. Ao CMDUA Como delegada da Regi\u00e3o de\u2026","rel":"","context":"Em &quot;Geral&quot;","block_context":{"text":"Geral","link":"https:\/\/www.jornalja.com.br\/arquivo\/category\/geral\/"},"img":{"alt_text":"","src":"","width":0,"height":0},"classes":[]},{"id":13124,"url":"https:\/\/www.jornalja.com.br\/arquivo\/sangue-latino-no-iecine\/","url_meta":{"origin":54949,"position":3},"title":"Sangue latino no IECINE","author":"da Reda\u00e7\u00e3o","date":"18 de maio de 2014","format":false,"excerpt":"Francisco Ribeiro O Instituto Estadual de Cinema (IECINE) tem a frente, desde abril \u00faltimo, um novo diretor, o cineasta colombiano Juan Zapata, 36, que substitui Luiz Alberto Cassol. Radicado h\u00e1 dez anos em Porto Alegre, Zapata tem diante de si o desafio de conduzir at\u00e9 o final do ano um\u2026","rel":"","context":"Em &quot;Cultura-Geral&quot;","block_context":{"text":"Cultura-Geral","link":"https:\/\/www.jornalja.com.br\/arquivo\/category\/materiasecundaria\/"},"img":{"alt_text":"","src":"","width":0,"height":0},"classes":[]},{"id":14241,"url":"https:\/\/www.jornalja.com.br\/arquivo\/o-guaiba-nas-imagens-poeticas-de-achutti\/","url_meta":{"origin":54949,"position":4},"title":"O Gua\u00edba nas imagens po\u00e9ticas de Achutti","author":"da Reda\u00e7\u00e3o","date":"18 de junho de 2014","format":false,"excerpt":"Em \u201cO Gua\u00edba por Achutti\u201d \u2013 obra financiada via Minist\u00e9rio da Cultura, produ\u00e7\u00e3o executiva de Pedro Longhi, e Fl\u00e1vio Wild como designer \u2013, o fot\u00f3grafo revela a beleza e as mazelas de um espa\u00e7o aqu\u00e1tico de \u00e1guas sempre renovadas, cheio de hist\u00f3rias e lendas como as das cidades que foram\u2026","rel":"","context":"Em &quot;Cultura-Geral&quot;","block_context":{"text":"Cultura-Geral","link":"https:\/\/www.jornalja.com.br\/arquivo\/category\/materiasecundaria\/"},"img":{"alt_text":"","src":"","width":0,"height":0},"classes":[]},{"id":12960,"url":"https:\/\/www.jornalja.com.br\/arquivo\/populacao-culpa-empresas-pela-greve-dos-rodoviarios\/","url_meta":{"origin":54949,"position":5},"title":"Popula\u00e7\u00e3o culpa empresas pela greve","author":"Patr\u00edcia Marini","date":"14 de fevereiro de 2014","format":false,"excerpt":"Pesquisa divulgada na edi\u00e7\u00e3o do jornal Metro desta sexta-feira,14, comprova o velho ditado: \u00e9 poss\u00edvel enganar muitos por algum tempo, mas n\u00e3o \u00e9 poss\u00edvel enganar a todos o tempo inteiro. A principal revela\u00e7\u00e3o foi que 59,8% dos entrevistados apontaram as empresas como as principais respons\u00e1veis pela grave e 46% culparam\u2026","rel":"","context":"Em &quot;X.Categorias velhas&quot;","block_context":{"text":"X.Categorias velhas","link":"https:\/\/www.jornalja.com.br\/arquivo\/category\/x-categorias-velhas\/"},"img":{"alt_text":"","src":"","width":0,"height":0},"classes":[]}],"jetpack_shortlink":"https:\/\/wp.me\/pbQjBd-eih","jetpack_featured_media_url":"","_links":{"self":[{"href":"https:\/\/www.jornalja.com.br\/arquivo\/wp-json\/wp\/v2\/posts\/54949","targetHints":{"allow":["GET"]}}],"collection":[{"href":"https:\/\/www.jornalja.com.br\/arquivo\/wp-json\/wp\/v2\/posts"}],"about":[{"href":"https:\/\/www.jornalja.com.br\/arquivo\/wp-json\/wp\/v2\/types\/post"}],"author":[{"embeddable":true,"href":"https:\/\/www.jornalja.com.br\/arquivo\/wp-json\/wp\/v2\/users\/4"}],"replies":[{"embeddable":true,"href":"https:\/\/www.jornalja.com.br\/arquivo\/wp-json\/wp\/v2\/comments?post=54949"}],"version-history":[{"count":0,"href":"https:\/\/www.jornalja.com.br\/arquivo\/wp-json\/wp\/v2\/posts\/54949\/revisions"}],"wp:attachment":[{"href":"https:\/\/www.jornalja.com.br\/arquivo\/wp-json\/wp\/v2\/media?parent=54949"}],"wp:term":[{"taxonomy":"category","embeddable":true,"href":"https:\/\/www.jornalja.com.br\/arquivo\/wp-json\/wp\/v2\/categories?post=54949"},{"taxonomy":"post_tag","embeddable":true,"href":"https:\/\/www.jornalja.com.br\/arquivo\/wp-json\/wp\/v2\/tags?post=54949"}],"curies":[{"name":"wp","href":"https:\/\/api.w.org\/{rel}","templated":true}]}}