{"id":54958,"date":"2017-09-11T15:31:06","date_gmt":"2017-09-11T18:31:06","guid":{"rendered":"https:\/\/www.jornalja.com.br\/?p=54958"},"modified":"2017-09-11T15:31:06","modified_gmt":"2017-09-11T18:31:06","slug":"garimpeiros-sao-suspeitos-de-massacre-de-indios-isolados-no-amazonas","status":"publish","type":"post","link":"https:\/\/www.jornalja.com.br\/arquivo\/garimpeiros-sao-suspeitos-de-massacre-de-indios-isolados-no-amazonas\/","title":{"rendered":"Garimpeiros s\u00e3o suspeitos de massacre de \u00edndios isolados no Amazonas"},"content":{"rendered":"<p>O Minist\u00e9rio P\u00fablico Federal (MPF) confirmou nesta segunda-feira, 11\/10, que investiga a den\u00fancia de mortes de \u00edndios isolados na regi\u00e3o do Vale do Rio Javari, no extremo oeste do Estado do Amazonas.<br \/>\nDe acordo com o procurador da Rep\u00fablica Pablo Luz de Beltrand, o MPF em Tabatinga (AM) recebeu den\u00fancia da Funda\u00e7\u00e3o Nacional do \u00cdndio (Funai) com relatos de mortes de ind\u00edgenas. \u201cInstauramos um procedimento para apurar o caso e h\u00e1 dilig\u00eancias em curso, mas n\u00e3o \u00e9 poss\u00edvel dar detalhes para n\u00e3o prejudicar a investiga\u00e7\u00e3o\u201d, explica.<br \/>\nAl\u00e9m do MPF, a Funda\u00e7\u00e3o Nacional do \u00cdndio (Funai) e a Pol\u00edcia Federal (PF) tamb\u00e9m apuram os poss\u00edveis assassinatos, que teriam sido cometidos por um grupo de garimpeiros. A pedido da Funai, a PF instaurou um inqu\u00e9rito policial e a Procuradoria da Rep\u00fablica em Tabatinga (AM) passou a acompanhar as investiga\u00e7\u00f5es.<br \/>\nEm nota, a funda\u00e7\u00e3o indigenista diz que a den\u00fancia surgiu em agosto, depois que alguns garimpeiros foram vistos no munic\u00edpio de S\u00e3o Paulo de Oliven\u00e7a conversando sobre o suposto massacre.<br \/>\n\u201cServidores da Funai fizeram o primeiro levantamento e entenderam ser necess\u00e1rio apresentar a den\u00fancia\u201d, explicou a Funai, na nota. Os garimpeiros foram detidos e conduzidos a Tabatinga, onde prestaram depoimento. Ainda de acordo com a funda\u00e7\u00e3o, os garimpeiros n\u00e3o confirmaram as mortes e, at\u00e9 o momento, nenhuma prova material foi encontrada, \u201cn\u00e3o sendo poss\u00edvel, portanto, confirmar a veracidade das mortes\u201d.<br \/>\nO MPF confirmou que ainda n\u00e3o h\u00e1 confirma\u00e7\u00f5es de mortes, mas que as suspeitas est\u00e3o sendo apuradas e h\u00e1 novas dilig\u00eancias em curso.<br \/>\n<span class=\"intertit\"><strong>Opera\u00e7\u00e3o contra o garimpo<\/strong><\/span><br \/>\nOs \u00edndios, supostos alvos do ataque, habitam a regi\u00e3o do Rio Jandiatuba, na Terra Ind\u00edgena Vale do Javari, pr\u00f3xima \u00e0 fronteira com o Peru, a cerca de mil quil\u00f4metros de Manaus. Na mesma regi\u00e3o, foi deflagrada, no fim de agosto, uma opera\u00e7\u00e3o de combate ao garimpo ilegal que resultou na destrui\u00e7\u00e3o de quatro dragas (equipamentos utilizados para extra\u00e7\u00e3o de min\u00e9rio). Mais de um R$ 1 milh\u00e3o em multas foram aplicadas a seis garimpeiros por crime ambiental.<br \/>\nRealizada pelo MPF, Ex\u00e9rcito e Instituto Brasileiro do Meio Ambiente e dos Recursos Naturais Renov\u00e1veis (Ibama), a opera\u00e7\u00e3o tentava impedir a expans\u00e3o do garimpo ilegal ao longo do Rio Jandiatuba. Segundo o MPF, a atividade tem avan\u00e7ado sobre o rio, que corta tr\u00eas terras ind\u00edgenas e \u00e9 amplamente utilizado por \u00edndios isolados.<br \/>\n<span class=\"intertit\"><strong>Repercuss\u00e3o<\/strong><\/span><br \/>\nO suposto ataque j\u00e1 repercute no Congresso Nacional. Hoje (11) o vice-presidente da Comiss\u00e3o de Direitos Humanos do Senado, Paulo Paim (PT), relatou o caso e cobrou provid\u00eancias.<br \/>\n\u201cComo vemos, \u00e9 mais uma den\u00fancia da maior gravidade. Vinte \u00edndios, chamados flecheiros, que viviam isolados nessa \u00e1rea da Amaz\u00f4nia e que foram assassinados. E, segundo informa\u00e7\u00f5es que nos chegaram, corpos foram esquartejados, inclusive. N\u00f3s da comiss\u00e3o queremos exigir a apura\u00e7\u00e3o dos fatos pelo MPF e pela PF e que o Minist\u00e9rio da Justi\u00e7a e o Governo Federal se pronunciem\u201d, pediu o senador.<\/p>\n","protected":false},"excerpt":{"rendered":"<p>O Minist\u00e9rio P\u00fablico Federal (MPF) confirmou nesta segunda-feira, 11\/10, que investiga a den\u00fancia de mortes de \u00edndios isolados na regi\u00e3o do Vale do Rio Javari, no extremo oeste do Estado do Amazonas. De acordo com o procurador da Rep\u00fablica Pablo Luz de Beltrand, o MPF em Tabatinga (AM) recebeu den\u00fancia da Funda\u00e7\u00e3o Nacional do \u00cdndio [&hellip;]<\/p>\n","protected":false},"author":4,"featured_media":54959,"comment_status":"open","ping_status":"closed","sticky":false,"template":"","format":"standard","meta":{"_jetpack_newsletter_access":"","_jetpack_dont_email_post_to_subs":false,"_jetpack_newsletter_tier_id":0,"_jetpack_memberships_contains_paywalled_content":false,"_jetpack_feature_clip_id":0,"_jetpack_memberships_contains_paid_content":false,"footnotes":"","jetpack_post_was_ever_published":false},"categories":[26],"tags":[],"class_list":["post-54958","post","type-post","status-publish","format-standard","has-post-thumbnail","hentry","category-geral"],"aioseo_notices":[],"aioseo_head":"\n\t\t<!-- All in One SEO 5.0.1.1 - aioseo.com -->\n\t<meta name=\"robots\" content=\"max-image-preview:large\" \/>\n\t<meta name=\"author\" content=\"da Reda\u00e7\u00e3o\"\/>\n\t<link rel=\"canonical\" href=\"https:\/\/www.jornalja.com.br\/arquivo\/garimpeiros-sao-suspeitos-de-massacre-de-indios-isolados-no-amazonas\/\" \/>\n\t<meta name=\"generator\" content=\"All in One SEO (AIOSEO) 5.0.1.1\" \/>\n\t\t<meta property=\"og:locale\" content=\"pt_BR\" \/>\n\t\t<meta property=\"og:site_name\" content=\"Arquivo | Jornal J\u00c1 | Porto Alegre\" \/>\n\t\t<meta property=\"og:type\" content=\"article\" \/>\n\t\t<meta property=\"og:title\" content=\"Garimpeiros s\u00e3o suspeitos de massacre de \u00edndios isolados no Amazonas | Arquivo\" \/>\n\t\t<meta property=\"og:url\" content=\"https:\/\/www.jornalja.com.br\/arquivo\/garimpeiros-sao-suspeitos-de-massacre-de-indios-isolados-no-amazonas\/\" \/>\n\t\t<meta property=\"og:image\" content=\"https:\/\/www.jornalja.com.br\/economics\/wp-content\/uploads\/sites\/11\/2026\/08\/ja-folhaderosto-facebook.jpg\" \/>\n\t\t<meta property=\"og:image:secure_url\" content=\"https:\/\/www.jornalja.com.br\/economics\/wp-content\/uploads\/sites\/11\/2026\/08\/ja-folhaderosto-facebook.jpg\" \/>\n\t\t<meta property=\"article:published_time\" content=\"2017-09-11T18:31:06+00:00\" \/>\n\t\t<meta property=\"article:modified_time\" content=\"2017-09-11T18:31:06+00:00\" \/>\n\t\t<meta name=\"twitter:card\" content=\"summary\" \/>\n\t\t<meta name=\"twitter:title\" content=\"Garimpeiros s\u00e3o suspeitos de massacre de \u00edndios isolados no Amazonas | Arquivo\" \/>\n\t\t<meta name=\"twitter:image\" content=\"https:\/\/www.jornalja.com.br\/economics\/wp-content\/uploads\/sites\/11\/2026\/08\/ja-folhaderosto-facebook.jpg\" \/>\n\t\t<script type=\"application\/ld+json\" class=\"aioseo-schema\">\n\t\t\t{\"@context\":\"https:\\\/\\\/schema.org\",\"@graph\":[{\"@type\":\"BlogPosting\",\"@id\":\"https:\\\/\\\/www.jornalja.com.br\\\/arquivo\\\/garimpeiros-sao-suspeitos-de-massacre-de-indios-isolados-no-amazonas\\\/#blogposting\",\"name\":\"Garimpeiros s\\u00e3o suspeitos de massacre de \\u00edndios isolados no Amazonas | Arquivo\",\"headline\":\"Garimpeiros s\\u00e3o suspeitos de massacre de \\u00edndios isolados no Amazonas\",\"author\":{\"@id\":\"https:\\\/\\\/www.jornalja.com.br\\\/arquivo\\\/author\\\/daredacao\\\/#author\"},\"publisher\":{\"@id\":\"https:\\\/\\\/www.jornalja.com.br\\\/arquivo\\\/#organization\"},\"image\":{\"@type\":\"ImageObject\",\"url\":54959},\"datePublished\":\"2017-09-11T15:31:06-03:00\",\"dateModified\":\"2017-09-11T15:31:06-03:00\",\"inLanguage\":\"pt-BR\",\"mainEntityOfPage\":{\"@id\":\"https:\\\/\\\/www.jornalja.com.br\\\/arquivo\\\/garimpeiros-sao-suspeitos-de-massacre-de-indios-isolados-no-amazonas\\\/#webpage\"},\"isPartOf\":{\"@id\":\"https:\\\/\\\/www.jornalja.com.br\\\/arquivo\\\/garimpeiros-sao-suspeitos-de-massacre-de-indios-isolados-no-amazonas\\\/#webpage\"},\"articleSection\":\"Geral\"},{\"@type\":\"BreadcrumbList\",\"@id\":\"https:\\\/\\\/www.jornalja.com.br\\\/arquivo\\\/garimpeiros-sao-suspeitos-de-massacre-de-indios-isolados-no-amazonas\\\/#breadcrumblist\",\"itemListElement\":[{\"@type\":\"ListItem\",\"@id\":\"https:\\\/\\\/www.jornalja.com.br\\\/arquivo#listItem\",\"position\":1,\"name\":\"Home\",\"item\":\"https:\\\/\\\/www.jornalja.com.br\\\/arquivo\",\"nextItem\":{\"@type\":\"ListItem\",\"@id\":\"https:\\\/\\\/www.jornalja.com.br\\\/arquivo\\\/category\\\/geral\\\/#listItem\",\"name\":\"Geral\"}},{\"@type\":\"ListItem\",\"@id\":\"https:\\\/\\\/www.jornalja.com.br\\\/arquivo\\\/category\\\/geral\\\/#listItem\",\"position\":2,\"name\":\"Geral\",\"item\":\"https:\\\/\\\/www.jornalja.com.br\\\/arquivo\\\/category\\\/geral\\\/\",\"nextItem\":{\"@type\":\"ListItem\",\"@id\":\"https:\\\/\\\/www.jornalja.com.br\\\/arquivo\\\/garimpeiros-sao-suspeitos-de-massacre-de-indios-isolados-no-amazonas\\\/#listItem\",\"name\":\"Garimpeiros s\\u00e3o suspeitos de massacre de \\u00edndios isolados no Amazonas\"},\"previousItem\":{\"@type\":\"ListItem\",\"@id\":\"https:\\\/\\\/www.jornalja.com.br\\\/arquivo#listItem\",\"name\":\"Home\"}},{\"@type\":\"ListItem\",\"@id\":\"https:\\\/\\\/www.jornalja.com.br\\\/arquivo\\\/garimpeiros-sao-suspeitos-de-massacre-de-indios-isolados-no-amazonas\\\/#listItem\",\"position\":3,\"name\":\"Garimpeiros s\\u00e3o suspeitos de massacre de \\u00edndios isolados no Amazonas\",\"previousItem\":{\"@type\":\"ListItem\",\"@id\":\"https:\\\/\\\/www.jornalja.com.br\\\/arquivo\\\/category\\\/geral\\\/#listItem\",\"name\":\"Geral\"}}]},{\"@type\":\"Organization\",\"@id\":\"https:\\\/\\\/www.jornalja.com.br\\\/arquivo\\\/#organization\",\"name\":\"Jornal J\\u00c1\",\"description\":\"Jornal J\\u00c1 | Porto Alegre\",\"url\":\"https:\\\/\\\/www.jornalja.com.br\\\/arquivo\\\/\",\"telephone\":\"+555133307272\",\"logo\":{\"@type\":\"ImageObject\",\"url\":\"https:\\\/\\\/www.jornalja.com.br\\\/wp-content\\\/uploads\\\/cards\\\/JAslogan.png\",\"@id\":\"https:\\\/\\\/www.jornalja.com.br\\\/arquivo\\\/garimpeiros-sao-suspeitos-de-massacre-de-indios-isolados-no-amazonas\\\/#organizationLogo\"},\"image\":{\"@id\":\"https:\\\/\\\/www.jornalja.com.br\\\/arquivo\\\/garimpeiros-sao-suspeitos-de-massacre-de-indios-isolados-no-amazonas\\\/#organizationLogo\"}},{\"@type\":\"Person\",\"@id\":\"https:\\\/\\\/www.jornalja.com.br\\\/arquivo\\\/author\\\/daredacao\\\/#author\",\"url\":\"https:\\\/\\\/www.jornalja.com.br\\\/arquivo\\\/author\\\/daredacao\\\/\",\"name\":\"da Reda\\u00e7\\u00e3o\",\"image\":{\"@type\":\"ImageObject\",\"@id\":\"https:\\\/\\\/www.jornalja.com.br\\\/arquivo\\\/garimpeiros-sao-suspeitos-de-massacre-de-indios-isolados-no-amazonas\\\/#authorImage\",\"url\":\"https:\\\/\\\/secure.gravatar.com\\\/avatar\\\/469fd857d6605ad19919d27ed29d35a968a25f6e8fd9318356bbb7f57aae9c65?s=96&d=mm&r=g\",\"width\":96,\"height\":96,\"caption\":\"da Reda\\u00e7\\u00e3o\"}},{\"@type\":\"WebPage\",\"@id\":\"https:\\\/\\\/www.jornalja.com.br\\\/arquivo\\\/garimpeiros-sao-suspeitos-de-massacre-de-indios-isolados-no-amazonas\\\/#webpage\",\"url\":\"https:\\\/\\\/www.jornalja.com.br\\\/arquivo\\\/garimpeiros-sao-suspeitos-de-massacre-de-indios-isolados-no-amazonas\\\/\",\"name\":\"Garimpeiros s\\u00e3o suspeitos de massacre de \\u00edndios isolados no Amazonas | Arquivo\",\"inLanguage\":\"pt-BR\",\"isPartOf\":{\"@id\":\"https:\\\/\\\/www.jornalja.com.br\\\/arquivo\\\/#website\"},\"breadcrumb\":{\"@id\":\"https:\\\/\\\/www.jornalja.com.br\\\/arquivo\\\/garimpeiros-sao-suspeitos-de-massacre-de-indios-isolados-no-amazonas\\\/#breadcrumblist\"},\"author\":{\"@id\":\"https:\\\/\\\/www.jornalja.com.br\\\/arquivo\\\/author\\\/daredacao\\\/#author\"},\"creator\":{\"@id\":\"https:\\\/\\\/www.jornalja.com.br\\\/arquivo\\\/author\\\/daredacao\\\/#author\"},\"image\":{\"@type\":\"ImageObject\",\"url\":54959,\"@id\":\"https:\\\/\\\/www.jornalja.com.br\\\/arquivo\\\/garimpeiros-sao-suspeitos-de-massacre-de-indios-isolados-no-amazonas\\\/#mainImage\"},\"primaryImageOfPage\":{\"@id\":\"https:\\\/\\\/www.jornalja.com.br\\\/arquivo\\\/garimpeiros-sao-suspeitos-de-massacre-de-indios-isolados-no-amazonas\\\/#mainImage\"},\"datePublished\":\"2017-09-11T15:31:06-03:00\",\"dateModified\":\"2017-09-11T15:31:06-03:00\"},{\"@type\":\"WebSite\",\"@id\":\"https:\\\/\\\/www.jornalja.com.br\\\/arquivo\\\/#website\",\"url\":\"https:\\\/\\\/www.jornalja.com.br\\\/arquivo\\\/\",\"name\":\"Arquivo\",\"description\":\"Jornal J\\u00c1 | Porto Alegre\",\"inLanguage\":\"pt-BR\",\"publisher\":{\"@id\":\"https:\\\/\\\/www.jornalja.com.br\\\/arquivo\\\/#organization\"}}]}\n\t\t<\/script>\n\t\t<!-- All in One SEO -->\n\n","aioseo_head_json":{"title":"Garimpeiros s\u00e3o suspeitos de massacre de \u00edndios isolados no Amazonas | Arquivo","description":"","canonical_url":"https:\/\/www.jornalja.com.br\/arquivo\/garimpeiros-sao-suspeitos-de-massacre-de-indios-isolados-no-amazonas\/","robots":"max-image-preview:large","keywords":"","webmasterTools":{"miscellaneous":""},"schema":{"@context":"https:\/\/schema.org","@graph":[{"@type":"BlogPosting","@id":"https:\/\/www.jornalja.com.br\/arquivo\/garimpeiros-sao-suspeitos-de-massacre-de-indios-isolados-no-amazonas\/#blogposting","name":"Garimpeiros s\u00e3o suspeitos de massacre de \u00edndios isolados no Amazonas | Arquivo","headline":"Garimpeiros s\u00e3o suspeitos de massacre de \u00edndios isolados no Amazonas","author":{"@id":"https:\/\/www.jornalja.com.br\/arquivo\/author\/daredacao\/#author"},"publisher":{"@id":"https:\/\/www.jornalja.com.br\/arquivo\/#organization"},"image":{"@type":"ImageObject","url":54959},"datePublished":"2017-09-11T15:31:06-03:00","dateModified":"2017-09-11T15:31:06-03:00","inLanguage":"pt-BR","mainEntityOfPage":{"@id":"https:\/\/www.jornalja.com.br\/arquivo\/garimpeiros-sao-suspeitos-de-massacre-de-indios-isolados-no-amazonas\/#webpage"},"isPartOf":{"@id":"https:\/\/www.jornalja.com.br\/arquivo\/garimpeiros-sao-suspeitos-de-massacre-de-indios-isolados-no-amazonas\/#webpage"},"articleSection":"Geral"},{"@type":"BreadcrumbList","@id":"https:\/\/www.jornalja.com.br\/arquivo\/garimpeiros-sao-suspeitos-de-massacre-de-indios-isolados-no-amazonas\/#breadcrumblist","itemListElement":[{"@type":"ListItem","@id":"https:\/\/www.jornalja.com.br\/arquivo#listItem","position":1,"name":"Home","item":"https:\/\/www.jornalja.com.br\/arquivo","nextItem":{"@type":"ListItem","@id":"https:\/\/www.jornalja.com.br\/arquivo\/category\/geral\/#listItem","name":"Geral"}},{"@type":"ListItem","@id":"https:\/\/www.jornalja.com.br\/arquivo\/category\/geral\/#listItem","position":2,"name":"Geral","item":"https:\/\/www.jornalja.com.br\/arquivo\/category\/geral\/","nextItem":{"@type":"ListItem","@id":"https:\/\/www.jornalja.com.br\/arquivo\/garimpeiros-sao-suspeitos-de-massacre-de-indios-isolados-no-amazonas\/#listItem","name":"Garimpeiros s\u00e3o suspeitos de massacre de \u00edndios isolados no Amazonas"},"previousItem":{"@type":"ListItem","@id":"https:\/\/www.jornalja.com.br\/arquivo#listItem","name":"Home"}},{"@type":"ListItem","@id":"https:\/\/www.jornalja.com.br\/arquivo\/garimpeiros-sao-suspeitos-de-massacre-de-indios-isolados-no-amazonas\/#listItem","position":3,"name":"Garimpeiros s\u00e3o suspeitos de massacre de \u00edndios isolados no Amazonas","previousItem":{"@type":"ListItem","@id":"https:\/\/www.jornalja.com.br\/arquivo\/category\/geral\/#listItem","name":"Geral"}}]},{"@type":"Organization","@id":"https:\/\/www.jornalja.com.br\/arquivo\/#organization","name":"Jornal J\u00c1","description":"Jornal J\u00c1 | Porto Alegre","url":"https:\/\/www.jornalja.com.br\/arquivo\/","telephone":"+555133307272","logo":{"@type":"ImageObject","url":"https:\/\/www.jornalja.com.br\/wp-content\/uploads\/cards\/JAslogan.png","@id":"https:\/\/www.jornalja.com.br\/arquivo\/garimpeiros-sao-suspeitos-de-massacre-de-indios-isolados-no-amazonas\/#organizationLogo"},"image":{"@id":"https:\/\/www.jornalja.com.br\/arquivo\/garimpeiros-sao-suspeitos-de-massacre-de-indios-isolados-no-amazonas\/#organizationLogo"}},{"@type":"Person","@id":"https:\/\/www.jornalja.com.br\/arquivo\/author\/daredacao\/#author","url":"https:\/\/www.jornalja.com.br\/arquivo\/author\/daredacao\/","name":"da Reda\u00e7\u00e3o","image":{"@type":"ImageObject","@id":"https:\/\/www.jornalja.com.br\/arquivo\/garimpeiros-sao-suspeitos-de-massacre-de-indios-isolados-no-amazonas\/#authorImage","url":"https:\/\/secure.gravatar.com\/avatar\/469fd857d6605ad19919d27ed29d35a968a25f6e8fd9318356bbb7f57aae9c65?s=96&d=mm&r=g","width":96,"height":96,"caption":"da Reda\u00e7\u00e3o"}},{"@type":"WebPage","@id":"https:\/\/www.jornalja.com.br\/arquivo\/garimpeiros-sao-suspeitos-de-massacre-de-indios-isolados-no-amazonas\/#webpage","url":"https:\/\/www.jornalja.com.br\/arquivo\/garimpeiros-sao-suspeitos-de-massacre-de-indios-isolados-no-amazonas\/","name":"Garimpeiros s\u00e3o suspeitos de massacre de \u00edndios isolados no Amazonas | Arquivo","inLanguage":"pt-BR","isPartOf":{"@id":"https:\/\/www.jornalja.com.br\/arquivo\/#website"},"breadcrumb":{"@id":"https:\/\/www.jornalja.com.br\/arquivo\/garimpeiros-sao-suspeitos-de-massacre-de-indios-isolados-no-amazonas\/#breadcrumblist"},"author":{"@id":"https:\/\/www.jornalja.com.br\/arquivo\/author\/daredacao\/#author"},"creator":{"@id":"https:\/\/www.jornalja.com.br\/arquivo\/author\/daredacao\/#author"},"image":{"@type":"ImageObject","url":54959,"@id":"https:\/\/www.jornalja.com.br\/arquivo\/garimpeiros-sao-suspeitos-de-massacre-de-indios-isolados-no-amazonas\/#mainImage"},"primaryImageOfPage":{"@id":"https:\/\/www.jornalja.com.br\/arquivo\/garimpeiros-sao-suspeitos-de-massacre-de-indios-isolados-no-amazonas\/#mainImage"},"datePublished":"2017-09-11T15:31:06-03:00","dateModified":"2017-09-11T15:31:06-03:00"},{"@type":"WebSite","@id":"https:\/\/www.jornalja.com.br\/arquivo\/#website","url":"https:\/\/www.jornalja.com.br\/arquivo\/","name":"Arquivo","description":"Jornal J\u00c1 | Porto Alegre","inLanguage":"pt-BR","publisher":{"@id":"https:\/\/www.jornalja.com.br\/arquivo\/#organization"}}]},"og:locale":"pt_BR","og:site_name":"Arquivo | Jornal J\u00c1 | Porto Alegre","og:type":"article","og:title":"Garimpeiros s\u00e3o suspeitos de massacre de \u00edndios isolados no Amazonas | Arquivo","og:url":"https:\/\/www.jornalja.com.br\/arquivo\/garimpeiros-sao-suspeitos-de-massacre-de-indios-isolados-no-amazonas\/","og:image":"https:\/\/www.jornalja.com.br\/economics\/wp-content\/uploads\/sites\/11\/2026\/08\/ja-folhaderosto-facebook.jpg","og:image:secure_url":"https:\/\/www.jornalja.com.br\/economics\/wp-content\/uploads\/sites\/11\/2026\/08\/ja-folhaderosto-facebook.jpg","article:published_time":"2017-09-11T18:31:06+00:00","article:modified_time":"2017-09-11T18:31:06+00:00","twitter:card":"summary","twitter:title":"Garimpeiros s\u00e3o suspeitos de massacre de \u00edndios isolados no Amazonas | Arquivo","twitter:image":"https:\/\/www.jornalja.com.br\/economics\/wp-content\/uploads\/sites\/11\/2026\/08\/ja-folhaderosto-facebook.jpg"},"aioseo_meta_data":{"post_id":"54958","title":null,"description":null,"keywords":null,"keyphrases":null,"primary_term":null,"canonical_url":null,"og_title":null,"og_description":null,"og_object_type":"default","og_image_type":"default","og_image_url":null,"og_image_width":null,"og_image_height":null,"og_image_custom_url":null,"og_image_custom_fields":null,"og_video":null,"og_custom_url":null,"og_article_section":null,"og_article_tags":null,"twitter_use_og":false,"twitter_card":"default","twitter_image_type":"default","twitter_image_url":null,"twitter_image_custom_url":null,"twitter_image_custom_fields":null,"twitter_title":null,"twitter_description":null,"schema":{"blockGraphs":[],"customGraphs":[],"default":{"data":{"Article":[],"Course":[],"Dataset":[],"FAQPage":[],"Movie":[],"Person":[],"Product":[],"ProductReview":[],"Car":[],"Recipe":[],"Service":[],"SoftwareApplication":[],"WebPage":[]},"graphName":"","isEnabled":true},"graphs":[],"defaultGraph":"","defaultPostTypeGraph":""},"schema_type":null,"schema_type_options":null,"pillar_content":false,"robots_default":true,"robots_noindex":false,"robots_noarchive":false,"robots_nosnippet":false,"robots_nofollow":false,"robots_noimageindex":false,"robots_noodp":false,"robots_notranslate":false,"robots_max_snippet":null,"robots_max_videopreview":null,"robots_max_imagepreview":"large","priority":null,"frequency":null,"location":null,"local_seo":null,"breadcrumb_settings":null,"limit_modified_date":false,"ai":null,"created":"2020-12-20 20:25:01","updated":"2025-07-20 01:03:32","seo_analyzer_scan_date":null,"focus_keyword":null,"additional_keywords":null,"truseo_locale":null},"jetpack_sharing_enabled":true,"jetpack-related-posts":[{"id":13128,"url":"https:\/\/www.jornalja.com.br\/arquivo\/maconha-terra-diz-que-uso-medicinal-e-desculpa\/","url_meta":{"origin":54958,"position":0},"title":"Maconha: Terra diz que uso medicinal \u00e9 desculpa","author":"Patr\u00edcia Marini","date":"4 de junho de 2014","format":false,"excerpt":"A condi\u00e7\u00e3o de pol\u00edtico, em \u00e9poca de campanha de campanha eleitoral, tira for\u00e7a do discurso do m\u00e9dico Osmar Terra contra a legaliza\u00e7\u00e3o da maconha. A tese dele de que a libera\u00e7\u00e3o vai ampliar exponencialmente o consumo \u00e9 discutivel, o consumo \u00e9 corrente. Mas seus alertas quanto aos riscos tem que\u2026","rel":"","context":"Em &quot;X.Categorias velhas&quot;","block_context":{"text":"X.Categorias velhas","link":"https:\/\/www.jornalja.com.br\/arquivo\/category\/x-categorias-velhas\/"},"img":{"alt_text":"","src":"","width":0,"height":0},"classes":[]},{"id":13239,"url":"https:\/\/www.jornalja.com.br\/arquivo\/conselho-desdenha-do-plano-diretor\/","url_meta":{"origin":54958,"position":1},"title":"Porto Alegre: Conselho detona Plano Diretor","author":"Patr\u00edcia Marini","date":"25 de maio de 2014","format":false,"excerpt":"Den\u00fancia do arquiteto e \u00a0urbanista Ibir\u00e1 Santos Lucas. Ele diz que os conselheiros est\u00e3o votando com \"enorme irresponsabilidade\". \"Mudam regime com a maior naturalidade,,,regularizam absurdos de constru\u00e7\u00f5es irregulares... \"O CMDUA est\u00e1 flexibilizando a lei do plano diretor, de uma forma impactante na vida da cidade. Mudam regime com a maior\u2026","rel":"","context":"Em &quot;Geral&quot;","block_context":{"text":"Geral","link":"https:\/\/www.jornalja.com.br\/arquivo\/category\/geral\/"},"img":{"alt_text":"","src":"","width":0,"height":0},"classes":[]},{"id":14241,"url":"https:\/\/www.jornalja.com.br\/arquivo\/o-guaiba-nas-imagens-poeticas-de-achutti\/","url_meta":{"origin":54958,"position":2},"title":"O Gua\u00edba nas imagens po\u00e9ticas de Achutti","author":"da Reda\u00e7\u00e3o","date":"18 de junho de 2014","format":false,"excerpt":"Em \u201cO Gua\u00edba por Achutti\u201d \u2013 obra financiada via Minist\u00e9rio da Cultura, produ\u00e7\u00e3o executiva de Pedro Longhi, e Fl\u00e1vio Wild como designer \u2013, o fot\u00f3grafo revela a beleza e as mazelas de um espa\u00e7o aqu\u00e1tico de \u00e1guas sempre renovadas, cheio de hist\u00f3rias e lendas como as das cidades que foram\u2026","rel":"","context":"Em &quot;Cultura-Geral&quot;","block_context":{"text":"Cultura-Geral","link":"https:\/\/www.jornalja.com.br\/arquivo\/category\/materiasecundaria\/"},"img":{"alt_text":"","src":"","width":0,"height":0},"classes":[]},{"id":13124,"url":"https:\/\/www.jornalja.com.br\/arquivo\/sangue-latino-no-iecine\/","url_meta":{"origin":54958,"position":3},"title":"Sangue latino no IECINE","author":"da Reda\u00e7\u00e3o","date":"18 de maio de 2014","format":false,"excerpt":"Francisco Ribeiro O Instituto Estadual de Cinema (IECINE) tem a frente, desde abril \u00faltimo, um novo diretor, o cineasta colombiano Juan Zapata, 36, que substitui Luiz Alberto Cassol. Radicado h\u00e1 dez anos em Porto Alegre, Zapata tem diante de si o desafio de conduzir at\u00e9 o final do ano um\u2026","rel":"","context":"Em &quot;Cultura-Geral&quot;","block_context":{"text":"Cultura-Geral","link":"https:\/\/www.jornalja.com.br\/arquivo\/category\/materiasecundaria\/"},"img":{"alt_text":"","src":"","width":0,"height":0},"classes":[]},{"id":13240,"url":"https:\/\/www.jornalja.com.br\/arquivo\/plano-diretor-estamos-construindo-o-caos\/","url_meta":{"origin":54958,"position":4},"title":"Plano diretor: &quot;Estamos construindo o caos&quot;","author":"Patr\u00edcia Marini","date":"26 de maio de 2014","format":false,"excerpt":"Desabafo que arquiteta Eliana Castilhos, delegada da Regi\u00e3o de Planejamento 1, postou nas redes sociais \u00e9 um testemunho do ambiente que se criou no Conselho do Plano Diretor de Porto Alegre, onde a aprova\u00e7\u00e3o de grandes empreendimentos \u00e9 empurrada guela abaixo dos conselheiros. Ao CMDUA Como delegada da Regi\u00e3o de\u2026","rel":"","context":"Em &quot;Geral&quot;","block_context":{"text":"Geral","link":"https:\/\/www.jornalja.com.br\/arquivo\/category\/geral\/"},"img":{"alt_text":"","src":"","width":0,"height":0},"classes":[]},{"id":13109,"url":"https:\/\/www.jornalja.com.br\/arquivo\/judiciario-reconhece-poluicao-eletromagnetica\/","url_meta":{"origin":54958,"position":5},"title":"Judici\u00e1rio reconhece polui\u00e7\u00e3o eletromagn\u00e9tica","author":"Patr\u00edcia Marini","date":"16 de maio de 2014","format":false,"excerpt":"A\u00e7\u00e3o de duas associa\u00e7\u00f5es de moradores foi acolhida pelo Tribunal de Justi\u00e7a de S\u00e3o Paulo que. em decis\u00e3o in\u00e9dita, determinou a redu\u00e7\u00e3o do campo eletromagn\u00e9tico gerado pelas linhas de transmiss\u00e3o de energia que cortam os bairros City Boa\u00e7ava e Alto de Pinheiros. \u00c9 a primeira vez que um tribunal do\u2026","rel":"","context":"Em &quot;X.Categorias velhas&quot;","block_context":{"text":"X.Categorias velhas","link":"https:\/\/www.jornalja.com.br\/arquivo\/category\/x-categorias-velhas\/"},"img":{"alt_text":"","src":"","width":0,"height":0},"classes":[]}],"jetpack_shortlink":"https:\/\/wp.me\/pbQjBd-eiq","jetpack_featured_media_url":"","_links":{"self":[{"href":"https:\/\/www.jornalja.com.br\/arquivo\/wp-json\/wp\/v2\/posts\/54958","targetHints":{"allow":["GET"]}}],"collection":[{"href":"https:\/\/www.jornalja.com.br\/arquivo\/wp-json\/wp\/v2\/posts"}],"about":[{"href":"https:\/\/www.jornalja.com.br\/arquivo\/wp-json\/wp\/v2\/types\/post"}],"author":[{"embeddable":true,"href":"https:\/\/www.jornalja.com.br\/arquivo\/wp-json\/wp\/v2\/users\/4"}],"replies":[{"embeddable":true,"href":"https:\/\/www.jornalja.com.br\/arquivo\/wp-json\/wp\/v2\/comments?post=54958"}],"version-history":[{"count":0,"href":"https:\/\/www.jornalja.com.br\/arquivo\/wp-json\/wp\/v2\/posts\/54958\/revisions"}],"wp:attachment":[{"href":"https:\/\/www.jornalja.com.br\/arquivo\/wp-json\/wp\/v2\/media?parent=54958"}],"wp:term":[{"taxonomy":"category","embeddable":true,"href":"https:\/\/www.jornalja.com.br\/arquivo\/wp-json\/wp\/v2\/categories?post=54958"},{"taxonomy":"post_tag","embeddable":true,"href":"https:\/\/www.jornalja.com.br\/arquivo\/wp-json\/wp\/v2\/tags?post=54958"}],"curies":[{"name":"wp","href":"https:\/\/api.w.org\/{rel}","templated":true}]}}