{"id":54984,"date":"2017-09-11T22:10:35","date_gmt":"2017-09-12T01:10:35","guid":{"rendered":"https:\/\/www.jornalja.com.br\/?p=54984"},"modified":"2017-09-11T22:10:35","modified_gmt":"2017-09-12T01:10:35","slug":"pf-diz-ter-provas-de-crimes-cometidos-por-temer-e-cupula-do-pmdb-citados-negam","status":"publish","type":"post","link":"https:\/\/www.jornalja.com.br\/arquivo\/pf-diz-ter-provas-de-crimes-cometidos-por-temer-e-cupula-do-pmdb-citados-negam\/","title":{"rendered":"PF diz ter provas de crimes cometidos por Temer e c\u00fapula do PMDB; citados negam"},"content":{"rendered":"<p>Inqu\u00e9rito da Pol\u00edcia Federal (PF) conclu\u00eddo hoje (11) apresenta ind\u00edcios da pr\u00e1tica de crimes por parte do presidente Michel Temer e demais integrantes do chamado \u201cgrupo do PMDB da C\u00e2mara\u201d, segundo nota divulgada nesta segunda-feira pela PF. De acordo com as investiga\u00e7\u00f5es, o grupo seria composto pelos ministros da Casa Civil, Eliseu Padilha, e da Secretaria de Governo, Moreira Franco, al\u00e9m dos ex-ministros Geddel Vieira Lima e Henrique Eduardo Alves, e do ex-presidente da C\u00e2mara Eduardo Cunha.<\/p>\n<div id=\"ebc-wrapper\">\n<div id=\"page\" class=\"wrap page with-navigation\">\n<div id=\"main\" class=\"clearfix\">\n<div id=\"content\">\n<div id=\"content-inner\" class=\"inner column center\">\n<div id=\"content-area\">\n<div class=\"region region-content\">\n<div id=\"block-system-main\" class=\"block block-system block-odd clearfix\">\n<div class=\"content\">\n<article id=\"node-1090320\" class=\"node node-noticia node-odd\">\n<div class=\"content\">\nDe acordo com a PF, a c\u00fapula do PMDB mantinha \u201cestrutura organizacional com o objetivo de obter, direta e indiretamente, vantagens indevidas em \u00f3rg\u00e3os da administra\u00e7\u00e3o p\u00fablica direta e indireta\u201d. Ainda segundo o inqu\u00e9rito, que ser\u00e1 enviado ao Supremo Tribunal Federal (STF), o grupo praticou os crimes de corrup\u00e7\u00e3o ativa, passiva, lavagem de dinheiro, fraude em licita\u00e7\u00e3o e evas\u00e3o de divisas.Segundo a investiga\u00e7\u00e3o, Temer teria recebido indevidamente R$ 31,5 milh\u00f5es<br \/>\n<strong>Outro lado<\/strong><br \/>\nEm nota, a Secretaria Especial de Comunica\u00e7\u00e3o Social da Presid\u00eancia da Rep\u00fablica informou que Temer \u201cn\u00e3o participou e nem participa de nenhuma quadrilha\u201d. \u201cO presidente tampouco fez parte de qualquer estrutura com o objetivo de obter, direta ou indiretamente, vantagens indevidas em \u00f3rg\u00e3os da administra\u00e7\u00e3o p\u00fablica. O presidente Temer lamenta que insinua\u00e7\u00f5es descabidas, com intuito de tentar denegrir a honra e a imagem p\u00fablica, sejam vazadas \u00e0 imprensa antes da devida aprecia\u00e7\u00e3o pela Justi\u00e7a\u201d, diz a nota.<br \/>\nA assessoria de imprensa do ministro da Casa Civil, Eliseu Padilha, informou que ele s\u00f3 ir\u00e1 se pronunciar \u201cquando e se houver acusa\u00e7\u00e3o formal contra ele que mere\u00e7a resposta\u201d<br \/>\nTamb\u00e9m por meio da assessoria de imprensa, o ministro Moreira Franco afirmou que jamais participou de qualquer grupo para a pr\u00e1tica de ato il\u00edcito. \u201cRepudio a suspeita. Responderei de forma conclusiva quando tiver acesso ao relat\u00f3rio do inqu\u00e9rito. Lamento que tenha que falar sobre o que ainda n\u00e3o conhe\u00e7o. Isto n\u00e3o \u00e9 democr\u00e1tico\u201d, diz a nota.<br \/>\nHenrique Eduardo Alves divulgou nota em que diz que faz parte do PMDB h\u00e1 mais de 40 anos e n\u00e3o de uma organiza\u00e7\u00e3o criminosa. \u201cA tentativa de criminalizar a atividade pol\u00edtica enfraquece a democracia e a sua inoc\u00eancia ser\u00e1 provada ao longo do processo\u201d, disse.<br \/>\nDefesas de Geddel e Cunha foram procuradas e n\u00e3o responderam a reportagem at\u00e9 o fechamento desta edi\u00e7\u00e3o<br \/>\n<strong>Presos<\/strong><br \/>\nEduardo Cunha, Henrique Eduardo Alves, Geddel Vieira Lima est\u00e3o presos ap\u00f3s investiga\u00e7\u00f5es da Opera\u00e7\u00e3o Lava Jato. Cunha est\u00e1 preso em Curitiba, por ordem do juiz S\u00e9rgio Moro, desde 19 de outubro de 2016. Em mar\u00e7o de 2017 foi condenado a 15 anos e quatro meses de pris\u00e3o pelos crimes de corrup\u00e7\u00e3o passiva, lavagem de dinheiro e evas\u00e3o de divisas e, em 18 de maio de 2017, teve novo mandado de pris\u00e3o expedido pela Justi\u00e7a.<br \/>\nEduardo Alves foi preso preventivamente no dia 6 de junho de 2017 pela\u00a0Pol\u00edcia Federal\u00a0na Opera\u00e7\u00e3o Manus, que investigava corrup\u00e7\u00e3o ativa e passiva e lavagem de dinheiro na constru\u00e7\u00e3o da\u00a0Arena das Dunas, em Natal.<br \/>\nO ex-ministro Geddel Vieira Lima voltou a ser preso, na \u00faltima sexta-feira (8), em Salvador, tr\u00eas dias ap\u00f3s a Pol\u00edcia Federal encontrar mais de R$ 51 milh\u00f5es, atribu\u00eddos a ele, em um apartamento. Anteriormente, ele havia sido preso preventivamente no dia 3 de julho de 2017, na Opera\u00e7\u00e3o Greenfield, que investiga desvio de fundos de pens\u00e3o.\n<\/div>\n<\/article>\n<\/div>\n<\/div>\n<\/div>\n<\/div>\n<\/div>\n<\/div>\n<\/div>\n<\/div>\n<\/div>\n","protected":false},"excerpt":{"rendered":"<p>Inqu\u00e9rito da Pol\u00edcia Federal (PF) conclu\u00eddo hoje (11) apresenta ind\u00edcios da pr\u00e1tica de crimes por parte do presidente Michel Temer e demais integrantes do chamado \u201cgrupo do PMDB da C\u00e2mara\u201d, segundo nota divulgada nesta segunda-feira pela PF. De acordo com as investiga\u00e7\u00f5es, o grupo seria composto pelos ministros da Casa Civil, Eliseu Padilha, e da [&hellip;]<\/p>\n","protected":false},"author":4,"featured_media":0,"comment_status":"open","ping_status":"closed","sticky":false,"template":"","format":"standard","meta":{"_jetpack_newsletter_access":"","_jetpack_dont_email_post_to_subs":false,"_jetpack_newsletter_tier_id":0,"_jetpack_memberships_contains_paywalled_content":false,"_jetpack_feature_clip_id":0,"_jetpack_memberships_contains_paid_content":false,"footnotes":"","jetpack_post_was_ever_published":false},"categories":[2022],"tags":[],"class_list":["post-54984","post","type-post","status-publish","format-standard","hentry","category-notas"],"aioseo_notices":[],"aioseo_head":"\n\t\t<!-- All in One SEO 5.0.1.1 - aioseo.com -->\n\t<meta name=\"robots\" content=\"max-image-preview:large\" \/>\n\t<meta name=\"author\" content=\"da Reda\u00e7\u00e3o\"\/>\n\t<link rel=\"canonical\" href=\"https:\/\/www.jornalja.com.br\/arquivo\/pf-diz-ter-provas-de-crimes-cometidos-por-temer-e-cupula-do-pmdb-citados-negam\/\" \/>\n\t<meta name=\"generator\" content=\"All in One SEO (AIOSEO) 5.0.1.1\" \/>\n\t\t<meta property=\"og:locale\" content=\"pt_BR\" \/>\n\t\t<meta property=\"og:site_name\" content=\"Arquivo | Jornal J\u00c1 | Porto Alegre\" \/>\n\t\t<meta property=\"og:type\" content=\"article\" \/>\n\t\t<meta property=\"og:title\" content=\"PF diz ter provas de crimes cometidos por Temer e c\u00fapula do PMDB; citados negam | Arquivo\" \/>\n\t\t<meta property=\"og:url\" content=\"https:\/\/www.jornalja.com.br\/arquivo\/pf-diz-ter-provas-de-crimes-cometidos-por-temer-e-cupula-do-pmdb-citados-negam\/\" \/>\n\t\t<meta property=\"og:image\" content=\"https:\/\/www.jornalja.com.br\/economics\/wp-content\/uploads\/sites\/11\/2026\/08\/ja-folhaderosto-facebook.jpg\" \/>\n\t\t<meta property=\"og:image:secure_url\" content=\"https:\/\/www.jornalja.com.br\/economics\/wp-content\/uploads\/sites\/11\/2026\/08\/ja-folhaderosto-facebook.jpg\" \/>\n\t\t<meta property=\"article:published_time\" content=\"2017-09-12T01:10:35+00:00\" \/>\n\t\t<meta property=\"article:modified_time\" content=\"2017-09-12T01:10:35+00:00\" \/>\n\t\t<meta name=\"twitter:card\" content=\"summary\" \/>\n\t\t<meta name=\"twitter:title\" content=\"PF diz ter provas de crimes cometidos por Temer e c\u00fapula do PMDB; citados negam | Arquivo\" \/>\n\t\t<meta name=\"twitter:image\" content=\"https:\/\/www.jornalja.com.br\/economics\/wp-content\/uploads\/sites\/11\/2026\/08\/ja-folhaderosto-facebook.jpg\" \/>\n\t\t<script type=\"application\/ld+json\" class=\"aioseo-schema\">\n\t\t\t{\"@context\":\"https:\\\/\\\/schema.org\",\"@graph\":[{\"@type\":\"BlogPosting\",\"@id\":\"https:\\\/\\\/www.jornalja.com.br\\\/arquivo\\\/pf-diz-ter-provas-de-crimes-cometidos-por-temer-e-cupula-do-pmdb-citados-negam\\\/#blogposting\",\"name\":\"PF diz ter provas de crimes cometidos por Temer e c\\u00fapula do PMDB; citados negam | Arquivo\",\"headline\":\"PF diz ter provas de crimes cometidos por Temer e c\\u00fapula do PMDB; citados negam\",\"author\":{\"@id\":\"https:\\\/\\\/www.jornalja.com.br\\\/arquivo\\\/author\\\/daredacao\\\/#author\"},\"publisher\":{\"@id\":\"https:\\\/\\\/www.jornalja.com.br\\\/arquivo\\\/#organization\"},\"image\":{\"@type\":\"ImageObject\",\"url\":\"https:\\\/\\\/www.jornalja.com.br\\\/wp-content\\\/uploads\\\/cards\\\/JAslogan.png\",\"@id\":\"https:\\\/\\\/www.jornalja.com.br\\\/arquivo\\\/#articleImage\"},\"datePublished\":\"2017-09-11T22:10:35-03:00\",\"dateModified\":\"2017-09-11T22:10:35-03:00\",\"inLanguage\":\"pt-BR\",\"mainEntityOfPage\":{\"@id\":\"https:\\\/\\\/www.jornalja.com.br\\\/arquivo\\\/pf-diz-ter-provas-de-crimes-cometidos-por-temer-e-cupula-do-pmdb-citados-negam\\\/#webpage\"},\"isPartOf\":{\"@id\":\"https:\\\/\\\/www.jornalja.com.br\\\/arquivo\\\/pf-diz-ter-provas-de-crimes-cometidos-por-temer-e-cupula-do-pmdb-citados-negam\\\/#webpage\"},\"articleSection\":\"NOTAS\"},{\"@type\":\"BreadcrumbList\",\"@id\":\"https:\\\/\\\/www.jornalja.com.br\\\/arquivo\\\/pf-diz-ter-provas-de-crimes-cometidos-por-temer-e-cupula-do-pmdb-citados-negam\\\/#breadcrumblist\",\"itemListElement\":[{\"@type\":\"ListItem\",\"@id\":\"https:\\\/\\\/www.jornalja.com.br\\\/arquivo#listItem\",\"position\":1,\"name\":\"Home\",\"item\":\"https:\\\/\\\/www.jornalja.com.br\\\/arquivo\",\"nextItem\":{\"@type\":\"ListItem\",\"@id\":\"https:\\\/\\\/www.jornalja.com.br\\\/arquivo\\\/category\\\/notas\\\/#listItem\",\"name\":\"NOTAS\"}},{\"@type\":\"ListItem\",\"@id\":\"https:\\\/\\\/www.jornalja.com.br\\\/arquivo\\\/category\\\/notas\\\/#listItem\",\"position\":2,\"name\":\"NOTAS\",\"item\":\"https:\\\/\\\/www.jornalja.com.br\\\/arquivo\\\/category\\\/notas\\\/\",\"nextItem\":{\"@type\":\"ListItem\",\"@id\":\"https:\\\/\\\/www.jornalja.com.br\\\/arquivo\\\/pf-diz-ter-provas-de-crimes-cometidos-por-temer-e-cupula-do-pmdb-citados-negam\\\/#listItem\",\"name\":\"PF diz ter provas de crimes cometidos por Temer e c\\u00fapula do PMDB; citados negam\"},\"previousItem\":{\"@type\":\"ListItem\",\"@id\":\"https:\\\/\\\/www.jornalja.com.br\\\/arquivo#listItem\",\"name\":\"Home\"}},{\"@type\":\"ListItem\",\"@id\":\"https:\\\/\\\/www.jornalja.com.br\\\/arquivo\\\/pf-diz-ter-provas-de-crimes-cometidos-por-temer-e-cupula-do-pmdb-citados-negam\\\/#listItem\",\"position\":3,\"name\":\"PF diz ter provas de crimes cometidos por Temer e c\\u00fapula do PMDB; citados negam\",\"previousItem\":{\"@type\":\"ListItem\",\"@id\":\"https:\\\/\\\/www.jornalja.com.br\\\/arquivo\\\/category\\\/notas\\\/#listItem\",\"name\":\"NOTAS\"}}]},{\"@type\":\"Organization\",\"@id\":\"https:\\\/\\\/www.jornalja.com.br\\\/arquivo\\\/#organization\",\"name\":\"Jornal J\\u00c1\",\"description\":\"Jornal J\\u00c1 | Porto Alegre\",\"url\":\"https:\\\/\\\/www.jornalja.com.br\\\/arquivo\\\/\",\"telephone\":\"+555133307272\",\"logo\":{\"@type\":\"ImageObject\",\"url\":\"https:\\\/\\\/www.jornalja.com.br\\\/wp-content\\\/uploads\\\/cards\\\/JAslogan.png\",\"@id\":\"https:\\\/\\\/www.jornalja.com.br\\\/arquivo\\\/pf-diz-ter-provas-de-crimes-cometidos-por-temer-e-cupula-do-pmdb-citados-negam\\\/#organizationLogo\"},\"image\":{\"@id\":\"https:\\\/\\\/www.jornalja.com.br\\\/arquivo\\\/pf-diz-ter-provas-de-crimes-cometidos-por-temer-e-cupula-do-pmdb-citados-negam\\\/#organizationLogo\"}},{\"@type\":\"Person\",\"@id\":\"https:\\\/\\\/www.jornalja.com.br\\\/arquivo\\\/author\\\/daredacao\\\/#author\",\"url\":\"https:\\\/\\\/www.jornalja.com.br\\\/arquivo\\\/author\\\/daredacao\\\/\",\"name\":\"da Reda\\u00e7\\u00e3o\",\"image\":{\"@type\":\"ImageObject\",\"@id\":\"https:\\\/\\\/www.jornalja.com.br\\\/arquivo\\\/pf-diz-ter-provas-de-crimes-cometidos-por-temer-e-cupula-do-pmdb-citados-negam\\\/#authorImage\",\"url\":\"https:\\\/\\\/secure.gravatar.com\\\/avatar\\\/469fd857d6605ad19919d27ed29d35a968a25f6e8fd9318356bbb7f57aae9c65?s=96&d=mm&r=g\",\"width\":96,\"height\":96,\"caption\":\"da Reda\\u00e7\\u00e3o\"}},{\"@type\":\"WebPage\",\"@id\":\"https:\\\/\\\/www.jornalja.com.br\\\/arquivo\\\/pf-diz-ter-provas-de-crimes-cometidos-por-temer-e-cupula-do-pmdb-citados-negam\\\/#webpage\",\"url\":\"https:\\\/\\\/www.jornalja.com.br\\\/arquivo\\\/pf-diz-ter-provas-de-crimes-cometidos-por-temer-e-cupula-do-pmdb-citados-negam\\\/\",\"name\":\"PF diz ter provas de crimes cometidos por Temer e c\\u00fapula do PMDB; citados negam | Arquivo\",\"inLanguage\":\"pt-BR\",\"isPartOf\":{\"@id\":\"https:\\\/\\\/www.jornalja.com.br\\\/arquivo\\\/#website\"},\"breadcrumb\":{\"@id\":\"https:\\\/\\\/www.jornalja.com.br\\\/arquivo\\\/pf-diz-ter-provas-de-crimes-cometidos-por-temer-e-cupula-do-pmdb-citados-negam\\\/#breadcrumblist\"},\"author\":{\"@id\":\"https:\\\/\\\/www.jornalja.com.br\\\/arquivo\\\/author\\\/daredacao\\\/#author\"},\"creator\":{\"@id\":\"https:\\\/\\\/www.jornalja.com.br\\\/arquivo\\\/author\\\/daredacao\\\/#author\"},\"datePublished\":\"2017-09-11T22:10:35-03:00\",\"dateModified\":\"2017-09-11T22:10:35-03:00\"},{\"@type\":\"WebSite\",\"@id\":\"https:\\\/\\\/www.jornalja.com.br\\\/arquivo\\\/#website\",\"url\":\"https:\\\/\\\/www.jornalja.com.br\\\/arquivo\\\/\",\"name\":\"Arquivo\",\"description\":\"Jornal J\\u00c1 | Porto Alegre\",\"inLanguage\":\"pt-BR\",\"publisher\":{\"@id\":\"https:\\\/\\\/www.jornalja.com.br\\\/arquivo\\\/#organization\"}}]}\n\t\t<\/script>\n\t\t<!-- All in One SEO -->\n\n","aioseo_head_json":{"title":"PF diz ter provas de crimes cometidos por Temer e c\u00fapula do PMDB; citados negam | Arquivo","description":"","canonical_url":"https:\/\/www.jornalja.com.br\/arquivo\/pf-diz-ter-provas-de-crimes-cometidos-por-temer-e-cupula-do-pmdb-citados-negam\/","robots":"max-image-preview:large","keywords":"","webmasterTools":{"miscellaneous":""},"schema":{"@context":"https:\/\/schema.org","@graph":[{"@type":"BlogPosting","@id":"https:\/\/www.jornalja.com.br\/arquivo\/pf-diz-ter-provas-de-crimes-cometidos-por-temer-e-cupula-do-pmdb-citados-negam\/#blogposting","name":"PF diz ter provas de crimes cometidos por Temer e c\u00fapula do PMDB; citados negam | Arquivo","headline":"PF diz ter provas de crimes cometidos por Temer e c\u00fapula do PMDB; citados negam","author":{"@id":"https:\/\/www.jornalja.com.br\/arquivo\/author\/daredacao\/#author"},"publisher":{"@id":"https:\/\/www.jornalja.com.br\/arquivo\/#organization"},"image":{"@type":"ImageObject","url":"https:\/\/www.jornalja.com.br\/wp-content\/uploads\/cards\/JAslogan.png","@id":"https:\/\/www.jornalja.com.br\/arquivo\/#articleImage"},"datePublished":"2017-09-11T22:10:35-03:00","dateModified":"2017-09-11T22:10:35-03:00","inLanguage":"pt-BR","mainEntityOfPage":{"@id":"https:\/\/www.jornalja.com.br\/arquivo\/pf-diz-ter-provas-de-crimes-cometidos-por-temer-e-cupula-do-pmdb-citados-negam\/#webpage"},"isPartOf":{"@id":"https:\/\/www.jornalja.com.br\/arquivo\/pf-diz-ter-provas-de-crimes-cometidos-por-temer-e-cupula-do-pmdb-citados-negam\/#webpage"},"articleSection":"NOTAS"},{"@type":"BreadcrumbList","@id":"https:\/\/www.jornalja.com.br\/arquivo\/pf-diz-ter-provas-de-crimes-cometidos-por-temer-e-cupula-do-pmdb-citados-negam\/#breadcrumblist","itemListElement":[{"@type":"ListItem","@id":"https:\/\/www.jornalja.com.br\/arquivo#listItem","position":1,"name":"Home","item":"https:\/\/www.jornalja.com.br\/arquivo","nextItem":{"@type":"ListItem","@id":"https:\/\/www.jornalja.com.br\/arquivo\/category\/notas\/#listItem","name":"NOTAS"}},{"@type":"ListItem","@id":"https:\/\/www.jornalja.com.br\/arquivo\/category\/notas\/#listItem","position":2,"name":"NOTAS","item":"https:\/\/www.jornalja.com.br\/arquivo\/category\/notas\/","nextItem":{"@type":"ListItem","@id":"https:\/\/www.jornalja.com.br\/arquivo\/pf-diz-ter-provas-de-crimes-cometidos-por-temer-e-cupula-do-pmdb-citados-negam\/#listItem","name":"PF diz ter provas de crimes cometidos por Temer e c\u00fapula do PMDB; citados negam"},"previousItem":{"@type":"ListItem","@id":"https:\/\/www.jornalja.com.br\/arquivo#listItem","name":"Home"}},{"@type":"ListItem","@id":"https:\/\/www.jornalja.com.br\/arquivo\/pf-diz-ter-provas-de-crimes-cometidos-por-temer-e-cupula-do-pmdb-citados-negam\/#listItem","position":3,"name":"PF diz ter provas de crimes cometidos por Temer e c\u00fapula do PMDB; citados negam","previousItem":{"@type":"ListItem","@id":"https:\/\/www.jornalja.com.br\/arquivo\/category\/notas\/#listItem","name":"NOTAS"}}]},{"@type":"Organization","@id":"https:\/\/www.jornalja.com.br\/arquivo\/#organization","name":"Jornal J\u00c1","description":"Jornal J\u00c1 | Porto Alegre","url":"https:\/\/www.jornalja.com.br\/arquivo\/","telephone":"+555133307272","logo":{"@type":"ImageObject","url":"https:\/\/www.jornalja.com.br\/wp-content\/uploads\/cards\/JAslogan.png","@id":"https:\/\/www.jornalja.com.br\/arquivo\/pf-diz-ter-provas-de-crimes-cometidos-por-temer-e-cupula-do-pmdb-citados-negam\/#organizationLogo"},"image":{"@id":"https:\/\/www.jornalja.com.br\/arquivo\/pf-diz-ter-provas-de-crimes-cometidos-por-temer-e-cupula-do-pmdb-citados-negam\/#organizationLogo"}},{"@type":"Person","@id":"https:\/\/www.jornalja.com.br\/arquivo\/author\/daredacao\/#author","url":"https:\/\/www.jornalja.com.br\/arquivo\/author\/daredacao\/","name":"da Reda\u00e7\u00e3o","image":{"@type":"ImageObject","@id":"https:\/\/www.jornalja.com.br\/arquivo\/pf-diz-ter-provas-de-crimes-cometidos-por-temer-e-cupula-do-pmdb-citados-negam\/#authorImage","url":"https:\/\/secure.gravatar.com\/avatar\/469fd857d6605ad19919d27ed29d35a968a25f6e8fd9318356bbb7f57aae9c65?s=96&d=mm&r=g","width":96,"height":96,"caption":"da Reda\u00e7\u00e3o"}},{"@type":"WebPage","@id":"https:\/\/www.jornalja.com.br\/arquivo\/pf-diz-ter-provas-de-crimes-cometidos-por-temer-e-cupula-do-pmdb-citados-negam\/#webpage","url":"https:\/\/www.jornalja.com.br\/arquivo\/pf-diz-ter-provas-de-crimes-cometidos-por-temer-e-cupula-do-pmdb-citados-negam\/","name":"PF diz ter provas de crimes cometidos por Temer e c\u00fapula do PMDB; citados negam | Arquivo","inLanguage":"pt-BR","isPartOf":{"@id":"https:\/\/www.jornalja.com.br\/arquivo\/#website"},"breadcrumb":{"@id":"https:\/\/www.jornalja.com.br\/arquivo\/pf-diz-ter-provas-de-crimes-cometidos-por-temer-e-cupula-do-pmdb-citados-negam\/#breadcrumblist"},"author":{"@id":"https:\/\/www.jornalja.com.br\/arquivo\/author\/daredacao\/#author"},"creator":{"@id":"https:\/\/www.jornalja.com.br\/arquivo\/author\/daredacao\/#author"},"datePublished":"2017-09-11T22:10:35-03:00","dateModified":"2017-09-11T22:10:35-03:00"},{"@type":"WebSite","@id":"https:\/\/www.jornalja.com.br\/arquivo\/#website","url":"https:\/\/www.jornalja.com.br\/arquivo\/","name":"Arquivo","description":"Jornal J\u00c1 | Porto Alegre","inLanguage":"pt-BR","publisher":{"@id":"https:\/\/www.jornalja.com.br\/arquivo\/#organization"}}]},"og:locale":"pt_BR","og:site_name":"Arquivo | Jornal J\u00c1 | Porto Alegre","og:type":"article","og:title":"PF diz ter provas de crimes cometidos por Temer e c\u00fapula do PMDB; citados negam | Arquivo","og:url":"https:\/\/www.jornalja.com.br\/arquivo\/pf-diz-ter-provas-de-crimes-cometidos-por-temer-e-cupula-do-pmdb-citados-negam\/","og:image":"https:\/\/www.jornalja.com.br\/economics\/wp-content\/uploads\/sites\/11\/2026\/08\/ja-folhaderosto-facebook.jpg","og:image:secure_url":"https:\/\/www.jornalja.com.br\/economics\/wp-content\/uploads\/sites\/11\/2026\/08\/ja-folhaderosto-facebook.jpg","article:published_time":"2017-09-12T01:10:35+00:00","article:modified_time":"2017-09-12T01:10:35+00:00","twitter:card":"summary","twitter:title":"PF diz ter provas de crimes cometidos por Temer e c\u00fapula do PMDB; citados negam | Arquivo","twitter:image":"https:\/\/www.jornalja.com.br\/economics\/wp-content\/uploads\/sites\/11\/2026\/08\/ja-folhaderosto-facebook.jpg"},"aioseo_meta_data":{"post_id":"54984","title":null,"description":null,"keywords":null,"keyphrases":null,"primary_term":null,"canonical_url":null,"og_title":null,"og_description":null,"og_object_type":"default","og_image_type":"default","og_image_url":null,"og_image_width":null,"og_image_height":null,"og_image_custom_url":null,"og_image_custom_fields":null,"og_video":null,"og_custom_url":null,"og_article_section":null,"og_article_tags":null,"twitter_use_og":false,"twitter_card":"default","twitter_image_type":"default","twitter_image_url":null,"twitter_image_custom_url":null,"twitter_image_custom_fields":null,"twitter_title":null,"twitter_description":null,"schema":{"blockGraphs":[],"customGraphs":[],"default":{"data":{"Article":[],"Course":[],"Dataset":[],"FAQPage":[],"Movie":[],"Person":[],"Product":[],"ProductReview":[],"Car":[],"Recipe":[],"Service":[],"SoftwareApplication":[],"WebPage":[]},"graphName":"","isEnabled":true},"graphs":[],"defaultGraph":"","defaultPostTypeGraph":""},"schema_type":null,"schema_type_options":null,"pillar_content":false,"robots_default":true,"robots_noindex":false,"robots_noarchive":false,"robots_nosnippet":false,"robots_nofollow":false,"robots_noimageindex":false,"robots_noodp":false,"robots_notranslate":false,"robots_max_snippet":null,"robots_max_videopreview":null,"robots_max_imagepreview":"large","priority":null,"frequency":null,"location":null,"local_seo":null,"breadcrumb_settings":null,"limit_modified_date":false,"ai":null,"created":"2020-12-20 20:25:01","updated":"2025-07-20 01:03:32","seo_analyzer_scan_date":null,"focus_keyword":null,"additional_keywords":null,"truseo_locale":null},"jetpack_sharing_enabled":true,"jetpack-related-posts":[{"id":13128,"url":"https:\/\/www.jornalja.com.br\/arquivo\/maconha-terra-diz-que-uso-medicinal-e-desculpa\/","url_meta":{"origin":54984,"position":0},"title":"Maconha: Terra diz que uso medicinal \u00e9 desculpa","author":"Patr\u00edcia Marini","date":"4 de junho de 2014","format":false,"excerpt":"A condi\u00e7\u00e3o de pol\u00edtico, em \u00e9poca de campanha de campanha eleitoral, tira for\u00e7a do discurso do m\u00e9dico Osmar Terra contra a legaliza\u00e7\u00e3o da maconha. A tese dele de que a libera\u00e7\u00e3o vai ampliar exponencialmente o consumo \u00e9 discutivel, o consumo \u00e9 corrente. Mas seus alertas quanto aos riscos tem que\u2026","rel":"","context":"Em &quot;X.Categorias velhas&quot;","block_context":{"text":"X.Categorias velhas","link":"https:\/\/www.jornalja.com.br\/arquivo\/category\/x-categorias-velhas\/"},"img":{"alt_text":"","src":"","width":0,"height":0},"classes":[]},{"id":14241,"url":"https:\/\/www.jornalja.com.br\/arquivo\/o-guaiba-nas-imagens-poeticas-de-achutti\/","url_meta":{"origin":54984,"position":1},"title":"O Gua\u00edba nas imagens po\u00e9ticas de Achutti","author":"da Reda\u00e7\u00e3o","date":"18 de junho de 2014","format":false,"excerpt":"Em \u201cO Gua\u00edba por Achutti\u201d \u2013 obra financiada via Minist\u00e9rio da Cultura, produ\u00e7\u00e3o executiva de Pedro Longhi, e Fl\u00e1vio Wild como designer \u2013, o fot\u00f3grafo revela a beleza e as mazelas de um espa\u00e7o aqu\u00e1tico de \u00e1guas sempre renovadas, cheio de hist\u00f3rias e lendas como as das cidades que foram\u2026","rel":"","context":"Em &quot;Cultura-Geral&quot;","block_context":{"text":"Cultura-Geral","link":"https:\/\/www.jornalja.com.br\/arquivo\/category\/materiasecundaria\/"},"img":{"alt_text":"","src":"","width":0,"height":0},"classes":[]},{"id":13109,"url":"https:\/\/www.jornalja.com.br\/arquivo\/judiciario-reconhece-poluicao-eletromagnetica\/","url_meta":{"origin":54984,"position":2},"title":"Judici\u00e1rio reconhece polui\u00e7\u00e3o eletromagn\u00e9tica","author":"Patr\u00edcia Marini","date":"16 de maio de 2014","format":false,"excerpt":"A\u00e7\u00e3o de duas associa\u00e7\u00f5es de moradores foi acolhida pelo Tribunal de Justi\u00e7a de S\u00e3o Paulo que. em decis\u00e3o in\u00e9dita, determinou a redu\u00e7\u00e3o do campo eletromagn\u00e9tico gerado pelas linhas de transmiss\u00e3o de energia que cortam os bairros City Boa\u00e7ava e Alto de Pinheiros. \u00c9 a primeira vez que um tribunal do\u2026","rel":"","context":"Em &quot;X.Categorias velhas&quot;","block_context":{"text":"X.Categorias velhas","link":"https:\/\/www.jornalja.com.br\/arquivo\/category\/x-categorias-velhas\/"},"img":{"alt_text":"","src":"","width":0,"height":0},"classes":[]},{"id":13240,"url":"https:\/\/www.jornalja.com.br\/arquivo\/plano-diretor-estamos-construindo-o-caos\/","url_meta":{"origin":54984,"position":3},"title":"Plano diretor: &quot;Estamos construindo o caos&quot;","author":"Patr\u00edcia Marini","date":"26 de maio de 2014","format":false,"excerpt":"Desabafo que arquiteta Eliana Castilhos, delegada da Regi\u00e3o de Planejamento 1, postou nas redes sociais \u00e9 um testemunho do ambiente que se criou no Conselho do Plano Diretor de Porto Alegre, onde a aprova\u00e7\u00e3o de grandes empreendimentos \u00e9 empurrada guela abaixo dos conselheiros. Ao CMDUA Como delegada da Regi\u00e3o de\u2026","rel":"","context":"Em &quot;Geral&quot;","block_context":{"text":"Geral","link":"https:\/\/www.jornalja.com.br\/arquivo\/category\/geral\/"},"img":{"alt_text":"","src":"","width":0,"height":0},"classes":[]},{"id":5440,"url":"https:\/\/www.jornalja.com.br\/arquivo\/casarao-da-venancio-destino-permanece-incerto\/","url_meta":{"origin":54984,"position":4},"title":"Estado ainda n\u00e3o sabe o que fazer com casar\u00e3o abandonado h\u00e1 20 anos","author":"Elmar Bones","date":"6 de julho de 2009","format":false,"excerpt":"O casar\u00e3o amarelo, numa esquina nobre de Porto Alegre (Ven\u00e2ncio Aires com Jo\u00e3o Pessoa), j\u00e1 abrigou uma escola. H\u00e1 duas d\u00e9cadas, pelo menos, est\u00e1 abandonado, porque seu propriet\u00e1rio, o governo do Estado do Rio Grande do Sul, n\u00e3o consegue achar um destino para ele. Planos n\u00e3o faltaram. O governador Ol\u00edvio\u2026","rel":"","context":"Em &quot;X.Categorias velhas&quot;","block_context":{"text":"X.Categorias velhas","link":"https:\/\/www.jornalja.com.br\/arquivo\/category\/x-categorias-velhas\/"},"img":{"alt_text":"geraldo1","src":"https:\/\/i0.wp.com\/www.jornalja.com.br\/wp-content\/uploads\/2009\/07\/geraldo1.jpg?resize=350%2C200&ssl=1","width":350,"height":200},"classes":[]},{"id":13124,"url":"https:\/\/www.jornalja.com.br\/arquivo\/sangue-latino-no-iecine\/","url_meta":{"origin":54984,"position":5},"title":"Sangue latino no IECINE","author":"da Reda\u00e7\u00e3o","date":"18 de maio de 2014","format":false,"excerpt":"Francisco Ribeiro O Instituto Estadual de Cinema (IECINE) tem a frente, desde abril \u00faltimo, um novo diretor, o cineasta colombiano Juan Zapata, 36, que substitui Luiz Alberto Cassol. Radicado h\u00e1 dez anos em Porto Alegre, Zapata tem diante de si o desafio de conduzir at\u00e9 o final do ano um\u2026","rel":"","context":"Em &quot;Cultura-Geral&quot;","block_context":{"text":"Cultura-Geral","link":"https:\/\/www.jornalja.com.br\/arquivo\/category\/materiasecundaria\/"},"img":{"alt_text":"","src":"","width":0,"height":0},"classes":[]}],"jetpack_shortlink":"https:\/\/wp.me\/pbQjBd-eiQ","jetpack_featured_media_url":"","_links":{"self":[{"href":"https:\/\/www.jornalja.com.br\/arquivo\/wp-json\/wp\/v2\/posts\/54984","targetHints":{"allow":["GET"]}}],"collection":[{"href":"https:\/\/www.jornalja.com.br\/arquivo\/wp-json\/wp\/v2\/posts"}],"about":[{"href":"https:\/\/www.jornalja.com.br\/arquivo\/wp-json\/wp\/v2\/types\/post"}],"author":[{"embeddable":true,"href":"https:\/\/www.jornalja.com.br\/arquivo\/wp-json\/wp\/v2\/users\/4"}],"replies":[{"embeddable":true,"href":"https:\/\/www.jornalja.com.br\/arquivo\/wp-json\/wp\/v2\/comments?post=54984"}],"version-history":[{"count":0,"href":"https:\/\/www.jornalja.com.br\/arquivo\/wp-json\/wp\/v2\/posts\/54984\/revisions"}],"wp:attachment":[{"href":"https:\/\/www.jornalja.com.br\/arquivo\/wp-json\/wp\/v2\/media?parent=54984"}],"wp:term":[{"taxonomy":"category","embeddable":true,"href":"https:\/\/www.jornalja.com.br\/arquivo\/wp-json\/wp\/v2\/categories?post=54984"},{"taxonomy":"post_tag","embeddable":true,"href":"https:\/\/www.jornalja.com.br\/arquivo\/wp-json\/wp\/v2\/tags?post=54984"}],"curies":[{"name":"wp","href":"https:\/\/api.w.org\/{rel}","templated":true}]}}