{"id":55000,"date":"2017-09-12T21:03:42","date_gmt":"2017-09-13T00:03:42","guid":{"rendered":"https:\/\/www.jornalja.com.br\/?p=55000"},"modified":"2017-09-12T21:03:42","modified_gmt":"2017-09-13T00:03:42","slug":"decreto-sobre-a-cidade-baixa-sera-apresentado-em-reuniao-publica","status":"publish","type":"post","link":"https:\/\/www.jornalja.com.br\/arquivo\/decreto-sobre-a-cidade-baixa-sera-apresentado-em-reuniao-publica\/","title":{"rendered":"Decreto sobre a Cidade Baixa ser\u00e1 apresentado em reuni\u00e3o p\u00fablica no dia 26 de setembro"},"content":{"rendered":"<p>Ap\u00f3s o Minist\u00e9rio P\u00fablico <a href=\"https:\/\/www.jornalja.com.br\/mp-pede-intervencao-da-prefeitura-na-noite-da-cidade-baixa\/\" target=\"_blank\" rel=\"noopener noreferrer\">pedir um plano de interven\u00e7\u00e3o<\/a> da Prefeitura de Porto Alegre no Bairro Cidade Baixa, um Grupo de Trabalho foi criado para discutir o texto de um novo decreto, que substituir\u00e1 o decreto\u00a0<a href=\"http:\/\/www2.portoalegre.rs.gov.br\/cgi-bin\/nph-brs?s1=000032334.DOCN.&amp;l=20&amp;u=%2Fnetahtml%2Fsirel%2Fsimples.html&amp;p=1&amp;r=1&amp;f=G&amp;d=atos&amp;SECT1=TEXT\" target=\"_blank\" rel=\"noopener noreferrer\">17902\/12<\/a>, que estabelece os hor\u00e1rios de fechamentos de estabelecimentos no bairro. O resultado das discuss\u00f5es ser\u00e1 apresentado em uma reuni\u00e3o p\u00fablica, no dia 26 de setembro, \u00e0s 19 h, no Plen\u00e1rio Ana Terra da C\u00e2mara Municipal. O GT \u00e9 formado por representantes da C\u00e2mara Municipal, Prefeitura, associa\u00e7\u00f5es de moradores e de comerciantes da Cidade Baixa.<br \/>\nA data ficou definida em reuni\u00e3o realizada nesta segunda-feira, no gabinete da presid\u00eancia do Legislativo. A reuni\u00e3o foi marcada por cr\u00edticas \u00e0 necessidade de formula\u00e7\u00e3o de um novo decreto e pela defesa de maior fiscaliza\u00e7\u00e3o, da retirada de carros com som alto, da inclus\u00e3o de banheiros p\u00fablicos, mais seguran\u00e7a e limpeza di\u00e1ria na regi\u00e3o.<br \/>\n<figure id=\"attachment_55002\" aria-describedby=\"caption-attachment-55002\" style=\"width: 1150px\" class=\"wp-caption alignnone\"><img loading=\"lazy\" decoding=\"async\" class=\"wp-image-55002 size-full\" src=\"https:\/\/www.jornalja.com.br\/wp-content\/uploads\/2017\/09\/CPB3655.jpg\" alt=\"\" width=\"1150\" height=\"616\" \/><figcaption id=\"caption-attachment-55002\" class=\"wp-caption-text\">Texto do novo decreto foi elaborado em reuni\u00f5es entre Prefeitura, C\u00e2mara, e associa\u00e7\u00f5es de moradores e comerciantes \/ Candace Bauer \/ CMPA<\/figcaption><\/figure><br \/>\nO novo decreto versar\u00e1 sobre a proibi\u00e7\u00e3o da venda de qualquer bebida por ambulantes na Rua Jo\u00e3o Alfredo. O presidente da C\u00e2mara, Cassio Trogildo (PTB), enfatizou a import\u00e2ncia de melhorias constantes aos processos que buscam o desenvolvimento econ\u00f4mico e social na Cidade Baixa, defendendo a flexibiliza\u00e7\u00e3o da legisla\u00e7\u00e3o com rela\u00e7\u00e3o ao hor\u00e1rio de funcionamento dos bares, restaurantes, pizzarias, lancherias e caf\u00e9s, que n\u00e3o t\u00eam a caracter\u00edstica de entretenimento noturno.<br \/>\nA representante da Associa\u00e7\u00e3o dos Comerciantes da Cidade Baixa, Maria Isabel Nehme, declarou que a quest\u00e3o do hor\u00e1rio dos estabelecimentos comerciais n\u00e3o resolver\u00e1 os problemas relacionados ao movimento do bairro, \u00e0 seguran\u00e7a e aos importunos aos moradores. Ela citou ainda as quest\u00f5es que envolvem os ambulantes, \u201cque geram barulho nas ruas\u201d. Al\u00e9m disso, representantes do Movimento Viva Cidade Baixa reivindicaram uma legisla\u00e7\u00e3o que reconhe\u00e7a e valorize o bairro \u201ccomo um centro de resist\u00eancias e manifesta\u00e7\u00f5es culturais\u201d, ao salientarem os movimentos hist\u00f3ricos e eventos tradicionais do local.<br \/>\nA revis\u00e3o do decreto \u00e9 uma das medidas solicitadas pela Promotoria de Justi\u00e7a de Defesa do Meio Ambiente. Os promotores recomendaram o fechamento dos bares \u00e0 meia-noite, cobraram a fiscaliza\u00e7\u00e3o em rela\u00e7\u00e3o aos ambulantes e a suspens\u00e3o da emiss\u00e3o de alvar\u00e1s provis\u00f3rios. Segundo os promotores, o Bairro Cidade Baixa vem sofrendo, desde 1999, um grave processo de desregulamenta\u00e7\u00e3o em rela\u00e7\u00e3o a outras \u00e1reas da cidade.<br \/>\nA iniciativa foi justificada pelas reclama\u00e7\u00f5es de moradores em rela\u00e7\u00e3o ao hor\u00e1rio de funcionamento das casas noturnas e a estabelecimentos que funcionam em desacordo com os respectivos licenciamentos.<\/p>\n","protected":false},"excerpt":{"rendered":"<p>Ap\u00f3s o Minist\u00e9rio P\u00fablico pedir um plano de interven\u00e7\u00e3o da Prefeitura de Porto Alegre no Bairro Cidade Baixa, um Grupo de Trabalho foi criado para discutir o texto de um novo decreto, que substituir\u00e1 o decreto\u00a017902\/12, que estabelece os hor\u00e1rios de fechamentos de estabelecimentos no bairro. O resultado das discuss\u00f5es ser\u00e1 apresentado em uma reuni\u00e3o [&hellip;]<\/p>\n","protected":false},"author":4,"featured_media":48399,"comment_status":"open","ping_status":"closed","sticky":false,"template":"","format":"standard","meta":{"_jetpack_newsletter_access":"","_jetpack_dont_email_post_to_subs":false,"_jetpack_newsletter_tier_id":0,"_jetpack_memberships_contains_paywalled_content":false,"_jetpack_feature_clip_id":0,"_jetpack_memberships_contains_paid_content":false,"footnotes":"","jetpack_post_was_ever_published":false},"categories":[26],"tags":[],"class_list":["post-55000","post","type-post","status-publish","format-standard","has-post-thumbnail","hentry","category-geral"],"aioseo_notices":[],"aioseo_head":"\n\t\t<!-- All in One SEO 5.0.1.1 - aioseo.com -->\n\t<meta name=\"robots\" content=\"max-image-preview:large\" \/>\n\t<meta name=\"author\" content=\"da Reda\u00e7\u00e3o\"\/>\n\t<link rel=\"canonical\" href=\"https:\/\/www.jornalja.com.br\/arquivo\/decreto-sobre-a-cidade-baixa-sera-apresentado-em-reuniao-publica\/\" \/>\n\t<meta name=\"generator\" content=\"All in One SEO (AIOSEO) 5.0.1.1\" \/>\n\t\t<meta property=\"og:locale\" content=\"pt_BR\" \/>\n\t\t<meta property=\"og:site_name\" content=\"Arquivo | Jornal J\u00c1 | Porto Alegre\" \/>\n\t\t<meta property=\"og:type\" content=\"article\" \/>\n\t\t<meta property=\"og:title\" content=\"Decreto sobre a Cidade Baixa ser\u00e1 apresentado em reuni\u00e3o p\u00fablica no dia 26 de setembro | Arquivo\" \/>\n\t\t<meta property=\"og:url\" content=\"https:\/\/www.jornalja.com.br\/arquivo\/decreto-sobre-a-cidade-baixa-sera-apresentado-em-reuniao-publica\/\" \/>\n\t\t<meta property=\"og:image\" content=\"https:\/\/www.jornalja.com.br\/wp-content\/uploads\/2017\/09\/CPB3655.jpg\" \/>\n\t\t<meta property=\"og:image:secure_url\" content=\"https:\/\/www.jornalja.com.br\/wp-content\/uploads\/2017\/09\/CPB3655.jpg\" \/>\n\t\t<meta property=\"article:published_time\" content=\"2017-09-13T00:03:42+00:00\" \/>\n\t\t<meta property=\"article:modified_time\" content=\"2017-09-13T00:03:42+00:00\" \/>\n\t\t<meta name=\"twitter:card\" content=\"summary\" \/>\n\t\t<meta name=\"twitter:title\" content=\"Decreto sobre a Cidade Baixa ser\u00e1 apresentado em reuni\u00e3o p\u00fablica no dia 26 de setembro | Arquivo\" \/>\n\t\t<meta name=\"twitter:image\" content=\"https:\/\/www.jornalja.com.br\/economics\/wp-content\/uploads\/sites\/11\/2026\/08\/ja-folhaderosto-facebook.jpg\" \/>\n\t\t<script type=\"application\/ld+json\" class=\"aioseo-schema\">\n\t\t\t{\"@context\":\"https:\\\/\\\/schema.org\",\"@graph\":[{\"@type\":\"BlogPosting\",\"@id\":\"https:\\\/\\\/www.jornalja.com.br\\\/arquivo\\\/decreto-sobre-a-cidade-baixa-sera-apresentado-em-reuniao-publica\\\/#blogposting\",\"name\":\"Decreto sobre a Cidade Baixa ser\\u00e1 apresentado em reuni\\u00e3o p\\u00fablica no dia 26 de setembro | Arquivo\",\"headline\":\"Decreto sobre a Cidade Baixa ser\\u00e1 apresentado em reuni\\u00e3o p\\u00fablica no dia 26 de setembro\",\"author\":{\"@id\":\"https:\\\/\\\/www.jornalja.com.br\\\/arquivo\\\/author\\\/daredacao\\\/#author\"},\"publisher\":{\"@id\":\"https:\\\/\\\/www.jornalja.com.br\\\/arquivo\\\/#organization\"},\"image\":{\"@type\":\"ImageObject\",\"url\":48399},\"datePublished\":\"2017-09-12T21:03:42-03:00\",\"dateModified\":\"2017-09-12T21:03:42-03:00\",\"inLanguage\":\"pt-BR\",\"mainEntityOfPage\":{\"@id\":\"https:\\\/\\\/www.jornalja.com.br\\\/arquivo\\\/decreto-sobre-a-cidade-baixa-sera-apresentado-em-reuniao-publica\\\/#webpage\"},\"isPartOf\":{\"@id\":\"https:\\\/\\\/www.jornalja.com.br\\\/arquivo\\\/decreto-sobre-a-cidade-baixa-sera-apresentado-em-reuniao-publica\\\/#webpage\"},\"articleSection\":\"Geral\"},{\"@type\":\"BreadcrumbList\",\"@id\":\"https:\\\/\\\/www.jornalja.com.br\\\/arquivo\\\/decreto-sobre-a-cidade-baixa-sera-apresentado-em-reuniao-publica\\\/#breadcrumblist\",\"itemListElement\":[{\"@type\":\"ListItem\",\"@id\":\"https:\\\/\\\/www.jornalja.com.br\\\/arquivo#listItem\",\"position\":1,\"name\":\"Home\",\"item\":\"https:\\\/\\\/www.jornalja.com.br\\\/arquivo\",\"nextItem\":{\"@type\":\"ListItem\",\"@id\":\"https:\\\/\\\/www.jornalja.com.br\\\/arquivo\\\/category\\\/geral\\\/#listItem\",\"name\":\"Geral\"}},{\"@type\":\"ListItem\",\"@id\":\"https:\\\/\\\/www.jornalja.com.br\\\/arquivo\\\/category\\\/geral\\\/#listItem\",\"position\":2,\"name\":\"Geral\",\"item\":\"https:\\\/\\\/www.jornalja.com.br\\\/arquivo\\\/category\\\/geral\\\/\",\"nextItem\":{\"@type\":\"ListItem\",\"@id\":\"https:\\\/\\\/www.jornalja.com.br\\\/arquivo\\\/decreto-sobre-a-cidade-baixa-sera-apresentado-em-reuniao-publica\\\/#listItem\",\"name\":\"Decreto sobre a Cidade Baixa ser\\u00e1 apresentado em reuni\\u00e3o p\\u00fablica no dia 26 de setembro\"},\"previousItem\":{\"@type\":\"ListItem\",\"@id\":\"https:\\\/\\\/www.jornalja.com.br\\\/arquivo#listItem\",\"name\":\"Home\"}},{\"@type\":\"ListItem\",\"@id\":\"https:\\\/\\\/www.jornalja.com.br\\\/arquivo\\\/decreto-sobre-a-cidade-baixa-sera-apresentado-em-reuniao-publica\\\/#listItem\",\"position\":3,\"name\":\"Decreto sobre a Cidade Baixa ser\\u00e1 apresentado em reuni\\u00e3o p\\u00fablica no dia 26 de setembro\",\"previousItem\":{\"@type\":\"ListItem\",\"@id\":\"https:\\\/\\\/www.jornalja.com.br\\\/arquivo\\\/category\\\/geral\\\/#listItem\",\"name\":\"Geral\"}}]},{\"@type\":\"Organization\",\"@id\":\"https:\\\/\\\/www.jornalja.com.br\\\/arquivo\\\/#organization\",\"name\":\"Jornal J\\u00c1\",\"description\":\"Jornal J\\u00c1 | Porto Alegre\",\"url\":\"https:\\\/\\\/www.jornalja.com.br\\\/arquivo\\\/\",\"telephone\":\"+555133307272\",\"logo\":{\"@type\":\"ImageObject\",\"url\":\"https:\\\/\\\/www.jornalja.com.br\\\/wp-content\\\/uploads\\\/cards\\\/JAslogan.png\",\"@id\":\"https:\\\/\\\/www.jornalja.com.br\\\/arquivo\\\/decreto-sobre-a-cidade-baixa-sera-apresentado-em-reuniao-publica\\\/#organizationLogo\"},\"image\":{\"@id\":\"https:\\\/\\\/www.jornalja.com.br\\\/arquivo\\\/decreto-sobre-a-cidade-baixa-sera-apresentado-em-reuniao-publica\\\/#organizationLogo\"}},{\"@type\":\"Person\",\"@id\":\"https:\\\/\\\/www.jornalja.com.br\\\/arquivo\\\/author\\\/daredacao\\\/#author\",\"url\":\"https:\\\/\\\/www.jornalja.com.br\\\/arquivo\\\/author\\\/daredacao\\\/\",\"name\":\"da Reda\\u00e7\\u00e3o\",\"image\":{\"@type\":\"ImageObject\",\"@id\":\"https:\\\/\\\/www.jornalja.com.br\\\/arquivo\\\/decreto-sobre-a-cidade-baixa-sera-apresentado-em-reuniao-publica\\\/#authorImage\",\"url\":\"https:\\\/\\\/secure.gravatar.com\\\/avatar\\\/469fd857d6605ad19919d27ed29d35a968a25f6e8fd9318356bbb7f57aae9c65?s=96&d=mm&r=g\",\"width\":96,\"height\":96,\"caption\":\"da Reda\\u00e7\\u00e3o\"}},{\"@type\":\"WebPage\",\"@id\":\"https:\\\/\\\/www.jornalja.com.br\\\/arquivo\\\/decreto-sobre-a-cidade-baixa-sera-apresentado-em-reuniao-publica\\\/#webpage\",\"url\":\"https:\\\/\\\/www.jornalja.com.br\\\/arquivo\\\/decreto-sobre-a-cidade-baixa-sera-apresentado-em-reuniao-publica\\\/\",\"name\":\"Decreto sobre a Cidade Baixa ser\\u00e1 apresentado em reuni\\u00e3o p\\u00fablica no dia 26 de setembro | Arquivo\",\"inLanguage\":\"pt-BR\",\"isPartOf\":{\"@id\":\"https:\\\/\\\/www.jornalja.com.br\\\/arquivo\\\/#website\"},\"breadcrumb\":{\"@id\":\"https:\\\/\\\/www.jornalja.com.br\\\/arquivo\\\/decreto-sobre-a-cidade-baixa-sera-apresentado-em-reuniao-publica\\\/#breadcrumblist\"},\"author\":{\"@id\":\"https:\\\/\\\/www.jornalja.com.br\\\/arquivo\\\/author\\\/daredacao\\\/#author\"},\"creator\":{\"@id\":\"https:\\\/\\\/www.jornalja.com.br\\\/arquivo\\\/author\\\/daredacao\\\/#author\"},\"image\":{\"@type\":\"ImageObject\",\"url\":48399,\"@id\":\"https:\\\/\\\/www.jornalja.com.br\\\/arquivo\\\/decreto-sobre-a-cidade-baixa-sera-apresentado-em-reuniao-publica\\\/#mainImage\"},\"primaryImageOfPage\":{\"@id\":\"https:\\\/\\\/www.jornalja.com.br\\\/arquivo\\\/decreto-sobre-a-cidade-baixa-sera-apresentado-em-reuniao-publica\\\/#mainImage\"},\"datePublished\":\"2017-09-12T21:03:42-03:00\",\"dateModified\":\"2017-09-12T21:03:42-03:00\"},{\"@type\":\"WebSite\",\"@id\":\"https:\\\/\\\/www.jornalja.com.br\\\/arquivo\\\/#website\",\"url\":\"https:\\\/\\\/www.jornalja.com.br\\\/arquivo\\\/\",\"name\":\"Arquivo\",\"description\":\"Jornal J\\u00c1 | Porto Alegre\",\"inLanguage\":\"pt-BR\",\"publisher\":{\"@id\":\"https:\\\/\\\/www.jornalja.com.br\\\/arquivo\\\/#organization\"}}]}\n\t\t<\/script>\n\t\t<!-- All in One SEO -->\n\n","aioseo_head_json":{"title":"Decreto sobre a Cidade Baixa ser\u00e1 apresentado em reuni\u00e3o p\u00fablica no dia 26 de setembro | Arquivo","description":"","canonical_url":"https:\/\/www.jornalja.com.br\/arquivo\/decreto-sobre-a-cidade-baixa-sera-apresentado-em-reuniao-publica\/","robots":"max-image-preview:large","keywords":"","webmasterTools":{"miscellaneous":""},"schema":{"@context":"https:\/\/schema.org","@graph":[{"@type":"BlogPosting","@id":"https:\/\/www.jornalja.com.br\/arquivo\/decreto-sobre-a-cidade-baixa-sera-apresentado-em-reuniao-publica\/#blogposting","name":"Decreto sobre a Cidade Baixa ser\u00e1 apresentado em reuni\u00e3o p\u00fablica no dia 26 de setembro | Arquivo","headline":"Decreto sobre a Cidade Baixa ser\u00e1 apresentado em reuni\u00e3o p\u00fablica no dia 26 de setembro","author":{"@id":"https:\/\/www.jornalja.com.br\/arquivo\/author\/daredacao\/#author"},"publisher":{"@id":"https:\/\/www.jornalja.com.br\/arquivo\/#organization"},"image":{"@type":"ImageObject","url":48399},"datePublished":"2017-09-12T21:03:42-03:00","dateModified":"2017-09-12T21:03:42-03:00","inLanguage":"pt-BR","mainEntityOfPage":{"@id":"https:\/\/www.jornalja.com.br\/arquivo\/decreto-sobre-a-cidade-baixa-sera-apresentado-em-reuniao-publica\/#webpage"},"isPartOf":{"@id":"https:\/\/www.jornalja.com.br\/arquivo\/decreto-sobre-a-cidade-baixa-sera-apresentado-em-reuniao-publica\/#webpage"},"articleSection":"Geral"},{"@type":"BreadcrumbList","@id":"https:\/\/www.jornalja.com.br\/arquivo\/decreto-sobre-a-cidade-baixa-sera-apresentado-em-reuniao-publica\/#breadcrumblist","itemListElement":[{"@type":"ListItem","@id":"https:\/\/www.jornalja.com.br\/arquivo#listItem","position":1,"name":"Home","item":"https:\/\/www.jornalja.com.br\/arquivo","nextItem":{"@type":"ListItem","@id":"https:\/\/www.jornalja.com.br\/arquivo\/category\/geral\/#listItem","name":"Geral"}},{"@type":"ListItem","@id":"https:\/\/www.jornalja.com.br\/arquivo\/category\/geral\/#listItem","position":2,"name":"Geral","item":"https:\/\/www.jornalja.com.br\/arquivo\/category\/geral\/","nextItem":{"@type":"ListItem","@id":"https:\/\/www.jornalja.com.br\/arquivo\/decreto-sobre-a-cidade-baixa-sera-apresentado-em-reuniao-publica\/#listItem","name":"Decreto sobre a Cidade Baixa ser\u00e1 apresentado em reuni\u00e3o p\u00fablica no dia 26 de setembro"},"previousItem":{"@type":"ListItem","@id":"https:\/\/www.jornalja.com.br\/arquivo#listItem","name":"Home"}},{"@type":"ListItem","@id":"https:\/\/www.jornalja.com.br\/arquivo\/decreto-sobre-a-cidade-baixa-sera-apresentado-em-reuniao-publica\/#listItem","position":3,"name":"Decreto sobre a Cidade Baixa ser\u00e1 apresentado em reuni\u00e3o p\u00fablica no dia 26 de setembro","previousItem":{"@type":"ListItem","@id":"https:\/\/www.jornalja.com.br\/arquivo\/category\/geral\/#listItem","name":"Geral"}}]},{"@type":"Organization","@id":"https:\/\/www.jornalja.com.br\/arquivo\/#organization","name":"Jornal J\u00c1","description":"Jornal J\u00c1 | Porto Alegre","url":"https:\/\/www.jornalja.com.br\/arquivo\/","telephone":"+555133307272","logo":{"@type":"ImageObject","url":"https:\/\/www.jornalja.com.br\/wp-content\/uploads\/cards\/JAslogan.png","@id":"https:\/\/www.jornalja.com.br\/arquivo\/decreto-sobre-a-cidade-baixa-sera-apresentado-em-reuniao-publica\/#organizationLogo"},"image":{"@id":"https:\/\/www.jornalja.com.br\/arquivo\/decreto-sobre-a-cidade-baixa-sera-apresentado-em-reuniao-publica\/#organizationLogo"}},{"@type":"Person","@id":"https:\/\/www.jornalja.com.br\/arquivo\/author\/daredacao\/#author","url":"https:\/\/www.jornalja.com.br\/arquivo\/author\/daredacao\/","name":"da Reda\u00e7\u00e3o","image":{"@type":"ImageObject","@id":"https:\/\/www.jornalja.com.br\/arquivo\/decreto-sobre-a-cidade-baixa-sera-apresentado-em-reuniao-publica\/#authorImage","url":"https:\/\/secure.gravatar.com\/avatar\/469fd857d6605ad19919d27ed29d35a968a25f6e8fd9318356bbb7f57aae9c65?s=96&d=mm&r=g","width":96,"height":96,"caption":"da Reda\u00e7\u00e3o"}},{"@type":"WebPage","@id":"https:\/\/www.jornalja.com.br\/arquivo\/decreto-sobre-a-cidade-baixa-sera-apresentado-em-reuniao-publica\/#webpage","url":"https:\/\/www.jornalja.com.br\/arquivo\/decreto-sobre-a-cidade-baixa-sera-apresentado-em-reuniao-publica\/","name":"Decreto sobre a Cidade Baixa ser\u00e1 apresentado em reuni\u00e3o p\u00fablica no dia 26 de setembro | Arquivo","inLanguage":"pt-BR","isPartOf":{"@id":"https:\/\/www.jornalja.com.br\/arquivo\/#website"},"breadcrumb":{"@id":"https:\/\/www.jornalja.com.br\/arquivo\/decreto-sobre-a-cidade-baixa-sera-apresentado-em-reuniao-publica\/#breadcrumblist"},"author":{"@id":"https:\/\/www.jornalja.com.br\/arquivo\/author\/daredacao\/#author"},"creator":{"@id":"https:\/\/www.jornalja.com.br\/arquivo\/author\/daredacao\/#author"},"image":{"@type":"ImageObject","url":48399,"@id":"https:\/\/www.jornalja.com.br\/arquivo\/decreto-sobre-a-cidade-baixa-sera-apresentado-em-reuniao-publica\/#mainImage"},"primaryImageOfPage":{"@id":"https:\/\/www.jornalja.com.br\/arquivo\/decreto-sobre-a-cidade-baixa-sera-apresentado-em-reuniao-publica\/#mainImage"},"datePublished":"2017-09-12T21:03:42-03:00","dateModified":"2017-09-12T21:03:42-03:00"},{"@type":"WebSite","@id":"https:\/\/www.jornalja.com.br\/arquivo\/#website","url":"https:\/\/www.jornalja.com.br\/arquivo\/","name":"Arquivo","description":"Jornal J\u00c1 | Porto Alegre","inLanguage":"pt-BR","publisher":{"@id":"https:\/\/www.jornalja.com.br\/arquivo\/#organization"}}]},"og:locale":"pt_BR","og:site_name":"Arquivo | Jornal J\u00c1 | Porto Alegre","og:type":"article","og:title":"Decreto sobre a Cidade Baixa ser\u00e1 apresentado em reuni\u00e3o p\u00fablica no dia 26 de setembro | Arquivo","og:url":"https:\/\/www.jornalja.com.br\/arquivo\/decreto-sobre-a-cidade-baixa-sera-apresentado-em-reuniao-publica\/","og:image":"https:\/\/www.jornalja.com.br\/wp-content\/uploads\/2017\/09\/CPB3655.jpg","og:image:secure_url":"https:\/\/www.jornalja.com.br\/wp-content\/uploads\/2017\/09\/CPB3655.jpg","article:published_time":"2017-09-13T00:03:42+00:00","article:modified_time":"2017-09-13T00:03:42+00:00","twitter:card":"summary","twitter:title":"Decreto sobre a Cidade Baixa ser\u00e1 apresentado em reuni\u00e3o p\u00fablica no dia 26 de setembro | Arquivo","twitter:image":"https:\/\/www.jornalja.com.br\/economics\/wp-content\/uploads\/sites\/11\/2026\/08\/ja-folhaderosto-facebook.jpg"},"aioseo_meta_data":{"post_id":"55000","title":null,"description":null,"keywords":null,"keyphrases":null,"primary_term":null,"canonical_url":null,"og_title":null,"og_description":null,"og_object_type":"default","og_image_type":"default","og_image_url":null,"og_image_width":null,"og_image_height":null,"og_image_custom_url":null,"og_image_custom_fields":null,"og_video":null,"og_custom_url":null,"og_article_section":null,"og_article_tags":null,"twitter_use_og":false,"twitter_card":"default","twitter_image_type":"default","twitter_image_url":null,"twitter_image_custom_url":null,"twitter_image_custom_fields":null,"twitter_title":null,"twitter_description":null,"schema":{"blockGraphs":[],"customGraphs":[],"default":{"data":{"Article":[],"Course":[],"Dataset":[],"FAQPage":[],"Movie":[],"Person":[],"Product":[],"ProductReview":[],"Car":[],"Recipe":[],"Service":[],"SoftwareApplication":[],"WebPage":[]},"graphName":"","isEnabled":true},"graphs":[]},"schema_type":null,"schema_type_options":null,"pillar_content":false,"robots_default":true,"robots_noindex":false,"robots_noarchive":false,"robots_nosnippet":false,"robots_nofollow":false,"robots_noimageindex":false,"robots_noodp":false,"robots_notranslate":false,"robots_max_snippet":null,"robots_max_videopreview":null,"robots_max_imagepreview":"large","priority":null,"frequency":null,"location":null,"local_seo":null,"breadcrumb_settings":null,"limit_modified_date":false,"ai":null,"created":"2020-12-20 20:25:01","updated":"2025-07-20 01:04:26","seo_analyzer_scan_date":null,"focus_keyword":null,"additional_keywords":null,"truseo_locale":null},"jetpack_sharing_enabled":true,"jetpack-related-posts":[{"id":13109,"url":"https:\/\/www.jornalja.com.br\/arquivo\/judiciario-reconhece-poluicao-eletromagnetica\/","url_meta":{"origin":55000,"position":0},"title":"Judici\u00e1rio reconhece polui\u00e7\u00e3o eletromagn\u00e9tica","author":"Patr\u00edcia Marini","date":"16 de maio de 2014","format":false,"excerpt":"A\u00e7\u00e3o de duas associa\u00e7\u00f5es de moradores foi acolhida pelo Tribunal de Justi\u00e7a de S\u00e3o Paulo que. em decis\u00e3o in\u00e9dita, determinou a redu\u00e7\u00e3o do campo eletromagn\u00e9tico gerado pelas linhas de transmiss\u00e3o de energia que cortam os bairros City Boa\u00e7ava e Alto de Pinheiros. \u00c9 a primeira vez que um tribunal do\u2026","rel":"","context":"Em &quot;X.Categorias velhas&quot;","block_context":{"text":"X.Categorias velhas","link":"https:\/\/www.jornalja.com.br\/arquivo\/category\/x-categorias-velhas\/"},"img":{"alt_text":"","src":"","width":0,"height":0},"classes":[]},{"id":14241,"url":"https:\/\/www.jornalja.com.br\/arquivo\/o-guaiba-nas-imagens-poeticas-de-achutti\/","url_meta":{"origin":55000,"position":1},"title":"O Gua\u00edba nas imagens po\u00e9ticas de Achutti","author":"da Reda\u00e7\u00e3o","date":"18 de junho de 2014","format":false,"excerpt":"Em \u201cO Gua\u00edba por Achutti\u201d \u2013 obra financiada via Minist\u00e9rio da Cultura, produ\u00e7\u00e3o executiva de Pedro Longhi, e Fl\u00e1vio Wild como designer \u2013, o fot\u00f3grafo revela a beleza e as mazelas de um espa\u00e7o aqu\u00e1tico de \u00e1guas sempre renovadas, cheio de hist\u00f3rias e lendas como as das cidades que foram\u2026","rel":"","context":"Em &quot;Cultura-Geral&quot;","block_context":{"text":"Cultura-Geral","link":"https:\/\/www.jornalja.com.br\/arquivo\/category\/materiasecundaria\/"},"img":{"alt_text":"","src":"","width":0,"height":0},"classes":[]},{"id":13240,"url":"https:\/\/www.jornalja.com.br\/arquivo\/plano-diretor-estamos-construindo-o-caos\/","url_meta":{"origin":55000,"position":2},"title":"Plano diretor: &quot;Estamos construindo o caos&quot;","author":"Patr\u00edcia Marini","date":"26 de maio de 2014","format":false,"excerpt":"Desabafo que arquiteta Eliana Castilhos, delegada da Regi\u00e3o de Planejamento 1, postou nas redes sociais \u00e9 um testemunho do ambiente que se criou no Conselho do Plano Diretor de Porto Alegre, onde a aprova\u00e7\u00e3o de grandes empreendimentos \u00e9 empurrada guela abaixo dos conselheiros. Ao CMDUA Como delegada da Regi\u00e3o de\u2026","rel":"","context":"Em &quot;Geral&quot;","block_context":{"text":"Geral","link":"https:\/\/www.jornalja.com.br\/arquivo\/category\/geral\/"},"img":{"alt_text":"","src":"","width":0,"height":0},"classes":[]},{"id":12960,"url":"https:\/\/www.jornalja.com.br\/arquivo\/populacao-culpa-empresas-pela-greve-dos-rodoviarios\/","url_meta":{"origin":55000,"position":3},"title":"Popula\u00e7\u00e3o culpa empresas pela greve","author":"Patr\u00edcia Marini","date":"14 de fevereiro de 2014","format":false,"excerpt":"Pesquisa divulgada na edi\u00e7\u00e3o do jornal Metro desta sexta-feira,14, comprova o velho ditado: \u00e9 poss\u00edvel enganar muitos por algum tempo, mas n\u00e3o \u00e9 poss\u00edvel enganar a todos o tempo inteiro. A principal revela\u00e7\u00e3o foi que 59,8% dos entrevistados apontaram as empresas como as principais respons\u00e1veis pela grave e 46% culparam\u2026","rel":"","context":"Em &quot;X.Categorias velhas&quot;","block_context":{"text":"X.Categorias velhas","link":"https:\/\/www.jornalja.com.br\/arquivo\/category\/x-categorias-velhas\/"},"img":{"alt_text":"","src":"","width":0,"height":0},"classes":[]},{"id":13124,"url":"https:\/\/www.jornalja.com.br\/arquivo\/sangue-latino-no-iecine\/","url_meta":{"origin":55000,"position":4},"title":"Sangue latino no IECINE","author":"da Reda\u00e7\u00e3o","date":"18 de maio de 2014","format":false,"excerpt":"Francisco Ribeiro O Instituto Estadual de Cinema (IECINE) tem a frente, desde abril \u00faltimo, um novo diretor, o cineasta colombiano Juan Zapata, 36, que substitui Luiz Alberto Cassol. Radicado h\u00e1 dez anos em Porto Alegre, Zapata tem diante de si o desafio de conduzir at\u00e9 o final do ano um\u2026","rel":"","context":"Em &quot;Cultura-Geral&quot;","block_context":{"text":"Cultura-Geral","link":"https:\/\/www.jornalja.com.br\/arquivo\/category\/materiasecundaria\/"},"img":{"alt_text":"","src":"","width":0,"height":0},"classes":[]},{"id":5440,"url":"https:\/\/www.jornalja.com.br\/arquivo\/casarao-da-venancio-destino-permanece-incerto\/","url_meta":{"origin":55000,"position":5},"title":"Estado ainda n\u00e3o sabe o que fazer com casar\u00e3o abandonado h\u00e1 20 anos","author":"Elmar Bones","date":"6 de julho de 2009","format":false,"excerpt":"O casar\u00e3o amarelo, numa esquina nobre de Porto Alegre (Ven\u00e2ncio Aires com Jo\u00e3o Pessoa), j\u00e1 abrigou uma escola. H\u00e1 duas d\u00e9cadas, pelo menos, est\u00e1 abandonado, porque seu propriet\u00e1rio, o governo do Estado do Rio Grande do Sul, n\u00e3o consegue achar um destino para ele. Planos n\u00e3o faltaram. O governador Ol\u00edvio\u2026","rel":"","context":"Em &quot;X.Categorias velhas&quot;","block_context":{"text":"X.Categorias velhas","link":"https:\/\/www.jornalja.com.br\/arquivo\/category\/x-categorias-velhas\/"},"img":{"alt_text":"geraldo1","src":"https:\/\/i0.wp.com\/www.jornalja.com.br\/wp-content\/uploads\/2009\/07\/geraldo1.jpg?resize=350%2C200&ssl=1","width":350,"height":200},"classes":[]}],"jetpack_shortlink":"https:\/\/wp.me\/pbQjBd-ej6","jetpack_featured_media_url":"","_links":{"self":[{"href":"https:\/\/www.jornalja.com.br\/arquivo\/wp-json\/wp\/v2\/posts\/55000","targetHints":{"allow":["GET"]}}],"collection":[{"href":"https:\/\/www.jornalja.com.br\/arquivo\/wp-json\/wp\/v2\/posts"}],"about":[{"href":"https:\/\/www.jornalja.com.br\/arquivo\/wp-json\/wp\/v2\/types\/post"}],"author":[{"embeddable":true,"href":"https:\/\/www.jornalja.com.br\/arquivo\/wp-json\/wp\/v2\/users\/4"}],"replies":[{"embeddable":true,"href":"https:\/\/www.jornalja.com.br\/arquivo\/wp-json\/wp\/v2\/comments?post=55000"}],"version-history":[{"count":0,"href":"https:\/\/www.jornalja.com.br\/arquivo\/wp-json\/wp\/v2\/posts\/55000\/revisions"}],"wp:attachment":[{"href":"https:\/\/www.jornalja.com.br\/arquivo\/wp-json\/wp\/v2\/media?parent=55000"}],"wp:term":[{"taxonomy":"category","embeddable":true,"href":"https:\/\/www.jornalja.com.br\/arquivo\/wp-json\/wp\/v2\/categories?post=55000"},{"taxonomy":"post_tag","embeddable":true,"href":"https:\/\/www.jornalja.com.br\/arquivo\/wp-json\/wp\/v2\/tags?post=55000"}],"curies":[{"name":"wp","href":"https:\/\/api.w.org\/{rel}","templated":true}]}}