{"id":55049,"date":"2017-09-13T02:09:44","date_gmt":"2017-09-13T05:09:44","guid":{"rendered":"https:\/\/www.jornalja.com.br\/?p=55049"},"modified":"2017-09-13T02:09:44","modified_gmt":"2017-09-13T05:09:44","slug":"ativistas-defendem-liberdade-de-expressao-e-cultura-lgbtt-em-manifestacao-na-frente-do-santander-cultural","status":"publish","type":"post","link":"https:\/\/www.jornalja.com.br\/arquivo\/ativistas-defendem-liberdade-de-expressao-e-cultura-lgbtt-em-manifestacao-na-frente-do-santander-cultural\/","title":{"rendered":"Ativistas defendem liberdade de express\u00e3o e cultura LGBTT em manifesta\u00e7\u00e3o na frente do Santander Cultural"},"content":{"rendered":"<p>Foi uma tarde repleta de acontecimentos. O ato liderado por artistas, grupos e movimentos LGBTT contra o cancelamento da exposi\u00e7\u00e3o &#8220;Queermuseu &#8211; Cartografias da diferen\u00e7a na Am\u00e9rica Latina&#8221; teve apresenta\u00e7\u00f5es art\u00edsticas, discursos em defesa da diversidade e da comunidade LGBTT, rezas, discuss\u00f5es e terminou com a\u00e7\u00e3o violenta da tropa de choque com g\u00e1s e bombas de efeito moral.<br \/>\nA manifesta\u00e7\u00e3o come\u00e7ou por volta das 15h30, hor\u00e1rio do evento marcado pelas redes sociais. Diversas pessoas com bandeiras, faixas e cartazes posicionaram-se a favor da liberdade de express\u00e3o e em defesa da cultura LGBTT. Tudo em frente ao Santander Cultural, de portas trancadas ao p\u00fablico.<br \/>\n<figure id=\"attachment_55067\" aria-describedby=\"caption-attachment-55067\" style=\"width: 1150px\" class=\"wp-caption alignnone\"><img loading=\"lazy\" decoding=\"async\" class=\"wp-image-55067 size-full\" src=\"https:\/\/www.jornalja.com.br\/wp-content\/uploads\/2017\/09\/21744935_10208534483074341_879108560_o.jpg\" alt=\"\" width=\"1150\" height=\"764\" \/><figcaption id=\"caption-attachment-55067\" class=\"wp-caption-text\">Contra o fechamento, manifestantes lotaram a frente do Santander Cultural \/ Ricardo Stricher \/ J\u00c1<\/figcaption><\/figure><br \/>\nFoi quando apareceu um pequeno grupo, entre tr\u00eas ou quatro pessoas, com bandeiras do Brasil pedindo interven\u00e7\u00e3o militar. Ap\u00f3s tomarem vaias, trocarem ofensas e discutirem com os manifestantes, o grupo saiu.<br \/>\nPerto da Rua Gen. C\u00e2mara, mais no canto da Pra\u00e7a da Alf\u00e2ndega, ativistas se revezavam ao microfone. Recriminaram o cancelamento da exposi\u00e7\u00e3o. Na porta de entrada do edif\u00edcio do Santander Cultural, os manifestantes se expressavam culturalmente, com cartazes, apresenta\u00e7\u00f5es de teatro que variaram de uma simples morda\u00e7a na boca ao nu.<br \/>\nO curador da exposi\u00e7\u00e3o, Gaud\u00eancio Fidelis, tamb\u00e9m discursou e falou sobre o acontecido. &#8220;Nem na Ditadura tivemos uma exposi\u00e7\u00e3o de obra de arte desse tamanho, com 83 artistas e 263 obras, fechada&#8221;, Fid\u00e9lis citou o MBL (Movimento Brasil Livre) como principal causador do cancelamento da exposi\u00e7\u00e3o.<br \/>\n<figure id=\"attachment_55063\" aria-describedby=\"caption-attachment-55063\" style=\"width: 1150px\" class=\"wp-caption alignleft\"><img loading=\"lazy\" decoding=\"async\" class=\"wp-image-55063 size-full\" src=\"https:\/\/www.jornalja.com.br\/wp-content\/uploads\/2017\/09\/21733900_10208534478994239_1695850525_o.jpg\" alt=\"\" width=\"1150\" height=\"764\" \/><figcaption id=\"caption-attachment-55063\" class=\"wp-caption-text\">Gaud\u00eancio n\u00e3o foi avisado do cancelamento da exposi\u00e7\u00e3o \/ Ricardo Stricher \/ J\u00c1<\/figcaption><\/figure><br \/>\n&#8220;A mostra j\u00e1 estava com 26 dias, com um p\u00fablico extraordin\u00e1rio e eles descobriram isso. Essa foi uma exposi\u00e7\u00e3o que foi constru\u00edda pra abrir o di\u00e1logo sobre essas quest\u00f5es importantes e distorceram tudo. Fechar \u00e9 absurdo&#8221;, lamentou o curador.<br \/>\n<span class=\"intertit\"><strong>Grupo de jovens cat\u00f3licos rezaram ao lado do manifesto<\/strong><\/span><br \/>\nAo lado do manifesto principal um grupo de jovens em c\u00edrculo e com ter\u00e7o nas m\u00e3os orava &#8220;Ave-maria&#8221; e &#8220;Pais-nossos&#8221;. Um dos integrantes do grupo, o jovem Douglas Quadros da Silva justificou: &#8220;Viemos pra pedir perd\u00e3o por essas pessoas&#8221;. Eles se dizem ofendidos religiosamente por algumas obras, como a que tinha palavras como &#8220;l\u00edngua&#8221;, &#8220;vulva&#8221; e &#8220;vagina&#8221; em p\u00e3es com formatos de h\u00f3stias. Nem ele nem o amigo Ant\u00f4nio foram a exposi\u00e7\u00e3o, mas, criticaram &#8211; &#8220;A exposi\u00e7\u00e3o em si \u00e9 desrespeitosa e criminosa&#8221;, declarou Quadros. O grupo permaneceu por cerca de 40 minutos e depois foi embora. Um deles, curiosamente, vestia uma camisa com a imagem de Olavo de Carvalho, intelectual conservador e \u00edcone da direita.<br \/>\n<figure id=\"attachment_55068\" aria-describedby=\"caption-attachment-55068\" style=\"width: 1150px\" class=\"wp-caption alignleft\"><img loading=\"lazy\" decoding=\"async\" class=\"size-full wp-image-55068\" src=\"https:\/\/www.jornalja.com.br\/wp-content\/uploads\/2017\/09\/20170912_162818.jpg\" alt=\"\" width=\"1150\" height=\"690\" \/><figcaption id=\"caption-attachment-55068\" class=\"wp-caption-text\">Grupo rezou ao lado do manifesto \/ Felipe Uhr \/ J\u00c1<\/figcaption><\/figure><br \/>\n<span class=\"intertit\"><strong>&#8220;Mam\u00e3e falei&#8221; chega e o tumulto come\u00e7a\u00a0<\/strong><\/span><br \/>\nA confus\u00e3o come\u00e7ou mesmo com a chegada de Arthur do Val, criador do canal &#8220;mam\u00e3e falei&#8221;. O youtuber que tem por praxe frequentar manifesta\u00e7\u00f5es, protestos ou atos que n\u00e3o v\u00e3o de encontro ao seu pensamento, n\u00e3o agradou os manifestantes. Foram duas tentativas. A primeira, do Val tentou conversar, perguntar, sempre com a filmadora na m\u00e3o. Com pouca aten\u00e7\u00e3o e com uma grande vaia ele foi embora.<br \/>\nRetornou ap\u00f3s uma hora, talvez um pouco mais que isso, quando o ato j\u00e1 se encerrava. Novamente n\u00e3o foi bem recebido. Os \u00e2nimos se acirraram com empurr\u00f5es e tapas. A Brigada entrou em a\u00e7\u00e3o. O capit\u00e3o Fagundes pediu para que Arthur e os cinco que o acompanhavam se retirassem. Os jovens demoraram e a tens\u00e3o aumentou.<br \/>\n<figure id=\"attachment_55060\" aria-describedby=\"caption-attachment-55060\" style=\"width: 1150px\" class=\"wp-caption alignleft\"><img loading=\"lazy\" decoding=\"async\" class=\"size-full wp-image-55060\" src=\"https:\/\/www.jornalja.com.br\/wp-content\/uploads\/2017\/09\/21729783_10208534288709482_1119661468_o.jpg\" alt=\"\" width=\"1150\" height=\"764\" \/><figcaption id=\"caption-attachment-55060\" class=\"wp-caption-text\">Arthur do Val e integrantes do MBL fotografaram e filmaram ato \/ Ricardo Stricher \/ J\u00c1<\/figcaption><\/figure><br \/>\nA tropa de choque entrou em a\u00e7\u00e3o e tomou frente fazendo a prote\u00e7\u00e3o de &#8220;mam\u00e3e&#8221; e os cinco que o acompanhavam, entre eles a coordenadora do MBL, Paula Cassol. Paula j\u00e1 acompanhava o movimento de uma dist\u00e2ncia razo\u00e1vel. Deu entrevista a rep\u00f3rteres e n\u00e3o havia se envolvido em nenhum conflito. Outros integrantes e simpatizantes do MBL tamb\u00e9m foram ao ato que era contra o cancelamento da exposi\u00e7\u00e3o.<br \/>\n<figure id=\"attachment_55030\" aria-describedby=\"caption-attachment-55030\" style=\"width: 960px\" class=\"wp-caption alignnone\"><img loading=\"lazy\" decoding=\"async\" class=\"wp-image-55030 size-full\" src=\"https:\/\/www.jornalja.com.br\/wp-content\/uploads\/2017\/09\/21741487_10208534205107392_2031985824_n.jpg\" alt=\"\" width=\"960\" height=\"569\" \/><figcaption id=\"caption-attachment-55030\" class=\"wp-caption-text\">Choque na frente do grupo contr\u00e1rio ao manifesto \/ Ricardo Stricher \/ J\u00c1<\/figcaption><\/figure><br \/>\n<figure id=\"attachment_55064\" aria-describedby=\"caption-attachment-55064\" style=\"width: 637px\" class=\"wp-caption alignleft\"><img loading=\"lazy\" decoding=\"async\" class=\"wp-image-55064 size-full\" src=\"https:\/\/www.jornalja.com.br\/wp-content\/uploads\/2017\/09\/21741376_10208534481314297_267396188_n.jpg\" alt=\"\" width=\"637\" height=\"960\" \/><figcaption id=\"caption-attachment-55064\" class=\"wp-caption-text\">Ricardo Stricher \/ J\u00c1<\/figcaption><\/figure><br \/>\n&nbsp;<br \/>\n<figure id=\"attachment_55074\" aria-describedby=\"caption-attachment-55074\" style=\"width: 1150px\" class=\"wp-caption alignnone\"><img loading=\"lazy\" decoding=\"async\" class=\"wp-image-55074 size-large\" src=\"https:\/\/www.jornalja.com.br\/wp-content\/uploads\/2017\/09\/20170912_164305-1150x690.jpg\" alt=\"\" width=\"1150\" height=\"690\" \/><figcaption id=\"caption-attachment-55074\" class=\"wp-caption-text\">Felipe Uhr \/ J\u00c1<\/figcaption><\/figure><br \/>\n&nbsp;<\/p>\n","protected":false},"excerpt":{"rendered":"<p>Foi uma tarde repleta de acontecimentos. O ato liderado por artistas, grupos e movimentos LGBTT contra o cancelamento da exposi\u00e7\u00e3o &#8220;Queermuseu &#8211; Cartografias da diferen\u00e7a na Am\u00e9rica Latina&#8221; teve apresenta\u00e7\u00f5es art\u00edsticas, discursos em defesa da diversidade e da comunidade LGBTT, rezas, discuss\u00f5es e terminou com a\u00e7\u00e3o violenta da tropa de choque com g\u00e1s e bombas [&hellip;]<\/p>\n","protected":false},"author":4,"featured_media":55059,"comment_status":"open","ping_status":"closed","sticky":false,"template":"","format":"standard","meta":{"_jetpack_newsletter_access":"","_jetpack_dont_email_post_to_subs":false,"_jetpack_newsletter_tier_id":0,"_jetpack_memberships_contains_paywalled_content":false,"_jetpack_feature_clip_id":0,"_jetpack_memberships_contains_paid_content":false,"footnotes":"","jetpack_post_was_ever_published":false},"categories":[26],"tags":[],"class_list":["post-55049","post","type-post","status-publish","format-standard","has-post-thumbnail","hentry","category-geral"],"aioseo_notices":[],"aioseo_head":"\n\t\t<!-- All in One SEO 5.0.1.1 - aioseo.com -->\n\t<meta name=\"robots\" content=\"max-image-preview:large\" \/>\n\t<meta name=\"author\" content=\"da Reda\u00e7\u00e3o\"\/>\n\t<link rel=\"canonical\" href=\"https:\/\/www.jornalja.com.br\/arquivo\/ativistas-defendem-liberdade-de-expressao-e-cultura-lgbtt-em-manifestacao-na-frente-do-santander-cultural\/\" \/>\n\t<meta name=\"generator\" content=\"All in One SEO (AIOSEO) 5.0.1.1\" \/>\n\t\t<meta property=\"og:locale\" content=\"pt_BR\" \/>\n\t\t<meta property=\"og:site_name\" content=\"Arquivo | Jornal J\u00c1 | Porto Alegre\" \/>\n\t\t<meta property=\"og:type\" content=\"article\" \/>\n\t\t<meta property=\"og:title\" content=\"Ativistas defendem liberdade de express\u00e3o e cultura LGBTT em manifesta\u00e7\u00e3o na frente do Santander Cultural | Arquivo\" \/>\n\t\t<meta property=\"og:url\" content=\"https:\/\/www.jornalja.com.br\/arquivo\/ativistas-defendem-liberdade-de-expressao-e-cultura-lgbtt-em-manifestacao-na-frente-do-santander-cultural\/\" \/>\n\t\t<meta property=\"og:image\" content=\"https:\/\/www.jornalja.com.br\/wp-content\/uploads\/2017\/09\/21744935_10208534483074341_879108560_o.jpg\" \/>\n\t\t<meta property=\"og:image:secure_url\" content=\"https:\/\/www.jornalja.com.br\/wp-content\/uploads\/2017\/09\/21744935_10208534483074341_879108560_o.jpg\" \/>\n\t\t<meta property=\"article:published_time\" content=\"2017-09-13T05:09:44+00:00\" \/>\n\t\t<meta property=\"article:modified_time\" content=\"2017-09-13T05:09:44+00:00\" \/>\n\t\t<meta name=\"twitter:card\" content=\"summary\" \/>\n\t\t<meta name=\"twitter:title\" content=\"Ativistas defendem liberdade de express\u00e3o e cultura LGBTT em manifesta\u00e7\u00e3o na frente do Santander Cultural | Arquivo\" \/>\n\t\t<meta name=\"twitter:image\" content=\"https:\/\/www.jornalja.com.br\/economics\/wp-content\/uploads\/sites\/11\/2026\/08\/ja-folhaderosto-facebook.jpg\" \/>\n\t\t<script type=\"application\/ld+json\" class=\"aioseo-schema\">\n\t\t\t{\"@context\":\"https:\\\/\\\/schema.org\",\"@graph\":[{\"@type\":\"BlogPosting\",\"@id\":\"https:\\\/\\\/www.jornalja.com.br\\\/arquivo\\\/ativistas-defendem-liberdade-de-expressao-e-cultura-lgbtt-em-manifestacao-na-frente-do-santander-cultural\\\/#blogposting\",\"name\":\"Ativistas defendem liberdade de express\\u00e3o e cultura LGBTT em manifesta\\u00e7\\u00e3o na frente do Santander Cultural | Arquivo\",\"headline\":\"Ativistas defendem liberdade de express\\u00e3o e cultura LGBTT em manifesta\\u00e7\\u00e3o na frente do Santander Cultural\",\"author\":{\"@id\":\"https:\\\/\\\/www.jornalja.com.br\\\/arquivo\\\/author\\\/daredacao\\\/#author\"},\"publisher\":{\"@id\":\"https:\\\/\\\/www.jornalja.com.br\\\/arquivo\\\/#organization\"},\"image\":{\"@type\":\"ImageObject\",\"url\":55059},\"datePublished\":\"2017-09-13T02:09:44-03:00\",\"dateModified\":\"2017-09-13T02:09:44-03:00\",\"inLanguage\":\"pt-BR\",\"commentCount\":1,\"mainEntityOfPage\":{\"@id\":\"https:\\\/\\\/www.jornalja.com.br\\\/arquivo\\\/ativistas-defendem-liberdade-de-expressao-e-cultura-lgbtt-em-manifestacao-na-frente-do-santander-cultural\\\/#webpage\"},\"isPartOf\":{\"@id\":\"https:\\\/\\\/www.jornalja.com.br\\\/arquivo\\\/ativistas-defendem-liberdade-de-expressao-e-cultura-lgbtt-em-manifestacao-na-frente-do-santander-cultural\\\/#webpage\"},\"articleSection\":\"Geral\"},{\"@type\":\"BreadcrumbList\",\"@id\":\"https:\\\/\\\/www.jornalja.com.br\\\/arquivo\\\/ativistas-defendem-liberdade-de-expressao-e-cultura-lgbtt-em-manifestacao-na-frente-do-santander-cultural\\\/#breadcrumblist\",\"itemListElement\":[{\"@type\":\"ListItem\",\"@id\":\"https:\\\/\\\/www.jornalja.com.br\\\/arquivo#listItem\",\"position\":1,\"name\":\"Home\",\"item\":\"https:\\\/\\\/www.jornalja.com.br\\\/arquivo\",\"nextItem\":{\"@type\":\"ListItem\",\"@id\":\"https:\\\/\\\/www.jornalja.com.br\\\/arquivo\\\/category\\\/geral\\\/#listItem\",\"name\":\"Geral\"}},{\"@type\":\"ListItem\",\"@id\":\"https:\\\/\\\/www.jornalja.com.br\\\/arquivo\\\/category\\\/geral\\\/#listItem\",\"position\":2,\"name\":\"Geral\",\"item\":\"https:\\\/\\\/www.jornalja.com.br\\\/arquivo\\\/category\\\/geral\\\/\",\"nextItem\":{\"@type\":\"ListItem\",\"@id\":\"https:\\\/\\\/www.jornalja.com.br\\\/arquivo\\\/ativistas-defendem-liberdade-de-expressao-e-cultura-lgbtt-em-manifestacao-na-frente-do-santander-cultural\\\/#listItem\",\"name\":\"Ativistas defendem liberdade de express\\u00e3o e cultura LGBTT em manifesta\\u00e7\\u00e3o na frente do Santander Cultural\"},\"previousItem\":{\"@type\":\"ListItem\",\"@id\":\"https:\\\/\\\/www.jornalja.com.br\\\/arquivo#listItem\",\"name\":\"Home\"}},{\"@type\":\"ListItem\",\"@id\":\"https:\\\/\\\/www.jornalja.com.br\\\/arquivo\\\/ativistas-defendem-liberdade-de-expressao-e-cultura-lgbtt-em-manifestacao-na-frente-do-santander-cultural\\\/#listItem\",\"position\":3,\"name\":\"Ativistas defendem liberdade de express\\u00e3o e cultura LGBTT em manifesta\\u00e7\\u00e3o na frente do Santander Cultural\",\"previousItem\":{\"@type\":\"ListItem\",\"@id\":\"https:\\\/\\\/www.jornalja.com.br\\\/arquivo\\\/category\\\/geral\\\/#listItem\",\"name\":\"Geral\"}}]},{\"@type\":\"Organization\",\"@id\":\"https:\\\/\\\/www.jornalja.com.br\\\/arquivo\\\/#organization\",\"name\":\"Jornal J\\u00c1\",\"description\":\"Jornal J\\u00c1 | Porto Alegre\",\"url\":\"https:\\\/\\\/www.jornalja.com.br\\\/arquivo\\\/\",\"telephone\":\"+555133307272\",\"logo\":{\"@type\":\"ImageObject\",\"url\":\"https:\\\/\\\/www.jornalja.com.br\\\/wp-content\\\/uploads\\\/cards\\\/JAslogan.png\",\"@id\":\"https:\\\/\\\/www.jornalja.com.br\\\/arquivo\\\/ativistas-defendem-liberdade-de-expressao-e-cultura-lgbtt-em-manifestacao-na-frente-do-santander-cultural\\\/#organizationLogo\"},\"image\":{\"@id\":\"https:\\\/\\\/www.jornalja.com.br\\\/arquivo\\\/ativistas-defendem-liberdade-de-expressao-e-cultura-lgbtt-em-manifestacao-na-frente-do-santander-cultural\\\/#organizationLogo\"}},{\"@type\":\"Person\",\"@id\":\"https:\\\/\\\/www.jornalja.com.br\\\/arquivo\\\/author\\\/daredacao\\\/#author\",\"url\":\"https:\\\/\\\/www.jornalja.com.br\\\/arquivo\\\/author\\\/daredacao\\\/\",\"name\":\"da Reda\\u00e7\\u00e3o\",\"image\":{\"@type\":\"ImageObject\",\"@id\":\"https:\\\/\\\/www.jornalja.com.br\\\/arquivo\\\/ativistas-defendem-liberdade-de-expressao-e-cultura-lgbtt-em-manifestacao-na-frente-do-santander-cultural\\\/#authorImage\",\"url\":\"https:\\\/\\\/secure.gravatar.com\\\/avatar\\\/469fd857d6605ad19919d27ed29d35a968a25f6e8fd9318356bbb7f57aae9c65?s=96&d=mm&r=g\",\"width\":96,\"height\":96,\"caption\":\"da Reda\\u00e7\\u00e3o\"}},{\"@type\":\"WebPage\",\"@id\":\"https:\\\/\\\/www.jornalja.com.br\\\/arquivo\\\/ativistas-defendem-liberdade-de-expressao-e-cultura-lgbtt-em-manifestacao-na-frente-do-santander-cultural\\\/#webpage\",\"url\":\"https:\\\/\\\/www.jornalja.com.br\\\/arquivo\\\/ativistas-defendem-liberdade-de-expressao-e-cultura-lgbtt-em-manifestacao-na-frente-do-santander-cultural\\\/\",\"name\":\"Ativistas defendem liberdade de express\\u00e3o e cultura LGBTT em manifesta\\u00e7\\u00e3o na frente do Santander Cultural | Arquivo\",\"inLanguage\":\"pt-BR\",\"isPartOf\":{\"@id\":\"https:\\\/\\\/www.jornalja.com.br\\\/arquivo\\\/#website\"},\"breadcrumb\":{\"@id\":\"https:\\\/\\\/www.jornalja.com.br\\\/arquivo\\\/ativistas-defendem-liberdade-de-expressao-e-cultura-lgbtt-em-manifestacao-na-frente-do-santander-cultural\\\/#breadcrumblist\"},\"author\":{\"@id\":\"https:\\\/\\\/www.jornalja.com.br\\\/arquivo\\\/author\\\/daredacao\\\/#author\"},\"creator\":{\"@id\":\"https:\\\/\\\/www.jornalja.com.br\\\/arquivo\\\/author\\\/daredacao\\\/#author\"},\"image\":{\"@type\":\"ImageObject\",\"url\":55059,\"@id\":\"https:\\\/\\\/www.jornalja.com.br\\\/arquivo\\\/ativistas-defendem-liberdade-de-expressao-e-cultura-lgbtt-em-manifestacao-na-frente-do-santander-cultural\\\/#mainImage\"},\"primaryImageOfPage\":{\"@id\":\"https:\\\/\\\/www.jornalja.com.br\\\/arquivo\\\/ativistas-defendem-liberdade-de-expressao-e-cultura-lgbtt-em-manifestacao-na-frente-do-santander-cultural\\\/#mainImage\"},\"datePublished\":\"2017-09-13T02:09:44-03:00\",\"dateModified\":\"2017-09-13T02:09:44-03:00\"},{\"@type\":\"WebSite\",\"@id\":\"https:\\\/\\\/www.jornalja.com.br\\\/arquivo\\\/#website\",\"url\":\"https:\\\/\\\/www.jornalja.com.br\\\/arquivo\\\/\",\"name\":\"Arquivo\",\"description\":\"Jornal J\\u00c1 | Porto Alegre\",\"inLanguage\":\"pt-BR\",\"publisher\":{\"@id\":\"https:\\\/\\\/www.jornalja.com.br\\\/arquivo\\\/#organization\"}}]}\n\t\t<\/script>\n\t\t<!-- All in One SEO -->\n\n","aioseo_head_json":{"title":"Ativistas defendem liberdade de express\u00e3o e cultura LGBTT em manifesta\u00e7\u00e3o na frente do Santander Cultural | Arquivo","description":"","canonical_url":"https:\/\/www.jornalja.com.br\/arquivo\/ativistas-defendem-liberdade-de-expressao-e-cultura-lgbtt-em-manifestacao-na-frente-do-santander-cultural\/","robots":"max-image-preview:large","keywords":"","webmasterTools":{"miscellaneous":""},"schema":{"@context":"https:\/\/schema.org","@graph":[{"@type":"BlogPosting","@id":"https:\/\/www.jornalja.com.br\/arquivo\/ativistas-defendem-liberdade-de-expressao-e-cultura-lgbtt-em-manifestacao-na-frente-do-santander-cultural\/#blogposting","name":"Ativistas defendem liberdade de express\u00e3o e cultura LGBTT em manifesta\u00e7\u00e3o na frente do Santander Cultural | Arquivo","headline":"Ativistas defendem liberdade de express\u00e3o e cultura LGBTT em manifesta\u00e7\u00e3o na frente do Santander Cultural","author":{"@id":"https:\/\/www.jornalja.com.br\/arquivo\/author\/daredacao\/#author"},"publisher":{"@id":"https:\/\/www.jornalja.com.br\/arquivo\/#organization"},"image":{"@type":"ImageObject","url":55059},"datePublished":"2017-09-13T02:09:44-03:00","dateModified":"2017-09-13T02:09:44-03:00","inLanguage":"pt-BR","commentCount":1,"mainEntityOfPage":{"@id":"https:\/\/www.jornalja.com.br\/arquivo\/ativistas-defendem-liberdade-de-expressao-e-cultura-lgbtt-em-manifestacao-na-frente-do-santander-cultural\/#webpage"},"isPartOf":{"@id":"https:\/\/www.jornalja.com.br\/arquivo\/ativistas-defendem-liberdade-de-expressao-e-cultura-lgbtt-em-manifestacao-na-frente-do-santander-cultural\/#webpage"},"articleSection":"Geral"},{"@type":"BreadcrumbList","@id":"https:\/\/www.jornalja.com.br\/arquivo\/ativistas-defendem-liberdade-de-expressao-e-cultura-lgbtt-em-manifestacao-na-frente-do-santander-cultural\/#breadcrumblist","itemListElement":[{"@type":"ListItem","@id":"https:\/\/www.jornalja.com.br\/arquivo#listItem","position":1,"name":"Home","item":"https:\/\/www.jornalja.com.br\/arquivo","nextItem":{"@type":"ListItem","@id":"https:\/\/www.jornalja.com.br\/arquivo\/category\/geral\/#listItem","name":"Geral"}},{"@type":"ListItem","@id":"https:\/\/www.jornalja.com.br\/arquivo\/category\/geral\/#listItem","position":2,"name":"Geral","item":"https:\/\/www.jornalja.com.br\/arquivo\/category\/geral\/","nextItem":{"@type":"ListItem","@id":"https:\/\/www.jornalja.com.br\/arquivo\/ativistas-defendem-liberdade-de-expressao-e-cultura-lgbtt-em-manifestacao-na-frente-do-santander-cultural\/#listItem","name":"Ativistas defendem liberdade de express\u00e3o e cultura LGBTT em manifesta\u00e7\u00e3o na frente do Santander Cultural"},"previousItem":{"@type":"ListItem","@id":"https:\/\/www.jornalja.com.br\/arquivo#listItem","name":"Home"}},{"@type":"ListItem","@id":"https:\/\/www.jornalja.com.br\/arquivo\/ativistas-defendem-liberdade-de-expressao-e-cultura-lgbtt-em-manifestacao-na-frente-do-santander-cultural\/#listItem","position":3,"name":"Ativistas defendem liberdade de express\u00e3o e cultura LGBTT em manifesta\u00e7\u00e3o na frente do Santander Cultural","previousItem":{"@type":"ListItem","@id":"https:\/\/www.jornalja.com.br\/arquivo\/category\/geral\/#listItem","name":"Geral"}}]},{"@type":"Organization","@id":"https:\/\/www.jornalja.com.br\/arquivo\/#organization","name":"Jornal J\u00c1","description":"Jornal J\u00c1 | Porto Alegre","url":"https:\/\/www.jornalja.com.br\/arquivo\/","telephone":"+555133307272","logo":{"@type":"ImageObject","url":"https:\/\/www.jornalja.com.br\/wp-content\/uploads\/cards\/JAslogan.png","@id":"https:\/\/www.jornalja.com.br\/arquivo\/ativistas-defendem-liberdade-de-expressao-e-cultura-lgbtt-em-manifestacao-na-frente-do-santander-cultural\/#organizationLogo"},"image":{"@id":"https:\/\/www.jornalja.com.br\/arquivo\/ativistas-defendem-liberdade-de-expressao-e-cultura-lgbtt-em-manifestacao-na-frente-do-santander-cultural\/#organizationLogo"}},{"@type":"Person","@id":"https:\/\/www.jornalja.com.br\/arquivo\/author\/daredacao\/#author","url":"https:\/\/www.jornalja.com.br\/arquivo\/author\/daredacao\/","name":"da Reda\u00e7\u00e3o","image":{"@type":"ImageObject","@id":"https:\/\/www.jornalja.com.br\/arquivo\/ativistas-defendem-liberdade-de-expressao-e-cultura-lgbtt-em-manifestacao-na-frente-do-santander-cultural\/#authorImage","url":"https:\/\/secure.gravatar.com\/avatar\/469fd857d6605ad19919d27ed29d35a968a25f6e8fd9318356bbb7f57aae9c65?s=96&d=mm&r=g","width":96,"height":96,"caption":"da Reda\u00e7\u00e3o"}},{"@type":"WebPage","@id":"https:\/\/www.jornalja.com.br\/arquivo\/ativistas-defendem-liberdade-de-expressao-e-cultura-lgbtt-em-manifestacao-na-frente-do-santander-cultural\/#webpage","url":"https:\/\/www.jornalja.com.br\/arquivo\/ativistas-defendem-liberdade-de-expressao-e-cultura-lgbtt-em-manifestacao-na-frente-do-santander-cultural\/","name":"Ativistas defendem liberdade de express\u00e3o e cultura LGBTT em manifesta\u00e7\u00e3o na frente do Santander Cultural | Arquivo","inLanguage":"pt-BR","isPartOf":{"@id":"https:\/\/www.jornalja.com.br\/arquivo\/#website"},"breadcrumb":{"@id":"https:\/\/www.jornalja.com.br\/arquivo\/ativistas-defendem-liberdade-de-expressao-e-cultura-lgbtt-em-manifestacao-na-frente-do-santander-cultural\/#breadcrumblist"},"author":{"@id":"https:\/\/www.jornalja.com.br\/arquivo\/author\/daredacao\/#author"},"creator":{"@id":"https:\/\/www.jornalja.com.br\/arquivo\/author\/daredacao\/#author"},"image":{"@type":"ImageObject","url":55059,"@id":"https:\/\/www.jornalja.com.br\/arquivo\/ativistas-defendem-liberdade-de-expressao-e-cultura-lgbtt-em-manifestacao-na-frente-do-santander-cultural\/#mainImage"},"primaryImageOfPage":{"@id":"https:\/\/www.jornalja.com.br\/arquivo\/ativistas-defendem-liberdade-de-expressao-e-cultura-lgbtt-em-manifestacao-na-frente-do-santander-cultural\/#mainImage"},"datePublished":"2017-09-13T02:09:44-03:00","dateModified":"2017-09-13T02:09:44-03:00"},{"@type":"WebSite","@id":"https:\/\/www.jornalja.com.br\/arquivo\/#website","url":"https:\/\/www.jornalja.com.br\/arquivo\/","name":"Arquivo","description":"Jornal J\u00c1 | Porto Alegre","inLanguage":"pt-BR","publisher":{"@id":"https:\/\/www.jornalja.com.br\/arquivo\/#organization"}}]},"og:locale":"pt_BR","og:site_name":"Arquivo | Jornal J\u00c1 | Porto Alegre","og:type":"article","og:title":"Ativistas defendem liberdade de express\u00e3o e cultura LGBTT em manifesta\u00e7\u00e3o na frente do Santander Cultural | Arquivo","og:url":"https:\/\/www.jornalja.com.br\/arquivo\/ativistas-defendem-liberdade-de-expressao-e-cultura-lgbtt-em-manifestacao-na-frente-do-santander-cultural\/","og:image":"https:\/\/www.jornalja.com.br\/wp-content\/uploads\/2017\/09\/21744935_10208534483074341_879108560_o.jpg","og:image:secure_url":"https:\/\/www.jornalja.com.br\/wp-content\/uploads\/2017\/09\/21744935_10208534483074341_879108560_o.jpg","article:published_time":"2017-09-13T05:09:44+00:00","article:modified_time":"2017-09-13T05:09:44+00:00","twitter:card":"summary","twitter:title":"Ativistas defendem liberdade de express\u00e3o e cultura LGBTT em manifesta\u00e7\u00e3o na frente do Santander Cultural | Arquivo","twitter:image":"https:\/\/www.jornalja.com.br\/economics\/wp-content\/uploads\/sites\/11\/2026\/08\/ja-folhaderosto-facebook.jpg"},"aioseo_meta_data":{"post_id":"55049","title":null,"description":null,"keywords":null,"keyphrases":null,"primary_term":null,"canonical_url":null,"og_title":null,"og_description":null,"og_object_type":"default","og_image_type":"default","og_image_url":null,"og_image_width":null,"og_image_height":null,"og_image_custom_url":null,"og_image_custom_fields":null,"og_video":null,"og_custom_url":null,"og_article_section":null,"og_article_tags":null,"twitter_use_og":false,"twitter_card":"default","twitter_image_type":"default","twitter_image_url":null,"twitter_image_custom_url":null,"twitter_image_custom_fields":null,"twitter_title":null,"twitter_description":null,"schema":{"blockGraphs":[],"customGraphs":[],"default":{"data":{"Article":[],"Course":[],"Dataset":[],"FAQPage":[],"Movie":[],"Person":[],"Product":[],"ProductReview":[],"Car":[],"Recipe":[],"Service":[],"SoftwareApplication":[],"WebPage":[]},"graphName":"","isEnabled":true},"graphs":[],"defaultGraph":"","defaultPostTypeGraph":""},"schema_type":null,"schema_type_options":null,"pillar_content":false,"robots_default":true,"robots_noindex":false,"robots_noarchive":false,"robots_nosnippet":false,"robots_nofollow":false,"robots_noimageindex":false,"robots_noodp":false,"robots_notranslate":false,"robots_max_snippet":null,"robots_max_videopreview":null,"robots_max_imagepreview":"large","priority":null,"frequency":null,"location":null,"local_seo":null,"breadcrumb_settings":null,"limit_modified_date":false,"ai":null,"created":"2020-12-20 20:25:01","updated":"2025-07-20 01:09:30","seo_analyzer_scan_date":null,"focus_keyword":null,"additional_keywords":null,"truseo_locale":null},"jetpack_sharing_enabled":true,"jetpack-related-posts":[{"id":13124,"url":"https:\/\/www.jornalja.com.br\/arquivo\/sangue-latino-no-iecine\/","url_meta":{"origin":55049,"position":0},"title":"Sangue latino no IECINE","author":"da Reda\u00e7\u00e3o","date":"18 de maio de 2014","format":false,"excerpt":"Francisco Ribeiro O Instituto Estadual de Cinema (IECINE) tem a frente, desde abril \u00faltimo, um novo diretor, o cineasta colombiano Juan Zapata, 36, que substitui Luiz Alberto Cassol. Radicado h\u00e1 dez anos em Porto Alegre, Zapata tem diante de si o desafio de conduzir at\u00e9 o final do ano um\u2026","rel":"","context":"Em &quot;Cultura-Geral&quot;","block_context":{"text":"Cultura-Geral","link":"https:\/\/www.jornalja.com.br\/arquivo\/category\/materiasecundaria\/"},"img":{"alt_text":"","src":"","width":0,"height":0},"classes":[]},{"id":5440,"url":"https:\/\/www.jornalja.com.br\/arquivo\/casarao-da-venancio-destino-permanece-incerto\/","url_meta":{"origin":55049,"position":1},"title":"Estado ainda n\u00e3o sabe o que fazer com casar\u00e3o abandonado h\u00e1 20 anos","author":"Elmar Bones","date":"6 de julho de 2009","format":false,"excerpt":"O casar\u00e3o amarelo, numa esquina nobre de Porto Alegre (Ven\u00e2ncio Aires com Jo\u00e3o Pessoa), j\u00e1 abrigou uma escola. H\u00e1 duas d\u00e9cadas, pelo menos, est\u00e1 abandonado, porque seu propriet\u00e1rio, o governo do Estado do Rio Grande do Sul, n\u00e3o consegue achar um destino para ele. Planos n\u00e3o faltaram. O governador Ol\u00edvio\u2026","rel":"","context":"Em &quot;X.Categorias velhas&quot;","block_context":{"text":"X.Categorias velhas","link":"https:\/\/www.jornalja.com.br\/arquivo\/category\/x-categorias-velhas\/"},"img":{"alt_text":"geraldo1","src":"https:\/\/i0.wp.com\/www.jornalja.com.br\/wp-content\/uploads\/2009\/07\/geraldo1.jpg?resize=350%2C200&ssl=1","width":350,"height":200},"classes":[]},{"id":13109,"url":"https:\/\/www.jornalja.com.br\/arquivo\/judiciario-reconhece-poluicao-eletromagnetica\/","url_meta":{"origin":55049,"position":2},"title":"Judici\u00e1rio reconhece polui\u00e7\u00e3o eletromagn\u00e9tica","author":"Patr\u00edcia Marini","date":"16 de maio de 2014","format":false,"excerpt":"A\u00e7\u00e3o de duas associa\u00e7\u00f5es de moradores foi acolhida pelo Tribunal de Justi\u00e7a de S\u00e3o Paulo que. em decis\u00e3o in\u00e9dita, determinou a redu\u00e7\u00e3o do campo eletromagn\u00e9tico gerado pelas linhas de transmiss\u00e3o de energia que cortam os bairros City Boa\u00e7ava e Alto de Pinheiros. \u00c9 a primeira vez que um tribunal do\u2026","rel":"","context":"Em &quot;X.Categorias velhas&quot;","block_context":{"text":"X.Categorias velhas","link":"https:\/\/www.jornalja.com.br\/arquivo\/category\/x-categorias-velhas\/"},"img":{"alt_text":"","src":"","width":0,"height":0},"classes":[]},{"id":13240,"url":"https:\/\/www.jornalja.com.br\/arquivo\/plano-diretor-estamos-construindo-o-caos\/","url_meta":{"origin":55049,"position":3},"title":"Plano diretor: &quot;Estamos construindo o caos&quot;","author":"Patr\u00edcia Marini","date":"26 de maio de 2014","format":false,"excerpt":"Desabafo que arquiteta Eliana Castilhos, delegada da Regi\u00e3o de Planejamento 1, postou nas redes sociais \u00e9 um testemunho do ambiente que se criou no Conselho do Plano Diretor de Porto Alegre, onde a aprova\u00e7\u00e3o de grandes empreendimentos \u00e9 empurrada guela abaixo dos conselheiros. Ao CMDUA Como delegada da Regi\u00e3o de\u2026","rel":"","context":"Em &quot;Geral&quot;","block_context":{"text":"Geral","link":"https:\/\/www.jornalja.com.br\/arquivo\/category\/geral\/"},"img":{"alt_text":"","src":"","width":0,"height":0},"classes":[]},{"id":14241,"url":"https:\/\/www.jornalja.com.br\/arquivo\/o-guaiba-nas-imagens-poeticas-de-achutti\/","url_meta":{"origin":55049,"position":4},"title":"O Gua\u00edba nas imagens po\u00e9ticas de Achutti","author":"da Reda\u00e7\u00e3o","date":"18 de junho de 2014","format":false,"excerpt":"Em \u201cO Gua\u00edba por Achutti\u201d \u2013 obra financiada via Minist\u00e9rio da Cultura, produ\u00e7\u00e3o executiva de Pedro Longhi, e Fl\u00e1vio Wild como designer \u2013, o fot\u00f3grafo revela a beleza e as mazelas de um espa\u00e7o aqu\u00e1tico de \u00e1guas sempre renovadas, cheio de hist\u00f3rias e lendas como as das cidades que foram\u2026","rel":"","context":"Em &quot;Cultura-Geral&quot;","block_context":{"text":"Cultura-Geral","link":"https:\/\/www.jornalja.com.br\/arquivo\/category\/materiasecundaria\/"},"img":{"alt_text":"","src":"","width":0,"height":0},"classes":[]},{"id":13239,"url":"https:\/\/www.jornalja.com.br\/arquivo\/conselho-desdenha-do-plano-diretor\/","url_meta":{"origin":55049,"position":5},"title":"Porto Alegre: Conselho detona Plano Diretor","author":"Patr\u00edcia Marini","date":"25 de maio de 2014","format":false,"excerpt":"Den\u00fancia do arquiteto e \u00a0urbanista Ibir\u00e1 Santos Lucas. Ele diz que os conselheiros est\u00e3o votando com \"enorme irresponsabilidade\". \"Mudam regime com a maior naturalidade,,,regularizam absurdos de constru\u00e7\u00f5es irregulares... \"O CMDUA est\u00e1 flexibilizando a lei do plano diretor, de uma forma impactante na vida da cidade. Mudam regime com a maior\u2026","rel":"","context":"Em &quot;Geral&quot;","block_context":{"text":"Geral","link":"https:\/\/www.jornalja.com.br\/arquivo\/category\/geral\/"},"img":{"alt_text":"","src":"","width":0,"height":0},"classes":[]}],"jetpack_shortlink":"https:\/\/wp.me\/pbQjBd-ejT","jetpack_featured_media_url":"","_links":{"self":[{"href":"https:\/\/www.jornalja.com.br\/arquivo\/wp-json\/wp\/v2\/posts\/55049","targetHints":{"allow":["GET"]}}],"collection":[{"href":"https:\/\/www.jornalja.com.br\/arquivo\/wp-json\/wp\/v2\/posts"}],"about":[{"href":"https:\/\/www.jornalja.com.br\/arquivo\/wp-json\/wp\/v2\/types\/post"}],"author":[{"embeddable":true,"href":"https:\/\/www.jornalja.com.br\/arquivo\/wp-json\/wp\/v2\/users\/4"}],"replies":[{"embeddable":true,"href":"https:\/\/www.jornalja.com.br\/arquivo\/wp-json\/wp\/v2\/comments?post=55049"}],"version-history":[{"count":0,"href":"https:\/\/www.jornalja.com.br\/arquivo\/wp-json\/wp\/v2\/posts\/55049\/revisions"}],"wp:attachment":[{"href":"https:\/\/www.jornalja.com.br\/arquivo\/wp-json\/wp\/v2\/media?parent=55049"}],"wp:term":[{"taxonomy":"category","embeddable":true,"href":"https:\/\/www.jornalja.com.br\/arquivo\/wp-json\/wp\/v2\/categories?post=55049"},{"taxonomy":"post_tag","embeddable":true,"href":"https:\/\/www.jornalja.com.br\/arquivo\/wp-json\/wp\/v2\/tags?post=55049"}],"curies":[{"name":"wp","href":"https:\/\/api.w.org\/{rel}","templated":true}]}}