{"id":55089,"date":"2017-09-13T14:41:48","date_gmt":"2017-09-13T17:41:48","guid":{"rendered":"https:\/\/www.jornalja.com.br\/?p=55089"},"modified":"2017-09-13T14:41:48","modified_gmt":"2017-09-13T17:41:48","slug":"sindicato-dos-jornalistas-repudia-nova-acao-truculenta-da-brigada-militar-contra-a-imprensa-nao-publicar-ainda","status":"publish","type":"post","link":"https:\/\/www.jornalja.com.br\/arquivo\/sindicato-dos-jornalistas-repudia-nova-acao-truculenta-da-brigada-militar-contra-a-imprensa-nao-publicar-ainda\/","title":{"rendered":"Sindicato dos jornalistas repudia nova a\u00e7\u00e3o truculenta da Brigada Militar contra a imprensa"},"content":{"rendered":"<p>Em nota, o Sindicato dos Jornalistas do Rio Grande do Sul denuncia mais uma a\u00e7\u00e3o da Brigada Militar contra profissionais da imprensa. O abuso dos PMs ocorreu ao final do ato em que manifestantes protestaram nesta ter\u00e7a-feira, 12\/09, contra o fechamento de uma exposi\u00e7\u00e3o no Santander Cultural, no Centro de Porto Alegre.<br \/>\n<span class=\"intertit\"><b>Veja a \u00edntegra do texto:<\/b><\/span><br \/>\n<i>Numa \u00e9poca de desrespeito \u00e0 diversidade e radicalismo crescente, o Sindicato dos Jornalistas Profissionais do RS (SINDJORS) lamenta profundamente que, al\u00e9m do cen\u00e1rio dif\u00edcil que j\u00e1 vivemos, sua categoria seja, mais uma vez, um dos alvos da viol\u00eancia desmedida da Brigada Militar.<\/i><br \/>\n<i>No fim da tarde dessa ter\u00e7a-feira, dia 12, durante manifesta\u00e7\u00e3o contra a censura \u00e0 exposi\u00e7\u00e3o Queermuseu, encerrada precocemente pelo Santander Cultural ap\u00f3s sofrer ataques, a jornalista de Zero Hora Isadora Neumann foi atingida por g\u00e1s de spray de pimenta enquanto registrava a a\u00e7\u00e3o da pol\u00edcia, que interveio e, inclusive, prendeu duas pessoas, uma delas Douglas Freitas, que fazia imagens do protesto e foi liberado no mesmo dia.<\/i><br \/>\n<i>Esta a\u00e7\u00e3o truculenta soma-se a outra recente, a pris\u00e3o do jornalista do Jornal J\u00e1 Matheus Chaparini, que foi levado at\u00e9 mesmo ao Pres\u00eddio Central por estar exercendo o seu trabalho. Tudo isso com consentimento do governador Jos\u00e9 Ivo Sartori, que em nenhum momento se retratou pelo comportamento injustific\u00e1vel de sua tropa. O Sindicato espera que o Estado n\u00e3o se cale mais uma vez, prosseguindo sua pol\u00edtica permissiva a atos que remontam \u00e0 \u00e9poca ditatorial.<\/i><br \/>\n<i>Avizinha-se um futuro com fei\u00e7\u00f5es cada vez mais assustadoras e o SINDJORS teme n\u00e3o apenas pelos seus profissionais, mas pela sociedade de modo geral. Causa espanto qualquer apoio dado a a\u00e7\u00f5es policiais que ferem gravemente a liberdade de imprensa. \u00c9 preciso olhar para o passado e n\u00e3o repetir os mesmos erros. N\u00e3o h\u00e1 democracia sem imprensa livre.<\/i><br \/>\nJ\u00e1 o jornal Zero Hora publicou um v\u00eddeo em que \u00e9 registrada a agress\u00e3o contra Isadora e a deten\u00e7\u00e3o de Douglas e de um morador de rua, que teria atirado pedra nos policiais. Douglas e o morador de rua tiveram que assinar um termo circunstanciado para serem liberados, pouco depois das 20h. O rep\u00f3rter fotogr\u00e1fico foi acusado de desobedi\u00eancia civil.<br \/>\n&nbsp;<\/p>\n","protected":false},"excerpt":{"rendered":"<p>Em nota, o Sindicato dos Jornalistas do Rio Grande do Sul denuncia mais uma a\u00e7\u00e3o da Brigada Militar contra profissionais da imprensa. O abuso dos PMs ocorreu ao final do ato em que manifestantes protestaram nesta ter\u00e7a-feira, 12\/09, contra o fechamento de uma exposi\u00e7\u00e3o no Santander Cultural, no Centro de Porto Alegre. Veja a \u00edntegra [&hellip;]<\/p>\n","protected":false},"author":4,"featured_media":55061,"comment_status":"open","ping_status":"closed","sticky":false,"template":"","format":"standard","meta":{"_jetpack_newsletter_access":"","_jetpack_dont_email_post_to_subs":false,"_jetpack_newsletter_tier_id":0,"_jetpack_memberships_contains_paywalled_content":false,"_jetpack_feature_clip_id":0,"_jetpack_memberships_contains_paid_content":false,"footnotes":"","jetpack_post_was_ever_published":false},"categories":[26],"tags":[],"class_list":["post-55089","post","type-post","status-publish","format-standard","has-post-thumbnail","hentry","category-geral"],"aioseo_notices":[],"aioseo_head":"\n\t\t<!-- All in One SEO 5.0.1.1 - aioseo.com -->\n\t<meta name=\"robots\" content=\"max-image-preview:large\" \/>\n\t<meta name=\"author\" content=\"da Reda\u00e7\u00e3o\"\/>\n\t<link rel=\"canonical\" href=\"https:\/\/www.jornalja.com.br\/arquivo\/sindicato-dos-jornalistas-repudia-nova-acao-truculenta-da-brigada-militar-contra-a-imprensa-nao-publicar-ainda\/\" \/>\n\t<meta name=\"generator\" content=\"All in One SEO (AIOSEO) 5.0.1.1\" \/>\n\t\t<meta property=\"og:locale\" content=\"pt_BR\" \/>\n\t\t<meta property=\"og:site_name\" content=\"Arquivo | Jornal J\u00c1 | Porto Alegre\" \/>\n\t\t<meta property=\"og:type\" content=\"article\" \/>\n\t\t<meta property=\"og:title\" content=\"Sindicato dos jornalistas repudia nova a\u00e7\u00e3o truculenta da Brigada Militar contra a imprensa | Arquivo\" \/>\n\t\t<meta property=\"og:url\" content=\"https:\/\/www.jornalja.com.br\/arquivo\/sindicato-dos-jornalistas-repudia-nova-acao-truculenta-da-brigada-militar-contra-a-imprensa-nao-publicar-ainda\/\" \/>\n\t\t<meta property=\"og:image\" content=\"https:\/\/www.jornalja.com.br\/economics\/wp-content\/uploads\/sites\/11\/2026\/08\/ja-folhaderosto-facebook.jpg\" \/>\n\t\t<meta property=\"og:image:secure_url\" content=\"https:\/\/www.jornalja.com.br\/economics\/wp-content\/uploads\/sites\/11\/2026\/08\/ja-folhaderosto-facebook.jpg\" \/>\n\t\t<meta property=\"article:published_time\" content=\"2017-09-13T17:41:48+00:00\" \/>\n\t\t<meta property=\"article:modified_time\" content=\"2017-09-13T17:41:48+00:00\" \/>\n\t\t<meta name=\"twitter:card\" content=\"summary\" \/>\n\t\t<meta name=\"twitter:title\" content=\"Sindicato dos jornalistas repudia nova a\u00e7\u00e3o truculenta da Brigada Militar contra a imprensa | Arquivo\" \/>\n\t\t<meta name=\"twitter:image\" content=\"https:\/\/www.jornalja.com.br\/economics\/wp-content\/uploads\/sites\/11\/2026\/08\/ja-folhaderosto-facebook.jpg\" \/>\n\t\t<script type=\"application\/ld+json\" class=\"aioseo-schema\">\n\t\t\t{\"@context\":\"https:\\\/\\\/schema.org\",\"@graph\":[{\"@type\":\"BlogPosting\",\"@id\":\"https:\\\/\\\/www.jornalja.com.br\\\/arquivo\\\/sindicato-dos-jornalistas-repudia-nova-acao-truculenta-da-brigada-militar-contra-a-imprensa-nao-publicar-ainda\\\/#blogposting\",\"name\":\"Sindicato dos jornalistas repudia nova a\\u00e7\\u00e3o truculenta da Brigada Militar contra a imprensa | Arquivo\",\"headline\":\"Sindicato dos jornalistas repudia nova a\\u00e7\\u00e3o truculenta da Brigada Militar contra a imprensa\",\"author\":{\"@id\":\"https:\\\/\\\/www.jornalja.com.br\\\/arquivo\\\/author\\\/daredacao\\\/#author\"},\"publisher\":{\"@id\":\"https:\\\/\\\/www.jornalja.com.br\\\/arquivo\\\/#organization\"},\"image\":{\"@type\":\"ImageObject\",\"url\":55061},\"datePublished\":\"2017-09-13T14:41:48-03:00\",\"dateModified\":\"2017-09-13T14:41:48-03:00\",\"inLanguage\":\"pt-BR\",\"mainEntityOfPage\":{\"@id\":\"https:\\\/\\\/www.jornalja.com.br\\\/arquivo\\\/sindicato-dos-jornalistas-repudia-nova-acao-truculenta-da-brigada-militar-contra-a-imprensa-nao-publicar-ainda\\\/#webpage\"},\"isPartOf\":{\"@id\":\"https:\\\/\\\/www.jornalja.com.br\\\/arquivo\\\/sindicato-dos-jornalistas-repudia-nova-acao-truculenta-da-brigada-militar-contra-a-imprensa-nao-publicar-ainda\\\/#webpage\"},\"articleSection\":\"Geral\"},{\"@type\":\"BreadcrumbList\",\"@id\":\"https:\\\/\\\/www.jornalja.com.br\\\/arquivo\\\/sindicato-dos-jornalistas-repudia-nova-acao-truculenta-da-brigada-militar-contra-a-imprensa-nao-publicar-ainda\\\/#breadcrumblist\",\"itemListElement\":[{\"@type\":\"ListItem\",\"@id\":\"https:\\\/\\\/www.jornalja.com.br\\\/arquivo#listItem\",\"position\":1,\"name\":\"Home\",\"item\":\"https:\\\/\\\/www.jornalja.com.br\\\/arquivo\",\"nextItem\":{\"@type\":\"ListItem\",\"@id\":\"https:\\\/\\\/www.jornalja.com.br\\\/arquivo\\\/category\\\/geral\\\/#listItem\",\"name\":\"Geral\"}},{\"@type\":\"ListItem\",\"@id\":\"https:\\\/\\\/www.jornalja.com.br\\\/arquivo\\\/category\\\/geral\\\/#listItem\",\"position\":2,\"name\":\"Geral\",\"item\":\"https:\\\/\\\/www.jornalja.com.br\\\/arquivo\\\/category\\\/geral\\\/\",\"nextItem\":{\"@type\":\"ListItem\",\"@id\":\"https:\\\/\\\/www.jornalja.com.br\\\/arquivo\\\/sindicato-dos-jornalistas-repudia-nova-acao-truculenta-da-brigada-militar-contra-a-imprensa-nao-publicar-ainda\\\/#listItem\",\"name\":\"Sindicato dos jornalistas repudia nova a\\u00e7\\u00e3o truculenta da Brigada Militar contra a imprensa\"},\"previousItem\":{\"@type\":\"ListItem\",\"@id\":\"https:\\\/\\\/www.jornalja.com.br\\\/arquivo#listItem\",\"name\":\"Home\"}},{\"@type\":\"ListItem\",\"@id\":\"https:\\\/\\\/www.jornalja.com.br\\\/arquivo\\\/sindicato-dos-jornalistas-repudia-nova-acao-truculenta-da-brigada-militar-contra-a-imprensa-nao-publicar-ainda\\\/#listItem\",\"position\":3,\"name\":\"Sindicato dos jornalistas repudia nova a\\u00e7\\u00e3o truculenta da Brigada Militar contra a imprensa\",\"previousItem\":{\"@type\":\"ListItem\",\"@id\":\"https:\\\/\\\/www.jornalja.com.br\\\/arquivo\\\/category\\\/geral\\\/#listItem\",\"name\":\"Geral\"}}]},{\"@type\":\"Organization\",\"@id\":\"https:\\\/\\\/www.jornalja.com.br\\\/arquivo\\\/#organization\",\"name\":\"Jornal J\\u00c1\",\"description\":\"Jornal J\\u00c1 | Porto Alegre\",\"url\":\"https:\\\/\\\/www.jornalja.com.br\\\/arquivo\\\/\",\"telephone\":\"+555133307272\",\"logo\":{\"@type\":\"ImageObject\",\"url\":\"https:\\\/\\\/www.jornalja.com.br\\\/wp-content\\\/uploads\\\/cards\\\/JAslogan.png\",\"@id\":\"https:\\\/\\\/www.jornalja.com.br\\\/arquivo\\\/sindicato-dos-jornalistas-repudia-nova-acao-truculenta-da-brigada-militar-contra-a-imprensa-nao-publicar-ainda\\\/#organizationLogo\"},\"image\":{\"@id\":\"https:\\\/\\\/www.jornalja.com.br\\\/arquivo\\\/sindicato-dos-jornalistas-repudia-nova-acao-truculenta-da-brigada-militar-contra-a-imprensa-nao-publicar-ainda\\\/#organizationLogo\"}},{\"@type\":\"Person\",\"@id\":\"https:\\\/\\\/www.jornalja.com.br\\\/arquivo\\\/author\\\/daredacao\\\/#author\",\"url\":\"https:\\\/\\\/www.jornalja.com.br\\\/arquivo\\\/author\\\/daredacao\\\/\",\"name\":\"da Reda\\u00e7\\u00e3o\",\"image\":{\"@type\":\"ImageObject\",\"@id\":\"https:\\\/\\\/www.jornalja.com.br\\\/arquivo\\\/sindicato-dos-jornalistas-repudia-nova-acao-truculenta-da-brigada-militar-contra-a-imprensa-nao-publicar-ainda\\\/#authorImage\",\"url\":\"https:\\\/\\\/secure.gravatar.com\\\/avatar\\\/469fd857d6605ad19919d27ed29d35a968a25f6e8fd9318356bbb7f57aae9c65?s=96&d=mm&r=g\",\"width\":96,\"height\":96,\"caption\":\"da Reda\\u00e7\\u00e3o\"}},{\"@type\":\"WebPage\",\"@id\":\"https:\\\/\\\/www.jornalja.com.br\\\/arquivo\\\/sindicato-dos-jornalistas-repudia-nova-acao-truculenta-da-brigada-militar-contra-a-imprensa-nao-publicar-ainda\\\/#webpage\",\"url\":\"https:\\\/\\\/www.jornalja.com.br\\\/arquivo\\\/sindicato-dos-jornalistas-repudia-nova-acao-truculenta-da-brigada-militar-contra-a-imprensa-nao-publicar-ainda\\\/\",\"name\":\"Sindicato dos jornalistas repudia nova a\\u00e7\\u00e3o truculenta da Brigada Militar contra a imprensa | Arquivo\",\"inLanguage\":\"pt-BR\",\"isPartOf\":{\"@id\":\"https:\\\/\\\/www.jornalja.com.br\\\/arquivo\\\/#website\"},\"breadcrumb\":{\"@id\":\"https:\\\/\\\/www.jornalja.com.br\\\/arquivo\\\/sindicato-dos-jornalistas-repudia-nova-acao-truculenta-da-brigada-militar-contra-a-imprensa-nao-publicar-ainda\\\/#breadcrumblist\"},\"author\":{\"@id\":\"https:\\\/\\\/www.jornalja.com.br\\\/arquivo\\\/author\\\/daredacao\\\/#author\"},\"creator\":{\"@id\":\"https:\\\/\\\/www.jornalja.com.br\\\/arquivo\\\/author\\\/daredacao\\\/#author\"},\"image\":{\"@type\":\"ImageObject\",\"url\":55061,\"@id\":\"https:\\\/\\\/www.jornalja.com.br\\\/arquivo\\\/sindicato-dos-jornalistas-repudia-nova-acao-truculenta-da-brigada-militar-contra-a-imprensa-nao-publicar-ainda\\\/#mainImage\"},\"primaryImageOfPage\":{\"@id\":\"https:\\\/\\\/www.jornalja.com.br\\\/arquivo\\\/sindicato-dos-jornalistas-repudia-nova-acao-truculenta-da-brigada-militar-contra-a-imprensa-nao-publicar-ainda\\\/#mainImage\"},\"datePublished\":\"2017-09-13T14:41:48-03:00\",\"dateModified\":\"2017-09-13T14:41:48-03:00\"},{\"@type\":\"WebSite\",\"@id\":\"https:\\\/\\\/www.jornalja.com.br\\\/arquivo\\\/#website\",\"url\":\"https:\\\/\\\/www.jornalja.com.br\\\/arquivo\\\/\",\"name\":\"Arquivo\",\"description\":\"Jornal J\\u00c1 | Porto Alegre\",\"inLanguage\":\"pt-BR\",\"publisher\":{\"@id\":\"https:\\\/\\\/www.jornalja.com.br\\\/arquivo\\\/#organization\"}}]}\n\t\t<\/script>\n\t\t<!-- All in One SEO -->\n\n","aioseo_head_json":{"title":"Sindicato dos jornalistas repudia nova a\u00e7\u00e3o truculenta da Brigada Militar contra a imprensa | Arquivo","description":"","canonical_url":"https:\/\/www.jornalja.com.br\/arquivo\/sindicato-dos-jornalistas-repudia-nova-acao-truculenta-da-brigada-militar-contra-a-imprensa-nao-publicar-ainda\/","robots":"max-image-preview:large","keywords":"","webmasterTools":{"miscellaneous":""},"schema":{"@context":"https:\/\/schema.org","@graph":[{"@type":"BlogPosting","@id":"https:\/\/www.jornalja.com.br\/arquivo\/sindicato-dos-jornalistas-repudia-nova-acao-truculenta-da-brigada-militar-contra-a-imprensa-nao-publicar-ainda\/#blogposting","name":"Sindicato dos jornalistas repudia nova a\u00e7\u00e3o truculenta da Brigada Militar contra a imprensa | Arquivo","headline":"Sindicato dos jornalistas repudia nova a\u00e7\u00e3o truculenta da Brigada Militar contra a imprensa","author":{"@id":"https:\/\/www.jornalja.com.br\/arquivo\/author\/daredacao\/#author"},"publisher":{"@id":"https:\/\/www.jornalja.com.br\/arquivo\/#organization"},"image":{"@type":"ImageObject","url":55061},"datePublished":"2017-09-13T14:41:48-03:00","dateModified":"2017-09-13T14:41:48-03:00","inLanguage":"pt-BR","mainEntityOfPage":{"@id":"https:\/\/www.jornalja.com.br\/arquivo\/sindicato-dos-jornalistas-repudia-nova-acao-truculenta-da-brigada-militar-contra-a-imprensa-nao-publicar-ainda\/#webpage"},"isPartOf":{"@id":"https:\/\/www.jornalja.com.br\/arquivo\/sindicato-dos-jornalistas-repudia-nova-acao-truculenta-da-brigada-militar-contra-a-imprensa-nao-publicar-ainda\/#webpage"},"articleSection":"Geral"},{"@type":"BreadcrumbList","@id":"https:\/\/www.jornalja.com.br\/arquivo\/sindicato-dos-jornalistas-repudia-nova-acao-truculenta-da-brigada-militar-contra-a-imprensa-nao-publicar-ainda\/#breadcrumblist","itemListElement":[{"@type":"ListItem","@id":"https:\/\/www.jornalja.com.br\/arquivo#listItem","position":1,"name":"Home","item":"https:\/\/www.jornalja.com.br\/arquivo","nextItem":{"@type":"ListItem","@id":"https:\/\/www.jornalja.com.br\/arquivo\/category\/geral\/#listItem","name":"Geral"}},{"@type":"ListItem","@id":"https:\/\/www.jornalja.com.br\/arquivo\/category\/geral\/#listItem","position":2,"name":"Geral","item":"https:\/\/www.jornalja.com.br\/arquivo\/category\/geral\/","nextItem":{"@type":"ListItem","@id":"https:\/\/www.jornalja.com.br\/arquivo\/sindicato-dos-jornalistas-repudia-nova-acao-truculenta-da-brigada-militar-contra-a-imprensa-nao-publicar-ainda\/#listItem","name":"Sindicato dos jornalistas repudia nova a\u00e7\u00e3o truculenta da Brigada Militar contra a imprensa"},"previousItem":{"@type":"ListItem","@id":"https:\/\/www.jornalja.com.br\/arquivo#listItem","name":"Home"}},{"@type":"ListItem","@id":"https:\/\/www.jornalja.com.br\/arquivo\/sindicato-dos-jornalistas-repudia-nova-acao-truculenta-da-brigada-militar-contra-a-imprensa-nao-publicar-ainda\/#listItem","position":3,"name":"Sindicato dos jornalistas repudia nova a\u00e7\u00e3o truculenta da Brigada Militar contra a imprensa","previousItem":{"@type":"ListItem","@id":"https:\/\/www.jornalja.com.br\/arquivo\/category\/geral\/#listItem","name":"Geral"}}]},{"@type":"Organization","@id":"https:\/\/www.jornalja.com.br\/arquivo\/#organization","name":"Jornal J\u00c1","description":"Jornal J\u00c1 | Porto Alegre","url":"https:\/\/www.jornalja.com.br\/arquivo\/","telephone":"+555133307272","logo":{"@type":"ImageObject","url":"https:\/\/www.jornalja.com.br\/wp-content\/uploads\/cards\/JAslogan.png","@id":"https:\/\/www.jornalja.com.br\/arquivo\/sindicato-dos-jornalistas-repudia-nova-acao-truculenta-da-brigada-militar-contra-a-imprensa-nao-publicar-ainda\/#organizationLogo"},"image":{"@id":"https:\/\/www.jornalja.com.br\/arquivo\/sindicato-dos-jornalistas-repudia-nova-acao-truculenta-da-brigada-militar-contra-a-imprensa-nao-publicar-ainda\/#organizationLogo"}},{"@type":"Person","@id":"https:\/\/www.jornalja.com.br\/arquivo\/author\/daredacao\/#author","url":"https:\/\/www.jornalja.com.br\/arquivo\/author\/daredacao\/","name":"da Reda\u00e7\u00e3o","image":{"@type":"ImageObject","@id":"https:\/\/www.jornalja.com.br\/arquivo\/sindicato-dos-jornalistas-repudia-nova-acao-truculenta-da-brigada-militar-contra-a-imprensa-nao-publicar-ainda\/#authorImage","url":"https:\/\/secure.gravatar.com\/avatar\/469fd857d6605ad19919d27ed29d35a968a25f6e8fd9318356bbb7f57aae9c65?s=96&d=mm&r=g","width":96,"height":96,"caption":"da Reda\u00e7\u00e3o"}},{"@type":"WebPage","@id":"https:\/\/www.jornalja.com.br\/arquivo\/sindicato-dos-jornalistas-repudia-nova-acao-truculenta-da-brigada-militar-contra-a-imprensa-nao-publicar-ainda\/#webpage","url":"https:\/\/www.jornalja.com.br\/arquivo\/sindicato-dos-jornalistas-repudia-nova-acao-truculenta-da-brigada-militar-contra-a-imprensa-nao-publicar-ainda\/","name":"Sindicato dos jornalistas repudia nova a\u00e7\u00e3o truculenta da Brigada Militar contra a imprensa | Arquivo","inLanguage":"pt-BR","isPartOf":{"@id":"https:\/\/www.jornalja.com.br\/arquivo\/#website"},"breadcrumb":{"@id":"https:\/\/www.jornalja.com.br\/arquivo\/sindicato-dos-jornalistas-repudia-nova-acao-truculenta-da-brigada-militar-contra-a-imprensa-nao-publicar-ainda\/#breadcrumblist"},"author":{"@id":"https:\/\/www.jornalja.com.br\/arquivo\/author\/daredacao\/#author"},"creator":{"@id":"https:\/\/www.jornalja.com.br\/arquivo\/author\/daredacao\/#author"},"image":{"@type":"ImageObject","url":55061,"@id":"https:\/\/www.jornalja.com.br\/arquivo\/sindicato-dos-jornalistas-repudia-nova-acao-truculenta-da-brigada-militar-contra-a-imprensa-nao-publicar-ainda\/#mainImage"},"primaryImageOfPage":{"@id":"https:\/\/www.jornalja.com.br\/arquivo\/sindicato-dos-jornalistas-repudia-nova-acao-truculenta-da-brigada-militar-contra-a-imprensa-nao-publicar-ainda\/#mainImage"},"datePublished":"2017-09-13T14:41:48-03:00","dateModified":"2017-09-13T14:41:48-03:00"},{"@type":"WebSite","@id":"https:\/\/www.jornalja.com.br\/arquivo\/#website","url":"https:\/\/www.jornalja.com.br\/arquivo\/","name":"Arquivo","description":"Jornal J\u00c1 | Porto Alegre","inLanguage":"pt-BR","publisher":{"@id":"https:\/\/www.jornalja.com.br\/arquivo\/#organization"}}]},"og:locale":"pt_BR","og:site_name":"Arquivo | Jornal J\u00c1 | Porto Alegre","og:type":"article","og:title":"Sindicato dos jornalistas repudia nova a\u00e7\u00e3o truculenta da Brigada Militar contra a imprensa | Arquivo","og:url":"https:\/\/www.jornalja.com.br\/arquivo\/sindicato-dos-jornalistas-repudia-nova-acao-truculenta-da-brigada-militar-contra-a-imprensa-nao-publicar-ainda\/","og:image":"https:\/\/www.jornalja.com.br\/economics\/wp-content\/uploads\/sites\/11\/2026\/08\/ja-folhaderosto-facebook.jpg","og:image:secure_url":"https:\/\/www.jornalja.com.br\/economics\/wp-content\/uploads\/sites\/11\/2026\/08\/ja-folhaderosto-facebook.jpg","article:published_time":"2017-09-13T17:41:48+00:00","article:modified_time":"2017-09-13T17:41:48+00:00","twitter:card":"summary","twitter:title":"Sindicato dos jornalistas repudia nova a\u00e7\u00e3o truculenta da Brigada Militar contra a imprensa | Arquivo","twitter:image":"https:\/\/www.jornalja.com.br\/economics\/wp-content\/uploads\/sites\/11\/2026\/08\/ja-folhaderosto-facebook.jpg"},"aioseo_meta_data":{"post_id":"55089","title":null,"description":null,"keywords":null,"keyphrases":null,"primary_term":null,"canonical_url":null,"og_title":null,"og_description":null,"og_object_type":"default","og_image_type":"default","og_image_url":null,"og_image_width":null,"og_image_height":null,"og_image_custom_url":null,"og_image_custom_fields":null,"og_video":null,"og_custom_url":null,"og_article_section":null,"og_article_tags":null,"twitter_use_og":false,"twitter_card":"default","twitter_image_type":"default","twitter_image_url":null,"twitter_image_custom_url":null,"twitter_image_custom_fields":null,"twitter_title":null,"twitter_description":null,"schema":{"blockGraphs":[],"customGraphs":[],"default":{"data":{"Article":[],"Course":[],"Dataset":[],"FAQPage":[],"Movie":[],"Person":[],"Product":[],"ProductReview":[],"Car":[],"Recipe":[],"Service":[],"SoftwareApplication":[],"WebPage":[]},"graphName":"","isEnabled":true},"graphs":[],"defaultGraph":"","defaultPostTypeGraph":""},"schema_type":null,"schema_type_options":null,"pillar_content":false,"robots_default":true,"robots_noindex":false,"robots_noarchive":false,"robots_nosnippet":false,"robots_nofollow":false,"robots_noimageindex":false,"robots_noodp":false,"robots_notranslate":false,"robots_max_snippet":null,"robots_max_videopreview":null,"robots_max_imagepreview":"large","priority":null,"frequency":null,"location":null,"local_seo":null,"breadcrumb_settings":null,"limit_modified_date":false,"ai":null,"created":"2020-12-20 20:25:01","updated":"2025-07-20 01:09:30","seo_analyzer_scan_date":null,"focus_keyword":null,"additional_keywords":null,"truseo_locale":null},"jetpack_sharing_enabled":true,"jetpack-related-posts":[{"id":13101,"url":"https:\/\/www.jornalja.com.br\/arquivo\/morre-um-guerreiro-do-texto\/","url_meta":{"origin":55089,"position":0},"title":"Morre um guerreiro do texto","author":"Patr\u00edcia Marini","date":"14 de maio de 2014","format":false,"excerpt":"Por Ricardo Kotscho Reproduzido do blog do autor, 11\/5\/2014; t\u00edtulo original \u201cE l\u00e1 se foi o nosso Myltainho, guerreiro do texto\u201d. Mi\u00fado e franzino, meu amigo Myltainho era um valente e inconformado guerreiro na luta contra as injusti\u00e7as sociais, a hipocrisia, as maracutaias, o autoritarismo, a intoler\u00e2ncia, a viol\u00eancia, o\u2026","rel":"","context":"Em &quot;Geral&quot;","block_context":{"text":"Geral","link":"https:\/\/www.jornalja.com.br\/arquivo\/category\/geral\/"},"img":{"alt_text":"","src":"","width":0,"height":0},"classes":[]},{"id":5440,"url":"https:\/\/www.jornalja.com.br\/arquivo\/casarao-da-venancio-destino-permanece-incerto\/","url_meta":{"origin":55089,"position":1},"title":"Estado ainda n\u00e3o sabe o que fazer com casar\u00e3o abandonado h\u00e1 20 anos","author":"Elmar Bones","date":"6 de julho de 2009","format":false,"excerpt":"O casar\u00e3o amarelo, numa esquina nobre de Porto Alegre (Ven\u00e2ncio Aires com Jo\u00e3o Pessoa), j\u00e1 abrigou uma escola. H\u00e1 duas d\u00e9cadas, pelo menos, est\u00e1 abandonado, porque seu propriet\u00e1rio, o governo do Estado do Rio Grande do Sul, n\u00e3o consegue achar um destino para ele. Planos n\u00e3o faltaram. O governador Ol\u00edvio\u2026","rel":"","context":"Em &quot;X.Categorias velhas&quot;","block_context":{"text":"X.Categorias velhas","link":"https:\/\/www.jornalja.com.br\/arquivo\/category\/x-categorias-velhas\/"},"img":{"alt_text":"geraldo1","src":"https:\/\/i0.wp.com\/www.jornalja.com.br\/wp-content\/uploads\/2009\/07\/geraldo1.jpg?resize=350%2C200&ssl=1","width":350,"height":200},"classes":[]},{"id":12960,"url":"https:\/\/www.jornalja.com.br\/arquivo\/populacao-culpa-empresas-pela-greve-dos-rodoviarios\/","url_meta":{"origin":55089,"position":2},"title":"Popula\u00e7\u00e3o culpa empresas pela greve","author":"Patr\u00edcia Marini","date":"14 de fevereiro de 2014","format":false,"excerpt":"Pesquisa divulgada na edi\u00e7\u00e3o do jornal Metro desta sexta-feira,14, comprova o velho ditado: \u00e9 poss\u00edvel enganar muitos por algum tempo, mas n\u00e3o \u00e9 poss\u00edvel enganar a todos o tempo inteiro. A principal revela\u00e7\u00e3o foi que 59,8% dos entrevistados apontaram as empresas como as principais respons\u00e1veis pela grave e 46% culparam\u2026","rel":"","context":"Em &quot;X.Categorias velhas&quot;","block_context":{"text":"X.Categorias velhas","link":"https:\/\/www.jornalja.com.br\/arquivo\/category\/x-categorias-velhas\/"},"img":{"alt_text":"","src":"","width":0,"height":0},"classes":[]},{"id":13109,"url":"https:\/\/www.jornalja.com.br\/arquivo\/judiciario-reconhece-poluicao-eletromagnetica\/","url_meta":{"origin":55089,"position":3},"title":"Judici\u00e1rio reconhece polui\u00e7\u00e3o eletromagn\u00e9tica","author":"Patr\u00edcia Marini","date":"16 de maio de 2014","format":false,"excerpt":"A\u00e7\u00e3o de duas associa\u00e7\u00f5es de moradores foi acolhida pelo Tribunal de Justi\u00e7a de S\u00e3o Paulo que. em decis\u00e3o in\u00e9dita, determinou a redu\u00e7\u00e3o do campo eletromagn\u00e9tico gerado pelas linhas de transmiss\u00e3o de energia que cortam os bairros City Boa\u00e7ava e Alto de Pinheiros. \u00c9 a primeira vez que um tribunal do\u2026","rel":"","context":"Em &quot;X.Categorias velhas&quot;","block_context":{"text":"X.Categorias velhas","link":"https:\/\/www.jornalja.com.br\/arquivo\/category\/x-categorias-velhas\/"},"img":{"alt_text":"","src":"","width":0,"height":0},"classes":[]},{"id":13124,"url":"https:\/\/www.jornalja.com.br\/arquivo\/sangue-latino-no-iecine\/","url_meta":{"origin":55089,"position":4},"title":"Sangue latino no IECINE","author":"da Reda\u00e7\u00e3o","date":"18 de maio de 2014","format":false,"excerpt":"Francisco Ribeiro O Instituto Estadual de Cinema (IECINE) tem a frente, desde abril \u00faltimo, um novo diretor, o cineasta colombiano Juan Zapata, 36, que substitui Luiz Alberto Cassol. Radicado h\u00e1 dez anos em Porto Alegre, Zapata tem diante de si o desafio de conduzir at\u00e9 o final do ano um\u2026","rel":"","context":"Em &quot;Cultura-Geral&quot;","block_context":{"text":"Cultura-Geral","link":"https:\/\/www.jornalja.com.br\/arquivo\/category\/materiasecundaria\/"},"img":{"alt_text":"","src":"","width":0,"height":0},"classes":[]}],"jetpack_shortlink":"https:\/\/wp.me\/pbQjBd-ekx","jetpack_featured_media_url":"","_links":{"self":[{"href":"https:\/\/www.jornalja.com.br\/arquivo\/wp-json\/wp\/v2\/posts\/55089","targetHints":{"allow":["GET"]}}],"collection":[{"href":"https:\/\/www.jornalja.com.br\/arquivo\/wp-json\/wp\/v2\/posts"}],"about":[{"href":"https:\/\/www.jornalja.com.br\/arquivo\/wp-json\/wp\/v2\/types\/post"}],"author":[{"embeddable":true,"href":"https:\/\/www.jornalja.com.br\/arquivo\/wp-json\/wp\/v2\/users\/4"}],"replies":[{"embeddable":true,"href":"https:\/\/www.jornalja.com.br\/arquivo\/wp-json\/wp\/v2\/comments?post=55089"}],"version-history":[{"count":0,"href":"https:\/\/www.jornalja.com.br\/arquivo\/wp-json\/wp\/v2\/posts\/55089\/revisions"}],"wp:attachment":[{"href":"https:\/\/www.jornalja.com.br\/arquivo\/wp-json\/wp\/v2\/media?parent=55089"}],"wp:term":[{"taxonomy":"category","embeddable":true,"href":"https:\/\/www.jornalja.com.br\/arquivo\/wp-json\/wp\/v2\/categories?post=55089"},{"taxonomy":"post_tag","embeddable":true,"href":"https:\/\/www.jornalja.com.br\/arquivo\/wp-json\/wp\/v2\/tags?post=55089"}],"curies":[{"name":"wp","href":"https:\/\/api.w.org\/{rel}","templated":true}]}}