{"id":55107,"date":"2017-09-13T21:32:14","date_gmt":"2017-09-14T00:32:14","guid":{"rendered":"https:\/\/www.jornalja.com.br\/?p=55107"},"modified":"2017-09-13T21:32:14","modified_gmt":"2017-09-14T00:32:14","slug":"lula-diz-a-sergio-moro-que-palocci-mentiu-para-conseguir-beneficios-da-delacao","status":"publish","type":"post","link":"https:\/\/www.jornalja.com.br\/arquivo\/lula-diz-a-sergio-moro-que-palocci-mentiu-para-conseguir-beneficios-da-delacao\/","title":{"rendered":"Lula diz a S\u00e9rgio Moro que Palocci mentiu para conseguir benef\u00edcios da dela\u00e7\u00e3o"},"content":{"rendered":"<p>O ex-presidente Luiz In\u00e1cio Lula da Silva disse hoje (13) em depoimento ao juiz federal S\u00e9rgio Moro, na Justi\u00e7a Federal em Curitiba, que o ex-ministro da Fazenda de seu governo Antonio Palocci mentiu durante depoimento prestado \u00e0 Justi\u00e7a Federal. Lula disse a Moro que Palocci mentiu para conseguir os benef\u00edcios de uma dela\u00e7\u00e3o premiada e que teria ficado com pena do ex-ministro.<br \/>\nAo iniciar o depoimento, Lula disse que &#8220;apesar de entender que o processo \u00e9 ileg\u00edtimo e injusto\u201d, pretendia falar. \u201cTalvez eu seja a pessoa que mais queira a verdade neste processo&#8221;, afirmou.<br \/>\n&#8220;Eu vi o Palocci mentir aqui essa semana&#8221;, disse Lula, acrescentando que viu atentamente o depoimento de seu ex-ministro, que classificou como \u201ccinematogr\u00e1fico\u201d e que parecia ter sido escrito por um roteirista de televis\u00e3o.<br \/>\n\u201cVoc\u00ea vai dizer tal coisa, os lides [no jornalismo, a primeira parte de uma not\u00edcia] s\u00e3o esses, preparam alguns lides para dizer e o Palocci, se n\u00e3o fosse um ser humano, ele seria um simulador. O Palocci \u00e9 t\u00e3o esperto que ele \u00e9 capaz de simular uma mentira mais verdadeira que a verdade. Ele \u00e9 m\u00e9dico, \u00e9 calculista, \u00e9 frio. Nada \u00e9 verdadeiro. A \u00fanica coisa que tem verdade ali \u00e9 ele dizer que est\u00e1 fazendo a dela\u00e7\u00e3o porque ele quer os benef\u00edcios da dela\u00e7\u00e3o ou quem sabe um pouco do dinheiro dele que voc\u00eas bloquearam\u201d, disse Lula.<br \/>\nO ex-presidente responde processo pelos crimes de corrup\u00e7\u00e3o passiva e lavagem de dinheiro. Segundo a den\u00fancia, a empreiteira Odebrecht comprou um terreno para a constru\u00e7\u00e3o de uma nova sede para o Instituto Lula.<br \/>\nSegundo o Minist\u00e9rio P\u00fablico Federal (MPF), a Odebrecht pagou R$ 12,4 milh\u00f5es pelo terreno, mas a obra n\u00e3o foi executada. A empreiteira tamb\u00e9m teria comprado um apartamento vizinho ao que o ex-presidente mora, em S\u00e3o Bernardo do Campo (SP).<br \/>\nNa semana passada, Palocci disse a Moro que Lula fez um\u00a0<a href=\"http:\/\/agenciabrasil.ebc.com.br\/politica\/noticia\/2017-09\/operacao-lava-jato-palocci-diz-que-odebrecht-pagou-vantagens-lula-e-dilma\" target=\"_blank\" rel=\"noopener noreferrer\">&#8220;pacto de sangue&#8221;\u00a0<\/a>com Em\u00edlio Odebrecht, fundador da construtora, e que &#8220;o pacote de propinas&#8221; envolveria um fundo de R$ 300 milh\u00f5es para &#8220;atividades pol\u00edticas&#8221; do ex-presidente.<br \/>\n\u201cEu fiquei vendo o Palocci falar. Ele inventou uma frase: \u201cpacto de sangue com Em\u00edlio Odebecht\u201d. Mas ele \u00e9 quem fez um pacto de sangue com os delatores, com os advogados dele e talvez com o Minist\u00e9rio P\u00fablico, porque ele disse exatamente o que o power point [refer\u00eancia a entrevista coletiva de procuradores da Lava Jato em que foi exibida uma apresenta\u00e7\u00e3o em power point apontando o ex-presidente como &#8220;comandante m\u00e1ximo&#8221; do esquema do petrol\u00e3o] queria que ele dissesse\u201d, disse Lula a Moro.<br \/>\nO depoimento do ex-presidente durou cerca de duas horas e dez minutos. Lula chegou ao pr\u00e9dio da Justi\u00e7a Federal por volta das 13h50.<br \/>\nAl\u00e9m de Lula e Palocci, tamb\u00e9m \u00e9 r\u00e9u no processo o assessor do ex-ministro Branislav Kontic, que foi interrogado logo depois de Lula. Tamb\u00e9m s\u00e3o r\u00e9us o dono da empresa DAG Construtora Demerval de Souza Gusm\u00e3o Filho; o primo do pecuarista Jos\u00e9 Carlos Bumlai, Glaucos da Costamarques; o ex-presidente da Odebrecht Marcelo Odebrecht; o advogado Roberto Teixeira e Paulo Ricardo Baqueiro de Melo, que seria ligado \u00e0 Odebrecht.<br \/>\nDa Ag\u00eancia Brasil<\/p>\n","protected":false},"excerpt":{"rendered":"<p>O ex-presidente Luiz In\u00e1cio Lula da Silva disse hoje (13) em depoimento ao juiz federal S\u00e9rgio Moro, na Justi\u00e7a Federal em Curitiba, que o ex-ministro da Fazenda de seu governo Antonio Palocci mentiu durante depoimento prestado \u00e0 Justi\u00e7a Federal. Lula disse a Moro que Palocci mentiu para conseguir os benef\u00edcios de uma dela\u00e7\u00e3o premiada e [&hellip;]<\/p>\n","protected":false},"author":4,"featured_media":55108,"comment_status":"open","ping_status":"closed","sticky":false,"template":"","format":"standard","meta":{"_jetpack_newsletter_access":"","_jetpack_dont_email_post_to_subs":false,"_jetpack_newsletter_tier_id":0,"_jetpack_memberships_contains_paywalled_content":false,"_jetpack_feature_clip_id":0,"_jetpack_memberships_contains_paid_content":false,"footnotes":"","jetpack_post_was_ever_published":false},"categories":[26],"tags":[],"class_list":["post-55107","post","type-post","status-publish","format-standard","has-post-thumbnail","hentry","category-geral"],"aioseo_notices":[],"aioseo_head":"\n\t\t<!-- All in One SEO 5.0.1.1 - aioseo.com -->\n\t<meta name=\"robots\" content=\"max-image-preview:large\" \/>\n\t<meta name=\"author\" content=\"da Reda\u00e7\u00e3o\"\/>\n\t<link rel=\"canonical\" href=\"https:\/\/www.jornalja.com.br\/arquivo\/lula-diz-a-sergio-moro-que-palocci-mentiu-para-conseguir-beneficios-da-delacao\/\" \/>\n\t<meta name=\"generator\" content=\"All in One SEO (AIOSEO) 5.0.1.1\" \/>\n\t\t<meta property=\"og:locale\" content=\"pt_BR\" \/>\n\t\t<meta property=\"og:site_name\" content=\"Arquivo | Jornal J\u00c1 | Porto Alegre\" \/>\n\t\t<meta property=\"og:type\" content=\"article\" \/>\n\t\t<meta property=\"og:title\" content=\"Lula diz a S\u00e9rgio Moro que Palocci mentiu para conseguir benef\u00edcios da dela\u00e7\u00e3o | Arquivo\" \/>\n\t\t<meta property=\"og:url\" content=\"https:\/\/www.jornalja.com.br\/arquivo\/lula-diz-a-sergio-moro-que-palocci-mentiu-para-conseguir-beneficios-da-delacao\/\" \/>\n\t\t<meta property=\"og:image\" content=\"https:\/\/www.jornalja.com.br\/economics\/wp-content\/uploads\/sites\/11\/2026\/08\/ja-folhaderosto-facebook.jpg\" \/>\n\t\t<meta property=\"og:image:secure_url\" content=\"https:\/\/www.jornalja.com.br\/economics\/wp-content\/uploads\/sites\/11\/2026\/08\/ja-folhaderosto-facebook.jpg\" \/>\n\t\t<meta property=\"article:published_time\" content=\"2017-09-14T00:32:14+00:00\" \/>\n\t\t<meta property=\"article:modified_time\" content=\"2017-09-14T00:32:14+00:00\" \/>\n\t\t<meta name=\"twitter:card\" content=\"summary\" \/>\n\t\t<meta name=\"twitter:title\" content=\"Lula diz a S\u00e9rgio Moro que Palocci mentiu para conseguir benef\u00edcios da dela\u00e7\u00e3o | Arquivo\" \/>\n\t\t<meta name=\"twitter:image\" content=\"https:\/\/www.jornalja.com.br\/economics\/wp-content\/uploads\/sites\/11\/2026\/08\/ja-folhaderosto-facebook.jpg\" \/>\n\t\t<script type=\"application\/ld+json\" class=\"aioseo-schema\">\n\t\t\t{\"@context\":\"https:\\\/\\\/schema.org\",\"@graph\":[{\"@type\":\"BlogPosting\",\"@id\":\"https:\\\/\\\/www.jornalja.com.br\\\/arquivo\\\/lula-diz-a-sergio-moro-que-palocci-mentiu-para-conseguir-beneficios-da-delacao\\\/#blogposting\",\"name\":\"Lula diz a S\\u00e9rgio Moro que Palocci mentiu para conseguir benef\\u00edcios da dela\\u00e7\\u00e3o | Arquivo\",\"headline\":\"Lula diz a S\\u00e9rgio Moro que Palocci mentiu para conseguir benef\\u00edcios da dela\\u00e7\\u00e3o\",\"author\":{\"@id\":\"https:\\\/\\\/www.jornalja.com.br\\\/arquivo\\\/author\\\/daredacao\\\/#author\"},\"publisher\":{\"@id\":\"https:\\\/\\\/www.jornalja.com.br\\\/arquivo\\\/#organization\"},\"image\":{\"@type\":\"ImageObject\",\"url\":55108},\"datePublished\":\"2017-09-13T21:32:14-03:00\",\"dateModified\":\"2017-09-13T21:32:14-03:00\",\"inLanguage\":\"pt-BR\",\"mainEntityOfPage\":{\"@id\":\"https:\\\/\\\/www.jornalja.com.br\\\/arquivo\\\/lula-diz-a-sergio-moro-que-palocci-mentiu-para-conseguir-beneficios-da-delacao\\\/#webpage\"},\"isPartOf\":{\"@id\":\"https:\\\/\\\/www.jornalja.com.br\\\/arquivo\\\/lula-diz-a-sergio-moro-que-palocci-mentiu-para-conseguir-beneficios-da-delacao\\\/#webpage\"},\"articleSection\":\"Geral\"},{\"@type\":\"BreadcrumbList\",\"@id\":\"https:\\\/\\\/www.jornalja.com.br\\\/arquivo\\\/lula-diz-a-sergio-moro-que-palocci-mentiu-para-conseguir-beneficios-da-delacao\\\/#breadcrumblist\",\"itemListElement\":[{\"@type\":\"ListItem\",\"@id\":\"https:\\\/\\\/www.jornalja.com.br\\\/arquivo#listItem\",\"position\":1,\"name\":\"Home\",\"item\":\"https:\\\/\\\/www.jornalja.com.br\\\/arquivo\",\"nextItem\":{\"@type\":\"ListItem\",\"@id\":\"https:\\\/\\\/www.jornalja.com.br\\\/arquivo\\\/category\\\/geral\\\/#listItem\",\"name\":\"Geral\"}},{\"@type\":\"ListItem\",\"@id\":\"https:\\\/\\\/www.jornalja.com.br\\\/arquivo\\\/category\\\/geral\\\/#listItem\",\"position\":2,\"name\":\"Geral\",\"item\":\"https:\\\/\\\/www.jornalja.com.br\\\/arquivo\\\/category\\\/geral\\\/\",\"nextItem\":{\"@type\":\"ListItem\",\"@id\":\"https:\\\/\\\/www.jornalja.com.br\\\/arquivo\\\/lula-diz-a-sergio-moro-que-palocci-mentiu-para-conseguir-beneficios-da-delacao\\\/#listItem\",\"name\":\"Lula diz a S\\u00e9rgio Moro que Palocci mentiu para conseguir benef\\u00edcios da dela\\u00e7\\u00e3o\"},\"previousItem\":{\"@type\":\"ListItem\",\"@id\":\"https:\\\/\\\/www.jornalja.com.br\\\/arquivo#listItem\",\"name\":\"Home\"}},{\"@type\":\"ListItem\",\"@id\":\"https:\\\/\\\/www.jornalja.com.br\\\/arquivo\\\/lula-diz-a-sergio-moro-que-palocci-mentiu-para-conseguir-beneficios-da-delacao\\\/#listItem\",\"position\":3,\"name\":\"Lula diz a S\\u00e9rgio Moro que Palocci mentiu para conseguir benef\\u00edcios da dela\\u00e7\\u00e3o\",\"previousItem\":{\"@type\":\"ListItem\",\"@id\":\"https:\\\/\\\/www.jornalja.com.br\\\/arquivo\\\/category\\\/geral\\\/#listItem\",\"name\":\"Geral\"}}]},{\"@type\":\"Organization\",\"@id\":\"https:\\\/\\\/www.jornalja.com.br\\\/arquivo\\\/#organization\",\"name\":\"Jornal J\\u00c1\",\"description\":\"Jornal J\\u00c1 | Porto Alegre\",\"url\":\"https:\\\/\\\/www.jornalja.com.br\\\/arquivo\\\/\",\"telephone\":\"+555133307272\",\"logo\":{\"@type\":\"ImageObject\",\"url\":\"https:\\\/\\\/www.jornalja.com.br\\\/wp-content\\\/uploads\\\/cards\\\/JAslogan.png\",\"@id\":\"https:\\\/\\\/www.jornalja.com.br\\\/arquivo\\\/lula-diz-a-sergio-moro-que-palocci-mentiu-para-conseguir-beneficios-da-delacao\\\/#organizationLogo\"},\"image\":{\"@id\":\"https:\\\/\\\/www.jornalja.com.br\\\/arquivo\\\/lula-diz-a-sergio-moro-que-palocci-mentiu-para-conseguir-beneficios-da-delacao\\\/#organizationLogo\"}},{\"@type\":\"Person\",\"@id\":\"https:\\\/\\\/www.jornalja.com.br\\\/arquivo\\\/author\\\/daredacao\\\/#author\",\"url\":\"https:\\\/\\\/www.jornalja.com.br\\\/arquivo\\\/author\\\/daredacao\\\/\",\"name\":\"da Reda\\u00e7\\u00e3o\",\"image\":{\"@type\":\"ImageObject\",\"@id\":\"https:\\\/\\\/www.jornalja.com.br\\\/arquivo\\\/lula-diz-a-sergio-moro-que-palocci-mentiu-para-conseguir-beneficios-da-delacao\\\/#authorImage\",\"url\":\"https:\\\/\\\/secure.gravatar.com\\\/avatar\\\/469fd857d6605ad19919d27ed29d35a968a25f6e8fd9318356bbb7f57aae9c65?s=96&d=mm&r=g\",\"width\":96,\"height\":96,\"caption\":\"da Reda\\u00e7\\u00e3o\"}},{\"@type\":\"WebPage\",\"@id\":\"https:\\\/\\\/www.jornalja.com.br\\\/arquivo\\\/lula-diz-a-sergio-moro-que-palocci-mentiu-para-conseguir-beneficios-da-delacao\\\/#webpage\",\"url\":\"https:\\\/\\\/www.jornalja.com.br\\\/arquivo\\\/lula-diz-a-sergio-moro-que-palocci-mentiu-para-conseguir-beneficios-da-delacao\\\/\",\"name\":\"Lula diz a S\\u00e9rgio Moro que Palocci mentiu para conseguir benef\\u00edcios da dela\\u00e7\\u00e3o | Arquivo\",\"inLanguage\":\"pt-BR\",\"isPartOf\":{\"@id\":\"https:\\\/\\\/www.jornalja.com.br\\\/arquivo\\\/#website\"},\"breadcrumb\":{\"@id\":\"https:\\\/\\\/www.jornalja.com.br\\\/arquivo\\\/lula-diz-a-sergio-moro-que-palocci-mentiu-para-conseguir-beneficios-da-delacao\\\/#breadcrumblist\"},\"author\":{\"@id\":\"https:\\\/\\\/www.jornalja.com.br\\\/arquivo\\\/author\\\/daredacao\\\/#author\"},\"creator\":{\"@id\":\"https:\\\/\\\/www.jornalja.com.br\\\/arquivo\\\/author\\\/daredacao\\\/#author\"},\"image\":{\"@type\":\"ImageObject\",\"url\":55108,\"@id\":\"https:\\\/\\\/www.jornalja.com.br\\\/arquivo\\\/lula-diz-a-sergio-moro-que-palocci-mentiu-para-conseguir-beneficios-da-delacao\\\/#mainImage\"},\"primaryImageOfPage\":{\"@id\":\"https:\\\/\\\/www.jornalja.com.br\\\/arquivo\\\/lula-diz-a-sergio-moro-que-palocci-mentiu-para-conseguir-beneficios-da-delacao\\\/#mainImage\"},\"datePublished\":\"2017-09-13T21:32:14-03:00\",\"dateModified\":\"2017-09-13T21:32:14-03:00\"},{\"@type\":\"WebSite\",\"@id\":\"https:\\\/\\\/www.jornalja.com.br\\\/arquivo\\\/#website\",\"url\":\"https:\\\/\\\/www.jornalja.com.br\\\/arquivo\\\/\",\"name\":\"Arquivo\",\"description\":\"Jornal J\\u00c1 | Porto Alegre\",\"inLanguage\":\"pt-BR\",\"publisher\":{\"@id\":\"https:\\\/\\\/www.jornalja.com.br\\\/arquivo\\\/#organization\"}}]}\n\t\t<\/script>\n\t\t<!-- All in One SEO -->\n\n","aioseo_head_json":{"title":"Lula diz a S\u00e9rgio Moro que Palocci mentiu para conseguir benef\u00edcios da dela\u00e7\u00e3o | Arquivo","description":"","canonical_url":"https:\/\/www.jornalja.com.br\/arquivo\/lula-diz-a-sergio-moro-que-palocci-mentiu-para-conseguir-beneficios-da-delacao\/","robots":"max-image-preview:large","keywords":"","webmasterTools":{"miscellaneous":""},"schema":{"@context":"https:\/\/schema.org","@graph":[{"@type":"BlogPosting","@id":"https:\/\/www.jornalja.com.br\/arquivo\/lula-diz-a-sergio-moro-que-palocci-mentiu-para-conseguir-beneficios-da-delacao\/#blogposting","name":"Lula diz a S\u00e9rgio Moro que Palocci mentiu para conseguir benef\u00edcios da dela\u00e7\u00e3o | Arquivo","headline":"Lula diz a S\u00e9rgio Moro que Palocci mentiu para conseguir benef\u00edcios da dela\u00e7\u00e3o","author":{"@id":"https:\/\/www.jornalja.com.br\/arquivo\/author\/daredacao\/#author"},"publisher":{"@id":"https:\/\/www.jornalja.com.br\/arquivo\/#organization"},"image":{"@type":"ImageObject","url":55108},"datePublished":"2017-09-13T21:32:14-03:00","dateModified":"2017-09-13T21:32:14-03:00","inLanguage":"pt-BR","mainEntityOfPage":{"@id":"https:\/\/www.jornalja.com.br\/arquivo\/lula-diz-a-sergio-moro-que-palocci-mentiu-para-conseguir-beneficios-da-delacao\/#webpage"},"isPartOf":{"@id":"https:\/\/www.jornalja.com.br\/arquivo\/lula-diz-a-sergio-moro-que-palocci-mentiu-para-conseguir-beneficios-da-delacao\/#webpage"},"articleSection":"Geral"},{"@type":"BreadcrumbList","@id":"https:\/\/www.jornalja.com.br\/arquivo\/lula-diz-a-sergio-moro-que-palocci-mentiu-para-conseguir-beneficios-da-delacao\/#breadcrumblist","itemListElement":[{"@type":"ListItem","@id":"https:\/\/www.jornalja.com.br\/arquivo#listItem","position":1,"name":"Home","item":"https:\/\/www.jornalja.com.br\/arquivo","nextItem":{"@type":"ListItem","@id":"https:\/\/www.jornalja.com.br\/arquivo\/category\/geral\/#listItem","name":"Geral"}},{"@type":"ListItem","@id":"https:\/\/www.jornalja.com.br\/arquivo\/category\/geral\/#listItem","position":2,"name":"Geral","item":"https:\/\/www.jornalja.com.br\/arquivo\/category\/geral\/","nextItem":{"@type":"ListItem","@id":"https:\/\/www.jornalja.com.br\/arquivo\/lula-diz-a-sergio-moro-que-palocci-mentiu-para-conseguir-beneficios-da-delacao\/#listItem","name":"Lula diz a S\u00e9rgio Moro que Palocci mentiu para conseguir benef\u00edcios da dela\u00e7\u00e3o"},"previousItem":{"@type":"ListItem","@id":"https:\/\/www.jornalja.com.br\/arquivo#listItem","name":"Home"}},{"@type":"ListItem","@id":"https:\/\/www.jornalja.com.br\/arquivo\/lula-diz-a-sergio-moro-que-palocci-mentiu-para-conseguir-beneficios-da-delacao\/#listItem","position":3,"name":"Lula diz a S\u00e9rgio Moro que Palocci mentiu para conseguir benef\u00edcios da dela\u00e7\u00e3o","previousItem":{"@type":"ListItem","@id":"https:\/\/www.jornalja.com.br\/arquivo\/category\/geral\/#listItem","name":"Geral"}}]},{"@type":"Organization","@id":"https:\/\/www.jornalja.com.br\/arquivo\/#organization","name":"Jornal J\u00c1","description":"Jornal J\u00c1 | Porto Alegre","url":"https:\/\/www.jornalja.com.br\/arquivo\/","telephone":"+555133307272","logo":{"@type":"ImageObject","url":"https:\/\/www.jornalja.com.br\/wp-content\/uploads\/cards\/JAslogan.png","@id":"https:\/\/www.jornalja.com.br\/arquivo\/lula-diz-a-sergio-moro-que-palocci-mentiu-para-conseguir-beneficios-da-delacao\/#organizationLogo"},"image":{"@id":"https:\/\/www.jornalja.com.br\/arquivo\/lula-diz-a-sergio-moro-que-palocci-mentiu-para-conseguir-beneficios-da-delacao\/#organizationLogo"}},{"@type":"Person","@id":"https:\/\/www.jornalja.com.br\/arquivo\/author\/daredacao\/#author","url":"https:\/\/www.jornalja.com.br\/arquivo\/author\/daredacao\/","name":"da Reda\u00e7\u00e3o","image":{"@type":"ImageObject","@id":"https:\/\/www.jornalja.com.br\/arquivo\/lula-diz-a-sergio-moro-que-palocci-mentiu-para-conseguir-beneficios-da-delacao\/#authorImage","url":"https:\/\/secure.gravatar.com\/avatar\/469fd857d6605ad19919d27ed29d35a968a25f6e8fd9318356bbb7f57aae9c65?s=96&d=mm&r=g","width":96,"height":96,"caption":"da Reda\u00e7\u00e3o"}},{"@type":"WebPage","@id":"https:\/\/www.jornalja.com.br\/arquivo\/lula-diz-a-sergio-moro-que-palocci-mentiu-para-conseguir-beneficios-da-delacao\/#webpage","url":"https:\/\/www.jornalja.com.br\/arquivo\/lula-diz-a-sergio-moro-que-palocci-mentiu-para-conseguir-beneficios-da-delacao\/","name":"Lula diz a S\u00e9rgio Moro que Palocci mentiu para conseguir benef\u00edcios da dela\u00e7\u00e3o | Arquivo","inLanguage":"pt-BR","isPartOf":{"@id":"https:\/\/www.jornalja.com.br\/arquivo\/#website"},"breadcrumb":{"@id":"https:\/\/www.jornalja.com.br\/arquivo\/lula-diz-a-sergio-moro-que-palocci-mentiu-para-conseguir-beneficios-da-delacao\/#breadcrumblist"},"author":{"@id":"https:\/\/www.jornalja.com.br\/arquivo\/author\/daredacao\/#author"},"creator":{"@id":"https:\/\/www.jornalja.com.br\/arquivo\/author\/daredacao\/#author"},"image":{"@type":"ImageObject","url":55108,"@id":"https:\/\/www.jornalja.com.br\/arquivo\/lula-diz-a-sergio-moro-que-palocci-mentiu-para-conseguir-beneficios-da-delacao\/#mainImage"},"primaryImageOfPage":{"@id":"https:\/\/www.jornalja.com.br\/arquivo\/lula-diz-a-sergio-moro-que-palocci-mentiu-para-conseguir-beneficios-da-delacao\/#mainImage"},"datePublished":"2017-09-13T21:32:14-03:00","dateModified":"2017-09-13T21:32:14-03:00"},{"@type":"WebSite","@id":"https:\/\/www.jornalja.com.br\/arquivo\/#website","url":"https:\/\/www.jornalja.com.br\/arquivo\/","name":"Arquivo","description":"Jornal J\u00c1 | Porto Alegre","inLanguage":"pt-BR","publisher":{"@id":"https:\/\/www.jornalja.com.br\/arquivo\/#organization"}}]},"og:locale":"pt_BR","og:site_name":"Arquivo | Jornal J\u00c1 | Porto Alegre","og:type":"article","og:title":"Lula diz a S\u00e9rgio Moro que Palocci mentiu para conseguir benef\u00edcios da dela\u00e7\u00e3o | Arquivo","og:url":"https:\/\/www.jornalja.com.br\/arquivo\/lula-diz-a-sergio-moro-que-palocci-mentiu-para-conseguir-beneficios-da-delacao\/","og:image":"https:\/\/www.jornalja.com.br\/economics\/wp-content\/uploads\/sites\/11\/2026\/08\/ja-folhaderosto-facebook.jpg","og:image:secure_url":"https:\/\/www.jornalja.com.br\/economics\/wp-content\/uploads\/sites\/11\/2026\/08\/ja-folhaderosto-facebook.jpg","article:published_time":"2017-09-14T00:32:14+00:00","article:modified_time":"2017-09-14T00:32:14+00:00","twitter:card":"summary","twitter:title":"Lula diz a S\u00e9rgio Moro que Palocci mentiu para conseguir benef\u00edcios da dela\u00e7\u00e3o | Arquivo","twitter:image":"https:\/\/www.jornalja.com.br\/economics\/wp-content\/uploads\/sites\/11\/2026\/08\/ja-folhaderosto-facebook.jpg"},"aioseo_meta_data":{"post_id":"55107","title":null,"description":null,"keywords":null,"keyphrases":null,"primary_term":null,"canonical_url":null,"og_title":null,"og_description":null,"og_object_type":"default","og_image_type":"default","og_image_url":null,"og_image_width":null,"og_image_height":null,"og_image_custom_url":null,"og_image_custom_fields":null,"og_video":null,"og_custom_url":null,"og_article_section":null,"og_article_tags":null,"twitter_use_og":false,"twitter_card":"default","twitter_image_type":"default","twitter_image_url":null,"twitter_image_custom_url":null,"twitter_image_custom_fields":null,"twitter_title":null,"twitter_description":null,"schema":{"blockGraphs":[],"customGraphs":[],"default":{"data":{"Article":[],"Course":[],"Dataset":[],"FAQPage":[],"Movie":[],"Person":[],"Product":[],"ProductReview":[],"Car":[],"Recipe":[],"Service":[],"SoftwareApplication":[],"WebPage":[]},"graphName":"","isEnabled":true},"graphs":[],"defaultGraph":"","defaultPostTypeGraph":""},"schema_type":null,"schema_type_options":null,"pillar_content":false,"robots_default":true,"robots_noindex":false,"robots_noarchive":false,"robots_nosnippet":false,"robots_nofollow":false,"robots_noimageindex":false,"robots_noodp":false,"robots_notranslate":false,"robots_max_snippet":null,"robots_max_videopreview":null,"robots_max_imagepreview":"large","priority":null,"frequency":null,"location":null,"local_seo":null,"breadcrumb_settings":null,"limit_modified_date":false,"ai":null,"created":"2020-12-20 20:25:01","updated":"2025-07-20 01:09:30","seo_analyzer_scan_date":null,"focus_keyword":null,"additional_keywords":null,"truseo_locale":null},"jetpack_sharing_enabled":true,"jetpack-related-posts":[{"id":13128,"url":"https:\/\/www.jornalja.com.br\/arquivo\/maconha-terra-diz-que-uso-medicinal-e-desculpa\/","url_meta":{"origin":55107,"position":0},"title":"Maconha: Terra diz que uso medicinal \u00e9 desculpa","author":"Patr\u00edcia Marini","date":"4 de junho de 2014","format":false,"excerpt":"A condi\u00e7\u00e3o de pol\u00edtico, em \u00e9poca de campanha de campanha eleitoral, tira for\u00e7a do discurso do m\u00e9dico Osmar Terra contra a legaliza\u00e7\u00e3o da maconha. A tese dele de que a libera\u00e7\u00e3o vai ampliar exponencialmente o consumo \u00e9 discutivel, o consumo \u00e9 corrente. Mas seus alertas quanto aos riscos tem que\u2026","rel":"","context":"Em &quot;X.Categorias velhas&quot;","block_context":{"text":"X.Categorias velhas","link":"https:\/\/www.jornalja.com.br\/arquivo\/category\/x-categorias-velhas\/"},"img":{"alt_text":"","src":"","width":0,"height":0},"classes":[]},{"id":14241,"url":"https:\/\/www.jornalja.com.br\/arquivo\/o-guaiba-nas-imagens-poeticas-de-achutti\/","url_meta":{"origin":55107,"position":1},"title":"O Gua\u00edba nas imagens po\u00e9ticas de Achutti","author":"da Reda\u00e7\u00e3o","date":"18 de junho de 2014","format":false,"excerpt":"Em \u201cO Gua\u00edba por Achutti\u201d \u2013 obra financiada via Minist\u00e9rio da Cultura, produ\u00e7\u00e3o executiva de Pedro Longhi, e Fl\u00e1vio Wild como designer \u2013, o fot\u00f3grafo revela a beleza e as mazelas de um espa\u00e7o aqu\u00e1tico de \u00e1guas sempre renovadas, cheio de hist\u00f3rias e lendas como as das cidades que foram\u2026","rel":"","context":"Em &quot;Cultura-Geral&quot;","block_context":{"text":"Cultura-Geral","link":"https:\/\/www.jornalja.com.br\/arquivo\/category\/materiasecundaria\/"},"img":{"alt_text":"","src":"","width":0,"height":0},"classes":[]},{"id":5440,"url":"https:\/\/www.jornalja.com.br\/arquivo\/casarao-da-venancio-destino-permanece-incerto\/","url_meta":{"origin":55107,"position":2},"title":"Estado ainda n\u00e3o sabe o que fazer com casar\u00e3o abandonado h\u00e1 20 anos","author":"Elmar Bones","date":"6 de julho de 2009","format":false,"excerpt":"O casar\u00e3o amarelo, numa esquina nobre de Porto Alegre (Ven\u00e2ncio Aires com Jo\u00e3o Pessoa), j\u00e1 abrigou uma escola. H\u00e1 duas d\u00e9cadas, pelo menos, est\u00e1 abandonado, porque seu propriet\u00e1rio, o governo do Estado do Rio Grande do Sul, n\u00e3o consegue achar um destino para ele. Planos n\u00e3o faltaram. O governador Ol\u00edvio\u2026","rel":"","context":"Em &quot;X.Categorias velhas&quot;","block_context":{"text":"X.Categorias velhas","link":"https:\/\/www.jornalja.com.br\/arquivo\/category\/x-categorias-velhas\/"},"img":{"alt_text":"geraldo1","src":"https:\/\/i0.wp.com\/www.jornalja.com.br\/wp-content\/uploads\/2009\/07\/geraldo1.jpg?resize=350%2C200&ssl=1","width":350,"height":200},"classes":[]},{"id":13109,"url":"https:\/\/www.jornalja.com.br\/arquivo\/judiciario-reconhece-poluicao-eletromagnetica\/","url_meta":{"origin":55107,"position":3},"title":"Judici\u00e1rio reconhece polui\u00e7\u00e3o eletromagn\u00e9tica","author":"Patr\u00edcia Marini","date":"16 de maio de 2014","format":false,"excerpt":"A\u00e7\u00e3o de duas associa\u00e7\u00f5es de moradores foi acolhida pelo Tribunal de Justi\u00e7a de S\u00e3o Paulo que. em decis\u00e3o in\u00e9dita, determinou a redu\u00e7\u00e3o do campo eletromagn\u00e9tico gerado pelas linhas de transmiss\u00e3o de energia que cortam os bairros City Boa\u00e7ava e Alto de Pinheiros. \u00c9 a primeira vez que um tribunal do\u2026","rel":"","context":"Em &quot;X.Categorias velhas&quot;","block_context":{"text":"X.Categorias velhas","link":"https:\/\/www.jornalja.com.br\/arquivo\/category\/x-categorias-velhas\/"},"img":{"alt_text":"","src":"","width":0,"height":0},"classes":[]},{"id":13239,"url":"https:\/\/www.jornalja.com.br\/arquivo\/conselho-desdenha-do-plano-diretor\/","url_meta":{"origin":55107,"position":4},"title":"Porto Alegre: Conselho detona Plano Diretor","author":"Patr\u00edcia Marini","date":"25 de maio de 2014","format":false,"excerpt":"Den\u00fancia do arquiteto e \u00a0urbanista Ibir\u00e1 Santos Lucas. Ele diz que os conselheiros est\u00e3o votando com \"enorme irresponsabilidade\". \"Mudam regime com a maior naturalidade,,,regularizam absurdos de constru\u00e7\u00f5es irregulares... \"O CMDUA est\u00e1 flexibilizando a lei do plano diretor, de uma forma impactante na vida da cidade. Mudam regime com a maior\u2026","rel":"","context":"Em &quot;Geral&quot;","block_context":{"text":"Geral","link":"https:\/\/www.jornalja.com.br\/arquivo\/category\/geral\/"},"img":{"alt_text":"","src":"","width":0,"height":0},"classes":[]},{"id":13124,"url":"https:\/\/www.jornalja.com.br\/arquivo\/sangue-latino-no-iecine\/","url_meta":{"origin":55107,"position":5},"title":"Sangue latino no IECINE","author":"da Reda\u00e7\u00e3o","date":"18 de maio de 2014","format":false,"excerpt":"Francisco Ribeiro O Instituto Estadual de Cinema (IECINE) tem a frente, desde abril \u00faltimo, um novo diretor, o cineasta colombiano Juan Zapata, 36, que substitui Luiz Alberto Cassol. Radicado h\u00e1 dez anos em Porto Alegre, Zapata tem diante de si o desafio de conduzir at\u00e9 o final do ano um\u2026","rel":"","context":"Em &quot;Cultura-Geral&quot;","block_context":{"text":"Cultura-Geral","link":"https:\/\/www.jornalja.com.br\/arquivo\/category\/materiasecundaria\/"},"img":{"alt_text":"","src":"","width":0,"height":0},"classes":[]}],"jetpack_shortlink":"https:\/\/wp.me\/pbQjBd-ekP","jetpack_featured_media_url":"","_links":{"self":[{"href":"https:\/\/www.jornalja.com.br\/arquivo\/wp-json\/wp\/v2\/posts\/55107","targetHints":{"allow":["GET"]}}],"collection":[{"href":"https:\/\/www.jornalja.com.br\/arquivo\/wp-json\/wp\/v2\/posts"}],"about":[{"href":"https:\/\/www.jornalja.com.br\/arquivo\/wp-json\/wp\/v2\/types\/post"}],"author":[{"embeddable":true,"href":"https:\/\/www.jornalja.com.br\/arquivo\/wp-json\/wp\/v2\/users\/4"}],"replies":[{"embeddable":true,"href":"https:\/\/www.jornalja.com.br\/arquivo\/wp-json\/wp\/v2\/comments?post=55107"}],"version-history":[{"count":0,"href":"https:\/\/www.jornalja.com.br\/arquivo\/wp-json\/wp\/v2\/posts\/55107\/revisions"}],"wp:attachment":[{"href":"https:\/\/www.jornalja.com.br\/arquivo\/wp-json\/wp\/v2\/media?parent=55107"}],"wp:term":[{"taxonomy":"category","embeddable":true,"href":"https:\/\/www.jornalja.com.br\/arquivo\/wp-json\/wp\/v2\/categories?post=55107"},{"taxonomy":"post_tag","embeddable":true,"href":"https:\/\/www.jornalja.com.br\/arquivo\/wp-json\/wp\/v2\/tags?post=55107"}],"curies":[{"name":"wp","href":"https:\/\/api.w.org\/{rel}","templated":true}]}}