{"id":55112,"date":"2017-09-14T11:49:24","date_gmt":"2017-09-14T14:49:24","guid":{"rendered":"https:\/\/www.jornalja.com.br\/?p=55112"},"modified":"2017-09-14T11:49:24","modified_gmt":"2017-09-14T14:49:24","slug":"audiencia-publica-nesta-quinta-debate-revisao-do-iptu-na-capital","status":"publish","type":"post","link":"https:\/\/www.jornalja.com.br\/arquivo\/audiencia-publica-nesta-quinta-debate-revisao-do-iptu-na-capital\/","title":{"rendered":"Audi\u00eancia p\u00fablica nesta quinta debate revis\u00e3o do IPTU na Capital"},"content":{"rendered":"<p>A C\u00e2mara Municipal de Porto Alegre realizar\u00e1, nesta quinta-feira, 14\/9, \u00e0s 19 horas, uma audi\u00eancia p\u00fablica para debater o <a href=\"http:\/\/camarapoa.rs.gov.br\/processos\/132588\" target=\"_blank\" rel=\"noopener noreferrer\">projeto de lei complementar do<\/a> <a href=\"http:\/\/camarapoa.rs.gov.br\/processos\/132588\" target=\"_blank\" rel=\"noopener noreferrer\">Executivo<\/a> municipal que prop\u00f5e a reavalia\u00e7\u00e3o da planta de valores dos im\u00f3veis e o consequente aumento m\u00e9dio de 50% do Imposto Predial e Territorial Urbano (IPTU) na capital ga\u00facha.<br \/>\nO encontro acontecer\u00e1 no Plen\u00e1rio Ot\u00e1vio Rocha. Al\u00e9m dos vereadores e do secret\u00e1rio da Fazenda, Leonardo Busatto, \u00a0&#8211; que ser\u00e1 o primeiro a falar e apresentar\u00e1 o projeto ao p\u00fablico- ser\u00e3o abertas 10 inscri\u00e7\u00f5es para manifesta\u00e7\u00f5es de cidad\u00e3os que comparecerem e desejarem fazer uso da palavra. O hor\u00e1rio previsto por lei para o encerramento \u00e9 22 horas.<br \/>\nA popula\u00e7\u00e3o pode se manifestar durante o debate mediante inscri\u00e7\u00e3o no in\u00edcio do evento. S\u00e3o destinados pronunciamentos de cinco minutos a 10 representantes da comunidade e um para cada partido que tem cadeira no Legislativo.<br \/>\nO governo prop\u00f5e uma atualiza\u00e7\u00e3o completa da Planta de Valores em Porto Alegre (revis\u00e3o de todos os valores venal); al\u00e9m da revis\u00e3o das isen\u00e7\u00f5es, clubes esportivos, por exemplo Gr\u00eamio e Internacional, podem perder o beneficio; e trocar ainda a atual al\u00edquota \u00fanica, de 0,85%, para im\u00f3veis residenciais por al\u00edquotas progressivas:<\/p>\n<ul style=\"list-style-type: square\">\n<li><strong>&#8211; al\u00edquota zero para im\u00f3veis com valor at\u00e9 R$60 mil;<\/strong><\/li>\n<li><strong>&#8211; 0,4% para im\u00f3veis com valor entre R$ 60 e R$ 100 mil;<\/strong><\/li>\n<li><strong>&#8211; 0,5% para im\u00f3veis com valor entre R$ 100 e R$ 300 mil;<\/strong><\/li>\n<li><strong>&#8211; 0,6% para im\u00f3veis com valor entre R$ 300 e R$ 500 mil;<\/strong><\/li>\n<li><strong>&#8211; 0,7% para im\u00f3veis com valor entre R$ 500 mil e R$ 1 milh\u00e3o;<\/strong><\/li>\n<li><strong>&#8211; 0,8% para im\u00f3veis com valor de mais de R$ 1 milh\u00e3o.<\/strong><\/li>\n<\/ul>\n<p>O secret\u00e1rio Busatto j\u00e1 classificou o atual IPTU de injusto . H\u00e1 hoje em Porto Alegre, segundo os dados da Fazenda, 5,3 mil im\u00f3veis com valor venal de R$ 45 mil reais e que na realidade valem mais. \u201cA cidade cresceu, im\u00f3veis valorizaram, outros se desvalorizaram. H\u00e1 uma desatualiza\u00e7\u00e3o de 26 anos que precisam ser corrigidos. Trouxemos esse debate para dentro da C\u00e2mara, os t\u00e9cnicos est\u00e3o \u00e0 disposi\u00e7\u00e3o\u201d justifica Busatto.<br \/>\n<span class=\"intertit\"><b>Governo enfrent<\/b><b>a<\/b><b>s resis<\/b><b>t\u00eancia de vereadores<\/b><\/span><br \/>\nEm agosto, ao protocolar o projeto na C\u00e2mara, o governo do prefeito Nelson Marchezan J\u00fanior j\u00e1 recebeu v\u00e1rios questionamentos quanto o aumento do IPTU e as revis\u00f5es de isen\u00e7\u00f5es.<br \/>\nJo\u00e3o Bosco Vaz (PDT) criticou declara\u00e7\u00f5es do secret\u00e1rio que colocariam os clubes \u201ccomo grandes vil\u00f5es\u201d pelas distor\u00e7\u00f5es no IPTU. J\u00e1 <span style=\"color: #545454\"><span style=\"font-family: arial, sans-serif\"><span style=\"font-size: medium\">Felipe <\/span><\/span><\/span><span style=\"color: #6a6a6a\"><span style=\"font-family: arial, sans-serif\"><span style=\"font-size: medium\">Camozzato <\/span><\/span><\/span><span style=\"color: #6a6a6a\"><span style=\"font-family: arial, sans-serif\"><span style=\"font-size: medium\">(Novo)<\/span><\/span><\/span> considerou o IPTU progressivo \u201cum crime\u201d, pois \u201cparte do princ\u00edpio de que patrim\u00f4nio e ganho de renda andam juntos. Pune ainda mais quem teve patrim\u00f4nio valorizado.\u201d justificou.<br \/>\nA vereadora Sofia Cavedon (PT) defendeu o IPTU social, para quem mora na periferia e que terrenos usados para especula\u00e7\u00e3o urbana deveriam ter taxados diferentemente. Posi\u00e7\u00e3o compartilhada por Fernanda Melchionna (Psol): \u201c\u00c9 preciso haver a taxa\u00e7\u00e3o dos vazios urbanos e im\u00f3veis abandonados durante d\u00e9cadas esperando valoriza\u00e7\u00e3o imobili\u00e1ria\u201d.<\/p>\n","protected":false},"excerpt":{"rendered":"<p>A C\u00e2mara Municipal de Porto Alegre realizar\u00e1, nesta quinta-feira, 14\/9, \u00e0s 19 horas, uma audi\u00eancia p\u00fablica para debater o projeto de lei complementar do Executivo municipal que prop\u00f5e a reavalia\u00e7\u00e3o da planta de valores dos im\u00f3veis e o consequente aumento m\u00e9dio de 50% do Imposto Predial e Territorial Urbano (IPTU) na capital ga\u00facha. O encontro [&hellip;]<\/p>\n","protected":false},"author":4,"featured_media":55134,"comment_status":"open","ping_status":"closed","sticky":false,"template":"","format":"standard","meta":{"_jetpack_newsletter_access":"","_jetpack_dont_email_post_to_subs":false,"_jetpack_newsletter_tier_id":0,"_jetpack_memberships_contains_paywalled_content":false,"_jetpack_feature_clip_id":0,"_jetpack_memberships_contains_paid_content":false,"footnotes":"","jetpack_post_was_ever_published":false},"categories":[26],"tags":[],"class_list":["post-55112","post","type-post","status-publish","format-standard","has-post-thumbnail","hentry","category-geral"],"aioseo_notices":[],"aioseo_head":"\n\t\t<!-- All in One SEO 5.0.1.1 - aioseo.com -->\n\t<meta name=\"robots\" content=\"max-image-preview:large\" \/>\n\t<meta name=\"author\" content=\"da Reda\u00e7\u00e3o\"\/>\n\t<link rel=\"canonical\" href=\"https:\/\/www.jornalja.com.br\/arquivo\/audiencia-publica-nesta-quinta-debate-revisao-do-iptu-na-capital\/\" \/>\n\t<meta name=\"generator\" content=\"All in One SEO (AIOSEO) 5.0.1.1\" \/>\n\t\t<meta property=\"og:locale\" content=\"pt_BR\" \/>\n\t\t<meta property=\"og:site_name\" content=\"Arquivo | Jornal J\u00c1 | Porto Alegre\" \/>\n\t\t<meta property=\"og:type\" content=\"article\" \/>\n\t\t<meta property=\"og:title\" content=\"Audi\u00eancia p\u00fablica nesta quinta debate revis\u00e3o do IPTU na Capital | Arquivo\" \/>\n\t\t<meta property=\"og:url\" content=\"https:\/\/www.jornalja.com.br\/arquivo\/audiencia-publica-nesta-quinta-debate-revisao-do-iptu-na-capital\/\" \/>\n\t\t<meta property=\"og:image\" content=\"https:\/\/www.jornalja.com.br\/economics\/wp-content\/uploads\/sites\/11\/2026\/08\/ja-folhaderosto-facebook.jpg\" \/>\n\t\t<meta property=\"og:image:secure_url\" content=\"https:\/\/www.jornalja.com.br\/economics\/wp-content\/uploads\/sites\/11\/2026\/08\/ja-folhaderosto-facebook.jpg\" \/>\n\t\t<meta property=\"article:published_time\" content=\"2017-09-14T14:49:24+00:00\" \/>\n\t\t<meta property=\"article:modified_time\" content=\"2017-09-14T14:49:24+00:00\" \/>\n\t\t<meta name=\"twitter:card\" content=\"summary\" \/>\n\t\t<meta name=\"twitter:title\" content=\"Audi\u00eancia p\u00fablica nesta quinta debate revis\u00e3o do IPTU na Capital | Arquivo\" \/>\n\t\t<meta name=\"twitter:image\" content=\"https:\/\/www.jornalja.com.br\/economics\/wp-content\/uploads\/sites\/11\/2026\/08\/ja-folhaderosto-facebook.jpg\" \/>\n\t\t<script type=\"application\/ld+json\" class=\"aioseo-schema\">\n\t\t\t{\"@context\":\"https:\\\/\\\/schema.org\",\"@graph\":[{\"@type\":\"BlogPosting\",\"@id\":\"https:\\\/\\\/www.jornalja.com.br\\\/arquivo\\\/audiencia-publica-nesta-quinta-debate-revisao-do-iptu-na-capital\\\/#blogposting\",\"name\":\"Audi\\u00eancia p\\u00fablica nesta quinta debate revis\\u00e3o do IPTU na Capital | Arquivo\",\"headline\":\"Audi\\u00eancia p\\u00fablica nesta quinta debate revis\\u00e3o do IPTU na Capital\",\"author\":{\"@id\":\"https:\\\/\\\/www.jornalja.com.br\\\/arquivo\\\/author\\\/daredacao\\\/#author\"},\"publisher\":{\"@id\":\"https:\\\/\\\/www.jornalja.com.br\\\/arquivo\\\/#organization\"},\"image\":{\"@type\":\"ImageObject\",\"url\":55134},\"datePublished\":\"2017-09-14T11:49:24-03:00\",\"dateModified\":\"2017-09-14T11:49:24-03:00\",\"inLanguage\":\"pt-BR\",\"mainEntityOfPage\":{\"@id\":\"https:\\\/\\\/www.jornalja.com.br\\\/arquivo\\\/audiencia-publica-nesta-quinta-debate-revisao-do-iptu-na-capital\\\/#webpage\"},\"isPartOf\":{\"@id\":\"https:\\\/\\\/www.jornalja.com.br\\\/arquivo\\\/audiencia-publica-nesta-quinta-debate-revisao-do-iptu-na-capital\\\/#webpage\"},\"articleSection\":\"Geral\"},{\"@type\":\"BreadcrumbList\",\"@id\":\"https:\\\/\\\/www.jornalja.com.br\\\/arquivo\\\/audiencia-publica-nesta-quinta-debate-revisao-do-iptu-na-capital\\\/#breadcrumblist\",\"itemListElement\":[{\"@type\":\"ListItem\",\"@id\":\"https:\\\/\\\/www.jornalja.com.br\\\/arquivo#listItem\",\"position\":1,\"name\":\"Home\",\"item\":\"https:\\\/\\\/www.jornalja.com.br\\\/arquivo\",\"nextItem\":{\"@type\":\"ListItem\",\"@id\":\"https:\\\/\\\/www.jornalja.com.br\\\/arquivo\\\/category\\\/geral\\\/#listItem\",\"name\":\"Geral\"}},{\"@type\":\"ListItem\",\"@id\":\"https:\\\/\\\/www.jornalja.com.br\\\/arquivo\\\/category\\\/geral\\\/#listItem\",\"position\":2,\"name\":\"Geral\",\"item\":\"https:\\\/\\\/www.jornalja.com.br\\\/arquivo\\\/category\\\/geral\\\/\",\"nextItem\":{\"@type\":\"ListItem\",\"@id\":\"https:\\\/\\\/www.jornalja.com.br\\\/arquivo\\\/audiencia-publica-nesta-quinta-debate-revisao-do-iptu-na-capital\\\/#listItem\",\"name\":\"Audi\\u00eancia p\\u00fablica nesta quinta debate revis\\u00e3o do IPTU na Capital\"},\"previousItem\":{\"@type\":\"ListItem\",\"@id\":\"https:\\\/\\\/www.jornalja.com.br\\\/arquivo#listItem\",\"name\":\"Home\"}},{\"@type\":\"ListItem\",\"@id\":\"https:\\\/\\\/www.jornalja.com.br\\\/arquivo\\\/audiencia-publica-nesta-quinta-debate-revisao-do-iptu-na-capital\\\/#listItem\",\"position\":3,\"name\":\"Audi\\u00eancia p\\u00fablica nesta quinta debate revis\\u00e3o do IPTU na Capital\",\"previousItem\":{\"@type\":\"ListItem\",\"@id\":\"https:\\\/\\\/www.jornalja.com.br\\\/arquivo\\\/category\\\/geral\\\/#listItem\",\"name\":\"Geral\"}}]},{\"@type\":\"Organization\",\"@id\":\"https:\\\/\\\/www.jornalja.com.br\\\/arquivo\\\/#organization\",\"name\":\"Jornal J\\u00c1\",\"description\":\"Jornal J\\u00c1 | Porto Alegre\",\"url\":\"https:\\\/\\\/www.jornalja.com.br\\\/arquivo\\\/\",\"telephone\":\"+555133307272\",\"logo\":{\"@type\":\"ImageObject\",\"url\":\"https:\\\/\\\/www.jornalja.com.br\\\/wp-content\\\/uploads\\\/cards\\\/JAslogan.png\",\"@id\":\"https:\\\/\\\/www.jornalja.com.br\\\/arquivo\\\/audiencia-publica-nesta-quinta-debate-revisao-do-iptu-na-capital\\\/#organizationLogo\"},\"image\":{\"@id\":\"https:\\\/\\\/www.jornalja.com.br\\\/arquivo\\\/audiencia-publica-nesta-quinta-debate-revisao-do-iptu-na-capital\\\/#organizationLogo\"}},{\"@type\":\"Person\",\"@id\":\"https:\\\/\\\/www.jornalja.com.br\\\/arquivo\\\/author\\\/daredacao\\\/#author\",\"url\":\"https:\\\/\\\/www.jornalja.com.br\\\/arquivo\\\/author\\\/daredacao\\\/\",\"name\":\"da Reda\\u00e7\\u00e3o\",\"image\":{\"@type\":\"ImageObject\",\"@id\":\"https:\\\/\\\/www.jornalja.com.br\\\/arquivo\\\/audiencia-publica-nesta-quinta-debate-revisao-do-iptu-na-capital\\\/#authorImage\",\"url\":\"https:\\\/\\\/secure.gravatar.com\\\/avatar\\\/469fd857d6605ad19919d27ed29d35a968a25f6e8fd9318356bbb7f57aae9c65?s=96&d=mm&r=g\",\"width\":96,\"height\":96,\"caption\":\"da Reda\\u00e7\\u00e3o\"}},{\"@type\":\"WebPage\",\"@id\":\"https:\\\/\\\/www.jornalja.com.br\\\/arquivo\\\/audiencia-publica-nesta-quinta-debate-revisao-do-iptu-na-capital\\\/#webpage\",\"url\":\"https:\\\/\\\/www.jornalja.com.br\\\/arquivo\\\/audiencia-publica-nesta-quinta-debate-revisao-do-iptu-na-capital\\\/\",\"name\":\"Audi\\u00eancia p\\u00fablica nesta quinta debate revis\\u00e3o do IPTU na Capital | Arquivo\",\"inLanguage\":\"pt-BR\",\"isPartOf\":{\"@id\":\"https:\\\/\\\/www.jornalja.com.br\\\/arquivo\\\/#website\"},\"breadcrumb\":{\"@id\":\"https:\\\/\\\/www.jornalja.com.br\\\/arquivo\\\/audiencia-publica-nesta-quinta-debate-revisao-do-iptu-na-capital\\\/#breadcrumblist\"},\"author\":{\"@id\":\"https:\\\/\\\/www.jornalja.com.br\\\/arquivo\\\/author\\\/daredacao\\\/#author\"},\"creator\":{\"@id\":\"https:\\\/\\\/www.jornalja.com.br\\\/arquivo\\\/author\\\/daredacao\\\/#author\"},\"image\":{\"@type\":\"ImageObject\",\"url\":55134,\"@id\":\"https:\\\/\\\/www.jornalja.com.br\\\/arquivo\\\/audiencia-publica-nesta-quinta-debate-revisao-do-iptu-na-capital\\\/#mainImage\"},\"primaryImageOfPage\":{\"@id\":\"https:\\\/\\\/www.jornalja.com.br\\\/arquivo\\\/audiencia-publica-nesta-quinta-debate-revisao-do-iptu-na-capital\\\/#mainImage\"},\"datePublished\":\"2017-09-14T11:49:24-03:00\",\"dateModified\":\"2017-09-14T11:49:24-03:00\"},{\"@type\":\"WebSite\",\"@id\":\"https:\\\/\\\/www.jornalja.com.br\\\/arquivo\\\/#website\",\"url\":\"https:\\\/\\\/www.jornalja.com.br\\\/arquivo\\\/\",\"name\":\"Arquivo\",\"description\":\"Jornal J\\u00c1 | Porto Alegre\",\"inLanguage\":\"pt-BR\",\"publisher\":{\"@id\":\"https:\\\/\\\/www.jornalja.com.br\\\/arquivo\\\/#organization\"}}]}\n\t\t<\/script>\n\t\t<!-- All in One SEO -->\n\n","aioseo_head_json":{"title":"Audi\u00eancia p\u00fablica nesta quinta debate revis\u00e3o do IPTU na Capital | Arquivo","description":"","canonical_url":"https:\/\/www.jornalja.com.br\/arquivo\/audiencia-publica-nesta-quinta-debate-revisao-do-iptu-na-capital\/","robots":"max-image-preview:large","keywords":"","webmasterTools":{"miscellaneous":""},"schema":{"@context":"https:\/\/schema.org","@graph":[{"@type":"BlogPosting","@id":"https:\/\/www.jornalja.com.br\/arquivo\/audiencia-publica-nesta-quinta-debate-revisao-do-iptu-na-capital\/#blogposting","name":"Audi\u00eancia p\u00fablica nesta quinta debate revis\u00e3o do IPTU na Capital | Arquivo","headline":"Audi\u00eancia p\u00fablica nesta quinta debate revis\u00e3o do IPTU na Capital","author":{"@id":"https:\/\/www.jornalja.com.br\/arquivo\/author\/daredacao\/#author"},"publisher":{"@id":"https:\/\/www.jornalja.com.br\/arquivo\/#organization"},"image":{"@type":"ImageObject","url":55134},"datePublished":"2017-09-14T11:49:24-03:00","dateModified":"2017-09-14T11:49:24-03:00","inLanguage":"pt-BR","mainEntityOfPage":{"@id":"https:\/\/www.jornalja.com.br\/arquivo\/audiencia-publica-nesta-quinta-debate-revisao-do-iptu-na-capital\/#webpage"},"isPartOf":{"@id":"https:\/\/www.jornalja.com.br\/arquivo\/audiencia-publica-nesta-quinta-debate-revisao-do-iptu-na-capital\/#webpage"},"articleSection":"Geral"},{"@type":"BreadcrumbList","@id":"https:\/\/www.jornalja.com.br\/arquivo\/audiencia-publica-nesta-quinta-debate-revisao-do-iptu-na-capital\/#breadcrumblist","itemListElement":[{"@type":"ListItem","@id":"https:\/\/www.jornalja.com.br\/arquivo#listItem","position":1,"name":"Home","item":"https:\/\/www.jornalja.com.br\/arquivo","nextItem":{"@type":"ListItem","@id":"https:\/\/www.jornalja.com.br\/arquivo\/category\/geral\/#listItem","name":"Geral"}},{"@type":"ListItem","@id":"https:\/\/www.jornalja.com.br\/arquivo\/category\/geral\/#listItem","position":2,"name":"Geral","item":"https:\/\/www.jornalja.com.br\/arquivo\/category\/geral\/","nextItem":{"@type":"ListItem","@id":"https:\/\/www.jornalja.com.br\/arquivo\/audiencia-publica-nesta-quinta-debate-revisao-do-iptu-na-capital\/#listItem","name":"Audi\u00eancia p\u00fablica nesta quinta debate revis\u00e3o do IPTU na Capital"},"previousItem":{"@type":"ListItem","@id":"https:\/\/www.jornalja.com.br\/arquivo#listItem","name":"Home"}},{"@type":"ListItem","@id":"https:\/\/www.jornalja.com.br\/arquivo\/audiencia-publica-nesta-quinta-debate-revisao-do-iptu-na-capital\/#listItem","position":3,"name":"Audi\u00eancia p\u00fablica nesta quinta debate revis\u00e3o do IPTU na Capital","previousItem":{"@type":"ListItem","@id":"https:\/\/www.jornalja.com.br\/arquivo\/category\/geral\/#listItem","name":"Geral"}}]},{"@type":"Organization","@id":"https:\/\/www.jornalja.com.br\/arquivo\/#organization","name":"Jornal J\u00c1","description":"Jornal J\u00c1 | Porto Alegre","url":"https:\/\/www.jornalja.com.br\/arquivo\/","telephone":"+555133307272","logo":{"@type":"ImageObject","url":"https:\/\/www.jornalja.com.br\/wp-content\/uploads\/cards\/JAslogan.png","@id":"https:\/\/www.jornalja.com.br\/arquivo\/audiencia-publica-nesta-quinta-debate-revisao-do-iptu-na-capital\/#organizationLogo"},"image":{"@id":"https:\/\/www.jornalja.com.br\/arquivo\/audiencia-publica-nesta-quinta-debate-revisao-do-iptu-na-capital\/#organizationLogo"}},{"@type":"Person","@id":"https:\/\/www.jornalja.com.br\/arquivo\/author\/daredacao\/#author","url":"https:\/\/www.jornalja.com.br\/arquivo\/author\/daredacao\/","name":"da Reda\u00e7\u00e3o","image":{"@type":"ImageObject","@id":"https:\/\/www.jornalja.com.br\/arquivo\/audiencia-publica-nesta-quinta-debate-revisao-do-iptu-na-capital\/#authorImage","url":"https:\/\/secure.gravatar.com\/avatar\/469fd857d6605ad19919d27ed29d35a968a25f6e8fd9318356bbb7f57aae9c65?s=96&d=mm&r=g","width":96,"height":96,"caption":"da Reda\u00e7\u00e3o"}},{"@type":"WebPage","@id":"https:\/\/www.jornalja.com.br\/arquivo\/audiencia-publica-nesta-quinta-debate-revisao-do-iptu-na-capital\/#webpage","url":"https:\/\/www.jornalja.com.br\/arquivo\/audiencia-publica-nesta-quinta-debate-revisao-do-iptu-na-capital\/","name":"Audi\u00eancia p\u00fablica nesta quinta debate revis\u00e3o do IPTU na Capital | Arquivo","inLanguage":"pt-BR","isPartOf":{"@id":"https:\/\/www.jornalja.com.br\/arquivo\/#website"},"breadcrumb":{"@id":"https:\/\/www.jornalja.com.br\/arquivo\/audiencia-publica-nesta-quinta-debate-revisao-do-iptu-na-capital\/#breadcrumblist"},"author":{"@id":"https:\/\/www.jornalja.com.br\/arquivo\/author\/daredacao\/#author"},"creator":{"@id":"https:\/\/www.jornalja.com.br\/arquivo\/author\/daredacao\/#author"},"image":{"@type":"ImageObject","url":55134,"@id":"https:\/\/www.jornalja.com.br\/arquivo\/audiencia-publica-nesta-quinta-debate-revisao-do-iptu-na-capital\/#mainImage"},"primaryImageOfPage":{"@id":"https:\/\/www.jornalja.com.br\/arquivo\/audiencia-publica-nesta-quinta-debate-revisao-do-iptu-na-capital\/#mainImage"},"datePublished":"2017-09-14T11:49:24-03:00","dateModified":"2017-09-14T11:49:24-03:00"},{"@type":"WebSite","@id":"https:\/\/www.jornalja.com.br\/arquivo\/#website","url":"https:\/\/www.jornalja.com.br\/arquivo\/","name":"Arquivo","description":"Jornal J\u00c1 | Porto Alegre","inLanguage":"pt-BR","publisher":{"@id":"https:\/\/www.jornalja.com.br\/arquivo\/#organization"}}]},"og:locale":"pt_BR","og:site_name":"Arquivo | Jornal J\u00c1 | Porto Alegre","og:type":"article","og:title":"Audi\u00eancia p\u00fablica nesta quinta debate revis\u00e3o do IPTU na Capital | Arquivo","og:url":"https:\/\/www.jornalja.com.br\/arquivo\/audiencia-publica-nesta-quinta-debate-revisao-do-iptu-na-capital\/","og:image":"https:\/\/www.jornalja.com.br\/economics\/wp-content\/uploads\/sites\/11\/2026\/08\/ja-folhaderosto-facebook.jpg","og:image:secure_url":"https:\/\/www.jornalja.com.br\/economics\/wp-content\/uploads\/sites\/11\/2026\/08\/ja-folhaderosto-facebook.jpg","article:published_time":"2017-09-14T14:49:24+00:00","article:modified_time":"2017-09-14T14:49:24+00:00","twitter:card":"summary","twitter:title":"Audi\u00eancia p\u00fablica nesta quinta debate revis\u00e3o do IPTU na Capital | Arquivo","twitter:image":"https:\/\/www.jornalja.com.br\/economics\/wp-content\/uploads\/sites\/11\/2026\/08\/ja-folhaderosto-facebook.jpg"},"aioseo_meta_data":{"post_id":"55112","title":null,"description":null,"keywords":null,"keyphrases":null,"primary_term":null,"canonical_url":null,"og_title":null,"og_description":null,"og_object_type":"default","og_image_type":"default","og_image_url":null,"og_image_width":null,"og_image_height":null,"og_image_custom_url":null,"og_image_custom_fields":null,"og_video":null,"og_custom_url":null,"og_article_section":null,"og_article_tags":null,"twitter_use_og":false,"twitter_card":"default","twitter_image_type":"default","twitter_image_url":null,"twitter_image_custom_url":null,"twitter_image_custom_fields":null,"twitter_title":null,"twitter_description":null,"schema":{"blockGraphs":[],"customGraphs":[],"default":{"data":{"Article":[],"Course":[],"Dataset":[],"FAQPage":[],"Movie":[],"Person":[],"Product":[],"ProductReview":[],"Car":[],"Recipe":[],"Service":[],"SoftwareApplication":[],"WebPage":[]},"graphName":"","isEnabled":true},"graphs":[],"defaultGraph":"","defaultPostTypeGraph":""},"schema_type":null,"schema_type_options":null,"pillar_content":false,"robots_default":true,"robots_noindex":false,"robots_noarchive":false,"robots_nosnippet":false,"robots_nofollow":false,"robots_noimageindex":false,"robots_noodp":false,"robots_notranslate":false,"robots_max_snippet":null,"robots_max_videopreview":null,"robots_max_imagepreview":"large","priority":null,"frequency":null,"location":null,"local_seo":null,"breadcrumb_settings":null,"limit_modified_date":false,"ai":null,"created":"2020-12-20 20:25:01","updated":"2025-07-20 01:09:30","seo_analyzer_scan_date":null,"focus_keyword":null,"additional_keywords":null,"truseo_locale":null},"jetpack_sharing_enabled":true,"jetpack-related-posts":[{"id":13128,"url":"https:\/\/www.jornalja.com.br\/arquivo\/maconha-terra-diz-que-uso-medicinal-e-desculpa\/","url_meta":{"origin":55112,"position":0},"title":"Maconha: Terra diz que uso medicinal \u00e9 desculpa","author":"Patr\u00edcia Marini","date":"4 de junho de 2014","format":false,"excerpt":"A condi\u00e7\u00e3o de pol\u00edtico, em \u00e9poca de campanha de campanha eleitoral, tira for\u00e7a do discurso do m\u00e9dico Osmar Terra contra a legaliza\u00e7\u00e3o da maconha. A tese dele de que a libera\u00e7\u00e3o vai ampliar exponencialmente o consumo \u00e9 discutivel, o consumo \u00e9 corrente. Mas seus alertas quanto aos riscos tem que\u2026","rel":"","context":"Em &quot;X.Categorias velhas&quot;","block_context":{"text":"X.Categorias velhas","link":"https:\/\/www.jornalja.com.br\/arquivo\/category\/x-categorias-velhas\/"},"img":{"alt_text":"","src":"","width":0,"height":0},"classes":[]},{"id":13109,"url":"https:\/\/www.jornalja.com.br\/arquivo\/judiciario-reconhece-poluicao-eletromagnetica\/","url_meta":{"origin":55112,"position":1},"title":"Judici\u00e1rio reconhece polui\u00e7\u00e3o eletromagn\u00e9tica","author":"Patr\u00edcia Marini","date":"16 de maio de 2014","format":false,"excerpt":"A\u00e7\u00e3o de duas associa\u00e7\u00f5es de moradores foi acolhida pelo Tribunal de Justi\u00e7a de S\u00e3o Paulo que. em decis\u00e3o in\u00e9dita, determinou a redu\u00e7\u00e3o do campo eletromagn\u00e9tico gerado pelas linhas de transmiss\u00e3o de energia que cortam os bairros City Boa\u00e7ava e Alto de Pinheiros. \u00c9 a primeira vez que um tribunal do\u2026","rel":"","context":"Em &quot;X.Categorias velhas&quot;","block_context":{"text":"X.Categorias velhas","link":"https:\/\/www.jornalja.com.br\/arquivo\/category\/x-categorias-velhas\/"},"img":{"alt_text":"","src":"","width":0,"height":0},"classes":[]},{"id":13240,"url":"https:\/\/www.jornalja.com.br\/arquivo\/plano-diretor-estamos-construindo-o-caos\/","url_meta":{"origin":55112,"position":2},"title":"Plano diretor: &quot;Estamos construindo o caos&quot;","author":"Patr\u00edcia Marini","date":"26 de maio de 2014","format":false,"excerpt":"Desabafo que arquiteta Eliana Castilhos, delegada da Regi\u00e3o de Planejamento 1, postou nas redes sociais \u00e9 um testemunho do ambiente que se criou no Conselho do Plano Diretor de Porto Alegre, onde a aprova\u00e7\u00e3o de grandes empreendimentos \u00e9 empurrada guela abaixo dos conselheiros. Ao CMDUA Como delegada da Regi\u00e3o de\u2026","rel":"","context":"Em &quot;Geral&quot;","block_context":{"text":"Geral","link":"https:\/\/www.jornalja.com.br\/arquivo\/category\/geral\/"},"img":{"alt_text":"","src":"","width":0,"height":0},"classes":[]},{"id":13239,"url":"https:\/\/www.jornalja.com.br\/arquivo\/conselho-desdenha-do-plano-diretor\/","url_meta":{"origin":55112,"position":3},"title":"Porto Alegre: Conselho detona Plano Diretor","author":"Patr\u00edcia Marini","date":"25 de maio de 2014","format":false,"excerpt":"Den\u00fancia do arquiteto e \u00a0urbanista Ibir\u00e1 Santos Lucas. Ele diz que os conselheiros est\u00e3o votando com \"enorme irresponsabilidade\". \"Mudam regime com a maior naturalidade,,,regularizam absurdos de constru\u00e7\u00f5es irregulares... \"O CMDUA est\u00e1 flexibilizando a lei do plano diretor, de uma forma impactante na vida da cidade. Mudam regime com a maior\u2026","rel":"","context":"Em &quot;Geral&quot;","block_context":{"text":"Geral","link":"https:\/\/www.jornalja.com.br\/arquivo\/category\/geral\/"},"img":{"alt_text":"","src":"","width":0,"height":0},"classes":[]},{"id":13101,"url":"https:\/\/www.jornalja.com.br\/arquivo\/morre-um-guerreiro-do-texto\/","url_meta":{"origin":55112,"position":4},"title":"Morre um guerreiro do texto","author":"Patr\u00edcia Marini","date":"14 de maio de 2014","format":false,"excerpt":"Por Ricardo Kotscho Reproduzido do blog do autor, 11\/5\/2014; t\u00edtulo original \u201cE l\u00e1 se foi o nosso Myltainho, guerreiro do texto\u201d. Mi\u00fado e franzino, meu amigo Myltainho era um valente e inconformado guerreiro na luta contra as injusti\u00e7as sociais, a hipocrisia, as maracutaias, o autoritarismo, a intoler\u00e2ncia, a viol\u00eancia, o\u2026","rel":"","context":"Em &quot;Geral&quot;","block_context":{"text":"Geral","link":"https:\/\/www.jornalja.com.br\/arquivo\/category\/geral\/"},"img":{"alt_text":"","src":"","width":0,"height":0},"classes":[]},{"id":12960,"url":"https:\/\/www.jornalja.com.br\/arquivo\/populacao-culpa-empresas-pela-greve-dos-rodoviarios\/","url_meta":{"origin":55112,"position":5},"title":"Popula\u00e7\u00e3o culpa empresas pela greve","author":"Patr\u00edcia Marini","date":"14 de fevereiro de 2014","format":false,"excerpt":"Pesquisa divulgada na edi\u00e7\u00e3o do jornal Metro desta sexta-feira,14, comprova o velho ditado: \u00e9 poss\u00edvel enganar muitos por algum tempo, mas n\u00e3o \u00e9 poss\u00edvel enganar a todos o tempo inteiro. A principal revela\u00e7\u00e3o foi que 59,8% dos entrevistados apontaram as empresas como as principais respons\u00e1veis pela grave e 46% culparam\u2026","rel":"","context":"Em &quot;X.Categorias velhas&quot;","block_context":{"text":"X.Categorias velhas","link":"https:\/\/www.jornalja.com.br\/arquivo\/category\/x-categorias-velhas\/"},"img":{"alt_text":"","src":"","width":0,"height":0},"classes":[]}],"jetpack_shortlink":"https:\/\/wp.me\/pbQjBd-ekU","jetpack_featured_media_url":"","_links":{"self":[{"href":"https:\/\/www.jornalja.com.br\/arquivo\/wp-json\/wp\/v2\/posts\/55112","targetHints":{"allow":["GET"]}}],"collection":[{"href":"https:\/\/www.jornalja.com.br\/arquivo\/wp-json\/wp\/v2\/posts"}],"about":[{"href":"https:\/\/www.jornalja.com.br\/arquivo\/wp-json\/wp\/v2\/types\/post"}],"author":[{"embeddable":true,"href":"https:\/\/www.jornalja.com.br\/arquivo\/wp-json\/wp\/v2\/users\/4"}],"replies":[{"embeddable":true,"href":"https:\/\/www.jornalja.com.br\/arquivo\/wp-json\/wp\/v2\/comments?post=55112"}],"version-history":[{"count":0,"href":"https:\/\/www.jornalja.com.br\/arquivo\/wp-json\/wp\/v2\/posts\/55112\/revisions"}],"wp:attachment":[{"href":"https:\/\/www.jornalja.com.br\/arquivo\/wp-json\/wp\/v2\/media?parent=55112"}],"wp:term":[{"taxonomy":"category","embeddable":true,"href":"https:\/\/www.jornalja.com.br\/arquivo\/wp-json\/wp\/v2\/categories?post=55112"},{"taxonomy":"post_tag","embeddable":true,"href":"https:\/\/www.jornalja.com.br\/arquivo\/wp-json\/wp\/v2\/tags?post=55112"}],"curies":[{"name":"wp","href":"https:\/\/api.w.org\/{rel}","templated":true}]}}