{"id":55138,"date":"2017-09-14T18:42:26","date_gmt":"2017-09-14T21:42:26","guid":{"rendered":"https:\/\/www.jornalja.com.br\/?p=55138"},"modified":"2017-09-14T18:42:26","modified_gmt":"2017-09-14T21:42:26","slug":"michel-temer-e-denunciado-por-organizacao-criminosa-e-obstrucao-de-justica","status":"publish","type":"post","link":"https:\/\/www.jornalja.com.br\/arquivo\/michel-temer-e-denunciado-por-organizacao-criminosa-e-obstrucao-de-justica\/","title":{"rendered":"Michel Temer \u00e9 denunciado por organiza\u00e7\u00e3o criminosa e obstru\u00e7\u00e3o de Justi\u00e7a"},"content":{"rendered":"<p>O procurador-geral da Rep\u00fablica, Rodrigo Janot, apresentou h\u00e1 pouco ao Supremo Tribunal Federal (STF) nova den\u00fancia contra o presidente Michel Temer. Nesta segunda den\u00fancia, Janot acusa o presidente dos crimes de organiza\u00e7\u00e3o criminosa e obstru\u00e7\u00e3o de Justi\u00e7a.<br \/>\nDe acordo com o procurador, Temer e parlamentares do PMDB, que tamb\u00e9m constam na den\u00fancia, participaram de um suposto esquema de corrup\u00e7\u00e3o envolvendo integrantes do partido na C\u00e2mara dos Deputados com objetivo de obter vantagens indevidas em \u00f3rg\u00e3os da administra\u00e7\u00e3o p\u00fablica.<br \/>\nNa acusa\u00e7\u00e3o sobre obstru\u00e7\u00e3o de Justi\u00e7a, Janot sustenta que Temer atuou para comprar o sil\u00eancio do doleiro L\u00facio Funaro, um dos delatores nas investiga\u00e7\u00f5es e que teria sido o operador do suposto esquema. A suposta interfer\u00eancia teria ocorrido por meio dos empres\u00e1rios da JBS, Joesley Batista e Ricardo Saud, que tamb\u00e9m s\u00e3o acusados do mesmo crime.<br \/>\nJoesley e Saud foram inclu\u00eddos na acusa\u00e7\u00e3o de obstru\u00e7\u00e3o porque perderam hoje (14) a imunidade penal ap\u00f3s o procurador concluir que os acusados omitiram informa\u00e7\u00f5es da Procuradoria-Geral da Rep\u00fablica (PGR) durante o processo de assinatura do acordo de dela\u00e7\u00e3o premiada.<br \/>\nDurante a investiga\u00e7\u00e3o, a defesa de Temer questionou os benef\u00edcios concedidos a Joesley Batista pela PGR no acordo de dela\u00e7\u00e3o.<br \/>\n<span class=\"intertit\"><strong>Tramita\u00e7\u00e3o<\/strong><\/span><br \/>\nCom a chegada da den\u00fancia ao STF, a C\u00e2mara dos Deputados precisar\u00e1 fazer outra vota\u00e7\u00e3o para decidir sobre a autoriza\u00e7\u00e3o pr\u00e9via para o prosseguimento do processo na Suprema Corte.<br \/>\nO Supremo n\u00e3o poder\u00e1 analisar a quest\u00e3o antes de uma decis\u00e3o pr\u00e9via da C\u00e2mara. De acordo com a Constitui\u00e7\u00e3o, a den\u00fancia apresentada contra Temer somente poder\u00e1 ser analisada ap\u00f3s a aceita\u00e7\u00e3o de 342 deputados, o equivalente a dois ter\u00e7os do n\u00famero de deputados.<br \/>\nA autoriza\u00e7\u00e3o pr\u00e9via para processar o presidente da Rep\u00fablica est\u00e1 prevista na Constitui\u00e7\u00e3o.\u00a0 A regra est\u00e1 no Artigo 86:\u00a0 \u201cAdmitida a acusa\u00e7\u00e3o contra o presidente da Rep\u00fablica, por dois ter\u00e7os da C\u00e2mara dos Deputados, ser\u00e1 ele submetido a julgamento perante o Supremo Tribunal Federal, nas infra\u00e7\u00f5es penais comuns, ou perante o Senado Federal, nos crimes de responsabilidade\u201d.<br \/>\nO prosseguimento da primeira den\u00fancia apresentada pela PGR contra o presidente pelo suposto crime de corrup\u00e7\u00e3o n\u00e3o foi autorizada pela C\u00e2mara. A acusa\u00e7\u00e3o estava baseada nas investiga\u00e7\u00f5es iniciadas a partir do acordo de dela\u00e7\u00e3o premiada da JBS. O \u00e1udio da conversa gravada pelo empres\u00e1rio Joesley Batista tamb\u00e9m foi uma das provas usadas no processo.<\/p>\n<div class=\"node-info\"><\/div>\n","protected":false},"excerpt":{"rendered":"<p>O procurador-geral da Rep\u00fablica, Rodrigo Janot, apresentou h\u00e1 pouco ao Supremo Tribunal Federal (STF) nova den\u00fancia contra o presidente Michel Temer. Nesta segunda den\u00fancia, Janot acusa o presidente dos crimes de organiza\u00e7\u00e3o criminosa e obstru\u00e7\u00e3o de Justi\u00e7a. De acordo com o procurador, Temer e parlamentares do PMDB, que tamb\u00e9m constam na den\u00fancia, participaram de um [&hellip;]<\/p>\n","protected":false},"author":4,"featured_media":55139,"comment_status":"open","ping_status":"closed","sticky":false,"template":"","format":"standard","meta":{"_jetpack_newsletter_access":"","_jetpack_dont_email_post_to_subs":false,"_jetpack_newsletter_tier_id":0,"_jetpack_memberships_contains_paywalled_content":false,"_jetpack_feature_clip_id":0,"_jetpack_memberships_contains_paid_content":false,"footnotes":"","jetpack_post_was_ever_published":false},"categories":[26],"tags":[],"class_list":["post-55138","post","type-post","status-publish","format-standard","has-post-thumbnail","hentry","category-geral"],"aioseo_notices":[],"aioseo_head":"\n\t\t<!-- All in One SEO 5.0.1.1 - aioseo.com -->\n\t<meta name=\"robots\" content=\"max-image-preview:large\" \/>\n\t<meta name=\"author\" content=\"da Reda\u00e7\u00e3o\"\/>\n\t<link rel=\"canonical\" href=\"https:\/\/www.jornalja.com.br\/arquivo\/michel-temer-e-denunciado-por-organizacao-criminosa-e-obstrucao-de-justica\/\" \/>\n\t<meta name=\"generator\" content=\"All in One SEO (AIOSEO) 5.0.1.1\" \/>\n\t\t<meta property=\"og:locale\" content=\"pt_BR\" \/>\n\t\t<meta property=\"og:site_name\" content=\"Arquivo | Jornal J\u00c1 | Porto Alegre\" \/>\n\t\t<meta property=\"og:type\" content=\"article\" \/>\n\t\t<meta property=\"og:title\" content=\"Michel Temer \u00e9 denunciado por organiza\u00e7\u00e3o criminosa e obstru\u00e7\u00e3o de Justi\u00e7a | Arquivo\" \/>\n\t\t<meta property=\"og:url\" content=\"https:\/\/www.jornalja.com.br\/arquivo\/michel-temer-e-denunciado-por-organizacao-criminosa-e-obstrucao-de-justica\/\" \/>\n\t\t<meta property=\"og:image\" content=\"https:\/\/www.jornalja.com.br\/economics\/wp-content\/uploads\/sites\/11\/2026\/08\/ja-folhaderosto-facebook.jpg\" \/>\n\t\t<meta property=\"og:image:secure_url\" content=\"https:\/\/www.jornalja.com.br\/economics\/wp-content\/uploads\/sites\/11\/2026\/08\/ja-folhaderosto-facebook.jpg\" \/>\n\t\t<meta property=\"article:published_time\" content=\"2017-09-14T21:42:26+00:00\" \/>\n\t\t<meta property=\"article:modified_time\" content=\"2017-09-14T21:42:26+00:00\" \/>\n\t\t<meta name=\"twitter:card\" content=\"summary\" \/>\n\t\t<meta name=\"twitter:title\" content=\"Michel Temer \u00e9 denunciado por organiza\u00e7\u00e3o criminosa e obstru\u00e7\u00e3o de Justi\u00e7a | Arquivo\" \/>\n\t\t<meta name=\"twitter:image\" content=\"https:\/\/www.jornalja.com.br\/economics\/wp-content\/uploads\/sites\/11\/2026\/08\/ja-folhaderosto-facebook.jpg\" \/>\n\t\t<script type=\"application\/ld+json\" class=\"aioseo-schema\">\n\t\t\t{\"@context\":\"https:\\\/\\\/schema.org\",\"@graph\":[{\"@type\":\"BlogPosting\",\"@id\":\"https:\\\/\\\/www.jornalja.com.br\\\/arquivo\\\/michel-temer-e-denunciado-por-organizacao-criminosa-e-obstrucao-de-justica\\\/#blogposting\",\"name\":\"Michel Temer \\u00e9 denunciado por organiza\\u00e7\\u00e3o criminosa e obstru\\u00e7\\u00e3o de Justi\\u00e7a | Arquivo\",\"headline\":\"Michel Temer \\u00e9 denunciado por organiza\\u00e7\\u00e3o criminosa e obstru\\u00e7\\u00e3o de Justi\\u00e7a\",\"author\":{\"@id\":\"https:\\\/\\\/www.jornalja.com.br\\\/arquivo\\\/author\\\/daredacao\\\/#author\"},\"publisher\":{\"@id\":\"https:\\\/\\\/www.jornalja.com.br\\\/arquivo\\\/#organization\"},\"image\":{\"@type\":\"ImageObject\",\"url\":55139},\"datePublished\":\"2017-09-14T18:42:26-03:00\",\"dateModified\":\"2017-09-14T18:42:26-03:00\",\"inLanguage\":\"pt-BR\",\"mainEntityOfPage\":{\"@id\":\"https:\\\/\\\/www.jornalja.com.br\\\/arquivo\\\/michel-temer-e-denunciado-por-organizacao-criminosa-e-obstrucao-de-justica\\\/#webpage\"},\"isPartOf\":{\"@id\":\"https:\\\/\\\/www.jornalja.com.br\\\/arquivo\\\/michel-temer-e-denunciado-por-organizacao-criminosa-e-obstrucao-de-justica\\\/#webpage\"},\"articleSection\":\"Geral\"},{\"@type\":\"BreadcrumbList\",\"@id\":\"https:\\\/\\\/www.jornalja.com.br\\\/arquivo\\\/michel-temer-e-denunciado-por-organizacao-criminosa-e-obstrucao-de-justica\\\/#breadcrumblist\",\"itemListElement\":[{\"@type\":\"ListItem\",\"@id\":\"https:\\\/\\\/www.jornalja.com.br\\\/arquivo#listItem\",\"position\":1,\"name\":\"Home\",\"item\":\"https:\\\/\\\/www.jornalja.com.br\\\/arquivo\",\"nextItem\":{\"@type\":\"ListItem\",\"@id\":\"https:\\\/\\\/www.jornalja.com.br\\\/arquivo\\\/category\\\/geral\\\/#listItem\",\"name\":\"Geral\"}},{\"@type\":\"ListItem\",\"@id\":\"https:\\\/\\\/www.jornalja.com.br\\\/arquivo\\\/category\\\/geral\\\/#listItem\",\"position\":2,\"name\":\"Geral\",\"item\":\"https:\\\/\\\/www.jornalja.com.br\\\/arquivo\\\/category\\\/geral\\\/\",\"nextItem\":{\"@type\":\"ListItem\",\"@id\":\"https:\\\/\\\/www.jornalja.com.br\\\/arquivo\\\/michel-temer-e-denunciado-por-organizacao-criminosa-e-obstrucao-de-justica\\\/#listItem\",\"name\":\"Michel Temer \\u00e9 denunciado por organiza\\u00e7\\u00e3o criminosa e obstru\\u00e7\\u00e3o de Justi\\u00e7a\"},\"previousItem\":{\"@type\":\"ListItem\",\"@id\":\"https:\\\/\\\/www.jornalja.com.br\\\/arquivo#listItem\",\"name\":\"Home\"}},{\"@type\":\"ListItem\",\"@id\":\"https:\\\/\\\/www.jornalja.com.br\\\/arquivo\\\/michel-temer-e-denunciado-por-organizacao-criminosa-e-obstrucao-de-justica\\\/#listItem\",\"position\":3,\"name\":\"Michel Temer \\u00e9 denunciado por organiza\\u00e7\\u00e3o criminosa e obstru\\u00e7\\u00e3o de Justi\\u00e7a\",\"previousItem\":{\"@type\":\"ListItem\",\"@id\":\"https:\\\/\\\/www.jornalja.com.br\\\/arquivo\\\/category\\\/geral\\\/#listItem\",\"name\":\"Geral\"}}]},{\"@type\":\"Organization\",\"@id\":\"https:\\\/\\\/www.jornalja.com.br\\\/arquivo\\\/#organization\",\"name\":\"Jornal J\\u00c1\",\"description\":\"Jornal J\\u00c1 | Porto Alegre\",\"url\":\"https:\\\/\\\/www.jornalja.com.br\\\/arquivo\\\/\",\"telephone\":\"+555133307272\",\"logo\":{\"@type\":\"ImageObject\",\"url\":\"https:\\\/\\\/www.jornalja.com.br\\\/wp-content\\\/uploads\\\/cards\\\/JAslogan.png\",\"@id\":\"https:\\\/\\\/www.jornalja.com.br\\\/arquivo\\\/michel-temer-e-denunciado-por-organizacao-criminosa-e-obstrucao-de-justica\\\/#organizationLogo\"},\"image\":{\"@id\":\"https:\\\/\\\/www.jornalja.com.br\\\/arquivo\\\/michel-temer-e-denunciado-por-organizacao-criminosa-e-obstrucao-de-justica\\\/#organizationLogo\"}},{\"@type\":\"Person\",\"@id\":\"https:\\\/\\\/www.jornalja.com.br\\\/arquivo\\\/author\\\/daredacao\\\/#author\",\"url\":\"https:\\\/\\\/www.jornalja.com.br\\\/arquivo\\\/author\\\/daredacao\\\/\",\"name\":\"da Reda\\u00e7\\u00e3o\",\"image\":{\"@type\":\"ImageObject\",\"@id\":\"https:\\\/\\\/www.jornalja.com.br\\\/arquivo\\\/michel-temer-e-denunciado-por-organizacao-criminosa-e-obstrucao-de-justica\\\/#authorImage\",\"url\":\"https:\\\/\\\/secure.gravatar.com\\\/avatar\\\/469fd857d6605ad19919d27ed29d35a968a25f6e8fd9318356bbb7f57aae9c65?s=96&d=mm&r=g\",\"width\":96,\"height\":96,\"caption\":\"da Reda\\u00e7\\u00e3o\"}},{\"@type\":\"WebPage\",\"@id\":\"https:\\\/\\\/www.jornalja.com.br\\\/arquivo\\\/michel-temer-e-denunciado-por-organizacao-criminosa-e-obstrucao-de-justica\\\/#webpage\",\"url\":\"https:\\\/\\\/www.jornalja.com.br\\\/arquivo\\\/michel-temer-e-denunciado-por-organizacao-criminosa-e-obstrucao-de-justica\\\/\",\"name\":\"Michel Temer \\u00e9 denunciado por organiza\\u00e7\\u00e3o criminosa e obstru\\u00e7\\u00e3o de Justi\\u00e7a | Arquivo\",\"inLanguage\":\"pt-BR\",\"isPartOf\":{\"@id\":\"https:\\\/\\\/www.jornalja.com.br\\\/arquivo\\\/#website\"},\"breadcrumb\":{\"@id\":\"https:\\\/\\\/www.jornalja.com.br\\\/arquivo\\\/michel-temer-e-denunciado-por-organizacao-criminosa-e-obstrucao-de-justica\\\/#breadcrumblist\"},\"author\":{\"@id\":\"https:\\\/\\\/www.jornalja.com.br\\\/arquivo\\\/author\\\/daredacao\\\/#author\"},\"creator\":{\"@id\":\"https:\\\/\\\/www.jornalja.com.br\\\/arquivo\\\/author\\\/daredacao\\\/#author\"},\"image\":{\"@type\":\"ImageObject\",\"url\":55139,\"@id\":\"https:\\\/\\\/www.jornalja.com.br\\\/arquivo\\\/michel-temer-e-denunciado-por-organizacao-criminosa-e-obstrucao-de-justica\\\/#mainImage\"},\"primaryImageOfPage\":{\"@id\":\"https:\\\/\\\/www.jornalja.com.br\\\/arquivo\\\/michel-temer-e-denunciado-por-organizacao-criminosa-e-obstrucao-de-justica\\\/#mainImage\"},\"datePublished\":\"2017-09-14T18:42:26-03:00\",\"dateModified\":\"2017-09-14T18:42:26-03:00\"},{\"@type\":\"WebSite\",\"@id\":\"https:\\\/\\\/www.jornalja.com.br\\\/arquivo\\\/#website\",\"url\":\"https:\\\/\\\/www.jornalja.com.br\\\/arquivo\\\/\",\"name\":\"Arquivo\",\"description\":\"Jornal J\\u00c1 | Porto Alegre\",\"inLanguage\":\"pt-BR\",\"publisher\":{\"@id\":\"https:\\\/\\\/www.jornalja.com.br\\\/arquivo\\\/#organization\"}}]}\n\t\t<\/script>\n\t\t<!-- All in One SEO -->\n\n","aioseo_head_json":{"title":"Michel Temer \u00e9 denunciado por organiza\u00e7\u00e3o criminosa e obstru\u00e7\u00e3o de Justi\u00e7a | Arquivo","description":"","canonical_url":"https:\/\/www.jornalja.com.br\/arquivo\/michel-temer-e-denunciado-por-organizacao-criminosa-e-obstrucao-de-justica\/","robots":"max-image-preview:large","keywords":"","webmasterTools":{"miscellaneous":""},"schema":{"@context":"https:\/\/schema.org","@graph":[{"@type":"BlogPosting","@id":"https:\/\/www.jornalja.com.br\/arquivo\/michel-temer-e-denunciado-por-organizacao-criminosa-e-obstrucao-de-justica\/#blogposting","name":"Michel Temer \u00e9 denunciado por organiza\u00e7\u00e3o criminosa e obstru\u00e7\u00e3o de Justi\u00e7a | Arquivo","headline":"Michel Temer \u00e9 denunciado por organiza\u00e7\u00e3o criminosa e obstru\u00e7\u00e3o de Justi\u00e7a","author":{"@id":"https:\/\/www.jornalja.com.br\/arquivo\/author\/daredacao\/#author"},"publisher":{"@id":"https:\/\/www.jornalja.com.br\/arquivo\/#organization"},"image":{"@type":"ImageObject","url":55139},"datePublished":"2017-09-14T18:42:26-03:00","dateModified":"2017-09-14T18:42:26-03:00","inLanguage":"pt-BR","mainEntityOfPage":{"@id":"https:\/\/www.jornalja.com.br\/arquivo\/michel-temer-e-denunciado-por-organizacao-criminosa-e-obstrucao-de-justica\/#webpage"},"isPartOf":{"@id":"https:\/\/www.jornalja.com.br\/arquivo\/michel-temer-e-denunciado-por-organizacao-criminosa-e-obstrucao-de-justica\/#webpage"},"articleSection":"Geral"},{"@type":"BreadcrumbList","@id":"https:\/\/www.jornalja.com.br\/arquivo\/michel-temer-e-denunciado-por-organizacao-criminosa-e-obstrucao-de-justica\/#breadcrumblist","itemListElement":[{"@type":"ListItem","@id":"https:\/\/www.jornalja.com.br\/arquivo#listItem","position":1,"name":"Home","item":"https:\/\/www.jornalja.com.br\/arquivo","nextItem":{"@type":"ListItem","@id":"https:\/\/www.jornalja.com.br\/arquivo\/category\/geral\/#listItem","name":"Geral"}},{"@type":"ListItem","@id":"https:\/\/www.jornalja.com.br\/arquivo\/category\/geral\/#listItem","position":2,"name":"Geral","item":"https:\/\/www.jornalja.com.br\/arquivo\/category\/geral\/","nextItem":{"@type":"ListItem","@id":"https:\/\/www.jornalja.com.br\/arquivo\/michel-temer-e-denunciado-por-organizacao-criminosa-e-obstrucao-de-justica\/#listItem","name":"Michel Temer \u00e9 denunciado por organiza\u00e7\u00e3o criminosa e obstru\u00e7\u00e3o de Justi\u00e7a"},"previousItem":{"@type":"ListItem","@id":"https:\/\/www.jornalja.com.br\/arquivo#listItem","name":"Home"}},{"@type":"ListItem","@id":"https:\/\/www.jornalja.com.br\/arquivo\/michel-temer-e-denunciado-por-organizacao-criminosa-e-obstrucao-de-justica\/#listItem","position":3,"name":"Michel Temer \u00e9 denunciado por organiza\u00e7\u00e3o criminosa e obstru\u00e7\u00e3o de Justi\u00e7a","previousItem":{"@type":"ListItem","@id":"https:\/\/www.jornalja.com.br\/arquivo\/category\/geral\/#listItem","name":"Geral"}}]},{"@type":"Organization","@id":"https:\/\/www.jornalja.com.br\/arquivo\/#organization","name":"Jornal J\u00c1","description":"Jornal J\u00c1 | Porto Alegre","url":"https:\/\/www.jornalja.com.br\/arquivo\/","telephone":"+555133307272","logo":{"@type":"ImageObject","url":"https:\/\/www.jornalja.com.br\/wp-content\/uploads\/cards\/JAslogan.png","@id":"https:\/\/www.jornalja.com.br\/arquivo\/michel-temer-e-denunciado-por-organizacao-criminosa-e-obstrucao-de-justica\/#organizationLogo"},"image":{"@id":"https:\/\/www.jornalja.com.br\/arquivo\/michel-temer-e-denunciado-por-organizacao-criminosa-e-obstrucao-de-justica\/#organizationLogo"}},{"@type":"Person","@id":"https:\/\/www.jornalja.com.br\/arquivo\/author\/daredacao\/#author","url":"https:\/\/www.jornalja.com.br\/arquivo\/author\/daredacao\/","name":"da Reda\u00e7\u00e3o","image":{"@type":"ImageObject","@id":"https:\/\/www.jornalja.com.br\/arquivo\/michel-temer-e-denunciado-por-organizacao-criminosa-e-obstrucao-de-justica\/#authorImage","url":"https:\/\/secure.gravatar.com\/avatar\/469fd857d6605ad19919d27ed29d35a968a25f6e8fd9318356bbb7f57aae9c65?s=96&d=mm&r=g","width":96,"height":96,"caption":"da Reda\u00e7\u00e3o"}},{"@type":"WebPage","@id":"https:\/\/www.jornalja.com.br\/arquivo\/michel-temer-e-denunciado-por-organizacao-criminosa-e-obstrucao-de-justica\/#webpage","url":"https:\/\/www.jornalja.com.br\/arquivo\/michel-temer-e-denunciado-por-organizacao-criminosa-e-obstrucao-de-justica\/","name":"Michel Temer \u00e9 denunciado por organiza\u00e7\u00e3o criminosa e obstru\u00e7\u00e3o de Justi\u00e7a | Arquivo","inLanguage":"pt-BR","isPartOf":{"@id":"https:\/\/www.jornalja.com.br\/arquivo\/#website"},"breadcrumb":{"@id":"https:\/\/www.jornalja.com.br\/arquivo\/michel-temer-e-denunciado-por-organizacao-criminosa-e-obstrucao-de-justica\/#breadcrumblist"},"author":{"@id":"https:\/\/www.jornalja.com.br\/arquivo\/author\/daredacao\/#author"},"creator":{"@id":"https:\/\/www.jornalja.com.br\/arquivo\/author\/daredacao\/#author"},"image":{"@type":"ImageObject","url":55139,"@id":"https:\/\/www.jornalja.com.br\/arquivo\/michel-temer-e-denunciado-por-organizacao-criminosa-e-obstrucao-de-justica\/#mainImage"},"primaryImageOfPage":{"@id":"https:\/\/www.jornalja.com.br\/arquivo\/michel-temer-e-denunciado-por-organizacao-criminosa-e-obstrucao-de-justica\/#mainImage"},"datePublished":"2017-09-14T18:42:26-03:00","dateModified":"2017-09-14T18:42:26-03:00"},{"@type":"WebSite","@id":"https:\/\/www.jornalja.com.br\/arquivo\/#website","url":"https:\/\/www.jornalja.com.br\/arquivo\/","name":"Arquivo","description":"Jornal J\u00c1 | Porto Alegre","inLanguage":"pt-BR","publisher":{"@id":"https:\/\/www.jornalja.com.br\/arquivo\/#organization"}}]},"og:locale":"pt_BR","og:site_name":"Arquivo | Jornal J\u00c1 | Porto Alegre","og:type":"article","og:title":"Michel Temer \u00e9 denunciado por organiza\u00e7\u00e3o criminosa e obstru\u00e7\u00e3o de Justi\u00e7a | Arquivo","og:url":"https:\/\/www.jornalja.com.br\/arquivo\/michel-temer-e-denunciado-por-organizacao-criminosa-e-obstrucao-de-justica\/","og:image":"https:\/\/www.jornalja.com.br\/economics\/wp-content\/uploads\/sites\/11\/2026\/08\/ja-folhaderosto-facebook.jpg","og:image:secure_url":"https:\/\/www.jornalja.com.br\/economics\/wp-content\/uploads\/sites\/11\/2026\/08\/ja-folhaderosto-facebook.jpg","article:published_time":"2017-09-14T21:42:26+00:00","article:modified_time":"2017-09-14T21:42:26+00:00","twitter:card":"summary","twitter:title":"Michel Temer \u00e9 denunciado por organiza\u00e7\u00e3o criminosa e obstru\u00e7\u00e3o de Justi\u00e7a | Arquivo","twitter:image":"https:\/\/www.jornalja.com.br\/economics\/wp-content\/uploads\/sites\/11\/2026\/08\/ja-folhaderosto-facebook.jpg"},"aioseo_meta_data":{"post_id":"55138","title":null,"description":null,"keywords":null,"keyphrases":null,"primary_term":null,"canonical_url":null,"og_title":null,"og_description":null,"og_object_type":"default","og_image_type":"default","og_image_url":null,"og_image_width":null,"og_image_height":null,"og_image_custom_url":null,"og_image_custom_fields":null,"og_video":null,"og_custom_url":null,"og_article_section":null,"og_article_tags":null,"twitter_use_og":false,"twitter_card":"default","twitter_image_type":"default","twitter_image_url":null,"twitter_image_custom_url":null,"twitter_image_custom_fields":null,"twitter_title":null,"twitter_description":null,"schema":{"blockGraphs":[],"customGraphs":[],"default":{"data":{"Article":[],"Course":[],"Dataset":[],"FAQPage":[],"Movie":[],"Person":[],"Product":[],"ProductReview":[],"Car":[],"Recipe":[],"Service":[],"SoftwareApplication":[],"WebPage":[]},"graphName":"","isEnabled":true},"graphs":[]},"schema_type":null,"schema_type_options":null,"pillar_content":false,"robots_default":true,"robots_noindex":false,"robots_noarchive":false,"robots_nosnippet":false,"robots_nofollow":false,"robots_noimageindex":false,"robots_noodp":false,"robots_notranslate":false,"robots_max_snippet":null,"robots_max_videopreview":null,"robots_max_imagepreview":"large","priority":null,"frequency":null,"location":null,"local_seo":null,"breadcrumb_settings":null,"limit_modified_date":false,"ai":null,"created":"2020-12-20 20:25:01","updated":"2025-07-20 01:09:30","seo_analyzer_scan_date":null,"focus_keyword":null,"additional_keywords":null,"truseo_locale":null},"jetpack_sharing_enabled":true,"jetpack-related-posts":[{"id":13109,"url":"https:\/\/www.jornalja.com.br\/arquivo\/judiciario-reconhece-poluicao-eletromagnetica\/","url_meta":{"origin":55138,"position":0},"title":"Judici\u00e1rio reconhece polui\u00e7\u00e3o eletromagn\u00e9tica","author":"Patr\u00edcia Marini","date":"16 de maio de 2014","format":false,"excerpt":"A\u00e7\u00e3o de duas associa\u00e7\u00f5es de moradores foi acolhida pelo Tribunal de Justi\u00e7a de S\u00e3o Paulo que. em decis\u00e3o in\u00e9dita, determinou a redu\u00e7\u00e3o do campo eletromagn\u00e9tico gerado pelas linhas de transmiss\u00e3o de energia que cortam os bairros City Boa\u00e7ava e Alto de Pinheiros. \u00c9 a primeira vez que um tribunal do\u2026","rel":"","context":"Em &quot;X.Categorias velhas&quot;","block_context":{"text":"X.Categorias velhas","link":"https:\/\/www.jornalja.com.br\/arquivo\/category\/x-categorias-velhas\/"},"img":{"alt_text":"","src":"","width":0,"height":0},"classes":[]},{"id":13239,"url":"https:\/\/www.jornalja.com.br\/arquivo\/conselho-desdenha-do-plano-diretor\/","url_meta":{"origin":55138,"position":1},"title":"Porto Alegre: Conselho detona Plano Diretor","author":"Patr\u00edcia Marini","date":"25 de maio de 2014","format":false,"excerpt":"Den\u00fancia do arquiteto e \u00a0urbanista Ibir\u00e1 Santos Lucas. Ele diz que os conselheiros est\u00e3o votando com \"enorme irresponsabilidade\". \"Mudam regime com a maior naturalidade,,,regularizam absurdos de constru\u00e7\u00f5es irregulares... \"O CMDUA est\u00e1 flexibilizando a lei do plano diretor, de uma forma impactante na vida da cidade. Mudam regime com a maior\u2026","rel":"","context":"Em &quot;Geral&quot;","block_context":{"text":"Geral","link":"https:\/\/www.jornalja.com.br\/arquivo\/category\/geral\/"},"img":{"alt_text":"","src":"","width":0,"height":0},"classes":[]},{"id":14241,"url":"https:\/\/www.jornalja.com.br\/arquivo\/o-guaiba-nas-imagens-poeticas-de-achutti\/","url_meta":{"origin":55138,"position":2},"title":"O Gua\u00edba nas imagens po\u00e9ticas de Achutti","author":"da Reda\u00e7\u00e3o","date":"18 de junho de 2014","format":false,"excerpt":"Em \u201cO Gua\u00edba por Achutti\u201d \u2013 obra financiada via Minist\u00e9rio da Cultura, produ\u00e7\u00e3o executiva de Pedro Longhi, e Fl\u00e1vio Wild como designer \u2013, o fot\u00f3grafo revela a beleza e as mazelas de um espa\u00e7o aqu\u00e1tico de \u00e1guas sempre renovadas, cheio de hist\u00f3rias e lendas como as das cidades que foram\u2026","rel":"","context":"Em &quot;Cultura-Geral&quot;","block_context":{"text":"Cultura-Geral","link":"https:\/\/www.jornalja.com.br\/arquivo\/category\/materiasecundaria\/"},"img":{"alt_text":"","src":"","width":0,"height":0},"classes":[]},{"id":13124,"url":"https:\/\/www.jornalja.com.br\/arquivo\/sangue-latino-no-iecine\/","url_meta":{"origin":55138,"position":3},"title":"Sangue latino no IECINE","author":"da Reda\u00e7\u00e3o","date":"18 de maio de 2014","format":false,"excerpt":"Francisco Ribeiro O Instituto Estadual de Cinema (IECINE) tem a frente, desde abril \u00faltimo, um novo diretor, o cineasta colombiano Juan Zapata, 36, que substitui Luiz Alberto Cassol. Radicado h\u00e1 dez anos em Porto Alegre, Zapata tem diante de si o desafio de conduzir at\u00e9 o final do ano um\u2026","rel":"","context":"Em &quot;Cultura-Geral&quot;","block_context":{"text":"Cultura-Geral","link":"https:\/\/www.jornalja.com.br\/arquivo\/category\/materiasecundaria\/"},"img":{"alt_text":"","src":"","width":0,"height":0},"classes":[]},{"id":13240,"url":"https:\/\/www.jornalja.com.br\/arquivo\/plano-diretor-estamos-construindo-o-caos\/","url_meta":{"origin":55138,"position":4},"title":"Plano diretor: &quot;Estamos construindo o caos&quot;","author":"Patr\u00edcia Marini","date":"26 de maio de 2014","format":false,"excerpt":"Desabafo que arquiteta Eliana Castilhos, delegada da Regi\u00e3o de Planejamento 1, postou nas redes sociais \u00e9 um testemunho do ambiente que se criou no Conselho do Plano Diretor de Porto Alegre, onde a aprova\u00e7\u00e3o de grandes empreendimentos \u00e9 empurrada guela abaixo dos conselheiros. Ao CMDUA Como delegada da Regi\u00e3o de\u2026","rel":"","context":"Em &quot;Geral&quot;","block_context":{"text":"Geral","link":"https:\/\/www.jornalja.com.br\/arquivo\/category\/geral\/"},"img":{"alt_text":"","src":"","width":0,"height":0},"classes":[]},{"id":13128,"url":"https:\/\/www.jornalja.com.br\/arquivo\/maconha-terra-diz-que-uso-medicinal-e-desculpa\/","url_meta":{"origin":55138,"position":5},"title":"Maconha: Terra diz que uso medicinal \u00e9 desculpa","author":"Patr\u00edcia Marini","date":"4 de junho de 2014","format":false,"excerpt":"A condi\u00e7\u00e3o de pol\u00edtico, em \u00e9poca de campanha de campanha eleitoral, tira for\u00e7a do discurso do m\u00e9dico Osmar Terra contra a legaliza\u00e7\u00e3o da maconha. A tese dele de que a libera\u00e7\u00e3o vai ampliar exponencialmente o consumo \u00e9 discutivel, o consumo \u00e9 corrente. Mas seus alertas quanto aos riscos tem que\u2026","rel":"","context":"Em &quot;X.Categorias velhas&quot;","block_context":{"text":"X.Categorias velhas","link":"https:\/\/www.jornalja.com.br\/arquivo\/category\/x-categorias-velhas\/"},"img":{"alt_text":"","src":"","width":0,"height":0},"classes":[]}],"jetpack_shortlink":"https:\/\/wp.me\/pbQjBd-elk","jetpack_featured_media_url":"","_links":{"self":[{"href":"https:\/\/www.jornalja.com.br\/arquivo\/wp-json\/wp\/v2\/posts\/55138","targetHints":{"allow":["GET"]}}],"collection":[{"href":"https:\/\/www.jornalja.com.br\/arquivo\/wp-json\/wp\/v2\/posts"}],"about":[{"href":"https:\/\/www.jornalja.com.br\/arquivo\/wp-json\/wp\/v2\/types\/post"}],"author":[{"embeddable":true,"href":"https:\/\/www.jornalja.com.br\/arquivo\/wp-json\/wp\/v2\/users\/4"}],"replies":[{"embeddable":true,"href":"https:\/\/www.jornalja.com.br\/arquivo\/wp-json\/wp\/v2\/comments?post=55138"}],"version-history":[{"count":0,"href":"https:\/\/www.jornalja.com.br\/arquivo\/wp-json\/wp\/v2\/posts\/55138\/revisions"}],"wp:attachment":[{"href":"https:\/\/www.jornalja.com.br\/arquivo\/wp-json\/wp\/v2\/media?parent=55138"}],"wp:term":[{"taxonomy":"category","embeddable":true,"href":"https:\/\/www.jornalja.com.br\/arquivo\/wp-json\/wp\/v2\/categories?post=55138"},{"taxonomy":"post_tag","embeddable":true,"href":"https:\/\/www.jornalja.com.br\/arquivo\/wp-json\/wp\/v2\/tags?post=55138"}],"curies":[{"name":"wp","href":"https:\/\/api.w.org\/{rel}","templated":true}]}}