{"id":55150,"date":"2017-09-15T13:44:17","date_gmt":"2017-09-15T16:44:17","guid":{"rendered":"https:\/\/www.jornalja.com.br\/?p=55150"},"modified":"2017-09-15T13:44:17","modified_gmt":"2017-09-15T16:44:17","slug":"com-15-dias-para-aprovar-revisao-do-iptu-governo-admite-revisar-projeto","status":"publish","type":"post","link":"https:\/\/www.jornalja.com.br\/arquivo\/com-15-dias-para-aprovar-revisao-do-iptu-governo-admite-revisar-projeto\/","title":{"rendered":"Com 15 dias para aprovar revis\u00e3o do IPTU, governo admite revisar projeto"},"content":{"rendered":"<p>\u201cN\u00e3o podemos perder a chance de reavaliar a planta de valores. J\u00e1 a quest\u00e3o fiscal e da al\u00edquota, do tempo, podemos discutir mais\u201d. Com essas palavras o secret\u00e1rio municipal da Fazenda, Leonardo Busatto, sinalizou ontem na C\u00e2mara de Vereadores que podem ser feitas altera\u00e7\u00f5es no <a href=\"http:\/\/camarapoa.rs.gov.br\/processos\/132588#aba-documentos\" target=\"_blank\" rel=\"noopener noreferrer\">Projeto de Lei Complementar do Executivo n\u00ba 13\/17<\/a>, que prop\u00f5e a reavalia\u00e7\u00e3o da planta de valores dos im\u00f3veis e o consequente aumento m\u00e9dio de 50% do Imposto Predial e Territorial Urbano (IPTU).<br \/>\nEntre os vereadores, h\u00e1 uma posi\u00e7\u00e3o majorit\u00e1ria de cr\u00edtica \u00e0 urg\u00eancia do governo para a aprova\u00e7\u00e3o do texto. A proposta, para valer j\u00e1 no pr\u00f3ximo ano, deve se tornar Lei at\u00e9 29 de setembro.<br \/>\n\u201cTem que haver corre\u00e7\u00f5es, Porto Alegre tem o IPTU mais injusto do pa\u00eds\u201d, assim come\u00e7ou a defesa do projeto pelo secret\u00e1rio Busatto, na audi\u00eancia p\u00fablica realizada na noite desta quinta-feira, 14\/09. Pouco menos de 100 pessoas acompanharam o debate.<br \/>\nPrimeiro a falar, Busatto lembrou que a planta de valores dos im\u00f3veis da Capital possui um deficit hist\u00f3rico, desde 1991 n\u00e3o \u00e9 revisada. Ele colocou que a atualiza\u00e7\u00e3o da planta \u00e9 uma recomenda\u00e7\u00e3o do Tribunal de Contas do Estado. De acordo com o secret\u00e1rio, 36% dos im\u00f3veis cadastrados em Porto Alegre t\u00eam valor venal simb\u00f3lico, com menos de R$ 50 mil, e tamb\u00e9m existem im\u00f3veis com valor venal milion\u00e1rio, com baixo IPTU lan\u00e7ado.<br \/>\nBusatto ainda explicou que pela proposta original os aumentos ser\u00e3o graduais, divididos em quatro anos, e as isen\u00e7\u00f5es ser\u00e3o autom\u00e1ticas e atingir\u00e3o um n\u00famero maior de contribuintes do que atualmente. \u201cMais de 40% dos im\u00f3veis v\u00e3o pagar menos ou ser\u00e3o isentos. Os im\u00f3veis de valor at\u00e9 R$ 60 mil ter\u00e3o al\u00edquota zero e estar\u00e3o automaticamente isentos\u201d, disse.<br \/>\nO governo diz que 142 mil contribuintes, que pagam at\u00e9 R$ 500 de imposto, ter\u00e3o redu\u00e7\u00e3o. Para os aposentados, o projeto prop\u00f5e um limitador de renda at\u00e9 tr\u00eas sal\u00e1rios e que seja o \u00fanico im\u00f3vel do contribuinte. Est\u00e1 previsto ainda uma amplia\u00e7\u00e3o de receita em no m\u00e1ximo R$ 70 milh\u00f5es anuais, o que &#8220;corresponde \u00e0 metade do aumento aos servidores concedido pelo governo anterior, de R$ 140 milh\u00f5es&#8221; falou Busatto.<br \/>\nO secret\u00e1rio municipal de Planejamento e Gest\u00e3o, Jos\u00e9 Alfredo Parode, tamb\u00e9m refor\u00e7ou a posi\u00e7\u00e3o do governo municipal. \u201cTemos um deficit na ordem de R$ 700 milh\u00f5es para os pr\u00f3ximos 3,5 anos, e o aumento de impostos \u00e9 uma parte da solu\u00e7\u00e3o para cobrir esse rombo\u201d.<br \/>\n<span class=\"intertit\">Falta de debate foi questionada <\/span><br \/>\nHenry Starosta Chmelnitsky, representando o Sindicato de Hospedagem e Alimenta\u00e7\u00e3o de Porto Alegre, destacou que \u00e9 preciso calma para discutir um projeto que ter\u00e1 tanta repercuss\u00e3o. \u201cN\u00e3o \u00e9 razo\u00e1vel e democr\u00e1tico que seja feito em regime de urg\u00eancia\u201d, ponderou. \u201cEm um Estado e em um munic\u00edpio onde os sal\u00e1rios s\u00e3o parcelados, que n\u00e3o t\u00eam investimentos, os empres\u00e1rios, trabalhadores e a sociedade ser\u00e3o sufocados pela alta do tributo&#8221;, disse. Por fim, cobrou que a Prefeitura inicie a recupera\u00e7\u00e3o das suas finan\u00e7as cobrando os inadimplentes.<br \/>\nPaulo Roberto Fan, da Sociedade de Engenharia do Rio Grande do Sul, apresentou n\u00fameros que divergem dos demonstrados pelo Executivo. Disse que houve, sim, aumento da planta em 1999 e 2012, \u201cquando 96% dos im\u00f3veis da cidade sofreram majora\u00e7\u00e3o\u201d.<br \/>\nMarcos Ant\u00f4nio Leal Gomes, morador da Vila Tronco, lembrou que, dentro da tese apresentada pelo secret\u00e1rio, de que os investimentos p\u00fablicos valorizam \u00e1reas e que, ent\u00e3o, o imposto deve ser maior, haver\u00e1 um grande impacto nas fam\u00edlias de baixa renda que vivem no entorno da Avenida Tronco. \u201cDepois que for conclu\u00edda a obra, como essas pessoas, de baixa renda, ir\u00e3o pagar o reajuste do IPTU?&#8221;, indagou. Gomes tamb\u00e9m pediu que a Prefeitura cobre os d\u00e9bitos dos &#8220;grandes latifundi\u00e1rios, que devem cerca de R$ 1 bilh\u00e3o&#8221; e criticou um ponto do projeto que reduz o imposto para os terrenos que n\u00e3o t\u00eam edifica\u00e7\u00e3o. \u201cIsso beneficia o latifundi\u00e1rio e n\u00e3o o trabalhador\u201d, lamentou.<br \/>\n<span class=\"intertit\">S\u00f3 l\u00edder do governo defende projeto entre vereadores <\/span><br \/>\nNa manifesta\u00e7\u00e3o dos vereadores houve forte cr\u00edtica em rela\u00e7\u00e3o a urg\u00eancia do projeto, que n\u00e3o passou por nenhuma comiss\u00e3o na casa. Roberto Robaina (PSOL), opositor do governo Marcehzan falou: &#8220;O governo trouxe o projeto muito tarde para a C\u00e2mara. N\u00e3o h\u00e1 nenhuma investiga\u00e7\u00e3o rigorosa para analisar o projeto. Entendemos que \u00e9 correto reavaliar a planta de valores. Mas o governo passou o semestre inteiro estabelecendo conflito com os servidores, na quest\u00e3o do transporte. A C\u00e2mara, em vez de se debru\u00e7ar de modo sereno para um debate importante como o do IPTU, passa se atendo a mediar conflitos e todo tipo de problemas criados pelo governo&#8221;.<br \/>\nSofia Cavedon (PT) afirmou que a cobran\u00e7a da progressividade \u00e9 uma bandeira hist\u00f3rica do PT, e destacou que \u201cN\u00e3o podemos assinar cheque em branco, e as pessoas pagarem a conta\u201d, finalizou, cobrando maior di\u00e1logo por parte do Executivo.<br \/>\nMauro Zacher (PDT) disse que o governo n\u00e3o enfrenta os problemas da popula\u00e7\u00e3o, mas quer resolver os seus. Que o projeto apresentado \u00e9 \u201cperfumado e maquiado\u201d com uma suposta justi\u00e7a social, mas que se trata de uma pol\u00edtica fiscal agressiva. Zacher disse que a meta da Prefeitura \u00e9 arrecadar R$ 300 milh\u00f5es, que v\u00e3o sair do bolso do cidad\u00e3o.<br \/>\nPor sua vez, Mois\u00e9s Barbosa (PSDB), o &#8220;Maluco do bem&#8221;, l\u00edder do governo Marchezan, elogiou o trabalho t\u00e9cnico dos servidores que elaboraram o projeto, que, para ele, \u201cfaz uma grande justi\u00e7a a muitos porto-alegrenses que t\u00eam resid\u00eancias pobres, donos de moradias simples que pagam mais do que outros em \u00e1reas valorizadas\u201d. Ressaltou que \u201c\u00e9 f\u00e1cil fazer discurso para agradar eleitorado\u201d e que ningu\u00e9m gosta de aumentar impostos. Mas defendeu o Executivo ao afirmar que a atual gest\u00e3o j\u00e1 fez uma economia de R$ 150 milh\u00f5es em despesas de custeio. Foi o \u00fanico vereador a defender a integralidade do projeto e sua aprova\u00e7\u00e3o at\u00e9 o final do m\u00eas.<br \/>\n<span class=\"culturadestaque\">A proposta:<\/span><br \/>\nO governo prop\u00f5e uma atualiza\u00e7\u00e3o completa da Planta de Valores em Porto Alegre (revis\u00e3o de todos os valores venal); al\u00e9m da revis\u00e3o das isen\u00e7\u00f5es, clubes esportivos, por exemplo, o Gr\u00eamio e o Internacional, podem perder o beneficio; e trocar ainda a atual al\u00edquota \u00fanica, de 0,85%, para im\u00f3veis residenciais, por al\u00edquotas progressivas:<\/p>\n<ul>\n<li><strong>\u2013 al\u00edquota zero para im\u00f3veis com valor at\u00e9 R$60 mil;<\/strong><\/li>\n<li><strong>\u2013 0,4% para im\u00f3veis com valor entre R$ 60 e R$ 100 mil;<\/strong><\/li>\n<li><strong>\u2013 0,5% para im\u00f3veis com valor entre R$ 100 e R$ 300 mil;<\/strong><\/li>\n<li><strong>\u2013 0,6% para im\u00f3veis com valor entre R$ 300 e R$ 500 mil;<\/strong><\/li>\n<li><strong>\u2013 0,7% para im\u00f3veis com valor entre R$ 500 mil e R$ 1 milh\u00e3o;<\/strong><\/li>\n<li><strong>\u2013 0,8% para im\u00f3veis com valor de mais de R$ 1 milh\u00e3o.<\/strong><\/li>\n<\/ul>\n<p>&nbsp;<\/p>\n","protected":false},"excerpt":{"rendered":"<p>\u201cN\u00e3o podemos perder a chance de reavaliar a planta de valores. J\u00e1 a quest\u00e3o fiscal e da al\u00edquota, do tempo, podemos discutir mais\u201d. Com essas palavras o secret\u00e1rio municipal da Fazenda, Leonardo Busatto, sinalizou ontem na C\u00e2mara de Vereadores que podem ser feitas altera\u00e7\u00f5es no Projeto de Lei Complementar do Executivo n\u00ba 13\/17, que prop\u00f5e [&hellip;]<\/p>\n","protected":false},"author":4,"featured_media":55154,"comment_status":"open","ping_status":"closed","sticky":false,"template":"","format":"standard","meta":{"_jetpack_newsletter_access":"","_jetpack_dont_email_post_to_subs":false,"_jetpack_newsletter_tier_id":0,"_jetpack_memberships_contains_paywalled_content":false,"_jetpack_feature_clip_id":0,"_jetpack_memberships_contains_paid_content":false,"footnotes":"","jetpack_post_was_ever_published":false},"categories":[26],"tags":[],"class_list":["post-55150","post","type-post","status-publish","format-standard","has-post-thumbnail","hentry","category-geral"],"aioseo_notices":[],"aioseo_head":"\n\t\t<!-- All in One SEO 5.0.1.1 - aioseo.com -->\n\t<meta name=\"robots\" content=\"max-image-preview:large\" \/>\n\t<meta name=\"author\" content=\"da Reda\u00e7\u00e3o\"\/>\n\t<link rel=\"canonical\" href=\"https:\/\/www.jornalja.com.br\/arquivo\/com-15-dias-para-aprovar-revisao-do-iptu-governo-admite-revisar-projeto\/\" \/>\n\t<meta name=\"generator\" content=\"All in One SEO (AIOSEO) 5.0.1.1\" \/>\n\t\t<meta property=\"og:locale\" content=\"pt_BR\" \/>\n\t\t<meta property=\"og:site_name\" content=\"Arquivo | Jornal J\u00c1 | Porto Alegre\" \/>\n\t\t<meta property=\"og:type\" content=\"article\" \/>\n\t\t<meta property=\"og:title\" content=\"Com 15 dias para aprovar revis\u00e3o do IPTU, governo admite revisar projeto | Arquivo\" \/>\n\t\t<meta property=\"og:url\" content=\"https:\/\/www.jornalja.com.br\/arquivo\/com-15-dias-para-aprovar-revisao-do-iptu-governo-admite-revisar-projeto\/\" \/>\n\t\t<meta property=\"og:image\" content=\"https:\/\/www.jornalja.com.br\/economics\/wp-content\/uploads\/sites\/11\/2026\/08\/ja-folhaderosto-facebook.jpg\" \/>\n\t\t<meta property=\"og:image:secure_url\" content=\"https:\/\/www.jornalja.com.br\/economics\/wp-content\/uploads\/sites\/11\/2026\/08\/ja-folhaderosto-facebook.jpg\" \/>\n\t\t<meta property=\"article:published_time\" content=\"2017-09-15T16:44:17+00:00\" \/>\n\t\t<meta property=\"article:modified_time\" content=\"2017-09-15T16:44:17+00:00\" \/>\n\t\t<meta name=\"twitter:card\" content=\"summary\" \/>\n\t\t<meta name=\"twitter:title\" content=\"Com 15 dias para aprovar revis\u00e3o do IPTU, governo admite revisar projeto | Arquivo\" \/>\n\t\t<meta name=\"twitter:image\" content=\"https:\/\/www.jornalja.com.br\/economics\/wp-content\/uploads\/sites\/11\/2026\/08\/ja-folhaderosto-facebook.jpg\" \/>\n\t\t<script type=\"application\/ld+json\" class=\"aioseo-schema\">\n\t\t\t{\"@context\":\"https:\\\/\\\/schema.org\",\"@graph\":[{\"@type\":\"BlogPosting\",\"@id\":\"https:\\\/\\\/www.jornalja.com.br\\\/arquivo\\\/com-15-dias-para-aprovar-revisao-do-iptu-governo-admite-revisar-projeto\\\/#blogposting\",\"name\":\"Com 15 dias para aprovar revis\\u00e3o do IPTU, governo admite revisar projeto | Arquivo\",\"headline\":\"Com 15 dias para aprovar revis\\u00e3o do IPTU, governo admite revisar projeto\",\"author\":{\"@id\":\"https:\\\/\\\/www.jornalja.com.br\\\/arquivo\\\/author\\\/daredacao\\\/#author\"},\"publisher\":{\"@id\":\"https:\\\/\\\/www.jornalja.com.br\\\/arquivo\\\/#organization\"},\"image\":{\"@type\":\"ImageObject\",\"url\":55154},\"datePublished\":\"2017-09-15T13:44:17-03:00\",\"dateModified\":\"2017-09-15T13:44:17-03:00\",\"inLanguage\":\"pt-BR\",\"commentCount\":1,\"mainEntityOfPage\":{\"@id\":\"https:\\\/\\\/www.jornalja.com.br\\\/arquivo\\\/com-15-dias-para-aprovar-revisao-do-iptu-governo-admite-revisar-projeto\\\/#webpage\"},\"isPartOf\":{\"@id\":\"https:\\\/\\\/www.jornalja.com.br\\\/arquivo\\\/com-15-dias-para-aprovar-revisao-do-iptu-governo-admite-revisar-projeto\\\/#webpage\"},\"articleSection\":\"Geral\"},{\"@type\":\"BreadcrumbList\",\"@id\":\"https:\\\/\\\/www.jornalja.com.br\\\/arquivo\\\/com-15-dias-para-aprovar-revisao-do-iptu-governo-admite-revisar-projeto\\\/#breadcrumblist\",\"itemListElement\":[{\"@type\":\"ListItem\",\"@id\":\"https:\\\/\\\/www.jornalja.com.br\\\/arquivo#listItem\",\"position\":1,\"name\":\"Home\",\"item\":\"https:\\\/\\\/www.jornalja.com.br\\\/arquivo\",\"nextItem\":{\"@type\":\"ListItem\",\"@id\":\"https:\\\/\\\/www.jornalja.com.br\\\/arquivo\\\/category\\\/geral\\\/#listItem\",\"name\":\"Geral\"}},{\"@type\":\"ListItem\",\"@id\":\"https:\\\/\\\/www.jornalja.com.br\\\/arquivo\\\/category\\\/geral\\\/#listItem\",\"position\":2,\"name\":\"Geral\",\"item\":\"https:\\\/\\\/www.jornalja.com.br\\\/arquivo\\\/category\\\/geral\\\/\",\"nextItem\":{\"@type\":\"ListItem\",\"@id\":\"https:\\\/\\\/www.jornalja.com.br\\\/arquivo\\\/com-15-dias-para-aprovar-revisao-do-iptu-governo-admite-revisar-projeto\\\/#listItem\",\"name\":\"Com 15 dias para aprovar revis\\u00e3o do IPTU, governo admite revisar projeto\"},\"previousItem\":{\"@type\":\"ListItem\",\"@id\":\"https:\\\/\\\/www.jornalja.com.br\\\/arquivo#listItem\",\"name\":\"Home\"}},{\"@type\":\"ListItem\",\"@id\":\"https:\\\/\\\/www.jornalja.com.br\\\/arquivo\\\/com-15-dias-para-aprovar-revisao-do-iptu-governo-admite-revisar-projeto\\\/#listItem\",\"position\":3,\"name\":\"Com 15 dias para aprovar revis\\u00e3o do IPTU, governo admite revisar projeto\",\"previousItem\":{\"@type\":\"ListItem\",\"@id\":\"https:\\\/\\\/www.jornalja.com.br\\\/arquivo\\\/category\\\/geral\\\/#listItem\",\"name\":\"Geral\"}}]},{\"@type\":\"Organization\",\"@id\":\"https:\\\/\\\/www.jornalja.com.br\\\/arquivo\\\/#organization\",\"name\":\"Jornal J\\u00c1\",\"description\":\"Jornal J\\u00c1 | Porto Alegre\",\"url\":\"https:\\\/\\\/www.jornalja.com.br\\\/arquivo\\\/\",\"telephone\":\"+555133307272\",\"logo\":{\"@type\":\"ImageObject\",\"url\":\"https:\\\/\\\/www.jornalja.com.br\\\/wp-content\\\/uploads\\\/cards\\\/JAslogan.png\",\"@id\":\"https:\\\/\\\/www.jornalja.com.br\\\/arquivo\\\/com-15-dias-para-aprovar-revisao-do-iptu-governo-admite-revisar-projeto\\\/#organizationLogo\"},\"image\":{\"@id\":\"https:\\\/\\\/www.jornalja.com.br\\\/arquivo\\\/com-15-dias-para-aprovar-revisao-do-iptu-governo-admite-revisar-projeto\\\/#organizationLogo\"}},{\"@type\":\"Person\",\"@id\":\"https:\\\/\\\/www.jornalja.com.br\\\/arquivo\\\/author\\\/daredacao\\\/#author\",\"url\":\"https:\\\/\\\/www.jornalja.com.br\\\/arquivo\\\/author\\\/daredacao\\\/\",\"name\":\"da Reda\\u00e7\\u00e3o\",\"image\":{\"@type\":\"ImageObject\",\"@id\":\"https:\\\/\\\/www.jornalja.com.br\\\/arquivo\\\/com-15-dias-para-aprovar-revisao-do-iptu-governo-admite-revisar-projeto\\\/#authorImage\",\"url\":\"https:\\\/\\\/secure.gravatar.com\\\/avatar\\\/469fd857d6605ad19919d27ed29d35a968a25f6e8fd9318356bbb7f57aae9c65?s=96&d=mm&r=g\",\"width\":96,\"height\":96,\"caption\":\"da Reda\\u00e7\\u00e3o\"}},{\"@type\":\"WebPage\",\"@id\":\"https:\\\/\\\/www.jornalja.com.br\\\/arquivo\\\/com-15-dias-para-aprovar-revisao-do-iptu-governo-admite-revisar-projeto\\\/#webpage\",\"url\":\"https:\\\/\\\/www.jornalja.com.br\\\/arquivo\\\/com-15-dias-para-aprovar-revisao-do-iptu-governo-admite-revisar-projeto\\\/\",\"name\":\"Com 15 dias para aprovar revis\\u00e3o do IPTU, governo admite revisar projeto | Arquivo\",\"inLanguage\":\"pt-BR\",\"isPartOf\":{\"@id\":\"https:\\\/\\\/www.jornalja.com.br\\\/arquivo\\\/#website\"},\"breadcrumb\":{\"@id\":\"https:\\\/\\\/www.jornalja.com.br\\\/arquivo\\\/com-15-dias-para-aprovar-revisao-do-iptu-governo-admite-revisar-projeto\\\/#breadcrumblist\"},\"author\":{\"@id\":\"https:\\\/\\\/www.jornalja.com.br\\\/arquivo\\\/author\\\/daredacao\\\/#author\"},\"creator\":{\"@id\":\"https:\\\/\\\/www.jornalja.com.br\\\/arquivo\\\/author\\\/daredacao\\\/#author\"},\"image\":{\"@type\":\"ImageObject\",\"url\":55154,\"@id\":\"https:\\\/\\\/www.jornalja.com.br\\\/arquivo\\\/com-15-dias-para-aprovar-revisao-do-iptu-governo-admite-revisar-projeto\\\/#mainImage\"},\"primaryImageOfPage\":{\"@id\":\"https:\\\/\\\/www.jornalja.com.br\\\/arquivo\\\/com-15-dias-para-aprovar-revisao-do-iptu-governo-admite-revisar-projeto\\\/#mainImage\"},\"datePublished\":\"2017-09-15T13:44:17-03:00\",\"dateModified\":\"2017-09-15T13:44:17-03:00\"},{\"@type\":\"WebSite\",\"@id\":\"https:\\\/\\\/www.jornalja.com.br\\\/arquivo\\\/#website\",\"url\":\"https:\\\/\\\/www.jornalja.com.br\\\/arquivo\\\/\",\"name\":\"Arquivo\",\"description\":\"Jornal J\\u00c1 | Porto Alegre\",\"inLanguage\":\"pt-BR\",\"publisher\":{\"@id\":\"https:\\\/\\\/www.jornalja.com.br\\\/arquivo\\\/#organization\"}}]}\n\t\t<\/script>\n\t\t<!-- All in One SEO -->\n\n","aioseo_head_json":{"title":"Com 15 dias para aprovar revis\u00e3o do IPTU, governo admite revisar projeto | Arquivo","description":"","canonical_url":"https:\/\/www.jornalja.com.br\/arquivo\/com-15-dias-para-aprovar-revisao-do-iptu-governo-admite-revisar-projeto\/","robots":"max-image-preview:large","keywords":"","webmasterTools":{"miscellaneous":""},"schema":{"@context":"https:\/\/schema.org","@graph":[{"@type":"BlogPosting","@id":"https:\/\/www.jornalja.com.br\/arquivo\/com-15-dias-para-aprovar-revisao-do-iptu-governo-admite-revisar-projeto\/#blogposting","name":"Com 15 dias para aprovar revis\u00e3o do IPTU, governo admite revisar projeto | Arquivo","headline":"Com 15 dias para aprovar revis\u00e3o do IPTU, governo admite revisar projeto","author":{"@id":"https:\/\/www.jornalja.com.br\/arquivo\/author\/daredacao\/#author"},"publisher":{"@id":"https:\/\/www.jornalja.com.br\/arquivo\/#organization"},"image":{"@type":"ImageObject","url":55154},"datePublished":"2017-09-15T13:44:17-03:00","dateModified":"2017-09-15T13:44:17-03:00","inLanguage":"pt-BR","commentCount":1,"mainEntityOfPage":{"@id":"https:\/\/www.jornalja.com.br\/arquivo\/com-15-dias-para-aprovar-revisao-do-iptu-governo-admite-revisar-projeto\/#webpage"},"isPartOf":{"@id":"https:\/\/www.jornalja.com.br\/arquivo\/com-15-dias-para-aprovar-revisao-do-iptu-governo-admite-revisar-projeto\/#webpage"},"articleSection":"Geral"},{"@type":"BreadcrumbList","@id":"https:\/\/www.jornalja.com.br\/arquivo\/com-15-dias-para-aprovar-revisao-do-iptu-governo-admite-revisar-projeto\/#breadcrumblist","itemListElement":[{"@type":"ListItem","@id":"https:\/\/www.jornalja.com.br\/arquivo#listItem","position":1,"name":"Home","item":"https:\/\/www.jornalja.com.br\/arquivo","nextItem":{"@type":"ListItem","@id":"https:\/\/www.jornalja.com.br\/arquivo\/category\/geral\/#listItem","name":"Geral"}},{"@type":"ListItem","@id":"https:\/\/www.jornalja.com.br\/arquivo\/category\/geral\/#listItem","position":2,"name":"Geral","item":"https:\/\/www.jornalja.com.br\/arquivo\/category\/geral\/","nextItem":{"@type":"ListItem","@id":"https:\/\/www.jornalja.com.br\/arquivo\/com-15-dias-para-aprovar-revisao-do-iptu-governo-admite-revisar-projeto\/#listItem","name":"Com 15 dias para aprovar revis\u00e3o do IPTU, governo admite revisar projeto"},"previousItem":{"@type":"ListItem","@id":"https:\/\/www.jornalja.com.br\/arquivo#listItem","name":"Home"}},{"@type":"ListItem","@id":"https:\/\/www.jornalja.com.br\/arquivo\/com-15-dias-para-aprovar-revisao-do-iptu-governo-admite-revisar-projeto\/#listItem","position":3,"name":"Com 15 dias para aprovar revis\u00e3o do IPTU, governo admite revisar projeto","previousItem":{"@type":"ListItem","@id":"https:\/\/www.jornalja.com.br\/arquivo\/category\/geral\/#listItem","name":"Geral"}}]},{"@type":"Organization","@id":"https:\/\/www.jornalja.com.br\/arquivo\/#organization","name":"Jornal J\u00c1","description":"Jornal J\u00c1 | Porto Alegre","url":"https:\/\/www.jornalja.com.br\/arquivo\/","telephone":"+555133307272","logo":{"@type":"ImageObject","url":"https:\/\/www.jornalja.com.br\/wp-content\/uploads\/cards\/JAslogan.png","@id":"https:\/\/www.jornalja.com.br\/arquivo\/com-15-dias-para-aprovar-revisao-do-iptu-governo-admite-revisar-projeto\/#organizationLogo"},"image":{"@id":"https:\/\/www.jornalja.com.br\/arquivo\/com-15-dias-para-aprovar-revisao-do-iptu-governo-admite-revisar-projeto\/#organizationLogo"}},{"@type":"Person","@id":"https:\/\/www.jornalja.com.br\/arquivo\/author\/daredacao\/#author","url":"https:\/\/www.jornalja.com.br\/arquivo\/author\/daredacao\/","name":"da Reda\u00e7\u00e3o","image":{"@type":"ImageObject","@id":"https:\/\/www.jornalja.com.br\/arquivo\/com-15-dias-para-aprovar-revisao-do-iptu-governo-admite-revisar-projeto\/#authorImage","url":"https:\/\/secure.gravatar.com\/avatar\/469fd857d6605ad19919d27ed29d35a968a25f6e8fd9318356bbb7f57aae9c65?s=96&d=mm&r=g","width":96,"height":96,"caption":"da Reda\u00e7\u00e3o"}},{"@type":"WebPage","@id":"https:\/\/www.jornalja.com.br\/arquivo\/com-15-dias-para-aprovar-revisao-do-iptu-governo-admite-revisar-projeto\/#webpage","url":"https:\/\/www.jornalja.com.br\/arquivo\/com-15-dias-para-aprovar-revisao-do-iptu-governo-admite-revisar-projeto\/","name":"Com 15 dias para aprovar revis\u00e3o do IPTU, governo admite revisar projeto | Arquivo","inLanguage":"pt-BR","isPartOf":{"@id":"https:\/\/www.jornalja.com.br\/arquivo\/#website"},"breadcrumb":{"@id":"https:\/\/www.jornalja.com.br\/arquivo\/com-15-dias-para-aprovar-revisao-do-iptu-governo-admite-revisar-projeto\/#breadcrumblist"},"author":{"@id":"https:\/\/www.jornalja.com.br\/arquivo\/author\/daredacao\/#author"},"creator":{"@id":"https:\/\/www.jornalja.com.br\/arquivo\/author\/daredacao\/#author"},"image":{"@type":"ImageObject","url":55154,"@id":"https:\/\/www.jornalja.com.br\/arquivo\/com-15-dias-para-aprovar-revisao-do-iptu-governo-admite-revisar-projeto\/#mainImage"},"primaryImageOfPage":{"@id":"https:\/\/www.jornalja.com.br\/arquivo\/com-15-dias-para-aprovar-revisao-do-iptu-governo-admite-revisar-projeto\/#mainImage"},"datePublished":"2017-09-15T13:44:17-03:00","dateModified":"2017-09-15T13:44:17-03:00"},{"@type":"WebSite","@id":"https:\/\/www.jornalja.com.br\/arquivo\/#website","url":"https:\/\/www.jornalja.com.br\/arquivo\/","name":"Arquivo","description":"Jornal J\u00c1 | Porto Alegre","inLanguage":"pt-BR","publisher":{"@id":"https:\/\/www.jornalja.com.br\/arquivo\/#organization"}}]},"og:locale":"pt_BR","og:site_name":"Arquivo | Jornal J\u00c1 | Porto Alegre","og:type":"article","og:title":"Com 15 dias para aprovar revis\u00e3o do IPTU, governo admite revisar projeto | Arquivo","og:url":"https:\/\/www.jornalja.com.br\/arquivo\/com-15-dias-para-aprovar-revisao-do-iptu-governo-admite-revisar-projeto\/","og:image":"https:\/\/www.jornalja.com.br\/economics\/wp-content\/uploads\/sites\/11\/2026\/08\/ja-folhaderosto-facebook.jpg","og:image:secure_url":"https:\/\/www.jornalja.com.br\/economics\/wp-content\/uploads\/sites\/11\/2026\/08\/ja-folhaderosto-facebook.jpg","article:published_time":"2017-09-15T16:44:17+00:00","article:modified_time":"2017-09-15T16:44:17+00:00","twitter:card":"summary","twitter:title":"Com 15 dias para aprovar revis\u00e3o do IPTU, governo admite revisar projeto | Arquivo","twitter:image":"https:\/\/www.jornalja.com.br\/economics\/wp-content\/uploads\/sites\/11\/2026\/08\/ja-folhaderosto-facebook.jpg"},"aioseo_meta_data":{"post_id":"55150","title":null,"description":null,"keywords":null,"keyphrases":null,"primary_term":null,"canonical_url":null,"og_title":null,"og_description":null,"og_object_type":"default","og_image_type":"default","og_image_url":null,"og_image_width":null,"og_image_height":null,"og_image_custom_url":null,"og_image_custom_fields":null,"og_video":null,"og_custom_url":null,"og_article_section":null,"og_article_tags":null,"twitter_use_og":false,"twitter_card":"default","twitter_image_type":"default","twitter_image_url":null,"twitter_image_custom_url":null,"twitter_image_custom_fields":null,"twitter_title":null,"twitter_description":null,"schema":{"blockGraphs":[],"customGraphs":[],"default":{"data":{"Article":[],"Course":[],"Dataset":[],"FAQPage":[],"Movie":[],"Person":[],"Product":[],"ProductReview":[],"Car":[],"Recipe":[],"Service":[],"SoftwareApplication":[],"WebPage":[]},"graphName":"","isEnabled":true},"graphs":[],"defaultGraph":"","defaultPostTypeGraph":""},"schema_type":null,"schema_type_options":null,"pillar_content":false,"robots_default":true,"robots_noindex":false,"robots_noarchive":false,"robots_nosnippet":false,"robots_nofollow":false,"robots_noimageindex":false,"robots_noodp":false,"robots_notranslate":false,"robots_max_snippet":null,"robots_max_videopreview":null,"robots_max_imagepreview":"large","priority":null,"frequency":null,"location":null,"local_seo":null,"breadcrumb_settings":null,"limit_modified_date":false,"ai":null,"created":"2020-12-20 20:25:01","updated":"2025-07-20 01:11:38","seo_analyzer_scan_date":null,"focus_keyword":null,"additional_keywords":null,"truseo_locale":null},"jetpack_sharing_enabled":true,"jetpack-related-posts":[{"id":13240,"url":"https:\/\/www.jornalja.com.br\/arquivo\/plano-diretor-estamos-construindo-o-caos\/","url_meta":{"origin":55150,"position":0},"title":"Plano diretor: &quot;Estamos construindo o caos&quot;","author":"Patr\u00edcia Marini","date":"26 de maio de 2014","format":false,"excerpt":"Desabafo que arquiteta Eliana Castilhos, delegada da Regi\u00e3o de Planejamento 1, postou nas redes sociais \u00e9 um testemunho do ambiente que se criou no Conselho do Plano Diretor de Porto Alegre, onde a aprova\u00e7\u00e3o de grandes empreendimentos \u00e9 empurrada guela abaixo dos conselheiros. Ao CMDUA Como delegada da Regi\u00e3o de\u2026","rel":"","context":"Em &quot;Geral&quot;","block_context":{"text":"Geral","link":"https:\/\/www.jornalja.com.br\/arquivo\/category\/geral\/"},"img":{"alt_text":"","src":"","width":0,"height":0},"classes":[]},{"id":13239,"url":"https:\/\/www.jornalja.com.br\/arquivo\/conselho-desdenha-do-plano-diretor\/","url_meta":{"origin":55150,"position":1},"title":"Porto Alegre: Conselho detona Plano Diretor","author":"Patr\u00edcia Marini","date":"25 de maio de 2014","format":false,"excerpt":"Den\u00fancia do arquiteto e \u00a0urbanista Ibir\u00e1 Santos Lucas. Ele diz que os conselheiros est\u00e3o votando com \"enorme irresponsabilidade\". \"Mudam regime com a maior naturalidade,,,regularizam absurdos de constru\u00e7\u00f5es irregulares... \"O CMDUA est\u00e1 flexibilizando a lei do plano diretor, de uma forma impactante na vida da cidade. Mudam regime com a maior\u2026","rel":"","context":"Em &quot;Geral&quot;","block_context":{"text":"Geral","link":"https:\/\/www.jornalja.com.br\/arquivo\/category\/geral\/"},"img":{"alt_text":"","src":"","width":0,"height":0},"classes":[]},{"id":13124,"url":"https:\/\/www.jornalja.com.br\/arquivo\/sangue-latino-no-iecine\/","url_meta":{"origin":55150,"position":2},"title":"Sangue latino no IECINE","author":"da Reda\u00e7\u00e3o","date":"18 de maio de 2014","format":false,"excerpt":"Francisco Ribeiro O Instituto Estadual de Cinema (IECINE) tem a frente, desde abril \u00faltimo, um novo diretor, o cineasta colombiano Juan Zapata, 36, que substitui Luiz Alberto Cassol. Radicado h\u00e1 dez anos em Porto Alegre, Zapata tem diante de si o desafio de conduzir at\u00e9 o final do ano um\u2026","rel":"","context":"Em &quot;Cultura-Geral&quot;","block_context":{"text":"Cultura-Geral","link":"https:\/\/www.jornalja.com.br\/arquivo\/category\/materiasecundaria\/"},"img":{"alt_text":"","src":"","width":0,"height":0},"classes":[]},{"id":14241,"url":"https:\/\/www.jornalja.com.br\/arquivo\/o-guaiba-nas-imagens-poeticas-de-achutti\/","url_meta":{"origin":55150,"position":3},"title":"O Gua\u00edba nas imagens po\u00e9ticas de Achutti","author":"da Reda\u00e7\u00e3o","date":"18 de junho de 2014","format":false,"excerpt":"Em \u201cO Gua\u00edba por Achutti\u201d \u2013 obra financiada via Minist\u00e9rio da Cultura, produ\u00e7\u00e3o executiva de Pedro Longhi, e Fl\u00e1vio Wild como designer \u2013, o fot\u00f3grafo revela a beleza e as mazelas de um espa\u00e7o aqu\u00e1tico de \u00e1guas sempre renovadas, cheio de hist\u00f3rias e lendas como as das cidades que foram\u2026","rel":"","context":"Em &quot;Cultura-Geral&quot;","block_context":{"text":"Cultura-Geral","link":"https:\/\/www.jornalja.com.br\/arquivo\/category\/materiasecundaria\/"},"img":{"alt_text":"","src":"","width":0,"height":0},"classes":[]},{"id":13128,"url":"https:\/\/www.jornalja.com.br\/arquivo\/maconha-terra-diz-que-uso-medicinal-e-desculpa\/","url_meta":{"origin":55150,"position":4},"title":"Maconha: Terra diz que uso medicinal \u00e9 desculpa","author":"Patr\u00edcia Marini","date":"4 de junho de 2014","format":false,"excerpt":"A condi\u00e7\u00e3o de pol\u00edtico, em \u00e9poca de campanha de campanha eleitoral, tira for\u00e7a do discurso do m\u00e9dico Osmar Terra contra a legaliza\u00e7\u00e3o da maconha. A tese dele de que a libera\u00e7\u00e3o vai ampliar exponencialmente o consumo \u00e9 discutivel, o consumo \u00e9 corrente. Mas seus alertas quanto aos riscos tem que\u2026","rel":"","context":"Em &quot;X.Categorias velhas&quot;","block_context":{"text":"X.Categorias velhas","link":"https:\/\/www.jornalja.com.br\/arquivo\/category\/x-categorias-velhas\/"},"img":{"alt_text":"","src":"","width":0,"height":0},"classes":[]},{"id":5440,"url":"https:\/\/www.jornalja.com.br\/arquivo\/casarao-da-venancio-destino-permanece-incerto\/","url_meta":{"origin":55150,"position":5},"title":"Estado ainda n\u00e3o sabe o que fazer com casar\u00e3o abandonado h\u00e1 20 anos","author":"Elmar Bones","date":"6 de julho de 2009","format":false,"excerpt":"O casar\u00e3o amarelo, numa esquina nobre de Porto Alegre (Ven\u00e2ncio Aires com Jo\u00e3o Pessoa), j\u00e1 abrigou uma escola. H\u00e1 duas d\u00e9cadas, pelo menos, est\u00e1 abandonado, porque seu propriet\u00e1rio, o governo do Estado do Rio Grande do Sul, n\u00e3o consegue achar um destino para ele. Planos n\u00e3o faltaram. O governador Ol\u00edvio\u2026","rel":"","context":"Em &quot;X.Categorias velhas&quot;","block_context":{"text":"X.Categorias velhas","link":"https:\/\/www.jornalja.com.br\/arquivo\/category\/x-categorias-velhas\/"},"img":{"alt_text":"geraldo1","src":"https:\/\/i0.wp.com\/www.jornalja.com.br\/wp-content\/uploads\/2009\/07\/geraldo1.jpg?resize=350%2C200&ssl=1","width":350,"height":200},"classes":[]}],"jetpack_shortlink":"https:\/\/wp.me\/pbQjBd-elw","jetpack_featured_media_url":"","_links":{"self":[{"href":"https:\/\/www.jornalja.com.br\/arquivo\/wp-json\/wp\/v2\/posts\/55150","targetHints":{"allow":["GET"]}}],"collection":[{"href":"https:\/\/www.jornalja.com.br\/arquivo\/wp-json\/wp\/v2\/posts"}],"about":[{"href":"https:\/\/www.jornalja.com.br\/arquivo\/wp-json\/wp\/v2\/types\/post"}],"author":[{"embeddable":true,"href":"https:\/\/www.jornalja.com.br\/arquivo\/wp-json\/wp\/v2\/users\/4"}],"replies":[{"embeddable":true,"href":"https:\/\/www.jornalja.com.br\/arquivo\/wp-json\/wp\/v2\/comments?post=55150"}],"version-history":[{"count":0,"href":"https:\/\/www.jornalja.com.br\/arquivo\/wp-json\/wp\/v2\/posts\/55150\/revisions"}],"wp:attachment":[{"href":"https:\/\/www.jornalja.com.br\/arquivo\/wp-json\/wp\/v2\/media?parent=55150"}],"wp:term":[{"taxonomy":"category","embeddable":true,"href":"https:\/\/www.jornalja.com.br\/arquivo\/wp-json\/wp\/v2\/categories?post=55150"},{"taxonomy":"post_tag","embeddable":true,"href":"https:\/\/www.jornalja.com.br\/arquivo\/wp-json\/wp\/v2\/tags?post=55150"}],"curies":[{"name":"wp","href":"https:\/\/api.w.org\/{rel}","templated":true}]}}