{"id":55177,"date":"2017-09-16T10:10:28","date_gmt":"2017-09-16T13:10:28","guid":{"rendered":"https:\/\/www.jornalja.com.br\/?p=55177"},"modified":"2017-09-16T10:10:28","modified_gmt":"2017-09-16T13:10:28","slug":"tania-moreira-deixa-secretaria-de-comunicacao-da-prefeitura","status":"publish","type":"post","link":"https:\/\/www.jornalja.com.br\/arquivo\/tania-moreira-deixa-secretaria-de-comunicacao-da-prefeitura\/","title":{"rendered":"T\u00e2nia Moreira deixa Secretaria de Comunica\u00e7\u00e3o da Prefeitura"},"content":{"rendered":"<p>O governo do prefeito Nelson Marchezan J\u00fanior teve mais uma baixa nesta sexta-feira, 15\/09, a jornalista T\u00e2nia Moreira, secret\u00e1ria de Comunica\u00e7\u00e3o da Prefeitura, pediu demiss\u00e3o.<br \/>\nT\u00e2nia estava no governo desde o in\u00edcio deste ano e tamb\u00e9m participou da campanha eleitoral que elegeu Marchezan. Ela se afasta porqu\u00ea pretende justamente se dedicar a trabalhos para as elei\u00e7\u00f5es de 2018. \u201cFa\u00e7o campanha desde 1990 e \u00e9 isso que eu amo. N\u00e3o estava conseguindo ter tempo de me dedicar \u00e0 minha empresa que \u00e9 focada nisso\u201d, esclareceu a jornalista ao site Coletiva.net.<br \/>\n\u00c9 a 13\u00aa baixa em cargos importante do Executivo municipal desde o come\u00e7o do governo Marchezan:<br \/>\n1 &#8211; Por discordar do projeto que revisa o IPTU de Porto Alegre, o secret\u00e1rio municipal de Desenvolvimento Econ\u00f4mico, Ricardo Gomes, saiu do governo em 16\/08.<br \/>\n2 \u2013 Em 10\/08 o diretor da Companhia de Processamento de Dados de Porto Alegre (Procempa) Michel Costa se demitiu. Ele responde sindic\u00e2ncia devido a den\u00fancia de uma reportagem que revelou Costa como s\u00f3cio da empresa que testa a instala\u00e7\u00e3o da tecnologia de GPS em \u00f4nibus da Carris e de outra respons\u00e1vel pela plataforma do Banco de Talentos. Costa ainda presidia o Conselho de Administra\u00e7\u00e3o da Carris.<br \/>\n3 \u2013 O diretor-geral do Departamento Municipal de Limpeza Urbana (DMLU), \u00c1lvaro de Azevedo, foi afastado nem 22 de junho por suspeitas de desviar itens doados pelo TJ\/RS ao departamento municipal. A Pol\u00edcia Civil investiga o crime.<br \/>\n4 \u2013 No lugar de Azevedo, no DMLU, entrou Adenir Matos dos Santos, que deixou a diretoria apenas duas semanas depois, por motiva\u00e7\u00f5es pessoais.<br \/>\n5 &#8211; Eduardo Wolf, em 31\/07, que era secret\u00e1rio adjunto da Cultura, pediu demiss\u00e3o ao t\u00e9rmino do Festival de Inverno, por motivos pessoais.<br \/>\n6 \u2013 O procurador-geral do Munic\u00edpio, Bruno Miragem deixou o cargo dia 16 de junho. Saiu por raz\u00f5es pessoais, segundo a Prefeitura. Advogado e consultor jur\u00eddico, Miragem representou a Falconi em um processo de 2014, quando a Justi\u00e7a suspendeu um contrato de R$ 2 milh\u00f5es entre a empresa de consultoria e a Prefeitura de Pelotas. Em Porto Alegre, a Falconi atuou junto \u00e0 Prefeitura atrav\u00e9s da organiza\u00e7\u00e3o Comunitas, cujo contrato foi suspenso pela Justi\u00e7a.<br \/>\n7 \u2013 Kevin Krieger, coordenador da campanha vitoriosa de Marchezan, foi secret\u00e1rio de Rela\u00e7\u00f5es Institucionais e Articula\u00e7\u00e3o Pol\u00edtica e considerado bra\u00e7o direito do prefeito. Tamb\u00e9m saiu alegando motivos pessoais, em 4 de maio. Semanas antes, Krieger havia feito chegar aos jornais seu descontentamento. Estaria se sentindo escanteado.<br \/>\n8 \u2013 O diretor de Jornalismo da Prefeitura Alexandre Bach ficou apenas tr\u00eas semanas no cargo. Na sexta-feira, dia 16 de junho, pediu demiss\u00e3o. \u201cN\u00e3o houve crise alguma na minha sa\u00edda, a decis\u00e3o foi minha porque n\u00e3o consegui conciliar o trabalho na Prefeitura com a atividade que priorizei desde que sa\u00ed da RBS, a produ\u00e7\u00e3o de livros\u201d, justificou o jornalista.<br \/>\n9 \u2013 Ainda em fevereiro, a baixa foi na Carris. Ap\u00f3s 20 anos no cargo, o presidente nomeado por Marchezan pediu para sair. Lu\u00eds Fernando Ferreira tinha o perfil para a vaga: empreendedor, selecionado atrav\u00e9s do banco de talentos, especializado em gest\u00e3o de empresas em crise. Assumiu com a miss\u00e3o de reverter os maus resultados acumulados pela Carris nos \u00faltimos anos. Pediu demiss\u00e3o 20 dias depois.<br \/>\n10 \u2013 Em mar\u00e7o, o adjunto da Secretaria Municipal de Administra\u00e7\u00e3o foi demitido. Carlos Fett ocupava cargo em comiss\u00e3o desde a gest\u00e3o Fortunati. Em paralelo, atuava como pr\u00e9-reitor de assuntos institucionais do grupo Facinepe, investigado pelo Minist\u00e9rio da Educa\u00e7\u00e3o por suspeita de irregularidades em cursos de p\u00f3s-gradua\u00e7\u00e3o.<br \/>\n11 \u2013 Em 18 de julho, a procuradora-geral da Carris Jaqueline Sim\u00f5es pediu desligamento, tamb\u00e9m, por motivos pessoais.<br \/>\n12 \u2013 A chefe de gabinete de Marchezan, Neiva Dalchiavon, deixou o cargo em 1 de junho, por raz\u00f5es pessoais.<\/p>\n","protected":false},"excerpt":{"rendered":"<p>O governo do prefeito Nelson Marchezan J\u00fanior teve mais uma baixa nesta sexta-feira, 15\/09, a jornalista T\u00e2nia Moreira, secret\u00e1ria de Comunica\u00e7\u00e3o da Prefeitura, pediu demiss\u00e3o. T\u00e2nia estava no governo desde o in\u00edcio deste ano e tamb\u00e9m participou da campanha eleitoral que elegeu Marchezan. Ela se afasta porqu\u00ea pretende justamente se dedicar a trabalhos para as [&hellip;]<\/p>\n","protected":false},"author":4,"featured_media":0,"comment_status":"open","ping_status":"closed","sticky":false,"template":"","format":"standard","meta":{"_jetpack_newsletter_access":"","_jetpack_dont_email_post_to_subs":false,"_jetpack_newsletter_tier_id":0,"_jetpack_memberships_contains_paywalled_content":false,"_jetpack_feature_clip_id":0,"_jetpack_memberships_contains_paid_content":false,"footnotes":"","jetpack_post_was_ever_published":false},"categories":[2022],"tags":[],"class_list":["post-55177","post","type-post","status-publish","format-standard","hentry","category-notas"],"aioseo_notices":[],"aioseo_head":"\n\t\t<!-- All in One SEO 5.0.1.1 - aioseo.com -->\n\t<meta name=\"robots\" content=\"max-image-preview:large\" \/>\n\t<meta name=\"author\" content=\"da Reda\u00e7\u00e3o\"\/>\n\t<link rel=\"canonical\" href=\"https:\/\/www.jornalja.com.br\/arquivo\/tania-moreira-deixa-secretaria-de-comunicacao-da-prefeitura\/\" \/>\n\t<meta name=\"generator\" content=\"All in One SEO (AIOSEO) 5.0.1.1\" \/>\n\t\t<meta property=\"og:locale\" content=\"pt_BR\" \/>\n\t\t<meta property=\"og:site_name\" content=\"Arquivo | Jornal J\u00c1 | Porto Alegre\" \/>\n\t\t<meta property=\"og:type\" content=\"article\" \/>\n\t\t<meta property=\"og:title\" content=\"T\u00e2nia Moreira deixa Secretaria de Comunica\u00e7\u00e3o da Prefeitura | Arquivo\" \/>\n\t\t<meta property=\"og:url\" content=\"https:\/\/www.jornalja.com.br\/arquivo\/tania-moreira-deixa-secretaria-de-comunicacao-da-prefeitura\/\" \/>\n\t\t<meta property=\"og:image\" content=\"https:\/\/www.jornalja.com.br\/economics\/wp-content\/uploads\/sites\/11\/2026\/08\/ja-folhaderosto-facebook.jpg\" \/>\n\t\t<meta property=\"og:image:secure_url\" content=\"https:\/\/www.jornalja.com.br\/economics\/wp-content\/uploads\/sites\/11\/2026\/08\/ja-folhaderosto-facebook.jpg\" \/>\n\t\t<meta property=\"article:published_time\" content=\"2017-09-16T13:10:28+00:00\" \/>\n\t\t<meta property=\"article:modified_time\" content=\"2017-09-16T13:10:28+00:00\" \/>\n\t\t<meta name=\"twitter:card\" content=\"summary\" \/>\n\t\t<meta name=\"twitter:title\" content=\"T\u00e2nia Moreira deixa Secretaria de Comunica\u00e7\u00e3o da Prefeitura | Arquivo\" \/>\n\t\t<meta name=\"twitter:image\" content=\"https:\/\/www.jornalja.com.br\/economics\/wp-content\/uploads\/sites\/11\/2026\/08\/ja-folhaderosto-facebook.jpg\" \/>\n\t\t<script type=\"application\/ld+json\" class=\"aioseo-schema\">\n\t\t\t{\"@context\":\"https:\\\/\\\/schema.org\",\"@graph\":[{\"@type\":\"BlogPosting\",\"@id\":\"https:\\\/\\\/www.jornalja.com.br\\\/arquivo\\\/tania-moreira-deixa-secretaria-de-comunicacao-da-prefeitura\\\/#blogposting\",\"name\":\"T\\u00e2nia Moreira deixa Secretaria de Comunica\\u00e7\\u00e3o da Prefeitura | Arquivo\",\"headline\":\"T\\u00e2nia Moreira deixa Secretaria de Comunica\\u00e7\\u00e3o da Prefeitura\",\"author\":{\"@id\":\"https:\\\/\\\/www.jornalja.com.br\\\/arquivo\\\/author\\\/daredacao\\\/#author\"},\"publisher\":{\"@id\":\"https:\\\/\\\/www.jornalja.com.br\\\/arquivo\\\/#organization\"},\"image\":{\"@type\":\"ImageObject\",\"url\":\"https:\\\/\\\/www.jornalja.com.br\\\/wp-content\\\/uploads\\\/cards\\\/JAslogan.png\",\"@id\":\"https:\\\/\\\/www.jornalja.com.br\\\/arquivo\\\/#articleImage\"},\"datePublished\":\"2017-09-16T10:10:28-03:00\",\"dateModified\":\"2017-09-16T10:10:28-03:00\",\"inLanguage\":\"pt-BR\",\"commentCount\":1,\"mainEntityOfPage\":{\"@id\":\"https:\\\/\\\/www.jornalja.com.br\\\/arquivo\\\/tania-moreira-deixa-secretaria-de-comunicacao-da-prefeitura\\\/#webpage\"},\"isPartOf\":{\"@id\":\"https:\\\/\\\/www.jornalja.com.br\\\/arquivo\\\/tania-moreira-deixa-secretaria-de-comunicacao-da-prefeitura\\\/#webpage\"},\"articleSection\":\"NOTAS\"},{\"@type\":\"BreadcrumbList\",\"@id\":\"https:\\\/\\\/www.jornalja.com.br\\\/arquivo\\\/tania-moreira-deixa-secretaria-de-comunicacao-da-prefeitura\\\/#breadcrumblist\",\"itemListElement\":[{\"@type\":\"ListItem\",\"@id\":\"https:\\\/\\\/www.jornalja.com.br\\\/arquivo#listItem\",\"position\":1,\"name\":\"Home\",\"item\":\"https:\\\/\\\/www.jornalja.com.br\\\/arquivo\",\"nextItem\":{\"@type\":\"ListItem\",\"@id\":\"https:\\\/\\\/www.jornalja.com.br\\\/arquivo\\\/category\\\/notas\\\/#listItem\",\"name\":\"NOTAS\"}},{\"@type\":\"ListItem\",\"@id\":\"https:\\\/\\\/www.jornalja.com.br\\\/arquivo\\\/category\\\/notas\\\/#listItem\",\"position\":2,\"name\":\"NOTAS\",\"item\":\"https:\\\/\\\/www.jornalja.com.br\\\/arquivo\\\/category\\\/notas\\\/\",\"nextItem\":{\"@type\":\"ListItem\",\"@id\":\"https:\\\/\\\/www.jornalja.com.br\\\/arquivo\\\/tania-moreira-deixa-secretaria-de-comunicacao-da-prefeitura\\\/#listItem\",\"name\":\"T\\u00e2nia Moreira deixa Secretaria de Comunica\\u00e7\\u00e3o da Prefeitura\"},\"previousItem\":{\"@type\":\"ListItem\",\"@id\":\"https:\\\/\\\/www.jornalja.com.br\\\/arquivo#listItem\",\"name\":\"Home\"}},{\"@type\":\"ListItem\",\"@id\":\"https:\\\/\\\/www.jornalja.com.br\\\/arquivo\\\/tania-moreira-deixa-secretaria-de-comunicacao-da-prefeitura\\\/#listItem\",\"position\":3,\"name\":\"T\\u00e2nia Moreira deixa Secretaria de Comunica\\u00e7\\u00e3o da Prefeitura\",\"previousItem\":{\"@type\":\"ListItem\",\"@id\":\"https:\\\/\\\/www.jornalja.com.br\\\/arquivo\\\/category\\\/notas\\\/#listItem\",\"name\":\"NOTAS\"}}]},{\"@type\":\"Organization\",\"@id\":\"https:\\\/\\\/www.jornalja.com.br\\\/arquivo\\\/#organization\",\"name\":\"Jornal J\\u00c1\",\"description\":\"Jornal J\\u00c1 | Porto Alegre\",\"url\":\"https:\\\/\\\/www.jornalja.com.br\\\/arquivo\\\/\",\"telephone\":\"+555133307272\",\"logo\":{\"@type\":\"ImageObject\",\"url\":\"https:\\\/\\\/www.jornalja.com.br\\\/wp-content\\\/uploads\\\/cards\\\/JAslogan.png\",\"@id\":\"https:\\\/\\\/www.jornalja.com.br\\\/arquivo\\\/tania-moreira-deixa-secretaria-de-comunicacao-da-prefeitura\\\/#organizationLogo\"},\"image\":{\"@id\":\"https:\\\/\\\/www.jornalja.com.br\\\/arquivo\\\/tania-moreira-deixa-secretaria-de-comunicacao-da-prefeitura\\\/#organizationLogo\"}},{\"@type\":\"Person\",\"@id\":\"https:\\\/\\\/www.jornalja.com.br\\\/arquivo\\\/author\\\/daredacao\\\/#author\",\"url\":\"https:\\\/\\\/www.jornalja.com.br\\\/arquivo\\\/author\\\/daredacao\\\/\",\"name\":\"da Reda\\u00e7\\u00e3o\",\"image\":{\"@type\":\"ImageObject\",\"@id\":\"https:\\\/\\\/www.jornalja.com.br\\\/arquivo\\\/tania-moreira-deixa-secretaria-de-comunicacao-da-prefeitura\\\/#authorImage\",\"url\":\"https:\\\/\\\/secure.gravatar.com\\\/avatar\\\/469fd857d6605ad19919d27ed29d35a968a25f6e8fd9318356bbb7f57aae9c65?s=96&d=mm&r=g\",\"width\":96,\"height\":96,\"caption\":\"da Reda\\u00e7\\u00e3o\"}},{\"@type\":\"WebPage\",\"@id\":\"https:\\\/\\\/www.jornalja.com.br\\\/arquivo\\\/tania-moreira-deixa-secretaria-de-comunicacao-da-prefeitura\\\/#webpage\",\"url\":\"https:\\\/\\\/www.jornalja.com.br\\\/arquivo\\\/tania-moreira-deixa-secretaria-de-comunicacao-da-prefeitura\\\/\",\"name\":\"T\\u00e2nia Moreira deixa Secretaria de Comunica\\u00e7\\u00e3o da Prefeitura | Arquivo\",\"inLanguage\":\"pt-BR\",\"isPartOf\":{\"@id\":\"https:\\\/\\\/www.jornalja.com.br\\\/arquivo\\\/#website\"},\"breadcrumb\":{\"@id\":\"https:\\\/\\\/www.jornalja.com.br\\\/arquivo\\\/tania-moreira-deixa-secretaria-de-comunicacao-da-prefeitura\\\/#breadcrumblist\"},\"author\":{\"@id\":\"https:\\\/\\\/www.jornalja.com.br\\\/arquivo\\\/author\\\/daredacao\\\/#author\"},\"creator\":{\"@id\":\"https:\\\/\\\/www.jornalja.com.br\\\/arquivo\\\/author\\\/daredacao\\\/#author\"},\"datePublished\":\"2017-09-16T10:10:28-03:00\",\"dateModified\":\"2017-09-16T10:10:28-03:00\"},{\"@type\":\"WebSite\",\"@id\":\"https:\\\/\\\/www.jornalja.com.br\\\/arquivo\\\/#website\",\"url\":\"https:\\\/\\\/www.jornalja.com.br\\\/arquivo\\\/\",\"name\":\"Arquivo\",\"description\":\"Jornal J\\u00c1 | Porto Alegre\",\"inLanguage\":\"pt-BR\",\"publisher\":{\"@id\":\"https:\\\/\\\/www.jornalja.com.br\\\/arquivo\\\/#organization\"}}]}\n\t\t<\/script>\n\t\t<!-- All in One SEO -->\n\n","aioseo_head_json":{"title":"T\u00e2nia Moreira deixa Secretaria de Comunica\u00e7\u00e3o da Prefeitura | Arquivo","description":"","canonical_url":"https:\/\/www.jornalja.com.br\/arquivo\/tania-moreira-deixa-secretaria-de-comunicacao-da-prefeitura\/","robots":"max-image-preview:large","keywords":"","webmasterTools":{"miscellaneous":""},"schema":{"@context":"https:\/\/schema.org","@graph":[{"@type":"BlogPosting","@id":"https:\/\/www.jornalja.com.br\/arquivo\/tania-moreira-deixa-secretaria-de-comunicacao-da-prefeitura\/#blogposting","name":"T\u00e2nia Moreira deixa Secretaria de Comunica\u00e7\u00e3o da Prefeitura | Arquivo","headline":"T\u00e2nia Moreira deixa Secretaria de Comunica\u00e7\u00e3o da Prefeitura","author":{"@id":"https:\/\/www.jornalja.com.br\/arquivo\/author\/daredacao\/#author"},"publisher":{"@id":"https:\/\/www.jornalja.com.br\/arquivo\/#organization"},"image":{"@type":"ImageObject","url":"https:\/\/www.jornalja.com.br\/wp-content\/uploads\/cards\/JAslogan.png","@id":"https:\/\/www.jornalja.com.br\/arquivo\/#articleImage"},"datePublished":"2017-09-16T10:10:28-03:00","dateModified":"2017-09-16T10:10:28-03:00","inLanguage":"pt-BR","commentCount":1,"mainEntityOfPage":{"@id":"https:\/\/www.jornalja.com.br\/arquivo\/tania-moreira-deixa-secretaria-de-comunicacao-da-prefeitura\/#webpage"},"isPartOf":{"@id":"https:\/\/www.jornalja.com.br\/arquivo\/tania-moreira-deixa-secretaria-de-comunicacao-da-prefeitura\/#webpage"},"articleSection":"NOTAS"},{"@type":"BreadcrumbList","@id":"https:\/\/www.jornalja.com.br\/arquivo\/tania-moreira-deixa-secretaria-de-comunicacao-da-prefeitura\/#breadcrumblist","itemListElement":[{"@type":"ListItem","@id":"https:\/\/www.jornalja.com.br\/arquivo#listItem","position":1,"name":"Home","item":"https:\/\/www.jornalja.com.br\/arquivo","nextItem":{"@type":"ListItem","@id":"https:\/\/www.jornalja.com.br\/arquivo\/category\/notas\/#listItem","name":"NOTAS"}},{"@type":"ListItem","@id":"https:\/\/www.jornalja.com.br\/arquivo\/category\/notas\/#listItem","position":2,"name":"NOTAS","item":"https:\/\/www.jornalja.com.br\/arquivo\/category\/notas\/","nextItem":{"@type":"ListItem","@id":"https:\/\/www.jornalja.com.br\/arquivo\/tania-moreira-deixa-secretaria-de-comunicacao-da-prefeitura\/#listItem","name":"T\u00e2nia Moreira deixa Secretaria de Comunica\u00e7\u00e3o da Prefeitura"},"previousItem":{"@type":"ListItem","@id":"https:\/\/www.jornalja.com.br\/arquivo#listItem","name":"Home"}},{"@type":"ListItem","@id":"https:\/\/www.jornalja.com.br\/arquivo\/tania-moreira-deixa-secretaria-de-comunicacao-da-prefeitura\/#listItem","position":3,"name":"T\u00e2nia Moreira deixa Secretaria de Comunica\u00e7\u00e3o da Prefeitura","previousItem":{"@type":"ListItem","@id":"https:\/\/www.jornalja.com.br\/arquivo\/category\/notas\/#listItem","name":"NOTAS"}}]},{"@type":"Organization","@id":"https:\/\/www.jornalja.com.br\/arquivo\/#organization","name":"Jornal J\u00c1","description":"Jornal J\u00c1 | Porto Alegre","url":"https:\/\/www.jornalja.com.br\/arquivo\/","telephone":"+555133307272","logo":{"@type":"ImageObject","url":"https:\/\/www.jornalja.com.br\/wp-content\/uploads\/cards\/JAslogan.png","@id":"https:\/\/www.jornalja.com.br\/arquivo\/tania-moreira-deixa-secretaria-de-comunicacao-da-prefeitura\/#organizationLogo"},"image":{"@id":"https:\/\/www.jornalja.com.br\/arquivo\/tania-moreira-deixa-secretaria-de-comunicacao-da-prefeitura\/#organizationLogo"}},{"@type":"Person","@id":"https:\/\/www.jornalja.com.br\/arquivo\/author\/daredacao\/#author","url":"https:\/\/www.jornalja.com.br\/arquivo\/author\/daredacao\/","name":"da Reda\u00e7\u00e3o","image":{"@type":"ImageObject","@id":"https:\/\/www.jornalja.com.br\/arquivo\/tania-moreira-deixa-secretaria-de-comunicacao-da-prefeitura\/#authorImage","url":"https:\/\/secure.gravatar.com\/avatar\/469fd857d6605ad19919d27ed29d35a968a25f6e8fd9318356bbb7f57aae9c65?s=96&d=mm&r=g","width":96,"height":96,"caption":"da Reda\u00e7\u00e3o"}},{"@type":"WebPage","@id":"https:\/\/www.jornalja.com.br\/arquivo\/tania-moreira-deixa-secretaria-de-comunicacao-da-prefeitura\/#webpage","url":"https:\/\/www.jornalja.com.br\/arquivo\/tania-moreira-deixa-secretaria-de-comunicacao-da-prefeitura\/","name":"T\u00e2nia Moreira deixa Secretaria de Comunica\u00e7\u00e3o da Prefeitura | Arquivo","inLanguage":"pt-BR","isPartOf":{"@id":"https:\/\/www.jornalja.com.br\/arquivo\/#website"},"breadcrumb":{"@id":"https:\/\/www.jornalja.com.br\/arquivo\/tania-moreira-deixa-secretaria-de-comunicacao-da-prefeitura\/#breadcrumblist"},"author":{"@id":"https:\/\/www.jornalja.com.br\/arquivo\/author\/daredacao\/#author"},"creator":{"@id":"https:\/\/www.jornalja.com.br\/arquivo\/author\/daredacao\/#author"},"datePublished":"2017-09-16T10:10:28-03:00","dateModified":"2017-09-16T10:10:28-03:00"},{"@type":"WebSite","@id":"https:\/\/www.jornalja.com.br\/arquivo\/#website","url":"https:\/\/www.jornalja.com.br\/arquivo\/","name":"Arquivo","description":"Jornal J\u00c1 | Porto Alegre","inLanguage":"pt-BR","publisher":{"@id":"https:\/\/www.jornalja.com.br\/arquivo\/#organization"}}]},"og:locale":"pt_BR","og:site_name":"Arquivo | Jornal J\u00c1 | Porto Alegre","og:type":"article","og:title":"T\u00e2nia Moreira deixa Secretaria de Comunica\u00e7\u00e3o da Prefeitura | Arquivo","og:url":"https:\/\/www.jornalja.com.br\/arquivo\/tania-moreira-deixa-secretaria-de-comunicacao-da-prefeitura\/","og:image":"https:\/\/www.jornalja.com.br\/economics\/wp-content\/uploads\/sites\/11\/2026\/08\/ja-folhaderosto-facebook.jpg","og:image:secure_url":"https:\/\/www.jornalja.com.br\/economics\/wp-content\/uploads\/sites\/11\/2026\/08\/ja-folhaderosto-facebook.jpg","article:published_time":"2017-09-16T13:10:28+00:00","article:modified_time":"2017-09-16T13:10:28+00:00","twitter:card":"summary","twitter:title":"T\u00e2nia Moreira deixa Secretaria de Comunica\u00e7\u00e3o da Prefeitura | Arquivo","twitter:image":"https:\/\/www.jornalja.com.br\/economics\/wp-content\/uploads\/sites\/11\/2026\/08\/ja-folhaderosto-facebook.jpg"},"aioseo_meta_data":{"post_id":"55177","title":null,"description":null,"keywords":null,"keyphrases":null,"primary_term":null,"canonical_url":null,"og_title":null,"og_description":null,"og_object_type":"default","og_image_type":"default","og_image_url":null,"og_image_width":null,"og_image_height":null,"og_image_custom_url":null,"og_image_custom_fields":null,"og_video":null,"og_custom_url":null,"og_article_section":null,"og_article_tags":null,"twitter_use_og":false,"twitter_card":"default","twitter_image_type":"default","twitter_image_url":null,"twitter_image_custom_url":null,"twitter_image_custom_fields":null,"twitter_title":null,"twitter_description":null,"schema":{"blockGraphs":[],"customGraphs":[],"default":{"data":{"Article":[],"Course":[],"Dataset":[],"FAQPage":[],"Movie":[],"Person":[],"Product":[],"ProductReview":[],"Car":[],"Recipe":[],"Service":[],"SoftwareApplication":[],"WebPage":[]},"graphName":"","isEnabled":true},"graphs":[]},"schema_type":null,"schema_type_options":null,"pillar_content":false,"robots_default":true,"robots_noindex":false,"robots_noarchive":false,"robots_nosnippet":false,"robots_nofollow":false,"robots_noimageindex":false,"robots_noodp":false,"robots_notranslate":false,"robots_max_snippet":null,"robots_max_videopreview":null,"robots_max_imagepreview":"large","priority":null,"frequency":null,"location":null,"local_seo":null,"breadcrumb_settings":null,"limit_modified_date":false,"ai":null,"created":"2020-12-20 20:25:01","updated":"2025-07-20 01:11:38","seo_analyzer_scan_date":null,"focus_keyword":null,"additional_keywords":null,"truseo_locale":null},"jetpack_sharing_enabled":true,"jetpack-related-posts":[{"id":12960,"url":"https:\/\/www.jornalja.com.br\/arquivo\/populacao-culpa-empresas-pela-greve-dos-rodoviarios\/","url_meta":{"origin":55177,"position":0},"title":"Popula\u00e7\u00e3o culpa empresas pela greve","author":"Patr\u00edcia Marini","date":"14 de fevereiro de 2014","format":false,"excerpt":"Pesquisa divulgada na edi\u00e7\u00e3o do jornal Metro desta sexta-feira,14, comprova o velho ditado: \u00e9 poss\u00edvel enganar muitos por algum tempo, mas n\u00e3o \u00e9 poss\u00edvel enganar a todos o tempo inteiro. A principal revela\u00e7\u00e3o foi que 59,8% dos entrevistados apontaram as empresas como as principais respons\u00e1veis pela grave e 46% culparam\u2026","rel":"","context":"Em &quot;X.Categorias velhas&quot;","block_context":{"text":"X.Categorias velhas","link":"https:\/\/www.jornalja.com.br\/arquivo\/category\/x-categorias-velhas\/"},"img":{"alt_text":"","src":"","width":0,"height":0},"classes":[]},{"id":13124,"url":"https:\/\/www.jornalja.com.br\/arquivo\/sangue-latino-no-iecine\/","url_meta":{"origin":55177,"position":1},"title":"Sangue latino no IECINE","author":"da Reda\u00e7\u00e3o","date":"18 de maio de 2014","format":false,"excerpt":"Francisco Ribeiro O Instituto Estadual de Cinema (IECINE) tem a frente, desde abril \u00faltimo, um novo diretor, o cineasta colombiano Juan Zapata, 36, que substitui Luiz Alberto Cassol. Radicado h\u00e1 dez anos em Porto Alegre, Zapata tem diante de si o desafio de conduzir at\u00e9 o final do ano um\u2026","rel":"","context":"Em &quot;Cultura-Geral&quot;","block_context":{"text":"Cultura-Geral","link":"https:\/\/www.jornalja.com.br\/arquivo\/category\/materiasecundaria\/"},"img":{"alt_text":"","src":"","width":0,"height":0},"classes":[]},{"id":13128,"url":"https:\/\/www.jornalja.com.br\/arquivo\/maconha-terra-diz-que-uso-medicinal-e-desculpa\/","url_meta":{"origin":55177,"position":2},"title":"Maconha: Terra diz que uso medicinal \u00e9 desculpa","author":"Patr\u00edcia Marini","date":"4 de junho de 2014","format":false,"excerpt":"A condi\u00e7\u00e3o de pol\u00edtico, em \u00e9poca de campanha de campanha eleitoral, tira for\u00e7a do discurso do m\u00e9dico Osmar Terra contra a legaliza\u00e7\u00e3o da maconha. A tese dele de que a libera\u00e7\u00e3o vai ampliar exponencialmente o consumo \u00e9 discutivel, o consumo \u00e9 corrente. Mas seus alertas quanto aos riscos tem que\u2026","rel":"","context":"Em &quot;X.Categorias velhas&quot;","block_context":{"text":"X.Categorias velhas","link":"https:\/\/www.jornalja.com.br\/arquivo\/category\/x-categorias-velhas\/"},"img":{"alt_text":"","src":"","width":0,"height":0},"classes":[]},{"id":13101,"url":"https:\/\/www.jornalja.com.br\/arquivo\/morre-um-guerreiro-do-texto\/","url_meta":{"origin":55177,"position":3},"title":"Morre um guerreiro do texto","author":"Patr\u00edcia Marini","date":"14 de maio de 2014","format":false,"excerpt":"Por Ricardo Kotscho Reproduzido do blog do autor, 11\/5\/2014; t\u00edtulo original \u201cE l\u00e1 se foi o nosso Myltainho, guerreiro do texto\u201d. Mi\u00fado e franzino, meu amigo Myltainho era um valente e inconformado guerreiro na luta contra as injusti\u00e7as sociais, a hipocrisia, as maracutaias, o autoritarismo, a intoler\u00e2ncia, a viol\u00eancia, o\u2026","rel":"","context":"Em &quot;Geral&quot;","block_context":{"text":"Geral","link":"https:\/\/www.jornalja.com.br\/arquivo\/category\/geral\/"},"img":{"alt_text":"","src":"","width":0,"height":0},"classes":[]},{"id":5440,"url":"https:\/\/www.jornalja.com.br\/arquivo\/casarao-da-venancio-destino-permanece-incerto\/","url_meta":{"origin":55177,"position":4},"title":"Estado ainda n\u00e3o sabe o que fazer com casar\u00e3o abandonado h\u00e1 20 anos","author":"Elmar Bones","date":"6 de julho de 2009","format":false,"excerpt":"O casar\u00e3o amarelo, numa esquina nobre de Porto Alegre (Ven\u00e2ncio Aires com Jo\u00e3o Pessoa), j\u00e1 abrigou uma escola. H\u00e1 duas d\u00e9cadas, pelo menos, est\u00e1 abandonado, porque seu propriet\u00e1rio, o governo do Estado do Rio Grande do Sul, n\u00e3o consegue achar um destino para ele. Planos n\u00e3o faltaram. O governador Ol\u00edvio\u2026","rel":"","context":"Em &quot;X.Categorias velhas&quot;","block_context":{"text":"X.Categorias velhas","link":"https:\/\/www.jornalja.com.br\/arquivo\/category\/x-categorias-velhas\/"},"img":{"alt_text":"geraldo1","src":"https:\/\/i0.wp.com\/www.jornalja.com.br\/wp-content\/uploads\/2009\/07\/geraldo1.jpg?resize=350%2C200&ssl=1","width":350,"height":200},"classes":[]},{"id":14241,"url":"https:\/\/www.jornalja.com.br\/arquivo\/o-guaiba-nas-imagens-poeticas-de-achutti\/","url_meta":{"origin":55177,"position":5},"title":"O Gua\u00edba nas imagens po\u00e9ticas de Achutti","author":"da Reda\u00e7\u00e3o","date":"18 de junho de 2014","format":false,"excerpt":"Em \u201cO Gua\u00edba por Achutti\u201d \u2013 obra financiada via Minist\u00e9rio da Cultura, produ\u00e7\u00e3o executiva de Pedro Longhi, e Fl\u00e1vio Wild como designer \u2013, o fot\u00f3grafo revela a beleza e as mazelas de um espa\u00e7o aqu\u00e1tico de \u00e1guas sempre renovadas, cheio de hist\u00f3rias e lendas como as das cidades que foram\u2026","rel":"","context":"Em &quot;Cultura-Geral&quot;","block_context":{"text":"Cultura-Geral","link":"https:\/\/www.jornalja.com.br\/arquivo\/category\/materiasecundaria\/"},"img":{"alt_text":"","src":"","width":0,"height":0},"classes":[]}],"jetpack_shortlink":"https:\/\/wp.me\/pbQjBd-elX","jetpack_featured_media_url":"","_links":{"self":[{"href":"https:\/\/www.jornalja.com.br\/arquivo\/wp-json\/wp\/v2\/posts\/55177","targetHints":{"allow":["GET"]}}],"collection":[{"href":"https:\/\/www.jornalja.com.br\/arquivo\/wp-json\/wp\/v2\/posts"}],"about":[{"href":"https:\/\/www.jornalja.com.br\/arquivo\/wp-json\/wp\/v2\/types\/post"}],"author":[{"embeddable":true,"href":"https:\/\/www.jornalja.com.br\/arquivo\/wp-json\/wp\/v2\/users\/4"}],"replies":[{"embeddable":true,"href":"https:\/\/www.jornalja.com.br\/arquivo\/wp-json\/wp\/v2\/comments?post=55177"}],"version-history":[{"count":0,"href":"https:\/\/www.jornalja.com.br\/arquivo\/wp-json\/wp\/v2\/posts\/55177\/revisions"}],"wp:attachment":[{"href":"https:\/\/www.jornalja.com.br\/arquivo\/wp-json\/wp\/v2\/media?parent=55177"}],"wp:term":[{"taxonomy":"category","embeddable":true,"href":"https:\/\/www.jornalja.com.br\/arquivo\/wp-json\/wp\/v2\/categories?post=55177"},{"taxonomy":"post_tag","embeddable":true,"href":"https:\/\/www.jornalja.com.br\/arquivo\/wp-json\/wp\/v2\/tags?post=55177"}],"curies":[{"name":"wp","href":"https:\/\/api.w.org\/{rel}","templated":true}]}}