{"id":55219,"date":"2017-09-18T07:43:04","date_gmt":"2017-09-18T10:43:04","guid":{"rendered":"https:\/\/www.jornalja.com.br\/?p=55219"},"modified":"2017-09-18T07:43:04","modified_gmt":"2017-09-18T10:43:04","slug":"rio-grande-do-sul-perdeu-30-mil-servidores-na-educacao-saude-e-seguranca","status":"publish","type":"post","link":"https:\/\/www.jornalja.com.br\/arquivo\/rio-grande-do-sul-perdeu-30-mil-servidores-na-educacao-saude-e-seguranca\/","title":{"rendered":"Rio Grande do Sul perdeu 30 mil servidores na educa\u00e7\u00e3o, sa\u00fade e seguran\u00e7a"},"content":{"rendered":"<p>A constata\u00e7\u00e3o \u00e9 de dois economistas, R\u00f3ber Iturriet \u00c1vila, da Universidade Federal do Rio Grande do Sul (UFRGS), e Jo\u00e3o Santos Concei\u00e7\u00e3o, da Funda\u00e7\u00e3o Estadual de Estat\u00edstica (FEE).<br \/>\nEles analisaram dados oficiais da Secretaria da Fazenda de 1991 a 2016 e conclu\u00edram que o quadro de funcion\u00e1rios do setor p\u00fablico estadual no Rio Grande do Sul encolheu 15% nesses 25 anos.<br \/>\nMais grave: mais da metade saiu nos dois anos do governo Sartori, entre janeiro de 2015 e dezembro do ano passado.<br \/>\nOutro agravante: as \u00e1reas que mais perderam gente s\u00e3o as que prestam os servi\u00e7os essenciais \u00e0 popula\u00e7\u00e3o: educa\u00e7\u00e3o, sa\u00fade e seguran\u00e7a. Nessas tr\u00eas \u00e1reas sa\u00edram, sem ser repostos, 30.122 servidores, quase a metade por exonera\u00e7\u00e3o.<br \/>\nNesse mesmo per\u00edodo a popula\u00e7\u00e3o do Estado cresceu 23,5%.<br \/>\nE a tend\u00eancia de diminui\u00e7\u00e3o se mant\u00e9m. Dados divulgados at\u00e9 julho, referentes apenas ao Poder Executivo apontam para uma redu\u00e7\u00e3o de mais 4,3 mil servidores nos primeiros seis meses de 2017.<br \/>\nOs dados dispon\u00edveis, de 2002 at\u00e9 julho de 2017, mostram que nestes 15 anos, o quadro do Poder Executivo perdeu 34.705 funcion\u00e1rios.<br \/>\n&#8212;&#8212;&#8212;&#8212;&#8212;&#8212;&#8212;&#8212;&#8212;&#8212;&#8212;&#8212;&#8212;&#8212;&#8212;&#8212;&#8212;&#8212;&#8212;&#8212;&#8212;&#8212;&#8212;&#8212;&#8212;&#8212;&#8212;&#8212;-<br \/>\nPODER EXECUTIVO* \u00a0(N\u00famero de funcion\u00e1rios)<br \/>\n2002\u00a0\u00a0 \u00a0\u00a0\u00a0\u00a0162.667<br \/>\n2016 \u00a0 \u00a0 \u00a0 132.969<br \/>\n2017**\u00a0\u00a0\u00a0 128.662<br \/>\n<strong>Saldo\u00a0\u00a0\u00a0\u00a0\u00a0 (- 34.705)<\/strong><br \/>\n**Dados at\u00e9 julho<br \/>\n*O executivo representa 85% do total de funcion\u00e1rios do poder p\u00fablico estadual<br \/>\n&#8212;&#8212;&#8212;&#8212;&#8212;&#8212;&#8212;&#8212;&#8212;&#8212;&#8212;&#8212;&#8212;&#8212;&#8212;&#8212;&#8212;&#8212;&#8212;&#8212;&#8212;&#8212;&#8212;&#8212;&#8212;&#8212;&#8212;&#8212;&#8211;<br \/>\nPOR CATEGORIA\u00a0\u00a0\u00a0\u00a0\u00a0\u00a0\u00a0 2002\u00a0\u00a0\u00a0\u00a0\u00a0\u00a0\u00a0\u00a0\u00a0\u00a0\u00a0 2016<br \/>\nEduca\u00e7\u00e3o\u00a0\u00a0\u00a0\u00a0\u00a0\u00a0 \u00a0\u00a0\u00a0\u00a0\u00a0\u00a0\u00a0\u00a0\u00a0\u00a0\u00a0\u00a0111.484 \u00a0 \u00a0 \u00a0 \u00a0 \u00a088.895 (-20,3%)<br \/>\nSa\u00fade \u00a0 \u00a0 \u00a0 \u00a0 \u00a0 \u00a0 \u00a0 \u00a0 \u00a0 \u00a0 \u00a0 \u00a0 \u00a0 \u00a06.394 \u00a0 \u00a0 \u00a0 \u00a0 \u00a0 \u00a04.038 (-36,9%)<br \/>\nBrigada Militar\u00a0\u00a0 \u00a0\u00a0\u00a0\u00a0\u00a0\u00a0\u00a0\u00a0\u00a0\u00a025.397 \u00a0 \u00a0 \u00a0 \u00a0 \u00a0 20.551 (-19%)<br \/>\nPol\u00edcia Civil \u00a0 \u00a0 \u00a0 \u00a0 \u00a0 \u00a0 \u00a0 \u00a0 \u00a0 \u00a05.835 \u00a0 \u00a0 \u00a0 \u00a0 \u00a0 \u00a05.504\u00a0 (-6,4%)<br \/>\nTOTAL \u00a0 \u00a0 \u00a0 \u00a0 \u00a0 \u00a0 \u00a0 \u00a0 \u00a0 \u00a0 \u00a0 \u00a0149.650 \u00a0 \u00a0 \u00a0 \u00a0 \u00a0119.319<br \/>\n&#8212;&#8212;&#8212;&#8212;&#8212;&#8212;&#8212;&#8212;&#8212;&#8212;&#8212;&#8212;&#8212;&#8212;&#8212;&#8212;&#8212;&#8212;&#8212;&#8212;&#8212;&#8212;&#8212;&#8212;&#8212;&#8212;&#8212;&#8212;&#8211;<br \/>\nA diminui\u00e7\u00e3o de 27.902 servidores no conjunto do setor p\u00fablico, no per\u00edodo estudado, \u00e9 menor do que a redu\u00e7\u00e3o verificada na Educa\u00e7\u00e3o, Sa\u00fade e Seguran\u00e7a porque em outras \u00e1reas do governo houve aumento de pessoal: o Judici\u00e1rio, por exemplo, cresceu 19%. O minist\u00e9rio p\u00fablico mais ainda, 83%.<br \/>\nComo s\u00e3o categorias com n\u00fameros menores, o impacto no conjunto \u00e9 menor. O Judici\u00e1rio tem menos de 10 mil servidores, o Minist\u00e9rio P\u00fablico cerca de 3 mil. Mas t\u00eam as m\u00e9dias salariais mais altas.<br \/>\n&#8212;&#8212;&#8212;&#8212;&#8212;&#8212;&#8212;&#8212;&#8212;&#8212;&#8212;&#8212;&#8212;&#8212;&#8212;&#8212;&#8212;&#8212;&#8212;&#8212;&#8212;&#8212;&#8212;&#8212;&#8212;&#8212;&#8212;&#8212;-<br \/>\nQUADRO GERAL \u00a0 \u00a0 \u00a0 \u00a02002 \u00a0 \u00a0 \u00a0 \u00a0 \u00a0 \u00a0 \u00a02016<br \/>\nExecutivo \u00a0 \u00a0 \u00a0 \u00a0 \u00a0 \u00a0 \u00a0 \u00a0 \u00a0 \u00a0 162.667\u00a0\u00a0\u00a0\u00a0\u00a0\u00a0\u00a0\u00a0 132.969 (-18,3%)<br \/>\nJudici\u00e1rio \u00a0 \u00a0 \u00a0 \u00a0 \u00a0 \u00a0 \u00a0 \u00a0 \u00a0 \u00a0 \u00a0 \u00a0 7.685\u00a0\u00a0\u00a0\u00a0\u00a0\u00a0\u00a0\u00a0\u00a0\u00a0\u00a0 9.179 \u00a0(+19,4%)<br \/>\nMP \u00a0 \u00a0 \u00a0 \u00a0 \u00a0 \u00a0 \u00a0 \u00a0 \u00a0 \u00a0 \u00a0 \u00a0 \u00a0 \u00a0 \u00a0 \u00a0 \u00a0 1.627 \u00a0 \u00a0 \u00a0 \u00a0 \u00a0 \u00a02.980 (+83,4%)<br \/>\nLegislativo \u00a0 \u00a0 \u00a0 \u00a0 \u00a0 \u00a0 \u00a0 \u00a0 \u00a0 \u00a0 \u00a0 \u00a02.269\u00a0\u00a0\u00a0\u00a0\u00a0\u00a0\u00a0\u00a0\u00a0\u00a0 2.435\u00a0 (+7,3%)<br \/>\nIndireta \u00a0 \u00a0 \u00a0 \u00a0 \u00a0 \u00a0 \u00a0 \u00a0 \u00a0 \u00a0 \u00a0 \u00a0 \u00a0 \u00a0 9.514\u00a0\u00a0\u00a0\u00a0\u00a0\u00a0\u00a0\u00a0\u00a0\u00a0 9.089\u00a0 (-4,5%)<br \/>\n&#8212;&#8212;&#8212;&#8212;&#8212;&#8212;&#8212;&#8212;&#8212;&#8212;&#8212;&#8212;&#8212;&#8212;&#8212;&#8212;&#8212;&#8212;&#8212;&#8212;&#8212;&#8212;&#8212;&#8212;&#8212;&#8212;&#8212;&#8212;&#8211;<br \/>\nPara os autores \u201ca diminui\u00e7\u00e3o no contingente de servidores possui rela\u00e7\u00e3o com o desalento monet\u00e1rio, uma vez que h\u00e1 maior sa\u00edda do servi\u00e7o p\u00fablico nas \u00e1reas com menores sal\u00e1rios\u201d.<br \/>\nOutro dado relevante: as perdas maiores se deram nas \u00e1reas do poder executivo, exatamente as categorias que est\u00e3o submetidas aos parcelamentos de sal\u00e1rios.<br \/>\n\u201cEssas mudan\u00e7as ocorrem no momento em que h\u00e1 uma crise nas finan\u00e7as p\u00fablicas e sinaliza uma poss\u00edvel piora dos servi\u00e7os p\u00fablicos devido \u00e0 redu\u00e7\u00e3o de servidores nas respectivas \u00e1reas\u201d, dizem os autores.<br \/>\nOs dados de dezembro de 2016 apontam que 84,9% de todos os servidores p\u00fablicos ativos est\u00e3o alocados no Poder Executivo (administra\u00e7\u00e3o direta).<br \/>\nA Secretaria da Educa\u00e7\u00e3o foi a que mais reduziu o n\u00famero de v\u00ednculos ativos em termos absolutos, tendo sa\u00eddo de 111.484 para 88.895 (-20,3%) entre 2002 e 2016.<br \/>\nE em julho deste ano estava com 85.203 servidores ativos, mais de tr\u00eas mil a menos em seis meses.<br \/>\nNa Brigada Militar, houve tamb\u00e9m uma varia\u00e7\u00e3o expressiva no n\u00famero de v\u00ednculos ativos, que saiu de 25.397, em 1991, para 20.551 (-19,1%) em 2006.<br \/>\nNo \u00faltimo levantamento, de julho de 2017, eram 20.108 brigadianos.<br \/>\nNa Secretaria da Sa\u00fade, a queda foi de 37%, passando de 6.394 servidores em 2002 para 4.038 em 2016. Em julho deste ano eram 3.894 servidores.<br \/>\n\u201c\u00c9 not\u00e1vel, registram os autores, a redu\u00e7\u00e3o ocorrida a partir de janeiro de 2015, quando foram adotadas algumas pol\u00edticas de cortes de benef\u00edcios e parcelamentos de sal\u00e1rios\u201d.<br \/>\nForam 16.021 servidores a menos entre janeiro de 2015 e dezembro de 2016, mais da metade\u00a0 da diminui\u00e7\u00e3o ocorrida nas tr\u00eas \u00e1reas \u2013 Educa\u00e7\u00e3o, Sa\u00fade, Seguran\u00e7a &#8211; desde 2002.<br \/>\n\u201cAs nomea\u00e7\u00f5es n\u00e3o foram suficientes para repor o quadro, sinalizando uma redu\u00e7\u00e3o dos servi\u00e7os p\u00fablicos\u201d, diz o estudo:\u00a0Servidores \u00a0p\u00fablicos ativos e inativos do Estado do Rio Grande do Sul, de 1991 a 2016: elementos \u00a0para o debate.<br \/>\n<span class=\"intertit\">N\u00famero de inativos \u00e9 maior<\/span><br \/>\nEm dezembro de 1991, eram 76.405 servidores inativos, em dezembro de 2016, j\u00e1 eram 162.684, ou seja, houve um crescimento de 112,9%.<br \/>\nA partir de agosto de 2016, o n\u00famero de servidores p\u00fablicos inativos do Estado do Rio Grande do Sul passou a ser maior do que o de servidores p\u00fablicos em atividade.<br \/>\nEm dezembro de 1991, os ativos eram 59,7%, os inativos representavam 24,7%, e os pensionistas, 15,6%.<br \/>\nO percentual de v\u00ednculos de ativos baixou para 42,8% em dezembro de 2016, enquanto o dos inativos passou a 44,5%, e o dos pensionistas, a 12,7% no mesmo per\u00edodo. Ressalta-se que, apesar de o n\u00famero absoluto de pensionistas ser declinante, esses representam 29,7% do total de servidores do Estado do Rio Grande do Sul, em dezembro de 2016.<br \/>\n\u201cSaliente-se tamb\u00e9m que, nas categorias que n\u00e3o s\u00e3o t\u00e3o afetadas pelos efeitos da crise financeira do Estado do Rio Grande do Sul, n\u00e3o houve diminui\u00e7\u00e3o significativa\u201d.<\/p>\n","protected":false},"excerpt":{"rendered":"<p>A constata\u00e7\u00e3o \u00e9 de dois economistas, R\u00f3ber Iturriet \u00c1vila, da Universidade Federal do Rio Grande do Sul (UFRGS), e Jo\u00e3o Santos Concei\u00e7\u00e3o, da Funda\u00e7\u00e3o Estadual de Estat\u00edstica (FEE). Eles analisaram dados oficiais da Secretaria da Fazenda de 1991 a 2016 e conclu\u00edram que o quadro de funcion\u00e1rios do setor p\u00fablico estadual no Rio Grande do [&hellip;]<\/p>\n","protected":false},"author":4,"featured_media":55221,"comment_status":"open","ping_status":"closed","sticky":false,"template":"","format":"standard","meta":{"_jetpack_newsletter_access":"","_jetpack_dont_email_post_to_subs":false,"_jetpack_newsletter_tier_id":0,"_jetpack_memberships_contains_paywalled_content":false,"_jetpack_feature_clip_id":0,"_jetpack_memberships_contains_paid_content":false,"footnotes":"","jetpack_post_was_ever_published":false},"categories":[26],"tags":[],"class_list":["post-55219","post","type-post","status-publish","format-standard","has-post-thumbnail","hentry","category-geral"],"aioseo_notices":[],"aioseo_head":"\n\t\t<!-- All in One SEO 5.0.1.1 - aioseo.com -->\n\t<meta name=\"robots\" content=\"max-image-preview:large\" \/>\n\t<meta name=\"author\" content=\"da Reda\u00e7\u00e3o\"\/>\n\t<link rel=\"canonical\" href=\"https:\/\/www.jornalja.com.br\/arquivo\/rio-grande-do-sul-perdeu-30-mil-servidores-na-educacao-saude-e-seguranca\/\" \/>\n\t<meta name=\"generator\" content=\"All in One SEO (AIOSEO) 5.0.1.1\" \/>\n\t\t<meta property=\"og:locale\" content=\"pt_BR\" \/>\n\t\t<meta property=\"og:site_name\" content=\"Arquivo | Jornal J\u00c1 | Porto Alegre\" \/>\n\t\t<meta property=\"og:type\" content=\"article\" \/>\n\t\t<meta property=\"og:title\" content=\"Rio Grande do Sul perdeu 30 mil servidores na educa\u00e7\u00e3o, sa\u00fade e seguran\u00e7a | Arquivo\" \/>\n\t\t<meta property=\"og:url\" content=\"https:\/\/www.jornalja.com.br\/arquivo\/rio-grande-do-sul-perdeu-30-mil-servidores-na-educacao-saude-e-seguranca\/\" \/>\n\t\t<meta property=\"og:image\" content=\"https:\/\/www.jornalja.com.br\/economics\/wp-content\/uploads\/sites\/11\/2026\/08\/ja-folhaderosto-facebook.jpg\" \/>\n\t\t<meta property=\"og:image:secure_url\" content=\"https:\/\/www.jornalja.com.br\/economics\/wp-content\/uploads\/sites\/11\/2026\/08\/ja-folhaderosto-facebook.jpg\" \/>\n\t\t<meta property=\"article:published_time\" content=\"2017-09-18T10:43:04+00:00\" \/>\n\t\t<meta property=\"article:modified_time\" content=\"2017-09-18T10:43:04+00:00\" \/>\n\t\t<meta name=\"twitter:card\" content=\"summary\" \/>\n\t\t<meta name=\"twitter:title\" content=\"Rio Grande do Sul perdeu 30 mil servidores na educa\u00e7\u00e3o, sa\u00fade e seguran\u00e7a | Arquivo\" \/>\n\t\t<meta name=\"twitter:image\" content=\"https:\/\/www.jornalja.com.br\/economics\/wp-content\/uploads\/sites\/11\/2026\/08\/ja-folhaderosto-facebook.jpg\" \/>\n\t\t<script type=\"application\/ld+json\" class=\"aioseo-schema\">\n\t\t\t{\"@context\":\"https:\\\/\\\/schema.org\",\"@graph\":[{\"@type\":\"BlogPosting\",\"@id\":\"https:\\\/\\\/www.jornalja.com.br\\\/arquivo\\\/rio-grande-do-sul-perdeu-30-mil-servidores-na-educacao-saude-e-seguranca\\\/#blogposting\",\"name\":\"Rio Grande do Sul perdeu 30 mil servidores na educa\\u00e7\\u00e3o, sa\\u00fade e seguran\\u00e7a | Arquivo\",\"headline\":\"Rio Grande do Sul perdeu 30 mil servidores na educa\\u00e7\\u00e3o, sa\\u00fade e seguran\\u00e7a\",\"author\":{\"@id\":\"https:\\\/\\\/www.jornalja.com.br\\\/arquivo\\\/author\\\/daredacao\\\/#author\"},\"publisher\":{\"@id\":\"https:\\\/\\\/www.jornalja.com.br\\\/arquivo\\\/#organization\"},\"image\":{\"@type\":\"ImageObject\",\"url\":55221},\"datePublished\":\"2017-09-18T07:43:04-03:00\",\"dateModified\":\"2017-09-18T07:43:04-03:00\",\"inLanguage\":\"pt-BR\",\"mainEntityOfPage\":{\"@id\":\"https:\\\/\\\/www.jornalja.com.br\\\/arquivo\\\/rio-grande-do-sul-perdeu-30-mil-servidores-na-educacao-saude-e-seguranca\\\/#webpage\"},\"isPartOf\":{\"@id\":\"https:\\\/\\\/www.jornalja.com.br\\\/arquivo\\\/rio-grande-do-sul-perdeu-30-mil-servidores-na-educacao-saude-e-seguranca\\\/#webpage\"},\"articleSection\":\"Geral\"},{\"@type\":\"BreadcrumbList\",\"@id\":\"https:\\\/\\\/www.jornalja.com.br\\\/arquivo\\\/rio-grande-do-sul-perdeu-30-mil-servidores-na-educacao-saude-e-seguranca\\\/#breadcrumblist\",\"itemListElement\":[{\"@type\":\"ListItem\",\"@id\":\"https:\\\/\\\/www.jornalja.com.br\\\/arquivo#listItem\",\"position\":1,\"name\":\"Home\",\"item\":\"https:\\\/\\\/www.jornalja.com.br\\\/arquivo\",\"nextItem\":{\"@type\":\"ListItem\",\"@id\":\"https:\\\/\\\/www.jornalja.com.br\\\/arquivo\\\/category\\\/geral\\\/#listItem\",\"name\":\"Geral\"}},{\"@type\":\"ListItem\",\"@id\":\"https:\\\/\\\/www.jornalja.com.br\\\/arquivo\\\/category\\\/geral\\\/#listItem\",\"position\":2,\"name\":\"Geral\",\"item\":\"https:\\\/\\\/www.jornalja.com.br\\\/arquivo\\\/category\\\/geral\\\/\",\"nextItem\":{\"@type\":\"ListItem\",\"@id\":\"https:\\\/\\\/www.jornalja.com.br\\\/arquivo\\\/rio-grande-do-sul-perdeu-30-mil-servidores-na-educacao-saude-e-seguranca\\\/#listItem\",\"name\":\"Rio Grande do Sul perdeu 30 mil servidores na educa\\u00e7\\u00e3o, sa\\u00fade e seguran\\u00e7a\"},\"previousItem\":{\"@type\":\"ListItem\",\"@id\":\"https:\\\/\\\/www.jornalja.com.br\\\/arquivo#listItem\",\"name\":\"Home\"}},{\"@type\":\"ListItem\",\"@id\":\"https:\\\/\\\/www.jornalja.com.br\\\/arquivo\\\/rio-grande-do-sul-perdeu-30-mil-servidores-na-educacao-saude-e-seguranca\\\/#listItem\",\"position\":3,\"name\":\"Rio Grande do Sul perdeu 30 mil servidores na educa\\u00e7\\u00e3o, sa\\u00fade e seguran\\u00e7a\",\"previousItem\":{\"@type\":\"ListItem\",\"@id\":\"https:\\\/\\\/www.jornalja.com.br\\\/arquivo\\\/category\\\/geral\\\/#listItem\",\"name\":\"Geral\"}}]},{\"@type\":\"Organization\",\"@id\":\"https:\\\/\\\/www.jornalja.com.br\\\/arquivo\\\/#organization\",\"name\":\"Jornal J\\u00c1\",\"description\":\"Jornal J\\u00c1 | Porto Alegre\",\"url\":\"https:\\\/\\\/www.jornalja.com.br\\\/arquivo\\\/\",\"telephone\":\"+555133307272\",\"logo\":{\"@type\":\"ImageObject\",\"url\":\"https:\\\/\\\/www.jornalja.com.br\\\/wp-content\\\/uploads\\\/cards\\\/JAslogan.png\",\"@id\":\"https:\\\/\\\/www.jornalja.com.br\\\/arquivo\\\/rio-grande-do-sul-perdeu-30-mil-servidores-na-educacao-saude-e-seguranca\\\/#organizationLogo\"},\"image\":{\"@id\":\"https:\\\/\\\/www.jornalja.com.br\\\/arquivo\\\/rio-grande-do-sul-perdeu-30-mil-servidores-na-educacao-saude-e-seguranca\\\/#organizationLogo\"}},{\"@type\":\"Person\",\"@id\":\"https:\\\/\\\/www.jornalja.com.br\\\/arquivo\\\/author\\\/daredacao\\\/#author\",\"url\":\"https:\\\/\\\/www.jornalja.com.br\\\/arquivo\\\/author\\\/daredacao\\\/\",\"name\":\"da Reda\\u00e7\\u00e3o\",\"image\":{\"@type\":\"ImageObject\",\"@id\":\"https:\\\/\\\/www.jornalja.com.br\\\/arquivo\\\/rio-grande-do-sul-perdeu-30-mil-servidores-na-educacao-saude-e-seguranca\\\/#authorImage\",\"url\":\"https:\\\/\\\/secure.gravatar.com\\\/avatar\\\/469fd857d6605ad19919d27ed29d35a968a25f6e8fd9318356bbb7f57aae9c65?s=96&d=mm&r=g\",\"width\":96,\"height\":96,\"caption\":\"da Reda\\u00e7\\u00e3o\"}},{\"@type\":\"WebPage\",\"@id\":\"https:\\\/\\\/www.jornalja.com.br\\\/arquivo\\\/rio-grande-do-sul-perdeu-30-mil-servidores-na-educacao-saude-e-seguranca\\\/#webpage\",\"url\":\"https:\\\/\\\/www.jornalja.com.br\\\/arquivo\\\/rio-grande-do-sul-perdeu-30-mil-servidores-na-educacao-saude-e-seguranca\\\/\",\"name\":\"Rio Grande do Sul perdeu 30 mil servidores na educa\\u00e7\\u00e3o, sa\\u00fade e seguran\\u00e7a | Arquivo\",\"inLanguage\":\"pt-BR\",\"isPartOf\":{\"@id\":\"https:\\\/\\\/www.jornalja.com.br\\\/arquivo\\\/#website\"},\"breadcrumb\":{\"@id\":\"https:\\\/\\\/www.jornalja.com.br\\\/arquivo\\\/rio-grande-do-sul-perdeu-30-mil-servidores-na-educacao-saude-e-seguranca\\\/#breadcrumblist\"},\"author\":{\"@id\":\"https:\\\/\\\/www.jornalja.com.br\\\/arquivo\\\/author\\\/daredacao\\\/#author\"},\"creator\":{\"@id\":\"https:\\\/\\\/www.jornalja.com.br\\\/arquivo\\\/author\\\/daredacao\\\/#author\"},\"image\":{\"@type\":\"ImageObject\",\"url\":55221,\"@id\":\"https:\\\/\\\/www.jornalja.com.br\\\/arquivo\\\/rio-grande-do-sul-perdeu-30-mil-servidores-na-educacao-saude-e-seguranca\\\/#mainImage\"},\"primaryImageOfPage\":{\"@id\":\"https:\\\/\\\/www.jornalja.com.br\\\/arquivo\\\/rio-grande-do-sul-perdeu-30-mil-servidores-na-educacao-saude-e-seguranca\\\/#mainImage\"},\"datePublished\":\"2017-09-18T07:43:04-03:00\",\"dateModified\":\"2017-09-18T07:43:04-03:00\"},{\"@type\":\"WebSite\",\"@id\":\"https:\\\/\\\/www.jornalja.com.br\\\/arquivo\\\/#website\",\"url\":\"https:\\\/\\\/www.jornalja.com.br\\\/arquivo\\\/\",\"name\":\"Arquivo\",\"description\":\"Jornal J\\u00c1 | Porto Alegre\",\"inLanguage\":\"pt-BR\",\"publisher\":{\"@id\":\"https:\\\/\\\/www.jornalja.com.br\\\/arquivo\\\/#organization\"}}]}\n\t\t<\/script>\n\t\t<!-- All in One SEO -->\n\n","aioseo_head_json":{"title":"Rio Grande do Sul perdeu 30 mil servidores na educa\u00e7\u00e3o, sa\u00fade e seguran\u00e7a | Arquivo","description":"","canonical_url":"https:\/\/www.jornalja.com.br\/arquivo\/rio-grande-do-sul-perdeu-30-mil-servidores-na-educacao-saude-e-seguranca\/","robots":"max-image-preview:large","keywords":"","webmasterTools":{"miscellaneous":""},"schema":{"@context":"https:\/\/schema.org","@graph":[{"@type":"BlogPosting","@id":"https:\/\/www.jornalja.com.br\/arquivo\/rio-grande-do-sul-perdeu-30-mil-servidores-na-educacao-saude-e-seguranca\/#blogposting","name":"Rio Grande do Sul perdeu 30 mil servidores na educa\u00e7\u00e3o, sa\u00fade e seguran\u00e7a | Arquivo","headline":"Rio Grande do Sul perdeu 30 mil servidores na educa\u00e7\u00e3o, sa\u00fade e seguran\u00e7a","author":{"@id":"https:\/\/www.jornalja.com.br\/arquivo\/author\/daredacao\/#author"},"publisher":{"@id":"https:\/\/www.jornalja.com.br\/arquivo\/#organization"},"image":{"@type":"ImageObject","url":55221},"datePublished":"2017-09-18T07:43:04-03:00","dateModified":"2017-09-18T07:43:04-03:00","inLanguage":"pt-BR","mainEntityOfPage":{"@id":"https:\/\/www.jornalja.com.br\/arquivo\/rio-grande-do-sul-perdeu-30-mil-servidores-na-educacao-saude-e-seguranca\/#webpage"},"isPartOf":{"@id":"https:\/\/www.jornalja.com.br\/arquivo\/rio-grande-do-sul-perdeu-30-mil-servidores-na-educacao-saude-e-seguranca\/#webpage"},"articleSection":"Geral"},{"@type":"BreadcrumbList","@id":"https:\/\/www.jornalja.com.br\/arquivo\/rio-grande-do-sul-perdeu-30-mil-servidores-na-educacao-saude-e-seguranca\/#breadcrumblist","itemListElement":[{"@type":"ListItem","@id":"https:\/\/www.jornalja.com.br\/arquivo#listItem","position":1,"name":"Home","item":"https:\/\/www.jornalja.com.br\/arquivo","nextItem":{"@type":"ListItem","@id":"https:\/\/www.jornalja.com.br\/arquivo\/category\/geral\/#listItem","name":"Geral"}},{"@type":"ListItem","@id":"https:\/\/www.jornalja.com.br\/arquivo\/category\/geral\/#listItem","position":2,"name":"Geral","item":"https:\/\/www.jornalja.com.br\/arquivo\/category\/geral\/","nextItem":{"@type":"ListItem","@id":"https:\/\/www.jornalja.com.br\/arquivo\/rio-grande-do-sul-perdeu-30-mil-servidores-na-educacao-saude-e-seguranca\/#listItem","name":"Rio Grande do Sul perdeu 30 mil servidores na educa\u00e7\u00e3o, sa\u00fade e seguran\u00e7a"},"previousItem":{"@type":"ListItem","@id":"https:\/\/www.jornalja.com.br\/arquivo#listItem","name":"Home"}},{"@type":"ListItem","@id":"https:\/\/www.jornalja.com.br\/arquivo\/rio-grande-do-sul-perdeu-30-mil-servidores-na-educacao-saude-e-seguranca\/#listItem","position":3,"name":"Rio Grande do Sul perdeu 30 mil servidores na educa\u00e7\u00e3o, sa\u00fade e seguran\u00e7a","previousItem":{"@type":"ListItem","@id":"https:\/\/www.jornalja.com.br\/arquivo\/category\/geral\/#listItem","name":"Geral"}}]},{"@type":"Organization","@id":"https:\/\/www.jornalja.com.br\/arquivo\/#organization","name":"Jornal J\u00c1","description":"Jornal J\u00c1 | Porto Alegre","url":"https:\/\/www.jornalja.com.br\/arquivo\/","telephone":"+555133307272","logo":{"@type":"ImageObject","url":"https:\/\/www.jornalja.com.br\/wp-content\/uploads\/cards\/JAslogan.png","@id":"https:\/\/www.jornalja.com.br\/arquivo\/rio-grande-do-sul-perdeu-30-mil-servidores-na-educacao-saude-e-seguranca\/#organizationLogo"},"image":{"@id":"https:\/\/www.jornalja.com.br\/arquivo\/rio-grande-do-sul-perdeu-30-mil-servidores-na-educacao-saude-e-seguranca\/#organizationLogo"}},{"@type":"Person","@id":"https:\/\/www.jornalja.com.br\/arquivo\/author\/daredacao\/#author","url":"https:\/\/www.jornalja.com.br\/arquivo\/author\/daredacao\/","name":"da Reda\u00e7\u00e3o","image":{"@type":"ImageObject","@id":"https:\/\/www.jornalja.com.br\/arquivo\/rio-grande-do-sul-perdeu-30-mil-servidores-na-educacao-saude-e-seguranca\/#authorImage","url":"https:\/\/secure.gravatar.com\/avatar\/469fd857d6605ad19919d27ed29d35a968a25f6e8fd9318356bbb7f57aae9c65?s=96&d=mm&r=g","width":96,"height":96,"caption":"da Reda\u00e7\u00e3o"}},{"@type":"WebPage","@id":"https:\/\/www.jornalja.com.br\/arquivo\/rio-grande-do-sul-perdeu-30-mil-servidores-na-educacao-saude-e-seguranca\/#webpage","url":"https:\/\/www.jornalja.com.br\/arquivo\/rio-grande-do-sul-perdeu-30-mil-servidores-na-educacao-saude-e-seguranca\/","name":"Rio Grande do Sul perdeu 30 mil servidores na educa\u00e7\u00e3o, sa\u00fade e seguran\u00e7a | Arquivo","inLanguage":"pt-BR","isPartOf":{"@id":"https:\/\/www.jornalja.com.br\/arquivo\/#website"},"breadcrumb":{"@id":"https:\/\/www.jornalja.com.br\/arquivo\/rio-grande-do-sul-perdeu-30-mil-servidores-na-educacao-saude-e-seguranca\/#breadcrumblist"},"author":{"@id":"https:\/\/www.jornalja.com.br\/arquivo\/author\/daredacao\/#author"},"creator":{"@id":"https:\/\/www.jornalja.com.br\/arquivo\/author\/daredacao\/#author"},"image":{"@type":"ImageObject","url":55221,"@id":"https:\/\/www.jornalja.com.br\/arquivo\/rio-grande-do-sul-perdeu-30-mil-servidores-na-educacao-saude-e-seguranca\/#mainImage"},"primaryImageOfPage":{"@id":"https:\/\/www.jornalja.com.br\/arquivo\/rio-grande-do-sul-perdeu-30-mil-servidores-na-educacao-saude-e-seguranca\/#mainImage"},"datePublished":"2017-09-18T07:43:04-03:00","dateModified":"2017-09-18T07:43:04-03:00"},{"@type":"WebSite","@id":"https:\/\/www.jornalja.com.br\/arquivo\/#website","url":"https:\/\/www.jornalja.com.br\/arquivo\/","name":"Arquivo","description":"Jornal J\u00c1 | Porto Alegre","inLanguage":"pt-BR","publisher":{"@id":"https:\/\/www.jornalja.com.br\/arquivo\/#organization"}}]},"og:locale":"pt_BR","og:site_name":"Arquivo | Jornal J\u00c1 | Porto Alegre","og:type":"article","og:title":"Rio Grande do Sul perdeu 30 mil servidores na educa\u00e7\u00e3o, sa\u00fade e seguran\u00e7a | Arquivo","og:url":"https:\/\/www.jornalja.com.br\/arquivo\/rio-grande-do-sul-perdeu-30-mil-servidores-na-educacao-saude-e-seguranca\/","og:image":"https:\/\/www.jornalja.com.br\/economics\/wp-content\/uploads\/sites\/11\/2026\/08\/ja-folhaderosto-facebook.jpg","og:image:secure_url":"https:\/\/www.jornalja.com.br\/economics\/wp-content\/uploads\/sites\/11\/2026\/08\/ja-folhaderosto-facebook.jpg","article:published_time":"2017-09-18T10:43:04+00:00","article:modified_time":"2017-09-18T10:43:04+00:00","twitter:card":"summary","twitter:title":"Rio Grande do Sul perdeu 30 mil servidores na educa\u00e7\u00e3o, sa\u00fade e seguran\u00e7a | Arquivo","twitter:image":"https:\/\/www.jornalja.com.br\/economics\/wp-content\/uploads\/sites\/11\/2026\/08\/ja-folhaderosto-facebook.jpg"},"aioseo_meta_data":{"post_id":"55219","title":null,"description":null,"keywords":null,"keyphrases":null,"primary_term":null,"canonical_url":null,"og_title":null,"og_description":null,"og_object_type":"default","og_image_type":"default","og_image_url":null,"og_image_width":null,"og_image_height":null,"og_image_custom_url":null,"og_image_custom_fields":null,"og_video":null,"og_custom_url":null,"og_article_section":null,"og_article_tags":null,"twitter_use_og":false,"twitter_card":"default","twitter_image_type":"default","twitter_image_url":null,"twitter_image_custom_url":null,"twitter_image_custom_fields":null,"twitter_title":null,"twitter_description":null,"schema":{"blockGraphs":[],"customGraphs":[],"default":{"data":{"Article":[],"Course":[],"Dataset":[],"FAQPage":[],"Movie":[],"Person":[],"Product":[],"ProductReview":[],"Car":[],"Recipe":[],"Service":[],"SoftwareApplication":[],"WebPage":[]},"graphName":"","isEnabled":true},"graphs":[],"defaultGraph":"","defaultPostTypeGraph":""},"schema_type":null,"schema_type_options":null,"pillar_content":false,"robots_default":true,"robots_noindex":false,"robots_noarchive":false,"robots_nosnippet":false,"robots_nofollow":false,"robots_noimageindex":false,"robots_noodp":false,"robots_notranslate":false,"robots_max_snippet":null,"robots_max_videopreview":null,"robots_max_imagepreview":"large","priority":null,"frequency":null,"location":null,"local_seo":null,"breadcrumb_settings":null,"limit_modified_date":false,"ai":null,"created":"2020-12-20 20:25:01","updated":"2025-07-20 01:14:41","seo_analyzer_scan_date":null,"focus_keyword":null,"additional_keywords":null,"truseo_locale":null},"jetpack_sharing_enabled":true,"jetpack-related-posts":[{"id":14241,"url":"https:\/\/www.jornalja.com.br\/arquivo\/o-guaiba-nas-imagens-poeticas-de-achutti\/","url_meta":{"origin":55219,"position":0},"title":"O Gua\u00edba nas imagens po\u00e9ticas de Achutti","author":"da Reda\u00e7\u00e3o","date":"18 de junho de 2014","format":false,"excerpt":"Em \u201cO Gua\u00edba por Achutti\u201d \u2013 obra financiada via Minist\u00e9rio da Cultura, produ\u00e7\u00e3o executiva de Pedro Longhi, e Fl\u00e1vio Wild como designer \u2013, o fot\u00f3grafo revela a beleza e as mazelas de um espa\u00e7o aqu\u00e1tico de \u00e1guas sempre renovadas, cheio de hist\u00f3rias e lendas como as das cidades que foram\u2026","rel":"","context":"Em &quot;Cultura-Geral&quot;","block_context":{"text":"Cultura-Geral","link":"https:\/\/www.jornalja.com.br\/arquivo\/category\/materiasecundaria\/"},"img":{"alt_text":"","src":"","width":0,"height":0},"classes":[]},{"id":13124,"url":"https:\/\/www.jornalja.com.br\/arquivo\/sangue-latino-no-iecine\/","url_meta":{"origin":55219,"position":1},"title":"Sangue latino no IECINE","author":"da Reda\u00e7\u00e3o","date":"18 de maio de 2014","format":false,"excerpt":"Francisco Ribeiro O Instituto Estadual de Cinema (IECINE) tem a frente, desde abril \u00faltimo, um novo diretor, o cineasta colombiano Juan Zapata, 36, que substitui Luiz Alberto Cassol. Radicado h\u00e1 dez anos em Porto Alegre, Zapata tem diante de si o desafio de conduzir at\u00e9 o final do ano um\u2026","rel":"","context":"Em &quot;Cultura-Geral&quot;","block_context":{"text":"Cultura-Geral","link":"https:\/\/www.jornalja.com.br\/arquivo\/category\/materiasecundaria\/"},"img":{"alt_text":"","src":"","width":0,"height":0},"classes":[]},{"id":13109,"url":"https:\/\/www.jornalja.com.br\/arquivo\/judiciario-reconhece-poluicao-eletromagnetica\/","url_meta":{"origin":55219,"position":2},"title":"Judici\u00e1rio reconhece polui\u00e7\u00e3o eletromagn\u00e9tica","author":"Patr\u00edcia Marini","date":"16 de maio de 2014","format":false,"excerpt":"A\u00e7\u00e3o de duas associa\u00e7\u00f5es de moradores foi acolhida pelo Tribunal de Justi\u00e7a de S\u00e3o Paulo que. em decis\u00e3o in\u00e9dita, determinou a redu\u00e7\u00e3o do campo eletromagn\u00e9tico gerado pelas linhas de transmiss\u00e3o de energia que cortam os bairros City Boa\u00e7ava e Alto de Pinheiros. \u00c9 a primeira vez que um tribunal do\u2026","rel":"","context":"Em &quot;X.Categorias velhas&quot;","block_context":{"text":"X.Categorias velhas","link":"https:\/\/www.jornalja.com.br\/arquivo\/category\/x-categorias-velhas\/"},"img":{"alt_text":"","src":"","width":0,"height":0},"classes":[]},{"id":13128,"url":"https:\/\/www.jornalja.com.br\/arquivo\/maconha-terra-diz-que-uso-medicinal-e-desculpa\/","url_meta":{"origin":55219,"position":3},"title":"Maconha: Terra diz que uso medicinal \u00e9 desculpa","author":"Patr\u00edcia Marini","date":"4 de junho de 2014","format":false,"excerpt":"A condi\u00e7\u00e3o de pol\u00edtico, em \u00e9poca de campanha de campanha eleitoral, tira for\u00e7a do discurso do m\u00e9dico Osmar Terra contra a legaliza\u00e7\u00e3o da maconha. A tese dele de que a libera\u00e7\u00e3o vai ampliar exponencialmente o consumo \u00e9 discutivel, o consumo \u00e9 corrente. Mas seus alertas quanto aos riscos tem que\u2026","rel":"","context":"Em &quot;X.Categorias velhas&quot;","block_context":{"text":"X.Categorias velhas","link":"https:\/\/www.jornalja.com.br\/arquivo\/category\/x-categorias-velhas\/"},"img":{"alt_text":"","src":"","width":0,"height":0},"classes":[]},{"id":5440,"url":"https:\/\/www.jornalja.com.br\/arquivo\/casarao-da-venancio-destino-permanece-incerto\/","url_meta":{"origin":55219,"position":4},"title":"Estado ainda n\u00e3o sabe o que fazer com casar\u00e3o abandonado h\u00e1 20 anos","author":"Elmar Bones","date":"6 de julho de 2009","format":false,"excerpt":"O casar\u00e3o amarelo, numa esquina nobre de Porto Alegre (Ven\u00e2ncio Aires com Jo\u00e3o Pessoa), j\u00e1 abrigou uma escola. H\u00e1 duas d\u00e9cadas, pelo menos, est\u00e1 abandonado, porque seu propriet\u00e1rio, o governo do Estado do Rio Grande do Sul, n\u00e3o consegue achar um destino para ele. Planos n\u00e3o faltaram. O governador Ol\u00edvio\u2026","rel":"","context":"Em &quot;X.Categorias velhas&quot;","block_context":{"text":"X.Categorias velhas","link":"https:\/\/www.jornalja.com.br\/arquivo\/category\/x-categorias-velhas\/"},"img":{"alt_text":"geraldo1","src":"https:\/\/i0.wp.com\/www.jornalja.com.br\/wp-content\/uploads\/2009\/07\/geraldo1.jpg?resize=350%2C200&ssl=1","width":350,"height":200},"classes":[]},{"id":12960,"url":"https:\/\/www.jornalja.com.br\/arquivo\/populacao-culpa-empresas-pela-greve-dos-rodoviarios\/","url_meta":{"origin":55219,"position":5},"title":"Popula\u00e7\u00e3o culpa empresas pela greve","author":"Patr\u00edcia Marini","date":"14 de fevereiro de 2014","format":false,"excerpt":"Pesquisa divulgada na edi\u00e7\u00e3o do jornal Metro desta sexta-feira,14, comprova o velho ditado: \u00e9 poss\u00edvel enganar muitos por algum tempo, mas n\u00e3o \u00e9 poss\u00edvel enganar a todos o tempo inteiro. A principal revela\u00e7\u00e3o foi que 59,8% dos entrevistados apontaram as empresas como as principais respons\u00e1veis pela grave e 46% culparam\u2026","rel":"","context":"Em &quot;X.Categorias velhas&quot;","block_context":{"text":"X.Categorias velhas","link":"https:\/\/www.jornalja.com.br\/arquivo\/category\/x-categorias-velhas\/"},"img":{"alt_text":"","src":"","width":0,"height":0},"classes":[]}],"jetpack_shortlink":"https:\/\/wp.me\/pbQjBd-emD","jetpack_featured_media_url":"","_links":{"self":[{"href":"https:\/\/www.jornalja.com.br\/arquivo\/wp-json\/wp\/v2\/posts\/55219","targetHints":{"allow":["GET"]}}],"collection":[{"href":"https:\/\/www.jornalja.com.br\/arquivo\/wp-json\/wp\/v2\/posts"}],"about":[{"href":"https:\/\/www.jornalja.com.br\/arquivo\/wp-json\/wp\/v2\/types\/post"}],"author":[{"embeddable":true,"href":"https:\/\/www.jornalja.com.br\/arquivo\/wp-json\/wp\/v2\/users\/4"}],"replies":[{"embeddable":true,"href":"https:\/\/www.jornalja.com.br\/arquivo\/wp-json\/wp\/v2\/comments?post=55219"}],"version-history":[{"count":0,"href":"https:\/\/www.jornalja.com.br\/arquivo\/wp-json\/wp\/v2\/posts\/55219\/revisions"}],"wp:attachment":[{"href":"https:\/\/www.jornalja.com.br\/arquivo\/wp-json\/wp\/v2\/media?parent=55219"}],"wp:term":[{"taxonomy":"category","embeddable":true,"href":"https:\/\/www.jornalja.com.br\/arquivo\/wp-json\/wp\/v2\/categories?post=55219"},{"taxonomy":"post_tag","embeddable":true,"href":"https:\/\/www.jornalja.com.br\/arquivo\/wp-json\/wp\/v2\/tags?post=55219"}],"curies":[{"name":"wp","href":"https:\/\/api.w.org\/{rel}","templated":true}]}}