{"id":55222,"date":"2017-09-18T07:56:43","date_gmt":"2017-09-18T10:56:43","guid":{"rendered":"https:\/\/www.jornalja.com.br\/?p=55222"},"modified":"2017-09-18T07:56:43","modified_gmt":"2017-09-18T10:56:43","slug":"sartori-vai-apresentar-seu-plano-de-recuperacao-fiscal-esta-semana","status":"publish","type":"post","link":"https:\/\/www.jornalja.com.br\/arquivo\/sartori-vai-apresentar-seu-plano-de-recuperacao-fiscal-esta-semana\/","title":{"rendered":"Sartori vai apresentar seu Plano de Recupera\u00e7\u00e3o Fiscal esta semana"},"content":{"rendered":"<div id=\"mediaTexto\" class=\"cArticleTexto\">\nO governador Jos\u00e9 Ivo Sartori afirmou, nesse s\u00e1bado (16), que o objetivo do governo \u00e9 entregar o Regime de Recupera\u00e7\u00e3o Fiscal ao governo federal nos pr\u00f3ximos dias.<br \/>\n&#8220;A conversa com a Uni\u00e3o j\u00e1 se estende h\u00e1 algum tempo. Queremos faz\u00ea-lo bem feito. As solu\u00e7\u00f5es precisam ser r\u00e1pidas, pois sa\u00fade, educa\u00e7\u00e3o, seguran\u00e7a, infraestrutura e pol\u00edticas sociais s\u00e3o nossa prioridade e precisamos de recursos&#8221;, disse em entrevista ao programa\u00a0<a title=\"(O link ser\u00e1 aberto em uma nova janela\/aba)\" href=\"http:\/\/soundcloud.com\/governo-rio-grande-do-su\/governo-e-comunidade-previdencia-e-desenvolvimento\" target=\"_blank\" rel=\"noopener noreferrer\">Governo e Comunidade<\/a>.<br \/>\nA ades\u00e3o ao plano de recupera\u00e7\u00e3o fiscal &#8211; que prev\u00ea ajuda federal com suspens\u00e3o do pagamento da d\u00edvida por tr\u00eas anos e recursos financeiros &#8211; \u00e9 a aposta do Estado para minimizar a crise econ\u00f4mica e impedir o colapso dos servi\u00e7os p\u00fablicos. Com a ades\u00e3o, o d\u00e9ficit p\u00fablico de R$ 6,9 bilh\u00f5es previsto para 2018 diminuiria para 3,1 bilh\u00f5es.<br \/>\nPara Sartori, \u00e9 essencial a colabora\u00e7\u00e3o da Assembleia Legislativa para destravar quest\u00f5es importantes para a sa\u00fade financeira estadual, como o plebiscito da privatiza\u00e7\u00e3o de estatais (CEEE, Sulg\u00e1s e Companhia Riograndense de Minera\u00e7\u00e3o). &#8220;Desde o in\u00edcio do governo a inten\u00e7\u00e3o \u00e9 que a popula\u00e7\u00e3o pudesse decidir atrav\u00e9s de plebiscitos&#8221;, destacou.<br \/>\nO aumento do PIB ga\u00facho e a abertura de novas vagas de trabalho na GM tamb\u00e9m foram assuntos durante o programa. Na avalia\u00e7\u00e3o do governador, a agropecu\u00e1ria mais uma vez teve papel fundamental. &#8220;O crescimento est\u00e1 ligado \u00e0 agropecu\u00e1ria e \u00e0 supersafra de 2017: crescemos economicamente 2,1%, enquanto no resto do Brasil ficou zerado&#8221;, comemorou.<br \/>\nJ\u00e1 na GM, aproximadamente 1,7 mil novos empregos foram gerados. &#8220;Isso mostra que acertamos quando mexemos no setor automotivo com o projeto Fundopem&#8221;, ressaltou. &#8220;\u00c9 um alento para muitas fam\u00edlias que ter\u00e3o a oportunidade de voltar ao mercado de trabalho&#8221;, acrescentou.<br \/>\n<span class=\"intertit\">Melhorar o futuro<\/span><br \/>\nPor fim, Sartori lembrou da apresenta\u00e7\u00e3o do\u00a0<a title=\"(O link ser\u00e1 aberto em uma nova janela\/aba)\" href=\"http:\/\/www.rs.gov.br\/conteudo\/265849\/apresentacao-de-relatorio-marca-primeiro-ano-do-plano-de-previdencia-complementar\" target=\"_blank\" rel=\"noopener noreferrer\">Relat\u00f3rio Anual 2016 RS Futuro<\/a>, feita no dia 11 de setembro, marcando a comemora\u00e7\u00e3o de um ano de vig\u00eancia do Plano de Previd\u00eancia Complementar (RS Prev) dos servidores ga\u00fachos. Desde agosto de 2016, o regime permite que os novos servidores civis efetivos do Executivo, Assembleia Legislativa, Judici\u00e1rio, Minist\u00e9rio P\u00fablico, Tribunal de Contas e Defensoria P\u00fablica planejem suas aposentadorias.<br \/>\n&#8220;Mesmo com as mudan\u00e7as que implementamos, o equil\u00edbrio na previd\u00eancia s\u00f3 se dar\u00e1 no longo prazo, daqui a 25 ou 30 anos&#8221;, projetou. A previs\u00e3o \u00e9 de que, at\u00e9 o final do ano, quase 60% da folha de pagamento seja para aposentados&#8221;, finalizou.<br \/>\nCom dura\u00e7\u00e3o de cinco minutos, o programa Governo e Comunidade trata de temas que foram not\u00edcia durante a semana e dos principais assuntos envolvendo o Executivo. \u00c9 gravado na R\u00e1dio Web Piratini e veiculado aos s\u00e1bados por emissoras de r\u00e1dio ga\u00fachas.<br \/>\n<em>Com informa\u00e7\u00f5es do Governo RS<\/em>\n<\/div>\n","protected":false},"excerpt":{"rendered":"<p>O governador Jos\u00e9 Ivo Sartori afirmou, nesse s\u00e1bado (16), que o objetivo do governo \u00e9 entregar o Regime de Recupera\u00e7\u00e3o Fiscal ao governo federal nos pr\u00f3ximos dias. &#8220;A conversa com a Uni\u00e3o j\u00e1 se estende h\u00e1 algum tempo. Queremos faz\u00ea-lo bem feito. As solu\u00e7\u00f5es precisam ser r\u00e1pidas, pois sa\u00fade, educa\u00e7\u00e3o, seguran\u00e7a, infraestrutura e pol\u00edticas sociais [&hellip;]<\/p>\n","protected":false},"author":4,"featured_media":55224,"comment_status":"open","ping_status":"closed","sticky":false,"template":"","format":"standard","meta":{"_jetpack_newsletter_access":"","_jetpack_dont_email_post_to_subs":false,"_jetpack_newsletter_tier_id":0,"_jetpack_memberships_contains_paywalled_content":false,"_jetpack_feature_clip_id":0,"_jetpack_memberships_contains_paid_content":false,"footnotes":"","jetpack_post_was_ever_published":false},"categories":[26],"tags":[],"class_list":["post-55222","post","type-post","status-publish","format-standard","has-post-thumbnail","hentry","category-geral"],"aioseo_notices":[],"aioseo_head":"\n\t\t<!-- All in One SEO 5.0.1.1 - aioseo.com -->\n\t<meta name=\"robots\" content=\"max-image-preview:large\" \/>\n\t<meta name=\"author\" content=\"da Reda\u00e7\u00e3o\"\/>\n\t<link rel=\"canonical\" href=\"https:\/\/www.jornalja.com.br\/arquivo\/sartori-vai-apresentar-seu-plano-de-recuperacao-fiscal-esta-semana\/\" \/>\n\t<meta name=\"generator\" content=\"All in One SEO (AIOSEO) 5.0.1.1\" \/>\n\t\t<meta property=\"og:locale\" content=\"pt_BR\" \/>\n\t\t<meta property=\"og:site_name\" content=\"Arquivo | Jornal J\u00c1 | Porto Alegre\" \/>\n\t\t<meta property=\"og:type\" content=\"article\" \/>\n\t\t<meta property=\"og:title\" content=\"Sartori vai apresentar seu Plano de Recupera\u00e7\u00e3o Fiscal esta semana | Arquivo\" \/>\n\t\t<meta property=\"og:url\" content=\"https:\/\/www.jornalja.com.br\/arquivo\/sartori-vai-apresentar-seu-plano-de-recuperacao-fiscal-esta-semana\/\" \/>\n\t\t<meta property=\"og:image\" content=\"https:\/\/www.jornalja.com.br\/economics\/wp-content\/uploads\/sites\/11\/2026\/08\/ja-folhaderosto-facebook.jpg\" \/>\n\t\t<meta property=\"og:image:secure_url\" content=\"https:\/\/www.jornalja.com.br\/economics\/wp-content\/uploads\/sites\/11\/2026\/08\/ja-folhaderosto-facebook.jpg\" \/>\n\t\t<meta property=\"article:published_time\" content=\"2017-09-18T10:56:43+00:00\" \/>\n\t\t<meta property=\"article:modified_time\" content=\"2017-09-18T10:56:43+00:00\" \/>\n\t\t<meta name=\"twitter:card\" content=\"summary\" \/>\n\t\t<meta name=\"twitter:title\" content=\"Sartori vai apresentar seu Plano de Recupera\u00e7\u00e3o Fiscal esta semana | Arquivo\" \/>\n\t\t<meta name=\"twitter:image\" content=\"https:\/\/www.jornalja.com.br\/economics\/wp-content\/uploads\/sites\/11\/2026\/08\/ja-folhaderosto-facebook.jpg\" \/>\n\t\t<script type=\"application\/ld+json\" class=\"aioseo-schema\">\n\t\t\t{\"@context\":\"https:\\\/\\\/schema.org\",\"@graph\":[{\"@type\":\"BlogPosting\",\"@id\":\"https:\\\/\\\/www.jornalja.com.br\\\/arquivo\\\/sartori-vai-apresentar-seu-plano-de-recuperacao-fiscal-esta-semana\\\/#blogposting\",\"name\":\"Sartori vai apresentar seu Plano de Recupera\\u00e7\\u00e3o Fiscal esta semana | Arquivo\",\"headline\":\"Sartori vai apresentar seu Plano de Recupera\\u00e7\\u00e3o Fiscal esta semana\",\"author\":{\"@id\":\"https:\\\/\\\/www.jornalja.com.br\\\/arquivo\\\/author\\\/daredacao\\\/#author\"},\"publisher\":{\"@id\":\"https:\\\/\\\/www.jornalja.com.br\\\/arquivo\\\/#organization\"},\"image\":{\"@type\":\"ImageObject\",\"url\":55224},\"datePublished\":\"2017-09-18T07:56:43-03:00\",\"dateModified\":\"2017-09-18T07:56:43-03:00\",\"inLanguage\":\"pt-BR\",\"mainEntityOfPage\":{\"@id\":\"https:\\\/\\\/www.jornalja.com.br\\\/arquivo\\\/sartori-vai-apresentar-seu-plano-de-recuperacao-fiscal-esta-semana\\\/#webpage\"},\"isPartOf\":{\"@id\":\"https:\\\/\\\/www.jornalja.com.br\\\/arquivo\\\/sartori-vai-apresentar-seu-plano-de-recuperacao-fiscal-esta-semana\\\/#webpage\"},\"articleSection\":\"Geral\"},{\"@type\":\"BreadcrumbList\",\"@id\":\"https:\\\/\\\/www.jornalja.com.br\\\/arquivo\\\/sartori-vai-apresentar-seu-plano-de-recuperacao-fiscal-esta-semana\\\/#breadcrumblist\",\"itemListElement\":[{\"@type\":\"ListItem\",\"@id\":\"https:\\\/\\\/www.jornalja.com.br\\\/arquivo#listItem\",\"position\":1,\"name\":\"Home\",\"item\":\"https:\\\/\\\/www.jornalja.com.br\\\/arquivo\",\"nextItem\":{\"@type\":\"ListItem\",\"@id\":\"https:\\\/\\\/www.jornalja.com.br\\\/arquivo\\\/category\\\/geral\\\/#listItem\",\"name\":\"Geral\"}},{\"@type\":\"ListItem\",\"@id\":\"https:\\\/\\\/www.jornalja.com.br\\\/arquivo\\\/category\\\/geral\\\/#listItem\",\"position\":2,\"name\":\"Geral\",\"item\":\"https:\\\/\\\/www.jornalja.com.br\\\/arquivo\\\/category\\\/geral\\\/\",\"nextItem\":{\"@type\":\"ListItem\",\"@id\":\"https:\\\/\\\/www.jornalja.com.br\\\/arquivo\\\/sartori-vai-apresentar-seu-plano-de-recuperacao-fiscal-esta-semana\\\/#listItem\",\"name\":\"Sartori vai apresentar seu Plano de Recupera\\u00e7\\u00e3o Fiscal esta semana\"},\"previousItem\":{\"@type\":\"ListItem\",\"@id\":\"https:\\\/\\\/www.jornalja.com.br\\\/arquivo#listItem\",\"name\":\"Home\"}},{\"@type\":\"ListItem\",\"@id\":\"https:\\\/\\\/www.jornalja.com.br\\\/arquivo\\\/sartori-vai-apresentar-seu-plano-de-recuperacao-fiscal-esta-semana\\\/#listItem\",\"position\":3,\"name\":\"Sartori vai apresentar seu Plano de Recupera\\u00e7\\u00e3o Fiscal esta semana\",\"previousItem\":{\"@type\":\"ListItem\",\"@id\":\"https:\\\/\\\/www.jornalja.com.br\\\/arquivo\\\/category\\\/geral\\\/#listItem\",\"name\":\"Geral\"}}]},{\"@type\":\"Organization\",\"@id\":\"https:\\\/\\\/www.jornalja.com.br\\\/arquivo\\\/#organization\",\"name\":\"Jornal J\\u00c1\",\"description\":\"Jornal J\\u00c1 | Porto Alegre\",\"url\":\"https:\\\/\\\/www.jornalja.com.br\\\/arquivo\\\/\",\"telephone\":\"+555133307272\",\"logo\":{\"@type\":\"ImageObject\",\"url\":\"https:\\\/\\\/www.jornalja.com.br\\\/wp-content\\\/uploads\\\/cards\\\/JAslogan.png\",\"@id\":\"https:\\\/\\\/www.jornalja.com.br\\\/arquivo\\\/sartori-vai-apresentar-seu-plano-de-recuperacao-fiscal-esta-semana\\\/#organizationLogo\"},\"image\":{\"@id\":\"https:\\\/\\\/www.jornalja.com.br\\\/arquivo\\\/sartori-vai-apresentar-seu-plano-de-recuperacao-fiscal-esta-semana\\\/#organizationLogo\"}},{\"@type\":\"Person\",\"@id\":\"https:\\\/\\\/www.jornalja.com.br\\\/arquivo\\\/author\\\/daredacao\\\/#author\",\"url\":\"https:\\\/\\\/www.jornalja.com.br\\\/arquivo\\\/author\\\/daredacao\\\/\",\"name\":\"da Reda\\u00e7\\u00e3o\",\"image\":{\"@type\":\"ImageObject\",\"@id\":\"https:\\\/\\\/www.jornalja.com.br\\\/arquivo\\\/sartori-vai-apresentar-seu-plano-de-recuperacao-fiscal-esta-semana\\\/#authorImage\",\"url\":\"https:\\\/\\\/secure.gravatar.com\\\/avatar\\\/469fd857d6605ad19919d27ed29d35a968a25f6e8fd9318356bbb7f57aae9c65?s=96&d=mm&r=g\",\"width\":96,\"height\":96,\"caption\":\"da Reda\\u00e7\\u00e3o\"}},{\"@type\":\"WebPage\",\"@id\":\"https:\\\/\\\/www.jornalja.com.br\\\/arquivo\\\/sartori-vai-apresentar-seu-plano-de-recuperacao-fiscal-esta-semana\\\/#webpage\",\"url\":\"https:\\\/\\\/www.jornalja.com.br\\\/arquivo\\\/sartori-vai-apresentar-seu-plano-de-recuperacao-fiscal-esta-semana\\\/\",\"name\":\"Sartori vai apresentar seu Plano de Recupera\\u00e7\\u00e3o Fiscal esta semana | Arquivo\",\"inLanguage\":\"pt-BR\",\"isPartOf\":{\"@id\":\"https:\\\/\\\/www.jornalja.com.br\\\/arquivo\\\/#website\"},\"breadcrumb\":{\"@id\":\"https:\\\/\\\/www.jornalja.com.br\\\/arquivo\\\/sartori-vai-apresentar-seu-plano-de-recuperacao-fiscal-esta-semana\\\/#breadcrumblist\"},\"author\":{\"@id\":\"https:\\\/\\\/www.jornalja.com.br\\\/arquivo\\\/author\\\/daredacao\\\/#author\"},\"creator\":{\"@id\":\"https:\\\/\\\/www.jornalja.com.br\\\/arquivo\\\/author\\\/daredacao\\\/#author\"},\"image\":{\"@type\":\"ImageObject\",\"url\":55224,\"@id\":\"https:\\\/\\\/www.jornalja.com.br\\\/arquivo\\\/sartori-vai-apresentar-seu-plano-de-recuperacao-fiscal-esta-semana\\\/#mainImage\"},\"primaryImageOfPage\":{\"@id\":\"https:\\\/\\\/www.jornalja.com.br\\\/arquivo\\\/sartori-vai-apresentar-seu-plano-de-recuperacao-fiscal-esta-semana\\\/#mainImage\"},\"datePublished\":\"2017-09-18T07:56:43-03:00\",\"dateModified\":\"2017-09-18T07:56:43-03:00\"},{\"@type\":\"WebSite\",\"@id\":\"https:\\\/\\\/www.jornalja.com.br\\\/arquivo\\\/#website\",\"url\":\"https:\\\/\\\/www.jornalja.com.br\\\/arquivo\\\/\",\"name\":\"Arquivo\",\"description\":\"Jornal J\\u00c1 | Porto Alegre\",\"inLanguage\":\"pt-BR\",\"publisher\":{\"@id\":\"https:\\\/\\\/www.jornalja.com.br\\\/arquivo\\\/#organization\"}}]}\n\t\t<\/script>\n\t\t<!-- All in One SEO -->\n\n","aioseo_head_json":{"title":"Sartori vai apresentar seu Plano de Recupera\u00e7\u00e3o Fiscal esta semana | Arquivo","description":"","canonical_url":"https:\/\/www.jornalja.com.br\/arquivo\/sartori-vai-apresentar-seu-plano-de-recuperacao-fiscal-esta-semana\/","robots":"max-image-preview:large","keywords":"","webmasterTools":{"miscellaneous":""},"schema":{"@context":"https:\/\/schema.org","@graph":[{"@type":"BlogPosting","@id":"https:\/\/www.jornalja.com.br\/arquivo\/sartori-vai-apresentar-seu-plano-de-recuperacao-fiscal-esta-semana\/#blogposting","name":"Sartori vai apresentar seu Plano de Recupera\u00e7\u00e3o Fiscal esta semana | Arquivo","headline":"Sartori vai apresentar seu Plano de Recupera\u00e7\u00e3o Fiscal esta semana","author":{"@id":"https:\/\/www.jornalja.com.br\/arquivo\/author\/daredacao\/#author"},"publisher":{"@id":"https:\/\/www.jornalja.com.br\/arquivo\/#organization"},"image":{"@type":"ImageObject","url":55224},"datePublished":"2017-09-18T07:56:43-03:00","dateModified":"2017-09-18T07:56:43-03:00","inLanguage":"pt-BR","mainEntityOfPage":{"@id":"https:\/\/www.jornalja.com.br\/arquivo\/sartori-vai-apresentar-seu-plano-de-recuperacao-fiscal-esta-semana\/#webpage"},"isPartOf":{"@id":"https:\/\/www.jornalja.com.br\/arquivo\/sartori-vai-apresentar-seu-plano-de-recuperacao-fiscal-esta-semana\/#webpage"},"articleSection":"Geral"},{"@type":"BreadcrumbList","@id":"https:\/\/www.jornalja.com.br\/arquivo\/sartori-vai-apresentar-seu-plano-de-recuperacao-fiscal-esta-semana\/#breadcrumblist","itemListElement":[{"@type":"ListItem","@id":"https:\/\/www.jornalja.com.br\/arquivo#listItem","position":1,"name":"Home","item":"https:\/\/www.jornalja.com.br\/arquivo","nextItem":{"@type":"ListItem","@id":"https:\/\/www.jornalja.com.br\/arquivo\/category\/geral\/#listItem","name":"Geral"}},{"@type":"ListItem","@id":"https:\/\/www.jornalja.com.br\/arquivo\/category\/geral\/#listItem","position":2,"name":"Geral","item":"https:\/\/www.jornalja.com.br\/arquivo\/category\/geral\/","nextItem":{"@type":"ListItem","@id":"https:\/\/www.jornalja.com.br\/arquivo\/sartori-vai-apresentar-seu-plano-de-recuperacao-fiscal-esta-semana\/#listItem","name":"Sartori vai apresentar seu Plano de Recupera\u00e7\u00e3o Fiscal esta semana"},"previousItem":{"@type":"ListItem","@id":"https:\/\/www.jornalja.com.br\/arquivo#listItem","name":"Home"}},{"@type":"ListItem","@id":"https:\/\/www.jornalja.com.br\/arquivo\/sartori-vai-apresentar-seu-plano-de-recuperacao-fiscal-esta-semana\/#listItem","position":3,"name":"Sartori vai apresentar seu Plano de Recupera\u00e7\u00e3o Fiscal esta semana","previousItem":{"@type":"ListItem","@id":"https:\/\/www.jornalja.com.br\/arquivo\/category\/geral\/#listItem","name":"Geral"}}]},{"@type":"Organization","@id":"https:\/\/www.jornalja.com.br\/arquivo\/#organization","name":"Jornal J\u00c1","description":"Jornal J\u00c1 | Porto Alegre","url":"https:\/\/www.jornalja.com.br\/arquivo\/","telephone":"+555133307272","logo":{"@type":"ImageObject","url":"https:\/\/www.jornalja.com.br\/wp-content\/uploads\/cards\/JAslogan.png","@id":"https:\/\/www.jornalja.com.br\/arquivo\/sartori-vai-apresentar-seu-plano-de-recuperacao-fiscal-esta-semana\/#organizationLogo"},"image":{"@id":"https:\/\/www.jornalja.com.br\/arquivo\/sartori-vai-apresentar-seu-plano-de-recuperacao-fiscal-esta-semana\/#organizationLogo"}},{"@type":"Person","@id":"https:\/\/www.jornalja.com.br\/arquivo\/author\/daredacao\/#author","url":"https:\/\/www.jornalja.com.br\/arquivo\/author\/daredacao\/","name":"da Reda\u00e7\u00e3o","image":{"@type":"ImageObject","@id":"https:\/\/www.jornalja.com.br\/arquivo\/sartori-vai-apresentar-seu-plano-de-recuperacao-fiscal-esta-semana\/#authorImage","url":"https:\/\/secure.gravatar.com\/avatar\/469fd857d6605ad19919d27ed29d35a968a25f6e8fd9318356bbb7f57aae9c65?s=96&d=mm&r=g","width":96,"height":96,"caption":"da Reda\u00e7\u00e3o"}},{"@type":"WebPage","@id":"https:\/\/www.jornalja.com.br\/arquivo\/sartori-vai-apresentar-seu-plano-de-recuperacao-fiscal-esta-semana\/#webpage","url":"https:\/\/www.jornalja.com.br\/arquivo\/sartori-vai-apresentar-seu-plano-de-recuperacao-fiscal-esta-semana\/","name":"Sartori vai apresentar seu Plano de Recupera\u00e7\u00e3o Fiscal esta semana | Arquivo","inLanguage":"pt-BR","isPartOf":{"@id":"https:\/\/www.jornalja.com.br\/arquivo\/#website"},"breadcrumb":{"@id":"https:\/\/www.jornalja.com.br\/arquivo\/sartori-vai-apresentar-seu-plano-de-recuperacao-fiscal-esta-semana\/#breadcrumblist"},"author":{"@id":"https:\/\/www.jornalja.com.br\/arquivo\/author\/daredacao\/#author"},"creator":{"@id":"https:\/\/www.jornalja.com.br\/arquivo\/author\/daredacao\/#author"},"image":{"@type":"ImageObject","url":55224,"@id":"https:\/\/www.jornalja.com.br\/arquivo\/sartori-vai-apresentar-seu-plano-de-recuperacao-fiscal-esta-semana\/#mainImage"},"primaryImageOfPage":{"@id":"https:\/\/www.jornalja.com.br\/arquivo\/sartori-vai-apresentar-seu-plano-de-recuperacao-fiscal-esta-semana\/#mainImage"},"datePublished":"2017-09-18T07:56:43-03:00","dateModified":"2017-09-18T07:56:43-03:00"},{"@type":"WebSite","@id":"https:\/\/www.jornalja.com.br\/arquivo\/#website","url":"https:\/\/www.jornalja.com.br\/arquivo\/","name":"Arquivo","description":"Jornal J\u00c1 | Porto Alegre","inLanguage":"pt-BR","publisher":{"@id":"https:\/\/www.jornalja.com.br\/arquivo\/#organization"}}]},"og:locale":"pt_BR","og:site_name":"Arquivo | Jornal J\u00c1 | Porto Alegre","og:type":"article","og:title":"Sartori vai apresentar seu Plano de Recupera\u00e7\u00e3o Fiscal esta semana | Arquivo","og:url":"https:\/\/www.jornalja.com.br\/arquivo\/sartori-vai-apresentar-seu-plano-de-recuperacao-fiscal-esta-semana\/","og:image":"https:\/\/www.jornalja.com.br\/economics\/wp-content\/uploads\/sites\/11\/2026\/08\/ja-folhaderosto-facebook.jpg","og:image:secure_url":"https:\/\/www.jornalja.com.br\/economics\/wp-content\/uploads\/sites\/11\/2026\/08\/ja-folhaderosto-facebook.jpg","article:published_time":"2017-09-18T10:56:43+00:00","article:modified_time":"2017-09-18T10:56:43+00:00","twitter:card":"summary","twitter:title":"Sartori vai apresentar seu Plano de Recupera\u00e7\u00e3o Fiscal esta semana | Arquivo","twitter:image":"https:\/\/www.jornalja.com.br\/economics\/wp-content\/uploads\/sites\/11\/2026\/08\/ja-folhaderosto-facebook.jpg"},"aioseo_meta_data":{"post_id":"55222","title":null,"description":null,"keywords":null,"keyphrases":null,"primary_term":null,"canonical_url":null,"og_title":null,"og_description":null,"og_object_type":"default","og_image_type":"default","og_image_url":null,"og_image_width":null,"og_image_height":null,"og_image_custom_url":null,"og_image_custom_fields":null,"og_video":null,"og_custom_url":null,"og_article_section":null,"og_article_tags":null,"twitter_use_og":false,"twitter_card":"default","twitter_image_type":"default","twitter_image_url":null,"twitter_image_custom_url":null,"twitter_image_custom_fields":null,"twitter_title":null,"twitter_description":null,"schema":{"blockGraphs":[],"customGraphs":[],"default":{"data":{"Article":[],"Course":[],"Dataset":[],"FAQPage":[],"Movie":[],"Person":[],"Product":[],"ProductReview":[],"Car":[],"Recipe":[],"Service":[],"SoftwareApplication":[],"WebPage":[]},"graphName":"","isEnabled":true},"graphs":[],"defaultGraph":"","defaultPostTypeGraph":""},"schema_type":null,"schema_type_options":null,"pillar_content":false,"robots_default":true,"robots_noindex":false,"robots_noarchive":false,"robots_nosnippet":false,"robots_nofollow":false,"robots_noimageindex":false,"robots_noodp":false,"robots_notranslate":false,"robots_max_snippet":null,"robots_max_videopreview":null,"robots_max_imagepreview":"large","priority":null,"frequency":null,"location":null,"local_seo":null,"breadcrumb_settings":null,"limit_modified_date":false,"ai":null,"created":"2020-12-20 20:25:01","updated":"2025-07-20 01:14:41","seo_analyzer_scan_date":null,"focus_keyword":null,"additional_keywords":null,"truseo_locale":null},"jetpack_sharing_enabled":true,"jetpack-related-posts":[{"id":5440,"url":"https:\/\/www.jornalja.com.br\/arquivo\/casarao-da-venancio-destino-permanece-incerto\/","url_meta":{"origin":55222,"position":0},"title":"Estado ainda n\u00e3o sabe o que fazer com casar\u00e3o abandonado h\u00e1 20 anos","author":"Elmar Bones","date":"6 de julho de 2009","format":false,"excerpt":"O casar\u00e3o amarelo, numa esquina nobre de Porto Alegre (Ven\u00e2ncio Aires com Jo\u00e3o Pessoa), j\u00e1 abrigou uma escola. H\u00e1 duas d\u00e9cadas, pelo menos, est\u00e1 abandonado, porque seu propriet\u00e1rio, o governo do Estado do Rio Grande do Sul, n\u00e3o consegue achar um destino para ele. Planos n\u00e3o faltaram. O governador Ol\u00edvio\u2026","rel":"","context":"Em &quot;X.Categorias velhas&quot;","block_context":{"text":"X.Categorias velhas","link":"https:\/\/www.jornalja.com.br\/arquivo\/category\/x-categorias-velhas\/"},"img":{"alt_text":"geraldo1","src":"https:\/\/i0.wp.com\/www.jornalja.com.br\/wp-content\/uploads\/2009\/07\/geraldo1.jpg?resize=350%2C200&ssl=1","width":350,"height":200},"classes":[]},{"id":13124,"url":"https:\/\/www.jornalja.com.br\/arquivo\/sangue-latino-no-iecine\/","url_meta":{"origin":55222,"position":1},"title":"Sangue latino no IECINE","author":"da Reda\u00e7\u00e3o","date":"18 de maio de 2014","format":false,"excerpt":"Francisco Ribeiro O Instituto Estadual de Cinema (IECINE) tem a frente, desde abril \u00faltimo, um novo diretor, o cineasta colombiano Juan Zapata, 36, que substitui Luiz Alberto Cassol. Radicado h\u00e1 dez anos em Porto Alegre, Zapata tem diante de si o desafio de conduzir at\u00e9 o final do ano um\u2026","rel":"","context":"Em &quot;Cultura-Geral&quot;","block_context":{"text":"Cultura-Geral","link":"https:\/\/www.jornalja.com.br\/arquivo\/category\/materiasecundaria\/"},"img":{"alt_text":"","src":"","width":0,"height":0},"classes":[]},{"id":13239,"url":"https:\/\/www.jornalja.com.br\/arquivo\/conselho-desdenha-do-plano-diretor\/","url_meta":{"origin":55222,"position":2},"title":"Porto Alegre: Conselho detona Plano Diretor","author":"Patr\u00edcia Marini","date":"25 de maio de 2014","format":false,"excerpt":"Den\u00fancia do arquiteto e \u00a0urbanista Ibir\u00e1 Santos Lucas. Ele diz que os conselheiros est\u00e3o votando com \"enorme irresponsabilidade\". \"Mudam regime com a maior naturalidade,,,regularizam absurdos de constru\u00e7\u00f5es irregulares... \"O CMDUA est\u00e1 flexibilizando a lei do plano diretor, de uma forma impactante na vida da cidade. Mudam regime com a maior\u2026","rel":"","context":"Em &quot;Geral&quot;","block_context":{"text":"Geral","link":"https:\/\/www.jornalja.com.br\/arquivo\/category\/geral\/"},"img":{"alt_text":"","src":"","width":0,"height":0},"classes":[]},{"id":13128,"url":"https:\/\/www.jornalja.com.br\/arquivo\/maconha-terra-diz-que-uso-medicinal-e-desculpa\/","url_meta":{"origin":55222,"position":3},"title":"Maconha: Terra diz que uso medicinal \u00e9 desculpa","author":"Patr\u00edcia Marini","date":"4 de junho de 2014","format":false,"excerpt":"A condi\u00e7\u00e3o de pol\u00edtico, em \u00e9poca de campanha de campanha eleitoral, tira for\u00e7a do discurso do m\u00e9dico Osmar Terra contra a legaliza\u00e7\u00e3o da maconha. A tese dele de que a libera\u00e7\u00e3o vai ampliar exponencialmente o consumo \u00e9 discutivel, o consumo \u00e9 corrente. Mas seus alertas quanto aos riscos tem que\u2026","rel":"","context":"Em &quot;X.Categorias velhas&quot;","block_context":{"text":"X.Categorias velhas","link":"https:\/\/www.jornalja.com.br\/arquivo\/category\/x-categorias-velhas\/"},"img":{"alt_text":"","src":"","width":0,"height":0},"classes":[]},{"id":13240,"url":"https:\/\/www.jornalja.com.br\/arquivo\/plano-diretor-estamos-construindo-o-caos\/","url_meta":{"origin":55222,"position":4},"title":"Plano diretor: &quot;Estamos construindo o caos&quot;","author":"Patr\u00edcia Marini","date":"26 de maio de 2014","format":false,"excerpt":"Desabafo que arquiteta Eliana Castilhos, delegada da Regi\u00e3o de Planejamento 1, postou nas redes sociais \u00e9 um testemunho do ambiente que se criou no Conselho do Plano Diretor de Porto Alegre, onde a aprova\u00e7\u00e3o de grandes empreendimentos \u00e9 empurrada guela abaixo dos conselheiros. Ao CMDUA Como delegada da Regi\u00e3o de\u2026","rel":"","context":"Em &quot;Geral&quot;","block_context":{"text":"Geral","link":"https:\/\/www.jornalja.com.br\/arquivo\/category\/geral\/"},"img":{"alt_text":"","src":"","width":0,"height":0},"classes":[]},{"id":13109,"url":"https:\/\/www.jornalja.com.br\/arquivo\/judiciario-reconhece-poluicao-eletromagnetica\/","url_meta":{"origin":55222,"position":5},"title":"Judici\u00e1rio reconhece polui\u00e7\u00e3o eletromagn\u00e9tica","author":"Patr\u00edcia Marini","date":"16 de maio de 2014","format":false,"excerpt":"A\u00e7\u00e3o de duas associa\u00e7\u00f5es de moradores foi acolhida pelo Tribunal de Justi\u00e7a de S\u00e3o Paulo que. em decis\u00e3o in\u00e9dita, determinou a redu\u00e7\u00e3o do campo eletromagn\u00e9tico gerado pelas linhas de transmiss\u00e3o de energia que cortam os bairros City Boa\u00e7ava e Alto de Pinheiros. \u00c9 a primeira vez que um tribunal do\u2026","rel":"","context":"Em &quot;X.Categorias velhas&quot;","block_context":{"text":"X.Categorias velhas","link":"https:\/\/www.jornalja.com.br\/arquivo\/category\/x-categorias-velhas\/"},"img":{"alt_text":"","src":"","width":0,"height":0},"classes":[]}],"jetpack_shortlink":"https:\/\/wp.me\/pbQjBd-emG","jetpack_featured_media_url":"","_links":{"self":[{"href":"https:\/\/www.jornalja.com.br\/arquivo\/wp-json\/wp\/v2\/posts\/55222","targetHints":{"allow":["GET"]}}],"collection":[{"href":"https:\/\/www.jornalja.com.br\/arquivo\/wp-json\/wp\/v2\/posts"}],"about":[{"href":"https:\/\/www.jornalja.com.br\/arquivo\/wp-json\/wp\/v2\/types\/post"}],"author":[{"embeddable":true,"href":"https:\/\/www.jornalja.com.br\/arquivo\/wp-json\/wp\/v2\/users\/4"}],"replies":[{"embeddable":true,"href":"https:\/\/www.jornalja.com.br\/arquivo\/wp-json\/wp\/v2\/comments?post=55222"}],"version-history":[{"count":0,"href":"https:\/\/www.jornalja.com.br\/arquivo\/wp-json\/wp\/v2\/posts\/55222\/revisions"}],"wp:attachment":[{"href":"https:\/\/www.jornalja.com.br\/arquivo\/wp-json\/wp\/v2\/media?parent=55222"}],"wp:term":[{"taxonomy":"category","embeddable":true,"href":"https:\/\/www.jornalja.com.br\/arquivo\/wp-json\/wp\/v2\/categories?post=55222"},{"taxonomy":"post_tag","embeddable":true,"href":"https:\/\/www.jornalja.com.br\/arquivo\/wp-json\/wp\/v2\/tags?post=55222"}],"curies":[{"name":"wp","href":"https:\/\/api.w.org\/{rel}","templated":true}]}}