{"id":55226,"date":"2017-09-18T10:28:09","date_gmt":"2017-09-18T13:28:09","guid":{"rendered":"https:\/\/www.jornalja.com.br\/?p=55226"},"modified":"2017-09-18T10:28:09","modified_gmt":"2017-09-18T13:28:09","slug":"55226-2","status":"publish","type":"post","link":"https:\/\/www.jornalja.com.br\/arquivo\/55226-2\/","title":{"rendered":"Mercado P\u00fablico: futuro duvidoso"},"content":{"rendered":"<p>O desejo do prefeito Nelson Marchezan Jr. de \u201cmudar a gest\u00e3o\u201d do Mercado P\u00fablico de Porto Alegre ouri\u00e7ou a maioria dos comerciantes estabelecidos no ponto mais antigo da Capital, inaugurado em 1869 e reformado pela \u00faltima vez em 1997.<br \/>\nDesconfiada de que uma parceria p\u00fablico-privada (PPP) possa descaracterizar o lugar, a Associa\u00e7\u00e3o dos Permission\u00e1rios do Mercado defende a manuten\u00e7\u00e3o da sua atual configura\u00e7\u00e3o, em que se destacam a extrema variedade das mercadorias, o atendimento pessoal (o autosservi\u00e7o \u00e9 proibido) e o \u201castral s\u00e9culo 20\u201d gerado pela combina\u00e7\u00e3o peculiar de aromas, sons, luzes e temperatura.<br \/>\n\u201cEssa PPP \u00e9 um fantasma\u201d, diz Adriana Kauer, diretora-secret\u00e1ria e porta-voz da associa\u00e7\u00e3o. Ela vem participando de reuni\u00f5es com os representantes do prefeito, entre eles Bruno Vanuzzi, funcion\u00e1rio estadual cedido para dirigir a nova Secretaria de Parcerias Estrat\u00e9gicas, que vem articulando diversas parcerias, como a da ilumina\u00e7\u00e3o p\u00fablica, com o apoio do BNDES.<br \/>\nMarchezan ainda n\u00e3o disse claramente qual o modelo de gest\u00e3o pretendido para o Mercado. Em fins de maio, o secret\u00e1rio Vanuzzi disse ao J\u00c1 que a inclus\u00e3o do Mercado P\u00fablico na lista das parcerias reflete a \u201cvontade pol\u00edtica\u201d do prefeito, cujo projeto de moderniza\u00e7\u00e3o administrativa inclui a abertura de novas fontes de receitas.<br \/>\nO Decreto 19.792, publicado dia 20 de julho no Di\u00e1rio Oficial de Porto Alegre, regulamenta o Procedimento de Manifesta\u00e7\u00e3o de Interesse (PMI) e a Manifesta\u00e7\u00e3o de Interesse Privado (MIP), instrumentos utilizados para modelar empreendimentos que envolvam concess\u00f5es p\u00fablicas e PPPs. H\u00e1 mais.<br \/>\nEm of\u00edcio enviado \u00e0 C\u00e2mara Municipal em 31 de julho passado, Marchezan informou que as secretarias da Fazenda e do Desenvolvimento Econ\u00f4mico est\u00e3o trabalhando para \u201cestabelecer novos mecanismos de gest\u00e3o e fluxos financeiros para o Funmercado\u201d. N\u00e3o disse muito, mas respondeu a um questionamento oficial da vereadora Sofia Cavedon, que marcara posi\u00e7\u00e3o logo em fevereiro, quando publicou no seu blog: \u201cO Mercado P\u00fablico \u00e9 um patrim\u00f4nio cultural da cidade de Porto Alegre (&#8230;) Tal medida, tamb\u00e9m, poder\u00e1 provocar a expuls\u00e3o de comerciantes que h\u00e1 d\u00e9cadas servem a popula\u00e7\u00e3o de Porto Alegre, devido ao prov\u00e1vel aumento de custos.\u201d<br \/>\nA partir do protesto de Cavedon e de outros vereadores, os funcion\u00e1rios das secretarias municipais envolvidos passaram a esclarecer que n\u00e3o se trata de privatiza\u00e7\u00e3o.<br \/>\nEm meados de agosto, a sa\u00edda do secret\u00e1rio Ricardo Gomes, do Desenvolvimento Econ\u00f4mico \u2013 vereador pelo PP, ele pediu demiss\u00e3o por discordar da revis\u00e3o do IPTU \u2013 atrapalhou o andamento do processo, mas est\u00e1 previsto para o final de setembro o chamamento da consulta p\u00fablica sobre o futuro do Mercado.<br \/>\nDesde o in\u00edcio das discuss\u00f5es os comerciantes deixaram claro que, seja qual for o novo modelo, querem ser os gestores da PPP, preservando o atual formato PPD (plural, popular, democr\u00e1tico), no qual atuam desde microvarejistas at\u00e9 gigantes hist\u00f3ricos \u2013 a Banca 40 e a Japesca, que possuem s\u00f3cios comuns, v\u00eam abrindo filiais em bairros da cidade e planejam continuar a expans\u00e3o at\u00e9 fora da Capital.<br \/>\nEmbora n\u00e3o haja estat\u00edsticas sobre o movimento financeiro geral do Mercado, tem-se uma ideia dos valores envolvidos a partir dos relat\u00f3rios do Funmercado (Fundo Municipal para a Restaura\u00e7\u00e3o, Reforma, Manuten\u00e7\u00e3o e Anima\u00e7\u00e3o do Mercado P\u00fablico), criado em 1987 pelo prefeito Alceu Collares.<br \/>\nO Funmercado \u00e9 administrado por uma junta formada por representantes de cinco secretarias municipais, mais o representante da Associa\u00e7\u00e3o dos Permission\u00e1rios.<br \/>\nEm 2016, o fundo arrecadou R$ 6,8 milh\u00f5es (basicamente de alugu\u00e9is) e gastou R$ 6,9 milh\u00f5es em despesas correntes como \u00e1gua, energia, impostos, INSS, limpeza e seguran\u00e7a \u2013 este, o item mais oneroso, quase R$ 1 milh\u00e3o por ano. O maior gasto (R$ 3,2 milh\u00f5es) foi com a Arquium, construtora respons\u00e1vel pela \u00faltima etapa da recupera\u00e7\u00e3o ap\u00f3s o inc\u00eandio de julho de 2013.<br \/>\nTirando os gastos com a reforma \u2013 agora s\u00f3 falta o plano de preven\u00e7\u00e3o contra inc\u00eandio, com custo estimado em R$ 2 milh\u00f5es \u2013, o Funmercado deixa um saldo mensal m\u00e9dio de R$ 70 mil que, pela regra municipal, deve ser investido no pr\u00f3prio mercado. No momento, est\u00e1 sendo colocado numa conta \u00fanica do munic\u00edpio, o que deixa os permission\u00e1rios incomodados, mas sem questionamentos expl\u00edcitos.<br \/>\nO presidente da Associa\u00e7\u00e3o Comercial de Porto Alegre, Paulo Afonso Pereira, \u00e9 favor\u00e1vel \u00e0 cria\u00e7\u00e3o de um condom\u00ednio privado para gerir o Mercado P\u00fablico: \u201cO prefeito j\u00e1 disse que a Prefeitura \u00e9 incompetente para geri-lo\u201d. Mas garante que n\u00e3o \u00e9 inten\u00e7\u00e3o transform\u00e1-lo num shopping center.<br \/>\n<span class=\"intertit\">Aluguel est\u00e1vel ajuda a regular os pre\u00e7os<\/span><br \/>\nCom 110 bancas que ocupam 7.896 metros quadrados no t\u00e9rreo \u2013 ainda est\u00e3o sem uso os 5 mil metros quadrados do mezanino \u2013, os permission\u00e1rios depositaram no ano passado no Funmercado uma m\u00e9dia mensal de R$ 568,7 mil, valor exigido para concluir a reforma p\u00f3s-inc\u00eandio. Isso d\u00e1 uma m\u00e9dia mensal de R$ 71 por metro quadrado.<br \/>\nSegundo Adriana Kauer, o valor m\u00e9dio do aluguel mensal, que varia de acordo com a localiza\u00e7\u00e3o e a metragem das bancas, gira em torno de R$ 50 por m\u00b2, valor compat\u00edvel com alugu\u00e9is da vizinhan\u00e7a, mas sem compara\u00e7\u00e3o com tarifas de shoppings privados. A\u00ed est\u00e1 o X da quest\u00e3o.<br \/>\n<figure id=\"attachment_55228\" aria-describedby=\"caption-attachment-55228\" style=\"width: 305px\" class=\"wp-caption alignleft\"><img loading=\"lazy\" decoding=\"async\" class=\"wp-image-55228 \" src=\"https:\/\/www.jornalja.com.br\/wp-content\/uploads\/2017\/09\/Adriana-Kauer_Tais-Ratier-2_SITE-318x400.jpg\" alt=\"\" width=\"305\" height=\"381\" \/><figcaption id=\"caption-attachment-55228\" class=\"wp-caption-text\">Adriana Kauer quer manter o modelo | Foto: Tais Ratier<\/figcaption><\/figure><br \/>\nQuanto a isso, Adriana Kauer \u00e9 clara: \u201cNosso maior temor \u00e9 que o Mercado P\u00fablico perca suas caracter\u00edsticas como balizador de pre\u00e7os e centro de ofertas com um <em>mix<\/em> exclusivo de mercadorias\u201d. Ela lembra que a proibi\u00e7\u00e3o do autosservi\u00e7o mant\u00e9m permanentemente empregadas 1.200 pessoas, a maioria delas com muitos anos de carteira assinada, algumas j\u00e1 s\u00f3cias das bancas.<br \/>\nAl\u00e9m de sondar a Prefeitura sobre a PPP, a Associa\u00e7\u00e3o dos Permission\u00e1rios abriu uma agenda de conversa\u00e7\u00f5es com o Sebrae para ver o que \u00e9 poss\u00edvel fazer para melhorar a gest\u00e3o do Mercado. \u00c9 um movimento claramente defensivo.<br \/>\nUm dos primeiros lances dessa parceria de ocasi\u00e3o ser\u00e1 um levantamento sobre o perfil do p\u00fablico consumidor ou usu\u00e1rio do Mercado. Ignora-se o n\u00famero. \u00c9 comum ouvir que diariamente passam pelo Mercado 100 mil pessoas, n\u00famero estimado h\u00e1 mais de uma d\u00e9cada pela Brigada Militar, que fez uma ressalva: a maior parte \u201cpassa\u201d pelo quadril\u00e1tero em fun\u00e7\u00e3o dos meios de transporte coletivo (trem e \u00f4nibus), n\u00e3o necessariamente para comprar, embora possa faz\u00ea-lo. Assim mesmo, por 12 horas corridas a partir das 7h30, \u00e9 ali o maior formigueiro humano da cidade. Um aut\u00eantico pop shopping center.<\/p>\n","protected":false},"excerpt":{"rendered":"<p>O desejo do prefeito Nelson Marchezan Jr. de \u201cmudar a gest\u00e3o\u201d do Mercado P\u00fablico de Porto Alegre ouri\u00e7ou a maioria dos comerciantes estabelecidos no ponto mais antigo da Capital, inaugurado em 1869 e reformado pela \u00faltima vez em 1997. Desconfiada de que uma parceria p\u00fablico-privada (PPP) possa descaracterizar o lugar, a Associa\u00e7\u00e3o dos Permission\u00e1rios do [&hellip;]<\/p>\n","protected":false},"author":4,"featured_media":55230,"comment_status":"open","ping_status":"closed","sticky":false,"template":"","format":"standard","meta":{"_jetpack_newsletter_access":"","_jetpack_dont_email_post_to_subs":false,"_jetpack_newsletter_tier_id":0,"_jetpack_memberships_contains_paywalled_content":false,"_jetpack_feature_clip_id":0,"_jetpack_memberships_contains_paid_content":false,"footnotes":"","jetpack_post_was_ever_published":false},"categories":[7,26],"tags":[],"class_list":["post-55226","post","type-post","status-publish","format-standard","has-post-thumbnail","hentry","category-posicao","category-geral"],"aioseo_notices":[],"aioseo_head":"\n\t\t<!-- All in One SEO 5.0.1.1 - aioseo.com -->\n\t<meta name=\"robots\" content=\"max-image-preview:large\" \/>\n\t<meta name=\"author\" content=\"da Reda\u00e7\u00e3o\"\/>\n\t<link rel=\"canonical\" href=\"https:\/\/www.jornalja.com.br\/arquivo\/55226-2\/\" \/>\n\t<meta name=\"generator\" content=\"All in One SEO (AIOSEO) 5.0.1.1\" \/>\n\t\t<meta property=\"og:locale\" content=\"pt_BR\" \/>\n\t\t<meta property=\"og:site_name\" content=\"Arquivo | Jornal J\u00c1 | Porto Alegre\" \/>\n\t\t<meta property=\"og:type\" content=\"article\" \/>\n\t\t<meta property=\"og:title\" content=\"Mercado P\u00fablico: futuro duvidoso | Arquivo\" \/>\n\t\t<meta property=\"og:url\" content=\"https:\/\/www.jornalja.com.br\/arquivo\/55226-2\/\" \/>\n\t\t<meta property=\"og:image\" content=\"https:\/\/www.jornalja.com.br\/wp-content\/uploads\/2017\/09\/Adriana-Kauer_Tais-Ratier-2_SITE-318x400.jpg\" \/>\n\t\t<meta property=\"og:image:secure_url\" content=\"https:\/\/www.jornalja.com.br\/wp-content\/uploads\/2017\/09\/Adriana-Kauer_Tais-Ratier-2_SITE-318x400.jpg\" \/>\n\t\t<meta property=\"article:published_time\" content=\"2017-09-18T13:28:09+00:00\" \/>\n\t\t<meta property=\"article:modified_time\" content=\"2017-09-18T13:28:09+00:00\" \/>\n\t\t<meta name=\"twitter:card\" content=\"summary\" \/>\n\t\t<meta name=\"twitter:title\" content=\"Mercado P\u00fablico: futuro duvidoso | Arquivo\" \/>\n\t\t<meta name=\"twitter:image\" content=\"https:\/\/www.jornalja.com.br\/economics\/wp-content\/uploads\/sites\/11\/2026\/08\/ja-folhaderosto-facebook.jpg\" \/>\n\t\t<script type=\"application\/ld+json\" class=\"aioseo-schema\">\n\t\t\t{\"@context\":\"https:\\\/\\\/schema.org\",\"@graph\":[{\"@type\":\"BlogPosting\",\"@id\":\"https:\\\/\\\/www.jornalja.com.br\\\/arquivo\\\/55226-2\\\/#blogposting\",\"name\":\"Mercado P\\u00fablico: futuro duvidoso | Arquivo\",\"headline\":\"Mercado P\\u00fablico: futuro duvidoso\",\"author\":{\"@id\":\"https:\\\/\\\/www.jornalja.com.br\\\/arquivo\\\/author\\\/daredacao\\\/#author\"},\"publisher\":{\"@id\":\"https:\\\/\\\/www.jornalja.com.br\\\/arquivo\\\/#organization\"},\"image\":{\"@type\":\"ImageObject\",\"url\":55230},\"datePublished\":\"2017-09-18T10:28:09-03:00\",\"dateModified\":\"2017-09-18T10:28:09-03:00\",\"inLanguage\":\"pt-BR\",\"commentCount\":1,\"mainEntityOfPage\":{\"@id\":\"https:\\\/\\\/www.jornalja.com.br\\\/arquivo\\\/55226-2\\\/#webpage\"},\"isPartOf\":{\"@id\":\"https:\\\/\\\/www.jornalja.com.br\\\/arquivo\\\/55226-2\\\/#webpage\"},\"articleSection\":\"CAPA DO SITE, Geral\"},{\"@type\":\"BreadcrumbList\",\"@id\":\"https:\\\/\\\/www.jornalja.com.br\\\/arquivo\\\/55226-2\\\/#breadcrumblist\",\"itemListElement\":[{\"@type\":\"ListItem\",\"@id\":\"https:\\\/\\\/www.jornalja.com.br\\\/arquivo#listItem\",\"position\":1,\"name\":\"Home\",\"item\":\"https:\\\/\\\/www.jornalja.com.br\\\/arquivo\",\"nextItem\":{\"@type\":\"ListItem\",\"@id\":\"https:\\\/\\\/www.jornalja.com.br\\\/arquivo\\\/category\\\/posicao\\\/#listItem\",\"name\":\"CAPA DO SITE\"}},{\"@type\":\"ListItem\",\"@id\":\"https:\\\/\\\/www.jornalja.com.br\\\/arquivo\\\/category\\\/posicao\\\/#listItem\",\"position\":2,\"name\":\"CAPA DO SITE\",\"item\":\"https:\\\/\\\/www.jornalja.com.br\\\/arquivo\\\/category\\\/posicao\\\/\",\"nextItem\":{\"@type\":\"ListItem\",\"@id\":\"https:\\\/\\\/www.jornalja.com.br\\\/arquivo\\\/55226-2\\\/#listItem\",\"name\":\"Mercado P\\u00fablico: futuro duvidoso\"},\"previousItem\":{\"@type\":\"ListItem\",\"@id\":\"https:\\\/\\\/www.jornalja.com.br\\\/arquivo#listItem\",\"name\":\"Home\"}},{\"@type\":\"ListItem\",\"@id\":\"https:\\\/\\\/www.jornalja.com.br\\\/arquivo\\\/55226-2\\\/#listItem\",\"position\":3,\"name\":\"Mercado P\\u00fablico: futuro duvidoso\",\"previousItem\":{\"@type\":\"ListItem\",\"@id\":\"https:\\\/\\\/www.jornalja.com.br\\\/arquivo\\\/category\\\/posicao\\\/#listItem\",\"name\":\"CAPA DO SITE\"}}]},{\"@type\":\"Organization\",\"@id\":\"https:\\\/\\\/www.jornalja.com.br\\\/arquivo\\\/#organization\",\"name\":\"Jornal J\\u00c1\",\"description\":\"Jornal J\\u00c1 | Porto Alegre\",\"url\":\"https:\\\/\\\/www.jornalja.com.br\\\/arquivo\\\/\",\"telephone\":\"+555133307272\",\"logo\":{\"@type\":\"ImageObject\",\"url\":\"https:\\\/\\\/www.jornalja.com.br\\\/wp-content\\\/uploads\\\/cards\\\/JAslogan.png\",\"@id\":\"https:\\\/\\\/www.jornalja.com.br\\\/arquivo\\\/55226-2\\\/#organizationLogo\"},\"image\":{\"@id\":\"https:\\\/\\\/www.jornalja.com.br\\\/arquivo\\\/55226-2\\\/#organizationLogo\"}},{\"@type\":\"Person\",\"@id\":\"https:\\\/\\\/www.jornalja.com.br\\\/arquivo\\\/author\\\/daredacao\\\/#author\",\"url\":\"https:\\\/\\\/www.jornalja.com.br\\\/arquivo\\\/author\\\/daredacao\\\/\",\"name\":\"da Reda\\u00e7\\u00e3o\",\"image\":{\"@type\":\"ImageObject\",\"@id\":\"https:\\\/\\\/www.jornalja.com.br\\\/arquivo\\\/55226-2\\\/#authorImage\",\"url\":\"https:\\\/\\\/secure.gravatar.com\\\/avatar\\\/469fd857d6605ad19919d27ed29d35a968a25f6e8fd9318356bbb7f57aae9c65?s=96&d=mm&r=g\",\"width\":96,\"height\":96,\"caption\":\"da Reda\\u00e7\\u00e3o\"}},{\"@type\":\"WebPage\",\"@id\":\"https:\\\/\\\/www.jornalja.com.br\\\/arquivo\\\/55226-2\\\/#webpage\",\"url\":\"https:\\\/\\\/www.jornalja.com.br\\\/arquivo\\\/55226-2\\\/\",\"name\":\"Mercado P\\u00fablico: futuro duvidoso | Arquivo\",\"inLanguage\":\"pt-BR\",\"isPartOf\":{\"@id\":\"https:\\\/\\\/www.jornalja.com.br\\\/arquivo\\\/#website\"},\"breadcrumb\":{\"@id\":\"https:\\\/\\\/www.jornalja.com.br\\\/arquivo\\\/55226-2\\\/#breadcrumblist\"},\"author\":{\"@id\":\"https:\\\/\\\/www.jornalja.com.br\\\/arquivo\\\/author\\\/daredacao\\\/#author\"},\"creator\":{\"@id\":\"https:\\\/\\\/www.jornalja.com.br\\\/arquivo\\\/author\\\/daredacao\\\/#author\"},\"image\":{\"@type\":\"ImageObject\",\"url\":55230,\"@id\":\"https:\\\/\\\/www.jornalja.com.br\\\/arquivo\\\/55226-2\\\/#mainImage\"},\"primaryImageOfPage\":{\"@id\":\"https:\\\/\\\/www.jornalja.com.br\\\/arquivo\\\/55226-2\\\/#mainImage\"},\"datePublished\":\"2017-09-18T10:28:09-03:00\",\"dateModified\":\"2017-09-18T10:28:09-03:00\"},{\"@type\":\"WebSite\",\"@id\":\"https:\\\/\\\/www.jornalja.com.br\\\/arquivo\\\/#website\",\"url\":\"https:\\\/\\\/www.jornalja.com.br\\\/arquivo\\\/\",\"name\":\"Arquivo\",\"description\":\"Jornal J\\u00c1 | Porto Alegre\",\"inLanguage\":\"pt-BR\",\"publisher\":{\"@id\":\"https:\\\/\\\/www.jornalja.com.br\\\/arquivo\\\/#organization\"}}]}\n\t\t<\/script>\n\t\t<!-- All in One SEO -->\n\n","aioseo_head_json":{"title":"Mercado P\u00fablico: futuro duvidoso | Arquivo","description":"","canonical_url":"https:\/\/www.jornalja.com.br\/arquivo\/55226-2\/","robots":"max-image-preview:large","keywords":"","webmasterTools":{"miscellaneous":""},"schema":{"@context":"https:\/\/schema.org","@graph":[{"@type":"BlogPosting","@id":"https:\/\/www.jornalja.com.br\/arquivo\/55226-2\/#blogposting","name":"Mercado P\u00fablico: futuro duvidoso | Arquivo","headline":"Mercado P\u00fablico: futuro duvidoso","author":{"@id":"https:\/\/www.jornalja.com.br\/arquivo\/author\/daredacao\/#author"},"publisher":{"@id":"https:\/\/www.jornalja.com.br\/arquivo\/#organization"},"image":{"@type":"ImageObject","url":55230},"datePublished":"2017-09-18T10:28:09-03:00","dateModified":"2017-09-18T10:28:09-03:00","inLanguage":"pt-BR","commentCount":1,"mainEntityOfPage":{"@id":"https:\/\/www.jornalja.com.br\/arquivo\/55226-2\/#webpage"},"isPartOf":{"@id":"https:\/\/www.jornalja.com.br\/arquivo\/55226-2\/#webpage"},"articleSection":"CAPA DO SITE, Geral"},{"@type":"BreadcrumbList","@id":"https:\/\/www.jornalja.com.br\/arquivo\/55226-2\/#breadcrumblist","itemListElement":[{"@type":"ListItem","@id":"https:\/\/www.jornalja.com.br\/arquivo#listItem","position":1,"name":"Home","item":"https:\/\/www.jornalja.com.br\/arquivo","nextItem":{"@type":"ListItem","@id":"https:\/\/www.jornalja.com.br\/arquivo\/category\/posicao\/#listItem","name":"CAPA DO SITE"}},{"@type":"ListItem","@id":"https:\/\/www.jornalja.com.br\/arquivo\/category\/posicao\/#listItem","position":2,"name":"CAPA DO SITE","item":"https:\/\/www.jornalja.com.br\/arquivo\/category\/posicao\/","nextItem":{"@type":"ListItem","@id":"https:\/\/www.jornalja.com.br\/arquivo\/55226-2\/#listItem","name":"Mercado P\u00fablico: futuro duvidoso"},"previousItem":{"@type":"ListItem","@id":"https:\/\/www.jornalja.com.br\/arquivo#listItem","name":"Home"}},{"@type":"ListItem","@id":"https:\/\/www.jornalja.com.br\/arquivo\/55226-2\/#listItem","position":3,"name":"Mercado P\u00fablico: futuro duvidoso","previousItem":{"@type":"ListItem","@id":"https:\/\/www.jornalja.com.br\/arquivo\/category\/posicao\/#listItem","name":"CAPA DO SITE"}}]},{"@type":"Organization","@id":"https:\/\/www.jornalja.com.br\/arquivo\/#organization","name":"Jornal J\u00c1","description":"Jornal J\u00c1 | Porto Alegre","url":"https:\/\/www.jornalja.com.br\/arquivo\/","telephone":"+555133307272","logo":{"@type":"ImageObject","url":"https:\/\/www.jornalja.com.br\/wp-content\/uploads\/cards\/JAslogan.png","@id":"https:\/\/www.jornalja.com.br\/arquivo\/55226-2\/#organizationLogo"},"image":{"@id":"https:\/\/www.jornalja.com.br\/arquivo\/55226-2\/#organizationLogo"}},{"@type":"Person","@id":"https:\/\/www.jornalja.com.br\/arquivo\/author\/daredacao\/#author","url":"https:\/\/www.jornalja.com.br\/arquivo\/author\/daredacao\/","name":"da Reda\u00e7\u00e3o","image":{"@type":"ImageObject","@id":"https:\/\/www.jornalja.com.br\/arquivo\/55226-2\/#authorImage","url":"https:\/\/secure.gravatar.com\/avatar\/469fd857d6605ad19919d27ed29d35a968a25f6e8fd9318356bbb7f57aae9c65?s=96&d=mm&r=g","width":96,"height":96,"caption":"da Reda\u00e7\u00e3o"}},{"@type":"WebPage","@id":"https:\/\/www.jornalja.com.br\/arquivo\/55226-2\/#webpage","url":"https:\/\/www.jornalja.com.br\/arquivo\/55226-2\/","name":"Mercado P\u00fablico: futuro duvidoso | Arquivo","inLanguage":"pt-BR","isPartOf":{"@id":"https:\/\/www.jornalja.com.br\/arquivo\/#website"},"breadcrumb":{"@id":"https:\/\/www.jornalja.com.br\/arquivo\/55226-2\/#breadcrumblist"},"author":{"@id":"https:\/\/www.jornalja.com.br\/arquivo\/author\/daredacao\/#author"},"creator":{"@id":"https:\/\/www.jornalja.com.br\/arquivo\/author\/daredacao\/#author"},"image":{"@type":"ImageObject","url":55230,"@id":"https:\/\/www.jornalja.com.br\/arquivo\/55226-2\/#mainImage"},"primaryImageOfPage":{"@id":"https:\/\/www.jornalja.com.br\/arquivo\/55226-2\/#mainImage"},"datePublished":"2017-09-18T10:28:09-03:00","dateModified":"2017-09-18T10:28:09-03:00"},{"@type":"WebSite","@id":"https:\/\/www.jornalja.com.br\/arquivo\/#website","url":"https:\/\/www.jornalja.com.br\/arquivo\/","name":"Arquivo","description":"Jornal J\u00c1 | Porto Alegre","inLanguage":"pt-BR","publisher":{"@id":"https:\/\/www.jornalja.com.br\/arquivo\/#organization"}}]},"og:locale":"pt_BR","og:site_name":"Arquivo | Jornal J\u00c1 | Porto Alegre","og:type":"article","og:title":"Mercado P\u00fablico: futuro duvidoso | Arquivo","og:url":"https:\/\/www.jornalja.com.br\/arquivo\/55226-2\/","og:image":"https:\/\/www.jornalja.com.br\/wp-content\/uploads\/2017\/09\/Adriana-Kauer_Tais-Ratier-2_SITE-318x400.jpg","og:image:secure_url":"https:\/\/www.jornalja.com.br\/wp-content\/uploads\/2017\/09\/Adriana-Kauer_Tais-Ratier-2_SITE-318x400.jpg","article:published_time":"2017-09-18T13:28:09+00:00","article:modified_time":"2017-09-18T13:28:09+00:00","twitter:card":"summary","twitter:title":"Mercado P\u00fablico: futuro duvidoso | Arquivo","twitter:image":"https:\/\/www.jornalja.com.br\/economics\/wp-content\/uploads\/sites\/11\/2026\/08\/ja-folhaderosto-facebook.jpg"},"aioseo_meta_data":{"post_id":"55226","title":null,"description":null,"keywords":null,"keyphrases":null,"primary_term":null,"canonical_url":null,"og_title":null,"og_description":null,"og_object_type":"default","og_image_type":"default","og_image_url":null,"og_image_width":null,"og_image_height":null,"og_image_custom_url":null,"og_image_custom_fields":null,"og_video":null,"og_custom_url":null,"og_article_section":null,"og_article_tags":null,"twitter_use_og":false,"twitter_card":"default","twitter_image_type":"default","twitter_image_url":null,"twitter_image_custom_url":null,"twitter_image_custom_fields":null,"twitter_title":null,"twitter_description":null,"schema":{"blockGraphs":[],"customGraphs":[],"default":{"data":{"Article":[],"Course":[],"Dataset":[],"FAQPage":[],"Movie":[],"Person":[],"Product":[],"ProductReview":[],"Car":[],"Recipe":[],"Service":[],"SoftwareApplication":[],"WebPage":[]},"graphName":"","isEnabled":true},"graphs":[]},"schema_type":null,"schema_type_options":null,"pillar_content":false,"robots_default":true,"robots_noindex":false,"robots_noarchive":false,"robots_nosnippet":false,"robots_nofollow":false,"robots_noimageindex":false,"robots_noodp":false,"robots_notranslate":false,"robots_max_snippet":null,"robots_max_videopreview":null,"robots_max_imagepreview":"large","priority":null,"frequency":null,"location":null,"local_seo":null,"breadcrumb_settings":null,"limit_modified_date":false,"ai":null,"created":"2020-12-20 20:25:01","updated":"2025-07-20 01:14:41","seo_analyzer_scan_date":null,"focus_keyword":null,"additional_keywords":null,"truseo_locale":null},"jetpack_sharing_enabled":true,"jetpack-related-posts":[{"id":13124,"url":"https:\/\/www.jornalja.com.br\/arquivo\/sangue-latino-no-iecine\/","url_meta":{"origin":55226,"position":0},"title":"Sangue latino no IECINE","author":"da Reda\u00e7\u00e3o","date":"18 de maio de 2014","format":false,"excerpt":"Francisco Ribeiro O Instituto Estadual de Cinema (IECINE) tem a frente, desde abril \u00faltimo, um novo diretor, o cineasta colombiano Juan Zapata, 36, que substitui Luiz Alberto Cassol. Radicado h\u00e1 dez anos em Porto Alegre, Zapata tem diante de si o desafio de conduzir at\u00e9 o final do ano um\u2026","rel":"","context":"Em &quot;Cultura-Geral&quot;","block_context":{"text":"Cultura-Geral","link":"https:\/\/www.jornalja.com.br\/arquivo\/category\/materiasecundaria\/"},"img":{"alt_text":"","src":"","width":0,"height":0},"classes":[]},{"id":14241,"url":"https:\/\/www.jornalja.com.br\/arquivo\/o-guaiba-nas-imagens-poeticas-de-achutti\/","url_meta":{"origin":55226,"position":1},"title":"O Gua\u00edba nas imagens po\u00e9ticas de Achutti","author":"da Reda\u00e7\u00e3o","date":"18 de junho de 2014","format":false,"excerpt":"Em \u201cO Gua\u00edba por Achutti\u201d \u2013 obra financiada via Minist\u00e9rio da Cultura, produ\u00e7\u00e3o executiva de Pedro Longhi, e Fl\u00e1vio Wild como designer \u2013, o fot\u00f3grafo revela a beleza e as mazelas de um espa\u00e7o aqu\u00e1tico de \u00e1guas sempre renovadas, cheio de hist\u00f3rias e lendas como as das cidades que foram\u2026","rel":"","context":"Em &quot;Cultura-Geral&quot;","block_context":{"text":"Cultura-Geral","link":"https:\/\/www.jornalja.com.br\/arquivo\/category\/materiasecundaria\/"},"img":{"alt_text":"","src":"","width":0,"height":0},"classes":[]},{"id":13109,"url":"https:\/\/www.jornalja.com.br\/arquivo\/judiciario-reconhece-poluicao-eletromagnetica\/","url_meta":{"origin":55226,"position":2},"title":"Judici\u00e1rio reconhece polui\u00e7\u00e3o eletromagn\u00e9tica","author":"Patr\u00edcia Marini","date":"16 de maio de 2014","format":false,"excerpt":"A\u00e7\u00e3o de duas associa\u00e7\u00f5es de moradores foi acolhida pelo Tribunal de Justi\u00e7a de S\u00e3o Paulo que. em decis\u00e3o in\u00e9dita, determinou a redu\u00e7\u00e3o do campo eletromagn\u00e9tico gerado pelas linhas de transmiss\u00e3o de energia que cortam os bairros City Boa\u00e7ava e Alto de Pinheiros. \u00c9 a primeira vez que um tribunal do\u2026","rel":"","context":"Em &quot;X.Categorias velhas&quot;","block_context":{"text":"X.Categorias velhas","link":"https:\/\/www.jornalja.com.br\/arquivo\/category\/x-categorias-velhas\/"},"img":{"alt_text":"","src":"","width":0,"height":0},"classes":[]},{"id":12960,"url":"https:\/\/www.jornalja.com.br\/arquivo\/populacao-culpa-empresas-pela-greve-dos-rodoviarios\/","url_meta":{"origin":55226,"position":3},"title":"Popula\u00e7\u00e3o culpa empresas pela greve","author":"Patr\u00edcia Marini","date":"14 de fevereiro de 2014","format":false,"excerpt":"Pesquisa divulgada na edi\u00e7\u00e3o do jornal Metro desta sexta-feira,14, comprova o velho ditado: \u00e9 poss\u00edvel enganar muitos por algum tempo, mas n\u00e3o \u00e9 poss\u00edvel enganar a todos o tempo inteiro. A principal revela\u00e7\u00e3o foi que 59,8% dos entrevistados apontaram as empresas como as principais respons\u00e1veis pela grave e 46% culparam\u2026","rel":"","context":"Em &quot;X.Categorias velhas&quot;","block_context":{"text":"X.Categorias velhas","link":"https:\/\/www.jornalja.com.br\/arquivo\/category\/x-categorias-velhas\/"},"img":{"alt_text":"","src":"","width":0,"height":0},"classes":[]},{"id":1280,"url":"https:\/\/www.jornalja.com.br\/arquivo\/o-menino-que-se-tornou-brizola\/","url_meta":{"origin":55226,"position":4},"title":"O Menino que se Tornou Brizola","author":"da Reda\u00e7\u00e3o","date":"28 de julho de 2008","format":false,"excerpt":"Autor: Cleber Dioni A vida de Leonel Brizola, com \u00eanfase para os primeiros anos em Porto Alegre, at\u00e9 o ex\u00edlio no Uruguai e a volta, quinze anos depois. \u00a0\"...\u00c9ramos todos jovens e nos identific\u00e1vamos com aquela massa an\u00f4nima a percorrer as ruas de Porto Alegre, gritando 'Get\u00falio', 'Get\u00falio' e empunhando\u2026","rel":"","context":"Em &quot;Livros&quot;","block_context":{"text":"Livros","link":"https:\/\/www.jornalja.com.br\/arquivo\/category\/livros\/"},"img":{"alt_text":"","src":"https:\/\/i0.wp.com\/www.jornalja.com.br\/wp-content\/uploads\/2008\/07\/brizola.gif?resize=350%2C200&ssl=1","width":350,"height":200},"classes":[]},{"id":5440,"url":"https:\/\/www.jornalja.com.br\/arquivo\/casarao-da-venancio-destino-permanece-incerto\/","url_meta":{"origin":55226,"position":5},"title":"Estado ainda n\u00e3o sabe o que fazer com casar\u00e3o abandonado h\u00e1 20 anos","author":"Elmar Bones","date":"6 de julho de 2009","format":false,"excerpt":"O casar\u00e3o amarelo, numa esquina nobre de Porto Alegre (Ven\u00e2ncio Aires com Jo\u00e3o Pessoa), j\u00e1 abrigou uma escola. H\u00e1 duas d\u00e9cadas, pelo menos, est\u00e1 abandonado, porque seu propriet\u00e1rio, o governo do Estado do Rio Grande do Sul, n\u00e3o consegue achar um destino para ele. Planos n\u00e3o faltaram. O governador Ol\u00edvio\u2026","rel":"","context":"Em &quot;X.Categorias velhas&quot;","block_context":{"text":"X.Categorias velhas","link":"https:\/\/www.jornalja.com.br\/arquivo\/category\/x-categorias-velhas\/"},"img":{"alt_text":"geraldo1","src":"https:\/\/i0.wp.com\/www.jornalja.com.br\/wp-content\/uploads\/2009\/07\/geraldo1.jpg?resize=350%2C200&ssl=1","width":350,"height":200},"classes":[]}],"jetpack_shortlink":"https:\/\/wp.me\/pbQjBd-emK","jetpack_featured_media_url":"","_links":{"self":[{"href":"https:\/\/www.jornalja.com.br\/arquivo\/wp-json\/wp\/v2\/posts\/55226","targetHints":{"allow":["GET"]}}],"collection":[{"href":"https:\/\/www.jornalja.com.br\/arquivo\/wp-json\/wp\/v2\/posts"}],"about":[{"href":"https:\/\/www.jornalja.com.br\/arquivo\/wp-json\/wp\/v2\/types\/post"}],"author":[{"embeddable":true,"href":"https:\/\/www.jornalja.com.br\/arquivo\/wp-json\/wp\/v2\/users\/4"}],"replies":[{"embeddable":true,"href":"https:\/\/www.jornalja.com.br\/arquivo\/wp-json\/wp\/v2\/comments?post=55226"}],"version-history":[{"count":0,"href":"https:\/\/www.jornalja.com.br\/arquivo\/wp-json\/wp\/v2\/posts\/55226\/revisions"}],"wp:attachment":[{"href":"https:\/\/www.jornalja.com.br\/arquivo\/wp-json\/wp\/v2\/media?parent=55226"}],"wp:term":[{"taxonomy":"category","embeddable":true,"href":"https:\/\/www.jornalja.com.br\/arquivo\/wp-json\/wp\/v2\/categories?post=55226"},{"taxonomy":"post_tag","embeddable":true,"href":"https:\/\/www.jornalja.com.br\/arquivo\/wp-json\/wp\/v2\/tags?post=55226"}],"curies":[{"name":"wp","href":"https:\/\/api.w.org\/{rel}","templated":true}]}}