{"id":55283,"date":"2017-09-18T21:46:08","date_gmt":"2017-09-19T00:46:08","guid":{"rendered":"https:\/\/www.jornalja.com.br\/?p=55283"},"modified":"2017-09-18T21:46:08","modified_gmt":"2017-09-19T00:46:08","slug":"revisao-do-iptu-relatorio-e-aprovado-e-projeto-ira-a-votacao-no-dia-25","status":"publish","type":"post","link":"https:\/\/www.jornalja.com.br\/arquivo\/revisao-do-iptu-relatorio-e-aprovado-e-projeto-ira-a-votacao-no-dia-25\/","title":{"rendered":"Revis\u00e3o do IPTU: relat\u00f3rio \u00e9 aprovado e projeto ir\u00e1 a vota\u00e7\u00e3o no dia 25"},"content":{"rendered":"<p>O relat\u00f3rio do projeto de revis\u00e3o do Imposto Predial e Territorial Urbano (IPTU), apresentado pelo governo Marchezan em agosto, foi aprovado em sess\u00e3o conjunta por duas comiss\u00f5es, na tarde desta segunda-feira, 18\/09, na C\u00e2mara de Vereadores em Porto Alegre.<br \/>\nA Comiss\u00e3o de Economia, Finan\u00e7as, Or\u00e7amento e do Mercosul (Cefor) e a\u00a0Comiss\u00e3o de Constitui\u00e7\u00e3o e Justi\u00e7a (CCJ) foram favor\u00e1veis. A Comiss\u00e3o de Urbaniza\u00e7\u00e3o, Transportes e Habita\u00e7\u00e3o (Cuthab) deu parecer contr\u00e1rio. Com isso o projeto j\u00e1 pode ir a plen\u00e1rio em 48 horas. Na pr\u00f3xima quinta, j\u00e1 que quarta-feira \u00e9 feriado, a reuni\u00e3o de l\u00edderes deve decidir pela coloca\u00e7\u00e3o do projeto na ordem do dia.<br \/>\nO governo tem pressa para aprovar, j\u00e1 que para entrar no c\u00e1lculo de 2018, o prefeito deve sancionar a nova lei at\u00e9 o dia 29 de setembro. Marchezan espera arrecadar ao menos R$ 70 milh\u00f5es a mais anualmente.<br \/>\n<span class=\"intertit\">Liberais contra o aumento, oposi\u00e7\u00e3o a favor do IPTU progressivo<\/span><br \/>\nO tema foi debatido por cerca de quatro horas. De um lado vereadores acostumados a ter a mesma linha de pensamento do governo se dizendo contra o atual projeto. \u00c9 o caso dos vereadores Ricardo Gomes (PP) e Felipe Camozzato (NOVO), considerados liberais de cartilha. Gomes, ex-secret\u00e1rio da atual gest\u00e3o, voltou a reiterar sua contrariedade: &#8220;Somos contra o aumento de imposto. O governo tem de encontrar outras solu\u00e7\u00f5es&#8221;.<br \/>\nJ\u00e1 a oposi\u00e7\u00e3o se mostrou a favor do IPTU progressivo, por\u00e9m, os dois partidos, PT e PSOL, tem diverg\u00eancias. Na bancada do PSOL \u00e9 defendido uma ampla discuss\u00e3o do projeto. &#8220;N\u00e3o adianta o prefeito apresentar o projeto aos 45 do segundo tempo&#8221;, criticou o vereador Roberto Robaina. Ele e sua bancada tamb\u00e9m defendem que propriedades com valor avaliados em mais de R$ 5 milh\u00f5es tenham imposto ainda maior. Na proposta atual, o valor m\u00e1ximo \u00e9 cobrado para im\u00f3veis com valor acima de um milh\u00e3o de reais.<br \/>\nNa bancada do PT, a vereadora Sofia Cavedon foi uma das parlamentares que defendeu a altera\u00e7\u00e3o do valor venal na planta de im\u00f3veis. Ela lembrou que a revis\u00e3o do IPTU foi tentada na \u00faltima gest\u00e3o do PT, em 2001, mas que o projeto foi recusado.<br \/>\n<span class=\"intertit\">Governo Marchezan negocia aprova\u00e7\u00e3o com bancada do PT <\/span><br \/>\nAinda com resist\u00eancia entre os vereadores da base, Marchezan pode precisar dos quatro votos do PT para aprovar o projeto. As duas partes negam uma negocia\u00e7\u00e3o, mas n\u00e3o escondem que haver\u00e1 uma reuni\u00e3o nesta ter\u00e7a-feira, 19\/09. Mois\u00e9s Barboza (PSDB), l\u00edder do governo, e a bancada do PT se encontrar\u00e3o na sala da lideran\u00e7a \u00e0s 14 horas. &#8220;Queremos discutir todos os projetos e as inten\u00e7\u00f5es do prefeito para a cidade. Dmae, Carris, vamos conversar&#8221;, declarou a l\u00edder da bancada do PT, Sofia Cavedon. Barboza tamb\u00e9m admitiu a discuss\u00e3o do IPTU. &#8220;Se o PT tiver uma proposta com justi\u00e7a tribut\u00e1ria&#8230;&#8221;, salientou Barboza.<br \/>\nJ\u00e1 o vereador Idenir Cecchin (PMDB), relator do projeto, apesar de ter dado parecer favor\u00e1vel, admitiu: &#8220;poderia ter sido enviado antes, mas ainda h\u00e1 tempo para discuss\u00e3o&#8221;. Cecchin tamb\u00e9m acolheu as 22 emendas apresentadas at\u00e9 o dia de hoje para sem debatidas em plen\u00e1rio. Ao final de seu discurso na tribuna Cecchin declarou: &#8220;Saio daqui hoje sem entender nada&#8221;, referindo-se aos posicionamentos contr\u00e1rios ao projeto de vereadores da base e da opini\u00e3o a favor da bancada do PT.<br \/>\n<span class=\"intertit\">Entenda o projeto de Marchezan\u00a0<\/span><br \/>\nO governo prop\u00f5e uma atualiza\u00e7\u00e3o completa da Planta de Valores em Porto Alegre (revis\u00e3o de todos os valores venais); al\u00e9m da revis\u00e3o das isen\u00e7\u00f5es, clubes esportivos, por exemplo, o Gr\u00eamio e o Internacional, podem perder o beneficio; e trocar ainda a atual al\u00edquota \u00fanica, de 0,85%, para im\u00f3veis residenciais, por al\u00edquotas progressivas:<\/p>\n<ul>\n<li><strong>\u2013 al\u00edquota zero para im\u00f3veis com valor at\u00e9 R$60 mil;<\/strong><\/li>\n<li><strong>\u2013 0,4% para im\u00f3veis com valor entre R$ 60 e R$ 100 mil;<\/strong><\/li>\n<li><strong>\u2013 0,5% para im\u00f3veis com valor entre R$ 100 e R$ 300 mil;<\/strong><\/li>\n<li><strong>\u2013 0,6% para im\u00f3veis com valor entre R$ 300 e R$ 500 mil;<\/strong><\/li>\n<li><strong>\u2013 0,7% para im\u00f3veis com valor entre R$ 500 mil e R$ 1 milh\u00e3o;<\/strong><\/li>\n<li><strong>\u2013 0,8% para im\u00f3veis com valor de mais de R$ 1 milh\u00e3o.<\/strong><\/li>\n<\/ul>\n<p>O governo diz que 142 mil contribuintes, que pagam at\u00e9 R$ 500 de imposto, ter\u00e3o redu\u00e7\u00e3o. Para os aposentados, o projeto prop\u00f5e um limitador de renda at\u00e9 tr\u00eas sal\u00e1rios e que seja o \u00fanico im\u00f3vel do contribuinte.<br \/>\nComo a revis\u00e3o das valores venais aprovada, o valor do imposto aumentar\u00e1 de forma escalonada at\u00e9 2020. Em m\u00e9dia 30%, podendo chegar at\u00e9 a 50%.<\/p>\n","protected":false},"excerpt":{"rendered":"<p>O relat\u00f3rio do projeto de revis\u00e3o do Imposto Predial e Territorial Urbano (IPTU), apresentado pelo governo Marchezan em agosto, foi aprovado em sess\u00e3o conjunta por duas comiss\u00f5es, na tarde desta segunda-feira, 18\/09, na C\u00e2mara de Vereadores em Porto Alegre. A Comiss\u00e3o de Economia, Finan\u00e7as, Or\u00e7amento e do Mercosul (Cefor) e a\u00a0Comiss\u00e3o de Constitui\u00e7\u00e3o e Justi\u00e7a [&hellip;]<\/p>\n","protected":false},"author":4,"featured_media":55288,"comment_status":"open","ping_status":"closed","sticky":false,"template":"","format":"standard","meta":{"_jetpack_newsletter_access":"","_jetpack_dont_email_post_to_subs":false,"_jetpack_newsletter_tier_id":0,"_jetpack_memberships_contains_paywalled_content":false,"_jetpack_feature_clip_id":0,"_jetpack_memberships_contains_paid_content":false,"footnotes":"","jetpack_post_was_ever_published":false},"categories":[26],"tags":[],"class_list":["post-55283","post","type-post","status-publish","format-standard","has-post-thumbnail","hentry","category-geral"],"aioseo_notices":[],"aioseo_head":"\n\t\t<!-- All in One SEO 5.0.1.1 - aioseo.com -->\n\t<meta name=\"robots\" content=\"max-image-preview:large\" \/>\n\t<meta name=\"author\" content=\"da Reda\u00e7\u00e3o\"\/>\n\t<link rel=\"canonical\" href=\"https:\/\/www.jornalja.com.br\/arquivo\/revisao-do-iptu-relatorio-e-aprovado-e-projeto-ira-a-votacao-no-dia-25\/\" \/>\n\t<meta name=\"generator\" content=\"All in One SEO (AIOSEO) 5.0.1.1\" \/>\n\t\t<meta property=\"og:locale\" content=\"pt_BR\" \/>\n\t\t<meta property=\"og:site_name\" content=\"Arquivo | Jornal J\u00c1 | Porto Alegre\" \/>\n\t\t<meta property=\"og:type\" content=\"article\" \/>\n\t\t<meta property=\"og:title\" content=\"Revis\u00e3o do IPTU: relat\u00f3rio \u00e9 aprovado e projeto ir\u00e1 a vota\u00e7\u00e3o no dia 25 | Arquivo\" \/>\n\t\t<meta property=\"og:url\" content=\"https:\/\/www.jornalja.com.br\/arquivo\/revisao-do-iptu-relatorio-e-aprovado-e-projeto-ira-a-votacao-no-dia-25\/\" \/>\n\t\t<meta property=\"og:image\" content=\"https:\/\/www.jornalja.com.br\/economics\/wp-content\/uploads\/sites\/11\/2026\/08\/ja-folhaderosto-facebook.jpg\" \/>\n\t\t<meta property=\"og:image:secure_url\" content=\"https:\/\/www.jornalja.com.br\/economics\/wp-content\/uploads\/sites\/11\/2026\/08\/ja-folhaderosto-facebook.jpg\" \/>\n\t\t<meta property=\"article:published_time\" content=\"2017-09-19T00:46:08+00:00\" \/>\n\t\t<meta property=\"article:modified_time\" content=\"2017-09-19T00:46:08+00:00\" \/>\n\t\t<meta name=\"twitter:card\" content=\"summary\" \/>\n\t\t<meta name=\"twitter:title\" content=\"Revis\u00e3o do IPTU: relat\u00f3rio \u00e9 aprovado e projeto ir\u00e1 a vota\u00e7\u00e3o no dia 25 | Arquivo\" \/>\n\t\t<meta name=\"twitter:image\" content=\"https:\/\/www.jornalja.com.br\/economics\/wp-content\/uploads\/sites\/11\/2026\/08\/ja-folhaderosto-facebook.jpg\" \/>\n\t\t<script type=\"application\/ld+json\" class=\"aioseo-schema\">\n\t\t\t{\"@context\":\"https:\\\/\\\/schema.org\",\"@graph\":[{\"@type\":\"BlogPosting\",\"@id\":\"https:\\\/\\\/www.jornalja.com.br\\\/arquivo\\\/revisao-do-iptu-relatorio-e-aprovado-e-projeto-ira-a-votacao-no-dia-25\\\/#blogposting\",\"name\":\"Revis\\u00e3o do IPTU: relat\\u00f3rio \\u00e9 aprovado e projeto ir\\u00e1 a vota\\u00e7\\u00e3o no dia 25 | Arquivo\",\"headline\":\"Revis\\u00e3o do IPTU: relat\\u00f3rio \\u00e9 aprovado e projeto ir\\u00e1 a vota\\u00e7\\u00e3o no dia 25\",\"author\":{\"@id\":\"https:\\\/\\\/www.jornalja.com.br\\\/arquivo\\\/author\\\/daredacao\\\/#author\"},\"publisher\":{\"@id\":\"https:\\\/\\\/www.jornalja.com.br\\\/arquivo\\\/#organization\"},\"image\":{\"@type\":\"ImageObject\",\"url\":55288},\"datePublished\":\"2017-09-18T21:46:08-03:00\",\"dateModified\":\"2017-09-18T21:46:08-03:00\",\"inLanguage\":\"pt-BR\",\"mainEntityOfPage\":{\"@id\":\"https:\\\/\\\/www.jornalja.com.br\\\/arquivo\\\/revisao-do-iptu-relatorio-e-aprovado-e-projeto-ira-a-votacao-no-dia-25\\\/#webpage\"},\"isPartOf\":{\"@id\":\"https:\\\/\\\/www.jornalja.com.br\\\/arquivo\\\/revisao-do-iptu-relatorio-e-aprovado-e-projeto-ira-a-votacao-no-dia-25\\\/#webpage\"},\"articleSection\":\"Geral\"},{\"@type\":\"BreadcrumbList\",\"@id\":\"https:\\\/\\\/www.jornalja.com.br\\\/arquivo\\\/revisao-do-iptu-relatorio-e-aprovado-e-projeto-ira-a-votacao-no-dia-25\\\/#breadcrumblist\",\"itemListElement\":[{\"@type\":\"ListItem\",\"@id\":\"https:\\\/\\\/www.jornalja.com.br\\\/arquivo#listItem\",\"position\":1,\"name\":\"Home\",\"item\":\"https:\\\/\\\/www.jornalja.com.br\\\/arquivo\",\"nextItem\":{\"@type\":\"ListItem\",\"@id\":\"https:\\\/\\\/www.jornalja.com.br\\\/arquivo\\\/category\\\/geral\\\/#listItem\",\"name\":\"Geral\"}},{\"@type\":\"ListItem\",\"@id\":\"https:\\\/\\\/www.jornalja.com.br\\\/arquivo\\\/category\\\/geral\\\/#listItem\",\"position\":2,\"name\":\"Geral\",\"item\":\"https:\\\/\\\/www.jornalja.com.br\\\/arquivo\\\/category\\\/geral\\\/\",\"nextItem\":{\"@type\":\"ListItem\",\"@id\":\"https:\\\/\\\/www.jornalja.com.br\\\/arquivo\\\/revisao-do-iptu-relatorio-e-aprovado-e-projeto-ira-a-votacao-no-dia-25\\\/#listItem\",\"name\":\"Revis\\u00e3o do IPTU: relat\\u00f3rio \\u00e9 aprovado e projeto ir\\u00e1 a vota\\u00e7\\u00e3o no dia 25\"},\"previousItem\":{\"@type\":\"ListItem\",\"@id\":\"https:\\\/\\\/www.jornalja.com.br\\\/arquivo#listItem\",\"name\":\"Home\"}},{\"@type\":\"ListItem\",\"@id\":\"https:\\\/\\\/www.jornalja.com.br\\\/arquivo\\\/revisao-do-iptu-relatorio-e-aprovado-e-projeto-ira-a-votacao-no-dia-25\\\/#listItem\",\"position\":3,\"name\":\"Revis\\u00e3o do IPTU: relat\\u00f3rio \\u00e9 aprovado e projeto ir\\u00e1 a vota\\u00e7\\u00e3o no dia 25\",\"previousItem\":{\"@type\":\"ListItem\",\"@id\":\"https:\\\/\\\/www.jornalja.com.br\\\/arquivo\\\/category\\\/geral\\\/#listItem\",\"name\":\"Geral\"}}]},{\"@type\":\"Organization\",\"@id\":\"https:\\\/\\\/www.jornalja.com.br\\\/arquivo\\\/#organization\",\"name\":\"Jornal J\\u00c1\",\"description\":\"Jornal J\\u00c1 | Porto Alegre\",\"url\":\"https:\\\/\\\/www.jornalja.com.br\\\/arquivo\\\/\",\"telephone\":\"+555133307272\",\"logo\":{\"@type\":\"ImageObject\",\"url\":\"https:\\\/\\\/www.jornalja.com.br\\\/wp-content\\\/uploads\\\/cards\\\/JAslogan.png\",\"@id\":\"https:\\\/\\\/www.jornalja.com.br\\\/arquivo\\\/revisao-do-iptu-relatorio-e-aprovado-e-projeto-ira-a-votacao-no-dia-25\\\/#organizationLogo\"},\"image\":{\"@id\":\"https:\\\/\\\/www.jornalja.com.br\\\/arquivo\\\/revisao-do-iptu-relatorio-e-aprovado-e-projeto-ira-a-votacao-no-dia-25\\\/#organizationLogo\"}},{\"@type\":\"Person\",\"@id\":\"https:\\\/\\\/www.jornalja.com.br\\\/arquivo\\\/author\\\/daredacao\\\/#author\",\"url\":\"https:\\\/\\\/www.jornalja.com.br\\\/arquivo\\\/author\\\/daredacao\\\/\",\"name\":\"da Reda\\u00e7\\u00e3o\",\"image\":{\"@type\":\"ImageObject\",\"@id\":\"https:\\\/\\\/www.jornalja.com.br\\\/arquivo\\\/revisao-do-iptu-relatorio-e-aprovado-e-projeto-ira-a-votacao-no-dia-25\\\/#authorImage\",\"url\":\"https:\\\/\\\/secure.gravatar.com\\\/avatar\\\/469fd857d6605ad19919d27ed29d35a968a25f6e8fd9318356bbb7f57aae9c65?s=96&d=mm&r=g\",\"width\":96,\"height\":96,\"caption\":\"da Reda\\u00e7\\u00e3o\"}},{\"@type\":\"WebPage\",\"@id\":\"https:\\\/\\\/www.jornalja.com.br\\\/arquivo\\\/revisao-do-iptu-relatorio-e-aprovado-e-projeto-ira-a-votacao-no-dia-25\\\/#webpage\",\"url\":\"https:\\\/\\\/www.jornalja.com.br\\\/arquivo\\\/revisao-do-iptu-relatorio-e-aprovado-e-projeto-ira-a-votacao-no-dia-25\\\/\",\"name\":\"Revis\\u00e3o do IPTU: relat\\u00f3rio \\u00e9 aprovado e projeto ir\\u00e1 a vota\\u00e7\\u00e3o no dia 25 | Arquivo\",\"inLanguage\":\"pt-BR\",\"isPartOf\":{\"@id\":\"https:\\\/\\\/www.jornalja.com.br\\\/arquivo\\\/#website\"},\"breadcrumb\":{\"@id\":\"https:\\\/\\\/www.jornalja.com.br\\\/arquivo\\\/revisao-do-iptu-relatorio-e-aprovado-e-projeto-ira-a-votacao-no-dia-25\\\/#breadcrumblist\"},\"author\":{\"@id\":\"https:\\\/\\\/www.jornalja.com.br\\\/arquivo\\\/author\\\/daredacao\\\/#author\"},\"creator\":{\"@id\":\"https:\\\/\\\/www.jornalja.com.br\\\/arquivo\\\/author\\\/daredacao\\\/#author\"},\"image\":{\"@type\":\"ImageObject\",\"url\":55288,\"@id\":\"https:\\\/\\\/www.jornalja.com.br\\\/arquivo\\\/revisao-do-iptu-relatorio-e-aprovado-e-projeto-ira-a-votacao-no-dia-25\\\/#mainImage\"},\"primaryImageOfPage\":{\"@id\":\"https:\\\/\\\/www.jornalja.com.br\\\/arquivo\\\/revisao-do-iptu-relatorio-e-aprovado-e-projeto-ira-a-votacao-no-dia-25\\\/#mainImage\"},\"datePublished\":\"2017-09-18T21:46:08-03:00\",\"dateModified\":\"2017-09-18T21:46:08-03:00\"},{\"@type\":\"WebSite\",\"@id\":\"https:\\\/\\\/www.jornalja.com.br\\\/arquivo\\\/#website\",\"url\":\"https:\\\/\\\/www.jornalja.com.br\\\/arquivo\\\/\",\"name\":\"Arquivo\",\"description\":\"Jornal J\\u00c1 | Porto Alegre\",\"inLanguage\":\"pt-BR\",\"publisher\":{\"@id\":\"https:\\\/\\\/www.jornalja.com.br\\\/arquivo\\\/#organization\"}}]}\n\t\t<\/script>\n\t\t<!-- All in One SEO -->\n\n","aioseo_head_json":{"title":"Revis\u00e3o do IPTU: relat\u00f3rio \u00e9 aprovado e projeto ir\u00e1 a vota\u00e7\u00e3o no dia 25 | Arquivo","description":"","canonical_url":"https:\/\/www.jornalja.com.br\/arquivo\/revisao-do-iptu-relatorio-e-aprovado-e-projeto-ira-a-votacao-no-dia-25\/","robots":"max-image-preview:large","keywords":"","webmasterTools":{"miscellaneous":""},"schema":{"@context":"https:\/\/schema.org","@graph":[{"@type":"BlogPosting","@id":"https:\/\/www.jornalja.com.br\/arquivo\/revisao-do-iptu-relatorio-e-aprovado-e-projeto-ira-a-votacao-no-dia-25\/#blogposting","name":"Revis\u00e3o do IPTU: relat\u00f3rio \u00e9 aprovado e projeto ir\u00e1 a vota\u00e7\u00e3o no dia 25 | Arquivo","headline":"Revis\u00e3o do IPTU: relat\u00f3rio \u00e9 aprovado e projeto ir\u00e1 a vota\u00e7\u00e3o no dia 25","author":{"@id":"https:\/\/www.jornalja.com.br\/arquivo\/author\/daredacao\/#author"},"publisher":{"@id":"https:\/\/www.jornalja.com.br\/arquivo\/#organization"},"image":{"@type":"ImageObject","url":55288},"datePublished":"2017-09-18T21:46:08-03:00","dateModified":"2017-09-18T21:46:08-03:00","inLanguage":"pt-BR","mainEntityOfPage":{"@id":"https:\/\/www.jornalja.com.br\/arquivo\/revisao-do-iptu-relatorio-e-aprovado-e-projeto-ira-a-votacao-no-dia-25\/#webpage"},"isPartOf":{"@id":"https:\/\/www.jornalja.com.br\/arquivo\/revisao-do-iptu-relatorio-e-aprovado-e-projeto-ira-a-votacao-no-dia-25\/#webpage"},"articleSection":"Geral"},{"@type":"BreadcrumbList","@id":"https:\/\/www.jornalja.com.br\/arquivo\/revisao-do-iptu-relatorio-e-aprovado-e-projeto-ira-a-votacao-no-dia-25\/#breadcrumblist","itemListElement":[{"@type":"ListItem","@id":"https:\/\/www.jornalja.com.br\/arquivo#listItem","position":1,"name":"Home","item":"https:\/\/www.jornalja.com.br\/arquivo","nextItem":{"@type":"ListItem","@id":"https:\/\/www.jornalja.com.br\/arquivo\/category\/geral\/#listItem","name":"Geral"}},{"@type":"ListItem","@id":"https:\/\/www.jornalja.com.br\/arquivo\/category\/geral\/#listItem","position":2,"name":"Geral","item":"https:\/\/www.jornalja.com.br\/arquivo\/category\/geral\/","nextItem":{"@type":"ListItem","@id":"https:\/\/www.jornalja.com.br\/arquivo\/revisao-do-iptu-relatorio-e-aprovado-e-projeto-ira-a-votacao-no-dia-25\/#listItem","name":"Revis\u00e3o do IPTU: relat\u00f3rio \u00e9 aprovado e projeto ir\u00e1 a vota\u00e7\u00e3o no dia 25"},"previousItem":{"@type":"ListItem","@id":"https:\/\/www.jornalja.com.br\/arquivo#listItem","name":"Home"}},{"@type":"ListItem","@id":"https:\/\/www.jornalja.com.br\/arquivo\/revisao-do-iptu-relatorio-e-aprovado-e-projeto-ira-a-votacao-no-dia-25\/#listItem","position":3,"name":"Revis\u00e3o do IPTU: relat\u00f3rio \u00e9 aprovado e projeto ir\u00e1 a vota\u00e7\u00e3o no dia 25","previousItem":{"@type":"ListItem","@id":"https:\/\/www.jornalja.com.br\/arquivo\/category\/geral\/#listItem","name":"Geral"}}]},{"@type":"Organization","@id":"https:\/\/www.jornalja.com.br\/arquivo\/#organization","name":"Jornal J\u00c1","description":"Jornal J\u00c1 | Porto Alegre","url":"https:\/\/www.jornalja.com.br\/arquivo\/","telephone":"+555133307272","logo":{"@type":"ImageObject","url":"https:\/\/www.jornalja.com.br\/wp-content\/uploads\/cards\/JAslogan.png","@id":"https:\/\/www.jornalja.com.br\/arquivo\/revisao-do-iptu-relatorio-e-aprovado-e-projeto-ira-a-votacao-no-dia-25\/#organizationLogo"},"image":{"@id":"https:\/\/www.jornalja.com.br\/arquivo\/revisao-do-iptu-relatorio-e-aprovado-e-projeto-ira-a-votacao-no-dia-25\/#organizationLogo"}},{"@type":"Person","@id":"https:\/\/www.jornalja.com.br\/arquivo\/author\/daredacao\/#author","url":"https:\/\/www.jornalja.com.br\/arquivo\/author\/daredacao\/","name":"da Reda\u00e7\u00e3o","image":{"@type":"ImageObject","@id":"https:\/\/www.jornalja.com.br\/arquivo\/revisao-do-iptu-relatorio-e-aprovado-e-projeto-ira-a-votacao-no-dia-25\/#authorImage","url":"https:\/\/secure.gravatar.com\/avatar\/469fd857d6605ad19919d27ed29d35a968a25f6e8fd9318356bbb7f57aae9c65?s=96&d=mm&r=g","width":96,"height":96,"caption":"da Reda\u00e7\u00e3o"}},{"@type":"WebPage","@id":"https:\/\/www.jornalja.com.br\/arquivo\/revisao-do-iptu-relatorio-e-aprovado-e-projeto-ira-a-votacao-no-dia-25\/#webpage","url":"https:\/\/www.jornalja.com.br\/arquivo\/revisao-do-iptu-relatorio-e-aprovado-e-projeto-ira-a-votacao-no-dia-25\/","name":"Revis\u00e3o do IPTU: relat\u00f3rio \u00e9 aprovado e projeto ir\u00e1 a vota\u00e7\u00e3o no dia 25 | Arquivo","inLanguage":"pt-BR","isPartOf":{"@id":"https:\/\/www.jornalja.com.br\/arquivo\/#website"},"breadcrumb":{"@id":"https:\/\/www.jornalja.com.br\/arquivo\/revisao-do-iptu-relatorio-e-aprovado-e-projeto-ira-a-votacao-no-dia-25\/#breadcrumblist"},"author":{"@id":"https:\/\/www.jornalja.com.br\/arquivo\/author\/daredacao\/#author"},"creator":{"@id":"https:\/\/www.jornalja.com.br\/arquivo\/author\/daredacao\/#author"},"image":{"@type":"ImageObject","url":55288,"@id":"https:\/\/www.jornalja.com.br\/arquivo\/revisao-do-iptu-relatorio-e-aprovado-e-projeto-ira-a-votacao-no-dia-25\/#mainImage"},"primaryImageOfPage":{"@id":"https:\/\/www.jornalja.com.br\/arquivo\/revisao-do-iptu-relatorio-e-aprovado-e-projeto-ira-a-votacao-no-dia-25\/#mainImage"},"datePublished":"2017-09-18T21:46:08-03:00","dateModified":"2017-09-18T21:46:08-03:00"},{"@type":"WebSite","@id":"https:\/\/www.jornalja.com.br\/arquivo\/#website","url":"https:\/\/www.jornalja.com.br\/arquivo\/","name":"Arquivo","description":"Jornal J\u00c1 | Porto Alegre","inLanguage":"pt-BR","publisher":{"@id":"https:\/\/www.jornalja.com.br\/arquivo\/#organization"}}]},"og:locale":"pt_BR","og:site_name":"Arquivo | Jornal J\u00c1 | Porto Alegre","og:type":"article","og:title":"Revis\u00e3o do IPTU: relat\u00f3rio \u00e9 aprovado e projeto ir\u00e1 a vota\u00e7\u00e3o no dia 25 | Arquivo","og:url":"https:\/\/www.jornalja.com.br\/arquivo\/revisao-do-iptu-relatorio-e-aprovado-e-projeto-ira-a-votacao-no-dia-25\/","og:image":"https:\/\/www.jornalja.com.br\/economics\/wp-content\/uploads\/sites\/11\/2026\/08\/ja-folhaderosto-facebook.jpg","og:image:secure_url":"https:\/\/www.jornalja.com.br\/economics\/wp-content\/uploads\/sites\/11\/2026\/08\/ja-folhaderosto-facebook.jpg","article:published_time":"2017-09-19T00:46:08+00:00","article:modified_time":"2017-09-19T00:46:08+00:00","twitter:card":"summary","twitter:title":"Revis\u00e3o do IPTU: relat\u00f3rio \u00e9 aprovado e projeto ir\u00e1 a vota\u00e7\u00e3o no dia 25 | Arquivo","twitter:image":"https:\/\/www.jornalja.com.br\/economics\/wp-content\/uploads\/sites\/11\/2026\/08\/ja-folhaderosto-facebook.jpg"},"aioseo_meta_data":{"post_id":"55283","title":null,"description":null,"keywords":null,"keyphrases":null,"primary_term":null,"canonical_url":null,"og_title":null,"og_description":null,"og_object_type":"default","og_image_type":"default","og_image_url":null,"og_image_width":null,"og_image_height":null,"og_image_custom_url":null,"og_image_custom_fields":null,"og_video":null,"og_custom_url":null,"og_article_section":null,"og_article_tags":null,"twitter_use_og":false,"twitter_card":"default","twitter_image_type":"default","twitter_image_url":null,"twitter_image_custom_url":null,"twitter_image_custom_fields":null,"twitter_title":null,"twitter_description":null,"schema":{"blockGraphs":[],"customGraphs":[],"default":{"data":{"Article":[],"Course":[],"Dataset":[],"FAQPage":[],"Movie":[],"Person":[],"Product":[],"ProductReview":[],"Car":[],"Recipe":[],"Service":[],"SoftwareApplication":[],"WebPage":[]},"graphName":"","isEnabled":true},"graphs":[],"defaultGraph":"","defaultPostTypeGraph":""},"schema_type":null,"schema_type_options":null,"pillar_content":false,"robots_default":true,"robots_noindex":false,"robots_noarchive":false,"robots_nosnippet":false,"robots_nofollow":false,"robots_noimageindex":false,"robots_noodp":false,"robots_notranslate":false,"robots_max_snippet":null,"robots_max_videopreview":null,"robots_max_imagepreview":"large","priority":null,"frequency":null,"location":null,"local_seo":null,"breadcrumb_settings":null,"limit_modified_date":false,"ai":null,"created":"2020-12-20 20:24:06","updated":"2025-07-20 01:14:41","seo_analyzer_scan_date":null,"focus_keyword":null,"additional_keywords":null,"truseo_locale":null},"jetpack_sharing_enabled":true,"jetpack-related-posts":[{"id":13240,"url":"https:\/\/www.jornalja.com.br\/arquivo\/plano-diretor-estamos-construindo-o-caos\/","url_meta":{"origin":55283,"position":0},"title":"Plano diretor: &quot;Estamos construindo o caos&quot;","author":"Patr\u00edcia Marini","date":"26 de maio de 2014","format":false,"excerpt":"Desabafo que arquiteta Eliana Castilhos, delegada da Regi\u00e3o de Planejamento 1, postou nas redes sociais \u00e9 um testemunho do ambiente que se criou no Conselho do Plano Diretor de Porto Alegre, onde a aprova\u00e7\u00e3o de grandes empreendimentos \u00e9 empurrada guela abaixo dos conselheiros. Ao CMDUA Como delegada da Regi\u00e3o de\u2026","rel":"","context":"Em &quot;Geral&quot;","block_context":{"text":"Geral","link":"https:\/\/www.jornalja.com.br\/arquivo\/category\/geral\/"},"img":{"alt_text":"","src":"","width":0,"height":0},"classes":[]},{"id":13239,"url":"https:\/\/www.jornalja.com.br\/arquivo\/conselho-desdenha-do-plano-diretor\/","url_meta":{"origin":55283,"position":1},"title":"Porto Alegre: Conselho detona Plano Diretor","author":"Patr\u00edcia Marini","date":"25 de maio de 2014","format":false,"excerpt":"Den\u00fancia do arquiteto e \u00a0urbanista Ibir\u00e1 Santos Lucas. Ele diz que os conselheiros est\u00e3o votando com \"enorme irresponsabilidade\". \"Mudam regime com a maior naturalidade,,,regularizam absurdos de constru\u00e7\u00f5es irregulares... \"O CMDUA est\u00e1 flexibilizando a lei do plano diretor, de uma forma impactante na vida da cidade. Mudam regime com a maior\u2026","rel":"","context":"Em &quot;Geral&quot;","block_context":{"text":"Geral","link":"https:\/\/www.jornalja.com.br\/arquivo\/category\/geral\/"},"img":{"alt_text":"","src":"","width":0,"height":0},"classes":[]},{"id":13124,"url":"https:\/\/www.jornalja.com.br\/arquivo\/sangue-latino-no-iecine\/","url_meta":{"origin":55283,"position":2},"title":"Sangue latino no IECINE","author":"da Reda\u00e7\u00e3o","date":"18 de maio de 2014","format":false,"excerpt":"Francisco Ribeiro O Instituto Estadual de Cinema (IECINE) tem a frente, desde abril \u00faltimo, um novo diretor, o cineasta colombiano Juan Zapata, 36, que substitui Luiz Alberto Cassol. Radicado h\u00e1 dez anos em Porto Alegre, Zapata tem diante de si o desafio de conduzir at\u00e9 o final do ano um\u2026","rel":"","context":"Em &quot;Cultura-Geral&quot;","block_context":{"text":"Cultura-Geral","link":"https:\/\/www.jornalja.com.br\/arquivo\/category\/materiasecundaria\/"},"img":{"alt_text":"","src":"","width":0,"height":0},"classes":[]},{"id":14241,"url":"https:\/\/www.jornalja.com.br\/arquivo\/o-guaiba-nas-imagens-poeticas-de-achutti\/","url_meta":{"origin":55283,"position":3},"title":"O Gua\u00edba nas imagens po\u00e9ticas de Achutti","author":"da Reda\u00e7\u00e3o","date":"18 de junho de 2014","format":false,"excerpt":"Em \u201cO Gua\u00edba por Achutti\u201d \u2013 obra financiada via Minist\u00e9rio da Cultura, produ\u00e7\u00e3o executiva de Pedro Longhi, e Fl\u00e1vio Wild como designer \u2013, o fot\u00f3grafo revela a beleza e as mazelas de um espa\u00e7o aqu\u00e1tico de \u00e1guas sempre renovadas, cheio de hist\u00f3rias e lendas como as das cidades que foram\u2026","rel":"","context":"Em &quot;Cultura-Geral&quot;","block_context":{"text":"Cultura-Geral","link":"https:\/\/www.jornalja.com.br\/arquivo\/category\/materiasecundaria\/"},"img":{"alt_text":"","src":"","width":0,"height":0},"classes":[]},{"id":5440,"url":"https:\/\/www.jornalja.com.br\/arquivo\/casarao-da-venancio-destino-permanece-incerto\/","url_meta":{"origin":55283,"position":4},"title":"Estado ainda n\u00e3o sabe o que fazer com casar\u00e3o abandonado h\u00e1 20 anos","author":"Elmar Bones","date":"6 de julho de 2009","format":false,"excerpt":"O casar\u00e3o amarelo, numa esquina nobre de Porto Alegre (Ven\u00e2ncio Aires com Jo\u00e3o Pessoa), j\u00e1 abrigou uma escola. H\u00e1 duas d\u00e9cadas, pelo menos, est\u00e1 abandonado, porque seu propriet\u00e1rio, o governo do Estado do Rio Grande do Sul, n\u00e3o consegue achar um destino para ele. Planos n\u00e3o faltaram. O governador Ol\u00edvio\u2026","rel":"","context":"Em &quot;X.Categorias velhas&quot;","block_context":{"text":"X.Categorias velhas","link":"https:\/\/www.jornalja.com.br\/arquivo\/category\/x-categorias-velhas\/"},"img":{"alt_text":"geraldo1","src":"https:\/\/i0.wp.com\/www.jornalja.com.br\/wp-content\/uploads\/2009\/07\/geraldo1.jpg?resize=350%2C200&ssl=1","width":350,"height":200},"classes":[]},{"id":12960,"url":"https:\/\/www.jornalja.com.br\/arquivo\/populacao-culpa-empresas-pela-greve-dos-rodoviarios\/","url_meta":{"origin":55283,"position":5},"title":"Popula\u00e7\u00e3o culpa empresas pela greve","author":"Patr\u00edcia Marini","date":"14 de fevereiro de 2014","format":false,"excerpt":"Pesquisa divulgada na edi\u00e7\u00e3o do jornal Metro desta sexta-feira,14, comprova o velho ditado: \u00e9 poss\u00edvel enganar muitos por algum tempo, mas n\u00e3o \u00e9 poss\u00edvel enganar a todos o tempo inteiro. A principal revela\u00e7\u00e3o foi que 59,8% dos entrevistados apontaram as empresas como as principais respons\u00e1veis pela grave e 46% culparam\u2026","rel":"","context":"Em &quot;X.Categorias velhas&quot;","block_context":{"text":"X.Categorias velhas","link":"https:\/\/www.jornalja.com.br\/arquivo\/category\/x-categorias-velhas\/"},"img":{"alt_text":"","src":"","width":0,"height":0},"classes":[]}],"jetpack_shortlink":"https:\/\/wp.me\/pbQjBd-enF","jetpack_featured_media_url":"","_links":{"self":[{"href":"https:\/\/www.jornalja.com.br\/arquivo\/wp-json\/wp\/v2\/posts\/55283","targetHints":{"allow":["GET"]}}],"collection":[{"href":"https:\/\/www.jornalja.com.br\/arquivo\/wp-json\/wp\/v2\/posts"}],"about":[{"href":"https:\/\/www.jornalja.com.br\/arquivo\/wp-json\/wp\/v2\/types\/post"}],"author":[{"embeddable":true,"href":"https:\/\/www.jornalja.com.br\/arquivo\/wp-json\/wp\/v2\/users\/4"}],"replies":[{"embeddable":true,"href":"https:\/\/www.jornalja.com.br\/arquivo\/wp-json\/wp\/v2\/comments?post=55283"}],"version-history":[{"count":0,"href":"https:\/\/www.jornalja.com.br\/arquivo\/wp-json\/wp\/v2\/posts\/55283\/revisions"}],"wp:attachment":[{"href":"https:\/\/www.jornalja.com.br\/arquivo\/wp-json\/wp\/v2\/media?parent=55283"}],"wp:term":[{"taxonomy":"category","embeddable":true,"href":"https:\/\/www.jornalja.com.br\/arquivo\/wp-json\/wp\/v2\/categories?post=55283"},{"taxonomy":"post_tag","embeddable":true,"href":"https:\/\/www.jornalja.com.br\/arquivo\/wp-json\/wp\/v2\/tags?post=55283"}],"curies":[{"name":"wp","href":"https:\/\/api.w.org\/{rel}","templated":true}]}}