{"id":55295,"date":"2017-09-18T23:14:54","date_gmt":"2017-09-19T02:14:54","guid":{"rendered":"https:\/\/www.jornalja.com.br\/?p=55295"},"modified":"2017-09-18T23:14:54","modified_gmt":"2017-09-19T02:14:54","slug":"a-ceee-e-viavel-apenas-com-a-venda-de-seus-ativos-dizem-deputado-e-engenheiros","status":"publish","type":"post","link":"https:\/\/www.jornalja.com.br\/arquivo\/a-ceee-e-viavel-apenas-com-a-venda-de-seus-ativos-dizem-deputado-e-engenheiros\/","title":{"rendered":"A CEEE \u00e9 vi\u00e1vel apenas com a venda de parte de seus ativos, dizem deputado e engenheiros"},"content":{"rendered":"<p>A mobiliza\u00e7\u00e3o em defesa do setor energ\u00e9tico nacional estatal foi tema de audi\u00eancia p\u00fablica nesta segunda-feira, 18\/09, no Sindicato dos Engenheiros (Senge\/RS), realizada pela Frente Parlamentar Nacional em Defesa da Renova\u00e7\u00e3o das Concess\u00f5es do Setor P\u00fablico de Energia El\u00e9trica.<br \/>\nA Frente \u00e9 presidida pelo deputado federal Pompeo de Mattos (PDT), que abriu a audi\u00eancia criticando o momento do pa\u00eds e do estado, com o alinhamento de pautas privatizantes. \u201cFoi estabelecida uma agenda econ\u00f4mica que representa um verdadeiro desmonte. Chegaram ao c\u00famulo de querer privatizar a Casa da Moeda. Isso n\u00e3o \u00e9 cr\u00edvel. \u00c9 jocoso pensarem que assim v\u00e3o resolver o problema do pa\u00eds\u201d, afirmou o parlamentar.<br \/>\nPompeo seguiu tecendo uma s\u00e9rie de cr\u00edticas sobre a inten\u00e7\u00e3o do governo do estado de privatizar a CEEE, a CRM e a Sulgas, em negocia\u00e7\u00f5es por valores que ele considera irris\u00f3rios.<br \/>\nSalientou ainda que o discurso utilizado repete a mesma estrat\u00e9gia de governos anteriores que obtiveram \u00eaxito nos seus objetivos de venda, por\u00e9m n\u00e3o conseguiram sanar os problemas estruturais da administra\u00e7\u00e3o p\u00fablica com o dinheiro recebido.<br \/>\n\u201cA CEEE n\u00e3o precisa de investimento do Estado. N\u00e3o precisa do dinheiro da educa\u00e7\u00e3o e da sa\u00fade, porque ela se resolve em si mesma. A empresa pode se autogerir por meio da venda de ativos. As participa\u00e7\u00f5es minorit\u00e1rias da Companhia se assemelham a uma casa na praia. Quando estamos com as finan\u00e7as positivas, n\u00f3s investimos em bens, em casa na praia. Quando a coisa aperta, a gente vende. Vender os ativos das SPEs segue essa mesma l\u00f3gica\u201d, explicou o deputado.<br \/>\nNa sequ\u00eancia, o diretor do SENGE, Luiz Alberto Schreiner, falou sobre o hist\u00f3rico de mobiliza\u00e7\u00e3o em defesa da CEEE. \u201cDesde 1997 demos uma importante demonstra\u00e7\u00e3o de for\u00e7a, quando parte da CEEE foi privatizada, levando 2\/3 da receita e deixando um enorme passivo. Desde l\u00e1, conseguimos nos reerguer por meio da participa\u00e7\u00e3o fundamental do corpo t\u00e9cnico da empresa. Anos depois, nas campanhas pela renova\u00e7\u00e3o das concess\u00f5es da CEEE-GT e da CEEE-D, mostramos mais uma vez nossa for\u00e7a e poder de articula\u00e7\u00e3o, e avan\u00e7amos com o apoio das Frentes Parlamentares e dos deputados favor\u00e1veis ao fortalecimento da empresa. E agora estamos diante de mais um obst\u00e1culo, de um governo que chegou com o vi\u00e9s de liquidar a Companhia\u201d, explicitou Schreiner.<br \/>\nA CEEE, enfatizou Pompeo de Mattos, tem 17 ativos que, somados, passam de R$ 2 bilh\u00f5es. \u201cSe vendermos s\u00f3 cinco destes ativos j\u00e1 resolvemos o problema de capitaliza\u00e7\u00e3o da empresa, sem necessitar de nenhum centavo do or\u00e7amento do Estado\u201d, insistiu.<br \/>\nO dirigente do Sindicato reiterou sua posi\u00e7\u00e3o de que neste momento a solu\u00e7\u00e3o mais vi\u00e1vel para o equil\u00edbrio econ\u00f4mico-financeiro \u00e9 a venda de ativos. \u201cExiste muita fal\u00e1cia e entendimentos equivocados sobre a venda de ativos e o fluxo de caixa. \u00c9 uma solu\u00e7\u00e3o vi\u00e1vel e n\u00f3s devemos lutar por ela. O <a href=\"http:\/\/s3.amazonaws.com\/sengrsestaticos\/noticias\/3298\/Projeto_de_Lei_260_2016_Deputado_Ciro_Simoni.pdf\" target=\"_blank\" rel=\"noopener noreferrer\">Projeto de Lei 260\/2016<\/a> \u00e9 mais uma ferramenta importante para amparar esta medida, j\u00e1 prevista no Plano Plurianual e na Lei de Diretrizes Or\u00e7ament\u00e1rias do Estado. Por isso, na \u00faltima semana, n\u00f3s protocolamos no gabinete do deputado Jo\u00e3o Fischer, relator do PL na Comiss\u00e3o de Constitui\u00e7\u00e3o e Justi\u00e7a, um documento assinado por 25 parlamentares em apoio \u00e0 aprova\u00e7\u00e3o deste texto\u201d, disse<span style=\"font-family: Calibri, sans-serif\">.<\/span><br \/>\nSchreiner tamb\u00e9m criticou a inten\u00e7\u00e3o de privatiza\u00e7\u00e3o do grupo Eletrobras. \u201cQuerem vender o patrim\u00f4nio por 5% do que ele vale. O resultado dessa ideia de \u2018descotiza\u00e7\u00e3o\u2019 vai repetir uma f\u00f3rmula j\u00e1 conhecida, como a que ocorreu quando o governo federal decidiu abrir o modelo do setor, convencido de que o mercado se autorregularia. O resultado disso foi o apag\u00e3o. A Eletrobras \u00e9 essencial para termos pre\u00e7os regulados. No exterior o sistema energ\u00e9tico \u00e9 estatal, porque aqui ser\u00e1 melhor privatizar?\u201d, questionou o dirigente.<br \/>\n&nbsp;<\/p>\n","protected":false},"excerpt":{"rendered":"<p>A mobiliza\u00e7\u00e3o em defesa do setor energ\u00e9tico nacional estatal foi tema de audi\u00eancia p\u00fablica nesta segunda-feira, 18\/09, no Sindicato dos Engenheiros (Senge\/RS), realizada pela Frente Parlamentar Nacional em Defesa da Renova\u00e7\u00e3o das Concess\u00f5es do Setor P\u00fablico de Energia El\u00e9trica. A Frente \u00e9 presidida pelo deputado federal Pompeo de Mattos (PDT), que abriu a audi\u00eancia criticando [&hellip;]<\/p>\n","protected":false},"author":4,"featured_media":55296,"comment_status":"open","ping_status":"closed","sticky":false,"template":"","format":"standard","meta":{"_jetpack_newsletter_access":"","_jetpack_dont_email_post_to_subs":false,"_jetpack_newsletter_tier_id":0,"_jetpack_memberships_contains_paywalled_content":false,"_jetpack_feature_clip_id":0,"_jetpack_memberships_contains_paid_content":false,"footnotes":"","jetpack_post_was_ever_published":false},"categories":[26],"tags":[],"class_list":["post-55295","post","type-post","status-publish","format-standard","has-post-thumbnail","hentry","category-geral"],"aioseo_notices":[],"aioseo_head":"\n\t\t<!-- All in One SEO 5.0.1.1 - aioseo.com -->\n\t<meta name=\"robots\" content=\"max-image-preview:large\" \/>\n\t<meta name=\"author\" content=\"da Reda\u00e7\u00e3o\"\/>\n\t<link rel=\"canonical\" href=\"https:\/\/www.jornalja.com.br\/arquivo\/a-ceee-e-viavel-apenas-com-a-venda-de-seus-ativos-dizem-deputado-e-engenheiros\/\" \/>\n\t<meta name=\"generator\" content=\"All in One SEO (AIOSEO) 5.0.1.1\" \/>\n\t\t<meta property=\"og:locale\" content=\"pt_BR\" \/>\n\t\t<meta property=\"og:site_name\" content=\"Arquivo | Jornal J\u00c1 | Porto Alegre\" \/>\n\t\t<meta property=\"og:type\" content=\"article\" \/>\n\t\t<meta property=\"og:title\" content=\"A CEEE \u00e9 vi\u00e1vel apenas com a venda de parte de seus ativos, dizem deputado e engenheiros | Arquivo\" \/>\n\t\t<meta property=\"og:url\" content=\"https:\/\/www.jornalja.com.br\/arquivo\/a-ceee-e-viavel-apenas-com-a-venda-de-seus-ativos-dizem-deputado-e-engenheiros\/\" \/>\n\t\t<meta property=\"og:image\" content=\"https:\/\/www.jornalja.com.br\/economics\/wp-content\/uploads\/sites\/11\/2026\/08\/ja-folhaderosto-facebook.jpg\" \/>\n\t\t<meta property=\"og:image:secure_url\" content=\"https:\/\/www.jornalja.com.br\/economics\/wp-content\/uploads\/sites\/11\/2026\/08\/ja-folhaderosto-facebook.jpg\" \/>\n\t\t<meta property=\"article:published_time\" content=\"2017-09-19T02:14:54+00:00\" \/>\n\t\t<meta property=\"article:modified_time\" content=\"2017-09-19T02:14:54+00:00\" \/>\n\t\t<meta name=\"twitter:card\" content=\"summary\" \/>\n\t\t<meta name=\"twitter:title\" content=\"A CEEE \u00e9 vi\u00e1vel apenas com a venda de parte de seus ativos, dizem deputado e engenheiros | Arquivo\" \/>\n\t\t<meta name=\"twitter:image\" content=\"https:\/\/www.jornalja.com.br\/economics\/wp-content\/uploads\/sites\/11\/2026\/08\/ja-folhaderosto-facebook.jpg\" \/>\n\t\t<script type=\"application\/ld+json\" class=\"aioseo-schema\">\n\t\t\t{\"@context\":\"https:\\\/\\\/schema.org\",\"@graph\":[{\"@type\":\"BlogPosting\",\"@id\":\"https:\\\/\\\/www.jornalja.com.br\\\/arquivo\\\/a-ceee-e-viavel-apenas-com-a-venda-de-seus-ativos-dizem-deputado-e-engenheiros\\\/#blogposting\",\"name\":\"A CEEE \\u00e9 vi\\u00e1vel apenas com a venda de parte de seus ativos, dizem deputado e engenheiros | Arquivo\",\"headline\":\"A CEEE \\u00e9 vi\\u00e1vel apenas com a venda de parte de seus ativos, dizem deputado e engenheiros\",\"author\":{\"@id\":\"https:\\\/\\\/www.jornalja.com.br\\\/arquivo\\\/author\\\/daredacao\\\/#author\"},\"publisher\":{\"@id\":\"https:\\\/\\\/www.jornalja.com.br\\\/arquivo\\\/#organization\"},\"image\":{\"@type\":\"ImageObject\",\"url\":55296},\"datePublished\":\"2017-09-18T23:14:54-03:00\",\"dateModified\":\"2017-09-18T23:14:54-03:00\",\"inLanguage\":\"pt-BR\",\"mainEntityOfPage\":{\"@id\":\"https:\\\/\\\/www.jornalja.com.br\\\/arquivo\\\/a-ceee-e-viavel-apenas-com-a-venda-de-seus-ativos-dizem-deputado-e-engenheiros\\\/#webpage\"},\"isPartOf\":{\"@id\":\"https:\\\/\\\/www.jornalja.com.br\\\/arquivo\\\/a-ceee-e-viavel-apenas-com-a-venda-de-seus-ativos-dizem-deputado-e-engenheiros\\\/#webpage\"},\"articleSection\":\"Geral\"},{\"@type\":\"BreadcrumbList\",\"@id\":\"https:\\\/\\\/www.jornalja.com.br\\\/arquivo\\\/a-ceee-e-viavel-apenas-com-a-venda-de-seus-ativos-dizem-deputado-e-engenheiros\\\/#breadcrumblist\",\"itemListElement\":[{\"@type\":\"ListItem\",\"@id\":\"https:\\\/\\\/www.jornalja.com.br\\\/arquivo#listItem\",\"position\":1,\"name\":\"Home\",\"item\":\"https:\\\/\\\/www.jornalja.com.br\\\/arquivo\",\"nextItem\":{\"@type\":\"ListItem\",\"@id\":\"https:\\\/\\\/www.jornalja.com.br\\\/arquivo\\\/category\\\/geral\\\/#listItem\",\"name\":\"Geral\"}},{\"@type\":\"ListItem\",\"@id\":\"https:\\\/\\\/www.jornalja.com.br\\\/arquivo\\\/category\\\/geral\\\/#listItem\",\"position\":2,\"name\":\"Geral\",\"item\":\"https:\\\/\\\/www.jornalja.com.br\\\/arquivo\\\/category\\\/geral\\\/\",\"nextItem\":{\"@type\":\"ListItem\",\"@id\":\"https:\\\/\\\/www.jornalja.com.br\\\/arquivo\\\/a-ceee-e-viavel-apenas-com-a-venda-de-seus-ativos-dizem-deputado-e-engenheiros\\\/#listItem\",\"name\":\"A CEEE \\u00e9 vi\\u00e1vel apenas com a venda de parte de seus ativos, dizem deputado e engenheiros\"},\"previousItem\":{\"@type\":\"ListItem\",\"@id\":\"https:\\\/\\\/www.jornalja.com.br\\\/arquivo#listItem\",\"name\":\"Home\"}},{\"@type\":\"ListItem\",\"@id\":\"https:\\\/\\\/www.jornalja.com.br\\\/arquivo\\\/a-ceee-e-viavel-apenas-com-a-venda-de-seus-ativos-dizem-deputado-e-engenheiros\\\/#listItem\",\"position\":3,\"name\":\"A CEEE \\u00e9 vi\\u00e1vel apenas com a venda de parte de seus ativos, dizem deputado e engenheiros\",\"previousItem\":{\"@type\":\"ListItem\",\"@id\":\"https:\\\/\\\/www.jornalja.com.br\\\/arquivo\\\/category\\\/geral\\\/#listItem\",\"name\":\"Geral\"}}]},{\"@type\":\"Organization\",\"@id\":\"https:\\\/\\\/www.jornalja.com.br\\\/arquivo\\\/#organization\",\"name\":\"Jornal J\\u00c1\",\"description\":\"Jornal J\\u00c1 | Porto Alegre\",\"url\":\"https:\\\/\\\/www.jornalja.com.br\\\/arquivo\\\/\",\"telephone\":\"+555133307272\",\"logo\":{\"@type\":\"ImageObject\",\"url\":\"https:\\\/\\\/www.jornalja.com.br\\\/wp-content\\\/uploads\\\/cards\\\/JAslogan.png\",\"@id\":\"https:\\\/\\\/www.jornalja.com.br\\\/arquivo\\\/a-ceee-e-viavel-apenas-com-a-venda-de-seus-ativos-dizem-deputado-e-engenheiros\\\/#organizationLogo\"},\"image\":{\"@id\":\"https:\\\/\\\/www.jornalja.com.br\\\/arquivo\\\/a-ceee-e-viavel-apenas-com-a-venda-de-seus-ativos-dizem-deputado-e-engenheiros\\\/#organizationLogo\"}},{\"@type\":\"Person\",\"@id\":\"https:\\\/\\\/www.jornalja.com.br\\\/arquivo\\\/author\\\/daredacao\\\/#author\",\"url\":\"https:\\\/\\\/www.jornalja.com.br\\\/arquivo\\\/author\\\/daredacao\\\/\",\"name\":\"da Reda\\u00e7\\u00e3o\",\"image\":{\"@type\":\"ImageObject\",\"@id\":\"https:\\\/\\\/www.jornalja.com.br\\\/arquivo\\\/a-ceee-e-viavel-apenas-com-a-venda-de-seus-ativos-dizem-deputado-e-engenheiros\\\/#authorImage\",\"url\":\"https:\\\/\\\/secure.gravatar.com\\\/avatar\\\/469fd857d6605ad19919d27ed29d35a968a25f6e8fd9318356bbb7f57aae9c65?s=96&d=mm&r=g\",\"width\":96,\"height\":96,\"caption\":\"da Reda\\u00e7\\u00e3o\"}},{\"@type\":\"WebPage\",\"@id\":\"https:\\\/\\\/www.jornalja.com.br\\\/arquivo\\\/a-ceee-e-viavel-apenas-com-a-venda-de-seus-ativos-dizem-deputado-e-engenheiros\\\/#webpage\",\"url\":\"https:\\\/\\\/www.jornalja.com.br\\\/arquivo\\\/a-ceee-e-viavel-apenas-com-a-venda-de-seus-ativos-dizem-deputado-e-engenheiros\\\/\",\"name\":\"A CEEE \\u00e9 vi\\u00e1vel apenas com a venda de parte de seus ativos, dizem deputado e engenheiros | Arquivo\",\"inLanguage\":\"pt-BR\",\"isPartOf\":{\"@id\":\"https:\\\/\\\/www.jornalja.com.br\\\/arquivo\\\/#website\"},\"breadcrumb\":{\"@id\":\"https:\\\/\\\/www.jornalja.com.br\\\/arquivo\\\/a-ceee-e-viavel-apenas-com-a-venda-de-seus-ativos-dizem-deputado-e-engenheiros\\\/#breadcrumblist\"},\"author\":{\"@id\":\"https:\\\/\\\/www.jornalja.com.br\\\/arquivo\\\/author\\\/daredacao\\\/#author\"},\"creator\":{\"@id\":\"https:\\\/\\\/www.jornalja.com.br\\\/arquivo\\\/author\\\/daredacao\\\/#author\"},\"image\":{\"@type\":\"ImageObject\",\"url\":55296,\"@id\":\"https:\\\/\\\/www.jornalja.com.br\\\/arquivo\\\/a-ceee-e-viavel-apenas-com-a-venda-de-seus-ativos-dizem-deputado-e-engenheiros\\\/#mainImage\"},\"primaryImageOfPage\":{\"@id\":\"https:\\\/\\\/www.jornalja.com.br\\\/arquivo\\\/a-ceee-e-viavel-apenas-com-a-venda-de-seus-ativos-dizem-deputado-e-engenheiros\\\/#mainImage\"},\"datePublished\":\"2017-09-18T23:14:54-03:00\",\"dateModified\":\"2017-09-18T23:14:54-03:00\"},{\"@type\":\"WebSite\",\"@id\":\"https:\\\/\\\/www.jornalja.com.br\\\/arquivo\\\/#website\",\"url\":\"https:\\\/\\\/www.jornalja.com.br\\\/arquivo\\\/\",\"name\":\"Arquivo\",\"description\":\"Jornal J\\u00c1 | Porto Alegre\",\"inLanguage\":\"pt-BR\",\"publisher\":{\"@id\":\"https:\\\/\\\/www.jornalja.com.br\\\/arquivo\\\/#organization\"}}]}\n\t\t<\/script>\n\t\t<!-- All in One SEO -->\n\n","aioseo_head_json":{"title":"A CEEE \u00e9 vi\u00e1vel apenas com a venda de parte de seus ativos, dizem deputado e engenheiros | Arquivo","description":"","canonical_url":"https:\/\/www.jornalja.com.br\/arquivo\/a-ceee-e-viavel-apenas-com-a-venda-de-seus-ativos-dizem-deputado-e-engenheiros\/","robots":"max-image-preview:large","keywords":"","webmasterTools":{"miscellaneous":""},"schema":{"@context":"https:\/\/schema.org","@graph":[{"@type":"BlogPosting","@id":"https:\/\/www.jornalja.com.br\/arquivo\/a-ceee-e-viavel-apenas-com-a-venda-de-seus-ativos-dizem-deputado-e-engenheiros\/#blogposting","name":"A CEEE \u00e9 vi\u00e1vel apenas com a venda de parte de seus ativos, dizem deputado e engenheiros | Arquivo","headline":"A CEEE \u00e9 vi\u00e1vel apenas com a venda de parte de seus ativos, dizem deputado e engenheiros","author":{"@id":"https:\/\/www.jornalja.com.br\/arquivo\/author\/daredacao\/#author"},"publisher":{"@id":"https:\/\/www.jornalja.com.br\/arquivo\/#organization"},"image":{"@type":"ImageObject","url":55296},"datePublished":"2017-09-18T23:14:54-03:00","dateModified":"2017-09-18T23:14:54-03:00","inLanguage":"pt-BR","mainEntityOfPage":{"@id":"https:\/\/www.jornalja.com.br\/arquivo\/a-ceee-e-viavel-apenas-com-a-venda-de-seus-ativos-dizem-deputado-e-engenheiros\/#webpage"},"isPartOf":{"@id":"https:\/\/www.jornalja.com.br\/arquivo\/a-ceee-e-viavel-apenas-com-a-venda-de-seus-ativos-dizem-deputado-e-engenheiros\/#webpage"},"articleSection":"Geral"},{"@type":"BreadcrumbList","@id":"https:\/\/www.jornalja.com.br\/arquivo\/a-ceee-e-viavel-apenas-com-a-venda-de-seus-ativos-dizem-deputado-e-engenheiros\/#breadcrumblist","itemListElement":[{"@type":"ListItem","@id":"https:\/\/www.jornalja.com.br\/arquivo#listItem","position":1,"name":"Home","item":"https:\/\/www.jornalja.com.br\/arquivo","nextItem":{"@type":"ListItem","@id":"https:\/\/www.jornalja.com.br\/arquivo\/category\/geral\/#listItem","name":"Geral"}},{"@type":"ListItem","@id":"https:\/\/www.jornalja.com.br\/arquivo\/category\/geral\/#listItem","position":2,"name":"Geral","item":"https:\/\/www.jornalja.com.br\/arquivo\/category\/geral\/","nextItem":{"@type":"ListItem","@id":"https:\/\/www.jornalja.com.br\/arquivo\/a-ceee-e-viavel-apenas-com-a-venda-de-seus-ativos-dizem-deputado-e-engenheiros\/#listItem","name":"A CEEE \u00e9 vi\u00e1vel apenas com a venda de parte de seus ativos, dizem deputado e engenheiros"},"previousItem":{"@type":"ListItem","@id":"https:\/\/www.jornalja.com.br\/arquivo#listItem","name":"Home"}},{"@type":"ListItem","@id":"https:\/\/www.jornalja.com.br\/arquivo\/a-ceee-e-viavel-apenas-com-a-venda-de-seus-ativos-dizem-deputado-e-engenheiros\/#listItem","position":3,"name":"A CEEE \u00e9 vi\u00e1vel apenas com a venda de parte de seus ativos, dizem deputado e engenheiros","previousItem":{"@type":"ListItem","@id":"https:\/\/www.jornalja.com.br\/arquivo\/category\/geral\/#listItem","name":"Geral"}}]},{"@type":"Organization","@id":"https:\/\/www.jornalja.com.br\/arquivo\/#organization","name":"Jornal J\u00c1","description":"Jornal J\u00c1 | Porto Alegre","url":"https:\/\/www.jornalja.com.br\/arquivo\/","telephone":"+555133307272","logo":{"@type":"ImageObject","url":"https:\/\/www.jornalja.com.br\/wp-content\/uploads\/cards\/JAslogan.png","@id":"https:\/\/www.jornalja.com.br\/arquivo\/a-ceee-e-viavel-apenas-com-a-venda-de-seus-ativos-dizem-deputado-e-engenheiros\/#organizationLogo"},"image":{"@id":"https:\/\/www.jornalja.com.br\/arquivo\/a-ceee-e-viavel-apenas-com-a-venda-de-seus-ativos-dizem-deputado-e-engenheiros\/#organizationLogo"}},{"@type":"Person","@id":"https:\/\/www.jornalja.com.br\/arquivo\/author\/daredacao\/#author","url":"https:\/\/www.jornalja.com.br\/arquivo\/author\/daredacao\/","name":"da Reda\u00e7\u00e3o","image":{"@type":"ImageObject","@id":"https:\/\/www.jornalja.com.br\/arquivo\/a-ceee-e-viavel-apenas-com-a-venda-de-seus-ativos-dizem-deputado-e-engenheiros\/#authorImage","url":"https:\/\/secure.gravatar.com\/avatar\/469fd857d6605ad19919d27ed29d35a968a25f6e8fd9318356bbb7f57aae9c65?s=96&d=mm&r=g","width":96,"height":96,"caption":"da Reda\u00e7\u00e3o"}},{"@type":"WebPage","@id":"https:\/\/www.jornalja.com.br\/arquivo\/a-ceee-e-viavel-apenas-com-a-venda-de-seus-ativos-dizem-deputado-e-engenheiros\/#webpage","url":"https:\/\/www.jornalja.com.br\/arquivo\/a-ceee-e-viavel-apenas-com-a-venda-de-seus-ativos-dizem-deputado-e-engenheiros\/","name":"A CEEE \u00e9 vi\u00e1vel apenas com a venda de parte de seus ativos, dizem deputado e engenheiros | Arquivo","inLanguage":"pt-BR","isPartOf":{"@id":"https:\/\/www.jornalja.com.br\/arquivo\/#website"},"breadcrumb":{"@id":"https:\/\/www.jornalja.com.br\/arquivo\/a-ceee-e-viavel-apenas-com-a-venda-de-seus-ativos-dizem-deputado-e-engenheiros\/#breadcrumblist"},"author":{"@id":"https:\/\/www.jornalja.com.br\/arquivo\/author\/daredacao\/#author"},"creator":{"@id":"https:\/\/www.jornalja.com.br\/arquivo\/author\/daredacao\/#author"},"image":{"@type":"ImageObject","url":55296,"@id":"https:\/\/www.jornalja.com.br\/arquivo\/a-ceee-e-viavel-apenas-com-a-venda-de-seus-ativos-dizem-deputado-e-engenheiros\/#mainImage"},"primaryImageOfPage":{"@id":"https:\/\/www.jornalja.com.br\/arquivo\/a-ceee-e-viavel-apenas-com-a-venda-de-seus-ativos-dizem-deputado-e-engenheiros\/#mainImage"},"datePublished":"2017-09-18T23:14:54-03:00","dateModified":"2017-09-18T23:14:54-03:00"},{"@type":"WebSite","@id":"https:\/\/www.jornalja.com.br\/arquivo\/#website","url":"https:\/\/www.jornalja.com.br\/arquivo\/","name":"Arquivo","description":"Jornal J\u00c1 | Porto Alegre","inLanguage":"pt-BR","publisher":{"@id":"https:\/\/www.jornalja.com.br\/arquivo\/#organization"}}]},"og:locale":"pt_BR","og:site_name":"Arquivo | Jornal J\u00c1 | Porto Alegre","og:type":"article","og:title":"A CEEE \u00e9 vi\u00e1vel apenas com a venda de parte de seus ativos, dizem deputado e engenheiros | Arquivo","og:url":"https:\/\/www.jornalja.com.br\/arquivo\/a-ceee-e-viavel-apenas-com-a-venda-de-seus-ativos-dizem-deputado-e-engenheiros\/","og:image":"https:\/\/www.jornalja.com.br\/economics\/wp-content\/uploads\/sites\/11\/2026\/08\/ja-folhaderosto-facebook.jpg","og:image:secure_url":"https:\/\/www.jornalja.com.br\/economics\/wp-content\/uploads\/sites\/11\/2026\/08\/ja-folhaderosto-facebook.jpg","article:published_time":"2017-09-19T02:14:54+00:00","article:modified_time":"2017-09-19T02:14:54+00:00","twitter:card":"summary","twitter:title":"A CEEE \u00e9 vi\u00e1vel apenas com a venda de parte de seus ativos, dizem deputado e engenheiros | Arquivo","twitter:image":"https:\/\/www.jornalja.com.br\/economics\/wp-content\/uploads\/sites\/11\/2026\/08\/ja-folhaderosto-facebook.jpg"},"aioseo_meta_data":{"post_id":"55295","title":null,"description":null,"keywords":null,"keyphrases":null,"primary_term":null,"canonical_url":null,"og_title":null,"og_description":null,"og_object_type":"default","og_image_type":"default","og_image_url":null,"og_image_width":null,"og_image_height":null,"og_image_custom_url":null,"og_image_custom_fields":null,"og_video":null,"og_custom_url":null,"og_article_section":null,"og_article_tags":null,"twitter_use_og":false,"twitter_card":"default","twitter_image_type":"default","twitter_image_url":null,"twitter_image_custom_url":null,"twitter_image_custom_fields":null,"twitter_title":null,"twitter_description":null,"schema":{"blockGraphs":[],"customGraphs":[],"default":{"data":{"Article":[],"Course":[],"Dataset":[],"FAQPage":[],"Movie":[],"Person":[],"Product":[],"ProductReview":[],"Car":[],"Recipe":[],"Service":[],"SoftwareApplication":[],"WebPage":[]},"graphName":"","isEnabled":true},"graphs":[],"defaultGraph":"","defaultPostTypeGraph":""},"schema_type":null,"schema_type_options":null,"pillar_content":false,"robots_default":true,"robots_noindex":false,"robots_noarchive":false,"robots_nosnippet":false,"robots_nofollow":false,"robots_noimageindex":false,"robots_noodp":false,"robots_notranslate":false,"robots_max_snippet":null,"robots_max_videopreview":null,"robots_max_imagepreview":"large","priority":null,"frequency":null,"location":null,"local_seo":null,"breadcrumb_settings":null,"limit_modified_date":false,"ai":null,"created":"2020-12-20 20:24:05","updated":"2025-07-20 01:16:13","seo_analyzer_scan_date":null,"focus_keyword":null,"additional_keywords":null,"truseo_locale":null},"jetpack_sharing_enabled":true,"jetpack-related-posts":[{"id":5440,"url":"https:\/\/www.jornalja.com.br\/arquivo\/casarao-da-venancio-destino-permanece-incerto\/","url_meta":{"origin":55295,"position":0},"title":"Estado ainda n\u00e3o sabe o que fazer com casar\u00e3o abandonado h\u00e1 20 anos","author":"Elmar Bones","date":"6 de julho de 2009","format":false,"excerpt":"O casar\u00e3o amarelo, numa esquina nobre de Porto Alegre (Ven\u00e2ncio Aires com Jo\u00e3o Pessoa), j\u00e1 abrigou uma escola. H\u00e1 duas d\u00e9cadas, pelo menos, est\u00e1 abandonado, porque seu propriet\u00e1rio, o governo do Estado do Rio Grande do Sul, n\u00e3o consegue achar um destino para ele. Planos n\u00e3o faltaram. O governador Ol\u00edvio\u2026","rel":"","context":"Em &quot;X.Categorias velhas&quot;","block_context":{"text":"X.Categorias velhas","link":"https:\/\/www.jornalja.com.br\/arquivo\/category\/x-categorias-velhas\/"},"img":{"alt_text":"geraldo1","src":"https:\/\/i0.wp.com\/www.jornalja.com.br\/wp-content\/uploads\/2009\/07\/geraldo1.jpg?resize=350%2C200&ssl=1","width":350,"height":200},"classes":[]},{"id":13109,"url":"https:\/\/www.jornalja.com.br\/arquivo\/judiciario-reconhece-poluicao-eletromagnetica\/","url_meta":{"origin":55295,"position":1},"title":"Judici\u00e1rio reconhece polui\u00e7\u00e3o eletromagn\u00e9tica","author":"Patr\u00edcia Marini","date":"16 de maio de 2014","format":false,"excerpt":"A\u00e7\u00e3o de duas associa\u00e7\u00f5es de moradores foi acolhida pelo Tribunal de Justi\u00e7a de S\u00e3o Paulo que. em decis\u00e3o in\u00e9dita, determinou a redu\u00e7\u00e3o do campo eletromagn\u00e9tico gerado pelas linhas de transmiss\u00e3o de energia que cortam os bairros City Boa\u00e7ava e Alto de Pinheiros. \u00c9 a primeira vez que um tribunal do\u2026","rel":"","context":"Em &quot;X.Categorias velhas&quot;","block_context":{"text":"X.Categorias velhas","link":"https:\/\/www.jornalja.com.br\/arquivo\/category\/x-categorias-velhas\/"},"img":{"alt_text":"","src":"","width":0,"height":0},"classes":[]},{"id":13124,"url":"https:\/\/www.jornalja.com.br\/arquivo\/sangue-latino-no-iecine\/","url_meta":{"origin":55295,"position":2},"title":"Sangue latino no IECINE","author":"da Reda\u00e7\u00e3o","date":"18 de maio de 2014","format":false,"excerpt":"Francisco Ribeiro O Instituto Estadual de Cinema (IECINE) tem a frente, desde abril \u00faltimo, um novo diretor, o cineasta colombiano Juan Zapata, 36, que substitui Luiz Alberto Cassol. Radicado h\u00e1 dez anos em Porto Alegre, Zapata tem diante de si o desafio de conduzir at\u00e9 o final do ano um\u2026","rel":"","context":"Em &quot;Cultura-Geral&quot;","block_context":{"text":"Cultura-Geral","link":"https:\/\/www.jornalja.com.br\/arquivo\/category\/materiasecundaria\/"},"img":{"alt_text":"","src":"","width":0,"height":0},"classes":[]},{"id":13128,"url":"https:\/\/www.jornalja.com.br\/arquivo\/maconha-terra-diz-que-uso-medicinal-e-desculpa\/","url_meta":{"origin":55295,"position":3},"title":"Maconha: Terra diz que uso medicinal \u00e9 desculpa","author":"Patr\u00edcia Marini","date":"4 de junho de 2014","format":false,"excerpt":"A condi\u00e7\u00e3o de pol\u00edtico, em \u00e9poca de campanha de campanha eleitoral, tira for\u00e7a do discurso do m\u00e9dico Osmar Terra contra a legaliza\u00e7\u00e3o da maconha. A tese dele de que a libera\u00e7\u00e3o vai ampliar exponencialmente o consumo \u00e9 discutivel, o consumo \u00e9 corrente. Mas seus alertas quanto aos riscos tem que\u2026","rel":"","context":"Em &quot;X.Categorias velhas&quot;","block_context":{"text":"X.Categorias velhas","link":"https:\/\/www.jornalja.com.br\/arquivo\/category\/x-categorias-velhas\/"},"img":{"alt_text":"","src":"","width":0,"height":0},"classes":[]},{"id":12960,"url":"https:\/\/www.jornalja.com.br\/arquivo\/populacao-culpa-empresas-pela-greve-dos-rodoviarios\/","url_meta":{"origin":55295,"position":4},"title":"Popula\u00e7\u00e3o culpa empresas pela greve","author":"Patr\u00edcia Marini","date":"14 de fevereiro de 2014","format":false,"excerpt":"Pesquisa divulgada na edi\u00e7\u00e3o do jornal Metro desta sexta-feira,14, comprova o velho ditado: \u00e9 poss\u00edvel enganar muitos por algum tempo, mas n\u00e3o \u00e9 poss\u00edvel enganar a todos o tempo inteiro. A principal revela\u00e7\u00e3o foi que 59,8% dos entrevistados apontaram as empresas como as principais respons\u00e1veis pela grave e 46% culparam\u2026","rel":"","context":"Em &quot;X.Categorias velhas&quot;","block_context":{"text":"X.Categorias velhas","link":"https:\/\/www.jornalja.com.br\/arquivo\/category\/x-categorias-velhas\/"},"img":{"alt_text":"","src":"","width":0,"height":0},"classes":[]}],"jetpack_shortlink":"https:\/\/wp.me\/pbQjBd-enR","jetpack_featured_media_url":"","_links":{"self":[{"href":"https:\/\/www.jornalja.com.br\/arquivo\/wp-json\/wp\/v2\/posts\/55295","targetHints":{"allow":["GET"]}}],"collection":[{"href":"https:\/\/www.jornalja.com.br\/arquivo\/wp-json\/wp\/v2\/posts"}],"about":[{"href":"https:\/\/www.jornalja.com.br\/arquivo\/wp-json\/wp\/v2\/types\/post"}],"author":[{"embeddable":true,"href":"https:\/\/www.jornalja.com.br\/arquivo\/wp-json\/wp\/v2\/users\/4"}],"replies":[{"embeddable":true,"href":"https:\/\/www.jornalja.com.br\/arquivo\/wp-json\/wp\/v2\/comments?post=55295"}],"version-history":[{"count":0,"href":"https:\/\/www.jornalja.com.br\/arquivo\/wp-json\/wp\/v2\/posts\/55295\/revisions"}],"wp:attachment":[{"href":"https:\/\/www.jornalja.com.br\/arquivo\/wp-json\/wp\/v2\/media?parent=55295"}],"wp:term":[{"taxonomy":"category","embeddable":true,"href":"https:\/\/www.jornalja.com.br\/arquivo\/wp-json\/wp\/v2\/categories?post=55295"},{"taxonomy":"post_tag","embeddable":true,"href":"https:\/\/www.jornalja.com.br\/arquivo\/wp-json\/wp\/v2\/tags?post=55295"}],"curies":[{"name":"wp","href":"https:\/\/api.w.org\/{rel}","templated":true}]}}