{"id":55311,"date":"2017-09-19T15:32:04","date_gmt":"2017-09-19T18:32:04","guid":{"rendered":"https:\/\/www.jornalja.com.br\/?p=55311"},"modified":"2017-09-19T15:32:04","modified_gmt":"2017-09-19T18:32:04","slug":"pm-acusado-de-matar-sem-terra-em-2009-vai-a-juri-em-porto-alegre","status":"publish","type":"post","link":"https:\/\/www.jornalja.com.br\/arquivo\/pm-acusado-de-matar-sem-terra-em-2009-vai-a-juri-em-porto-alegre\/","title":{"rendered":"PM acusado de matar sem-terra em 2009 vai a j\u00fari em Porto Alegre"},"content":{"rendered":"<p>Na pr\u00f3xima quinta-feira, 21\/09, na 1\u00aa Vara do J\u00fari de Porto Alegre, ser\u00e1 realizado o j\u00fari popular do policial militar Alexandre Curto dos Santos, acusado de matar, com um tiro pelas costas, o trabalhador rural Elton Brum da Silva, em S\u00e3o Gabriel, em agosto de 2009.<br \/>\nOito anos ap\u00f3s o crime, Curto vai a julgamento acusado por homic\u00eddio qualificado, ou seja, por impossibilitar a defesa da v\u00edtima. O r\u00e9u responde em liberdade.<br \/>\nO j\u00fari ter\u00e1 in\u00edcio \u00e0s 9h30, no 5\u00ba andar do Foro Central I, e ser\u00e1 presidido pelo Juiz Orlando Faccini Neto. A fam\u00edlia de Elton (sua filha, a vi\u00fava e seu pai) e alguns militantes do MST v\u00e3o acompanhar o julgamento. Ainda segundo o MST, haver\u00e1 vig\u00edlia e interven\u00e7\u00f5es pac\u00edficas nas ruas pr\u00f3ximas para denunciar \u00e0 popula\u00e7\u00e3o os assassinatos ocorridos na luta pela terra.<br \/>\nConforme o Tribunal de Justi\u00e7a, o j\u00fari popular ser\u00e1 composto por sete jurados escolhidos por sorteio. Eles acompanhar\u00e3o os depoimentos, a apresenta\u00e7\u00e3o das provas e dos debates. Ap\u00f3s, votar\u00e3o se consideram o r\u00e9u culpado ou inocente. Se condenado, a pena varia de 12 a 30 anos de pris\u00e3o.<br \/>\nSegundo o advogado Emiliano Maldonado, o julgamento popular do policial militar acontece na Capital ga\u00facha depois de uma larga tramita\u00e7\u00e3o processual, decorrente de uma s\u00e9rie de medidas protelat\u00f3rias por parte do r\u00e9u, e da necessidade de desaforar o processo da Comarca de S\u00e3o Gabriel em busca de um julgamento imparcial. \u201cQuase uma d\u00e9cada depois, a fam\u00edlia de Brum segue aguardando que o Poder Judici\u00e1rio fa\u00e7a justi\u00e7a e condene o brigadiano respons\u00e1vel pelo homic\u00eddio\u201d, acrescenta.<br \/>\n<span class=\"intertit\">Agricultor foi morto em reintegra\u00e7\u00e3o de posse em S\u00e3o Gabriel<\/span><br \/>\n<figure id=\"attachment_55315\" aria-describedby=\"caption-attachment-55315\" style=\"width: 350px\" class=\"wp-caption alignleft\"><img loading=\"lazy\" decoding=\"async\" class=\"size-medium wp-image-55315\" src=\"https:\/\/www.jornalja.com.br\/wp-content\/uploads\/2017\/09\/37325591105_b2a35c950f_b-350x400.jpg\" alt=\"\" width=\"350\" height=\"400\" \/><figcaption id=\"caption-attachment-55315\" class=\"wp-caption-text\">Elton Brum da Silva foi assassinado em agosto de 2009 \/ Reprodu\u00e7\u00e3o<\/figcaption><\/figure><br \/>\nO assassinato de Elton Brum da Silva ocorreu em 21 de agosto de 2009, durante a reintegra\u00e7\u00e3o de posse da Fazenda Southall, de dez mil hectares, localizada no interior de S\u00e3o Gabriel, oeste do RS.<br \/>\nA a\u00e7\u00e3o da Brigada Militar contra cerca de 500 fam\u00edlias do MST resultou em dezenas de feridos e na morte de Brum, aos 44 anos de idade. Ele deixou a esposa vi\u00fava e uma filha menor de idade. Brum foi atingido com um tiro pelas costas, disparados de uma espingarda calibre 12.<br \/>\n\u00c0 \u00e9poca, o policial acusado atuava no Pelot\u00e3o de Opera\u00e7\u00f5es Especiais do 6\u00b0 Regimento de Pol\u00edcia Montada (RPMon) do munic\u00edpio de Bag\u00e9. Durante o processo judicial, Curto assumiu ter sido o autor do disparo, mas alegou n\u00e3o saber que estava com muni\u00e7\u00e3o real e que agiu em leg\u00edtima defesa. Ele teria trocado acidentalmente sua arma com a de um colega, que possu\u00eda a muni\u00e7\u00e3o letal.<br \/>\nConforme os advogados da assist\u00eancia da acusa\u00e7\u00e3o, \u201c\u00e9 expressamente proibido pelos regulamentos internos da pol\u00edcia, por ordenamento jur\u00eddico e pelos tratados internacionais, a utiliza\u00e7\u00e3o de muni\u00e7\u00e3o letal durante a realiza\u00e7\u00e3o de despejos for\u00e7ados de fam\u00edlias e movimentos sociais\u201d.<br \/>\nNo ano passado, o Estado do RS foi condenado a indenizar a fam\u00edlia de Brum em R$ 140 mil, por danos morais, e a pagar uma pens\u00e3o de um sal\u00e1rio m\u00ednimo regional \u00e0 filha at\u00e9 a sua maioridade. A \u00e1rea onde Brum foi assassinado recebeu o nome de Assentamento Conquista do Caiboat\u00e9 e hoje abriga 225 fam\u00edlias, sendo refer\u00eancia na produ\u00e7\u00e3o agr\u00edcola da regi\u00e3o.<\/p>\n","protected":false},"excerpt":{"rendered":"<p>Na pr\u00f3xima quinta-feira, 21\/09, na 1\u00aa Vara do J\u00fari de Porto Alegre, ser\u00e1 realizado o j\u00fari popular do policial militar Alexandre Curto dos Santos, acusado de matar, com um tiro pelas costas, o trabalhador rural Elton Brum da Silva, em S\u00e3o Gabriel, em agosto de 2009. Oito anos ap\u00f3s o crime, Curto vai a julgamento [&hellip;]<\/p>\n","protected":false},"author":4,"featured_media":55316,"comment_status":"open","ping_status":"closed","sticky":false,"template":"","format":"standard","meta":{"_jetpack_newsletter_access":"","_jetpack_dont_email_post_to_subs":false,"_jetpack_newsletter_tier_id":0,"_jetpack_memberships_contains_paywalled_content":false,"_jetpack_feature_clip_id":0,"_jetpack_memberships_contains_paid_content":false,"footnotes":"","jetpack_post_was_ever_published":false},"categories":[26],"tags":[],"class_list":["post-55311","post","type-post","status-publish","format-standard","has-post-thumbnail","hentry","category-geral"],"aioseo_notices":[],"aioseo_head":"\n\t\t<!-- All in One SEO 5.0.1.1 - aioseo.com -->\n\t<meta name=\"robots\" content=\"max-image-preview:large\" \/>\n\t<meta name=\"author\" content=\"da Reda\u00e7\u00e3o\"\/>\n\t<link rel=\"canonical\" href=\"https:\/\/www.jornalja.com.br\/arquivo\/pm-acusado-de-matar-sem-terra-em-2009-vai-a-juri-em-porto-alegre\/\" \/>\n\t<meta name=\"generator\" content=\"All in One SEO (AIOSEO) 5.0.1.1\" \/>\n\t\t<meta property=\"og:locale\" content=\"pt_BR\" \/>\n\t\t<meta property=\"og:site_name\" content=\"Arquivo | Jornal J\u00c1 | Porto Alegre\" \/>\n\t\t<meta property=\"og:type\" content=\"article\" \/>\n\t\t<meta property=\"og:title\" content=\"PM acusado de matar sem-terra em 2009 vai a j\u00fari em Porto Alegre | Arquivo\" \/>\n\t\t<meta property=\"og:url\" content=\"https:\/\/www.jornalja.com.br\/arquivo\/pm-acusado-de-matar-sem-terra-em-2009-vai-a-juri-em-porto-alegre\/\" \/>\n\t\t<meta property=\"og:image\" content=\"https:\/\/www.jornalja.com.br\/wp-content\/uploads\/2017\/09\/37325591105_b2a35c950f_b-350x400.jpg\" \/>\n\t\t<meta property=\"og:image:secure_url\" content=\"https:\/\/www.jornalja.com.br\/wp-content\/uploads\/2017\/09\/37325591105_b2a35c950f_b-350x400.jpg\" \/>\n\t\t<meta property=\"article:published_time\" content=\"2017-09-19T18:32:04+00:00\" \/>\n\t\t<meta property=\"article:modified_time\" content=\"2017-09-19T18:32:04+00:00\" \/>\n\t\t<meta name=\"twitter:card\" content=\"summary\" \/>\n\t\t<meta name=\"twitter:title\" content=\"PM acusado de matar sem-terra em 2009 vai a j\u00fari em Porto Alegre | Arquivo\" \/>\n\t\t<meta name=\"twitter:image\" content=\"https:\/\/www.jornalja.com.br\/economics\/wp-content\/uploads\/sites\/11\/2026\/08\/ja-folhaderosto-facebook.jpg\" \/>\n\t\t<script type=\"application\/ld+json\" class=\"aioseo-schema\">\n\t\t\t{\"@context\":\"https:\\\/\\\/schema.org\",\"@graph\":[{\"@type\":\"BlogPosting\",\"@id\":\"https:\\\/\\\/www.jornalja.com.br\\\/arquivo\\\/pm-acusado-de-matar-sem-terra-em-2009-vai-a-juri-em-porto-alegre\\\/#blogposting\",\"name\":\"PM acusado de matar sem-terra em 2009 vai a j\\u00fari em Porto Alegre | Arquivo\",\"headline\":\"PM acusado de matar sem-terra em 2009 vai a j\\u00fari em Porto Alegre\",\"author\":{\"@id\":\"https:\\\/\\\/www.jornalja.com.br\\\/arquivo\\\/author\\\/daredacao\\\/#author\"},\"publisher\":{\"@id\":\"https:\\\/\\\/www.jornalja.com.br\\\/arquivo\\\/#organization\"},\"image\":{\"@type\":\"ImageObject\",\"url\":55316},\"datePublished\":\"2017-09-19T15:32:04-03:00\",\"dateModified\":\"2017-09-19T15:32:04-03:00\",\"inLanguage\":\"pt-BR\",\"mainEntityOfPage\":{\"@id\":\"https:\\\/\\\/www.jornalja.com.br\\\/arquivo\\\/pm-acusado-de-matar-sem-terra-em-2009-vai-a-juri-em-porto-alegre\\\/#webpage\"},\"isPartOf\":{\"@id\":\"https:\\\/\\\/www.jornalja.com.br\\\/arquivo\\\/pm-acusado-de-matar-sem-terra-em-2009-vai-a-juri-em-porto-alegre\\\/#webpage\"},\"articleSection\":\"Geral\"},{\"@type\":\"BreadcrumbList\",\"@id\":\"https:\\\/\\\/www.jornalja.com.br\\\/arquivo\\\/pm-acusado-de-matar-sem-terra-em-2009-vai-a-juri-em-porto-alegre\\\/#breadcrumblist\",\"itemListElement\":[{\"@type\":\"ListItem\",\"@id\":\"https:\\\/\\\/www.jornalja.com.br\\\/arquivo#listItem\",\"position\":1,\"name\":\"Home\",\"item\":\"https:\\\/\\\/www.jornalja.com.br\\\/arquivo\",\"nextItem\":{\"@type\":\"ListItem\",\"@id\":\"https:\\\/\\\/www.jornalja.com.br\\\/arquivo\\\/category\\\/geral\\\/#listItem\",\"name\":\"Geral\"}},{\"@type\":\"ListItem\",\"@id\":\"https:\\\/\\\/www.jornalja.com.br\\\/arquivo\\\/category\\\/geral\\\/#listItem\",\"position\":2,\"name\":\"Geral\",\"item\":\"https:\\\/\\\/www.jornalja.com.br\\\/arquivo\\\/category\\\/geral\\\/\",\"nextItem\":{\"@type\":\"ListItem\",\"@id\":\"https:\\\/\\\/www.jornalja.com.br\\\/arquivo\\\/pm-acusado-de-matar-sem-terra-em-2009-vai-a-juri-em-porto-alegre\\\/#listItem\",\"name\":\"PM acusado de matar sem-terra em 2009 vai a j\\u00fari em Porto Alegre\"},\"previousItem\":{\"@type\":\"ListItem\",\"@id\":\"https:\\\/\\\/www.jornalja.com.br\\\/arquivo#listItem\",\"name\":\"Home\"}},{\"@type\":\"ListItem\",\"@id\":\"https:\\\/\\\/www.jornalja.com.br\\\/arquivo\\\/pm-acusado-de-matar-sem-terra-em-2009-vai-a-juri-em-porto-alegre\\\/#listItem\",\"position\":3,\"name\":\"PM acusado de matar sem-terra em 2009 vai a j\\u00fari em Porto Alegre\",\"previousItem\":{\"@type\":\"ListItem\",\"@id\":\"https:\\\/\\\/www.jornalja.com.br\\\/arquivo\\\/category\\\/geral\\\/#listItem\",\"name\":\"Geral\"}}]},{\"@type\":\"Organization\",\"@id\":\"https:\\\/\\\/www.jornalja.com.br\\\/arquivo\\\/#organization\",\"name\":\"Jornal J\\u00c1\",\"description\":\"Jornal J\\u00c1 | Porto Alegre\",\"url\":\"https:\\\/\\\/www.jornalja.com.br\\\/arquivo\\\/\",\"telephone\":\"+555133307272\",\"logo\":{\"@type\":\"ImageObject\",\"url\":\"https:\\\/\\\/www.jornalja.com.br\\\/wp-content\\\/uploads\\\/cards\\\/JAslogan.png\",\"@id\":\"https:\\\/\\\/www.jornalja.com.br\\\/arquivo\\\/pm-acusado-de-matar-sem-terra-em-2009-vai-a-juri-em-porto-alegre\\\/#organizationLogo\"},\"image\":{\"@id\":\"https:\\\/\\\/www.jornalja.com.br\\\/arquivo\\\/pm-acusado-de-matar-sem-terra-em-2009-vai-a-juri-em-porto-alegre\\\/#organizationLogo\"}},{\"@type\":\"Person\",\"@id\":\"https:\\\/\\\/www.jornalja.com.br\\\/arquivo\\\/author\\\/daredacao\\\/#author\",\"url\":\"https:\\\/\\\/www.jornalja.com.br\\\/arquivo\\\/author\\\/daredacao\\\/\",\"name\":\"da Reda\\u00e7\\u00e3o\",\"image\":{\"@type\":\"ImageObject\",\"@id\":\"https:\\\/\\\/www.jornalja.com.br\\\/arquivo\\\/pm-acusado-de-matar-sem-terra-em-2009-vai-a-juri-em-porto-alegre\\\/#authorImage\",\"url\":\"https:\\\/\\\/secure.gravatar.com\\\/avatar\\\/469fd857d6605ad19919d27ed29d35a968a25f6e8fd9318356bbb7f57aae9c65?s=96&d=mm&r=g\",\"width\":96,\"height\":96,\"caption\":\"da Reda\\u00e7\\u00e3o\"}},{\"@type\":\"WebPage\",\"@id\":\"https:\\\/\\\/www.jornalja.com.br\\\/arquivo\\\/pm-acusado-de-matar-sem-terra-em-2009-vai-a-juri-em-porto-alegre\\\/#webpage\",\"url\":\"https:\\\/\\\/www.jornalja.com.br\\\/arquivo\\\/pm-acusado-de-matar-sem-terra-em-2009-vai-a-juri-em-porto-alegre\\\/\",\"name\":\"PM acusado de matar sem-terra em 2009 vai a j\\u00fari em Porto Alegre | Arquivo\",\"inLanguage\":\"pt-BR\",\"isPartOf\":{\"@id\":\"https:\\\/\\\/www.jornalja.com.br\\\/arquivo\\\/#website\"},\"breadcrumb\":{\"@id\":\"https:\\\/\\\/www.jornalja.com.br\\\/arquivo\\\/pm-acusado-de-matar-sem-terra-em-2009-vai-a-juri-em-porto-alegre\\\/#breadcrumblist\"},\"author\":{\"@id\":\"https:\\\/\\\/www.jornalja.com.br\\\/arquivo\\\/author\\\/daredacao\\\/#author\"},\"creator\":{\"@id\":\"https:\\\/\\\/www.jornalja.com.br\\\/arquivo\\\/author\\\/daredacao\\\/#author\"},\"image\":{\"@type\":\"ImageObject\",\"url\":55316,\"@id\":\"https:\\\/\\\/www.jornalja.com.br\\\/arquivo\\\/pm-acusado-de-matar-sem-terra-em-2009-vai-a-juri-em-porto-alegre\\\/#mainImage\"},\"primaryImageOfPage\":{\"@id\":\"https:\\\/\\\/www.jornalja.com.br\\\/arquivo\\\/pm-acusado-de-matar-sem-terra-em-2009-vai-a-juri-em-porto-alegre\\\/#mainImage\"},\"datePublished\":\"2017-09-19T15:32:04-03:00\",\"dateModified\":\"2017-09-19T15:32:04-03:00\"},{\"@type\":\"WebSite\",\"@id\":\"https:\\\/\\\/www.jornalja.com.br\\\/arquivo\\\/#website\",\"url\":\"https:\\\/\\\/www.jornalja.com.br\\\/arquivo\\\/\",\"name\":\"Arquivo\",\"description\":\"Jornal J\\u00c1 | Porto Alegre\",\"inLanguage\":\"pt-BR\",\"publisher\":{\"@id\":\"https:\\\/\\\/www.jornalja.com.br\\\/arquivo\\\/#organization\"}}]}\n\t\t<\/script>\n\t\t<!-- All in One SEO -->\n\n","aioseo_head_json":{"title":"PM acusado de matar sem-terra em 2009 vai a j\u00fari em Porto Alegre | Arquivo","description":"","canonical_url":"https:\/\/www.jornalja.com.br\/arquivo\/pm-acusado-de-matar-sem-terra-em-2009-vai-a-juri-em-porto-alegre\/","robots":"max-image-preview:large","keywords":"","webmasterTools":{"miscellaneous":""},"schema":{"@context":"https:\/\/schema.org","@graph":[{"@type":"BlogPosting","@id":"https:\/\/www.jornalja.com.br\/arquivo\/pm-acusado-de-matar-sem-terra-em-2009-vai-a-juri-em-porto-alegre\/#blogposting","name":"PM acusado de matar sem-terra em 2009 vai a j\u00fari em Porto Alegre | Arquivo","headline":"PM acusado de matar sem-terra em 2009 vai a j\u00fari em Porto Alegre","author":{"@id":"https:\/\/www.jornalja.com.br\/arquivo\/author\/daredacao\/#author"},"publisher":{"@id":"https:\/\/www.jornalja.com.br\/arquivo\/#organization"},"image":{"@type":"ImageObject","url":55316},"datePublished":"2017-09-19T15:32:04-03:00","dateModified":"2017-09-19T15:32:04-03:00","inLanguage":"pt-BR","mainEntityOfPage":{"@id":"https:\/\/www.jornalja.com.br\/arquivo\/pm-acusado-de-matar-sem-terra-em-2009-vai-a-juri-em-porto-alegre\/#webpage"},"isPartOf":{"@id":"https:\/\/www.jornalja.com.br\/arquivo\/pm-acusado-de-matar-sem-terra-em-2009-vai-a-juri-em-porto-alegre\/#webpage"},"articleSection":"Geral"},{"@type":"BreadcrumbList","@id":"https:\/\/www.jornalja.com.br\/arquivo\/pm-acusado-de-matar-sem-terra-em-2009-vai-a-juri-em-porto-alegre\/#breadcrumblist","itemListElement":[{"@type":"ListItem","@id":"https:\/\/www.jornalja.com.br\/arquivo#listItem","position":1,"name":"Home","item":"https:\/\/www.jornalja.com.br\/arquivo","nextItem":{"@type":"ListItem","@id":"https:\/\/www.jornalja.com.br\/arquivo\/category\/geral\/#listItem","name":"Geral"}},{"@type":"ListItem","@id":"https:\/\/www.jornalja.com.br\/arquivo\/category\/geral\/#listItem","position":2,"name":"Geral","item":"https:\/\/www.jornalja.com.br\/arquivo\/category\/geral\/","nextItem":{"@type":"ListItem","@id":"https:\/\/www.jornalja.com.br\/arquivo\/pm-acusado-de-matar-sem-terra-em-2009-vai-a-juri-em-porto-alegre\/#listItem","name":"PM acusado de matar sem-terra em 2009 vai a j\u00fari em Porto Alegre"},"previousItem":{"@type":"ListItem","@id":"https:\/\/www.jornalja.com.br\/arquivo#listItem","name":"Home"}},{"@type":"ListItem","@id":"https:\/\/www.jornalja.com.br\/arquivo\/pm-acusado-de-matar-sem-terra-em-2009-vai-a-juri-em-porto-alegre\/#listItem","position":3,"name":"PM acusado de matar sem-terra em 2009 vai a j\u00fari em Porto Alegre","previousItem":{"@type":"ListItem","@id":"https:\/\/www.jornalja.com.br\/arquivo\/category\/geral\/#listItem","name":"Geral"}}]},{"@type":"Organization","@id":"https:\/\/www.jornalja.com.br\/arquivo\/#organization","name":"Jornal J\u00c1","description":"Jornal J\u00c1 | Porto Alegre","url":"https:\/\/www.jornalja.com.br\/arquivo\/","telephone":"+555133307272","logo":{"@type":"ImageObject","url":"https:\/\/www.jornalja.com.br\/wp-content\/uploads\/cards\/JAslogan.png","@id":"https:\/\/www.jornalja.com.br\/arquivo\/pm-acusado-de-matar-sem-terra-em-2009-vai-a-juri-em-porto-alegre\/#organizationLogo"},"image":{"@id":"https:\/\/www.jornalja.com.br\/arquivo\/pm-acusado-de-matar-sem-terra-em-2009-vai-a-juri-em-porto-alegre\/#organizationLogo"}},{"@type":"Person","@id":"https:\/\/www.jornalja.com.br\/arquivo\/author\/daredacao\/#author","url":"https:\/\/www.jornalja.com.br\/arquivo\/author\/daredacao\/","name":"da Reda\u00e7\u00e3o","image":{"@type":"ImageObject","@id":"https:\/\/www.jornalja.com.br\/arquivo\/pm-acusado-de-matar-sem-terra-em-2009-vai-a-juri-em-porto-alegre\/#authorImage","url":"https:\/\/secure.gravatar.com\/avatar\/469fd857d6605ad19919d27ed29d35a968a25f6e8fd9318356bbb7f57aae9c65?s=96&d=mm&r=g","width":96,"height":96,"caption":"da Reda\u00e7\u00e3o"}},{"@type":"WebPage","@id":"https:\/\/www.jornalja.com.br\/arquivo\/pm-acusado-de-matar-sem-terra-em-2009-vai-a-juri-em-porto-alegre\/#webpage","url":"https:\/\/www.jornalja.com.br\/arquivo\/pm-acusado-de-matar-sem-terra-em-2009-vai-a-juri-em-porto-alegre\/","name":"PM acusado de matar sem-terra em 2009 vai a j\u00fari em Porto Alegre | Arquivo","inLanguage":"pt-BR","isPartOf":{"@id":"https:\/\/www.jornalja.com.br\/arquivo\/#website"},"breadcrumb":{"@id":"https:\/\/www.jornalja.com.br\/arquivo\/pm-acusado-de-matar-sem-terra-em-2009-vai-a-juri-em-porto-alegre\/#breadcrumblist"},"author":{"@id":"https:\/\/www.jornalja.com.br\/arquivo\/author\/daredacao\/#author"},"creator":{"@id":"https:\/\/www.jornalja.com.br\/arquivo\/author\/daredacao\/#author"},"image":{"@type":"ImageObject","url":55316,"@id":"https:\/\/www.jornalja.com.br\/arquivo\/pm-acusado-de-matar-sem-terra-em-2009-vai-a-juri-em-porto-alegre\/#mainImage"},"primaryImageOfPage":{"@id":"https:\/\/www.jornalja.com.br\/arquivo\/pm-acusado-de-matar-sem-terra-em-2009-vai-a-juri-em-porto-alegre\/#mainImage"},"datePublished":"2017-09-19T15:32:04-03:00","dateModified":"2017-09-19T15:32:04-03:00"},{"@type":"WebSite","@id":"https:\/\/www.jornalja.com.br\/arquivo\/#website","url":"https:\/\/www.jornalja.com.br\/arquivo\/","name":"Arquivo","description":"Jornal J\u00c1 | Porto Alegre","inLanguage":"pt-BR","publisher":{"@id":"https:\/\/www.jornalja.com.br\/arquivo\/#organization"}}]},"og:locale":"pt_BR","og:site_name":"Arquivo | Jornal J\u00c1 | Porto Alegre","og:type":"article","og:title":"PM acusado de matar sem-terra em 2009 vai a j\u00fari em Porto Alegre | Arquivo","og:url":"https:\/\/www.jornalja.com.br\/arquivo\/pm-acusado-de-matar-sem-terra-em-2009-vai-a-juri-em-porto-alegre\/","og:image":"https:\/\/www.jornalja.com.br\/wp-content\/uploads\/2017\/09\/37325591105_b2a35c950f_b-350x400.jpg","og:image:secure_url":"https:\/\/www.jornalja.com.br\/wp-content\/uploads\/2017\/09\/37325591105_b2a35c950f_b-350x400.jpg","article:published_time":"2017-09-19T18:32:04+00:00","article:modified_time":"2017-09-19T18:32:04+00:00","twitter:card":"summary","twitter:title":"PM acusado de matar sem-terra em 2009 vai a j\u00fari em Porto Alegre | Arquivo","twitter:image":"https:\/\/www.jornalja.com.br\/economics\/wp-content\/uploads\/sites\/11\/2026\/08\/ja-folhaderosto-facebook.jpg"},"aioseo_meta_data":{"post_id":"55311","title":null,"description":null,"keywords":null,"keyphrases":null,"primary_term":null,"canonical_url":null,"og_title":null,"og_description":null,"og_object_type":"default","og_image_type":"default","og_image_url":null,"og_image_width":null,"og_image_height":null,"og_image_custom_url":null,"og_image_custom_fields":null,"og_video":null,"og_custom_url":null,"og_article_section":null,"og_article_tags":null,"twitter_use_og":false,"twitter_card":"default","twitter_image_type":"default","twitter_image_url":null,"twitter_image_custom_url":null,"twitter_image_custom_fields":null,"twitter_title":null,"twitter_description":null,"schema":{"blockGraphs":[],"customGraphs":[],"default":{"data":{"Article":[],"Course":[],"Dataset":[],"FAQPage":[],"Movie":[],"Person":[],"Product":[],"ProductReview":[],"Car":[],"Recipe":[],"Service":[],"SoftwareApplication":[],"WebPage":[]},"graphName":"","isEnabled":true},"graphs":[],"defaultGraph":"","defaultPostTypeGraph":""},"schema_type":null,"schema_type_options":null,"pillar_content":false,"robots_default":true,"robots_noindex":false,"robots_noarchive":false,"robots_nosnippet":false,"robots_nofollow":false,"robots_noimageindex":false,"robots_noodp":false,"robots_notranslate":false,"robots_max_snippet":null,"robots_max_videopreview":null,"robots_max_imagepreview":"large","priority":null,"frequency":null,"location":null,"local_seo":null,"breadcrumb_settings":null,"limit_modified_date":false,"ai":null,"created":"2020-12-20 20:24:05","updated":"2025-07-20 01:16:13","seo_analyzer_scan_date":null,"focus_keyword":null,"additional_keywords":null,"truseo_locale":null},"jetpack_sharing_enabled":true,"jetpack-related-posts":[{"id":13124,"url":"https:\/\/www.jornalja.com.br\/arquivo\/sangue-latino-no-iecine\/","url_meta":{"origin":55311,"position":0},"title":"Sangue latino no IECINE","author":"da Reda\u00e7\u00e3o","date":"18 de maio de 2014","format":false,"excerpt":"Francisco Ribeiro O Instituto Estadual de Cinema (IECINE) tem a frente, desde abril \u00faltimo, um novo diretor, o cineasta colombiano Juan Zapata, 36, que substitui Luiz Alberto Cassol. Radicado h\u00e1 dez anos em Porto Alegre, Zapata tem diante de si o desafio de conduzir at\u00e9 o final do ano um\u2026","rel":"","context":"Em &quot;Cultura-Geral&quot;","block_context":{"text":"Cultura-Geral","link":"https:\/\/www.jornalja.com.br\/arquivo\/category\/materiasecundaria\/"},"img":{"alt_text":"","src":"","width":0,"height":0},"classes":[]},{"id":14241,"url":"https:\/\/www.jornalja.com.br\/arquivo\/o-guaiba-nas-imagens-poeticas-de-achutti\/","url_meta":{"origin":55311,"position":1},"title":"O Gua\u00edba nas imagens po\u00e9ticas de Achutti","author":"da Reda\u00e7\u00e3o","date":"18 de junho de 2014","format":false,"excerpt":"Em \u201cO Gua\u00edba por Achutti\u201d \u2013 obra financiada via Minist\u00e9rio da Cultura, produ\u00e7\u00e3o executiva de Pedro Longhi, e Fl\u00e1vio Wild como designer \u2013, o fot\u00f3grafo revela a beleza e as mazelas de um espa\u00e7o aqu\u00e1tico de \u00e1guas sempre renovadas, cheio de hist\u00f3rias e lendas como as das cidades que foram\u2026","rel":"","context":"Em &quot;Cultura-Geral&quot;","block_context":{"text":"Cultura-Geral","link":"https:\/\/www.jornalja.com.br\/arquivo\/category\/materiasecundaria\/"},"img":{"alt_text":"","src":"","width":0,"height":0},"classes":[]},{"id":13128,"url":"https:\/\/www.jornalja.com.br\/arquivo\/maconha-terra-diz-que-uso-medicinal-e-desculpa\/","url_meta":{"origin":55311,"position":2},"title":"Maconha: Terra diz que uso medicinal \u00e9 desculpa","author":"Patr\u00edcia Marini","date":"4 de junho de 2014","format":false,"excerpt":"A condi\u00e7\u00e3o de pol\u00edtico, em \u00e9poca de campanha de campanha eleitoral, tira for\u00e7a do discurso do m\u00e9dico Osmar Terra contra a legaliza\u00e7\u00e3o da maconha. A tese dele de que a libera\u00e7\u00e3o vai ampliar exponencialmente o consumo \u00e9 discutivel, o consumo \u00e9 corrente. Mas seus alertas quanto aos riscos tem que\u2026","rel":"","context":"Em &quot;X.Categorias velhas&quot;","block_context":{"text":"X.Categorias velhas","link":"https:\/\/www.jornalja.com.br\/arquivo\/category\/x-categorias-velhas\/"},"img":{"alt_text":"","src":"","width":0,"height":0},"classes":[]},{"id":1280,"url":"https:\/\/www.jornalja.com.br\/arquivo\/o-menino-que-se-tornou-brizola\/","url_meta":{"origin":55311,"position":3},"title":"O Menino que se Tornou Brizola","author":"da Reda\u00e7\u00e3o","date":"28 de julho de 2008","format":false,"excerpt":"Autor: Cleber Dioni A vida de Leonel Brizola, com \u00eanfase para os primeiros anos em Porto Alegre, at\u00e9 o ex\u00edlio no Uruguai e a volta, quinze anos depois. \u00a0\"...\u00c9ramos todos jovens e nos identific\u00e1vamos com aquela massa an\u00f4nima a percorrer as ruas de Porto Alegre, gritando 'Get\u00falio', 'Get\u00falio' e empunhando\u2026","rel":"","context":"Em &quot;Livros&quot;","block_context":{"text":"Livros","link":"https:\/\/www.jornalja.com.br\/arquivo\/category\/livros\/"},"img":{"alt_text":"","src":"https:\/\/i0.wp.com\/www.jornalja.com.br\/wp-content\/uploads\/2008\/07\/brizola.gif?resize=350%2C200&ssl=1","width":350,"height":200},"classes":[]},{"id":12960,"url":"https:\/\/www.jornalja.com.br\/arquivo\/populacao-culpa-empresas-pela-greve-dos-rodoviarios\/","url_meta":{"origin":55311,"position":4},"title":"Popula\u00e7\u00e3o culpa empresas pela greve","author":"Patr\u00edcia Marini","date":"14 de fevereiro de 2014","format":false,"excerpt":"Pesquisa divulgada na edi\u00e7\u00e3o do jornal Metro desta sexta-feira,14, comprova o velho ditado: \u00e9 poss\u00edvel enganar muitos por algum tempo, mas n\u00e3o \u00e9 poss\u00edvel enganar a todos o tempo inteiro. A principal revela\u00e7\u00e3o foi que 59,8% dos entrevistados apontaram as empresas como as principais respons\u00e1veis pela grave e 46% culparam\u2026","rel":"","context":"Em &quot;X.Categorias velhas&quot;","block_context":{"text":"X.Categorias velhas","link":"https:\/\/www.jornalja.com.br\/arquivo\/category\/x-categorias-velhas\/"},"img":{"alt_text":"","src":"","width":0,"height":0},"classes":[]},{"id":13240,"url":"https:\/\/www.jornalja.com.br\/arquivo\/plano-diretor-estamos-construindo-o-caos\/","url_meta":{"origin":55311,"position":5},"title":"Plano diretor: &quot;Estamos construindo o caos&quot;","author":"Patr\u00edcia Marini","date":"26 de maio de 2014","format":false,"excerpt":"Desabafo que arquiteta Eliana Castilhos, delegada da Regi\u00e3o de Planejamento 1, postou nas redes sociais \u00e9 um testemunho do ambiente que se criou no Conselho do Plano Diretor de Porto Alegre, onde a aprova\u00e7\u00e3o de grandes empreendimentos \u00e9 empurrada guela abaixo dos conselheiros. Ao CMDUA Como delegada da Regi\u00e3o de\u2026","rel":"","context":"Em &quot;Geral&quot;","block_context":{"text":"Geral","link":"https:\/\/www.jornalja.com.br\/arquivo\/category\/geral\/"},"img":{"alt_text":"","src":"","width":0,"height":0},"classes":[]}],"jetpack_shortlink":"https:\/\/wp.me\/pbQjBd-eo7","jetpack_featured_media_url":"","_links":{"self":[{"href":"https:\/\/www.jornalja.com.br\/arquivo\/wp-json\/wp\/v2\/posts\/55311","targetHints":{"allow":["GET"]}}],"collection":[{"href":"https:\/\/www.jornalja.com.br\/arquivo\/wp-json\/wp\/v2\/posts"}],"about":[{"href":"https:\/\/www.jornalja.com.br\/arquivo\/wp-json\/wp\/v2\/types\/post"}],"author":[{"embeddable":true,"href":"https:\/\/www.jornalja.com.br\/arquivo\/wp-json\/wp\/v2\/users\/4"}],"replies":[{"embeddable":true,"href":"https:\/\/www.jornalja.com.br\/arquivo\/wp-json\/wp\/v2\/comments?post=55311"}],"version-history":[{"count":0,"href":"https:\/\/www.jornalja.com.br\/arquivo\/wp-json\/wp\/v2\/posts\/55311\/revisions"}],"wp:attachment":[{"href":"https:\/\/www.jornalja.com.br\/arquivo\/wp-json\/wp\/v2\/media?parent=55311"}],"wp:term":[{"taxonomy":"category","embeddable":true,"href":"https:\/\/www.jornalja.com.br\/arquivo\/wp-json\/wp\/v2\/categories?post=55311"},{"taxonomy":"post_tag","embeddable":true,"href":"https:\/\/www.jornalja.com.br\/arquivo\/wp-json\/wp\/v2\/tags?post=55311"}],"curies":[{"name":"wp","href":"https:\/\/api.w.org\/{rel}","templated":true}]}}