{"id":55389,"date":"2017-09-21T14:49:49","date_gmt":"2017-09-21T17:49:49","guid":{"rendered":"https:\/\/www.jornalja.com.br\/?p=55389"},"modified":"2017-09-21T14:49:49","modified_gmt":"2017-09-21T17:49:49","slug":"cerca-de-11-mil-pessoas-tiram-a-propria-vida-todos-os-anos-no-brasil","status":"publish","type":"post","link":"https:\/\/www.jornalja.com.br\/arquivo\/cerca-de-11-mil-pessoas-tiram-a-propria-vida-todos-os-anos-no-brasil\/","title":{"rendered":"Cerca de 11 mil pessoas tiram a pr\u00f3pria vida todos os anos no Brasil"},"content":{"rendered":"<h1 class=\"western\"><\/h1>\n<p><span style=\"color: #333333\"><span style=\"font-family: 'Open Sans', sans-serif\"><span style=\"font-size: medium\">Cerca de 11 mil pessoas morrem por suic\u00eddio todos os anos no Brasil. De acordo com o primeiro boletim epidemiol\u00f3gico sobre suic\u00eddio, divulgado hoje, 21\/<\/span><\/span><\/span><span style=\"color: #333333\"><span style=\"font-family: 'Open Sans', sans-serif\"><span style=\"font-size: medium\">09, <\/span><\/span><\/span><span style=\"color: #333333\"><span style=\"font-family: 'Open Sans', sans-serif\"><span style=\"font-size: medium\">pelo Minist\u00e9rio da Sa\u00fade, entre 2011 e 2015, 62.804 pessoas tiraram suas pr\u00f3prias vidas no pa\u00eds, 79% delas s\u00e3o homens e 21% s\u00e3o mulheres. A divulga\u00e7\u00e3o faz parte das a\u00e7\u00f5es do <\/span><\/span><\/span><a href=\"http:\/\/agenciabrasil.ebc.com.br\/geral\/noticia\/2017-09\/setembro-amarelo-alerta-para-prevencao-ao-suicidio\" target=\"_blank\" rel=\"noopener noreferrer\"><span style=\"color: #0c88d8\"><span style=\"font-family: 'Open Sans', sans-serif\"><span style=\"font-size: medium\">Setembro Amarelo<\/span><\/span><\/span><\/a><span style=\"color: #333333\"><span style=\"font-family: 'Open Sans', sans-serif\"><span style=\"font-size: medium\">, m\u00eas dedicado \u00e0 preven\u00e7\u00e3o ao suic\u00eddio.<\/span><\/span><\/span><br \/>\n<span style=\"color: #333333\"><span style=\"font-family: 'Open Sans', sans-serif\"><span style=\"font-size: medium\">A taxa de mortalidade por suic\u00eddio entre os homens foi quatro vezes maior que a das mulheres, entre 2011 e 2015. S\u00e3o 8,7 suic\u00eddios de homens e 2,4 de mulheres por 100 mil habitantes.<\/span><\/span><\/span><br \/>\n<span style=\"color: #333333\"><span style=\"font-family: 'Open Sans', sans-serif\"><span style=\"font-size: medium\">Para a diretora do Departamento de Vigil\u00e2ncia de Doen\u00e7as e Agravos N\u00e3o-Transmiss\u00edveis e Promo\u00e7\u00e3o da Sa\u00fade, F\u00e1tima Marinho, esse n\u00famero \u00e9 maior pois h\u00e1 uma perda de diagn\u00f3stico dos casos de suic\u00eddio. Segundo ela, nas classes sociais mais altas h\u00e1 um tabu sobre o tema, quest\u00f5es relacionadas a seguros de vida e diagn\u00f3sticos feitos por m\u00e9dicos da fam\u00edlia. \u201cAs pessoas mais pobres, em geral, captamos a morte porque ele vai pro IML [Instituto M\u00e9dico Legal]\u201d, explicou.<\/span><\/span><\/span><br \/>\n<span style=\"color: #333333\"><span style=\"font-family: 'Open Sans', sans-serif\"><span style=\"font-size: medium\">Das 1,2 milh\u00e3o de mortes, em 2015, 17% tiveram causa externa. Dessas 40% s\u00e3o registradas por causas n\u00e3o determinadas, segundo F\u00e1tima. \u201cAinda tem 6% de mortes que ainda n\u00e3o conseguimos chegar na causa. S\u00e3o cerca de 10 mil mortes que foram por causa externa, violenta, mas n\u00e3o sabe porqu\u00ea. Por isso temos esse subdiagnostico do suic\u00eddio\u201d, disse.<\/span><\/span><\/span><br \/>\n<span style=\"color: #333333\"><span style=\"font-family: 'Open Sans', sans-serif\"><span style=\"font-size: medium\">Os dados apontam que 62% dos suic\u00eddios foram causados por enforcamento. Entre os outros meios utilizados est\u00e3o intoxica\u00e7\u00e3o e arma de fogo. F\u00e1tima conta que nos Estados Unidos s\u00e3o registrados mais suic\u00eddios por armas de fogo porque o acesso \u00e9 mais facilitado.<\/span><\/span><\/span><br \/>\n<span class=\"intertit\">\u00edndios tem a maior incid\u00eancia de casos de suic\u00eddio<\/span><br \/>\n<span style=\"color: #333333\"><span style=\"font-family: 'Open Sans', sans-serif\"><span style=\"font-size: medium\">Entre 2011 e 2015, a taxa de mortalidade por suic\u00eddio no Brasil foi maior entre a popula\u00e7\u00e3o ind\u00edgena, sendo que 44,8% dos suic\u00eddios ind\u00edgenas ocorreram na faixa et\u00e1ria de 10 a 19 anos. A cada 100 mil habitantes s\u00e3o registrados 15,2 mortes entre ind\u00edgenas; 5,9 entre brancos; 4,7 entre negros; e 2,4 morte entre os amarelos.<\/span><\/span><\/span><br \/>\n<span style=\"color: #333333\"><span style=\"font-family: 'Open Sans', sans-serif\"><span style=\"font-size: medium\">Para F\u00e1tima, o alto risco de suic\u00eddio entre jovens ind\u00edgenas compromete o futuro dessas popula\u00e7\u00f5es, j\u00e1 que elas tamb\u00e9m h\u00e1 um alto risco de mortalidade infantil.<\/span><\/span><\/span><br \/>\n<span style=\"color: #333333\"><span style=\"font-family: 'Open Sans', sans-serif\"><span style=\"font-size: medium\">Segundo a secretaria especial de Sa\u00fade Ind\u00edgena, L\u00edvia Vitenti, existe um n\u00famero alto de ind\u00edgenas em sofrimento por uso \u00e1lcool, disputas territoriais e conflitos com a fam\u00edlia e com a popula\u00e7\u00e3o n\u00e3o ind\u00edgena. Entre os jovens, ent\u00e3o, h\u00e1 falta de perspectivas de vida. Entretanto, o problema do suic\u00eddio ind\u00edgenas n\u00e3o est\u00e1 distribu\u00eddo por todo o territ\u00f3rio, sendo mais frequente entre os Guarani Kaiow\u00e1, Caraj\u00e1s e Ticunas.<\/span><\/span><\/span><br \/>\n<span style=\"color: #333333\"><span style=\"font-family: 'Open Sans', sans-serif\"><span style=\"font-size: medium\">O <\/span><\/span><\/span><span style=\"color: #0c88d8\"><span style=\"font-family: 'Open Sans', sans-serif\"><span style=\"font-size: medium\"><a href=\"http:\/\/portalarquivos.saude.gov.br\/images\/pdf\/2017\/setembro\/21\/Coletiva-suicidio-21-09.pdf\" target=\"_blank\" rel=\"noopener noreferrer\">boletim epidemiol\u00f3gico<\/a> <\/span><\/span><\/span><span style=\"color: #333333\"><span style=\"font-family: 'Open Sans', sans-serif\"><span style=\"font-size: medium\">sobre suic\u00eddio est\u00e1 dispon\u00edvel na p\u00e1gina do Minist\u00e9rio da Sa\u00fade. A <\/span><\/span><\/span><span style=\"color: #0c88d8\"><span style=\"font-family: 'Open Sans', sans-serif\"><span style=\"font-size: medium\"><a href=\"http:\/\/portalsaude.saude.gov.br\/index.php\/o-ministerio\/principal\/secretarias\/802-sas-raiz\/daet-raiz\/saude-mental\/l1-saude-mental\/29685-agenda-estrategica-de-prevencao-do-suicidio\" target=\"_blank\" rel=\"noopener noreferrer\">pasta<\/a> <\/span><\/span><\/span><span style=\"color: #333333\"><span style=\"font-family: 'Open Sans', sans-serif\"><span style=\"font-size: medium\">tamb\u00e9m disponibiliza materiais de orienta\u00e7\u00e3o para jornalistas, profissionais de sa\u00fade e popula\u00e7\u00e3o geral.<\/span><\/span><\/span><br \/>\n<span style=\"font-size: medium\"><em><span style=\"color: #333333\"><span style=\"font-family: 'Open Sans', sans-serif\">Da Ag\u00eancia Brasil<\/span><\/span><\/em><\/span><\/p>\n","protected":false},"excerpt":{"rendered":"<p>Cerca de 11 mil pessoas morrem por suic\u00eddio todos os anos no Brasil. De acordo com o primeiro boletim epidemiol\u00f3gico sobre suic\u00eddio, divulgado hoje, 21\/09, pelo Minist\u00e9rio da Sa\u00fade, entre 2011 e 2015, 62.804 pessoas tiraram suas pr\u00f3prias vidas no pa\u00eds, 79% delas s\u00e3o homens e 21% s\u00e3o mulheres. A divulga\u00e7\u00e3o faz parte das a\u00e7\u00f5es [&hellip;]<\/p>\n","protected":false},"author":4,"featured_media":55390,"comment_status":"open","ping_status":"closed","sticky":false,"template":"","format":"standard","meta":{"_jetpack_newsletter_access":"","_jetpack_dont_email_post_to_subs":false,"_jetpack_newsletter_tier_id":0,"_jetpack_memberships_contains_paywalled_content":false,"_jetpack_feature_clip_id":0,"_jetpack_memberships_contains_paid_content":false,"footnotes":"","jetpack_post_was_ever_published":false},"categories":[26],"tags":[],"class_list":["post-55389","post","type-post","status-publish","format-standard","has-post-thumbnail","hentry","category-geral"],"aioseo_notices":[],"aioseo_head":"\n\t\t<!-- All in One SEO 5.0.1.1 - aioseo.com -->\n\t<meta name=\"robots\" content=\"max-image-preview:large\" \/>\n\t<meta name=\"author\" content=\"da Reda\u00e7\u00e3o\"\/>\n\t<link rel=\"canonical\" href=\"https:\/\/www.jornalja.com.br\/arquivo\/cerca-de-11-mil-pessoas-tiram-a-propria-vida-todos-os-anos-no-brasil\/\" \/>\n\t<meta name=\"generator\" content=\"All in One SEO (AIOSEO) 5.0.1.1\" \/>\n\t\t<meta property=\"og:locale\" content=\"pt_BR\" \/>\n\t\t<meta property=\"og:site_name\" content=\"Arquivo | Jornal J\u00c1 | Porto Alegre\" \/>\n\t\t<meta property=\"og:type\" content=\"article\" \/>\n\t\t<meta property=\"og:title\" content=\"Cerca de 11 mil pessoas tiram a pr\u00f3pria vida todos os anos no Brasil | Arquivo\" \/>\n\t\t<meta property=\"og:url\" content=\"https:\/\/www.jornalja.com.br\/arquivo\/cerca-de-11-mil-pessoas-tiram-a-propria-vida-todos-os-anos-no-brasil\/\" \/>\n\t\t<meta property=\"og:image\" content=\"https:\/\/www.jornalja.com.br\/economics\/wp-content\/uploads\/sites\/11\/2026\/08\/ja-folhaderosto-facebook.jpg\" \/>\n\t\t<meta property=\"og:image:secure_url\" content=\"https:\/\/www.jornalja.com.br\/economics\/wp-content\/uploads\/sites\/11\/2026\/08\/ja-folhaderosto-facebook.jpg\" \/>\n\t\t<meta property=\"article:published_time\" content=\"2017-09-21T17:49:49+00:00\" \/>\n\t\t<meta property=\"article:modified_time\" content=\"2017-09-21T17:49:49+00:00\" \/>\n\t\t<meta name=\"twitter:card\" content=\"summary\" \/>\n\t\t<meta name=\"twitter:title\" content=\"Cerca de 11 mil pessoas tiram a pr\u00f3pria vida todos os anos no Brasil | Arquivo\" \/>\n\t\t<meta name=\"twitter:image\" content=\"https:\/\/www.jornalja.com.br\/economics\/wp-content\/uploads\/sites\/11\/2026\/08\/ja-folhaderosto-facebook.jpg\" \/>\n\t\t<script type=\"application\/ld+json\" class=\"aioseo-schema\">\n\t\t\t{\"@context\":\"https:\\\/\\\/schema.org\",\"@graph\":[{\"@type\":\"BlogPosting\",\"@id\":\"https:\\\/\\\/www.jornalja.com.br\\\/arquivo\\\/cerca-de-11-mil-pessoas-tiram-a-propria-vida-todos-os-anos-no-brasil\\\/#blogposting\",\"name\":\"Cerca de 11 mil pessoas tiram a pr\\u00f3pria vida todos os anos no Brasil | Arquivo\",\"headline\":\"Cerca de 11 mil pessoas tiram a pr\\u00f3pria vida todos os anos no Brasil\",\"author\":{\"@id\":\"https:\\\/\\\/www.jornalja.com.br\\\/arquivo\\\/author\\\/daredacao\\\/#author\"},\"publisher\":{\"@id\":\"https:\\\/\\\/www.jornalja.com.br\\\/arquivo\\\/#organization\"},\"image\":{\"@type\":\"ImageObject\",\"url\":55390},\"datePublished\":\"2017-09-21T14:49:49-03:00\",\"dateModified\":\"2017-09-21T14:49:49-03:00\",\"inLanguage\":\"pt-BR\",\"mainEntityOfPage\":{\"@id\":\"https:\\\/\\\/www.jornalja.com.br\\\/arquivo\\\/cerca-de-11-mil-pessoas-tiram-a-propria-vida-todos-os-anos-no-brasil\\\/#webpage\"},\"isPartOf\":{\"@id\":\"https:\\\/\\\/www.jornalja.com.br\\\/arquivo\\\/cerca-de-11-mil-pessoas-tiram-a-propria-vida-todos-os-anos-no-brasil\\\/#webpage\"},\"articleSection\":\"Geral\"},{\"@type\":\"BreadcrumbList\",\"@id\":\"https:\\\/\\\/www.jornalja.com.br\\\/arquivo\\\/cerca-de-11-mil-pessoas-tiram-a-propria-vida-todos-os-anos-no-brasil\\\/#breadcrumblist\",\"itemListElement\":[{\"@type\":\"ListItem\",\"@id\":\"https:\\\/\\\/www.jornalja.com.br\\\/arquivo#listItem\",\"position\":1,\"name\":\"Home\",\"item\":\"https:\\\/\\\/www.jornalja.com.br\\\/arquivo\",\"nextItem\":{\"@type\":\"ListItem\",\"@id\":\"https:\\\/\\\/www.jornalja.com.br\\\/arquivo\\\/category\\\/geral\\\/#listItem\",\"name\":\"Geral\"}},{\"@type\":\"ListItem\",\"@id\":\"https:\\\/\\\/www.jornalja.com.br\\\/arquivo\\\/category\\\/geral\\\/#listItem\",\"position\":2,\"name\":\"Geral\",\"item\":\"https:\\\/\\\/www.jornalja.com.br\\\/arquivo\\\/category\\\/geral\\\/\",\"nextItem\":{\"@type\":\"ListItem\",\"@id\":\"https:\\\/\\\/www.jornalja.com.br\\\/arquivo\\\/cerca-de-11-mil-pessoas-tiram-a-propria-vida-todos-os-anos-no-brasil\\\/#listItem\",\"name\":\"Cerca de 11 mil pessoas tiram a pr\\u00f3pria vida todos os anos no Brasil\"},\"previousItem\":{\"@type\":\"ListItem\",\"@id\":\"https:\\\/\\\/www.jornalja.com.br\\\/arquivo#listItem\",\"name\":\"Home\"}},{\"@type\":\"ListItem\",\"@id\":\"https:\\\/\\\/www.jornalja.com.br\\\/arquivo\\\/cerca-de-11-mil-pessoas-tiram-a-propria-vida-todos-os-anos-no-brasil\\\/#listItem\",\"position\":3,\"name\":\"Cerca de 11 mil pessoas tiram a pr\\u00f3pria vida todos os anos no Brasil\",\"previousItem\":{\"@type\":\"ListItem\",\"@id\":\"https:\\\/\\\/www.jornalja.com.br\\\/arquivo\\\/category\\\/geral\\\/#listItem\",\"name\":\"Geral\"}}]},{\"@type\":\"Organization\",\"@id\":\"https:\\\/\\\/www.jornalja.com.br\\\/arquivo\\\/#organization\",\"name\":\"Jornal J\\u00c1\",\"description\":\"Jornal J\\u00c1 | Porto Alegre\",\"url\":\"https:\\\/\\\/www.jornalja.com.br\\\/arquivo\\\/\",\"telephone\":\"+555133307272\",\"logo\":{\"@type\":\"ImageObject\",\"url\":\"https:\\\/\\\/www.jornalja.com.br\\\/wp-content\\\/uploads\\\/cards\\\/JAslogan.png\",\"@id\":\"https:\\\/\\\/www.jornalja.com.br\\\/arquivo\\\/cerca-de-11-mil-pessoas-tiram-a-propria-vida-todos-os-anos-no-brasil\\\/#organizationLogo\"},\"image\":{\"@id\":\"https:\\\/\\\/www.jornalja.com.br\\\/arquivo\\\/cerca-de-11-mil-pessoas-tiram-a-propria-vida-todos-os-anos-no-brasil\\\/#organizationLogo\"}},{\"@type\":\"Person\",\"@id\":\"https:\\\/\\\/www.jornalja.com.br\\\/arquivo\\\/author\\\/daredacao\\\/#author\",\"url\":\"https:\\\/\\\/www.jornalja.com.br\\\/arquivo\\\/author\\\/daredacao\\\/\",\"name\":\"da Reda\\u00e7\\u00e3o\",\"image\":{\"@type\":\"ImageObject\",\"@id\":\"https:\\\/\\\/www.jornalja.com.br\\\/arquivo\\\/cerca-de-11-mil-pessoas-tiram-a-propria-vida-todos-os-anos-no-brasil\\\/#authorImage\",\"url\":\"https:\\\/\\\/secure.gravatar.com\\\/avatar\\\/469fd857d6605ad19919d27ed29d35a968a25f6e8fd9318356bbb7f57aae9c65?s=96&d=mm&r=g\",\"width\":96,\"height\":96,\"caption\":\"da Reda\\u00e7\\u00e3o\"}},{\"@type\":\"WebPage\",\"@id\":\"https:\\\/\\\/www.jornalja.com.br\\\/arquivo\\\/cerca-de-11-mil-pessoas-tiram-a-propria-vida-todos-os-anos-no-brasil\\\/#webpage\",\"url\":\"https:\\\/\\\/www.jornalja.com.br\\\/arquivo\\\/cerca-de-11-mil-pessoas-tiram-a-propria-vida-todos-os-anos-no-brasil\\\/\",\"name\":\"Cerca de 11 mil pessoas tiram a pr\\u00f3pria vida todos os anos no Brasil | Arquivo\",\"inLanguage\":\"pt-BR\",\"isPartOf\":{\"@id\":\"https:\\\/\\\/www.jornalja.com.br\\\/arquivo\\\/#website\"},\"breadcrumb\":{\"@id\":\"https:\\\/\\\/www.jornalja.com.br\\\/arquivo\\\/cerca-de-11-mil-pessoas-tiram-a-propria-vida-todos-os-anos-no-brasil\\\/#breadcrumblist\"},\"author\":{\"@id\":\"https:\\\/\\\/www.jornalja.com.br\\\/arquivo\\\/author\\\/daredacao\\\/#author\"},\"creator\":{\"@id\":\"https:\\\/\\\/www.jornalja.com.br\\\/arquivo\\\/author\\\/daredacao\\\/#author\"},\"image\":{\"@type\":\"ImageObject\",\"url\":55390,\"@id\":\"https:\\\/\\\/www.jornalja.com.br\\\/arquivo\\\/cerca-de-11-mil-pessoas-tiram-a-propria-vida-todos-os-anos-no-brasil\\\/#mainImage\"},\"primaryImageOfPage\":{\"@id\":\"https:\\\/\\\/www.jornalja.com.br\\\/arquivo\\\/cerca-de-11-mil-pessoas-tiram-a-propria-vida-todos-os-anos-no-brasil\\\/#mainImage\"},\"datePublished\":\"2017-09-21T14:49:49-03:00\",\"dateModified\":\"2017-09-21T14:49:49-03:00\"},{\"@type\":\"WebSite\",\"@id\":\"https:\\\/\\\/www.jornalja.com.br\\\/arquivo\\\/#website\",\"url\":\"https:\\\/\\\/www.jornalja.com.br\\\/arquivo\\\/\",\"name\":\"Arquivo\",\"description\":\"Jornal J\\u00c1 | Porto Alegre\",\"inLanguage\":\"pt-BR\",\"publisher\":{\"@id\":\"https:\\\/\\\/www.jornalja.com.br\\\/arquivo\\\/#organization\"}}]}\n\t\t<\/script>\n\t\t<!-- All in One SEO -->\n\n","aioseo_head_json":{"title":"Cerca de 11 mil pessoas tiram a pr\u00f3pria vida todos os anos no Brasil | Arquivo","description":"","canonical_url":"https:\/\/www.jornalja.com.br\/arquivo\/cerca-de-11-mil-pessoas-tiram-a-propria-vida-todos-os-anos-no-brasil\/","robots":"max-image-preview:large","keywords":"","webmasterTools":{"miscellaneous":""},"schema":{"@context":"https:\/\/schema.org","@graph":[{"@type":"BlogPosting","@id":"https:\/\/www.jornalja.com.br\/arquivo\/cerca-de-11-mil-pessoas-tiram-a-propria-vida-todos-os-anos-no-brasil\/#blogposting","name":"Cerca de 11 mil pessoas tiram a pr\u00f3pria vida todos os anos no Brasil | Arquivo","headline":"Cerca de 11 mil pessoas tiram a pr\u00f3pria vida todos os anos no Brasil","author":{"@id":"https:\/\/www.jornalja.com.br\/arquivo\/author\/daredacao\/#author"},"publisher":{"@id":"https:\/\/www.jornalja.com.br\/arquivo\/#organization"},"image":{"@type":"ImageObject","url":55390},"datePublished":"2017-09-21T14:49:49-03:00","dateModified":"2017-09-21T14:49:49-03:00","inLanguage":"pt-BR","mainEntityOfPage":{"@id":"https:\/\/www.jornalja.com.br\/arquivo\/cerca-de-11-mil-pessoas-tiram-a-propria-vida-todos-os-anos-no-brasil\/#webpage"},"isPartOf":{"@id":"https:\/\/www.jornalja.com.br\/arquivo\/cerca-de-11-mil-pessoas-tiram-a-propria-vida-todos-os-anos-no-brasil\/#webpage"},"articleSection":"Geral"},{"@type":"BreadcrumbList","@id":"https:\/\/www.jornalja.com.br\/arquivo\/cerca-de-11-mil-pessoas-tiram-a-propria-vida-todos-os-anos-no-brasil\/#breadcrumblist","itemListElement":[{"@type":"ListItem","@id":"https:\/\/www.jornalja.com.br\/arquivo#listItem","position":1,"name":"Home","item":"https:\/\/www.jornalja.com.br\/arquivo","nextItem":{"@type":"ListItem","@id":"https:\/\/www.jornalja.com.br\/arquivo\/category\/geral\/#listItem","name":"Geral"}},{"@type":"ListItem","@id":"https:\/\/www.jornalja.com.br\/arquivo\/category\/geral\/#listItem","position":2,"name":"Geral","item":"https:\/\/www.jornalja.com.br\/arquivo\/category\/geral\/","nextItem":{"@type":"ListItem","@id":"https:\/\/www.jornalja.com.br\/arquivo\/cerca-de-11-mil-pessoas-tiram-a-propria-vida-todos-os-anos-no-brasil\/#listItem","name":"Cerca de 11 mil pessoas tiram a pr\u00f3pria vida todos os anos no Brasil"},"previousItem":{"@type":"ListItem","@id":"https:\/\/www.jornalja.com.br\/arquivo#listItem","name":"Home"}},{"@type":"ListItem","@id":"https:\/\/www.jornalja.com.br\/arquivo\/cerca-de-11-mil-pessoas-tiram-a-propria-vida-todos-os-anos-no-brasil\/#listItem","position":3,"name":"Cerca de 11 mil pessoas tiram a pr\u00f3pria vida todos os anos no Brasil","previousItem":{"@type":"ListItem","@id":"https:\/\/www.jornalja.com.br\/arquivo\/category\/geral\/#listItem","name":"Geral"}}]},{"@type":"Organization","@id":"https:\/\/www.jornalja.com.br\/arquivo\/#organization","name":"Jornal J\u00c1","description":"Jornal J\u00c1 | Porto Alegre","url":"https:\/\/www.jornalja.com.br\/arquivo\/","telephone":"+555133307272","logo":{"@type":"ImageObject","url":"https:\/\/www.jornalja.com.br\/wp-content\/uploads\/cards\/JAslogan.png","@id":"https:\/\/www.jornalja.com.br\/arquivo\/cerca-de-11-mil-pessoas-tiram-a-propria-vida-todos-os-anos-no-brasil\/#organizationLogo"},"image":{"@id":"https:\/\/www.jornalja.com.br\/arquivo\/cerca-de-11-mil-pessoas-tiram-a-propria-vida-todos-os-anos-no-brasil\/#organizationLogo"}},{"@type":"Person","@id":"https:\/\/www.jornalja.com.br\/arquivo\/author\/daredacao\/#author","url":"https:\/\/www.jornalja.com.br\/arquivo\/author\/daredacao\/","name":"da Reda\u00e7\u00e3o","image":{"@type":"ImageObject","@id":"https:\/\/www.jornalja.com.br\/arquivo\/cerca-de-11-mil-pessoas-tiram-a-propria-vida-todos-os-anos-no-brasil\/#authorImage","url":"https:\/\/secure.gravatar.com\/avatar\/469fd857d6605ad19919d27ed29d35a968a25f6e8fd9318356bbb7f57aae9c65?s=96&d=mm&r=g","width":96,"height":96,"caption":"da Reda\u00e7\u00e3o"}},{"@type":"WebPage","@id":"https:\/\/www.jornalja.com.br\/arquivo\/cerca-de-11-mil-pessoas-tiram-a-propria-vida-todos-os-anos-no-brasil\/#webpage","url":"https:\/\/www.jornalja.com.br\/arquivo\/cerca-de-11-mil-pessoas-tiram-a-propria-vida-todos-os-anos-no-brasil\/","name":"Cerca de 11 mil pessoas tiram a pr\u00f3pria vida todos os anos no Brasil | Arquivo","inLanguage":"pt-BR","isPartOf":{"@id":"https:\/\/www.jornalja.com.br\/arquivo\/#website"},"breadcrumb":{"@id":"https:\/\/www.jornalja.com.br\/arquivo\/cerca-de-11-mil-pessoas-tiram-a-propria-vida-todos-os-anos-no-brasil\/#breadcrumblist"},"author":{"@id":"https:\/\/www.jornalja.com.br\/arquivo\/author\/daredacao\/#author"},"creator":{"@id":"https:\/\/www.jornalja.com.br\/arquivo\/author\/daredacao\/#author"},"image":{"@type":"ImageObject","url":55390,"@id":"https:\/\/www.jornalja.com.br\/arquivo\/cerca-de-11-mil-pessoas-tiram-a-propria-vida-todos-os-anos-no-brasil\/#mainImage"},"primaryImageOfPage":{"@id":"https:\/\/www.jornalja.com.br\/arquivo\/cerca-de-11-mil-pessoas-tiram-a-propria-vida-todos-os-anos-no-brasil\/#mainImage"},"datePublished":"2017-09-21T14:49:49-03:00","dateModified":"2017-09-21T14:49:49-03:00"},{"@type":"WebSite","@id":"https:\/\/www.jornalja.com.br\/arquivo\/#website","url":"https:\/\/www.jornalja.com.br\/arquivo\/","name":"Arquivo","description":"Jornal J\u00c1 | Porto Alegre","inLanguage":"pt-BR","publisher":{"@id":"https:\/\/www.jornalja.com.br\/arquivo\/#organization"}}]},"og:locale":"pt_BR","og:site_name":"Arquivo | Jornal J\u00c1 | Porto Alegre","og:type":"article","og:title":"Cerca de 11 mil pessoas tiram a pr\u00f3pria vida todos os anos no Brasil | Arquivo","og:url":"https:\/\/www.jornalja.com.br\/arquivo\/cerca-de-11-mil-pessoas-tiram-a-propria-vida-todos-os-anos-no-brasil\/","og:image":"https:\/\/www.jornalja.com.br\/economics\/wp-content\/uploads\/sites\/11\/2026\/08\/ja-folhaderosto-facebook.jpg","og:image:secure_url":"https:\/\/www.jornalja.com.br\/economics\/wp-content\/uploads\/sites\/11\/2026\/08\/ja-folhaderosto-facebook.jpg","article:published_time":"2017-09-21T17:49:49+00:00","article:modified_time":"2017-09-21T17:49:49+00:00","twitter:card":"summary","twitter:title":"Cerca de 11 mil pessoas tiram a pr\u00f3pria vida todos os anos no Brasil | Arquivo","twitter:image":"https:\/\/www.jornalja.com.br\/economics\/wp-content\/uploads\/sites\/11\/2026\/08\/ja-folhaderosto-facebook.jpg"},"aioseo_meta_data":{"post_id":"55389","title":null,"description":null,"keywords":null,"keyphrases":null,"primary_term":null,"canonical_url":null,"og_title":null,"og_description":null,"og_object_type":"default","og_image_type":"default","og_image_url":null,"og_image_width":null,"og_image_height":null,"og_image_custom_url":null,"og_image_custom_fields":null,"og_video":null,"og_custom_url":null,"og_article_section":null,"og_article_tags":null,"twitter_use_og":false,"twitter_card":"default","twitter_image_type":"default","twitter_image_url":null,"twitter_image_custom_url":null,"twitter_image_custom_fields":null,"twitter_title":null,"twitter_description":null,"schema":{"blockGraphs":[],"customGraphs":[],"default":{"data":{"Article":[],"Course":[],"Dataset":[],"FAQPage":[],"Movie":[],"Person":[],"Product":[],"ProductReview":[],"Car":[],"Recipe":[],"Service":[],"SoftwareApplication":[],"WebPage":[]},"graphName":"","isEnabled":true},"graphs":[],"defaultGraph":"","defaultPostTypeGraph":""},"schema_type":null,"schema_type_options":null,"pillar_content":false,"robots_default":true,"robots_noindex":false,"robots_noarchive":false,"robots_nosnippet":false,"robots_nofollow":false,"robots_noimageindex":false,"robots_noodp":false,"robots_notranslate":false,"robots_max_snippet":null,"robots_max_videopreview":null,"robots_max_imagepreview":"large","priority":null,"frequency":null,"location":null,"local_seo":null,"breadcrumb_settings":null,"limit_modified_date":false,"ai":null,"created":"2020-12-20 20:24:05","updated":"2025-07-20 01:18:01","seo_analyzer_scan_date":null,"focus_keyword":null,"additional_keywords":null,"truseo_locale":null},"jetpack_sharing_enabled":true,"jetpack-related-posts":[{"id":5440,"url":"https:\/\/www.jornalja.com.br\/arquivo\/casarao-da-venancio-destino-permanece-incerto\/","url_meta":{"origin":55389,"position":0},"title":"Estado ainda n\u00e3o sabe o que fazer com casar\u00e3o abandonado h\u00e1 20 anos","author":"Elmar Bones","date":"6 de julho de 2009","format":false,"excerpt":"O casar\u00e3o amarelo, numa esquina nobre de Porto Alegre (Ven\u00e2ncio Aires com Jo\u00e3o Pessoa), j\u00e1 abrigou uma escola. H\u00e1 duas d\u00e9cadas, pelo menos, est\u00e1 abandonado, porque seu propriet\u00e1rio, o governo do Estado do Rio Grande do Sul, n\u00e3o consegue achar um destino para ele. Planos n\u00e3o faltaram. O governador Ol\u00edvio\u2026","rel":"","context":"Em &quot;X.Categorias velhas&quot;","block_context":{"text":"X.Categorias velhas","link":"https:\/\/www.jornalja.com.br\/arquivo\/category\/x-categorias-velhas\/"},"img":{"alt_text":"geraldo1","src":"https:\/\/i0.wp.com\/www.jornalja.com.br\/wp-content\/uploads\/2009\/07\/geraldo1.jpg?resize=350%2C200&ssl=1","width":350,"height":200},"classes":[]},{"id":1280,"url":"https:\/\/www.jornalja.com.br\/arquivo\/o-menino-que-se-tornou-brizola\/","url_meta":{"origin":55389,"position":1},"title":"O Menino que se Tornou Brizola","author":"da Reda\u00e7\u00e3o","date":"28 de julho de 2008","format":false,"excerpt":"Autor: Cleber Dioni A vida de Leonel Brizola, com \u00eanfase para os primeiros anos em Porto Alegre, at\u00e9 o ex\u00edlio no Uruguai e a volta, quinze anos depois. \u00a0\"...\u00c9ramos todos jovens e nos identific\u00e1vamos com aquela massa an\u00f4nima a percorrer as ruas de Porto Alegre, gritando 'Get\u00falio', 'Get\u00falio' e empunhando\u2026","rel":"","context":"Em &quot;Livros&quot;","block_context":{"text":"Livros","link":"https:\/\/www.jornalja.com.br\/arquivo\/category\/livros\/"},"img":{"alt_text":"","src":"https:\/\/i0.wp.com\/www.jornalja.com.br\/wp-content\/uploads\/2008\/07\/brizola.gif?resize=350%2C200&ssl=1","width":350,"height":200},"classes":[]},{"id":12960,"url":"https:\/\/www.jornalja.com.br\/arquivo\/populacao-culpa-empresas-pela-greve-dos-rodoviarios\/","url_meta":{"origin":55389,"position":2},"title":"Popula\u00e7\u00e3o culpa empresas pela greve","author":"Patr\u00edcia Marini","date":"14 de fevereiro de 2014","format":false,"excerpt":"Pesquisa divulgada na edi\u00e7\u00e3o do jornal Metro desta sexta-feira,14, comprova o velho ditado: \u00e9 poss\u00edvel enganar muitos por algum tempo, mas n\u00e3o \u00e9 poss\u00edvel enganar a todos o tempo inteiro. A principal revela\u00e7\u00e3o foi que 59,8% dos entrevistados apontaram as empresas como as principais respons\u00e1veis pela grave e 46% culparam\u2026","rel":"","context":"Em &quot;X.Categorias velhas&quot;","block_context":{"text":"X.Categorias velhas","link":"https:\/\/www.jornalja.com.br\/arquivo\/category\/x-categorias-velhas\/"},"img":{"alt_text":"","src":"","width":0,"height":0},"classes":[]},{"id":13101,"url":"https:\/\/www.jornalja.com.br\/arquivo\/morre-um-guerreiro-do-texto\/","url_meta":{"origin":55389,"position":3},"title":"Morre um guerreiro do texto","author":"Patr\u00edcia Marini","date":"14 de maio de 2014","format":false,"excerpt":"Por Ricardo Kotscho Reproduzido do blog do autor, 11\/5\/2014; t\u00edtulo original \u201cE l\u00e1 se foi o nosso Myltainho, guerreiro do texto\u201d. Mi\u00fado e franzino, meu amigo Myltainho era um valente e inconformado guerreiro na luta contra as injusti\u00e7as sociais, a hipocrisia, as maracutaias, o autoritarismo, a intoler\u00e2ncia, a viol\u00eancia, o\u2026","rel":"","context":"Em &quot;Geral&quot;","block_context":{"text":"Geral","link":"https:\/\/www.jornalja.com.br\/arquivo\/category\/geral\/"},"img":{"alt_text":"","src":"","width":0,"height":0},"classes":[]},{"id":13124,"url":"https:\/\/www.jornalja.com.br\/arquivo\/sangue-latino-no-iecine\/","url_meta":{"origin":55389,"position":4},"title":"Sangue latino no IECINE","author":"da Reda\u00e7\u00e3o","date":"18 de maio de 2014","format":false,"excerpt":"Francisco Ribeiro O Instituto Estadual de Cinema (IECINE) tem a frente, desde abril \u00faltimo, um novo diretor, o cineasta colombiano Juan Zapata, 36, que substitui Luiz Alberto Cassol. Radicado h\u00e1 dez anos em Porto Alegre, Zapata tem diante de si o desafio de conduzir at\u00e9 o final do ano um\u2026","rel":"","context":"Em &quot;Cultura-Geral&quot;","block_context":{"text":"Cultura-Geral","link":"https:\/\/www.jornalja.com.br\/arquivo\/category\/materiasecundaria\/"},"img":{"alt_text":"","src":"","width":0,"height":0},"classes":[]},{"id":13240,"url":"https:\/\/www.jornalja.com.br\/arquivo\/plano-diretor-estamos-construindo-o-caos\/","url_meta":{"origin":55389,"position":5},"title":"Plano diretor: &quot;Estamos construindo o caos&quot;","author":"Patr\u00edcia Marini","date":"26 de maio de 2014","format":false,"excerpt":"Desabafo que arquiteta Eliana Castilhos, delegada da Regi\u00e3o de Planejamento 1, postou nas redes sociais \u00e9 um testemunho do ambiente que se criou no Conselho do Plano Diretor de Porto Alegre, onde a aprova\u00e7\u00e3o de grandes empreendimentos \u00e9 empurrada guela abaixo dos conselheiros. Ao CMDUA Como delegada da Regi\u00e3o de\u2026","rel":"","context":"Em &quot;Geral&quot;","block_context":{"text":"Geral","link":"https:\/\/www.jornalja.com.br\/arquivo\/category\/geral\/"},"img":{"alt_text":"","src":"","width":0,"height":0},"classes":[]}],"jetpack_shortlink":"https:\/\/wp.me\/pbQjBd-epn","jetpack_featured_media_url":"","_links":{"self":[{"href":"https:\/\/www.jornalja.com.br\/arquivo\/wp-json\/wp\/v2\/posts\/55389","targetHints":{"allow":["GET"]}}],"collection":[{"href":"https:\/\/www.jornalja.com.br\/arquivo\/wp-json\/wp\/v2\/posts"}],"about":[{"href":"https:\/\/www.jornalja.com.br\/arquivo\/wp-json\/wp\/v2\/types\/post"}],"author":[{"embeddable":true,"href":"https:\/\/www.jornalja.com.br\/arquivo\/wp-json\/wp\/v2\/users\/4"}],"replies":[{"embeddable":true,"href":"https:\/\/www.jornalja.com.br\/arquivo\/wp-json\/wp\/v2\/comments?post=55389"}],"version-history":[{"count":0,"href":"https:\/\/www.jornalja.com.br\/arquivo\/wp-json\/wp\/v2\/posts\/55389\/revisions"}],"wp:attachment":[{"href":"https:\/\/www.jornalja.com.br\/arquivo\/wp-json\/wp\/v2\/media?parent=55389"}],"wp:term":[{"taxonomy":"category","embeddable":true,"href":"https:\/\/www.jornalja.com.br\/arquivo\/wp-json\/wp\/v2\/categories?post=55389"},{"taxonomy":"post_tag","embeddable":true,"href":"https:\/\/www.jornalja.com.br\/arquivo\/wp-json\/wp\/v2\/tags?post=55389"}],"curies":[{"name":"wp","href":"https:\/\/api.w.org\/{rel}","templated":true}]}}