{"id":55413,"date":"2017-09-21T21:32:24","date_gmt":"2017-09-22T00:32:24","guid":{"rendered":"https:\/\/www.jornalja.com.br\/?p=55413"},"modified":"2017-09-21T21:32:24","modified_gmt":"2017-09-22T00:32:24","slug":"extincao-das-fundacoes-sem-acordo-nova-mediacao-na-justica-do-trabalho-fica-para-outubro","status":"publish","type":"post","link":"https:\/\/www.jornalja.com.br\/arquivo\/extincao-das-fundacoes-sem-acordo-nova-mediacao-na-justica-do-trabalho-fica-para-outubro\/","title":{"rendered":"Extin\u00e7\u00e3o das Funda\u00e7\u00f5es: sem acordo, nova media\u00e7\u00e3o na Justi\u00e7a do Trabalho fica para outubro"},"content":{"rendered":"<p>A Frente Jur\u00eddica em Defesa das Funda\u00e7\u00f5es apresentou, nesta quinta-feira, 21\/09, a sua contraproposta de negocia\u00e7\u00e3o ao governo estadual no caso da extin\u00e7\u00e3o das funda\u00e7\u00f5es ga\u00fachas, em reuni\u00e3o no Tribunal Regional do Trabalho da 4\u00aa Regi\u00e3o (TRT4), em Porto Alegre.<br \/>\nComo n\u00e3o houve consenso sobre a situa\u00e7\u00e3o, o desembargador Jo\u00e3o Pedro Silvestrin, do TRT4, sugeriu que o governo analisasse bem a situa\u00e7\u00e3o e desse um retorno no dia 3 de outubro. Nova reuni\u00e3o ficou agendada para esta data.<br \/>\nA proposta da Frente \u00e9, basicamente, uma Programa de Demiss\u00e3o Volunt\u00e1ria (PDV) para todos aqueles que desejarem ser desligados. Esse foi o principal item que o governo contestou, ressaltando que n\u00e3o abre m\u00e3o de demitir aqueles que considera n\u00e3o-est\u00e1veis, que, na conta do Estado, s\u00e3o 611 servidores.<br \/>\nPara a Frente Jur\u00eddica, se o objetivo \u00e9 reduzir custos, \u00e9 poss\u00edvel construir um plano com menos trauma para todos, que poderia ser at\u00e9 mais vantajoso financeiramente para a gest\u00e3o.<br \/>\nMas a representante da Procuradoria Geral do Estado (PGE), procuradora Andreia \u00dcber Espi\u00f1osa Drzewinsk, deixou claro que o interesse do governo \u00e9 concluir, o mais breve poss\u00edvel, o processo de negocia\u00e7\u00e3o coletiva e, assim, finalizar as extin\u00e7\u00f5es, aprovadas em 2016 pela Assembleia Legislativa. Para o governo, os trabalhadores sem estabilidade dever\u00e3o ser desligados.<br \/>\nO desembargador Silvestrin interviu dizendo que, com o PDV, surgiu uma possibilidade de, ao inv\u00e9s de desligar 611 n\u00e3o-est\u00e1veis, ter alguns est\u00e1veis na folha, mas ficar com alguns n\u00e3o-est\u00e1veis, de repente tendo a mesma economia. \u201cO Estado tem que raciocinar um pouco em cima disso\u201d, comentou.<br \/>\nAs media\u00e7\u00f5es foram conduzidas por Silvestrin, vice-presidente do TRT-RS, e contaram com a participa\u00e7\u00e3o do procurador Paulo Eduardo Pinto de Queiroz, representando o Minist\u00e9rio P\u00fablico do Trabalho (MPT).<br \/>\nA Funda\u00e7\u00e3o para o Desenvolvimento de Recursos Humanos (FDRH), a Funda\u00e7\u00e3o Zoobot\u00e2nica, a Funda\u00e7\u00e3o de Economia e Estat\u00edstica (FEE), a Funda\u00e7\u00e3o de Ci\u00eancia e Tecnologia (Cientec), a Funda\u00e7\u00e3o Estadual de Planejamento Metropolitano e Regional (Metroplan), a Funda\u00e7\u00e3o Piratini, al\u00e9m da Corag, est\u00e3o previstas para serem extintas conforme a Lei Estadual 14.982\/2017.<br \/>\nEntre dezembro de 2016 e janeiro de 2017, decis\u00f5es da Justi\u00e7a do Trabalho ga\u00facha suspenderam as demiss\u00f5es em massa nessas institui\u00e7\u00f5es at\u00e9 que sejam conclu\u00eddas as negocia\u00e7\u00f5es com os sindicatos que representam as categorias.<br \/>\nO governo j\u00e1 ofereceu duas possibilidades: indeniza\u00e7\u00e3o com base na m\u00e9dia salarial dos funcion\u00e1rios a serem desligados ou com base no valor recebido individualmente por cada funcion\u00e1rio, conforme folha de julho de 2017.<br \/>\n<span class=\"intertit\">Corag<\/span><br \/>\nLogo ap\u00f3s a reuni\u00e3o sobre as funda\u00e7\u00f5es, foi a vez da Companhia Rio Grandense de Artes Gr\u00e1ficas (Corag) debater a sua extin\u00e7\u00e3o. A Frente Jur\u00eddica \u00e9 a mesma e trabalha da mesma forma para garantir o funcionamento da empresa. Na ocasi\u00e3o, ficou evidente que a situa\u00e7\u00e3o da Corag \u00e9 mais complexa e exige maior estudo, conforme o pr\u00f3prio desembargador comentou, sugerindo que uma nova reuni\u00e3o ocorra no mesmo dia (3\/10), ap\u00f3s a media\u00e7\u00e3o das funda\u00e7\u00f5es.<br \/>\nComo a Corag repassa lucro aos cofres p\u00fablicos todos os anos, h\u00e1 um obst\u00e1culo que impede a sua extin\u00e7\u00e3o. Sendo uma empresa Sociedade An\u00f4nima (SA), a lei impede a extin\u00e7\u00e3o de empresa SA lucrativa. Houve ent\u00e3o um impasse na mesa, com o governo afirmando que s\u00f3 estava negociando as demiss\u00f5es a pedido dos sindicatos e a Frente Jur\u00eddica rebateu dizendo que \u201cN\u00e3o queremos que haja demiss\u00f5es sem negocia\u00e7\u00e3o pr\u00e9via. O que \u00e9 diferente.\u201d<br \/>\n<strong><em>Com informa\u00e7\u00f5es do Semapi-RS<\/em><\/strong><\/p>\n","protected":false},"excerpt":{"rendered":"<p>A Frente Jur\u00eddica em Defesa das Funda\u00e7\u00f5es apresentou, nesta quinta-feira, 21\/09, a sua contraproposta de negocia\u00e7\u00e3o ao governo estadual no caso da extin\u00e7\u00e3o das funda\u00e7\u00f5es ga\u00fachas, em reuni\u00e3o no Tribunal Regional do Trabalho da 4\u00aa Regi\u00e3o (TRT4), em Porto Alegre. Como n\u00e3o houve consenso sobre a situa\u00e7\u00e3o, o desembargador Jo\u00e3o Pedro Silvestrin, do TRT4, sugeriu [&hellip;]<\/p>\n","protected":false},"author":4,"featured_media":55417,"comment_status":"open","ping_status":"closed","sticky":false,"template":"","format":"standard","meta":{"_jetpack_newsletter_access":"","_jetpack_dont_email_post_to_subs":false,"_jetpack_newsletter_tier_id":0,"_jetpack_memberships_contains_paywalled_content":false,"_jetpack_feature_clip_id":0,"_jetpack_memberships_contains_paid_content":false,"footnotes":"","jetpack_post_was_ever_published":false},"categories":[26],"tags":[],"class_list":["post-55413","post","type-post","status-publish","format-standard","has-post-thumbnail","hentry","category-geral"],"aioseo_notices":[],"aioseo_head":"\n\t\t<!-- All in One SEO 5.0.1.1 - aioseo.com -->\n\t<meta name=\"robots\" content=\"max-image-preview:large\" \/>\n\t<meta name=\"author\" content=\"da Reda\u00e7\u00e3o\"\/>\n\t<link rel=\"canonical\" href=\"https:\/\/www.jornalja.com.br\/arquivo\/extincao-das-fundacoes-sem-acordo-nova-mediacao-na-justica-do-trabalho-fica-para-outubro\/\" \/>\n\t<meta name=\"generator\" content=\"All in One SEO (AIOSEO) 5.0.1.1\" \/>\n\t\t<meta property=\"og:locale\" content=\"pt_BR\" \/>\n\t\t<meta property=\"og:site_name\" content=\"Arquivo | Jornal J\u00c1 | Porto Alegre\" \/>\n\t\t<meta property=\"og:type\" content=\"article\" \/>\n\t\t<meta property=\"og:title\" content=\"Extin\u00e7\u00e3o das Funda\u00e7\u00f5es: sem acordo, nova media\u00e7\u00e3o na Justi\u00e7a do Trabalho fica para outubro | Arquivo\" \/>\n\t\t<meta property=\"og:url\" content=\"https:\/\/www.jornalja.com.br\/arquivo\/extincao-das-fundacoes-sem-acordo-nova-mediacao-na-justica-do-trabalho-fica-para-outubro\/\" \/>\n\t\t<meta property=\"og:image\" content=\"https:\/\/www.jornalja.com.br\/economics\/wp-content\/uploads\/sites\/11\/2026\/08\/ja-folhaderosto-facebook.jpg\" \/>\n\t\t<meta property=\"og:image:secure_url\" content=\"https:\/\/www.jornalja.com.br\/economics\/wp-content\/uploads\/sites\/11\/2026\/08\/ja-folhaderosto-facebook.jpg\" \/>\n\t\t<meta property=\"article:published_time\" content=\"2017-09-22T00:32:24+00:00\" \/>\n\t\t<meta property=\"article:modified_time\" content=\"2017-09-22T00:32:24+00:00\" \/>\n\t\t<meta name=\"twitter:card\" content=\"summary\" \/>\n\t\t<meta name=\"twitter:title\" content=\"Extin\u00e7\u00e3o das Funda\u00e7\u00f5es: sem acordo, nova media\u00e7\u00e3o na Justi\u00e7a do Trabalho fica para outubro | Arquivo\" \/>\n\t\t<meta name=\"twitter:image\" content=\"https:\/\/www.jornalja.com.br\/economics\/wp-content\/uploads\/sites\/11\/2026\/08\/ja-folhaderosto-facebook.jpg\" \/>\n\t\t<script type=\"application\/ld+json\" class=\"aioseo-schema\">\n\t\t\t{\"@context\":\"https:\\\/\\\/schema.org\",\"@graph\":[{\"@type\":\"BlogPosting\",\"@id\":\"https:\\\/\\\/www.jornalja.com.br\\\/arquivo\\\/extincao-das-fundacoes-sem-acordo-nova-mediacao-na-justica-do-trabalho-fica-para-outubro\\\/#blogposting\",\"name\":\"Extin\\u00e7\\u00e3o das Funda\\u00e7\\u00f5es: sem acordo, nova media\\u00e7\\u00e3o na Justi\\u00e7a do Trabalho fica para outubro | Arquivo\",\"headline\":\"Extin\\u00e7\\u00e3o das Funda\\u00e7\\u00f5es: sem acordo, nova media\\u00e7\\u00e3o na Justi\\u00e7a do Trabalho fica para outubro\",\"author\":{\"@id\":\"https:\\\/\\\/www.jornalja.com.br\\\/arquivo\\\/author\\\/daredacao\\\/#author\"},\"publisher\":{\"@id\":\"https:\\\/\\\/www.jornalja.com.br\\\/arquivo\\\/#organization\"},\"image\":{\"@type\":\"ImageObject\",\"url\":55417},\"datePublished\":\"2017-09-21T21:32:24-03:00\",\"dateModified\":\"2017-09-21T21:32:24-03:00\",\"inLanguage\":\"pt-BR\",\"mainEntityOfPage\":{\"@id\":\"https:\\\/\\\/www.jornalja.com.br\\\/arquivo\\\/extincao-das-fundacoes-sem-acordo-nova-mediacao-na-justica-do-trabalho-fica-para-outubro\\\/#webpage\"},\"isPartOf\":{\"@id\":\"https:\\\/\\\/www.jornalja.com.br\\\/arquivo\\\/extincao-das-fundacoes-sem-acordo-nova-mediacao-na-justica-do-trabalho-fica-para-outubro\\\/#webpage\"},\"articleSection\":\"Geral\"},{\"@type\":\"BreadcrumbList\",\"@id\":\"https:\\\/\\\/www.jornalja.com.br\\\/arquivo\\\/extincao-das-fundacoes-sem-acordo-nova-mediacao-na-justica-do-trabalho-fica-para-outubro\\\/#breadcrumblist\",\"itemListElement\":[{\"@type\":\"ListItem\",\"@id\":\"https:\\\/\\\/www.jornalja.com.br\\\/arquivo#listItem\",\"position\":1,\"name\":\"Home\",\"item\":\"https:\\\/\\\/www.jornalja.com.br\\\/arquivo\",\"nextItem\":{\"@type\":\"ListItem\",\"@id\":\"https:\\\/\\\/www.jornalja.com.br\\\/arquivo\\\/category\\\/geral\\\/#listItem\",\"name\":\"Geral\"}},{\"@type\":\"ListItem\",\"@id\":\"https:\\\/\\\/www.jornalja.com.br\\\/arquivo\\\/category\\\/geral\\\/#listItem\",\"position\":2,\"name\":\"Geral\",\"item\":\"https:\\\/\\\/www.jornalja.com.br\\\/arquivo\\\/category\\\/geral\\\/\",\"nextItem\":{\"@type\":\"ListItem\",\"@id\":\"https:\\\/\\\/www.jornalja.com.br\\\/arquivo\\\/extincao-das-fundacoes-sem-acordo-nova-mediacao-na-justica-do-trabalho-fica-para-outubro\\\/#listItem\",\"name\":\"Extin\\u00e7\\u00e3o das Funda\\u00e7\\u00f5es: sem acordo, nova media\\u00e7\\u00e3o na Justi\\u00e7a do Trabalho fica para outubro\"},\"previousItem\":{\"@type\":\"ListItem\",\"@id\":\"https:\\\/\\\/www.jornalja.com.br\\\/arquivo#listItem\",\"name\":\"Home\"}},{\"@type\":\"ListItem\",\"@id\":\"https:\\\/\\\/www.jornalja.com.br\\\/arquivo\\\/extincao-das-fundacoes-sem-acordo-nova-mediacao-na-justica-do-trabalho-fica-para-outubro\\\/#listItem\",\"position\":3,\"name\":\"Extin\\u00e7\\u00e3o das Funda\\u00e7\\u00f5es: sem acordo, nova media\\u00e7\\u00e3o na Justi\\u00e7a do Trabalho fica para outubro\",\"previousItem\":{\"@type\":\"ListItem\",\"@id\":\"https:\\\/\\\/www.jornalja.com.br\\\/arquivo\\\/category\\\/geral\\\/#listItem\",\"name\":\"Geral\"}}]},{\"@type\":\"Organization\",\"@id\":\"https:\\\/\\\/www.jornalja.com.br\\\/arquivo\\\/#organization\",\"name\":\"Jornal J\\u00c1\",\"description\":\"Jornal J\\u00c1 | Porto Alegre\",\"url\":\"https:\\\/\\\/www.jornalja.com.br\\\/arquivo\\\/\",\"telephone\":\"+555133307272\",\"logo\":{\"@type\":\"ImageObject\",\"url\":\"https:\\\/\\\/www.jornalja.com.br\\\/wp-content\\\/uploads\\\/cards\\\/JAslogan.png\",\"@id\":\"https:\\\/\\\/www.jornalja.com.br\\\/arquivo\\\/extincao-das-fundacoes-sem-acordo-nova-mediacao-na-justica-do-trabalho-fica-para-outubro\\\/#organizationLogo\"},\"image\":{\"@id\":\"https:\\\/\\\/www.jornalja.com.br\\\/arquivo\\\/extincao-das-fundacoes-sem-acordo-nova-mediacao-na-justica-do-trabalho-fica-para-outubro\\\/#organizationLogo\"}},{\"@type\":\"Person\",\"@id\":\"https:\\\/\\\/www.jornalja.com.br\\\/arquivo\\\/author\\\/daredacao\\\/#author\",\"url\":\"https:\\\/\\\/www.jornalja.com.br\\\/arquivo\\\/author\\\/daredacao\\\/\",\"name\":\"da Reda\\u00e7\\u00e3o\",\"image\":{\"@type\":\"ImageObject\",\"@id\":\"https:\\\/\\\/www.jornalja.com.br\\\/arquivo\\\/extincao-das-fundacoes-sem-acordo-nova-mediacao-na-justica-do-trabalho-fica-para-outubro\\\/#authorImage\",\"url\":\"https:\\\/\\\/secure.gravatar.com\\\/avatar\\\/469fd857d6605ad19919d27ed29d35a968a25f6e8fd9318356bbb7f57aae9c65?s=96&d=mm&r=g\",\"width\":96,\"height\":96,\"caption\":\"da Reda\\u00e7\\u00e3o\"}},{\"@type\":\"WebPage\",\"@id\":\"https:\\\/\\\/www.jornalja.com.br\\\/arquivo\\\/extincao-das-fundacoes-sem-acordo-nova-mediacao-na-justica-do-trabalho-fica-para-outubro\\\/#webpage\",\"url\":\"https:\\\/\\\/www.jornalja.com.br\\\/arquivo\\\/extincao-das-fundacoes-sem-acordo-nova-mediacao-na-justica-do-trabalho-fica-para-outubro\\\/\",\"name\":\"Extin\\u00e7\\u00e3o das Funda\\u00e7\\u00f5es: sem acordo, nova media\\u00e7\\u00e3o na Justi\\u00e7a do Trabalho fica para outubro | Arquivo\",\"inLanguage\":\"pt-BR\",\"isPartOf\":{\"@id\":\"https:\\\/\\\/www.jornalja.com.br\\\/arquivo\\\/#website\"},\"breadcrumb\":{\"@id\":\"https:\\\/\\\/www.jornalja.com.br\\\/arquivo\\\/extincao-das-fundacoes-sem-acordo-nova-mediacao-na-justica-do-trabalho-fica-para-outubro\\\/#breadcrumblist\"},\"author\":{\"@id\":\"https:\\\/\\\/www.jornalja.com.br\\\/arquivo\\\/author\\\/daredacao\\\/#author\"},\"creator\":{\"@id\":\"https:\\\/\\\/www.jornalja.com.br\\\/arquivo\\\/author\\\/daredacao\\\/#author\"},\"image\":{\"@type\":\"ImageObject\",\"url\":55417,\"@id\":\"https:\\\/\\\/www.jornalja.com.br\\\/arquivo\\\/extincao-das-fundacoes-sem-acordo-nova-mediacao-na-justica-do-trabalho-fica-para-outubro\\\/#mainImage\"},\"primaryImageOfPage\":{\"@id\":\"https:\\\/\\\/www.jornalja.com.br\\\/arquivo\\\/extincao-das-fundacoes-sem-acordo-nova-mediacao-na-justica-do-trabalho-fica-para-outubro\\\/#mainImage\"},\"datePublished\":\"2017-09-21T21:32:24-03:00\",\"dateModified\":\"2017-09-21T21:32:24-03:00\"},{\"@type\":\"WebSite\",\"@id\":\"https:\\\/\\\/www.jornalja.com.br\\\/arquivo\\\/#website\",\"url\":\"https:\\\/\\\/www.jornalja.com.br\\\/arquivo\\\/\",\"name\":\"Arquivo\",\"description\":\"Jornal J\\u00c1 | Porto Alegre\",\"inLanguage\":\"pt-BR\",\"publisher\":{\"@id\":\"https:\\\/\\\/www.jornalja.com.br\\\/arquivo\\\/#organization\"}}]}\n\t\t<\/script>\n\t\t<!-- All in One SEO -->\n\n","aioseo_head_json":{"title":"Extin\u00e7\u00e3o das Funda\u00e7\u00f5es: sem acordo, nova media\u00e7\u00e3o na Justi\u00e7a do Trabalho fica para outubro | Arquivo","description":"","canonical_url":"https:\/\/www.jornalja.com.br\/arquivo\/extincao-das-fundacoes-sem-acordo-nova-mediacao-na-justica-do-trabalho-fica-para-outubro\/","robots":"max-image-preview:large","keywords":"","webmasterTools":{"miscellaneous":""},"schema":{"@context":"https:\/\/schema.org","@graph":[{"@type":"BlogPosting","@id":"https:\/\/www.jornalja.com.br\/arquivo\/extincao-das-fundacoes-sem-acordo-nova-mediacao-na-justica-do-trabalho-fica-para-outubro\/#blogposting","name":"Extin\u00e7\u00e3o das Funda\u00e7\u00f5es: sem acordo, nova media\u00e7\u00e3o na Justi\u00e7a do Trabalho fica para outubro | Arquivo","headline":"Extin\u00e7\u00e3o das Funda\u00e7\u00f5es: sem acordo, nova media\u00e7\u00e3o na Justi\u00e7a do Trabalho fica para outubro","author":{"@id":"https:\/\/www.jornalja.com.br\/arquivo\/author\/daredacao\/#author"},"publisher":{"@id":"https:\/\/www.jornalja.com.br\/arquivo\/#organization"},"image":{"@type":"ImageObject","url":55417},"datePublished":"2017-09-21T21:32:24-03:00","dateModified":"2017-09-21T21:32:24-03:00","inLanguage":"pt-BR","mainEntityOfPage":{"@id":"https:\/\/www.jornalja.com.br\/arquivo\/extincao-das-fundacoes-sem-acordo-nova-mediacao-na-justica-do-trabalho-fica-para-outubro\/#webpage"},"isPartOf":{"@id":"https:\/\/www.jornalja.com.br\/arquivo\/extincao-das-fundacoes-sem-acordo-nova-mediacao-na-justica-do-trabalho-fica-para-outubro\/#webpage"},"articleSection":"Geral"},{"@type":"BreadcrumbList","@id":"https:\/\/www.jornalja.com.br\/arquivo\/extincao-das-fundacoes-sem-acordo-nova-mediacao-na-justica-do-trabalho-fica-para-outubro\/#breadcrumblist","itemListElement":[{"@type":"ListItem","@id":"https:\/\/www.jornalja.com.br\/arquivo#listItem","position":1,"name":"Home","item":"https:\/\/www.jornalja.com.br\/arquivo","nextItem":{"@type":"ListItem","@id":"https:\/\/www.jornalja.com.br\/arquivo\/category\/geral\/#listItem","name":"Geral"}},{"@type":"ListItem","@id":"https:\/\/www.jornalja.com.br\/arquivo\/category\/geral\/#listItem","position":2,"name":"Geral","item":"https:\/\/www.jornalja.com.br\/arquivo\/category\/geral\/","nextItem":{"@type":"ListItem","@id":"https:\/\/www.jornalja.com.br\/arquivo\/extincao-das-fundacoes-sem-acordo-nova-mediacao-na-justica-do-trabalho-fica-para-outubro\/#listItem","name":"Extin\u00e7\u00e3o das Funda\u00e7\u00f5es: sem acordo, nova media\u00e7\u00e3o na Justi\u00e7a do Trabalho fica para outubro"},"previousItem":{"@type":"ListItem","@id":"https:\/\/www.jornalja.com.br\/arquivo#listItem","name":"Home"}},{"@type":"ListItem","@id":"https:\/\/www.jornalja.com.br\/arquivo\/extincao-das-fundacoes-sem-acordo-nova-mediacao-na-justica-do-trabalho-fica-para-outubro\/#listItem","position":3,"name":"Extin\u00e7\u00e3o das Funda\u00e7\u00f5es: sem acordo, nova media\u00e7\u00e3o na Justi\u00e7a do Trabalho fica para outubro","previousItem":{"@type":"ListItem","@id":"https:\/\/www.jornalja.com.br\/arquivo\/category\/geral\/#listItem","name":"Geral"}}]},{"@type":"Organization","@id":"https:\/\/www.jornalja.com.br\/arquivo\/#organization","name":"Jornal J\u00c1","description":"Jornal J\u00c1 | Porto Alegre","url":"https:\/\/www.jornalja.com.br\/arquivo\/","telephone":"+555133307272","logo":{"@type":"ImageObject","url":"https:\/\/www.jornalja.com.br\/wp-content\/uploads\/cards\/JAslogan.png","@id":"https:\/\/www.jornalja.com.br\/arquivo\/extincao-das-fundacoes-sem-acordo-nova-mediacao-na-justica-do-trabalho-fica-para-outubro\/#organizationLogo"},"image":{"@id":"https:\/\/www.jornalja.com.br\/arquivo\/extincao-das-fundacoes-sem-acordo-nova-mediacao-na-justica-do-trabalho-fica-para-outubro\/#organizationLogo"}},{"@type":"Person","@id":"https:\/\/www.jornalja.com.br\/arquivo\/author\/daredacao\/#author","url":"https:\/\/www.jornalja.com.br\/arquivo\/author\/daredacao\/","name":"da Reda\u00e7\u00e3o","image":{"@type":"ImageObject","@id":"https:\/\/www.jornalja.com.br\/arquivo\/extincao-das-fundacoes-sem-acordo-nova-mediacao-na-justica-do-trabalho-fica-para-outubro\/#authorImage","url":"https:\/\/secure.gravatar.com\/avatar\/469fd857d6605ad19919d27ed29d35a968a25f6e8fd9318356bbb7f57aae9c65?s=96&d=mm&r=g","width":96,"height":96,"caption":"da Reda\u00e7\u00e3o"}},{"@type":"WebPage","@id":"https:\/\/www.jornalja.com.br\/arquivo\/extincao-das-fundacoes-sem-acordo-nova-mediacao-na-justica-do-trabalho-fica-para-outubro\/#webpage","url":"https:\/\/www.jornalja.com.br\/arquivo\/extincao-das-fundacoes-sem-acordo-nova-mediacao-na-justica-do-trabalho-fica-para-outubro\/","name":"Extin\u00e7\u00e3o das Funda\u00e7\u00f5es: sem acordo, nova media\u00e7\u00e3o na Justi\u00e7a do Trabalho fica para outubro | Arquivo","inLanguage":"pt-BR","isPartOf":{"@id":"https:\/\/www.jornalja.com.br\/arquivo\/#website"},"breadcrumb":{"@id":"https:\/\/www.jornalja.com.br\/arquivo\/extincao-das-fundacoes-sem-acordo-nova-mediacao-na-justica-do-trabalho-fica-para-outubro\/#breadcrumblist"},"author":{"@id":"https:\/\/www.jornalja.com.br\/arquivo\/author\/daredacao\/#author"},"creator":{"@id":"https:\/\/www.jornalja.com.br\/arquivo\/author\/daredacao\/#author"},"image":{"@type":"ImageObject","url":55417,"@id":"https:\/\/www.jornalja.com.br\/arquivo\/extincao-das-fundacoes-sem-acordo-nova-mediacao-na-justica-do-trabalho-fica-para-outubro\/#mainImage"},"primaryImageOfPage":{"@id":"https:\/\/www.jornalja.com.br\/arquivo\/extincao-das-fundacoes-sem-acordo-nova-mediacao-na-justica-do-trabalho-fica-para-outubro\/#mainImage"},"datePublished":"2017-09-21T21:32:24-03:00","dateModified":"2017-09-21T21:32:24-03:00"},{"@type":"WebSite","@id":"https:\/\/www.jornalja.com.br\/arquivo\/#website","url":"https:\/\/www.jornalja.com.br\/arquivo\/","name":"Arquivo","description":"Jornal J\u00c1 | Porto Alegre","inLanguage":"pt-BR","publisher":{"@id":"https:\/\/www.jornalja.com.br\/arquivo\/#organization"}}]},"og:locale":"pt_BR","og:site_name":"Arquivo | Jornal J\u00c1 | Porto Alegre","og:type":"article","og:title":"Extin\u00e7\u00e3o das Funda\u00e7\u00f5es: sem acordo, nova media\u00e7\u00e3o na Justi\u00e7a do Trabalho fica para outubro | Arquivo","og:url":"https:\/\/www.jornalja.com.br\/arquivo\/extincao-das-fundacoes-sem-acordo-nova-mediacao-na-justica-do-trabalho-fica-para-outubro\/","og:image":"https:\/\/www.jornalja.com.br\/economics\/wp-content\/uploads\/sites\/11\/2026\/08\/ja-folhaderosto-facebook.jpg","og:image:secure_url":"https:\/\/www.jornalja.com.br\/economics\/wp-content\/uploads\/sites\/11\/2026\/08\/ja-folhaderosto-facebook.jpg","article:published_time":"2017-09-22T00:32:24+00:00","article:modified_time":"2017-09-22T00:32:24+00:00","twitter:card":"summary","twitter:title":"Extin\u00e7\u00e3o das Funda\u00e7\u00f5es: sem acordo, nova media\u00e7\u00e3o na Justi\u00e7a do Trabalho fica para outubro | Arquivo","twitter:image":"https:\/\/www.jornalja.com.br\/economics\/wp-content\/uploads\/sites\/11\/2026\/08\/ja-folhaderosto-facebook.jpg"},"aioseo_meta_data":{"post_id":"55413","title":null,"description":null,"keywords":null,"keyphrases":null,"primary_term":null,"canonical_url":null,"og_title":null,"og_description":null,"og_object_type":"default","og_image_type":"default","og_image_url":null,"og_image_width":null,"og_image_height":null,"og_image_custom_url":null,"og_image_custom_fields":null,"og_video":null,"og_custom_url":null,"og_article_section":null,"og_article_tags":null,"twitter_use_og":false,"twitter_card":"default","twitter_image_type":"default","twitter_image_url":null,"twitter_image_custom_url":null,"twitter_image_custom_fields":null,"twitter_title":null,"twitter_description":null,"schema":{"blockGraphs":[],"customGraphs":[],"default":{"data":{"Article":[],"Course":[],"Dataset":[],"FAQPage":[],"Movie":[],"Person":[],"Product":[],"ProductReview":[],"Car":[],"Recipe":[],"Service":[],"SoftwareApplication":[],"WebPage":[]},"graphName":"","isEnabled":true},"graphs":[]},"schema_type":null,"schema_type_options":null,"pillar_content":false,"robots_default":true,"robots_noindex":false,"robots_noarchive":false,"robots_nosnippet":false,"robots_nofollow":false,"robots_noimageindex":false,"robots_noodp":false,"robots_notranslate":false,"robots_max_snippet":null,"robots_max_videopreview":null,"robots_max_imagepreview":"large","priority":null,"frequency":null,"location":null,"local_seo":null,"breadcrumb_settings":null,"limit_modified_date":false,"ai":null,"created":"2020-12-20 20:24:05","updated":"2025-07-20 01:18:01","seo_analyzer_scan_date":null,"focus_keyword":null,"additional_keywords":null,"truseo_locale":null},"jetpack_sharing_enabled":true,"jetpack-related-posts":[{"id":5440,"url":"https:\/\/www.jornalja.com.br\/arquivo\/casarao-da-venancio-destino-permanece-incerto\/","url_meta":{"origin":55413,"position":0},"title":"Estado ainda n\u00e3o sabe o que fazer com casar\u00e3o abandonado h\u00e1 20 anos","author":"Elmar Bones","date":"6 de julho de 2009","format":false,"excerpt":"O casar\u00e3o amarelo, numa esquina nobre de Porto Alegre (Ven\u00e2ncio Aires com Jo\u00e3o Pessoa), j\u00e1 abrigou uma escola. H\u00e1 duas d\u00e9cadas, pelo menos, est\u00e1 abandonado, porque seu propriet\u00e1rio, o governo do Estado do Rio Grande do Sul, n\u00e3o consegue achar um destino para ele. Planos n\u00e3o faltaram. O governador Ol\u00edvio\u2026","rel":"","context":"Em &quot;X.Categorias velhas&quot;","block_context":{"text":"X.Categorias velhas","link":"https:\/\/www.jornalja.com.br\/arquivo\/category\/x-categorias-velhas\/"},"img":{"alt_text":"geraldo1","src":"https:\/\/i0.wp.com\/www.jornalja.com.br\/wp-content\/uploads\/2009\/07\/geraldo1.jpg?resize=350%2C200&ssl=1","width":350,"height":200},"classes":[]},{"id":13124,"url":"https:\/\/www.jornalja.com.br\/arquivo\/sangue-latino-no-iecine\/","url_meta":{"origin":55413,"position":1},"title":"Sangue latino no IECINE","author":"da Reda\u00e7\u00e3o","date":"18 de maio de 2014","format":false,"excerpt":"Francisco Ribeiro O Instituto Estadual de Cinema (IECINE) tem a frente, desde abril \u00faltimo, um novo diretor, o cineasta colombiano Juan Zapata, 36, que substitui Luiz Alberto Cassol. Radicado h\u00e1 dez anos em Porto Alegre, Zapata tem diante de si o desafio de conduzir at\u00e9 o final do ano um\u2026","rel":"","context":"Em &quot;Cultura-Geral&quot;","block_context":{"text":"Cultura-Geral","link":"https:\/\/www.jornalja.com.br\/arquivo\/category\/materiasecundaria\/"},"img":{"alt_text":"","src":"","width":0,"height":0},"classes":[]},{"id":13240,"url":"https:\/\/www.jornalja.com.br\/arquivo\/plano-diretor-estamos-construindo-o-caos\/","url_meta":{"origin":55413,"position":2},"title":"Plano diretor: &quot;Estamos construindo o caos&quot;","author":"Patr\u00edcia Marini","date":"26 de maio de 2014","format":false,"excerpt":"Desabafo que arquiteta Eliana Castilhos, delegada da Regi\u00e3o de Planejamento 1, postou nas redes sociais \u00e9 um testemunho do ambiente que se criou no Conselho do Plano Diretor de Porto Alegre, onde a aprova\u00e7\u00e3o de grandes empreendimentos \u00e9 empurrada guela abaixo dos conselheiros. Ao CMDUA Como delegada da Regi\u00e3o de\u2026","rel":"","context":"Em &quot;Geral&quot;","block_context":{"text":"Geral","link":"https:\/\/www.jornalja.com.br\/arquivo\/category\/geral\/"},"img":{"alt_text":"","src":"","width":0,"height":0},"classes":[]},{"id":13101,"url":"https:\/\/www.jornalja.com.br\/arquivo\/morre-um-guerreiro-do-texto\/","url_meta":{"origin":55413,"position":3},"title":"Morre um guerreiro do texto","author":"Patr\u00edcia Marini","date":"14 de maio de 2014","format":false,"excerpt":"Por Ricardo Kotscho Reproduzido do blog do autor, 11\/5\/2014; t\u00edtulo original \u201cE l\u00e1 se foi o nosso Myltainho, guerreiro do texto\u201d. Mi\u00fado e franzino, meu amigo Myltainho era um valente e inconformado guerreiro na luta contra as injusti\u00e7as sociais, a hipocrisia, as maracutaias, o autoritarismo, a intoler\u00e2ncia, a viol\u00eancia, o\u2026","rel":"","context":"Em &quot;Geral&quot;","block_context":{"text":"Geral","link":"https:\/\/www.jornalja.com.br\/arquivo\/category\/geral\/"},"img":{"alt_text":"","src":"","width":0,"height":0},"classes":[]},{"id":14241,"url":"https:\/\/www.jornalja.com.br\/arquivo\/o-guaiba-nas-imagens-poeticas-de-achutti\/","url_meta":{"origin":55413,"position":4},"title":"O Gua\u00edba nas imagens po\u00e9ticas de Achutti","author":"da Reda\u00e7\u00e3o","date":"18 de junho de 2014","format":false,"excerpt":"Em \u201cO Gua\u00edba por Achutti\u201d \u2013 obra financiada via Minist\u00e9rio da Cultura, produ\u00e7\u00e3o executiva de Pedro Longhi, e Fl\u00e1vio Wild como designer \u2013, o fot\u00f3grafo revela a beleza e as mazelas de um espa\u00e7o aqu\u00e1tico de \u00e1guas sempre renovadas, cheio de hist\u00f3rias e lendas como as das cidades que foram\u2026","rel":"","context":"Em &quot;Cultura-Geral&quot;","block_context":{"text":"Cultura-Geral","link":"https:\/\/www.jornalja.com.br\/arquivo\/category\/materiasecundaria\/"},"img":{"alt_text":"","src":"","width":0,"height":0},"classes":[]},{"id":12960,"url":"https:\/\/www.jornalja.com.br\/arquivo\/populacao-culpa-empresas-pela-greve-dos-rodoviarios\/","url_meta":{"origin":55413,"position":5},"title":"Popula\u00e7\u00e3o culpa empresas pela greve","author":"Patr\u00edcia Marini","date":"14 de fevereiro de 2014","format":false,"excerpt":"Pesquisa divulgada na edi\u00e7\u00e3o do jornal Metro desta sexta-feira,14, comprova o velho ditado: \u00e9 poss\u00edvel enganar muitos por algum tempo, mas n\u00e3o \u00e9 poss\u00edvel enganar a todos o tempo inteiro. A principal revela\u00e7\u00e3o foi que 59,8% dos entrevistados apontaram as empresas como as principais respons\u00e1veis pela grave e 46% culparam\u2026","rel":"","context":"Em &quot;X.Categorias velhas&quot;","block_context":{"text":"X.Categorias velhas","link":"https:\/\/www.jornalja.com.br\/arquivo\/category\/x-categorias-velhas\/"},"img":{"alt_text":"","src":"","width":0,"height":0},"classes":[]}],"jetpack_shortlink":"https:\/\/wp.me\/pbQjBd-epL","jetpack_featured_media_url":"","_links":{"self":[{"href":"https:\/\/www.jornalja.com.br\/arquivo\/wp-json\/wp\/v2\/posts\/55413","targetHints":{"allow":["GET"]}}],"collection":[{"href":"https:\/\/www.jornalja.com.br\/arquivo\/wp-json\/wp\/v2\/posts"}],"about":[{"href":"https:\/\/www.jornalja.com.br\/arquivo\/wp-json\/wp\/v2\/types\/post"}],"author":[{"embeddable":true,"href":"https:\/\/www.jornalja.com.br\/arquivo\/wp-json\/wp\/v2\/users\/4"}],"replies":[{"embeddable":true,"href":"https:\/\/www.jornalja.com.br\/arquivo\/wp-json\/wp\/v2\/comments?post=55413"}],"version-history":[{"count":0,"href":"https:\/\/www.jornalja.com.br\/arquivo\/wp-json\/wp\/v2\/posts\/55413\/revisions"}],"wp:attachment":[{"href":"https:\/\/www.jornalja.com.br\/arquivo\/wp-json\/wp\/v2\/media?parent=55413"}],"wp:term":[{"taxonomy":"category","embeddable":true,"href":"https:\/\/www.jornalja.com.br\/arquivo\/wp-json\/wp\/v2\/categories?post=55413"},{"taxonomy":"post_tag","embeddable":true,"href":"https:\/\/www.jornalja.com.br\/arquivo\/wp-json\/wp\/v2\/tags?post=55413"}],"curies":[{"name":"wp","href":"https:\/\/api.w.org\/{rel}","templated":true}]}}